{"id":1036,"date":"2017-10-03T18:00:12","date_gmt":"2017-10-03T16:00:12","guid":{"rendered":"http:\/\/acjbb-sud.org\/?p=1036"},"modified":"2018-03-26T14:48:38","modified_gmt":"2018-03-26T12:48:38","slug":"souccot-5778-chabbat-hochaana-raba-chemini-atseret-simhat-thorah-chabbat-berechit","status":"publish","type":"post","link":"https:\/\/acjbb-sud.org\/index.php\/2017\/10\/03\/souccot-5778-chabbat-hochaana-raba-chemini-atseret-simhat-thorah-chabbat-berechit\/","title":{"rendered":"Souccot 5778, Chabbat, Hochaana Raba, Ch\u00e9mini Ats\u00e9r\u00e8t, Sim&rsquo;hat Thorah et Chabbat B\u00e9r\u00e9chit"},"content":{"rendered":"<h1 style=\"padding-left: 30px; text-align: center;\"><strong>Souccot \/ <span dir=\"RTL\" lang=\"HE\">\u05e1\u05db\u05d5\u05ea <\/span><\/strong><\/h1>\n<h1 style=\"text-align: center; padding-left: 30px;\"><strong>Chabbat &lsquo;Hol ha-Mo\u00e9d \/ <span dir=\"RTL\" lang=\"HE\">\u05e9\u05d1\u05ea \u05d7\u05d5\u05dc \u05d4\u05de\u05d5\u05e2\u05d3 <\/span><\/strong><\/h1>\n<h2 style=\"text-align: center;\"><strong>4\/7 octobre 2017 &#8211; 15\/17 Tichri 5778 \/ <span dir=\"RTL\" lang=\"HE\">\u05d8&rsquo;\u05d5\/\u05d9&rsquo;\u05d6 \u05ea\u05e9\u05e8\u05d9 \u05d4-\u05ea\u05e9\u05e2&rsquo;\u05d7<\/span><\/strong><\/h2>\n<p><img loading=\"lazy\" decoding=\"async\" class=\"size-full wp-image-227 aligncenter\" src=\"http:\/\/acjbb-sud.org\/wp-content\/uploads\/2016\/10\/souccah-1.jpg\" alt=\"souccah\" width=\"500\" height=\"248\" srcset=\"https:\/\/acjbb-sud.org\/wp-content\/uploads\/2016\/10\/souccah-1.jpg 500w, https:\/\/acjbb-sud.org\/wp-content\/uploads\/2016\/10\/souccah-1-300x149.jpg 300w\" sizes=\"auto, (max-width: 500px) 100vw, 500px\" \/><\/p>\n<p style=\"text-align: justify;\"><strong>Erouv Tavchilin :<\/strong> Pensez \u00e0 faire le Erouv Tavchilin avant l&rsquo;entr\u00e9e de la f\u00eate, afin de pouvoir cuisiner (\u00e0 partir d&rsquo;un feu d\u00e9j\u00e0 allum\u00e9) pendant la f\u00eate de la nourriture destin\u00e9e \u00e0 \u00eatre consomm\u00e9e le Chabbat qui le suit imm\u00e9diatement.<\/p>\n<hr \/>\n<h2><strong><span style=\"text-decoration: underline;\">Les Horaires :<\/span><br \/>\n<\/strong><\/h2>\n<p><strong><em>Mercredi 4 octobre, soir &#8211; Veille de Souccot :<\/em> <\/strong><br \/>\n<strong>19h00<\/strong> : Min&rsquo;ha, suivi de Arvit<br \/>\n<strong>19h00<\/strong> : Allumage des bougies <strong>Allumer une bougie de 24H pour pouvoir allumer les bougies le 2\u00e8me soir.<\/strong><\/p>\n<p><strong><em>Jeudi 5 octobre, matin &#8211; 1er jour de Souccot (Yom-Tov) :<\/em> <\/strong><br \/>\n<strong>09h10<\/strong> : Cha&rsquo;harit<\/p>\n<p><strong><em>Jeudi 5 octobre, apr\u00e8s-midi :<\/em> <\/strong><br \/>\n<strong>18h00<\/strong> : Cours<br \/>\n<strong>18h45<\/strong> : Min&rsquo;ha suivi de Arvit<br \/>\n<strong>19h00<\/strong> : Allumage des bougies du 2\u00e8me jour de Souccot, <strong>\u00e0 partir d\u2019une flamme existante (allum\u00e9e la veille avant la f\u00eate). Allumer une nouvelle bougie de 24H pour pouvoir allumer les bougies de Chabbat le lendemain.<\/strong><\/p>\n<p><strong><em>Vendredi 6 octobre, matin &#8211; 2\u00e8me jour de Souccot (Yom-Tov) :<\/em> <\/strong><br \/>\n<strong>09h10<\/strong> : Cha&rsquo;harit<\/p>\n<p><strong><em>Vendredi 6 octobre, apr\u00e8s-midi :<\/em> <\/strong><br \/>\n<strong>18h00<\/strong> : Cours<br \/>\n<strong>18h45<\/strong> : Min&rsquo;ha suivi de Kabbalat Chabbat et Arvit<br \/>\n<strong>18h45<\/strong> : Allumage des bougies de Chabbat, <strong>\u00e0 partir d\u2019une flamme existante (allum\u00e9e la veille). <\/strong><\/p>\n<p><strong><em>Samedi 7 octobre, matin &#8211; Chabbat &lsquo;Hol ha-Mo\u00e9d :<\/em> <\/strong><br \/>\n<strong>09h10<\/strong> : Cha&rsquo;harit<\/p>\n<p><strong><em>Samedi 7 octobre, apr\u00e8s-midi :<\/em> <\/strong><br \/>\n<strong>17h30<\/strong> : Cours<br \/>\n<strong>18h15<\/strong> : T\u00e9hilim &#8211; Lecture collective des T\u00e9hilim &#8211; Alpha\/Beta<br \/>\n<strong>18h30<\/strong> : Min&rsquo;ha<br \/>\nSuivi de la S\u00e9ouda Ch\u00e9lichit offerte par <strong>Corinne et Jean BATTINO<\/strong> l\u00e9ilouy nichmat <strong>Paula Yacouta bat Rosette<\/strong> (\u05d6\u05f4\u05dc) et par <strong>Dani\u00e8le et Marcel NANICHE<\/strong> l\u00e9ilouy nichmat <strong>Rivka Karen bat Rachel Dani\u00e8le<\/strong> (\u05d6\u05f4\u05dc).<br \/>\nD\u2019var Thora par <strong>le Rav Mika\u00ebl Mouyal<\/strong><br \/>\n<strong>19h17<\/strong> : Shquiya \/ <span dir=\"RTL\" lang=\"HE\">\u05e9\u05e7\u05e2\u05ea \u05d4\u05d7\u05de\u05d4<\/span><\/p>\n<p><strong><em>Samedi 7 octobre, soir :<\/em> <\/strong><br \/>\n<strong>20h05<\/strong> : Fin de Chabbat, Arvit et Havdala (avec feu et aromates)<\/p>\n<hr \/>\n<h1 style=\"text-align: center; padding-left: 30px;\"><strong>&lsquo;Hol ha-Mo\u00e9d \/ <span dir=\"RTL\" lang=\"HE\">\u05d7\u05d5\u05dc \u05d4\u05de\u05d5\u05e2\u05d3 <\/span><\/strong><\/h1>\n<h1 style=\"text-align: center; padding-left: 30px;\"><strong>Hochaana Rabba \/ <span dir=\"RTL\" lang=\"HE\">\u05d4\u05d5\u05e9\u05e2\u05e0\u05d0 \u05e8\u05d1\u05d4 <\/span><\/strong><\/h1>\n<h2 style=\"text-align: center;\"><strong>8\/11 octobre 2017 &#8211; 18\/21 Tichri 5778 \/ <span dir=\"RTL\" lang=\"HE\"> \u05d9&rsquo;\u05d7\/\u05db&rsquo;\u05d0 \u05ea\u05e9\u05e8\u05d9 \u05d4-\u05ea\u05e9\u05e2&rsquo;\u05d7<\/span><\/strong><\/h2>\n<h2><strong><span style=\"text-decoration: underline;\">Les Horaires :<\/span><br \/>\n<\/strong><\/h2>\n<p><strong><em>Dimanche 8 octobre &#8211; 2\u00e8me jour de &lsquo;Hol ha-Mo\u00e9d :<\/em> <\/strong><br \/>\n<strong>08h00<\/strong> : Cha&rsquo;harit<\/p>\n<p><strong><em>Lundi 9 octobre &#8211; 3\u00e8me jour de &lsquo;Hol ha-Mo\u00e9d :<\/em> <\/strong><br \/>\n<strong>07h30<\/strong> : Cha&rsquo;harit<\/p>\n<p><strong><em>Mardi 10 octobre &#8211; 4\u00e8me jour de &lsquo;Hol ha-Mo\u00e9d :<\/em> <\/strong><br \/>\n<strong>07h30<\/strong> : Cha&rsquo;harit suivi d&rsquo;un petit d\u00e9jeuner offert par <strong>Dani\u00e8le et Marcel NANICHE<\/strong> l\u00e9ilouy nichmat <strong>Rivka Karen bat Rachel Dani\u00e8le<\/strong> (\u05d6\u05f4\u05dc)<\/p>\n<p><strong>De minuit \u00e0 l&rsquo;aube<\/strong> : Veill\u00e9e de Hochaana Rabba, <strong>Venez nombreux !!!<\/strong><\/p>\n<p><strong><em>Mercredi 11 octobre &#8211; Hochaana Rabba :<\/em> <\/strong><br \/>\n<strong>07h30<\/strong> : Cha&rsquo;harit<br \/>\n<strong>08h05<\/strong> : Nets \/ \u05e0\u05e5 \u05d4\u05d7\u05de\u05d4<\/p>\n<hr \/>\n<h1 style=\"padding-left: 30px; text-align: center;\"><strong>Ch\u00e9mini Ats\u00e9r\u00e8t \/ <span dir=\"RTL\" lang=\"HE\">\u05e9\u05de\u05d9\u05e0\u05d9 \u05e2\u05e6\u05e8\u05ea <\/span><\/strong><\/h1>\n<h1 style=\"text-align: center; padding-left: 30px;\"><strong>Sim&rsquo;hat Thorah \/ <span dir=\"RTL\" lang=\"HE\">\u05e9\u05de\u05d7\u05ea \u05ea\u05d5\u05e8\u05d4 <\/span><\/strong><\/h1>\n<h1 style=\"text-align: center; padding-left: 30px;\"><strong>Chabbat B\u00e9r\u00e9chit \/ <span dir=\"RTL\" lang=\"HE\">\u05e9\u05d1\u05ea \u05d1\u05e8\u05d0\u05e9\u05d9\u05ea <\/span><\/strong><\/h1>\n<h1 style=\"text-align: center; padding-left: 30px;\"><strong>Chabbat M\u00e9var\u00e9&rsquo;him \/ <span dir=\"RTL\" lang=\"HE\">\u05e9\u05d1\u05ea \u05de\u05d1\u05e8\u05db\u05d9\u05dd <\/span><\/strong><\/h1>\n<h2 style=\"text-align: center;\"><strong>11\/15 octobre 2017 &#8211; 22\/24 Tichri 5778 \/ <span dir=\"RTL\" lang=\"HE\"> \u05db&rsquo;\u05d1\/\u05db&rsquo;\u05d3 \u05ea\u05e9\u05e8\u05d9 \u05d4-\u05ea\u05e9\u05e2&rsquo;\u05d7<\/span><\/strong><\/h2>\n<p style=\"text-align: justify;\"><strong>Erouv Tavchilin :<\/strong> Pensez \u00e0 faire le Erouv Tavchilin avant l&rsquo;entr\u00e9e de la f\u00eate, afin de pouvoir cuisiner (\u00e0 partir d&rsquo;un feu d\u00e9j\u00e0 allum\u00e9) pendant la f\u00eate de la nourriture destin\u00e9e \u00e0 \u00eatre consomm\u00e9e le Chabbat qui le suit imm\u00e9diatement.<\/p>\n<hr \/>\n<h2><strong><span style=\"text-decoration: underline;\">Les Horaires :<\/span><br \/>\n<\/strong><\/h2>\n<p><strong><em>Mercredi 11 octobre, soir &#8211; Veille de Ch\u00e9mini Ats\u00e9r\u00e8t :<\/em> <\/strong><br \/>\n<strong>18h45<\/strong> : Min&rsquo;ha, suivi de Arvit<br \/>\n<strong>18h50<\/strong> : Allumage des bougies <strong>Allumer une bougie de 24H pour pouvoir allumer les bougies le 2\u00e8me soir.<\/strong><\/p>\n<p><strong><em>Jeudi 12 octobre, matin &#8211; Ch\u00e9mini Ats\u00e9r\u00e8t :<\/em> <\/strong><br \/>\n<strong>09h10<\/strong> : Cha&rsquo;harit (avec Tikoun ha-Gu\u00e9sh\u00e8m, la pri\u00e8re pour la pluie)<br \/>\n<strong>11h15<\/strong> : Yzkor<br \/>\nL&rsquo;office sera suivi d&rsquo;un Kiddouch \u00ab\u00a0<em>S\u00e9oudat Odaya<\/em>\u00a0\u00bb offert par <strong>Maud et Laurent COHEN-SALMON<\/strong>. Nous souhaitons un grand Mazal-Tov \u00e0 la famille <strong>COHEN-SALMON<\/strong>.<\/p>\n<p><strong><em>Jeudi 12 octobre, apr\u00e8s-midi :<\/em> <\/strong><br \/>\n<strong>18h00<\/strong> : Cours<br \/>\n<strong>18h30<\/strong> : Min&rsquo;ha<br \/>\n<strong>18h45<\/strong> : Allumage des bougies de Sim&rsquo;hat Thorah, <strong>\u00e0 partir d\u2019une flamme existante (allum\u00e9e la veille avant la f\u00eate). Allumer une nouvelle bougie de 24H pour pouvoir allumer les bougies de Chabbat le lendemain.<\/strong><\/p>\n<p><strong><em>Jeudi 12 octobre, soir &#8211; veille de Sim&rsquo;hat Thorah :<\/em> <\/strong><br \/>\n<strong>19h00<\/strong> : Arvit suivi des danses avec les Sifrei Thorah !!!<\/p>\n<p><strong><em>Vendredi 13 octobre, matin &#8211; Sim&rsquo;hat Thorah :<\/em> <\/strong><br \/>\n<strong>09h10<\/strong> : Cha&rsquo;harit<\/p>\n<p><strong><em>Vendredi 14 octobre, apr\u00e8s-midi :<\/em> <\/strong><br \/>\n<strong>18h00<\/strong> : Cours<br \/>\n<strong>18h30<\/strong> : Min&rsquo;ha suivi de Kabbalat Chabbat et Arvit<br \/>\n<strong>18h45<\/strong> : Allumage des bougies de Chabbat, <strong>\u00e0 partir d\u2019une flamme existante (allum\u00e9e la veille). <\/strong><\/p>\n<p><strong><em>Samedi 15 octobre, matin &#8211; Chabbat B\u00e9rechit \/ Chabbat des jeunes :<\/em> <\/strong><br \/>\n<strong>09h10<\/strong> : Cha&rsquo;harit<\/p>\n<p><strong><em>Samedi 15 octobre, apr\u00e8s-midi :<\/em> <\/strong><br \/>\n<strong>17h15<\/strong> : Cours<br \/>\n<strong>18h00<\/strong> : T\u00e9hilim &#8211; Lecture collective des T\u00e9hilim &#8211; Alpha\/Beta<br \/>\n<strong>18h15<\/strong> : Min&rsquo;ha<br \/>\nSuivi de la S\u00e9ouda Ch\u00e9lichit.<br \/>\nD\u2019var Thora par <strong>le Rav Mika\u00ebl Mouyal<\/strong><br \/>\n<strong>19h03<\/strong> : Shquiya \/ <span dir=\"RTL\" lang=\"HE\">\u05e9\u05e7\u05e2\u05ea \u05d4\u05d7\u05de\u05d4<\/span><\/p>\n<p><strong><em>Samedi 15 octobre, soir :<\/em> <\/strong><br \/>\n<strong>19h51<\/strong> : Fin de Chabbat, Arvit et Havdala (avec feu et aromates)<\/p>\n<p><strong><em>Dimanche 16 octobre :<\/em> <\/strong><br \/>\n<strong>08h00<\/strong> : Cha&rsquo;harit<\/p>\n<hr \/>\n<h2><strong><span style=\"text-decoration: underline;\">Roch &lsquo;Hodech &lsquo;Hechvan :<\/span><br \/>\n<\/strong><\/h2>\n<p>Roch &lsquo;Hodech Mar-&lsquo;Hechvan tombera le vendredi 20 et samedi 21 octobre 2017 (\u00e0 partir de jeudi 19 octobre au soir).<\/p>\n<hr \/>\n<h2><strong><span style=\"text-decoration: underline;\">Carnet de familles :<\/span><br \/>\n<\/strong><\/h2>\n<p><strong>Bar Mitsva<\/strong><br \/>\nNous souhaitons un grand Mazal Tov \u00e0 <strong>Eliott HALIMI<\/strong> qui a c\u00e9l\u00e9br\u00e9 sa Bar Mitsva ce lundi 2 octobre en la Synagogue de Saint-Cloud, il lira la Paracha de B\u00e9r\u00e9chit si D. Veut apr\u00e8s les f\u00eates \u00e0 Saint-Cloud. Nous lui adressons un grand Mazal Tov, ainsi qu\u2019\u00e0 ses parents <strong>Florence et Olivier HALIMI<\/strong>, et \u00e0 toute la famille <strong>HALIMI<\/strong> et <strong>LEVY<\/strong>.<\/p>\n<hr \/>\n<h2><strong><span style=\"text-decoration: underline;\">Beth Hamidrach :<\/span><br \/>\n<\/strong><\/h2>\n<p style=\"text-align: justify;\">Le <strong>Rabbin Didier Kassabi<\/strong> donne un cours de Guemara pour jeunes adultes chaque lundi soir \u00e0 20h00 \u00e0 la Synagogue de Boulogne Billancourt, 43 rue des abondances.<\/p>\n<hr \/>\n<h2><strong><span style=\"text-decoration: underline;\">Talmud Thorah :<\/span><br \/>\n<\/strong><\/h2>\n<p>Les cours de Talmud Torah reprendront \u00e0 la rentr\u00e9e. Vous pouvez cependant d\u00e9j\u00e0 prendre contact avec le <a href=\"mailto:didierkassabi@free.fr?subject=TalmudThorah\" target=\"_blank\" rel=\"noopener\">Rabbin Didier Kassabi<\/a> pour vous renseigner et pour inscrire vos enfants au Talmud Torah.<\/p>\n<p><strong>Les cours ont lieu chaque dimanche (hors p\u00e9riode de vacances scolaires) dans l&rsquo;enceinte de la Synagogue (43 rue des abondances)<\/strong>.<br \/>\nL&rsquo;avenir de nos enfants passent par une \u00e9ducation juive de qualit\u00e9 que nous devons leur offrir.<\/p>\n<p><span style=\"color: #0000ff;\"><strong>Aucun enfant ne doit rester en marge de cette transmission des valeurs de la Torah.<\/strong><\/span><\/p>\n<p>Continuez \u00e0 inscrire vos enfants. Nous vous attendons nombreux pour les inscriptions aupr\u00e8s du <a href=\"mailto:didierkassabi@free.fr?subject=TalmudThorah\" target=\"_blank\" rel=\"noopener\">Rabbin Didier Kassabi<\/a>.<\/p>\n<p><strong>Parlez-en autour de vous. Dites-le autour de vous.<\/strong><\/p>\n<hr \/>\n<h2><strong><span style=\"text-decoration: underline;\">\u00ab Les AMIS de la REFOUA \u00bb &#8211; Visite aux malades :<\/span><br \/>\n<\/strong><\/h2>\n<p style=\"text-align: justify;\">Des b\u00e9n\u00e9voles de Boulogne proposent aux personnes qui le demandent : l&rsquo;organisation d&rsquo;une chaine de lecture de T\u00e9hilims pour la gu\u00e9rison de nos malades, de prendre de leurs nouvelles et leur rendre visite dans les h\u00f4pitaux.<br \/>\nCes actions se font dans la plus grande discr\u00e9tion et s&rsquo;inscrivent dans le cadre du b\u00e9n\u00e9volat.<br \/>\nVous pourrez joindre &#8211; <em>les AMIS de la REFOUA<\/em> &#8211; au 06.03.75.34.15, ou par courriel \u00e0 : <a href=\"mailto:israelalbert1@gmail.com\">israelalbert1@gmail.com<\/a><br \/>\nVous pouvez aussi faire partie de ces b\u00e9n\u00e9voles, nous vous remercions par avance.<\/p>\n<hr \/>\n<h2><strong><span style=\"text-decoration: underline;\">S\u00e9curit\u00e9 SPCJ :<\/span><br \/>\n<\/strong><\/h2>\n<p style=\"text-align: justify;\"><strong>La s\u00e9curit\u00e9 est l&rsquo;affaire de tous ! Le SPCJ a besoin de chacun d&rsquo;entre nous !<\/strong><br \/>\nLa protection de la vie communautaire est plus que jamais l&rsquo;affaire de tous ! Vous en \u00eates les premiers acteurs ! Votre mobilisation est essentielle et n\u00e9cessaire !<br \/>\nSi vous souhaitez nous aider \u00e0 assurer la protection de l&rsquo;office, rapprochez-vous de nous !<br \/>\nPlus nous serons nombreux \u00e0 nous mobiliser et assurer des relais de garde, plus nous passerons du temps \u00e0 prier !<\/p>\n<hr \/>\n<h2><strong><span style=\"text-decoration: underline;\">Information ACJBB Boulogne Sud :<\/span><br \/>\n<\/strong><\/h2>\n<p style=\"text-align: justify;\">Retrouvez toutes les informations de l\u2019office sur : <a href=\"http:\/\/www.acjbb-sud.org\" target=\"_blank\" rel=\"noopener noreferrer\">www.acjbb-sud.org<\/a>.<br \/>\nSi vous souhaitez recevoir par mail la newsletter de l&rsquo;office, inscrivez-vous en nous envoyant un mail \u00e0 <a href=\"mailto:officeboulognesud@gmail.com\">officeboulognesud@gmail.com<\/a>.<br \/>\nRetrouvez \u00e9galement toutes les informations sur la page Facebook de l&rsquo;office : <a href=\".http:\/\/facebook.com\/acjbbsud\" target=\"_blank\" rel=\"noopener noreferrer\">facebook.com\/acjbbsud<\/a>.<\/p>\n<hr \/>\n<h2><strong><span style=\"text-decoration: underline;\">R\u00e9servation des espaces communautaires :<\/span><br \/>\n<\/strong><\/h2>\n<p style=\"text-align: justify;\">Vous souhaitez organiser une manifestation (Brith-Mila, Bar-Mitsvah et Bat-Mitsvah, Mariage, Azkara, Soir\u00e9e Mikv\u00e9 Kala, etc&#8230; ) dans les espaces de la <strong>Synagogue de Boulogne<\/strong>, 43 rue des Abondances, contactez M. Alain Chicheportiche 06.95.62.58.41 &#8211; <a href=\"mailto:alainchicheportiche92@gmail.com\">alainchicheportiche92@gmail.com<\/a><\/p>\n<p style=\"text-align: justify;\">Vous souhaitez r\u00e9server la salle de <strong>Boulogne Sud<\/strong>, 134 bis rue du point du jour Boulogne Billancourt, contactez M. Patrick Sebban 06.03.02.30.78 &#8211; <a href=\"mailto:patrick.sebban2@paris.fr\">patrick.sebban2@paris.fr<\/a><\/p>\n<hr \/>\n<h2><strong><span style=\"text-decoration: underline;\">Faire un don :<\/span><br \/>\n<\/strong><\/h2>\n<p style=\"text-align: justify;\">Pour faire vivre et participer activement \u00e0 cet office, <a href=\"http:\/\/www.acjbb-sud.org\/index.php\/faire-un-don\/\" target=\"_blank\" rel=\"noopener noreferrer\">faites un don<\/a> par internet ou envoyez vos ch\u00e8ques au <strong>134 bis rue du Point du Jour<\/strong>. Toutes les participations sont bienvenues, <em>les petits ruisseaux faisant de grandes rivi\u00e8res<\/em>, nous parviendrons, tous ensemble, \u00e0 faire vivre l\u2019Office de Boulogne Sud.<\/p>\n<p>Tizkou L\u00e9-Mitsvot !!<\/p>\n<hr \/>\n<h2><strong><span style=\"text-decoration: underline;\">Dons pour le Centre Culturel de Boulogne Billancourt :<\/span><br \/>\n<\/strong><\/h2>\n<p style=\"text-align: justify;\"><span style=\"color: #3366ff;\"><strong>Jeudi 27 juillet \u00e0 18h \u00e0 la Mairie de Boulogne, le Maire Pierre-Christophe Baguet a sign\u00e9 le Bail emphyt\u00e9otique pour le terrain. L&rsquo;ACJBB est donc locataire du terrain pour construire le nouveau Centre Culturel Juif de Boulogne.<\/strong><\/span><\/p>\n<p style=\"text-align: justify;\"><span style=\"color: #3366ff;\"><strong>Au cours de son allocution, Pierre-Christophe Baguet a par ailleurs annonc\u00e9 que la municipalit\u00e9 renon\u00e7ait \u00e0 l&rsquo;encaissement des taxes et frais de voirie, ce qui constitue une subvention de 309.000 \u20ac.<\/strong><\/span><\/p>\n<p style=\"text-align: justify;\"><span style=\"color: #3366ff;\"><strong>Nous adressons ici nos tr\u00e8s sinc\u00e8res remerciements au Maire de Boulogne Billancourt et \u00e0 la municipalit\u00e9 pour cette subvention pour le Centre Culturel de Boulogne.<\/strong><\/span><\/p>\n<p style=\"text-align: justify;\">Le nouveau centre culturel sera situ\u00e9 \u00e0 l&rsquo;angle des rues Marcel Dassault et d&rsquo;Anjou. Le permis de construire, d\u00e9pos\u00e9 en mars \u00e0 la mairie a \u00e9t\u00e9 purg\u00e9. Les travaux devraient commencer en automne. Il comprendra notamment :<\/p>\n<ul>\n<li>Une Synagogue<\/li>\n<li>Le Centre Communautaire (CCIBB)<\/li>\n<li>Une salle polyvalente<\/li>\n<li>et une salle des f\u00eates<\/li>\n<\/ul>\n<p>Vous pouvez consulter la <a href=\"http:\/\/synaboulogne.us12.list-manage.com\/track\/click?u=f13343cbc4710ddbadcdef23f&amp;id=d046c15db4&amp;e=744d346afc\">plaquette de pr\u00e9sentation du Centre Culturel de Boulogne<\/a><\/p>\n<p style=\"text-align: justify;\"><img decoding=\"async\" class=\"alignnone size-full wp-image-778\" src=\"http:\/\/acjbb-sud.org\/wp-content\/uploads\/2017\/06\/Acjbb-construction-1.png\" alt=\"\" width=\"500\" srcset=\"https:\/\/acjbb-sud.org\/wp-content\/uploads\/2017\/06\/Acjbb-construction-1.png 684w, https:\/\/acjbb-sud.org\/wp-content\/uploads\/2017\/06\/Acjbb-construction-1-300x202.png 300w, https:\/\/acjbb-sud.org\/wp-content\/uploads\/2017\/06\/Acjbb-construction-1-445x300.png 445w\" sizes=\"(max-width: 684px) 100vw, 684px\" \/><\/p>\n<p><strong>Travaux<\/strong><\/p>\n<p>Nous avons commenc\u00e9 les discussion avec le Constructeur &#8211; Contractant g\u00e9n\u00e9ral &#8211; qui a \u00e9t\u00e9 retenu. Le panneau annon\u00e7ant les travaux sera pos\u00e9 \u00e0 la fin du mois et le bardage de protection du chantier sera install\u00e9 en septembre.<\/p>\n<p><strong>La r\u00e9alisation de ce projet tant attendu va entrer dans sa phase active de construction. Ne ratez pas l&rsquo;opportunit\u00e9 d&rsquo;\u00eatre parmi les b\u00e2tisseurs de la Communaut\u00e9.<\/strong><\/p>\n<p>Devenez acteur du devenir de la vie juive \u00e0 Boulogne en faisant un don pour la construction du Centre Culturel de Boulogne.<br \/>\nVous pouvez d\u00e9cider de diriger votre don vers la synagogue ou vers le CCIBB, en nous l&rsquo;indiquant par message.<br \/>\n<a href=\"http:\/\/synaboulogne.us12.list-manage2.com\/track\/click?u=f13343cbc4710ddbadcdef23f&amp;id=b3fe55f499&amp;e=744d346afc\" target=\"_blank\" rel=\"noopener\">Je participe \u00e0 la collecte pour la construction<\/a><\/p>\n<hr \/>\n<h2><strong><span style=\"text-decoration: underline;\">Sim&rsquo;hat Beth HaCho\u00e9va<br \/>\n<\/span><\/strong><\/h2>\n<p style=\"text-align: justify;\">Comme le dit la Michna Souccah (5:1) : \u00ab\u00a0<em>Celui qui n&rsquo;a pas connu la f\u00eate du puisage d&rsquo;eau, n&rsquo;a pas connu la joie dans sa vie<\/em>\u00a0\u00bb !<\/p>\n<p><img loading=\"lazy\" decoding=\"async\" class=\"alignnone wp-image-1090 size-full\" src=\"http:\/\/acjbb-sud.org\/wp-content\/uploads\/2017\/10\/simhat-beth-hachoeva-acjbb-5778.jpg\" alt=\"\" width=\"1081\" height=\"825\" srcset=\"https:\/\/acjbb-sud.org\/wp-content\/uploads\/2017\/10\/simhat-beth-hachoeva-acjbb-5778.jpg 1081w, https:\/\/acjbb-sud.org\/wp-content\/uploads\/2017\/10\/simhat-beth-hachoeva-acjbb-5778-300x229.jpg 300w, https:\/\/acjbb-sud.org\/wp-content\/uploads\/2017\/10\/simhat-beth-hachoeva-acjbb-5778-768x586.jpg 768w, https:\/\/acjbb-sud.org\/wp-content\/uploads\/2017\/10\/simhat-beth-hachoeva-acjbb-5778-1024x781.jpg 1024w, https:\/\/acjbb-sud.org\/wp-content\/uploads\/2017\/10\/simhat-beth-hachoeva-acjbb-5778-393x300.jpg 393w\" sizes=\"auto, (max-width: 1081px) 100vw, 1081px\" \/><\/p>\n<p style=\"text-align: justify;\">La d\u00e9sormais traditionnelle soir\u00e9e de Sim&rsquo;ha Beth Hashao\u00e9va aura lieu l<strong>undi 9 octobre \u00e0 19h30 <\/strong>dans la Soucah de Boulogne, \u00e0 l&rsquo;initiative du <strong>Olivier Robine<\/strong>. Il faut \u00e9galement remercier <strong>Lionel Robine<\/strong>, <strong>Kevin Syka<\/strong>, <strong>American Sushi-Boulogne<\/strong>, <strong>Mendel Brodowicz<\/strong>, <strong>Laurent Sebagh<\/strong> et le <strong>Beth Habad de Boulogne <\/strong>pour leur soutien \u00a0et <strong>Thierry Adda<\/strong>, <strong>Laurent Habib<\/strong>, <strong>Emmanuel Elalouf<\/strong>, <strong>Laurent et Laureen Abou<\/strong>, <strong>Marc et Ilana Hadjedj <\/strong>pour leur participation.<\/p>\n<p style=\"text-align: justify;\">RDV <strong>le lundi 9 octobre 2017, \u00e0 partir de 19h30 <\/strong> \u00e0 la synagogue de Boulogne Billancourt, 43 rue des abondance, 92100 Boulogne-Billancourt pour vivre un moment exceptionnel.<\/p>\n<p><strong><em>Au programme :<\/em><\/strong> Animation musicale, jongleur, cracheur de feu.<br \/>\nRepas dans la Souccah offert.<br \/>\nBarbe \u00e0 papa, pop-corn, confection de drapeaux de Sim&rsquo;hat Thorah &#8230;<\/p>\n<hr \/>\n<h2><strong><span style=\"text-decoration: underline;\">LA SOUCCAH PARTY\u00ae 5778 !!<br \/>\n<\/span><\/strong><\/h2>\n<p>Les Jeunes de Boulogne vous convient \u00e0 leur 18\u00e8me <strong>SOUCCAH PARTY\u00ae<\/strong> !!!<\/p>\n<p>RDV <strong>le dimanche 8 octobre 2017, \u00e0 partir de 19h30 <\/strong> \u00e0 la synagogue de Boulogne Billancourt, 43 rue des abondance, 92100 Boulogne-Billancourt.<\/p>\n<p><img loading=\"lazy\" decoding=\"async\" class=\"wp-image-1064 size-full aligncenter\" src=\"http:\/\/acjbb-sud.org\/wp-content\/uploads\/2017\/10\/Souccah-Party-2017-Boulogne.png\" alt=\"\" width=\"649\" height=\"389\" srcset=\"https:\/\/acjbb-sud.org\/wp-content\/uploads\/2017\/10\/Souccah-Party-2017-Boulogne.png 649w, https:\/\/acjbb-sud.org\/wp-content\/uploads\/2017\/10\/Souccah-Party-2017-Boulogne-300x180.png 300w, https:\/\/acjbb-sud.org\/wp-content\/uploads\/2017\/10\/Souccah-Party-2017-Boulogne-500x300.png 500w\" sizes=\"auto, (max-width: 649px) 100vw, 649px\" \/><\/p>\n<p style=\"text-align: justify;\">Vous pourrez accomplir la mitsva de manger sous la Souccah, faire de nombreuses rencontres et passer une bonne soir\u00e9e dans une ambiance chaleureuse et festive !!<\/p>\n<hr \/>\n<h2><strong><span style=\"text-decoration: underline;\">Conf\u00e9rence du Grand Rabbin de France Haim Korsia :<\/span><br \/>\n<\/strong><\/h2>\n<p style=\"text-align: justify;\">La communaut\u00e9 juive de Boulogne vous invite \u00e0 une conf\u00e9rence du <strong>Grand Rabbin de France Haim KORSIA<\/strong> sur le th\u00e8me : \u00ab <em><strong>De la beaut\u00e9 dans le juda\u00efsme<\/strong><\/em> \u00bb.<img loading=\"lazy\" decoding=\"async\" class=\"wp-image-1079 size-full alignright\" src=\"http:\/\/acjbb-sud.org\/wp-content\/uploads\/2017\/10\/De-la-beaut\u00e9-dans-le-juda\u00efsme-221017.jpg\" alt=\"\" width=\"800\" height=\"450\" srcset=\"https:\/\/acjbb-sud.org\/wp-content\/uploads\/2017\/10\/De-la-beaut\u00e9-dans-le-juda\u00efsme-221017.jpg 800w, https:\/\/acjbb-sud.org\/wp-content\/uploads\/2017\/10\/De-la-beaut\u00e9-dans-le-juda\u00efsme-221017-300x169.jpg 300w, https:\/\/acjbb-sud.org\/wp-content\/uploads\/2017\/10\/De-la-beaut\u00e9-dans-le-juda\u00efsme-221017-768x432.jpg 768w, https:\/\/acjbb-sud.org\/wp-content\/uploads\/2017\/10\/De-la-beaut\u00e9-dans-le-juda\u00efsme-221017-500x281.jpg 500w\" sizes=\"auto, (max-width: 800px) 100vw, 800px\" \/><\/p>\n<p style=\"text-align: justify;\">Venez nombreuses et nombreux <strong>dimanche 22 octobre 2017 \u00e0 19h30<\/strong> \u00e0 la Synagogue de Boulogne, 43 rue des abondances, 92100 Boulogne-Billancourt.<\/p>\n<p style=\"text-align: justify;\"><strong>Entr\u00e9e libre et public mixte<\/strong>. Un buffet suivra la conf\u00e9rence.<\/p>\n<hr \/>\n<h2><strong><span style=\"text-decoration: underline;\">La Grande Halla Bake 2017 :<\/span><br \/>\n<\/strong><\/h2>\n<p style=\"text-align: justify;\">Fort du succ\u00e8s de ses deux premi\u00e8res \u00e9ditions au sein de l\u2019\u00e9cole Ma\u00efmonide Rambam, la communaut\u00e9 de Boulogne et l&rsquo;association Emounah mettent les petits plats dans les grands pour rendre l\u2019\u00e9v\u00e9nement unique. Au sein du Gymnase Denfert Rochereau, cette ann\u00e9e promet d\u2019\u00eatre grandiose !<br \/>\n<img decoding=\"async\" class=\"wp-image-1057 size-full aligncenter\" src=\"http:\/\/acjbb-sud.org\/wp-content\/uploads\/2017\/10\/halla-bake-2017.jpg\" alt=\"\" width=\"500\" srcset=\"https:\/\/acjbb-sud.org\/wp-content\/uploads\/2017\/10\/halla-bake-2017.jpg 705w, https:\/\/acjbb-sud.org\/wp-content\/uploads\/2017\/10\/halla-bake-2017-207x300.jpg 207w\" sizes=\"(max-width: 705px) 100vw, 705px\" \/><\/p>\n<p style=\"text-align: justify;\">Nous vous proposons cette ann\u00e9e de <strong>choisir le nombre de kilos de farine<\/strong> que vous souhaitez utiliser :<\/p>\n<p style=\"text-align: justify;\">1kg : plus facile \u00e0 p\u00e9trir et \u00e0 tresser : vous mettrez votre p\u00e2te avec celle de votre voisine pour faire la brakha \u00e0 deux.<br \/>\nou<br \/>\n2kg : une grosse quantit\u00e9 \u00e0 p\u00e9trir et tresser, vous pourrez faire la brakha toute seule.<\/p>\n<p style=\"text-align: justify;\">Nous constituerons des tables de 1kg et des tables de 2kg pouvant contenir jusqu&rsquo;\u00e0 10 participantes.<\/p>\n<p style=\"text-align: justify;\">Mettez vous d&rsquo;accord avec vos amies sur le nombre de kg \u00e0 p\u00e9trir avant la r\u00e9servation de votre billet si vous souhaitez \u00eatre plac\u00e9es dans une m\u00eame table.<\/p>\n<p style=\"text-align: justify;\"><strong>Save the date :<\/strong> le <strong>dimanche 26 octobre 2017 \u00e0 19h30<\/strong>, au gymnase Denfert Rochereau (42 rue Denfert Rochereau, 92100 Boulogne-Billancourt).<\/p>\n<p>PAF : 10\u20ac \/ 5\u20ac (pour les 12\/18 ans)<\/p>\n<p>Inscription obligatoire <a href=\"https:\/\/www.billetweb.fr\/halla-bake-2017\" target=\"_blank\" rel=\"noopener\">ici<\/a>.<\/p>\n<hr \/>\n<p><strong>&lsquo;Hag Sam\u00e9a&rsquo;h et Chabbat Chalom !!!<\/strong><\/p>\n","protected":false},"excerpt":{"rendered":"<p>Souccot \/ \u05e1\u05db\u05d5\u05ea Chabbat &lsquo;Hol ha-Mo\u00e9d \/ \u05e9\u05d1\u05ea \u05d7\u05d5\u05dc \u05d4\u05de\u05d5\u05e2\u05d3 4\/7 octobre 2017 &#8211; 15\/17 Tichri 5778 \/ \u05d8&rsquo;\u05d5\/\u05d9&rsquo;\u05d6 \u05ea\u05e9\u05e8\u05d9 \u05d4-\u05ea\u05e9\u05e2&rsquo;\u05d7 Erouv Tavchilin : Pensez \u00e0 faire le Erouv Tavchilin avant l&rsquo;entr\u00e9e de la f\u00eate, afin de pouvoir cuisiner (\u00e0 partir d&rsquo;un feu d\u00e9j\u00e0 allum\u00e9) pendant la f\u00eate de la nourriture destin\u00e9e \u00e0 \u00eatre consomm\u00e9e &hellip; <\/p>\n<p><a class=\"more-link btn\" href=\"https:\/\/acjbb-sud.org\/index.php\/2017\/10\/03\/souccot-5778-chabbat-hochaana-raba-chemini-atseret-simhat-thorah-chabbat-berechit\/\">Lire la suite<\/a><\/p>\n","protected":false},"author":1,"featured_media":227,"comment_status":"open","ping_status":"open","sticky":false,"template":"","format":"standard","meta":{"jetpack_post_was_ever_published":false,"_jetpack_newsletter_access":"","_jetpack_dont_email_post_to_subs":false,"_jetpack_newsletter_tier_id":0,"_jetpack_memberships_contains_paywalled_content":false,"_jetpack_memberships_contains_paid_content":false,"footnotes":"","jetpack_publicize_message":"","jetpack_publicize_feature_enabled":true,"jetpack_social_post_already_shared":true,"jetpack_social_options":{"image_generator_settings":{"template":"highway","default_image_id":0,"font":"","enabled":false},"version":2}},"categories":[3,4,5,7,153,225,16,17],"tags":[40,47,55,154,118,119],"class_list":["post-1036","post","type-post","status-publish","format-standard","has-post-thumbnail","hentry","category-chabbat","category-chabbat-des-jeunes","category-chabbat-mevarehim","category-chemini-atseret","category-hochaana-rabba","category-les-3-fetes-chaloch-regalim","category-simhat-thorah","category-souccot","tag-berechit","tag-chabbat","tag-chemini-atseret","tag-hochaana-raba","tag-simhat-thorah","tag-souccot","item-wrap"],"yoast_head":"<!-- This site is optimized with the Yoast SEO plugin v26.6 - https:\/\/yoast.com\/wordpress\/plugins\/seo\/ -->\n<title>Souccot 5778, Chabbat, Hochaana Raba, Ch\u00e9mini Ats\u00e9r\u00e8t, Sim&#039;hat Thorah et Chabbat B\u00e9r\u00e9chit - Synagogue ACJBB Boulogne Sud<\/title>\n<meta name=\"robots\" content=\"index, follow, max-snippet:-1, max-image-preview:large, max-video-preview:-1\" \/>\n<link rel=\"canonical\" href=\"https:\/\/acjbb-sud.org\/index.php\/2017\/10\/03\/souccot-5778-chabbat-hochaana-raba-chemini-atseret-simhat-thorah-chabbat-berechit\/\" \/>\n<meta property=\"og:locale\" content=\"fr_FR\" \/>\n<meta property=\"og:type\" content=\"article\" \/>\n<meta property=\"og:title\" content=\"Souccot 5778, Chabbat, Hochaana Raba, Ch\u00e9mini Ats\u00e9r\u00e8t, Sim&#039;hat Thorah et Chabbat B\u00e9r\u00e9chit - Synagogue ACJBB Boulogne Sud\" \/>\n<meta property=\"og:description\" content=\"Souccot \/ \u05e1\u05db\u05d5\u05ea Chabbat &lsquo;Hol ha-Mo\u00e9d \/ \u05e9\u05d1\u05ea \u05d7\u05d5\u05dc \u05d4\u05de\u05d5\u05e2\u05d3 4\/7 octobre 2017 &#8211; 15\/17 Tichri 5778 \/ \u05d8&rsquo;\u05d5\/\u05d9&rsquo;\u05d6 \u05ea\u05e9\u05e8\u05d9 \u05d4-\u05ea\u05e9\u05e2&rsquo;\u05d7 Erouv Tavchilin : Pensez \u00e0 faire le Erouv Tavchilin avant l&rsquo;entr\u00e9e de la f\u00eate, afin de pouvoir cuisiner (\u00e0 partir d&rsquo;un feu d\u00e9j\u00e0 allum\u00e9) pendant la f\u00eate de la nourriture destin\u00e9e \u00e0 \u00eatre consomm\u00e9e &hellip; Lire la suite\" \/>\n<meta property=\"og:url\" content=\"https:\/\/acjbb-sud.org\/index.php\/2017\/10\/03\/souccot-5778-chabbat-hochaana-raba-chemini-atseret-simhat-thorah-chabbat-berechit\/\" \/>\n<meta property=\"og:site_name\" content=\"Synagogue ACJBB Boulogne Sud\" \/>\n<meta property=\"article:published_time\" content=\"2017-10-03T16:00:12+00:00\" \/>\n<meta property=\"article:modified_time\" content=\"2018-03-26T12:48:38+00:00\" \/>\n<meta property=\"og:image\" content=\"https:\/\/acjbb-sud.org\/wp-content\/uploads\/2016\/10\/souccah-1.jpg\" \/>\n\t<meta property=\"og:image:width\" content=\"500\" \/>\n\t<meta property=\"og:image:height\" content=\"248\" \/>\n\t<meta property=\"og:image:type\" content=\"image\/jpeg\" \/>\n<meta name=\"author\" content=\"AcjbbSud\" \/>\n<meta name=\"twitter:card\" content=\"summary_large_image\" \/>\n<meta name=\"twitter:label1\" content=\"\u00c9crit par\" \/>\n\t<meta name=\"twitter:data1\" content=\"AcjbbSud\" \/>\n\t<meta name=\"twitter:label2\" content=\"Dur\u00e9e de lecture estim\u00e9e\" \/>\n\t<meta name=\"twitter:data2\" content=\"10 minutes\" \/>\n<script type=\"application\/ld+json\" class=\"yoast-schema-graph\">{\"@context\":\"https:\/\/schema.org\",\"@graph\":[{\"@type\":\"WebPage\",\"@id\":\"https:\/\/acjbb-sud.org\/index.php\/2017\/10\/03\/souccot-5778-chabbat-hochaana-raba-chemini-atseret-simhat-thorah-chabbat-berechit\/\",\"url\":\"https:\/\/acjbb-sud.org\/index.php\/2017\/10\/03\/souccot-5778-chabbat-hochaana-raba-chemini-atseret-simhat-thorah-chabbat-berechit\/\",\"name\":\"Souccot 5778, Chabbat, Hochaana Raba, Ch\u00e9mini Ats\u00e9r\u00e8t, Sim'hat Thorah et Chabbat B\u00e9r\u00e9chit - Synagogue ACJBB Boulogne Sud\",\"isPartOf\":{\"@id\":\"https:\/\/acjbb-sud.org\/#website\"},\"primaryImageOfPage\":{\"@id\":\"https:\/\/acjbb-sud.org\/index.php\/2017\/10\/03\/souccot-5778-chabbat-hochaana-raba-chemini-atseret-simhat-thorah-chabbat-berechit\/#primaryimage\"},\"image\":{\"@id\":\"https:\/\/acjbb-sud.org\/index.php\/2017\/10\/03\/souccot-5778-chabbat-hochaana-raba-chemini-atseret-simhat-thorah-chabbat-berechit\/#primaryimage\"},\"thumbnailUrl\":\"https:\/\/acjbb-sud.org\/wp-content\/uploads\/2016\/10\/souccah-1.jpg\",\"datePublished\":\"2017-10-03T16:00:12+00:00\",\"dateModified\":\"2018-03-26T12:48:38+00:00\",\"author\":{\"@id\":\"https:\/\/acjbb-sud.org\/#\/schema\/person\/adc8f09fb72c9d0dc78509106dc5e9f0\"},\"breadcrumb\":{\"@id\":\"https:\/\/acjbb-sud.org\/index.php\/2017\/10\/03\/souccot-5778-chabbat-hochaana-raba-chemini-atseret-simhat-thorah-chabbat-berechit\/#breadcrumb\"},\"inLanguage\":\"fr-FR\",\"potentialAction\":[{\"@type\":\"ReadAction\",\"target\":[\"https:\/\/acjbb-sud.org\/index.php\/2017\/10\/03\/souccot-5778-chabbat-hochaana-raba-chemini-atseret-simhat-thorah-chabbat-berechit\/\"]}]},{\"@type\":\"ImageObject\",\"inLanguage\":\"fr-FR\",\"@id\":\"https:\/\/acjbb-sud.org\/index.php\/2017\/10\/03\/souccot-5778-chabbat-hochaana-raba-chemini-atseret-simhat-thorah-chabbat-berechit\/#primaryimage\",\"url\":\"https:\/\/acjbb-sud.org\/wp-content\/uploads\/2016\/10\/souccah-1.jpg\",\"contentUrl\":\"https:\/\/acjbb-sud.org\/wp-content\/uploads\/2016\/10\/souccah-1.jpg\",\"width\":500,\"height\":248},{\"@type\":\"BreadcrumbList\",\"@id\":\"https:\/\/acjbb-sud.org\/index.php\/2017\/10\/03\/souccot-5778-chabbat-hochaana-raba-chemini-atseret-simhat-thorah-chabbat-berechit\/#breadcrumb\",\"itemListElement\":[{\"@type\":\"ListItem\",\"position\":1,\"name\":\"Accueil\",\"item\":\"https:\/\/acjbb-sud.org\/\"},{\"@type\":\"ListItem\",\"position\":2,\"name\":\"Souccot 5778, Chabbat, Hochaana Raba, Ch\u00e9mini Ats\u00e9r\u00e8t, Sim&rsquo;hat Thorah et Chabbat B\u00e9r\u00e9chit\"}]},{\"@type\":\"WebSite\",\"@id\":\"https:\/\/acjbb-sud.org\/#website\",\"url\":\"https:\/\/acjbb-sud.org\/\",\"name\":\"Synagogue ACJBB Boulogne Sud\",\"description\":\"Synagogue \/ Association Communautaire Juive de Boulogne Billancourt (Sud)\",\"potentialAction\":[{\"@type\":\"SearchAction\",\"target\":{\"@type\":\"EntryPoint\",\"urlTemplate\":\"https:\/\/acjbb-sud.org\/?s={search_term_string}\"},\"query-input\":{\"@type\":\"PropertyValueSpecification\",\"valueRequired\":true,\"valueName\":\"search_term_string\"}}],\"inLanguage\":\"fr-FR\"},{\"@type\":\"Person\",\"@id\":\"https:\/\/acjbb-sud.org\/#\/schema\/person\/adc8f09fb72c9d0dc78509106dc5e9f0\",\"name\":\"AcjbbSud\",\"image\":{\"@type\":\"ImageObject\",\"inLanguage\":\"fr-FR\",\"@id\":\"https:\/\/acjbb-sud.org\/#\/schema\/person\/image\/\",\"url\":\"https:\/\/secure.gravatar.com\/avatar\/ea30fe7a8231c8c0bf30066f86006714af7be34ba414543eaab3e453b92901aa?s=96&d=mm&r=g\",\"contentUrl\":\"https:\/\/secure.gravatar.com\/avatar\/ea30fe7a8231c8c0bf30066f86006714af7be34ba414543eaab3e453b92901aa?s=96&d=mm&r=g\",\"caption\":\"AcjbbSud\"},\"url\":\"https:\/\/acjbb-sud.org\/index.php\/author\/acjbbsud\/\"}]}<\/script>\n<!-- \/ Yoast SEO plugin. -->","yoast_head_json":{"title":"Souccot 5778, Chabbat, Hochaana Raba, Ch\u00e9mini Ats\u00e9r\u00e8t, Sim'hat Thorah et Chabbat B\u00e9r\u00e9chit - Synagogue ACJBB Boulogne Sud","robots":{"index":"index","follow":"follow","max-snippet":"max-snippet:-1","max-image-preview":"max-image-preview:large","max-video-preview":"max-video-preview:-1"},"canonical":"https:\/\/acjbb-sud.org\/index.php\/2017\/10\/03\/souccot-5778-chabbat-hochaana-raba-chemini-atseret-simhat-thorah-chabbat-berechit\/","og_locale":"fr_FR","og_type":"article","og_title":"Souccot 5778, Chabbat, Hochaana Raba, Ch\u00e9mini Ats\u00e9r\u00e8t, Sim'hat Thorah et Chabbat B\u00e9r\u00e9chit - Synagogue ACJBB Boulogne Sud","og_description":"Souccot \/ \u05e1\u05db\u05d5\u05ea Chabbat &lsquo;Hol ha-Mo\u00e9d \/ \u05e9\u05d1\u05ea \u05d7\u05d5\u05dc \u05d4\u05de\u05d5\u05e2\u05d3 4\/7 octobre 2017 &#8211; 15\/17 Tichri 5778 \/ \u05d8&rsquo;\u05d5\/\u05d9&rsquo;\u05d6 \u05ea\u05e9\u05e8\u05d9 \u05d4-\u05ea\u05e9\u05e2&rsquo;\u05d7 Erouv Tavchilin : Pensez \u00e0 faire le Erouv Tavchilin avant l&rsquo;entr\u00e9e de la f\u00eate, afin de pouvoir cuisiner (\u00e0 partir d&rsquo;un feu d\u00e9j\u00e0 allum\u00e9) pendant la f\u00eate de la nourriture destin\u00e9e \u00e0 \u00eatre consomm\u00e9e &hellip; Lire la suite","og_url":"https:\/\/acjbb-sud.org\/index.php\/2017\/10\/03\/souccot-5778-chabbat-hochaana-raba-chemini-atseret-simhat-thorah-chabbat-berechit\/","og_site_name":"Synagogue ACJBB Boulogne Sud","article_published_time":"2017-10-03T16:00:12+00:00","article_modified_time":"2018-03-26T12:48:38+00:00","og_image":[{"width":500,"height":248,"url":"https:\/\/acjbb-sud.org\/wp-content\/uploads\/2016\/10\/souccah-1.jpg","type":"image\/jpeg"}],"author":"AcjbbSud","twitter_card":"summary_large_image","twitter_misc":{"\u00c9crit par":"AcjbbSud","Dur\u00e9e de lecture estim\u00e9e":"10 minutes"},"schema":{"@context":"https:\/\/schema.org","@graph":[{"@type":"WebPage","@id":"https:\/\/acjbb-sud.org\/index.php\/2017\/10\/03\/souccot-5778-chabbat-hochaana-raba-chemini-atseret-simhat-thorah-chabbat-berechit\/","url":"https:\/\/acjbb-sud.org\/index.php\/2017\/10\/03\/souccot-5778-chabbat-hochaana-raba-chemini-atseret-simhat-thorah-chabbat-berechit\/","name":"Souccot 5778, Chabbat, Hochaana Raba, Ch\u00e9mini Ats\u00e9r\u00e8t, Sim'hat Thorah et Chabbat B\u00e9r\u00e9chit - Synagogue ACJBB Boulogne Sud","isPartOf":{"@id":"https:\/\/acjbb-sud.org\/#website"},"primaryImageOfPage":{"@id":"https:\/\/acjbb-sud.org\/index.php\/2017\/10\/03\/souccot-5778-chabbat-hochaana-raba-chemini-atseret-simhat-thorah-chabbat-berechit\/#primaryimage"},"image":{"@id":"https:\/\/acjbb-sud.org\/index.php\/2017\/10\/03\/souccot-5778-chabbat-hochaana-raba-chemini-atseret-simhat-thorah-chabbat-berechit\/#primaryimage"},"thumbnailUrl":"https:\/\/acjbb-sud.org\/wp-content\/uploads\/2016\/10\/souccah-1.jpg","datePublished":"2017-10-03T16:00:12+00:00","dateModified":"2018-03-26T12:48:38+00:00","author":{"@id":"https:\/\/acjbb-sud.org\/#\/schema\/person\/adc8f09fb72c9d0dc78509106dc5e9f0"},"breadcrumb":{"@id":"https:\/\/acjbb-sud.org\/index.php\/2017\/10\/03\/souccot-5778-chabbat-hochaana-raba-chemini-atseret-simhat-thorah-chabbat-berechit\/#breadcrumb"},"inLanguage":"fr-FR","potentialAction":[{"@type":"ReadAction","target":["https:\/\/acjbb-sud.org\/index.php\/2017\/10\/03\/souccot-5778-chabbat-hochaana-raba-chemini-atseret-simhat-thorah-chabbat-berechit\/"]}]},{"@type":"ImageObject","inLanguage":"fr-FR","@id":"https:\/\/acjbb-sud.org\/index.php\/2017\/10\/03\/souccot-5778-chabbat-hochaana-raba-chemini-atseret-simhat-thorah-chabbat-berechit\/#primaryimage","url":"https:\/\/acjbb-sud.org\/wp-content\/uploads\/2016\/10\/souccah-1.jpg","contentUrl":"https:\/\/acjbb-sud.org\/wp-content\/uploads\/2016\/10\/souccah-1.jpg","width":500,"height":248},{"@type":"BreadcrumbList","@id":"https:\/\/acjbb-sud.org\/index.php\/2017\/10\/03\/souccot-5778-chabbat-hochaana-raba-chemini-atseret-simhat-thorah-chabbat-berechit\/#breadcrumb","itemListElement":[{"@type":"ListItem","position":1,"name":"Accueil","item":"https:\/\/acjbb-sud.org\/"},{"@type":"ListItem","position":2,"name":"Souccot 5778, Chabbat, Hochaana Raba, Ch\u00e9mini Ats\u00e9r\u00e8t, Sim&rsquo;hat Thorah et Chabbat B\u00e9r\u00e9chit"}]},{"@type":"WebSite","@id":"https:\/\/acjbb-sud.org\/#website","url":"https:\/\/acjbb-sud.org\/","name":"Synagogue ACJBB Boulogne Sud","description":"Synagogue \/ Association Communautaire Juive de Boulogne Billancourt (Sud)","potentialAction":[{"@type":"SearchAction","target":{"@type":"EntryPoint","urlTemplate":"https:\/\/acjbb-sud.org\/?s={search_term_string}"},"query-input":{"@type":"PropertyValueSpecification","valueRequired":true,"valueName":"search_term_string"}}],"inLanguage":"fr-FR"},{"@type":"Person","@id":"https:\/\/acjbb-sud.org\/#\/schema\/person\/adc8f09fb72c9d0dc78509106dc5e9f0","name":"AcjbbSud","image":{"@type":"ImageObject","inLanguage":"fr-FR","@id":"https:\/\/acjbb-sud.org\/#\/schema\/person\/image\/","url":"https:\/\/secure.gravatar.com\/avatar\/ea30fe7a8231c8c0bf30066f86006714af7be34ba414543eaab3e453b92901aa?s=96&d=mm&r=g","contentUrl":"https:\/\/secure.gravatar.com\/avatar\/ea30fe7a8231c8c0bf30066f86006714af7be34ba414543eaab3e453b92901aa?s=96&d=mm&r=g","caption":"AcjbbSud"},"url":"https:\/\/acjbb-sud.org\/index.php\/author\/acjbbsud\/"}]}},"jetpack_publicize_connections":[],"jetpack_featured_media_url":"https:\/\/acjbb-sud.org\/wp-content\/uploads\/2016\/10\/souccah-1.jpg","jetpack_sharing_enabled":true,"jetpack_shortlink":"https:\/\/wp.me\/p7sjOI-gI","jetpack_likes_enabled":true,"_links":{"self":[{"href":"https:\/\/acjbb-sud.org\/index.php\/wp-json\/wp\/v2\/posts\/1036","targetHints":{"allow":["GET"]}}],"collection":[{"href":"https:\/\/acjbb-sud.org\/index.php\/wp-json\/wp\/v2\/posts"}],"about":[{"href":"https:\/\/acjbb-sud.org\/index.php\/wp-json\/wp\/v2\/types\/post"}],"author":[{"embeddable":true,"href":"https:\/\/acjbb-sud.org\/index.php\/wp-json\/wp\/v2\/users\/1"}],"replies":[{"embeddable":true,"href":"https:\/\/acjbb-sud.org\/index.php\/wp-json\/wp\/v2\/comments?post=1036"}],"version-history":[{"count":19,"href":"https:\/\/acjbb-sud.org\/index.php\/wp-json\/wp\/v2\/posts\/1036\/revisions"}],"predecessor-version":[{"id":1091,"href":"https:\/\/acjbb-sud.org\/index.php\/wp-json\/wp\/v2\/posts\/1036\/revisions\/1091"}],"wp:featuredmedia":[{"embeddable":true,"href":"https:\/\/acjbb-sud.org\/index.php\/wp-json\/wp\/v2\/media\/227"}],"wp:attachment":[{"href":"https:\/\/acjbb-sud.org\/index.php\/wp-json\/wp\/v2\/media?parent=1036"}],"wp:term":[{"taxonomy":"category","embeddable":true,"href":"https:\/\/acjbb-sud.org\/index.php\/wp-json\/wp\/v2\/categories?post=1036"},{"taxonomy":"post_tag","embeddable":true,"href":"https:\/\/acjbb-sud.org\/index.php\/wp-json\/wp\/v2\/tags?post=1036"}],"curies":[{"name":"wp","href":"https:\/\/api.w.org\/{rel}","templated":true}]}}