{"id":1146,"date":"2017-11-15T10:00:10","date_gmt":"2017-11-15T09:00:10","guid":{"rendered":"http:\/\/acjbb-sud.org\/?p=1146"},"modified":"2017-11-27T10:11:23","modified_gmt":"2017-11-27T09:11:23","slug":"soiree-gala-ccj-92-dany-boon-lundi-4-decembre-2017","status":"publish","type":"post","link":"https:\/\/acjbb-sud.org\/index.php\/2017\/11\/15\/soiree-gala-ccj-92-dany-boon-lundi-4-decembre-2017\/","title":{"rendered":"Soir\u00e9e de Gala du CCJ 92 avec Dany Boon le lundi 4 d\u00e9cembre 2017"},"content":{"rendered":"<p style=\"text-align: justify;\">La Communaut\u00e9 juive de Boulogne est heureuse de se joindre \u00e0 l&rsquo;invitation du CCJ 92 et de la Mairie de Boulogne pour la Soir\u00e9e de Gala du CCJ 92, avec la repr\u00e9sentation priv\u00e9e du spectacle de Dany Boon \u00ab\u00a0Dany de Boon, des Hauts-de-France\u00a0\u00bb, le 4 d\u00e9cembre 2017 au Carr\u00e9 Belle-Feuille \u00e0 Boulogne.<\/p>\n<p><span style=\"color: #ff0000;\"><strong>COMPLET !!!<\/strong><\/span><\/p>\n<p><img decoding=\"async\" class=\"aligncenter wp-image-1147 size-full\" src=\"http:\/\/acjbb-sud.org\/wp-content\/uploads\/2017\/10\/soiree-gala-2017-CCJ-92-Dany-Boon.png\" alt=\"\" width=\"600\" srcset=\"https:\/\/acjbb-sud.org\/wp-content\/uploads\/2017\/10\/soiree-gala-2017-CCJ-92-Dany-Boon.png 1122w, https:\/\/acjbb-sud.org\/wp-content\/uploads\/2017\/10\/soiree-gala-2017-CCJ-92-Dany-Boon-212x300.png 212w, https:\/\/acjbb-sud.org\/wp-content\/uploads\/2017\/10\/soiree-gala-2017-CCJ-92-Dany-Boon-768x1087.png 768w, https:\/\/acjbb-sud.org\/wp-content\/uploads\/2017\/10\/soiree-gala-2017-CCJ-92-Dany-Boon-724x1024.png 724w\" sizes=\"(max-width: 1122px) 100vw, 1122px\" \/><\/p>\n<p style=\"text-align: justify;\">Chers Amis,<\/p>\n<p style=\"text-align: justify;\">Nous sommes heureux de vous inviter \u00e0\u00a0la nouvelle soir\u00e9e de Gala du CCJ 92,\u00a0<strong>Lundi 4 d\u00e9cembre 2017\u00a0\u00e0 20h00<\/strong>\u00a0<strong>au Carr\u00e9 Belle-Feuille<\/strong>\u00a0(60 rue de la Belle-Feuille \u00e0 Boulogne), en partenariat avec la Ville de Boulogne-Billancourt.<\/p>\n<p style=\"text-align: justify;\">Au programme, le tout nouveau\u00a0<strong>\u00ab\u00a0One Man Show\u00a0\u00bb de\u00a0<\/strong><strong>DANY BOON\u00a0<\/strong>qui sera interpr\u00e9t\u00e9 en exclusivit\u00e9 pour le CCJ 92 !<\/p>\n<p style=\"text-align: justify;\">Nous vous attendons nombreux \u00e0 cette nouvelle soir\u00e9e exceptionnelle\u00a0qui aura lieu sous l\u2019\u00e9gide du Consistoire et avec le soutien du FSJU.<\/p>\n<p style=\"text-align: justify;\">Comme \u00e0 notre habitude, cette soir\u00e9e r\u00e9publicaine r\u00e9unira de tr\u00e8s nombreuses personnalit\u00e9s dont le Pr\u00e9fet des Hauts-de-Seine, M. Pierre Soubelet et les repr\u00e9sentants des forces de police du d\u00e9partement, qui font un travail remarquable et discret tout au long de l&rsquo;ann\u00e9e.<\/p>\n<p><strong>Le tarif des places est le suivant :<\/strong><br \/>\n<strong>&#8211;\u00a0<u>Tarif unique<\/u>\u00a0(1\u00e8re\u00a0cat\u00e9gorie) : 60 euros\u00a0<\/strong><br \/>\n<strong>&#8211; Quelques places en seconde\u00a0cat\u00e9gorie pour les<\/strong><strong>\u00a0-20 ans<\/strong><strong>\u00a0: 40 euros<\/strong><\/p>\n<p style=\"text-align: justify;\">Les r\u00e9servations se font uniquement par mail \u00e0 l\u2019adresse\u00a0<a href=\"mailto:contactccj92@gmail.com\"><strong>contactccj92@gmail.com<\/strong><\/a>\u00a0et seront valid\u00e9es par la r\u00e9ception du r\u00e8glement des places.\u00a0Attention\u00a0:<strong>\u00a0<u>Places limit\u00e9es<\/u><\/strong>.<\/p>\n<p style=\"text-align: justify;\">Dans l\u2019attente et le plaisir de vous retrouver prochainement, nous vous souhaitons une excellente semaine.<\/p>\n<div><\/div>\n<div><strong>Elie KORCHIA<\/strong><\/div>\n<div><em>Pr\u00e9sident du CCJ 92<\/em><\/div>\n<div><em>Vice-pr\u00e9sident du Consistoire de Paris<\/em><\/div>\n","protected":false},"excerpt":{"rendered":"<p>La Communaut\u00e9 juive de Boulogne est heureuse de se joindre \u00e0 l&rsquo;invitation du CCJ 92 et de la Mairie de Boulogne pour la Soir\u00e9e de Gala du CCJ 92, avec la repr\u00e9sentation priv\u00e9e du spectacle de Dany Boon \u00ab\u00a0Dany de Boon, des Hauts-de-France\u00a0\u00bb, le 4 d\u00e9cembre 2017 au Carr\u00e9 Belle-Feuille \u00e0 Boulogne. COMPLET !!! Chers &hellip; <\/p>\n<p><a class=\"more-link btn\" href=\"https:\/\/acjbb-sud.org\/index.php\/2017\/11\/15\/soiree-gala-ccj-92-dany-boon-lundi-4-decembre-2017\/\">Lire la suite<\/a><\/p>\n","protected":false},"author":1,"featured_media":1147,"comment_status":"open","ping_status":"open","sticky":false,"template":"","format":"standard","meta":{"jetpack_post_was_ever_published":false,"_jetpack_newsletter_access":"","_jetpack_dont_email_post_to_subs":false,"_jetpack_newsletter_tier_id":0,"_jetpack_memberships_contains_paywalled_content":false,"_jetpack_memberships_contains_paid_content":false,"footnotes":"","jetpack_publicize_message":"","jetpack_publicize_feature_enabled":true,"jetpack_social_post_already_shared":true,"jetpack_social_options":{"image_generator_settings":{"template":"highway","default_image_id":0,"font":"","enabled":false},"version":2}},"categories":[186,165],"tags":[168,169,167,166],"class_list":["post-1146","post","type-post","status-publish","format-standard","has-post-thumbnail","hentry","category-actualite","category-gala","tag-ccj-92","tag-dany-boon","tag-gala","tag-soiree","item-wrap"],"yoast_head":"<!-- This site is optimized with the Yoast SEO plugin v26.6 - https:\/\/yoast.com\/wordpress\/plugins\/seo\/ -->\n<title>Soir\u00e9e de Gala du CCJ 92 avec Dany Boon le lundi 4 d\u00e9cembre 2017 - Synagogue ACJBB Boulogne Sud<\/title>\n<meta name=\"robots\" content=\"index, follow, max-snippet:-1, max-image-preview:large, max-video-preview:-1\" \/>\n<link rel=\"canonical\" href=\"https:\/\/acjbb-sud.org\/index.php\/2017\/11\/15\/soiree-gala-ccj-92-dany-boon-lundi-4-decembre-2017\/\" \/>\n<meta property=\"og:locale\" content=\"fr_FR\" \/>\n<meta property=\"og:type\" content=\"article\" \/>\n<meta property=\"og:title\" content=\"Soir\u00e9e de Gala du CCJ 92 avec Dany Boon le lundi 4 d\u00e9cembre 2017 - Synagogue ACJBB Boulogne Sud\" \/>\n<meta property=\"og:description\" content=\"La Communaut\u00e9 juive de Boulogne est heureuse de se joindre \u00e0 l&rsquo;invitation du CCJ 92 et de la Mairie de Boulogne pour la Soir\u00e9e de Gala du CCJ 92, avec la repr\u00e9sentation priv\u00e9e du spectacle de Dany Boon \u00ab\u00a0Dany de Boon, des Hauts-de-France\u00a0\u00bb, le 4 d\u00e9cembre 2017 au Carr\u00e9 Belle-Feuille \u00e0 Boulogne. COMPLET !!! Chers &hellip; Lire la suite\" \/>\n<meta property=\"og:url\" content=\"https:\/\/acjbb-sud.org\/index.php\/2017\/11\/15\/soiree-gala-ccj-92-dany-boon-lundi-4-decembre-2017\/\" \/>\n<meta property=\"og:site_name\" content=\"Synagogue ACJBB Boulogne Sud\" \/>\n<meta property=\"article:published_time\" content=\"2017-11-15T09:00:10+00:00\" \/>\n<meta property=\"article:modified_time\" content=\"2017-11-27T09:11:23+00:00\" \/>\n<meta property=\"og:image\" content=\"https:\/\/acjbb-sud.org\/wp-content\/uploads\/2017\/10\/soiree-gala-2017-CCJ-92-Dany-Boon.png\" \/>\n\t<meta property=\"og:image:width\" content=\"1122\" \/>\n\t<meta property=\"og:image:height\" content=\"1588\" \/>\n\t<meta property=\"og:image:type\" content=\"image\/png\" \/>\n<meta name=\"author\" content=\"AcjbbSud\" \/>\n<meta name=\"twitter:card\" content=\"summary_large_image\" \/>\n<meta name=\"twitter:label1\" content=\"\u00c9crit par\" \/>\n\t<meta name=\"twitter:data1\" content=\"AcjbbSud\" \/>\n\t<meta name=\"twitter:label2\" content=\"Dur\u00e9e de lecture estim\u00e9e\" \/>\n\t<meta name=\"twitter:data2\" content=\"1 minute\" \/>\n<script type=\"application\/ld+json\" class=\"yoast-schema-graph\">{\"@context\":\"https:\/\/schema.org\",\"@graph\":[{\"@type\":\"WebPage\",\"@id\":\"https:\/\/acjbb-sud.org\/index.php\/2017\/11\/15\/soiree-gala-ccj-92-dany-boon-lundi-4-decembre-2017\/\",\"url\":\"https:\/\/acjbb-sud.org\/index.php\/2017\/11\/15\/soiree-gala-ccj-92-dany-boon-lundi-4-decembre-2017\/\",\"name\":\"Soir\u00e9e de Gala du CCJ 92 avec Dany Boon le lundi 4 d\u00e9cembre 2017 - Synagogue ACJBB Boulogne Sud\",\"isPartOf\":{\"@id\":\"https:\/\/acjbb-sud.org\/#website\"},\"primaryImageOfPage\":{\"@id\":\"https:\/\/acjbb-sud.org\/index.php\/2017\/11\/15\/soiree-gala-ccj-92-dany-boon-lundi-4-decembre-2017\/#primaryimage\"},\"image\":{\"@id\":\"https:\/\/acjbb-sud.org\/index.php\/2017\/11\/15\/soiree-gala-ccj-92-dany-boon-lundi-4-decembre-2017\/#primaryimage\"},\"thumbnailUrl\":\"https:\/\/acjbb-sud.org\/wp-content\/uploads\/2017\/10\/soiree-gala-2017-CCJ-92-Dany-Boon.png\",\"datePublished\":\"2017-11-15T09:00:10+00:00\",\"dateModified\":\"2017-11-27T09:11:23+00:00\",\"author\":{\"@id\":\"https:\/\/acjbb-sud.org\/#\/schema\/person\/adc8f09fb72c9d0dc78509106dc5e9f0\"},\"breadcrumb\":{\"@id\":\"https:\/\/acjbb-sud.org\/index.php\/2017\/11\/15\/soiree-gala-ccj-92-dany-boon-lundi-4-decembre-2017\/#breadcrumb\"},\"inLanguage\":\"fr-FR\",\"potentialAction\":[{\"@type\":\"ReadAction\",\"target\":[\"https:\/\/acjbb-sud.org\/index.php\/2017\/11\/15\/soiree-gala-ccj-92-dany-boon-lundi-4-decembre-2017\/\"]}]},{\"@type\":\"ImageObject\",\"inLanguage\":\"fr-FR\",\"@id\":\"https:\/\/acjbb-sud.org\/index.php\/2017\/11\/15\/soiree-gala-ccj-92-dany-boon-lundi-4-decembre-2017\/#primaryimage\",\"url\":\"https:\/\/acjbb-sud.org\/wp-content\/uploads\/2017\/10\/soiree-gala-2017-CCJ-92-Dany-Boon.png\",\"contentUrl\":\"https:\/\/acjbb-sud.org\/wp-content\/uploads\/2017\/10\/soiree-gala-2017-CCJ-92-Dany-Boon.png\",\"width\":1122,\"height\":1588},{\"@type\":\"BreadcrumbList\",\"@id\":\"https:\/\/acjbb-sud.org\/index.php\/2017\/11\/15\/soiree-gala-ccj-92-dany-boon-lundi-4-decembre-2017\/#breadcrumb\",\"itemListElement\":[{\"@type\":\"ListItem\",\"position\":1,\"name\":\"Accueil\",\"item\":\"https:\/\/acjbb-sud.org\/\"},{\"@type\":\"ListItem\",\"position\":2,\"name\":\"Soir\u00e9e de Gala du CCJ 92 avec Dany Boon le lundi 4 d\u00e9cembre 2017\"}]},{\"@type\":\"WebSite\",\"@id\":\"https:\/\/acjbb-sud.org\/#website\",\"url\":\"https:\/\/acjbb-sud.org\/\",\"name\":\"Synagogue ACJBB Boulogne Sud\",\"description\":\"Synagogue \/ Association Communautaire Juive de Boulogne Billancourt (Sud)\",\"potentialAction\":[{\"@type\":\"SearchAction\",\"target\":{\"@type\":\"EntryPoint\",\"urlTemplate\":\"https:\/\/acjbb-sud.org\/?s={search_term_string}\"},\"query-input\":{\"@type\":\"PropertyValueSpecification\",\"valueRequired\":true,\"valueName\":\"search_term_string\"}}],\"inLanguage\":\"fr-FR\"},{\"@type\":\"Person\",\"@id\":\"https:\/\/acjbb-sud.org\/#\/schema\/person\/adc8f09fb72c9d0dc78509106dc5e9f0\",\"name\":\"AcjbbSud\",\"image\":{\"@type\":\"ImageObject\",\"inLanguage\":\"fr-FR\",\"@id\":\"https:\/\/acjbb-sud.org\/#\/schema\/person\/image\/\",\"url\":\"https:\/\/secure.gravatar.com\/avatar\/ea30fe7a8231c8c0bf30066f86006714af7be34ba414543eaab3e453b92901aa?s=96&d=mm&r=g\",\"contentUrl\":\"https:\/\/secure.gravatar.com\/avatar\/ea30fe7a8231c8c0bf30066f86006714af7be34ba414543eaab3e453b92901aa?s=96&d=mm&r=g\",\"caption\":\"AcjbbSud\"},\"url\":\"https:\/\/acjbb-sud.org\/index.php\/author\/acjbbsud\/\"}]}<\/script>\n<!-- \/ Yoast SEO plugin. -->","yoast_head_json":{"title":"Soir\u00e9e de Gala du CCJ 92 avec Dany Boon le lundi 4 d\u00e9cembre 2017 - Synagogue ACJBB Boulogne Sud","robots":{"index":"index","follow":"follow","max-snippet":"max-snippet:-1","max-image-preview":"max-image-preview:large","max-video-preview":"max-video-preview:-1"},"canonical":"https:\/\/acjbb-sud.org\/index.php\/2017\/11\/15\/soiree-gala-ccj-92-dany-boon-lundi-4-decembre-2017\/","og_locale":"fr_FR","og_type":"article","og_title":"Soir\u00e9e de Gala du CCJ 92 avec Dany Boon le lundi 4 d\u00e9cembre 2017 - Synagogue ACJBB Boulogne Sud","og_description":"La Communaut\u00e9 juive de Boulogne est heureuse de se joindre \u00e0 l&rsquo;invitation du CCJ 92 et de la Mairie de Boulogne pour la Soir\u00e9e de Gala du CCJ 92, avec la repr\u00e9sentation priv\u00e9e du spectacle de Dany Boon \u00ab\u00a0Dany de Boon, des Hauts-de-France\u00a0\u00bb, le 4 d\u00e9cembre 2017 au Carr\u00e9 Belle-Feuille \u00e0 Boulogne. COMPLET !!! Chers &hellip; Lire la suite","og_url":"https:\/\/acjbb-sud.org\/index.php\/2017\/11\/15\/soiree-gala-ccj-92-dany-boon-lundi-4-decembre-2017\/","og_site_name":"Synagogue ACJBB Boulogne Sud","article_published_time":"2017-11-15T09:00:10+00:00","article_modified_time":"2017-11-27T09:11:23+00:00","og_image":[{"width":1122,"height":1588,"url":"https:\/\/acjbb-sud.org\/wp-content\/uploads\/2017\/10\/soiree-gala-2017-CCJ-92-Dany-Boon.png","type":"image\/png"}],"author":"AcjbbSud","twitter_card":"summary_large_image","twitter_misc":{"\u00c9crit par":"AcjbbSud","Dur\u00e9e de lecture estim\u00e9e":"1 minute"},"schema":{"@context":"https:\/\/schema.org","@graph":[{"@type":"WebPage","@id":"https:\/\/acjbb-sud.org\/index.php\/2017\/11\/15\/soiree-gala-ccj-92-dany-boon-lundi-4-decembre-2017\/","url":"https:\/\/acjbb-sud.org\/index.php\/2017\/11\/15\/soiree-gala-ccj-92-dany-boon-lundi-4-decembre-2017\/","name":"Soir\u00e9e de Gala du CCJ 92 avec Dany Boon le lundi 4 d\u00e9cembre 2017 - Synagogue ACJBB Boulogne Sud","isPartOf":{"@id":"https:\/\/acjbb-sud.org\/#website"},"primaryImageOfPage":{"@id":"https:\/\/acjbb-sud.org\/index.php\/2017\/11\/15\/soiree-gala-ccj-92-dany-boon-lundi-4-decembre-2017\/#primaryimage"},"image":{"@id":"https:\/\/acjbb-sud.org\/index.php\/2017\/11\/15\/soiree-gala-ccj-92-dany-boon-lundi-4-decembre-2017\/#primaryimage"},"thumbnailUrl":"https:\/\/acjbb-sud.org\/wp-content\/uploads\/2017\/10\/soiree-gala-2017-CCJ-92-Dany-Boon.png","datePublished":"2017-11-15T09:00:10+00:00","dateModified":"2017-11-27T09:11:23+00:00","author":{"@id":"https:\/\/acjbb-sud.org\/#\/schema\/person\/adc8f09fb72c9d0dc78509106dc5e9f0"},"breadcrumb":{"@id":"https:\/\/acjbb-sud.org\/index.php\/2017\/11\/15\/soiree-gala-ccj-92-dany-boon-lundi-4-decembre-2017\/#breadcrumb"},"inLanguage":"fr-FR","potentialAction":[{"@type":"ReadAction","target":["https:\/\/acjbb-sud.org\/index.php\/2017\/11\/15\/soiree-gala-ccj-92-dany-boon-lundi-4-decembre-2017\/"]}]},{"@type":"ImageObject","inLanguage":"fr-FR","@id":"https:\/\/acjbb-sud.org\/index.php\/2017\/11\/15\/soiree-gala-ccj-92-dany-boon-lundi-4-decembre-2017\/#primaryimage","url":"https:\/\/acjbb-sud.org\/wp-content\/uploads\/2017\/10\/soiree-gala-2017-CCJ-92-Dany-Boon.png","contentUrl":"https:\/\/acjbb-sud.org\/wp-content\/uploads\/2017\/10\/soiree-gala-2017-CCJ-92-Dany-Boon.png","width":1122,"height":1588},{"@type":"BreadcrumbList","@id":"https:\/\/acjbb-sud.org\/index.php\/2017\/11\/15\/soiree-gala-ccj-92-dany-boon-lundi-4-decembre-2017\/#breadcrumb","itemListElement":[{"@type":"ListItem","position":1,"name":"Accueil","item":"https:\/\/acjbb-sud.org\/"},{"@type":"ListItem","position":2,"name":"Soir\u00e9e de Gala du CCJ 92 avec Dany Boon le lundi 4 d\u00e9cembre 2017"}]},{"@type":"WebSite","@id":"https:\/\/acjbb-sud.org\/#website","url":"https:\/\/acjbb-sud.org\/","name":"Synagogue ACJBB Boulogne Sud","description":"Synagogue \/ Association Communautaire Juive de Boulogne Billancourt (Sud)","potentialAction":[{"@type":"SearchAction","target":{"@type":"EntryPoint","urlTemplate":"https:\/\/acjbb-sud.org\/?s={search_term_string}"},"query-input":{"@type":"PropertyValueSpecification","valueRequired":true,"valueName":"search_term_string"}}],"inLanguage":"fr-FR"},{"@type":"Person","@id":"https:\/\/acjbb-sud.org\/#\/schema\/person\/adc8f09fb72c9d0dc78509106dc5e9f0","name":"AcjbbSud","image":{"@type":"ImageObject","inLanguage":"fr-FR","@id":"https:\/\/acjbb-sud.org\/#\/schema\/person\/image\/","url":"https:\/\/secure.gravatar.com\/avatar\/ea30fe7a8231c8c0bf30066f86006714af7be34ba414543eaab3e453b92901aa?s=96&d=mm&r=g","contentUrl":"https:\/\/secure.gravatar.com\/avatar\/ea30fe7a8231c8c0bf30066f86006714af7be34ba414543eaab3e453b92901aa?s=96&d=mm&r=g","caption":"AcjbbSud"},"url":"https:\/\/acjbb-sud.org\/index.php\/author\/acjbbsud\/"}]}},"jetpack_publicize_connections":[],"jetpack_featured_media_url":"https:\/\/acjbb-sud.org\/wp-content\/uploads\/2017\/10\/soiree-gala-2017-CCJ-92-Dany-Boon.png","jetpack_sharing_enabled":true,"jetpack_shortlink":"https:\/\/wp.me\/p7sjOI-iu","jetpack_likes_enabled":true,"_links":{"self":[{"href":"https:\/\/acjbb-sud.org\/index.php\/wp-json\/wp\/v2\/posts\/1146","targetHints":{"allow":["GET"]}}],"collection":[{"href":"https:\/\/acjbb-sud.org\/index.php\/wp-json\/wp\/v2\/posts"}],"about":[{"href":"https:\/\/acjbb-sud.org\/index.php\/wp-json\/wp\/v2\/types\/post"}],"author":[{"embeddable":true,"href":"https:\/\/acjbb-sud.org\/index.php\/wp-json\/wp\/v2\/users\/1"}],"replies":[{"embeddable":true,"href":"https:\/\/acjbb-sud.org\/index.php\/wp-json\/wp\/v2\/comments?post=1146"}],"version-history":[{"count":5,"href":"https:\/\/acjbb-sud.org\/index.php\/wp-json\/wp\/v2\/posts\/1146\/revisions"}],"predecessor-version":[{"id":1295,"href":"https:\/\/acjbb-sud.org\/index.php\/wp-json\/wp\/v2\/posts\/1146\/revisions\/1295"}],"wp:featuredmedia":[{"embeddable":true,"href":"https:\/\/acjbb-sud.org\/index.php\/wp-json\/wp\/v2\/media\/1147"}],"wp:attachment":[{"href":"https:\/\/acjbb-sud.org\/index.php\/wp-json\/wp\/v2\/media?parent=1146"}],"wp:term":[{"taxonomy":"category","embeddable":true,"href":"https:\/\/acjbb-sud.org\/index.php\/wp-json\/wp\/v2\/categories?post=1146"},{"taxonomy":"post_tag","embeddable":true,"href":"https:\/\/acjbb-sud.org\/index.php\/wp-json\/wp\/v2\/tags?post=1146"}],"curies":[{"name":"wp","href":"https:\/\/api.w.org\/{rel}","templated":true}]}}