{"id":116,"date":"2016-06-30T21:40:02","date_gmt":"2016-06-30T20:40:02","guid":{"rendered":"http:\/\/www.acjbb-sud.org\/?p=116"},"modified":"2016-06-30T21:40:02","modified_gmt":"2016-06-30T20:40:02","slug":"chabbat-chelah-leha-5776","status":"publish","type":"post","link":"https:\/\/acjbb-sud.org\/index.php\/2016\/06\/30\/chabbat-chelah-leha-5776\/","title":{"rendered":"Chabbat Ch\u00e9la&rsquo;h-L\u00e9&rsquo;ha"},"content":{"rendered":"<h2 style=\"text-align: center;\"><strong>Paracha Ch\u00e9la&rsquo;h-L\u00e9&rsquo;ha \/ Chabbat M\u00e9var\u00e9&rsquo;him<\/strong><\/h2>\n<h2 style=\"text-align: center;\"><strong>1er-2 juillet 2016 \/ 26 Sivan 5776<\/strong><\/h2>\n<p style=\"text-align: justify;\"><a href=\"http:\/\/ccibb.net\/wp-content\/uploads\/2014\/02\/chabbath-pain-et-bougies-1810.jpg\"><img loading=\"lazy\" decoding=\"async\" class=\"aligncenter wp-image-1226\" src=\"http:\/\/ccibb.net\/wp-content\/uploads\/2014\/02\/chabbath-pain-et-bougies-1810.jpg\" alt=\"chabbath-pain-et-bougies-1810\" width=\"400\" height=\"218\" \/><\/a><\/p>\n<p><strong><span style=\"text-decoration: underline;\">Les Horaires :<\/span><\/strong><\/p>\n<p><em><strong>Vendredi soir :<\/strong><\/em><br \/>\n<strong>19h30<\/strong> : Chir Ha-Chirim, suivi de Min&rsquo;ha, Kabbalat Chabbat et Arvit<br \/>\n<strong>20h20<\/strong> : Allumage des bougies<br \/>\nD\u2019var Thora par le <strong>Rav Mickael MOUYAL<\/strong><\/p>\n<p><strong><em>Samedi matin :<\/em> <\/strong><br \/>\n<strong>09h15<\/strong> : Cha\u2019harit<br \/>\nD\u2019var Thora par le <strong>Rav Mickael MOUYAL<\/strong><br \/>\nLa Paracha sera lue par <strong>Samuel LASRY<\/strong> avec tous nos v\u0153ux de r\u00e9ussite \u00e0 la <b>Famille <\/b><strong>J\u00e9r\u00f4me LASRY<\/strong>. La Haftara sera lue par <strong>Jonathan ISRAEL<\/strong>.<br \/>\nL\u2019office sera suivi d\u2019un Kiddouch.<\/p>\n<p><em><strong>Samedi apr\u00e8s-midi :<\/strong><\/em><br \/>\n<strong>19h30<\/strong> : <span style=\"text-decoration: underline;\"><em>Cours de Gu\u00e9mara Chabbat (pour les hommes) :<\/em><\/span> par le <strong>Rav Mickael MOUYAL<\/strong><br \/>\n<strong>19h30<\/strong> : <span style=\"text-decoration: underline;\"><em>Cours mixte sur la Paracha :<\/em><\/span> par <strong>Shlomo BOTBOL<\/strong><\/p>\n<p style=\"text-align: justify;\"><strong>20h45<\/strong> : Lecture collective des T\u00e9hilim \u2013 Alpha\/Beta<br \/>\n<strong>21h00<\/strong> : Min\u2019ha<br \/>\nSuivi de la S\u00e9ouda Ch\u00e9lichit offerte par <strong>Martine et David ISRAEL <\/strong>l\u00e9ilouy nichmat : <strong>Yossef ben Zahara HAZAN<\/strong>\u00a0 (\u05d6\u05f4\u05dc) &amp; <strong>Binyamin ben Mazal-Tov NIDDAM<\/strong>\u00a0 (\u05d6\u05f4\u05dc) &amp; <strong>Isaac ben Rahamim ISRAEL<\/strong> (\u05d6\u05f4\u05dc).<\/p>\n<p style=\"text-align: justify;\"><strong>21h57<\/strong> : Shquiya \/ <span dir=\"RTL\" lang=\"HE\">\u05e9\u05e7\u05e2\u05ea \u05d4\u05d7\u05de\u05d4<\/span><br \/>\nD\u2019var Thora par le <strong>Rav Mickael MOUYAL<\/strong><\/p>\n<p><strong><em>Samedi soir :<\/em> <\/strong><br \/>\n<strong>23h03<\/strong> : Arvit et Havdala<\/p>\n<p><strong><em>Dimanche matin :<\/em> <\/strong><br \/>\n<strong>08h00<\/strong> : Cha\u2019harit<\/p>\n<hr \/>\n<h2><strong><span style=\"text-decoration: underline;\">Roch &lsquo;Hodech Tamouz :<\/span><br \/>\n<\/strong><\/h2>\n<p style=\"text-align: justify;\">Roch &lsquo;Hodech Tamouz aura lieu mercredi 6 et jeudi 7 juillet (\u00e0 partir de mardi 5 au soir).<\/p>\n<hr \/>\n<h2><strong><span style=\"text-decoration: underline;\">Carnet de famille :<\/span><br \/>\n<\/strong><\/h2>\n<p style=\"text-align: justify;\">Nous avons appris avec tristesse le d\u00e9c\u00e8s \u00e0 Marseille de Mr <strong>Isaac ben Rahamim ISRAEL<\/strong> (\u05d6\u05f4\u05dc), le fr\u00e8re jumeau de notre ami <strong>David ISRAEL<\/strong>. Nous renouvelons nos tr\u00e8s sinc\u00e8res condol\u00e9ances et l&rsquo;expression de notre parfaite solidarit\u00e9 \u00e0 David et \u00e0 toute sa famille.<\/p>\n<hr \/>\n<h2><strong><span style=\"text-decoration: underline;\">Beth Hamidrach :<\/span><br \/>\n<\/strong><\/h2>\n<p style=\"text-align: justify;\">Le <strong>Rabbin Didier Kassabi<\/strong> donne un cours de Guemara pour jeunes adultes chaque lundi soir de 20h \u00e0 21h \u00e0 la Synagogue.<\/p>\n<hr \/>\n<h2><strong><span style=\"text-decoration: underline;\">Centre A\u00e9r\u00e9 :<\/span><br \/>\n<\/strong><\/h2>\n<p style=\"text-align: justify;\">Les directeurs du Centre de loisirs Anne Marie Amsallem et Jonathan Cahen, ainsi que la fantastique \u00e9quipe d\u2019animation accueilleront cet \u00e9t\u00e9 <strong> du 8 au 29 juillet 2016<\/strong> vos enfants <strong>de 6 \u00e0 13 ans<\/strong> dans une ambiance juive exceptionnelle !!<\/p>\n<p style=\"text-align: justify;\"><span style=\"color: #ff0000;\"><strong>Il reste encore quelques places, n&rsquo;attendez plus pour inscrire vos enfants !!!<\/strong><\/span><\/p>\n<address>Informations aupr\u00e8s de Jonathan 06.21.07.17.09<\/address>\n<address>Inscriptions obligatoires aupr\u00e8s de Johanna 06.16.93.64.31<\/address>\n<address>Plus d&rsquo;informations <a href=\"http:\/\/ccibb.net\/2016\/05\/centre-de-loisirs-juillet-2016\/\" target=\"_blank\">ici<\/a>.<\/address>\n<hr \/>\n<h2><strong><span style=\"text-decoration: underline;\">Information ACJBB Boulogne Sud :<\/span><br \/>\n<\/strong><\/h2>\n<p>Si vous souhaitez recevoir par mail la newsletter de l&rsquo;office, inscrivez-vous en nous envoyant un mail \u00e0 <a href=\"mailto:officeboulognesud@gmail.com\">officeboulognesud@gmail.com<\/a><\/p>\n<hr \/>\n<p>Chabbat Chalom !!<\/p>\n","protected":false},"excerpt":{"rendered":"<p>Paracha Ch\u00e9la&rsquo;h-L\u00e9&rsquo;ha \/ Chabbat M\u00e9var\u00e9&rsquo;him 1er-2 juillet 2016 \/ 26 Sivan 5776 Les Horaires : Vendredi soir : 19h30 : Chir Ha-Chirim, suivi de Min&rsquo;ha, Kabbalat Chabbat et Arvit 20h20 : Allumage des bougies D\u2019var Thora par le Rav Mickael MOUYAL Samedi matin : 09h15 : Cha\u2019harit D\u2019var Thora par le Rav Mickael MOUYAL La &hellip; <\/p>\n<p><a class=\"more-link btn\" href=\"https:\/\/acjbb-sud.org\/index.php\/2016\/06\/30\/chabbat-chelah-leha-5776\/\">Lire la suite<\/a><\/p>\n","protected":false},"author":1,"featured_media":0,"comment_status":"open","ping_status":"open","sticky":false,"template":"","format":"standard","meta":{"jetpack_post_was_ever_published":false,"_jetpack_newsletter_access":"","_jetpack_dont_email_post_to_subs":false,"_jetpack_newsletter_tier_id":0,"_jetpack_memberships_contains_paywalled_content":false,"_jetpack_memberships_contains_paid_content":false,"footnotes":"","jetpack_publicize_message":"","jetpack_publicize_feature_enabled":true,"jetpack_social_post_already_shared":true,"jetpack_social_options":{"image_generator_settings":{"template":"highway","default_image_id":0,"font":"","enabled":false},"version":2}},"categories":[3],"tags":[47,53],"class_list":["post-116","post","type-post","status-publish","format-standard","hentry","category-chabbat","tag-chabbat","tag-chelah-leha","item-wrap"],"yoast_head":"<!-- This site is optimized with the Yoast SEO plugin v26.6 - https:\/\/yoast.com\/wordpress\/plugins\/seo\/ -->\n<title>Chabbat Ch\u00e9la&#039;h-L\u00e9&#039;ha - Synagogue ACJBB Boulogne Sud<\/title>\n<meta name=\"robots\" content=\"index, follow, max-snippet:-1, max-image-preview:large, max-video-preview:-1\" \/>\n<link rel=\"canonical\" href=\"https:\/\/acjbb-sud.org\/index.php\/2016\/06\/30\/chabbat-chelah-leha-5776\/\" \/>\n<meta property=\"og:locale\" content=\"fr_FR\" \/>\n<meta property=\"og:type\" content=\"article\" \/>\n<meta property=\"og:title\" content=\"Chabbat Ch\u00e9la&#039;h-L\u00e9&#039;ha - Synagogue ACJBB Boulogne Sud\" \/>\n<meta property=\"og:description\" content=\"Paracha Ch\u00e9la&rsquo;h-L\u00e9&rsquo;ha \/ Chabbat M\u00e9var\u00e9&rsquo;him 1er-2 juillet 2016 \/ 26 Sivan 5776 Les Horaires : Vendredi soir : 19h30 : Chir Ha-Chirim, suivi de Min&rsquo;ha, Kabbalat Chabbat et Arvit 20h20 : Allumage des bougies D\u2019var Thora par le Rav Mickael MOUYAL Samedi matin : 09h15 : Cha\u2019harit D\u2019var Thora par le Rav Mickael MOUYAL La &hellip; Lire la suite\" \/>\n<meta property=\"og:url\" content=\"https:\/\/acjbb-sud.org\/index.php\/2016\/06\/30\/chabbat-chelah-leha-5776\/\" \/>\n<meta property=\"og:site_name\" content=\"Synagogue ACJBB Boulogne Sud\" \/>\n<meta property=\"article:published_time\" content=\"2016-06-30T20:40:02+00:00\" \/>\n<meta property=\"og:image\" content=\"http:\/\/ccibb.net\/wp-content\/uploads\/2014\/02\/chabbath-pain-et-bougies-1810.jpg\" \/>\n<meta name=\"author\" content=\"AcjbbSud\" \/>\n<meta name=\"twitter:card\" content=\"summary_large_image\" \/>\n<meta name=\"twitter:label1\" content=\"\u00c9crit par\" \/>\n\t<meta name=\"twitter:data1\" content=\"AcjbbSud\" \/>\n\t<meta name=\"twitter:label2\" content=\"Dur\u00e9e de lecture estim\u00e9e\" \/>\n\t<meta name=\"twitter:data2\" content=\"2 minutes\" \/>\n<script type=\"application\/ld+json\" class=\"yoast-schema-graph\">{\"@context\":\"https:\/\/schema.org\",\"@graph\":[{\"@type\":\"WebPage\",\"@id\":\"https:\/\/acjbb-sud.org\/index.php\/2016\/06\/30\/chabbat-chelah-leha-5776\/\",\"url\":\"https:\/\/acjbb-sud.org\/index.php\/2016\/06\/30\/chabbat-chelah-leha-5776\/\",\"name\":\"Chabbat Ch\u00e9la'h-L\u00e9'ha - Synagogue ACJBB Boulogne Sud\",\"isPartOf\":{\"@id\":\"https:\/\/acjbb-sud.org\/#website\"},\"primaryImageOfPage\":{\"@id\":\"https:\/\/acjbb-sud.org\/index.php\/2016\/06\/30\/chabbat-chelah-leha-5776\/#primaryimage\"},\"image\":{\"@id\":\"https:\/\/acjbb-sud.org\/index.php\/2016\/06\/30\/chabbat-chelah-leha-5776\/#primaryimage\"},\"thumbnailUrl\":\"http:\/\/ccibb.net\/wp-content\/uploads\/2014\/02\/chabbath-pain-et-bougies-1810.jpg\",\"datePublished\":\"2016-06-30T20:40:02+00:00\",\"author\":{\"@id\":\"https:\/\/acjbb-sud.org\/#\/schema\/person\/adc8f09fb72c9d0dc78509106dc5e9f0\"},\"breadcrumb\":{\"@id\":\"https:\/\/acjbb-sud.org\/index.php\/2016\/06\/30\/chabbat-chelah-leha-5776\/#breadcrumb\"},\"inLanguage\":\"fr-FR\",\"potentialAction\":[{\"@type\":\"ReadAction\",\"target\":[\"https:\/\/acjbb-sud.org\/index.php\/2016\/06\/30\/chabbat-chelah-leha-5776\/\"]}]},{\"@type\":\"ImageObject\",\"inLanguage\":\"fr-FR\",\"@id\":\"https:\/\/acjbb-sud.org\/index.php\/2016\/06\/30\/chabbat-chelah-leha-5776\/#primaryimage\",\"url\":\"http:\/\/ccibb.net\/wp-content\/uploads\/2014\/02\/chabbath-pain-et-bougies-1810.jpg\",\"contentUrl\":\"http:\/\/ccibb.net\/wp-content\/uploads\/2014\/02\/chabbath-pain-et-bougies-1810.jpg\"},{\"@type\":\"BreadcrumbList\",\"@id\":\"https:\/\/acjbb-sud.org\/index.php\/2016\/06\/30\/chabbat-chelah-leha-5776\/#breadcrumb\",\"itemListElement\":[{\"@type\":\"ListItem\",\"position\":1,\"name\":\"Accueil\",\"item\":\"https:\/\/acjbb-sud.org\/\"},{\"@type\":\"ListItem\",\"position\":2,\"name\":\"Chabbat Ch\u00e9la&rsquo;h-L\u00e9&rsquo;ha\"}]},{\"@type\":\"WebSite\",\"@id\":\"https:\/\/acjbb-sud.org\/#website\",\"url\":\"https:\/\/acjbb-sud.org\/\",\"name\":\"Synagogue ACJBB Boulogne Sud\",\"description\":\"Synagogue \/ Association Communautaire Juive de Boulogne Billancourt (Sud)\",\"potentialAction\":[{\"@type\":\"SearchAction\",\"target\":{\"@type\":\"EntryPoint\",\"urlTemplate\":\"https:\/\/acjbb-sud.org\/?s={search_term_string}\"},\"query-input\":{\"@type\":\"PropertyValueSpecification\",\"valueRequired\":true,\"valueName\":\"search_term_string\"}}],\"inLanguage\":\"fr-FR\"},{\"@type\":\"Person\",\"@id\":\"https:\/\/acjbb-sud.org\/#\/schema\/person\/adc8f09fb72c9d0dc78509106dc5e9f0\",\"name\":\"AcjbbSud\",\"image\":{\"@type\":\"ImageObject\",\"inLanguage\":\"fr-FR\",\"@id\":\"https:\/\/acjbb-sud.org\/#\/schema\/person\/image\/\",\"url\":\"https:\/\/secure.gravatar.com\/avatar\/ea30fe7a8231c8c0bf30066f86006714af7be34ba414543eaab3e453b92901aa?s=96&d=mm&r=g\",\"contentUrl\":\"https:\/\/secure.gravatar.com\/avatar\/ea30fe7a8231c8c0bf30066f86006714af7be34ba414543eaab3e453b92901aa?s=96&d=mm&r=g\",\"caption\":\"AcjbbSud\"},\"url\":\"https:\/\/acjbb-sud.org\/index.php\/author\/acjbbsud\/\"}]}<\/script>\n<!-- \/ Yoast SEO plugin. -->","yoast_head_json":{"title":"Chabbat Ch\u00e9la'h-L\u00e9'ha - Synagogue ACJBB Boulogne Sud","robots":{"index":"index","follow":"follow","max-snippet":"max-snippet:-1","max-image-preview":"max-image-preview:large","max-video-preview":"max-video-preview:-1"},"canonical":"https:\/\/acjbb-sud.org\/index.php\/2016\/06\/30\/chabbat-chelah-leha-5776\/","og_locale":"fr_FR","og_type":"article","og_title":"Chabbat Ch\u00e9la'h-L\u00e9'ha - Synagogue ACJBB Boulogne Sud","og_description":"Paracha Ch\u00e9la&rsquo;h-L\u00e9&rsquo;ha \/ Chabbat M\u00e9var\u00e9&rsquo;him 1er-2 juillet 2016 \/ 26 Sivan 5776 Les Horaires : Vendredi soir : 19h30 : Chir Ha-Chirim, suivi de Min&rsquo;ha, Kabbalat Chabbat et Arvit 20h20 : Allumage des bougies D\u2019var Thora par le Rav Mickael MOUYAL Samedi matin : 09h15 : Cha\u2019harit D\u2019var Thora par le Rav Mickael MOUYAL La &hellip; Lire la suite","og_url":"https:\/\/acjbb-sud.org\/index.php\/2016\/06\/30\/chabbat-chelah-leha-5776\/","og_site_name":"Synagogue ACJBB Boulogne Sud","article_published_time":"2016-06-30T20:40:02+00:00","og_image":[{"url":"http:\/\/ccibb.net\/wp-content\/uploads\/2014\/02\/chabbath-pain-et-bougies-1810.jpg","type":"","width":"","height":""}],"author":"AcjbbSud","twitter_card":"summary_large_image","twitter_misc":{"\u00c9crit par":"AcjbbSud","Dur\u00e9e de lecture estim\u00e9e":"2 minutes"},"schema":{"@context":"https:\/\/schema.org","@graph":[{"@type":"WebPage","@id":"https:\/\/acjbb-sud.org\/index.php\/2016\/06\/30\/chabbat-chelah-leha-5776\/","url":"https:\/\/acjbb-sud.org\/index.php\/2016\/06\/30\/chabbat-chelah-leha-5776\/","name":"Chabbat Ch\u00e9la'h-L\u00e9'ha - Synagogue ACJBB Boulogne Sud","isPartOf":{"@id":"https:\/\/acjbb-sud.org\/#website"},"primaryImageOfPage":{"@id":"https:\/\/acjbb-sud.org\/index.php\/2016\/06\/30\/chabbat-chelah-leha-5776\/#primaryimage"},"image":{"@id":"https:\/\/acjbb-sud.org\/index.php\/2016\/06\/30\/chabbat-chelah-leha-5776\/#primaryimage"},"thumbnailUrl":"http:\/\/ccibb.net\/wp-content\/uploads\/2014\/02\/chabbath-pain-et-bougies-1810.jpg","datePublished":"2016-06-30T20:40:02+00:00","author":{"@id":"https:\/\/acjbb-sud.org\/#\/schema\/person\/adc8f09fb72c9d0dc78509106dc5e9f0"},"breadcrumb":{"@id":"https:\/\/acjbb-sud.org\/index.php\/2016\/06\/30\/chabbat-chelah-leha-5776\/#breadcrumb"},"inLanguage":"fr-FR","potentialAction":[{"@type":"ReadAction","target":["https:\/\/acjbb-sud.org\/index.php\/2016\/06\/30\/chabbat-chelah-leha-5776\/"]}]},{"@type":"ImageObject","inLanguage":"fr-FR","@id":"https:\/\/acjbb-sud.org\/index.php\/2016\/06\/30\/chabbat-chelah-leha-5776\/#primaryimage","url":"http:\/\/ccibb.net\/wp-content\/uploads\/2014\/02\/chabbath-pain-et-bougies-1810.jpg","contentUrl":"http:\/\/ccibb.net\/wp-content\/uploads\/2014\/02\/chabbath-pain-et-bougies-1810.jpg"},{"@type":"BreadcrumbList","@id":"https:\/\/acjbb-sud.org\/index.php\/2016\/06\/30\/chabbat-chelah-leha-5776\/#breadcrumb","itemListElement":[{"@type":"ListItem","position":1,"name":"Accueil","item":"https:\/\/acjbb-sud.org\/"},{"@type":"ListItem","position":2,"name":"Chabbat Ch\u00e9la&rsquo;h-L\u00e9&rsquo;ha"}]},{"@type":"WebSite","@id":"https:\/\/acjbb-sud.org\/#website","url":"https:\/\/acjbb-sud.org\/","name":"Synagogue ACJBB Boulogne Sud","description":"Synagogue \/ Association Communautaire Juive de Boulogne Billancourt (Sud)","potentialAction":[{"@type":"SearchAction","target":{"@type":"EntryPoint","urlTemplate":"https:\/\/acjbb-sud.org\/?s={search_term_string}"},"query-input":{"@type":"PropertyValueSpecification","valueRequired":true,"valueName":"search_term_string"}}],"inLanguage":"fr-FR"},{"@type":"Person","@id":"https:\/\/acjbb-sud.org\/#\/schema\/person\/adc8f09fb72c9d0dc78509106dc5e9f0","name":"AcjbbSud","image":{"@type":"ImageObject","inLanguage":"fr-FR","@id":"https:\/\/acjbb-sud.org\/#\/schema\/person\/image\/","url":"https:\/\/secure.gravatar.com\/avatar\/ea30fe7a8231c8c0bf30066f86006714af7be34ba414543eaab3e453b92901aa?s=96&d=mm&r=g","contentUrl":"https:\/\/secure.gravatar.com\/avatar\/ea30fe7a8231c8c0bf30066f86006714af7be34ba414543eaab3e453b92901aa?s=96&d=mm&r=g","caption":"AcjbbSud"},"url":"https:\/\/acjbb-sud.org\/index.php\/author\/acjbbsud\/"}]}},"jetpack_publicize_connections":[],"jetpack_featured_media_url":"","jetpack_sharing_enabled":true,"jetpack_shortlink":"https:\/\/wp.me\/p7sjOI-1S","jetpack_likes_enabled":true,"_links":{"self":[{"href":"https:\/\/acjbb-sud.org\/index.php\/wp-json\/wp\/v2\/posts\/116","targetHints":{"allow":["GET"]}}],"collection":[{"href":"https:\/\/acjbb-sud.org\/index.php\/wp-json\/wp\/v2\/posts"}],"about":[{"href":"https:\/\/acjbb-sud.org\/index.php\/wp-json\/wp\/v2\/types\/post"}],"author":[{"embeddable":true,"href":"https:\/\/acjbb-sud.org\/index.php\/wp-json\/wp\/v2\/users\/1"}],"replies":[{"embeddable":true,"href":"https:\/\/acjbb-sud.org\/index.php\/wp-json\/wp\/v2\/comments?post=116"}],"version-history":[{"count":0,"href":"https:\/\/acjbb-sud.org\/index.php\/wp-json\/wp\/v2\/posts\/116\/revisions"}],"wp:attachment":[{"href":"https:\/\/acjbb-sud.org\/index.php\/wp-json\/wp\/v2\/media?parent=116"}],"wp:term":[{"taxonomy":"category","embeddable":true,"href":"https:\/\/acjbb-sud.org\/index.php\/wp-json\/wp\/v2\/categories?post=116"},{"taxonomy":"post_tag","embeddable":true,"href":"https:\/\/acjbb-sud.org\/index.php\/wp-json\/wp\/v2\/tags?post=116"}],"curies":[{"name":"wp","href":"https:\/\/api.w.org\/{rel}","templated":true}]}}