{"id":1206,"date":"2017-11-09T11:00:58","date_gmt":"2017-11-09T10:00:58","guid":{"rendered":"http:\/\/acjbb-sud.org\/?p=1206"},"modified":"2018-01-10T14:29:02","modified_gmt":"2018-01-10T13:29:02","slug":"chabbat-haye-sarah-5778","status":"publish","type":"post","link":"https:\/\/acjbb-sud.org\/index.php\/2017\/11\/09\/chabbat-haye-sarah-5778\/","title":{"rendered":"Chabbat &lsquo;Hay\u00e9-Sarah"},"content":{"rendered":"<h2 style=\"text-align: center; padding-left: 30px;\"><strong>Paracha &lsquo;Hay\u00e9-Sarah \/ <span dir=\"RTL\" lang=\"HE\">\u05e4\u05e8\u05e9\u05d4 \u05d7\u05d9\u05d9 \u05e9\u05e8\u05d4 <\/span><\/strong><\/h2>\n<h3 style=\"text-align: center;\"><strong>10\/11 novembre 2017 &#8211; 22 &lsquo;Hechvan 5778 \/ <span dir=\"RTL\" lang=\"HE\"> \u05db&rsquo;\u05d1 \u05d7\u05e9\u05d5\u05df \u05d4-\u05ea\u05e9\u05e2&rsquo;\u05d7<\/span><\/strong><\/h3>\n<p style=\"text-align: justify;\"><a href=\"http:\/\/acjbb-sud.org\/wp-content\/uploads\/2016\/10\/chabbath-pain-et-bougies-1810-1.jpg\"><img decoding=\"async\" class=\"aligncenter wp-image-1226\" src=\"http:\/\/acjbb-sud.org\/wp-content\/uploads\/2016\/10\/chabbath-pain-et-bougies-1810-1.jpg\" alt=\"chabbath-pain-et-bougies-1810\" width=\"400\" \/><\/a><\/p>\n<p style=\"text-align: justify;\"><span style=\"text-decoration: underline;\"><em><strong>Chabbat des jeunes<\/strong><\/em><\/span> : A l&rsquo;occasion du <em>Chabbat des jeunes<\/em>, la lecture de la Paracha et les offices seront assur\u00e9s par les jeunes de la communaut\u00e9.<\/p>\n<h3><strong><span style=\"text-decoration: underline;\">Les Horaires :<\/span><br \/>\n<\/strong><\/h3>\n<p><em><strong>Vendredi soir :<\/strong><\/em><br \/>\n<strong>17h00<\/strong> : Min\u2019ha suivi d&rsquo;un cours par <strong>le Rav Mika\u00ebl Mouyal<\/strong><br \/>\n<strong>16h55<\/strong> : Allumage des bougies de Chabbat (heure maximum pour l&rsquo;allumage : 16h58)<br \/>\n<strong>17h45<\/strong> : Chir Hachirim, Kabbalat Chabbat et Arvit<br \/>\nD\u2019var Thora par <strong>le Rav Mika\u00ebl Mouyal<\/strong><\/p>\n<p><strong><em>Samedi matin :<\/em> <\/strong><br \/>\n<strong>09h10<\/strong> : Cha\u2019harit<br \/>\nD\u2019var Thora par <strong>Oriel LUBOTSKI<\/strong><br \/>\nL&rsquo;office sera suivi d\u2019un Kiddouch offert par <strong>Jessica et Eric TAIEB<\/strong> pour Hodaya l&rsquo;Hachem et pour l&rsquo;anniversaire de leurs enfants Ethan 3 ans et Ishay 1 an. Nous souhaitons un grand Mazal Tov aux familles <strong>Eric TAIEB<\/strong> et <strong>Ren\u00e9 BITTON<\/strong>.<\/p>\n<p><em><strong>Samedi apr\u00e8s-midi :<\/strong><\/em><br \/>\n<strong>16h15<\/strong> : T\u00e9hilim &#8211; Lecture collective des T\u00e9hilim &#8211; Alpha\/Beta<br \/>\n<strong>16h30<\/strong> : Min\u2019ha<br \/>\nSuivi de la s\u00e9ouda ch\u00e9lichit offerte par <strong>Linda et Michel BOUSSIDAN<\/strong> l\u00e9ilouy nichmat <strong>David ben Zamila HaCohen<\/strong> (\u05d6\u05f4\u05dc).<br \/>\nD\u2019var Thora par <strong>le Rav Mika\u00ebl Mouyal<\/strong><br \/>\n<strong>17h15<\/strong> : Shquiya \/ <span dir=\"RTL\" lang=\"HE\">\u05e9\u05e7\u05e2\u05ea \u05d4\u05d7\u05de\u05d4<\/span><\/p>\n<p><strong><em>Samedi soir :<\/em> <\/strong><br \/>\n<strong>18h06<\/strong> : Fin de Chabbat, Arvit et Havdala<\/p>\n<p><strong><em>Dimanche matin :<\/em> <\/strong><br \/>\n<strong>08h00<\/strong> : Cha\u2019harit<\/p>\n<p><!--more--><\/p>\n<hr \/>\n<h3><strong><span style=\"text-decoration: underline;\">Carnet de familles :<\/span><br \/>\n<\/strong><\/h3>\n<p><strong>Naissance :<\/strong><br \/>\nNous avons la joie d&rsquo;annoncer la naissance Chabbat dernier d&rsquo;un petit gar\u00e7on chez <strong>Wanda et Cyril SAADA<\/strong>. Nous adressons un grand Mazal Tov aux parents, ainsi qu&rsquo;\u00e0 toute la famille <strong>SAADA<\/strong> et <strong>TUIL<\/strong>.<br \/>\nNous vous tiendrons au courant de la date de la Brit Mila quand la sant\u00e9 du b\u00e9b\u00e9 le permettra, R\u00e9foua Ch\u00e9l\u00e9ma.<\/p>\n<p>Nous avons \u00e9galement la joie d&rsquo;annoncer la naissance d&rsquo;un petit gar\u00e7on chez <strong>le Rav Michael SOJCHER et son \u00e9pouse D\u00e9borah<\/strong>. Nous adressons un grand Mazal Tov aux parents et aux grands-parents le <strong>Rav Mord\u00e9hai SOJCHER et son \u00e9pouse<\/strong> ainsi qu&rsquo;au <strong>Rav ZERBIB et son \u00e9pouse<\/strong>, ainsi qu&rsquo;\u00e0 toute la famille <strong>SOJCHER<\/strong> et <strong>ZERBIB<\/strong>.<br \/>\nLa Brit Mila aura lieu \u05d1&rsquo;\u05d4 le lundi 13 novembre \u00e0 08h00, au Beth Habad, 1 rue des longs pr\u00e8s, 92100 Boulogne Billancourt.<\/p>\n<hr \/>\n<h3><strong><span style=\"text-decoration: underline;\">Roch &lsquo;Hodech Kislev :<\/span><br \/>\n<\/strong><\/h3>\n<p>Roch &lsquo;Hodech Kislev aura lieu dimanche 19 novembre (\u00e0 partir de samedi 18 novembre au soir).<\/p>\n<hr \/>\n<h3><strong><span style=\"text-decoration: underline;\">Beth Hamidrach :<\/span><br \/>\n<\/strong><\/h3>\n<p style=\"text-align: justify;\">Le <strong>Rabbin Didier Kassabi<\/strong> donne un cours de Guemara pour jeunes adultes chaque lundi soir \u00e0 20h00 \u00e0 la Synagogue de Boulogne Billancourt, 43 rue des abondances.<\/p>\n<hr \/>\n<h3><strong><span style=\"text-decoration: underline;\">Talmud Thorah :<\/span><br \/>\n<\/strong><\/h3>\n<p>Les cours de Talmud Torah ont repris. Vous pouvez cependant d\u00e9j\u00e0 prendre contact avec le <a href=\"mailto:didierkassabi@free.fr?subject=TalmudThorah\" target=\"_blank\" rel=\"noopener\">Rabbin Didier Kassabi<\/a> pour vous renseigner et pour inscrire vos enfants au Talmud Torah.<\/p>\n<p><strong>Les cours ont lieu chaque dimanche (hors p\u00e9riode de vacances scolaires) dans l&rsquo;enceinte de la Synagogue (43 rue des abondances)<\/strong>.<br \/>\nL&rsquo;avenir de nos enfants passent par une \u00e9ducation juive de qualit\u00e9 que nous devons leur offrir.<\/p>\n<p><span style=\"color: #0000ff;\"><strong>Aucun enfant ne doit rester en marge de cette transmission des valeurs de la Torah.<\/strong><\/span><\/p>\n<p>Continuez \u00e0 inscrire vos enfants. Nous vous attendons nombreux pour les inscriptions aupr\u00e8s du <a href=\"mailto:didierkassabi@free.fr?subject=TalmudThorah\" target=\"_blank\" rel=\"noopener\">Rabbin Didier Kassabi<\/a>.<\/p>\n<p><strong>Parlez-en autour de vous. Dites-le autour de vous.<\/strong><\/p>\n<hr \/>\n<h3><strong><span style=\"text-decoration: underline;\">\u00ab Les AMIS de la REFOUA \u00bb &#8211; Visite aux malades :<\/span><br \/>\n<\/strong><\/h3>\n<p style=\"text-align: justify;\">Des b\u00e9n\u00e9voles de Boulogne proposent aux personnes qui le demandent : l&rsquo;organisation d&rsquo;une chaine de lecture de T\u00e9hilims pour la gu\u00e9rison de nos malades, de prendre de leurs nouvelles et leur rendre visite dans les h\u00f4pitaux.<br \/>\nCes actions se font dans la plus grande discr\u00e9tion et s&rsquo;inscrivent dans le cadre du b\u00e9n\u00e9volat.<br \/>\nVous pourrez joindre &#8211; <em>les AMIS de la REFOUA<\/em> &#8211; au 06.03.75.34.15, ou par courriel \u00e0 : <a href=\"mailto:israelalbert1@gmail.com\">israelalbert1@gmail.com<\/a><br \/>\nVous pouvez aussi faire partie de ces b\u00e9n\u00e9voles, nous vous remercions par avance.<\/p>\n<hr \/>\n<h3><strong><span style=\"text-decoration: underline;\">S\u00e9curit\u00e9 SPCJ :<\/span><br \/>\n<\/strong><\/h3>\n<p style=\"text-align: justify;\"><strong>La s\u00e9curit\u00e9 est l&rsquo;affaire de tous ! Le SPCJ a besoin de chacun d&rsquo;entre nous !<\/strong><br \/>\nLa protection de la vie communautaire est plus que jamais l&rsquo;affaire de tous ! Vous en \u00eates les premiers acteurs ! Votre mobilisation est essentielle et n\u00e9cessaire !<br \/>\nSi vous souhaitez nous aider \u00e0 assurer la protection de l&rsquo;office, rapprochez-vous de nous !<br \/>\nPlus nous serons nombreux \u00e0 nous mobiliser et assurer des relais de garde, plus nous passerons du temps \u00e0 prier !<\/p>\n<hr \/>\n<h3><strong><span style=\"text-decoration: underline;\">Information ACJBB Boulogne Sud :<\/span><br \/>\n<\/strong><\/h3>\n<p style=\"text-align: justify;\">Retrouvez toutes les informations de l\u2019office sur : <a href=\"http:\/\/www.acjbb-sud.org\" target=\"_blank\" rel=\"noopener noreferrer\">www.acjbb-sud.org<\/a>.<br \/>\nSi vous souhaitez recevoir par mail la newsletter de l&rsquo;office, inscrivez-vous en nous envoyant un mail \u00e0 <a href=\"mailto:officeboulognesud@gmail.com\">officeboulognesud@gmail.com<\/a>.<br \/>\nRetrouvez \u00e9galement toutes les informations sur la page Facebook de l&rsquo;office : <a href=\"http:\/\/facebook.com\/acjbbsud\" target=\"_blank\" rel=\"noopener noreferrer\">facebook.com\/acjbbsud<\/a> et sur Twitter : <a href=\"http:\/\/twitter.com\/acjbbsud\" target=\"_blank\" rel=\"noopener noreferrer\">twitter.com\/acjbbsud<\/a>.<\/p>\n<hr \/>\n<h3><strong><span style=\"text-decoration: underline;\">R\u00e9servation des espaces communautaires :<\/span><br \/>\n<\/strong><\/h3>\n<p style=\"text-align: justify;\">Vous souhaitez organiser une manifestation (Brith-Mila, Bar-Mitsvah et Bat-Mitsvah, Mariage, Azkara, Soir\u00e9e Mikv\u00e9 Kala, etc&#8230; ) dans les espaces de la <strong>Synagogue de Boulogne<\/strong>, 43 rue des Abondances, contactez M. Alain Chicheportiche 06.95.62.58.41 &#8211; <a href=\"mailto:alainchicheportiche92@gmail.com\">alainchicheportiche92@gmail.com<\/a><\/p>\n<p style=\"text-align: justify;\">Vous souhaitez r\u00e9server la salle de <strong>Boulogne Sud<\/strong>, 134 bis rue du point du jour Boulogne Billancourt, contactez M. Patrick Sebban 06.03.02.30.78 &#8211; <a href=\"mailto:patrick.sebban2@paris.fr\">patrick.sebban2@paris.fr<\/a><\/p>\n<hr \/>\n<h3><strong><span style=\"text-decoration: underline;\">Mikv\u00e9 :<\/span><br \/>\n<\/strong><\/h3>\n<p><strong>Mikv\u00e9 pour les femmes<\/strong><\/p>\n<p style=\"text-align: justify;\">Horaires d&rsquo;hiver : Le Mikv\u00e9 ouvre tous les soirs de 20h \u00e0 22h. Les samedis soirs, et fin de f\u00eate, le Mikv\u00e9 ouvre 1h apr\u00e8s la fin de Chabbat pendant 1h30. Pour les soirs de f\u00eates et Chabbat sur rendez-vous uniquement, en envoyant un message au +33 6 85 75 37 85.<\/p>\n<p><strong>Mikv\u00e9 vaisselle<\/strong><\/p>\n<p style=\"text-align: justify;\">Le Mikv\u00e9 Kelim est ouvert tous les matins du dimanche au vendredi depuis l&rsquo;heure de la Tefila jusqu&rsquo;\u00e0 midi.<\/p>\n<hr \/>\n<h3><strong><span style=\"text-decoration: underline;\">Faire un don :<\/span><br \/>\n<\/strong><\/h3>\n<p style=\"text-align: justify;\">Pour faire vivre et participer activement \u00e0 cet office, <a href=\"http:\/\/www.acjbb-sud.org\/index.php\/faire-un-don\/\" target=\"_blank\" rel=\"noopener noreferrer\">faites un don<\/a> par internet ou envoyez vos ch\u00e8ques au <strong>134 bis rue du Point du Jour<\/strong>. Toutes les participations sont bienvenues, <em>les petits ruisseaux faisant de grandes rivi\u00e8res<\/em>, nous parviendrons, tous ensemble, \u00e0 faire vivre l\u2019Office de Boulogne Sud.<\/p>\n<p>Tizkou L\u00e9-Mitsvot !!<\/p>\n<hr \/>\n<h3><strong><span style=\"text-decoration: underline;\">Dons pour le Centre Culturel de Boulogne Billancourt :<\/span><br \/>\n<\/strong><\/h3>\n<p style=\"text-align: justify;\">Le nouveau centre culturel sera situ\u00e9 \u00e0 l&rsquo;angle des rues Marcel Dassault et d&rsquo;Anjou. Le permis de construire, d\u00e9pos\u00e9 en mars \u00e0 la mairie a \u00e9t\u00e9 purg\u00e9. Les travaux devraient commencer en automne. Il comprendra notamment :<\/p>\n<ul>\n<li>Une Synagogue<\/li>\n<li>Le Centre Communautaire (CCIBB)<\/li>\n<li>Une salle polyvalente<\/li>\n<li>et une salle des f\u00eates<\/li>\n<\/ul>\n<p>Vous pouvez consulter la <a href=\"http:\/\/synaboulogne.us12.list-manage.com\/track\/click?u=f13343cbc4710ddbadcdef23f&amp;id=d046c15db4&amp;e=744d346afc\">plaquette de pr\u00e9sentation du Centre Culturel de Boulogne<\/a><\/p>\n<p style=\"text-align: justify;\"><img decoding=\"async\" class=\"alignnone size-full wp-image-778\" src=\"http:\/\/acjbb-sud.org\/wp-content\/uploads\/2017\/06\/Acjbb-construction-1.png\" alt=\"\" width=\"500\" srcset=\"https:\/\/acjbb-sud.org\/wp-content\/uploads\/2017\/06\/Acjbb-construction-1.png 684w, https:\/\/acjbb-sud.org\/wp-content\/uploads\/2017\/06\/Acjbb-construction-1-300x202.png 300w, https:\/\/acjbb-sud.org\/wp-content\/uploads\/2017\/06\/Acjbb-construction-1-445x300.png 445w\" sizes=\"(max-width: 684px) 100vw, 684px\" \/><\/p>\n<h3 class=\"m_-5277437730878633356null\"><span style=\"color: #0000ff;\"><strong>Etat du dossier<\/strong><\/span><\/h3>\n<p style=\"text-align: justify;\"><strong>Le projet architectural a \u00e9t\u00e9 finalis\u00e9 suite \u00e0 de multiples r\u00e9unions du Comit\u00e9 de pilotage. Le projet a maintenant \u00e9t\u00e9 transmis \u00e0 plusieurs constructeurs, qui vont remettre leurs projets d\u00e9taill\u00e9 dans les prochaines semaines.<\/strong><\/p>\n<p>Ces projets feront l&rsquo;objet d&rsquo;une analyse, puis d&rsquo;audition des prestataires retenus.<\/p>\n<p>Nous vous aviserons ici de l&rsquo;\u00e9tat d&rsquo;avancement d&rsquo;op\u00e9ration.<\/p>\n<p style=\"text-align: justify;\">Devenez acteur du devenir de la vie juive \u00e0 Boulogne en faisant un don pour la construction du Centre Culturel de Boulogne. Vous pouvez d\u00e9cider de diriger votre don vers la synagogue ou vers le CCIBB, en nous l&rsquo;indiquant par message.<\/p>\n<p><a href=\"http:\/\/synaboulogne.us12.list-manage2.com\/track\/click?u=f13343cbc4710ddbadcdef23f&amp;id=b3fe55f499&amp;e=744d346afc\" target=\"_blank\" rel=\"noopener\">Je participe \u00e0 la collecte pour la construction<\/a><\/p>\n<hr \/>\n<h3><strong><span style=\"text-decoration: underline;\">Tirage au sort :<\/span><br \/>\n<\/strong><\/h3>\n<p style=\"text-align: justify;\">Merci \u00e0 toutes et \u00e0 tous pour votre g\u00e9n\u00e9rosit\u00e9 et votre participation lors de ces f\u00eates de Tichri qui ont \u00e9t\u00e9 riches et intenses.<\/p>\n<p style=\"text-align: justify;\">Afin de vous remercier, nous organisons un tirage au sort pour vous faire <strong>gagner un iPhone 8 et 2 Samsung S8 <\/strong>!!!<\/p>\n<p><img decoding=\"async\" class=\"wp-image-1108 size-full aligncenter\" src=\"http:\/\/acjbb-sud.org\/wp-content\/uploads\/2017\/10\/iPhone8-Samsung-S8.jpg\" alt=\"\" width=\"600\" srcset=\"https:\/\/acjbb-sud.org\/wp-content\/uploads\/2017\/10\/iPhone8-Samsung-S8.jpg 1280w, https:\/\/acjbb-sud.org\/wp-content\/uploads\/2017\/10\/iPhone8-Samsung-S8-300x169.jpg 300w, https:\/\/acjbb-sud.org\/wp-content\/uploads\/2017\/10\/iPhone8-Samsung-S8-768x432.jpg 768w, https:\/\/acjbb-sud.org\/wp-content\/uploads\/2017\/10\/iPhone8-Samsung-S8-1024x576.jpg 1024w, https:\/\/acjbb-sud.org\/wp-content\/uploads\/2017\/10\/iPhone8-Samsung-S8-500x281.jpg 500w\" sizes=\"(max-width: 1280px) 100vw, 1280px\" \/><\/p>\n<p style=\"text-align: justify;\">Pour participer, rien de plus simple, engagez-vous dans un virement mensuel d&rsquo;un montant minimum de 26 \u20ac et pour une dur\u00e9e minimum de un an et pr\u00e9venez-nous d&rsquo;un simple mail \u00e0 <a href=\"mailto:officeboulognesud@gmail.com\">officeboulognesud@gmail.com<\/a> d\u00e8s sa mise en place.<\/p>\n<p style=\"text-align: justify;\">Vous trouverez toutes les modalit\u00e9s pour mettre en place vos virements mensuels sur <a href=\"http:\/\/acjbb-sud.org\/index.php\/faire-un-don\/\" target=\"_blank\" rel=\"noopener\">cette page<\/a>.<\/p>\n<p style=\"text-align: justify;\">Nous annoncerons les gagnants lors de l&rsquo;office le <strong>Chabbat Hanouka le 16 d\u00e9cembre<\/strong> et dans la newsletter.<\/p>\n<p><strong>Afin que votre participation soit prise en compte, votre premier virement ou don doit \u00eatre effectu\u00e9 avant la fin du mois de novembre.<\/strong><\/p>\n<p><strong>Tizkou la-Mitsvot, que votre g\u00e9n\u00e9rosit\u00e9 soit r\u00e9compens\u00e9e !<\/strong><\/p>\n<hr \/>\n<h3><strong><span style=\"text-decoration: underline;\">Campagne nationale pour la Tsedaka :<\/span><br \/>\n<\/strong><\/h3>\n<p style=\"text-align: justify;\">La Communaut\u00e9 juive de Boulogne est heureuse de se joindre \u00e0 l&rsquo;invitation de la <strong>Campagne nationale pour la Tsedaka<\/strong>, jeudi 16 novembre au Th\u00e9\u00e2tre de Neuilly, pour le Sectacle d&rsquo;<strong>Anne Roumanoff<\/strong> \u00ab\u00a0aimons-nous les uns les autres\u00a0\u00bb.<\/p>\n<p><img decoding=\"async\" class=\"wp-image-1213 size-full aligncenter\" src=\"http:\/\/acjbb-sud.org\/wp-content\/uploads\/2017\/11\/soiree-nationale-tsedaka-anne-roumanof.jpg\" alt=\"\" width=\"600\" srcset=\"https:\/\/acjbb-sud.org\/wp-content\/uploads\/2017\/11\/soiree-nationale-tsedaka-anne-roumanof.jpg 583w, https:\/\/acjbb-sud.org\/wp-content\/uploads\/2017\/11\/soiree-nationale-tsedaka-anne-roumanof-211x300.jpg 211w\" sizes=\"(max-width: 583px) 100vw, 583px\" \/><\/p>\n<p style=\"text-align: justify;\">Jeudi 16 Novembre au Th\u00e9\u00e2tre de Neuilly &#8211; 167 avenue Charles de Gaulle 92200 Neuilly<\/p>\n<p style=\"text-align: justify;\">A l\u2019instar de Michel Boujenah et Michel Drucker les ann\u00e9es pr\u00e9c\u00e9dentes, cette ann\u00e9e <strong>Anne Roumanoff <\/strong>d\u00e9die une repr\u00e9sentation de son spectacle \u00ab <strong>Aimons-nous les uns les autres<\/strong> \u00bb au 25 ans de l\u2019Appel national pour la ts\u00e9daka.<\/p>\n<p style=\"text-align: justify;\"><strong>Une repr\u00e9sentation unique d\u2019un spectacle \u00e0 succ\u00e8s au profit de ceux qui ont besoin de notre solidarit\u00e9 !<\/strong><\/p>\n<p style=\"text-align: justify;\">P.A.F : 100 euros avec cerfa<br \/>\n50 euros avec cerfa<br \/>\n25 euros<\/p>\n<p>Infos et r\u00e9servations : Babeth au <a href=\"tel:0783683625\">07 83 68 36 25<\/a> ou sur <a href=\"http:\/\/www.weezevent.com\/spectacle-anne-roumanoff\" target=\"_blank\" rel=\"noopener\">http:\/\/www.weezevent.com\/spectacle-anne-roumanoff<\/a><\/p>\n<hr \/>\n<h3><strong><span style=\"text-decoration: underline;\">Conf\u00e9rence du Rav Drai :<\/span><br \/>\n<\/strong><\/h3>\n<p style=\"text-align: justify;\">Venez nombreuses et nombreux assister \u00e0 la conf\u00e9rence du <strong>Rav DRAI<\/strong> sur le th\u00e8me : \u00ab\u00a0<em>Comment motiver un enfant ?<\/em>\u00a0\u00bb <strong>samedi 18 novembre 2017 \u00e0 20h00<\/strong> \u00e0 l&rsquo;ACJBB Sud, 134bis rue du Point du Jour, 92100 Boulogne Billancourt.<\/p>\n<p><img decoding=\"async\" class=\"wp-image-1195 size-full aligncenter\" src=\"http:\/\/acjbb-sud.org\/wp-content\/uploads\/2017\/11\/Conf\u00e9rence-Rav-DRAI-181117.jpg\" alt=\"\" width=\"600\" srcset=\"https:\/\/acjbb-sud.org\/wp-content\/uploads\/2017\/11\/Conf\u00e9rence-Rav-DRAI-181117.jpg 800w, https:\/\/acjbb-sud.org\/wp-content\/uploads\/2017\/11\/Conf\u00e9rence-Rav-DRAI-181117-300x251.jpg 300w, https:\/\/acjbb-sud.org\/wp-content\/uploads\/2017\/11\/Conf\u00e9rence-Rav-DRAI-181117-768x643.jpg 768w\" sizes=\"(max-width: 800px) 100vw, 800px\" \/><\/p>\n<p><strong>Entr\u00e9e libre et public mixte<\/strong>. Un buffet suivra la conf\u00e9rence.<\/p>\n<p>N&rsquo;h\u00e9sitez pas \u00e0 partager et surtout \u00e0 venir !<\/p>\n<hr \/>\n<h3><strong><span style=\"text-decoration: underline;\">Conf\u00e9rence de Eliane Maarek :<\/span><br \/>\n<\/strong><\/h3>\n<p style=\"text-align: justify;\">La Communaut\u00e9 Juive de Boulogne Billancourt vous invite \u00e0 une conf\u00e9rence anim\u00e9e par Nina Maarek sur le th\u00e8me \u00ab\u00a0<em>Ne pas m\u00e9langer le lait et la viande, pourquoi ?<\/em>\u00a0\u00bb le <strong>mardi 21 novembre 2017 \u00e0 20h00<\/strong>, \u00e0 la Synagogue de Boulogne-Billancourt, 43 rue des Abondances .<\/p>\n<p><img decoding=\"async\" class=\"wp-image-1153 size-full aligncenter\" src=\"http:\/\/acjbb-sud.org\/wp-content\/uploads\/2017\/10\/acjbb-conference-cacherout-lait-viande-Eliane-Maarek.jpg\" alt=\"\" width=\"600\" srcset=\"https:\/\/acjbb-sud.org\/wp-content\/uploads\/2017\/10\/acjbb-conference-cacherout-lait-viande-Eliane-Maarek.jpg 1102w, https:\/\/acjbb-sud.org\/wp-content\/uploads\/2017\/10\/acjbb-conference-cacherout-lait-viande-Eliane-Maarek-300x170.jpg 300w, https:\/\/acjbb-sud.org\/wp-content\/uploads\/2017\/10\/acjbb-conference-cacherout-lait-viande-Eliane-Maarek-768x436.jpg 768w, https:\/\/acjbb-sud.org\/wp-content\/uploads\/2017\/10\/acjbb-conference-cacherout-lait-viande-Eliane-Maarek-1024x581.jpg 1024w, https:\/\/acjbb-sud.org\/wp-content\/uploads\/2017\/10\/acjbb-conference-cacherout-lait-viande-Eliane-Maarek-500x284.jpg 500w\" sizes=\"(max-width: 1102px) 100vw, 1102px\" \/><\/p>\n<p>Entr\u00e9e libre, public mixte.<\/p>\n<hr \/>\n<h3><strong><span style=\"text-decoration: underline;\">Conf\u00e9rence de Hanna Behar :<\/span><br \/>\n<\/strong><\/h3>\n<p>Venez nombreuses assister \u00e0 la conf\u00e9rence de <strong>Hanna Behar<\/strong> : \u201c<em>Le bonheur, j&rsquo;y ai droit !<\/em>\u201d<\/p>\n<p><img decoding=\"async\" class=\"wp-image-1164 size-full aligncenter\" src=\"http:\/\/acjbb-sud.org\/wp-content\/uploads\/2017\/11\/acjbb-sud-conference-hanna-behar-Le-Bonheur-jy-ai-droit.jpg\" alt=\"\" width=\"600\" srcset=\"https:\/\/acjbb-sud.org\/wp-content\/uploads\/2017\/11\/acjbb-sud-conference-hanna-behar-Le-Bonheur-jy-ai-droit.jpg 800w, https:\/\/acjbb-sud.org\/wp-content\/uploads\/2017\/11\/acjbb-sud-conference-hanna-behar-Le-Bonheur-jy-ai-droit-300x169.jpg 300w, https:\/\/acjbb-sud.org\/wp-content\/uploads\/2017\/11\/acjbb-sud-conference-hanna-behar-Le-Bonheur-jy-ai-droit-768x432.jpg 768w, https:\/\/acjbb-sud.org\/wp-content\/uploads\/2017\/11\/acjbb-sud-conference-hanna-behar-Le-Bonheur-jy-ai-droit-500x281.jpg 500w\" sizes=\"(max-width: 800px) 100vw, 800px\" \/><\/p>\n<p><strong>Dimanche 26 novembre \u00e0 20h00<\/strong> \u00e0 l&rsquo;ACJBB Sud, 134 bis rue du Point du Jour, 92100 Boulogne.<\/p>\n<p><strong>Entr\u00e9e libre et public f\u00e9minin<\/strong>. Un buffet suivra la conf\u00e9rence.<\/p>\n<p>N&rsquo;h\u00e9sitez pas \u00e0 partager et surtout \u00e0 venir !<\/p>\n<hr \/>\n<h3><strong><span style=\"text-decoration: underline;\">Soir\u00e9e Gala du CCJ 92 :<\/span><br \/>\n<\/strong><\/h3>\n<p style=\"text-align: justify;\">La Communaut\u00e9 juive de Boulogne est heureuse de se joindre \u00e0 l&rsquo;invitation du CCJ 92 et de la Mairie de Boulogne pour la Soir\u00e9e de Gala du CCJ 92, avec la repr\u00e9sentation priv\u00e9e du spectacle de Dany Boon \u00ab\u00a0Dany de Boon, des Hauts-de-France\u00a0\u00bb, le 4 d\u00e9cembre 2017 au Carr\u00e9 Belle-Feuille \u00e0 Boulogne.<\/p>\n<p><strong><span style=\"color: #ff0000;\">R\u00e9servez rapidement vos places !!!<\/span><\/strong><\/p>\n<p><img decoding=\"async\" class=\"aligncenter wp-image-1147 size-full\" src=\"http:\/\/acjbb-sud.org\/wp-content\/uploads\/2017\/10\/soiree-gala-2017-CCJ-92-Dany-Boon.png\" alt=\"\" width=\"600\" srcset=\"https:\/\/acjbb-sud.org\/wp-content\/uploads\/2017\/10\/soiree-gala-2017-CCJ-92-Dany-Boon.png 1122w, https:\/\/acjbb-sud.org\/wp-content\/uploads\/2017\/10\/soiree-gala-2017-CCJ-92-Dany-Boon-212x300.png 212w, https:\/\/acjbb-sud.org\/wp-content\/uploads\/2017\/10\/soiree-gala-2017-CCJ-92-Dany-Boon-768x1087.png 768w, https:\/\/acjbb-sud.org\/wp-content\/uploads\/2017\/10\/soiree-gala-2017-CCJ-92-Dany-Boon-724x1024.png 724w\" sizes=\"(max-width: 1122px) 100vw, 1122px\" \/><\/p>\n<p style=\"text-align: justify;\">Chers Amis,<\/p>\n<p style=\"text-align: justify;\">Nous sommes heureux de vous inviter \u00e0 la nouvelle soir\u00e9e de Gala du CCJ 92, <strong>Lundi 4 d\u00e9cembre 2017 \u00e0 20h00<\/strong> <strong>au Carr\u00e9 Belle-Feuille<\/strong> (60 rue de la Belle-Feuille \u00e0 Boulogne), en partenariat avec la Ville de Boulogne-Billancourt.<\/p>\n<p style=\"text-align: justify;\">Au programme, le tout nouveau <strong>\u00ab\u00a0One Man Show\u00a0\u00bb de <\/strong><strong>DANY BOON <\/strong>qui sera interpr\u00e9t\u00e9 en exclusivit\u00e9 pour le CCJ 92 !<\/p>\n<p style=\"text-align: justify;\">Nous vous attendons nombreux \u00e0 cette nouvelle soir\u00e9e exceptionnelle qui aura lieu sous l\u2019\u00e9gide du Consistoire et avec le soutien du FSJU.<\/p>\n<p style=\"text-align: justify;\">Comme \u00e0 notre habitude, cette soir\u00e9e r\u00e9publicaine r\u00e9unira de tr\u00e8s nombreuses personnalit\u00e9s dont le Pr\u00e9fet des Hauts-de-Seine, M. Pierre Soubelet et les repr\u00e9sentants des forces de police du d\u00e9partement, qui font un travail remarquable et discret tout au long de l&rsquo;ann\u00e9e.<\/p>\n<p><strong>Le tarif des places est le suivant :<\/strong><br \/>\n<strong>&#8211; <u>Tarif unique<\/u> (1\u00e8re cat\u00e9gorie) : 60 euros <\/strong><br \/>\n<strong>&#8211; Quelques places en seconde cat\u00e9gorie pour les<\/strong><strong> -20 ans<\/strong><strong> : 40 euros<\/strong><\/p>\n<p style=\"text-align: justify;\">Les r\u00e9servations se font uniquement par mail \u00e0 l\u2019adresse <a href=\"mailto:contactccj92@gmail.com\"><strong>contactccj92@gmail.com<\/strong><\/a> et seront valid\u00e9es par la r\u00e9ception du r\u00e8glement des places. Attention :<strong> <u>Places limit\u00e9es<\/u><\/strong>.<\/p>\n<p style=\"text-align: justify;\">Dans l\u2019attente et le plaisir de vous retrouver prochainement, nous vous souhaitons une excellente semaine.<\/p>\n<div><\/div>\n<div><strong>Elie KORCHIA<\/strong><\/div>\n<div><em>Pr\u00e9sident du CCJ 92<\/em><\/div>\n<div><em>Vice-pr\u00e9sident du Consistoire de Paris<\/em><\/div>\n<hr \/>\n<h3><strong><span style=\"text-decoration: underline;\">Dvar Thorah et enseignements :<\/span><br \/>\n<\/strong><\/h3>\n<p><em><strong>par le Rav Mika\u00ebl Mouyal<\/strong><\/em><\/p>\n<h2 style=\"text-align: center;\"><strong>Le coin &lsquo;Hidouchim<\/strong><\/h2>\n<h3><strong>\u00ab Avraham pesa pour Efron (\u05e2\u05e4\u05e8\u05df) l&rsquo;argent dont il avait parl\u00e9 aux oreilles des habitants de &lsquo;Het \u00bb (23, 16) :<\/strong><\/h3>\n<p style=\"text-align: justify;\">Dans tout ce paragraphe, le nom de Efron est \u00e9crit en entier, avec la lettre Vav : \u201c\u05e2\u05e4\u05e8\u05d5\u05df\u201d, sauf dans ce verset o\u00f9 il est \u00e9crit sans le Vav (\u05e2\u05e4\u05e8\u05df). Rachi explique que la Thora vient ici faire allusion au fait que Efron a certes au d\u00e9but, tenu de belles paroles, offrant le terrain (o\u00f9 se trouvait la grotte de Makhpela) \u00e0 Avraham. Mais finalement, il n&rsquo;en a rien fait, prenant de Avraham beaucoup d&rsquo;argent.<br \/>\nCe grand d\u00e9faut de sa part s&rsquo;est exprim\u00e9 par la r\u00e9duction d&rsquo;une lettre de son nom.<br \/>\nNos Ma\u00eetres disent que le nom d&rsquo;une personne refl\u00e8te l&rsquo;essence profonde de cette personne. Ainsi, si le nom de Efron est r\u00e9duit, c&rsquo;est que par le mauvais comportement qu&rsquo;il a adopt\u00e9, il en a \u00e9t\u00e9 r\u00e9duit dans son \u00eatre, celui-ci a donc chang\u00e9 n\u00e9gativement. Cela vient nous apprendre que les actions d&rsquo;une personne ne restent pas ext\u00e9rieures \u00e0 elle. En r\u00e9alit\u00e9, elles influent sur son identit\u00e9 et sa nature pour m\u00eame les modifier, en bien comme en mal.<br \/>\n(L\u00e9&rsquo;ovdekha B\u00e9\u00e9met)<\/p>\n<h3><strong>\u00ab Hachem b\u00e9nit Avraham en tout \u00bb (24, 1) :<\/strong><\/h3>\n<p style=\"text-align: justify;\">L&rsquo;essentiel de la b\u00e9n\u00e9diction que peut recevoir un homme Juste, c&rsquo;est lorsque tout le monde est b\u00e9ni. Il ne recherche pas son bien-\u00eatre individuel mais bien la r\u00e9ussite collective. C&rsquo;est ce que dit le verset, en allusion : \u00ab Hachem b\u00e9nit Avraham <strong>en tout<\/strong> (\u05d1\u05db\u05dc) \u00bb, que l&rsquo;on peut aussi traduire par \u00ab par tous \u00bb. Ainsi, Avraham a \u00e9t\u00e9 b\u00e9ni par le fait que tous l&rsquo;ont \u00e9t\u00e9. C&rsquo;est seulement quand tout le monde est b\u00e9ni que Avraham peut consid\u00e9rer l&rsquo;\u00eatre \u00e9galement.<br \/>\n(Kedouchat Levy)<\/p>\n<h3><strong>\u00ab L&rsquo;homme prit une boucle en or qui pesait un demi-sicle, et deux bracelets&#8230;, d&rsquo;un poids de dix pi\u00e8ces d&rsquo;or \u00bb (24,22) \u00bb :<\/strong><\/h3>\n<p style=\"text-align: justify;\">Rachi explique que par la boucle d&rsquo;un demi-sicle, Eliezer voulait faire allusion \u00e0 Rivka au don du demi Chekel qui se r\u00e9alisera dans le futur. De m\u00eame, par les deux bracelets de dix pi\u00e8ces d&rsquo;or, il lui fit allusion aux deux Tables de la loi qui contiendront les dix commandements. Mais on peut se demander pourquoi toutes ces allusions ?<br \/>\nEn fait, le demi Chekel symbolise le Service d&rsquo;Hachem par les sacrifices qui \u00e9taient achet\u00e9s par le don des demis Chekel. D&rsquo;autre part, les Tables de la loi rappellent bien-s\u00fbr la Thora. Quand Eliezer constata chez Rivka qu&rsquo;elle d\u00e9veloppait le pilier de la bont\u00e9 de la fa\u00e7on la plus remarquable et exceptionnelle, il lui \u201coffrit\u201d les deux autres piliers, celui du Service et celui de la Thora. (Selon nos Sages, le monde tient sur ces trois piliers : la Thora, le Service et la bont\u00e9). Ceci vient enseigner que celui qui se donne au maximum pour d\u00e9velopper une qualit\u00e9, les autres qualit\u00e9s lui viendront naturellement, comme si elles lui seront offertes.<br \/>\n(&lsquo;Hidouch\u00e9 Harim)<\/p>\n<h3><strong>\u00ab Yits&rsquo;hak sortit discuter dans le champ vers le soir \u00bb (24, 63) :<\/strong><\/h3>\n<p style=\"text-align: justify;\">Nos Sages disent que cette discussion exprime en fait une pri\u00e8re. Cela vient nous apprendre qu&rsquo;il a institu\u00e9 la pri\u00e8re de Min&rsquo;ha, que l&rsquo;on r\u00e9cite l&rsquo;apr\u00e8s-midi.<br \/>\nLe Talmud enseigne que la pri\u00e8re la plus importante, \u00e0 laquelle il faut \u00eatre le plus vigilent, c&rsquo;est Min&rsquo;ha. La raison en est qu&rsquo;elle est prononc\u00e9e l&rsquo;apr\u00e8s-midi, quand l&rsquo;homme est encore affair\u00e9 \u00e0 son travail. En revanche, Cha&rsquo;harit est r\u00e9cit\u00e9 le matin, avant le travail, et Arvit, le soir, quand on est de retour \u00e0 la maison. Pour prier Min&rsquo;ha, il faut arr\u00eater son travail parfois m\u00eame en plein milieu, ce qui peut \u00eatre difficile, d&rsquo;o\u00f9 son importance. A l&rsquo;\u00e9poque, le travail le plus courant \u00e9tait l&rsquo;agriculture. Ainsi, la valeur de Min&rsquo;ha, c&rsquo;est qu&rsquo;elle est r\u00e9cit\u00e9e quand on est encore dans le champ : \u00ab Yits&rsquo;hak sortit discuter (= prier) dans le champ \u00bb, c&rsquo;est bien Min&rsquo;ha.<br \/>\n(Rav Z\u00e9vin)<\/p>\n<h2 style=\"text-align: center;\"><strong>Le coin Halakha<\/strong><\/h2>\n<p style=\"text-align: justify;\">Si on souhaite enlever une partie de la &lsquo;Halla qui est trop grill\u00e9e, on pourra le faire si on retire aussi un peu de &lsquo;Halla non grill\u00e9e avec.<br \/>\nSi on souhaite servir de la soupe qui contient des l\u00e9gumes ou de la viande, on ne pourra pas enlever la viande ou les l\u00e9gumes de la soupe pour ensuite servir la soupe. Cependant, certains d\u00e9cisionnaires permettent de faire cela si on va consommer cette viande ou ce l\u00e9gume juste apr\u00e8s la soupe. Mais, si on a d\u00e9j\u00e0 servi la soupe et que quelqu&rsquo;un souhaite manger la viande ou les l\u00e9gumes s\u00e9par\u00e9ment de la soupe, alors on pourra les enlever et les manger de suite, simultan\u00e9ment avec la soupe.<br \/>\nOn ne peut pas sortir la viande ou les l\u00e9gumes de la soupe, m\u00eame avec une cuill\u00e8re trou\u00e9e faite pour cela.<br \/>\nSi une mouche (par exemple) est tomb\u00e9e dans un liquide (soupe, eau, jus&#8230;), on pourra verser du bol ou du verre un peu de ce liquide, jusqu&rsquo;\u00e0 ce que la mouche tombe.<\/p>\n<h2 style=\"text-align: center;\"><strong>Le coin histoire<\/strong><\/h2>\n<p style=\"text-align: justify;\">Y\u00e9&rsquo;hiel, le petit-fils de Rabbi Baroukh, jouait un jour \u00e0 cache-cache avec un autre gar\u00e7on. Il se cacha bien et attendit que son camarade le trouve. Il attendit longtemps.<br \/>\nFinalement il sortit de sa cachette, mais l&rsquo;autre avait disparu, et Y\u00e9&rsquo;hiel comprit qu&rsquo;il ne l&rsquo;avait pas cherch\u00e9 du tout.<br \/>\nCela le fit pleurer, et c&rsquo;est en pleurant qu&rsquo;il courut chez son grand-p\u00e8re se plaindre de ce mauvais camarade.<br \/>\nAlors, les yeux pleins de larmes, Rabbi Baroukh s&rsquo;\u00e9cria : \u00ab Hachem dit la m\u00eame chose : Je me cache, mais personne ne veut Me chercher \u00bb &#8230;<br \/>\nHachem a cr\u00e9\u00e9 un monde o\u00f9 Il est cach\u00e9, essentiellement pour donner le travail \u00e0 l&rsquo;homme de Le retrouver. Mais malheureusement, il arrive souvent qu&rsquo;on essaye m\u00eame pas de Le chercher.<\/p>\n<h2 style=\"text-align: center;\"><strong>Le coin \u00e9tude<\/strong><\/h2>\n<p><strong>R\u00e9unir les deux mondes<\/strong><\/p>\n<p style=\"text-align: justify;\">Apr\u00e8s la mort de Sarah, Avraham se pr\u00e9pare \u00e0 l&rsquo;enterrer dans la grotte de Makhpela. Cette grotte porte ce nom, qui a la racine du mot Kafoul (signifiant : double), car elle est doubl\u00e9e par des couples. En effet, y sont enterr\u00e9s Adam et &lsquo;Hava, et vont y \u00eatre enterr\u00e9s Avraham et Sarah, Yits&rsquo;hak et Rivka, ainsi que Yaacov et L\u00e9a. Mais quelle est la sp\u00e9cificit\u00e9 de cette grotte, pour que ce soient justement des couples qui y sont enterr\u00e9s ?<br \/>\nD&rsquo;autre part, le Midrash dit que l&rsquo;\u00e9loge fun\u00e8bre que Avraham a prononc\u00e9 pour Sarah \u00e9tait le texte du \u00ab Echet &lsquo;Ha\u00efl \u00bb (que l&rsquo;on r\u00e9cite avant le Kidouch du vendredi soir). Il y est dit : \u00ab Elle d\u00e9sira le champ et l&rsquo;a acquis \u00bb. Cela se r\u00e9f\u00e8re, selon ce Midrash, \u00e0 Sarah, qui d\u00e9sira le champ de Makhpela et en fit l&rsquo;acquisition, pour y \u00eatre enterr\u00e9e. Cela est bien-s\u00fbr tr\u00e8s \u00e9tonnant. Ce n&rsquo;est pas Sarah qui a acquis le champ de Makhpela ! C&rsquo;est Avraham, comme on le voit en longueur dans notre Paracha !<br \/>\nEn fait, pour comprendre cela, il convient de rapporter un enseignement du Zohar, qui dit que la grotte de Makhpela, c&rsquo;est la porte du Paradis (Gan Eden). C&rsquo;est \u00e0 dire que c&rsquo;est la porte entre les deux mondes : le monde d&rsquo;en-bas et le monde d&rsquo;en-haut. Une porte, c&rsquo;est ce qui marque le passage entre deux domaines. On passe d&rsquo;un lieu \u00e0 un autre en traversant la porte. En cela, une porte permet aussi de relier ces deux endroits. La porte du Paradis, c&rsquo;est ce qui relie notre monde au monde d&rsquo;en-haut, c&rsquo;est ce qui relie le ciel et la terre.<br \/>\nApparemment, le ciel et la terre constituent deux oppos\u00e9s. D&rsquo;une part, le ciel symbolise la spiritualit\u00e9, c&rsquo;est le lieu qui se r\u00e9f\u00e8re \u00e0 Hachem, notre P\u00e8re qui est dans les Cieux. Il est bien dit : \u00ab Le Ciel appartient \u00e0 Hachem \u00bb. En revanche, la terre est le lieu de la mat\u00e9rialit\u00e9, de la bassesse. Les cr\u00e9atures qui y vivent sont r\u00e9duites \u00e0 une vie plut\u00f4t grossi\u00e8re, et vaquent \u00e0 des occupations physiques, tels que manger, boire, dormir, accumuler de l&rsquo;argent et des biens&#8230; Comme le dit la suite du verset pr\u00e9c\u00e9demment cit\u00e9 : \u00ab Et la terre, Il l&rsquo;a donn\u00e9e aux \u00eatres humains \u00bb. La terre est le lieu o\u00f9 l&rsquo;homme vie et m\u00e8ne une existence plut\u00f4t banale.<br \/>\nEt malgr\u00e9 tout, un autre verset vient dire que : \u00ab A Hachem appartient la terre et ce qu&rsquo;elle contient \u00bb. C&rsquo;est \u00e0 dire que, de fa\u00e7on dissimul\u00e9e et cach\u00e9e, la terre renferme aussi l&rsquo;Honneur d&rsquo;Hachem. Et ce, au point que nos Sages affirment que : \u00ab Tout ce qu&rsquo;Hachem a cr\u00e9\u00e9, Il ne l&rsquo;a cr\u00e9\u00e9 que pour Son Honneur \u00bb. Rien n&rsquo;est fortuit ou inutile. Ainsi, malgr\u00e9 l&rsquo;apparence de la terre comme grossi\u00e8re et mat\u00e9rielle, au fond elle cache la Pr\u00e9sence du Cr\u00e9ateur.<br \/>\nCela signifie que chaque \u00e9l\u00e9ment que Hachem a cr\u00e9\u00e9 sur terre, peut servir \u00e0 attester de Son Existence et peut \u00eatre utilis\u00e9 pour Son Service. L&rsquo;homme peut utiliser le monde et tout ce qu&rsquo;il renferme, pour servir Hachem. Et alors, par cela, il s&rsquo;\u00e9l\u00e8ve et \u00e9l\u00e8ve le monde avec lui. La dimension spirituelle et Divine pr\u00e9sente dans le monde de fa\u00e7on voil\u00e9e, peut alors se r\u00e9v\u00e9ler. De cette fa\u00e7on, le ciel et la terre se r\u00e9unissent. L&rsquo;homme, par le Service d&rsquo;Hachem, arrive \u00e0 \u00e9lever la terre vers le ciel, ou encore \u00e0 r\u00e9v\u00e9ler ce ciel qui se cache dans la terre. C&rsquo;est cela m\u00eame le but de l&rsquo;Homme. Hachem l&rsquo;a cr\u00e9\u00e9 dans ce monde, pour utiliser les existences mat\u00e9rielles qui se pr\u00e9sentent \u00e0 lui, pour les raffiner et les \u00e9lever. Chacun de ses comportements devraient tendre vers cet id\u00e9al.<br \/>\nLe lieu par excellence qui exprime cette union entre le ciel et la terre, c&rsquo;est la ville de &lsquo;Hevron. Le nom de cette ville, a la m\u00eame racine h\u00e9bra\u00efque que le mot &lsquo;Hibour, qui signifie \u201clien\u201d, \u201cr\u00e9union\u201d. Car, c&rsquo;est le lieu o\u00f9 se r\u00e9unissent la terre et le ciel. C&rsquo;est dans cette ville o\u00f9 se trouve la grotte de Makhpela, o\u00f9 sont enterr\u00e9s nos patriarches et leurs \u00e9pouses, nos matriarches. Ce sont eux qui ont atteints, de leur vivant, la dimension la plus parfaite d&rsquo;une vie mat\u00e9rielle, sur terre, sanctifi\u00e9e le plus possible par le Service d&rsquo;Hachem, pour l&rsquo;\u00e9lever et la relier avec le Ciel. Ils ont donc \u00e9t\u00e9 enterr\u00e9s dans cette ville qui relie ces deux dimensions.<br \/>\nNos Sages enseignent que l&rsquo;homme et la femme sont associ\u00e9s dans cette mission. L&rsquo;homme est celui qui doit \u00e9tudier la Thora (la femme est essentiellement dispens\u00e9e de cette \u00e9tude). Il doit rester connect\u00e9 avec le monde d&rsquo;en-haut. La femme, en revanche, s&rsquo;occupe de tout ce qui est li\u00e9 \u00e0 la maison. Elle est plus terre \u00e0 terre. En fait, l&rsquo;association id\u00e9ale entre un homme et une femme s&rsquo;exprime par le fait que le mari am\u00e8ne la Thora et la spiritualit\u00e9 \u00e0 la maison. Alors, la femme va utiliser cette Thora apport\u00e9e par son mari, pour l&rsquo;appliquer aux diff\u00e9rentes situations de la vie concr\u00e8te et mat\u00e9rielle auxquelles ils sont confront\u00e9s. De la sorte, c&rsquo;est \u00e0 travers le couple que ce travail de raffinement de la mati\u00e8re pourra se faire de la meilleure fa\u00e7on. L&rsquo;homme tout seul ne pourra pas appliquer sa Thora dans le monde. La femme toute seule n&rsquo;aura pas cette Thora pour raffiner son monde. C&rsquo;est pourquoi, la r\u00e9union du ciel et de la terre, qui se r\u00e9alise surtout par le couple, passe par la grotte de Makhpela, la porte du paradis, le lieu qui r\u00e9unie les deux mondes.<br \/>\nOn peut \u00e0 pr\u00e9sent comprendre pourquoi dans cette grotte, ce sont justement des couples qui y sont enterr\u00e9s. C&rsquo;est le travail du couple par excellence qui permet justement la r\u00e9union entre la mati\u00e8re et l&rsquo;esprit, pour vivre une vie \u00e9lev\u00e9e, \u00e0 proximit\u00e9 avec Hachem, dans un monde bas, o\u00f9 se dissimule Sa Pr\u00e9sence.<br \/>\nMais c&rsquo;est surtout la femme qui joue le r\u00f4le essentiel, car c&rsquo;est elle qui entre le plus en contact avec la vie mat\u00e9rielle. C&rsquo;est elle qui, concr\u00e8tement, \u00e9l\u00e8ve le monde, m\u00eame si pour cela elle a besoin d&rsquo;utiliser la Thora de son mari. L&rsquo;homme, qui est plus en retrait de la mat\u00e9rialit\u00e9, joue un r\u00f4le plus limit\u00e9 dans l&rsquo;\u00e9l\u00e9vation du monde. C&rsquo;est ainsi que Sarah, en tant que femme d&rsquo;Avraham, n&rsquo;a pas cess\u00e9, de son vivant, d&rsquo;impr\u00e9gner toutes les situations du monde qu&rsquo;elle rencontrait, par la Saintet\u00e9 d&rsquo;Hachem. Elle profitait de chaque occasion pour r\u00e9v\u00e9ler l&rsquo;Honneur Divine dans chaque \u00e9l\u00e9ment.<br \/>\nOn peut ainsi comprendre l&rsquo;\u00e9loge qu&rsquo;Avraham lui fit. \u00ab Elle a d\u00e9sir\u00e9 le champ et l&rsquo;a acquis \u00bb. Effectivement, Sarah a acquis la grotte de Makhpela. Et ce, par tout le travail de sa vie. En vivant pour r\u00e9v\u00e9ler le Divin cach\u00e9 dans le monde physique, elle a r\u00e9ussi \u00e0 r\u00e9unir les deux mondes. Par ce travail, elle a r\u00e9ellement fait l&rsquo;acquisition de cette grotte, qui est la porte qui fait le lien entre le monde mat\u00e9riel et le monde spirituel. Elle n&rsquo;accomplissait aucun acte mat\u00e9riel pour r\u00e9pondre \u00e0 un besoin mat\u00e9riel, mais uniquement pour pouvoir encore plus Servir Hachem. Ainsi, c&rsquo;est bien elle qui a acquis la grotte de Makhpela, car elle a su donner de la grandeur \u00e0 une vie dans ce monde, en la vouant au Nom d&rsquo;Hachem.<br \/>\n(Bas\u00e9 sur Chiour L\u00e9yom HaChabbat)<\/p>\n<h2 style=\"text-align: center;\"><strong>Le coin &lsquo;Hizouk<\/strong><\/h2>\n<p style=\"text-align: justify;\">Le peuple d&rsquo;Isra\u00ebl est compar\u00e9, dans la Thora, aux \u00e9toiles du ciel. En effet, de la m\u00eame fa\u00e7on que les \u00e9toiles paraissent toutes petites ici-bas, alors qu&rsquo;en-haut, dans le ciel, elles sont tr\u00e8s grandes. Ainsi, le peuple d&rsquo;Isra\u00ebl est per\u00e7u comme insignifiant ici-bas, dans notre monde. En revanche, dans les Cieux, aupr\u00e8s d&rsquo;Hachem, il est tr\u00e8s grand et tr\u00e8s important.<br \/>\n(Baal Chem Tov)<\/p>\n<hr \/>\n<p><strong>Chabbat Chalom !!!<\/strong><\/p>\n","protected":false},"excerpt":{"rendered":"<p>Paracha &lsquo;Hay\u00e9-Sarah \/ \u05e4\u05e8\u05e9\u05d4 \u05d7\u05d9\u05d9 \u05e9\u05e8\u05d4 10\/11 novembre 2017 &#8211; 22 &lsquo;Hechvan 5778 \/ \u05db&rsquo;\u05d1 \u05d7\u05e9\u05d5\u05df \u05d4-\u05ea\u05e9\u05e2&rsquo;\u05d7 Chabbat des jeunes : A l&rsquo;occasion du Chabbat des jeunes, la lecture de la Paracha et les offices seront assur\u00e9s par les jeunes de la communaut\u00e9. Les Horaires : Vendredi soir : 17h00 : Min\u2019ha suivi d&rsquo;un cours &hellip; <\/p>\n<p><a class=\"more-link btn\" href=\"https:\/\/acjbb-sud.org\/index.php\/2017\/11\/09\/chabbat-haye-sarah-5778\/\">Lire la suite<\/a><\/p>\n","protected":false},"author":1,"featured_media":216,"comment_status":"open","ping_status":"open","sticky":false,"template":"","format":"standard","meta":{"jetpack_post_was_ever_published":false,"_jetpack_newsletter_access":"","_jetpack_dont_email_post_to_subs":false,"_jetpack_newsletter_tier_id":0,"_jetpack_memberships_contains_paywalled_content":false,"_jetpack_memberships_contains_paid_content":false,"footnotes":"","jetpack_publicize_message":"","jetpack_publicize_feature_enabled":true,"jetpack_social_post_already_shared":true,"jetpack_social_options":{"image_generator_settings":{"template":"highway","default_image_id":0,"font":"","enabled":false},"version":2}},"categories":[3,4],"tags":[47,76],"class_list":["post-1206","post","type-post","status-publish","format-standard","has-post-thumbnail","hentry","category-chabbat","category-chabbat-des-jeunes","tag-chabbat","tag-haye-sarah","item-wrap"],"yoast_head":"<!-- This site is optimized with the Yoast SEO plugin v26.6 - https:\/\/yoast.com\/wordpress\/plugins\/seo\/ -->\n<title>Chabbat &#039;Hay\u00e9-Sarah - Synagogue ACJBB Boulogne Sud<\/title>\n<meta name=\"robots\" content=\"index, follow, max-snippet:-1, max-image-preview:large, max-video-preview:-1\" \/>\n<link rel=\"canonical\" href=\"https:\/\/acjbb-sud.org\/index.php\/2017\/11\/09\/chabbat-haye-sarah-5778\/\" \/>\n<meta property=\"og:locale\" content=\"fr_FR\" \/>\n<meta property=\"og:type\" content=\"article\" \/>\n<meta property=\"og:title\" content=\"Chabbat &#039;Hay\u00e9-Sarah - Synagogue ACJBB Boulogne Sud\" \/>\n<meta property=\"og:description\" content=\"Paracha &lsquo;Hay\u00e9-Sarah \/ \u05e4\u05e8\u05e9\u05d4 \u05d7\u05d9\u05d9 \u05e9\u05e8\u05d4 10\/11 novembre 2017 &#8211; 22 &lsquo;Hechvan 5778 \/ \u05db&rsquo;\u05d1 \u05d7\u05e9\u05d5\u05df \u05d4-\u05ea\u05e9\u05e2&rsquo;\u05d7 Chabbat des jeunes : A l&rsquo;occasion du Chabbat des jeunes, la lecture de la Paracha et les offices seront assur\u00e9s par les jeunes de la communaut\u00e9. Les Horaires : Vendredi soir : 17h00 : Min\u2019ha suivi d&rsquo;un cours &hellip; Lire la suite\" \/>\n<meta property=\"og:url\" content=\"https:\/\/acjbb-sud.org\/index.php\/2017\/11\/09\/chabbat-haye-sarah-5778\/\" \/>\n<meta property=\"og:site_name\" content=\"Synagogue ACJBB Boulogne Sud\" \/>\n<meta property=\"article:published_time\" content=\"2017-11-09T10:00:58+00:00\" \/>\n<meta property=\"article:modified_time\" content=\"2018-01-10T13:29:02+00:00\" \/>\n<meta property=\"og:image\" content=\"https:\/\/acjbb-sud.org\/wp-content\/uploads\/2016\/10\/chabbath-pain-et-bougies-1810-1.jpg\" \/>\n\t<meta property=\"og:image:width\" content=\"660\" \/>\n\t<meta property=\"og:image:height\" content=\"360\" \/>\n\t<meta property=\"og:image:type\" content=\"image\/jpeg\" \/>\n<meta name=\"author\" content=\"AcjbbSud\" \/>\n<meta name=\"twitter:card\" content=\"summary_large_image\" \/>\n<meta name=\"twitter:label1\" content=\"\u00c9crit par\" \/>\n\t<meta name=\"twitter:data1\" content=\"AcjbbSud\" \/>\n\t<meta name=\"twitter:label2\" content=\"Dur\u00e9e de lecture estim\u00e9e\" \/>\n\t<meta name=\"twitter:data2\" content=\"21 minutes\" \/>\n<script type=\"application\/ld+json\" class=\"yoast-schema-graph\">{\"@context\":\"https:\/\/schema.org\",\"@graph\":[{\"@type\":\"WebPage\",\"@id\":\"https:\/\/acjbb-sud.org\/index.php\/2017\/11\/09\/chabbat-haye-sarah-5778\/\",\"url\":\"https:\/\/acjbb-sud.org\/index.php\/2017\/11\/09\/chabbat-haye-sarah-5778\/\",\"name\":\"Chabbat 'Hay\u00e9-Sarah - Synagogue ACJBB Boulogne Sud\",\"isPartOf\":{\"@id\":\"https:\/\/acjbb-sud.org\/#website\"},\"primaryImageOfPage\":{\"@id\":\"https:\/\/acjbb-sud.org\/index.php\/2017\/11\/09\/chabbat-haye-sarah-5778\/#primaryimage\"},\"image\":{\"@id\":\"https:\/\/acjbb-sud.org\/index.php\/2017\/11\/09\/chabbat-haye-sarah-5778\/#primaryimage\"},\"thumbnailUrl\":\"https:\/\/acjbb-sud.org\/wp-content\/uploads\/2016\/10\/chabbath-pain-et-bougies-1810-1.jpg\",\"datePublished\":\"2017-11-09T10:00:58+00:00\",\"dateModified\":\"2018-01-10T13:29:02+00:00\",\"author\":{\"@id\":\"https:\/\/acjbb-sud.org\/#\/schema\/person\/adc8f09fb72c9d0dc78509106dc5e9f0\"},\"breadcrumb\":{\"@id\":\"https:\/\/acjbb-sud.org\/index.php\/2017\/11\/09\/chabbat-haye-sarah-5778\/#breadcrumb\"},\"inLanguage\":\"fr-FR\",\"potentialAction\":[{\"@type\":\"ReadAction\",\"target\":[\"https:\/\/acjbb-sud.org\/index.php\/2017\/11\/09\/chabbat-haye-sarah-5778\/\"]}]},{\"@type\":\"ImageObject\",\"inLanguage\":\"fr-FR\",\"@id\":\"https:\/\/acjbb-sud.org\/index.php\/2017\/11\/09\/chabbat-haye-sarah-5778\/#primaryimage\",\"url\":\"https:\/\/acjbb-sud.org\/wp-content\/uploads\/2016\/10\/chabbath-pain-et-bougies-1810-1.jpg\",\"contentUrl\":\"https:\/\/acjbb-sud.org\/wp-content\/uploads\/2016\/10\/chabbath-pain-et-bougies-1810-1.jpg\",\"width\":660,\"height\":360},{\"@type\":\"BreadcrumbList\",\"@id\":\"https:\/\/acjbb-sud.org\/index.php\/2017\/11\/09\/chabbat-haye-sarah-5778\/#breadcrumb\",\"itemListElement\":[{\"@type\":\"ListItem\",\"position\":1,\"name\":\"Accueil\",\"item\":\"https:\/\/acjbb-sud.org\/\"},{\"@type\":\"ListItem\",\"position\":2,\"name\":\"Chabbat &lsquo;Hay\u00e9-Sarah\"}]},{\"@type\":\"WebSite\",\"@id\":\"https:\/\/acjbb-sud.org\/#website\",\"url\":\"https:\/\/acjbb-sud.org\/\",\"name\":\"Synagogue ACJBB Boulogne Sud\",\"description\":\"Synagogue \/ Association Communautaire Juive de Boulogne Billancourt (Sud)\",\"potentialAction\":[{\"@type\":\"SearchAction\",\"target\":{\"@type\":\"EntryPoint\",\"urlTemplate\":\"https:\/\/acjbb-sud.org\/?s={search_term_string}\"},\"query-input\":{\"@type\":\"PropertyValueSpecification\",\"valueRequired\":true,\"valueName\":\"search_term_string\"}}],\"inLanguage\":\"fr-FR\"},{\"@type\":\"Person\",\"@id\":\"https:\/\/acjbb-sud.org\/#\/schema\/person\/adc8f09fb72c9d0dc78509106dc5e9f0\",\"name\":\"AcjbbSud\",\"image\":{\"@type\":\"ImageObject\",\"inLanguage\":\"fr-FR\",\"@id\":\"https:\/\/acjbb-sud.org\/#\/schema\/person\/image\/\",\"url\":\"https:\/\/secure.gravatar.com\/avatar\/ea30fe7a8231c8c0bf30066f86006714af7be34ba414543eaab3e453b92901aa?s=96&d=mm&r=g\",\"contentUrl\":\"https:\/\/secure.gravatar.com\/avatar\/ea30fe7a8231c8c0bf30066f86006714af7be34ba414543eaab3e453b92901aa?s=96&d=mm&r=g\",\"caption\":\"AcjbbSud\"},\"url\":\"https:\/\/acjbb-sud.org\/index.php\/author\/acjbbsud\/\"}]}<\/script>\n<!-- \/ Yoast SEO plugin. -->","yoast_head_json":{"title":"Chabbat 'Hay\u00e9-Sarah - Synagogue ACJBB Boulogne Sud","robots":{"index":"index","follow":"follow","max-snippet":"max-snippet:-1","max-image-preview":"max-image-preview:large","max-video-preview":"max-video-preview:-1"},"canonical":"https:\/\/acjbb-sud.org\/index.php\/2017\/11\/09\/chabbat-haye-sarah-5778\/","og_locale":"fr_FR","og_type":"article","og_title":"Chabbat 'Hay\u00e9-Sarah - Synagogue ACJBB Boulogne Sud","og_description":"Paracha &lsquo;Hay\u00e9-Sarah \/ \u05e4\u05e8\u05e9\u05d4 \u05d7\u05d9\u05d9 \u05e9\u05e8\u05d4 10\/11 novembre 2017 &#8211; 22 &lsquo;Hechvan 5778 \/ \u05db&rsquo;\u05d1 \u05d7\u05e9\u05d5\u05df \u05d4-\u05ea\u05e9\u05e2&rsquo;\u05d7 Chabbat des jeunes : A l&rsquo;occasion du Chabbat des jeunes, la lecture de la Paracha et les offices seront assur\u00e9s par les jeunes de la communaut\u00e9. Les Horaires : Vendredi soir : 17h00 : Min\u2019ha suivi d&rsquo;un cours &hellip; Lire la suite","og_url":"https:\/\/acjbb-sud.org\/index.php\/2017\/11\/09\/chabbat-haye-sarah-5778\/","og_site_name":"Synagogue ACJBB Boulogne Sud","article_published_time":"2017-11-09T10:00:58+00:00","article_modified_time":"2018-01-10T13:29:02+00:00","og_image":[{"width":660,"height":360,"url":"https:\/\/acjbb-sud.org\/wp-content\/uploads\/2016\/10\/chabbath-pain-et-bougies-1810-1.jpg","type":"image\/jpeg"}],"author":"AcjbbSud","twitter_card":"summary_large_image","twitter_misc":{"\u00c9crit par":"AcjbbSud","Dur\u00e9e de lecture estim\u00e9e":"21 minutes"},"schema":{"@context":"https:\/\/schema.org","@graph":[{"@type":"WebPage","@id":"https:\/\/acjbb-sud.org\/index.php\/2017\/11\/09\/chabbat-haye-sarah-5778\/","url":"https:\/\/acjbb-sud.org\/index.php\/2017\/11\/09\/chabbat-haye-sarah-5778\/","name":"Chabbat 'Hay\u00e9-Sarah - Synagogue ACJBB Boulogne Sud","isPartOf":{"@id":"https:\/\/acjbb-sud.org\/#website"},"primaryImageOfPage":{"@id":"https:\/\/acjbb-sud.org\/index.php\/2017\/11\/09\/chabbat-haye-sarah-5778\/#primaryimage"},"image":{"@id":"https:\/\/acjbb-sud.org\/index.php\/2017\/11\/09\/chabbat-haye-sarah-5778\/#primaryimage"},"thumbnailUrl":"https:\/\/acjbb-sud.org\/wp-content\/uploads\/2016\/10\/chabbath-pain-et-bougies-1810-1.jpg","datePublished":"2017-11-09T10:00:58+00:00","dateModified":"2018-01-10T13:29:02+00:00","author":{"@id":"https:\/\/acjbb-sud.org\/#\/schema\/person\/adc8f09fb72c9d0dc78509106dc5e9f0"},"breadcrumb":{"@id":"https:\/\/acjbb-sud.org\/index.php\/2017\/11\/09\/chabbat-haye-sarah-5778\/#breadcrumb"},"inLanguage":"fr-FR","potentialAction":[{"@type":"ReadAction","target":["https:\/\/acjbb-sud.org\/index.php\/2017\/11\/09\/chabbat-haye-sarah-5778\/"]}]},{"@type":"ImageObject","inLanguage":"fr-FR","@id":"https:\/\/acjbb-sud.org\/index.php\/2017\/11\/09\/chabbat-haye-sarah-5778\/#primaryimage","url":"https:\/\/acjbb-sud.org\/wp-content\/uploads\/2016\/10\/chabbath-pain-et-bougies-1810-1.jpg","contentUrl":"https:\/\/acjbb-sud.org\/wp-content\/uploads\/2016\/10\/chabbath-pain-et-bougies-1810-1.jpg","width":660,"height":360},{"@type":"BreadcrumbList","@id":"https:\/\/acjbb-sud.org\/index.php\/2017\/11\/09\/chabbat-haye-sarah-5778\/#breadcrumb","itemListElement":[{"@type":"ListItem","position":1,"name":"Accueil","item":"https:\/\/acjbb-sud.org\/"},{"@type":"ListItem","position":2,"name":"Chabbat &lsquo;Hay\u00e9-Sarah"}]},{"@type":"WebSite","@id":"https:\/\/acjbb-sud.org\/#website","url":"https:\/\/acjbb-sud.org\/","name":"Synagogue ACJBB Boulogne Sud","description":"Synagogue \/ Association Communautaire Juive de Boulogne Billancourt (Sud)","potentialAction":[{"@type":"SearchAction","target":{"@type":"EntryPoint","urlTemplate":"https:\/\/acjbb-sud.org\/?s={search_term_string}"},"query-input":{"@type":"PropertyValueSpecification","valueRequired":true,"valueName":"search_term_string"}}],"inLanguage":"fr-FR"},{"@type":"Person","@id":"https:\/\/acjbb-sud.org\/#\/schema\/person\/adc8f09fb72c9d0dc78509106dc5e9f0","name":"AcjbbSud","image":{"@type":"ImageObject","inLanguage":"fr-FR","@id":"https:\/\/acjbb-sud.org\/#\/schema\/person\/image\/","url":"https:\/\/secure.gravatar.com\/avatar\/ea30fe7a8231c8c0bf30066f86006714af7be34ba414543eaab3e453b92901aa?s=96&d=mm&r=g","contentUrl":"https:\/\/secure.gravatar.com\/avatar\/ea30fe7a8231c8c0bf30066f86006714af7be34ba414543eaab3e453b92901aa?s=96&d=mm&r=g","caption":"AcjbbSud"},"url":"https:\/\/acjbb-sud.org\/index.php\/author\/acjbbsud\/"}]}},"jetpack_publicize_connections":[],"jetpack_featured_media_url":"https:\/\/acjbb-sud.org\/wp-content\/uploads\/2016\/10\/chabbath-pain-et-bougies-1810-1.jpg","jetpack_sharing_enabled":true,"jetpack_shortlink":"https:\/\/wp.me\/p7sjOI-js","jetpack_likes_enabled":true,"_links":{"self":[{"href":"https:\/\/acjbb-sud.org\/index.php\/wp-json\/wp\/v2\/posts\/1206","targetHints":{"allow":["GET"]}}],"collection":[{"href":"https:\/\/acjbb-sud.org\/index.php\/wp-json\/wp\/v2\/posts"}],"about":[{"href":"https:\/\/acjbb-sud.org\/index.php\/wp-json\/wp\/v2\/types\/post"}],"author":[{"embeddable":true,"href":"https:\/\/acjbb-sud.org\/index.php\/wp-json\/wp\/v2\/users\/1"}],"replies":[{"embeddable":true,"href":"https:\/\/acjbb-sud.org\/index.php\/wp-json\/wp\/v2\/comments?post=1206"}],"version-history":[{"count":13,"href":"https:\/\/acjbb-sud.org\/index.php\/wp-json\/wp\/v2\/posts\/1206\/revisions"}],"predecessor-version":[{"id":1404,"href":"https:\/\/acjbb-sud.org\/index.php\/wp-json\/wp\/v2\/posts\/1206\/revisions\/1404"}],"wp:featuredmedia":[{"embeddable":true,"href":"https:\/\/acjbb-sud.org\/index.php\/wp-json\/wp\/v2\/media\/216"}],"wp:attachment":[{"href":"https:\/\/acjbb-sud.org\/index.php\/wp-json\/wp\/v2\/media?parent=1206"}],"wp:term":[{"taxonomy":"category","embeddable":true,"href":"https:\/\/acjbb-sud.org\/index.php\/wp-json\/wp\/v2\/categories?post=1206"},{"taxonomy":"post_tag","embeddable":true,"href":"https:\/\/acjbb-sud.org\/index.php\/wp-json\/wp\/v2\/tags?post=1206"}],"curies":[{"name":"wp","href":"https:\/\/api.w.org\/{rel}","templated":true}]}}