{"id":1212,"date":"2017-11-06T23:16:11","date_gmt":"2017-11-06T22:16:11","guid":{"rendered":"http:\/\/acjbb-sud.org\/?p=1212"},"modified":"2017-11-21T12:16:44","modified_gmt":"2017-11-21T11:16:44","slug":"soiree-campagne-nationale-tsedaka-anne-roumanoff","status":"publish","type":"post","link":"https:\/\/acjbb-sud.org\/index.php\/2017\/11\/06\/soiree-campagne-nationale-tsedaka-anne-roumanoff\/","title":{"rendered":"Soir\u00e9e de la Campagne nationale pour la Tsedaka avec Anne Roumanoff"},"content":{"rendered":"<p style=\"text-align: justify;\">La Communaut\u00e9 juive de Boulogne est heureuse de se joindre \u00e0 l&rsquo;invitation de la\u00a0<strong>Campagne nationale pour la Tsedaka<\/strong>, jeudi 16 novembre au Th\u00e9\u00e2tre de Neuilly, pour le Sectacle d&rsquo;<strong>Anne Roumanoff<\/strong>\u00a0\u00ab\u00a0aimons-nous les uns les autres\u00a0\u00bb.<\/p>\n<p><img decoding=\"async\" class=\"wp-image-1213 size-full aligncenter\" src=\"http:\/\/acjbb-sud.org\/wp-content\/uploads\/2017\/11\/soiree-nationale-tsedaka-anne-roumanof.jpg\" alt=\"\" width=\"600\" srcset=\"https:\/\/acjbb-sud.org\/wp-content\/uploads\/2017\/11\/soiree-nationale-tsedaka-anne-roumanof.jpg 583w, https:\/\/acjbb-sud.org\/wp-content\/uploads\/2017\/11\/soiree-nationale-tsedaka-anne-roumanof-211x300.jpg 211w\" sizes=\"(max-width: 583px) 100vw, 583px\" \/><\/p>\n<p style=\"text-align: justify;\">Jeudi 16 Novembre\u00a0au Th\u00e9\u00e2tre de Neuilly &#8211; 167 avenue Charles de Gaulle 92200 Neuilly<\/p>\n<p style=\"text-align: justify;\">A l\u2019instar de Michel Boujenah et Michel Drucker les ann\u00e9es pr\u00e9c\u00e9dentes, cette ann\u00e9e\u00a0<strong>Anne Roumanoff\u00a0<\/strong>d\u00e9die une repr\u00e9sentation de son spectacle \u00ab\u00a0<strong>Aimons-nous les uns les autres<\/strong>\u00a0\u00bb au 25 ans de l\u2019Appel national pour la ts\u00e9daka.<\/p>\n<p style=\"text-align: justify;\"><strong>Une repr\u00e9sentation unique d\u2019un spectacle \u00e0 succ\u00e8s au profit de ceux qui ont besoin de notre solidarit\u00e9 !<\/strong><\/p>\n<p style=\"text-align: justify;\">P.A.F : 100 euros avec cerfa<br \/>\n50 euros avec cerfa<br \/>\n25 euros<\/p>\n<p>Infos et r\u00e9servations : Babeth au\u00a0<a href=\"tel:0783683625\">07 83 68 36 25<\/a>\u00a0ou sur\u00a0<a href=\"http:\/\/www.weezevent.com\/spectacle-anne-roumanoff\" target=\"_blank\" rel=\"noopener\">http:\/\/www.weezevent.com\/spectacle-anne-roumanoff<\/a><\/p>\n","protected":false},"excerpt":{"rendered":"<p>La Communaut\u00e9 juive de Boulogne est heureuse de se joindre \u00e0 l&rsquo;invitation de la\u00a0Campagne nationale pour la Tsedaka, jeudi 16 novembre au Th\u00e9\u00e2tre de Neuilly, pour le Sectacle d&rsquo;Anne Roumanoff\u00a0\u00ab\u00a0aimons-nous les uns les autres\u00a0\u00bb. Jeudi 16 Novembre\u00a0au Th\u00e9\u00e2tre de Neuilly &#8211; 167 avenue Charles de Gaulle 92200 Neuilly A l\u2019instar de Michel Boujenah et Michel &hellip; <\/p>\n<p><a class=\"more-link btn\" href=\"https:\/\/acjbb-sud.org\/index.php\/2017\/11\/06\/soiree-campagne-nationale-tsedaka-anne-roumanoff\/\">Lire la suite<\/a><\/p>\n","protected":false},"author":1,"featured_media":1213,"comment_status":"open","ping_status":"open","sticky":false,"template":"","format":"standard","meta":{"jetpack_post_was_ever_published":false,"_jetpack_newsletter_access":"","_jetpack_dont_email_post_to_subs":false,"_jetpack_newsletter_tier_id":0,"_jetpack_memberships_contains_paywalled_content":false,"_jetpack_memberships_contains_paid_content":false,"footnotes":"","jetpack_publicize_message":"","jetpack_publicize_feature_enabled":true,"jetpack_social_post_already_shared":true,"jetpack_social_options":{"image_generator_settings":{"template":"highway","default_image_id":0,"font":"","enabled":false},"version":2}},"categories":[186,176,175],"tags":[180,178,179,177],"class_list":["post-1212","post","type-post","status-publish","format-standard","has-post-thumbnail","hentry","category-actualite","category-spectacle","category-tsedaka","tag-anne-roumanoff","tag-solidarite","tag-spectacle","tag-tsedaka","item-wrap"],"yoast_head":"<!-- This site is optimized with the Yoast SEO plugin v26.6 - https:\/\/yoast.com\/wordpress\/plugins\/seo\/ -->\n<title>Soir\u00e9e de la Campagne nationale pour la Tsedaka avec Anne Roumanoff - Synagogue ACJBB Boulogne Sud<\/title>\n<meta name=\"robots\" content=\"index, follow, max-snippet:-1, max-image-preview:large, max-video-preview:-1\" \/>\n<link rel=\"canonical\" href=\"https:\/\/acjbb-sud.org\/index.php\/2017\/11\/06\/soiree-campagne-nationale-tsedaka-anne-roumanoff\/\" \/>\n<meta property=\"og:locale\" content=\"fr_FR\" \/>\n<meta property=\"og:type\" content=\"article\" \/>\n<meta property=\"og:title\" content=\"Soir\u00e9e de la Campagne nationale pour la Tsedaka avec Anne Roumanoff - Synagogue ACJBB Boulogne Sud\" \/>\n<meta property=\"og:description\" content=\"La Communaut\u00e9 juive de Boulogne est heureuse de se joindre \u00e0 l&rsquo;invitation de la\u00a0Campagne nationale pour la Tsedaka, jeudi 16 novembre au Th\u00e9\u00e2tre de Neuilly, pour le Sectacle d&rsquo;Anne Roumanoff\u00a0\u00ab\u00a0aimons-nous les uns les autres\u00a0\u00bb. Jeudi 16 Novembre\u00a0au Th\u00e9\u00e2tre de Neuilly &#8211; 167 avenue Charles de Gaulle 92200 Neuilly A l\u2019instar de Michel Boujenah et Michel &hellip; Lire la suite\" \/>\n<meta property=\"og:url\" content=\"https:\/\/acjbb-sud.org\/index.php\/2017\/11\/06\/soiree-campagne-nationale-tsedaka-anne-roumanoff\/\" \/>\n<meta property=\"og:site_name\" content=\"Synagogue ACJBB Boulogne Sud\" \/>\n<meta property=\"article:published_time\" content=\"2017-11-06T22:16:11+00:00\" \/>\n<meta property=\"article:modified_time\" content=\"2017-11-21T11:16:44+00:00\" \/>\n<meta property=\"og:image\" content=\"https:\/\/acjbb-sud.org\/wp-content\/uploads\/2017\/11\/soiree-nationale-tsedaka-anne-roumanof.jpg\" \/>\n\t<meta property=\"og:image:width\" content=\"583\" \/>\n\t<meta property=\"og:image:height\" content=\"827\" \/>\n\t<meta property=\"og:image:type\" content=\"image\/jpeg\" \/>\n<meta name=\"author\" content=\"AcjbbSud\" \/>\n<meta name=\"twitter:card\" content=\"summary_large_image\" \/>\n<meta name=\"twitter:label1\" content=\"\u00c9crit par\" \/>\n\t<meta name=\"twitter:data1\" content=\"AcjbbSud\" \/>\n\t<meta name=\"twitter:label2\" content=\"Dur\u00e9e de lecture estim\u00e9e\" \/>\n\t<meta name=\"twitter:data2\" content=\"1 minute\" \/>\n<script type=\"application\/ld+json\" class=\"yoast-schema-graph\">{\"@context\":\"https:\/\/schema.org\",\"@graph\":[{\"@type\":\"WebPage\",\"@id\":\"https:\/\/acjbb-sud.org\/index.php\/2017\/11\/06\/soiree-campagne-nationale-tsedaka-anne-roumanoff\/\",\"url\":\"https:\/\/acjbb-sud.org\/index.php\/2017\/11\/06\/soiree-campagne-nationale-tsedaka-anne-roumanoff\/\",\"name\":\"Soir\u00e9e de la Campagne nationale pour la Tsedaka avec Anne Roumanoff - Synagogue ACJBB Boulogne Sud\",\"isPartOf\":{\"@id\":\"https:\/\/acjbb-sud.org\/#website\"},\"primaryImageOfPage\":{\"@id\":\"https:\/\/acjbb-sud.org\/index.php\/2017\/11\/06\/soiree-campagne-nationale-tsedaka-anne-roumanoff\/#primaryimage\"},\"image\":{\"@id\":\"https:\/\/acjbb-sud.org\/index.php\/2017\/11\/06\/soiree-campagne-nationale-tsedaka-anne-roumanoff\/#primaryimage\"},\"thumbnailUrl\":\"https:\/\/acjbb-sud.org\/wp-content\/uploads\/2017\/11\/soiree-nationale-tsedaka-anne-roumanof.jpg\",\"datePublished\":\"2017-11-06T22:16:11+00:00\",\"dateModified\":\"2017-11-21T11:16:44+00:00\",\"author\":{\"@id\":\"https:\/\/acjbb-sud.org\/#\/schema\/person\/adc8f09fb72c9d0dc78509106dc5e9f0\"},\"breadcrumb\":{\"@id\":\"https:\/\/acjbb-sud.org\/index.php\/2017\/11\/06\/soiree-campagne-nationale-tsedaka-anne-roumanoff\/#breadcrumb\"},\"inLanguage\":\"fr-FR\",\"potentialAction\":[{\"@type\":\"ReadAction\",\"target\":[\"https:\/\/acjbb-sud.org\/index.php\/2017\/11\/06\/soiree-campagne-nationale-tsedaka-anne-roumanoff\/\"]}]},{\"@type\":\"ImageObject\",\"inLanguage\":\"fr-FR\",\"@id\":\"https:\/\/acjbb-sud.org\/index.php\/2017\/11\/06\/soiree-campagne-nationale-tsedaka-anne-roumanoff\/#primaryimage\",\"url\":\"https:\/\/acjbb-sud.org\/wp-content\/uploads\/2017\/11\/soiree-nationale-tsedaka-anne-roumanof.jpg\",\"contentUrl\":\"https:\/\/acjbb-sud.org\/wp-content\/uploads\/2017\/11\/soiree-nationale-tsedaka-anne-roumanof.jpg\",\"width\":583,\"height\":827},{\"@type\":\"BreadcrumbList\",\"@id\":\"https:\/\/acjbb-sud.org\/index.php\/2017\/11\/06\/soiree-campagne-nationale-tsedaka-anne-roumanoff\/#breadcrumb\",\"itemListElement\":[{\"@type\":\"ListItem\",\"position\":1,\"name\":\"Accueil\",\"item\":\"https:\/\/acjbb-sud.org\/\"},{\"@type\":\"ListItem\",\"position\":2,\"name\":\"Soir\u00e9e de la Campagne nationale pour la Tsedaka avec Anne Roumanoff\"}]},{\"@type\":\"WebSite\",\"@id\":\"https:\/\/acjbb-sud.org\/#website\",\"url\":\"https:\/\/acjbb-sud.org\/\",\"name\":\"Synagogue ACJBB Boulogne Sud\",\"description\":\"Synagogue \/ Association Communautaire Juive de Boulogne Billancourt (Sud)\",\"potentialAction\":[{\"@type\":\"SearchAction\",\"target\":{\"@type\":\"EntryPoint\",\"urlTemplate\":\"https:\/\/acjbb-sud.org\/?s={search_term_string}\"},\"query-input\":{\"@type\":\"PropertyValueSpecification\",\"valueRequired\":true,\"valueName\":\"search_term_string\"}}],\"inLanguage\":\"fr-FR\"},{\"@type\":\"Person\",\"@id\":\"https:\/\/acjbb-sud.org\/#\/schema\/person\/adc8f09fb72c9d0dc78509106dc5e9f0\",\"name\":\"AcjbbSud\",\"image\":{\"@type\":\"ImageObject\",\"inLanguage\":\"fr-FR\",\"@id\":\"https:\/\/acjbb-sud.org\/#\/schema\/person\/image\/\",\"url\":\"https:\/\/secure.gravatar.com\/avatar\/ea30fe7a8231c8c0bf30066f86006714af7be34ba414543eaab3e453b92901aa?s=96&d=mm&r=g\",\"contentUrl\":\"https:\/\/secure.gravatar.com\/avatar\/ea30fe7a8231c8c0bf30066f86006714af7be34ba414543eaab3e453b92901aa?s=96&d=mm&r=g\",\"caption\":\"AcjbbSud\"},\"url\":\"https:\/\/acjbb-sud.org\/index.php\/author\/acjbbsud\/\"}]}<\/script>\n<!-- \/ Yoast SEO plugin. -->","yoast_head_json":{"title":"Soir\u00e9e de la Campagne nationale pour la Tsedaka avec Anne Roumanoff - Synagogue ACJBB Boulogne Sud","robots":{"index":"index","follow":"follow","max-snippet":"max-snippet:-1","max-image-preview":"max-image-preview:large","max-video-preview":"max-video-preview:-1"},"canonical":"https:\/\/acjbb-sud.org\/index.php\/2017\/11\/06\/soiree-campagne-nationale-tsedaka-anne-roumanoff\/","og_locale":"fr_FR","og_type":"article","og_title":"Soir\u00e9e de la Campagne nationale pour la Tsedaka avec Anne Roumanoff - Synagogue ACJBB Boulogne Sud","og_description":"La Communaut\u00e9 juive de Boulogne est heureuse de se joindre \u00e0 l&rsquo;invitation de la\u00a0Campagne nationale pour la Tsedaka, jeudi 16 novembre au Th\u00e9\u00e2tre de Neuilly, pour le Sectacle d&rsquo;Anne Roumanoff\u00a0\u00ab\u00a0aimons-nous les uns les autres\u00a0\u00bb. Jeudi 16 Novembre\u00a0au Th\u00e9\u00e2tre de Neuilly &#8211; 167 avenue Charles de Gaulle 92200 Neuilly A l\u2019instar de Michel Boujenah et Michel &hellip; Lire la suite","og_url":"https:\/\/acjbb-sud.org\/index.php\/2017\/11\/06\/soiree-campagne-nationale-tsedaka-anne-roumanoff\/","og_site_name":"Synagogue ACJBB Boulogne Sud","article_published_time":"2017-11-06T22:16:11+00:00","article_modified_time":"2017-11-21T11:16:44+00:00","og_image":[{"width":583,"height":827,"url":"https:\/\/acjbb-sud.org\/wp-content\/uploads\/2017\/11\/soiree-nationale-tsedaka-anne-roumanof.jpg","type":"image\/jpeg"}],"author":"AcjbbSud","twitter_card":"summary_large_image","twitter_misc":{"\u00c9crit par":"AcjbbSud","Dur\u00e9e de lecture estim\u00e9e":"1 minute"},"schema":{"@context":"https:\/\/schema.org","@graph":[{"@type":"WebPage","@id":"https:\/\/acjbb-sud.org\/index.php\/2017\/11\/06\/soiree-campagne-nationale-tsedaka-anne-roumanoff\/","url":"https:\/\/acjbb-sud.org\/index.php\/2017\/11\/06\/soiree-campagne-nationale-tsedaka-anne-roumanoff\/","name":"Soir\u00e9e de la Campagne nationale pour la Tsedaka avec Anne Roumanoff - Synagogue ACJBB Boulogne Sud","isPartOf":{"@id":"https:\/\/acjbb-sud.org\/#website"},"primaryImageOfPage":{"@id":"https:\/\/acjbb-sud.org\/index.php\/2017\/11\/06\/soiree-campagne-nationale-tsedaka-anne-roumanoff\/#primaryimage"},"image":{"@id":"https:\/\/acjbb-sud.org\/index.php\/2017\/11\/06\/soiree-campagne-nationale-tsedaka-anne-roumanoff\/#primaryimage"},"thumbnailUrl":"https:\/\/acjbb-sud.org\/wp-content\/uploads\/2017\/11\/soiree-nationale-tsedaka-anne-roumanof.jpg","datePublished":"2017-11-06T22:16:11+00:00","dateModified":"2017-11-21T11:16:44+00:00","author":{"@id":"https:\/\/acjbb-sud.org\/#\/schema\/person\/adc8f09fb72c9d0dc78509106dc5e9f0"},"breadcrumb":{"@id":"https:\/\/acjbb-sud.org\/index.php\/2017\/11\/06\/soiree-campagne-nationale-tsedaka-anne-roumanoff\/#breadcrumb"},"inLanguage":"fr-FR","potentialAction":[{"@type":"ReadAction","target":["https:\/\/acjbb-sud.org\/index.php\/2017\/11\/06\/soiree-campagne-nationale-tsedaka-anne-roumanoff\/"]}]},{"@type":"ImageObject","inLanguage":"fr-FR","@id":"https:\/\/acjbb-sud.org\/index.php\/2017\/11\/06\/soiree-campagne-nationale-tsedaka-anne-roumanoff\/#primaryimage","url":"https:\/\/acjbb-sud.org\/wp-content\/uploads\/2017\/11\/soiree-nationale-tsedaka-anne-roumanof.jpg","contentUrl":"https:\/\/acjbb-sud.org\/wp-content\/uploads\/2017\/11\/soiree-nationale-tsedaka-anne-roumanof.jpg","width":583,"height":827},{"@type":"BreadcrumbList","@id":"https:\/\/acjbb-sud.org\/index.php\/2017\/11\/06\/soiree-campagne-nationale-tsedaka-anne-roumanoff\/#breadcrumb","itemListElement":[{"@type":"ListItem","position":1,"name":"Accueil","item":"https:\/\/acjbb-sud.org\/"},{"@type":"ListItem","position":2,"name":"Soir\u00e9e de la Campagne nationale pour la Tsedaka avec Anne Roumanoff"}]},{"@type":"WebSite","@id":"https:\/\/acjbb-sud.org\/#website","url":"https:\/\/acjbb-sud.org\/","name":"Synagogue ACJBB Boulogne Sud","description":"Synagogue \/ Association Communautaire Juive de Boulogne Billancourt (Sud)","potentialAction":[{"@type":"SearchAction","target":{"@type":"EntryPoint","urlTemplate":"https:\/\/acjbb-sud.org\/?s={search_term_string}"},"query-input":{"@type":"PropertyValueSpecification","valueRequired":true,"valueName":"search_term_string"}}],"inLanguage":"fr-FR"},{"@type":"Person","@id":"https:\/\/acjbb-sud.org\/#\/schema\/person\/adc8f09fb72c9d0dc78509106dc5e9f0","name":"AcjbbSud","image":{"@type":"ImageObject","inLanguage":"fr-FR","@id":"https:\/\/acjbb-sud.org\/#\/schema\/person\/image\/","url":"https:\/\/secure.gravatar.com\/avatar\/ea30fe7a8231c8c0bf30066f86006714af7be34ba414543eaab3e453b92901aa?s=96&d=mm&r=g","contentUrl":"https:\/\/secure.gravatar.com\/avatar\/ea30fe7a8231c8c0bf30066f86006714af7be34ba414543eaab3e453b92901aa?s=96&d=mm&r=g","caption":"AcjbbSud"},"url":"https:\/\/acjbb-sud.org\/index.php\/author\/acjbbsud\/"}]}},"jetpack_publicize_connections":[],"jetpack_featured_media_url":"https:\/\/acjbb-sud.org\/wp-content\/uploads\/2017\/11\/soiree-nationale-tsedaka-anne-roumanof.jpg","jetpack_sharing_enabled":true,"jetpack_shortlink":"https:\/\/wp.me\/p7sjOI-jy","jetpack_likes_enabled":true,"_links":{"self":[{"href":"https:\/\/acjbb-sud.org\/index.php\/wp-json\/wp\/v2\/posts\/1212","targetHints":{"allow":["GET"]}}],"collection":[{"href":"https:\/\/acjbb-sud.org\/index.php\/wp-json\/wp\/v2\/posts"}],"about":[{"href":"https:\/\/acjbb-sud.org\/index.php\/wp-json\/wp\/v2\/types\/post"}],"author":[{"embeddable":true,"href":"https:\/\/acjbb-sud.org\/index.php\/wp-json\/wp\/v2\/users\/1"}],"replies":[{"embeddable":true,"href":"https:\/\/acjbb-sud.org\/index.php\/wp-json\/wp\/v2\/comments?post=1212"}],"version-history":[{"count":5,"href":"https:\/\/acjbb-sud.org\/index.php\/wp-json\/wp\/v2\/posts\/1212\/revisions"}],"predecessor-version":[{"id":1218,"href":"https:\/\/acjbb-sud.org\/index.php\/wp-json\/wp\/v2\/posts\/1212\/revisions\/1218"}],"wp:featuredmedia":[{"embeddable":true,"href":"https:\/\/acjbb-sud.org\/index.php\/wp-json\/wp\/v2\/media\/1213"}],"wp:attachment":[{"href":"https:\/\/acjbb-sud.org\/index.php\/wp-json\/wp\/v2\/media?parent=1212"}],"wp:term":[{"taxonomy":"category","embeddable":true,"href":"https:\/\/acjbb-sud.org\/index.php\/wp-json\/wp\/v2\/categories?post=1212"},{"taxonomy":"post_tag","embeddable":true,"href":"https:\/\/acjbb-sud.org\/index.php\/wp-json\/wp\/v2\/tags?post=1212"}],"curies":[{"name":"wp","href":"https:\/\/api.w.org\/{rel}","templated":true}]}}