{"id":1317,"date":"2017-12-07T10:42:03","date_gmt":"2017-12-07T09:42:03","guid":{"rendered":"http:\/\/acjbb-sud.org\/?p=1317"},"modified":"2018-01-10T14:38:28","modified_gmt":"2018-01-10T13:38:28","slug":"chabbat-vayechev-5778","status":"publish","type":"post","link":"https:\/\/acjbb-sud.org\/index.php\/2017\/12\/07\/chabbat-vayechev-5778\/","title":{"rendered":"Chabbat Vay\u00e9ch\u00e8v"},"content":{"rendered":"<h2 style=\"text-align: center; padding-left: 30px;\"><strong>Paracha Vay\u00e9ch\u00e8v \/ <span dir=\"RTL\" lang=\"HE\">\u05e4\u05e8\u05e9\u05d4 \u05d5\u05d9\u05e9\u05d1 <\/span><\/strong><\/h2>\n<h3 style=\"text-align: center;\"><strong>8\/9 d\u00e9cembre 2017 &#8211; 21 Kislev 5778 \/ <span dir=\"RTL\" lang=\"HE\"> \u05db&rsquo;\u05d0 \u05db\u05e1\u05dc\u05d5 \u05d4-\u05ea\u05e9\u05e2&rsquo;\u05d7<\/span><\/strong><\/h3>\n<p style=\"text-align: justify;\"><a href=\"http:\/\/acjbb-sud.org\/wp-content\/uploads\/2016\/10\/chabbath-pain-et-bougies-1810-1.jpg\"><img decoding=\"async\" class=\"aligncenter wp-image-1226\" src=\"http:\/\/acjbb-sud.org\/wp-content\/uploads\/2016\/10\/chabbath-pain-et-bougies-1810-1.jpg\" alt=\"chabbath-pain-et-bougies-1810\" width=\"500\" \/><\/a><\/p>\n<h3><strong><span style=\"text-decoration: underline;\">Les Horaires :<\/span><br \/>\n<\/strong><\/h3>\n<p><em><strong>Vendredi soir :<\/strong><\/em><br \/>\n<strong>16h40<\/strong> : Min\u2019ha suivi d&rsquo;un cours<br \/>\n<strong>16h35<\/strong> : Allumage des bougies de Chabbat (heure maximum pour l&rsquo;allumage : 16h36)<br \/>\n<strong>17h45<\/strong> : Chir Hachirim, Kabbalat Chabbat et Arvit<br \/>\nD\u2019var Thora par <strong>le Rav Mika\u00ebl MOUYAL<\/strong><\/p>\n<p><strong><em>Samedi matin :<\/em> <\/strong><br \/>\n<strong>09h10<\/strong> : Cha\u2019harit<br \/>\nD\u2019var Thora par <strong>le Rav Mika\u00ebl MOUYAL<\/strong><br \/>\nL&rsquo;office sera suivi d\u2019un Kiddouch communautaire.<br \/>\nApr\u00e8s le Kiddouch, \u00e9tude de 30 minutes sur la Paracha par <strong>le Rav Mika\u00ebl MOUYAL<\/strong>.<\/p>\n<p><em><strong>Samedi apr\u00e8s-midi :<\/strong><\/em><br \/>\n<strong>16h00<\/strong> : T\u00e9hilim &#8211; Lecture collective des T\u00e9hilim &#8211; Alpha\/Beta<br \/>\n<strong>16h10<\/strong> : Min\u2019ha<br \/>\nSuivi de la s\u00e9ouda ch\u00e9lichit.<br \/>\nD\u2019var Thora par <strong>le Rav Mika\u00ebl MOUYAL<\/strong><br \/>\n<strong>16h53<\/strong> : Shquiya \/ <span dir=\"RTL\" lang=\"HE\">\u05e9\u05e7\u05e2\u05ea \u05d4\u05d7\u05de\u05d4<\/span><\/p>\n<p><strong><em>Samedi soir :<\/em> <\/strong><br \/>\n<strong>17h48<\/strong> : Fin de Chabbat, Arvit et Havdala<\/p>\n<p><strong>18h00<\/strong> : Cours mixte durant une heure apr\u00e8s la Havdala. Le <strong>Rabbin Mickael MOUYAL<\/strong> vous offre la possibilit\u00e9 d&rsquo;\u00e9tudier le livre \u00ab <strong>Al\u00e9 Chour<\/strong> \u00bb afin de construire sa personnalit\u00e9.<br \/>\nLe Al\u00e9 Chour est un v\u00e9ritable classique de la philosophie rabbinique r\u00e9dig\u00e9 par le <strong>Rav Chlomo WOLBE<\/strong>.<\/p>\n<p><strong><em>Dimanche matin :<\/em> <\/strong><br \/>\n<strong>08h00<\/strong> : Cha\u2019harit<\/p>\n<p><!--more--><\/p>\n<hr \/>\n<h3><strong><span style=\"text-decoration: underline;\">Conf\u00e9rence \/ M\u00e9lav\u00e9h Malka :<\/span><br \/>\n<\/strong><\/h3>\n<p style=\"text-align: justify;\">A l&rsquo;approche de &lsquo;<strong>Hanoukah<\/strong>, nous vous invitons \u00e0 une conf\u00e9rence \/ M\u00e9lav\u00e9h Malka par le Rav Ceylon, <strong>ce samedi 9 d\u00e9cembre 2017 \u00e0 20h30<\/strong> sur le th\u00e8me : \u00ab &lsquo;<em>Hanoukah, ou le feu n&rsquo;\u00e9teindra pas la flamme<\/em> &#8230; \u00bb.<\/p>\n<p><img decoding=\"async\" class=\"wp-image-1294 size-full aligncenter\" src=\"http:\/\/acjbb-sud.org\/wp-content\/uploads\/2017\/11\/Rav-CEYLON-091217.jpg\" alt=\"\" width=\"800\" srcset=\"https:\/\/acjbb-sud.org\/wp-content\/uploads\/2017\/11\/Rav-CEYLON-091217.jpg 1280w, https:\/\/acjbb-sud.org\/wp-content\/uploads\/2017\/11\/Rav-CEYLON-091217-300x169.jpg 300w, https:\/\/acjbb-sud.org\/wp-content\/uploads\/2017\/11\/Rav-CEYLON-091217-768x432.jpg 768w, https:\/\/acjbb-sud.org\/wp-content\/uploads\/2017\/11\/Rav-CEYLON-091217-1024x576.jpg 1024w\" sizes=\"(max-width: 1280px) 100vw, 1280px\" \/><\/p>\n<p style=\"text-align: justify;\">Le M\u00e9lav\u00e9h Malka sera suivi du <a href=\"http:\/\/acjbb-sud.org\/index.php\/2017\/11\/11\/participez-activement-office-gagnez-iphone-8-samsung-s8\/\" target=\"_blank\" rel=\"noopener\">tirage au sort<\/a> pour <strong>gagner un iPhone 8 et 2 Samsung S8<\/strong>, afin de remercier les donateurs r\u00e9guliers pour leur g\u00e9n\u00e9reuse participation au bon fonctionnement de l&rsquo;office.<\/p>\n<hr \/>\n<h3><strong><span style=\"text-decoration: underline;\">&lsquo;Hanouka :<\/span><br \/>\n<\/strong><\/h3>\n<p>&lsquo;Hanouka aura lieu du <strong>mardi 12 d\u00e9cembre au soir<\/strong> avec l&rsquo;allumage de la 1\u00e8re bougie, jusqu&rsquo;au <strong>mercredi 20 d\u00e9cembre<\/strong> avec l&rsquo;allumage de la 8\u00e8me bougie mardi 19 d\u00e9cembre au soir.<\/p>\n<hr \/>\n<h3><strong><span style=\"text-decoration: underline;\">Grande f\u00eate de &lsquo;Hanouka de la Communaut\u00e9 :<\/span><br \/>\n<\/strong><\/h3>\n<p>R\u00e9servez votre soir\u00e9e du <strong>samedi 16 d\u00e9cembre<\/strong> pour la Grande f\u00eate de &lsquo;Hanouka de la Communaut\u00e9 \u00e0 la Synagogue (43 rue des abondances), avec spectacle, cadeaux pour tous les enfants et beignets.<\/p>\n<hr \/>\n<h3><strong><span style=\"text-decoration: underline;\">Allumage public de Hanouca :<\/span><br \/>\n<\/strong><\/h3>\n<p>Le <strong>Beth Loubavitch de Boulogne<\/strong> avec la participation de la <strong>Communaut\u00e9 Juive de Boulogne<\/strong> est heureux de vous convier \u00e0 :<\/p>\n<p style=\"text-align: center;\"><strong>L&rsquo;allumage public de Hanouca pr\u00e9c\u00e9d\u00e9 d&rsquo;un Grand concert de Yoni Shlomo<\/strong><br \/>\n<strong>mardi 19 d\u00e9cembre 2017 \u00e0 partir de 18h30.<\/strong><\/p>\n<p style=\"text-align: center;\">\u00e0 la Maison Walewska, <a href=\"https:\/\/maps.google.com\/?q=7+rue+de+Montmorency&amp;entry=gmail&amp;source=g\">7 rue de Montmorency<\/a>, 92100 Boulogne Billancourt<\/p>\n<p style=\"text-align: center;\">en pr\u00e9sence du Maire.<\/p>\n<p><img decoding=\"async\" class=\"alignnone wp-image-1311 size-large aligncenter\" src=\"http:\/\/acjbb-sud.org\/wp-content\/uploads\/2017\/12\/Beth-Loubavitch-Boulogne-allumage-public-Hanouca-5778-concert-Yoni-Shlomo-724x1024.jpg\" alt=\"\" width=\"720\" srcset=\"https:\/\/acjbb-sud.org\/wp-content\/uploads\/2017\/12\/Beth-Loubavitch-Boulogne-allumage-public-Hanouca-5778-concert-Yoni-Shlomo-724x1024.jpg 724w, https:\/\/acjbb-sud.org\/wp-content\/uploads\/2017\/12\/Beth-Loubavitch-Boulogne-allumage-public-Hanouca-5778-concert-Yoni-Shlomo-212x300.jpg 212w, https:\/\/acjbb-sud.org\/wp-content\/uploads\/2017\/12\/Beth-Loubavitch-Boulogne-allumage-public-Hanouca-5778-concert-Yoni-Shlomo-768x1086.jpg 768w, https:\/\/acjbb-sud.org\/wp-content\/uploads\/2017\/12\/Beth-Loubavitch-Boulogne-allumage-public-Hanouca-5778-concert-Yoni-Shlomo.jpg 1565w\" sizes=\"(max-width: 724px) 100vw, 724px\" \/><\/p>\n<p style=\"text-align: center;\">Au programme, \u00e0 partir de 18h30 :<\/p>\n<p style=\"text-align: center;\"><strong> Grand concert de Yoni Shlomo<\/strong><\/p>\n<p style=\"text-align: center;\">Jongleur &#8212; distribution de cadeaux aux enfants &#8212; barbe \u00e0 papa et pop corn &#8212; d\u00e9gustation de beignets et boissons chaudes.<\/p>\n<p style=\"text-align: center;\"><strong>Allumage de la 8\u00e8me lumi\u00e8re sur m\u00e9norah g\u00e9ante \u00e0 19h15.<\/strong><\/p>\n<hr \/>\n<h3><strong><span style=\"text-decoration: underline;\">Tirage au sort :<\/span><br \/>\n<\/strong><\/h3>\n<p style=\"text-align: justify;\">Merci \u00e0 toutes et \u00e0 tous pour votre g\u00e9n\u00e9rosit\u00e9 et votre participation lors de ces f\u00eates de Tichri qui ont \u00e9t\u00e9 riches et intenses.<\/p>\n<p style=\"text-align: justify;\">Afin de vous remercier, nous organisons un tirage au sort pour vous faire <strong>gagner un iPhone 8 et 2 Samsung S8 <\/strong>!!!<\/p>\n<p><img decoding=\"async\" class=\"wp-image-1108 size-full aligncenter\" src=\"http:\/\/acjbb-sud.org\/wp-content\/uploads\/2017\/10\/iPhone8-Samsung-S8.jpg\" alt=\"\" width=\"600\" srcset=\"https:\/\/acjbb-sud.org\/wp-content\/uploads\/2017\/10\/iPhone8-Samsung-S8.jpg 1280w, https:\/\/acjbb-sud.org\/wp-content\/uploads\/2017\/10\/iPhone8-Samsung-S8-300x169.jpg 300w, https:\/\/acjbb-sud.org\/wp-content\/uploads\/2017\/10\/iPhone8-Samsung-S8-768x432.jpg 768w, https:\/\/acjbb-sud.org\/wp-content\/uploads\/2017\/10\/iPhone8-Samsung-S8-1024x576.jpg 1024w, https:\/\/acjbb-sud.org\/wp-content\/uploads\/2017\/10\/iPhone8-Samsung-S8-500x281.jpg 500w\" sizes=\"(max-width: 1280px) 100vw, 1280px\" \/><\/p>\n<p style=\"text-align: justify;\">Pour participer, rien de plus simple, engagez-vous dans un virement mensuel d&rsquo;un montant minimum de 26 \u20ac et pour une dur\u00e9e minimum d&rsquo;un an et pr\u00e9venez-nous d&rsquo;un simple mail \u00e0 <a href=\"mailto:officeboulognesud@gmail.com\">officeboulognesud@gmail.com<\/a> d\u00e8s sa mise en place.<\/p>\n<p style=\"text-align: justify;\">Vous trouverez toutes les modalit\u00e9s pour mettre en place vos virements mensuels sur <a href=\"http:\/\/acjbb-sud.org\/index.php\/faire-un-don\/\" target=\"_blank\" rel=\"noopener\">cette page<\/a>.<\/p>\n<p style=\"text-align: justify;\">Le tirage au sort aura lieu <strong>samedi soir 9 d\u00e9cembre<\/strong>, apr\u00e8s la conf\u00e9rence \/ M\u00e9lav\u00e9 Malka avec le Rav Mickael CEYLON sur le th\u00e8me \u00ab Hanoukah ou Le feu n\u2019\u00e9teindra pas la flamme \u00bb qui d\u00e9butera \u00e0 20h30.<\/p>\n<p><strong>Afin que votre participation soit prise en compte, votre premier virement ou don doit \u00eatre effectu\u00e9 avant la fin du mois de novembre.<\/strong><\/p>\n<p><strong>Tizkou la-Mitsvot, que votre g\u00e9n\u00e9rosit\u00e9 soit r\u00e9compens\u00e9e !<\/strong><\/p>\n<hr \/>\n<h3><strong><span style=\"text-decoration: underline;\">Assembl\u00e9e G\u00e9n\u00e9rale du CCIBB :<\/span><br \/>\n<\/strong><\/h3>\n<p><a href=\"http:\/\/ccibb.net\/wp-content\/uploads\/2017\/11\/Assemblee-Generale.jpg\"><img loading=\"lazy\" decoding=\"async\" class=\"aligncenter wp-image-1568 size-full\" src=\"http:\/\/ccibb.net\/wp-content\/uploads\/2017\/11\/Assemblee-Generale.jpg\" alt=\"\" width=\"650\" height=\"380\" \/><\/a><\/p>\n<p>Le CCIBB a le plaisir de vous convier \u00e0 son Assembl\u00e9e G\u00e9n\u00e9rale Ordinaire qui se tiendra le <strong>lundi 11 d\u00e9cembre 2017 \u00e0 20h00<\/strong> au :<br \/>\n20 ter rue des Peupliers<br \/>\nBoulogne Billancourt<br \/>\n(interphone 16, 17, 18)<\/p>\n<p>Ordre du jour :<\/p>\n<ul>\n<li>Allocution du Pr\u00e9sident Marc Soussan<\/li>\n<li>Rapport Moral du Secr\u00e9taire Jonathan Cahen<\/li>\n<li>Rapport Financier du Tr\u00e9sorier Jacques Etyngier<\/li>\n<li>Questions diverses<\/li>\n<\/ul>\n<p>Bien cordialement,<\/p>\n<p>Marc SOUSSAN<\/p>\n<hr \/>\n<h3><strong><span style=\"text-decoration: underline;\">Beth Hamidrach :<\/span><br \/>\n<\/strong><\/h3>\n<p style=\"text-align: justify;\">Le <strong>Rabbin Didier Kassabi<\/strong> donne un cours de Guemara pour jeunes adultes chaque lundi soir \u00e0 20h00 \u00e0 la Synagogue de Boulogne Billancourt, 43 rue des abondances.<\/p>\n<hr \/>\n<h3><strong><span style=\"text-decoration: underline;\">Talmud Thorah :<\/span><br \/>\n<\/strong><\/h3>\n<p>Les cours de Talmud Torah ont repris. Vous pouvez cependant d\u00e9j\u00e0 prendre contact avec le <a href=\"mailto:didierkassabi@free.fr?subject=TalmudThorah\" target=\"_blank\" rel=\"noopener\">Rabbin Didier Kassabi<\/a> pour vous renseigner et pour inscrire vos enfants au Talmud Torah.<\/p>\n<p><strong>Les cours ont lieu chaque dimanche (hors p\u00e9riode de vacances scolaires) dans l&rsquo;enceinte de la Synagogue (43 rue des abondances)<\/strong>.<br \/>\nL&rsquo;avenir de nos enfants passent par une \u00e9ducation juive de qualit\u00e9 que nous devons leur offrir.<\/p>\n<p><span style=\"color: #0000ff;\"><strong>Aucun enfant ne doit rester en marge de cette transmission des valeurs de la Torah.<\/strong><\/span><\/p>\n<p>Continuez \u00e0 inscrire vos enfants. Nous vous attendons nombreux pour les inscriptions aupr\u00e8s du <a href=\"mailto:didierkassabi@free.fr?subject=TalmudThorah\" target=\"_blank\" rel=\"noopener\">Rabbin Didier Kassabi<\/a>.<\/p>\n<p><strong>Parlez-en autour de vous. Dites-le autour de vous.<\/strong><\/p>\n<hr \/>\n<h3><strong><span style=\"text-decoration: underline;\">\u00ab Les AMIS de la REFOUA \u00bb &#8211; Visite aux malades :<\/span><br \/>\n<\/strong><\/h3>\n<p style=\"text-align: justify;\">Des b\u00e9n\u00e9voles de Boulogne proposent aux personnes qui le demandent : l&rsquo;organisation d&rsquo;une chaine de lecture de T\u00e9hilims pour la gu\u00e9rison de nos malades, de prendre de leurs nouvelles et leur rendre visite dans les h\u00f4pitaux.<br \/>\nCes actions se font dans la plus grande discr\u00e9tion et s&rsquo;inscrivent dans le cadre du b\u00e9n\u00e9volat.<br \/>\nVous pourrez joindre &#8211; <em>les AMIS de la REFOUA<\/em> &#8211; au 06.03.75.34.15, ou par courriel \u00e0 : <a href=\"mailto:israelalbert1@gmail.com\">israelalbert1@gmail.com<\/a><br \/>\nVous pouvez aussi faire partie de ces b\u00e9n\u00e9voles, nous vous remercions par avance.<\/p>\n<hr \/>\n<h3><strong><span style=\"text-decoration: underline;\">S\u00e9curit\u00e9 SPCJ :<\/span><br \/>\n<\/strong><\/h3>\n<p style=\"text-align: justify;\"><strong>La s\u00e9curit\u00e9 est l&rsquo;affaire de tous ! Le SPCJ a besoin de chacun d&rsquo;entre nous !<\/strong><br \/>\nLa protection de la vie communautaire est plus que jamais l&rsquo;affaire de tous ! Vous en \u00eates les premiers acteurs ! Votre mobilisation est essentielle et n\u00e9cessaire !<br \/>\nSi vous souhaitez nous aider \u00e0 assurer la protection de l&rsquo;office, rapprochez-vous de nous !<br \/>\nPlus nous serons nombreux \u00e0 nous mobiliser et assurer des relais de garde, plus nous passerons du temps \u00e0 prier !<\/p>\n<hr \/>\n<h3><strong><span style=\"text-decoration: underline;\">Information ACJBB Boulogne Sud :<\/span><br \/>\n<\/strong><\/h3>\n<p style=\"text-align: justify;\">Retrouvez toutes les informations de l\u2019office sur : <a href=\"http:\/\/www.acjbb-sud.org\" target=\"_blank\" rel=\"noopener noreferrer\">www.acjbb-sud.org<\/a>.<br \/>\nSi vous souhaitez recevoir par mail la newsletter de l&rsquo;office, inscrivez-vous en nous envoyant un mail \u00e0 <a href=\"mailto:officeboulognesud@gmail.com\">officeboulognesud@gmail.com<\/a>.<br \/>\nRetrouvez \u00e9galement toutes les informations sur la page Facebook de l&rsquo;office : <a href=\"http:\/\/facebook.com\/acjbbsud\" target=\"_blank\" rel=\"noopener noreferrer\">facebook.com\/acjbbsud<\/a> et sur Twitter : <a href=\"http:\/\/twitter.com\/acjbbsud\" target=\"_blank\" rel=\"noopener noreferrer\">twitter.com\/acjbbsud<\/a>.<\/p>\n<hr \/>\n<h3><strong><span style=\"text-decoration: underline;\">R\u00e9servation des espaces communautaires :<\/span><br \/>\n<\/strong><\/h3>\n<p style=\"text-align: justify;\">Vous souhaitez organiser une manifestation (Brith-Mila, Bar-Mitsvah et Bat-Mitsvah, Mariage, Azkara, Soir\u00e9e Mikv\u00e9 Kala, etc&#8230; ) dans les espaces de la <strong>Synagogue de Boulogne<\/strong>, 43 rue des Abondances, contactez M. Alain Chicheportiche 06.95.62.58.41 &#8211; <a href=\"mailto:alainchicheportiche92@gmail.com\">alainchicheportiche92@gmail.com<\/a><\/p>\n<p style=\"text-align: justify;\">Vous souhaitez r\u00e9server la salle de <strong>Boulogne Sud<\/strong>, 134 bis rue du point du jour Boulogne Billancourt, contactez M. Patrick Sebban 06.03.02.30.78 &#8211; <a href=\"mailto:patrick.sebban2@paris.fr\">patrick.sebban2@paris.fr<\/a><\/p>\n<hr \/>\n<h3><strong><span style=\"text-decoration: underline;\">Mikv\u00e9 :<\/span><br \/>\n<\/strong><\/h3>\n<p><strong>Mikv\u00e9 pour les femmes<\/strong><br \/>\nDimanche 19h-21h<br \/>\nLundi au jeudi 20h-22h<br \/>\nVendredi soir : sur rendez vous aupr\u00e8s de Mme Ya\u00ebl Kassabi au 0622761504 (merci d&rsquo;envoyer un SMS )<br \/>\nSamedi soir : 1h apr\u00e8s Shabbat pendant 2h.<\/p>\n<p><strong>Mikv\u00e9 vaisselle<\/strong><br \/>\nLe Mikv\u00e9 Kelim est ouvert tous les matins du dimanche au vendredi depuis l&rsquo;heure de la Tefila jusqu&rsquo;\u00e0 midi.<\/p>\n<hr \/>\n<h3><strong><span style=\"text-decoration: underline;\">Faire un don :<\/span><br \/>\n<\/strong><\/h3>\n<p style=\"text-align: justify;\">Pour faire vivre et participer activement \u00e0 cet office, <a href=\"http:\/\/www.acjbb-sud.org\/index.php\/faire-un-don\/\" target=\"_blank\" rel=\"noopener noreferrer\">faites un don<\/a> par internet ou envoyez vos ch\u00e8ques au <strong>134 bis rue du Point du Jour<\/strong>. Toutes les participations sont bienvenues, <em>les petits ruisseaux faisant de grandes rivi\u00e8res<\/em>, nous parviendrons, tous ensemble, \u00e0 faire vivre l\u2019Office de Boulogne Sud.<\/p>\n<p>Tizkou L\u00e9-Mitsvot !!<\/p>\n<hr \/>\n<h3><strong><span style=\"text-decoration: underline;\">Dons pour le Centre Culturel de Boulogne Billancourt :<\/span><br \/>\n<\/strong><\/h3>\n<p style=\"text-align: justify;\">Le nouveau centre culturel sera situ\u00e9 \u00e0 l&rsquo;angle des rues Marcel Dassault et d&rsquo;Anjou. Le permis de construire, d\u00e9pos\u00e9 en mars \u00e0 la mairie a \u00e9t\u00e9 purg\u00e9. Les travaux devraient commencer prochainement. Il comprendra notamment :<\/p>\n<ul>\n<li>Une Synagogue<\/li>\n<li>Le Centre Communautaire (CCIBB)<\/li>\n<li>Une salle polyvalente<\/li>\n<li>et une salle des f\u00eates<\/li>\n<\/ul>\n<p>Vous pouvez consulter la <a href=\"http:\/\/synaboulogne.us12.list-manage.com\/track\/click?u=f13343cbc4710ddbadcdef23f&amp;id=d046c15db4&amp;e=744d346afc\">plaquette de pr\u00e9sentation du Centre Culturel de Boulogne<\/a><\/p>\n<p style=\"text-align: justify;\"><img loading=\"lazy\" decoding=\"async\" class=\"aligncenter wp-image-778 size-full\" src=\"http:\/\/acjbb-sud.org\/wp-content\/uploads\/2017\/06\/Acjbb-construction-1.png\" alt=\"\" width=\"684\" height=\"461\" srcset=\"https:\/\/acjbb-sud.org\/wp-content\/uploads\/2017\/06\/Acjbb-construction-1.png 684w, https:\/\/acjbb-sud.org\/wp-content\/uploads\/2017\/06\/Acjbb-construction-1-300x202.png 300w, https:\/\/acjbb-sud.org\/wp-content\/uploads\/2017\/06\/Acjbb-construction-1-445x300.png 445w\" sizes=\"auto, (max-width: 684px) 100vw, 684px\" \/><\/p>\n<h3 class=\"m_-5277437730878633356null\"><span style=\"color: #0000ff;\"><strong>Etat du dossier<\/strong><\/span><\/h3>\n<p style=\"text-align: justify;\"><strong>Nous attendons cette semaine la remise des projets des constructeurs interrog\u00e9s. Ces projets vont maintenant faire l&rsquo;objet d&rsquo;une analyse, puis d&rsquo;audition des prestataires retenus.<\/strong><\/p>\n<p>Nous vous aviserons ici de l&rsquo;\u00e9tat d&rsquo;avancement d&rsquo;op\u00e9ration.<\/p>\n<p style=\"text-align: justify;\">Devenez acteur du devenir de la vie juive \u00e0 Boulogne en faisant un don pour la construction du Centre Culturel de Boulogne. Vous pouvez d\u00e9cider de diriger votre don vers la synagogue ou vers le CCIBB, en nous l&rsquo;indiquant par message.<\/p>\n<p><a href=\"http:\/\/synaboulogne.us12.list-manage2.com\/track\/click?u=f13343cbc4710ddbadcdef23f&amp;id=b3fe55f499&amp;e=744d346afc\" target=\"_blank\" rel=\"noopener\">Je participe \u00e0 la collecte pour la construction<\/a><\/p>\n<hr \/>\n<h3><strong><span style=\"text-decoration: underline;\">Formation Maguen David Adom : Stage complet de secourisme :<\/span><br \/>\n<\/strong><\/h3>\n<p style=\"text-align: justify;\">Les amis fran\u00e7ais du <span style=\"color: #ff0000;\"><strong>Maguen David Adom<\/strong><\/span>, services d&rsquo;urgences m\u00e9dicales en Isra\u00ebl, en partenariat avec les Bnai Brith, organisent <strong>dimanche 10 d\u00e9cembre 2017 de 10h \u00e0 18h<\/strong> un stage complet de secourisme.<\/p>\n<p><a href=\"http:\/\/ccibb.net\/wp-content\/uploads\/2017\/11\/MDA-formation-Maguen-David-Adom-20171210.jpg\"><img decoding=\"async\" class=\"aligncenter size-full wp-image-1560\" src=\"http:\/\/ccibb.net\/wp-content\/uploads\/2017\/11\/MDA-formation-Maguen-David-Adom-20171210.jpg\" alt=\"\" width=\"700\" \/><\/a><\/p>\n<p style=\"text-align: justify;\">Le stage se d\u00e9roulera le dimanche 10 d\u00e9cembre 2017 de 10h00 \u00e0 18h00, au Centre Communautaire Isra\u00e9lite de Boulogne Billancourt, 20 ter rue des Peupliers, \u00e0 Boulogne Billancourt.<\/p>\n<p style=\"text-align: justify;\">Le nombre de place \u00e9tant limit\u00e9, il est imp\u00e9ratif de s&rsquo;inscrire au 01.43.87.49.02 ou en envoyant un mail \u00e0 <a href=\"mailto:psc1@mda-france.org\">psc1@mda-france.org<\/a>.<\/p>\n<p>PAF : 60 \u20ac.<\/p>\n<p>Retrouvez toute l&rsquo;actualit\u00e9 du Magen David Adom sur leur site : <a href=\"http:\/\/www.mda-france.org\/\" target=\"_blank\" rel=\"noopener\">mda-france.org<\/a>.<\/p>\n<hr \/>\n<h3><strong><span style=\"text-decoration: underline;\">Dvar Thorah et enseignements :<\/span><br \/>\n<\/strong><\/h3>\n<p><em><strong>par le Rav Mika\u00ebl Mouyal<\/strong><\/em><\/p>\n<p style=\"text-align: justify;\"><em>L\u00e9\u00eflouy Nichmat Avraham Ben Mikha\u00ebl, &lsquo;Ha\u00ef Victor Ben Yakouta, Jaqueline Bat Esther et Paula Yakouta Bat Rosette<\/em><\/p>\n<h3 style=\"text-align: center;\"><strong>Le coin &lsquo;Hidouchim<\/strong><\/h3>\n<h4><strong>\u00ab Ses fr\u00e8res virent que c&rsquo;est lui (Yosseph) que leur p\u00e8re aimait, ils le ha\u00efrent et ne purent lui parler pour la paix \u00bb (37, 4) :<\/strong><\/h4>\n<p style=\"text-align: justify;\">Nos Sages enseignent que celui qui prend cong\u00e9 d&rsquo;un vivant doit lui dire : \u00ab Va pour la paix \u00bb. Mais, s&rsquo;il se s\u00e9pare d&rsquo;un mort, il dira : \u00ab Va en paix \u00bb. La Thora vient dire ici que les fr\u00e8res de Yosseph le ha\u00efrent jusqu&rsquo;\u00e0 ne plus pouvoir lui dire les termes : \u00ab Va pour la paix \u00bb, que l&rsquo;on dit pour quelqu&rsquo;un de vivant. C&rsquo;est ce que dit ici le verset en allusion : \u00ab Ils ne purent lui parler (en lui disant : \u201cVa) pour la paix\u201d \u00bb.<br \/>\n(Gaon de Vilna)<\/p>\n<h4><strong>\u00ab Il lui dit : \u201cVa, de gr\u00e2ce, voir comment vont tes fr\u00e8res ainsi que le b\u00e9tail et rapporte-moi la chose\u201d \u00bb (37, 14) :<\/strong><\/h4>\n<p style=\"text-align: justify;\">Nos Sages enseignent que celui qui va faire une Mitsva, ne conna\u00eetra pas de pr\u00e9judice. Seulement, d&rsquo;apr\u00e8s certains, cela n&rsquo;est valable que lors du chemin vers la Mitsva, mais pas pour le chemin du retour. Ainsi, Yaacov voulait que Yosseph soit prot\u00e9g\u00e9 lors de sa mission pour voir comment vont ses fr\u00e8res, et ce m\u00eame apr\u00e8s que la mission ait \u00e9t\u00e9 remplie, c&rsquo;est \u00e0 dire lors du retour. C&rsquo;est pourquoi, tout d&rsquo;abord il lui dit : \u00ab Va, de gr\u00e2ce, voir comment vont tes fr\u00e8res \u00bb. Par cela, il impliqua Yosseph dans la Mitsva du respect de son p\u00e8re, ce qui devrait le prot\u00e9ger. Puis, pour qu&rsquo;il soit aussi prot\u00e9g\u00e9 apr\u00e8s la Mitsva r\u00e9alis\u00e9e, il lui dit : \u00ab Et rapporte-moi la chose \u00bb. De la sorte, m\u00eame lors du retour il accomplira la Mitsva du respect de son p\u00e8re, dans le but de lui faire un rapport.<br \/>\n(Ohr Ha&rsquo;Ha\u00efm)<\/p>\n<h4><strong>\u00ab Y\u00e9houda la vit (il vit Tamar) et la consid\u00e9ra comme une prostitu\u00e9e, car elle couvrit son visage \u00bb (38, 15) :<\/strong><\/h4>\n<p style=\"text-align: justify;\">En quoi le fait qu&rsquo;elle couvrit son visage est une preuve qu&rsquo;elle soit une prostitu\u00e9e ? (Voir Rachi)<br \/>\nEn fait, la Guemara relate que deux Sages entr\u00e8rent dans une ruelle o\u00f9 se trouvaient des prostitu\u00e9es. Imm\u00e9diatement, elles recouvrirent leur visage, ne pouvant pas se tenir devant leur grande saintet\u00e9, elles qui vivent dans la d\u00e9bauche et l&rsquo;impuret\u00e9. De m\u00eame, quand Y\u00e9houda vit cette femme se couvrir le visage, il pensa que pour la m\u00eame raison que dans ce r\u00e9cit talmudique, cette femme se cacha le visage devant lui (Y\u00e9houda \u00e9tant d&rsquo;une tr\u00e8s grande saintet\u00e9). C&rsquo;est donc que c&rsquo;est une prostitu\u00e9e.<br \/>\n(M\u00e9lo Haomer)<\/p>\n<h4><strong>\u00ab Ce fut, quand elle (la femme de Potifar) lui parlait (\u00e0 Yosseph) jour apr\u00e8s jour, et qu&rsquo;il ne l&rsquo;\u00e9coutait pas&#8230; \u00bb (39, 10) :<\/strong><\/h4>\n<p style=\"text-align: justify;\">Nos Sages disent que la femme de Potifar pensait que c&rsquo;\u00e9tait une Volont\u00e9 Divine qu&rsquo;elle ait un enfant de Yosseph, d&rsquo;apr\u00e8s ce qu&rsquo;elle voyait dans les astres. Mais en fait, m\u00eame Yosseph avait un doute et pensait qu&rsquo;elle avait peut-\u00eatre raison, ce qui lui rendait l&rsquo;\u00e9preuve bien plus dure. Seulement, quand Yosseph vit son insistance (\u00ab jour apr\u00e8s jour \u00bb), il comprit que ce n&rsquo;\u00e9tait pas une bonne chose et qu&rsquo;au contraire, cette acte \u00e9mane du mauvais penchant. En effet, l&rsquo;habitude du bon penchant est de dire une fois ou deux \u00e0 l&rsquo;homme de faire une Mitsva, puis il le laisse le suivre ou non. Mais, quand on voit que dans un sujet, on ressent au fond de soi une insistance incessante, alors on peut en conclure que cela provient du mauvais penchant, qui ne cesse de pousser l&rsquo;homme \u00e0 la faute, jusqu&rsquo;\u00e0 ce qu&rsquo;il c\u00e8de, D.ieu Pr\u00e9serve. Ainsi, quand on sent une grande insistance, souvent il ne faut pas suivre ce chemin.<br \/>\n(&lsquo;Hidouch\u00e9 Harim)<\/p>\n<h3 style=\"text-align: center;\"><strong>Le coin Halakha (lois de Chabbat)<\/strong><\/h3>\n<p style=\"text-align: justify;\">Nos Sages ont interdit de prendre des m\u00e9dicaments le Chabbat. Seulement, un malade, m\u00eame s&rsquo;il n&rsquo;est pas en danger, s&rsquo;il est alit\u00e9 du fait de son probl\u00e8me de sant\u00e9, il pourra prendre des m\u00e9dicaments. Il en est de m\u00eame s&rsquo;il a une douleur qui provoque que tout son corps soit affaibli. Mais, si tout son corps n&rsquo;est pas affaibli, m\u00eame s&rsquo;il souffre de maux comme un mal de t\u00eate ou de dents, il ne pourra pas prendre des m\u00e9dicaments.<br \/>\nDans les cas o\u00f9 il sera autoris\u00e9 de prendre des m\u00e9dicaments, il est aussi autoris\u00e9 de d\u00e9chirer le papier o\u00f9 le comprim\u00e9 est enferm\u00e9 pour le faire sortir de son enveloppe. Seulement, il faut veiller \u00e0 ne pas d\u00e9chirer des lettres \u00e9crites en enlevant le m\u00e9dicament. Bien plus, on pourra m\u00eame couper la g\u00e9lule en deux si on n&rsquo;a besoin que d&rsquo;une moiti\u00e9.<br \/>\nQuelqu&rsquo;un qui a mal aux dents, pourra consommer une boisson alcoolis\u00e9e pour apaiser sa douleur. Mais alors, on devra le faire comme on le ferait d&rsquo;ordinaire. Ainsi, il sera interdit de faire un gargarisme puis de recracher le liquide, ou encore de garder le liquide dans la bouche un certain temps puis de l&rsquo;avaler. N\u00e9anmoins, si sa douleur aux dents est tellement forte qu&rsquo;elle affaiblie tout son corps, alors ce sera permis, puisqu&rsquo;il est alors autoris\u00e9 de se soigner, comme cela a \u00e9t\u00e9 dit.<\/p>\n<h3 style=\"text-align: center;\"><strong>Le coin histoire<\/strong><\/h3>\n<p style=\"text-align: justify;\">Le Rav Eliahou Lopian raconte que lorsqu&rsquo;il \u00e9tudiait aupr\u00e8s du Sabba de Kelm (Rav Sim&rsquo;ha Zissel), il \u00e9tait souvent impressionn\u00e9 en voyant comment la Rabbanit (l&rsquo;\u00e9pouse du Rav) avait tant de force pour s&rsquo;occuper de l&rsquo;\u00e9ducation des enfants ainsi que de la subsistance du foyer, au point que beaucoup d&rsquo;affaires \u00e9taient sous sa responsabilit\u00e9. Jusqu&rsquo;au jour o\u00f9 il fut invit\u00e9 \u00e0 passer Chabbat chez le Sabba et il vit avec combien de sagesse il s&rsquo;\u00e9vertuait \u00e0 exprimer de la reconnaissance et de la gratitude \u00e0 son \u00e9pouse. Il raconte par exemple, qu&rsquo;apr\u00e8s avoir mang\u00e9 de la &lsquo;Halla, le Sabba dit \u00e0 la Rabbanit : \u00ab J&rsquo;ai r\u00e9cit\u00e9 la b\u00e9n\u00e9diction de Hamotsi sur cette &lsquo;Halla que tu as faite. Mais j&rsquo;avais un doute si je ne devais pas r\u00e9citer la b\u00e9n\u00e9diction de Mezonot, tellement elle est bonne \u00bb.<br \/>\nCette histoire nous apprend combien il est important d&rsquo;\u00eatre reconnaissant vis \u00e0 vis des autres, et surtout de son conjoint. Ce sont tous les compliments qu&rsquo;un homme adresse \u00e0 sa femme qui lui donnent des forces et lui permettent d&rsquo;\u00eatre le pilier de la maison. Combien de probl\u00e8mes apparaissent uniquement du fait de critiques et de manque de compliments d&rsquo;un mari vis \u00e0 vis de son \u00e9pouse !<\/p>\n<h3 style=\"text-align: center;\"><strong>Le coin \u00e9tude<\/strong><\/h3>\n<p><strong>Une attente impatiente<\/strong><\/p>\n<p style=\"text-align: justify;\">Notre Paracha traite de la vente de Yosseph et de sa descente en Egypte, \u00e9v\u00e9nements pr\u00e9curseurs de l&rsquo;exil des enfants d&rsquo;Isra\u00ebl dans ce pays. Au d\u00e9but de la Paracha, Yosseph raconte deux de ses r\u00eaves \u00e0 ses fr\u00e8res. Dans le deuxi\u00e8me r\u00eave, Yosseph raconte \u00e0 ses fr\u00e8res et \u00e0 son p\u00e8re qu&rsquo;il a vu onze \u00e9toiles, ainsi que le soleil et la lune, se prosterner devant lui. Alors, la Thora dit : \u00ab Son p\u00e8re (Yaacov) a gard\u00e9 cette chose-l\u00e0 \u00bb. Dans son commentaire, Rachi explique que cela signifie qu&rsquo;il s&rsquo;est mis \u00e0 attendre et \u00e0 esp\u00e9rer que ce r\u00eave se r\u00e9alise \u00bb. Cela suppose qu&rsquo;il s&rsquo;est mis \u00e0 esp\u00e9rer que ses enfants se prosternent devant Yosseph. Seulement, la question se pose. Certes, Yaacov avait une affection particuli\u00e8re pour Yosseph. Mais, de l\u00e0 \u00e0 souhaiter et \u00e0 esp\u00e9rer que ses fr\u00e8res se prosternent devant lui !?<br \/>\nCertains commentateurs expliquent qu&rsquo;en fait, dans son r\u00eave, le soleil et la lune se sont prostern\u00e9s devant lui. Le soleil c&rsquo;est son p\u00e8re, Yaacov, et la lune, c&rsquo;est donc sa m\u00e8re, Ra&rsquo;hel. Or, Ra&rsquo;hel \u00e9tait morte. Ainsi, Rachi suivrait en cela une opinion du Midrash et penserait que ce r\u00eave annoncerait que la r\u00e9surrection des morts allaient se r\u00e9aliser dans sa g\u00e9n\u00e9ration et que Ra&rsquo;hel (la lune) allait revivre. Et c&rsquo;est \u00e0 propos de ce d\u00e9tail que Rachi dit que Yaacov esp\u00e9rait la r\u00e9alisation du r\u00eave, et non \u00e0 propos du fait que tout le monde se prosternerait devant Yosseph. Il attendait impatiemment que les morts revivent pour pouvoir revoir sa femme Ra&rsquo;hel qu&rsquo;il aimait tant.<br \/>\nSeulement, il est difficile de comprendre comme cela le commentaire de Rachi. Tout d&rsquo;abord, parce que dans son commentaire il n&rsquo;a pas fait allusion \u00e0 ce Midrash selon lequel Yaacov esp\u00e9rait que les morts revivent. De plus, il est difficile de dire que l&rsquo;essentiel de l&rsquo;espoir de Yaacov ne concernait qu&rsquo;un d\u00e9tail anecdotique du r\u00eave (de revoir la lune \u2013 Ra&rsquo;hel) et non son contenu essentiel, le fait que tous se prosterneront devant Yosseph. Enfin, Rachi explique aussi que ce d\u00e9tail du r\u00eave, que la lune se prosternera, est un \u00e9l\u00e9ment futile dans le r\u00eave, c&rsquo;est \u00e0 dire qui ne va pas se r\u00e9aliser, ce qui est l&rsquo;oppos\u00e9 de l&rsquo;opinion du Midrash pr\u00e9disant la r\u00e9surrection de Ra&rsquo;hel.<br \/>\nOn se doit donc d&rsquo;expliquer autrement l&rsquo;attente de Yaacov \u00e9voqu\u00e9e par Rachi.<br \/>\nEn fait, la descente de Yosseoh en Egypte constitue le d\u00e9but de la r\u00e9alisation de l&rsquo;annonce de l&rsquo;exil des H\u00e9breux en Egypte. Bien plus, tous les \u00e9v\u00e9nements qui concernent Yosseph (sa descente en esclave ainsi que son \u00e9l\u00e9vation en tant que vice-roi) pr\u00e9parent l&rsquo;exil d&rsquo;Egypte. Ainsi, quand Rachi explique que Yaacov attendait et esp\u00e9rait la r\u00e9alisation du r\u00eave de Yosseph, que toute sa famille se prosterne devant lui, cela aussi \u00e9tait une pr\u00e9paration \u00e0 l&rsquo;exil d&rsquo;Egypte. Yaacov esp\u00e9rait que l&rsquo;exil d&rsquo;Egypte s&rsquo;amorce de la fa\u00e7on d\u00e9crite dans le r\u00eave de Yosseph, par le fait de se prosterner devant lui, et non d&rsquo;une autre fa\u00e7on.<br \/>\nEn effet, il existe une diff\u00e9rence notable entre la dimension de Yosseph d&rsquo;une part, et la dimension de ses fr\u00e8res et de son p\u00e8re d&rsquo;autre part. Toutes les autres tribus \u00e9taient bergers. En tant que tel, ils se rendaient dans les montagnes et les prairies, et ainsi pouvaient s&rsquo;\u00e9carter de toutes les affaires mat\u00e9rielles du monde, pouvant ainsi m\u00e9diter aux concepts spirituels et servir Hachem sans d\u00e9rangement. En revanche, Yosseph a \u00e9t\u00e9 exil\u00e9 parmi les nations et s&rsquo;est retrouv\u00e9 avoir de grandes responsabilit\u00e9s parmi eux : au d\u00e9part chez Potifar, puis plus tard en tant que vice-roi d&rsquo;Egypte. Tout le pays ne pouvait \u201clever la main\u201d que par son ordre. Toutes les affaires de l&rsquo;Egypte n&rsquo;\u00e9taient g\u00e9r\u00e9es que par lui. \u00c9videmment, tout cela constituait une occupation et un d\u00e9rangement tr\u00e8s importants.<br \/>\nEt malgr\u00e9 tout, il a r\u00e9ussi \u00e0 rester attach\u00e9 \u00e0 Hachem \u00e0 la perfection. Toutes ses affaires politiques, \u00e9conomiques&#8230;, ne l&rsquo;ont aucunement troubl\u00e9. Et bien au contraire. C&rsquo;est lui qui a r\u00e9ussi \u00e0 agir sur l&rsquo;Egypte. Il a r\u00e9ussi \u00e0 rendre l&rsquo;Egypte conforme \u00e0 ses exigences dans son service d&rsquo;Hachem. Par exemple, nos Sages rapportent qu&rsquo;il a circoncis les \u00e9gyptiens.<br \/>\nAinsi, Hachem a organis\u00e9 les \u00e9v\u00e9nements de sorte que Yosseph descende en Egypte avant ses fr\u00e8res pour pr\u00e9parer l&rsquo;exil. Yosseph a prouv\u00e9 que m\u00eame dans l&rsquo;exil et l&rsquo;obscurit\u00e9 les plus grands, il r\u00e9ussit \u00e0 maintenir son attachement avec Hachem. Mais, il fallait ensuite que Yosseph transmette cette force de pouvoir traverser l&rsquo;exil sans s&rsquo;affaiblir, \u00e0 ses fr\u00e8res, pour qu&rsquo;eux aussi, ainsi que leurs descendances puissent \u00e9galement vivre l&rsquo;exil d&rsquo;Egypte sans flancher. C&rsquo;est justement pour cet objectif l\u00e0 qu&rsquo;il \u00e9tait important que toute la famille de Yosseph se prosterne devant lui, comme le pr\u00e9disait son r\u00eave. Se prosterner est une fa\u00e7on de s&rsquo;annuler et d&rsquo;exprimer son effacement vis \u00e0 vis de celui devant qui on se prosterne. En s&rsquo;effa\u00e7ant devant Yosseph, ses fr\u00e8res ont pu capter et recevoir de Yosseph sa force et ses aptitudes qui \u00e9taient si n\u00e9cessaires d&rsquo;avoir pour traverser l&rsquo;exil d&rsquo;Egypte. C&rsquo;est pourquoi, il \u00e9tait si pr\u00e9cieux que ce r\u00eave se r\u00e9alise. Yaacov attendait et esp\u00e9rait la r\u00e9alisation du r\u00eave de son fils, car c&rsquo;\u00e9tait seulement de cette fa\u00e7on que le peuple d&rsquo;Isra\u00ebl pourra traverser l&rsquo;obscurit\u00e9 spirituelle de l&rsquo;exil d&rsquo;Egypte, sans en \u00eatre en rien troubl\u00e9 dans son service d&rsquo;Hachem.<br \/>\nMais on peut encore s&rsquo;interroger. Certes, tout cela explique pourquoi Yaacov esp\u00e9rait que l&rsquo;exil s&rsquo;amorce de la fa\u00e7on d\u00e9crite dans le r\u00eave. Mais, puisque finalement le r\u00eave d\u00e9crit le d\u00e9but de l&rsquo;exil, comment peut-on dire que Yaacov attendait sa r\u00e9alisation avec impatience ? Cela reviendrait \u00e0 dire qu&rsquo;il esp\u00e9rait que l&rsquo;exil arrive vite, ce qui n&rsquo;est pas possible !<br \/>\nC&rsquo;est pourquoi, il faut dire que dans l&rsquo;attente impatiente de Yaacov quant \u00e0 la r\u00e9alisation du r\u00eave, il y a encore une autre intention. La royaut\u00e9 de Yosseph sur ses fr\u00e8res d\u00e9crite dans son r\u00eave n&rsquo;est pas qu&rsquo;une pr\u00e9paration \u00e0 l&rsquo;exil uniquement. Mais c&rsquo;est aussi une pr\u00e9paration \u00e0 la d\u00e9livrance finale. Et Yaacov attendait impatiemment la r\u00e9alisation du r\u00eave \u00e0 l&rsquo;instar de chacun d&rsquo;entre nous qui esp\u00e8re et attend la d\u00e9livrance finale par la venue du Machia&rsquo;h. Cela est en allusion dans un Midrash qui dit : \u00ab Les tribus s&rsquo;occupaient de vendre Yosseph, Yosseph s&rsquo;occupait de ses je\u00fbnes, R\u00e9ouven aussi s&rsquo;occupait de ses je\u00fbnes, Yaacov \u00e9galement s&rsquo;occupait de ses je\u00fbnes, Y\u00e9houda s&rsquo;occupait de se trouver une femme. Et Hachem s&rsquo;occupait de cr\u00e9er la lumi\u00e8re du Machia&rsquo;h \u00bb. Ce Midrash ne signifie pas que chacun s&rsquo;occupait de ses affaires personnelles et que Hachem s&rsquo;affairait \u00e0 autre chose, mais que l&rsquo;occupation profonde et r\u00e9elle de chacun a \u00e9t\u00e9 de \u201cpermettre\u201d \u00e0 Hachem de cr\u00e9er la lumi\u00e8re du Machia&rsquo;h. Et de m\u00eame que l&rsquo;histoire de Y\u00e9houda avec Tamar a permis clairement d&rsquo;engendrer le Machia&rsquo;h descendant de Y\u00e9houda, \u00e0 travers la naissance de son anc\u00eatre Perets. Ainsi, toute l&rsquo;histoire de Yosseph en Egypte \u00e9tait tourn\u00e9e dans le but de pr\u00e9parer la naissance du Machia&rsquo;h descendant de Yosseph (car nous attendons ces deux Machia&rsquo;h). Ainsi, la royaut\u00e9 de Yosseph pr\u00e9vue dans son r\u00eave est pr\u00e9curseur de l&rsquo;av\u00e8nement de la royaut\u00e9 du Machia&rsquo;h qui descend de Yosseph, pr\u00e9alable \u00e0 la venue du Machia&rsquo;h descendant de Y\u00e9houda que nous attendons tant. C&rsquo;est justement cela que Yaacov a tant esp\u00e9r\u00e9 \u00e0 travers le r\u00eave de son fils, au point d&rsquo;attendre impatiemment sa r\u00e9alisation.<br \/>\n(Bas\u00e9 sur le Likout\u00e9 Si&rsquo;hot)<\/p>\n<h3 style=\"text-align: center;\"><strong>Le coin &lsquo;Hizouk<\/strong><\/h3>\n<p style=\"text-align: justify;\">Il est d&rsquo;usage de placer des arbres non fruitiers \u00e0 la synagogue lors de la f\u00eate de Chavouot, c\u00e9l\u00e9brant le don de la Thora. Une raison \u00e0 cela est que m\u00eame un Juif qui est tel un arbre non fruitier (sans Thora et Mitsvot), m\u00eame lui a une part dans la Thora. Car aucun Juif n&rsquo;est exclu. Ainsi, chacun, m\u00eame le plus \u00e9loign\u00e9, doit tenir \u00e0 sa part et tout faire pour la r\u00e9aliser.<br \/>\n(D&rsquo;apr\u00e8s le &lsquo;Hatam Sofer)<\/p>\n<hr \/>\n<p><strong>Chabbat Chalom !!!<\/strong><\/p>\n","protected":false},"excerpt":{"rendered":"<p>Paracha Vay\u00e9ch\u00e8v \/ \u05e4\u05e8\u05e9\u05d4 \u05d5\u05d9\u05e9\u05d1 8\/9 d\u00e9cembre 2017 &#8211; 21 Kislev 5778 \/ \u05db&rsquo;\u05d0 \u05db\u05e1\u05dc\u05d5 \u05d4-\u05ea\u05e9\u05e2&rsquo;\u05d7 Les Horaires : Vendredi soir : 16h40 : Min\u2019ha suivi d&rsquo;un cours 16h35 : Allumage des bougies de Chabbat (heure maximum pour l&rsquo;allumage : 16h36) 17h45 : Chir Hachirim, Kabbalat Chabbat et Arvit D\u2019var Thora par le Rav Mika\u00ebl &hellip; <\/p>\n<p><a class=\"more-link btn\" href=\"https:\/\/acjbb-sud.org\/index.php\/2017\/12\/07\/chabbat-vayechev-5778\/\">Lire la suite<\/a><\/p>\n","protected":false},"author":1,"featured_media":216,"comment_status":"open","ping_status":"open","sticky":false,"template":"","format":"standard","meta":{"jetpack_post_was_ever_published":false,"_jetpack_newsletter_access":"","_jetpack_dont_email_post_to_subs":false,"_jetpack_newsletter_tier_id":0,"_jetpack_memberships_contains_paywalled_content":false,"_jetpack_memberships_contains_paid_content":false,"footnotes":"","jetpack_publicize_message":"","jetpack_publicize_feature_enabled":true,"jetpack_social_post_already_shared":true,"jetpack_social_options":{"image_generator_settings":{"template":"highway","default_image_id":0,"font":"","enabled":false},"version":2}},"categories":[3],"tags":[47,134],"class_list":["post-1317","post","type-post","status-publish","format-standard","has-post-thumbnail","hentry","category-chabbat","tag-chabbat","tag-vayechev","item-wrap"],"yoast_head":"<!-- This site is optimized with the Yoast SEO plugin v26.6 - https:\/\/yoast.com\/wordpress\/plugins\/seo\/ -->\n<title>Chabbat Vay\u00e9ch\u00e8v - Synagogue ACJBB Boulogne Sud<\/title>\n<meta name=\"robots\" content=\"index, follow, max-snippet:-1, max-image-preview:large, max-video-preview:-1\" \/>\n<link rel=\"canonical\" href=\"https:\/\/acjbb-sud.org\/index.php\/2017\/12\/07\/chabbat-vayechev-5778\/\" \/>\n<meta property=\"og:locale\" content=\"fr_FR\" \/>\n<meta property=\"og:type\" content=\"article\" \/>\n<meta property=\"og:title\" content=\"Chabbat Vay\u00e9ch\u00e8v - Synagogue ACJBB Boulogne Sud\" \/>\n<meta property=\"og:description\" content=\"Paracha Vay\u00e9ch\u00e8v \/ \u05e4\u05e8\u05e9\u05d4 \u05d5\u05d9\u05e9\u05d1 8\/9 d\u00e9cembre 2017 &#8211; 21 Kislev 5778 \/ \u05db&rsquo;\u05d0 \u05db\u05e1\u05dc\u05d5 \u05d4-\u05ea\u05e9\u05e2&rsquo;\u05d7 Les Horaires : Vendredi soir : 16h40 : Min\u2019ha suivi d&rsquo;un cours 16h35 : Allumage des bougies de Chabbat (heure maximum pour l&rsquo;allumage : 16h36) 17h45 : Chir Hachirim, Kabbalat Chabbat et Arvit D\u2019var Thora par le Rav Mika\u00ebl &hellip; Lire la suite\" \/>\n<meta property=\"og:url\" content=\"https:\/\/acjbb-sud.org\/index.php\/2017\/12\/07\/chabbat-vayechev-5778\/\" \/>\n<meta property=\"og:site_name\" content=\"Synagogue ACJBB Boulogne Sud\" \/>\n<meta property=\"article:published_time\" content=\"2017-12-07T09:42:03+00:00\" \/>\n<meta property=\"article:modified_time\" content=\"2018-01-10T13:38:28+00:00\" \/>\n<meta property=\"og:image\" content=\"https:\/\/acjbb-sud.org\/wp-content\/uploads\/2016\/10\/chabbath-pain-et-bougies-1810-1.jpg\" \/>\n\t<meta property=\"og:image:width\" content=\"660\" \/>\n\t<meta property=\"og:image:height\" content=\"360\" \/>\n\t<meta property=\"og:image:type\" content=\"image\/jpeg\" \/>\n<meta name=\"author\" content=\"AcjbbSud\" \/>\n<meta name=\"twitter:card\" content=\"summary_large_image\" \/>\n<meta name=\"twitter:label1\" content=\"\u00c9crit par\" \/>\n\t<meta name=\"twitter:data1\" content=\"AcjbbSud\" \/>\n\t<meta name=\"twitter:label2\" content=\"Dur\u00e9e de lecture estim\u00e9e\" \/>\n\t<meta name=\"twitter:data2\" content=\"20 minutes\" \/>\n<script type=\"application\/ld+json\" class=\"yoast-schema-graph\">{\"@context\":\"https:\/\/schema.org\",\"@graph\":[{\"@type\":\"WebPage\",\"@id\":\"https:\/\/acjbb-sud.org\/index.php\/2017\/12\/07\/chabbat-vayechev-5778\/\",\"url\":\"https:\/\/acjbb-sud.org\/index.php\/2017\/12\/07\/chabbat-vayechev-5778\/\",\"name\":\"Chabbat Vay\u00e9ch\u00e8v - Synagogue ACJBB Boulogne Sud\",\"isPartOf\":{\"@id\":\"https:\/\/acjbb-sud.org\/#website\"},\"primaryImageOfPage\":{\"@id\":\"https:\/\/acjbb-sud.org\/index.php\/2017\/12\/07\/chabbat-vayechev-5778\/#primaryimage\"},\"image\":{\"@id\":\"https:\/\/acjbb-sud.org\/index.php\/2017\/12\/07\/chabbat-vayechev-5778\/#primaryimage\"},\"thumbnailUrl\":\"https:\/\/acjbb-sud.org\/wp-content\/uploads\/2016\/10\/chabbath-pain-et-bougies-1810-1.jpg\",\"datePublished\":\"2017-12-07T09:42:03+00:00\",\"dateModified\":\"2018-01-10T13:38:28+00:00\",\"author\":{\"@id\":\"https:\/\/acjbb-sud.org\/#\/schema\/person\/adc8f09fb72c9d0dc78509106dc5e9f0\"},\"breadcrumb\":{\"@id\":\"https:\/\/acjbb-sud.org\/index.php\/2017\/12\/07\/chabbat-vayechev-5778\/#breadcrumb\"},\"inLanguage\":\"fr-FR\",\"potentialAction\":[{\"@type\":\"ReadAction\",\"target\":[\"https:\/\/acjbb-sud.org\/index.php\/2017\/12\/07\/chabbat-vayechev-5778\/\"]}]},{\"@type\":\"ImageObject\",\"inLanguage\":\"fr-FR\",\"@id\":\"https:\/\/acjbb-sud.org\/index.php\/2017\/12\/07\/chabbat-vayechev-5778\/#primaryimage\",\"url\":\"https:\/\/acjbb-sud.org\/wp-content\/uploads\/2016\/10\/chabbath-pain-et-bougies-1810-1.jpg\",\"contentUrl\":\"https:\/\/acjbb-sud.org\/wp-content\/uploads\/2016\/10\/chabbath-pain-et-bougies-1810-1.jpg\",\"width\":660,\"height\":360},{\"@type\":\"BreadcrumbList\",\"@id\":\"https:\/\/acjbb-sud.org\/index.php\/2017\/12\/07\/chabbat-vayechev-5778\/#breadcrumb\",\"itemListElement\":[{\"@type\":\"ListItem\",\"position\":1,\"name\":\"Accueil\",\"item\":\"https:\/\/acjbb-sud.org\/\"},{\"@type\":\"ListItem\",\"position\":2,\"name\":\"Chabbat Vay\u00e9ch\u00e8v\"}]},{\"@type\":\"WebSite\",\"@id\":\"https:\/\/acjbb-sud.org\/#website\",\"url\":\"https:\/\/acjbb-sud.org\/\",\"name\":\"Synagogue ACJBB Boulogne Sud\",\"description\":\"Synagogue \/ Association Communautaire Juive de Boulogne Billancourt (Sud)\",\"potentialAction\":[{\"@type\":\"SearchAction\",\"target\":{\"@type\":\"EntryPoint\",\"urlTemplate\":\"https:\/\/acjbb-sud.org\/?s={search_term_string}\"},\"query-input\":{\"@type\":\"PropertyValueSpecification\",\"valueRequired\":true,\"valueName\":\"search_term_string\"}}],\"inLanguage\":\"fr-FR\"},{\"@type\":\"Person\",\"@id\":\"https:\/\/acjbb-sud.org\/#\/schema\/person\/adc8f09fb72c9d0dc78509106dc5e9f0\",\"name\":\"AcjbbSud\",\"image\":{\"@type\":\"ImageObject\",\"inLanguage\":\"fr-FR\",\"@id\":\"https:\/\/acjbb-sud.org\/#\/schema\/person\/image\/\",\"url\":\"https:\/\/secure.gravatar.com\/avatar\/ea30fe7a8231c8c0bf30066f86006714af7be34ba414543eaab3e453b92901aa?s=96&d=mm&r=g\",\"contentUrl\":\"https:\/\/secure.gravatar.com\/avatar\/ea30fe7a8231c8c0bf30066f86006714af7be34ba414543eaab3e453b92901aa?s=96&d=mm&r=g\",\"caption\":\"AcjbbSud\"},\"url\":\"https:\/\/acjbb-sud.org\/index.php\/author\/acjbbsud\/\"}]}<\/script>\n<!-- \/ Yoast SEO plugin. -->","yoast_head_json":{"title":"Chabbat Vay\u00e9ch\u00e8v - Synagogue ACJBB Boulogne Sud","robots":{"index":"index","follow":"follow","max-snippet":"max-snippet:-1","max-image-preview":"max-image-preview:large","max-video-preview":"max-video-preview:-1"},"canonical":"https:\/\/acjbb-sud.org\/index.php\/2017\/12\/07\/chabbat-vayechev-5778\/","og_locale":"fr_FR","og_type":"article","og_title":"Chabbat Vay\u00e9ch\u00e8v - Synagogue ACJBB Boulogne Sud","og_description":"Paracha Vay\u00e9ch\u00e8v \/ \u05e4\u05e8\u05e9\u05d4 \u05d5\u05d9\u05e9\u05d1 8\/9 d\u00e9cembre 2017 &#8211; 21 Kislev 5778 \/ \u05db&rsquo;\u05d0 \u05db\u05e1\u05dc\u05d5 \u05d4-\u05ea\u05e9\u05e2&rsquo;\u05d7 Les Horaires : Vendredi soir : 16h40 : Min\u2019ha suivi d&rsquo;un cours 16h35 : Allumage des bougies de Chabbat (heure maximum pour l&rsquo;allumage : 16h36) 17h45 : Chir Hachirim, Kabbalat Chabbat et Arvit D\u2019var Thora par le Rav Mika\u00ebl &hellip; Lire la suite","og_url":"https:\/\/acjbb-sud.org\/index.php\/2017\/12\/07\/chabbat-vayechev-5778\/","og_site_name":"Synagogue ACJBB Boulogne Sud","article_published_time":"2017-12-07T09:42:03+00:00","article_modified_time":"2018-01-10T13:38:28+00:00","og_image":[{"width":660,"height":360,"url":"https:\/\/acjbb-sud.org\/wp-content\/uploads\/2016\/10\/chabbath-pain-et-bougies-1810-1.jpg","type":"image\/jpeg"}],"author":"AcjbbSud","twitter_card":"summary_large_image","twitter_misc":{"\u00c9crit par":"AcjbbSud","Dur\u00e9e de lecture estim\u00e9e":"20 minutes"},"schema":{"@context":"https:\/\/schema.org","@graph":[{"@type":"WebPage","@id":"https:\/\/acjbb-sud.org\/index.php\/2017\/12\/07\/chabbat-vayechev-5778\/","url":"https:\/\/acjbb-sud.org\/index.php\/2017\/12\/07\/chabbat-vayechev-5778\/","name":"Chabbat Vay\u00e9ch\u00e8v - Synagogue ACJBB Boulogne Sud","isPartOf":{"@id":"https:\/\/acjbb-sud.org\/#website"},"primaryImageOfPage":{"@id":"https:\/\/acjbb-sud.org\/index.php\/2017\/12\/07\/chabbat-vayechev-5778\/#primaryimage"},"image":{"@id":"https:\/\/acjbb-sud.org\/index.php\/2017\/12\/07\/chabbat-vayechev-5778\/#primaryimage"},"thumbnailUrl":"https:\/\/acjbb-sud.org\/wp-content\/uploads\/2016\/10\/chabbath-pain-et-bougies-1810-1.jpg","datePublished":"2017-12-07T09:42:03+00:00","dateModified":"2018-01-10T13:38:28+00:00","author":{"@id":"https:\/\/acjbb-sud.org\/#\/schema\/person\/adc8f09fb72c9d0dc78509106dc5e9f0"},"breadcrumb":{"@id":"https:\/\/acjbb-sud.org\/index.php\/2017\/12\/07\/chabbat-vayechev-5778\/#breadcrumb"},"inLanguage":"fr-FR","potentialAction":[{"@type":"ReadAction","target":["https:\/\/acjbb-sud.org\/index.php\/2017\/12\/07\/chabbat-vayechev-5778\/"]}]},{"@type":"ImageObject","inLanguage":"fr-FR","@id":"https:\/\/acjbb-sud.org\/index.php\/2017\/12\/07\/chabbat-vayechev-5778\/#primaryimage","url":"https:\/\/acjbb-sud.org\/wp-content\/uploads\/2016\/10\/chabbath-pain-et-bougies-1810-1.jpg","contentUrl":"https:\/\/acjbb-sud.org\/wp-content\/uploads\/2016\/10\/chabbath-pain-et-bougies-1810-1.jpg","width":660,"height":360},{"@type":"BreadcrumbList","@id":"https:\/\/acjbb-sud.org\/index.php\/2017\/12\/07\/chabbat-vayechev-5778\/#breadcrumb","itemListElement":[{"@type":"ListItem","position":1,"name":"Accueil","item":"https:\/\/acjbb-sud.org\/"},{"@type":"ListItem","position":2,"name":"Chabbat Vay\u00e9ch\u00e8v"}]},{"@type":"WebSite","@id":"https:\/\/acjbb-sud.org\/#website","url":"https:\/\/acjbb-sud.org\/","name":"Synagogue ACJBB Boulogne Sud","description":"Synagogue \/ Association Communautaire Juive de Boulogne Billancourt (Sud)","potentialAction":[{"@type":"SearchAction","target":{"@type":"EntryPoint","urlTemplate":"https:\/\/acjbb-sud.org\/?s={search_term_string}"},"query-input":{"@type":"PropertyValueSpecification","valueRequired":true,"valueName":"search_term_string"}}],"inLanguage":"fr-FR"},{"@type":"Person","@id":"https:\/\/acjbb-sud.org\/#\/schema\/person\/adc8f09fb72c9d0dc78509106dc5e9f0","name":"AcjbbSud","image":{"@type":"ImageObject","inLanguage":"fr-FR","@id":"https:\/\/acjbb-sud.org\/#\/schema\/person\/image\/","url":"https:\/\/secure.gravatar.com\/avatar\/ea30fe7a8231c8c0bf30066f86006714af7be34ba414543eaab3e453b92901aa?s=96&d=mm&r=g","contentUrl":"https:\/\/secure.gravatar.com\/avatar\/ea30fe7a8231c8c0bf30066f86006714af7be34ba414543eaab3e453b92901aa?s=96&d=mm&r=g","caption":"AcjbbSud"},"url":"https:\/\/acjbb-sud.org\/index.php\/author\/acjbbsud\/"}]}},"jetpack_publicize_connections":[],"jetpack_featured_media_url":"https:\/\/acjbb-sud.org\/wp-content\/uploads\/2016\/10\/chabbath-pain-et-bougies-1810-1.jpg","jetpack_sharing_enabled":true,"jetpack_shortlink":"https:\/\/wp.me\/p7sjOI-lf","jetpack_likes_enabled":true,"_links":{"self":[{"href":"https:\/\/acjbb-sud.org\/index.php\/wp-json\/wp\/v2\/posts\/1317","targetHints":{"allow":["GET"]}}],"collection":[{"href":"https:\/\/acjbb-sud.org\/index.php\/wp-json\/wp\/v2\/posts"}],"about":[{"href":"https:\/\/acjbb-sud.org\/index.php\/wp-json\/wp\/v2\/types\/post"}],"author":[{"embeddable":true,"href":"https:\/\/acjbb-sud.org\/index.php\/wp-json\/wp\/v2\/users\/1"}],"replies":[{"embeddable":true,"href":"https:\/\/acjbb-sud.org\/index.php\/wp-json\/wp\/v2\/comments?post=1317"}],"version-history":[{"count":9,"href":"https:\/\/acjbb-sud.org\/index.php\/wp-json\/wp\/v2\/posts\/1317\/revisions"}],"predecessor-version":[{"id":1407,"href":"https:\/\/acjbb-sud.org\/index.php\/wp-json\/wp\/v2\/posts\/1317\/revisions\/1407"}],"wp:featuredmedia":[{"embeddable":true,"href":"https:\/\/acjbb-sud.org\/index.php\/wp-json\/wp\/v2\/media\/216"}],"wp:attachment":[{"href":"https:\/\/acjbb-sud.org\/index.php\/wp-json\/wp\/v2\/media?parent=1317"}],"wp:term":[{"taxonomy":"category","embeddable":true,"href":"https:\/\/acjbb-sud.org\/index.php\/wp-json\/wp\/v2\/categories?post=1317"},{"taxonomy":"post_tag","embeddable":true,"href":"https:\/\/acjbb-sud.org\/index.php\/wp-json\/wp\/v2\/tags?post=1317"}],"curies":[{"name":"wp","href":"https:\/\/api.w.org\/{rel}","templated":true}]}}