{"id":1456,"date":"2018-02-01T12:00:50","date_gmt":"2018-02-01T11:00:50","guid":{"rendered":"http:\/\/acjbb-sud.org\/?p=1456"},"modified":"2018-02-08T09:04:28","modified_gmt":"2018-02-08T08:04:28","slug":"chabbat-ytro-5778","status":"publish","type":"post","link":"https:\/\/acjbb-sud.org\/index.php\/2018\/02\/01\/chabbat-ytro-5778\/","title":{"rendered":"Chabbat Ytro"},"content":{"rendered":"<h2 style=\"text-align: center; padding-left: 30px;\"><strong>Paracha Ytro \/ <span dir=\"RTL\" lang=\"HE\"> \u05e4\u05e8\u05e9\u05d4 \u05d9\u05ea\u05e8\u05d5 <\/span><\/strong><\/h2>\n<h3 style=\"text-align: center;\"><strong>2\/3 f\u00e9vrier 2018 &#8211; 18 Chevat 5778 \/ <span dir=\"RTL\" lang=\"HE\">\u05d9&rsquo;\u05d7 \u05e9\u05d1\u05d8 \u05d4-\u05ea\u05e9\u05e2&rsquo;\u05d7<\/span><\/strong><\/h3>\n<h4 style=\"text-align: center;\"><em><strong>D\u00e9but : 17h31 &#8211; Fin : 18h41<\/strong><\/em><\/h4>\n<p style=\"text-align: justify;\"><img decoding=\"async\" class=\"wp-image-1474 size-full aligncenter\" src=\"http:\/\/acjbb-sud.org\/wp-content\/uploads\/2018\/02\/Ytro-10-commandements.jpg\" alt=\"\" width=\"500\" srcset=\"https:\/\/acjbb-sud.org\/wp-content\/uploads\/2018\/02\/Ytro-10-commandements.jpg 717w, https:\/\/acjbb-sud.org\/wp-content\/uploads\/2018\/02\/Ytro-10-commandements-300x271.jpg 300w\" sizes=\"(max-width: 717px) 100vw, 717px\" \/><\/p>\n<h3><strong><span style=\"text-decoration: underline;\">Les Horaires :<\/span><br \/>\n<\/strong><\/h3>\n<p><em><strong>Vendredi soir :<\/strong><\/em><br \/>\n<strong>17h25<\/strong> : Allumage des bougies de Chabbat (heure maximum pour l&rsquo;allumage : 17h31)<br \/>\n<strong>17h30<\/strong> : Min\u2019ha suivi de Chir haChirim, Kabbalat Chabbat et Arvit<br \/>\nD\u2019var Thora par <strong>le Rav Mika\u00ebl MOUYAL<\/strong><\/p>\n<p><strong><em>Samedi matin :<\/em> <\/strong><br \/>\n<strong>09h10<\/strong> : Cha\u2019harit<br \/>\n<strong>10h30<\/strong> : Lecture de la Paracha et des <strong>10 Commandements<\/strong> par <strong>Avi COHEN<\/strong>.<br \/>\nLa Haftara sera lue par le jeune <strong>Ethan BISMUTH<\/strong>.<br \/>\nD\u2019var Thora par <strong>le Rav Mika\u00ebl MOUYAL<\/strong>.<br \/>\nL&rsquo;office sera suivi d\u2019un Kiddouch offert par <strong>Thalia et Lionel BISMUTH<\/strong> \u00e0 l&rsquo;occasion de la lecture de la premi\u00e8re Haftara de <strong>Ethan<\/strong>. Nous lui souhaitons un grand Mazal-Tov ainsi qu&rsquo;\u00e0 toute la famille <strong>BISMUTH et SPORN<\/strong>.<\/p>\n<p><em><strong>Samedi apr\u00e8s-midi :<\/strong><\/em><br \/>\n<strong>16h45<\/strong> : T\u00e9hilim &#8211; Lecture collective des T\u00e9hilim &#8211; Alpha\/Beta<br \/>\n<strong>17h00<\/strong> : Min\u2019ha<br \/>\nSuivi de la s\u00e9ouda ch\u00e9lichit offerte par <strong>St\u00e9phanie et Alain SABBAH<\/strong> l\u00e9ilouy nichmat <strong>Gracia Serouilla bat Messoda COHEN<\/strong> (\u05d6\u05f4\u05dc).<br \/>\nD\u2019var Thora par <strong>le Rav Mika\u00ebl MOUYAL<\/strong><br \/>\n<strong>17h51<\/strong> : Shquiya \/ <span dir=\"RTL\" lang=\"HE\">\u05e9\u05e7\u05e2\u05ea \u05d4\u05d7\u05de\u05d4<\/span><\/p>\n<p><strong><em>Samedi soir :<\/em> <\/strong><br \/>\n<strong>18h41<\/strong> : Fin de Chabbat, Arvit et Havdala<\/p>\n<p><strong>18h50<\/strong> : Cours mixte durant une heure apr\u00e8s la Havdala. Le <strong>Rabbin Mickael MOUYAL<\/strong> vous offre la possibilit\u00e9 d&rsquo;\u00e9tudier le livre \u00ab <strong>Al\u00e9 Chour<\/strong> \u00bb afin de construire sa personnalit\u00e9.<br \/>\nLe Al\u00e9 Chour est un v\u00e9ritable classique de la philosophie rabbinique r\u00e9dig\u00e9 par le <strong>Rav Chlomo WOLBE<\/strong>.<\/p>\n<p><strong><em>Dimanche matin :<\/em> <\/strong><br \/>\n<strong>08h00<\/strong> : Cha\u2019harit<\/p>\n<p><!--more--><\/p>\n<hr \/>\n<h3><strong><span style=\"text-decoration: underline;\">Carnet de familles :<\/span><br \/>\n<\/strong><\/h3>\n<p><strong>Naissance<\/strong><br \/>\nNous nous r\u00e9jouissons de la naissance d&rsquo;une petite fille chez nos amis <strong>William et Alisa MALKA<\/strong>. Nous souhaitons un grand Mazal Tov aux parents, aux grands-parents, ainsi qu&rsquo;\u00e0 toute la famille.<\/p>\n<hr \/>\n<h3><strong><span style=\"text-decoration: underline;\">Beth Hamidrach :<\/span><br \/>\n<\/strong><\/h3>\n<p style=\"text-align: justify;\">Le <strong>Rabbin Didier Kassabi<\/strong> donne un cours de Guemara pour jeunes adultes chaque lundi soir \u00e0 20h00 \u00e0 la Synagogue de Boulogne Billancourt, 43 rue des abondances.<\/p>\n<hr \/>\n<h3><strong><span style=\"text-decoration: underline;\">Talmud Thorah :<\/span><br \/>\n<\/strong><\/h3>\n<p>Les cours ont lieu chaque dimanche (hors p\u00e9riode de vacances scolaires) dans l&rsquo;enceinte de la Synagogue (43 rue des abondances).<br \/>\n<strong>L&rsquo;avenir de nos enfants passent par une \u00e9ducation juive de qualit\u00e9 que nous devons leur offrir.<\/strong><\/p>\n<p><span style=\"color: #0000ff;\"><strong>Aucun enfant ne doit rester en marge de cette transmission des valeurs de la Torah.<\/strong><\/span><\/p>\n<p>Continuez \u00e0 inscrire vos enfants. Nous vous attendons nombreux pour les inscriptions aupr\u00e8s du <a href=\"mailto:didierkassabi@free.fr?subject=TalmudThorah\" target=\"_blank\" rel=\"noopener\">Rabbin Didier Kassabi<\/a>.<\/p>\n<hr \/>\n<h3><strong><span style=\"text-decoration: underline;\">\u00ab Les AMIS de la REFOUA \u00bb &#8211; Visite aux malades :<\/span><br \/>\n<\/strong><\/h3>\n<p style=\"text-align: justify;\">Des b\u00e9n\u00e9voles de Boulogne proposent aux personnes qui le demandent : l&rsquo;organisation d&rsquo;une chaine de lecture de T\u00e9hilims pour la gu\u00e9rison de nos malades, de prendre de leurs nouvelles et leur rendre visite dans les h\u00f4pitaux.<br \/>\nCes actions se font dans la plus grande discr\u00e9tion et s&rsquo;inscrivent dans le cadre du b\u00e9n\u00e9volat.<br \/>\nVous pourrez joindre &#8211; <em>les AMIS de la REFOUA<\/em> &#8211; au 06.03.75.34.15, ou par courriel \u00e0 : <a href=\"mailto:israelalbert1@gmail.com\">israelalbert1@gmail.com<\/a><br \/>\nVous pouvez aussi faire partie de ces b\u00e9n\u00e9voles, nous vous remercions par avance.<\/p>\n<hr \/>\n<h3><strong><span style=\"text-decoration: underline;\">S\u00e9curit\u00e9 SPCJ :<\/span><br \/>\n<\/strong><\/h3>\n<p style=\"text-align: justify;\"><strong>La s\u00e9curit\u00e9 est l&rsquo;affaire de tous ! Le SPCJ a besoin de chacun d&rsquo;entre nous !<\/strong><br \/>\nLa protection de la vie communautaire est plus que jamais l&rsquo;affaire de tous ! Vous en \u00eates les premiers acteurs ! Votre mobilisation est essentielle et n\u00e9cessaire !<br \/>\nSi vous souhaitez nous aider \u00e0 assurer la protection de l&rsquo;office, rapprochez-vous de nous !<br \/>\nPlus nous serons nombreux \u00e0 nous mobiliser et assurer des relais de garde, plus nous passerons du temps \u00e0 prier !<\/p>\n<hr \/>\n<h3><strong><span style=\"text-decoration: underline;\">Information ACJBB Boulogne Sud :<\/span><br \/>\n<\/strong><\/h3>\n<p style=\"text-align: justify;\">Retrouvez toutes les informations de l\u2019office sur : <a href=\"http:\/\/www.acjbb-sud.org\" target=\"_blank\" rel=\"noopener noreferrer\">www.acjbb-sud.org<\/a>.<br \/>\nSi vous souhaitez recevoir par mail la newsletter de l&rsquo;office, inscrivez-vous en nous envoyant un mail \u00e0 <a href=\"mailto:officeboulognesud@gmail.com\">officeboulognesud@gmail.com<\/a>.<br \/>\nRetrouvez \u00e9galement toutes les informations sur la page Facebook de l&rsquo;office : <a href=\"http:\/\/facebook.com\/acjbbsud\" target=\"_blank\" rel=\"noopener noreferrer\">facebook.com\/acjbbsud<\/a> et sur Twitter : <a href=\"http:\/\/twitter.com\/acjbbsud\" target=\"_blank\" rel=\"noopener noreferrer\">twitter.com\/acjbbsud<\/a>.<\/p>\n<hr \/>\n<h3><strong><span style=\"text-decoration: underline;\">R\u00e9servation des espaces communautaires :<\/span><br \/>\n<\/strong><\/h3>\n<p style=\"text-align: justify;\">Vous souhaitez organiser une manifestation (Brith-Mila, Bar-Mitsvah et Bat-Mitsvah, Mariage, Azkara, Soir\u00e9e Mikv\u00e9 Kala, etc&#8230; ) dans les espaces de la <strong>Synagogue de Boulogne<\/strong>, 43 rue des Abondances, contactez M. Alain Chicheportiche 06.95.62.58.41 &#8211; <a href=\"mailto:alainchicheportiche92@gmail.com\">alainchicheportiche92@gmail.com<\/a><\/p>\n<p style=\"text-align: justify;\">Vous souhaitez r\u00e9server la salle de <strong>Boulogne Sud<\/strong>, 134 bis rue du point du jour Boulogne Billancourt, contactez M. Patrick Sebban 06.03.02.30.78 &#8211; <a href=\"mailto:patrick.sebban2@paris.fr\">patrick.sebban2@paris.fr<\/a><\/p>\n<hr \/>\n<h3><strong><span style=\"text-decoration: underline;\">Mikv\u00e9 :<\/span><br \/>\n<\/strong><\/h3>\n<p><strong>Mikv\u00e9 pour les femmes<\/strong><br \/>\nDimanche 19h-21h<br \/>\nLundi au jeudi 20h-22h<br \/>\nVendredi soir : sur rendez vous aupr\u00e8s de Mme Ya\u00ebl Kassabi au 0622761504 (merci d&rsquo;envoyer un SMS )<br \/>\nSamedi soir : 1h apr\u00e8s Shabbat pendant 2h.<\/p>\n<p><strong>Mikv\u00e9 vaisselle<\/strong><br \/>\nLe Mikv\u00e9 Kelim est ouvert tous les matins du dimanche au vendredi depuis l&rsquo;heure de la Tefila jusqu&rsquo;\u00e0 midi.<\/p>\n<hr \/>\n<h3><strong><span style=\"text-decoration: underline;\">Faire un don :<\/span><br \/>\n<\/strong><\/h3>\n<p style=\"text-align: justify;\">Pour faire vivre et participer activement \u00e0 cet office, <a href=\"http:\/\/www.acjbb-sud.org\/index.php\/faire-un-don\/\" target=\"_blank\" rel=\"noopener noreferrer\">faites un don<\/a> par internet ou envoyez vos ch\u00e8ques au <strong>134 bis rue du Point du Jour<\/strong>. Toutes les participations sont bienvenues, <em>les petits ruisseaux faisant de grandes rivi\u00e8res<\/em>, nous parviendrons, tous ensemble, \u00e0 faire vivre l\u2019Office de Boulogne Sud.<\/p>\n<p>Tizkou L\u00e9-Mitsvot !!<\/p>\n<hr \/>\n<h3><strong><span style=\"text-decoration: underline;\">Dons pour le Centre Culturel de Boulogne Billancourt :<\/span><br \/>\n<\/strong><\/h3>\n<p style=\"text-align: justify;\">Le nouveau centre culturel sera situ\u00e9 \u00e0 l&rsquo;angle des rues Marcel Dassault et d&rsquo;Anjou. Le permis de construire, d\u00e9pos\u00e9 en mars \u00e0 la mairie a \u00e9t\u00e9 purg\u00e9. Les travaux devraient commencer prochainement. Il comprendra notamment :<\/p>\n<ul>\n<li>Une Synagogue<\/li>\n<li>Le Centre Communautaire (CCIBB)<\/li>\n<li>Une salle polyvalente<\/li>\n<li>et une salle des f\u00eates<\/li>\n<\/ul>\n<p>Vous pouvez consulter la <a href=\"http:\/\/synaboulogne.us12.list-manage.com\/track\/click?u=f13343cbc4710ddbadcdef23f&amp;id=d046c15db4&amp;e=744d346afc\">plaquette de pr\u00e9sentation du Centre Culturel de Boulogne<\/a><\/p>\n<p style=\"text-align: justify;\"><img decoding=\"async\" class=\"aligncenter wp-image-778 size-full\" src=\"http:\/\/acjbb-sud.org\/wp-content\/uploads\/2017\/06\/Acjbb-construction-1.png\" alt=\"\" width=\"600\" srcset=\"https:\/\/acjbb-sud.org\/wp-content\/uploads\/2017\/06\/Acjbb-construction-1.png 684w, https:\/\/acjbb-sud.org\/wp-content\/uploads\/2017\/06\/Acjbb-construction-1-300x202.png 300w, https:\/\/acjbb-sud.org\/wp-content\/uploads\/2017\/06\/Acjbb-construction-1-445x300.png 445w\" sizes=\"(max-width: 684px) 100vw, 684px\" \/><\/p>\n<h3 class=\"m_-5277437730878633356null\"><span style=\"color: #0000ff;\"><strong>Etat du dossier<\/strong><\/span><\/h3>\n<p style=\"text-align: justify;\"><strong>Nous attendons cette semaine la remise des projets des constructeurs interrog\u00e9s. Ces projets vont maintenant faire l&rsquo;objet d&rsquo;une analyse, puis d&rsquo;audition des prestataires retenus.<\/strong><\/p>\n<p>Nous vous aviserons ici de l&rsquo;\u00e9tat d&rsquo;avancement d&rsquo;op\u00e9ration.<\/p>\n<p style=\"text-align: justify;\">Devenez acteur du devenir de la vie juive \u00e0 Boulogne en faisant un don pour la construction du Centre Culturel de Boulogne. Vous pouvez d\u00e9cider de diriger votre don vers la synagogue ou vers le CCIBB, en nous l&rsquo;indiquant par message.<\/p>\n<p><a href=\"http:\/\/synaboulogne.us12.list-manage2.com\/track\/click?u=f13343cbc4710ddbadcdef23f&amp;id=b3fe55f499&amp;e=744d346afc\" target=\"_blank\" rel=\"noopener\">Je participe \u00e0 la collecte pour la construction<\/a><\/p>\n<hr \/>\n<h3><strong><span style=\"text-decoration: underline;\">Conf\u00e9rence du Rav Elie Lemmel :<\/span><br \/>\n<\/strong><\/h3>\n<p style=\"text-align: justify;\"><strong>Samedi soir 3 f\u00e9vrier, \u00e0 20h00<\/strong>, le <strong>Rav Elie Lemmel <\/strong>viendra donner une conf\u00e9rence exceptionnelle dans l&rsquo;espace Alfred Zemmoour de \u00e0 la <strong>Synagogue de Boulogne<\/strong>, sur le th\u00e8me \u00ab\u00a0<em><strong>Famille 2.0, les nouveaux d\u00e9fis<\/strong><\/em>\u00ab\u00a0<\/p>\n<p style=\"text-align: center;\"><img decoding=\"async\" class=\"wp-image-1460 size-full aligncenter\" src=\"http:\/\/acjbb-sud.org\/wp-content\/uploads\/2018\/01\/conference-ACJBB-Boulogne-Rav-Elie-Lemmel-Famille-2-0-nouveaux-defis.jpg\" alt=\"\" width=\"600\" srcset=\"https:\/\/acjbb-sud.org\/wp-content\/uploads\/2018\/01\/conference-ACJBB-Boulogne-Rav-Elie-Lemmel-Famille-2-0-nouveaux-defis.jpg 1024w, https:\/\/acjbb-sud.org\/wp-content\/uploads\/2018\/01\/conference-ACJBB-Boulogne-Rav-Elie-Lemmel-Famille-2-0-nouveaux-defis-300x212.jpg 300w, https:\/\/acjbb-sud.org\/wp-content\/uploads\/2018\/01\/conference-ACJBB-Boulogne-Rav-Elie-Lemmel-Famille-2-0-nouveaux-defis-768x543.jpg 768w\" sizes=\"(max-width: 1024px) 100vw, 1024px\" \/><\/p>\n<p>R\u00e9servez cette date dans vos agendas, inscrivez-vous pour participer et n&rsquo;h\u00e9sitez pas \u00e0 partager l&rsquo;information autour de vous.<\/p>\n<p><a href=\"https:\/\/maps.google.com\/?q=43+rue+des+Abondances+-+92100+Boulogne&amp;entry=gmail&amp;source=g\">43 rue des Abondances &#8211; 92100 Boulogne<\/a><br \/>\nM\u00e9tro : Pont de St Cloud<\/p>\n<p>Entr\u00e9e libre et gratuite<br \/>\nLa conf\u00e9rence sera suivie d&rsquo;un buffet.<\/p>\n<p><a class=\"m_-2241139092660520833mcnButton\" title=\"Je m'inscris pour la conf\u00e9rence du Rav Elie Lemmel\" href=\"https:\/\/synaboulogne.us12.list-manage.com\/track\/click?u=f13343cbc4710ddbadcdef23f&amp;id=73c871828d&amp;e=744d346afc\" target=\"_blank\" rel=\"noopener\" data-saferedirecturl=\"https:\/\/www.google.com\/url?hl=fr&amp;q=https:\/\/synaboulogne.us12.list-manage.com\/track\/click?u%3Df13343cbc4710ddbadcdef23f%26id%3D73c871828d%26e%3D744d346afc&amp;source=gmail&amp;ust=1517476922860000&amp;usg=AFQjCNHcsHFtctN-FJGGs43tPreP0S37EA\">Je m&rsquo;inscris pour la conf\u00e9rence du Rav Elie Lemmel<\/a>.<\/p>\n<hr \/>\n<h3><strong><span style=\"text-decoration: underline;\">Horef 2018 &#8211; Vacances d&rsquo;hiver avec le Bn\u00e9 Akiva :<\/span><br \/>\n<\/strong><\/h3>\n<p style=\"text-align: justify;\">Le <strong>Bn\u00e9 Akiva de France<\/strong> invitent vos enfants \u00e0 passer une semaine de vacances au ski \u00e0 Villard de Lans dans le Vercors, dans une ambiance inoubliable, du <strong>18 au 25 f\u00e9vrier 2018<\/strong> pour les enfants de 7 \u00e0 17 ans.<br \/>\n<img decoding=\"async\" class=\"wp-image-1427 size-full aligncenter\" src=\"http:\/\/acjbb-sud.org\/wp-content\/uploads\/2018\/01\/IMG-20180116-WA0011.jpg\" alt=\"\" width=\"600\" srcset=\"https:\/\/acjbb-sud.org\/wp-content\/uploads\/2018\/01\/IMG-20180116-WA0011.jpg 1128w, https:\/\/acjbb-sud.org\/wp-content\/uploads\/2018\/01\/IMG-20180116-WA0011-212x300.jpg 212w, https:\/\/acjbb-sud.org\/wp-content\/uploads\/2018\/01\/IMG-20180116-WA0011-768x1089.jpg 768w, https:\/\/acjbb-sud.org\/wp-content\/uploads\/2018\/01\/IMG-20180116-WA0011-722x1024.jpg 722w\" sizes=\"(max-width: 1128px) 100vw, 1128px\" \/><\/p>\n<p><em><u>Au programme :<\/u><\/em> Cours de ski avec l&rsquo;ESF et passage de tests, soir\u00e9e \u00e0 th\u00e8mes, et pleins d&rsquo;autres surprises !!!<\/p>\n<p><em><u>Tarif :<\/u><\/em> 740 \u20ac tout compris.<\/p>\n<p><em><u>Informations et r\u00e9servations :<\/u><\/em> 01.42.40.13.44 &#8211; 06.98.55.77.91 ou <a href=\"mailto:bneakivafrance@gmail.com\">bneakivafrance@gmail.com<\/a>.<\/p>\n<hr \/>\n<h3><strong><span style=\"text-decoration: underline;\">Dvar Thorah et enseignements :<\/span><br \/>\n<\/strong><\/h3>\n<p><em><strong>par le Rav Mika\u00ebl Mouyal<\/strong><\/em><\/p>\n<p style=\"text-align: justify;\"><em>L\u00e9\u00eflouy Nichmat Avraham Ben Mikha\u00ebl, &lsquo;Ha\u00ef Victor Ben Yakouta, Jaqueline Bat Esther et Paula Yakouta Bat Rosette<\/em><\/p>\n<h3 style=\"text-align: center;\"><strong>Le coin &lsquo;Hidouchim<\/strong><\/h3>\n<h4><strong>\u00ab Moch\u00e9 raconta \u00e0 son beau-p\u00e8re tout ce qu&rsquo;Hachem a fait \u00bb (18, 8) :<\/strong><\/h4>\n<p style=\"text-align: justify;\">Pourquoi Moch\u00e9 a-t-il eu besoin de raconter \u00e0 Yitro la sortie d&rsquo;Egypte alors qu&rsquo;il avait d\u00e9j\u00e0 tout entendu, comme le dit le d\u00e9but de la Paracha ? Surtout qu&rsquo;\u00e0 la suite de ce r\u00e9cit, Yitro a lou\u00e9 Hachem. Pourquoi ne l&rsquo;a-t-il pas fait avant, en entendant ce qui s&rsquo;est pass\u00e9 ?<br \/>\nEn fait, il est vrai que Yitro avait d\u00e9j\u00e0 entendu tous les faits auparavant. Seulement, quand Moch\u00e9 lui a rapport\u00e9 de nouveau ce r\u00e9cit, il l&rsquo;a fait avec tant d&rsquo;\u00e9motion et d&rsquo;impression, que Yitro a ressenti comme s&rsquo;il voyait les \u00e9v\u00e9nements de ses propres yeux. Moch\u00e9 a v\u00e9ritablement rendu vivant tout ce qui s&rsquo;est pass\u00e9. Et face \u00e0 une telle narration, Yitro n&rsquo;a pas pu s&#8217;emp\u00eacher de louer Hachem. Car, il est tr\u00e8s diff\u00e9rent d&rsquo;entendre de la bouche d&rsquo;un simple homme, que de celle de Moch\u00e9 notre Ma\u00eetre.<br \/>\n(D&rsquo;apr\u00e8s le Dark\u00e9 Moussar)<\/p>\n<h4><strong>\u00ab Ils se sont tenus sous la montagne \u00bb (19, 17) :<\/strong><\/h4>\n<p style=\"text-align: justify;\">La Guemara dit qu&rsquo;Hachem a plac\u00e9 la montagne au-dessus des Juifs et leur a dit : \u00ab Si vous acceptez la Thora, c&rsquo;est bien. Sinon, l\u00e0-bas vous serez enterr\u00e9s \u00bb. Mais pourquoi n&rsquo;est-il pas dit : \u00ab Sinon, ici vous serez enterr\u00e9s \u00bb, c&rsquo;est \u00e0 dire sous la montagne ?<br \/>\nEn fait, nos Sages disent que si les H\u00e9breux n&rsquo;avaient pas accept\u00e9 la Thora, le monde entier aurait \u00e9t\u00e9 d\u00e9truit, car le monde n&rsquo;existe que gr\u00e2ce au m\u00e9rite de la Thora. D\u00e8s lors, \u00ab sinon (si vous n&rsquo;acceptez pas la Thora, alors) l\u00e0-bas vous serez enterr\u00e9s \u00bb. Pas seulement sous la montagne, mais partout o\u00f9 vous pourrez vous trouver, car tout dispara\u00eetra.<br \/>\n(&lsquo;Hafets &lsquo;Ha\u00efm)<\/p>\n<h4><strong>\u00ab Le mont Sina\u00ef \u00e9tait tout enfum\u00e9, car Hachem y est descendu dans le feu \u00bb (19, 18) :<\/strong><\/h4>\n<p style=\"text-align: justify;\">Ce verset fait allusion au fait que quand un Juif sert Hachem avec ardeur et enthousiasme, dans l&rsquo;\u00e9tude, la pri\u00e8re et les Mitsvot, alors Hachem se d\u00e9voile et r\u00e9side dans ce feu sacr\u00e9. Quand le c\u0153ur de l&rsquo;homme s&rsquo;allume d&rsquo;un amour br\u00fblant pour Hachem, alors le Tout-Puissant se d\u00e9voile dans ce c\u0153ur et il sera alors possible de ressentir Sa Pr\u00e9sence. \u00ab Hachem est descendu \u00bb et vient se r\u00e9v\u00e9ler \u00ab dans le feu \u00bb, dans cette ardeur que l&rsquo;homme \u00e9veille en lui pour le Service d&rsquo;Hachem.<\/p>\n<h4><strong>\u00ab Je suis l&rsquo;Eternel ton D.ieu&#8230; \u00bb (20, 2) :<\/strong><\/h4>\n<p style=\"text-align: justify;\">Nos Sages disent que toutes les 613 Mitsvot sont contenues en concentr\u00e9 dans les 10 commandements. On peut voir cela en allusion dans le nombre 613. Si on additionne chaque chiffre : 6+1+3, on obtient 10. C&rsquo;est que les 613 Mitsvot se retrouvent contenues dans les 10 commandements.<br \/>\n(Ohr Chemouel)<\/p>\n<h4><strong>\u00ab Le peuple vit et ils trembl\u00e8rent, et se tinrent \u00e9loign\u00e9s \u00bb (20, 15) :<\/strong><\/h4>\n<p style=\"text-align: justify;\">Il est possible de voir le don de la Thora (\u201cle peuple vit\u201d). Et m\u00eame de trembler (\u201cet ils trembl\u00e8rent\u201d) et de s&rsquo;enthousiasmer. Et malgr\u00e9 tout, on peut encore rester loin de tout cela (\u201cet se tinrent \u00e9loign\u00e9s\u201d) et ne pas se sentir compl\u00e8tement concern\u00e9s !<br \/>\n(Rabbi de Kotsk)<\/p>\n<h3 style=\"text-align: center;\"><strong>Le coin Halakha (lois de Chabbat)<\/strong><\/h3>\n<p style=\"text-align: justify;\">On ne doit pas utiliser des lingettes pour nettoyer un enfant ou pour toute autre raison, pendant Chabbat. En effet, la pression sur la lingette provoque que le liquide qui y est contenu sorte d&rsquo;une certaine mesure, ce qui s&rsquo;appelle d\u00e9j\u00e0 \u201cessorer\u201d et est interdit Chabbat.<br \/>\nQuelqu&rsquo;un dont les chaussettes se sont mouill\u00e9es du fait de la pluie par exemple, pourra n\u00e9anmoins continuer \u00e0 marcher avec ses chaussures et ce, bien que de l&rsquo;eau se presse de ses chaussettes du fait de la marche.<br \/>\nUne nappe en plastique (ou en mati\u00e8re nylon) qui s&rsquo;est salie, si la salet\u00e9 est s\u00e8che et non humide, on pourra alors la nettoyer avec une serviette s\u00e8che et on pourra alors m\u00eame frotter. Par contre, on ne pourra pas utiliser une serviette humide. On pourra aussi verser de l&rsquo;eau sur la salet\u00e9, mais on ne pourra pas alors frotter avec une serviette, car alors le tissu recevra de l&rsquo;eau et cela entre dans le travail de \u201claver (kibouss)\u201d.<br \/>\nSi de l&rsquo;eau s&rsquo;est renvers\u00e9e par terre, on ne pourra nettoyer le sol qu&rsquo;avec une serpilli\u00e8re (ou une serviette destin\u00e9e uniquement \u00e0 cet effet) o\u00f9 il n&rsquo;y aura pas le risque de l&rsquo;essorer.<br \/>\nOn pourra rincer les couverts dont on aura besoin pendant Chabbat, et m\u00eame en utilisant un produit vaisselle, et m\u00eame si cela produit de la mousse. Mais, on ne pourra pas utiliser une \u00e9ponge ni une serviette, car on rentre alors dans le probl\u00e8me de presser et essorer.<\/p>\n<h3 style=\"text-align: center;\"><strong>Le coin histoire<\/strong><\/h3>\n<p style=\"text-align: justify;\">Un des disciples de Rav Chelomo Zalman Oyerbach se pr\u00e9senta un jour chez son Rav pour l&rsquo;inviter au repas de Bar Mitsva d&rsquo;un de ses enfants. Le Rav se r\u00e9jouit pour lui et b\u00e9nit le jeune gar\u00e7on du fond du coeur, mais s&rsquo;excusa de ne pas pouvoir y \u00eatre pr\u00e9sent. En effet, ce soir-l\u00e0, il devait assister \u00e0 d&rsquo;autres \u00e9v\u00e9nements o\u00f9 il a d\u00e9j\u00e0 \u00e9t\u00e9 invit\u00e9.<br \/>\nCombien grande fut la surprise du p\u00e8re et de son fils quand ils virent que Rav Chelomo Zalman avait fait l&rsquo;effort de venir assister \u00e0 leur joie ! Face \u00e0 l&rsquo;\u00e9tonnement de son \u00e9l\u00e8ve, le Rav expliqua : \u00ab Apr\u00e8s que tu aies quitt\u00e9 ma maison, je me suis rappel\u00e9 que dans le pass\u00e9, j&rsquo;ai assist\u00e9 aux repas de Bar Mitsva de tes autres enfants. Alors, je me suis dit qu&rsquo;il est certain que ton fils va ressentir de la peine si je ne viens pas pour la sienne. J&rsquo;ai donc fait un effort particulier pour lui \u00e9viter cette peine, et je suis venu \u00bb.<br \/>\nCette anecdote nous apprend long sur les efforts que nous devons faire pour \u00e9viter au maximum de provoquer de la peine \u00e0 quiconque. Quelle finesse et quelle sensibilit\u00e9 faut-il avoir ! Mais nos Ma\u00eetres \u00e9taient empreints de cette grandeur d&rsquo;\u00e2me.<\/p>\n<h3 style=\"text-align: center;\"><strong>Le coin \u00e9tude<\/strong><\/h3>\n<p><strong>La force de la pens\u00e9e<\/strong><\/p>\n<p style=\"text-align: justify;\">Lorsque la Thora d\u00e9crit, dans notre Paracha, la signification de la R\u00e9v\u00e9lation Divine au mont Sina\u00ef, le Texte s&rsquo;exprime ainsi : \u00ab C&rsquo;est pour vous \u00e9prouver que Hachem est venu \u00bb. De l\u00e0, le Ramban dit que l&rsquo;objectif de ce moment si intense \u00e9tait de mettre le peuple d&rsquo;Isra\u00ebl \u00e0 l&rsquo;\u00e9preuve. Il explique qu&rsquo;il s&rsquo;agissait d&rsquo;\u00e9prouver les H\u00e9breux s&rsquo;ils allaient respecter les Mitsvot ou non. Seulement, on ne voit pas qu&rsquo;au moment du don de la Thora, les Juifs ont \u00e9t\u00e9 confront\u00e9s \u00e0 un quelconque test. De quelle \u00e9preuve s&rsquo;agit-il ?!<br \/>\nEn fait, le Ram&rsquo;hal r\u00e9v\u00e8le un enseignement tr\u00e8s puissant et novateur. Il enseigne qu&rsquo;\u00e0 l&rsquo;origine, Adam (le premier homme) aurait pu \u00eatre m\u00e9ritant et surmonter la tentation. En effet, il aurait pu reconna\u00eetre et savoir que tout comportement contraire \u00e0 la Volont\u00e9 Divine ne fait partie que du mal, \u00e0 \u00e9carter. S&rsquo;il avait r\u00e9ussi \u00e0 savoir cela, l&rsquo;Unicit\u00e9 Divine se serait d\u00e9voil\u00e9e et la d\u00e9livrance aurait eu lieu, sans qu&rsquo;Hachem n&rsquo;aie besoin de montrer tout cela \u00e0 travers les difficult\u00e9s de l&rsquo;exil. Adam \u00e9tait extr\u00eamement intelligent. Il aurait pu r\u00e9fl\u00e9chir, et se rendre compte uniquement par sa sagesse que tout ce qui est contraire \u00e0 ce qu&rsquo;Hachem lui a dit, n&rsquo;est que mensonge et illusion, relevant des forces du mal. S&rsquo;il avait fix\u00e9 cette conviction dans son coeur, il aurait alors per\u00e7u l&rsquo;Unicit\u00e9 Supr\u00eame. Car il aurait envisag\u00e9 et repr\u00e9sent\u00e9 par son esprit tout ce qui est mauvais et s&rsquo;en serait \u00e9cart\u00e9, ne serait-ce m\u00eame que intellectuellement.<br \/>\nMais, Adam s&rsquo;est laiss\u00e9 s\u00e9duire au d\u00e9part par la tentation, et a consid\u00e9r\u00e9 dans son esprit de mauvaises pens\u00e9es. Telle \u00e9tait sa faute.<br \/>\nD\u00e8s lors, il est devenu n\u00e9cessaire de lui montrer dans sa vie r\u00e9elle, ce qu&rsquo;il n&rsquo;a pas voulu comprendre par sa conscience. Et cela a n\u00e9cessit\u00e9 de devoir passer par les difficult\u00e9s de ce monde et les affres de l&rsquo;exil pour que l&rsquo;homme revienne \u00e0 la connaissance qu&rsquo;il n&rsquo;a pas voulu accepter \u00e0 l&rsquo;origine. Si seulement l&rsquo;homme avait voulu accepter dans sa conscience cette connaissance (que tout ce qui s&rsquo;oppose \u00e0 la Volont\u00e9 Divine est mal et mensonge), de par sa r\u00e9flexion et sa sagesse, alors cela seulement aurait suffi.<br \/>\nCet enseignement du Ram&rsquo;hal est tr\u00e8s fort. Tout le travail de supprimer le mal de l&rsquo;existence et d&rsquo;amener le monde \u00e0 son objectif final.<br \/>\nToute la travers\u00e9e des grandes difficult\u00e9s de ce monde et de son obscurit\u00e9. Toutes les \u00e9preuves et les probl\u00e8mes qu&rsquo;Hachem a mis devant l&rsquo;homme. Tout cela, dont le but n&rsquo;est que de permettre \u00e0 l&rsquo;homme de reconna\u00eetre le mensonge et l&rsquo;illusion du mal et de la faute.<br \/>\nTout ce combat et ce grand travail n&rsquo;auraient pu se r\u00e9aliser uniquement par la pens\u00e9e et l&rsquo;intellect. C&rsquo;est de cette fa\u00e7on que l&rsquo;homme aurait pu permettre \u00e0 l&rsquo;Unicit\u00e9 Divine de se d\u00e9voiler dans le monde. Et bien que cela semble tr\u00e8s \u00e9tonnant. Car o\u00f9 est r\u00e9ellement cette guerre si rude avec le mal ? Et comment cette r\u00e9alisation si grandiose qui n\u00e9cessite pour \u00eatre faite de passer par tant de difficult\u00e9s pendant 6000 ans, comment aurait-il \u00e9t\u00e9 possible de l&rsquo;accomplir uniquement par la pens\u00e9e et la sagesse ?<br \/>\nForce est donc d&rsquo;admettre que la pens\u00e9e aussi est un monde entier. Et dans ce monde aussi il est possible de traverser toutes les grandes luttes avec le mal et le mauvais penchant, de se battre contre lui et de le vaincre, exactement comme il en est de la lutte et de la guerre que l&rsquo;on m\u00e8ne contre le penchant, dans le monde de l&rsquo;action, dans la r\u00e9alit\u00e9. Car la force de la repr\u00e9sentation psychique et intellectuelle des choses est comparable au monde de l&rsquo;action. Si un homme se repr\u00e9sente par exemple que des idol\u00e2tres le forcent \u00e0 se prosterner devant une idole et le menacent de le jeter dans le feu s&rsquo;il refuse. Et que dans sa pens\u00e9e, il surmonte l&rsquo;\u00e9preuve en exp\u00e9rimentant mentalement comment il se laisse se faire tuer plut\u00f4t que de fauter, en essayant de s&rsquo;impr\u00e9gner au maximum de tous les \u00e9motions qu&rsquo;il aurait ressenties dans la r\u00e9alit\u00e9, en rendant cette repr\u00e9sentation la plus vivante possible. Alors, cet homme aura le m\u00e9rite d&rsquo;avoir sanctifier le Nom d&rsquo;Hachem en donnant sa vie pour Lui, et sera r\u00e9compens\u00e9 comme s&rsquo;il s&rsquo;\u00e9tait r\u00e9ellement laiss\u00e9 tuer. De m\u00eame, toutes les les \u00e9preuves et les souffrances li\u00e9es au Service d&rsquo;Hachem, qui sont possibles dans la r\u00e9alit\u00e9, si un homme se les repr\u00e9sente mentalement au point de les vivre comme si elles lui arrivaient vraiment et qu&rsquo;il se voit r\u00e9agir comme il l&rsquo;aurait fait dans la r\u00e9alit\u00e9, et qu&rsquo;il les surmonte dans la pens\u00e9e, cet homme se sera alors \u00e9lev\u00e9 comme s&rsquo;il avait surmont\u00e9 ces \u00e9preuves dans l&rsquo;action.<br \/>\nCe principe nous permet de comprendre l&rsquo;adage de nos Sages selon laquelle : \u00ab L&rsquo;action des patriarches est un signe pour leurs descendants \u00bb. En g\u00e9n\u00e9ral, on comprend que ce qui est arriv\u00e9 aux anc\u00eatres est une indication pour les enfants, qu&rsquo;il leur arrivera \u00e0 eux aussi quelque chose de similaire. Mais en r\u00e9alit\u00e9, cela est encore plus profond. C&rsquo;est qu&rsquo;en fait, nos anc\u00eatres ont travaill\u00e9 tr\u00e8s dur pour apporter la r\u00e9ussite \u00e0 leurs descendants. En effet, dans leurs pens\u00e9es, ils ont envisag\u00e9, ont travers\u00e9 et ont surmont\u00e9 toutes les \u00e9preuves susceptibles de survenir \u00e0 leurs enfants pour toutes les g\u00e9n\u00e9rations. Et les situations o\u00f9 ils ont vaincu et ont r\u00e9ussi, alors leurs descendants r\u00e9ussiront aussi. Et l\u00e0 o\u00f9 ils ont \u00e9chou\u00e9, leurs enfants \u00e9choueront \u00e9galement.<br \/>\nConcernant la bataille de Yaacov avec l&rsquo;ange de Essav, le Ramban dit que cette lutte est une allusion \u00e0 toutes les g\u00e9n\u00e9rations. Et quand il a touch\u00e9 la hanche de Yaacov, cela est une atteinte \u00e0 tous les Justes qui descendront de Yaacov. Car en fait, le sens de cette lutte, c&rsquo;est que Yaacov a v\u00e9cu int\u00e9rieurement, par la pens\u00e9e, toutes les \u00e9preuves et les souffrances qui surviendront dans l&rsquo;Histoire \u00e0 ses descendants. Et bien qu&rsquo;il ait gagn\u00e9 cette bataille, et par cela a permis \u00e0 toutes les g\u00e9n\u00e9rations de surmonter toutes les \u00e9preuves, malgr\u00e9 tout l&rsquo;ange de Essav l&rsquo;a atteint \u00e0 la hanche. Et le Midrash dit \u00e0 ce sujet que cela fait r\u00e9f\u00e9rence aux g\u00e9n\u00e9rations de pers\u00e9cutions intenses, lorsque m\u00eame les Justes auront du mal \u00e0 tenir. A l&rsquo;image de ce que dira Rabbi &lsquo;Hiya Bar Abba, que si on lui demandait de mourir pour sanctifier le Nom d&rsquo;Hachem, il accepterait, \u00e0 condition qu&rsquo;on le tue de suite. Mais, il ne supporterait pas les tortures.<br \/>\nCette \u201cfaiblesse\u201d l\u00e0 aussi, Yaacov l&rsquo;a v\u00e9cue et l&rsquo;a travers\u00e9e \u00e0 l&rsquo;int\u00e9rieur de lui et c&rsquo;est justement cela le coup qu&rsquo;il a re\u00e7u de l&rsquo;ange.<br \/>\nTelle est la force de la pens\u00e9e. Par elle uniquement, on peut vivre toutes les \u00e9preuves et les surmonter. Et cela est consid\u00e9r\u00e9 comme si on les avait v\u00e9cues dans la r\u00e9alit\u00e9. Au moment du don de la Thora aussi, nos anc\u00eatres ont \u00e9t\u00e9 \u00e9prouv\u00e9s. Dans leurs pens\u00e9es, ils ont repr\u00e9sent\u00e9 et envisag\u00e9 toutes les situations et les \u00e9preuves sous toutes leurs formes possibles, li\u00e9es \u00e0 l&rsquo;accomplissement de toute la Thora, et ce pour toutes les g\u00e9n\u00e9rations. Et ils les ont toutes surmont\u00e9es. C&rsquo;est ainsi que le Rambam dit que celui qui renie la Thora, peut \u00eatre s\u00fbr que ses anc\u00eatres n&rsquo;\u00e9taient pas pr\u00e9sents au mont Sina\u00ef. Sinon, il n&rsquo;aurait pas pu renier. Car nos anc\u00eatres ont bien surmont\u00e9 mentalement toutes les \u00e9preuves possibles, et m\u00eame celles de tous les ren\u00e9gats et ont r\u00e9ussi. Et ils ont transmis cette victoire \u00e0 leurs descendants. Celui qui se permet de renier et \u00e9choue dans son \u00e9preuve, montre que ses a\u00efeux n&rsquo;ont pas \u00e9t\u00e9 pr\u00e9sents au mont Sina\u00ef.<br \/>\nLe Texte est bien \u00e0 lire dans son sens le plus litt\u00e9ral : \u00ab C&rsquo;est pour vous \u00e9prouver qu&rsquo;Hachem est venu \u00bb.<br \/>\n(Bas\u00e9 sur le Da&rsquo;at Thora)<\/p>\n<h3 style=\"text-align: center;\"><strong>Le coin &lsquo;Hizouk<\/strong><\/h3>\n<p style=\"text-align: justify;\">Un seul soupir du fond du c\u0153ur, \u00e0 notre \u00e9poque (sur les fautes que l&rsquo;on a commises), est encore plus pr\u00e9cieux et plus appr\u00e9ci\u00e9 par Hachem que de nombreux je\u00fbnes et mortifications des g\u00e9n\u00e9rations pass\u00e9es. Cela est d\u00fb \u00e0 l&rsquo;ampleur du voilement de la saintet\u00e9, dans nos g\u00e9n\u00e9rations.<br \/>\n(Ari Zal) (Et si le Ari Zal a dit cela \u00e0 son \u00e9poque, il y a environ 450 ans, combien plus cela est vrai \u00e0 notre \u00e9poque (Yisma&rsquo;h Isra\u00ebl)).<\/p>\n<hr \/>\n<p><strong>Chabbat Chalom !!!<\/strong><\/p>\n","protected":false},"excerpt":{"rendered":"<p>Paracha Ytro \/ \u05e4\u05e8\u05e9\u05d4 \u05d9\u05ea\u05e8\u05d5 2\/3 f\u00e9vrier 2018 &#8211; 18 Chevat 5778 \/ \u05d9&rsquo;\u05d7 \u05e9\u05d1\u05d8 \u05d4-\u05ea\u05e9\u05e2&rsquo;\u05d7 D\u00e9but : 17h31 &#8211; Fin : 18h41 Les Horaires : Vendredi soir : 17h25 : Allumage des bougies de Chabbat (heure maximum pour l&rsquo;allumage : 17h31) 17h30 : Min\u2019ha suivi de Chir haChirim, Kabbalat Chabbat et Arvit D\u2019var Thora &hellip; <\/p>\n<p><a class=\"more-link btn\" href=\"https:\/\/acjbb-sud.org\/index.php\/2018\/02\/01\/chabbat-ytro-5778\/\">Lire la suite<\/a><\/p>\n","protected":false},"author":1,"featured_media":1474,"comment_status":"open","ping_status":"open","sticky":false,"template":"","format":"standard","meta":{"jetpack_post_was_ever_published":false,"_jetpack_newsletter_access":"","_jetpack_dont_email_post_to_subs":false,"_jetpack_newsletter_tier_id":0,"_jetpack_memberships_contains_paywalled_content":false,"_jetpack_memberships_contains_paid_content":false,"footnotes":"","jetpack_publicize_message":"","jetpack_publicize_feature_enabled":true,"jetpack_social_post_already_shared":true,"jetpack_social_options":{"image_generator_settings":{"template":"highway","default_image_id":0,"font":"","enabled":false},"version":2}},"categories":[3],"tags":[47,147],"class_list":["post-1456","post","type-post","status-publish","format-standard","has-post-thumbnail","hentry","category-chabbat","tag-chabbat","tag-ytro","item-wrap"],"yoast_head":"<!-- This site is optimized with the Yoast SEO plugin v26.6 - https:\/\/yoast.com\/wordpress\/plugins\/seo\/ -->\n<title>Chabbat Ytro - Synagogue ACJBB Boulogne Sud<\/title>\n<meta name=\"robots\" content=\"index, follow, max-snippet:-1, max-image-preview:large, max-video-preview:-1\" \/>\n<link rel=\"canonical\" href=\"https:\/\/acjbb-sud.org\/index.php\/2018\/02\/01\/chabbat-ytro-5778\/\" \/>\n<meta property=\"og:locale\" content=\"fr_FR\" \/>\n<meta property=\"og:type\" content=\"article\" \/>\n<meta property=\"og:title\" content=\"Chabbat Ytro - Synagogue ACJBB Boulogne Sud\" \/>\n<meta property=\"og:description\" content=\"Paracha Ytro \/ \u05e4\u05e8\u05e9\u05d4 \u05d9\u05ea\u05e8\u05d5 2\/3 f\u00e9vrier 2018 &#8211; 18 Chevat 5778 \/ \u05d9&rsquo;\u05d7 \u05e9\u05d1\u05d8 \u05d4-\u05ea\u05e9\u05e2&rsquo;\u05d7 D\u00e9but : 17h31 &#8211; Fin : 18h41 Les Horaires : Vendredi soir : 17h25 : Allumage des bougies de Chabbat (heure maximum pour l&rsquo;allumage : 17h31) 17h30 : Min\u2019ha suivi de Chir haChirim, Kabbalat Chabbat et Arvit D\u2019var Thora &hellip; Lire la suite\" \/>\n<meta property=\"og:url\" content=\"https:\/\/acjbb-sud.org\/index.php\/2018\/02\/01\/chabbat-ytro-5778\/\" \/>\n<meta property=\"og:site_name\" content=\"Synagogue ACJBB Boulogne Sud\" \/>\n<meta property=\"article:published_time\" content=\"2018-02-01T11:00:50+00:00\" \/>\n<meta property=\"article:modified_time\" content=\"2018-02-08T08:04:28+00:00\" \/>\n<meta property=\"og:image\" content=\"https:\/\/acjbb-sud.org\/wp-content\/uploads\/2018\/02\/Ytro-10-commandements.jpg\" \/>\n\t<meta property=\"og:image:width\" content=\"717\" \/>\n\t<meta property=\"og:image:height\" content=\"647\" \/>\n\t<meta property=\"og:image:type\" content=\"image\/jpeg\" \/>\n<meta name=\"author\" content=\"AcjbbSud\" \/>\n<meta name=\"twitter:card\" content=\"summary_large_image\" \/>\n<meta name=\"twitter:label1\" content=\"\u00c9crit par\" \/>\n\t<meta name=\"twitter:data1\" content=\"AcjbbSud\" \/>\n\t<meta name=\"twitter:label2\" content=\"Dur\u00e9e de lecture estim\u00e9e\" \/>\n\t<meta name=\"twitter:data2\" content=\"18 minutes\" \/>\n<script type=\"application\/ld+json\" class=\"yoast-schema-graph\">{\"@context\":\"https:\/\/schema.org\",\"@graph\":[{\"@type\":\"WebPage\",\"@id\":\"https:\/\/acjbb-sud.org\/index.php\/2018\/02\/01\/chabbat-ytro-5778\/\",\"url\":\"https:\/\/acjbb-sud.org\/index.php\/2018\/02\/01\/chabbat-ytro-5778\/\",\"name\":\"Chabbat Ytro - Synagogue ACJBB Boulogne Sud\",\"isPartOf\":{\"@id\":\"https:\/\/acjbb-sud.org\/#website\"},\"primaryImageOfPage\":{\"@id\":\"https:\/\/acjbb-sud.org\/index.php\/2018\/02\/01\/chabbat-ytro-5778\/#primaryimage\"},\"image\":{\"@id\":\"https:\/\/acjbb-sud.org\/index.php\/2018\/02\/01\/chabbat-ytro-5778\/#primaryimage\"},\"thumbnailUrl\":\"https:\/\/acjbb-sud.org\/wp-content\/uploads\/2018\/02\/Ytro-10-commandements.jpg\",\"datePublished\":\"2018-02-01T11:00:50+00:00\",\"dateModified\":\"2018-02-08T08:04:28+00:00\",\"author\":{\"@id\":\"https:\/\/acjbb-sud.org\/#\/schema\/person\/adc8f09fb72c9d0dc78509106dc5e9f0\"},\"breadcrumb\":{\"@id\":\"https:\/\/acjbb-sud.org\/index.php\/2018\/02\/01\/chabbat-ytro-5778\/#breadcrumb\"},\"inLanguage\":\"fr-FR\",\"potentialAction\":[{\"@type\":\"ReadAction\",\"target\":[\"https:\/\/acjbb-sud.org\/index.php\/2018\/02\/01\/chabbat-ytro-5778\/\"]}]},{\"@type\":\"ImageObject\",\"inLanguage\":\"fr-FR\",\"@id\":\"https:\/\/acjbb-sud.org\/index.php\/2018\/02\/01\/chabbat-ytro-5778\/#primaryimage\",\"url\":\"https:\/\/acjbb-sud.org\/wp-content\/uploads\/2018\/02\/Ytro-10-commandements.jpg\",\"contentUrl\":\"https:\/\/acjbb-sud.org\/wp-content\/uploads\/2018\/02\/Ytro-10-commandements.jpg\",\"width\":717,\"height\":647},{\"@type\":\"BreadcrumbList\",\"@id\":\"https:\/\/acjbb-sud.org\/index.php\/2018\/02\/01\/chabbat-ytro-5778\/#breadcrumb\",\"itemListElement\":[{\"@type\":\"ListItem\",\"position\":1,\"name\":\"Accueil\",\"item\":\"https:\/\/acjbb-sud.org\/\"},{\"@type\":\"ListItem\",\"position\":2,\"name\":\"Chabbat Ytro\"}]},{\"@type\":\"WebSite\",\"@id\":\"https:\/\/acjbb-sud.org\/#website\",\"url\":\"https:\/\/acjbb-sud.org\/\",\"name\":\"Synagogue ACJBB Boulogne Sud\",\"description\":\"Synagogue \/ Association Communautaire Juive de Boulogne Billancourt (Sud)\",\"potentialAction\":[{\"@type\":\"SearchAction\",\"target\":{\"@type\":\"EntryPoint\",\"urlTemplate\":\"https:\/\/acjbb-sud.org\/?s={search_term_string}\"},\"query-input\":{\"@type\":\"PropertyValueSpecification\",\"valueRequired\":true,\"valueName\":\"search_term_string\"}}],\"inLanguage\":\"fr-FR\"},{\"@type\":\"Person\",\"@id\":\"https:\/\/acjbb-sud.org\/#\/schema\/person\/adc8f09fb72c9d0dc78509106dc5e9f0\",\"name\":\"AcjbbSud\",\"image\":{\"@type\":\"ImageObject\",\"inLanguage\":\"fr-FR\",\"@id\":\"https:\/\/acjbb-sud.org\/#\/schema\/person\/image\/\",\"url\":\"https:\/\/secure.gravatar.com\/avatar\/ea30fe7a8231c8c0bf30066f86006714af7be34ba414543eaab3e453b92901aa?s=96&d=mm&r=g\",\"contentUrl\":\"https:\/\/secure.gravatar.com\/avatar\/ea30fe7a8231c8c0bf30066f86006714af7be34ba414543eaab3e453b92901aa?s=96&d=mm&r=g\",\"caption\":\"AcjbbSud\"},\"url\":\"https:\/\/acjbb-sud.org\/index.php\/author\/acjbbsud\/\"}]}<\/script>\n<!-- \/ Yoast SEO plugin. -->","yoast_head_json":{"title":"Chabbat Ytro - Synagogue ACJBB Boulogne Sud","robots":{"index":"index","follow":"follow","max-snippet":"max-snippet:-1","max-image-preview":"max-image-preview:large","max-video-preview":"max-video-preview:-1"},"canonical":"https:\/\/acjbb-sud.org\/index.php\/2018\/02\/01\/chabbat-ytro-5778\/","og_locale":"fr_FR","og_type":"article","og_title":"Chabbat Ytro - Synagogue ACJBB Boulogne Sud","og_description":"Paracha Ytro \/ \u05e4\u05e8\u05e9\u05d4 \u05d9\u05ea\u05e8\u05d5 2\/3 f\u00e9vrier 2018 &#8211; 18 Chevat 5778 \/ \u05d9&rsquo;\u05d7 \u05e9\u05d1\u05d8 \u05d4-\u05ea\u05e9\u05e2&rsquo;\u05d7 D\u00e9but : 17h31 &#8211; Fin : 18h41 Les Horaires : Vendredi soir : 17h25 : Allumage des bougies de Chabbat (heure maximum pour l&rsquo;allumage : 17h31) 17h30 : Min\u2019ha suivi de Chir haChirim, Kabbalat Chabbat et Arvit D\u2019var Thora &hellip; Lire la suite","og_url":"https:\/\/acjbb-sud.org\/index.php\/2018\/02\/01\/chabbat-ytro-5778\/","og_site_name":"Synagogue ACJBB Boulogne Sud","article_published_time":"2018-02-01T11:00:50+00:00","article_modified_time":"2018-02-08T08:04:28+00:00","og_image":[{"width":717,"height":647,"url":"https:\/\/acjbb-sud.org\/wp-content\/uploads\/2018\/02\/Ytro-10-commandements.jpg","type":"image\/jpeg"}],"author":"AcjbbSud","twitter_card":"summary_large_image","twitter_misc":{"\u00c9crit par":"AcjbbSud","Dur\u00e9e de lecture estim\u00e9e":"18 minutes"},"schema":{"@context":"https:\/\/schema.org","@graph":[{"@type":"WebPage","@id":"https:\/\/acjbb-sud.org\/index.php\/2018\/02\/01\/chabbat-ytro-5778\/","url":"https:\/\/acjbb-sud.org\/index.php\/2018\/02\/01\/chabbat-ytro-5778\/","name":"Chabbat Ytro - Synagogue ACJBB Boulogne Sud","isPartOf":{"@id":"https:\/\/acjbb-sud.org\/#website"},"primaryImageOfPage":{"@id":"https:\/\/acjbb-sud.org\/index.php\/2018\/02\/01\/chabbat-ytro-5778\/#primaryimage"},"image":{"@id":"https:\/\/acjbb-sud.org\/index.php\/2018\/02\/01\/chabbat-ytro-5778\/#primaryimage"},"thumbnailUrl":"https:\/\/acjbb-sud.org\/wp-content\/uploads\/2018\/02\/Ytro-10-commandements.jpg","datePublished":"2018-02-01T11:00:50+00:00","dateModified":"2018-02-08T08:04:28+00:00","author":{"@id":"https:\/\/acjbb-sud.org\/#\/schema\/person\/adc8f09fb72c9d0dc78509106dc5e9f0"},"breadcrumb":{"@id":"https:\/\/acjbb-sud.org\/index.php\/2018\/02\/01\/chabbat-ytro-5778\/#breadcrumb"},"inLanguage":"fr-FR","potentialAction":[{"@type":"ReadAction","target":["https:\/\/acjbb-sud.org\/index.php\/2018\/02\/01\/chabbat-ytro-5778\/"]}]},{"@type":"ImageObject","inLanguage":"fr-FR","@id":"https:\/\/acjbb-sud.org\/index.php\/2018\/02\/01\/chabbat-ytro-5778\/#primaryimage","url":"https:\/\/acjbb-sud.org\/wp-content\/uploads\/2018\/02\/Ytro-10-commandements.jpg","contentUrl":"https:\/\/acjbb-sud.org\/wp-content\/uploads\/2018\/02\/Ytro-10-commandements.jpg","width":717,"height":647},{"@type":"BreadcrumbList","@id":"https:\/\/acjbb-sud.org\/index.php\/2018\/02\/01\/chabbat-ytro-5778\/#breadcrumb","itemListElement":[{"@type":"ListItem","position":1,"name":"Accueil","item":"https:\/\/acjbb-sud.org\/"},{"@type":"ListItem","position":2,"name":"Chabbat Ytro"}]},{"@type":"WebSite","@id":"https:\/\/acjbb-sud.org\/#website","url":"https:\/\/acjbb-sud.org\/","name":"Synagogue ACJBB Boulogne Sud","description":"Synagogue \/ Association Communautaire Juive de Boulogne Billancourt (Sud)","potentialAction":[{"@type":"SearchAction","target":{"@type":"EntryPoint","urlTemplate":"https:\/\/acjbb-sud.org\/?s={search_term_string}"},"query-input":{"@type":"PropertyValueSpecification","valueRequired":true,"valueName":"search_term_string"}}],"inLanguage":"fr-FR"},{"@type":"Person","@id":"https:\/\/acjbb-sud.org\/#\/schema\/person\/adc8f09fb72c9d0dc78509106dc5e9f0","name":"AcjbbSud","image":{"@type":"ImageObject","inLanguage":"fr-FR","@id":"https:\/\/acjbb-sud.org\/#\/schema\/person\/image\/","url":"https:\/\/secure.gravatar.com\/avatar\/ea30fe7a8231c8c0bf30066f86006714af7be34ba414543eaab3e453b92901aa?s=96&d=mm&r=g","contentUrl":"https:\/\/secure.gravatar.com\/avatar\/ea30fe7a8231c8c0bf30066f86006714af7be34ba414543eaab3e453b92901aa?s=96&d=mm&r=g","caption":"AcjbbSud"},"url":"https:\/\/acjbb-sud.org\/index.php\/author\/acjbbsud\/"}]}},"jetpack_publicize_connections":[],"jetpack_featured_media_url":"https:\/\/acjbb-sud.org\/wp-content\/uploads\/2018\/02\/Ytro-10-commandements.jpg","jetpack_sharing_enabled":true,"jetpack_shortlink":"https:\/\/wp.me\/p7sjOI-nu","jetpack_likes_enabled":true,"_links":{"self":[{"href":"https:\/\/acjbb-sud.org\/index.php\/wp-json\/wp\/v2\/posts\/1456","targetHints":{"allow":["GET"]}}],"collection":[{"href":"https:\/\/acjbb-sud.org\/index.php\/wp-json\/wp\/v2\/posts"}],"about":[{"href":"https:\/\/acjbb-sud.org\/index.php\/wp-json\/wp\/v2\/types\/post"}],"author":[{"embeddable":true,"href":"https:\/\/acjbb-sud.org\/index.php\/wp-json\/wp\/v2\/users\/1"}],"replies":[{"embeddable":true,"href":"https:\/\/acjbb-sud.org\/index.php\/wp-json\/wp\/v2\/comments?post=1456"}],"version-history":[{"count":11,"href":"https:\/\/acjbb-sud.org\/index.php\/wp-json\/wp\/v2\/posts\/1456\/revisions"}],"predecessor-version":[{"id":1492,"href":"https:\/\/acjbb-sud.org\/index.php\/wp-json\/wp\/v2\/posts\/1456\/revisions\/1492"}],"wp:featuredmedia":[{"embeddable":true,"href":"https:\/\/acjbb-sud.org\/index.php\/wp-json\/wp\/v2\/media\/1474"}],"wp:attachment":[{"href":"https:\/\/acjbb-sud.org\/index.php\/wp-json\/wp\/v2\/media?parent=1456"}],"wp:term":[{"taxonomy":"category","embeddable":true,"href":"https:\/\/acjbb-sud.org\/index.php\/wp-json\/wp\/v2\/categories?post=1456"},{"taxonomy":"post_tag","embeddable":true,"href":"https:\/\/acjbb-sud.org\/index.php\/wp-json\/wp\/v2\/tags?post=1456"}],"curies":[{"name":"wp","href":"https:\/\/api.w.org\/{rel}","templated":true}]}}