{"id":2182,"date":"2018-11-01T11:57:42","date_gmt":"2018-11-01T10:57:42","guid":{"rendered":"https:\/\/acjbb-sud.org\/?p=2182"},"modified":"2018-11-05T09:49:45","modified_gmt":"2018-11-05T08:49:45","slug":"chabbat-haye-sarah-5779","status":"publish","type":"post","link":"https:\/\/acjbb-sud.org\/index.php\/2018\/11\/01\/chabbat-haye-sarah-5779\/","title":{"rendered":"Chabbat &lsquo;Hay\u00e9 Sarah"},"content":{"rendered":"<h3 style=\"text-align: center; padding-left: 30px;\"><strong>Paracha &lsquo;Hay\u00e9 Sarah \/ <span dir=\"RTL\" lang=\"HE\">\u05e4\u05e8\u05e9\u05d4 \u05d7\u05d9\u05d9 \u05e9\u05e8\u05d4 <\/span><\/strong><\/h3>\n<h3 style=\"text-align: center; padding-left: 30px;\"><strong>Chabbat M\u00e9var\u00e9&rsquo;him \/ <span dir=\"RTL\" lang=\"HE\">\u05e9\u05d1\u05ea \u05de\u05d1\u05e8\u05db\u05d9\u05dd <\/span><\/strong><\/h3>\n<h4 style=\"text-align: center;\"><strong>2\/3 novembre 2018 &#8211; 25 &lsquo;Hechvan 5779 \/ <span dir=\"RTL\" lang=\"HE\"> \u05db&rsquo;\u05d4 \u05d7\u05e9\u05d5\u05df \u05ea\u05e9\u05e2&rsquo;\u05d8<\/span><\/strong><\/h4>\n<h4 style=\"text-align: center;\"><em><strong>D\u00e9but : 17h11 &#8211; Fin : 18h17<\/strong><\/em><\/h4>\n<p style=\"text-align: justify;\"><img decoding=\"async\" class=\"wp-image-2195 size-full aligncenter\" src=\"https:\/\/acjbb-sud.org\/wp-content\/uploads\/2018\/10\/ACJBB-Sud-Chabbat-halots-bougies-vin-600-logos-v2.jpg\" alt=\"\" width=\"600\" srcset=\"https:\/\/acjbb-sud.org\/wp-content\/uploads\/2018\/10\/ACJBB-Sud-Chabbat-halots-bougies-vin-600-logos-v2.jpg 615w, https:\/\/acjbb-sud.org\/wp-content\/uploads\/2018\/10\/ACJBB-Sud-Chabbat-halots-bougies-vin-600-logos-v2-300x211.jpg 300w\" sizes=\"(max-width: 615px) 100vw, 615px\" \/><\/p>\n<h3><strong><span style=\"text-decoration: underline;\">Les Horaires :<\/span><br \/>\n<\/strong><\/h3>\n<p><em><strong>Vendredi soir :<\/strong><\/em><br \/>\n<strong>17h05<\/strong> : Allumage des bougies et entr\u00e9e de Chabbat (heure maximum pour l&rsquo;allumage : 17h11)<br \/>\n<strong>17h15<\/strong> : Min\u2019ha, suivi d&rsquo;un cours<br \/>\n<strong>17h45<\/strong> : Chir haChirim suivi de Kabbalat Chabbat et Arvit<br \/>\nDvar Torah par le <strong>Rabbin Mickael MOUYAL<\/strong><\/p>\n<p><strong><em>Samedi matin :<\/em> <\/strong><br \/>\n<strong>09h00<\/strong> : Cha\u2019harit<br \/>\nDvar Torah par le <strong>Rabbin Mickael MOUYAL<\/strong><br \/>\nL\u2019office sera suivi d\u2019un kiddouch<br \/>\nApr\u00e8s l\u2019office, cours mixte sur la Paracha par le <strong>Rabbin Mickael MOUYAL<\/strong><\/p>\n<p><em><strong>Samedi apr\u00e8s-midi :<\/strong><\/em><br \/>\n<strong>16h30<\/strong> : T\u00e9hilim &#8211; Lecture collective des T\u00e9hilim &#8211; Alpha\/Beta<br \/>\n<strong>16h45<\/strong> : Min\u2019ha<br \/>\nSuivi de la s\u00e9ouda ch\u00e9lichit, des chants de Chabbat et du D&rsquo;var Torah par le <strong>Rabbin Mickael MOUYAL<\/strong> et <strong>Roger ROBINE<\/strong><br \/>\nLa S\u00e9ouda Ch\u00e9lichit offerte par <strong>Linda et Michel BOUSSIDAN<\/strong> L\u00e9ilouy nichmat <strong>David ben Jamila HaCohen<\/strong> \u05d6\u05f4\u05dc et <strong>Solika bat L\u00e9a<\/strong> \u05d6\u05f4\u05dc.<br \/>\n<strong>17h27<\/strong> : Shquiya \/ <span dir=\"RTL\" lang=\"HE\">\u05e9\u05e7\u05e2\u05ea \u05d4\u05d7\u05de\u05d4<\/span><\/p>\n<p><strong><em>Samedi soir :<\/em> <\/strong><br \/>\n<strong>18h17<\/strong> : Fin de Chabbat, Arvit et Havdala<\/p>\n<p><strong><em>Dimanche matin :<\/em> <\/strong><br \/>\n<strong>08h00<\/strong> : Cha\u2019harit<\/p>\n<p><strong>Chabbat Chalom !!!<\/strong><\/p>\n<p><!--more--><\/p>\n<hr \/>\n<h3><strong><span style=\"text-decoration: underline;\">Roch &lsquo;Hodech Kislev :<\/span><br \/>\n<\/strong><\/h3>\n<p>Roch &lsquo;Hodech Kislev aura lieu le jeudi 8 et vendredi 9 novembre 2018 (\u00e0 partir de mercredi 7 novembre au soir).<\/p>\n<hr \/>\n<h3><strong><span style=\"text-decoration: underline;\">Beth Hamidrach :<\/span><br \/>\n<\/strong><\/h3>\n<p style=\"text-align: justify;\">Le <strong>Rabbin Didier Kassabi<\/strong> donne un cours de Guemara pour jeunes adultes chaque lundi soir \u00e0 20h00 \u00e0 la Synagogue de Boulogne Billancourt, 43 rue des abondances.<\/p>\n<hr \/>\n<h3><strong><span style=\"text-decoration: underline;\">Talmud Thorah :<\/span><br \/>\n<\/strong><\/h3>\n<p>Les cours ont lieu chaque dimanche (hors p\u00e9riode de vacances scolaires) dans l&rsquo;enceinte de la Synagogue (43 rue des abondances).<br \/>\n<strong>L&rsquo;avenir de nos enfants passent par une \u00e9ducation juive de qualit\u00e9 que nous devons leur offrir.<\/strong><\/p>\n<p><span style=\"color: #0000ff;\"><strong>Aucun enfant ne doit rester en marge de cette transmission des valeurs de la Torah.<\/strong><\/span><\/p>\n<p>Continuez \u00e0 inscrire vos enfants. Nous vous attendons nombreux pour les inscriptions aupr\u00e8s du <a href=\"mailto:didierkassabi@free.fr?subject=TalmudThorah\" target=\"_blank\" rel=\"noopener\">Rabbin Didier Kassabi<\/a>.<\/p>\n<hr \/>\n<h3><strong><span style=\"text-decoration: underline;\">\u00ab Les AMIS de la REFOUA \u00bb &#8211; Visite aux malades :<\/span><br \/>\n<\/strong><\/h3>\n<p style=\"text-align: justify;\">Des b\u00e9n\u00e9voles de Boulogne proposent aux personnes qui le demandent : l&rsquo;organisation d&rsquo;une chaine de lecture de T\u00e9hilims pour la gu\u00e9rison de nos malades, de prendre de leurs nouvelles et leur rendre visite dans les h\u00f4pitaux.<br \/>\nCes actions se font dans la plus grande discr\u00e9tion et s&rsquo;inscrivent dans le cadre du b\u00e9n\u00e9volat.<br \/>\nVous pourrez joindre &#8211; <em>les AMIS de la REFOUA<\/em> &#8211; au 06.03.75.34.15, ou par courriel \u00e0 : <a href=\"mailto:israelalbert1@gmail.com\">israelalbert1@gmail.com<\/a><br \/>\nVous pouvez aussi faire partie de ces b\u00e9n\u00e9voles, nous vous remercions par avance.<\/p>\n<hr \/>\n<h3><strong><span style=\"text-decoration: underline;\">Information ACJBB Boulogne Sud :<\/span><br \/>\n<\/strong><\/h3>\n<p style=\"text-align: justify;\">Retrouvez toutes les informations de l\u2019office sur : <a href=\"http:\/\/www.acjbb-sud.org\" target=\"_blank\" rel=\"noopener noreferrer\">www.acjbb-sud.org<\/a>.<br \/>\nSi vous souhaitez recevoir par mail la newsletter de l&rsquo;office, inscrivez-vous en nous envoyant un mail \u00e0 <a href=\"mailto:officeboulognesud@gmail.com\">officeboulognesud@gmail.com<\/a>.<br \/>\nRetrouvez \u00e9galement toutes les informations sur la page Facebook de l&rsquo;office : <a href=\"http:\/\/facebook.com\/acjbbsud\" target=\"_blank\" rel=\"noopener noreferrer\">facebook.com\/acjbbsud<\/a> et sur Twitter : <a href=\"http:\/\/twitter.com\/acjbbsud\" target=\"_blank\" rel=\"noopener noreferrer\">twitter.com\/acjbbsud<\/a>.<\/p>\n<hr \/>\n<h3><strong><span style=\"text-decoration: underline;\">S\u00e9curit\u00e9 SPCJ :<\/span><br \/>\n<\/strong><\/h3>\n<p style=\"text-align: justify;\"><strong>La s\u00e9curit\u00e9 est l&rsquo;affaire de tous ! Le SPCJ a besoin de chacun d&rsquo;entre nous !<\/strong><br \/>\nLa protection de la vie communautaire est plus que jamais l&rsquo;affaire de tous ! Vous en \u00eates les premiers acteurs ! Votre mobilisation est essentielle et n\u00e9cessaire !<br \/>\nSi vous souhaitez nous aider \u00e0 assurer la protection de l&rsquo;office, rapprochez-vous de nous !<br \/>\nPlus nous serons nombreux \u00e0 nous mobiliser et assurer des relais de garde, plus nous passerons du temps \u00e0 prier !<\/p>\n<hr \/>\n<h3><strong><span style=\"text-decoration: underline;\">R\u00e9servation des espaces communautaires :<\/span><br \/>\n<\/strong><\/h3>\n<p style=\"text-align: justify;\">Vous souhaitez organiser une manifestation (Brith-Mila, Bar-Mitsvah et Bat-Mitsvah, Mariage, Azkara, Soir\u00e9e Mikv\u00e9 Kala, etc&#8230; ) dans les espaces de la <strong>Synagogue de Boulogne<\/strong>, 43 rue des Abondances, contactez M. Alain Chicheportiche 06.95.62.58.41 &#8211; <a href=\"mailto:alainchicheportiche92@gmail.com\">alainchicheportiche92@gmail.com<\/a><\/p>\n<p style=\"text-align: justify;\">Vous souhaitez r\u00e9server la salle de <strong>Boulogne Sud<\/strong>, 134 bis rue du point du jour Boulogne Billancourt, contactez M. Patrick Sebban 06.03.02.30.78 &#8211; <a href=\"mailto:patrick.sebban2@paris.fr\">patrick.sebban2@paris.fr<\/a><\/p>\n<hr \/>\n<h3><strong><span style=\"text-decoration: underline;\">Mikv\u00e9 :<\/span><br \/>\n<\/strong><\/h3>\n<p><strong>Mikv\u00e9 pour les femmes<\/strong><br \/>\nA partir du 7 octobre et jusqu&rsquo;au 28 mars, le Mikv\u00e9 ouvre tous les soirs de 20h \u00e0 22h. Pour les vendredis soirs et soirs de f\u00eates, prendre rendez-vous avec Mme Kassabi, au moins 2 jours avant, au 06 22 76 15 04. Les samedis soirs et fins de f\u00eates, il sera ouvert 1h00 apr\u00e8s Chabbat pendant 2 heures.<\/p>\n<p><strong>Mikv\u00e9 vaisselle<\/strong><br \/>\nLe Mikv\u00e9 K\u00e9lim est ouvert tous les matins du dimanche au vendredi depuis l&rsquo;heure de la T\u00e9fila jusqu&rsquo;\u00e0 midi.<\/p>\n<hr \/>\n<h3><strong><span style=\"text-decoration: underline;\">Faire un don :<\/span><br \/>\n<\/strong><\/h3>\n<p style=\"text-align: justify;\">Pour faire vivre et participer activement \u00e0 cet office, <a href=\"http:\/\/www.acjbb-sud.org\/index.php\/faire-un-don\/\" target=\"_blank\" rel=\"noopener noreferrer\">faites un don<\/a> par internet ou envoyez vos ch\u00e8ques au <strong>134 bis rue du Point du Jour<\/strong>. Toutes les participations sont bienvenues, <em>les petits ruisseaux faisant de grandes rivi\u00e8res<\/em>, nous parviendrons, tous ensemble, \u00e0 faire vivre l\u2019Office de Boulogne Sud.<\/p>\n<p>Tizkou L\u00e9-Mitsvot !!<\/p>\n<hr \/>\n<h3><strong><span style=\"text-decoration: underline;\">M\u00e9lav\u00e9 Malka :<\/span><br \/>\n<\/strong><\/h3>\n<p style=\"text-align: justify;\">Les institutions <em><strong>Yad Mordekhai<\/strong><\/em> et la <strong>Communaut\u00e9 de Boulogne<\/strong> vous invitent \u00e0 un M\u00e9lav\u00e9 Malka, <strong>samedi 3 novembre \u00e0 20h30<\/strong> \u00e0 la <strong>Synagogue de Boulogne<\/strong> &#8211; 43 rue des Abondances, 92100 Boulogne. A cette occasion, <strong>Rav David Benichou<\/strong> donnera une conf\u00e9rence exceptionnelle, sur le th\u00e8me : \u00ab\u00a0<strong><em>Qu&rsquo;est ce que notre exil a-t-il de particulier ?<\/em><\/strong>\u00a0\u00bb<br \/>\n<img decoding=\"async\" class=\"wp-image-2185 size-full aligncenter\" src=\"https:\/\/acjbb-sud.org\/wp-content\/uploads\/2018\/10\/melave-malka-rav-Benichou-boulogne-3-novembre-2018.jpeg\" alt=\"\" width=\"600\" srcset=\"https:\/\/acjbb-sud.org\/wp-content\/uploads\/2018\/10\/melave-malka-rav-Benichou-boulogne-3-novembre-2018.jpeg 1138w, https:\/\/acjbb-sud.org\/wp-content\/uploads\/2018\/10\/melave-malka-rav-Benichou-boulogne-3-novembre-2018-213x300.jpeg 213w, https:\/\/acjbb-sud.org\/wp-content\/uploads\/2018\/10\/melave-malka-rav-Benichou-boulogne-3-novembre-2018-768x1080.jpeg 768w, https:\/\/acjbb-sud.org\/wp-content\/uploads\/2018\/10\/melave-malka-rav-Benichou-boulogne-3-novembre-2018-728x1024.jpeg 728w\" sizes=\"(max-width: 1138px) 100vw, 1138px\" \/><br \/>\nPublic mixte !<br \/>\n<strong>Venez nombreux !!!<\/strong><\/p>\n<hr \/>\n<h3><strong><span style=\"text-decoration: underline;\">Dons pour le Centre Culturel de Boulogne Billancourt :<\/span><br \/>\n<\/strong><\/h3>\n<p style=\"text-align: justify;\">Le nouveau centre culturel sera situ\u00e9 \u00e0 l&rsquo;angle des rues Marcel Dassault et d&rsquo;Anjou. Le permis de construire, d\u00e9pos\u00e9 en mars \u00e0 la mairie a \u00e9t\u00e9 purg\u00e9. Les travaux devraient commencer prochainement. Il comprendra notamment :<\/p>\n<ul>\n<li>Une Synagogue<\/li>\n<li>Le Centre Communautaire (CCIBB)<\/li>\n<li>Une salle polyvalente<\/li>\n<li>et une salle des f\u00eates<\/li>\n<\/ul>\n<p>Vous pouvez consulter la <a href=\"https:\/\/fr.calameo.com\/read\/00057892520c64798775e\" target=\"_blank\" rel=\"noopener\">plaquette de pr\u00e9sentation du Centre Culturel de Boulogne<\/a><\/p>\n<p style=\"text-align: justify;\"><img decoding=\"async\" class=\"aligncenter wp-image-778 size-full\" src=\"http:\/\/acjbb-sud.org\/wp-content\/uploads\/2017\/06\/Acjbb-construction-1.png\" alt=\"\" width=\"600\" srcset=\"https:\/\/acjbb-sud.org\/wp-content\/uploads\/2017\/06\/Acjbb-construction-1.png 684w, https:\/\/acjbb-sud.org\/wp-content\/uploads\/2017\/06\/Acjbb-construction-1-300x202.png 300w, https:\/\/acjbb-sud.org\/wp-content\/uploads\/2017\/06\/Acjbb-construction-1-445x300.png 445w\" sizes=\"(max-width: 684px) 100vw, 684px\" \/><\/p>\n<h3 class=\"m_-5277437730878633356null\"><span style=\"color: #0000ff;\"><strong>Etat du dossier<\/strong><\/span><\/h3>\n<p>La Soci\u00e9t\u00e9 <strong>Eiffage Construction<\/strong> qui a \u00e9t\u00e9 retenue pour la construction du Centre culturel juif de Boulogne. Le chantier devrait \u00eatre inaugur\u00e9 prochainement. Les travaux commenceront avant la fin de l&rsquo;ann\u00e9e et devraient durer 12 mois.<\/p>\n<p>Nous allons donc passer dans une phase active de collecte pour nous permettre de construire le plus beau centre possible.<\/p>\n<p>Nous continuerons de vous aviser ici de l&rsquo;\u00e9tat d&rsquo;avancement des op\u00e9rations.<br \/>\n<img decoding=\"async\" class=\"aligncenter\" src=\"https:\/\/acjbb-sud.org\/wp-content\/uploads\/2018\/07\/Centre-Culturel-juif-Boulogne-Billancourt-Synagogue.jpg\" alt=\"\" width=\"600\" \/><\/p>\n<p><img decoding=\"async\" class=\"aligncenter\" src=\"https:\/\/acjbb-sud.org\/wp-content\/uploads\/2018\/07\/Centre-Culturel-juif-Boulogne-Billancourt-Synagogue-2.jpg\" alt=\"\" width=\"600\" \/><\/p>\n<p style=\"text-align: justify;\">Devenez acteur du devenir de la vie juive \u00e0 Boulogne en faisant un don pour la construction du Centre Culturel de Boulogne. Vous pouvez d\u00e9cider de diriger votre don vers la synagogue ACJBB ou vers le CCIBB, en nous l&rsquo;indiquant par message.<\/p>\n<p>Si vous avez des question, <a href=\"mailto:synamail@acjbb.com?subject=&quot;Question sur la construction du Centre culturel&quot;\">envoyez-nous un message<\/a> !<\/p>\n<p><a href=\"http:\/\/synaboulogne.us12.list-manage2.com\/track\/click?u=f13343cbc4710ddbadcdef23f&amp;id=b3fe55f499&amp;e=744d346afc\" target=\"_blank\" rel=\"noopener\">Je participe \u00e0 la collecte pour la construction<\/a><\/p>\n<hr \/>\n<h3><strong><span style=\"text-decoration: underline;\">Soir\u00e9e de cl\u00f4ture de la saison France-Isra\u00ebl :<\/span><br \/>\n<\/strong><\/h3>\n<p>Retrouvez la voix magique de <strong>Noa<\/strong> et son groupe \u00e0 <strong>La Seine Musicale<\/strong> \u00e0 Boulogne-Billancourt, en cl\u00f4ture de la saison France-Isra\u00ebl sous la direction musicale de Gil Dor, \u00e0 l\u2019occasion d\u2019un concert-\u00e9v\u00e9nement le <strong>jeudi 22 novembre 2018 \u00e0 20h30<\/strong>.<\/p>\n<p><a href=\"http:\/\/ccibb.net\/wp-content\/uploads\/2018\/10\/soiree-france-israel-Noa-and-Friends-La-Seine-Musicale-Boulogne-Billancourt.png\"><img decoding=\"async\" class=\"aligncenter size-full wp-image-1707\" src=\"http:\/\/ccibb.net\/wp-content\/uploads\/2018\/10\/soiree-france-israel-Noa-and-Friends-La-Seine-Musicale-Boulogne-Billancourt.png\" alt=\"\" width=\"600\" \/><\/a><\/p>\n<p>Plus d&rsquo;informations sur <a href=\"http:\/\/ccibb.net\/2018\/10\/soiree-cloture-saison-france-israel-la-seine-musicale-noa-friends\/\" target=\"_blank\" rel=\"noopener\">ccibb.net<\/a>.<\/p>\n<hr \/>\n<h3><strong><span style=\"text-decoration: underline;\">Voyage communautaire de m\u00e9moire \u00e0 Auschwitz-Birkenau :<\/span><br \/>\n<\/strong><\/h3>\n<p><img decoding=\"async\" class=\"alignnone wp-image-2202 size-full\" src=\"https:\/\/acjbb-sud.org\/wp-content\/uploads\/2018\/10\/Camp-Auschwitz-Birkenau.jpg\" alt=\"\" width=\"600\" srcset=\"https:\/\/acjbb-sud.org\/wp-content\/uploads\/2018\/10\/Camp-Auschwitz-Birkenau.jpg 900w, https:\/\/acjbb-sud.org\/wp-content\/uploads\/2018\/10\/Camp-Auschwitz-Birkenau-300x168.jpg 300w, https:\/\/acjbb-sud.org\/wp-content\/uploads\/2018\/10\/Camp-Auschwitz-Birkenau-768x429.jpg 768w\" sizes=\"(max-width: 900px) 100vw, 900px\" \/><\/p>\n<p>La communaut\u00e9 de Boulogne vous propose de participer \u00e0 un voyage communautaire de m\u00e9moire au Camp d&rsquo;extermination Auschwitz-Birkenau :<\/p>\n<p><strong>dimanche 13 janvier 2019<\/strong><br \/>\nCe voyage se fera avec le <strong>Rabbin Didier Kassabi<\/strong>, en partenariat avec le M\u00e9morial de la Shoah.<br \/>\nPour pouvoir r\u00e9server, il nous faut vos pr\u00e9-r\u00e9servations rapidement.<\/p>\n<p><strong><u>Transport (horaires indicatifs)<\/u><\/strong><br \/>\nRendez-vous vers 5h du matin \u00e0 Roissy\u2013CDG. D\u00e9collage \u00e0 7h par avion sp\u00e9cial. Arriv\u00e9e \u00e0 Cracovie vers 9h. Transfert aller\/retour Cracovie\u2013Auschwitz en autobus. Retour le soir vers 23h30 \u00e0 Roissy\u2013CDG.<\/p>\n<p><strong><u>Programme<\/u><\/strong><br \/>\nMatin : Visite d\u2019Auschwitz I et de son mus\u00e9e<br \/>\nApr\u00e8s-midi : Visite d\u2019Auschwitz II-Birkenau. Judenramp. Recueillement au monument comm\u00e9moratif<\/p>\n<p><strong><u>Participation aux frais<\/u><\/strong><br \/>\n400\u20ac par personne<br \/>\nCe tarif comprend : les transports, le petit d\u00e9jeuner et un diner v\u00e9g\u00e9tarien servis dans l\u2019avion (repas cacher en suppl\u00e9ment, sur demande), les taxes, les visites et l\u2019assurance-rapatriement.<\/p>\n<p><strong>Nombre de places limit\u00e9es<\/strong><br \/>\nMerci de vous pr\u00e9-inscrire. Nous vous contacterons ult\u00e9rieurement pour vous confirmer votre inscription et proc\u00e9der au r\u00e8glement.<\/p>\n<p>[su_button url=\u00a0\u00bbhttps:\/\/docs.google.com\/forms\/d\/e\/1FAIpQLSeTLqsvBNfycmYE9yq2A5jWP1_Y-DGzJEw2gnsI-aqGcD09yw\/viewform\u00a0\u00bb target=\u00a0\u00bbblank\u00a0\u00bb style=\u00a0\u00bbdefault\u00a0\u00bb background=\u00a0\u00bb#2D89EF\u00a0\u00bb color=\u00a0\u00bb#FFFFFF\u00a0\u00bb size=\u00a0\u00bb5&Prime; wide=\u00a0\u00bbno\u00a0\u00bb center=\u00a0\u00bbyes\u00a0\u00bb radius=\u00a0\u00bbauto\u00a0\u00bb icon=\u00a0\u00bb\u00a0\u00bb icon_color=\u00a0\u00bb#FFFFFF\u00a0\u00bb text_shadow=\u00a0\u00bbnone\u00a0\u00bb desc=\u00a0\u00bb\u00a0\u00bb onclick=\u00a0\u00bb\u00a0\u00bb rel=\u00a0\u00bb\u00a0\u00bb title=\u00a0\u00bb\u00a0\u00bb id=\u00a0\u00bb\u00a0\u00bb class=\u00a0\u00bb\u00a0\u00bb]Je souhaite pr\u00e9-r\u00e9server[\/su_button]<\/p>\n<hr \/>\n<h3><strong><span style=\"text-decoration: underline;\">Dvar Thorah et enseignements :<\/span><br \/>\n<\/strong><\/h3>\n<p><em><strong>par le Rav Mika\u00ebl Mouyal<\/strong><\/em><\/p>\n<p style=\"text-align: justify;\"><em>L\u00e9\u00eflouy Nichmat Avraham Ben Mikha\u00ebl, &lsquo;Ha\u00ef Victor Ben Yakouta, Jaqueline Bat Esther et Paula Yakouta Bat Rosette<\/em><\/p>\n<h3 style=\"text-align: center;\"><strong>Le coin &lsquo;Hidouchim<\/strong><\/h3>\n<h4><strong>\u00ab Quatre-cent sicles d&rsquo;argent entre moi et toi, qu&rsquo;est-ce que c&rsquo;est ? \u00bb (23, 15) :<\/strong><\/h4>\n<p style=\"text-align: justify;\">Rachi explique que par les mots : \u00ab entre moi et toi \u00bb, Efron voulait dire \u00e0 Avraham : \u00ab Que repr\u00e9sente cette somme pour deux personnes qui s&rsquo;aiment comme toi et moi ?! \u00bb Mais Avraham et Efron se connaissaient \u00e0 peine. Depuis quand sont-ils devenus des amis, des personnes qui s&rsquo;aiment ?<br \/>\nEn fait, le terme \u201cOhavim &#8211; \u05d0\u05d5\u05d4\u05d1\u05d9\u05dd\u201d, utilis\u00e9 par Rachi signifie en g\u00e9n\u00e9ral, comme on l&rsquo;a traduit : \u201cDes gens qui s&rsquo;aiment\u201d. Mais ce terme signifie litt\u00e9ralement : \u201c(des gens) qui aiment\u201d. Efron fait donc remarquer \u00e0 Avraham que chacun d&rsquo;entre eux est \u201cune personne qui aime\u201d. Avraham aime les Mitsvot de tout son coeur et est pr\u00eat \u00e0 tout pour les accomplir. Et Efron aime l&rsquo;argent plus que tout. Ainsi, il convient qu&rsquo;Avraham paie cher (400 sicles) la grotte. Il aime tellement les Mitsvot que cette somme est minime pour lui, si elle peut lui permettre de r\u00e9aliser une Mitsva. Et Efron aime tant l&rsquo;argent que cette grande somme est infime pour lui. Il en voudrait bien plus.<br \/>\nAinsi, \u00ab Que repr\u00e9sente cette somme pour deux \u201caimant\u201d comme nous ?! Toi qui aime les Mitsvot et moi qui aime l&rsquo;argent ! \u00bb<\/p>\n<h4><strong>\u00ab Et Avraham fut \u00e2g\u00e9 \u00bb (24, 1) :<\/strong><\/h4>\n<p style=\"text-align: justify;\">La Thora rapporte qu&rsquo;Avraham \u00e9tait \u00e2g\u00e9, juste apr\u00e8s l&rsquo;\u00e9pisode de l&rsquo;enterrement de Sarah. Quel lien y a-t-il entre ces deux sujets ?<br \/>\nL&rsquo;une des explications \u00e0 cela est bas\u00e9e sur le verset de la Thora qui dit : \u00ab Que vos jours se multiplient ainsi que les jours de vos enfants sur la terre qu&rsquo;Hachem a promis de vous donner \u00bb. On en d\u00e9duit que toute la valeur et la pl\u00e9nitude de la long\u00e9vit\u00e9 et donc de la vieillesse ne s&rsquo;applique qu&rsquo;\u00e0 ceux qui sont en terre sainte. Certes, Hachem a promis cette terre \u00e0 Avraham. Mais, Avraham n&rsquo;a r\u00e9ellement prit possession d&rsquo;une part en terre d&rsquo;Isra\u00ebl que pour y enterrer Sarah. C&rsquo;est l\u00e0 qu&rsquo;il a achet\u00e9 le terrain d&rsquo;Efron, \u00e0 &lsquo;Hevron. Et c&rsquo;est seulement apr\u00e8s cette acquisition de ce lopin de terre que la vieillesse d&rsquo;Avraham devint une v\u00e9ritable valeur et prit tout son sens, comme on l&rsquo;a expliqu\u00e9. C&rsquo;est donc logique que juste apr\u00e8s cela, la Thora en fasse l&rsquo;\u00e9loge : \u00ab Et Avraham fut \u00e2g\u00e9 \u00bb. (Likout\u00e9 Halakhot)<\/p>\n<h4><strong>\u00ab Je vais te faire jurer par Hachem, le D.ieu du ciel et le D.ieu de la terre \u00bb (24, 3) :<\/strong><\/h4>\n<p style=\"text-align: justify;\">Rachi explique que par cette parole, Avraham dit \u00e0 Eliezer : \u00ab A l&rsquo;origine Hachem n&rsquo;\u00e9tait que le D.ieu du ciel, car Il n&rsquo;\u00e9tait pas encore connu sur terre. Mais moi (Avraham), je l&rsquo;ai fais conna\u00eetre aupr\u00e8s des cr\u00e9atures. A pr\u00e9sent, Il est devenu le D.ieu du ciel et le D.ieu de la terre \u00bb. Mais on peut s&rsquo;interroger. Avraham a permis \u00e0 Hachem d&rsquo;\u00eatre connu sur terre. Mais dans le ciel, Il \u00e9tait d\u00e9j\u00e0 connu, comme il le dit lui-m\u00eame. Ainsi, il aurait d\u00fb dire uniquement qu&rsquo;\u00e0 pr\u00e9sent, Il est devenu aussi le D.ieu de la terre ! Pourquoi dit-il : \u201cIl est devenu le D.ieu du ciel et de la terre\u201d, alors que dans le ciel, Il \u00e9tait d\u00e9j\u00e0 connu, et Avraham n&rsquo;y a pas chang\u00e9 les choses ?<br \/>\nC&rsquo;est qu&rsquo;en fait, quand on fait conna\u00eetre Hachem sur terre, cela sanctifie et grandit Son Nom m\u00eame dans le ciel. Les bonnes actions de l&rsquo;homme ici-bas ont des cons\u00e9quences En-Haut et renforcent la sanctification d&rsquo;Hachem m\u00eame dans les Cieux. (Likout\u00e9 Si&rsquo;hot)<\/p>\n<h4><strong>\u00ab J&rsquo;ai vid\u00e9 la maison \u00bb (24, 31) :<\/strong><\/h4>\n<p style=\"text-align: justify;\">Rachi explique que Lavan a dit \u00e0 Eliezer qu&rsquo;il peut entrer dans sa maison, car il a vid\u00e9 sa demeure en enlevant les idoles. Mais comment savait-il que l&rsquo;homme qui \u00e9tait l\u00e0 \u00e9tait un homme qui rejetait l&rsquo;idol\u00e2trie, alors qu&rsquo;il ne savait pas encore du tout qui il \u00e9tait ?!<br \/>\nEn fait, quand plus t\u00f4t, Eliezer parla avec Rivka, il lui demanda : \u00ab Y a-t-il &#8230; un endroit pour nous pour passer la nuit \u00bb. Et Rivka lui r\u00e9pondit : \u00ab Il y a aussi un endroit pour passer la nuit \u00bb, sans pr\u00e9ciser \u201cpour vous\u201d, comme dans la question d&rsquo;Eliezer, qui pr\u00e9cisa \u201cpour nous\u201d. Que sugg\u00e8re cette diff\u00e9rence ? C&rsquo;est que, la Thora fait allusion par ce d\u00e9tail \u00e0 une discussion sous-entendue entre Eliezer et Rivka. Eliezer demanda s&rsquo;il y avait un endroit adapt\u00e9 \u00e0 nous pour dormir. Il sugg\u00e9ra qu&rsquo;il souhaitait un endroit valable sans idoles.<br \/>\nRivka r\u00e9pondit : \u00ab il y a un endroit pour dormir \u00bb, sans dire pour vous, allusion au fait que cet endroit ne vous convient pas car il contient des idoles. Puis, la Thora rapporte que : \u00ab Rivka rapporta \u00e0 sa famille ces choses-l\u00e0 \u00bb. Elle rapporta donc aussi ce dialogue sous-entendu dans le Texte. Lavan en d\u00e9duisit que l&rsquo;homme voulait un endroit sans idoles. Il retira donc les idoles. (Kehilat Yits&rsquo;hak)<\/p>\n<h4><strong>\u00ab Je suis arriv\u00e9 aujourd&rsquo;hui devant la source \u00bb (24, 42) :<\/strong><\/h4>\n<p style=\"text-align: justify;\">Rachi explique que par le terme \u201caujourd&rsquo;hui\u201d, Eliezer fit allusion qu&rsquo;il a quitt\u00e9 son Ma\u00eetre aujourd&rsquo;hui et est arriv\u00e9 le m\u00eame jour. C&rsquo;est qu&rsquo;il a b\u00e9n\u00e9fici\u00e9 du miracle que le chemin se raccourcisse pour lui. Mais pourquoi Hachem r\u00e9alisa-t-Il un tel miracle ?<br \/>\nC&rsquo;est qu&rsquo;Hachem voulait donner une le\u00e7on \u00e0 ceux qui ont peur de se marier, craignant pour leur avenir au niveau financier et au niveau de leur subsistance. Comment vont-ils se d\u00e9brouiller apr\u00e8s leur mariage ? Ne vaut-il pas mieux d&rsquo;attendre un peu pour assurer la situation ?! Hachem r\u00e9alisa un miracle pour acc\u00e9l\u00e9rer le mariage d&rsquo;Yits&rsquo;hak et Rivka pour enseigner qu&rsquo;il convient de se marier au plus t\u00f4t, et en ce qui concerne les difficult\u00e9s futures, Hachem fera des miracles pour aider le couple et les solutionner. (Bikour\u00e9 Aviv)<\/p>\n<h4><strong>\u00ab Michma, Douma et Massa \u00bb (25, 14) :<\/strong><\/h4>\n<p style=\"text-align: justify;\">Ces trois enfants d&rsquo;Ychma\u00ebl font allusion \u00e0 un conseil de vie : \u201cMichma\u201d, signifie \u00e9couter, Douma signifie \u201cse taire\u201d et \u201cMassa\u201d signifie \u201csupporter\u201d. Dans la vie, quand quelqu&rsquo;un nous vexe, nous devons accomplir ce pr\u00e9cieux conseil : \u00e9couter, se taire, et supporter&#8230; C&rsquo;est comme cela que nous r\u00e9ussirons l&rsquo;\u00e9preuve de la vexation. Et surtout pas en se mettant en col\u00e8re.<\/p>\n<h3 style=\"text-align: center;\"><strong>Le coin \u00e9tude<\/strong><\/h3>\n<p style=\"text-align: justify;\">Au d\u00e9but de notre Paracha, la Thora rapporte l&rsquo;\u00e9pisode de la mort de Sarah. Le Texte dit qu&rsquo;Avraham \u00ab vint faire l&rsquo;\u00e9loge de Sarah et la pleurer \u00bb. Commentant ces mots, Rachi rapporte un Midrash qui dit que ce passage est juxtapos\u00e9 \u00e0 l&rsquo;\u00e9pisode de la ligature d&rsquo;Yits&rsquo;hak car c&rsquo;est quand Sarah entendit que son fils \u00e9tait sur le point d&rsquo;\u00eatre sacrifi\u00e9 qu&rsquo;elle mourut de cette nouvelle.<br \/>\nSur cette explication, on peut se poser deux questions. Tout d&rsquo;abord, pourquoi Rachi rapporte ce commentaire sur les mots : \u00ab (Avraham vint) faire l&rsquo;\u00e9loge de Sarah et la pleurer \u00bb ? Apparemment, Rachi vient expliquer la raison de la mort de Sarah et il aurait donc mieux convenu de rapporter ce commentaire sur les mots : \u00ab Sarah mourut \u00bb ! On ne voit pas tellement le lien entre l&rsquo;\u00e9loge de Sarah et les pleurs d&rsquo;une part, et le fait que Sarah mourut du fait de l&rsquo;annonce du sacrifice d&rsquo;Yts&rsquo;hak ! De plus, il n&rsquo;est pas de l&rsquo;habitude de Rachi d&rsquo;expliquer les juxtapositions. Quand il le fait, c&rsquo;est pour r\u00e9soudre une autre difficult\u00e9 dans le Texte. Quelle est-elle ?<br \/>\nPour r\u00e9pondre \u00e0 ces questions, rapportons une remarque pos\u00e9e par les commentateurs. Quand une personne est en deuil, la loi lui recommande trois jours de pleurs et (en tout) sept jours d&rsquo;\u00e9loges fun\u00e8bres. Ainsi, les pleurs pr\u00e9c\u00e9dent essentiellement les \u00e9loges.<br \/>\nPourquoi, concernant Avraham, est-il dit l&rsquo;inverse : \u00ab Il vint faire l&rsquo;\u00e9loge de Sarah et la pleurer \u00bb ?<br \/>\nEn fait, c&rsquo;est cette question sur le sens simple du Texte que Rachi vient r\u00e9soudre par son commentaire. Pour expliquer cela, pr\u00e9cisons que ce commentaire de Rachi est inspir\u00e9 du Midrash o\u00f9 il est rapport\u00e9 que c&rsquo;est le Satan (l&rsquo;ange accusateur) qui apprit la nouvelle du sacrifice d&rsquo;Yits&rsquo;hak \u00e0 Sarah entra\u00eenant ainsi sa mort. Mais cela est \u00e9tonnant. Selon nos Sages, le Satan a \u00e9t\u00e9 cr\u00e9\u00e9 pour mettre l&rsquo;homme \u00e0 l&rsquo;\u00e9preuve et ainsi lui donner du m\u00e9rite. Quel but avait-il d&rsquo;entra\u00eener maintenant la mort de Sarah ? On ne peut pas dire qu&rsquo;il voulait se venger d&rsquo;Avraham pour ne pas l&rsquo;avoir \u00e9cout\u00e9 e pour avoir surmont\u00e9 l&rsquo;\u00e9preuve de la ligature d&rsquo;Yits&rsquo;hak malgr\u00e9 ses dissuasions, comme le rapporte le Midrash. En effet, il n&rsquo;a pas \u00e9t\u00e9 cr\u00e9\u00e9 pour se venger mais pour mettre l&rsquo;homme \u00e0 l&rsquo;\u00e9preuve !<br \/>\nEn fait, bien qu&rsquo;Hachem r\u00e9compense toute personne qui a accompli une Mitsva, malgr\u00e9 tout nos Sages r\u00e9v\u00e8lent qu&rsquo;il existe un cas o\u00f9 un homme perd le m\u00e9rite d&rsquo;une bonne action. C&rsquo;est quand il regrette une Mitsva et a des remords de l&rsquo;avoir accomplie. Et de m\u00eame que quand on se repent et on regrette la faute, celle-ci dispara\u00eet, ainsi en regrettant une Mitsva, on la supprime. C&rsquo;est pourquoi, il arrive souvent qu&rsquo;apr\u00e8s avoir accompli une Mitsva, un homme vit une \u00e9preuve, comme une humiliation, une dispute ou autre. Car de m\u00eame que le Satan cherche \u00e0 emp\u00eacher l&rsquo;homme de faire une Mitsva. Ainsi, si l&rsquo;homme s&rsquo;est renforc\u00e9 et a vaincu son penchant, et malgr\u00e9 ses tentatives, il a quand m\u00eame r\u00e9alis\u00e9 la Mitsva, alors le Satan ne s&rsquo;avouera pas vaincu. Il tentera de le mettre \u00e0 l&rsquo;\u00e9preuve pour lui faire perdre le b\u00e9n\u00e9fice de cette Mitsva en tentant de le faire regretter. Car, constatant les cons\u00e9quences n\u00e9gatives de sa Mitsva, comme des disputes ou autres, il risquera de la regretter et ainsi d&rsquo;en perdre le b\u00e9n\u00e9fice et d&rsquo;\u00eatre priv\u00e9 de sa r\u00e9compense.<br \/>\nC&rsquo;est exactement ce que fit le Satan avec Sarah. Il ne cherchait pas directement \u00e0 la tuer, car cela n&rsquo;est pas de ses pr\u00e9rogatives. Mais, il voulait entra\u00eener qu&rsquo;Avraham regrette d&rsquo;avoir surmont\u00e9 l&rsquo;\u00e9preuve de la ligature d&rsquo;Yits&rsquo;hak. Car quand il verrait que cela a caus\u00e9 la mort de Sarah, il risquait fortement de regretter. Et faire regretter une Mitsva \u00e0 un homme rentre bien dans la mission du Satan.<br \/>\nQuand Avraham revint et constata la mort de Sarah, il per\u00e7ut devant lui le terrible danger du regret. C&rsquo;est pourquoi, il retarda les pleurs au maximum, et ne pleura que pour accomplir le devoir de pleurer un d\u00e9funt proche, mais il se focalisa surtout sur les \u00e9loges.<br \/>\nDe la sorte, il voulait au maximum exprimer que malgr\u00e9 tout, il ne regrette nullement sa Mitsva. C&rsquo;est donc du fait du risque du regret li\u00e9 \u00e0 la mort de Sarah suite \u00e0 la ligature d&rsquo;Yits&rsquo;hak, qu&rsquo;Avraham retarda les pleurs le plus possible. C&rsquo;est ce que Rachi rapporte donc pour expliquer pourquoi le verset parle des \u00e9loges fun\u00e8bres avant les pleurs. C&rsquo;\u00e9tait le moyen d&rsquo;Avraham de parer au regret.<\/p>\n<h3 style=\"text-align: center;\"><strong>Le coin Halakha<\/strong><\/h3>\n<p style=\"text-align: justify;\">Un homme doit donner le dixi\u00e8me de ses gains \u00e0 la Tsedaka. Cela s&rsquo;appelle le Maasser. S&rsquo;il veut accomplir la Mitsva encore mieux, il donnera le cinqui\u00e8me. Mais on ne d\u00e9passera pas le cinqui\u00e8me, pour ne pas entrer dans des difficult\u00e9s financi\u00e8res. Tout ceci ne s&rsquo;applique que du vivant de la personne. Mais, quelqu&rsquo;un qui est au seuil de la mort aura le droit de donner jusqu&rsquo;au tiers de ses biens.<br \/>\nDe m\u00eame, s&rsquo;il veut donner ses biens \u00e0 la Tsedaka dans l&rsquo;intention d&rsquo;expier ses fautes par la Tsedaka, il pourra donner plus que le 5\u00e8me.<br \/>\nOn ne se servira pas de l&rsquo;argent r\u00e9serv\u00e9 au Maasser pour des oeuvres de Mitsva comme pour acheter des bougies pour la synagogue ou autre, mais il donnera le Maasser aux pauvres. N\u00e9anmoins, il pourra utiliser cet argent pour marier un couple de pauvres, bien que le fait de permettre un mariage est d\u00e9j\u00e0 en soi une Mitsva. Il pourra aussi acheter des livres de Thora avec l&rsquo;argent du Maaser, \u00e0 condition de mettre ces livres \u00e0 la disposition de ceux qui souhaitent les \u00e9tudier. Il devra alors \u00e9crire sur les livres qu&rsquo;ils proviennent de l&rsquo;argent du Maaser, pour ne pas qu&rsquo;avec le temps on oublie cela et que ses enfants pensent qu&rsquo;ils leur reviennent de par leur p\u00e8re.<\/p>\n<h3 style=\"text-align: center;\"><strong>Le coin histoire<\/strong><\/h3>\n<p style=\"text-align: justify;\">Un homme vint demander conseil \u00e0 Rabbi &lsquo;Ha\u00efm Kanievsky \u00e0 l&rsquo;approche du mariage de son fils pour savoir quel appartement il \u00e9tait pr\u00e9f\u00e9rable d&rsquo;acheter pour le jeune couple.<br \/>\n\u00ab On nous a propos\u00e9 deux appartements, le plus grand est un peu plus cher que l&rsquo;autre. Faut-il malgr\u00e9 tout s&rsquo;efforcer d&rsquo;obtenir cette somme pour qu&rsquo;ils aient un appartement plus spacieux, ou est-il possible pour le moment de se contenter d&rsquo;un appartement plus petit ? \u00bb Apr\u00e8s avoir \u00e9couter la question, le Rav conseilla : \u00ab Ach\u00e8te le plus grand, il va vite se remplir. \u00bb<br \/>\nLe p\u00e8re \u00e9couta le conseil. Peu de temps s&rsquo;\u00e9coula apr\u00e8s le mariage et le jeune couple donna naissance \u00e0 des quadrupl\u00e9s !..<br \/>\nCe r\u00e9cit met le doigt sur la force des paroles des gens pieux et sages en Thora. Quand un Juste affirme quelque chose, Hachem \u00e9coute et exauce ses demandes. Il convient donc de chercher leur proximit\u00e9 et de s&rsquo;efforcer \u00e0 recevoir leurs b\u00e9n\u00e9dictions si pr\u00e9cieuses.<\/p>\n<h3 style=\"text-align: center;\"><strong>Le coin &lsquo;Hizouk<\/strong><\/h3>\n<p style=\"text-align: justify;\">Chaque Juif, m\u00eame s&rsquo;il a beaucoup faut\u00e9 et commis des p\u00e9ch\u00e9s importants, doit avoir confiance que la parcelle Divine essentielle qui se trouve dans chaque Juif reste encore en lui intacte et n&rsquo;a pas disparu du fait de ses p\u00e9ch\u00e9s. Et m\u00eame un tel homme doit dire chaque matin : \u00ab L&rsquo;\u00e2me (N\u00e9chama) que Tu as plac\u00e9 en moi est pure \u00bb. Et quand il se repentira, il pourra la r\u00e9v\u00e9ler. (Sefat Emet)<\/p>\n<hr \/>\n<p><strong>Chabbat Chalom !!!<\/strong><\/p>\n","protected":false},"excerpt":{"rendered":"<p>Paracha &lsquo;Hay\u00e9 Sarah \/ \u05e4\u05e8\u05e9\u05d4 \u05d7\u05d9\u05d9 \u05e9\u05e8\u05d4 Chabbat M\u00e9var\u00e9&rsquo;him \/ \u05e9\u05d1\u05ea \u05de\u05d1\u05e8\u05db\u05d9\u05dd 2\/3 novembre 2018 &#8211; 25 &lsquo;Hechvan 5779 \/ \u05db&rsquo;\u05d4 \u05d7\u05e9\u05d5\u05df \u05ea\u05e9\u05e2&rsquo;\u05d8 D\u00e9but : 17h11 &#8211; Fin : 18h17 Les Horaires : Vendredi soir : 17h05 : Allumage des bougies et entr\u00e9e de Chabbat (heure maximum pour l&rsquo;allumage : 17h11) 17h15 : Min\u2019ha, suivi &hellip; <\/p>\n<p><a class=\"more-link btn\" href=\"https:\/\/acjbb-sud.org\/index.php\/2018\/11\/01\/chabbat-haye-sarah-5779\/\">Lire la suite<\/a><\/p>\n","protected":false},"author":1,"featured_media":2195,"comment_status":"open","ping_status":"open","sticky":false,"template":"","format":"standard","meta":{"jetpack_post_was_ever_published":false,"_jetpack_newsletter_access":"","_jetpack_dont_email_post_to_subs":false,"_jetpack_newsletter_tier_id":0,"_jetpack_memberships_contains_paywalled_content":false,"_jetpack_memberships_contains_paid_content":false,"footnotes":"","jetpack_publicize_message":"","jetpack_publicize_feature_enabled":true,"jetpack_social_post_already_shared":true,"jetpack_social_options":{"image_generator_settings":{"template":"highway","default_image_id":0,"font":"","enabled":false},"version":2}},"categories":[3,5],"tags":[47,76],"class_list":["post-2182","post","type-post","status-publish","format-standard","has-post-thumbnail","hentry","category-chabbat","category-chabbat-mevarehim","tag-chabbat","tag-haye-sarah","item-wrap"],"yoast_head":"<!-- This site is optimized with the Yoast SEO plugin v26.6 - https:\/\/yoast.com\/wordpress\/plugins\/seo\/ -->\n<title>Chabbat &#039;Hay\u00e9 Sarah - Synagogue ACJBB Boulogne Sud<\/title>\n<meta name=\"robots\" content=\"index, follow, max-snippet:-1, max-image-preview:large, max-video-preview:-1\" \/>\n<link rel=\"canonical\" href=\"https:\/\/acjbb-sud.org\/index.php\/2018\/11\/01\/chabbat-haye-sarah-5779\/\" \/>\n<meta property=\"og:locale\" content=\"fr_FR\" \/>\n<meta property=\"og:type\" content=\"article\" \/>\n<meta property=\"og:title\" content=\"Chabbat &#039;Hay\u00e9 Sarah - Synagogue ACJBB Boulogne Sud\" \/>\n<meta property=\"og:description\" content=\"Paracha &lsquo;Hay\u00e9 Sarah \/ \u05e4\u05e8\u05e9\u05d4 \u05d7\u05d9\u05d9 \u05e9\u05e8\u05d4 Chabbat M\u00e9var\u00e9&rsquo;him \/ \u05e9\u05d1\u05ea \u05de\u05d1\u05e8\u05db\u05d9\u05dd 2\/3 novembre 2018 &#8211; 25 &lsquo;Hechvan 5779 \/ \u05db&rsquo;\u05d4 \u05d7\u05e9\u05d5\u05df \u05ea\u05e9\u05e2&rsquo;\u05d8 D\u00e9but : 17h11 &#8211; Fin : 18h17 Les Horaires : Vendredi soir : 17h05 : Allumage des bougies et entr\u00e9e de Chabbat (heure maximum pour l&rsquo;allumage : 17h11) 17h15 : Min\u2019ha, suivi &hellip; Lire la suite\" \/>\n<meta property=\"og:url\" content=\"https:\/\/acjbb-sud.org\/index.php\/2018\/11\/01\/chabbat-haye-sarah-5779\/\" \/>\n<meta property=\"og:site_name\" content=\"Synagogue ACJBB Boulogne Sud\" \/>\n<meta property=\"article:published_time\" content=\"2018-11-01T10:57:42+00:00\" \/>\n<meta property=\"article:modified_time\" content=\"2018-11-05T08:49:45+00:00\" \/>\n<meta property=\"og:image\" content=\"https:\/\/acjbb-sud.org\/wp-content\/uploads\/2018\/10\/ACJBB-Sud-Chabbat-halots-bougies-vin-600-logos-v2.jpg\" \/>\n\t<meta property=\"og:image:width\" content=\"615\" \/>\n\t<meta property=\"og:image:height\" content=\"433\" \/>\n\t<meta property=\"og:image:type\" content=\"image\/jpeg\" \/>\n<meta name=\"author\" content=\"AcjbbSud\" \/>\n<meta name=\"twitter:card\" content=\"summary_large_image\" \/>\n<meta name=\"twitter:label1\" content=\"\u00c9crit par\" \/>\n\t<meta name=\"twitter:data1\" content=\"AcjbbSud\" \/>\n\t<meta name=\"twitter:label2\" content=\"Dur\u00e9e de lecture estim\u00e9e\" \/>\n\t<meta name=\"twitter:data2\" content=\"18 minutes\" \/>\n<script type=\"application\/ld+json\" class=\"yoast-schema-graph\">{\"@context\":\"https:\/\/schema.org\",\"@graph\":[{\"@type\":\"WebPage\",\"@id\":\"https:\/\/acjbb-sud.org\/index.php\/2018\/11\/01\/chabbat-haye-sarah-5779\/\",\"url\":\"https:\/\/acjbb-sud.org\/index.php\/2018\/11\/01\/chabbat-haye-sarah-5779\/\",\"name\":\"Chabbat 'Hay\u00e9 Sarah - Synagogue ACJBB Boulogne Sud\",\"isPartOf\":{\"@id\":\"https:\/\/acjbb-sud.org\/#website\"},\"primaryImageOfPage\":{\"@id\":\"https:\/\/acjbb-sud.org\/index.php\/2018\/11\/01\/chabbat-haye-sarah-5779\/#primaryimage\"},\"image\":{\"@id\":\"https:\/\/acjbb-sud.org\/index.php\/2018\/11\/01\/chabbat-haye-sarah-5779\/#primaryimage\"},\"thumbnailUrl\":\"https:\/\/acjbb-sud.org\/wp-content\/uploads\/2018\/10\/ACJBB-Sud-Chabbat-halots-bougies-vin-600-logos-v2.jpg\",\"datePublished\":\"2018-11-01T10:57:42+00:00\",\"dateModified\":\"2018-11-05T08:49:45+00:00\",\"author\":{\"@id\":\"https:\/\/acjbb-sud.org\/#\/schema\/person\/adc8f09fb72c9d0dc78509106dc5e9f0\"},\"breadcrumb\":{\"@id\":\"https:\/\/acjbb-sud.org\/index.php\/2018\/11\/01\/chabbat-haye-sarah-5779\/#breadcrumb\"},\"inLanguage\":\"fr-FR\",\"potentialAction\":[{\"@type\":\"ReadAction\",\"target\":[\"https:\/\/acjbb-sud.org\/index.php\/2018\/11\/01\/chabbat-haye-sarah-5779\/\"]}]},{\"@type\":\"ImageObject\",\"inLanguage\":\"fr-FR\",\"@id\":\"https:\/\/acjbb-sud.org\/index.php\/2018\/11\/01\/chabbat-haye-sarah-5779\/#primaryimage\",\"url\":\"https:\/\/acjbb-sud.org\/wp-content\/uploads\/2018\/10\/ACJBB-Sud-Chabbat-halots-bougies-vin-600-logos-v2.jpg\",\"contentUrl\":\"https:\/\/acjbb-sud.org\/wp-content\/uploads\/2018\/10\/ACJBB-Sud-Chabbat-halots-bougies-vin-600-logos-v2.jpg\",\"width\":615,\"height\":433},{\"@type\":\"BreadcrumbList\",\"@id\":\"https:\/\/acjbb-sud.org\/index.php\/2018\/11\/01\/chabbat-haye-sarah-5779\/#breadcrumb\",\"itemListElement\":[{\"@type\":\"ListItem\",\"position\":1,\"name\":\"Accueil\",\"item\":\"https:\/\/acjbb-sud.org\/\"},{\"@type\":\"ListItem\",\"position\":2,\"name\":\"Chabbat &lsquo;Hay\u00e9 Sarah\"}]},{\"@type\":\"WebSite\",\"@id\":\"https:\/\/acjbb-sud.org\/#website\",\"url\":\"https:\/\/acjbb-sud.org\/\",\"name\":\"Synagogue ACJBB Boulogne Sud\",\"description\":\"Synagogue \/ Association Communautaire Juive de Boulogne Billancourt (Sud)\",\"potentialAction\":[{\"@type\":\"SearchAction\",\"target\":{\"@type\":\"EntryPoint\",\"urlTemplate\":\"https:\/\/acjbb-sud.org\/?s={search_term_string}\"},\"query-input\":{\"@type\":\"PropertyValueSpecification\",\"valueRequired\":true,\"valueName\":\"search_term_string\"}}],\"inLanguage\":\"fr-FR\"},{\"@type\":\"Person\",\"@id\":\"https:\/\/acjbb-sud.org\/#\/schema\/person\/adc8f09fb72c9d0dc78509106dc5e9f0\",\"name\":\"AcjbbSud\",\"image\":{\"@type\":\"ImageObject\",\"inLanguage\":\"fr-FR\",\"@id\":\"https:\/\/acjbb-sud.org\/#\/schema\/person\/image\/\",\"url\":\"https:\/\/secure.gravatar.com\/avatar\/ea30fe7a8231c8c0bf30066f86006714af7be34ba414543eaab3e453b92901aa?s=96&d=mm&r=g\",\"contentUrl\":\"https:\/\/secure.gravatar.com\/avatar\/ea30fe7a8231c8c0bf30066f86006714af7be34ba414543eaab3e453b92901aa?s=96&d=mm&r=g\",\"caption\":\"AcjbbSud\"},\"url\":\"https:\/\/acjbb-sud.org\/index.php\/author\/acjbbsud\/\"}]}<\/script>\n<!-- \/ Yoast SEO plugin. -->","yoast_head_json":{"title":"Chabbat 'Hay\u00e9 Sarah - Synagogue ACJBB Boulogne Sud","robots":{"index":"index","follow":"follow","max-snippet":"max-snippet:-1","max-image-preview":"max-image-preview:large","max-video-preview":"max-video-preview:-1"},"canonical":"https:\/\/acjbb-sud.org\/index.php\/2018\/11\/01\/chabbat-haye-sarah-5779\/","og_locale":"fr_FR","og_type":"article","og_title":"Chabbat 'Hay\u00e9 Sarah - Synagogue ACJBB Boulogne Sud","og_description":"Paracha &lsquo;Hay\u00e9 Sarah \/ \u05e4\u05e8\u05e9\u05d4 \u05d7\u05d9\u05d9 \u05e9\u05e8\u05d4 Chabbat M\u00e9var\u00e9&rsquo;him \/ \u05e9\u05d1\u05ea \u05de\u05d1\u05e8\u05db\u05d9\u05dd 2\/3 novembre 2018 &#8211; 25 &lsquo;Hechvan 5779 \/ \u05db&rsquo;\u05d4 \u05d7\u05e9\u05d5\u05df \u05ea\u05e9\u05e2&rsquo;\u05d8 D\u00e9but : 17h11 &#8211; Fin : 18h17 Les Horaires : Vendredi soir : 17h05 : Allumage des bougies et entr\u00e9e de Chabbat (heure maximum pour l&rsquo;allumage : 17h11) 17h15 : Min\u2019ha, suivi &hellip; Lire la suite","og_url":"https:\/\/acjbb-sud.org\/index.php\/2018\/11\/01\/chabbat-haye-sarah-5779\/","og_site_name":"Synagogue ACJBB Boulogne Sud","article_published_time":"2018-11-01T10:57:42+00:00","article_modified_time":"2018-11-05T08:49:45+00:00","og_image":[{"width":615,"height":433,"url":"https:\/\/acjbb-sud.org\/wp-content\/uploads\/2018\/10\/ACJBB-Sud-Chabbat-halots-bougies-vin-600-logos-v2.jpg","type":"image\/jpeg"}],"author":"AcjbbSud","twitter_card":"summary_large_image","twitter_misc":{"\u00c9crit par":"AcjbbSud","Dur\u00e9e de lecture estim\u00e9e":"18 minutes"},"schema":{"@context":"https:\/\/schema.org","@graph":[{"@type":"WebPage","@id":"https:\/\/acjbb-sud.org\/index.php\/2018\/11\/01\/chabbat-haye-sarah-5779\/","url":"https:\/\/acjbb-sud.org\/index.php\/2018\/11\/01\/chabbat-haye-sarah-5779\/","name":"Chabbat 'Hay\u00e9 Sarah - Synagogue ACJBB Boulogne Sud","isPartOf":{"@id":"https:\/\/acjbb-sud.org\/#website"},"primaryImageOfPage":{"@id":"https:\/\/acjbb-sud.org\/index.php\/2018\/11\/01\/chabbat-haye-sarah-5779\/#primaryimage"},"image":{"@id":"https:\/\/acjbb-sud.org\/index.php\/2018\/11\/01\/chabbat-haye-sarah-5779\/#primaryimage"},"thumbnailUrl":"https:\/\/acjbb-sud.org\/wp-content\/uploads\/2018\/10\/ACJBB-Sud-Chabbat-halots-bougies-vin-600-logos-v2.jpg","datePublished":"2018-11-01T10:57:42+00:00","dateModified":"2018-11-05T08:49:45+00:00","author":{"@id":"https:\/\/acjbb-sud.org\/#\/schema\/person\/adc8f09fb72c9d0dc78509106dc5e9f0"},"breadcrumb":{"@id":"https:\/\/acjbb-sud.org\/index.php\/2018\/11\/01\/chabbat-haye-sarah-5779\/#breadcrumb"},"inLanguage":"fr-FR","potentialAction":[{"@type":"ReadAction","target":["https:\/\/acjbb-sud.org\/index.php\/2018\/11\/01\/chabbat-haye-sarah-5779\/"]}]},{"@type":"ImageObject","inLanguage":"fr-FR","@id":"https:\/\/acjbb-sud.org\/index.php\/2018\/11\/01\/chabbat-haye-sarah-5779\/#primaryimage","url":"https:\/\/acjbb-sud.org\/wp-content\/uploads\/2018\/10\/ACJBB-Sud-Chabbat-halots-bougies-vin-600-logos-v2.jpg","contentUrl":"https:\/\/acjbb-sud.org\/wp-content\/uploads\/2018\/10\/ACJBB-Sud-Chabbat-halots-bougies-vin-600-logos-v2.jpg","width":615,"height":433},{"@type":"BreadcrumbList","@id":"https:\/\/acjbb-sud.org\/index.php\/2018\/11\/01\/chabbat-haye-sarah-5779\/#breadcrumb","itemListElement":[{"@type":"ListItem","position":1,"name":"Accueil","item":"https:\/\/acjbb-sud.org\/"},{"@type":"ListItem","position":2,"name":"Chabbat &lsquo;Hay\u00e9 Sarah"}]},{"@type":"WebSite","@id":"https:\/\/acjbb-sud.org\/#website","url":"https:\/\/acjbb-sud.org\/","name":"Synagogue ACJBB Boulogne Sud","description":"Synagogue \/ Association Communautaire Juive de Boulogne Billancourt (Sud)","potentialAction":[{"@type":"SearchAction","target":{"@type":"EntryPoint","urlTemplate":"https:\/\/acjbb-sud.org\/?s={search_term_string}"},"query-input":{"@type":"PropertyValueSpecification","valueRequired":true,"valueName":"search_term_string"}}],"inLanguage":"fr-FR"},{"@type":"Person","@id":"https:\/\/acjbb-sud.org\/#\/schema\/person\/adc8f09fb72c9d0dc78509106dc5e9f0","name":"AcjbbSud","image":{"@type":"ImageObject","inLanguage":"fr-FR","@id":"https:\/\/acjbb-sud.org\/#\/schema\/person\/image\/","url":"https:\/\/secure.gravatar.com\/avatar\/ea30fe7a8231c8c0bf30066f86006714af7be34ba414543eaab3e453b92901aa?s=96&d=mm&r=g","contentUrl":"https:\/\/secure.gravatar.com\/avatar\/ea30fe7a8231c8c0bf30066f86006714af7be34ba414543eaab3e453b92901aa?s=96&d=mm&r=g","caption":"AcjbbSud"},"url":"https:\/\/acjbb-sud.org\/index.php\/author\/acjbbsud\/"}]}},"jetpack_publicize_connections":[],"jetpack_featured_media_url":"https:\/\/acjbb-sud.org\/wp-content\/uploads\/2018\/10\/ACJBB-Sud-Chabbat-halots-bougies-vin-600-logos-v2.jpg","jetpack_sharing_enabled":true,"jetpack_shortlink":"https:\/\/wp.me\/p7sjOI-zc","jetpack_likes_enabled":true,"_links":{"self":[{"href":"https:\/\/acjbb-sud.org\/index.php\/wp-json\/wp\/v2\/posts\/2182","targetHints":{"allow":["GET"]}}],"collection":[{"href":"https:\/\/acjbb-sud.org\/index.php\/wp-json\/wp\/v2\/posts"}],"about":[{"href":"https:\/\/acjbb-sud.org\/index.php\/wp-json\/wp\/v2\/types\/post"}],"author":[{"embeddable":true,"href":"https:\/\/acjbb-sud.org\/index.php\/wp-json\/wp\/v2\/users\/1"}],"replies":[{"embeddable":true,"href":"https:\/\/acjbb-sud.org\/index.php\/wp-json\/wp\/v2\/comments?post=2182"}],"version-history":[{"count":9,"href":"https:\/\/acjbb-sud.org\/index.php\/wp-json\/wp\/v2\/posts\/2182\/revisions"}],"predecessor-version":[{"id":2208,"href":"https:\/\/acjbb-sud.org\/index.php\/wp-json\/wp\/v2\/posts\/2182\/revisions\/2208"}],"wp:featuredmedia":[{"embeddable":true,"href":"https:\/\/acjbb-sud.org\/index.php\/wp-json\/wp\/v2\/media\/2195"}],"wp:attachment":[{"href":"https:\/\/acjbb-sud.org\/index.php\/wp-json\/wp\/v2\/media?parent=2182"}],"wp:term":[{"taxonomy":"category","embeddable":true,"href":"https:\/\/acjbb-sud.org\/index.php\/wp-json\/wp\/v2\/categories?post=2182"},{"taxonomy":"post_tag","embeddable":true,"href":"https:\/\/acjbb-sud.org\/index.php\/wp-json\/wp\/v2\/tags?post=2182"}],"curies":[{"name":"wp","href":"https:\/\/api.w.org\/{rel}","templated":true}]}}