{"id":2201,"date":"2018-11-05T09:51:50","date_gmt":"2018-11-05T08:51:50","guid":{"rendered":"https:\/\/acjbb-sud.org\/?p=2201"},"modified":"2018-11-21T11:52:28","modified_gmt":"2018-11-21T10:52:28","slug":"voyage-communautaire-memoire-auschwitz-birkenau","status":"publish","type":"post","link":"https:\/\/acjbb-sud.org\/index.php\/2018\/11\/05\/voyage-communautaire-memoire-auschwitz-birkenau\/","title":{"rendered":"Voyage communautaire de m\u00e9moire \u00e0 Auschwitz-Birkenau"},"content":{"rendered":"<p><img decoding=\"async\" class=\"alignnone wp-image-2202 size-full\" src=\"https:\/\/acjbb-sud.org\/wp-content\/uploads\/2018\/10\/Camp-Auschwitz-Birkenau.jpg\" alt=\"\" width=\"600\" srcset=\"https:\/\/acjbb-sud.org\/wp-content\/uploads\/2018\/10\/Camp-Auschwitz-Birkenau.jpg 900w, https:\/\/acjbb-sud.org\/wp-content\/uploads\/2018\/10\/Camp-Auschwitz-Birkenau-300x168.jpg 300w, https:\/\/acjbb-sud.org\/wp-content\/uploads\/2018\/10\/Camp-Auschwitz-Birkenau-768x429.jpg 768w\" sizes=\"(max-width: 900px) 100vw, 900px\" \/><\/p>\n<p>Vous avez \u00e9t\u00e9 tr\u00e8s nombreux \u00e0 vous pr\u00e9-inscrire pour le voyage communautaire de m\u00e9moire au Camp d&rsquo;extermination Auschwitz-Birkenau le <strong>dimanche 13 janvier 2019<\/strong>.<br \/>\nCe voyage se fera avec le <strong>Rabbin Didier Kassabi<\/strong>, en partenariat avec le <strong>M\u00e9morial de la Shoah<\/strong>.<\/p>\n<p>Nous pouvons donc vous confirmer que ce voyage aura lieu. Nous ne disposons cependant que de 45 places. Nous lancerons cette semaine la r\u00e9servation aupr\u00e8s de ceux qui ont pr\u00e9-r\u00e9serv\u00e9.<\/p>\n<p><strong><u>Transport (horaires indicatifs)<\/u><\/strong><br \/>\nRendez-vous vers 5h du matin \u00e0 Roissy\u2013CDG. D\u00e9collage \u00e0 7h par avion sp\u00e9cial. Arriv\u00e9e \u00e0 Cracovie vers 9h. Transfert aller\/retour Cracovie\u2013Auschwitz en autobus. Retour le soir vers 23h30 \u00e0 Roissy\u2013CDG.<\/p>\n<p><strong><u>Programme<\/u><\/strong><br \/>\nMatin : Visite d\u2019Auschwitz I et de son mus\u00e9e<br \/>\nApr\u00e8s-midi : Visite d\u2019Auschwitz II-Birkenau. Judenramp. Recueillement au monument comm\u00e9moratif<\/p>\n<p><strong><u>Participation aux frais<\/u><\/strong><br \/>\n400\u20ac par personne<br \/>\nCe tarif comprend : les transports, le petit d\u00e9jeuner et un diner v\u00e9g\u00e9tarien servis dans l\u2019avion (repas cacher en suppl\u00e9ment, sur demande), les taxes, les visites et l\u2019assurance-rapatriement.<\/p>\n","protected":false},"excerpt":{"rendered":"<p>Vous avez \u00e9t\u00e9 tr\u00e8s nombreux \u00e0 vous pr\u00e9-inscrire pour le voyage communautaire de m\u00e9moire au Camp d&rsquo;extermination Auschwitz-Birkenau le dimanche 13 janvier 2019. Ce voyage se fera avec le Rabbin Didier Kassabi, en partenariat avec le M\u00e9morial de la Shoah. Nous pouvons donc vous confirmer que ce voyage aura lieu. Nous ne disposons cependant que &hellip; <\/p>\n<p><a class=\"more-link btn\" href=\"https:\/\/acjbb-sud.org\/index.php\/2018\/11\/05\/voyage-communautaire-memoire-auschwitz-birkenau\/\">Lire la suite<\/a><\/p>\n","protected":false},"author":1,"featured_media":2202,"comment_status":"open","ping_status":"open","sticky":false,"template":"","format":"standard","meta":{"jetpack_post_was_ever_published":false,"_jetpack_newsletter_access":"","_jetpack_dont_email_post_to_subs":false,"_jetpack_newsletter_tier_id":0,"_jetpack_memberships_contains_paywalled_content":false,"_jetpack_memberships_contains_paid_content":false,"footnotes":"","jetpack_publicize_message":"","jetpack_publicize_feature_enabled":true,"jetpack_social_post_already_shared":true,"jetpack_social_options":{"image_generator_settings":{"template":"highway","default_image_id":0,"font":"","enabled":false},"version":2}},"categories":[155,186],"tags":[268,267],"class_list":["post-2201","post","type-post","status-publish","format-standard","has-post-thumbnail","hentry","category-activites","category-actualite","tag-memoire","tag-voyage","item-wrap"],"yoast_head":"<!-- This site is optimized with the Yoast SEO plugin v26.6 - https:\/\/yoast.com\/wordpress\/plugins\/seo\/ -->\n<title>Voyage communautaire de m\u00e9moire \u00e0 Auschwitz-Birkenau - Synagogue ACJBB Boulogne Sud<\/title>\n<meta name=\"robots\" content=\"index, follow, max-snippet:-1, max-image-preview:large, max-video-preview:-1\" \/>\n<link rel=\"canonical\" href=\"https:\/\/acjbb-sud.org\/index.php\/2018\/11\/05\/voyage-communautaire-memoire-auschwitz-birkenau\/\" \/>\n<meta property=\"og:locale\" content=\"fr_FR\" \/>\n<meta property=\"og:type\" content=\"article\" \/>\n<meta property=\"og:title\" content=\"Voyage communautaire de m\u00e9moire \u00e0 Auschwitz-Birkenau - Synagogue ACJBB Boulogne Sud\" \/>\n<meta property=\"og:description\" content=\"Vous avez \u00e9t\u00e9 tr\u00e8s nombreux \u00e0 vous pr\u00e9-inscrire pour le voyage communautaire de m\u00e9moire au Camp d&rsquo;extermination Auschwitz-Birkenau le dimanche 13 janvier 2019. Ce voyage se fera avec le Rabbin Didier Kassabi, en partenariat avec le M\u00e9morial de la Shoah. Nous pouvons donc vous confirmer que ce voyage aura lieu. Nous ne disposons cependant que &hellip; Lire la suite\" \/>\n<meta property=\"og:url\" content=\"https:\/\/acjbb-sud.org\/index.php\/2018\/11\/05\/voyage-communautaire-memoire-auschwitz-birkenau\/\" \/>\n<meta property=\"og:site_name\" content=\"Synagogue ACJBB Boulogne Sud\" \/>\n<meta property=\"article:published_time\" content=\"2018-11-05T08:51:50+00:00\" \/>\n<meta property=\"article:modified_time\" content=\"2018-11-21T10:52:28+00:00\" \/>\n<meta property=\"og:image\" content=\"https:\/\/acjbb-sud.org\/wp-content\/uploads\/2018\/10\/Camp-Auschwitz-Birkenau.jpg\" \/>\n\t<meta property=\"og:image:width\" content=\"900\" \/>\n\t<meta property=\"og:image:height\" content=\"503\" \/>\n\t<meta property=\"og:image:type\" content=\"image\/jpeg\" \/>\n<meta name=\"author\" content=\"AcjbbSud\" \/>\n<meta name=\"twitter:card\" content=\"summary_large_image\" \/>\n<meta name=\"twitter:label1\" content=\"\u00c9crit par\" \/>\n\t<meta name=\"twitter:data1\" content=\"AcjbbSud\" \/>\n\t<meta name=\"twitter:label2\" content=\"Dur\u00e9e de lecture estim\u00e9e\" \/>\n\t<meta name=\"twitter:data2\" content=\"1 minute\" \/>\n<script type=\"application\/ld+json\" class=\"yoast-schema-graph\">{\"@context\":\"https:\/\/schema.org\",\"@graph\":[{\"@type\":\"WebPage\",\"@id\":\"https:\/\/acjbb-sud.org\/index.php\/2018\/11\/05\/voyage-communautaire-memoire-auschwitz-birkenau\/\",\"url\":\"https:\/\/acjbb-sud.org\/index.php\/2018\/11\/05\/voyage-communautaire-memoire-auschwitz-birkenau\/\",\"name\":\"Voyage communautaire de m\u00e9moire \u00e0 Auschwitz-Birkenau - Synagogue ACJBB Boulogne Sud\",\"isPartOf\":{\"@id\":\"https:\/\/acjbb-sud.org\/#website\"},\"primaryImageOfPage\":{\"@id\":\"https:\/\/acjbb-sud.org\/index.php\/2018\/11\/05\/voyage-communautaire-memoire-auschwitz-birkenau\/#primaryimage\"},\"image\":{\"@id\":\"https:\/\/acjbb-sud.org\/index.php\/2018\/11\/05\/voyage-communautaire-memoire-auschwitz-birkenau\/#primaryimage\"},\"thumbnailUrl\":\"https:\/\/acjbb-sud.org\/wp-content\/uploads\/2018\/10\/Camp-Auschwitz-Birkenau.jpg\",\"datePublished\":\"2018-11-05T08:51:50+00:00\",\"dateModified\":\"2018-11-21T10:52:28+00:00\",\"author\":{\"@id\":\"https:\/\/acjbb-sud.org\/#\/schema\/person\/adc8f09fb72c9d0dc78509106dc5e9f0\"},\"breadcrumb\":{\"@id\":\"https:\/\/acjbb-sud.org\/index.php\/2018\/11\/05\/voyage-communautaire-memoire-auschwitz-birkenau\/#breadcrumb\"},\"inLanguage\":\"fr-FR\",\"potentialAction\":[{\"@type\":\"ReadAction\",\"target\":[\"https:\/\/acjbb-sud.org\/index.php\/2018\/11\/05\/voyage-communautaire-memoire-auschwitz-birkenau\/\"]}]},{\"@type\":\"ImageObject\",\"inLanguage\":\"fr-FR\",\"@id\":\"https:\/\/acjbb-sud.org\/index.php\/2018\/11\/05\/voyage-communautaire-memoire-auschwitz-birkenau\/#primaryimage\",\"url\":\"https:\/\/acjbb-sud.org\/wp-content\/uploads\/2018\/10\/Camp-Auschwitz-Birkenau.jpg\",\"contentUrl\":\"https:\/\/acjbb-sud.org\/wp-content\/uploads\/2018\/10\/Camp-Auschwitz-Birkenau.jpg\",\"width\":900,\"height\":503},{\"@type\":\"BreadcrumbList\",\"@id\":\"https:\/\/acjbb-sud.org\/index.php\/2018\/11\/05\/voyage-communautaire-memoire-auschwitz-birkenau\/#breadcrumb\",\"itemListElement\":[{\"@type\":\"ListItem\",\"position\":1,\"name\":\"Accueil\",\"item\":\"https:\/\/acjbb-sud.org\/\"},{\"@type\":\"ListItem\",\"position\":2,\"name\":\"Voyage communautaire de m\u00e9moire \u00e0 Auschwitz-Birkenau\"}]},{\"@type\":\"WebSite\",\"@id\":\"https:\/\/acjbb-sud.org\/#website\",\"url\":\"https:\/\/acjbb-sud.org\/\",\"name\":\"Synagogue ACJBB Boulogne Sud\",\"description\":\"Synagogue \/ Association Communautaire Juive de Boulogne Billancourt (Sud)\",\"potentialAction\":[{\"@type\":\"SearchAction\",\"target\":{\"@type\":\"EntryPoint\",\"urlTemplate\":\"https:\/\/acjbb-sud.org\/?s={search_term_string}\"},\"query-input\":{\"@type\":\"PropertyValueSpecification\",\"valueRequired\":true,\"valueName\":\"search_term_string\"}}],\"inLanguage\":\"fr-FR\"},{\"@type\":\"Person\",\"@id\":\"https:\/\/acjbb-sud.org\/#\/schema\/person\/adc8f09fb72c9d0dc78509106dc5e9f0\",\"name\":\"AcjbbSud\",\"image\":{\"@type\":\"ImageObject\",\"inLanguage\":\"fr-FR\",\"@id\":\"https:\/\/acjbb-sud.org\/#\/schema\/person\/image\/\",\"url\":\"https:\/\/secure.gravatar.com\/avatar\/ea30fe7a8231c8c0bf30066f86006714af7be34ba414543eaab3e453b92901aa?s=96&d=mm&r=g\",\"contentUrl\":\"https:\/\/secure.gravatar.com\/avatar\/ea30fe7a8231c8c0bf30066f86006714af7be34ba414543eaab3e453b92901aa?s=96&d=mm&r=g\",\"caption\":\"AcjbbSud\"},\"url\":\"https:\/\/acjbb-sud.org\/index.php\/author\/acjbbsud\/\"}]}<\/script>\n<!-- \/ Yoast SEO plugin. -->","yoast_head_json":{"title":"Voyage communautaire de m\u00e9moire \u00e0 Auschwitz-Birkenau - Synagogue ACJBB Boulogne Sud","robots":{"index":"index","follow":"follow","max-snippet":"max-snippet:-1","max-image-preview":"max-image-preview:large","max-video-preview":"max-video-preview:-1"},"canonical":"https:\/\/acjbb-sud.org\/index.php\/2018\/11\/05\/voyage-communautaire-memoire-auschwitz-birkenau\/","og_locale":"fr_FR","og_type":"article","og_title":"Voyage communautaire de m\u00e9moire \u00e0 Auschwitz-Birkenau - Synagogue ACJBB Boulogne Sud","og_description":"Vous avez \u00e9t\u00e9 tr\u00e8s nombreux \u00e0 vous pr\u00e9-inscrire pour le voyage communautaire de m\u00e9moire au Camp d&rsquo;extermination Auschwitz-Birkenau le dimanche 13 janvier 2019. Ce voyage se fera avec le Rabbin Didier Kassabi, en partenariat avec le M\u00e9morial de la Shoah. Nous pouvons donc vous confirmer que ce voyage aura lieu. Nous ne disposons cependant que &hellip; Lire la suite","og_url":"https:\/\/acjbb-sud.org\/index.php\/2018\/11\/05\/voyage-communautaire-memoire-auschwitz-birkenau\/","og_site_name":"Synagogue ACJBB Boulogne Sud","article_published_time":"2018-11-05T08:51:50+00:00","article_modified_time":"2018-11-21T10:52:28+00:00","og_image":[{"width":900,"height":503,"url":"https:\/\/acjbb-sud.org\/wp-content\/uploads\/2018\/10\/Camp-Auschwitz-Birkenau.jpg","type":"image\/jpeg"}],"author":"AcjbbSud","twitter_card":"summary_large_image","twitter_misc":{"\u00c9crit par":"AcjbbSud","Dur\u00e9e de lecture estim\u00e9e":"1 minute"},"schema":{"@context":"https:\/\/schema.org","@graph":[{"@type":"WebPage","@id":"https:\/\/acjbb-sud.org\/index.php\/2018\/11\/05\/voyage-communautaire-memoire-auschwitz-birkenau\/","url":"https:\/\/acjbb-sud.org\/index.php\/2018\/11\/05\/voyage-communautaire-memoire-auschwitz-birkenau\/","name":"Voyage communautaire de m\u00e9moire \u00e0 Auschwitz-Birkenau - Synagogue ACJBB Boulogne Sud","isPartOf":{"@id":"https:\/\/acjbb-sud.org\/#website"},"primaryImageOfPage":{"@id":"https:\/\/acjbb-sud.org\/index.php\/2018\/11\/05\/voyage-communautaire-memoire-auschwitz-birkenau\/#primaryimage"},"image":{"@id":"https:\/\/acjbb-sud.org\/index.php\/2018\/11\/05\/voyage-communautaire-memoire-auschwitz-birkenau\/#primaryimage"},"thumbnailUrl":"https:\/\/acjbb-sud.org\/wp-content\/uploads\/2018\/10\/Camp-Auschwitz-Birkenau.jpg","datePublished":"2018-11-05T08:51:50+00:00","dateModified":"2018-11-21T10:52:28+00:00","author":{"@id":"https:\/\/acjbb-sud.org\/#\/schema\/person\/adc8f09fb72c9d0dc78509106dc5e9f0"},"breadcrumb":{"@id":"https:\/\/acjbb-sud.org\/index.php\/2018\/11\/05\/voyage-communautaire-memoire-auschwitz-birkenau\/#breadcrumb"},"inLanguage":"fr-FR","potentialAction":[{"@type":"ReadAction","target":["https:\/\/acjbb-sud.org\/index.php\/2018\/11\/05\/voyage-communautaire-memoire-auschwitz-birkenau\/"]}]},{"@type":"ImageObject","inLanguage":"fr-FR","@id":"https:\/\/acjbb-sud.org\/index.php\/2018\/11\/05\/voyage-communautaire-memoire-auschwitz-birkenau\/#primaryimage","url":"https:\/\/acjbb-sud.org\/wp-content\/uploads\/2018\/10\/Camp-Auschwitz-Birkenau.jpg","contentUrl":"https:\/\/acjbb-sud.org\/wp-content\/uploads\/2018\/10\/Camp-Auschwitz-Birkenau.jpg","width":900,"height":503},{"@type":"BreadcrumbList","@id":"https:\/\/acjbb-sud.org\/index.php\/2018\/11\/05\/voyage-communautaire-memoire-auschwitz-birkenau\/#breadcrumb","itemListElement":[{"@type":"ListItem","position":1,"name":"Accueil","item":"https:\/\/acjbb-sud.org\/"},{"@type":"ListItem","position":2,"name":"Voyage communautaire de m\u00e9moire \u00e0 Auschwitz-Birkenau"}]},{"@type":"WebSite","@id":"https:\/\/acjbb-sud.org\/#website","url":"https:\/\/acjbb-sud.org\/","name":"Synagogue ACJBB Boulogne Sud","description":"Synagogue \/ Association Communautaire Juive de Boulogne Billancourt (Sud)","potentialAction":[{"@type":"SearchAction","target":{"@type":"EntryPoint","urlTemplate":"https:\/\/acjbb-sud.org\/?s={search_term_string}"},"query-input":{"@type":"PropertyValueSpecification","valueRequired":true,"valueName":"search_term_string"}}],"inLanguage":"fr-FR"},{"@type":"Person","@id":"https:\/\/acjbb-sud.org\/#\/schema\/person\/adc8f09fb72c9d0dc78509106dc5e9f0","name":"AcjbbSud","image":{"@type":"ImageObject","inLanguage":"fr-FR","@id":"https:\/\/acjbb-sud.org\/#\/schema\/person\/image\/","url":"https:\/\/secure.gravatar.com\/avatar\/ea30fe7a8231c8c0bf30066f86006714af7be34ba414543eaab3e453b92901aa?s=96&d=mm&r=g","contentUrl":"https:\/\/secure.gravatar.com\/avatar\/ea30fe7a8231c8c0bf30066f86006714af7be34ba414543eaab3e453b92901aa?s=96&d=mm&r=g","caption":"AcjbbSud"},"url":"https:\/\/acjbb-sud.org\/index.php\/author\/acjbbsud\/"}]}},"jetpack_publicize_connections":[],"jetpack_featured_media_url":"https:\/\/acjbb-sud.org\/wp-content\/uploads\/2018\/10\/Camp-Auschwitz-Birkenau.jpg","jetpack_sharing_enabled":true,"jetpack_shortlink":"https:\/\/wp.me\/p7sjOI-zv","jetpack_likes_enabled":true,"_links":{"self":[{"href":"https:\/\/acjbb-sud.org\/index.php\/wp-json\/wp\/v2\/posts\/2201","targetHints":{"allow":["GET"]}}],"collection":[{"href":"https:\/\/acjbb-sud.org\/index.php\/wp-json\/wp\/v2\/posts"}],"about":[{"href":"https:\/\/acjbb-sud.org\/index.php\/wp-json\/wp\/v2\/types\/post"}],"author":[{"embeddable":true,"href":"https:\/\/acjbb-sud.org\/index.php\/wp-json\/wp\/v2\/users\/1"}],"replies":[{"embeddable":true,"href":"https:\/\/acjbb-sud.org\/index.php\/wp-json\/wp\/v2\/comments?post=2201"}],"version-history":[{"count":2,"href":"https:\/\/acjbb-sud.org\/index.php\/wp-json\/wp\/v2\/posts\/2201\/revisions"}],"predecessor-version":[{"id":2260,"href":"https:\/\/acjbb-sud.org\/index.php\/wp-json\/wp\/v2\/posts\/2201\/revisions\/2260"}],"wp:featuredmedia":[{"embeddable":true,"href":"https:\/\/acjbb-sud.org\/index.php\/wp-json\/wp\/v2\/media\/2202"}],"wp:attachment":[{"href":"https:\/\/acjbb-sud.org\/index.php\/wp-json\/wp\/v2\/media?parent=2201"}],"wp:term":[{"taxonomy":"category","embeddable":true,"href":"https:\/\/acjbb-sud.org\/index.php\/wp-json\/wp\/v2\/categories?post=2201"},{"taxonomy":"post_tag","embeddable":true,"href":"https:\/\/acjbb-sud.org\/index.php\/wp-json\/wp\/v2\/tags?post=2201"}],"curies":[{"name":"wp","href":"https:\/\/api.w.org\/{rel}","templated":true}]}}