{"id":2312,"date":"2018-12-10T17:38:58","date_gmt":"2018-12-10T16:38:58","guid":{"rendered":"https:\/\/acjbb-sud.org\/?p=2312"},"modified":"2018-12-13T16:22:45","modified_gmt":"2018-12-13T15:22:45","slug":"melave-malka-emounah-sarah-mimeran-samedi-15-decembre-2018","status":"publish","type":"post","link":"https:\/\/acjbb-sud.org\/index.php\/2018\/12\/10\/melave-malka-emounah-sarah-mimeran-samedi-15-decembre-2018\/","title":{"rendered":"M\u00e9lav\u00e9 Malka : Emounah re\u00e7oit Sarah MIMERAN samedi 15 d\u00e9cembre 2018"},"content":{"rendered":"<h1 style=\"text-align: center;\">\ud83c\udf89<strong>M\u00e9lav\u00e9 Malka- Conf\u00e9rence<\/strong>\ud83c\udf89<\/h1>\n<p><strong>Envie de vivre une fin de Chabbat autrement qu&rsquo;en faisant la vaisselle, venez apr\u00e8s Chabbat pour passer un moment convivial !!!<\/strong><\/p>\n<p><img decoding=\"async\" class=\"wp-image-2330 size-large aligncenter\" src=\"https:\/\/acjbb-sud.org\/wp-content\/uploads\/2018\/12\/Melave-Malka-Parole-damour-724x1024.png\" alt=\"\" width=\"600\" srcset=\"https:\/\/acjbb-sud.org\/wp-content\/uploads\/2018\/12\/Melave-Malka-Parole-damour-724x1024.png 724w, https:\/\/acjbb-sud.org\/wp-content\/uploads\/2018\/12\/Melave-Malka-Parole-damour-212x300.png 212w, https:\/\/acjbb-sud.org\/wp-content\/uploads\/2018\/12\/Melave-Malka-Parole-damour-768x1086.png 768w, https:\/\/acjbb-sud.org\/wp-content\/uploads\/2018\/12\/Melave-Malka-Parole-damour.png 1587w\" sizes=\"(max-width: 724px) 100vw, 724px\" \/><br \/>\nEmounah Boulogne est ravi d\u2019accueillir <strong>Sarah MIMERAN<\/strong>, conf\u00e9renci\u00e8re sp\u00e9cialiste du couple et de l\u2019\u00e9ducation sur le th\u00e8me : \u00ab\u00a0<em><strong>De la retenue \u00e0 la parole d&rsquo;amour<\/strong><\/em>\u00a0\u00bb \u2764\u2764\u2764\u2764<\/p>\n<p>Ce Samedi 15 d\u00e9cembre<br \/>\n\u00c0 20h15 \u00e0 l\u2019espace Alfred Zemour<br \/>\nSynagogue de Boulogne Billancourt<\/p>\n<p>Nous aborderons b\u00a0\u00bbH la beaut\u00e9, mais aussi les enjeux de la retenue, peut-\u00eatre comme \u00e9tape interm\u00e9diaire et pr\u00e9liminaire de la parole d&rsquo;amour, elle-m\u00eame multiple au sein du couple, et lib\u00e9ratrice.<\/p>\n<p>Nous comptons sur votre pr\u00e9sence !!<br \/>\nBuffet Sushi<\/p>\n<p>PAF : 10 \u20ac \/ public f\u00e9minin<\/p>\n<p><a href=\"https:\/\/www.helloasso.com\/associations\/emounah\/evenements\/melave-malka\" target=\"_blank\" rel=\"noopener\">Inscrivez vous<\/a> !<\/p>\n<p><em>L\u00c9ILOUY NICHMAT YVETTE HAYA BAT IDA KASSABI<\/em><\/p>\n","protected":false},"excerpt":{"rendered":"<p>\ud83c\udf89M\u00e9lav\u00e9 Malka- Conf\u00e9rence\ud83c\udf89 Envie de vivre une fin de Chabbat autrement qu&rsquo;en faisant la vaisselle, venez apr\u00e8s Chabbat pour passer un moment convivial !!! Emounah Boulogne est ravi d\u2019accueillir Sarah MIMERAN, conf\u00e9renci\u00e8re sp\u00e9cialiste du couple et de l\u2019\u00e9ducation sur le th\u00e8me : \u00ab\u00a0De la retenue \u00e0 la parole d&rsquo;amour\u00a0\u00bb \u2764\u2764\u2764\u2764 Ce Samedi 15 d\u00e9cembre \u00c0 &hellip; <\/p>\n<p><a class=\"more-link btn\" href=\"https:\/\/acjbb-sud.org\/index.php\/2018\/12\/10\/melave-malka-emounah-sarah-mimeran-samedi-15-decembre-2018\/\">Lire la suite<\/a><\/p>\n","protected":false},"author":1,"featured_media":2330,"comment_status":"open","ping_status":"open","sticky":false,"template":"","format":"standard","meta":{"jetpack_post_was_ever_published":false,"_jetpack_newsletter_access":"","_jetpack_dont_email_post_to_subs":false,"_jetpack_newsletter_tier_id":0,"_jetpack_memberships_contains_paywalled_content":false,"_jetpack_memberships_contains_paid_content":false,"footnotes":"","jetpack_publicize_message":"","jetpack_publicize_feature_enabled":true,"jetpack_social_post_already_shared":true,"jetpack_social_options":{"image_generator_settings":{"template":"highway","default_image_id":0,"font":"","enabled":false},"version":2}},"categories":[8,187],"tags":[58,157],"class_list":["post-2312","post","type-post","status-publish","format-standard","has-post-thumbnail","hentry","category-conference","category-melaveh-malka","tag-conference","tag-emounah","item-wrap"],"yoast_head":"<!-- This site is optimized with the Yoast SEO plugin v26.6 - https:\/\/yoast.com\/wordpress\/plugins\/seo\/ -->\n<title>M\u00e9lav\u00e9 Malka : Emounah re\u00e7oit Sarah MIMERAN samedi 15 d\u00e9cembre 2018 - Synagogue ACJBB Boulogne Sud<\/title>\n<meta name=\"robots\" content=\"index, follow, max-snippet:-1, max-image-preview:large, max-video-preview:-1\" \/>\n<link rel=\"canonical\" href=\"https:\/\/acjbb-sud.org\/index.php\/2018\/12\/10\/melave-malka-emounah-sarah-mimeran-samedi-15-decembre-2018\/\" \/>\n<meta property=\"og:locale\" content=\"fr_FR\" \/>\n<meta property=\"og:type\" content=\"article\" \/>\n<meta property=\"og:title\" content=\"M\u00e9lav\u00e9 Malka : Emounah re\u00e7oit Sarah MIMERAN samedi 15 d\u00e9cembre 2018 - Synagogue ACJBB Boulogne Sud\" \/>\n<meta property=\"og:description\" content=\"\ud83c\udf89M\u00e9lav\u00e9 Malka- Conf\u00e9rence\ud83c\udf89 Envie de vivre une fin de Chabbat autrement qu&rsquo;en faisant la vaisselle, venez apr\u00e8s Chabbat pour passer un moment convivial !!! Emounah Boulogne est ravi d\u2019accueillir Sarah MIMERAN, conf\u00e9renci\u00e8re sp\u00e9cialiste du couple et de l\u2019\u00e9ducation sur le th\u00e8me : \u00ab\u00a0De la retenue \u00e0 la parole d&rsquo;amour\u00a0\u00bb \u2764\u2764\u2764\u2764 Ce Samedi 15 d\u00e9cembre \u00c0 &hellip; Lire la suite\" \/>\n<meta property=\"og:url\" content=\"https:\/\/acjbb-sud.org\/index.php\/2018\/12\/10\/melave-malka-emounah-sarah-mimeran-samedi-15-decembre-2018\/\" \/>\n<meta property=\"og:site_name\" content=\"Synagogue ACJBB Boulogne Sud\" \/>\n<meta property=\"article:published_time\" content=\"2018-12-10T16:38:58+00:00\" \/>\n<meta property=\"article:modified_time\" content=\"2018-12-13T15:22:45+00:00\" \/>\n<meta property=\"og:image\" content=\"https:\/\/acjbb-sud.org\/wp-content\/uploads\/2018\/12\/Melave-Malka-Parole-damour.png\" \/>\n\t<meta property=\"og:image:width\" content=\"1587\" \/>\n\t<meta property=\"og:image:height\" content=\"2245\" \/>\n\t<meta property=\"og:image:type\" content=\"image\/png\" \/>\n<meta name=\"author\" content=\"AcjbbSud\" \/>\n<meta name=\"twitter:card\" content=\"summary_large_image\" \/>\n<meta name=\"twitter:label1\" content=\"\u00c9crit par\" \/>\n\t<meta name=\"twitter:data1\" content=\"AcjbbSud\" \/>\n\t<meta name=\"twitter:label2\" content=\"Dur\u00e9e de lecture estim\u00e9e\" \/>\n\t<meta name=\"twitter:data2\" content=\"1 minute\" \/>\n<script type=\"application\/ld+json\" class=\"yoast-schema-graph\">{\"@context\":\"https:\/\/schema.org\",\"@graph\":[{\"@type\":\"WebPage\",\"@id\":\"https:\/\/acjbb-sud.org\/index.php\/2018\/12\/10\/melave-malka-emounah-sarah-mimeran-samedi-15-decembre-2018\/\",\"url\":\"https:\/\/acjbb-sud.org\/index.php\/2018\/12\/10\/melave-malka-emounah-sarah-mimeran-samedi-15-decembre-2018\/\",\"name\":\"M\u00e9lav\u00e9 Malka : Emounah re\u00e7oit Sarah MIMERAN samedi 15 d\u00e9cembre 2018 - Synagogue ACJBB Boulogne Sud\",\"isPartOf\":{\"@id\":\"https:\/\/acjbb-sud.org\/#website\"},\"primaryImageOfPage\":{\"@id\":\"https:\/\/acjbb-sud.org\/index.php\/2018\/12\/10\/melave-malka-emounah-sarah-mimeran-samedi-15-decembre-2018\/#primaryimage\"},\"image\":{\"@id\":\"https:\/\/acjbb-sud.org\/index.php\/2018\/12\/10\/melave-malka-emounah-sarah-mimeran-samedi-15-decembre-2018\/#primaryimage\"},\"thumbnailUrl\":\"https:\/\/acjbb-sud.org\/wp-content\/uploads\/2018\/12\/Melave-Malka-Parole-damour.png\",\"datePublished\":\"2018-12-10T16:38:58+00:00\",\"dateModified\":\"2018-12-13T15:22:45+00:00\",\"author\":{\"@id\":\"https:\/\/acjbb-sud.org\/#\/schema\/person\/adc8f09fb72c9d0dc78509106dc5e9f0\"},\"breadcrumb\":{\"@id\":\"https:\/\/acjbb-sud.org\/index.php\/2018\/12\/10\/melave-malka-emounah-sarah-mimeran-samedi-15-decembre-2018\/#breadcrumb\"},\"inLanguage\":\"fr-FR\",\"potentialAction\":[{\"@type\":\"ReadAction\",\"target\":[\"https:\/\/acjbb-sud.org\/index.php\/2018\/12\/10\/melave-malka-emounah-sarah-mimeran-samedi-15-decembre-2018\/\"]}]},{\"@type\":\"ImageObject\",\"inLanguage\":\"fr-FR\",\"@id\":\"https:\/\/acjbb-sud.org\/index.php\/2018\/12\/10\/melave-malka-emounah-sarah-mimeran-samedi-15-decembre-2018\/#primaryimage\",\"url\":\"https:\/\/acjbb-sud.org\/wp-content\/uploads\/2018\/12\/Melave-Malka-Parole-damour.png\",\"contentUrl\":\"https:\/\/acjbb-sud.org\/wp-content\/uploads\/2018\/12\/Melave-Malka-Parole-damour.png\",\"width\":1587,\"height\":2245},{\"@type\":\"BreadcrumbList\",\"@id\":\"https:\/\/acjbb-sud.org\/index.php\/2018\/12\/10\/melave-malka-emounah-sarah-mimeran-samedi-15-decembre-2018\/#breadcrumb\",\"itemListElement\":[{\"@type\":\"ListItem\",\"position\":1,\"name\":\"Accueil\",\"item\":\"https:\/\/acjbb-sud.org\/\"},{\"@type\":\"ListItem\",\"position\":2,\"name\":\"M\u00e9lav\u00e9 Malka : Emounah re\u00e7oit Sarah MIMERAN samedi 15 d\u00e9cembre 2018\"}]},{\"@type\":\"WebSite\",\"@id\":\"https:\/\/acjbb-sud.org\/#website\",\"url\":\"https:\/\/acjbb-sud.org\/\",\"name\":\"Synagogue ACJBB Boulogne Sud\",\"description\":\"Synagogue \/ Association Communautaire Juive de Boulogne Billancourt (Sud)\",\"potentialAction\":[{\"@type\":\"SearchAction\",\"target\":{\"@type\":\"EntryPoint\",\"urlTemplate\":\"https:\/\/acjbb-sud.org\/?s={search_term_string}\"},\"query-input\":{\"@type\":\"PropertyValueSpecification\",\"valueRequired\":true,\"valueName\":\"search_term_string\"}}],\"inLanguage\":\"fr-FR\"},{\"@type\":\"Person\",\"@id\":\"https:\/\/acjbb-sud.org\/#\/schema\/person\/adc8f09fb72c9d0dc78509106dc5e9f0\",\"name\":\"AcjbbSud\",\"image\":{\"@type\":\"ImageObject\",\"inLanguage\":\"fr-FR\",\"@id\":\"https:\/\/acjbb-sud.org\/#\/schema\/person\/image\/\",\"url\":\"https:\/\/secure.gravatar.com\/avatar\/ea30fe7a8231c8c0bf30066f86006714af7be34ba414543eaab3e453b92901aa?s=96&d=mm&r=g\",\"contentUrl\":\"https:\/\/secure.gravatar.com\/avatar\/ea30fe7a8231c8c0bf30066f86006714af7be34ba414543eaab3e453b92901aa?s=96&d=mm&r=g\",\"caption\":\"AcjbbSud\"},\"url\":\"https:\/\/acjbb-sud.org\/index.php\/author\/acjbbsud\/\"}]}<\/script>\n<!-- \/ Yoast SEO plugin. -->","yoast_head_json":{"title":"M\u00e9lav\u00e9 Malka : Emounah re\u00e7oit Sarah MIMERAN samedi 15 d\u00e9cembre 2018 - Synagogue ACJBB Boulogne Sud","robots":{"index":"index","follow":"follow","max-snippet":"max-snippet:-1","max-image-preview":"max-image-preview:large","max-video-preview":"max-video-preview:-1"},"canonical":"https:\/\/acjbb-sud.org\/index.php\/2018\/12\/10\/melave-malka-emounah-sarah-mimeran-samedi-15-decembre-2018\/","og_locale":"fr_FR","og_type":"article","og_title":"M\u00e9lav\u00e9 Malka : Emounah re\u00e7oit Sarah MIMERAN samedi 15 d\u00e9cembre 2018 - Synagogue ACJBB Boulogne Sud","og_description":"\ud83c\udf89M\u00e9lav\u00e9 Malka- Conf\u00e9rence\ud83c\udf89 Envie de vivre une fin de Chabbat autrement qu&rsquo;en faisant la vaisselle, venez apr\u00e8s Chabbat pour passer un moment convivial !!! Emounah Boulogne est ravi d\u2019accueillir Sarah MIMERAN, conf\u00e9renci\u00e8re sp\u00e9cialiste du couple et de l\u2019\u00e9ducation sur le th\u00e8me : \u00ab\u00a0De la retenue \u00e0 la parole d&rsquo;amour\u00a0\u00bb \u2764\u2764\u2764\u2764 Ce Samedi 15 d\u00e9cembre \u00c0 &hellip; Lire la suite","og_url":"https:\/\/acjbb-sud.org\/index.php\/2018\/12\/10\/melave-malka-emounah-sarah-mimeran-samedi-15-decembre-2018\/","og_site_name":"Synagogue ACJBB Boulogne Sud","article_published_time":"2018-12-10T16:38:58+00:00","article_modified_time":"2018-12-13T15:22:45+00:00","og_image":[{"width":1587,"height":2245,"url":"https:\/\/acjbb-sud.org\/wp-content\/uploads\/2018\/12\/Melave-Malka-Parole-damour.png","type":"image\/png"}],"author":"AcjbbSud","twitter_card":"summary_large_image","twitter_misc":{"\u00c9crit par":"AcjbbSud","Dur\u00e9e de lecture estim\u00e9e":"1 minute"},"schema":{"@context":"https:\/\/schema.org","@graph":[{"@type":"WebPage","@id":"https:\/\/acjbb-sud.org\/index.php\/2018\/12\/10\/melave-malka-emounah-sarah-mimeran-samedi-15-decembre-2018\/","url":"https:\/\/acjbb-sud.org\/index.php\/2018\/12\/10\/melave-malka-emounah-sarah-mimeran-samedi-15-decembre-2018\/","name":"M\u00e9lav\u00e9 Malka : Emounah re\u00e7oit Sarah MIMERAN samedi 15 d\u00e9cembre 2018 - Synagogue ACJBB Boulogne Sud","isPartOf":{"@id":"https:\/\/acjbb-sud.org\/#website"},"primaryImageOfPage":{"@id":"https:\/\/acjbb-sud.org\/index.php\/2018\/12\/10\/melave-malka-emounah-sarah-mimeran-samedi-15-decembre-2018\/#primaryimage"},"image":{"@id":"https:\/\/acjbb-sud.org\/index.php\/2018\/12\/10\/melave-malka-emounah-sarah-mimeran-samedi-15-decembre-2018\/#primaryimage"},"thumbnailUrl":"https:\/\/acjbb-sud.org\/wp-content\/uploads\/2018\/12\/Melave-Malka-Parole-damour.png","datePublished":"2018-12-10T16:38:58+00:00","dateModified":"2018-12-13T15:22:45+00:00","author":{"@id":"https:\/\/acjbb-sud.org\/#\/schema\/person\/adc8f09fb72c9d0dc78509106dc5e9f0"},"breadcrumb":{"@id":"https:\/\/acjbb-sud.org\/index.php\/2018\/12\/10\/melave-malka-emounah-sarah-mimeran-samedi-15-decembre-2018\/#breadcrumb"},"inLanguage":"fr-FR","potentialAction":[{"@type":"ReadAction","target":["https:\/\/acjbb-sud.org\/index.php\/2018\/12\/10\/melave-malka-emounah-sarah-mimeran-samedi-15-decembre-2018\/"]}]},{"@type":"ImageObject","inLanguage":"fr-FR","@id":"https:\/\/acjbb-sud.org\/index.php\/2018\/12\/10\/melave-malka-emounah-sarah-mimeran-samedi-15-decembre-2018\/#primaryimage","url":"https:\/\/acjbb-sud.org\/wp-content\/uploads\/2018\/12\/Melave-Malka-Parole-damour.png","contentUrl":"https:\/\/acjbb-sud.org\/wp-content\/uploads\/2018\/12\/Melave-Malka-Parole-damour.png","width":1587,"height":2245},{"@type":"BreadcrumbList","@id":"https:\/\/acjbb-sud.org\/index.php\/2018\/12\/10\/melave-malka-emounah-sarah-mimeran-samedi-15-decembre-2018\/#breadcrumb","itemListElement":[{"@type":"ListItem","position":1,"name":"Accueil","item":"https:\/\/acjbb-sud.org\/"},{"@type":"ListItem","position":2,"name":"M\u00e9lav\u00e9 Malka : Emounah re\u00e7oit Sarah MIMERAN samedi 15 d\u00e9cembre 2018"}]},{"@type":"WebSite","@id":"https:\/\/acjbb-sud.org\/#website","url":"https:\/\/acjbb-sud.org\/","name":"Synagogue ACJBB Boulogne Sud","description":"Synagogue \/ Association Communautaire Juive de Boulogne Billancourt (Sud)","potentialAction":[{"@type":"SearchAction","target":{"@type":"EntryPoint","urlTemplate":"https:\/\/acjbb-sud.org\/?s={search_term_string}"},"query-input":{"@type":"PropertyValueSpecification","valueRequired":true,"valueName":"search_term_string"}}],"inLanguage":"fr-FR"},{"@type":"Person","@id":"https:\/\/acjbb-sud.org\/#\/schema\/person\/adc8f09fb72c9d0dc78509106dc5e9f0","name":"AcjbbSud","image":{"@type":"ImageObject","inLanguage":"fr-FR","@id":"https:\/\/acjbb-sud.org\/#\/schema\/person\/image\/","url":"https:\/\/secure.gravatar.com\/avatar\/ea30fe7a8231c8c0bf30066f86006714af7be34ba414543eaab3e453b92901aa?s=96&d=mm&r=g","contentUrl":"https:\/\/secure.gravatar.com\/avatar\/ea30fe7a8231c8c0bf30066f86006714af7be34ba414543eaab3e453b92901aa?s=96&d=mm&r=g","caption":"AcjbbSud"},"url":"https:\/\/acjbb-sud.org\/index.php\/author\/acjbbsud\/"}]}},"jetpack_publicize_connections":[],"jetpack_featured_media_url":"https:\/\/acjbb-sud.org\/wp-content\/uploads\/2018\/12\/Melave-Malka-Parole-damour.png","jetpack_sharing_enabled":true,"jetpack_shortlink":"https:\/\/wp.me\/p7sjOI-Bi","jetpack_likes_enabled":true,"_links":{"self":[{"href":"https:\/\/acjbb-sud.org\/index.php\/wp-json\/wp\/v2\/posts\/2312","targetHints":{"allow":["GET"]}}],"collection":[{"href":"https:\/\/acjbb-sud.org\/index.php\/wp-json\/wp\/v2\/posts"}],"about":[{"href":"https:\/\/acjbb-sud.org\/index.php\/wp-json\/wp\/v2\/types\/post"}],"author":[{"embeddable":true,"href":"https:\/\/acjbb-sud.org\/index.php\/wp-json\/wp\/v2\/users\/1"}],"replies":[{"embeddable":true,"href":"https:\/\/acjbb-sud.org\/index.php\/wp-json\/wp\/v2\/comments?post=2312"}],"version-history":[{"count":8,"href":"https:\/\/acjbb-sud.org\/index.php\/wp-json\/wp\/v2\/posts\/2312\/revisions"}],"predecessor-version":[{"id":2338,"href":"https:\/\/acjbb-sud.org\/index.php\/wp-json\/wp\/v2\/posts\/2312\/revisions\/2338"}],"wp:featuredmedia":[{"embeddable":true,"href":"https:\/\/acjbb-sud.org\/index.php\/wp-json\/wp\/v2\/media\/2330"}],"wp:attachment":[{"href":"https:\/\/acjbb-sud.org\/index.php\/wp-json\/wp\/v2\/media?parent=2312"}],"wp:term":[{"taxonomy":"category","embeddable":true,"href":"https:\/\/acjbb-sud.org\/index.php\/wp-json\/wp\/v2\/categories?post=2312"},{"taxonomy":"post_tag","embeddable":true,"href":"https:\/\/acjbb-sud.org\/index.php\/wp-json\/wp\/v2\/tags?post=2312"}],"curies":[{"name":"wp","href":"https:\/\/api.w.org\/{rel}","templated":true}]}}