{"id":2578,"date":"2019-03-27T22:13:41","date_gmt":"2019-03-27T21:13:41","guid":{"rendered":"https:\/\/acjbb-sud.org\/?p=2578"},"modified":"2019-04-03T09:57:50","modified_gmt":"2019-04-03T07:57:50","slug":"paracha-chemini-chabbat-parah-mevarehim-5779","status":"publish","type":"post","link":"https:\/\/acjbb-sud.org\/index.php\/2019\/03\/27\/paracha-chemini-chabbat-parah-mevarehim-5779\/","title":{"rendered":"Paracha Ch\u00e9mini &#8211; Chabbat Parah et M\u00e9var\u00e9&rsquo;him"},"content":{"rendered":"<h3 style=\"text-align: center; padding-left: 30px;\"><strong>Paracha Ch\u00e9mini \/ <span dir=\"RTL\" lang=\"HE\"> \u05e4\u05e8\u05e9\u05d4 \u05e9\u05de\u05d9\u05e0\u05d9 <\/span><\/strong><\/h3>\n<h3 style=\"text-align: center; padding-left: 30px;\"><strong>Chabbat Parah \/ <span dir=\"RTL\" lang=\"HE\"> \u05e9\u05d1\u05ea \u05e4\u05e8\u05d4 <\/span><\/strong><\/h3>\n<h3 style=\"text-align: center; padding-left: 30px;\"><strong>Chabbat M\u00e9var\u00e9&rsquo;him \/ <span dir=\"RTL\" lang=\"HE\"> \u05e9\u05d1\u05ea \u05de\u05d1\u05e8\u05db\u05d9\u05dd <\/span><\/strong><\/h3>\n<h4 style=\"text-align: center;\"><strong>29\/30 mars 2019 &#8211; 23 Adar 2 5779 \/ <span dir=\"RTL\" lang=\"HE\">\u05db&rsquo;\u05d2 \u05d0\u05d3\u05e8 \u05d1 \u05ea\u05e9\u05e2&rsquo;\u05d8<\/span><\/strong><\/h4>\n<h4 style=\"text-align: center;\"><em><strong>D\u00e9but : 18h58 &#8211; Fin : 20h06<\/strong><\/em><\/h4>\n<p style=\"text-align: justify;\"><img loading=\"lazy\" decoding=\"async\" class=\"wp-image-2195 size-full aligncenter\" src=\"https:\/\/acjbb-sud.org\/wp-content\/uploads\/2018\/10\/ACJBB-Sud-Chabbat-halots-bougies-vin-600-logos-v2.jpg\" alt=\"\" width=\"615\" height=\"433\" srcset=\"https:\/\/acjbb-sud.org\/wp-content\/uploads\/2018\/10\/ACJBB-Sud-Chabbat-halots-bougies-vin-600-logos-v2.jpg 615w, https:\/\/acjbb-sud.org\/wp-content\/uploads\/2018\/10\/ACJBB-Sud-Chabbat-halots-bougies-vin-600-logos-v2-300x211.jpg 300w\" sizes=\"auto, (max-width: 615px) 100vw, 615px\" \/><\/p>\n<h3><strong><span style=\"text-decoration: underline;\">Les Horaires :<\/span><br \/>\n<\/strong><\/h3>\n<p><em><strong>Vendredi soir :<\/strong><\/em><br \/>\n<strong>18h55<\/strong> : Allumage des bougies et entr\u00e9e de Chabbat (heure maximum pour l&rsquo;allumage : 18h58)<br \/>\n<strong>19h00<\/strong> : Min\u2019ha, suivi de Chir haChirim, Kabbalat Chabbat et Arvit<br \/>\nDvar Torah par le <strong>Rabbin Mickael MOUYAL<\/strong><\/p>\n<p><strong><em>Samedi matin :<\/em> <\/strong><br \/>\n<strong>09h00<\/strong> : Cha\u2019harit<br \/>\nDvar Torah par le <strong>Rabbin Mickael MOUYAL<\/strong><br \/>\nL&rsquo;office sera suivi d&rsquo;un kiddouch communautaire.<\/p>\n<p><em><strong>Samedi apr\u00e8s-midi :<\/strong><\/em><br \/>\n<strong>17h00<\/strong> : Cours mixte sur la Paracha et \u00e9tude du livre du <em>Al\u00e9 Chour<\/em> du Rav Wolbe par le <strong>Rabbin Mickael MOUYAL<\/strong><br \/>\n<strong>18h15<\/strong> : T\u00e9hilim &#8211; Lecture collective des T\u00e9hilim &#8211; Alpha\/Beta<br \/>\n<strong>18h30<\/strong> : Min\u2019ha<br \/>\nSuivi de la S\u00e9ouda Ch\u00e9lichit, des chants de Chabbat et du D&rsquo;var Torah par le <strong>Rabbin Mickael MOUYAL<\/strong><br \/>\nLa S\u00e9ouda Ch\u00e9lichit est offerte par <strong>Jean et Corinne BATTINO<\/strong> l\u00e9ilouy nichmat : <strong>Ha\u00ef Victor BOUHNIK ben Yacouta<\/strong> (\u05d6\u05f4\u05dc)<br \/>\net par <strong>St\u00e9phanie et Alain SABBAH<\/strong> l\u00e9ilouy nichmat : <strong>Haroun ben Nikhla et Menahem SABBAH<\/strong> (\u05d6\u05f4\u05dc)<br \/>\n<strong>19h17<\/strong> : Shquiya \/ <span dir=\"RTL\" lang=\"HE\">\u05e9\u05e7\u05e2\u05ea \u05d4\u05d7\u05de\u05d4<\/span><\/p>\n<p><strong><em>Samedi soir :<\/em> <\/strong><br \/>\n<strong>20h06<\/strong> : Fin de Chabbat, Arvit et Havdala<\/p>\n<p><strong><span style=\"color: #ff0000;\">Attention, changement d\u2019heure dans la nuit de samedi \u00e0 dimanche<\/span>.<\/strong><\/p>\n<p><strong><em>Dimanche matin :<\/em> <\/strong><br \/>\n<strong>08h00<\/strong> : Cha\u2019harit<\/p>\n<p><strong>Chabbat Chalom !<\/strong><\/p>\n<p><!--more--><\/p>\n<hr \/>\n<h3><strong><span style=\"text-decoration: underline;\">Roch &lsquo;Hodech Nissan :<\/span><br \/>\n<\/strong><\/h3>\n<p>Roch &lsquo;Hodech Nissan aura lieu Chabbat prochain, le samedi 6 avril 2019 (\u00e0 partir de vendredi 5 avril au soir).<br \/>\nPendant tous le mois de Nissan, nous ne r\u00e9citons pas les Ta&rsquo;hanounims (supplications).<\/p>\n<hr \/>\n<h3><strong><span style=\"text-decoration: underline;\">Offices et cours de la semaine \u00e0 la Synagogue :<\/span><br \/>\n<\/strong><\/h3>\n<p><em>43 rue des abondances<\/em><\/p>\n<p><strong><em>Cha\u2019harit &#8211; 1er office :<\/em><\/strong><br \/>\n<strong>6h55<\/strong> : Lundi et jeudi<br \/>\n<strong>7h00<\/strong> : Mardi, mercredi et vendredi<br \/>\n<strong>8h00<\/strong> : Dimanche et jours f\u00e9ri\u00e9s<\/p>\n<p><strong><em>Cha\u2019harit &#8211; 2\u00e8me Office :<\/em><\/strong><br \/>\n<strong>7h45<\/strong> : dans la Soucah\/Pergola<br \/>\nsuivi d&rsquo;une \u00e9tude par le <strong>Rabbin Didier Kassabi<\/strong> du lundi au jeudi, et par le <strong>Rav Avner Ibgui<\/strong> le vendredi<\/p>\n<p><strong><em>Min\u2019ha suivi de Arvit :<\/em><\/strong><br \/>\n<strong>18h45<\/strong> : du dimanche au jeudi<\/p>\n<hr \/>\n<h3><strong><span style=\"text-decoration: underline;\">Beth Hamidrach :<\/span><br \/>\n<\/strong><\/h3>\n<p style=\"text-align: justify;\">Le <strong>Rabbin Didier Kassabi<\/strong> donne un cours de Gu\u00e9mara pour jeunes adultes chaque lundi soir \u00e0 20h00 \u00e0 la Synagogue de Boulogne Billancourt, 43 rue des abondances.<\/p>\n<p><img decoding=\"async\" class=\"aligncenter wp-image-2318 size-large\" src=\"https:\/\/acjbb-sud.org\/wp-content\/uploads\/2018\/12\/Rav-Didier-Kassabi-ACJBB-Boulogne-Sud-1024x656.jpg\" alt=\"\" width=\"600\" srcset=\"https:\/\/acjbb-sud.org\/wp-content\/uploads\/2018\/12\/Rav-Didier-Kassabi-ACJBB-Boulogne-Sud-1024x656.jpg 1024w, https:\/\/acjbb-sud.org\/wp-content\/uploads\/2018\/12\/Rav-Didier-Kassabi-ACJBB-Boulogne-Sud-300x192.jpg 300w, https:\/\/acjbb-sud.org\/wp-content\/uploads\/2018\/12\/Rav-Didier-Kassabi-ACJBB-Boulogne-Sud-768x492.jpg 768w, https:\/\/acjbb-sud.org\/wp-content\/uploads\/2018\/12\/Rav-Didier-Kassabi-ACJBB-Boulogne-Sud.jpg 1588w\" sizes=\"(max-width: 1024px) 100vw, 1024px\" \/><\/p>\n<p>Retrouvez tous les cours du Rabbin Kassabi <a href=\"https:\/\/acjbb-sud.org\/index.php\/cours-du-rabbin-kassabi\/\" target=\"_blank\" rel=\"noopener noreferrer\">sur cette page<\/a> !!<\/p>\n<hr \/>\n<h3><strong><span style=\"text-decoration: underline;\">Talmud Thorah :<\/span><br \/>\n<\/strong><\/h3>\n<p>Les cours ont lieu chaque dimanche (hors p\u00e9riode de vacances scolaires) dans l&rsquo;enceinte de la Synagogue (43 rue des abondances).<br \/>\n<strong>L&rsquo;avenir de nos enfants passent par une \u00e9ducation juive de qualit\u00e9 que nous devons leur offrir.<\/strong><\/p>\n<p><span style=\"color: #0000ff;\"><strong>Aucun enfant ne doit rester en marge de cette transmission des valeurs de la Torah.<\/strong><\/span><\/p>\n<p>Continuez \u00e0 inscrire vos enfants. Nous vous attendons nombreux pour les inscriptions aupr\u00e8s du <a href=\"mailto:didierkassabi@free.fr?subject=TalmudThorah\" target=\"_blank\" rel=\"noopener noreferrer\">Rabbin Didier Kassabi<\/a>.<\/p>\n<hr \/>\n<h3><strong><span style=\"text-decoration: underline;\">Cours mensuel de Mme Yael Kassabi :<\/span><br \/>\n<\/strong><\/h3>\n<p><span><img decoding=\"async\" src=\"https:\/\/mail.google.com\/mail\/e\/1f389\" alt=\"\ud83c\udf89\" data-goomoji=\"1f389\" \/>Ch\u00e8res amies\u00a0 ,\u00a0<img decoding=\"async\" src=\"https:\/\/mail.google.com\/mail\/e\/1f389\" alt=\"\ud83c\udf89\" data-goomoji=\"1f389\" \/><br \/>\nJe serai heureuse de vous retrouver pour notre cours mensuel :<br \/>\n<img decoding=\"async\" src=\"https:\/\/mail.google.com\/mail\/e\/1f449\" alt=\"\ud83d\udc49\" data-goomoji=\"1f449\" \/> <strong>Mardi\u00a0 02 Avril \u00e0 21h00<\/strong><br \/>\n<img decoding=\"async\" src=\"https:\/\/mail.google.com\/mail\/e\/1f449\" alt=\"\ud83d\udc49\" data-goomoji=\"1f449\" \/>\u00a0Espace Alfred Zemour<br \/>\n<img decoding=\"async\" src=\"https:\/\/mail.google.com\/mail\/e\/1f449\" alt=\"\ud83d\udc49\" data-goomoji=\"1f449\" \/>\u00a0Th\u00e8me :\u00a0\u00a0\u00ab Pr\u00e9parer Pessah \u00bb<br \/>\net nous terminerons \u00e9galement les halakhots de Trier de Chabbat .<br \/>\nEn esp\u00e9rant vous y voir nombreuses,<\/p>\n<p>Ya\u00ebl\u00a0Kassabi\u00a0 <\/span><\/p>\n<hr \/>\n<h3><strong><span style=\"text-decoration: underline;\">Participez \u00e0 l&rsquo;\u00e9criture d&rsquo;un Sefer Torah \u00e0 la m\u00e9moire d&rsquo;Elie Botbol :<\/span><br \/>\n<\/strong><\/h3>\n<p>La Communaut\u00e9 juive de Boulogne-Billancourt, s&rsquo;associe au projet de la famille d&rsquo;Elie (\u05d6\u05f4\u05dc) et vous propose de participer \u00e0 l&rsquo;\u00e9criture du Sefer Tora qui sera \u00e9crit \u00e0 la m\u00e9moire et pour l&rsquo;\u00e9l\u00e9vation de l&rsquo;\u00e2me de notre cher ami <strong>Eliahou ben Aaron ve Ra&rsquo;hel BOTBOL<\/strong> (\u05d6\u05f4\u05dc)<\/p>\n<p><img decoding=\"async\" class=\"wp-image-2450 size-full aligncenter\" src=\"https:\/\/acjbb-sud.org\/wp-content\/uploads\/2019\/02\/ecrire-Sefer-Torah.jpg\" alt=\"\" width=\"500\" srcset=\"https:\/\/acjbb-sud.org\/wp-content\/uploads\/2019\/02\/ecrire-Sefer-Torah.jpg 586w, https:\/\/acjbb-sud.org\/wp-content\/uploads\/2019\/02\/ecrire-Sefer-Torah-300x222.jpg 300w\" sizes=\"(max-width: 586px) 100vw, 586px\" \/><\/p>\n<p>Le Sefer Tora sera inaugur\u00e9 sDv pour \u00e0 l&rsquo;issue de la premi\u00e8re ann\u00e9e de deuil.<br \/>\nChaque lettre est \u00e0 acqu\u00e9rir pour un montant de 52\u20ac, et donne droit \u00e0 un re\u00e7u Cerfa.<br \/>\nVous pouvez acqu\u00e9rir une ou plusieurs lettres, un Passouk ou une Paracha dans ce Sefer Tora.<\/p>\n<p><strong>Tizkou leMitsvoth !<\/strong><\/p>\n<p><a href=\"https:\/\/synaboulogne.us12.list-manage.com\/track\/click?u=f13343cbc4710ddbadcdef23f&amp;id=17d6042aa0&amp;e=744d346afc\" target=\"_blank\" rel=\"noopener noreferrer\">Je participe au Sefer Tora \u00e0 la m\u00e9moire d&rsquo;Elie Botbol (\u05d6\u05f4\u05dc)<\/a><\/p>\n<hr \/>\n<h3><strong><span style=\"text-decoration: underline;\">\u00ab Les AMIS de la REFOUA \u00bb &#8211; Visite aux malades :<\/span><br \/>\n<\/strong><\/h3>\n<p style=\"text-align: justify;\">Des b\u00e9n\u00e9voles de Boulogne proposent aux personnes qui le demandent : l&rsquo;organisation d&rsquo;une chaine de lecture de T\u00e9hilims pour la gu\u00e9rison de nos malades, de prendre de leurs nouvelles et leur rendre visite dans les h\u00f4pitaux.<br \/>\nCes actions se font dans la plus grande discr\u00e9tion et s&rsquo;inscrivent dans le cadre du b\u00e9n\u00e9volat.<br \/>\nVous pourrez joindre &#8211; <em>les AMIS de la REFOUA<\/em> &#8211; au 06.03.75.34.15, ou par courriel \u00e0 : <a href=\"mailto:israelalbert1@gmail.com\">israelalbert1@gmail.com<\/a><br \/>\nVous pouvez aussi faire partie de ces b\u00e9n\u00e9voles, nous vous remercions par avance.<\/p>\n<hr \/>\n<h3><strong><span style=\"text-decoration: underline;\">Information ACJBB Boulogne Sud :<\/span><br \/>\n<\/strong><\/h3>\n<p style=\"text-align: justify;\">Retrouvez toutes les informations de l\u2019office sur : <a href=\"http:\/\/www.acjbb-sud.org\" target=\"_blank\" rel=\"noopener noreferrer\">www.acjbb-sud.org<\/a>.<br \/>\nSi vous souhaitez recevoir par mail la newsletter de l&rsquo;office, inscrivez-vous en nous envoyant un mail \u00e0 <a href=\"mailto:officeboulognesud@gmail.com\">officeboulognesud@gmail.com<\/a>.<br \/>\nRetrouvez \u00e9galement toutes les informations sur la page Facebook de l&rsquo;office : <a href=\"http:\/\/facebook.com\/acjbbsud\" target=\"_blank\" rel=\"noopener noreferrer\">facebook.com\/acjbbsud<\/a> et sur Twitter : <a href=\"http:\/\/twitter.com\/acjbbsud\" target=\"_blank\" rel=\"noopener noreferrer\">twitter.com\/acjbbsud<\/a>.<\/p>\n<hr \/>\n<h3><strong><span style=\"text-decoration: underline;\">S\u00e9curit\u00e9 SPCJ :<\/span><br \/>\n<\/strong><\/h3>\n<p style=\"text-align: justify;\"><strong>La s\u00e9curit\u00e9 est l&rsquo;affaire de tous ! Le SPCJ a besoin de chacun d&rsquo;entre nous !<\/strong><br \/>\nLa protection de la vie communautaire est plus que jamais l&rsquo;affaire de tous ! Vous en \u00eates les premiers acteurs ! Votre mobilisation est essentielle et n\u00e9cessaire !<br \/>\nSi vous souhaitez nous aider \u00e0 assurer la protection de l&rsquo;office, rapprochez-vous de nous !<br \/>\nPlus nous serons nombreux \u00e0 nous mobiliser et assurer des relais de garde, plus nous passerons du temps \u00e0 prier !<\/p>\n<hr \/>\n<h3><strong><span style=\"text-decoration: underline;\">R\u00e9servation des espaces communautaires :<\/span><br \/>\n<\/strong><\/h3>\n<p style=\"text-align: justify;\">Vous souhaitez organiser une manifestation (Brith-Mila, Bar-Mitsvah et Bat-Mitsvah, Mariage, Azkara, Soir\u00e9e Mikv\u00e9 Kala, etc&#8230; ) dans les espaces de la <strong>Synagogue de Boulogne<\/strong>, 43 rue des Abondances, contactez M. Alain Chicheportiche 06.95.62.58.41 &#8211; <a href=\"mailto:alainchicheportiche92@gmail.com\">alainchicheportiche92@gmail.com<\/a><\/p>\n<p style=\"text-align: justify;\">Vous souhaitez r\u00e9server la salle de <strong>Boulogne Sud<\/strong>, 134 bis rue du point du jour Boulogne Billancourt, contactez M. Patrick Sebban 06.03.02.30.78 &#8211; <a href=\"mailto:patrick.sebban2@paris.fr\">patrick.sebban2@paris.fr<\/a><\/p>\n<hr \/>\n<h3><strong><span style=\"text-decoration: underline;\">Mikv\u00e9 :<\/span><br \/>\n<\/strong><\/h3>\n<p><strong><em>Mikv\u00e9 pour les femmes<\/em><\/strong><br \/>\nLe Mikv\u00e9 est ouvert tous les soirs, du dimanche au jeudi 10 minutes avant l&rsquo;heure de la fin du Chabbat pr\u00e9c\u00e9dent, pendant 1h30.<br \/>\nLe samedi soir, le mikv\u00e9 ouvre 1h apr\u00e8s la fin de Chabbat, pendant 1h30.<br \/>\nPour les vendredis soirs et soirs de f\u00eate, prendre rendez-vous avec Mme Kassabi, au moins 2 jours avant au 06 22 76 15 04.<\/p>\n<p><strong><em>Mikv\u00e9 vaisselle<\/em><\/strong><br \/>\nLe Mikv\u00e9 K\u00e9lim est ouvert tous les matins du dimanche au vendredi depuis l&rsquo;heure de la T\u00e9fila jusqu&rsquo;\u00e0 midi.<\/p>\n<hr \/>\n<h3><strong><span style=\"text-decoration: underline;\">Faire un don :<\/span><br \/>\n<\/strong><\/h3>\n<p style=\"text-align: justify;\">Pour faire vivre et participer activement \u00e0 cet office, <a href=\"http:\/\/www.acjbb-sud.org\/index.php\/faire-un-don\/\" target=\"_blank\" rel=\"noopener noreferrer\">faites un don<\/a> par internet ou envoyez vos ch\u00e8ques au <strong>134 bis rue du Point du Jour<\/strong>. Toutes les participations sont bienvenues, <em>les petits ruisseaux faisant de grandes rivi\u00e8res<\/em>, nous parviendrons, tous ensemble, \u00e0 faire vivre l\u2019Office de Boulogne Sud.<\/p>\n<p>Tizkou L\u00e9-Mitsvot !!<\/p>\n<hr \/>\n<h3><strong><span style=\"text-decoration: underline;\">Dons pour le Centre Culturel de Boulogne Billancourt :<\/span><br \/>\n<\/strong><\/h3>\n<p style=\"text-align: justify;\">Le nouveau centre culturel sera situ\u00e9 \u00e0 l&rsquo;angle des rues Marcel Dassault et d&rsquo;Anjou. Le permis de construire, d\u00e9pos\u00e9 en mars \u00e0 la mairie a \u00e9t\u00e9 purg\u00e9. Les travaux devraient commencer prochainement. Il comprendra notamment :<\/p>\n<ul>\n<li>Une Synagogue<\/li>\n<li>Le Centre Communautaire (CCIBB)<\/li>\n<li>Une salle polyvalente<\/li>\n<li>Une salle des f\u00eates<\/li>\n<li>Et un Mikv\u00e9<\/li>\n<\/ul>\n<p>Vous pouvez consulter la <a href=\"https:\/\/fr.calameo.com\/read\/00057892520c64798775e\" target=\"_blank\" rel=\"noopener noreferrer\">plaquette de pr\u00e9sentation du Centre Culturel de Boulogne<\/a><\/p>\n<p style=\"text-align: justify;\"><img decoding=\"async\" class=\"aligncenter wp-image-778 size-full\" src=\"http:\/\/acjbb-sud.org\/wp-content\/uploads\/2017\/06\/Acjbb-construction-1.png\" alt=\"\" width=\"600\" srcset=\"https:\/\/acjbb-sud.org\/wp-content\/uploads\/2017\/06\/Acjbb-construction-1.png 684w, https:\/\/acjbb-sud.org\/wp-content\/uploads\/2017\/06\/Acjbb-construction-1-300x202.png 300w, https:\/\/acjbb-sud.org\/wp-content\/uploads\/2017\/06\/Acjbb-construction-1-445x300.png 445w\" sizes=\"(max-width: 684px) 100vw, 684px\" \/><\/p>\n<h3 class=\"m_-5277437730878633356null\"><span style=\"color: #0000ff;\"><strong>Etat du dossier<\/strong><\/span><\/h3>\n<p>Nous finalisons les discussions avec le constructeur, le Groupe EIffage. La premi\u00e8re tranche (clos et couvert) devrait \u00eatre sign\u00e9e d\u00e9but avril et les travaux de terrassement commenceront rapidement ensuite.<\/p>\n<p>Nous organiserons une c\u00e9r\u00e9monie de d\u00e9but de chantier \u00e0 laquelle vous serez tous convi\u00e9s.<\/p>\n<p>Parall\u00e8lement, nous travaillons sur le financement du projet.<\/p>\n<p>Nous continuerons de vous aviser ici de l&rsquo;\u00e9tat d&rsquo;avancement des op\u00e9rations.<br \/>\n<img decoding=\"async\" class=\"aligncenter\" src=\"https:\/\/acjbb-sud.org\/wp-content\/uploads\/2018\/07\/Centre-Culturel-juif-Boulogne-Billancourt-Synagogue.jpg\" alt=\"\" width=\"600\" \/><\/p>\n<p><img decoding=\"async\" class=\"aligncenter\" src=\"https:\/\/acjbb-sud.org\/wp-content\/uploads\/2018\/07\/Centre-Culturel-juif-Boulogne-Billancourt-Synagogue-2.jpg\" alt=\"\" width=\"600\" \/><\/p>\n<p style=\"text-align: justify;\">Devenez acteur du devenir de la vie juive \u00e0 Boulogne en faisant un don pour la construction du Centre Culturel de Boulogne. Vous pouvez d\u00e9cider de diriger votre don vers la synagogue ACJBB ou vers le CCIBB, en nous l&rsquo;indiquant par message.<\/p>\n<p>Si vous avez des question, <a href=\"mailto:synamail@acjbb.com?subject=&quot;Question sur la construction du Centre culturel&quot;\">envoyez-nous un message<\/a> !<\/p>\n<p><a href=\"http:\/\/synaboulogne.us12.list-manage2.com\/track\/click?u=f13343cbc4710ddbadcdef23f&amp;id=b3fe55f499&amp;e=744d346afc\" target=\"_blank\" rel=\"noopener noreferrer\">Je participe \u00e0 la collecte pour la construction<\/a><\/p>\n<hr \/>\n<h3><strong><span style=\"text-decoration: underline;\">Les paniers de Pessa&rsquo;h:<\/span><br \/>\n<\/strong><\/h3>\n<p>Comme chaque ann\u00e9e, nous vous invitons \u00e0 nous mobiliser pour que ceux qui ont des difficult\u00e9s financi\u00e8res pour pr\u00e9parer Pessa&rsquo;h puissent le faire sereinement gr\u00e2ce \u00e0 chacun d&rsquo;entre nous.<\/p>\n<p>Tsedek, sous la direction de notre ami Eric Chetrit, fait un grand travail avec discr\u00e9tion pour soutenir tous ceux qui ont besoin de nous. Ils savent qu&rsquo;ils peuvent compter sur la g\u00e9n\u00e9rosit\u00e9 des membres de notre communaut\u00e9.<\/p>\n<p>Avec les paniers de Pessa&rsquo;h collect\u00e9s par Tsedek, nous aidons les n\u00e9cessiteux de notre communaut\u00e9, ainsi que des familles en R\u00e9gion parisienne et en Israel qui sont dans le besoin.<\/p>\n<p>Les paniers de Pessa&rsquo;h sont \u00e0 52\u20ac.<br \/>\nMerci d&rsquo;avance pour votre g\u00e9n\u00e9rosit\u00e9.<\/p>\n<p>Paiement s\u00e9curis\u00e9 en ligne, ou par ch\u00e8que adress\u00e9 \u00e0 ACJBB Tsedek \u00e0 Synagogue de Boulogne &#8211; 43 rue des Abondances &#8211; 92100 Boulogne-Billancourt<\/p>\n<p>Vous pouvez \u00e9galement faire un don pour les paniers de Pessa&rsquo;h du Consistoire au <a href=\"https:\/\/synaboulogne.us12.list-manage.com\/track\/click?u=f13343cbc4710ddbadcdef23f&amp;id=80f609f44b&amp;e=744d346afc\" target=\"_blank\" rel=\"noopener noreferrer\">Secours juif<\/a>.<\/p>\n<p><a href=\"https:\/\/synaboulogne.us12.list-manage.com\/track\/click?u=f13343cbc4710ddbadcdef23f&amp;id=a9fd053409&amp;e=744d346afc\" target=\"_blank\" rel=\"noopener noreferrer\">Je donne pour les paniers de Pessa&rsquo;h<\/a> !<\/p>\n<hr \/>\n<h3><strong><span style=\"text-decoration: underline;\">S\u00e9minaire pour la rel\u00e8ve communautaire des jeunes &#8211; devenez les dirigeants de demain !<\/span><br \/>\n<\/strong><\/h3>\n<p>Vous aimez votre communaut\u00e9, vous voulez participer \u00e0 son d\u00e9veloppement, vous pensez rester vivre \u00e0 Boulogne pour le moment ?<\/p>\n<p>Nous vous proposons de participer au prochain week-end des futurs dirigeants communautaires organis\u00e9 par le Consistoire <strong>du 5 au 7 avril 2019<\/strong>.<\/p>\n<p>Contactez-nous <a href=\"mailto:synamail@acjbb.com\" target=\"_blank\" rel=\"noopener noreferrer\">synamail@acjbb.com<\/a> pour nous parler de vos projets pour la communaut\u00e9 et nous \u00e9tudierons ensemble le financement pour votre participation \u00e0 ce s\u00e9minaire.<\/p>\n<p><img decoding=\"async\" class=\"wp-image-2562 size-full aligncenter\" src=\"https:\/\/acjbb-sud.org\/wp-content\/uploads\/2019\/03\/consistoire-seminaire-assurer-releve-communautaire.png\" alt=\"\" width=\"600\" srcset=\"https:\/\/acjbb-sud.org\/wp-content\/uploads\/2019\/03\/consistoire-seminaire-assurer-releve-communautaire.png 793w, https:\/\/acjbb-sud.org\/wp-content\/uploads\/2019\/03\/consistoire-seminaire-assurer-releve-communautaire-212x300.png 212w, https:\/\/acjbb-sud.org\/wp-content\/uploads\/2019\/03\/consistoire-seminaire-assurer-releve-communautaire-768x1087.png 768w, https:\/\/acjbb-sud.org\/wp-content\/uploads\/2019\/03\/consistoire-seminaire-assurer-releve-communautaire-724x1024.png 724w\" sizes=\"(max-width: 793px) 100vw, 793px\" \/><\/p>\n<hr \/>\n<h3><strong><span style=\"text-decoration: underline;\">CCIBB &#8211; Centre de Loisirs \u00c9t\u00e9 2019 :<\/span><br \/>\n<\/strong><\/h3>\n<p>Les directeurs du Centre de loisirs <strong>Anne-Marie AMSALLEM<\/strong> et <strong>Jonathan CAHEN<\/strong>, ainsi que la fantastique \u00e9quipe d\u2019animation accueilleront pour les prochaines vacances <strong> du 8 au 26 juillet 2019<\/strong> vos enfants <strong>de 6 \u00e0 13 ans<\/strong> dans une ambiance juive exceptionnelle !!!<\/p>\n<p>Le programme, toujours diversifi\u00e9, alliera loisirs, sports, culture et identit\u00e9 juive.<\/p>\n<p><img decoding=\"async\" class=\"wp-image-2572 size-full aligncenter\" src=\"https:\/\/acjbb-sud.org\/wp-content\/uploads\/2019\/03\/ccibb-ete-centre-loisirs-2019-xD.jpeg\" alt=\"\" width=\"600\" srcset=\"https:\/\/acjbb-sud.org\/wp-content\/uploads\/2019\/03\/ccibb-ete-centre-loisirs-2019-xD.jpeg 905w, https:\/\/acjbb-sud.org\/wp-content\/uploads\/2019\/03\/ccibb-ete-centre-loisirs-2019-xD-212x300.jpeg 212w, https:\/\/acjbb-sud.org\/wp-content\/uploads\/2019\/03\/ccibb-ete-centre-loisirs-2019-xD-768x1086.jpeg 768w, https:\/\/acjbb-sud.org\/wp-content\/uploads\/2019\/03\/ccibb-ete-centre-loisirs-2019-xD-724x1024.jpeg 724w\" sizes=\"(max-width: 905px) 100vw, 905px\" \/><br \/>\n<strong><u>Au programme :<\/u><\/strong> Parc Ast\u00e9rix, Parc St Paul, Mer de Sable, France Miniature, Bateaux mouches et autres sorties &#8230; Stage de hip-hop, stages sportifs, jeux, ateliers artistiques, maccabiades, journ\u00e9e isra\u00e9lienne et de nombreuses surprises &#8230;<\/p>\n<p>145 \u20ac la semaine (possibilit\u00e9 de bourse) &#8211; <strong>Places limit\u00e9es<\/strong><br \/>\nInformations et r\u00e9servations aupr\u00e8s de Jonathan 06.21.07.17.09 ou sur <a href=\"http:\/\/ccibb.net\/2019\/03\/centre-loisirs-ete-2019-informations-inscriptions\/\" target=\"_blank\" rel=\"noopener noreferrer\">ccibb.net<\/a>.<\/p>\n<hr \/>\n<h3><strong><span style=\"text-decoration: underline;\">Le Rabbin Kassabi : \u00ab A l&rsquo;origine, B\u00e9r\u00e9chit \u00bb sur France 2 :<\/span><br \/>\n<\/strong><\/h3>\n<p>Na manquez pas ce dimanche 31 mars 2019 \u00e0 09h15, l&rsquo;\u00e9mission <em>\u00c0 l\u2019Origine sur France 2<\/em> consacr\u00e9e au \u00ab\u00a0<em>Vivre ensemble, \u00e9gaux et diff\u00e9rents<\/em>\u00a0\u00bb avec le <strong>Rabbin Didier KASSABI<\/strong> qui re\u00e7oit Emilie Fr\u00e8che.<\/p>\n<div class=\"fb-video\" data-allowfullscreen=\"true\" data-href=\"https:\/\/www.facebook.com\/alorigineberechit\/videos\/601588640309727\/\" style=\"background-color: #fff; display: inline-block;\"><\/div>\n<hr \/>\n<h3><strong><span style=\"text-decoration: underline;\">Bn\u00e9 Akiva :<\/span><br \/>\n<\/strong><\/h3>\n<p>Les activit\u00e9 du Bn\u00e9 Akiva reprennent nationalement sous la direction d&rsquo;<strong>Eliezer Borgenicht<\/strong>, nouveau Chalia&rsquo;h national.<br \/>\nPour pr\u00e9parer les activit\u00e9s \u00e0 venir, le Bn\u00e9 invite tous les<strong> jeunes de 15 \u00e0 18 ans<\/strong> \u00e0 un <strong>weekend de formation au leadership, Chabbat plein, le Chabbat Ch\u00e9mini &#8211; 8 mars<\/strong>. Des jeunes de toute la France seront pr\u00e9sents \u00e0 ce week-end. <strong>R\u00e9servez rapidement<\/strong>. <strong>Le nombre de place est limit\u00e9.<\/strong><\/p>\n<p><img decoding=\"async\" class=\"wp-image-2552 size-full aligncenter\" src=\"https:\/\/acjbb-sud.org\/wp-content\/uploads\/2019\/03\/bne-akiva-chabbat-chemini-2019-5779.jpg\" alt=\"\" width=\"600\" srcset=\"https:\/\/acjbb-sud.org\/wp-content\/uploads\/2019\/03\/bne-akiva-chabbat-chemini-2019-5779.jpg 1140w, https:\/\/acjbb-sud.org\/wp-content\/uploads\/2019\/03\/bne-akiva-chabbat-chemini-2019-5779-214x300.jpg 214w, https:\/\/acjbb-sud.org\/wp-content\/uploads\/2019\/03\/bne-akiva-chabbat-chemini-2019-5779-768x1078.jpg 768w, https:\/\/acjbb-sud.org\/wp-content\/uploads\/2019\/03\/bne-akiva-chabbat-chemini-2019-5779-730x1024.jpg 730w\" sizes=\"(max-width: 1140px) 100vw, 1140px\" \/><\/p>\n<p>Tefilot de Chabbat, repas, animations, de vendredi apr\u00e8s-midi jusqu&rsquo;\u00e0 dimanche midi, \u00e0 1h30 de Paris.<br \/>\n<strong>Paf : seulement 40\u20ac<\/strong>, incluant les d\u00e9placements, l&rsquo;h\u00e9bergement, les repas, les animations, etc.<br \/>\nInscriptions par site HelloAsso s\u00e9curis\u00e9.<\/p>\n<p><a href=\"https:\/\/synaboulogne.us12.list-manage.com\/track\/click?u=f13343cbc4710ddbadcdef23f&amp;id=898151c868&amp;e=744d346afc\" target=\"_blank\" rel=\"noopener noreferrer\">Je r\u00e9serve pour le Weekend du Bn\u00e9 Akiva<\/a>.<\/p>\n<hr \/>\n<h3><strong><span style=\"text-decoration: underline;\">Dvar Thorah et enseignements :<\/span><br \/>\n<\/strong><\/h3>\n<p><em><strong>par le Rav Mika\u00ebl Mouyal<\/strong><\/em><\/p>\n<p style=\"text-align: justify;\"><em>L\u00e9\u00eflouy Nichmat Avraham Ben Mikha\u00ebl, &lsquo;Ha\u00ef Victor Ben Yakouta, Jaqueline Bat Esther et Paula Yakouta Bat Rosette<\/em><\/p>\n<h3 style=\"text-align: center;\"><strong>Le coin &lsquo;Hidouchim<\/strong><\/h3>\n<h4><strong>\u00ab Toute l&rsquo;assembl\u00e9e se rapprocha et ils se tinrent debout devant Hachem \u00bb (9, 5) :<\/strong><\/h4>\n<p style=\"text-align: justify;\">Ce verset fait allusion \u00e0 un grand principe. Avant de prier devant Hachem et de lui exposer nos demandes, il est important au pr\u00e9alable d&rsquo;\u00eatre tous unis et d&rsquo;accepter sur soi d&rsquo;aimer son prochain comme soi-m\u00eame. C&rsquo;est dans cet esprit d&rsquo;harmonie et de proximit\u00e9 que l&rsquo;on peut se pr\u00e9senter devant Hachem et lui adresser nos pri\u00e8res. Quand \u00ab toute l&rsquo;assembl\u00e9e se rapprocha \u00bb les uns des autres, et accept\u00e8rent de s&rsquo;aimer et d&rsquo;\u00eatre unis, alors \u00ab ils se tinrent debout devant Hachem \u00bb, pr\u00eat \u00e0 prier. Comme on sait que la pri\u00e8re s&rsquo;appelle Amida, car elle est prononc\u00e9e \u201cdebout\u201d, conscient de se pr\u00e9senter \u201cdevant Hachem\u201d. (&lsquo;Hessed L\u00e9avraham)<\/p>\n<h4><strong>\u00ab Ils approch\u00e8rent devant Hachem un feu \u00e9tranger qu&rsquo;Il ne leur avait pas ordonn\u00e9 \u00bb (10, 1) :<\/strong><\/h4>\n<p style=\"text-align: justify;\">Nadav et Avihou apport\u00e8rent du feu en offrande. En effet, le feu symbolise la rigueur. Et ces deux Justes \u00e9taient tellement grands qu&rsquo;ils pens\u00e8rent pouvoir se dispenser de toute Bont\u00e9 Divine. Et que m\u00eame si on les jugeait avec la plus stricte rigueur, ils allaient \u00eatre m\u00e9ritants, tellement ils \u00e9taient persuad\u00e9s de n&rsquo;avoir aucune faute ni aucune faille. D&rsquo;ailleurs, en r\u00e9alit\u00e9, ils avaient raison. Ils \u00e9taient tellement irr\u00e9prochables qu&rsquo;ils pouvaient sortir m\u00e9ritants m\u00eame si on les jugeait avec la plus stricte s\u00e9v\u00e9rit\u00e9. Cependant, leur faute \u00e9tait que malgr\u00e9 tout, ils ne devaient pas avoir autant confiance en eux. M\u00eame s&rsquo;il est totalement m\u00e9ritant, un homme doit n\u00e9anmoins se consid\u00e9rer comme \u00e9tant quelque peu manquant et ayant besoin de la Bont\u00e9 Divine pour subsister. Cette si grande confiance en soi qu&rsquo;ils avaient contenait une fine part d&rsquo;orgueil, et cela \u00e9tait leur faute. (Mikhtav M\u00e9Eliahou)<\/p>\n<h4><strong>\u00ab Et vos fr\u00e8res, toute la maison d&rsquo;Isra\u00ebl, pleureront l&#8217;embrasement que Hachem a enflamm\u00e9 \u00bb (10, 6) :<\/strong><\/h4>\n<p style=\"text-align: justify;\">On peut s&rsquo;interroger sur cet Ordre Divin \u00e0 l&rsquo;adresse du peuple de pleurer la mort de Nadav et Avihou. En effet, devant un tel drame, tout le monde fut sensibilis\u00e9 et pein\u00e9 jusqu&rsquo;aux larmes. Pourquoi donc donner un tel ordre de pleurer \u00e0 ceux qui pleureront d&rsquo;eux- m\u00eames ? Et pour ceux qui ne sentent pas les pleurs venir, peut-on forcer quelqu&rsquo;un \u00e0 pleurer ?!<br \/>\nEn fait, l&rsquo;ordre ne concernait pas le fait m\u00eame de pleurer. Seulement, Hachem prescrit au peuple que quand ils pleureront, ils auront conscience qu&rsquo;ils sont en train de se lamenter pour l&#8217;embrasement \u00ab que Hachem a enflamm\u00e9 \u00bb. C&rsquo;est \u00e0 dire qu&rsquo;ils devront se rappeler que ce drame vient d&rsquo;Hachem et c&rsquo;est Lui Qui a provoqu\u00e9 la mort de ces deux jeunes gens, pour la faute qu&rsquo;ils ont commise. Et surtout, qu&rsquo;ils n&rsquo;imaginent pas que ce drame est venu suite \u00e0 des causes naturelles. (Rav Yaacov Neymann)<\/p>\n<h4><strong>\u00ab Pourquoi n&rsquo;avez-vous pas mang\u00e9 le sacrifice expiatoire dans l&rsquo;endroit saint \u00bb (10, 17) :<\/strong><\/h4>\n<p style=\"text-align: justify;\">M\u00eame si ce verset vient juste apr\u00e8s que Moch\u00e9 \u00ab s&rsquo;\u00e9nerva contre Elazar et Itamar \u00bb, malgr\u00e9 tout il leur formula cette r\u00e9primande avec un amour total. Cela est en allusion dans les initiales de ce verset. En effet, dans le Texte h\u00e9breu, ce verset se dit : \u201c<strong>\u05de<\/strong>\u05d3\u05d5\u05e2 <strong>\u05dc<\/strong>\u05d0 <strong>\u05d0<\/strong>\u05db\u05dc\u05ea\u05dd <strong>\u05d0<\/strong>\u05ea <strong>\u05d4<\/strong>\u05d7\u05d8\u05d0\u05ea <strong>\u05d1<\/strong>\u05de\u05e7\u05d5\u05dd <strong>\u05d4<\/strong>\u05e7\u05d5\u05d3\u05e9\u201d, dont les initiales forment les mots \u201c\u05de\u05dc\u05d0 \u05d0\u05d4\u05d1\u05d4\u201d, c&rsquo;est \u00e0 dire \u201crempli d&rsquo;amour\u201d. Car quand une remontrance sort de Moch\u00e9, elle est emplie d&rsquo;amour et ne vise qu&rsquo;\u00e0 apporter du bien \u00e0 autrui. (Rabbi Isra\u00ebl Yits&rsquo;hak M\u00e9alexander)<\/p>\n<h4><strong>\u00ab Hachem parla \u00e0 Moch\u00e9 et \u00e0 Aharon pour leur dire \u00bb (11, 1) :<\/strong><\/h4>\n<p style=\"text-align: justify;\">En g\u00e9n\u00e9ral, la Thora dit : \u00ab Hachem parla \u00e0 Moch\u00e9 (et \u00e0 Aharon) pour dire \u00bb. Pourquoi ici la Thora dit-elle : \u00ab pour leur dire \u00bb ?<br \/>\nEn fait, ce verset introduit le passage des animaux cachers. Or, nos Sages disent sur Moch\u00e9, que comme il sera amen\u00e9 \u00e0 parler avec Hachem, il ne devait pas, m\u00eame nourrisson, consommer du lait d&rsquo;une \u00e9gyptienne. De m\u00eame, comme tous les Juifs seront amen\u00e9s, dans les Temps futurs, \u00e0 parler avec Hachem, il convient d\u00e9j\u00e0 dans ce monde de se purifier et de ne pas introduire des aliments non cachers dans leur bouche. Cela est en allusion dans ce verset. \u00ab Hachem parla \u00e0 Moch\u00e9 et \u00e0 Aharon \u00bb en vue de leur transmettre les lois de cacherout de sorte \u00e0 ce que les Juifs pr\u00e9servent leur bouche \u00ab pour leur dire \u00bb, pour pouvoir leur parler. (Kedouchat Levi)<\/p>\n<h4><strong>\u00ab (Vous ne mangerez pas) le chameau, car il rumine, mais n&rsquo;a pas les sabots fendus \u00bb (11, 4) :<\/strong><\/h4>\n<p style=\"text-align: justify;\">La raison de l&rsquo;interdit du chameau provient du fait qu&rsquo;il n&rsquo;a pas les sabots fendus. Ainsi, au lieu de dire \u201ccar il rumine\u201d, qui est le signe de puret\u00e9, le verset aurait d\u00fb plut\u00f4t dire qu&rsquo;il est interdit de le consommer, \u00ab car il n&rsquo;a pas les sabots fendus et (m\u00eame s&rsquo;)il rumine \u00bb ! C&rsquo;est que le fait que le chameau ait un signe de puret\u00e9 et qu&rsquo;il rumine, cela en soi est un crit\u00e8re qui aggrave son impuret\u00e9, car cela induit l&rsquo;homme \u00e0 l&rsquo;erreur de penser qu&rsquo;il peut \u00eatre permis. Et le fait de laisser croire que quelque chose d&rsquo;interdit peut \u00eatre permis est en soi un \u00e9l\u00e9ment qui aggrave l&rsquo;interdit. (Rabbi Yits&rsquo;hak M\u00e9agrisso)<\/p>\n<h4><strong>\u00ab Ceux-l\u00e0 vous \u00e9carterez parmi les oiseaux \u00bb (11, 13) :<\/strong><\/h4>\n<p style=\"text-align: justify;\">La Thora prend la peine d&rsquo;\u00e9num\u00e9rer tous les oiseaux interdits, car ils sont moins nombreux que les oiseaux permis, et tous les autres oiseaux non cit\u00e9s sont permis. En revanche, en ce qui concerne les animaux, c&rsquo;est l&rsquo;inverse, les esp\u00e8ces interdits sont plus nombreux. En effet, les animaux proviennent de la terre, qui est ce qui a de plus mat\u00e9riel. De ce fait, elle produit surtout des esp\u00e8ces interdits. En revanche les oiseaux \u00e9manent surtout de l&rsquo;air (c&rsquo;est pourquoi ils peuvent voler), qui est plus raffin\u00e9 et plus pur que la terre. C&rsquo;est pourquoi, la majorit\u00e9 des oiseaux est autoris\u00e9e. (Keli Yakar)<\/p>\n<h3 style=\"text-align: center;\"><strong>Le coin \u00e9tude<\/strong><\/h3>\n<p style=\"text-align: justify;\">Apr\u00e8s que les sacrifices demand\u00e9s pour l&rsquo;inauguration du Michkan aient \u00e9t\u00e9 apport\u00e9s, Moch\u00e9 dit au peuple : \u00ab Cette chose-l\u00e0 qu&rsquo;Hachem a ordonn\u00e9, vous la ferez, et l&rsquo;Honneur d&rsquo;Hachem se montrera \u00e0 vous \u00bb. Mais de quelle chose s&rsquo;agit-il ? Tout ce qui a \u00e9t\u00e9 demand\u00e9 de faire a d\u00e9j\u00e0 \u00e9t\u00e9 fait ! Que faut-il faire \u00e0 pr\u00e9sent ?<br \/>\nLe Midrash explique qu&rsquo;en fait, Moch\u00e9 dit \u00e0 Isra\u00ebl : \u00ab Ce mauvais penchant, enlevez-le de votre c\u0153ur ! \u00bb Voil\u00e0 ce qu&rsquo;ils devaient faire \u00e0 pr\u00e9sent : enlever ce mauvais penchant ! Mais de quel mauvais penchant s&rsquo;agit-il ? Et pourquoi fallait-il maintenant l&rsquo;enlever ? En fait, nos Sages enseignent que le Michkan avait pour vocation d&rsquo;expier la faute du veau d&rsquo;or. Selon nos commentateurs, cette faute n&rsquo;\u00e9tait pas un simple acte d&rsquo;idol\u00e2trie. Les H\u00e9breux qui venaient de sortir d&rsquo;Egypte, \u00e9taient \u201cattir\u00e9s\u201d par la Pr\u00e9sence Divine qu&rsquo;ils venaient de d\u00e9couvrir et avaient un d\u00e9sir puissant de conna\u00eetre la douceur de se rapprocher d&rsquo;Hachem. Moch\u00e9 guidait le peuple et lui permettait de canaliser leur ardeur. Gr\u00e2ce \u00e0 Moch\u00e9, les Juifs purent r\u00e9ussir \u00e0 s&rsquo;approcher d&rsquo;Hachem et \u00e0 \u00e9tancher leur soif de spiritualit\u00e9. Mais, quand Moch\u00e9 monta sur le Mont Sina\u00ef recevoir la Thora, les Juifs se retrouv\u00e8rent sans leur guide et se sentirent perdus. A pr\u00e9sent, personne ne les orientait dans leur d\u00e9sir de spiritualit\u00e9. Ainsi, ils durent patienter et garder en eux leur volont\u00e9 de s&rsquo;\u00e9lever, en attendant que Moch\u00e9 redescende. Mais, quand au moment attendu, il ne descendait pas, ils crurent qu&rsquo;il \u00e9tait mort. Et l\u00e0, tout leur d\u00e9sir de saintet\u00e9 \u201cexplosa\u201d. Ils ne pouvaient plus se contenir. Et l\u00e0, ils con\u00e7urent le veau d&rsquo;or qui, pour eux, \u00e9tait leur moyen de concr\u00e9tiser leur d\u00e9sir. Cette idole leur servirait uniquement \u00e0 remplacer Moch\u00e9. De m\u00eame que ce dernier n&rsquo;\u00e9tait qu&rsquo;un interm\u00e9diaire pour leur permettre de s&rsquo;attacher \u00e0 Hachem, ainsi, cette idole venait leur servir d&rsquo;interm\u00e9diaire pour repr\u00e9senter et mat\u00e9rialiser la spiritualit\u00e9, et leur permettre de s&rsquo;attacher \u00e0 Hachem et \u00e9pancher leur d\u00e9sir ardent de spiritualit\u00e9.<br \/>\nCette d\u00e9marche contenait une grave erreur, m\u00eame si leur intention pouvait \u00eatre bonne. En effet, de m\u00eame que l&rsquo;on ne doit pas servir Hachem pour des raisons int\u00e9ress\u00e9es, comme pour gagner de l&rsquo;argent, avoir des honneurs ou encore recevoir des r\u00e9compenses. Ainsi, on ne doit pas Le servir m\u00eame pour des int\u00e9r\u00eats plus nobles, comme pour d\u00e9couvrir des plaisirs spirituels et satisfaire un besoin d&rsquo;atteindre des niveaux de compr\u00e9hension spirituelle. Car l\u00e0 encore, la recherche reste tourn\u00e9e vers soi-m\u00eame. L&rsquo;essentiel du Service d&rsquo;Hachem doit \u00eatre de Le servir pour faire Sa Volont\u00e9 et Lui faire plaisir. La d\u00e9marche doit \u00eatre tourn\u00e9e vers Hachem et pas vers soi. M\u00eame s&rsquo;il d\u00e9sire s&rsquo;approcher de la saintet\u00e9, l&rsquo;homme doit savoir aussi \u201ccalmer ses ardeurs\u201d et servir Hachem pour Lui.<br \/>\nLa faute du veau d&rsquo;or \u00e9tait de chercher des \u00e9l\u00e9vations pour satisfaire un besoin ardent de s&rsquo;\u00e9lever. Ainsi, la r\u00e9paration de cette faute est de r\u00e9ussir \u00e0 \u201cs&rsquo;annuler\u201d devant Hachem et \u00e0 chercher \u00e0 faire la Volont\u00e9 Divine et non pas \u00e0 satisfaire son d\u00e9sir personnel.<br \/>\nA pr\u00e9sent que le Michkan est inaugur\u00e9, le peuple attendait impatiemment que le feu descende du Ciel et que la Pr\u00e9sence Divine se r\u00e9v\u00e8le devant eux. Quand Moch\u00e9 constata cet \u00e9tat enthousiaste du peuple, il per\u00e7ut qu&rsquo;en finesse, l&rsquo;\u00e9lan \u00e0 l&rsquo;origine de la faute du veau d&rsquo;or \u00e9tait encore ici pr\u00e9sent. Le peuple esp\u00e9rait b\u00e9n\u00e9ficier du d\u00e9voilement d&rsquo;Hachem pour encore une fois \u00e9pancher leur d\u00e9sir de divinit\u00e9. C&rsquo;est ainsi que Moch\u00e9 r\u00e9primanda le peuple et leur dit : \u00ab Cette chose-l\u00e0 qu&rsquo;Hachem a ordonn\u00e9, vous la ferez \u00bb, c&rsquo;est \u00e0 dire, comme l&rsquo;explique le Midrash : \u00ab Ce mauvais penchant, enlevez-le de votre c\u0153ur ! \u00bb. Il s&rsquo;agit de ce fameux mauvais penchant li\u00e9 \u00e0 la faute du veau d&rsquo;or dont on a parl\u00e9. Et puisque le Michkan venait expier la faute du veau d&rsquo;or, il fallait absolument supprimer ce penchant, en ce jour d&rsquo;inauguration du Michkan, lieu qui allait justement apporter l&rsquo;expiation de cette faute. Et puisque la racine de la faute \u00e9tait encore l\u00e0, la Pr\u00e9sence Divine ne pouvait pas encore se r\u00e9v\u00e9ler dans le Michkan. Mais quand ce penchant allait \u00eatre supprim\u00e9, quand \u00ab cette chose-l\u00e0 qu&rsquo;Hachem a ordonn\u00e9, vous la ferez \u00bb, alors \u00ab l&rsquo;Honneur d&rsquo;Hachem se montrera \u00e0 vous \u00bb. Pour qu&rsquo;Hachem se r\u00e9v\u00e8le dans le Michkan, il faut rechercher \u00e0 servir Hachem pour Le servir et pas pour obtenir des niveaux spirituels. Quand ce penchant qui est celui du veau d&rsquo;or, sera \u00e9limin\u00e9, le Michkan pourra fonctionner et la Pr\u00e9sence d&rsquo;Hachem s&rsquo;y r\u00e9v\u00e9lera.<\/p>\n<h3 style=\"text-align: center;\"><strong>Le coin Halakha (<em>lois de Pessa&rsquo;h<\/em>)<\/strong><\/h3>\n<p style=\"text-align: justify;\">Le plateau du Seder doit contenir : le Maror (herbes amers), le &lsquo;Harosset, le Karpass, le bras (d&rsquo;agneau), un \u0153uf et la &lsquo;Hazeret (il s&rsquo;agit du Maror r\u00e9serv\u00e9 au Korekh). On a l&rsquo;habitude de poser l&rsquo;eau sal\u00e9e (ou le vinaigre) sur la table, en dehors du plateau. Selon le Ari Zal, on dispose le plateau ainsi : le bras \u00e0 droite, l\u2019\u0153uf \u00e0 gauche, le Maror en dessous au milieu, puis encore en dessous, le &lsquo;Harosset \u00e0 droite (sous le bras), le Karpass \u00e0 gauche (sous l\u2019\u0153uf), et la &lsquo;Hazeret un peu en dessous, au milieu (sous le Maror). Les 3 Matsot sont plac\u00e9es sur un autre plateau, \u00e0 c\u00f4t\u00e9 du plateau du Seder. Il convient que le plateau du Seder soit particuli\u00e8rement beau. Il est bon de pr\u00e9parer le plateau avant la nuit, pour ne pas avoir \u00e0 retarder le Seder par sa pr\u00e9paration. Pendant la lecture de la Haguada, le plateau reste d\u00e9couvert. A chaque fois qu&rsquo;on soul\u00e8ve le verre de vin (Kiddouch, V\u00e9hi Ch\u00e9amda&#8230;), on couvre les Matsot. Puis apr\u00e8s avoir repos\u00e9 le verre, on les red\u00e9couvre. Il est bon que m\u00eame apr\u00e8s avoir consomm\u00e9 les aliments du plateau (Maror, &lsquo;Harosset&#8230;), que le plateau continue \u00e0 contenir encore un peu de chaque \u00e9l\u00e9ment, jusqu&rsquo;\u00e0 la fin compl\u00e8te du Seder.<\/p>\n<h3 style=\"text-align: center;\"><strong>Le coin histoire<\/strong><\/h3>\n<p style=\"text-align: justify;\">La Rabbanit Choulman, \u00e9pouse du Roch Y\u00e9chiva de Slabodka en Lituanie, a racont\u00e9 que dans son voisinage vivait une fillette qui est n\u00e9e avec une verrue derri\u00e8re l&rsquo;oreille. Ce d\u00e9faut causa une grande peine \u00e0 l&rsquo;enfant et \u00e0 ses parents.<br \/>\nIl arriva que lors d&rsquo;une guerre, un officier non Juif passa pr\u00e8s de cette famille et, confondant la jeune fille avec sa s\u0153ur, il l&rsquo;attrapa et partit avec elle. Un de ses fr\u00e8res ne se d\u00e9couragea pas. Il suivit l&rsquo;officier jusqu&rsquo;\u00e0 arriver \u00e0 la caserne. Le fr\u00e8re s&rsquo;approcha du commandant chef et se plaint qu&rsquo;un officier a pris sa s\u0153ur par erreur. Le commandant lui demanda s&rsquo;il disposait d&rsquo;un signe distinctif qui prouverait que la fillette est r\u00e9ellement sa s\u0153ur. Et l\u00e0, sans h\u00e9siter, il lui dit qu&rsquo;il a effectivement un signe : sa s\u0153ur a une verrue derri\u00e8re l&rsquo;oreille, qui ne se voit pas superficiellement. Apr\u00e8s v\u00e9rification, comme il avait raison, on restitua la fille \u00e0 sa famille !<br \/>\nCe r\u00e9cit montre comment Hachem dirige le monde avec tant de Bont\u00e9 et de Sagesse. Sachant \u00e0 l&rsquo;avance que cette fillette allait \u00eatre enlev\u00e9e, Il pr\u00e9para le rem\u00e8de avant le probl\u00e8me et lui pla\u00e7a une verrue qui, m\u00eame si au d\u00e9part la tourmenta, mais finit par la sauver !<\/p>\n<h3 style=\"text-align: center;\"><strong>Le coin &lsquo;Hizouk<\/strong><\/h3>\n<p style=\"text-align: justify;\">L&rsquo;homme, comme le monde entier, a \u00e9t\u00e9 cr\u00e9\u00e9 \u00e0 partir du n\u00e9ant. Et de m\u00eame qu&rsquo;Hachem l&rsquo;a cr\u00e9\u00e9 du n\u00e9ant, ainsi, m\u00eame s&rsquo;il faute et s&rsquo;\u00e9loigne d&rsquo;Hachem au point de devenir comme \u201cn\u00e9ant\u201d, comme s&rsquo;il n&rsquo;a plus aucun m\u00e9rite et comme s&rsquo;il est totalement \u201cnul\u201d, malgr\u00e9 tout, s&rsquo;il se repent, Hachem l&rsquo;aidera. Et du \u201cn\u00e9ant\u201d o\u00f9 il se trouve, Hachem le fera r\u00e9-exister et l&rsquo;aidera \u00e0 r\u00e9parer ses fautes. (Divr\u00e9 Y\u00e9&rsquo;hezkel)<\/p>\n<hr \/>\n<p><strong>Chabbat Chalom !<\/strong><\/p>\n","protected":false},"excerpt":{"rendered":"<p>Paracha Ch\u00e9mini \/ \u05e4\u05e8\u05e9\u05d4 \u05e9\u05de\u05d9\u05e0\u05d9 Chabbat Parah \/ \u05e9\u05d1\u05ea \u05e4\u05e8\u05d4 Chabbat M\u00e9var\u00e9&rsquo;him \/ \u05e9\u05d1\u05ea \u05de\u05d1\u05e8\u05db\u05d9\u05dd 29\/30 mars 2019 &#8211; 23 Adar 2 5779 \/ \u05db&rsquo;\u05d2 \u05d0\u05d3\u05e8 \u05d1 \u05ea\u05e9\u05e2&rsquo;\u05d8 D\u00e9but : 18h58 &#8211; Fin : 20h06 Les Horaires : Vendredi soir : 18h55 : Allumage des bougies et entr\u00e9e de Chabbat (heure maximum pour l&rsquo;allumage : &hellip; <\/p>\n<p><a class=\"more-link btn\" href=\"https:\/\/acjbb-sud.org\/index.php\/2019\/03\/27\/paracha-chemini-chabbat-parah-mevarehim-5779\/\">Lire la suite<\/a><\/p>\n","protected":false},"author":1,"featured_media":2195,"comment_status":"open","ping_status":"open","sticky":false,"template":"","format":"standard","meta":{"jetpack_post_was_ever_published":false,"_jetpack_newsletter_access":"","_jetpack_dont_email_post_to_subs":false,"_jetpack_newsletter_tier_id":0,"_jetpack_memberships_contains_paywalled_content":false,"_jetpack_memberships_contains_paid_content":false,"footnotes":"","jetpack_publicize_message":"","jetpack_publicize_feature_enabled":true,"jetpack_social_post_already_shared":true,"jetpack_social_options":{"image_generator_settings":{"template":"highway","default_image_id":0,"font":"","enabled":false},"version":2}},"categories":[3,5,222],"tags":[],"class_list":["post-2578","post","type-post","status-publish","format-standard","has-post-thumbnail","hentry","category-chabbat","category-chabbat-mevarehim","category-chabbat-parah","item-wrap"],"yoast_head":"<!-- This site is optimized with the Yoast SEO plugin v26.6 - https:\/\/yoast.com\/wordpress\/plugins\/seo\/ -->\n<title>Paracha Ch\u00e9mini - Chabbat Parah et M\u00e9var\u00e9&#039;him - Synagogue ACJBB Boulogne Sud<\/title>\n<meta name=\"robots\" content=\"index, follow, max-snippet:-1, max-image-preview:large, max-video-preview:-1\" \/>\n<link rel=\"canonical\" href=\"https:\/\/acjbb-sud.org\/index.php\/2019\/03\/27\/paracha-chemini-chabbat-parah-mevarehim-5779\/\" \/>\n<meta property=\"og:locale\" content=\"fr_FR\" \/>\n<meta property=\"og:type\" content=\"article\" \/>\n<meta property=\"og:title\" content=\"Paracha Ch\u00e9mini - Chabbat Parah et M\u00e9var\u00e9&#039;him - Synagogue ACJBB Boulogne Sud\" \/>\n<meta property=\"og:description\" content=\"Paracha Ch\u00e9mini \/ \u05e4\u05e8\u05e9\u05d4 \u05e9\u05de\u05d9\u05e0\u05d9 Chabbat Parah \/ \u05e9\u05d1\u05ea \u05e4\u05e8\u05d4 Chabbat M\u00e9var\u00e9&rsquo;him \/ \u05e9\u05d1\u05ea \u05de\u05d1\u05e8\u05db\u05d9\u05dd 29\/30 mars 2019 &#8211; 23 Adar 2 5779 \/ \u05db&rsquo;\u05d2 \u05d0\u05d3\u05e8 \u05d1 \u05ea\u05e9\u05e2&rsquo;\u05d8 D\u00e9but : 18h58 &#8211; Fin : 20h06 Les Horaires : Vendredi soir : 18h55 : Allumage des bougies et entr\u00e9e de Chabbat (heure maximum pour l&rsquo;allumage : &hellip; Lire la suite\" \/>\n<meta property=\"og:url\" content=\"https:\/\/acjbb-sud.org\/index.php\/2019\/03\/27\/paracha-chemini-chabbat-parah-mevarehim-5779\/\" \/>\n<meta property=\"og:site_name\" content=\"Synagogue ACJBB Boulogne Sud\" \/>\n<meta property=\"article:published_time\" content=\"2019-03-27T21:13:41+00:00\" \/>\n<meta property=\"article:modified_time\" content=\"2019-04-03T07:57:50+00:00\" \/>\n<meta property=\"og:image\" content=\"https:\/\/acjbb-sud.org\/wp-content\/uploads\/2018\/10\/ACJBB-Sud-Chabbat-halots-bougies-vin-600-logos-v2.jpg\" \/>\n\t<meta property=\"og:image:width\" content=\"615\" \/>\n\t<meta property=\"og:image:height\" content=\"433\" \/>\n\t<meta property=\"og:image:type\" content=\"image\/jpeg\" \/>\n<meta name=\"author\" content=\"AcjbbSud\" \/>\n<meta name=\"twitter:card\" content=\"summary_large_image\" \/>\n<meta name=\"twitter:label1\" content=\"\u00c9crit par\" \/>\n\t<meta name=\"twitter:data1\" content=\"AcjbbSud\" \/>\n\t<meta name=\"twitter:label2\" content=\"Dur\u00e9e de lecture estim\u00e9e\" \/>\n\t<meta name=\"twitter:data2\" content=\"20 minutes\" \/>\n<script type=\"application\/ld+json\" class=\"yoast-schema-graph\">{\"@context\":\"https:\/\/schema.org\",\"@graph\":[{\"@type\":\"WebPage\",\"@id\":\"https:\/\/acjbb-sud.org\/index.php\/2019\/03\/27\/paracha-chemini-chabbat-parah-mevarehim-5779\/\",\"url\":\"https:\/\/acjbb-sud.org\/index.php\/2019\/03\/27\/paracha-chemini-chabbat-parah-mevarehim-5779\/\",\"name\":\"Paracha Ch\u00e9mini - Chabbat Parah et M\u00e9var\u00e9'him - Synagogue ACJBB Boulogne Sud\",\"isPartOf\":{\"@id\":\"https:\/\/acjbb-sud.org\/#website\"},\"primaryImageOfPage\":{\"@id\":\"https:\/\/acjbb-sud.org\/index.php\/2019\/03\/27\/paracha-chemini-chabbat-parah-mevarehim-5779\/#primaryimage\"},\"image\":{\"@id\":\"https:\/\/acjbb-sud.org\/index.php\/2019\/03\/27\/paracha-chemini-chabbat-parah-mevarehim-5779\/#primaryimage\"},\"thumbnailUrl\":\"https:\/\/acjbb-sud.org\/wp-content\/uploads\/2018\/10\/ACJBB-Sud-Chabbat-halots-bougies-vin-600-logos-v2.jpg\",\"datePublished\":\"2019-03-27T21:13:41+00:00\",\"dateModified\":\"2019-04-03T07:57:50+00:00\",\"author\":{\"@id\":\"https:\/\/acjbb-sud.org\/#\/schema\/person\/adc8f09fb72c9d0dc78509106dc5e9f0\"},\"breadcrumb\":{\"@id\":\"https:\/\/acjbb-sud.org\/index.php\/2019\/03\/27\/paracha-chemini-chabbat-parah-mevarehim-5779\/#breadcrumb\"},\"inLanguage\":\"fr-FR\",\"potentialAction\":[{\"@type\":\"ReadAction\",\"target\":[\"https:\/\/acjbb-sud.org\/index.php\/2019\/03\/27\/paracha-chemini-chabbat-parah-mevarehim-5779\/\"]}]},{\"@type\":\"ImageObject\",\"inLanguage\":\"fr-FR\",\"@id\":\"https:\/\/acjbb-sud.org\/index.php\/2019\/03\/27\/paracha-chemini-chabbat-parah-mevarehim-5779\/#primaryimage\",\"url\":\"https:\/\/acjbb-sud.org\/wp-content\/uploads\/2018\/10\/ACJBB-Sud-Chabbat-halots-bougies-vin-600-logos-v2.jpg\",\"contentUrl\":\"https:\/\/acjbb-sud.org\/wp-content\/uploads\/2018\/10\/ACJBB-Sud-Chabbat-halots-bougies-vin-600-logos-v2.jpg\",\"width\":615,\"height\":433},{\"@type\":\"BreadcrumbList\",\"@id\":\"https:\/\/acjbb-sud.org\/index.php\/2019\/03\/27\/paracha-chemini-chabbat-parah-mevarehim-5779\/#breadcrumb\",\"itemListElement\":[{\"@type\":\"ListItem\",\"position\":1,\"name\":\"Accueil\",\"item\":\"https:\/\/acjbb-sud.org\/\"},{\"@type\":\"ListItem\",\"position\":2,\"name\":\"Paracha Ch\u00e9mini &#8211; Chabbat Parah et M\u00e9var\u00e9&rsquo;him\"}]},{\"@type\":\"WebSite\",\"@id\":\"https:\/\/acjbb-sud.org\/#website\",\"url\":\"https:\/\/acjbb-sud.org\/\",\"name\":\"Synagogue ACJBB Boulogne Sud\",\"description\":\"Synagogue \/ Association Communautaire Juive de Boulogne Billancourt (Sud)\",\"potentialAction\":[{\"@type\":\"SearchAction\",\"target\":{\"@type\":\"EntryPoint\",\"urlTemplate\":\"https:\/\/acjbb-sud.org\/?s={search_term_string}\"},\"query-input\":{\"@type\":\"PropertyValueSpecification\",\"valueRequired\":true,\"valueName\":\"search_term_string\"}}],\"inLanguage\":\"fr-FR\"},{\"@type\":\"Person\",\"@id\":\"https:\/\/acjbb-sud.org\/#\/schema\/person\/adc8f09fb72c9d0dc78509106dc5e9f0\",\"name\":\"AcjbbSud\",\"image\":{\"@type\":\"ImageObject\",\"inLanguage\":\"fr-FR\",\"@id\":\"https:\/\/acjbb-sud.org\/#\/schema\/person\/image\/\",\"url\":\"https:\/\/secure.gravatar.com\/avatar\/ea30fe7a8231c8c0bf30066f86006714af7be34ba414543eaab3e453b92901aa?s=96&d=mm&r=g\",\"contentUrl\":\"https:\/\/secure.gravatar.com\/avatar\/ea30fe7a8231c8c0bf30066f86006714af7be34ba414543eaab3e453b92901aa?s=96&d=mm&r=g\",\"caption\":\"AcjbbSud\"},\"url\":\"https:\/\/acjbb-sud.org\/index.php\/author\/acjbbsud\/\"}]}<\/script>\n<!-- \/ Yoast SEO plugin. -->","yoast_head_json":{"title":"Paracha Ch\u00e9mini - Chabbat Parah et M\u00e9var\u00e9'him - Synagogue ACJBB Boulogne Sud","robots":{"index":"index","follow":"follow","max-snippet":"max-snippet:-1","max-image-preview":"max-image-preview:large","max-video-preview":"max-video-preview:-1"},"canonical":"https:\/\/acjbb-sud.org\/index.php\/2019\/03\/27\/paracha-chemini-chabbat-parah-mevarehim-5779\/","og_locale":"fr_FR","og_type":"article","og_title":"Paracha Ch\u00e9mini - Chabbat Parah et M\u00e9var\u00e9'him - Synagogue ACJBB Boulogne Sud","og_description":"Paracha Ch\u00e9mini \/ \u05e4\u05e8\u05e9\u05d4 \u05e9\u05de\u05d9\u05e0\u05d9 Chabbat Parah \/ \u05e9\u05d1\u05ea \u05e4\u05e8\u05d4 Chabbat M\u00e9var\u00e9&rsquo;him \/ \u05e9\u05d1\u05ea \u05de\u05d1\u05e8\u05db\u05d9\u05dd 29\/30 mars 2019 &#8211; 23 Adar 2 5779 \/ \u05db&rsquo;\u05d2 \u05d0\u05d3\u05e8 \u05d1 \u05ea\u05e9\u05e2&rsquo;\u05d8 D\u00e9but : 18h58 &#8211; Fin : 20h06 Les Horaires : Vendredi soir : 18h55 : Allumage des bougies et entr\u00e9e de Chabbat (heure maximum pour l&rsquo;allumage : &hellip; Lire la suite","og_url":"https:\/\/acjbb-sud.org\/index.php\/2019\/03\/27\/paracha-chemini-chabbat-parah-mevarehim-5779\/","og_site_name":"Synagogue ACJBB Boulogne Sud","article_published_time":"2019-03-27T21:13:41+00:00","article_modified_time":"2019-04-03T07:57:50+00:00","og_image":[{"width":615,"height":433,"url":"https:\/\/acjbb-sud.org\/wp-content\/uploads\/2018\/10\/ACJBB-Sud-Chabbat-halots-bougies-vin-600-logos-v2.jpg","type":"image\/jpeg"}],"author":"AcjbbSud","twitter_card":"summary_large_image","twitter_misc":{"\u00c9crit par":"AcjbbSud","Dur\u00e9e de lecture estim\u00e9e":"20 minutes"},"schema":{"@context":"https:\/\/schema.org","@graph":[{"@type":"WebPage","@id":"https:\/\/acjbb-sud.org\/index.php\/2019\/03\/27\/paracha-chemini-chabbat-parah-mevarehim-5779\/","url":"https:\/\/acjbb-sud.org\/index.php\/2019\/03\/27\/paracha-chemini-chabbat-parah-mevarehim-5779\/","name":"Paracha Ch\u00e9mini - Chabbat Parah et M\u00e9var\u00e9'him - Synagogue ACJBB Boulogne Sud","isPartOf":{"@id":"https:\/\/acjbb-sud.org\/#website"},"primaryImageOfPage":{"@id":"https:\/\/acjbb-sud.org\/index.php\/2019\/03\/27\/paracha-chemini-chabbat-parah-mevarehim-5779\/#primaryimage"},"image":{"@id":"https:\/\/acjbb-sud.org\/index.php\/2019\/03\/27\/paracha-chemini-chabbat-parah-mevarehim-5779\/#primaryimage"},"thumbnailUrl":"https:\/\/acjbb-sud.org\/wp-content\/uploads\/2018\/10\/ACJBB-Sud-Chabbat-halots-bougies-vin-600-logos-v2.jpg","datePublished":"2019-03-27T21:13:41+00:00","dateModified":"2019-04-03T07:57:50+00:00","author":{"@id":"https:\/\/acjbb-sud.org\/#\/schema\/person\/adc8f09fb72c9d0dc78509106dc5e9f0"},"breadcrumb":{"@id":"https:\/\/acjbb-sud.org\/index.php\/2019\/03\/27\/paracha-chemini-chabbat-parah-mevarehim-5779\/#breadcrumb"},"inLanguage":"fr-FR","potentialAction":[{"@type":"ReadAction","target":["https:\/\/acjbb-sud.org\/index.php\/2019\/03\/27\/paracha-chemini-chabbat-parah-mevarehim-5779\/"]}]},{"@type":"ImageObject","inLanguage":"fr-FR","@id":"https:\/\/acjbb-sud.org\/index.php\/2019\/03\/27\/paracha-chemini-chabbat-parah-mevarehim-5779\/#primaryimage","url":"https:\/\/acjbb-sud.org\/wp-content\/uploads\/2018\/10\/ACJBB-Sud-Chabbat-halots-bougies-vin-600-logos-v2.jpg","contentUrl":"https:\/\/acjbb-sud.org\/wp-content\/uploads\/2018\/10\/ACJBB-Sud-Chabbat-halots-bougies-vin-600-logos-v2.jpg","width":615,"height":433},{"@type":"BreadcrumbList","@id":"https:\/\/acjbb-sud.org\/index.php\/2019\/03\/27\/paracha-chemini-chabbat-parah-mevarehim-5779\/#breadcrumb","itemListElement":[{"@type":"ListItem","position":1,"name":"Accueil","item":"https:\/\/acjbb-sud.org\/"},{"@type":"ListItem","position":2,"name":"Paracha Ch\u00e9mini &#8211; Chabbat Parah et M\u00e9var\u00e9&rsquo;him"}]},{"@type":"WebSite","@id":"https:\/\/acjbb-sud.org\/#website","url":"https:\/\/acjbb-sud.org\/","name":"Synagogue ACJBB Boulogne Sud","description":"Synagogue \/ Association Communautaire Juive de Boulogne Billancourt (Sud)","potentialAction":[{"@type":"SearchAction","target":{"@type":"EntryPoint","urlTemplate":"https:\/\/acjbb-sud.org\/?s={search_term_string}"},"query-input":{"@type":"PropertyValueSpecification","valueRequired":true,"valueName":"search_term_string"}}],"inLanguage":"fr-FR"},{"@type":"Person","@id":"https:\/\/acjbb-sud.org\/#\/schema\/person\/adc8f09fb72c9d0dc78509106dc5e9f0","name":"AcjbbSud","image":{"@type":"ImageObject","inLanguage":"fr-FR","@id":"https:\/\/acjbb-sud.org\/#\/schema\/person\/image\/","url":"https:\/\/secure.gravatar.com\/avatar\/ea30fe7a8231c8c0bf30066f86006714af7be34ba414543eaab3e453b92901aa?s=96&d=mm&r=g","contentUrl":"https:\/\/secure.gravatar.com\/avatar\/ea30fe7a8231c8c0bf30066f86006714af7be34ba414543eaab3e453b92901aa?s=96&d=mm&r=g","caption":"AcjbbSud"},"url":"https:\/\/acjbb-sud.org\/index.php\/author\/acjbbsud\/"}]}},"jetpack_publicize_connections":[],"jetpack_featured_media_url":"https:\/\/acjbb-sud.org\/wp-content\/uploads\/2018\/10\/ACJBB-Sud-Chabbat-halots-bougies-vin-600-logos-v2.jpg","jetpack_sharing_enabled":true,"jetpack_shortlink":"https:\/\/wp.me\/p7sjOI-FA","jetpack_likes_enabled":true,"_links":{"self":[{"href":"https:\/\/acjbb-sud.org\/index.php\/wp-json\/wp\/v2\/posts\/2578","targetHints":{"allow":["GET"]}}],"collection":[{"href":"https:\/\/acjbb-sud.org\/index.php\/wp-json\/wp\/v2\/posts"}],"about":[{"href":"https:\/\/acjbb-sud.org\/index.php\/wp-json\/wp\/v2\/types\/post"}],"author":[{"embeddable":true,"href":"https:\/\/acjbb-sud.org\/index.php\/wp-json\/wp\/v2\/users\/1"}],"replies":[{"embeddable":true,"href":"https:\/\/acjbb-sud.org\/index.php\/wp-json\/wp\/v2\/comments?post=2578"}],"version-history":[{"count":8,"href":"https:\/\/acjbb-sud.org\/index.php\/wp-json\/wp\/v2\/posts\/2578\/revisions"}],"predecessor-version":[{"id":2596,"href":"https:\/\/acjbb-sud.org\/index.php\/wp-json\/wp\/v2\/posts\/2578\/revisions\/2596"}],"wp:featuredmedia":[{"embeddable":true,"href":"https:\/\/acjbb-sud.org\/index.php\/wp-json\/wp\/v2\/media\/2195"}],"wp:attachment":[{"href":"https:\/\/acjbb-sud.org\/index.php\/wp-json\/wp\/v2\/media?parent=2578"}],"wp:term":[{"taxonomy":"category","embeddable":true,"href":"https:\/\/acjbb-sud.org\/index.php\/wp-json\/wp\/v2\/categories?post=2578"},{"taxonomy":"post_tag","embeddable":true,"href":"https:\/\/acjbb-sud.org\/index.php\/wp-json\/wp\/v2\/tags?post=2578"}],"curies":[{"name":"wp","href":"https:\/\/api.w.org\/{rel}","templated":true}]}}