{"id":2710,"date":"2019-05-30T07:34:55","date_gmt":"2019-05-30T05:34:55","guid":{"rendered":"https:\/\/acjbb-sud.org\/?p=2710"},"modified":"2019-06-03T14:56:56","modified_gmt":"2019-06-03T12:56:56","slug":"paracha-behoukotai-5779-chabbat-mevarehim","status":"publish","type":"post","link":"https:\/\/acjbb-sud.org\/index.php\/2019\/05\/30\/paracha-behoukotai-5779-chabbat-mevarehim\/","title":{"rendered":"Paracha B\u00e9&rsquo;houkota\u00ef &#8211; Chabbat M\u00e9var\u00e9&rsquo;him"},"content":{"rendered":"<h3 style=\"text-align: center; padding-left: 30px;\"><strong>Paracha B\u00e9&rsquo;houkota\u00ef \/ <span dir=\"RTL\" lang=\"HE\"> \u05e4\u05e8\u05e9\u05d4 \u05d1\u05d7\u05e7\u05ea\u05d9 <\/span><\/strong><\/h3>\n<h3 style=\"text-align: center; padding-left: 30px;\"><strong>Chabbat M\u00e9var\u00e9&rsquo;him \/ <span dir=\"RTL\" lang=\"HE\"> \u05e9\u05d1\u05ea \u05de\u05d1\u05e8\u05db\u05d9\u05dd <\/span><\/strong><\/h3>\n<h4 style=\"text-align: center;\"><strong>31 mai\/1er juin 2019 &#8211; 27 Iyar 5779 \/ <span dir=\"RTL\" lang=\"HE\">\u05db&rsquo;\u05d6 \u05d0\u05d9\u05d9\u05e8 \u05ea\u05e9\u05e2&rsquo;\u05d8<\/span><\/strong><\/h4>\n<h4 style=\"text-align: center;\"><em><strong>D\u00e9but : 21h26 &#8211; Fin : 22h49<\/strong><\/em><\/h4>\n<p style=\"text-align: justify;\"><img loading=\"lazy\" decoding=\"async\" class=\"wp-image-2195 size-full aligncenter\" src=\"https:\/\/acjbb-sud.org\/wp-content\/uploads\/2018\/10\/ACJBB-Sud-Chabbat-halots-bougies-vin-600-logos-v2.jpg\" alt=\"\" width=\"615\" height=\"433\" srcset=\"https:\/\/acjbb-sud.org\/wp-content\/uploads\/2018\/10\/ACJBB-Sud-Chabbat-halots-bougies-vin-600-logos-v2.jpg 615w, https:\/\/acjbb-sud.org\/wp-content\/uploads\/2018\/10\/ACJBB-Sud-Chabbat-halots-bougies-vin-600-logos-v2-300x211.jpg 300w\" sizes=\"auto, (max-width: 615px) 100vw, 615px\" \/><\/p>\n<h3><strong><span style=\"text-decoration: underline;\">Les Horaires :<\/span><br \/>\n<\/strong><\/h3>\n<p><em><strong>Vendredi soir :<\/strong><\/em><br \/>\n<strong>20h15<\/strong> : Allumage des bougies et entr\u00e9e de Chabbat (heure maximum pour l&rsquo;allumage : 21h26)<br \/>\n<strong>19h15<\/strong> : Chir haChirim<br \/>\n<strong>19h30<\/strong> : Min\u2019ha, suivi de Kabbalat Chabbat et Arvit<br \/>\nDvar Torah par le <strong>Rabbin Mickael MOUYAL<\/strong><\/p>\n<p><strong><em>Samedi matin :<\/em> <\/strong><br \/>\n<strong>09h00<\/strong> : Cha\u2019harit<br \/>\nDvar Torah par le <strong>Rabbin Mickael MOUYAL<\/strong><br \/>\nL&rsquo;office sera suivi d&rsquo;un kiddouch offert par <strong>St\u00e9phanie &amp; Damien KERBEL<\/strong> \u00e0 l\u2019occasion de la Bar Mitsvah de <strong>Tom<\/strong>. Nous souhaitons un grand Mazal tov, \u00e0 Tom \u00e0 ses parents St\u00e9phanie &amp; Damien KERBEL ainsi qu\u2019\u00e0 ses grands-parents Danielle &amp; Patrick KERBEL et \u00e0 toute sa famille.<\/p>\n<p><em><strong>Samedi apr\u00e8s-midi :<\/strong><\/em><br \/>\n<strong>19h30<\/strong> : Etude du <em>Al\u00e9 Chour<\/em> du Rav Wolbe et cours mixte sur la Paracha par le <strong>Rabbin Mickael MOUYAL<\/strong><br \/>\n<strong>20h45<\/strong> : T\u00e9hilim &#8211; Lecture collective des T\u00e9hilim &#8211; Alpha\/Beta<br \/>\n<strong>21h00<\/strong> : Min\u2019ha<br \/>\nSuivi de la S\u00e9ouda Ch\u00e9lichit, des chants de Chabbat et du D&rsquo;var Torah par le <strong>Rabbin Mickael MOUYAL<\/strong><br \/>\n<strong>21h45<\/strong> : Shquiya \/ <span dir=\"RTL\" lang=\"HE\">\u05e9\u05e7\u05e2\u05ea \u05d4\u05d7\u05de\u05d4<\/span><\/p>\n<p><strong><em>Samedi soir :<\/em> <\/strong><br \/>\n<strong>22h49<\/strong> : Fin de Chabbat, Arvit et Havdala<\/p>\n<p><strong><em>Dimanche matin :<\/em> <\/strong><br \/>\n<strong>08h00<\/strong> : Cha\u2019harit, suivi d&rsquo;un petit d\u00e9jeuner offert \u00e0 l&rsquo;occasion de <strong>Yom Y\u00e9rouchala\u00efm<\/strong><\/p>\n<p><strong>Chabbat Chalom !<\/strong><\/p>\n<p><!--more--><\/p>\n<hr \/>\n<h3><strong><span style=\"text-decoration: underline;\">Roch &lsquo;Hodech Sivan :<\/span><br \/>\n<\/strong><\/h3>\n<p>Roch &lsquo;Hodech Sivan aura lieu mardi 4 juin 2019 (\u00e0 partir de lundi 3 juin au soir).<\/p>\n<hr \/>\n<h3><strong><span style=\"text-decoration: underline;\">Yom Y\u00e9rouchala\u00efm :<\/span><br \/>\n<\/strong><\/h3>\n<p>Yom Y\u00e9rouchala\u00efm, <em>Jour anniversaire de la r\u00e9unification de J\u00e9rusalem<\/em>, aura lieu le dimanche 2 juin 2019.<\/p>\n<hr \/>\n<h3><strong><span style=\"text-decoration: underline;\">Carnet de familles :<\/span><br \/>\n<\/strong><\/h3>\n<p><strong>Bar Mitsvah<\/strong><br \/>\n\u05de\u05d6\u05dc \u05d8\u05d5\u05d1<br \/>\nNous souhaitons un grand Mazal Tov \u00e0 <strong>Tom KERBEL<\/strong> qui a mis ses T\u00e9philines lundi dernier. <strong>Tom<\/strong> participera ce Chabbat \u00e0 la T\u00e9fila et lira la Paracha de B\u00e9&rsquo;\u1e25oukota\u00ef pour c\u00e9l\u00e9brer sa Bar Mitsvah \u00e0 l&rsquo;ACJBB Boulogne SUD.<br \/>\nNous souhaitons un grand Mazal tov \u00e0 ses parents <strong>St\u00e9phanie &amp; Damien KERBEL<\/strong> ainsi qu\u2019\u00e0 ses grands-parents <strong>Danielle &amp; Patrick KERBEL<\/strong> et \u00e0 toute sa famille.<\/p>\n<hr \/>\n<h3><strong><span style=\"text-decoration: underline;\">Offices et cours de la semaine \u00e0 la Synagogue :<\/span><br \/>\n<\/strong><\/h3>\n<p><em>43 rue des abondances<\/em><\/p>\n<p><strong><em>Cha\u2019harit &#8211; 1er office :<\/em><\/strong><br \/>\n<strong>6h55<\/strong> : Lundi et jeudi<br \/>\n<strong>7h00<\/strong> : Mardi, mercredi et vendredi<br \/>\n<strong>8h00<\/strong> : Dimanche et jours f\u00e9ri\u00e9s<\/p>\n<p><strong><em>Cha\u2019harit &#8211; 2\u00e8me Office :<\/em><\/strong><br \/>\n<strong>7h45<\/strong> : dans la Soucah\/Pergola<br \/>\nsuivi d&rsquo;une \u00e9tude par le <strong>Rabbin Didier Kassabi<\/strong> du lundi au jeudi, et par le <strong>Rav Avner Ibgui<\/strong> le vendredi<\/p>\n<p><strong><em>Min\u2019ha suivi de Arvit :<\/em><\/strong><br \/>\n<strong>20h00<\/strong> : du dimanche au jeudi<\/p>\n<hr \/>\n<h3><strong><span style=\"text-decoration: underline;\">Beth Hamidrach :<\/span><br \/>\n<\/strong><\/h3>\n<p style=\"text-align: justify;\">Le <strong>Rabbin Didier Kassabi<\/strong> donne un cours de Gu\u00e9mara pour jeunes adultes chaque lundi soir \u00e0 20h00 \u00e0 la Synagogue de Boulogne Billancourt, 43 rue des abondances.<\/p>\n<p><img decoding=\"async\" class=\"aligncenter wp-image-2318 size-large\" src=\"https:\/\/acjbb-sud.org\/wp-content\/uploads\/2018\/12\/Rav-Didier-Kassabi-ACJBB-Boulogne-Sud-1024x656.jpg\" alt=\"\" width=\"600\" srcset=\"https:\/\/acjbb-sud.org\/wp-content\/uploads\/2018\/12\/Rav-Didier-Kassabi-ACJBB-Boulogne-Sud-1024x656.jpg 1024w, https:\/\/acjbb-sud.org\/wp-content\/uploads\/2018\/12\/Rav-Didier-Kassabi-ACJBB-Boulogne-Sud-300x192.jpg 300w, https:\/\/acjbb-sud.org\/wp-content\/uploads\/2018\/12\/Rav-Didier-Kassabi-ACJBB-Boulogne-Sud-768x492.jpg 768w, https:\/\/acjbb-sud.org\/wp-content\/uploads\/2018\/12\/Rav-Didier-Kassabi-ACJBB-Boulogne-Sud.jpg 1588w\" sizes=\"(max-width: 1024px) 100vw, 1024px\" \/><\/p>\n<p>Retrouvez tous les cours du Rabbin Kassabi <a href=\"https:\/\/acjbb-sud.org\/index.php\/cours-du-rabbin-kassabi\/\" target=\"_blank\" rel=\"noopener noreferrer\">sur cette page<\/a> !!<\/p>\n<hr \/>\n<h3><strong><span style=\"text-decoration: underline;\">Talmud Thorah :<\/span><br \/>\n<\/strong><\/h3>\n<p>Les cours ont lieu chaque dimanche (hors p\u00e9riode de vacances scolaires) dans l&rsquo;enceinte de la Synagogue (43 rue des abondances).<br \/>\n<strong>L&rsquo;avenir de nos enfants passent par une \u00e9ducation juive de qualit\u00e9 que nous devons leur offrir.<\/strong><\/p>\n<p><span style=\"color: #0000ff;\"><strong>Aucun enfant ne doit rester en marge de cette transmission des valeurs de la Torah.<\/strong><\/span><\/p>\n<p>Continuez \u00e0 inscrire vos enfants. Nous vous attendons nombreux pour les inscriptions aupr\u00e8s du <a href=\"mailto:didierkassabi@free.fr?subject=TalmudThorah\" target=\"_blank\" rel=\"noopener noreferrer\">Rabbin Didier Kassabi<\/a>.<\/p>\n<hr \/>\n<h3><strong><span style=\"text-decoration: underline;\">Assembl\u00e9e g\u00e9n\u00e9rale de l&rsquo;ACJBB :<\/span><br \/>\n<\/strong><\/h3>\n<p>L&rsquo;assembl\u00e9e g\u00e9n\u00e9rale de l&rsquo;Association culturelle juive de Boulogne-Billancourt (ACJBB) aura lieu le <strong>jeudi 13 juin \u00e0 20h00<\/strong> dans l&rsquo;Espace communautaire de la Synagogue de Boulogne, 43 rue des Abondances (entre par la rue de l&rsquo;Abreuvoir)<\/p>\n<p>Ordre du jour :<\/p>\n<ul>\n<li>Rapport moral<\/li>\n<li>Rapport financier ACJBB par le Tr\u00e9sorier<\/li>\n<li>Rapports du Commissaire aux comptes sur les Comptes 1CJBB au 31\/12\/2018<\/li>\n<li>Rapport financier ACIP-BOULOGNE par le Tr\u00e9sorier<\/li>\n<li>Etat des finances et du fonctionnement de l&rsquo;office ACJBB-Sud<\/li>\n<li>Pr\u00e9sentation du Centre culturel juif de Boulogne<\/li>\n<li>Message du Pr\u00e9sident<\/li>\n<\/ul>\n<p>Conform\u00e9ment aux statuts de l&rsquo;association, la convocation \u00e0 l&rsquo;AG par email est autoris\u00e9e. Cette annonce tient donc lieu de convocation.<br \/>\nSi vous souhaitez poser des questions au Pr\u00e9sident, au Conseil d&rsquo;administration ou au Commissaire aux comptes, vous pouvez le faire en cliquant sur <a href=\"https:\/\/synaboulogne.us12.list-manage.com\/track\/click?u=f13343cbc4710ddbadcdef23f&amp;id=b03ed2ca2c&amp;e=744d346afc\" target=\"_blank\" rel=\"noopener noreferrer\">ce lien<\/a>. Les r\u00e9ponses vous seront apport\u00e9es au cours de l&rsquo;AG.<\/p>\n<hr \/>\n<h3><strong><span style=\"text-decoration: underline;\">Participez \u00e0 l&rsquo;\u00e9criture d&rsquo;un Sefer Torah \u00e0 la m\u00e9moire d&rsquo;Elie Botbol :<\/span><br \/>\n<\/strong><\/h3>\n<p>La Communaut\u00e9 juive de Boulogne-Billancourt, s&rsquo;associe au projet de la famille d&rsquo;Elie (\u05d6\u05f4\u05dc) et vous propose de participer \u00e0 l&rsquo;\u00e9criture du Sefer Tora qui sera \u00e9crit \u00e0 la m\u00e9moire et pour l&rsquo;\u00e9l\u00e9vation de l&rsquo;\u00e2me de notre cher ami <strong>Eliahou ben Aaron ve Ra&rsquo;hel BOTBOL<\/strong> (\u05d6\u05f4\u05dc)<\/p>\n<p><img decoding=\"async\" class=\"wp-image-2450 size-full aligncenter\" src=\"https:\/\/acjbb-sud.org\/wp-content\/uploads\/2019\/02\/ecrire-Sefer-Torah.jpg\" alt=\"\" width=\"500\" srcset=\"https:\/\/acjbb-sud.org\/wp-content\/uploads\/2019\/02\/ecrire-Sefer-Torah.jpg 586w, https:\/\/acjbb-sud.org\/wp-content\/uploads\/2019\/02\/ecrire-Sefer-Torah-300x222.jpg 300w\" sizes=\"(max-width: 586px) 100vw, 586px\" \/><\/p>\n<p>Le Sefer Tora sera inaugur\u00e9 sDv pour \u00e0 l&rsquo;issue de la premi\u00e8re ann\u00e9e de deuil.<br \/>\nChaque lettre est \u00e0 acqu\u00e9rir pour un montant de 52\u20ac, et donne droit \u00e0 un re\u00e7u Cerfa.<br \/>\nVous pouvez acqu\u00e9rir une ou plusieurs lettres, un Passouk ou une Paracha dans ce Sefer Tora.<\/p>\n<p><strong>Tizkou leMitsvoth !<\/strong><\/p>\n<p><a href=\"https:\/\/synaboulogne.us12.list-manage.com\/track\/click?u=f13343cbc4710ddbadcdef23f&amp;id=17d6042aa0&amp;e=744d346afc\" target=\"_blank\" rel=\"noopener noreferrer\">Je participe au Sefer Tora \u00e0 la m\u00e9moire d&rsquo;Elie Botbol (\u05d6\u05f4\u05dc)<\/a><\/p>\n<hr \/>\n<h3><strong><span style=\"text-decoration: underline;\">\u00ab Les AMIS de la REFOUA \u00bb &#8211; Visite aux malades :<\/span><br \/>\n<\/strong><\/h3>\n<p style=\"text-align: justify;\">Des b\u00e9n\u00e9voles de Boulogne proposent aux personnes qui le demandent : l&rsquo;organisation d&rsquo;une chaine de lecture de T\u00e9hilims pour la gu\u00e9rison de nos malades, de prendre de leurs nouvelles et leur rendre visite dans les h\u00f4pitaux.<br \/>\nCes actions se font dans la plus grande discr\u00e9tion et s&rsquo;inscrivent dans le cadre du b\u00e9n\u00e9volat.<br \/>\nVous pourrez joindre &#8211; <em>les AMIS de la REFOUA<\/em> &#8211; au 06.03.75.34.15, ou par courriel \u00e0 : <a href=\"mailto:israelalbert1@gmail.com\">israelalbert1@gmail.com<\/a><br \/>\nVous pouvez aussi faire partie de ces b\u00e9n\u00e9voles, nous vous remercions par avance.<\/p>\n<hr \/>\n<h3><strong><span style=\"text-decoration: underline;\">Information ACJBB Boulogne Sud :<\/span><br \/>\n<\/strong><\/h3>\n<p style=\"text-align: justify;\">Retrouvez toutes les informations de l\u2019office sur : <a href=\"http:\/\/www.acjbb-sud.org\" target=\"_blank\" rel=\"noopener noreferrer\">www.acjbb-sud.org<\/a>.<br \/>\nSi vous souhaitez recevoir par mail la newsletter de l&rsquo;office, inscrivez-vous en nous envoyant un mail \u00e0 <a href=\"mailto:officeboulognesud@gmail.com\">officeboulognesud@gmail.com<\/a>.<br \/>\nRetrouvez \u00e9galement toutes les informations sur la page Facebook de l&rsquo;office : <a href=\"http:\/\/facebook.com\/acjbbsud\" target=\"_blank\" rel=\"noopener noreferrer\">facebook.com\/acjbbsud<\/a> et sur Twitter : <a href=\"http:\/\/twitter.com\/acjbbsud\" target=\"_blank\" rel=\"noopener noreferrer\">twitter.com\/acjbbsud<\/a>.<\/p>\n<hr \/>\n<h3><strong><span style=\"text-decoration: underline;\">S\u00e9curit\u00e9 SPCJ :<\/span><br \/>\n<\/strong><\/h3>\n<p style=\"text-align: justify;\"><strong>La s\u00e9curit\u00e9 est l&rsquo;affaire de tous ! Le SPCJ a besoin de chacun d&rsquo;entre nous !<\/strong><br \/>\nLa protection de la vie communautaire est plus que jamais l&rsquo;affaire de tous ! Vous en \u00eates les premiers acteurs ! Votre mobilisation est essentielle et n\u00e9cessaire !<br \/>\nSi vous souhaitez nous aider \u00e0 assurer la protection de l&rsquo;office, rapprochez-vous de nous !<br \/>\nPlus nous serons nombreux \u00e0 nous mobiliser et assurer des relais de garde, plus nous passerons du temps \u00e0 prier !<\/p>\n<hr \/>\n<h3><strong><span style=\"text-decoration: underline;\">R\u00e9servation des espaces communautaires :<\/span><br \/>\n<\/strong><\/h3>\n<p style=\"text-align: justify;\">Vous souhaitez organiser une manifestation (Brith-Mila, Bar-Mitsvah et Bat-Mitsvah, Mariage, Azkara, Soir\u00e9e Mikv\u00e9 Kala, etc&#8230; ) dans les espaces de la <strong>Synagogue de Boulogne<\/strong>, 43 rue des Abondances, contactez M. Alain Chicheportiche 06.95.62.58.41 &#8211; <a href=\"mailto:alainchicheportiche92@gmail.com\">alainchicheportiche92@gmail.com<\/a><\/p>\n<p style=\"text-align: justify;\">Vous souhaitez r\u00e9server la salle de <strong>Boulogne Sud<\/strong>, 134 bis rue du point du jour Boulogne Billancourt, contactez M. Patrick Sebban 06.03.02.30.78 &#8211; <a href=\"mailto:patrick.sebban2@paris.fr\">patrick.sebban2@paris.fr<\/a><\/p>\n<hr \/>\n<h3><strong><span style=\"text-decoration: underline;\">Mikv\u00e9 :<\/span><br \/>\n<\/strong><\/h3>\n<p><strong><em>Mikv\u00e9 pour les femmes<\/em><\/strong><br \/>\nLe Mikv\u00e9 est ouvert tous les soirs, du dimanche au jeudi 10 minutes avant l&rsquo;heure de la fin du Chabbat pr\u00e9c\u00e9dent, pendant 1h30.<br \/>\nLe samedi soir, le mikv\u00e9 ouvre 1h apr\u00e8s la fin de Chabbat, pendant 1h30.<br \/>\nPour les vendredis soirs et soirs de f\u00eate, prendre rendez-vous avec Mme Kassabi, au moins 2 jours avant au 06 22 76 15 04.<\/p>\n<p><strong><em>Mikv\u00e9 vaisselle<\/em><\/strong><br \/>\nLe Mikv\u00e9 K\u00e9lim est ouvert tous les matins du dimanche au vendredi depuis l&rsquo;heure de la T\u00e9fila jusqu&rsquo;\u00e0 midi.<\/p>\n<hr \/>\n<h3><strong><span style=\"text-decoration: underline;\">Faire un don :<\/span><br \/>\n<\/strong><\/h3>\n<p style=\"text-align: justify;\">Pour faire vivre et participer activement \u00e0 cet office, <a href=\"http:\/\/www.acjbb-sud.org\/index.php\/faire-un-don\/\" target=\"_blank\" rel=\"noopener noreferrer\">faites un don<\/a> par internet ou envoyez vos ch\u00e8ques au <strong>134 bis rue du Point du Jour<\/strong>. Toutes les participations sont bienvenues, <em>les petits ruisseaux faisant de grandes rivi\u00e8res<\/em>, nous parviendrons, tous ensemble, \u00e0 faire vivre l\u2019Office de Boulogne Sud.<\/p>\n<p>Tizkou L\u00e9-Mitsvot !!<\/p>\n<hr \/>\n<h3><strong><span style=\"text-decoration: underline;\">Dons pour le Centre Culturel de Boulogne Billancourt :<\/span><br \/>\n<\/strong><\/h3>\n<p style=\"text-align: justify;\">Le nouveau centre culturel sera situ\u00e9 \u00e0 l&rsquo;angle des rues Marcel Dassault et d&rsquo;Anjou. Le permis de construire, d\u00e9pos\u00e9 en mars \u00e0 la mairie a \u00e9t\u00e9 purg\u00e9. Les travaux devraient commencer prochainement. Il comprendra notamment :<\/p>\n<ul>\n<li>Une Synagogue<\/li>\n<li>Le Centre Communautaire (CCIBB)<\/li>\n<li>Une salle polyvalente<\/li>\n<li>Une salle des f\u00eates<\/li>\n<li>Et un Mikv\u00e9<\/li>\n<\/ul>\n<p>Vous pouvez consulter la <a href=\"https:\/\/fr.calameo.com\/read\/00057892520c64798775e\" target=\"_blank\" rel=\"noopener noreferrer\">plaquette de pr\u00e9sentation du Centre Culturel de Boulogne<\/a><\/p>\n<p style=\"text-align: justify;\"><img decoding=\"async\" class=\"aligncenter wp-image-778 size-full\" src=\"http:\/\/acjbb-sud.org\/wp-content\/uploads\/2017\/06\/Acjbb-construction-1.png\" alt=\"\" width=\"600\" srcset=\"https:\/\/acjbb-sud.org\/wp-content\/uploads\/2017\/06\/Acjbb-construction-1.png 684w, https:\/\/acjbb-sud.org\/wp-content\/uploads\/2017\/06\/Acjbb-construction-1-300x202.png 300w, https:\/\/acjbb-sud.org\/wp-content\/uploads\/2017\/06\/Acjbb-construction-1-445x300.png 445w\" sizes=\"(max-width: 684px) 100vw, 684px\" \/><\/p>\n<h3 class=\"m_-5277437730878633356null\"><span style=\"color: #0000ff;\"><strong>Etat du dossier<\/strong><\/span><\/h3>\n<p><strong>Nous avons termin\u00e9 la n\u00e9gociation avec Eiffage construction<\/strong> pour la construction du centre. Le co\u00fbt du projet &#8211; hors al\u00e9a &#8211; sera de 6.135 K\u20ac TTC. Nous sommes pr\u00eats \u00e0 signer le contrat de construction pour la premi\u00e8re tranche. Il nous reste simplement \u00e0 fournir l&rsquo;\u00e9vidence des fonds et\/ou leur donner une garantie bancaire.<\/p>\n<p><strong>Nous lan\u00e7ons une campagne aupr\u00e8s de grands donateurs<\/strong>, qui voudront montrer leur solidarit\u00e9 et d\u00e9dier des parties de l&rsquo;immeuble \u00e0 leur nom ou au noms de leurs disparus.<\/p>\n<p>Je sais ce projet qui garantit l&rsquo;identit\u00e9 juive pour les ann\u00e9es \u00e0 venir, dans un environnement o\u00f9 cela deviendra de plus en plus critique, ne vous laissera pas indiff\u00e9rent.<\/p>\n<p>Je vous adresse ci-dessous\u00a0le book r\u00e9vis\u00e9 que vous pourrez distribuer autour de vous. Je pourrai bien entendu rencontrer tous ceux qui seront int\u00e9ress\u00e9s par le projet.<\/p>\n<p>De plus, les dons peuvent se faire par le <strong>paiement de l&rsquo;IFI <\/strong>par un versement \u00e0<br \/>\nFJF &#8211; Fondation du patrimoine juif de France &#8211; Boulogne<br \/>\nlen ligne, <a href=\"https:\/\/synaboulogne.us12.list-manage.com\/track\/click?u=f13343cbc4710ddbadcdef23f&amp;id=e134eb046e&amp;e=744d346afc\" target=\"_blank\" rel=\"noopener noreferrer\" data-saferedirecturl=\"https:\/\/www.google.com\/url?hl=fr&amp;q=https:\/\/synaboulogne.us12.list-manage.com\/track\/click?u%3Df13343cbc4710ddbadcdef23f%26id%3De134eb046e%26e%3D744d346afc&amp;source=gmail&amp;ust=1559332629323000&amp;usg=AFQjCNHf8Okwdtzb02LdlYtHbNi3pqcxfA\">https:\/\/don.fondationjudaisme.<wbr \/>org\/fundations\/6<\/a> , avec un re\u00e7u CERFA \u00e9mis par internet dans les 24 heures<br \/>\nou par courrier \u00e0 <a href=\"https:\/\/www.google.com\/maps\/search\/72,+rue+de+Bellechasse+%E2%80%93+75007+Paris?entry=gmail&amp;source=g\">72, rue de Bellechasse \u2013 75007 Paris<\/a>. Le re\u00e7u Cerfa sera adress\u00e9 par le Fondation du Judaisme fran\u00e7ais par courrier.<br \/>\nMerci d&rsquo;informer le secr\u00e9tariat de la synagogue <a href=\"mailto:synagogue@acjbb.com\" target=\"_blank\" rel=\"noopener noreferrer\">synagogue@acjbb.com<\/a> pour que nous puissions r\u00e9clamer au Consistoire les dons r\u00e9alis\u00e9s pour le compte de la construction du Centre culturel de Boulogne.<\/p>\n<p><strong>Les dons d\u00e9ductibles de l&rsquo;IRPP<\/strong> peuvent \u00e9galement \u00eatre faits<br \/>\nPar don s\u00e9curis\u00e9s en ligne sur HelloAsso, <a href=\"https:\/\/synaboulogne.us12.list-manage.com\/track\/click?u=f13343cbc4710ddbadcdef23f&amp;id=36318b9f3d&amp;e=744d346afc\" target=\"_blank\" rel=\"noopener noreferrer\" data-saferedirecturl=\"https:\/\/www.google.com\/url?hl=fr&amp;q=https:\/\/synaboulogne.us12.list-manage.com\/track\/click?u%3Df13343cbc4710ddbadcdef23f%26id%3D36318b9f3d%26e%3D744d346afc&amp;source=gmail&amp;ust=1559332629323000&amp;usg=AFQjCNEtMJpIfgE-5tjm_rWEI_239G70QA\">http:\/\/bit.ly\/2K1u8cX<\/a> . Les re\u00e7us CERFA sont d\u00e9livr\u00e9s imm\u00e9diatement par e-mail.<br \/>\nPar courrier en adressant un ch\u00e8que \u00e0 Synagogue de Boulogne &#8211; <a href=\"https:\/\/www.google.com\/maps\/search\/43+rue+des+Abondances+-+92100+Boulogne?entry=gmail&amp;source=g\">43 rue des Abondances &#8211; 92100 Boulogne<\/a>, \u00e0 l&rsquo;ordre de ACJBB-Construction<\/p>\n<p>Robert Ejnes<br \/>\nPr\u00e9sident<\/p>\n<p>Nous continuerons de vous aviser ici de l&rsquo;\u00e9tat d&rsquo;avancement des op\u00e9rations.<br \/>\n<img decoding=\"async\" class=\"aligncenter\" src=\"https:\/\/acjbb-sud.org\/wp-content\/uploads\/2018\/07\/Centre-Culturel-juif-Boulogne-Billancourt-Synagogue.jpg\" alt=\"\" width=\"600\" \/><\/p>\n<p><img decoding=\"async\" class=\"aligncenter\" src=\"https:\/\/acjbb-sud.org\/wp-content\/uploads\/2018\/07\/Centre-Culturel-juif-Boulogne-Billancourt-Synagogue-2.jpg\" alt=\"\" width=\"600\" \/><\/p>\n<p style=\"text-align: justify;\">Devenez acteur du devenir de la vie juive \u00e0 Boulogne en faisant un don pour la construction du Centre Culturel de Boulogne. Vous pouvez d\u00e9cider de diriger votre don vers la synagogue ACJBB ou vers le CCIBB, en nous l&rsquo;indiquant par message.<\/p>\n<p>Si vous avez des question, <a href=\"mailto:synamail@acjbb.com?subject=&quot;Question sur la construction du Centre culturel&quot;\">envoyez-nous un message<\/a> !<\/p>\n<p><a href=\"http:\/\/synaboulogne.us12.list-manage2.com\/track\/click?u=f13343cbc4710ddbadcdef23f&amp;id=b3fe55f499&amp;e=744d346afc\" target=\"_blank\" rel=\"noopener noreferrer\">Je participe \u00e0 la collecte pour la construction<\/a><\/p>\n<hr \/>\n<h3><strong><span style=\"text-decoration: underline;\">Le Rabbin Kassabi : \u00ab A l&rsquo;origine, B\u00e9r\u00e9chit \u00bb sur France 2 :<\/span><br \/>\n<\/strong><\/h3>\n<p>A l\u2019occasion des 20 ans du <a href=\"https:\/\/www.mahj.org\/fr\" target=\"_blank\" rel=\"noopener noreferrer\">Mus\u00e9e d&rsquo;Art et d&rsquo;Histoire du Juda\u00efsme<\/a>, le <strong>Rabbin Didier Kassabi<\/strong> vous ouvre les portes du mus\u00e9e pour une visite priv\u00e9e, accompagn\u00e9 de son directeur Paul Salmona.<br \/>\n<img decoding=\"async\" class=\"wp-image-2716 size-full aligncenter\" src=\"https:\/\/acjbb-sud.org\/wp-content\/uploads\/2019\/05\/france-2-a-l-origine-berechit-rabbin-didier-Kassabi-musee-art-histoire-juif.png\" alt=\"\" width=\"600\" srcset=\"https:\/\/acjbb-sud.org\/wp-content\/uploads\/2019\/05\/france-2-a-l-origine-berechit-rabbin-didier-Kassabi-musee-art-histoire-juif.png 721w, https:\/\/acjbb-sud.org\/wp-content\/uploads\/2019\/05\/france-2-a-l-origine-berechit-rabbin-didier-Kassabi-musee-art-histoire-juif-300x168.png 300w\" sizes=\"(max-width: 721px) 100vw, 721px\" \/><\/p>\n<p>retrouvez le <a href=\"https:\/\/www.france.tv\/france-2\/a-l-origine-berechit\/990095-derriere-les-portes-le-musee-d-art-et-d-histoire-du-judaisme-a-20-ans.html\" target=\"_blank\" rel=\"noopener noreferrer\">replay ici<\/a> !<\/p>\n<hr \/>\n<h3><strong><span style=\"text-decoration: underline;\">CCIBB &#8211; R\u00e9union d&rsquo;informations Oulpan \/ septembre 2019 :<\/span><br \/>\n<\/strong><\/h3>\n<p>Le Centre Communautaire Isra\u00e9lite de Boulogne Billancourt, en association avec l\u2019<a href=\"https:\/\/osmfrance.fr\/\" target=\"_blank\" rel=\"noopener noreferrer\">OSM<\/a> (Organisation Sioniste Mondiale) vous propose une <strong>nouvelle formule d\u2019Oulpan<\/strong> \u00e0 partir de septembre 2019.<br \/>\n<img decoding=\"async\" class=\"wp-image-2572 size-full aligncenter\" src=\"https:\/\/i0.wp.com\/ccibb.net\/wp-content\/uploads\/2019\/05\/CCIBB-Affiche-reunion-oulpan-OSM.jpeg\" alt=\"\" width=\"600\" \/><br \/>\nVenez nombreuses et nombreux \u00e0 la r\u00e9union d\u2019informations qui se tiendra le <strong>mercredi 12 juin 2019 \u00e0 20h00<\/strong> au CCIBB, 20 ter rue des Peupliers, 92100 Boulogne Billancourt.<\/p>\n<p>Informations et inscriptions : Jonathan : 06.21.07.17.09 \/ boulogne.ccibb@gmail.com<\/p>\n<hr \/>\n<h3><strong><span style=\"text-decoration: underline;\">CCIBB &#8211; Centre de Loisirs \u00c9t\u00e9 2019 :<\/span><br \/>\n<\/strong><\/h3>\n<p>Les directeurs du Centre de loisirs <strong>Anne-Marie AMSALLEM<\/strong> et <strong>Jonathan CAHEN<\/strong>, ainsi que la fantastique \u00e9quipe d\u2019animation accueilleront pour les prochaines vacances <strong> du 8 au 26 juillet 2019<\/strong> vos enfants <strong>de 6 \u00e0 13 ans<\/strong> dans une ambiance juive exceptionnelle !!!<\/p>\n<p>Le programme, toujours diversifi\u00e9, alliera loisirs, sports, culture et identit\u00e9 juive.<\/p>\n<p><img decoding=\"async\" class=\"wp-image-2572 size-full aligncenter\" src=\"https:\/\/acjbb-sud.org\/wp-content\/uploads\/2019\/03\/ccibb-ete-centre-loisirs-2019-xD.jpeg\" alt=\"\" width=\"600\" srcset=\"https:\/\/acjbb-sud.org\/wp-content\/uploads\/2019\/03\/ccibb-ete-centre-loisirs-2019-xD.jpeg 905w, https:\/\/acjbb-sud.org\/wp-content\/uploads\/2019\/03\/ccibb-ete-centre-loisirs-2019-xD-212x300.jpeg 212w, https:\/\/acjbb-sud.org\/wp-content\/uploads\/2019\/03\/ccibb-ete-centre-loisirs-2019-xD-768x1086.jpeg 768w, https:\/\/acjbb-sud.org\/wp-content\/uploads\/2019\/03\/ccibb-ete-centre-loisirs-2019-xD-724x1024.jpeg 724w\" sizes=\"(max-width: 905px) 100vw, 905px\" \/><br \/>\n<strong><u>Au programme :<\/u><\/strong> Parc Ast\u00e9rix, Parc St Paul, Mer de Sable, France Miniature, Bateaux mouches et autres sorties &#8230; Stage de hip-hop, stages sportifs, jeux, ateliers artistiques, maccabiades, journ\u00e9e isra\u00e9lienne et de nombreuses surprises &#8230;<\/p>\n<p>145 \u20ac la semaine (possibilit\u00e9 de bourse) &#8211; <strong>Places limit\u00e9es<\/strong><br \/>\nInformations et r\u00e9servations aupr\u00e8s de Jonathan 06.21.07.17.09 ou sur <a href=\"http:\/\/ccibb.net\/2019\/03\/centre-loisirs-ete-2019-informations-inscriptions\/\" target=\"_blank\" rel=\"noopener noreferrer\">ccibb.net<\/a>.<\/p>\n<hr \/>\n<h3><strong><span style=\"text-decoration: underline;\">Dvar Thorah et enseignements :<\/span><br \/>\n<\/strong><\/h3>\n<p><em><strong>par le Rav Mika\u00ebl Mouyal<\/strong><\/em><\/p>\n<p style=\"text-align: justify;\"><em>L\u00e9\u00eflouy Nichmat Avraham Ben Mikha\u00ebl, &lsquo;Ha\u00ef Victor Ben Yakouta, Jaqueline Bat Esther et Paula Yakouta Bat Rosette<\/em><\/p>\n<h3 style=\"text-align: center;\"><strong>Le coin &lsquo;Hidouchim<\/strong><\/h3>\n<h4><strong>\u00ab Si vous marcherez dans Mes lois \u00bb (26, 3) :<\/strong><\/h4>\n<p style=\"text-align: justify;\">La Thora d\u00e9crit dans notre Paracha les r\u00e9compenses pour le respect des Mitsvot. Mais les commentateurs se demandent pourquoi la Thora ne parle-t-elle pas des r\u00e9compenses dans le monde futur ?<br \/>\nL&rsquo;une des r\u00e9ponses est que la Thora cherche par l\u00e0 \u00e0 augmenter le m\u00e9rite de ceux qui respectent les Mitsvot. Car le fait de pratiquer la Thora sans m\u00eame conna\u00eetre les r\u00e9compenses sublimes et \u00e9ternelles, augmente le m\u00e9rite. Le fait que ce salaire ne soit pas explicit\u00e9 dans la Thora permet de r\u00e9duire la possibilit\u00e9 de dire qu&rsquo;ils pratiquent pour b\u00e9n\u00e9ficier du salaire \u00e9ternel. (Taam Vadaat)<\/p>\n<h4><strong>\u00ab L&rsquo;arbre du champ donnera son fruit \u00bb (26, 4) :<\/strong><\/h4>\n<p style=\"text-align: justify;\">Rachi explique que m\u00eame les arbres st\u00e9riles se mettront \u00e0 donner des fruits. On peut se demander quel en est l&rsquo;int\u00e9r\u00eat ? N&rsquo;y a-t-il pas assez d&rsquo;arbres fruitiers pour en avoir besoin d&rsquo;autres ?<br \/>\nEn fait, le Juste qui marche dans les voies de la Thora, sert Hachem dans toutes ses actions. Il profite de chaque occasion et de chaque occupation pour louer Hachem et Le servir. Ainsi, quand les Juifs seront m\u00e9ritants et serviront Hachem comme il se doit, ils seront b\u00e9nis et les arbres st\u00e9riles donneront des fruits. Cela leur donnera ainsi encore d&rsquo;autres occasions de glorifier Hachem. En effet, ils loueront Hachem sur la beaut\u00e9 de ces fruits et Le b\u00e9niront sur le bon go\u00fbt et l&rsquo;agr\u00e9able profit que leur apportent ces fruits. Ces Justes saisiront ainsi ces nouvelles occasions produites par ces nouveaux fruits pour encore plus servir Hachem. (Darach Moch\u00e9)<\/p>\n<h4><strong>\u00ab Je placerai la paix sur la terre, vous vous coucherez et ne serez pas d\u00e9rang\u00e9s \u00bb (26, 6) :<\/strong><\/h4>\n<p style=\"text-align: justify;\">En g\u00e9n\u00e9ral, ceux qui vivent en toute qui\u00e9tude dans ce monde, profitant des plaisirs et des bienfaits mat\u00e9riels, en viennent souvent \u00e0 oublier le spirituel et \u00e0 s&rsquo;\u00e9loigner de la Thora et des Mitsvot. De la sorte, si ce monde leur est profitable, apr\u00e8s la vie ici-bas, la vie dans l&rsquo;autre monde leur sera difficile. Mais ici, la Thora assure la b\u00e9n\u00e9diction dans les deux mondes. Certes, \u00ab Je placerai la paix sur la terre \u00bb, vous vivrez sereinement et aurez une vie agr\u00e9able sur terre. Mais malgr\u00e9 tout, cela ne vous \u00e9loignera pas de la Thora de sorte que quand \u00ab vous vous coucherez \u00bb, allusion \u00e0 l&rsquo;\u00e9tat de l&rsquo;homme apr\u00e8s la mort, vous \u00ab ne serez pas d\u00e9rang\u00e9s \u00bb, car la vie dans l&rsquo;autre monde aussi vous sera profitable, et vous ne serez pas perturb\u00e9s par les sanctions de l&rsquo;au-del\u00e0. (&lsquo;Hatam Sofer)<\/p>\n<h4><strong>\u00ab Ils rapporteront (leurs pains) au poids et vous le mangerez sans vous rassasier \u00bb (26, 26) :<\/strong><\/h4>\n<p style=\"text-align: justify;\">Quel lien existe-t-il entre le fait de rapporter chez soi le pain au poids et le fait de ne pas \u00eatre rassasi\u00e9 ?<br \/>\nEn fait, l&rsquo;une des b\u00e9n\u00e9dictions est qu&rsquo;Hachem b\u00e9nisse le pain dans le ventre de la personne, c&rsquo;est \u00e0 dire d&rsquo;\u00eatre rassasi\u00e9 de ce que l&rsquo;on mange. Or, nos Sages disent que la b\u00e9n\u00e9diction ne repose pas sur ce qui est mesur\u00e9 ou pes\u00e9. Ainsi, si le pain est pes\u00e9, la b\u00e9n\u00e9diction ne peut plus y r\u00e9sider. Quand vous mangerez ce pain, vous ne serez pas rassasi\u00e9s faute de b\u00e9n\u00e9diction. (R. Yosseph Chaoul Natanzon)<\/p>\n<h4><strong>\u00ab Je ruinerai votre sanctuaire et Je ne sentirai plus vos odeurs agr\u00e9ables \u00bb (26, 31)<\/strong><\/h4>\n<p style=\"text-align: justify;\">Puisque les odeurs agr\u00e9ables dont il est ici question sont celles qui viennent du service dans le Temple (sacrifices et encens), si le sanctuaire sera ruin\u00e9 et d\u00e9truit, il est \u00e9vident qu&rsquo;il n&rsquo;y aura plus d&rsquo;odeurs agr\u00e9ables ! Pourquoi donc expliciter cette \u00e9vidence ?<br \/>\nEn fait, cela fait allusion \u00e0 un enseignement de nos Sages selon lequel m\u00eame plusieurs si\u00e8cles apr\u00e8s la destruction du Temple, on pouvait encore sentir la bonne odeur des encens ! Ainsi, la Thora dit ici que non seulement Hachem d\u00e9truira le Temple, mais en plus il restera d\u00e9vast\u00e9 des centaines d&rsquo;ann\u00e9es jusqu&rsquo;\u00e0 ce qu&rsquo;on ne sente m\u00eame plus l&rsquo;odeur des encens. (Maharil Diskin)<\/p>\n<h4><strong>\u00ab Ils avoueront leurs fautes \u00bb (26, 40) :<\/strong><\/h4>\n<p style=\"text-align: justify;\">Le Midrash rapporte que la Mitsva d&rsquo;avouer ses fautes s&rsquo;applique m\u00eame en dehors de la terre d&rsquo;Isra\u00ebl. Mais pourquoi aurait-on pu envisager que l&rsquo;aveu des fautes ne puisse s&rsquo;appliquer qu&rsquo;en Isra\u00ebl et pas en dehors, pour avoir besoin de neutraliser cette hypoth\u00e8se ?<br \/>\nC&rsquo;est que l&rsquo;aveu des fautes n&rsquo;est pas une simple reconnaissance de sa faute ajout\u00e9e \u00e0 une expression de regret. Mais il s&rsquo;agit d&rsquo;une \u201cdiscussion\u201d que l&rsquo;homme entretient avec son Cr\u00e9ateur. L&rsquo;homme \u201crencontre\u201d Hachem, se rapproche de Lui et Lui parle de ses fautes et de son regret. Or, le lieu le plus adapt\u00e9 \u00e0 la proximit\u00e9 avec Hachem, c&rsquo;est la terre sainte. C&rsquo;est ainsi qu&rsquo;on aurait pu croire que l&rsquo;aveu ne puisse se faire qu&rsquo;en Isra\u00ebl. Et le Midrash vient nous apprendre qu&rsquo;il peut malgr\u00e9 tout se faire en dehors. (Rav Chimchon Pinkous)<\/p>\n<h4><strong>\u00ab Un homme qui ferait un voeu sur la valeur d&rsquo;une personne \u00e0 Hachem \u00bb (27, 2) :<\/strong><\/h4>\n<p style=\"text-align: justify;\">Pourquoi la Thora juxtapose-t-elle l&rsquo;\u00e9valuation des personnes aux r\u00e9primandes et mal\u00e9dictions de la Paracha ?<br \/>\nEn fait, un homme qui entendrait toutes les mal\u00e9dictions risqueraient de d\u00e9sesp\u00e9rer et de faiblir moralement, ressentant une profonde insignifiance et perte de toute valeur personnelle. C&rsquo;est pourquoi, la Thora encha\u00eene avec le th\u00e8me de l&rsquo;\u00e9valuation des personnes, comme pour dire que malgr\u00e9 toutes ces r\u00e9primandes, tu continues toujours \u00e0 avoir de la valeur. Cela est donc une invitation \u00e0 ne pas d\u00e9sesp\u00e9rer et se d\u00e9courager, car malgr\u00e9 tout, sa valeur reste tr\u00e8s importante. (Rabbi Chn\u00e9our Zalman de Liadi)<\/p>\n<h3 style=\"text-align: center;\"><strong>Le coin \u00e9tude<\/strong><\/h3>\n<p style=\"text-align: justify;\">La derni\u00e8re b\u00e9n\u00e9diction rapport\u00e9e dans notre Paracha, est de m\u00e9riter de marcher la t\u00eate haute. On peut s&rsquo;en \u00e9tonner. En effet, nos Sages disent qu&rsquo;il est interdit de marcher la t\u00eate haute. Cela est un signe d&rsquo;orgueil. En quoi est-ce donc une b\u00e9n\u00e9diction ?<br \/>\nEn fait, les b\u00e9n\u00e9dictions de notre Paracha sont r\u00e9serv\u00e9es, comme le dit le Texte : \u00ab Si vous marchez dans Mes D\u00e9crets \u00bb. Et Rachi d&rsquo;expliquer : \u00ab Si vous faites des efforts dans l&rsquo;\u00e9tude de la Thora \u00bb. Le fait d&rsquo;\u00e9tudier avec toute son \u00e9nergie et toute ses forces est un travail difficile. Quand on peine dans le Service d&rsquo;Hachem, alors la Thora parvient \u00e0 s&rsquo;int\u00e9grer en soi et \u00e0 devenir partie int\u00e9grante de sa personne. C&rsquo;est pourquoi, le terme utilis\u00e9 pour \u00e9voquer l&rsquo;\u00e9tude avec effort, est le terme \u201cB\u00e9&rsquo;houkota\u00ef &#8211; \u05d1\u05d7\u05d5\u05e7\u05d5\u05ea\u05d9\u201d, dont la racine du mot est \u201c&rsquo;Hok &#8211; \u05d7\u05e7\u201d, qui est la m\u00eame que \u201c&rsquo;Hakika &#8211; \u05d7\u05e7\u05d9\u05e7\u05d4\u201d qui signifie \u201cgravure\u201d. Le fait de graver des lettres dans de la pierre est un travail bien plus difficile et qui exige bien plus d&rsquo;efforts, que le fait de les \u00e9crire sur du papier. Mais en m\u00eame temps, une \u00e9criture se surajoute sur le papier, mais n&rsquo;en devient pas partie int\u00e9grante, alors que les lettres grav\u00e9es s&rsquo;int\u00e8grent et deviennent partie int\u00e9grante de la pierre. Ainsi, c&rsquo;est seulement par les efforts importants dans l&rsquo;\u00e9tude que la Thora peut devenir partie int\u00e9grante de soi. C&rsquo;est pourquoi, le Midrash, sur ce verset, rapporte que le roi David se disait : \u00ab Je vais me rendre \u00e0 tel endroit (pour mes affaires personnelles) \u00bb et finalement : \u00ab Mes jambes me conduisent dans les synagogues et les lieux d&rsquo;\u00e9tude \u00bb. Car le Service Divin \u00e9tait devenu tellement naturel pour le roi David et faisait tellement partie de lui, que m\u00eame s&rsquo;il voulait faire autre chose, son corps le conduisait de lui-m\u00eame \u00e0 servir son Cr\u00e9ateur. Tel est le b\u00e9n\u00e9fice que l&rsquo;on obtient en faisant des efforts dans l&rsquo;\u00e9tude. Gr\u00e2ce \u00e0 cela, il n&rsquo;y a plus aucun d\u00e9calage entre les connaissances de l&rsquo;esprit et le comportement du corps. L&rsquo;homme devient ce qu&rsquo;il \u00e9tudie. L&rsquo;effort acharn\u00e9 permet de supprimer le foss\u00e9 qui existe entre sa vie et ses connaissances. La Thora se grave en soi.<br \/>\nTant qu&rsquo;un homme n&rsquo;a pas atteint ce niveau, il peut encore ressentir de la honte, du fait du d\u00e9calage entre ses connaissances et luim\u00eame.<br \/>\nCette honte c&rsquo;est le fait de ne pas \u00eatre \u00e0 la hauteur de ce qu&rsquo;il sait. Il conna\u00eet, mais il ne fait pas. C&rsquo;est dans ce foss\u00e9 que se situe la honte. Mais celui qui vit sa Thora, celui qui l&rsquo;a int\u00e9gr\u00e9 dans son comportement, celui qui n&rsquo;a aucun d\u00e9calage entre son savoir et ses actes, pour un tel individu, la honte n&rsquo;a pas sa place, car il est entier avec lui-m\u00eame et n&rsquo;a en lui aucune incoh\u00e9rence. C&rsquo;est pourquoi, il pourra marcher la t\u00eate haute. Car c&rsquo;est celui qui ressent de la honte qui baisse la t\u00eate, puisqu&rsquo;il n&rsquo;est pas fier de lui. Mais celui qui aura int\u00e9gr\u00e9 sa Thora en lui, pourra marcher la t\u00eate haute. Il n&rsquo;aura plus de sentiment de culpabilit\u00e9 de ne pas faire ce qu&rsquo;il doit faire.<br \/>\nMais d&rsquo;autre part, cette attitude de pl\u00e9nitude, cette \u201ct\u00eate haute\u201d, ne comportera m\u00eame pas le risque d&rsquo;en venir \u00e0 en ressentir de l&rsquo;orgueil et de se croire sup\u00e9rieur. En effet, de m\u00eame que la honte se trouve dans l&rsquo;\u00e9cart qui s\u00e9pare la connaissance du comportement, il en est de m\u00eame de l&rsquo;orgueil. Un homme ne peut s\u2019enorgueillir que de quelque chose qui ne va pas de soi et qui n&rsquo;est pas naturel. En g\u00e9n\u00e9ral, les gens de s&rsquo;enorgueillissent pas du fait d&rsquo;\u00eatre capable de voir ou de respirer. En effet, ces aptitudes sont si naturelles et normales, elles vont tellement de soi qu&rsquo;elles n&rsquo;appellent pas l&rsquo;orgueil. De m\u00eame, celui qui aura int\u00e9gr\u00e9 la Thora en lui par le m\u00e9rite de ses grands efforts dans l&rsquo;\u00e9tude, accomplira toutes ses bonnes actions et ses Mitsvot de fa\u00e7on tout \u00e0 fait naturelle. Il trouvera cela tout \u00e0 fait normal. Ce qu&rsquo;il fait ne diff\u00e9rera pas de ce qu&rsquo;il sait, et il n&rsquo;aura donc aucune raison d&rsquo;en \u00e9prouver de l&rsquo;orgueil. Pour une telle personne qui aura grav\u00e9 la Thora en elle, l&rsquo;orgueil (tout comme la honte) n&rsquo;aura pas non plus sa place. Ses pieds l&rsquo;am\u00e8neront naturellement \u00e0 faire les Mitsvot, \u00e0 l&rsquo;image du roi David. Ce ne sera plus pour lui quelque chose de sp\u00e9cial, pouvant le pousser \u00e0 un quelconque orgueil.<br \/>\n\u201cSi vous marchez dans Mes D\u00e9crets\u201d, \u201csi vous fournissez des efforts dans l&rsquo;\u00e9tude\u201d, votre Thora se gravera en vous. D\u00e8s lors, vous marcherez \u201cla t\u00eate haute\u201d, sans ressentir la honte de ne pas faire ce qu&rsquo;il faut, ni \u00e9prouver l&rsquo;orgueil de faire plus que ce qu&rsquo;il faut.<\/p>\n<h3 style=\"text-align: center;\"><strong>Le coin Halakha<\/strong><\/h3>\n<p style=\"text-align: justify;\">Si quelqu&rsquo;un a laiss\u00e9 tomber par terre ses Tefilin (D.ieu Pr\u00e9serve) sans leurs bo\u00eetiers malencontreusement, il est d&rsquo;usage qu&rsquo;il je\u00fbne un jour. S&rsquo;il a d\u00e9j\u00e0 mang\u00e9 ce jour l\u00e0, il je\u00fbnera le lendemain. S&rsquo;il est \u00e2g\u00e9 ou faible et que le je\u00fbne lui est difficile, il pourra racheter ce jeune en donnant la somme des repas d&rsquo;une journ\u00e9e \u00e0 la Tsedaka. Et s&rsquo;il le peut, il je\u00fbnera aussi une demi-journ\u00e9e. De plus, il est bon d&rsquo;\u00e9tudier les lois des Tefilin et veiller d\u00e9sormais encore plus \u00e0 leurs respects. Si les Tefilin sont tomb\u00e9s avec leurs bo\u00eetiers, ou qu&rsquo;ils sont tomb\u00e9s sans les bo\u00eetiers mais sur un objet et non \u00e0 m\u00eame le sol, il n&rsquo;est alors pas du tout n\u00e9cessaire de je\u00fbner et il se contentera de racheter son je\u00fbne par la Tsedaka. Ceux qui ont vu les Tefilin tomber n&rsquo;ont rien besoin de faire (contrairement \u00e0 ceux qui voient un Sefer Thora tomber qui devront aussi je\u00fbner). Cependant, s&rsquo;il a vu ses propres Tefilin tomber des mains de quelqu&rsquo;un d&rsquo;autre, il rach\u00e8tera le je\u00fbne par la Tsedaka et celui qui les a fait tomber je\u00fbnera s&rsquo;il le peut. S&rsquo;il a laiss\u00e9 tomber des Tefilin non cach\u00e8res, il n&rsquo;y aura besoin de rien faire pour r\u00e9parer. D&rsquo;autre part, il convient aussi de veiller au respect des lani\u00e8res des Tefilin et de ne pas les laisser tra\u00eener par terre, m\u00eame quand il les met. N\u00e9anmoins, s&rsquo;il les a laiss\u00e9 tra\u00eener, il n&rsquo;aura rien besoin de faire pour r\u00e9parer.<\/p>\n<h3 style=\"text-align: center;\"><strong>Le coin histoire<\/strong><\/h3>\n<p style=\"text-align: justify;\">L&rsquo;une des attitudes que le &lsquo;Hazon Ich respectait avec grand scrupule, c&rsquo;est la vigilance \u00e0 ne causer aucune peine \u00e0 personne. Un jour, le &lsquo;Hazon Ich sortit de chez lui et marcha vers la voiture qui l&rsquo;attendait \u00e0 l&rsquo;ext\u00e9rieur. Pendant la courte dur\u00e9e du trajet entre la maison et la voiture, plusieurs personnes discut\u00e8rent avec lui. Quand finalement le Rav monta dans la voiture, il demanda au conducteur de rouler lentement. Et il lui expliqua la raison de cette requ\u00eate : \u00ab Plusieurs personnes viennent juste de m&rsquo;exposer leurs soucis et leurs souffrances. Aussi, s&rsquo;ils me voient les quitter et m&rsquo;\u00e9loigner rapidement d&rsquo;eux dans la voiture, cela leur laissera l&rsquo;impression comme si leurs probl\u00e8mes ne me pr\u00e9occupent pas tant que cela et que leurs difficult\u00e9s ne p\u00e8sent pas tellement sur mon coeur. Au point qu&rsquo;\u00e0 peine les avoir quitt\u00e9s, me voil\u00e0 d\u00e9j\u00e0 partir rapidement \u00bb &#8230;<br \/>\nIl est impressionnant de voir avec quelle finesse dans l&#8217;empathie et le ressenti des autres nos Ma\u00eetres consid\u00e9raient leur rapport \u00e0 autrui. Essayons quant \u00e0 nous tout au moins de nous comporter vis \u00e0 vis des autres avec un peu plus de patience et de g\u00e9n\u00e9rosit\u00e9.<\/p>\n<h3 style=\"text-align: center;\"><strong>Le coin &lsquo;Hizouk<\/strong><\/h3>\n<p style=\"text-align: justify;\">Quand un homme perd un objet, tant qu&rsquo;il n&rsquo;a pas d\u00e9sesp\u00e9r\u00e9 de le retrouver, l&rsquo;objet lui appartient et personne ne pourra s&rsquo;approprier cet objet et l&rsquo;acqu\u00e9rir pour qu&rsquo;il devienne \u00e0 lui. D&rsquo;apr\u00e8s cela, quand une personne faute, tant qu&rsquo;il ne d\u00e9sesp\u00e8re pas de se repentir et de revenir vers Hachem, le mauvais penchant et le mal n&rsquo;ont alors aucun moyen de s&rsquo;approprier cet homme. Il ne sera jamais des leurs. (Divr\u00e9 Y\u00e9&rsquo;hezkel)<\/p>\n<hr \/>\n<p><strong>Chabbat Chalom !<\/strong><\/p>\n","protected":false},"excerpt":{"rendered":"<p>Paracha B\u00e9&rsquo;houkota\u00ef \/ \u05e4\u05e8\u05e9\u05d4 \u05d1\u05d7\u05e7\u05ea\u05d9 Chabbat M\u00e9var\u00e9&rsquo;him \/ \u05e9\u05d1\u05ea \u05de\u05d1\u05e8\u05db\u05d9\u05dd 31 mai\/1er juin 2019 &#8211; 27 Iyar 5779 \/ \u05db&rsquo;\u05d6 \u05d0\u05d9\u05d9\u05e8 \u05ea\u05e9\u05e2&rsquo;\u05d8 D\u00e9but : 21h26 &#8211; Fin : 22h49 Les Horaires : Vendredi soir : 20h15 : Allumage des bougies et entr\u00e9e de Chabbat (heure maximum pour l&rsquo;allumage : 21h26) 19h15 : Chir haChirim 19h30 &hellip; <\/p>\n<p><a class=\"more-link btn\" href=\"https:\/\/acjbb-sud.org\/index.php\/2019\/05\/30\/paracha-behoukotai-5779-chabbat-mevarehim\/\">Lire la suite<\/a><\/p>\n","protected":false},"author":1,"featured_media":2195,"comment_status":"open","ping_status":"open","sticky":false,"template":"","format":"standard","meta":{"jetpack_post_was_ever_published":false,"_jetpack_newsletter_access":"","_jetpack_dont_email_post_to_subs":false,"_jetpack_newsletter_tier_id":0,"_jetpack_memberships_contains_paywalled_content":false,"_jetpack_memberships_contains_paid_content":false,"footnotes":"","jetpack_publicize_message":"","jetpack_publicize_feature_enabled":true,"jetpack_social_post_already_shared":true,"jetpack_social_options":{"image_generator_settings":{"template":"highway","default_image_id":0,"font":"","enabled":false},"version":2}},"categories":[3,5],"tags":[],"class_list":["post-2710","post","type-post","status-publish","format-standard","has-post-thumbnail","hentry","category-chabbat","category-chabbat-mevarehim","item-wrap"],"yoast_head":"<!-- This site is optimized with the Yoast SEO plugin v26.6 - https:\/\/yoast.com\/wordpress\/plugins\/seo\/ -->\n<title>Paracha B\u00e9&#039;houkota\u00ef - Chabbat M\u00e9var\u00e9&#039;him - Synagogue ACJBB Boulogne Sud<\/title>\n<meta name=\"robots\" content=\"index, follow, max-snippet:-1, max-image-preview:large, max-video-preview:-1\" \/>\n<link rel=\"canonical\" href=\"https:\/\/acjbb-sud.org\/index.php\/2019\/05\/30\/paracha-behoukotai-5779-chabbat-mevarehim\/\" \/>\n<meta property=\"og:locale\" content=\"fr_FR\" \/>\n<meta property=\"og:type\" content=\"article\" \/>\n<meta property=\"og:title\" content=\"Paracha B\u00e9&#039;houkota\u00ef - Chabbat M\u00e9var\u00e9&#039;him - Synagogue ACJBB Boulogne Sud\" \/>\n<meta property=\"og:description\" content=\"Paracha B\u00e9&rsquo;houkota\u00ef \/ \u05e4\u05e8\u05e9\u05d4 \u05d1\u05d7\u05e7\u05ea\u05d9 Chabbat M\u00e9var\u00e9&rsquo;him \/ \u05e9\u05d1\u05ea \u05de\u05d1\u05e8\u05db\u05d9\u05dd 31 mai\/1er juin 2019 &#8211; 27 Iyar 5779 \/ \u05db&rsquo;\u05d6 \u05d0\u05d9\u05d9\u05e8 \u05ea\u05e9\u05e2&rsquo;\u05d8 D\u00e9but : 21h26 &#8211; Fin : 22h49 Les Horaires : Vendredi soir : 20h15 : Allumage des bougies et entr\u00e9e de Chabbat (heure maximum pour l&rsquo;allumage : 21h26) 19h15 : Chir haChirim 19h30 &hellip; Lire la suite\" \/>\n<meta property=\"og:url\" content=\"https:\/\/acjbb-sud.org\/index.php\/2019\/05\/30\/paracha-behoukotai-5779-chabbat-mevarehim\/\" \/>\n<meta property=\"og:site_name\" content=\"Synagogue ACJBB Boulogne Sud\" \/>\n<meta property=\"article:published_time\" content=\"2019-05-30T05:34:55+00:00\" \/>\n<meta property=\"article:modified_time\" content=\"2019-06-03T12:56:56+00:00\" \/>\n<meta property=\"og:image\" content=\"https:\/\/acjbb-sud.org\/wp-content\/uploads\/2018\/10\/ACJBB-Sud-Chabbat-halots-bougies-vin-600-logos-v2.jpg\" \/>\n\t<meta property=\"og:image:width\" content=\"615\" \/>\n\t<meta property=\"og:image:height\" content=\"433\" \/>\n\t<meta property=\"og:image:type\" content=\"image\/jpeg\" \/>\n<meta name=\"author\" content=\"AcjbbSud\" \/>\n<meta name=\"twitter:card\" content=\"summary_large_image\" \/>\n<meta name=\"twitter:label1\" content=\"\u00c9crit par\" \/>\n\t<meta name=\"twitter:data1\" content=\"AcjbbSud\" \/>\n\t<meta name=\"twitter:label2\" content=\"Dur\u00e9e de lecture estim\u00e9e\" \/>\n\t<meta name=\"twitter:data2\" content=\"21 minutes\" \/>\n<script type=\"application\/ld+json\" class=\"yoast-schema-graph\">{\"@context\":\"https:\/\/schema.org\",\"@graph\":[{\"@type\":\"WebPage\",\"@id\":\"https:\/\/acjbb-sud.org\/index.php\/2019\/05\/30\/paracha-behoukotai-5779-chabbat-mevarehim\/\",\"url\":\"https:\/\/acjbb-sud.org\/index.php\/2019\/05\/30\/paracha-behoukotai-5779-chabbat-mevarehim\/\",\"name\":\"Paracha B\u00e9'houkota\u00ef - Chabbat M\u00e9var\u00e9'him - Synagogue ACJBB Boulogne Sud\",\"isPartOf\":{\"@id\":\"https:\/\/acjbb-sud.org\/#website\"},\"primaryImageOfPage\":{\"@id\":\"https:\/\/acjbb-sud.org\/index.php\/2019\/05\/30\/paracha-behoukotai-5779-chabbat-mevarehim\/#primaryimage\"},\"image\":{\"@id\":\"https:\/\/acjbb-sud.org\/index.php\/2019\/05\/30\/paracha-behoukotai-5779-chabbat-mevarehim\/#primaryimage\"},\"thumbnailUrl\":\"https:\/\/acjbb-sud.org\/wp-content\/uploads\/2018\/10\/ACJBB-Sud-Chabbat-halots-bougies-vin-600-logos-v2.jpg\",\"datePublished\":\"2019-05-30T05:34:55+00:00\",\"dateModified\":\"2019-06-03T12:56:56+00:00\",\"author\":{\"@id\":\"https:\/\/acjbb-sud.org\/#\/schema\/person\/adc8f09fb72c9d0dc78509106dc5e9f0\"},\"breadcrumb\":{\"@id\":\"https:\/\/acjbb-sud.org\/index.php\/2019\/05\/30\/paracha-behoukotai-5779-chabbat-mevarehim\/#breadcrumb\"},\"inLanguage\":\"fr-FR\",\"potentialAction\":[{\"@type\":\"ReadAction\",\"target\":[\"https:\/\/acjbb-sud.org\/index.php\/2019\/05\/30\/paracha-behoukotai-5779-chabbat-mevarehim\/\"]}]},{\"@type\":\"ImageObject\",\"inLanguage\":\"fr-FR\",\"@id\":\"https:\/\/acjbb-sud.org\/index.php\/2019\/05\/30\/paracha-behoukotai-5779-chabbat-mevarehim\/#primaryimage\",\"url\":\"https:\/\/acjbb-sud.org\/wp-content\/uploads\/2018\/10\/ACJBB-Sud-Chabbat-halots-bougies-vin-600-logos-v2.jpg\",\"contentUrl\":\"https:\/\/acjbb-sud.org\/wp-content\/uploads\/2018\/10\/ACJBB-Sud-Chabbat-halots-bougies-vin-600-logos-v2.jpg\",\"width\":615,\"height\":433},{\"@type\":\"BreadcrumbList\",\"@id\":\"https:\/\/acjbb-sud.org\/index.php\/2019\/05\/30\/paracha-behoukotai-5779-chabbat-mevarehim\/#breadcrumb\",\"itemListElement\":[{\"@type\":\"ListItem\",\"position\":1,\"name\":\"Accueil\",\"item\":\"https:\/\/acjbb-sud.org\/\"},{\"@type\":\"ListItem\",\"position\":2,\"name\":\"Paracha B\u00e9&rsquo;houkota\u00ef &#8211; Chabbat M\u00e9var\u00e9&rsquo;him\"}]},{\"@type\":\"WebSite\",\"@id\":\"https:\/\/acjbb-sud.org\/#website\",\"url\":\"https:\/\/acjbb-sud.org\/\",\"name\":\"Synagogue ACJBB Boulogne Sud\",\"description\":\"Synagogue \/ Association Communautaire Juive de Boulogne Billancourt (Sud)\",\"potentialAction\":[{\"@type\":\"SearchAction\",\"target\":{\"@type\":\"EntryPoint\",\"urlTemplate\":\"https:\/\/acjbb-sud.org\/?s={search_term_string}\"},\"query-input\":{\"@type\":\"PropertyValueSpecification\",\"valueRequired\":true,\"valueName\":\"search_term_string\"}}],\"inLanguage\":\"fr-FR\"},{\"@type\":\"Person\",\"@id\":\"https:\/\/acjbb-sud.org\/#\/schema\/person\/adc8f09fb72c9d0dc78509106dc5e9f0\",\"name\":\"AcjbbSud\",\"image\":{\"@type\":\"ImageObject\",\"inLanguage\":\"fr-FR\",\"@id\":\"https:\/\/acjbb-sud.org\/#\/schema\/person\/image\/\",\"url\":\"https:\/\/secure.gravatar.com\/avatar\/ea30fe7a8231c8c0bf30066f86006714af7be34ba414543eaab3e453b92901aa?s=96&d=mm&r=g\",\"contentUrl\":\"https:\/\/secure.gravatar.com\/avatar\/ea30fe7a8231c8c0bf30066f86006714af7be34ba414543eaab3e453b92901aa?s=96&d=mm&r=g\",\"caption\":\"AcjbbSud\"},\"url\":\"https:\/\/acjbb-sud.org\/index.php\/author\/acjbbsud\/\"}]}<\/script>\n<!-- \/ Yoast SEO plugin. -->","yoast_head_json":{"title":"Paracha B\u00e9'houkota\u00ef - Chabbat M\u00e9var\u00e9'him - Synagogue ACJBB Boulogne Sud","robots":{"index":"index","follow":"follow","max-snippet":"max-snippet:-1","max-image-preview":"max-image-preview:large","max-video-preview":"max-video-preview:-1"},"canonical":"https:\/\/acjbb-sud.org\/index.php\/2019\/05\/30\/paracha-behoukotai-5779-chabbat-mevarehim\/","og_locale":"fr_FR","og_type":"article","og_title":"Paracha B\u00e9'houkota\u00ef - Chabbat M\u00e9var\u00e9'him - Synagogue ACJBB Boulogne Sud","og_description":"Paracha B\u00e9&rsquo;houkota\u00ef \/ \u05e4\u05e8\u05e9\u05d4 \u05d1\u05d7\u05e7\u05ea\u05d9 Chabbat M\u00e9var\u00e9&rsquo;him \/ \u05e9\u05d1\u05ea \u05de\u05d1\u05e8\u05db\u05d9\u05dd 31 mai\/1er juin 2019 &#8211; 27 Iyar 5779 \/ \u05db&rsquo;\u05d6 \u05d0\u05d9\u05d9\u05e8 \u05ea\u05e9\u05e2&rsquo;\u05d8 D\u00e9but : 21h26 &#8211; Fin : 22h49 Les Horaires : Vendredi soir : 20h15 : Allumage des bougies et entr\u00e9e de Chabbat (heure maximum pour l&rsquo;allumage : 21h26) 19h15 : Chir haChirim 19h30 &hellip; Lire la suite","og_url":"https:\/\/acjbb-sud.org\/index.php\/2019\/05\/30\/paracha-behoukotai-5779-chabbat-mevarehim\/","og_site_name":"Synagogue ACJBB Boulogne Sud","article_published_time":"2019-05-30T05:34:55+00:00","article_modified_time":"2019-06-03T12:56:56+00:00","og_image":[{"width":615,"height":433,"url":"https:\/\/acjbb-sud.org\/wp-content\/uploads\/2018\/10\/ACJBB-Sud-Chabbat-halots-bougies-vin-600-logos-v2.jpg","type":"image\/jpeg"}],"author":"AcjbbSud","twitter_card":"summary_large_image","twitter_misc":{"\u00c9crit par":"AcjbbSud","Dur\u00e9e de lecture estim\u00e9e":"21 minutes"},"schema":{"@context":"https:\/\/schema.org","@graph":[{"@type":"WebPage","@id":"https:\/\/acjbb-sud.org\/index.php\/2019\/05\/30\/paracha-behoukotai-5779-chabbat-mevarehim\/","url":"https:\/\/acjbb-sud.org\/index.php\/2019\/05\/30\/paracha-behoukotai-5779-chabbat-mevarehim\/","name":"Paracha B\u00e9'houkota\u00ef - Chabbat M\u00e9var\u00e9'him - Synagogue ACJBB Boulogne Sud","isPartOf":{"@id":"https:\/\/acjbb-sud.org\/#website"},"primaryImageOfPage":{"@id":"https:\/\/acjbb-sud.org\/index.php\/2019\/05\/30\/paracha-behoukotai-5779-chabbat-mevarehim\/#primaryimage"},"image":{"@id":"https:\/\/acjbb-sud.org\/index.php\/2019\/05\/30\/paracha-behoukotai-5779-chabbat-mevarehim\/#primaryimage"},"thumbnailUrl":"https:\/\/acjbb-sud.org\/wp-content\/uploads\/2018\/10\/ACJBB-Sud-Chabbat-halots-bougies-vin-600-logos-v2.jpg","datePublished":"2019-05-30T05:34:55+00:00","dateModified":"2019-06-03T12:56:56+00:00","author":{"@id":"https:\/\/acjbb-sud.org\/#\/schema\/person\/adc8f09fb72c9d0dc78509106dc5e9f0"},"breadcrumb":{"@id":"https:\/\/acjbb-sud.org\/index.php\/2019\/05\/30\/paracha-behoukotai-5779-chabbat-mevarehim\/#breadcrumb"},"inLanguage":"fr-FR","potentialAction":[{"@type":"ReadAction","target":["https:\/\/acjbb-sud.org\/index.php\/2019\/05\/30\/paracha-behoukotai-5779-chabbat-mevarehim\/"]}]},{"@type":"ImageObject","inLanguage":"fr-FR","@id":"https:\/\/acjbb-sud.org\/index.php\/2019\/05\/30\/paracha-behoukotai-5779-chabbat-mevarehim\/#primaryimage","url":"https:\/\/acjbb-sud.org\/wp-content\/uploads\/2018\/10\/ACJBB-Sud-Chabbat-halots-bougies-vin-600-logos-v2.jpg","contentUrl":"https:\/\/acjbb-sud.org\/wp-content\/uploads\/2018\/10\/ACJBB-Sud-Chabbat-halots-bougies-vin-600-logos-v2.jpg","width":615,"height":433},{"@type":"BreadcrumbList","@id":"https:\/\/acjbb-sud.org\/index.php\/2019\/05\/30\/paracha-behoukotai-5779-chabbat-mevarehim\/#breadcrumb","itemListElement":[{"@type":"ListItem","position":1,"name":"Accueil","item":"https:\/\/acjbb-sud.org\/"},{"@type":"ListItem","position":2,"name":"Paracha B\u00e9&rsquo;houkota\u00ef &#8211; Chabbat M\u00e9var\u00e9&rsquo;him"}]},{"@type":"WebSite","@id":"https:\/\/acjbb-sud.org\/#website","url":"https:\/\/acjbb-sud.org\/","name":"Synagogue ACJBB Boulogne Sud","description":"Synagogue \/ Association Communautaire Juive de Boulogne Billancourt (Sud)","potentialAction":[{"@type":"SearchAction","target":{"@type":"EntryPoint","urlTemplate":"https:\/\/acjbb-sud.org\/?s={search_term_string}"},"query-input":{"@type":"PropertyValueSpecification","valueRequired":true,"valueName":"search_term_string"}}],"inLanguage":"fr-FR"},{"@type":"Person","@id":"https:\/\/acjbb-sud.org\/#\/schema\/person\/adc8f09fb72c9d0dc78509106dc5e9f0","name":"AcjbbSud","image":{"@type":"ImageObject","inLanguage":"fr-FR","@id":"https:\/\/acjbb-sud.org\/#\/schema\/person\/image\/","url":"https:\/\/secure.gravatar.com\/avatar\/ea30fe7a8231c8c0bf30066f86006714af7be34ba414543eaab3e453b92901aa?s=96&d=mm&r=g","contentUrl":"https:\/\/secure.gravatar.com\/avatar\/ea30fe7a8231c8c0bf30066f86006714af7be34ba414543eaab3e453b92901aa?s=96&d=mm&r=g","caption":"AcjbbSud"},"url":"https:\/\/acjbb-sud.org\/index.php\/author\/acjbbsud\/"}]}},"jetpack_publicize_connections":[],"jetpack_featured_media_url":"https:\/\/acjbb-sud.org\/wp-content\/uploads\/2018\/10\/ACJBB-Sud-Chabbat-halots-bougies-vin-600-logos-v2.jpg","jetpack_sharing_enabled":true,"jetpack_shortlink":"https:\/\/wp.me\/p7sjOI-HI","jetpack_likes_enabled":true,"_links":{"self":[{"href":"https:\/\/acjbb-sud.org\/index.php\/wp-json\/wp\/v2\/posts\/2710","targetHints":{"allow":["GET"]}}],"collection":[{"href":"https:\/\/acjbb-sud.org\/index.php\/wp-json\/wp\/v2\/posts"}],"about":[{"href":"https:\/\/acjbb-sud.org\/index.php\/wp-json\/wp\/v2\/types\/post"}],"author":[{"embeddable":true,"href":"https:\/\/acjbb-sud.org\/index.php\/wp-json\/wp\/v2\/users\/1"}],"replies":[{"embeddable":true,"href":"https:\/\/acjbb-sud.org\/index.php\/wp-json\/wp\/v2\/comments?post=2710"}],"version-history":[{"count":9,"href":"https:\/\/acjbb-sud.org\/index.php\/wp-json\/wp\/v2\/posts\/2710\/revisions"}],"predecessor-version":[{"id":2731,"href":"https:\/\/acjbb-sud.org\/index.php\/wp-json\/wp\/v2\/posts\/2710\/revisions\/2731"}],"wp:featuredmedia":[{"embeddable":true,"href":"https:\/\/acjbb-sud.org\/index.php\/wp-json\/wp\/v2\/media\/2195"}],"wp:attachment":[{"href":"https:\/\/acjbb-sud.org\/index.php\/wp-json\/wp\/v2\/media?parent=2710"}],"wp:term":[{"taxonomy":"category","embeddable":true,"href":"https:\/\/acjbb-sud.org\/index.php\/wp-json\/wp\/v2\/categories?post=2710"},{"taxonomy":"post_tag","embeddable":true,"href":"https:\/\/acjbb-sud.org\/index.php\/wp-json\/wp\/v2\/tags?post=2710"}],"curies":[{"name":"wp","href":"https:\/\/api.w.org\/{rel}","templated":true}]}}