{"id":272,"date":"2016-11-24T22:27:59","date_gmt":"2016-11-24T21:27:59","guid":{"rendered":"http:\/\/www.acjbb-sud.org\/?p=272"},"modified":"2016-11-24T22:27:59","modified_gmt":"2016-11-24T21:27:59","slug":"paracha-haye-sarah-5777","status":"publish","type":"post","link":"https:\/\/acjbb-sud.org\/index.php\/2016\/11\/24\/paracha-haye-sarah-5777\/","title":{"rendered":"Paracha &lsquo;Hay\u00e9-Sarah"},"content":{"rendered":"<h1 style=\"text-align: center;\"><strong>Paracha &lsquo;Hay\u00e9-Sarah \/ Chabbat M\u00e9var\u00e9&rsquo;him<br \/>\n<\/strong><\/h1>\n<h2 style=\"text-align: center;\"><strong>15-26 novembre 2016 \/ 25 &lsquo;Hechvan 5777<\/strong><\/h2>\n<p style=\"text-align: justify;\"><a href=\"http:\/\/acjbb-sud.org\/wp-content\/uploads\/2016\/10\/chabbath-pain-et-bougies-1810-1.jpg\"><img decoding=\"async\" class=\"aligncenter wp-image-1226\" src=\"http:\/\/acjbb-sud.org\/wp-content\/uploads\/2016\/10\/chabbath-pain-et-bougies-1810-1.jpg\" alt=\"chabbath-pain-et-bougies-1810\" width=\"400\" \/><\/a><\/p>\n<p style=\"text-align: justify;\"><span style=\"text-decoration: underline;\"><em><strong>Chabbat des jeunes<\/strong><\/em><\/span> : A l&rsquo;occasion du Chabbat des jeunes, la lecture de la Paracha et les offices seront assur\u00e9s par les jeunes de la communaut\u00e9.<\/p>\n<p><strong><span style=\"text-decoration: underline;\">Les Horaires :<\/span><\/strong><\/p>\n<p><em><strong>Vendredi soir :<\/strong><\/em><br \/>\n<strong>16h40<\/strong> : Allumage des bougies (d\u00e9but de Chabbat \u00e0 16h42)<br \/>\n<strong>16h45<\/strong> : Min\u2019ha suivi d\u2019un cours sur les Halakhot de &lsquo;Hanoukka, puis de Chir Hachirim<br \/>\n<strong>18h00<\/strong> : Kabbalat Chabbat et Arvit<br \/>\nD\u2019var Thora par <strong>le Rabbin Mickael MOUYAL<\/strong><\/p>\n<p><strong><em>Samedi matin :<\/em> <\/strong><br \/>\n<strong>09h10<\/strong> : Cha\u2019harit<br \/>\nD\u2019var Thora par <strong>le Rabbin Mickael MOUYAL<\/strong><br \/>\nL&rsquo;office sera suivi d\u2019un kiddouch offert par la <strong>Famille ETYNGIER<\/strong> \u00e0 l\u2019occasion du mariage de <strong>Patrick ETYNGIER<\/strong> avec <strong>Myriam SAMOUN<\/strong>. Nous leur souhaitons un grand Mazal-Tov !<\/p>\n<p><em><strong>Samedi apr\u00e8s-midi :<\/strong><\/em><br \/>\n<strong>16h00<\/strong> : Min\u2019ha<br \/>\nSuivi de la s\u00e9ouda ch\u00e9lichit offerte par la <strong>Famille ETYNGIER<\/strong> \u00e0 l\u2019occasion du mariage de <strong>Patrick ETYNGIER<\/strong> avec <strong>Myriam SAMOUN<\/strong>. Nous leur souhaitons un grand Mazal-Tov !<br \/>\nD\u2019var Thora par <strong>le Rabbin Didier KASSABI<\/strong><br \/>\n<strong>16h59<\/strong> : Shquiya \/ <span dir=\"RTL\" lang=\"HE\">\u05e9\u05e7\u05e2\u05ea \u05d4\u05d7\u05de\u05d4<\/span><\/p>\n<p><strong><em>Samedi soir :<\/em> <\/strong><br \/>\n<strong>17h51<\/strong> : Arvit et Havdala<\/p>\n<p><strong><em>Dimanche matin :<\/em> <\/strong><br \/>\n<strong>08h00<\/strong> : Cha\u2019harit<\/p>\n<hr \/>\n<h2><strong><span style=\"text-decoration: underline;\">Roch &lsquo;Hodech Kislev :<\/span><br \/>\n<\/strong><\/h2>\n<p>Roch &lsquo;Hodech Kislev aura lieu jeudi 1er d\u00e9cembre (\u00e0 partir de mercredi 30 novembre au soir).<\/p>\n<hr \/>\n<h2><strong><span style=\"text-decoration: underline;\">Beth Hamidrach :<\/span><br \/>\n<\/strong><\/h2>\n<p style=\"text-align: justify;\">Le <strong>Rabbin Didier Kassabi<\/strong> donne un cours de Guemara pour jeunes adultes chaque lundi soir de 20h \u00e0 21h \u00e0 la Synagogue.<\/p>\n<hr \/>\n<h2><strong><span style=\"text-decoration: underline;\">\u00ab\u00a0Les AMIS de la REFOUA\u00a0\u00bb &#8211; Visite aux malades :<\/span><br \/>\n<\/strong><\/h2>\n<p style=\"text-align: justify;\">Des b\u00e9n\u00e9voles de Boulogne proposent aux personnes qui le demandent : l&rsquo;organisation d&rsquo;une chaine de lecture de T\u00e9hilims pour la gu\u00e9rison de nos malades, de prendre de leurs nouvelles et leur rendre visite dans les h\u00f4pitaux.<\/p>\n<p>Ces actions se font dans la plus grande discr\u00e9tion et s&rsquo;inscrivent dans le cadre du b\u00e9n\u00e9volat.<br \/>\nVous pourrez joindre &#8211; <em>les AMIS de la REFOUA<\/em> &#8211; au 06.03.75.34.15, ou par courriel \u00e0 : <a href=\"mailto:israelalbert1@gmail.com\">israelalbert1@gmail.com<\/a><br \/>\nVous pouvez aussi faire partie de ces b\u00e9n\u00e9voles, nous vous remercions par avance.<\/p>\n<hr \/>\n<h2><strong><span style=\"text-decoration: underline;\">S\u00e9curit\u00e9 SPCJ :<\/span><br \/>\n<\/strong><\/h2>\n<p><strong>La s\u00e9curit\u00e9 est l&rsquo;affaire de tous ! Le SPCJ a besoin de chacun d&rsquo;entre nous !<\/strong><br \/>\nLa protection de la vie communautaire est plus que jamais l&rsquo;affaire de tous ! Vous en \u00eates les premiers acteurs ! Votre mobilisation est essentielle et n\u00e9cessaire !<br \/>\nSi vous souhaitez nous aider \u00e0 assurer la protection de l&rsquo;office, rapprochez-vous de nous ! Plus nous serons nombreux \u00e0 nous mobiliser et assurer des relais de garde, plus nous passerons du temps \u00e0 prier !<\/p>\n<hr \/>\n<h2><strong><span style=\"text-decoration: underline;\">Information ACJBB Boulogne Sud :<\/span><br \/>\n<\/strong><\/h2>\n<p>Retrouvez toutes les informations de l\u2019office sur : <a href=\"http:\/\/www.acjbb-sud.org\" target=\"_blank\" rel=\"noopener noreferrer\">www.acjbb-sud.org<\/a>.<br \/>\nSi vous souhaitez recevoir par mail la newsletter de l&rsquo;office, inscrivez-vous en nous envoyant un mail \u00e0 <a href=\"mailto:officeboulognesud@gmail.com\">officeboulognesud@gmail.com<\/a><\/p>\n<hr \/>\n<h2><strong><span style=\"text-decoration: underline;\">Faire un don :<\/span><br \/>\n<\/strong><\/h2>\n<p>Pour faire vivre et participer activement \u00e0 cet office, <a href=\"http:\/\/www.acjbb-sud.org\/index.php\/faire-un-don\/\" target=\"_blank\" rel=\"noopener noreferrer\">faites un don<\/a> par internet ou envoyez vos ch\u00e8ques au 134 bis rue du Point du Jour. Toutes les participations sont bienvenues, les petits ruisseaux faisant de grandes rivi\u00e8res, nous parviendrons, tous ensemble, \u00e0 faire vivre l\u2019Office de Boulogne Sud.<br \/>\nTizkou L\u00e9-Mitsvot !!<\/p>\n<hr \/>\n<h2><strong><span style=\"text-decoration: underline;\">Dvar Thorah et enseignements :<\/span><br \/>\n<\/strong><\/h2>\n<p><em><strong>par le Rav Mika\u00ebl Mouyal<\/strong><\/em><br \/>\n<!--more--><\/p>\n<h1 style=\"text-align: center;\"><strong>Le coin &lsquo;Hidouchim<\/strong><\/h1>\n<h2><strong>Hachem le D.ieu du ciel Qui m&rsquo;a pris de la maison de mon p\u00e8re :<\/strong><\/h2>\n<p>Sur ce verset, Rachi explique que Avraham n&rsquo;a pas ajout\u00e9 ici \u00ab et le D.ieu de la terre \u00bb, comme il l&rsquo;a dit plus haut : \u00ab Je vais te faire jurer par Hachem le D.ieu du ciel et le D.ieu de la terre \u00bb. La raison est qu&rsquo;\u00e0 pr\u00e9sent, gr\u00e2ce \u00e0 Avraham, Hachem est aussi le D.ieu de la terre, car Avraham l&rsquo;a aussi fait conna\u00eetre sur terre. Mais, quand D.ieu l&rsquo;a pris de la maison de son p\u00e8re, Il n&rsquo;\u00e9tait que le D.ieu du ciel et non de la terre, car les gens vivants sur terre ne le connaissaient pas encore.<br \/>\nMais on peut se demander. Peut-on imaginer que Hachem n&rsquo;\u00e9tait pas le D.ieu de la terre ?!<br \/>\nOn apprend de l\u00e0, que la divinit\u00e9 se d\u00e9voile dans un endroit que si on la reconna\u00eet. Si on reconna\u00eet D.ieu dans un endroit, alors Il s&rsquo;y r\u00e9v\u00e9lera et Il sera le D.ieu de cet endroit. Mais si on ne Le reconna\u00eet pas, alors Il se retirera et se voilera dans ce lieu. La Emouna (foi) en Hachem entra\u00eene le d\u00e9voilement de Sa Pr\u00e9sence. Plus on conna\u00eet Hachem et plus il se r\u00e9v\u00e8le. (Rav Volb\u00e9).<\/p>\n<h2><strong>Le serviteur prit dix chameaux :<\/strong><\/h2>\n<p>Pourquoi Eliezer prit des chameaux pour se rendre \u00e0 Aram Nahara\u00efm trouver une femme pour Yits&rsquo;hak ? Il aurait pu prendre des chevaux ou encore des \u00e2nes !<br \/>\nEn fait, la Providence Divine a voulu qu&rsquo;il prenne des chameaux car cet animal a un signe pur (il rumine) et un signe impur (il n&rsquo;a pas de sabots fendus). Ainsi, cela devait indiquer que du mariage entre Yits&rsquo;hak et Rivka devait sortir deux jumeaux : un pur (Yaacov) et un impur (Essav). (Midrash).<\/p>\n<h2><strong>Le serviteur courut vers elle :<\/strong><\/h2>\n<p>Quand Rivka sortit vers le puits, Eliezer courut vers elle. Rachi explique que Eliezer remarqua que l&rsquo;eau du puits sortit vers elle. A la vue de ce miracle, Eliezer vit en elle une femme pieuse et c&rsquo;est pourquoi il courut vers elle.<br \/>\nMais on peut s&rsquo;interroger. En effet, un peu plus tard, quand Rivka souhaitait donner \u00e0 boire \u00e0 Eliezer et ses chameaux, il est dit : \u00ab Elle courut vers le puits pour puiser de l&rsquo;eau et elle puisa pour tous ses chameaux \u00bb. Ainsi, pourquoi \u00e0 ce moment l\u00e0, le miracle ne se reproduisit pas et elle dut puiser de l&rsquo;eau, ce qui laisse entendre que l&rsquo;eau ne sortit pas vers elle ?<br \/>\nEn fait, au d\u00e9part, lorsqu&rsquo;elle voulut puiser de l&rsquo;eau pour elle-m\u00eame, l&rsquo;eau sortit vers elle pour ne pas qu&rsquo;elle se fatigue pour puiser. Mais apr\u00e8s, quand elle voulut donner de l&rsquo;eau pour Eliezer et ses chameaux, l\u00e0 cela constituait une Mitsva de bont\u00e9 et charit\u00e9. L\u00e0, le Ciel souhaitait qu&rsquo;elle investisse des efforts pour la Mitsva et qu&rsquo;elle fasse d&rsquo;elle-m\u00eame toutes ses \u00e9tapes. Ainsi, elle dut puiser par elle-m\u00eame et l&rsquo;eau ne sortit pas \u00e0 son encontre. On voit de l\u00e0 que les efforts que l&rsquo;homme investit pour accomplir une Mitsva sont tr\u00e8s importants aux yeux d&rsquo;Hachem. (Rabbi Levi Yits&rsquo;hak de Berditchev)<\/p>\n<h1 style=\"text-align: center;\"><strong>Le coin Halakha<\/strong><\/h1>\n<p>Quelqu&rsquo;un qui a proc\u00e9d\u00e9 aux ablutions du matin mais ne s&rsquo;est pas encore essuy\u00e9 les mains, m\u00eame s&rsquo;il touche un aliment avec ses mains mouill\u00e9es, cela ne pose aucun probl\u00e8me. Et m\u00eame si certains pensent que le mauvais esprit de la nuit ne s&rsquo;en va compl\u00e8tement qu&rsquo;apr\u00e8s s&rsquo;\u00eatre essuy\u00e9 les mains, malgr\u00e9 tout, l&rsquo;essentiel de ce mauvais esprit se retire apr\u00e8s les ablutions. Pour faire encore mieux, le Gaon de Vilna pr\u00e9conise que l&rsquo;on verse quatre fois de l&rsquo;eau et non trois fois, la quatri\u00e8me fois servirait \u00e0 enlever le mauvais esprit de l&rsquo;eau qui a \u00e9t\u00e9 en contact avec lui.<br \/>\nTout le probl\u00e8me de toucher un aliment avant les ablutions du matin, c&rsquo;est uniquement pour toucher l&rsquo;aliment lui-m\u00eame. En revanche, il n&rsquo;y a aucun probl\u00e8me de toucher l&rsquo;ustensile qui contient l&rsquo;aliment. On ne va pas dire que l&rsquo;impuret\u00e9 va se poser sur l&rsquo;ustensile qui va ensuite se transmettre \u00e0 l&rsquo;aliment qui y est pos\u00e9. C&rsquo;est pourquoi, on pourra donner \u00e0 un enfant une bouteille pour boire m\u00eame s&rsquo;il n&rsquo;a pas fait Netilat Yada\u00efm (les ablutions), car il ne va toucher que l&rsquo;ustensile et non la boisson. Cependant, on ne devra pas toucher un tonneau contenant de l&rsquo;alcool, car dans ce cas l\u00e0 pr\u00e9cis, l&rsquo;impuret\u00e9 va se poser sur l&rsquo;alcool m\u00eame s&rsquo;il n&rsquo;a touch\u00e9 que l&rsquo;ustensile.<\/p>\n<h1 style=\"text-align: center;\"><strong>Le coin discours<\/strong><\/h1>\n<p>Lorsque Eliezer se rend dans le pays natal de Avraham pour trouver une femme pour Yits&rsquo;hak, il se met \u00e0 r\u00e9capituler devant eux tout ce qui lui est arriv\u00e9 depuis le d\u00e9but. Entre autre, il leur raconte la discussion qu&rsquo;il a eu avec Avraham. C&rsquo;est l\u00e0 qu&rsquo;il leur d\u00e9clare : \u00ab Alors j&rsquo;ai dit \u00e0 mon ma\u00eetre (Avraham) : <em>Peut-\u00eatre (\u05d0\u05d5\u05dc\u05d9) que la femme ne viendra pas avec moi<\/em> \u00bb. Le terme \u05d0\u05d5\u05dc\u05d9 qui signifie \u00ab peut-\u00eatre \u00bb est inscrit dans la Thora sans le Vav, c&rsquo;est \u00e0 dire \u05d0\u05dc\u05d9 ,qui signifie aussi \u00ab vers moi \u00bb. Rachi explique cela en disant que Eliezer avait une fille qu&rsquo;il cherchait \u00e0 marier \u00e0 Yits&rsquo;hak. Alors Avraham lui dit : \u00ab mon fils est b\u00e9ni alors que toi (qui descend de &lsquo;Ham) tu es maudit et le maudit ne peut pas se lier avec le b\u00e9ni \u00bb. C&rsquo;est cela l&rsquo;allusion de (\u05d0\u05dc\u05d9) vers moi, car Eliezer cherchait \u00e0 ce que finalement Avraham se tourne vers lui.<br \/>\nSeulement au d\u00e9marrage, lorsque Eliezer parla \u00e0 Avraham, Eliezer lui dit alors : \u00ab peut-\u00eatre la femme ne voudra pas venir avec moi \u00bb et l\u00e0 le terme \u00ab peut-\u00eatre \u00bb est \u00e9crit \u05d0\u05d5\u05dc\u05d9, avec le Vav.<br \/>\nPourquoi cette diff\u00e9rence ?<br \/>\nLe <strong>Sift\u00e9 &lsquo;Hakhamim<\/strong> explique que lorsque Eliezer arriva \u00e0 Aram Nahara\u00efm, Lavan lui dit : Vient b\u00e9ni de Hachem \u00bb. Alors, Eliezer comprit qu&rsquo;\u00e0 pr\u00e9sent il est devenu b\u00e9ni. A pr\u00e9sent, il pourrait donc marier sa fille \u00e0 Yits&rsquo;hak et il put alors leur en faire allusion par le terme \u05d0\u05dc\u05d9.<br \/>\nMais plus profond\u00e9ment, le <strong>Rabbi de Kotsk<\/strong> explique que lorsqu&rsquo;un homme \u00e0 un int\u00e9r\u00eat personnel, il est aveugl\u00e9 par cet int\u00e9r\u00eat et il ne peut m\u00eame pas se rendre compte de celui-ci. Mais quand l&rsquo;int\u00e9r\u00eat s&rsquo;en va, il peut alors en prendre conscience. C&rsquo;est pourquoi, c&rsquo;est seulement apr\u00e8s que Eliezer a trouv\u00e9 Rivka pour Yits&rsquo;hak et que son int\u00e9r\u00eat de lui donner sa fille s&rsquo;en alla, qu&rsquo;il put alors prendre conscience de son int\u00e9r\u00eat. Seulement alors il put leur dire \u05d0\u05dc\u05d9 et leur faire ainsi allusion \u00e0 son int\u00e9r\u00eat. Mais au d\u00e9part, quand il parla avec Avraham et qu&rsquo;il \u00e9tait encore sous l&#8217;emprise de son int\u00e9r\u00eat, il ne pouvait pas encore en prendre conscience. C&rsquo;est pourquoi, il dit \u05d0\u05d5\u05dc\u05d9, sans allusion \u00e0 son int\u00e9r\u00eat.<br \/>\nDe son c\u00f4t\u00e9, le <strong>Imr\u00e9 Emet<\/strong> explique que tant que Eliezer \u00e9tait aupr\u00e8s de Avraham, il \u00e9tait tellement influenc\u00e9 par sa saintet\u00e9 qu&rsquo;il n&rsquo;avait alors aucun int\u00e9r\u00eat personnel \u00e9tranger. Mais quand il se trouva dans la famille de Lavan, avec des impies, l\u00e0 alors s&rsquo;\u00e9veilla son int\u00e9r\u00eat personnel qu&rsquo;il leur fit savoir par le terme de \u05d0\u05dc\u05d9.<br \/>\nLe <strong>Maharal de Prague<\/strong> explique que Eliezer n&rsquo;osait pas \u00e9voquer son int\u00e9r\u00eat de marier sa fille \u00e0 Yits&rsquo;hak devant Avraham. Il trouvait que cela ne se faisait pas. Mais devant Lavan, il trouva bon de le lui en faire allusion parce que par ce biais, il lui fit savoir que Yitshak est b\u00e9ni. Eliezer souhaitait ainsi qu&rsquo;il s&#8217;empresse de marier leur fille \u00e0 Yits&rsquo;hak du fait que celui-ci est b\u00e9ni.<br \/>\nLe <strong>Keli Yakar<\/strong> quant \u00e0 lui, explique que Eliezer ne pouvait pas dire \u05d0\u05dc\u05d9) vers moi) devant Avraham, car alors cela aurait pu signifier \u00ab A cause de moi \u00bb, c&rsquo;est \u00e0 dire que Eliezer aurait voulu lui dire : \u00ab Peut-\u00eatre que c&rsquo;est \u00e0 cause de moi que la femme ne voudra pas me suivre, parce que je suis un simple esclave \u00bb. Mais devant la famille de Rivka, Eliezer ne pouvait pas leur faire part de cet intention, car il ne va pas se d\u00e9grader devant eux, risquant ainsi de compromettre sa mission. Ainsi, le terme \u05d0\u05dc\u05d9 ne pouvant plus alors signifier \u00ab A cause de moi \u00bb, ce terme pourra alors signifier \u00a0\u00bbvers moi\u00a0\u00bb faisant ainsi uniquement allusion \u00e0 son int\u00e9r\u00eat de marier sa fille \u00e0 Yitshak.<br \/>\nSur un autre ordre, le <strong>Pardess Yosseph<\/strong> explique qu&rsquo;au d\u00e9part, quand Eliezer \u00e9tait encore aupr\u00e8s de Avraham, il pensait que la famille de Avraham \u00e9tait des gens honorables, il lui \u00e9tait donc \u00e9vident que Avraham n&rsquo;allait pas marier sa fille, qui \u00e9tait servante, \u00e0 Yits&rsquo;hak, alors qu&rsquo;il pouvait la marier \u00e0 une femme d&rsquo;une noble famille. Mais quand Eliezer arriva \u00e0 Aram Nahara\u00efm et qu&rsquo;il d\u00e9couvrit que la famille de Avraham \u00e9tait constitu\u00e9e de gens de peu de valeur, comme Lavan, qui \u00e9tait un impie, c&rsquo;est alors que s&rsquo;\u00e9veilla en lui l&rsquo;espoir de marier sa fille \u00e0 Yits&rsquo;hak, car il n&rsquo;\u00e9tait pas moins bien qu&rsquo;eux. C&rsquo;est donc devant eux qu&rsquo;il dit \u05d0\u05dc\u05d9.<br \/>\nEnfin, <strong>Rabbi Noa&rsquo;h de Piassetsn\u00e9<\/strong> explique qu&rsquo;au d\u00e9part, Eliezer pensait que si la femme ne voulait pas venir, alors il serait possible de faire venir Yits&rsquo;hak dans son pays. Alors, dans cet configuration l\u00e0, il n&rsquo;y aurait pas d&rsquo;espoir que Eliezer marie sa fille \u00e0 Yits&rsquo;hak. Mais lorsque Avraham lui dit qu&rsquo;en aucun cas Yits&rsquo;hak n&rsquo;irait dans le pays de la femme, alors Eliezer esp\u00e9ra que celle-ci ne veuille pas le suivre pour se rendre dans le pays de Yit&rsquo;s&rsquo;hak. Alors Yits&rsquo;hak resterait sans femme puisque aucune femme ne voudrait aller chez lui. C&rsquo;est alors que s&rsquo;\u00e9veilla en lui cet int\u00e9r\u00eat de lui donner sa fille, en d\u00e9sespoir de cause. C&rsquo;est pourquoi, une fois que Eliezer se trouva dans la famille de Rivka et qu&rsquo;\u00e0 pr\u00e9sent il savait que Avraham ne voulait pas que Yits&rsquo;hak se rende dans ce pays, c&rsquo;est alors que Eliezer exprima son espoir de lui donner sa fille (puisque peut-\u00eatre qu&rsquo;aucune femme ne voudrait se rendre chez Yits&rsquo;hak). C&rsquo;est donc l\u00e0 qu&rsquo;il dit \u05d0\u05dc\u05d9 .<\/p>\n<h1 style=\"text-align: center;\"><strong>Le coin histoire<\/strong><\/h1>\n<p>Un p\u00e8re \u00e9tait tr\u00e8s inquiet pour son fils, car il n&rsquo;avait pas d&rsquo;argent pour le marier. Il prit conseil aupr\u00e8s de son Rav qui lui dit de faire ce qui rel\u00e8ve de ses possibilit\u00e9s puis de prier et le reste, c&rsquo;est Hachem qui le fera.<br \/>\nLe p\u00e8re \u00e9couta le conseil : il fian\u00e7a son fils et pla\u00e7a sa confiance dans le Cr\u00e9ateur.<br \/>\nQuelques jours plus tard, il arriva, tout heureux, \u00e0 la maison du Rav, avec un r\u00e9cit frappant \u00e0 lui raconter. Quelques ann\u00e9es auparavant, ce p\u00e8re a subi un certain accident suite \u00e0 quoi il a demand\u00e9 une grosse somme d&rsquo;argent aux responsables. Malheureusement, \u00e0 l&rsquo;\u00e9poque, la plainte n&rsquo;avait pas \u00e9t\u00e9 accept\u00e9e, et il en sortit les mains vides.<br \/>\nC&rsquo;est l\u00e0 que le Ma\u00eetre du monde Tout-Puissant, entra\u00eena que lorsqu&rsquo;\u00e0 pr\u00e9sent, notre homme devait marier son fils, l&rsquo;avocat relan\u00e7a l&rsquo;affaire et repr\u00e9senta la plainte au tribunal. Et, de fa\u00e7on extraordinaire, les juges accept\u00e8rent cette fois-ci la plainte. Le p\u00e8re re\u00e7ut suite \u00e0 cela une grande somme d&rsquo;argent qui suffirent pour marier son fils mais aussi tous les enfants qui suivirent. Cette histoire nous apprend qu&rsquo;une personne pr\u00eate \u00e0 se marier ne doit pas repousser le mariage en disant qu&rsquo;il n&rsquo;a pas assez d&rsquo;argent. Qu&rsquo;il place sa confiance en Hachem et c&rsquo;est Lui qui fera tout le reste !<\/p>\n<hr \/>\n<p>Chabbat Chalom !!<\/p>\n","protected":false},"excerpt":{"rendered":"<p>Paracha &lsquo;Hay\u00e9-Sarah \/ Chabbat M\u00e9var\u00e9&rsquo;him 15-26 novembre 2016 \/ 25 &lsquo;Hechvan 5777 Chabbat des jeunes : A l&rsquo;occasion du Chabbat des jeunes, la lecture de la Paracha et les offices seront assur\u00e9s par les jeunes de la communaut\u00e9. Les Horaires : Vendredi soir : 16h40 : Allumage des bougies (d\u00e9but de Chabbat \u00e0 16h42) 16h45 &hellip; <\/p>\n<p><a class=\"more-link btn\" href=\"https:\/\/acjbb-sud.org\/index.php\/2016\/11\/24\/paracha-haye-sarah-5777\/\">Lire la suite<\/a><\/p>\n","protected":false},"author":1,"featured_media":0,"comment_status":"open","ping_status":"open","sticky":false,"template":"","format":"standard","meta":{"jetpack_post_was_ever_published":false,"_jetpack_newsletter_access":"","_jetpack_dont_email_post_to_subs":true,"_jetpack_newsletter_tier_id":0,"_jetpack_memberships_contains_paywalled_content":false,"_jetpack_memberships_contains_paid_content":false,"footnotes":"","jetpack_publicize_message":"","jetpack_publicize_feature_enabled":true,"jetpack_social_post_already_shared":true,"jetpack_social_options":{"image_generator_settings":{"template":"highway","default_image_id":0,"font":"","enabled":false},"version":2}},"categories":[3,4,5],"tags":[47,76],"class_list":["post-272","post","type-post","status-publish","format-standard","hentry","category-chabbat","category-chabbat-des-jeunes","category-chabbat-mevarehim","tag-chabbat","tag-haye-sarah","item-wrap"],"yoast_head":"<!-- This site is optimized with the Yoast SEO plugin v26.6 - https:\/\/yoast.com\/wordpress\/plugins\/seo\/ -->\n<title>Paracha &#039;Hay\u00e9-Sarah - Synagogue ACJBB Boulogne Sud<\/title>\n<meta name=\"robots\" content=\"index, follow, max-snippet:-1, max-image-preview:large, max-video-preview:-1\" \/>\n<link rel=\"canonical\" href=\"https:\/\/acjbb-sud.org\/index.php\/2016\/11\/24\/paracha-haye-sarah-5777\/\" \/>\n<meta property=\"og:locale\" content=\"fr_FR\" \/>\n<meta property=\"og:type\" content=\"article\" \/>\n<meta property=\"og:title\" content=\"Paracha &#039;Hay\u00e9-Sarah - Synagogue ACJBB Boulogne Sud\" \/>\n<meta property=\"og:description\" content=\"Paracha &lsquo;Hay\u00e9-Sarah \/ Chabbat M\u00e9var\u00e9&rsquo;him 15-26 novembre 2016 \/ 25 &lsquo;Hechvan 5777 Chabbat des jeunes : A l&rsquo;occasion du Chabbat des jeunes, la lecture de la Paracha et les offices seront assur\u00e9s par les jeunes de la communaut\u00e9. Les Horaires : Vendredi soir : 16h40 : Allumage des bougies (d\u00e9but de Chabbat \u00e0 16h42) 16h45 &hellip; Lire la suite\" \/>\n<meta property=\"og:url\" content=\"https:\/\/acjbb-sud.org\/index.php\/2016\/11\/24\/paracha-haye-sarah-5777\/\" \/>\n<meta property=\"og:site_name\" content=\"Synagogue ACJBB Boulogne Sud\" \/>\n<meta property=\"article:published_time\" content=\"2016-11-24T21:27:59+00:00\" \/>\n<meta property=\"og:image\" content=\"http:\/\/acjbb-sud.org\/wp-content\/uploads\/2016\/10\/chabbath-pain-et-bougies-1810-1.jpg\" \/>\n<meta name=\"author\" content=\"AcjbbSud\" \/>\n<meta name=\"twitter:card\" content=\"summary_large_image\" \/>\n<meta name=\"twitter:label1\" content=\"\u00c9crit par\" \/>\n\t<meta name=\"twitter:data1\" content=\"AcjbbSud\" \/>\n\t<meta name=\"twitter:label2\" content=\"Dur\u00e9e de lecture estim\u00e9e\" \/>\n\t<meta name=\"twitter:data2\" content=\"12 minutes\" \/>\n<script type=\"application\/ld+json\" class=\"yoast-schema-graph\">{\"@context\":\"https:\/\/schema.org\",\"@graph\":[{\"@type\":\"WebPage\",\"@id\":\"https:\/\/acjbb-sud.org\/index.php\/2016\/11\/24\/paracha-haye-sarah-5777\/\",\"url\":\"https:\/\/acjbb-sud.org\/index.php\/2016\/11\/24\/paracha-haye-sarah-5777\/\",\"name\":\"Paracha 'Hay\u00e9-Sarah - Synagogue ACJBB Boulogne Sud\",\"isPartOf\":{\"@id\":\"https:\/\/acjbb-sud.org\/#website\"},\"primaryImageOfPage\":{\"@id\":\"https:\/\/acjbb-sud.org\/index.php\/2016\/11\/24\/paracha-haye-sarah-5777\/#primaryimage\"},\"image\":{\"@id\":\"https:\/\/acjbb-sud.org\/index.php\/2016\/11\/24\/paracha-haye-sarah-5777\/#primaryimage\"},\"thumbnailUrl\":\"http:\/\/acjbb-sud.org\/wp-content\/uploads\/2016\/10\/chabbath-pain-et-bougies-1810-1.jpg\",\"datePublished\":\"2016-11-24T21:27:59+00:00\",\"author\":{\"@id\":\"https:\/\/acjbb-sud.org\/#\/schema\/person\/adc8f09fb72c9d0dc78509106dc5e9f0\"},\"breadcrumb\":{\"@id\":\"https:\/\/acjbb-sud.org\/index.php\/2016\/11\/24\/paracha-haye-sarah-5777\/#breadcrumb\"},\"inLanguage\":\"fr-FR\",\"potentialAction\":[{\"@type\":\"ReadAction\",\"target\":[\"https:\/\/acjbb-sud.org\/index.php\/2016\/11\/24\/paracha-haye-sarah-5777\/\"]}]},{\"@type\":\"ImageObject\",\"inLanguage\":\"fr-FR\",\"@id\":\"https:\/\/acjbb-sud.org\/index.php\/2016\/11\/24\/paracha-haye-sarah-5777\/#primaryimage\",\"url\":\"http:\/\/acjbb-sud.org\/wp-content\/uploads\/2016\/10\/chabbath-pain-et-bougies-1810-1.jpg\",\"contentUrl\":\"http:\/\/acjbb-sud.org\/wp-content\/uploads\/2016\/10\/chabbath-pain-et-bougies-1810-1.jpg\"},{\"@type\":\"BreadcrumbList\",\"@id\":\"https:\/\/acjbb-sud.org\/index.php\/2016\/11\/24\/paracha-haye-sarah-5777\/#breadcrumb\",\"itemListElement\":[{\"@type\":\"ListItem\",\"position\":1,\"name\":\"Accueil\",\"item\":\"https:\/\/acjbb-sud.org\/\"},{\"@type\":\"ListItem\",\"position\":2,\"name\":\"Paracha &lsquo;Hay\u00e9-Sarah\"}]},{\"@type\":\"WebSite\",\"@id\":\"https:\/\/acjbb-sud.org\/#website\",\"url\":\"https:\/\/acjbb-sud.org\/\",\"name\":\"Synagogue ACJBB Boulogne Sud\",\"description\":\"Synagogue \/ Association Communautaire Juive de Boulogne Billancourt (Sud)\",\"potentialAction\":[{\"@type\":\"SearchAction\",\"target\":{\"@type\":\"EntryPoint\",\"urlTemplate\":\"https:\/\/acjbb-sud.org\/?s={search_term_string}\"},\"query-input\":{\"@type\":\"PropertyValueSpecification\",\"valueRequired\":true,\"valueName\":\"search_term_string\"}}],\"inLanguage\":\"fr-FR\"},{\"@type\":\"Person\",\"@id\":\"https:\/\/acjbb-sud.org\/#\/schema\/person\/adc8f09fb72c9d0dc78509106dc5e9f0\",\"name\":\"AcjbbSud\",\"image\":{\"@type\":\"ImageObject\",\"inLanguage\":\"fr-FR\",\"@id\":\"https:\/\/acjbb-sud.org\/#\/schema\/person\/image\/\",\"url\":\"https:\/\/secure.gravatar.com\/avatar\/ea30fe7a8231c8c0bf30066f86006714af7be34ba414543eaab3e453b92901aa?s=96&d=mm&r=g\",\"contentUrl\":\"https:\/\/secure.gravatar.com\/avatar\/ea30fe7a8231c8c0bf30066f86006714af7be34ba414543eaab3e453b92901aa?s=96&d=mm&r=g\",\"caption\":\"AcjbbSud\"},\"url\":\"https:\/\/acjbb-sud.org\/index.php\/author\/acjbbsud\/\"}]}<\/script>\n<!-- \/ Yoast SEO plugin. -->","yoast_head_json":{"title":"Paracha 'Hay\u00e9-Sarah - Synagogue ACJBB Boulogne Sud","robots":{"index":"index","follow":"follow","max-snippet":"max-snippet:-1","max-image-preview":"max-image-preview:large","max-video-preview":"max-video-preview:-1"},"canonical":"https:\/\/acjbb-sud.org\/index.php\/2016\/11\/24\/paracha-haye-sarah-5777\/","og_locale":"fr_FR","og_type":"article","og_title":"Paracha 'Hay\u00e9-Sarah - Synagogue ACJBB Boulogne Sud","og_description":"Paracha &lsquo;Hay\u00e9-Sarah \/ Chabbat M\u00e9var\u00e9&rsquo;him 15-26 novembre 2016 \/ 25 &lsquo;Hechvan 5777 Chabbat des jeunes : A l&rsquo;occasion du Chabbat des jeunes, la lecture de la Paracha et les offices seront assur\u00e9s par les jeunes de la communaut\u00e9. Les Horaires : Vendredi soir : 16h40 : Allumage des bougies (d\u00e9but de Chabbat \u00e0 16h42) 16h45 &hellip; Lire la suite","og_url":"https:\/\/acjbb-sud.org\/index.php\/2016\/11\/24\/paracha-haye-sarah-5777\/","og_site_name":"Synagogue ACJBB Boulogne Sud","article_published_time":"2016-11-24T21:27:59+00:00","og_image":[{"url":"http:\/\/acjbb-sud.org\/wp-content\/uploads\/2016\/10\/chabbath-pain-et-bougies-1810-1.jpg","type":"","width":"","height":""}],"author":"AcjbbSud","twitter_card":"summary_large_image","twitter_misc":{"\u00c9crit par":"AcjbbSud","Dur\u00e9e de lecture estim\u00e9e":"12 minutes"},"schema":{"@context":"https:\/\/schema.org","@graph":[{"@type":"WebPage","@id":"https:\/\/acjbb-sud.org\/index.php\/2016\/11\/24\/paracha-haye-sarah-5777\/","url":"https:\/\/acjbb-sud.org\/index.php\/2016\/11\/24\/paracha-haye-sarah-5777\/","name":"Paracha 'Hay\u00e9-Sarah - Synagogue ACJBB Boulogne Sud","isPartOf":{"@id":"https:\/\/acjbb-sud.org\/#website"},"primaryImageOfPage":{"@id":"https:\/\/acjbb-sud.org\/index.php\/2016\/11\/24\/paracha-haye-sarah-5777\/#primaryimage"},"image":{"@id":"https:\/\/acjbb-sud.org\/index.php\/2016\/11\/24\/paracha-haye-sarah-5777\/#primaryimage"},"thumbnailUrl":"http:\/\/acjbb-sud.org\/wp-content\/uploads\/2016\/10\/chabbath-pain-et-bougies-1810-1.jpg","datePublished":"2016-11-24T21:27:59+00:00","author":{"@id":"https:\/\/acjbb-sud.org\/#\/schema\/person\/adc8f09fb72c9d0dc78509106dc5e9f0"},"breadcrumb":{"@id":"https:\/\/acjbb-sud.org\/index.php\/2016\/11\/24\/paracha-haye-sarah-5777\/#breadcrumb"},"inLanguage":"fr-FR","potentialAction":[{"@type":"ReadAction","target":["https:\/\/acjbb-sud.org\/index.php\/2016\/11\/24\/paracha-haye-sarah-5777\/"]}]},{"@type":"ImageObject","inLanguage":"fr-FR","@id":"https:\/\/acjbb-sud.org\/index.php\/2016\/11\/24\/paracha-haye-sarah-5777\/#primaryimage","url":"http:\/\/acjbb-sud.org\/wp-content\/uploads\/2016\/10\/chabbath-pain-et-bougies-1810-1.jpg","contentUrl":"http:\/\/acjbb-sud.org\/wp-content\/uploads\/2016\/10\/chabbath-pain-et-bougies-1810-1.jpg"},{"@type":"BreadcrumbList","@id":"https:\/\/acjbb-sud.org\/index.php\/2016\/11\/24\/paracha-haye-sarah-5777\/#breadcrumb","itemListElement":[{"@type":"ListItem","position":1,"name":"Accueil","item":"https:\/\/acjbb-sud.org\/"},{"@type":"ListItem","position":2,"name":"Paracha &lsquo;Hay\u00e9-Sarah"}]},{"@type":"WebSite","@id":"https:\/\/acjbb-sud.org\/#website","url":"https:\/\/acjbb-sud.org\/","name":"Synagogue ACJBB Boulogne Sud","description":"Synagogue \/ Association Communautaire Juive de Boulogne Billancourt (Sud)","potentialAction":[{"@type":"SearchAction","target":{"@type":"EntryPoint","urlTemplate":"https:\/\/acjbb-sud.org\/?s={search_term_string}"},"query-input":{"@type":"PropertyValueSpecification","valueRequired":true,"valueName":"search_term_string"}}],"inLanguage":"fr-FR"},{"@type":"Person","@id":"https:\/\/acjbb-sud.org\/#\/schema\/person\/adc8f09fb72c9d0dc78509106dc5e9f0","name":"AcjbbSud","image":{"@type":"ImageObject","inLanguage":"fr-FR","@id":"https:\/\/acjbb-sud.org\/#\/schema\/person\/image\/","url":"https:\/\/secure.gravatar.com\/avatar\/ea30fe7a8231c8c0bf30066f86006714af7be34ba414543eaab3e453b92901aa?s=96&d=mm&r=g","contentUrl":"https:\/\/secure.gravatar.com\/avatar\/ea30fe7a8231c8c0bf30066f86006714af7be34ba414543eaab3e453b92901aa?s=96&d=mm&r=g","caption":"AcjbbSud"},"url":"https:\/\/acjbb-sud.org\/index.php\/author\/acjbbsud\/"}]}},"jetpack_publicize_connections":[],"jetpack_featured_media_url":"","jetpack_sharing_enabled":true,"jetpack_shortlink":"https:\/\/wp.me\/p7sjOI-4o","jetpack_likes_enabled":true,"_links":{"self":[{"href":"https:\/\/acjbb-sud.org\/index.php\/wp-json\/wp\/v2\/posts\/272","targetHints":{"allow":["GET"]}}],"collection":[{"href":"https:\/\/acjbb-sud.org\/index.php\/wp-json\/wp\/v2\/posts"}],"about":[{"href":"https:\/\/acjbb-sud.org\/index.php\/wp-json\/wp\/v2\/types\/post"}],"author":[{"embeddable":true,"href":"https:\/\/acjbb-sud.org\/index.php\/wp-json\/wp\/v2\/users\/1"}],"replies":[{"embeddable":true,"href":"https:\/\/acjbb-sud.org\/index.php\/wp-json\/wp\/v2\/comments?post=272"}],"version-history":[{"count":0,"href":"https:\/\/acjbb-sud.org\/index.php\/wp-json\/wp\/v2\/posts\/272\/revisions"}],"wp:attachment":[{"href":"https:\/\/acjbb-sud.org\/index.php\/wp-json\/wp\/v2\/media?parent=272"}],"wp:term":[{"taxonomy":"category","embeddable":true,"href":"https:\/\/acjbb-sud.org\/index.php\/wp-json\/wp\/v2\/categories?post=272"},{"taxonomy":"post_tag","embeddable":true,"href":"https:\/\/acjbb-sud.org\/index.php\/wp-json\/wp\/v2\/tags?post=272"}],"curies":[{"name":"wp","href":"https:\/\/api.w.org\/{rel}","templated":true}]}}