{"id":2931,"date":"2019-09-05T10:55:59","date_gmt":"2019-09-05T08:55:59","guid":{"rendered":"https:\/\/acjbb-sud.org\/?p=2931"},"modified":"2019-09-11T12:16:13","modified_gmt":"2019-09-11T10:16:13","slug":"chabbat-chofetim-5779","status":"publish","type":"post","link":"https:\/\/acjbb-sud.org\/index.php\/2019\/09\/05\/chabbat-chofetim-5779\/","title":{"rendered":"Chabbat Chofetim"},"content":{"rendered":"<h3 style=\"text-align: center; padding-left: 30px;\"><strong>Paracha Chofetim \/ <span dir=\"RTL\" lang=\"HE\">\u05e4\u05e8\u05e9\u05d4 \u05e9\u05d5\u05e4\u05d8\u05d9\u05dd<\/span><\/strong><\/h3>\n<h4 style=\"text-align: center;\"><strong>6\/7 septembre 2019 &#8211; 7 Eloul 5779 \/ <span dir=\"RTL\" lang=\"HE\">\u05d6&rsquo; \u05d0\u05dc\u05d5\u05dc \u05d4-\u05ea\u05e9\u05e2&rsquo;\u05d8<\/span><\/strong><\/h4>\n<h4 style=\"text-align: center;\"><em><strong>D\u00e9but : 20h05 &#8211; Fin : 21h11<\/strong><\/em><\/h4>\n<p style=\"text-align: justify;\"><img loading=\"lazy\" decoding=\"async\" class=\"wp-image-2195 size-full aligncenter\" src=\"https:\/\/acjbb-sud.org\/wp-content\/uploads\/2018\/10\/ACJBB-Sud-Chabbat-halots-bougies-vin-600-logos-v2.jpg\" alt=\"\" width=\"615\" height=\"433\" srcset=\"https:\/\/acjbb-sud.org\/wp-content\/uploads\/2018\/10\/ACJBB-Sud-Chabbat-halots-bougies-vin-600-logos-v2.jpg 615w, https:\/\/acjbb-sud.org\/wp-content\/uploads\/2018\/10\/ACJBB-Sud-Chabbat-halots-bougies-vin-600-logos-v2-300x211.jpg 300w\" sizes=\"auto, (max-width: 615px) 100vw, 615px\" \/><\/p>\n<h3><strong><span style=\"text-decoration: underline;\">Les Horaires :<\/span><br \/>\n<\/strong><\/h3>\n<p><em><strong>Vendredi soir :<\/strong><\/em><br \/>\n<strong>20h00<\/strong> : Allumage des bougies et entr\u00e9e de Chabbat (heure maximum pour l&rsquo;allumage : 20h05)<br \/>\n<strong>19h00<\/strong> : Chir haChirim<br \/>\n<strong>19h15<\/strong> : Min\u2019ha, suivi de Kabbalat Chabbat et Arvit<br \/>\nD\u2019var Thora par <strong>le Rabbin Mickael MOUYAL<\/strong><\/p>\n<p><strong><em>Samedi matin :<\/em> <\/strong><br \/>\n<strong>09h00<\/strong> : Cha\u2019harit<br \/>\nD\u2019var Thora par <strong>le Rabbin Mickael MOUYAL<\/strong><br \/>\nL\u2019office sera suivi d\u2019un kiddouch communautaire<\/p>\n<p><em><strong>Samedi apr\u00e8s-midi :<\/strong><\/em><br \/>\n<strong>18h15<\/strong> : Cours mixte sur la paracha par <strong>le Rabbin Mickael Mouyal<\/strong><br \/>\n<strong>19h15<\/strong> : T\u00e9hilim &#8211; Lecture collective des T\u00e9hilim &#8211; Alpha\/Beta<br \/>\n<strong>19h30<\/strong> : Min\u2019ha<br \/>\nSuivi de la S\u00e9ouda Ch\u00e9lichit, des chants de Chabbat et du D&rsquo;var Torah par <strong>le Rabbin Mickael Mouyal<\/strong><br \/>\n<strong>20h21<\/strong> : Shquiya \/ <span dir=\"RTL\" lang=\"HE\">\u05e9\u05e7\u05e2\u05ea \u05d4\u05d7\u05de\u05d4<\/span><\/p>\n<p><strong><em>Samedi soir :<\/em> <\/strong><br \/>\n<strong>21h11<\/strong> : Fin de Chabbat, Arvit et Havdala<\/p>\n<p><strong><em>Dimanche matin :<\/em> <\/strong><br \/>\n<strong>07h00<\/strong> : S\u00e9li&rsquo;hots<br \/>\n<strong>08h00<\/strong> : Cha\u2019harit, suivi d\u2019un petit d\u00e9jeuner offert par <strong>Jacques ATTAL<\/strong> \u00e0 l\u2019occasion de son anniversaire. Nous souhaitons un grand mazal-tov \u00e0 Jacques et \u00e0 toute sa famille.<\/p>\n<p><strong>Chabbat Chalom !<\/strong><\/p>\n<p><!--more--><\/p>\n<hr \/>\n<h3><strong><span style=\"text-decoration: underline;\">Birkat ha-L\u00e9vana :<\/span><br \/>\n<\/strong><\/h3>\n<p>La Birkat ha-L\u00e9vana (pri\u00e8re pour le renouvellement de la lune) pourra \u00eatre r\u00e9cit\u00e9e entre le samedi 7 septembre au soir et le jeudi 12 septembre 2019 au soir, lorsque la lune est visible.<\/p>\n<hr \/>\n<h3><strong><span style=\"text-decoration: underline;\">Offices et cours de la semaine \u00e0 la Synagogue :<\/span><br \/>\n<\/strong><\/h3>\n<p><em>43 rue des abondances<\/em><\/p>\n<p><strong><em>Cha\u2019harit &#8211; 1er office :<\/em><\/strong><br \/>\n<em><u>Lundi et jeudi :<\/u><\/em><br \/>\n<strong>5h55<\/strong> : S\u00e9li&rsquo;hots<br \/>\n<strong>6h55<\/strong> : Cha&rsquo;harit<br \/>\n<em><u>Mardi, mercredi et vendredi :<\/u><\/em><br \/>\n<strong>6h00<\/strong> : S\u00e9li&rsquo;hots<br \/>\n<strong>7h00<\/strong> : Cha&rsquo;harit<br \/>\n<em><u>Dimanche :<\/u><\/em><br \/>\n<strong>7h00<\/strong> : S\u00e9li&rsquo;hots<br \/>\n<strong>8h00<\/strong> : Cha&rsquo;harit<\/p>\n<p><strong><em>Cha\u2019harit &#8211; 2\u00e8me Office :<\/em><\/strong><br \/>\n<strong>7h45<\/strong> : dans la Soucah\/Pergola<br \/>\nsuivi d&rsquo;une \u00e9tude par le <strong>Rabbin Didier Kassabi<\/strong> du lundi au jeudi, et par le <strong>Rav Avner Ibgui<\/strong> le vendredi<\/p>\n<p><strong><em>Min\u2019ha suivi de Arvit :<\/em><\/strong><br \/>\n<strong>18h45<\/strong> : du dimanche au jeudi<\/p>\n<p>Retrouvez les horaires de la synagogue <a href=\"http:\/\/synaboulogne.blogspot.com\/2019\/05\/horaies-dete-57792019.html\" target=\"_blank\" rel=\"noopener noreferrer\">ici<\/a>.<\/p>\n<hr \/>\n<h3><strong><span style=\"text-decoration: underline;\">F\u00eates de Tichri 5780 :<\/span><br \/>\n<\/strong><\/h3>\n<p><img decoding=\"async\" class=\"alignnone size-medium wp-image-212 aligncenter\" src=\"http:\/\/acjbb-sud.org\/wp-content\/uploads\/2016\/10\/choffar-roch-hachana-kippour-1-300x165.png\" alt=\"\" width=\"500\" srcset=\"https:\/\/acjbb-sud.org\/wp-content\/uploads\/2016\/10\/choffar-roch-hachana-kippour-1-300x165.png 300w, https:\/\/acjbb-sud.org\/wp-content\/uploads\/2016\/10\/choffar-roch-hachana-kippour-1-500x276.png 500w, https:\/\/acjbb-sud.org\/wp-content\/uploads\/2016\/10\/choffar-roch-hachana-kippour-1.png 744w\" sizes=\"(max-width: 300px) 100vw, 300px\" \/><\/p>\n<p><span style=\"font-weight: 400;\">Chers Amis,<\/span><\/p>\n<p style=\"text-align: justify;\"><span style=\"font-weight: 400;\">Nous nous retrouverons donc \u00e0 nouveau cette ann\u00e9e dans ce lieu pour c\u00e9l\u00e9brer BH\u2019 les f\u00eates de TICHRI en attendant la construction du Nouveau Centre Culturel Juif de Boulogne-Billancourt dont les travaux ont commenc\u00e9, pour une dur\u00e9e de 12 mois.<\/span><\/p>\n<p style=\"text-align: justify;\">Les offices de <strong>Roch Hachana<\/strong> auront lieu les 30 septembre et le 1er octobre, les offices de <strong>Yom Kippour<\/strong> auront lieu les 8 et 9 octobre. Comme les ann\u00e9es pr\u00e9c\u00e9dentes, nous aurons le plaisir d\u2019accueillir notre &lsquo;Hazan <strong>Ariel LASRY<\/strong> qui viendra d\u2019Isra\u00ebl.<\/p>\n<p>Les horaires des offices seront identiques \u00e0 celles de la Synagogue de la rue des abondances, sauf en ce qui concerne les offices du matin :<\/p>\n<ul>\n<li>Chabbat : 09h00<\/li>\n<li>Roch Hachana et Yom Kippour : 08h30<\/li>\n<li>Souccot : 09h00<\/li>\n<\/ul>\n<p style=\"text-align: justify;\"><strong>La r\u00e9servation des places devra se faire exclusivement aupr\u00e8s de M. Daniel LASRY (06.26.94.51.58). Attention, nos locaux ne nous permettent malheureusement pas d\u2019accueillir autant de fid\u00e8les que nous le voudrions. Il est donc imp\u00e9ratif de r\u00e9server vos places au plus t\u00f4t afin d\u2019\u00eatre s\u00fbr d\u2019avoir une place assise, la r\u00e9servation ne sera effective qu&rsquo;\u00e0 r\u00e9ception du r\u00e8glement.<\/strong><\/p>\n<p style=\"text-align: justify;\">Le prix des places pour Yom Kippour est fix\u00e9 \u00e0 180 \u20ac pour les hommes et 120 \u20ac pour les femmes. Ces montants incluent cotisation(s) de membre de l\u2019ACIP, <strong>tous les r\u00e8glements de places sont \u00e0 faire \u00e0 l\u2019ordre de l\u2019ACIP.<\/strong><\/p>\n<p style=\"text-align: justify;\">Si vous souhaitez effectuer votre r\u00e8glement en plusieurs fois, il vous suffit d\u2019envoyer plusieurs ch\u00e8ques en sp\u00e9cifiant simplement au dos des ch\u00e8ques les dates d\u2019encaissement souhait\u00e9es.<\/p>\n<p>T\u00e9l\u00e9chargez <a href=\"https:\/\/acjbb-sud.org\/wp-content\/uploads\/2018\/08\/Office-Boulogne-Sud-Tichri-5779.doc\">le coupon<\/a> et renvoyez le avec votre r\u00e8glement pour confirmer votre r\u00e9servation.<\/p>\n<p style=\"text-align: justify;\">L&rsquo;\u00e9quipe de l\u2019Office de Boulogne Sud vous souhaite de bonnes vacances et une excellente ann\u00e9e 5780 pour vous et vos proches et esp\u00e8re avoir le plaisir de vous rencontrer rapidement.<\/p>\n<p style=\"text-align: justify;\"><strong>Si vous souhaitez r\u00e9server dans un des nombreux autres offices \u00e0 Boulogne, vous pouvez d\u00e8s \u00e0 pr\u00e9sent r\u00e9server vos places tous les matins aupr\u00e8s du secr\u00e9tariat de la Synagogue. 01.46.03.90.63, 43 rue des Abondances, 92100 Boulogne.<\/strong><\/p>\n<p><strong>Chana Tova, que vous soyez inscrits dans le livre de la vie !<\/strong><\/p>\n<hr \/>\n<h3><strong><span style=\"text-decoration: underline;\">Comptes-rendus de l&rsquo;AG de l&rsquo;ACJBB :<\/span><br \/>\n<\/strong><\/h3>\n<p>Retrouvez tous les comptes-rendus de l&rsquo;Assembl\u00e9e G\u00e9n\u00e9rale de l&rsquo;ACJBB sur le blog de la Synagogue de Boulogne Billancourt : <a href=\"http:\/\/synaboulogne.blogspot.com\/\" target=\"_blank\" rel=\"noopener noreferrer\">http:\/\/synaboulogne.blogspot.com\/<\/a><\/p>\n<hr \/>\n<h3><strong><span style=\"text-decoration: underline;\">Beth Hamidrach :<\/span><br \/>\n<\/strong><\/h3>\n<p style=\"text-align: justify;\">Le <strong>Rabbin Didier Kassabi<\/strong> donne un cours de Gu\u00e9mara chaque lundi soir \u00e0 20h00 \u00e0 la Synagogue de Boulogne Billancourt, 43 rue des abondances. <strong>Les cours reprennent ce lundi 9 septembre !!<\/strong><\/p>\n<p><img decoding=\"async\" class=\"aligncenter wp-image-2318 size-large\" src=\"https:\/\/acjbb-sud.org\/wp-content\/uploads\/2018\/12\/Rav-Didier-Kassabi-ACJBB-Boulogne-Sud-1024x656.jpg\" alt=\"\" width=\"600\" srcset=\"https:\/\/acjbb-sud.org\/wp-content\/uploads\/2018\/12\/Rav-Didier-Kassabi-ACJBB-Boulogne-Sud-1024x656.jpg 1024w, https:\/\/acjbb-sud.org\/wp-content\/uploads\/2018\/12\/Rav-Didier-Kassabi-ACJBB-Boulogne-Sud-300x192.jpg 300w, https:\/\/acjbb-sud.org\/wp-content\/uploads\/2018\/12\/Rav-Didier-Kassabi-ACJBB-Boulogne-Sud-768x492.jpg 768w, https:\/\/acjbb-sud.org\/wp-content\/uploads\/2018\/12\/Rav-Didier-Kassabi-ACJBB-Boulogne-Sud.jpg 1588w\" sizes=\"(max-width: 1024px) 100vw, 1024px\" \/><\/p>\n<p>Retrouvez tous les cours du Rabbin Kassabi <a href=\"https:\/\/acjbb-sud.org\/index.php\/cours-du-rabbin-kassabi\/\" target=\"_blank\" rel=\"noopener noreferrer\">sur cette page<\/a> !!<\/p>\n<hr \/>\n<h3><strong><span style=\"text-decoration: underline;\">Talmud Thorah :<\/span><br \/>\n<\/strong><\/h3>\n<div class=\"embed-container\"><iframe loading=\"lazy\" title=\"Talmud Torah de Boulogne\" width=\"720\" height=\"405\" src=\"https:\/\/www.youtube.com\/embed\/BJe3Qs81Pok?feature=oembed\" frameborder=\"0\" allow=\"accelerometer; autoplay; clipboard-write; encrypted-media; gyroscope; picture-in-picture; web-share\" referrerpolicy=\"strict-origin-when-cross-origin\" allowfullscreen><\/iframe><\/div>\n<p>La rentr\u00e9e du Talmud Torah de la Synagogue de Boulogne aura lieu <strong>ce dimanche 8 septembre \u00e0 9h30<\/strong> :<br \/>\nSynagogue de Boulogne<br \/>\n43 rue des Abondances<br \/>\n92100 Boulogne<\/p>\n<h4>Message \u00e0 tous les Parents<\/h4>\n<p>Tous les parents ont le devoir d&rsquo;assurer l&rsquo;\u00e9ducation juive de leurs enfants. Cette transmission passe naturellement par ce qui est v\u00e9cu au c\u0153ur du foyer mais elle doit \u00eatre sublim\u00e9e par un enseignement traditionnel dans le cadre de nos structures communautaires.<br \/>\nC&rsquo;est dans cette optique que notre Talmud Torah ouvre ses portes ce dimanche 8 septembre afin d&rsquo;y accueillir vos enfants.<\/p>\n<p>Nos professeurs qualifi\u00e9s et exp\u00e9riment\u00e9s se feront un plaisir de transmettre les valeurs fondamentales du juda\u00efsme sur lesquelles se construit l&rsquo;identit\u00e9 de notre jeune g\u00e9n\u00e9ration.<\/p>\n<p>Les cours se d\u00e9roulent chaque <strong>dimanche de 9h30 \u00e0 12h30<\/strong> dans les locaux de notre synagogue.<br \/>\nLes \u00e9l\u00e8ves sont r\u00e9partis en trois niveaux diff\u00e9rents :<\/p>\n<ul>\n<li style=\"list-style-type: none;\">\n<ul>\n<li>La Kitah Aleph permet une d\u00e9couverte de l&rsquo;alphabet et des grands moments de la vie juive.<\/li>\n<li>La Kitah Beith se concentre sur la fluidit\u00e9 de la lecture, l\u2019apprentissage des pri\u00e8res fondamentales et sur l\u2019approche du calendrier.<\/li>\n<li>La Kitah Guimel permet une ouverture sur diff\u00e9rents textes de la Torah \u00e9crite ainsi que sur la pr\u00e9sentation la Torah Orale sans perdre de vue le renforcement de la lecture.<\/li>\n<\/ul>\n<\/li>\n<\/ul>\n<p>En collaboration \u00e9troite avec notre Hazan <strong>David Marciano<\/strong>, nous permettons \u00e9galement aux enfants de recevoir une formation de qualit\u00e9 \u00e0 la Bar Mitsvah.<\/p>\n<p>D&rsquo;autre part, <strong>Jean-Marc Elhaik<\/strong> accueille vos enfants pour leur enseigner la lecture de la Torah et de la Haftara avec les taamim (cantilation) chaque dimanche de 10h30 \u00e0 midi.<\/p>\n<p>\u00c0 partir de leur rentr\u00e9e en CE1, aucun enfant de la communaut\u00e9 ne doit rester en marge de la d\u00e9couverte de leur juda\u00efsme.<\/p>\n<p>N\u2019h\u00e9sitez pas \u00e0 <a href=\"mailto:didierkassabi@gmail.com?subject=&quot;Talmud Torah&quot;\" target=\"_blank\" rel=\"noopener noreferrer\">contacter notre Rabbin<\/a> pour toute demande de renseignements.<\/p>\n<hr \/>\n<h3><strong><span style=\"text-decoration: underline;\">Chabbat plein de la rentr\u00e9e du Bn\u00e9 Akiva :<\/span><br \/>\n<\/strong><\/h3>\n<p><strong>Le Bn\u00e9 Akiva France continue sa mission avec le Chabbat \u00ab\u00a0HIN\u00c9NI\u00a0\u00bb !!<\/strong><\/p>\n<p>&#8230; \u201c\u05d5\u05b0\u05d4\u05b8\u05d0\u05b1\u05dc\u05b9\u05d4\u05b4\u05d9\u05dd \u05e0\u05b4\u05e1\u05b8\u05bc\u05d4 \u05d0\u05b6\u05ea \u05d0\u05b7\u05d1\u05b0\u05e8\u05b8\u05d4\u05b8\u05dd. \u05d5\u05b7\u05d9\u05b9\u05bc\u05d0\u05de\u05b6\u05e8 \u05d0\u05b5\u05dc\u05b8\u05d9\u05d5 \u201d\u05d0\u05b7\u05d1\u05b0\u05e8\u05b8\u05d4\u05b8\u05dd\u201c \u05d5\u05b7\u05d9\u05b9\u05bc\u05d0\u05de\u05b6\u05e8 \u201d\u05d4\u05b4\u05e0\u05b5\u05bc\u05e0\u05b4\u05d9<br \/>\nDieu \u00e9prouvera Avraham. Il lui dit: \u201cAvraham!\u201d Il r\u00e9pondit: \u201cMe voici.\u201d &#8230;<\/p>\n<p><img decoding=\"async\" class=\"aligncenter wp-image-2899 size-full\" src=\"https:\/\/acjbb-sud.org\/wp-content\/uploads\/2019\/08\/Bne-Akiva-Chabbat-plein-Ki-Tavo-5779-2019.jpg\" alt=\"\" width=\"600\" srcset=\"https:\/\/acjbb-sud.org\/wp-content\/uploads\/2019\/08\/Bne-Akiva-Chabbat-plein-Ki-Tavo-5779-2019.jpg 925w, https:\/\/acjbb-sud.org\/wp-content\/uploads\/2019\/08\/Bne-Akiva-Chabbat-plein-Ki-Tavo-5779-2019-289x300.jpg 289w, https:\/\/acjbb-sud.org\/wp-content\/uploads\/2019\/08\/Bne-Akiva-Chabbat-plein-Ki-Tavo-5779-2019-768x797.jpg 768w\" sizes=\"(max-width: 925px) 100vw, 925px\" \/><\/p>\n<p>Le Chabbat consacr\u00e9 aux jeunes de France, \u00e2g\u00e9 de <strong>15 \u00e0 18 ans<\/strong>.<br \/>\nChabbat KI TAVO, <strong>du 20 au 22 septembre 2019<\/strong>, viens faire de nouvelles rencontres et d\u00e9couvrir une ambiance unique, autour d&rsquo;activit\u00e9s typiques du Bn\u00e9 Akiva.<\/p>\n<p>Le tarif du Chabbat a \u00e9t\u00e9 fix\u00e9 \u00e0 <strong>75 \u20ac tout compris<\/strong>, s\u00e9jour + transport inclus !<br \/>\nAttention, les inscriptions sont limit\u00e9es, donc contactez nous rapidement pour qu&rsquo;on puisse organiser les transports.<br \/>\nInscrivez-vous ici pour le Chabbat du 21 septembre :<br \/>\n<a href=\"https:\/\/www.helloasso.com\/associations\/bne-akiva-de-france\/evenements\/chabbat-leadership-2\" target=\"_blank\" rel=\"noopener noreferrer\">https:\/\/www.helloasso.com\/associations\/bne-akiva-de-france\/evenements\/chabbat-leadership-2<\/a><\/p>\n<p>Pour plus d&rsquo;informations contactez :<br \/>\nEliezer Borgenicht par t\u00e9l\u00e9phone au 0177472740, par WhatsApp au +972548157476 ou par mail: <a href=\"mailto:eliezer@worldbneiakiva.org\" target=\"_blank\" rel=\"noopener noreferrer\">eliezer@worldbneiakiva.org<\/a><\/p>\n<hr \/>\n<h3><strong><span style=\"text-decoration: underline;\">Bn\u00e9 Akiva de Boulogne :<\/span><br \/>\n<\/strong><\/h3>\n<h3 style=\"text-align: center;\">Reprise des activit\u00e9s du Bn\u00e9 Akiva<br \/>\nce Chabbat 7 septembre &#8211; Parachat Choftim<br \/>\n\u00e0 la Synagogue de Boulogne<br \/>\nde 18h40 jusqu&rsquo;\u00e0 la fin de Chabbat<\/h3>\n<p>Apr\u00e8s plus d&rsquo;un an d&rsquo;interruption, le Bn\u00e9 Akiva reprend ses activit\u00e9s \u00e0 Boulogne.<\/p>\n<p><strong>Shirel, Chirel , Ephraim , Aaron, Ilan et Galit et Aviv<\/strong> attendront vos enfants <strong>de 7 \u00e0 15 ans<\/strong> pour le d\u00e9but des activit\u00e9s du Bn\u00e9 Akiva.<\/p>\n<p><strong>Chabbat, \u00e0 18h40, \u00e0 la Synagogue de Boulogne<\/strong><\/p>\n<p><img decoding=\"async\" class=\"wp-image-2937 size-full aligncenter\" src=\"https:\/\/acjbb-sud.org\/wp-content\/uploads\/2019\/09\/rentree-bne-akiva-boulogne.jpg\" alt=\"\" width=\"600\" srcset=\"https:\/\/acjbb-sud.org\/wp-content\/uploads\/2019\/09\/rentree-bne-akiva-boulogne.jpg 1131w, https:\/\/acjbb-sud.org\/wp-content\/uploads\/2019\/09\/rentree-bne-akiva-boulogne-212x300.jpg 212w, https:\/\/acjbb-sud.org\/wp-content\/uploads\/2019\/09\/rentree-bne-akiva-boulogne-768x1086.jpg 768w, https:\/\/acjbb-sud.org\/wp-content\/uploads\/2019\/09\/rentree-bne-akiva-boulogne-724x1024.jpg 724w\" sizes=\"(max-width: 1131px) 100vw, 1131px\" \/><\/p>\n<p>N&rsquo;h\u00e9sitez pas, vos enfants passeront une belle apr\u00e8s-midi d&rsquo;Oneg Chabbat.<\/p>\n<p>F\u00e9licitations \u00e0 nos Chli&rsquo;hotes et \u00e0 nos madri&rsquo;him du Bn\u00e9 Akiva,<br \/>\nNous leur adressons tous nos v\u0153ux de Bra&rsquo;ha VeAtsla&rsquo;ha, de r\u00e9ussite dans cette belle et noble mission.<\/p>\n<h3 style=\"text-align: center;\">Galit et Aviv, bienvenue \u00e0 Boulogne !<br \/>\n<img decoding=\"async\" class=\"aligncenter wp-image-2938 size-full\" src=\"https:\/\/acjbb-sud.org\/wp-content\/uploads\/2019\/09\/bne-akiva-boulogne-aviv-galit.png\" alt=\"\" width=\"600\" srcset=\"https:\/\/acjbb-sud.org\/wp-content\/uploads\/2019\/09\/bne-akiva-boulogne-aviv-galit.png 879w, https:\/\/acjbb-sud.org\/wp-content\/uploads\/2019\/09\/bne-akiva-boulogne-aviv-galit-300x195.png 300w, https:\/\/acjbb-sud.org\/wp-content\/uploads\/2019\/09\/bne-akiva-boulogne-aviv-galit-768x500.png 768w\" sizes=\"(max-width: 879px) 100vw, 879px\" \/><\/h3>\n<p>Aviv et Galit viennent d&rsquo;Israel. Elles sont envoy\u00e9es par l&rsquo;Agence Juive pour cette ann\u00e9e afin d&rsquo;aider et de soutenir les activit\u00e9s du Bn\u00e9 Akiva \u00e0 Boulogne. Elles travaillenront pendant la semaine dans l&rsquo;Ecole de l&rsquo;Alliance (ENIO).<br \/>\nNous leur souhaitons la bienvenue dans notre communaut\u00e9.<\/p>\n<p><a href=\"https:\/\/synaboulogne.us12.list-manage.com\/track\/click?u=f13343cbc4710ddbadcdef23f&amp;id=870ac8f7e1&amp;e=744d346afc\" target=\"_blank\" rel=\"noopener noreferrer\">Soutenez les activit\u00e9s du Bn\u00e9 Akiva<\/a> !<\/p>\n<hr \/>\n<h3><strong><span style=\"text-decoration: underline;\">Participons \u00e0 la collecte des fondations du Centre Culturel Juif de Boulogne Billancourt :<\/span><br \/>\n<\/strong><\/h3>\n<p><img loading=\"lazy\" decoding=\"async\" class=\"aligncenter wp-image-2813 size-large\" src=\"https:\/\/acjbb-sud.org\/wp-content\/uploads\/2019\/07\/construction-du-centre-juif-de-boulogne-billancourt-1024x724.jpeg\" alt=\"\" width=\"720\" height=\"509\" srcset=\"https:\/\/acjbb-sud.org\/wp-content\/uploads\/2019\/07\/construction-du-centre-juif-de-boulogne-billancourt-1024x724.jpeg 1024w, https:\/\/acjbb-sud.org\/wp-content\/uploads\/2019\/07\/construction-du-centre-juif-de-boulogne-billancourt-300x212.jpeg 300w, https:\/\/acjbb-sud.org\/wp-content\/uploads\/2019\/07\/construction-du-centre-juif-de-boulogne-billancourt-768x543.jpeg 768w, https:\/\/acjbb-sud.org\/wp-content\/uploads\/2019\/07\/construction-du-centre-juif-de-boulogne-billancourt.jpeg 1122w\" sizes=\"auto, (max-width: 720px) 100vw, 720px\" \/><\/p>\n<p>La construction du Centre Culturel Juif de Boulogne a \u00e9t\u00e9 lanc\u00e9e le <strong>23 juin 2019<\/strong>. En plus de la campagne de collecte, nous avons d\u00e9cid\u00e9 d&rsquo;entreprendre une collecte \u00ab\u00a0<b>des Fondations du Centre Culturel<\/b>\u00ab\u00a0. A l&rsquo;image de la construction du Michkan, o\u00f9 Moch\u00e9 a demand\u00e9 \u00e0 tous les Bnei Israel de verser un demi-shekel pour financer les socles qui soutiennent les poutres du Michkan, nous invitons tous les boulonnais, hommes, femmes et enfants, \u00e0 contribuer aux fondations du Centre Culturel.<\/p>\n<p>La liste de tous les contributeurs sera affich\u00e9e pour que chacun puisse dire qu&rsquo;il a fait partie des fondateurs.<\/p>\n<p>Le montant est unique pour que dans cette phase, chacun puisse avoir une part \u00e9gale \u00e0 son voisin, quels que soient ses moyens et sa g\u00e9n\u00e9rosit\u00e9, chacun \u00e0 part \u00e9gale.<\/p>\n<p>Nous invitons donc tous les fid\u00e8les de notre communaut\u00e9 \u00e0 participer et surtout \u00e0 inviter tous nos coreligionnaires, familles, amis, voisins \u00e0 participer aussi au projet.<\/p>\n<p>Ainsi nous aurons collectivement le m\u00e9rite de r\u00e9pondre \u00e0 l&rsquo;injonction divine de la Paracha T\u00e9rouma :<br \/>\n\u00ab\u00a0\u05d5\u05b0\u05e2\u05b8\u05e9\u05c2\u05d5\u05bc \u05dc\u05b4\u05d9, \u05de\u05b4\u05e7\u05b0\u05d3\u05bc\u05b8\u05e9\u05c1; \u05d5\u05b0\u05e9\u05c1\u05b8\u05db\u05b7\u05e0\u05b0\u05ea\u05bc\u05b4\u05d9, \u05d1\u05bc\u05b0\u05ea\u05d5\u05b9\u05db\u05b8\u05dd.\u00a0\u00bb &#8211; \u00ab\u00a0<em>Et ils me construiront un sanctuaire, pour que je r\u00e9side au milieu d&rsquo;eux<\/em>\u00a0\u00bb <strong>Amen<\/strong> !<\/p>\n<p>Robert Ejnes<br \/>\nPr\u00e9sident<\/p>\n<p><strong>Mobilisons-nous :<\/strong><br \/>\n<a href=\"https:\/\/www.helloasso.com\/associations\/acjbb-2\/collectes\/les-fondations-du-centre-culturel-juif-de-boulogne\/\" target=\"_blank\" rel=\"noopener noreferrer\">Je participe \u00e0 la collecte des fondations du Centre Culturel Juif<\/a> !<\/p>\n<hr \/>\n<h3><strong><span style=\"text-decoration: underline;\">Participez \u00e0 l&rsquo;\u00e9criture d&rsquo;un Sefer Torah \u00e0 la m\u00e9moire d&rsquo;Elie Botbol :<\/span><br \/>\n<\/strong><\/h3>\n<p>L&rsquo;office pour la fin de l&rsquo;ann\u00e9e (11 mois) de notre ami Elie Botbol (\u05d6\u05f4\u05dc) aura lieu le <strong>23 septembre \u00e0 19h30<\/strong> \u00e0 la Synagogue Nitsanim, rue Asher dans le quartier de Baka \u00e0 J\u00e9rusalem.<\/p>\n<p>La Communaut\u00e9 juive de Boulogne-Billancourt, s&rsquo;associe au projet de la famille d&rsquo;Elie (\u05d6\u05f4\u05dc) et vous propose de participer \u00e0 l&rsquo;\u00e9criture du Sefer Tora qui sera \u00e9crit \u00e0 la m\u00e9moire et pour l&rsquo;\u00e9l\u00e9vation de l&rsquo;\u00e2me de notre cher ami <strong>Eliahou ben Aaron ve Ra&rsquo;hel BOTBOL<\/strong> (\u05d6\u05f4\u05dc)<\/p>\n<p><img decoding=\"async\" class=\"wp-image-2450 size-full aligncenter\" src=\"https:\/\/acjbb-sud.org\/wp-content\/uploads\/2019\/02\/ecrire-Sefer-Torah.jpg\" alt=\"\" width=\"500\" srcset=\"https:\/\/acjbb-sud.org\/wp-content\/uploads\/2019\/02\/ecrire-Sefer-Torah.jpg 586w, https:\/\/acjbb-sud.org\/wp-content\/uploads\/2019\/02\/ecrire-Sefer-Torah-300x222.jpg 300w\" sizes=\"(max-width: 586px) 100vw, 586px\" \/><\/p>\n<p>Le Sefer Tora sera inaugur\u00e9 sDv pour \u00e0 l&rsquo;issue de la premi\u00e8re ann\u00e9e de deuil.<br \/>\nChaque lettre est \u00e0 acqu\u00e9rir pour un montant de 52\u20ac, et donne droit \u00e0 un re\u00e7u Cerfa.<br \/>\nVous pouvez acqu\u00e9rir une ou plusieurs lettres, un Passouk ou une Paracha dans ce Sefer Tora.<\/p>\n<p><strong>Tizkou leMitsvoth !<\/strong><\/p>\n<p><a href=\"https:\/\/synaboulogne.us12.list-manage.com\/track\/click?u=f13343cbc4710ddbadcdef23f&amp;id=17d6042aa0&amp;e=744d346afc\" target=\"_blank\" rel=\"noopener noreferrer\">Je participe au Sefer Tora \u00e0 la m\u00e9moire d&rsquo;Elie Botbol (\u05d6\u05f4\u05dc)<\/a><\/p>\n<hr \/>\n<h3><strong><span style=\"text-decoration: underline;\">\u00ab Les AMIS de la REFOUA \u00bb &#8211; Visite aux malades :<\/span><br \/>\n<\/strong><\/h3>\n<p style=\"text-align: justify;\">Des b\u00e9n\u00e9voles de Boulogne proposent aux personnes qui le demandent : l&rsquo;organisation d&rsquo;une chaine de lecture de T\u00e9hilims pour la gu\u00e9rison de nos malades, de prendre de leurs nouvelles et leur rendre visite dans les h\u00f4pitaux.<br \/>\nCes actions se font dans la plus grande discr\u00e9tion et s&rsquo;inscrivent dans le cadre du b\u00e9n\u00e9volat.<br \/>\nVous pourrez joindre &#8211; <em>les AMIS de la REFOUA<\/em> &#8211; au 06.03.75.34.15, ou par courriel \u00e0 : <a href=\"mailto:israelalbert1@gmail.com\">israelalbert1@gmail.com<\/a><br \/>\nVous pouvez aussi faire partie de ces b\u00e9n\u00e9voles, nous vous remercions par avance.<\/p>\n<hr \/>\n<h3><strong><span style=\"text-decoration: underline;\">Information ACJBB Boulogne Sud :<\/span><br \/>\n<\/strong><\/h3>\n<p style=\"text-align: justify;\">Retrouvez toutes les informations de l\u2019office sur : <a href=\"http:\/\/www.acjbb-sud.org\" target=\"_blank\" rel=\"noopener noreferrer\">www.acjbb-sud.org<\/a>.<br \/>\nSi vous souhaitez recevoir par mail la newsletter de l&rsquo;office, inscrivez-vous en nous envoyant un mail \u00e0 <a href=\"mailto:officeboulognesud@gmail.com\">officeboulognesud@gmail.com<\/a>.<br \/>\nRetrouvez \u00e9galement toutes les informations sur la page Facebook de l&rsquo;office : <a href=\"http:\/\/facebook.com\/acjbbsud\" target=\"_blank\" rel=\"noopener noreferrer\">facebook.com\/acjbbsud<\/a> et sur Twitter : <a href=\"http:\/\/twitter.com\/acjbbsud\" target=\"_blank\" rel=\"noopener noreferrer\">twitter.com\/acjbbsud<\/a>.<\/p>\n<hr \/>\n<h3><strong><span style=\"text-decoration: underline;\">S\u00e9curit\u00e9 SPCJ :<\/span><br \/>\n<\/strong><\/h3>\n<p style=\"text-align: justify;\"><strong>La s\u00e9curit\u00e9 est l&rsquo;affaire de tous ! Le SPCJ a besoin de chacun d&rsquo;entre nous !<\/strong><br \/>\nLa protection de la vie communautaire est plus que jamais l&rsquo;affaire de tous ! Vous en \u00eates les premiers acteurs ! Votre mobilisation est essentielle et n\u00e9cessaire !<br \/>\nSi vous souhaitez nous aider \u00e0 assurer la protection de l&rsquo;office, rapprochez-vous de nous !<br \/>\nPlus nous serons nombreux \u00e0 nous mobiliser et assurer des relais de garde, plus nous passerons du temps \u00e0 prier !<\/p>\n<hr \/>\n<h3><strong><span style=\"text-decoration: underline;\">R\u00e9servation des espaces communautaires :<\/span><br \/>\n<\/strong><\/h3>\n<p style=\"text-align: justify;\">Vous souhaitez organiser une manifestation (Brith-Mila, Bar-Mitsvah et Bat-Mitsvah, Mariage, Azkara, Soir\u00e9e Mikv\u00e9 Kala, etc&#8230; ) dans les espaces de la <strong>Synagogue de Boulogne<\/strong>, 43 rue des Abondances, contactez M. Alain Chicheportiche 06.95.62.58.41 &#8211; <a href=\"mailto:alainchicheportiche92@gmail.com\">alainchicheportiche92@gmail.com<\/a><\/p>\n<p style=\"text-align: justify;\">Vous souhaitez r\u00e9server la salle de <strong>Boulogne Sud<\/strong>, 134 bis rue du point du jour Boulogne Billancourt, contactez M. Patrick Sebban 06.03.02.30.78 &#8211; <a href=\"mailto:patrick.sebban2@paris.fr\">patrick.sebban2@paris.fr<\/a><\/p>\n<hr \/>\n<h3><strong><span style=\"text-decoration: underline;\">Mikv\u00e9 :<\/span><br \/>\n<\/strong><\/h3>\n<p><strong><em>Mikv\u00e9 pour les femmes<\/em><\/strong><br \/>\nLe Mikv\u00e9 est ouvert tous les soirs, du dimanche au jeudi 10 minutes avant l\u2019heure de la fin du Chabbat pr\u00e9c\u00e9dent, pendant 1h30.<br \/>\nLe samedi soir, le mikv\u00e9 ouvre 1h apr\u00e8s la fin de Chabbat, pendant 1h30.<br \/>\nPour les vendredis soirs et soirs de f\u00eate, prendre rendez-vous avec Mme Kassabi, au moins 2 jours avant au 06.22.76.15.04<\/p>\n<p><strong><em>Mikv\u00e9 vaisselle<\/em><\/strong><br \/>\nLe Mikv\u00e9 K\u00e9lim est ouvert tous les matins du dimanche au vendredi depuis l&rsquo;heure de la T\u00e9fila jusqu&rsquo;\u00e0 midi.<\/p>\n<hr \/>\n<h3><strong><span style=\"text-decoration: underline;\">Faire un don :<\/span><br \/>\n<\/strong><\/h3>\n<p style=\"text-align: justify;\">Pour faire vivre et participer activement \u00e0 cet office, <a href=\"http:\/\/www.acjbb-sud.org\/index.php\/faire-un-don\/\" target=\"_blank\" rel=\"noopener noreferrer\">faites un don<\/a> par internet ou envoyez vos ch\u00e8ques au <strong>134 bis rue du Point du Jour<\/strong>. Toutes les participations sont bienvenues, <em>les petits ruisseaux faisant de grandes rivi\u00e8res<\/em>, nous parviendrons, tous ensemble, \u00e0 faire vivre l\u2019Office de Boulogne Sud.<\/p>\n<p>Tizkou L\u00e9-Mitsvot !!<\/p>\n<hr \/>\n<h3><strong><span style=\"text-decoration: underline;\">Dons pour le Centre Culturel de Boulogne Billancourt :<\/span><br \/>\n<\/strong><\/h3>\n<p style=\"text-align: justify;\">Le nouveau centre culturel sera situ\u00e9 \u00e0 l&rsquo;angle des rues Marcel Dassault et d&rsquo;Anjou.<\/p>\n<p style=\"text-align: justify;\">Il comprendra notamment :<\/p>\n<ul>\n<li>Une Synagogue<\/li>\n<li>Le Centre Communautaire (CCIBB)<\/li>\n<li>Une salle polyvalente<\/li>\n<li>Une salle des f\u00eates<\/li>\n<li>Et un Mikv\u00e9<\/li>\n<\/ul>\n<p>Vous pouvez consulter la <a href=\"https:\/\/fr.calameo.com\/read\/00057892520c64798775e\" target=\"_blank\" rel=\"noopener noreferrer\">plaquette de pr\u00e9sentation du Centre Culturel de Boulogne<\/a><\/p>\n<p style=\"text-align: justify;\"><img decoding=\"async\" class=\"aligncenter wp-image-778 size-full\" src=\"http:\/\/acjbb-sud.org\/wp-content\/uploads\/2017\/06\/Acjbb-construction-1.png\" alt=\"\" width=\"600\" srcset=\"https:\/\/acjbb-sud.org\/wp-content\/uploads\/2017\/06\/Acjbb-construction-1.png 684w, https:\/\/acjbb-sud.org\/wp-content\/uploads\/2017\/06\/Acjbb-construction-1-300x202.png 300w, https:\/\/acjbb-sud.org\/wp-content\/uploads\/2017\/06\/Acjbb-construction-1-445x300.png 445w\" sizes=\"(max-width: 684px) 100vw, 684px\" \/><\/p>\n<h3 class=\"m_-5277437730878633356null\"><span style=\"color: #0000ff;\"><strong>Etat du dossier<\/strong><\/span><\/h3>\n<p><strong>Les travaux ont commenc\u00e9 !!!<\/strong><\/p>\n<p><img decoding=\"async\" class=\"wp-image-2915 size-full aligncenter\" src=\"https:\/\/acjbb-sud.org\/wp-content\/uploads\/2019\/08\/IMG-20190827-WA0007.jpg\" alt=\"\" width=\"600\" srcset=\"https:\/\/acjbb-sud.org\/wp-content\/uploads\/2019\/08\/IMG-20190827-WA0007.jpg 1600w, https:\/\/acjbb-sud.org\/wp-content\/uploads\/2019\/08\/IMG-20190827-WA0007-300x225.jpg 300w, https:\/\/acjbb-sud.org\/wp-content\/uploads\/2019\/08\/IMG-20190827-WA0007-768x576.jpg 768w, https:\/\/acjbb-sud.org\/wp-content\/uploads\/2019\/08\/IMG-20190827-WA0007-1024x768.jpg 1024w\" sizes=\"(max-width: 1600px) 100vw, 1600px\" \/><\/p>\n<p>Vous avez une occasion unique d&rsquo;inscrire votre nom, celui de vos familles, celui de vos disparus, dans un projet qui marquera l&rsquo;avenir de la vie juive \u00e0 Boulogne-Billancourt.<\/p>\n<p><img decoding=\"async\" class=\"aligncenter\" src=\"https:\/\/acjbb-sud.org\/wp-content\/uploads\/2018\/07\/Centre-Culturel-juif-Boulogne-Billancourt-Synagogue.jpg\" alt=\"\" width=\"600\" \/><\/p>\n<p><img decoding=\"async\" class=\"aligncenter\" src=\"https:\/\/acjbb-sud.org\/wp-content\/uploads\/2018\/07\/Centre-Culturel-juif-Boulogne-Billancourt-Synagogue-2.jpg\" alt=\"\" width=\"600\" \/><\/p>\n<p style=\"text-align: justify;\">Devenez acteur du devenir de la vie juive \u00e0 Boulogne en faisant un don pour la construction du Centre Culturel de Boulogne. Vous pouvez d\u00e9cider de diriger votre don vers la synagogue ACJBB ou vers le CCIBB, en nous l&rsquo;indiquant par message.<\/p>\n<p>Si vous avez des question, <a href=\"mailto:synamail@acjbb.com?subject=&quot;Question sur la construction du Centre culturel&quot;\">envoyez-nous un message<\/a> !<\/p>\n<p><a href=\"https:\/\/www.helloasso.com\/associations\/acjbb-2\/collectes\/construction-du-centre-juif-de-boulogne\" target=\"_blank\" rel=\"noopener noreferrer\">Je participe \u00e0 la collecte pour la construction<\/a><\/p>\n<hr \/>\n<h3><strong><span style=\"text-decoration: underline;\">Activit\u00e9s 2019-2020 du CCIBB &#8211; Informations et inscriptions :<\/span><br \/>\n<\/strong><\/h3>\n<p>L\u2019\u00e9quipe du <strong>Centre Communautaire Isra\u00e9lite de Boulogne Billancourt<\/strong> a le plaisir de vous pr\u00e9senter la liste des activit\u00e9s pour adultes et enfants propos\u00e9es pour 2019-2020 :<\/p>\n<p><em>Krav-maga, Oulpan, Football, Basketball, Running, Danse Modern-Jazz, Danse Isra\u00e9lienne, Th\u00e9\u00e2tre pour enfants, Hip-hop et Zumba enfants et d\u2019autres \u00e0 venir<\/em> !!!<br \/>\n<img decoding=\"async\" class=\"aligncenter\" src=\"https:\/\/i2.wp.com\/ccibb.net\/wp-content\/uploads\/2019\/09\/ccibb-activites-2019-2020.jpg\" alt=\"\" width=\"600\" \/><\/p>\n<p><strong><u>Informations et Inscriptions<\/u><\/strong> : <strong>dimanche 8 septembre 2019 de 08h00 \u00e0 17h00<\/strong> au forum des activit\u00e9s \u00e0 la Mairie de Boulogne-Billancourt, 26 avenue Andr\u00e9 Morizet.<\/p>\n<p>La reprise des activit\u00e9s aura lieu le <strong>dimanche 15 septembre 2019<\/strong> au gymnase Denfert Rochereau. Pour le Football et le Basketball, la reprise aura lieu le <strong>dimanche 8 septembre 2019<\/strong> (inscriptions sur place).<\/p>\n<hr \/>\n<h3><strong><span style=\"text-decoration: underline;\">Oulpan avec le CCIBB et l&rsquo;OSM :<\/span><br \/>\n<\/strong><\/h3>\n<p>Le <strong>Centre Communautaire Isra\u00e9lite de Boulogne Billancourt<\/strong>, en association avec l&rsquo;<strong>OSM<\/strong> vous propose une nouvelle formule d&rsquo;<strong>Oulpan<\/strong>.<br \/>\n<img decoding=\"async\" class=\"aligncenter\" src=\"https:\/\/i0.wp.com\/ccibb.net\/wp-content\/uploads\/2019\/08\/CCIBB-Affiche-reunion-inscription-oulpan-OSM-v2.jpeg?resize=734%2C1024&amp;ssl=1\" alt=\"\" width=\"600\" \/><br \/>\nInformations et inscriptions <strong>mercredi 11 septembre 2019 \u00e0 20h00 au CCIBB<\/strong>, 20 ter rue des peupliers, 92100 Boulogne Billancourt.<\/p>\n<hr \/>\n<h3><strong><span style=\"text-decoration: underline;\">Dvar Thorah et enseignements :<\/span><br \/>\n<\/strong><\/h3>\n<p><em><strong>par le Rav Mika\u00ebl Mouyal<\/strong><\/em><\/p>\n<p style=\"text-align: justify;\"><em>L\u00e9\u00eflouy Nichmat Avraham Ben Mikha\u00ebl, &lsquo;Ha\u00ef Victor Ben Yakouta, Jaqueline Bat Esther et Paula Yakouta Bat Rosette<\/em><\/p>\n<h3 style=\"text-align: center;\"><strong>Le coin &lsquo;Hidouchim<\/strong><\/h3>\n<h4><strong>\u00ab Des juges et des policiers tu placeras pour toi&#8230; et ils jugeront le peuple d&rsquo;une bonne justice \u00bb (16, 18) :<\/strong><\/h4>\n<p style=\"text-align: justify;\">Si tu places des juges et des policiers pour toi, c&rsquo;est \u00e0 dire que tu te juges constamment toi-m\u00eame, pour voir tes d\u00e9fauts et les comportements r\u00e9pr\u00e9hensibles que tu dois corriger, alors tu parviendras \u00e0 juger le peuple, c&rsquo;est \u00e0 dire les autres, \u201cd&rsquo;une bonne justice\u201d, c&rsquo;est \u00e0 dire que tu verras chez les autres les qualit\u00e9s et le bon c\u00f4t\u00e9 et tu les jugeras favorablement.<\/p>\n<h4><strong>\u00ab Ne plante pas&#8230; tout arbre pr\u00e8s de l&rsquo;autel d&rsquo;Hachem ton D.ieu \u00bb (16, 21) :<\/strong><\/h4>\n<p style=\"text-align: justify;\">Ce verset apprend qu&rsquo;il est interdit de planter un arbre dans le mont du Temple. Mais quel est le sens de cet interdit ?<br \/>\nEn fait, si on \u00e9prouve le besoin de planter un arbre, et donc d&rsquo;orner et d&#8217;embellir le mont du Temple avec cet arbre, c&rsquo;est qu&rsquo;on ne trouve pas ce lieu suffisamment beau de par lui-m\u00eame. Et cela constitue d\u00e9j\u00e0 une offense au Temple de trouver qu&rsquo;il n&rsquo;est pas assez beau par lui-m\u00eame et qu&rsquo;il a besoin d&rsquo;\u00eatre d\u00e9cor\u00e9 par des arbres. (Taam Vadaat)<\/p>\n<h4><strong>\u00ab Placer tu placeras sur toi un roi que choisira Hachem ton D.ieu \u00bb (17, 15) :<\/strong><\/h4>\n<p style=\"text-align: justify;\">Comment comprendre cette redondance : \u00ab Placer tu placeras \u00bb ?<br \/>\nEn fait, nos Sages expliquent que l&rsquo;expression de ce verset : \u00ab Que choisira Hachem ton D.ieu \u00bb signifie que le roi doit \u00eatre d\u00e9sign\u00e9 par un proph\u00e8te, qui choisira ce roi par proph\u00e9tie. Or, dans l&rsquo;histoire, les seuls rois qui ont r\u00e9ellement \u00e9t\u00e9 nomm\u00e9s par un proph\u00e8te, ce sont Chaoul et David, qui furent d\u00e9sign\u00e9s par Chemou\u00ebl. C&rsquo;est \u00e0 cela que fait allusion ce verset : \u00ab Placer tu placeras sur toi un roi \u00bb, la r\u00e9p\u00e9tition \u00e0 deux reprises du verbe \u201cchoisir\u201d fait allusion au fait que deux rois furent choisis, qui avaient r\u00e9ellement cette caract\u00e9ristique de : \u00ab que choisira Hachem ton D.ieu \u00bb, qui furent nomm\u00e9s par un proph\u00e8te. (Ozna\u00efm LaThora)<\/p>\n<h4><strong>\u00ab Sois int\u00e8gre avec Hachem ton D.ieu \u00bb (18, 13) :<\/strong><\/h4>\n<p style=\"text-align: justify;\">Un Juif doit \u00eatre int\u00e8gre c&rsquo;est \u00e0 dire garder foi et confiance en Hachem, m\u00eame dans la pens\u00e9e, qui est appel\u00e9e : \u201cavec Hachem\u201d, puisque Seul Hachem conna\u00eet les pens\u00e9es. Ainsi, ce verset enseigne que l&rsquo;on doit rester int\u00e8gre m\u00eame dans ses pens\u00e9es et garder foi en Hachem m\u00eame au fond de son coeur, en sachant \u00e0 l&rsquo;int\u00e9rieur de soi que c&rsquo;est Lui Qui nous dirige pour notre bien. (D&rsquo;apr\u00e8s le &lsquo;Hida)<\/p>\n<h4><strong>\u00ab Si Hachem \u00e9largit tes fronti\u00e8res&#8230; tu rajouteras encore trois villes (de refuge) \u00bb (19, 8-9) :<\/strong><\/h4>\n<p style=\"text-align: justify;\">Nos sages disent que ce verset parle des temps messianiques, quand les fronti\u00e8res de la terre sainte comprendront 10 peuples et pas seulement les 7 peuples de Canaan (les peuples de K\u00e9ni, Kenizi et Kadmoni se rajouteront). Seulement, dans ces temps-l\u00e0, il n&rsquo;y aura plus de meurtre, pourquoi avoir donc besoin de villes de refuge ?<br \/>\nEn fait, pendant toute la dur\u00e9e de l&rsquo;exil, il y a \u00e9videmment eu des personnes qui ont tu\u00e9 involontairement. Ils devaient donc se rendre dans des villes de refuge pour expier leurs fautes. Mais pendant l&rsquo;exil, les villes de refuge ont disparu. Ainsi, dans les temps messianiques, on aura encore besoin d&rsquo;installer des villes de refuge pour que s&rsquo;y rendent tous ces tueurs involontaires qui ont tu\u00e9 pendant l&rsquo;exil pour qu&rsquo;ils y expient leurs crimes. Et puisque tous les tueurs involontaires de tout l&rsquo;exil constituent un grand nombre de personnes, c&rsquo;est pourquoi, la Thora demande alors d&rsquo;ajouter encore 3 villes de refuge suppl\u00e9mentaires. (Rabbi Eliahou Hacohen)<\/p>\n<h4><strong>\u00ab De peur qu&rsquo;il ne meurt en guerre et qu&rsquo;un autre homme l&rsquo;inaugure \u00bb (20, 5) :<\/strong><\/h4>\n<p style=\"text-align: justify;\">Un homme qui a construit une nouvelle maison et ne l&rsquo;a pas encore inaugur\u00e9e \u00e9tait dispens\u00e9 de la guerre, car, comme l&rsquo;explique Rachi, cela fait de la peine que, s&rsquo;il meure, que quelqu&rsquo;un d&rsquo;autre inaugure sa maison. Mais on peut s&rsquo;interroger. A priori, cela fait encore plus de peine qu&rsquo;il meure, encore plus que le fait que sa maison soit inaugur\u00e9e par quelqu&rsquo;un d&rsquo;autre !<br \/>\nEn fait, ce qui fait vraiment de la peine, c&rsquo;est qu&rsquo;un Juif puisse mourir, en ayant comme derni\u00e8re pr\u00e9occupation avant de rendre l&rsquo;\u00e2me, le fait que sa maison soit acquise par quelqu&rsquo;un d&rsquo;autre. Un Juif doit mourir en ayant comme derni\u00e8res pens\u00e9es des id\u00e9es de repentir et de Thora. Qu&rsquo;un Juif meurt en pensant au devenir de sa maison, cela est vraiment triste ! (Imr\u00e9 Emet)<\/p>\n<h4><strong>\u00ab Pardonne \u00e0 ton peuple Isra\u00ebl&#8230;, et ne laisse pas un sang innocent au sein de ton peuple Isra\u00ebl \u00bb (21, 8) :<\/strong><\/h4>\n<p style=\"text-align: justify;\">Un Juif qui est tu\u00e9 pour rien, si Hachem consid\u00e8re sa mort comme une sorte de sacrifice expiatoire pour pardonner les fautes du peuple, au moins de cette fa\u00e7on, sa mort ne sera pas inutile. Mais s&rsquo;il meure assassin\u00e9 pour rien, et qu&rsquo;en plus, sa mort ne sert pas d&rsquo;expiation, alors dans ce cas, sa mort sera malheureusement inutile. Ainsi, quand les anciens du peuple voyaient un homme qui a \u00e9t\u00e9 tu\u00e9 sans qu&rsquo;on ne connaisse le tueur, ils disaient : \u00ab Pardonne \u00e0 ton peuple Isra\u00ebl \u00bb, au moins que la mort de cet homme puisse servir \u00e0 expier le peuple Juif. Et ainsi, \u00ab ne laisse pas un sang innocent (Naki- \u05e0\u05e7\u05d9) \u00bb. Le terme \u201cNaki\u201d, peut aussi signifier : \u201cpropre\u201d, qui peut aussi avoir le sens de \u201csans rien\u201d (quelqu&rsquo;un qui a perdu tous ses biens et se retrouve sans rien, on dit qu&rsquo;il est \u201cNaki\u201d de ses biens).<br \/>\nCar, si ce mort apporte l&rsquo;expiation, d\u00e8s lors, il ne sera pas mort \u201csans rien\u201d, c&rsquo;est \u00e0 dire pour rien. Ainsi, \u00ab pardonne \u00bb par sa mort, \u00ab et ne laisse pas un sang \u201cNaki\u201d au sein de ton peuple \u00bb, qu&rsquo;il ne soit pas mort sans rien, pour rien, sans aucun int\u00e9r\u00eat. (Ketav Sofer)<\/p>\n<h3 style=\"text-align: center;\"><strong>Le coin \u00e9tude<\/strong><\/h3>\n<p style=\"text-align: justify;\">Avant d&rsquo;aller en guerre, le Cohen devait parler au peuple et disait : \u00ab \u00c9coute Isra\u00ebl (Ch\u00e9ma Isra\u00ebl)! Vous vous pr\u00e9parez aujourd&rsquo;hui \u00e0 faire la guerre contre vos ennemis \u00bb. Rachi explique que ce verset qui commence par \u201cCh\u00e9ma Isra\u00ebl (\u00e9coute Isra\u00ebl)\u201d, fait allusion au fait que m\u00eame si le peuple n&rsquo;a que le m\u00e9rite de la lecture du Ch\u00e9ma, cela suffira pour \u00eatre sauv\u00e9. Cela signifie que m\u00eame s&rsquo;ils ont<br \/>\ncommis des fautes m\u00eame importantes, tant qu&rsquo;ils ont le m\u00e9rite de la lecture du Ch\u00e9ma, ils m\u00e9riteront de gagner la guerre. Mais on peut se demander pourquoi. Cela para\u00eet \u00e9tonnant ! De plus, un peu plus loin dans ce passage, la Thora dit que les policiers disaient au peuple que ceux qui ont peur, ne sorte pas en guerre. Et Rachi rapporte une opinion selon laquelle on parle ici de ceux qui ont peur des fautes qu&rsquo;ils ont entre les mains. On en d\u00e9duit que tous ceux qui ont faut\u00e9 ne doivent pas aller en guerre. Au point que nos Sages disent que cela est valable m\u00eame s&rsquo;il a commis une faute l\u00e9g\u00e8re comme le fait de parler entre la mise des Tefilin du bras et celle de la t\u00eate. Ces deux enseignements semblent se contredire. Celui qui a faut\u00e9 peut-il partir en guerre tant qu&rsquo;il a le m\u00e9rite du Chema ou pas ?<br \/>\nD&rsquo;autre part,il est dit : \u00ab Il n&rsquo;existe aucun Juste sur terre qui n&rsquo;a jamais faut\u00e9 \u00bb. Ainsi, d&rsquo;apr\u00e8s cela, si la moindre faute disqualifie de la guerre, on peut se demander qui pourra aller au front ? Y a-t-il une personne qui peut pr\u00e9tendre n&rsquo;avoir commis aucune faute ?<br \/>\nEn fait, il existe deux fa\u00e7ons de fauter. Une personne peut commettre une faute sans que celle-ci ne l&rsquo;impr\u00e8gne et ne fasse partie de sa vie. Il ne s&rsquo;identifie pas \u00e0 cette faute et on peut m\u00eame dire qu&rsquo;elle a \u00e9t\u00e9 commise comme par accident, puisque ce p\u00e9ch\u00e9 ne correspond pas \u00e0 sa personnalit\u00e9. Cette faute n&rsquo;a rien \u00e0 voir avec lui et il la regrettera certainement aussit\u00f4t commise. Mais il existe aussi celui dont la faute est ancr\u00e9e et \u201ccoll\u00e9e\u201d en lui. Elle fait partie de sa vie et il s&rsquo;identifie \u00e0 cette transgression. Il est clair que cet \u00e9tat d&rsquo;esprit l\u00e0 est plus grave que le premier. Et on peut m\u00eame dire que selon un certain angle de vue, le fait de commettre une faute m\u00eame l\u00e9g\u00e8re mais qui est ancr\u00e9e, est plus grave que commettre une faute m\u00eame plus grave, mais de fa\u00e7on accidentelle.<br \/>\nQuand quelqu&rsquo;un place dans sa vie la Thora comme l&rsquo;essentiel, son unique valeur v\u00e9ritable c&rsquo;est la Volont\u00e9 d&rsquo;Hachem, alors jamais aucune faute ne l&rsquo;impr\u00e9gnera et ne sera ancr\u00e9e en lui, puisque toute faute s&rsquo;oppose \u00e0 son id\u00e9al v\u00e9ritable et ne peut s&rsquo;identifier \u00e0 sa vie.<br \/>\nAlors, s&rsquo;il commet un p\u00e9ch\u00e9, ce sera par accident. Cette dimension-l\u00e0, c&rsquo;est celle de celui qui a int\u00e9gr\u00e9 le message du Ch\u00e9ma Isra\u00ebl, o\u00f9 on affirme : \u00ab Hachem est notre D.ieu, Hachem est Un \u00bb. C&rsquo;est \u00e0 dire qu&rsquo;Hachem est le Seul qui prime dans sa vie. Il est Un et Unique, et rien d&rsquo;autre n&rsquo;a vraiment d&rsquo;importance. Il se pourra qu&rsquo;un tel homme aussi commette une faute, mais ce sera par accident et jamais aucune faute ne s&rsquo;impr\u00e9gnera en lui, puisqu&rsquo;elle s&rsquo;opposera \u00e0 la lign\u00e9e de sa vie.<br \/>\nA pr\u00e9sent, on peut comprendre le sens de l&rsquo;enseignement de Rachi. Le seul m\u00e9rite de la lecture du Ch\u00e9ma suffit pour gagner la guerre.<br \/>\nEn effet, les fautes sont des accusations qui nuisent \u00e0 la victoire. Mais si le peuple dispose du m\u00e9rite du Ch\u00e9ma, c&rsquo;est \u00e0 dire qu&rsquo;ils ont int\u00e9gr\u00e9 le message du Ch\u00e9ma, et pas seulement qu&rsquo;ils le lisent m\u00e9caniquement ; alors toutes leurs fautes seront accidentelles et superficielles, et n&#8217;emp\u00eacheront pas d&rsquo;obtenir la victoire contre l&rsquo;ennemi. Mais, les policiers devaient d\u00e9clarer que celui qui a peur, ne sorte pas en guerre. Et Rachi d&rsquo;expliquer qu&rsquo;il s&rsquo;agit de celui qui a peur \u00e0 cause des fautes qu&rsquo;il a entre les mains. Cette expression singuli\u00e8re indique que les fautes qu&rsquo;il a commises lui sont acquises, il les poss\u00e8de et les a dans les mains. Il les attrape et n&rsquo;est pas pr\u00eat \u00e0 les l\u00e2cher. Et effectivement, celui qui a de telles fautes, qui correspondent \u00e0 la deuxi\u00e8me cat\u00e9gorie de faute dont on a parl\u00e9, alors il ne devra pas sortir en guerre. De telles fautes ancr\u00e9es en lui sont de vrais accusateurs et nuisent \u00e0 la guerre. Et ce, m\u00eame s&rsquo;il s&rsquo;agit de fautes l\u00e9g\u00e8res. Celui qui a ce genre de faute, n&rsquo;a pas int\u00e9gr\u00e9 le message du Ch\u00e9ma, il n&rsquo;a pas le m\u00e9rite du Ch\u00e9ma ! Et bien-s\u00fbr, m\u00eame si aucun homme ne peut attester n&rsquo;avoir aucune faute, malgr\u00e9 tout il est clair que beaucoup de gens, m\u00eame s&rsquo;ils ont d\u00e9j\u00e0 faut\u00e9, ne pourront avoir \u00e0 leur actif que des p\u00e9ch\u00e9s accidentels et non ancr\u00e9s. Ce sont eux qui iront en guerre.<\/p>\n<h3 style=\"text-align: center;\"><strong>Le coin Halakha<\/strong><\/h3>\n<p style=\"text-align: justify;\">Quelqu&rsquo;un qui a pris un repas avec du pain et qui doit donc r\u00e9citer le Birkat Hamazone \u00e0 l&rsquo;endroit du repas, s&rsquo;il a malgr\u00e9 tout quitt\u00e9 cet endroit, alors la loi est la suivante. S&rsquo;il est parti d\u00e9lib\u00e9r\u00e9ment, il devra revenir \u00e0 l&rsquo;endroit o\u00f9 il a mang\u00e9 pour r\u00e9citer le Birkat Hamazone. Et ce, m\u00eame s&rsquo;il s&rsquo;est beaucoup \u00e9loign\u00e9. Sauf s&rsquo;il s&rsquo;est tellement \u00e9loign\u00e9 que le temps qu&rsquo;il revienne, il aura compl\u00e8tement dig\u00e9r\u00e9 le repas et aura ainsi perdu la possibilit\u00e9 de r\u00e9citer le Birkat Hamazone. Dans ce cas, il pourra le r\u00e9citer l\u00e0 o\u00f9 il est.<br \/>\nN\u00e9anmoins, dans un cas o\u00f9 il devait revenir et a transgress\u00e9 et a quand m\u00eame r\u00e9cit\u00e9 le Birkat Hamazone au deuxi\u00e8me endroit, alors, m\u00eame s&rsquo;il savait que c&rsquo;\u00e9tait interdit et qu&rsquo;il devait revenir et qu&rsquo;il n&rsquo;est pas revenu par paresse, malgr\u00e9 tout \u00e0 posteriori il sera quitte.<br \/>\nEn revanche, s&rsquo;il a quitt\u00e9 l&rsquo;endroit du repas par oubli, involontairement, quand il se rappellera qu&rsquo;il doit r\u00e9citer le Birkat Hamazone, alors pour les Sefaradim, il pourra le r\u00e9citer l\u00e0 o\u00f9 il se trouve maintenant. S&rsquo;il s&rsquo;efforce malgr\u00e9 tout et revient \u00e0 l&rsquo;endroit du repas, il sera digne d&rsquo;\u00e9loges et de b\u00e9n\u00e9dictions. Et pour les Achk\u00e9nazim, bien que la loi stricte soit la m\u00eame que pour les Sefaradim, malgr\u00e9 tout, il leur convient d&rsquo;adopter la rigueur et de revenir, sauf s&rsquo;il se trouve dans un cas de force majeure.<\/p>\n<h3 style=\"text-align: center;\"><strong>Le coin histoire<\/strong><\/h3>\n<p style=\"text-align: justify;\">Un jour, le p\u00e8re d&rsquo;un jeune \u00e9tudiant de Y\u00e9chiva voulut voir le directeur de la Y\u00e9chiva pour savoir comment va son fils. Le Rav lui fit comprendre que son fils est dans un \u00e9tat d&rsquo;instabilit\u00e9. Il conna\u00eet des hauts et des bas, que ce soit dans les \u00e9tudes qu&rsquo;\u00e0 tous les autres niveaux. Alors le p\u00e8re r\u00e9pondit : \u00ab Je suis cardiologue, et tout le monde sait que l&rsquo;on examine le coeur avec un \u00e9lectrocardiogramme, qui montre par un trac\u00e9 l&rsquo;\u00e9tat de sant\u00e9 du c\u0153ur. Si le trac\u00e9 est ondul\u00e9, qu&rsquo;il monte et descend, c&rsquo;est la preuve que la personne est en vie. Et m\u00eame s&rsquo;il n&rsquo;est pas dans un bonne \u00e9tat, il est encore possible de le soigner et le sauver. Mais quand l&rsquo;appareil indique une ligne droite, sans mouvement, cela montre que malheureusement la personne n&rsquo;est plus vivante et si la ligne continue s&rsquo;est prolong\u00e9 trop longtemps, on ne peut plus l&rsquo;aider ni le sauver.<br \/>\nCet anecdote est riche en le\u00e7on. Quand quelqu&rsquo;un tombe et se sent mal, il ne doit pas se d\u00e9courager. Il doit regarder devant lui et aller de l&rsquo;avant. Certes il est tomb\u00e9, maintenant il doit remonter. Et la chute est une partie int\u00e9grante de la vie, et m\u00eame de l&rsquo;\u00e9l\u00e9vation.<\/p>\n<h3 style=\"text-align: center;\"><strong>Le coin &lsquo;Hizouk<\/strong><\/h3>\n<p style=\"text-align: justify;\">L&rsquo;humilit\u00e9 est certes une des meilleures qualit\u00e9s. Mais parfois, elle peut m\u00eame \u00e9loigner l&rsquo;homme du service d&rsquo;Hachem si, dans sa modestie \u00e0 outrance, il ne croit pas que par son Service Divin, il g\u00e9n\u00e8re un flux qui vivifie tous les mondes, et que m\u00eame les anges se nourrissent de son Service d&rsquo;Hachem. Si seulement l&rsquo;homme avait foi en cela, combien aurait-il servi Hachem avec joie et vigilance ! (Baal Chem Tov)<\/p>\n<hr \/>\n<p><strong>Chabbat Chalom !<\/strong><\/p>\n","protected":false},"excerpt":{"rendered":"<p>Paracha Chofetim \/ \u05e4\u05e8\u05e9\u05d4 \u05e9\u05d5\u05e4\u05d8\u05d9\u05dd 6\/7 septembre 2019 &#8211; 7 Eloul 5779 \/ \u05d6&rsquo; \u05d0\u05dc\u05d5\u05dc \u05d4-\u05ea\u05e9\u05e2&rsquo;\u05d8 D\u00e9but : 20h05 &#8211; Fin : 21h11 Les Horaires : Vendredi soir : 20h00 : Allumage des bougies et entr\u00e9e de Chabbat (heure maximum pour l&rsquo;allumage : 20h05) 19h00 : Chir haChirim 19h15 : Min\u2019ha, suivi de Kabbalat Chabbat &hellip; <\/p>\n<p><a class=\"more-link btn\" href=\"https:\/\/acjbb-sud.org\/index.php\/2019\/09\/05\/chabbat-chofetim-5779\/\">Lire la suite<\/a><\/p>\n","protected":false},"author":1,"featured_media":2195,"comment_status":"open","ping_status":"open","sticky":false,"template":"","format":"standard","meta":{"jetpack_post_was_ever_published":false,"_jetpack_newsletter_access":"","_jetpack_dont_email_post_to_subs":false,"_jetpack_newsletter_tier_id":0,"_jetpack_memberships_contains_paywalled_content":false,"_jetpack_memberships_contains_paid_content":false,"footnotes":"","jetpack_publicize_message":"","jetpack_publicize_feature_enabled":true,"jetpack_social_post_already_shared":true,"jetpack_social_options":{"image_generator_settings":{"template":"highway","default_image_id":0,"font":"","enabled":false},"version":2}},"categories":[3],"tags":[47,254,57],"class_list":["post-2931","post","type-post","status-publish","format-standard","has-post-thumbnail","hentry","category-chabbat","tag-chabbat","tag-chofetim","tag-choftim","item-wrap"],"yoast_head":"<!-- This site is optimized with the Yoast SEO plugin v26.6 - https:\/\/yoast.com\/wordpress\/plugins\/seo\/ -->\n<title>Chabbat Chofetim - Synagogue ACJBB Boulogne Sud<\/title>\n<meta name=\"robots\" content=\"index, follow, max-snippet:-1, max-image-preview:large, max-video-preview:-1\" \/>\n<link rel=\"canonical\" href=\"https:\/\/acjbb-sud.org\/index.php\/2019\/09\/05\/chabbat-chofetim-5779\/\" \/>\n<meta property=\"og:locale\" content=\"fr_FR\" \/>\n<meta property=\"og:type\" content=\"article\" \/>\n<meta property=\"og:title\" content=\"Chabbat Chofetim - Synagogue ACJBB Boulogne Sud\" \/>\n<meta property=\"og:description\" content=\"Paracha Chofetim \/ \u05e4\u05e8\u05e9\u05d4 \u05e9\u05d5\u05e4\u05d8\u05d9\u05dd 6\/7 septembre 2019 &#8211; 7 Eloul 5779 \/ \u05d6&rsquo; \u05d0\u05dc\u05d5\u05dc \u05d4-\u05ea\u05e9\u05e2&rsquo;\u05d8 D\u00e9but : 20h05 &#8211; Fin : 21h11 Les Horaires : Vendredi soir : 20h00 : Allumage des bougies et entr\u00e9e de Chabbat (heure maximum pour l&rsquo;allumage : 20h05) 19h00 : Chir haChirim 19h15 : Min\u2019ha, suivi de Kabbalat Chabbat &hellip; Lire la suite\" \/>\n<meta property=\"og:url\" content=\"https:\/\/acjbb-sud.org\/index.php\/2019\/09\/05\/chabbat-chofetim-5779\/\" \/>\n<meta property=\"og:site_name\" content=\"Synagogue ACJBB Boulogne Sud\" \/>\n<meta property=\"article:published_time\" content=\"2019-09-05T08:55:59+00:00\" \/>\n<meta property=\"article:modified_time\" content=\"2019-09-11T10:16:13+00:00\" \/>\n<meta property=\"og:image\" content=\"https:\/\/acjbb-sud.org\/wp-content\/uploads\/2018\/10\/ACJBB-Sud-Chabbat-halots-bougies-vin-600-logos-v2.jpg\" \/>\n\t<meta property=\"og:image:width\" content=\"615\" \/>\n\t<meta property=\"og:image:height\" content=\"433\" \/>\n\t<meta property=\"og:image:type\" content=\"image\/jpeg\" \/>\n<meta name=\"author\" content=\"AcjbbSud\" \/>\n<meta name=\"twitter:card\" content=\"summary_large_image\" \/>\n<meta name=\"twitter:label1\" content=\"\u00c9crit par\" \/>\n\t<meta name=\"twitter:data1\" content=\"AcjbbSud\" \/>\n\t<meta name=\"twitter:label2\" content=\"Dur\u00e9e de lecture estim\u00e9e\" \/>\n\t<meta name=\"twitter:data2\" content=\"24 minutes\" \/>\n<script type=\"application\/ld+json\" class=\"yoast-schema-graph\">{\"@context\":\"https:\/\/schema.org\",\"@graph\":[{\"@type\":\"WebPage\",\"@id\":\"https:\/\/acjbb-sud.org\/index.php\/2019\/09\/05\/chabbat-chofetim-5779\/\",\"url\":\"https:\/\/acjbb-sud.org\/index.php\/2019\/09\/05\/chabbat-chofetim-5779\/\",\"name\":\"Chabbat Chofetim - Synagogue ACJBB Boulogne Sud\",\"isPartOf\":{\"@id\":\"https:\/\/acjbb-sud.org\/#website\"},\"primaryImageOfPage\":{\"@id\":\"https:\/\/acjbb-sud.org\/index.php\/2019\/09\/05\/chabbat-chofetim-5779\/#primaryimage\"},\"image\":{\"@id\":\"https:\/\/acjbb-sud.org\/index.php\/2019\/09\/05\/chabbat-chofetim-5779\/#primaryimage\"},\"thumbnailUrl\":\"https:\/\/acjbb-sud.org\/wp-content\/uploads\/2018\/10\/ACJBB-Sud-Chabbat-halots-bougies-vin-600-logos-v2.jpg\",\"datePublished\":\"2019-09-05T08:55:59+00:00\",\"dateModified\":\"2019-09-11T10:16:13+00:00\",\"author\":{\"@id\":\"https:\/\/acjbb-sud.org\/#\/schema\/person\/adc8f09fb72c9d0dc78509106dc5e9f0\"},\"breadcrumb\":{\"@id\":\"https:\/\/acjbb-sud.org\/index.php\/2019\/09\/05\/chabbat-chofetim-5779\/#breadcrumb\"},\"inLanguage\":\"fr-FR\",\"potentialAction\":[{\"@type\":\"ReadAction\",\"target\":[\"https:\/\/acjbb-sud.org\/index.php\/2019\/09\/05\/chabbat-chofetim-5779\/\"]}]},{\"@type\":\"ImageObject\",\"inLanguage\":\"fr-FR\",\"@id\":\"https:\/\/acjbb-sud.org\/index.php\/2019\/09\/05\/chabbat-chofetim-5779\/#primaryimage\",\"url\":\"https:\/\/acjbb-sud.org\/wp-content\/uploads\/2018\/10\/ACJBB-Sud-Chabbat-halots-bougies-vin-600-logos-v2.jpg\",\"contentUrl\":\"https:\/\/acjbb-sud.org\/wp-content\/uploads\/2018\/10\/ACJBB-Sud-Chabbat-halots-bougies-vin-600-logos-v2.jpg\",\"width\":615,\"height\":433},{\"@type\":\"BreadcrumbList\",\"@id\":\"https:\/\/acjbb-sud.org\/index.php\/2019\/09\/05\/chabbat-chofetim-5779\/#breadcrumb\",\"itemListElement\":[{\"@type\":\"ListItem\",\"position\":1,\"name\":\"Accueil\",\"item\":\"https:\/\/acjbb-sud.org\/\"},{\"@type\":\"ListItem\",\"position\":2,\"name\":\"Chabbat Chofetim\"}]},{\"@type\":\"WebSite\",\"@id\":\"https:\/\/acjbb-sud.org\/#website\",\"url\":\"https:\/\/acjbb-sud.org\/\",\"name\":\"Synagogue ACJBB Boulogne Sud\",\"description\":\"Synagogue \/ Association Communautaire Juive de Boulogne Billancourt (Sud)\",\"potentialAction\":[{\"@type\":\"SearchAction\",\"target\":{\"@type\":\"EntryPoint\",\"urlTemplate\":\"https:\/\/acjbb-sud.org\/?s={search_term_string}\"},\"query-input\":{\"@type\":\"PropertyValueSpecification\",\"valueRequired\":true,\"valueName\":\"search_term_string\"}}],\"inLanguage\":\"fr-FR\"},{\"@type\":\"Person\",\"@id\":\"https:\/\/acjbb-sud.org\/#\/schema\/person\/adc8f09fb72c9d0dc78509106dc5e9f0\",\"name\":\"AcjbbSud\",\"image\":{\"@type\":\"ImageObject\",\"inLanguage\":\"fr-FR\",\"@id\":\"https:\/\/acjbb-sud.org\/#\/schema\/person\/image\/\",\"url\":\"https:\/\/secure.gravatar.com\/avatar\/ea30fe7a8231c8c0bf30066f86006714af7be34ba414543eaab3e453b92901aa?s=96&d=mm&r=g\",\"contentUrl\":\"https:\/\/secure.gravatar.com\/avatar\/ea30fe7a8231c8c0bf30066f86006714af7be34ba414543eaab3e453b92901aa?s=96&d=mm&r=g\",\"caption\":\"AcjbbSud\"},\"url\":\"https:\/\/acjbb-sud.org\/index.php\/author\/acjbbsud\/\"}]}<\/script>\n<!-- \/ Yoast SEO plugin. -->","yoast_head_json":{"title":"Chabbat Chofetim - Synagogue ACJBB Boulogne Sud","robots":{"index":"index","follow":"follow","max-snippet":"max-snippet:-1","max-image-preview":"max-image-preview:large","max-video-preview":"max-video-preview:-1"},"canonical":"https:\/\/acjbb-sud.org\/index.php\/2019\/09\/05\/chabbat-chofetim-5779\/","og_locale":"fr_FR","og_type":"article","og_title":"Chabbat Chofetim - Synagogue ACJBB Boulogne Sud","og_description":"Paracha Chofetim \/ \u05e4\u05e8\u05e9\u05d4 \u05e9\u05d5\u05e4\u05d8\u05d9\u05dd 6\/7 septembre 2019 &#8211; 7 Eloul 5779 \/ \u05d6&rsquo; \u05d0\u05dc\u05d5\u05dc \u05d4-\u05ea\u05e9\u05e2&rsquo;\u05d8 D\u00e9but : 20h05 &#8211; Fin : 21h11 Les Horaires : Vendredi soir : 20h00 : Allumage des bougies et entr\u00e9e de Chabbat (heure maximum pour l&rsquo;allumage : 20h05) 19h00 : Chir haChirim 19h15 : Min\u2019ha, suivi de Kabbalat Chabbat &hellip; Lire la suite","og_url":"https:\/\/acjbb-sud.org\/index.php\/2019\/09\/05\/chabbat-chofetim-5779\/","og_site_name":"Synagogue ACJBB Boulogne Sud","article_published_time":"2019-09-05T08:55:59+00:00","article_modified_time":"2019-09-11T10:16:13+00:00","og_image":[{"width":615,"height":433,"url":"https:\/\/acjbb-sud.org\/wp-content\/uploads\/2018\/10\/ACJBB-Sud-Chabbat-halots-bougies-vin-600-logos-v2.jpg","type":"image\/jpeg"}],"author":"AcjbbSud","twitter_card":"summary_large_image","twitter_misc":{"\u00c9crit par":"AcjbbSud","Dur\u00e9e de lecture estim\u00e9e":"24 minutes"},"schema":{"@context":"https:\/\/schema.org","@graph":[{"@type":"WebPage","@id":"https:\/\/acjbb-sud.org\/index.php\/2019\/09\/05\/chabbat-chofetim-5779\/","url":"https:\/\/acjbb-sud.org\/index.php\/2019\/09\/05\/chabbat-chofetim-5779\/","name":"Chabbat Chofetim - Synagogue ACJBB Boulogne Sud","isPartOf":{"@id":"https:\/\/acjbb-sud.org\/#website"},"primaryImageOfPage":{"@id":"https:\/\/acjbb-sud.org\/index.php\/2019\/09\/05\/chabbat-chofetim-5779\/#primaryimage"},"image":{"@id":"https:\/\/acjbb-sud.org\/index.php\/2019\/09\/05\/chabbat-chofetim-5779\/#primaryimage"},"thumbnailUrl":"https:\/\/acjbb-sud.org\/wp-content\/uploads\/2018\/10\/ACJBB-Sud-Chabbat-halots-bougies-vin-600-logos-v2.jpg","datePublished":"2019-09-05T08:55:59+00:00","dateModified":"2019-09-11T10:16:13+00:00","author":{"@id":"https:\/\/acjbb-sud.org\/#\/schema\/person\/adc8f09fb72c9d0dc78509106dc5e9f0"},"breadcrumb":{"@id":"https:\/\/acjbb-sud.org\/index.php\/2019\/09\/05\/chabbat-chofetim-5779\/#breadcrumb"},"inLanguage":"fr-FR","potentialAction":[{"@type":"ReadAction","target":["https:\/\/acjbb-sud.org\/index.php\/2019\/09\/05\/chabbat-chofetim-5779\/"]}]},{"@type":"ImageObject","inLanguage":"fr-FR","@id":"https:\/\/acjbb-sud.org\/index.php\/2019\/09\/05\/chabbat-chofetim-5779\/#primaryimage","url":"https:\/\/acjbb-sud.org\/wp-content\/uploads\/2018\/10\/ACJBB-Sud-Chabbat-halots-bougies-vin-600-logos-v2.jpg","contentUrl":"https:\/\/acjbb-sud.org\/wp-content\/uploads\/2018\/10\/ACJBB-Sud-Chabbat-halots-bougies-vin-600-logos-v2.jpg","width":615,"height":433},{"@type":"BreadcrumbList","@id":"https:\/\/acjbb-sud.org\/index.php\/2019\/09\/05\/chabbat-chofetim-5779\/#breadcrumb","itemListElement":[{"@type":"ListItem","position":1,"name":"Accueil","item":"https:\/\/acjbb-sud.org\/"},{"@type":"ListItem","position":2,"name":"Chabbat Chofetim"}]},{"@type":"WebSite","@id":"https:\/\/acjbb-sud.org\/#website","url":"https:\/\/acjbb-sud.org\/","name":"Synagogue ACJBB Boulogne Sud","description":"Synagogue \/ Association Communautaire Juive de Boulogne Billancourt (Sud)","potentialAction":[{"@type":"SearchAction","target":{"@type":"EntryPoint","urlTemplate":"https:\/\/acjbb-sud.org\/?s={search_term_string}"},"query-input":{"@type":"PropertyValueSpecification","valueRequired":true,"valueName":"search_term_string"}}],"inLanguage":"fr-FR"},{"@type":"Person","@id":"https:\/\/acjbb-sud.org\/#\/schema\/person\/adc8f09fb72c9d0dc78509106dc5e9f0","name":"AcjbbSud","image":{"@type":"ImageObject","inLanguage":"fr-FR","@id":"https:\/\/acjbb-sud.org\/#\/schema\/person\/image\/","url":"https:\/\/secure.gravatar.com\/avatar\/ea30fe7a8231c8c0bf30066f86006714af7be34ba414543eaab3e453b92901aa?s=96&d=mm&r=g","contentUrl":"https:\/\/secure.gravatar.com\/avatar\/ea30fe7a8231c8c0bf30066f86006714af7be34ba414543eaab3e453b92901aa?s=96&d=mm&r=g","caption":"AcjbbSud"},"url":"https:\/\/acjbb-sud.org\/index.php\/author\/acjbbsud\/"}]}},"jetpack_publicize_connections":[],"jetpack_featured_media_url":"https:\/\/acjbb-sud.org\/wp-content\/uploads\/2018\/10\/ACJBB-Sud-Chabbat-halots-bougies-vin-600-logos-v2.jpg","jetpack_sharing_enabled":true,"jetpack_shortlink":"https:\/\/wp.me\/p7sjOI-Lh","jetpack_likes_enabled":true,"_links":{"self":[{"href":"https:\/\/acjbb-sud.org\/index.php\/wp-json\/wp\/v2\/posts\/2931","targetHints":{"allow":["GET"]}}],"collection":[{"href":"https:\/\/acjbb-sud.org\/index.php\/wp-json\/wp\/v2\/posts"}],"about":[{"href":"https:\/\/acjbb-sud.org\/index.php\/wp-json\/wp\/v2\/types\/post"}],"author":[{"embeddable":true,"href":"https:\/\/acjbb-sud.org\/index.php\/wp-json\/wp\/v2\/users\/1"}],"replies":[{"embeddable":true,"href":"https:\/\/acjbb-sud.org\/index.php\/wp-json\/wp\/v2\/comments?post=2931"}],"version-history":[{"count":6,"href":"https:\/\/acjbb-sud.org\/index.php\/wp-json\/wp\/v2\/posts\/2931\/revisions"}],"predecessor-version":[{"id":2945,"href":"https:\/\/acjbb-sud.org\/index.php\/wp-json\/wp\/v2\/posts\/2931\/revisions\/2945"}],"wp:featuredmedia":[{"embeddable":true,"href":"https:\/\/acjbb-sud.org\/index.php\/wp-json\/wp\/v2\/media\/2195"}],"wp:attachment":[{"href":"https:\/\/acjbb-sud.org\/index.php\/wp-json\/wp\/v2\/media?parent=2931"}],"wp:term":[{"taxonomy":"category","embeddable":true,"href":"https:\/\/acjbb-sud.org\/index.php\/wp-json\/wp\/v2\/categories?post=2931"},{"taxonomy":"post_tag","embeddable":true,"href":"https:\/\/acjbb-sud.org\/index.php\/wp-json\/wp\/v2\/tags?post=2931"}],"curies":[{"name":"wp","href":"https:\/\/api.w.org\/{rel}","templated":true}]}}