{"id":2943,"date":"2019-09-11T16:37:58","date_gmt":"2019-09-11T14:37:58","guid":{"rendered":"https:\/\/acjbb-sud.org\/?p=2943"},"modified":"2019-09-17T09:59:14","modified_gmt":"2019-09-17T07:59:14","slug":"chabbat-ki-tetse-5779","status":"publish","type":"post","link":"https:\/\/acjbb-sud.org\/index.php\/2019\/09\/11\/chabbat-ki-tetse-5779\/","title":{"rendered":"Chabbat Ki-T\u00e9ts\u00e9"},"content":{"rendered":"<h3 style=\"text-align: center; padding-left: 30px;\"><strong>Paracha Ki-T\u00e9ts\u00e9 \/ <span dir=\"RTL\" lang=\"HE\">\u05e4\u05e8\u05e9\u05d4 \u05db\u05d9 \u05ea\u05e6\u05d0<\/span><\/strong><\/h3>\n<h4 style=\"text-align: center;\"><strong>13\/14 septembre 2019 &#8211; 14 Eloul 5779 \/ <span dir=\"RTL\" lang=\"HE\">\u05d9&rsquo;\u05d3 \u05d0\u05dc\u05d5\u05dc \u05d4-\u05ea\u05e9\u05e2&rsquo;\u05d8<\/span><\/strong><\/h4>\n<h4 style=\"text-align: center;\"><em><strong>D\u00e9but : 19h51 &#8211; Fin : 20h55<\/strong><\/em><\/h4>\n<p style=\"text-align: justify;\"><img loading=\"lazy\" decoding=\"async\" class=\"wp-image-2195 size-full aligncenter\" src=\"https:\/\/acjbb-sud.org\/wp-content\/uploads\/2018\/10\/ACJBB-Sud-Chabbat-halots-bougies-vin-600-logos-v2.jpg\" alt=\"\" width=\"615\" height=\"433\" srcset=\"https:\/\/acjbb-sud.org\/wp-content\/uploads\/2018\/10\/ACJBB-Sud-Chabbat-halots-bougies-vin-600-logos-v2.jpg 615w, https:\/\/acjbb-sud.org\/wp-content\/uploads\/2018\/10\/ACJBB-Sud-Chabbat-halots-bougies-vin-600-logos-v2-300x211.jpg 300w\" sizes=\"auto, (max-width: 615px) 100vw, 615px\" \/><\/p>\n<h3><strong><span style=\"text-decoration: underline;\">Les Horaires :<\/span><br \/>\n<\/strong><\/h3>\n<p><em><strong>Vendredi soir :<\/strong><\/em><br \/>\n<strong>19h45<\/strong> : Allumage des bougies et entr\u00e9e de Chabbat (heure maximum pour l&rsquo;allumage : 19h51)<br \/>\n<strong>18h45<\/strong> : Min\u2019ha<br \/>\n<strong>19h00<\/strong> : Chir haChirim, suivi de Kabbalat Chabbat et Arvit<br \/>\nD\u2019var Thora par <strong>le Rabbin Mickael MOUYAL<\/strong><\/p>\n<p><strong><em>Samedi matin :<\/em> <\/strong><br \/>\n<strong>09h00<\/strong> : Cha\u2019harit<br \/>\nD\u2019var Thora par <strong>le Rabbin Mickael MOUYAL<\/strong><br \/>\nL\u2019office sera suivi d\u2019un kiddouch communautaire<\/p>\n<p><em><strong>Samedi apr\u00e8s-midi :<\/strong><\/em><br \/>\n<strong>18h00<\/strong> : Cours mixte sur la paracha par <strong>le Rabbin Mickael Mouyal<\/strong><br \/>\n<strong>19h00<\/strong> : T\u00e9hilim &#8211; Lecture collective des T\u00e9hilim &#8211; Alpha\/Beta<br \/>\n<strong>19h15<\/strong> : Min\u2019ha<br \/>\nSuivi de la S\u00e9ouda Ch\u00e9lichit, des chants de Chabbat et du D&rsquo;var Torah par <strong>Remy LEVY<\/strong><br \/>\nLa S\u00e9ouda Ch\u00e9lichit est offerte par <strong>Henry et Patrick SEBBAN<\/strong> l\u00e9ilouy nichmat <strong>Eliahou ben Hnini et Aharon SEBBAN<\/strong> (\u05d6\u05f4\u05dc)<br \/>\n<strong>20h07<\/strong> : Shquiya \/ <span dir=\"RTL\" lang=\"HE\">\u05e9\u05e7\u05e2\u05ea \u05d4\u05d7\u05de\u05d4<\/span><\/p>\n<p><strong><em>Samedi soir :<\/em> <\/strong><br \/>\n<strong>20h55<\/strong> : Fin de Chabbat, Arvit et Havdala<\/p>\n<p><strong><em>Dimanche matin :<\/em> <\/strong><br \/>\n<strong>07h00<\/strong> : S\u00e9li&rsquo;hots<br \/>\n<strong>08h00<\/strong> : Cha\u2019harit<\/p>\n<p><strong>Chabbat Chalom !<\/strong><\/p>\n<p><!--more--><\/p>\n<hr \/>\n<h3><strong><span style=\"text-decoration: underline;\">Offices et cours de la semaine \u00e0 la Synagogue :<\/span><br \/>\n<\/strong><\/h3>\n<p><em>43 rue des abondances<\/em><\/p>\n<p><strong><em>Cha\u2019harit &#8211; 1er office :<\/em><\/strong><br \/>\n<em><u>Lundi et jeudi :<\/u><\/em><br \/>\n<strong>5h55<\/strong> : S\u00e9li&rsquo;hots<br \/>\n<strong>6h55<\/strong> : Cha&rsquo;harit<br \/>\n<em><u>Mardi, mercredi et vendredi :<\/u><\/em><br \/>\n<strong>6h00<\/strong> : S\u00e9li&rsquo;hots<br \/>\n<strong>7h00<\/strong> : Cha&rsquo;harit<br \/>\n<em><u>Dimanche :<\/u><\/em><br \/>\n<strong>7h00<\/strong> : S\u00e9li&rsquo;hots<br \/>\n<strong>8h00<\/strong> : Cha&rsquo;harit<\/p>\n<p><strong><em>Cha\u2019harit &#8211; 2\u00e8me Office :<\/em><\/strong><br \/>\n<strong>7h45<\/strong> : dans la Soucah\/Pergola<br \/>\nsuivi d&rsquo;une \u00e9tude par le <strong>Rabbin Didier Kassabi<\/strong> du lundi au jeudi, et par le <strong>Rav Avner Ibgui<\/strong> le vendredi<\/p>\n<p><strong><em>Min\u2019ha suivi de Arvit :<\/em><\/strong><br \/>\n<strong>18h30<\/strong> : du dimanche au jeudi<\/p>\n<p>Retrouvez les horaires de la synagogue <a href=\"http:\/\/synaboulogne.blogspot.com\/2019\/05\/horaies-dete-57792019.html\" target=\"_blank\" rel=\"noopener noreferrer\">ici<\/a>.<\/p>\n<hr \/>\n<h3><strong><span style=\"text-decoration: underline;\">F\u00eates de Tichri 5780 :<\/span><br \/>\n<\/strong><\/h3>\n<p><img decoding=\"async\" class=\"alignnone size-medium wp-image-212 aligncenter\" src=\"http:\/\/acjbb-sud.org\/wp-content\/uploads\/2016\/10\/choffar-roch-hachana-kippour-1-300x165.png\" alt=\"\" width=\"500\" srcset=\"https:\/\/acjbb-sud.org\/wp-content\/uploads\/2016\/10\/choffar-roch-hachana-kippour-1-300x165.png 300w, https:\/\/acjbb-sud.org\/wp-content\/uploads\/2016\/10\/choffar-roch-hachana-kippour-1-500x276.png 500w, https:\/\/acjbb-sud.org\/wp-content\/uploads\/2016\/10\/choffar-roch-hachana-kippour-1.png 744w\" sizes=\"(max-width: 300px) 100vw, 300px\" \/><\/p>\n<p><span style=\"font-weight: 400;\">Chers Amis,<\/span><\/p>\n<p style=\"text-align: justify;\"><span style=\"font-weight: 400;\">Nous nous retrouverons donc \u00e0 nouveau cette ann\u00e9e dans ce lieu pour c\u00e9l\u00e9brer BH\u2019 les f\u00eates de TICHRI en attendant la construction du Nouveau Centre Culturel Juif de Boulogne-Billancourt dont les travaux ont commenc\u00e9, pour une dur\u00e9e de 12 mois.<\/span><\/p>\n<p style=\"text-align: justify;\">Les offices de <strong>Roch Hachana<\/strong> auront lieu les 30 septembre et le 1er octobre, les offices de <strong>Yom Kippour<\/strong> auront lieu les 8 et 9 octobre. Comme les ann\u00e9es pr\u00e9c\u00e9dentes, nous aurons le plaisir d\u2019accueillir notre &lsquo;Hazan <strong>Ariel LASRY<\/strong> qui viendra d\u2019Isra\u00ebl.<\/p>\n<p>Les horaires des offices seront identiques \u00e0 celles de la Synagogue de la rue des abondances, sauf en ce qui concerne les offices du matin :<\/p>\n<ul>\n<li>Chabbat : 09h00<\/li>\n<li>Roch Hachana et Yom Kippour : 08h30<\/li>\n<li>Souccot : 09h00<\/li>\n<\/ul>\n<p style=\"text-align: justify;\"><strong>La r\u00e9servation des places devra se faire exclusivement aupr\u00e8s de M. Daniel LASRY (06.26.94.51.58). Attention, nos locaux ne nous permettent malheureusement pas d\u2019accueillir autant de fid\u00e8les que nous le voudrions. Il est donc imp\u00e9ratif de r\u00e9server vos places au plus t\u00f4t afin d\u2019\u00eatre s\u00fbr d\u2019avoir une place assise, la r\u00e9servation ne sera effective qu&rsquo;\u00e0 r\u00e9ception du r\u00e8glement.<\/strong><\/p>\n<p style=\"text-align: justify;\">Le prix des places pour Yom Kippour est fix\u00e9 \u00e0 180 \u20ac pour les hommes et 120 \u20ac pour les femmes. Ces montants incluent cotisation(s) de membre de l\u2019ACIP, <strong>tous les r\u00e8glements de places sont \u00e0 faire \u00e0 l\u2019ordre de l\u2019ACIP.<\/strong><\/p>\n<p style=\"text-align: justify;\">Si vous souhaitez effectuer votre r\u00e8glement en plusieurs fois, il vous suffit d\u2019envoyer plusieurs ch\u00e8ques en sp\u00e9cifiant simplement au dos des ch\u00e8ques les dates d\u2019encaissement souhait\u00e9es.<\/p>\n<p>T\u00e9l\u00e9chargez <a href=\"https:\/\/acjbb-sud.org\/wp-content\/uploads\/2018\/08\/Office-Boulogne-Sud-Tichri-5779.doc\">le coupon<\/a> et renvoyez le avec votre r\u00e8glement pour confirmer votre r\u00e9servation.<\/p>\n<p style=\"text-align: justify;\">L&rsquo;\u00e9quipe de l\u2019Office de Boulogne Sud vous souhaite de bonnes vacances et une excellente ann\u00e9e 5780 pour vous et vos proches et esp\u00e8re avoir le plaisir de vous rencontrer rapidement.<\/p>\n<p style=\"text-align: justify;\"><strong>Si vous souhaitez r\u00e9server dans un des nombreux autres offices \u00e0 Boulogne, vous pouvez d\u00e8s \u00e0 pr\u00e9sent r\u00e9server vos places tous les matins aupr\u00e8s du secr\u00e9tariat de la Synagogue. 01.46.03.90.63, 43 rue des Abondances, 92100 Boulogne.<\/strong><\/p>\n<p><strong>Chana Tova, que vous soyez inscrits dans le livre de la vie !<\/strong><\/p>\n<hr \/>\n<h3><strong><span style=\"text-decoration: underline;\">V\u00e9rification des M\u00e9zouzoth et des Tephilines :<\/span><br \/>\n<\/strong><\/h3>\n<p>Durant le mois de Eloul, il est fortement recommand\u00e9 de faire v\u00e9rifier ses M\u00e9zouzoth et ses T\u00e9philin.<\/p>\n<p>Une \u00e9quipe de Sofrim dipl\u00f4m\u00e9s sera pr\u00e9sente <strong>dimanche<\/strong>\u00a0<strong>15 septembre et dimanche 6 octobre\u00a0<\/strong>d\u00e8s la fin de l&rsquo;office du matin (9h) pour vous permettre d&rsquo;effectuer ces v\u00e9rifications.\u00a0Ils am\u00e8neront tout le mat\u00e9riel n\u00e9cessaire afin de vous rendre vos t\u00e9philin r\u00e9par\u00e9s et referm\u00e9s\u00a0 le jour m\u00eame.\u00a0Vous aurez \u00e9galement la possibilit\u00e9 de changer vos lani\u00e8res qui seraient \u00e9ventuellement endommag\u00e9es.<\/p>\n<p>Vous pouvez d\u00e8s \u00e0 pr\u00e9sent vous inscrire par retour de mail.<br \/>\nTarifs de v\u00e9rifications :<br \/>\nM\u00e9zouzah: 7 euros<br \/>\nTephilin (r\u00e9par\u00e9s et referm\u00e9s): 80 euros.<\/p>\n<p>Le Rabbin<\/p>\n<p>Vous pouvez r\u00e9server un cr\u00e9neau pour la v\u00e9rification en indiquant le type de v\u00e9rification (Mezouzah ou Tephinin), pr\u00e9ciser la quantit\u00e9 et l&rsquo;heure souhait\u00e9e, \u00e0 <a href=\"mailto:reservation@acjbb.com?subject=R%C3%A9servation%20v%C3%A9rification%20Mezouzoth%20%2F%20Tefiline\" target=\"_blank\" rel=\"noopener noreferrer\">reservation@acjbb.com<\/a><\/p>\n<hr \/>\n<h3><strong><span style=\"text-decoration: underline;\">Compte-rendus de l&rsquo;AG de l&rsquo;ACJBB :<\/span><br \/>\n<\/strong><\/h3>\n<p>Retrouvez tous les compte-rendus de l&rsquo;Assembl\u00e9e G\u00e9n\u00e9rale de l&rsquo;ACJBB sur le blog de la Synagogue de Boulogne Billancourt : <a href=\"http:\/\/synaboulogne.blogspot.com\/\" target=\"_blank\" rel=\"noopener noreferrer\">http:\/\/synaboulogne.blogspot.com\/<\/a><\/p>\n<hr \/>\n<h3><strong><span style=\"text-decoration: underline;\">Beth Hamidrach :<\/span><br \/>\n<\/strong><\/h3>\n<p style=\"text-align: justify;\">Le <strong>Rabbin Didier Kassabi<\/strong> donne un cours de Gu\u00e9mara chaque lundi soir \u00e0 20h00 \u00e0 la Synagogue de Boulogne Billancourt, 43 rue des abondances.<\/p>\n<p><img decoding=\"async\" class=\"aligncenter wp-image-2318 size-large\" src=\"https:\/\/acjbb-sud.org\/wp-content\/uploads\/2018\/12\/Rav-Didier-Kassabi-ACJBB-Boulogne-Sud-1024x656.jpg\" alt=\"\" width=\"600\" srcset=\"https:\/\/acjbb-sud.org\/wp-content\/uploads\/2018\/12\/Rav-Didier-Kassabi-ACJBB-Boulogne-Sud-1024x656.jpg 1024w, https:\/\/acjbb-sud.org\/wp-content\/uploads\/2018\/12\/Rav-Didier-Kassabi-ACJBB-Boulogne-Sud-300x192.jpg 300w, https:\/\/acjbb-sud.org\/wp-content\/uploads\/2018\/12\/Rav-Didier-Kassabi-ACJBB-Boulogne-Sud-768x492.jpg 768w, https:\/\/acjbb-sud.org\/wp-content\/uploads\/2018\/12\/Rav-Didier-Kassabi-ACJBB-Boulogne-Sud.jpg 1588w\" sizes=\"(max-width: 1024px) 100vw, 1024px\" \/><\/p>\n<p>Retrouvez tous les cours du Rabbin Kassabi <a href=\"https:\/\/acjbb-sud.org\/index.php\/cours-du-rabbin-kassabi\/\" target=\"_blank\" rel=\"noopener noreferrer\">sur cette page<\/a> !!<\/p>\n<hr \/>\n<h3><strong><span style=\"text-decoration: underline;\">Talmud Thorah :<\/span><br \/>\n<\/strong><\/h3>\n<h4>Message \u00e0 tous les Parents<\/h4>\n<p>Tous les parents ont le devoir d&rsquo;assurer l&rsquo;\u00e9ducation juive de leurs enfants. Cette transmission passe naturellement par ce qui est v\u00e9cu au c\u0153ur du foyer mais elle doit \u00eatre sublim\u00e9e par un enseignement traditionnel dans le cadre de nos structures communautaires.<br \/>\nC&rsquo;est dans cette optique que notre Talmud Torah ouvre ses portes afin d&rsquo;y accueillir vos enfants.<\/p>\n<p>\u00c0 partir de leur rentr\u00e9e en CE1, aucun enfant de la communaut\u00e9 ne doit rester en marge de la d\u00e9couverte de leur juda\u00efsme.<\/p>\n<p>N\u2019h\u00e9sitez pas \u00e0 <a href=\"mailto:didierkassabi@gmail.com?subject=&quot;Talmud Torah Boulogne&quot;\" target=\"_blank\" rel=\"noopener noreferrer\">contacter notre Rabbin Didier KASSABI<\/a> pour toute demande de renseignements.<\/p>\n<hr \/>\n<h3><strong><span style=\"text-decoration: underline;\">Bn\u00e9 Akiva de Boulogne :<\/span><br \/>\n<\/strong><\/h3>\n<h3 style=\"text-align: center;\">Reprise des activit\u00e9s du Bn\u00e9 Akiva<\/h3>\n<p><strong>Shirel, Chirel, Ephraim, Aaron, Ilan et Galit et Aviv<\/strong> attendront vos enfants <strong>de 7 \u00e0 15 ans<\/strong> pour les activit\u00e9s du Bn\u00e9 Akiva <strong>Chabbat, \u00e0 18h20, \u00e0 la Synagogue de Boulogne<\/strong><\/p>\n<p><img decoding=\"async\" class=\"wp-image-2951 size-full aligncenter\" src=\"https:\/\/acjbb-sud.org\/wp-content\/uploads\/2019\/09\/bne-akiva-boulogne.jpeg\" alt=\"\" width=\"600\" srcset=\"https:\/\/acjbb-sud.org\/wp-content\/uploads\/2019\/09\/bne-akiva-boulogne.jpeg 1130w, https:\/\/acjbb-sud.org\/wp-content\/uploads\/2019\/09\/bne-akiva-boulogne-300x239.jpeg 300w, https:\/\/acjbb-sud.org\/wp-content\/uploads\/2019\/09\/bne-akiva-boulogne-768x612.jpeg 768w, https:\/\/acjbb-sud.org\/wp-content\/uploads\/2019\/09\/bne-akiva-boulogne-1024x816.jpeg 1024w\" sizes=\"(max-width: 1130px) 100vw, 1130px\" \/><\/p>\n<p>N&rsquo;h\u00e9sitez pas \u00e0 d\u00e9poser vos enfants, ils passeront un bel apr\u00e8s-midi d&rsquo;Oneg Chabbat.<\/p>\n<p><a href=\"https:\/\/synaboulogne.us12.list-manage.com\/track\/click?u=f13343cbc4710ddbadcdef23f&amp;id=870ac8f7e1&amp;e=744d346afc\" target=\"_blank\" rel=\"noopener noreferrer\">Soutenez les activit\u00e9s du Bn\u00e9 Akiva<\/a> !<\/p>\n<hr \/>\n<h3><strong><span style=\"text-decoration: underline;\">Chabbat plein de la rentr\u00e9e du Bn\u00e9 Akiva :<\/span><br \/>\n<\/strong><\/h3>\n<p><strong>Le Bn\u00e9 Akiva France continue sa mission avec le Chabbat \u00ab\u00a0HIN\u00c9NI\u00a0\u00bb !!<\/strong><\/p>\n<p>&#8230; \u201c\u05d5\u05b0\u05d4\u05b8\u05d0\u05b1\u05dc\u05b9\u05d4\u05b4\u05d9\u05dd \u05e0\u05b4\u05e1\u05b8\u05bc\u05d4 \u05d0\u05b6\u05ea \u05d0\u05b7\u05d1\u05b0\u05e8\u05b8\u05d4\u05b8\u05dd. \u05d5\u05b7\u05d9\u05b9\u05bc\u05d0\u05de\u05b6\u05e8 \u05d0\u05b5\u05dc\u05b8\u05d9\u05d5 \u201d\u05d0\u05b7\u05d1\u05b0\u05e8\u05b8\u05d4\u05b8\u05dd\u201c \u05d5\u05b7\u05d9\u05b9\u05bc\u05d0\u05de\u05b6\u05e8 \u201d\u05d4\u05b4\u05e0\u05b5\u05bc\u05e0\u05b4\u05d9<br \/>\nDieu \u00e9prouvera Avraham. Il lui dit: \u201cAvraham!\u201d Il r\u00e9pondit: \u201cMe voici.\u201d &#8230;<\/p>\n<p><img decoding=\"async\" class=\"aligncenter wp-image-2899 size-full\" src=\"https:\/\/acjbb-sud.org\/wp-content\/uploads\/2019\/08\/Bne-Akiva-Chabbat-plein-Ki-Tavo-5779-2019.jpg\" alt=\"\" width=\"600\" srcset=\"https:\/\/acjbb-sud.org\/wp-content\/uploads\/2019\/08\/Bne-Akiva-Chabbat-plein-Ki-Tavo-5779-2019.jpg 925w, https:\/\/acjbb-sud.org\/wp-content\/uploads\/2019\/08\/Bne-Akiva-Chabbat-plein-Ki-Tavo-5779-2019-289x300.jpg 289w, https:\/\/acjbb-sud.org\/wp-content\/uploads\/2019\/08\/Bne-Akiva-Chabbat-plein-Ki-Tavo-5779-2019-768x797.jpg 768w\" sizes=\"(max-width: 925px) 100vw, 925px\" \/><\/p>\n<p>Le Chabbat consacr\u00e9 aux jeunes de France, \u00e2g\u00e9 de <strong>15 \u00e0 18 ans<\/strong>.<br \/>\nChabbat KI TAVO, <strong>du 20 au 22 septembre 2019<\/strong>, viens faire de nouvelles rencontres et d\u00e9couvrir une ambiance unique, autour d&rsquo;activit\u00e9s typiques du Bn\u00e9 Akiva.<\/p>\n<p>Le tarif du Chabbat a \u00e9t\u00e9 fix\u00e9 \u00e0 <strong>75 \u20ac tout compris<\/strong>, s\u00e9jour + transport inclus !<br \/>\nAttention, les inscriptions sont limit\u00e9es, donc contactez nous rapidement pour qu&rsquo;on puisse organiser les transports.<br \/>\nInscrivez-vous ici pour le Chabbat du 21 septembre :<br \/>\n<a href=\"https:\/\/www.helloasso.com\/associations\/bne-akiva-de-france\/evenements\/chabbat-leadership-2\" target=\"_blank\" rel=\"noopener noreferrer\">https:\/\/www.helloasso.com\/associations\/bne-akiva-de-france\/evenements\/chabbat-leadership-2<\/a><\/p>\n<p>Pour plus d&rsquo;informations contactez :<br \/>\nEliezer Borgenicht par t\u00e9l\u00e9phone au 0177472740, par WhatsApp au +972548157476 ou par mail: <a href=\"mailto:eliezer@worldbneiakiva.org\" target=\"_blank\" rel=\"noopener noreferrer\">eliezer@worldbneiakiva.org<\/a><\/p>\n<hr \/>\n<h3><strong><span style=\"text-decoration: underline;\">Participons \u00e0 la collecte des fondations du Centre Culturel Juif de Boulogne Billancourt :<\/span><br \/>\n<\/strong><\/h3>\n<p>Notez d\u00e8s \u00e0 pr\u00e9sent que la <strong>c\u00e9r\u00e9monie d&rsquo;inauguration du chantier<\/strong> aura lieu le <strong>mercredi 25 septembre \u00e0 11h30<\/strong> en pr\u00e9sence du Maire et des personnait\u00e9s locales et r\u00e9gionales, et des pr\u00e9sidents des institutions de la Communaut\u00e9 !<\/p>\n<p><img loading=\"lazy\" decoding=\"async\" class=\"aligncenter wp-image-2813 size-large\" src=\"https:\/\/acjbb-sud.org\/wp-content\/uploads\/2019\/07\/construction-du-centre-juif-de-boulogne-billancourt-1024x724.jpeg\" alt=\"\" width=\"720\" height=\"509\" srcset=\"https:\/\/acjbb-sud.org\/wp-content\/uploads\/2019\/07\/construction-du-centre-juif-de-boulogne-billancourt-1024x724.jpeg 1024w, https:\/\/acjbb-sud.org\/wp-content\/uploads\/2019\/07\/construction-du-centre-juif-de-boulogne-billancourt-300x212.jpeg 300w, https:\/\/acjbb-sud.org\/wp-content\/uploads\/2019\/07\/construction-du-centre-juif-de-boulogne-billancourt-768x543.jpeg 768w, https:\/\/acjbb-sud.org\/wp-content\/uploads\/2019\/07\/construction-du-centre-juif-de-boulogne-billancourt.jpeg 1122w\" sizes=\"auto, (max-width: 720px) 100vw, 720px\" \/><\/p>\n<p>La construction du Centre Culturel Juif de Boulogne a \u00e9t\u00e9 lanc\u00e9e le <strong>23 juin 2019<\/strong>. En plus de la campagne de collecte, nous avons d\u00e9cid\u00e9 d&rsquo;entreprendre une collecte \u00ab\u00a0<b>des Fondations du Centre Culturel<\/b>\u00ab\u00a0. A l&rsquo;image de la construction du Michkan, o\u00f9 Moch\u00e9 a demand\u00e9 \u00e0 tous les Bnei Israel de verser un demi-shekel pour financer les socles qui soutiennent les poutres du Michkan, nous invitons tous les boulonnais, hommes, femmes et enfants, \u00e0 contribuer aux fondations du Centre Culturel.<\/p>\n<p>La liste de tous les contributeurs sera affich\u00e9e pour que chacun puisse dire qu&rsquo;il a fait partie des fondateurs.<\/p>\n<p>Le montant est unique pour que dans cette phase, chacun puisse avoir une part \u00e9gale \u00e0 son voisin, quels que soient ses moyens et sa g\u00e9n\u00e9rosit\u00e9, chacun \u00e0 part \u00e9gale.<\/p>\n<p>Nous invitons donc tous les fid\u00e8les de notre communaut\u00e9 \u00e0 participer et surtout \u00e0 inviter tous nos coreligionnaires, familles, amis, voisins \u00e0 participer aussi au projet.<\/p>\n<p>Ainsi nous aurons collectivement le m\u00e9rite de r\u00e9pondre \u00e0 l&rsquo;injonction divine de la Paracha T\u00e9rouma :<br \/>\n\u00ab\u00a0\u05d5\u05b0\u05e2\u05b8\u05e9\u05c2\u05d5\u05bc \u05dc\u05b4\u05d9, \u05de\u05b4\u05e7\u05b0\u05d3\u05bc\u05b8\u05e9\u05c1; \u05d5\u05b0\u05e9\u05c1\u05b8\u05db\u05b7\u05e0\u05b0\u05ea\u05bc\u05b4\u05d9, \u05d1\u05bc\u05b0\u05ea\u05d5\u05b9\u05db\u05b8\u05dd.\u00a0\u00bb &#8211; \u00ab\u00a0<em>Et ils me construiront un sanctuaire, pour que je r\u00e9side au milieu d&rsquo;eux<\/em>\u00a0\u00bb <strong>Amen<\/strong> !<\/p>\n<p>Robert Ejnes<br \/>\nPr\u00e9sident<\/p>\n<p><strong>Mobilisons-nous :<\/strong><br \/>\n<a href=\"https:\/\/www.helloasso.com\/associations\/acjbb-2\/collectes\/les-fondations-du-centre-culturel-juif-de-boulogne\/\" target=\"_blank\" rel=\"noopener noreferrer\">Je participe \u00e0 la collecte des fondations du Centre Culturel Juif<\/a> !<\/p>\n<hr \/>\n<h3><strong><span style=\"text-decoration: underline;\">Participez \u00e0 l&rsquo;\u00e9criture d&rsquo;un Sefer Torah \u00e0 la m\u00e9moire d&rsquo;Elie Botbol :<\/span><br \/>\n<\/strong><\/h3>\n<p>L&rsquo;office pour la fin de l&rsquo;ann\u00e9e (11 mois) de notre ami Elie Botbol (\u05d6\u05f4\u05dc) aura lieu le <strong>23 septembre \u00e0 19h30<\/strong> \u00e0 la Synagogue Nitsanim, rue Asher dans le quartier de Baka \u00e0 J\u00e9rusalem.<\/p>\n<p>La Communaut\u00e9 juive de Boulogne-Billancourt, s&rsquo;associe au projet de la famille d&rsquo;Elie (\u05d6\u05f4\u05dc) et vous propose de participer \u00e0 l&rsquo;\u00e9criture du Sefer Tora qui sera \u00e9crit \u00e0 la m\u00e9moire et pour l&rsquo;\u00e9l\u00e9vation de l&rsquo;\u00e2me de notre cher ami <strong>Eliahou ben Aaron ve Ra&rsquo;hel BOTBOL<\/strong> (\u05d6\u05f4\u05dc)<\/p>\n<p><img decoding=\"async\" class=\"wp-image-2450 size-full aligncenter\" src=\"https:\/\/acjbb-sud.org\/wp-content\/uploads\/2019\/02\/ecrire-Sefer-Torah.jpg\" alt=\"\" width=\"500\" srcset=\"https:\/\/acjbb-sud.org\/wp-content\/uploads\/2019\/02\/ecrire-Sefer-Torah.jpg 586w, https:\/\/acjbb-sud.org\/wp-content\/uploads\/2019\/02\/ecrire-Sefer-Torah-300x222.jpg 300w\" sizes=\"(max-width: 586px) 100vw, 586px\" \/><\/p>\n<p>Le Sefer Tora sera inaugur\u00e9 sDv pour \u00e0 l&rsquo;issue de la premi\u00e8re ann\u00e9e de deuil.<br \/>\nChaque lettre est \u00e0 acqu\u00e9rir pour un montant de 52\u20ac, et donne droit \u00e0 un re\u00e7u Cerfa.<br \/>\nVous pouvez acqu\u00e9rir une ou plusieurs lettres, un Passouk ou une Paracha dans ce Sefer Tora.<\/p>\n<p><strong>Tizkou leMitsvoth !<\/strong><\/p>\n<p><a href=\"https:\/\/synaboulogne.us12.list-manage.com\/track\/click?u=f13343cbc4710ddbadcdef23f&amp;id=17d6042aa0&amp;e=744d346afc\" target=\"_blank\" rel=\"noopener noreferrer\">Je participe au Sefer Tora \u00e0 la m\u00e9moire d&rsquo;Elie Botbol (\u05d6\u05f4\u05dc)<\/a><\/p>\n<hr \/>\n<h3><strong><span style=\"text-decoration: underline;\">\u00ab Les AMIS de la REFOUA \u00bb &#8211; Visite aux malades :<\/span><br \/>\n<\/strong><\/h3>\n<p style=\"text-align: justify;\">Des b\u00e9n\u00e9voles de Boulogne proposent aux personnes qui le demandent : l&rsquo;organisation d&rsquo;une chaine de lecture de T\u00e9hilims pour la gu\u00e9rison de nos malades, de prendre de leurs nouvelles et leur rendre visite dans les h\u00f4pitaux.<br \/>\nCes actions se font dans la plus grande discr\u00e9tion et s&rsquo;inscrivent dans le cadre du b\u00e9n\u00e9volat.<br \/>\nVous pourrez joindre &#8211; <em>les AMIS de la REFOUA<\/em> &#8211; au 06.03.75.34.15, ou par courriel \u00e0 : <a href=\"mailto:israelalbert1@gmail.com\">israelalbert1@gmail.com<\/a><br \/>\nVous pouvez aussi faire partie de ces b\u00e9n\u00e9voles, nous vous remercions par avance.<\/p>\n<hr \/>\n<h3><strong><span style=\"text-decoration: underline;\">Information ACJBB Boulogne Sud :<\/span><br \/>\n<\/strong><\/h3>\n<p style=\"text-align: justify;\">Retrouvez toutes les informations de l\u2019office sur : <a href=\"http:\/\/www.acjbb-sud.org\" target=\"_blank\" rel=\"noopener noreferrer\">www.acjbb-sud.org<\/a>.<br \/>\nSi vous souhaitez recevoir par mail la newsletter de l&rsquo;office, inscrivez-vous en nous envoyant un mail \u00e0 <a href=\"mailto:officeboulognesud@gmail.com\">officeboulognesud@gmail.com<\/a>.<br \/>\nRetrouvez \u00e9galement toutes les informations sur la page Facebook de l&rsquo;office : <a href=\"http:\/\/facebook.com\/acjbbsud\" target=\"_blank\" rel=\"noopener noreferrer\">facebook.com\/acjbbsud<\/a> et sur Twitter : <a href=\"http:\/\/twitter.com\/acjbbsud\" target=\"_blank\" rel=\"noopener noreferrer\">twitter.com\/acjbbsud<\/a>.<\/p>\n<hr \/>\n<h3><strong><span style=\"text-decoration: underline;\">S\u00e9curit\u00e9 SPCJ :<\/span><br \/>\n<\/strong><\/h3>\n<p style=\"text-align: justify;\"><strong>La s\u00e9curit\u00e9 est l&rsquo;affaire de tous ! Le SPCJ a besoin de chacun d&rsquo;entre nous !<\/strong><br \/>\nLa protection de la vie communautaire est plus que jamais l&rsquo;affaire de tous ! Vous en \u00eates les premiers acteurs ! Votre mobilisation est essentielle et n\u00e9cessaire !<br \/>\nSi vous souhaitez nous aider \u00e0 assurer la protection de l&rsquo;office, rapprochez-vous de nous !<br \/>\nPlus nous serons nombreux \u00e0 nous mobiliser et assurer des relais de garde, plus nous passerons du temps \u00e0 prier !<\/p>\n<hr \/>\n<h3><strong><span style=\"text-decoration: underline;\">R\u00e9servation des espaces communautaires :<\/span><br \/>\n<\/strong><\/h3>\n<p style=\"text-align: justify;\">Vous souhaitez organiser une manifestation (Brith-Mila, Bar-Mitsvah et Bat-Mitsvah, Mariage, Azkara, Soir\u00e9e Mikv\u00e9 Kala, etc&#8230; ) dans les espaces de la <strong>Synagogue de Boulogne<\/strong>, 43 rue des Abondances, contactez M. Alain Chicheportiche 06.95.62.58.41 &#8211; <a href=\"mailto:alainchicheportiche92@gmail.com\">alainchicheportiche92@gmail.com<\/a><\/p>\n<p style=\"text-align: justify;\">Vous souhaitez r\u00e9server la salle de <strong>Boulogne Sud<\/strong>, 134 bis rue du point du jour Boulogne Billancourt, contactez M. Patrick Sebban 06.03.02.30.78 &#8211; <a href=\"mailto:patrick.sebban2@paris.fr\">patrick.sebban2@paris.fr<\/a><\/p>\n<hr \/>\n<h3><strong><span style=\"text-decoration: underline;\">Mikv\u00e9 :<\/span><br \/>\n<\/strong><\/h3>\n<p><strong><em>Mikv\u00e9 pour les femmes<\/em><\/strong><br \/>\nLe Mikv\u00e9 est ouvert tous les soirs, du dimanche au jeudi 10 minutes avant l\u2019heure de la fin du Chabbat pr\u00e9c\u00e9dent, pendant 1h30.<br \/>\nLe samedi soir, le mikv\u00e9 ouvre 1h apr\u00e8s la fin de Chabbat, pendant 1h30.<br \/>\nPour les vendredis soirs et soirs de f\u00eate, prendre rendez-vous avec Mme Kassabi, au moins 2 jours avant au 06.22.76.15.04<\/p>\n<p><strong><em>Mikv\u00e9 vaisselle<\/em><\/strong><br \/>\nLe Mikv\u00e9 K\u00e9lim est ouvert tous les matins du dimanche au vendredi depuis l&rsquo;heure de la T\u00e9fila jusqu&rsquo;\u00e0 midi.<\/p>\n<hr \/>\n<h3><strong><span style=\"text-decoration: underline;\">Faire un don :<\/span><br \/>\n<\/strong><\/h3>\n<p style=\"text-align: justify;\">Pour faire vivre et participer activement \u00e0 cet office, <a href=\"http:\/\/www.acjbb-sud.org\/index.php\/faire-un-don\/\" target=\"_blank\" rel=\"noopener noreferrer\">faites un don<\/a> par internet ou envoyez vos ch\u00e8ques au <strong>134 bis rue du Point du Jour<\/strong>. Toutes les participations sont bienvenues, <em>les petits ruisseaux faisant de grandes rivi\u00e8res<\/em>, nous parviendrons, tous ensemble, \u00e0 faire vivre l\u2019Office de Boulogne Sud.<\/p>\n<p>Tizkou L\u00e9-Mitsvot !!<\/p>\n<hr \/>\n<h3><strong><span style=\"text-decoration: underline;\">Dons pour le Centre Culturel de Boulogne Billancourt :<\/span><br \/>\n<\/strong><\/h3>\n<p style=\"text-align: justify;\">Le nouveau centre culturel sera situ\u00e9 \u00e0 l&rsquo;angle des rues Marcel Dassault et d&rsquo;Anjou.<\/p>\n<p style=\"text-align: justify;\">Il comprendra notamment :<\/p>\n<ul>\n<li>Une Synagogue<\/li>\n<li>Le Centre Communautaire (CCIBB)<\/li>\n<li>Une salle polyvalente<\/li>\n<li>Une salle des f\u00eates<\/li>\n<li>Et un Mikv\u00e9<\/li>\n<\/ul>\n<p>Vous pouvez consulter la <a href=\"https:\/\/fr.calameo.com\/read\/00057892520c64798775e\" target=\"_blank\" rel=\"noopener noreferrer\">plaquette de pr\u00e9sentation du Centre Culturel de Boulogne<\/a><\/p>\n<p style=\"text-align: justify;\"><img decoding=\"async\" class=\"aligncenter wp-image-778 size-full\" src=\"http:\/\/acjbb-sud.org\/wp-content\/uploads\/2017\/06\/Acjbb-construction-1.png\" alt=\"\" width=\"600\" srcset=\"https:\/\/acjbb-sud.org\/wp-content\/uploads\/2017\/06\/Acjbb-construction-1.png 684w, https:\/\/acjbb-sud.org\/wp-content\/uploads\/2017\/06\/Acjbb-construction-1-300x202.png 300w, https:\/\/acjbb-sud.org\/wp-content\/uploads\/2017\/06\/Acjbb-construction-1-445x300.png 445w\" sizes=\"(max-width: 684px) 100vw, 684px\" \/><\/p>\n<h3 class=\"m_-5277437730878633356null\"><span style=\"color: #0000ff;\"><strong>Etat du dossier<\/strong><\/span><\/h3>\n<p><strong>Les travaux ont commenc\u00e9 !!!<\/strong><\/p>\n<p><img decoding=\"async\" class=\"wp-image-2915 size-full aligncenter\" src=\"https:\/\/acjbb-sud.org\/wp-content\/uploads\/2019\/08\/IMG-20190827-WA0007.jpg\" alt=\"\" width=\"600\" srcset=\"https:\/\/acjbb-sud.org\/wp-content\/uploads\/2019\/08\/IMG-20190827-WA0007.jpg 1600w, https:\/\/acjbb-sud.org\/wp-content\/uploads\/2019\/08\/IMG-20190827-WA0007-300x225.jpg 300w, https:\/\/acjbb-sud.org\/wp-content\/uploads\/2019\/08\/IMG-20190827-WA0007-768x576.jpg 768w, https:\/\/acjbb-sud.org\/wp-content\/uploads\/2019\/08\/IMG-20190827-WA0007-1024x768.jpg 1024w\" sizes=\"(max-width: 1600px) 100vw, 1600px\" \/><\/p>\n<p>Vous avez une occasion unique d&rsquo;inscrire votre nom, celui de vos familles, celui de vos disparus, dans un projet qui marquera l&rsquo;avenir de la vie juive \u00e0 Boulogne-Billancourt.<\/p>\n<p><img decoding=\"async\" class=\"aligncenter\" src=\"https:\/\/acjbb-sud.org\/wp-content\/uploads\/2018\/07\/Centre-Culturel-juif-Boulogne-Billancourt-Synagogue.jpg\" alt=\"\" width=\"600\" \/><\/p>\n<p><img decoding=\"async\" class=\"aligncenter\" src=\"https:\/\/acjbb-sud.org\/wp-content\/uploads\/2018\/07\/Centre-Culturel-juif-Boulogne-Billancourt-Synagogue-2.jpg\" alt=\"\" width=\"600\" \/><\/p>\n<p style=\"text-align: justify;\">Devenez acteur du devenir de la vie juive \u00e0 Boulogne en faisant un don pour la construction du Centre Culturel de Boulogne. Vous pouvez d\u00e9cider de diriger votre don vers la synagogue ACJBB ou vers le CCIBB, en nous l&rsquo;indiquant par message.<\/p>\n<p>Si vous avez des question, <a href=\"mailto:synamail@acjbb.com?subject=&quot;Question sur la construction du Centre culturel&quot;\">envoyez-nous un message<\/a> !<\/p>\n<p><a href=\"https:\/\/www.helloasso.com\/associations\/acjbb-2\/collectes\/construction-du-centre-juif-de-boulogne\" target=\"_blank\" rel=\"noopener noreferrer\">Je participe \u00e0 la collecte pour la construction<\/a><\/p>\n<hr \/>\n<h3><strong><span style=\"text-decoration: underline;\">Dvar Thorah et enseignements :<\/span><br \/>\n<\/strong><\/h3>\n<p><em><strong>par le Rav Mika\u00ebl Mouyal<\/strong><\/em><\/p>\n<p style=\"text-align: justify;\"><em>L\u00e9\u00eflouy Nichmat Avraham Ben Mikha\u00ebl, &lsquo;Ha\u00ef Victor Ben Yakouta, Jaqueline Bat Esther et Paula Yakouta Bat Rosette<\/em><\/p>\n<h3 style=\"text-align: center;\"><strong>Le coin &lsquo;Hidouchim<\/strong><\/h3>\n<h4><strong>\u00ab Lorsque tu sortiras en guerre contre tes ennemis, Hachem ton D.ieu te le livrera entre tes mains \u00bb (21, 10) :<\/strong><\/h4>\n<p style=\"text-align: justify;\">Ce verset indique que la victoire de la guerre viendra d&rsquo;Hachem, quand tu iras en guerre. Mais dans la Paracha de B\u00e9ha&rsquo;alotekha il est dit qu&rsquo;en cas de guerre, \u201cvous sonnerez des trompettes\u201d. Ainsi, pourquoi notre verset n&rsquo;indique pas qu&rsquo;il faille sonner des trompettes !<br \/>\nC&rsquo;est que la Paracha de B\u00e9ha&rsquo;alotekha parle d&rsquo;une guerre de d\u00e9fense, quand tu feras la guerre contre l&rsquo;ennemi qui viendra en premier t&rsquo;attaquer. Dans ce cas, le danger est plus grand, car l&rsquo;ennemi est venu le premier et tu te retrouves menac\u00e9 . C&rsquo;est pourquoi, il est n\u00e9cessaire d&rsquo;utiliser les grands moyens, comme le fait de sonner des trompettes. En revanche, notre verset parle d&rsquo;une guerre que les Juifs entreprendront en premier, \u00ab lorsque tu sortiras en guerre \u00bb. Dans ce cas, c&rsquo;est toi qui as l&rsquo;avantage. D\u00e8s lors, il n&rsquo;est pas n\u00e9cessaire de sonner les trompettes pour contribuer \u00e0 la victoire. Hachem te le livrera d&#8217;embl\u00e9e entre tes mains. (Rabbi de Kotsk)<\/p>\n<h4><strong>\u00ab Pour que tu connaisses le bien et que ta vie se prolonge \u00bb (22, 7) :<\/strong><\/h4>\n<p style=\"text-align: justify;\">Nos Sages enseignent que cette r\u00e9compense \u00e0 \u00e9t\u00e9 promise pour une Mitsva tr\u00e8s difficile (et tr\u00e8s importante) : le respect des parents, et aussi pour une Mitsva tr\u00e8s simple (et plus l\u00e9g\u00e8re) : chasser la m\u00e8re des oisillons et prendre les petits. Ils en d\u00e9duisent qu&rsquo;il faut donc accomplir toutes les Mitsvot, les importantes et celles qui le sont moins. Mais on peut se demander pourquoi finalement la m\u00eame r\u00e9compense concerne une Mitsva tr\u00e8s lourde autant qu&rsquo;une Mitsva plus l\u00e9g\u00e8re ?!<br \/>\nC&rsquo;est que quand une Mitsva para\u00eet l\u00e9g\u00e8re et semble ne pas avoir beaucoup d&rsquo;importance, les gens risqueraient de ne pas tellement s&rsquo;y consacrer. Il est naturel de chercher \u00e0 faire ce qui est important plus que ce qui l&rsquo;est moins. Et cela m\u00eame, conf\u00e8re une certaine difficult\u00e9 d&rsquo;accomplir ces Mitsvot plus l\u00e9g\u00e8res, car on les d\u00e9laisse naturellement. C&rsquo;est cette difficult\u00e9 qui rehausse leur r\u00e9compense au niveau de celle des Mitsvot plus importantes. (Sefat Emet)<\/p>\n<h4><strong>\u00ab Un Amoni et un Moavi n&rsquo;int\u00e9grera pas l&rsquo;assembl\u00e9e d&rsquo;Hachem&#8230; Ils ne t&rsquo;ont pas devanc\u00e9 par du pain et de l&rsquo;eau&#8230; \u00bb (23, 4-5) :<\/strong><\/h4>\n<p style=\"text-align: justify;\">Pourquoi leur reprocher de ne pas t&rsquo;avoir devanc\u00e9 par de la nourriture ? Cela suffit d\u00e9j\u00e0 de signaler qu&rsquo;ils ne t&rsquo;ont pas donn\u00e9 du pain !<br \/>\nEn fait, le monde a \u00e9t\u00e9 cr\u00e9\u00e9 pour que le peuple Juif y accomplisse la Thora. Ainsi, tous les bienfaits qui viennent au monde, descendent avant tout pour le peuple d&rsquo;Isra\u00ebl, et ensuite, ils sont distribu\u00e9s au reste du monde. L&rsquo;erreur de Amon et Moav, c&rsquo;est qu&rsquo;ils n&rsquo;ont pas compris cette pr\u00e9s\u00e9ance d&rsquo;Isra\u00ebl. Ainsi, en ne leur donnant pas du pain et de l&rsquo;eau, ils n&rsquo;ont pas exprim\u00e9 leur gratitude vis \u00e0 vis d&rsquo;Isra\u00ebl, alors que tout ce que re\u00e7oit l&rsquo;humanit\u00e9 vient \u00e0 l&rsquo;origine gr\u00e2ce \u00e0 eux. \u00ab Ils ne t&rsquo;ont pas devanc\u00e9 \u00bb, c&rsquo;est \u00e0 dire qu&rsquo;ils ne t&rsquo;ont pas plac\u00e9 avant le reste, en premier. Ils n&rsquo;ont pas compris que toute la b\u00e9n\u00e9diction du monde vient tout d&rsquo;abord et avant tout pour le peuple Juif. Et cela a entra\u00een\u00e9 qu&rsquo;ils ne t&rsquo;ont pas donn\u00e9 du pain et de l&rsquo;eau, pour te montrer leur reconnaissance. (Kedouchat Levi)<\/p>\n<h4><strong>\u00ab Il lui \u00e9crira un livre de rupture \u00bb (24, 1) :<\/strong><\/h4>\n<p style=\"text-align: justify;\">Il s&rsquo;agit de l&rsquo;acte de divorce, qui s&rsquo;appelle commun\u00e9ment le \u201cGuet (\u05d2\u05d8)\u201d. Mais pourquoi un tel nom ?<br \/>\nEn fait, les deux lettres de ce mot, \u00e0 savoir le \u05d2 et le \u05d8, sont deux lettres qui ne se trouvent jamais l&rsquo;un \u00e0 c\u00f4t\u00e9 de l&rsquo;autre dans aucun mot de tous les livres de la Bible. Ainsi, la combinaison de ces deux lettres \u00e9voque bien l&rsquo;impossibilit\u00e9 de l&rsquo;union. C&rsquo;est pourquoi, c&rsquo;est ainsi que l&rsquo;on appelle l&rsquo;acte du divorce, qui vient justement rompre l&rsquo;union. (Gaon de Vilna)<\/p>\n<h4><strong>\u00ab Le jour m\u00eame tu donneras sa paie (de ton employ\u00e9)&#8230;, car il est pauvre&#8230; et il n&rsquo;implorera pas Hachem sur toi \u00bb (24, 15) :<\/strong><\/h4>\n<p style=\"text-align: justify;\">Le sens simple de ce verset est que l&rsquo;on doit payer le salaire de son employ\u00e9 le jour m\u00eame, pour ne pas que dans la d\u00e9tresse de sa pauvret\u00e9, il n&rsquo;implore Hachem \u201csur toi\u201d, c&rsquo;est \u00e0 dire contre toi. Ce verset conclue : \u00ab Et ce sera pour toi une faute \u00bb, d&rsquo;avoir entra\u00een\u00e9 sa d\u00e9tresse. Mais on peut expliquer ce verset autrement. Quand quelqu&rsquo;un est pauvre et manque du n\u00e9cessaire, cela le trouble et le perturbe, et il ne peut plus servir Hachem sereinement. Une des cons\u00e9quences de cela est que ses pri\u00e8res r\u00e9guli\u00e8res manqueront de ferveur et de clart\u00e9, car il sera perturb\u00e9 par ses besoins qui lui manquent. Ainsi, la Thora recommande de payer le salaire de son employ\u00e9 le jour m\u00eame , car comme il est pauvre, s&rsquo;il lui manque le n\u00e9cessaire, \u00ab il n&rsquo;implorera pas Hachem sur toi \u00bb, c&rsquo;est \u00e0 dire qu&rsquo;il ne pourra pas implorer Hachem et prier vers lui sereinement. Sa pri\u00e8re en sera perturb\u00e9e. Et cela sera \u201csur toi\u201d, \u00e0 comprendre dans le sens de \u201c\u00e0 cause de toi\u201d. A cause du fait que tu ne l&rsquo;auras pas pay\u00e9, il sera pr\u00e9occup\u00e9 par ses besoins, et \u00e0 cause de toi, il ne pourra pas prier comme il se doit. \u00ab Et ce sera pour toi une faute \u00bb, c&rsquo;est \u00e0 dire que le fait d&rsquo;avoir provoqu\u00e9 qu&rsquo;il ne puisse pas prier convenablement, cela aussi te sera compt\u00e9 comme une faute. Et sur ce d\u00e9tail aussi, tu devras rendre des comptes. (Imr\u00e9 Chafer)<\/p>\n<h4><strong>\u00ab Ton fr\u00e8re sera d\u00e9grad\u00e9 \u00e0 tes yeux \u00bb (25, 3) :<\/strong><\/h4>\n<p style=\"text-align: justify;\">Ce verset parle de l&rsquo;homme qui est frapp\u00e9 de 39 coups de fouets pour avoir commis certaines fautes. Mais pourquoi pr\u00e9ciser \u201c\u00e0 tes yeux\u201d ? S&rsquo;il est d\u00e9grad\u00e9 par ces coups devant toi, il est donc \u00e9vident qu&rsquo;il est d\u00e9grad\u00e9 \u00e0 tes yeux ! Qu&rsquo;est-ce que cela nous apprend ?<br \/>\nEn fait, nos Sages expliquent que les mots \u201cton fr\u00e8re\u201d de ce verset indiquent que m\u00eame si jusqu&rsquo;\u00e0 pr\u00e9sent, il \u00e9tait un impie, \u00e0 pr\u00e9sent qu&rsquo;il re\u00e7oit sa sanction, il redevient \u201cton fr\u00e8re\u201d et sa faute est expi\u00e9e. Seulement, pourquoi doit-on absolument attendre qu&rsquo;il re\u00e7oive sa sanction pour le voir comme son fr\u00e8re ? Puisque le repentir expie les fautes, alors s&rsquo;il s&rsquo;est repenti avant d&rsquo;\u00eatre frapp\u00e9, il redevient ton fr\u00e8re d\u00e9j\u00e0 par son repentir ! Seulement, comme le repentir s&rsquo;effectue dans le coeur de l&rsquo;homme, et que l&rsquo;\u00eatre humain ne voit qu&rsquo;avec ses yeux, qui ne voient pas les coeurs, c&rsquo;est pourquoi, on ne peut jamais savoir si le fauteur s&rsquo;est bien repenti. Il faudra donc attendre qu&rsquo;il re\u00e7oive les coups. Ainsi, \u00ab ton fr\u00e8re sera d\u00e9grad\u00e9 \u00bb, c&rsquo;est \u00e0 dire qu&rsquo;il ne deviendra ton fr\u00e8re que quand il sera d\u00e9grad\u00e9 par les coups et pas avant, m\u00eame s&rsquo;il s&rsquo;est repenti. La raison est : \u00ab \u00e0 tes yeux \u00bb, et son repentir n&rsquo;est pas visible \u201c\u00e0 tes yeux\u201d. (Ketav Sofer)<\/p>\n<h3 style=\"text-align: center;\"><strong>Le coin \u00e9tude<\/strong><\/h3>\n<p style=\"text-align: justify;\">Un enfant rebelle qui d\u00e9sob\u00e9it \u00e0 ses parents et passe son temps \u00e0 dilapider leur argent pour se goinfrer, la Thora fixe que, si certaines conditions sont remplies, il doit \u00eatre ex\u00e9cut\u00e9. Nos Sages en expliquent la raison et disent qu&rsquo;un tel enfant finira de fa\u00e7on s\u00fbre par commettre les pires m\u00e9faits et en viendra m\u00eame \u00e0 commettre des crimes. Aussi, il est pr\u00e9f\u00e9rable de le tuer \u00e0 pr\u00e9sent qu&rsquo;il n&rsquo;a pas encore commis tous ces crimes, plut\u00f4t que d&rsquo;attendre qu&rsquo;il grandisse et qu&rsquo;il meurt avec tous ces m\u00e9faits \u00e0 son actif.<br \/>\nLe Talmud pr\u00e9cise que si ses parents lui pardonnent sa r\u00e9bellion et renoncent \u00e0 ce qu&rsquo;on le tue, il sera alors \u00e9pargn\u00e9 de la mort. Mais on peut s&rsquo;interroger. Cet enfant s&rsquo;est certes r\u00e9volt\u00e9 contre ses parents. Mais ce n&rsquo;est pas pour cela qu&rsquo;on le tue. C&rsquo;est parce qu&rsquo;il va finir par commettre de graves fautes et qu&rsquo;il est pr\u00e9f\u00e9rable qu&rsquo;il meurt innocent. Ainsi, pourquoi le pardon des parents peut-il l&rsquo;innocenter ?<br \/>\nPour r\u00e9pondre \u00e0 cette question, il convient d&rsquo;en poser une autre. D&rsquo;o\u00f9 nos Sages ont-ils la force d&rsquo;affirmer que cet enfant finira par mourir avec de graves fautes, pour le condamner \u00e0 mort avant que cela n&rsquo;advienne ? Pourquoi ne pas imaginer qu&rsquo;il fera peut-\u00eatre Techouva (repentir) et qu&rsquo;il am\u00e9liorera son comportement ? Beaucoup de tr\u00e8s grands impies se sont d\u00e9j\u00e0 repentis ! Pourquoi pas lui ?<br \/>\nEn fait, le Midrach Tan&rsquo;houma dit que la Techouva n&rsquo;est efficace que pour les Juifs, mais pas pour les non-Juifs. Pour quelle raison ?<br \/>\nCela para\u00eet tr\u00e8s surprenant ! C&rsquo;est que les Juifs sont des descendants de Avraham, Yits&rsquo;hak et Yaacov, et ont h\u00e9rit\u00e9 de ces grands Justes des forces et des qualit\u00e9s d&rsquo;une tr\u00e8s hautes saintet\u00e9 qui doivent normalement l&#8217;emp\u00eacher de fauter. Ainsi, s&rsquo;il faute malgr\u00e9 tout, c&rsquo;est qu&rsquo;il s&rsquo;est momentan\u00e9ment laiss\u00e9 aller \u00e0 des actes qui s&rsquo;opposent \u00e0 son h\u00e9ritage spirituel. La faute ne peut \u00eatre que superficielle, puisque son int\u00e9riorit\u00e9 r\u00e9elle, c&rsquo;est cet h\u00e9ritage ancestral. De ce fait, il est tr\u00e8s probable de pr\u00e9sumer que son int\u00e9riorit\u00e9 finira par reprendre le dessus, pour chasser le mal accidentel o\u00f9 il s&rsquo;est laiss\u00e9 aller. Son repentir sera alors efficace, puisqu&rsquo;il ne consistera qu&rsquo;\u00e0 r\u00e9tablir la situation normale qui est son appartenance aux forces qu&rsquo;il a h\u00e9rit\u00e9es des patriarches. Mais un individu appartenant aux autres nations, qui ne descendent pas des saints patriarches (m\u00eame Ichma\u00ebl et Essav, nos Ma\u00eetres disent qu&rsquo;ils n&rsquo;appartiennent pas \u00e0 l&rsquo;h\u00e9ritage des anc\u00eatres), s&rsquo;il commet une faute, celle-ci n&rsquo;est pas chass\u00e9e et repouss\u00e9e par une int\u00e9riorit\u00e9 tr\u00e8s haute h\u00e9rit\u00e9e des patriarches, puisqu&rsquo;ils ne sont pas d\u00e9positaires d&rsquo;un tel h\u00e9ritage. Une telle faute s&rsquo;enracine donc au fond de l&rsquo;\u00e2me et le repentir ne peut intervenir. C&rsquo;est ainsi que le terme Techouva, qui veut dire litt\u00e9ralement \u201cretour\u201d, indique que par la Techouva, on revient \u00e0 la situation d&rsquo;origine, qui est cet h\u00e9ritage sacr\u00e9. Mais ceux qui n&rsquo;ont pas re\u00e7u ce patrimoine, ne peuvent donc pas y revenir. La Techouva n&rsquo;a donc pas alors sa place. Ainsi, toute la r\u00e9alit\u00e9 de la Techouva d\u00e9pend de la cha\u00eene qui relie le Juif \u00e0 ses saints anc\u00eatres. De ce fait, en se r\u00e9voltant contre ses parents, l&rsquo;enfant rebelle s&rsquo;est d\u00e9connect\u00e9 de son lien avec eux. Par cela, la cha\u00eene qui le relie aux patriarches a \u00e9t\u00e9 rompue. Son repentir ne peut donc \u00eatre v\u00e9ritable et r\u00e9el, puisqu&rsquo;il lui manque cette int\u00e9riorit\u00e9 qu&rsquo;un Juif re\u00e7oit de p\u00e8re en fils en remontant jusqu&rsquo;aux patriarches, et qui est \u00e0 la base de la validit\u00e9 du repentir ; car c&rsquo;est justement vers cette int\u00e9riorit\u00e9 que l&rsquo;homme revient quand il se repent. C&rsquo;est pourquoi, nos Sages ne prennent pas en compte l&rsquo;\u00e9ventualit\u00e9 qu&rsquo;il se repente.<br \/>\nMais, quand ses parents lui pardonnent sa r\u00e9volte, et qu&rsquo;ils le rapprochent d&rsquo;eux, malgr\u00e9 sa volont\u00e9 de s&rsquo;\u00e9loigner, ce pardon m\u00eame permet de r\u00e9tablir et de le rattacher \u00e0 cette cha\u00eene sacr\u00e9e qui remonte jusqu&rsquo;aux patriarches. Par ce lien, il sera lui aussi d\u00e9positaire de l&rsquo;h\u00e9ritage de nos anc\u00eatres, de cet int\u00e9riorit\u00e9 tr\u00e8s \u00e9lev\u00e9e qui rend toute faute superficielle, accidentelle et donc provisoire. Dans un tel contexte, il est clair qu&rsquo;\u00e0 pr\u00e9sent, sa Techouva devra \u00eatre prise en compte. S&rsquo;il en est ainsi, m\u00eame si \u00e0 pr\u00e9sent il se comporte mal et qu&rsquo;il commet des actes qui risquent naturellement de d\u00e9boucher sur de graves crimes, malgr\u00e9 tout, il faut d\u00e9sormais envisager s\u00e9rieusement que ce jeune homme fera certainement Techouva et ne mourra pas apr\u00e8s s&rsquo;\u00eatre rendu coupable par de graves crimes. Et d\u00e8s lors que le repentir est pris en compte, il est clair qu&rsquo;on ne peut plus le tuer.<\/p>\n<h3 style=\"text-align: center;\"><strong>Le coin Halakha<\/strong><\/h3>\n<p style=\"text-align: justify;\">Tout ce dont la Halakha impose de r\u00e9citer la b\u00e9n\u00e9diction finale \u00e0 l&rsquo;endroit du repas, c&rsquo;est quand on a mang\u00e9 du pain, ou encore un aliment constitu\u00e9 d&rsquo;un (ou plus) des 5 types de c\u00e9r\u00e9ale, dont la b\u00e9n\u00e9diction est M\u00e9zonot (comme un g\u00e2teau par exemple). Mais si on a consomm\u00e9 un autre aliment et qu&rsquo;on a quitt\u00e9 l&rsquo;endroit de la consommation, on pourra alors r\u00e9citer la b\u00e9n\u00e9diction finale l\u00e0 o\u00f9 on se<br \/>\ntrouve, m\u00eame si on a quitt\u00e9 l&rsquo;endroit de la consommation d\u00e9lib\u00e9r\u00e9ment. Malgr\u00e9 tout, si on a consomm\u00e9 un des fruits d&rsquo;Isra\u00ebl, on essaiera \u00e0 priori de r\u00e9citer la b\u00e9n\u00e9diction finale \u00e0 l&rsquo;endroit de la consommation. Mais cela n&rsquo;est qu&rsquo;une mesure de rigueur. Ainsi, si on a quitt\u00e9 l&rsquo;endroit de la consommation, il n&rsquo;y aura aucune obligation de revenir pour r\u00e9citer la b\u00e9n\u00e9diction finale. On ne r\u00e9citera la b\u00e9n\u00e9diction finale pour n&rsquo;importe quel aliment, que si on en a consomm\u00e9 au moins un Kaza\u00eft (environ 30 g). Si on a oubli\u00e9 si on a r\u00e9cit\u00e9 la b\u00e9n\u00e9diction finale, en ce qui concerne le Birkat Hamazone, si c&rsquo;est un homme, et qu&rsquo;il a \u00e9t\u00e9 rassasi\u00e9 de son repas, il devra le r\u00e9citer pour sortir du doute. Mais une femme s&rsquo;abstiendra. De m\u00eame, pour les autres b\u00e9n\u00e9dictions, on s&rsquo;abstiendra en cas de doute.<\/p>\n<h3 style=\"text-align: center;\"><strong>Le coin histoire<\/strong><\/h3>\n<p style=\"text-align: justify;\">Une ann\u00e9e, dans la Y\u00e9chiva de Mir, un des jeunes \u00e9tudiants quitta la synagogue en plein milieu de la pri\u00e8re de Kippour, pour y revenir quelque temps plus tard, v\u00eatu d&rsquo;habits destin\u00e9s aux jours profanes. Quelques jours plus tard, un de ses amis lui demanda pourquoi \u00e9tait-il all\u00e9 se changer, pourquoi avait-t-il enlev\u00e9 ses v\u00eatements de f\u00eate pour mettre des v\u00eatements de semaine.<br \/>\nIl r\u00e9pondit : \u00ab Quand je priais, je ressentis que ma pri\u00e8re n&rsquo;\u00e9tait pas fluide, j&rsquo;avais du mal \u00e0 me concentrer et \u00e0 ressentir ce que je disais. J&rsquo;ai m\u00eame pris un livre de morale pour m&rsquo;aider \u00e0 \u00e9veiller mon coeur, mais en vain. Alors, je me suis rappel\u00e9 que nos Ma\u00eetres disent que le fait de porter un habit qui contient du Chaatnez (m\u00e9lange de lin et de laine), cela emp\u00eache la pri\u00e8re de monter. Je me suis dit que peut-\u00eatre mon nouveau costume contenait un tel m\u00e9lange. Je suis donc rentr\u00e9 me changer. Et l\u00e0, je commen\u00e7ais \u00e0 ressentir de la ferveur dans ma pri\u00e8re. Apr\u00e8s Kippour, je fis v\u00e9rifier le costume, et il contenait bien du Chaatnez&#8230;<br \/>\nCe r\u00e9cit montre l&rsquo;importance de respecter l&rsquo;interdit de Chaatnez. Un tel habit emp\u00eache les pri\u00e8res de monter. Mais aussi on voit que celui qui est sensible peut m\u00eame arriver \u00e0 le ressentir. On peut r\u00e9ussir \u00e0 vivre combien les paroles de nos Sages sont vraies.<\/p>\n<h3 style=\"text-align: center;\"><strong>Le coin &lsquo;Hizouk<\/strong><\/h3>\n<p style=\"text-align: justify;\">Il est dit \u00e0 propos du roi David que \u00ab Hachem est avec lui \u00bb, et nos Sages d&rsquo;expliquer que cela implique que la Halakha (la loi) est toujours comme lui. Car le roi David s&rsquo;est repenti de l&rsquo;erreur qu&rsquo;il a commise. Et par le repentir, on m\u00e9rite qu&rsquo;Hachem r\u00e9side avec soi : \u00ab Hachem est avec lui \u00bb. Et Hachem r\u00e9alisera tout ce qu&rsquo;il Lui demandera, \u201cla Halakha sera avec lui\u201d. Ce qu&rsquo;il d\u00e9cr\u00e9tera sera accompli. (Divr\u00e9 Isra\u00ebl)<\/p>\n<hr \/>\n<p><strong>Chabbat Chalom !<\/strong><\/p>\n","protected":false},"excerpt":{"rendered":"<p>Paracha Ki-T\u00e9ts\u00e9 \/ \u05e4\u05e8\u05e9\u05d4 \u05db\u05d9 \u05ea\u05e6\u05d0 13\/14 septembre 2019 &#8211; 14 Eloul 5779 \/ \u05d9&rsquo;\u05d3 \u05d0\u05dc\u05d5\u05dc \u05d4-\u05ea\u05e9\u05e2&rsquo;\u05d8 D\u00e9but : 19h51 &#8211; Fin : 20h55 Les Horaires : Vendredi soir : 19h45 : Allumage des bougies et entr\u00e9e de Chabbat (heure maximum pour l&rsquo;allumage : 19h51) 18h45 : Min\u2019ha 19h00 : Chir haChirim, suivi de Kabbalat &hellip; <\/p>\n<p><a class=\"more-link btn\" href=\"https:\/\/acjbb-sud.org\/index.php\/2019\/09\/11\/chabbat-ki-tetse-5779\/\">Lire la suite<\/a><\/p>\n","protected":false},"author":1,"featured_media":2195,"comment_status":"open","ping_status":"open","sticky":false,"template":"","format":"standard","meta":{"jetpack_post_was_ever_published":false,"_jetpack_newsletter_access":"","_jetpack_dont_email_post_to_subs":false,"_jetpack_newsletter_tier_id":0,"_jetpack_memberships_contains_paywalled_content":false,"_jetpack_memberships_contains_paid_content":false,"footnotes":"","jetpack_publicize_message":"","jetpack_publicize_feature_enabled":true,"jetpack_social_post_already_shared":true,"jetpack_social_options":{"image_generator_settings":{"template":"highway","default_image_id":0,"font":"","enabled":false},"version":2}},"categories":[3],"tags":[47,85],"class_list":["post-2943","post","type-post","status-publish","format-standard","has-post-thumbnail","hentry","category-chabbat","tag-chabbat","tag-ki-tetse","item-wrap"],"yoast_head":"<!-- This site is optimized with the Yoast SEO plugin v26.6 - https:\/\/yoast.com\/wordpress\/plugins\/seo\/ -->\n<title>Chabbat Ki-T\u00e9ts\u00e9 - Synagogue ACJBB Boulogne Sud<\/title>\n<meta name=\"robots\" content=\"index, follow, max-snippet:-1, max-image-preview:large, max-video-preview:-1\" \/>\n<link rel=\"canonical\" href=\"https:\/\/acjbb-sud.org\/index.php\/2019\/09\/11\/chabbat-ki-tetse-5779\/\" \/>\n<meta property=\"og:locale\" content=\"fr_FR\" \/>\n<meta property=\"og:type\" content=\"article\" \/>\n<meta property=\"og:title\" content=\"Chabbat Ki-T\u00e9ts\u00e9 - Synagogue ACJBB Boulogne Sud\" \/>\n<meta property=\"og:description\" content=\"Paracha Ki-T\u00e9ts\u00e9 \/ \u05e4\u05e8\u05e9\u05d4 \u05db\u05d9 \u05ea\u05e6\u05d0 13\/14 septembre 2019 &#8211; 14 Eloul 5779 \/ \u05d9&rsquo;\u05d3 \u05d0\u05dc\u05d5\u05dc \u05d4-\u05ea\u05e9\u05e2&rsquo;\u05d8 D\u00e9but : 19h51 &#8211; Fin : 20h55 Les Horaires : Vendredi soir : 19h45 : Allumage des bougies et entr\u00e9e de Chabbat (heure maximum pour l&rsquo;allumage : 19h51) 18h45 : Min\u2019ha 19h00 : Chir haChirim, suivi de Kabbalat &hellip; Lire la suite\" \/>\n<meta property=\"og:url\" content=\"https:\/\/acjbb-sud.org\/index.php\/2019\/09\/11\/chabbat-ki-tetse-5779\/\" \/>\n<meta property=\"og:site_name\" content=\"Synagogue ACJBB Boulogne Sud\" \/>\n<meta property=\"article:published_time\" content=\"2019-09-11T14:37:58+00:00\" \/>\n<meta property=\"article:modified_time\" content=\"2019-09-17T07:59:14+00:00\" \/>\n<meta property=\"og:image\" content=\"https:\/\/acjbb-sud.org\/wp-content\/uploads\/2018\/10\/ACJBB-Sud-Chabbat-halots-bougies-vin-600-logos-v2.jpg\" \/>\n\t<meta property=\"og:image:width\" content=\"615\" \/>\n\t<meta property=\"og:image:height\" content=\"433\" \/>\n\t<meta property=\"og:image:type\" content=\"image\/jpeg\" \/>\n<meta name=\"author\" content=\"AcjbbSud\" \/>\n<meta name=\"twitter:card\" content=\"summary_large_image\" \/>\n<meta name=\"twitter:label1\" content=\"\u00c9crit par\" \/>\n\t<meta name=\"twitter:data1\" content=\"AcjbbSud\" \/>\n\t<meta name=\"twitter:label2\" content=\"Dur\u00e9e de lecture estim\u00e9e\" \/>\n\t<meta name=\"twitter:data2\" content=\"24 minutes\" \/>\n<script type=\"application\/ld+json\" class=\"yoast-schema-graph\">{\"@context\":\"https:\/\/schema.org\",\"@graph\":[{\"@type\":\"WebPage\",\"@id\":\"https:\/\/acjbb-sud.org\/index.php\/2019\/09\/11\/chabbat-ki-tetse-5779\/\",\"url\":\"https:\/\/acjbb-sud.org\/index.php\/2019\/09\/11\/chabbat-ki-tetse-5779\/\",\"name\":\"Chabbat Ki-T\u00e9ts\u00e9 - Synagogue ACJBB Boulogne Sud\",\"isPartOf\":{\"@id\":\"https:\/\/acjbb-sud.org\/#website\"},\"primaryImageOfPage\":{\"@id\":\"https:\/\/acjbb-sud.org\/index.php\/2019\/09\/11\/chabbat-ki-tetse-5779\/#primaryimage\"},\"image\":{\"@id\":\"https:\/\/acjbb-sud.org\/index.php\/2019\/09\/11\/chabbat-ki-tetse-5779\/#primaryimage\"},\"thumbnailUrl\":\"https:\/\/acjbb-sud.org\/wp-content\/uploads\/2018\/10\/ACJBB-Sud-Chabbat-halots-bougies-vin-600-logos-v2.jpg\",\"datePublished\":\"2019-09-11T14:37:58+00:00\",\"dateModified\":\"2019-09-17T07:59:14+00:00\",\"author\":{\"@id\":\"https:\/\/acjbb-sud.org\/#\/schema\/person\/adc8f09fb72c9d0dc78509106dc5e9f0\"},\"breadcrumb\":{\"@id\":\"https:\/\/acjbb-sud.org\/index.php\/2019\/09\/11\/chabbat-ki-tetse-5779\/#breadcrumb\"},\"inLanguage\":\"fr-FR\",\"potentialAction\":[{\"@type\":\"ReadAction\",\"target\":[\"https:\/\/acjbb-sud.org\/index.php\/2019\/09\/11\/chabbat-ki-tetse-5779\/\"]}]},{\"@type\":\"ImageObject\",\"inLanguage\":\"fr-FR\",\"@id\":\"https:\/\/acjbb-sud.org\/index.php\/2019\/09\/11\/chabbat-ki-tetse-5779\/#primaryimage\",\"url\":\"https:\/\/acjbb-sud.org\/wp-content\/uploads\/2018\/10\/ACJBB-Sud-Chabbat-halots-bougies-vin-600-logos-v2.jpg\",\"contentUrl\":\"https:\/\/acjbb-sud.org\/wp-content\/uploads\/2018\/10\/ACJBB-Sud-Chabbat-halots-bougies-vin-600-logos-v2.jpg\",\"width\":615,\"height\":433},{\"@type\":\"BreadcrumbList\",\"@id\":\"https:\/\/acjbb-sud.org\/index.php\/2019\/09\/11\/chabbat-ki-tetse-5779\/#breadcrumb\",\"itemListElement\":[{\"@type\":\"ListItem\",\"position\":1,\"name\":\"Accueil\",\"item\":\"https:\/\/acjbb-sud.org\/\"},{\"@type\":\"ListItem\",\"position\":2,\"name\":\"Chabbat Ki-T\u00e9ts\u00e9\"}]},{\"@type\":\"WebSite\",\"@id\":\"https:\/\/acjbb-sud.org\/#website\",\"url\":\"https:\/\/acjbb-sud.org\/\",\"name\":\"Synagogue ACJBB Boulogne Sud\",\"description\":\"Synagogue \/ Association Communautaire Juive de Boulogne Billancourt (Sud)\",\"potentialAction\":[{\"@type\":\"SearchAction\",\"target\":{\"@type\":\"EntryPoint\",\"urlTemplate\":\"https:\/\/acjbb-sud.org\/?s={search_term_string}\"},\"query-input\":{\"@type\":\"PropertyValueSpecification\",\"valueRequired\":true,\"valueName\":\"search_term_string\"}}],\"inLanguage\":\"fr-FR\"},{\"@type\":\"Person\",\"@id\":\"https:\/\/acjbb-sud.org\/#\/schema\/person\/adc8f09fb72c9d0dc78509106dc5e9f0\",\"name\":\"AcjbbSud\",\"image\":{\"@type\":\"ImageObject\",\"inLanguage\":\"fr-FR\",\"@id\":\"https:\/\/acjbb-sud.org\/#\/schema\/person\/image\/\",\"url\":\"https:\/\/secure.gravatar.com\/avatar\/ea30fe7a8231c8c0bf30066f86006714af7be34ba414543eaab3e453b92901aa?s=96&d=mm&r=g\",\"contentUrl\":\"https:\/\/secure.gravatar.com\/avatar\/ea30fe7a8231c8c0bf30066f86006714af7be34ba414543eaab3e453b92901aa?s=96&d=mm&r=g\",\"caption\":\"AcjbbSud\"},\"url\":\"https:\/\/acjbb-sud.org\/index.php\/author\/acjbbsud\/\"}]}<\/script>\n<!-- \/ Yoast SEO plugin. -->","yoast_head_json":{"title":"Chabbat Ki-T\u00e9ts\u00e9 - Synagogue ACJBB Boulogne Sud","robots":{"index":"index","follow":"follow","max-snippet":"max-snippet:-1","max-image-preview":"max-image-preview:large","max-video-preview":"max-video-preview:-1"},"canonical":"https:\/\/acjbb-sud.org\/index.php\/2019\/09\/11\/chabbat-ki-tetse-5779\/","og_locale":"fr_FR","og_type":"article","og_title":"Chabbat Ki-T\u00e9ts\u00e9 - Synagogue ACJBB Boulogne Sud","og_description":"Paracha Ki-T\u00e9ts\u00e9 \/ \u05e4\u05e8\u05e9\u05d4 \u05db\u05d9 \u05ea\u05e6\u05d0 13\/14 septembre 2019 &#8211; 14 Eloul 5779 \/ \u05d9&rsquo;\u05d3 \u05d0\u05dc\u05d5\u05dc \u05d4-\u05ea\u05e9\u05e2&rsquo;\u05d8 D\u00e9but : 19h51 &#8211; Fin : 20h55 Les Horaires : Vendredi soir : 19h45 : Allumage des bougies et entr\u00e9e de Chabbat (heure maximum pour l&rsquo;allumage : 19h51) 18h45 : Min\u2019ha 19h00 : Chir haChirim, suivi de Kabbalat &hellip; Lire la suite","og_url":"https:\/\/acjbb-sud.org\/index.php\/2019\/09\/11\/chabbat-ki-tetse-5779\/","og_site_name":"Synagogue ACJBB Boulogne Sud","article_published_time":"2019-09-11T14:37:58+00:00","article_modified_time":"2019-09-17T07:59:14+00:00","og_image":[{"width":615,"height":433,"url":"https:\/\/acjbb-sud.org\/wp-content\/uploads\/2018\/10\/ACJBB-Sud-Chabbat-halots-bougies-vin-600-logos-v2.jpg","type":"image\/jpeg"}],"author":"AcjbbSud","twitter_card":"summary_large_image","twitter_misc":{"\u00c9crit par":"AcjbbSud","Dur\u00e9e de lecture estim\u00e9e":"24 minutes"},"schema":{"@context":"https:\/\/schema.org","@graph":[{"@type":"WebPage","@id":"https:\/\/acjbb-sud.org\/index.php\/2019\/09\/11\/chabbat-ki-tetse-5779\/","url":"https:\/\/acjbb-sud.org\/index.php\/2019\/09\/11\/chabbat-ki-tetse-5779\/","name":"Chabbat Ki-T\u00e9ts\u00e9 - Synagogue ACJBB Boulogne Sud","isPartOf":{"@id":"https:\/\/acjbb-sud.org\/#website"},"primaryImageOfPage":{"@id":"https:\/\/acjbb-sud.org\/index.php\/2019\/09\/11\/chabbat-ki-tetse-5779\/#primaryimage"},"image":{"@id":"https:\/\/acjbb-sud.org\/index.php\/2019\/09\/11\/chabbat-ki-tetse-5779\/#primaryimage"},"thumbnailUrl":"https:\/\/acjbb-sud.org\/wp-content\/uploads\/2018\/10\/ACJBB-Sud-Chabbat-halots-bougies-vin-600-logos-v2.jpg","datePublished":"2019-09-11T14:37:58+00:00","dateModified":"2019-09-17T07:59:14+00:00","author":{"@id":"https:\/\/acjbb-sud.org\/#\/schema\/person\/adc8f09fb72c9d0dc78509106dc5e9f0"},"breadcrumb":{"@id":"https:\/\/acjbb-sud.org\/index.php\/2019\/09\/11\/chabbat-ki-tetse-5779\/#breadcrumb"},"inLanguage":"fr-FR","potentialAction":[{"@type":"ReadAction","target":["https:\/\/acjbb-sud.org\/index.php\/2019\/09\/11\/chabbat-ki-tetse-5779\/"]}]},{"@type":"ImageObject","inLanguage":"fr-FR","@id":"https:\/\/acjbb-sud.org\/index.php\/2019\/09\/11\/chabbat-ki-tetse-5779\/#primaryimage","url":"https:\/\/acjbb-sud.org\/wp-content\/uploads\/2018\/10\/ACJBB-Sud-Chabbat-halots-bougies-vin-600-logos-v2.jpg","contentUrl":"https:\/\/acjbb-sud.org\/wp-content\/uploads\/2018\/10\/ACJBB-Sud-Chabbat-halots-bougies-vin-600-logos-v2.jpg","width":615,"height":433},{"@type":"BreadcrumbList","@id":"https:\/\/acjbb-sud.org\/index.php\/2019\/09\/11\/chabbat-ki-tetse-5779\/#breadcrumb","itemListElement":[{"@type":"ListItem","position":1,"name":"Accueil","item":"https:\/\/acjbb-sud.org\/"},{"@type":"ListItem","position":2,"name":"Chabbat Ki-T\u00e9ts\u00e9"}]},{"@type":"WebSite","@id":"https:\/\/acjbb-sud.org\/#website","url":"https:\/\/acjbb-sud.org\/","name":"Synagogue ACJBB Boulogne Sud","description":"Synagogue \/ Association Communautaire Juive de Boulogne Billancourt (Sud)","potentialAction":[{"@type":"SearchAction","target":{"@type":"EntryPoint","urlTemplate":"https:\/\/acjbb-sud.org\/?s={search_term_string}"},"query-input":{"@type":"PropertyValueSpecification","valueRequired":true,"valueName":"search_term_string"}}],"inLanguage":"fr-FR"},{"@type":"Person","@id":"https:\/\/acjbb-sud.org\/#\/schema\/person\/adc8f09fb72c9d0dc78509106dc5e9f0","name":"AcjbbSud","image":{"@type":"ImageObject","inLanguage":"fr-FR","@id":"https:\/\/acjbb-sud.org\/#\/schema\/person\/image\/","url":"https:\/\/secure.gravatar.com\/avatar\/ea30fe7a8231c8c0bf30066f86006714af7be34ba414543eaab3e453b92901aa?s=96&d=mm&r=g","contentUrl":"https:\/\/secure.gravatar.com\/avatar\/ea30fe7a8231c8c0bf30066f86006714af7be34ba414543eaab3e453b92901aa?s=96&d=mm&r=g","caption":"AcjbbSud"},"url":"https:\/\/acjbb-sud.org\/index.php\/author\/acjbbsud\/"}]}},"jetpack_publicize_connections":[],"jetpack_featured_media_url":"https:\/\/acjbb-sud.org\/wp-content\/uploads\/2018\/10\/ACJBB-Sud-Chabbat-halots-bougies-vin-600-logos-v2.jpg","jetpack_sharing_enabled":true,"jetpack_shortlink":"https:\/\/wp.me\/p7sjOI-Lt","jetpack_likes_enabled":true,"_links":{"self":[{"href":"https:\/\/acjbb-sud.org\/index.php\/wp-json\/wp\/v2\/posts\/2943","targetHints":{"allow":["GET"]}}],"collection":[{"href":"https:\/\/acjbb-sud.org\/index.php\/wp-json\/wp\/v2\/posts"}],"about":[{"href":"https:\/\/acjbb-sud.org\/index.php\/wp-json\/wp\/v2\/types\/post"}],"author":[{"embeddable":true,"href":"https:\/\/acjbb-sud.org\/index.php\/wp-json\/wp\/v2\/users\/1"}],"replies":[{"embeddable":true,"href":"https:\/\/acjbb-sud.org\/index.php\/wp-json\/wp\/v2\/comments?post=2943"}],"version-history":[{"count":7,"href":"https:\/\/acjbb-sud.org\/index.php\/wp-json\/wp\/v2\/posts\/2943\/revisions"}],"predecessor-version":[{"id":2963,"href":"https:\/\/acjbb-sud.org\/index.php\/wp-json\/wp\/v2\/posts\/2943\/revisions\/2963"}],"wp:featuredmedia":[{"embeddable":true,"href":"https:\/\/acjbb-sud.org\/index.php\/wp-json\/wp\/v2\/media\/2195"}],"wp:attachment":[{"href":"https:\/\/acjbb-sud.org\/index.php\/wp-json\/wp\/v2\/media?parent=2943"}],"wp:term":[{"taxonomy":"category","embeddable":true,"href":"https:\/\/acjbb-sud.org\/index.php\/wp-json\/wp\/v2\/categories?post=2943"},{"taxonomy":"post_tag","embeddable":true,"href":"https:\/\/acjbb-sud.org\/index.php\/wp-json\/wp\/v2\/tags?post=2943"}],"curies":[{"name":"wp","href":"https:\/\/api.w.org\/{rel}","templated":true}]}}