{"id":2962,"date":"2019-09-19T12:12:19","date_gmt":"2019-09-19T10:12:19","guid":{"rendered":"https:\/\/acjbb-sud.org\/?p=2962"},"modified":"2019-09-26T17:35:18","modified_gmt":"2019-09-26T15:35:18","slug":"chabbat-ki-tavo-5779","status":"publish","type":"post","link":"https:\/\/acjbb-sud.org\/index.php\/2019\/09\/19\/chabbat-ki-tavo-5779\/","title":{"rendered":"Chabbat Ki-Tavo"},"content":{"rendered":"<h3 style=\"text-align: center; padding-left: 30px;\"><strong>Paracha Ki-Tavo \/ <span dir=\"RTL\" lang=\"HE\">\u05e4\u05e8\u05e9\u05d4 \u05db\u05d9 \u05ea\u05d1\u05d5\u05d0<\/span><\/strong><\/h3>\n<h4 style=\"text-align: center;\"><strong>20\/21 septembre 2019 &#8211; 21 Eloul 5779 \/ <span dir=\"RTL\" lang=\"HE\">\u05db&rsquo;\u05d0 \u05d0\u05dc\u05d5\u05dc \u05d4-\u05ea\u05e9\u05e2&rsquo;\u05d8<\/span><\/strong><\/h4>\n<h4 style=\"text-align: center;\"><em><strong>D\u00e9but : 19h36 &#8211; Fin : 20h40<\/strong><\/em><\/h4>\n<p style=\"text-align: justify;\"><img loading=\"lazy\" decoding=\"async\" class=\"wp-image-2195 size-full aligncenter\" src=\"https:\/\/acjbb-sud.org\/wp-content\/uploads\/2018\/10\/ACJBB-Sud-Chabbat-halots-bougies-vin-600-logos-v2.jpg\" alt=\"\" width=\"615\" height=\"433\" srcset=\"https:\/\/acjbb-sud.org\/wp-content\/uploads\/2018\/10\/ACJBB-Sud-Chabbat-halots-bougies-vin-600-logos-v2.jpg 615w, https:\/\/acjbb-sud.org\/wp-content\/uploads\/2018\/10\/ACJBB-Sud-Chabbat-halots-bougies-vin-600-logos-v2-300x211.jpg 300w\" sizes=\"auto, (max-width: 615px) 100vw, 615px\" \/><\/p>\n<p><strong>Chabbat des jeunes<\/strong> : A l&rsquo;occasion du <em>Chabbat des jeunes<\/em>, la lecture de la Paracha et les offices seront assur\u00e9s par les jeunes de la communaut\u00e9.<\/p>\n<h3><strong><span style=\"text-decoration: underline;\">Les Horaires :<\/span><br \/>\n<\/strong><\/h3>\n<p><em><strong>Vendredi soir :<\/strong><\/em><br \/>\n<strong>19h30<\/strong> : Allumage des bougies et entr\u00e9e de Chabbat (heure maximum pour l&rsquo;allumage : 19h36)<br \/>\n<strong>18h45<\/strong> : Chir haChirim<br \/>\n<strong>19h00<\/strong> : Min\u2019ha, suivi de Kabbalat Chabbat et Arvit<br \/>\nD\u2019var Thora par <strong>le Rabbin Mickael MOUYAL<\/strong><\/p>\n<p><strong><em>Samedi matin :<\/em> <\/strong><br \/>\n<strong>09h00<\/strong> : Cha\u2019harit<br \/>\nD\u2019var Thora par <strong>le Rabbin Mickael MOUYAL<\/strong><br \/>\nL\u2019office sera suivi d\u2019un kiddouch offert par <strong>Liliane Zrihen et Helene &amp; Remy LEVY<\/strong> l\u00e9ilouy nichmat : <strong>Hassiba Zrihen mibeit Zafrani<\/strong> (\u05d6\u05f4\u05dc) et <strong>Esther bat Hassiba<\/strong> (\u05d6\u05f4\u05dc)<\/p>\n<p><em><strong>Samedi apr\u00e8s-midi :<\/strong><\/em><br \/>\n<strong>18h00<\/strong> : Cours mixte sur la paracha par <strong>le Rabbin Mickael Mouyal<\/strong><br \/>\n<strong>18h45<\/strong> : T\u00e9hilim &#8211; Lecture collective des T\u00e9hilim &#8211; Alpha\/Beta<br \/>\n<strong>19h00<\/strong> : Min\u2019ha<br \/>\nSuivi de la S\u00e9ouda Ch\u00e9lichit, des chants de Chabbat et du D&rsquo;var Torah par <strong>le Rabbin Mickael Mouyal<\/strong><br \/>\n<strong>19h52<\/strong> : Shquiya \/ <span dir=\"RTL\" lang=\"HE\">\u05e9\u05e7\u05e2\u05ea \u05d4\u05d7\u05de\u05d4<\/span><\/p>\n<p><strong><em>Samedi soir :<\/em> <\/strong><br \/>\n<strong>20h40<\/strong> : Fin de Chabbat, Arvit et Havdala<\/p>\n<p><strong><em>Dimanche matin :<\/em> <\/strong><br \/>\n<strong>07h00<\/strong> : S\u00e9li&rsquo;hots<br \/>\n<strong>08h00<\/strong> : Cha\u2019harit<\/p>\n<p><strong><em>Lundi et Jeudi :<\/em> <\/strong><br \/>\n<strong>06h30<\/strong> : S\u00e9li&rsquo;hots<br \/>\n<strong>07h15<\/strong> : Cha\u2019harit<\/p>\n<p><strong>Chabbat Chalom !<\/strong><\/p>\n<p><!--more--><\/p>\n<hr \/>\n<h3><strong><span style=\"text-decoration: underline;\">Carnet de familles :<\/span><br \/>\n<\/strong><\/h3>\n<p>Naissance<br \/>\nNous avons la joie d&rsquo;annoncer la naissance d&rsquo;un petit gar\u00e7on aujourd&rsquo;hui chez <strong>Daniela et David Bellahsen<\/strong>.<br \/>\nNous souhaitons R\u00e9foua Ch\u00e9l\u00e9ma \u00e0 la Maman et au b\u00e9b\u00e9 et adressons un grand Mazal tov aux parents.<br \/>\n\u05de\u05d6\u05dc \u05d8\u05d5\u05d1<\/p>\n<hr \/>\n<h3><strong><span style=\"text-decoration: underline;\">Inauguration des travaux du futur Centre Culturel Juif de Boulogne Billancourt :<\/span><br \/>\n<\/strong><\/h3>\n<p>Nous vous attendons nombreuses et nombreux \u00e0 l&rsquo;inauguration du chantier et au lancement des travaux du futur <strong>Centre Culturel Juif de Boulogne Billancourt<\/strong>, le <strong>mercredi 25 septembre \u00e0 11h30<\/strong> au 97 rue Marcel Dassault.<\/p>\n<p><a href=\"https:\/\/acjbb-sud.org\/wp-content\/uploads\/2019\/09\/ACJBB-inauguration-travaux-Centre-Culturel-Juif-Boulogne-Billancourt.png\"><img decoding=\"async\" class=\"aligncenter wp-image-2970 size-full\" src=\"https:\/\/acjbb-sud.org\/wp-content\/uploads\/2019\/09\/ACJBB-inauguration-travaux-Centre-Culturel-Juif-Boulogne-Billancourt.png\" alt=\"\" width=\"600\" srcset=\"https:\/\/acjbb-sud.org\/wp-content\/uploads\/2019\/09\/ACJBB-inauguration-travaux-Centre-Culturel-Juif-Boulogne-Billancourt.png 1620w, https:\/\/acjbb-sud.org\/wp-content\/uploads\/2019\/09\/ACJBB-inauguration-travaux-Centre-Culturel-Juif-Boulogne-Billancourt-286x300.png 286w, https:\/\/acjbb-sud.org\/wp-content\/uploads\/2019\/09\/ACJBB-inauguration-travaux-Centre-Culturel-Juif-Boulogne-Billancourt-768x806.png 768w, https:\/\/acjbb-sud.org\/wp-content\/uploads\/2019\/09\/ACJBB-inauguration-travaux-Centre-Culturel-Juif-Boulogne-Billancourt-976x1024.png 976w\" sizes=\"(max-width: 1620px) 100vw, 1620px\" \/><\/a><\/p>\n<hr \/>\n<h3><strong><span style=\"text-decoration: underline;\">Offices et cours de la semaine \u00e0 la Synagogue :<\/span><br \/>\n<\/strong><\/h3>\n<p><em>43 rue des abondances<\/em><\/p>\n<p><strong><em>Cha\u2019harit &#8211; 1er office :<\/em><\/strong><br \/>\n<em><u>Lundi et jeudi :<\/u><\/em><br \/>\n<strong>5h55<\/strong> : S\u00e9li&rsquo;hots<br \/>\n<strong>6h55<\/strong> : Cha&rsquo;harit<br \/>\n<em><u>Mardi, mercredi et vendredi :<\/u><\/em><br \/>\n<strong>6h00<\/strong> : S\u00e9li&rsquo;hots<br \/>\n<strong>7h00<\/strong> : Cha&rsquo;harit<br \/>\n<em><u>Dimanche :<\/u><\/em><br \/>\n<strong>7h00<\/strong> : S\u00e9li&rsquo;hots<br \/>\n<strong>8h00<\/strong> : Cha&rsquo;harit<\/p>\n<p><strong><em>Cha\u2019harit &#8211; 2\u00e8me Office :<\/em><\/strong><br \/>\n<strong>7h45<\/strong> : dans la Soucah\/Pergola<br \/>\nsuivi d&rsquo;une \u00e9tude par le <strong>Rabbin Didier Kassabi<\/strong> du lundi au jeudi, et par le <strong>Rav Avner Ibgui<\/strong> le vendredi<\/p>\n<p><strong><em>Min\u2019ha suivi de Arvit :<\/em><\/strong><br \/>\n<strong>18h30<\/strong> : du dimanche au jeudi<\/p>\n<p>Retrouvez les horaires de la synagogue <a href=\"http:\/\/synaboulogne.blogspot.com\/2019\/05\/horaies-dete-57792019.html\" target=\"_blank\" rel=\"noopener noreferrer\">ici<\/a>.<\/p>\n<hr \/>\n<h3><strong><span style=\"text-decoration: underline;\">F\u00eates de Tichri 5780 :<\/span><br \/>\n<\/strong><\/h3>\n<p><img decoding=\"async\" class=\"alignnone size-medium wp-image-212 aligncenter\" src=\"http:\/\/acjbb-sud.org\/wp-content\/uploads\/2016\/10\/choffar-roch-hachana-kippour-1-300x165.png\" alt=\"\" width=\"500\" srcset=\"https:\/\/acjbb-sud.org\/wp-content\/uploads\/2016\/10\/choffar-roch-hachana-kippour-1-300x165.png 300w, https:\/\/acjbb-sud.org\/wp-content\/uploads\/2016\/10\/choffar-roch-hachana-kippour-1-500x276.png 500w, https:\/\/acjbb-sud.org\/wp-content\/uploads\/2016\/10\/choffar-roch-hachana-kippour-1.png 744w\" sizes=\"(max-width: 300px) 100vw, 300px\" \/><\/p>\n<p><span style=\"font-weight: 400;\">Chers Amis,<\/span><\/p>\n<p style=\"text-align: justify;\"><span style=\"font-weight: 400;\">Nous nous retrouverons donc \u00e0 nouveau cette ann\u00e9e dans ce lieu pour c\u00e9l\u00e9brer BH\u2019 les f\u00eates de TICHRI en attendant la construction du Nouveau Centre Culturel Juif de Boulogne-Billancourt dont les travaux ont commenc\u00e9, pour une dur\u00e9e de 12 mois.<\/span><\/p>\n<p style=\"text-align: justify;\">Les offices de <strong>Roch Hachana<\/strong> auront lieu les 30 septembre et le 1er octobre, les offices de <strong>Yom Kippour<\/strong> auront lieu les 8 et 9 octobre. Comme les ann\u00e9es pr\u00e9c\u00e9dentes, nous aurons le plaisir d\u2019accueillir notre &lsquo;Hazan <strong>Ariel LASRY<\/strong> qui viendra d\u2019Isra\u00ebl.<\/p>\n<p>Les horaires des offices seront identiques \u00e0 celles de la Synagogue de la rue des abondances, sauf en ce qui concerne les offices du matin :<\/p>\n<ul>\n<li>Chabbat : 09h00<\/li>\n<li>Roch Hachana et Yom Kippour : 08h30<\/li>\n<li>Souccot : 09h00<\/li>\n<\/ul>\n<p style=\"text-align: justify;\"><strong>La r\u00e9servation des places devra se faire exclusivement aupr\u00e8s de M. Daniel LASRY (06.26.94.51.58). Attention, nos locaux ne nous permettent malheureusement pas d\u2019accueillir autant de fid\u00e8les que nous le voudrions. Il est donc imp\u00e9ratif de r\u00e9server vos places au plus t\u00f4t afin d\u2019\u00eatre s\u00fbr d\u2019avoir une place assise, la r\u00e9servation ne sera effective qu&rsquo;\u00e0 r\u00e9ception du r\u00e8glement.<\/strong><\/p>\n<p style=\"text-align: justify;\">Le prix des places pour Yom Kippour est fix\u00e9 \u00e0 180 \u20ac pour les hommes et 120 \u20ac pour les femmes. Ces montants incluent cotisation(s) de membre de l\u2019ACIP, <strong>tous les r\u00e8glements de places sont \u00e0 faire \u00e0 l\u2019ordre de l\u2019ACIP.<\/strong><\/p>\n<p style=\"text-align: justify;\">Si vous souhaitez effectuer votre r\u00e8glement en plusieurs fois, il vous suffit d\u2019envoyer plusieurs ch\u00e8ques en sp\u00e9cifiant simplement au dos des ch\u00e8ques les dates d\u2019encaissement souhait\u00e9es.<\/p>\n<p>T\u00e9l\u00e9chargez <a href=\"https:\/\/acjbb-sud.org\/wp-content\/uploads\/2018\/08\/Office-Boulogne-Sud-Tichri-5779.doc\">le coupon<\/a> et renvoyez le avec votre r\u00e8glement pour confirmer votre r\u00e9servation.<\/p>\n<p style=\"text-align: justify;\">L&rsquo;\u00e9quipe de l\u2019Office de Boulogne Sud vous souhaite de bonnes vacances et une excellente ann\u00e9e 5780 pour vous et vos proches et esp\u00e8re avoir le plaisir de vous rencontrer rapidement.<\/p>\n<p style=\"text-align: justify;\"><strong>Si vous souhaitez r\u00e9server dans un des nombreux autres offices \u00e0 Boulogne, vous pouvez d\u00e8s \u00e0 pr\u00e9sent r\u00e9server vos places tous les matins aupr\u00e8s du secr\u00e9tariat de la Synagogue. 01.46.03.90.63, 43 rue des Abondances, 92100 Boulogne.<\/strong><\/p>\n<p><strong>Chana Tova, que vous soyez inscrits dans le livre de la vie !<\/strong><\/p>\n<hr \/>\n<h3><strong><span style=\"text-decoration: underline;\">V\u00e9rification des M\u00e9zouzoth et des Tephilines :<\/span><br \/>\n<\/strong><\/h3>\n<p>Durant le mois de Eloul, il est fortement recommand\u00e9 de faire v\u00e9rifier ses M\u00e9zouzoth et ses T\u00e9philin.<\/p>\n<p>Une \u00e9quipe de Sofrim dipl\u00f4m\u00e9s sera pr\u00e9sente <strong>dimanche 6 octobre <\/strong>d\u00e8s la fin de l&rsquo;office du matin (9h) pour vous permettre d&rsquo;effectuer ces v\u00e9rifications. Ils am\u00e8neront tout le mat\u00e9riel n\u00e9cessaire afin de vous rendre vos t\u00e9philin r\u00e9par\u00e9s et referm\u00e9s le jour m\u00eame. Vous aurez \u00e9galement la possibilit\u00e9 de changer vos lani\u00e8res qui seraient \u00e9ventuellement endommag\u00e9es.<\/p>\n<p>Vous pouvez d\u00e8s \u00e0 pr\u00e9sent vous inscrire par retour de mail.<br \/>\nTarifs de v\u00e9rifications :<br \/>\nM\u00e9zouzah: 7 euros<br \/>\nTephilin (r\u00e9par\u00e9s et referm\u00e9s): 80 euros.<\/p>\n<p>Le Rabbin<\/p>\n<p>Vous pouvez r\u00e9server un cr\u00e9neau pour la v\u00e9rification en indiquant le type de v\u00e9rification (Mezouzah ou Tephinin), pr\u00e9ciser la quantit\u00e9 et l&rsquo;heure souhait\u00e9e, \u00e0 <a href=\"mailto:reservation@acjbb.com?subject=R%C3%A9servation%20v%C3%A9rification%20Mezouzoth%20%2F%20Tefiline\" target=\"_blank\" rel=\"noopener noreferrer\">reservation@acjbb.com<\/a><\/p>\n<hr \/>\n<h3><strong><span style=\"text-decoration: underline;\">Beth Hamidrach :<\/span><br \/>\n<\/strong><\/h3>\n<p style=\"text-align: justify;\">Le <strong>Rabbin Didier Kassabi<\/strong> donne un cours de Gu\u00e9mara chaque lundi soir \u00e0 20h00 \u00e0 la Synagogue de Boulogne Billancourt, 43 rue des abondances.<\/p>\n<p><img decoding=\"async\" class=\"aligncenter wp-image-2318 size-large\" src=\"https:\/\/acjbb-sud.org\/wp-content\/uploads\/2018\/12\/Rav-Didier-Kassabi-ACJBB-Boulogne-Sud-1024x656.jpg\" alt=\"\" width=\"600\" srcset=\"https:\/\/acjbb-sud.org\/wp-content\/uploads\/2018\/12\/Rav-Didier-Kassabi-ACJBB-Boulogne-Sud-1024x656.jpg 1024w, https:\/\/acjbb-sud.org\/wp-content\/uploads\/2018\/12\/Rav-Didier-Kassabi-ACJBB-Boulogne-Sud-300x192.jpg 300w, https:\/\/acjbb-sud.org\/wp-content\/uploads\/2018\/12\/Rav-Didier-Kassabi-ACJBB-Boulogne-Sud-768x492.jpg 768w, https:\/\/acjbb-sud.org\/wp-content\/uploads\/2018\/12\/Rav-Didier-Kassabi-ACJBB-Boulogne-Sud.jpg 1588w\" sizes=\"(max-width: 1024px) 100vw, 1024px\" \/><\/p>\n<p>Retrouvez tous les cours du Rabbin Kassabi <a href=\"https:\/\/acjbb-sud.org\/index.php\/cours-du-rabbin-kassabi\/\" target=\"_blank\" rel=\"noopener noreferrer\">sur cette page<\/a> !!<\/p>\n<hr \/>\n<h3><strong><span style=\"text-decoration: underline;\">Talmud Thorah :<\/span><br \/>\n<\/strong><\/h3>\n<h4>Message \u00e0 tous les Parents<\/h4>\n<p>Tous les parents ont le devoir d&rsquo;assurer l&rsquo;\u00e9ducation juive de leurs enfants. Cette transmission passe naturellement par ce qui est v\u00e9cu au c\u0153ur du foyer mais elle doit \u00eatre sublim\u00e9e par un enseignement traditionnel dans le cadre de nos structures communautaires.<br \/>\nC&rsquo;est dans cette optique que notre Talmud Torah ouvre ses portes afin d&rsquo;y accueillir vos enfants.<\/p>\n<p>\u00c0 partir de leur rentr\u00e9e en CE1, aucun enfant de la communaut\u00e9 ne doit rester en marge de la d\u00e9couverte de leur juda\u00efsme.<\/p>\n<p>N\u2019h\u00e9sitez pas \u00e0 <a href=\"mailto:didierkassabi@gmail.com?subject=&quot;Talmud Torah Boulogne&quot;\" target=\"_blank\" rel=\"noopener noreferrer\">contacter notre Rabbin Didier KASSABI<\/a> pour toute demande de renseignements.<\/p>\n<hr \/>\n<h3><strong><span style=\"text-decoration: underline;\">Bn\u00e9 Akiva de Boulogne :<\/span><br \/>\n<\/strong><\/h3>\n<h3 style=\"text-align: center;\">Reprise des activit\u00e9s du Bn\u00e9 Akiva<\/h3>\n<p><strong>Shirel, Chirel, Ephraim, Aaron, Ilan et Galit et Aviv<\/strong> attendront vos enfants <strong>de 7 \u00e0 15 ans<\/strong> pour les activit\u00e9s du Bn\u00e9 Akiva <strong>Chabbat, \u00e0 18h00, \u00e0 la Synagogue de Boulogne<\/strong><\/p>\n<p><a href=\"https:\/\/acjbb-sud.org\/wp-content\/uploads\/2019\/09\/ACJBB-Bne-Akiva-Boulogne-activite-chabbat-ki-tavo-5779.jpg\"><img loading=\"lazy\" decoding=\"async\" class=\"aligncenter wp-image-2985 size-large\" src=\"https:\/\/acjbb-sud.org\/wp-content\/uploads\/2019\/09\/ACJBB-Bne-Akiva-Boulogne-activite-chabbat-ki-tavo-5779-1024x1024.jpg\" alt=\"\" width=\"720\" height=\"720\" srcset=\"https:\/\/acjbb-sud.org\/wp-content\/uploads\/2019\/09\/ACJBB-Bne-Akiva-Boulogne-activite-chabbat-ki-tavo-5779-1024x1024.jpg 1024w, https:\/\/acjbb-sud.org\/wp-content\/uploads\/2019\/09\/ACJBB-Bne-Akiva-Boulogne-activite-chabbat-ki-tavo-5779-150x150.jpg 150w, https:\/\/acjbb-sud.org\/wp-content\/uploads\/2019\/09\/ACJBB-Bne-Akiva-Boulogne-activite-chabbat-ki-tavo-5779-300x300.jpg 300w, https:\/\/acjbb-sud.org\/wp-content\/uploads\/2019\/09\/ACJBB-Bne-Akiva-Boulogne-activite-chabbat-ki-tavo-5779-768x768.jpg 768w, https:\/\/acjbb-sud.org\/wp-content\/uploads\/2019\/09\/ACJBB-Bne-Akiva-Boulogne-activite-chabbat-ki-tavo-5779.jpg 1599w\" sizes=\"auto, (max-width: 720px) 100vw, 720px\" \/><\/a><\/p>\n<p>N&rsquo;h\u00e9sitez pas \u00e0 d\u00e9poser vos enfants, ils passeront un bel apr\u00e8s-midi d&rsquo;Oneg Chabbat.<\/p>\n<p><a href=\"https:\/\/synaboulogne.us12.list-manage.com\/track\/click?u=f13343cbc4710ddbadcdef23f&amp;id=870ac8f7e1&amp;e=744d346afc\" target=\"_blank\" rel=\"noopener noreferrer\">Soutenez les activit\u00e9s du Bn\u00e9 Akiva<\/a> !<\/p>\n<hr \/>\n<h3><strong><span style=\"text-decoration: underline;\">Chabbat plein de la rentr\u00e9e du Bn\u00e9 Akiva :<\/span><br \/>\n<\/strong><\/h3>\n<p><strong>Le Bn\u00e9 Akiva France continue sa mission avec le Chabbat \u00ab\u00a0HIN\u00c9NI\u00a0\u00bb !!<\/strong><\/p>\n<p>&#8230; \u201c\u05d5\u05b0\u05d4\u05b8\u05d0\u05b1\u05dc\u05b9\u05d4\u05b4\u05d9\u05dd \u05e0\u05b4\u05e1\u05b8\u05bc\u05d4 \u05d0\u05b6\u05ea \u05d0\u05b7\u05d1\u05b0\u05e8\u05b8\u05d4\u05b8\u05dd. \u05d5\u05b7\u05d9\u05b9\u05bc\u05d0\u05de\u05b6\u05e8 \u05d0\u05b5\u05dc\u05b8\u05d9\u05d5 \u201d\u05d0\u05b7\u05d1\u05b0\u05e8\u05b8\u05d4\u05b8\u05dd\u201c \u05d5\u05b7\u05d9\u05b9\u05bc\u05d0\u05de\u05b6\u05e8 \u201d\u05d4\u05b4\u05e0\u05b5\u05bc\u05e0\u05b4\u05d9<br \/>\nDieu \u00e9prouvera Avraham. Il lui dit: \u201cAvraham!\u201d Il r\u00e9pondit: \u201cMe voici.\u201d &#8230;<\/p>\n<p><img decoding=\"async\" class=\"aligncenter wp-image-2899 size-full\" src=\"https:\/\/acjbb-sud.org\/wp-content\/uploads\/2019\/08\/Bne-Akiva-Chabbat-plein-Ki-Tavo-5779-2019.jpg\" alt=\"\" width=\"600\" srcset=\"https:\/\/acjbb-sud.org\/wp-content\/uploads\/2019\/08\/Bne-Akiva-Chabbat-plein-Ki-Tavo-5779-2019.jpg 925w, https:\/\/acjbb-sud.org\/wp-content\/uploads\/2019\/08\/Bne-Akiva-Chabbat-plein-Ki-Tavo-5779-2019-289x300.jpg 289w, https:\/\/acjbb-sud.org\/wp-content\/uploads\/2019\/08\/Bne-Akiva-Chabbat-plein-Ki-Tavo-5779-2019-768x797.jpg 768w\" sizes=\"(max-width: 925px) 100vw, 925px\" \/><\/p>\n<p>Le Chabbat consacr\u00e9 aux jeunes de France, \u00e2g\u00e9 de <strong>15 \u00e0 18 ans<\/strong>.<br \/>\nChabbat KI TAVO, <strong>du 20 au 22 septembre 2019<\/strong>, viens faire de nouvelles rencontres et d\u00e9couvrir une ambiance unique, autour d&rsquo;activit\u00e9s typiques du Bn\u00e9 Akiva.<\/p>\n<p>Le tarif du Chabbat a \u00e9t\u00e9 fix\u00e9 \u00e0 <strong>75 \u20ac tout compris<\/strong>, s\u00e9jour + transport inclus !<br \/>\nAttention, les inscriptions sont limit\u00e9es, donc contactez nous rapidement pour qu&rsquo;on puisse organiser les transports.<br \/>\nInscrivez-vous ici pour le Chabbat du 21 septembre :<br \/>\n<a href=\"https:\/\/www.helloasso.com\/associations\/bne-akiva-de-france\/evenements\/chabbat-leadership-2\" target=\"_blank\" rel=\"noopener noreferrer\">https:\/\/www.helloasso.com\/associations\/bne-akiva-de-france\/evenements\/chabbat-leadership-2<\/a><\/p>\n<p>Pour plus d&rsquo;informations contactez :<br \/>\nEliezer Borgenicht par t\u00e9l\u00e9phone au 0177472740, par WhatsApp au +972548157476 ou par mail: <a href=\"mailto:eliezer@worldbneiakiva.org\" target=\"_blank\" rel=\"noopener noreferrer\">eliezer@worldbneiakiva.org<\/a><\/p>\n<hr \/>\n<h3><strong><span style=\"text-decoration: underline;\">Participons \u00e0 la collecte des fondations du Centre Culturel Juif de Boulogne Billancourt :<\/span><br \/>\n<\/strong><\/h3>\n<p>Notez d\u00e8s \u00e0 pr\u00e9sent que la <strong>c\u00e9r\u00e9monie d&rsquo;inauguration du chantier<\/strong> aura lieu le <strong>mercredi 25 septembre \u00e0 11h30<\/strong> en pr\u00e9sence du Maire et des personnait\u00e9s locales et r\u00e9gionales, et des pr\u00e9sidents des institutions de la Communaut\u00e9 !<\/p>\n<p><img loading=\"lazy\" decoding=\"async\" class=\"aligncenter wp-image-2813 size-large\" src=\"https:\/\/acjbb-sud.org\/wp-content\/uploads\/2019\/07\/construction-du-centre-juif-de-boulogne-billancourt-1024x724.jpeg\" alt=\"\" width=\"720\" height=\"509\" srcset=\"https:\/\/acjbb-sud.org\/wp-content\/uploads\/2019\/07\/construction-du-centre-juif-de-boulogne-billancourt-1024x724.jpeg 1024w, https:\/\/acjbb-sud.org\/wp-content\/uploads\/2019\/07\/construction-du-centre-juif-de-boulogne-billancourt-300x212.jpeg 300w, https:\/\/acjbb-sud.org\/wp-content\/uploads\/2019\/07\/construction-du-centre-juif-de-boulogne-billancourt-768x543.jpeg 768w, https:\/\/acjbb-sud.org\/wp-content\/uploads\/2019\/07\/construction-du-centre-juif-de-boulogne-billancourt.jpeg 1122w\" sizes=\"auto, (max-width: 720px) 100vw, 720px\" \/><\/p>\n<p>La construction du Centre Culturel Juif de Boulogne a \u00e9t\u00e9 lanc\u00e9e le <strong>23 juin 2019<\/strong>. En plus de la campagne de collecte, nous avons d\u00e9cid\u00e9 d&rsquo;entreprendre une collecte \u00ab\u00a0<b>des Fondations du Centre Culturel<\/b>\u00ab\u00a0. A l&rsquo;image de la construction du Michkan, o\u00f9 Moch\u00e9 a demand\u00e9 \u00e0 tous les Bnei Israel de verser un demi-shekel pour financer les socles qui soutiennent les poutres du Michkan, nous invitons tous les boulonnais, hommes, femmes et enfants, \u00e0 contribuer aux fondations du Centre Culturel.<\/p>\n<p>La liste de tous les contributeurs sera affich\u00e9e pour que chacun puisse dire qu&rsquo;il a fait partie des fondateurs.<\/p>\n<p>Le montant est unique pour que dans cette phase, chacun puisse avoir une part \u00e9gale \u00e0 son voisin, quels que soient ses moyens et sa g\u00e9n\u00e9rosit\u00e9, chacun \u00e0 part \u00e9gale.<\/p>\n<p>Nous invitons donc tous les fid\u00e8les de notre communaut\u00e9 \u00e0 participer et surtout \u00e0 inviter tous nos coreligionnaires, familles, amis, voisins \u00e0 participer aussi au projet.<\/p>\n<p>Ainsi nous aurons collectivement le m\u00e9rite de r\u00e9pondre \u00e0 l&rsquo;injonction divine de la Paracha T\u00e9rouma :<br \/>\n\u00ab\u00a0\u05d5\u05b0\u05e2\u05b8\u05e9\u05c2\u05d5\u05bc \u05dc\u05b4\u05d9, \u05de\u05b4\u05e7\u05b0\u05d3\u05bc\u05b8\u05e9\u05c1; \u05d5\u05b0\u05e9\u05c1\u05b8\u05db\u05b7\u05e0\u05b0\u05ea\u05bc\u05b4\u05d9, \u05d1\u05bc\u05b0\u05ea\u05d5\u05b9\u05db\u05b8\u05dd.\u00a0\u00bb &#8211; \u00ab\u00a0<em>Et ils me construiront un sanctuaire, pour que je r\u00e9side au milieu d&rsquo;eux<\/em>\u00a0\u00bb <strong>Amen<\/strong> !<\/p>\n<p>Robert Ejnes<br \/>\nPr\u00e9sident<\/p>\n<p><strong>Mobilisons-nous :<\/strong><br \/>\n<a href=\"https:\/\/www.helloasso.com\/associations\/acjbb-2\/collectes\/les-fondations-du-centre-culturel-juif-de-boulogne\/\" target=\"_blank\" rel=\"noopener noreferrer\">Je participe \u00e0 la collecte des fondations du Centre Culturel Juif<\/a> !<\/p>\n<hr \/>\n<h3><strong><span style=\"text-decoration: underline;\">Amiti\u00e9s inter-religieuses \u00e0 Boulogne :<\/span><br \/>\n<\/strong><\/h3>\n<p>A l&rsquo;occasion de la <strong>journ\u00e9e du patrimoine dimanche 22 septembre<\/strong>, la Communaut\u00e9 juive de Boulogne recevra \u00e0 la Synagogue l&rsquo;ensemble des responsables religieux de la ville de Boulogne-Billancourt.<\/p>\n<p>Vous \u00eates tous convi\u00e9s \u00e0 participer \u00e0 cette r\u00e9union. Le Maire de Boulogne-Billancourt, <strong>Pierre Christophe Baguet<\/strong>, sera pr\u00e9sent.<\/p>\n<p>17h00 R\u00e9ception des invit\u00e9s<br \/>\n17h15 Visite de la Synagogue, par le Rabbin Didier Kassabi<br \/>\n17h45 Questions\/r\u00e9ponses, dans la pergola sur le th\u00e8me \u00ab\u00a0Tout ce que vous avez toujurs voulu savoir sur le juda\u00efsme et l&rsquo;organisation de la Communaut\u00e9 juive\u00a0\u00bb<br \/>\n18h15 Buffet<\/p>\n<p>Cette r\u00e9union fait suite \u00e0 plusieurs r\u00e9unions qui ont eu lieu dans la maison paroissiale Saint-Fran\u00e7ois-de-Sales, \u00e0 la mosqu\u00e9e de Boulogne et \u00e0 un d\u00eener inter-religieux \u00e0 la maison Maria Waleska.<\/p>\n<hr \/>\n<h3><strong><span style=\"text-decoration: underline;\">Participez \u00e0 l&rsquo;\u00e9criture d&rsquo;un Sefer Torah \u00e0 la m\u00e9moire d&rsquo;Elie Botbol :<\/span><br \/>\n<\/strong><\/h3>\n<p>L&rsquo;office pour la fin de l&rsquo;ann\u00e9e (11 mois) de notre ami Elie Botbol (\u05d6\u05f4\u05dc) aura lieu <strong>ce lundi 23 septembre \u00e0 19h30<\/strong> \u00e0 la Synagogue Nitsanim, rue Asher dans le quartier de Baka \u00e0 J\u00e9rusalem.<\/p>\n<p>La Communaut\u00e9 juive de Boulogne-Billancourt, s&rsquo;associe au projet de la famille d&rsquo;Elie (\u05d6\u05f4\u05dc) et vous propose de participer \u00e0 l&rsquo;\u00e9criture du Sefer Tora qui sera \u00e9crit \u00e0 la m\u00e9moire et pour l&rsquo;\u00e9l\u00e9vation de l&rsquo;\u00e2me de notre cher ami <strong>Eliahou ben Aaron ve Ra&rsquo;hel BOTBOL<\/strong> (\u05d6\u05f4\u05dc)<\/p>\n<p><img decoding=\"async\" class=\"wp-image-2450 size-full aligncenter\" src=\"https:\/\/acjbb-sud.org\/wp-content\/uploads\/2019\/02\/ecrire-Sefer-Torah.jpg\" alt=\"\" width=\"500\" srcset=\"https:\/\/acjbb-sud.org\/wp-content\/uploads\/2019\/02\/ecrire-Sefer-Torah.jpg 586w, https:\/\/acjbb-sud.org\/wp-content\/uploads\/2019\/02\/ecrire-Sefer-Torah-300x222.jpg 300w\" sizes=\"(max-width: 586px) 100vw, 586px\" \/><\/p>\n<p>Le Sefer Tora sera inaugur\u00e9 sDv pour \u00e0 l&rsquo;issue de la premi\u00e8re ann\u00e9e de deuil.<br \/>\nChaque lettre est \u00e0 acqu\u00e9rir pour un montant de 52\u20ac, et donne droit \u00e0 un re\u00e7u Cerfa.<br \/>\nVous pouvez acqu\u00e9rir une ou plusieurs lettres, un Passouk ou une Paracha dans ce Sefer Tora.<\/p>\n<p><strong>Tizkou leMitsvoth !<\/strong><\/p>\n<p><a href=\"https:\/\/synaboulogne.us12.list-manage.com\/track\/click?u=f13343cbc4710ddbadcdef23f&amp;id=17d6042aa0&amp;e=744d346afc\" target=\"_blank\" rel=\"noopener noreferrer\">Je participe au Sefer Tora \u00e0 la m\u00e9moire d&rsquo;Elie Botbol (\u05d6\u05f4\u05dc)<\/a><\/p>\n<hr \/>\n<h3><strong><span style=\"text-decoration: underline;\">Oulpan avec le CCIBB et l&rsquo;OSM :<\/span><br \/>\n<\/strong><\/h3>\n<p>Le CCIBB a le plaisir de vous annoncer le lancement de 6 cours d&rsquo;Oulpan en assocaition avec l&rsquo;Organisation Sioniste Mondiale au Carr\u00e9 BELLE FEUILLE, 60, rue de la Belle Feuile 92100 Boulogne Billancourt :<\/p>\n<p>2 cours de d\u00e9butants le lundi \u00e0 19h et \u00e0 20h 30<\/p>\n<p>2 cours d&rsquo;interm\u00e9diaires le mardi \u00e0 19h et \u00e0 20h 30<\/p>\n<p>2 cours d&rsquo;avanc\u00e9s le jeudi \u00e0 19h et \u00e0 20h 30<\/p>\n<p><strong>Nous vous rappelons les cotisations pour 30 cours d&rsquo;1 heure et 30 mn : 250 \u20ac<\/strong><\/p>\n<p>Il reste encore quelques places. Pour toutes informations ou inscriptions veuillez conrtacter Jonathan au 06 21 07 17 09<\/p>\n<p>Marc SOUSSAN<\/p>\n<hr \/>\n<h3><strong><span style=\"text-decoration: underline;\">\u00ab Les AMIS de la REFOUA \u00bb &#8211; Visite aux malades :<\/span><br \/>\n<\/strong><\/h3>\n<p style=\"text-align: justify;\">Des b\u00e9n\u00e9voles de Boulogne proposent aux personnes qui le demandent : l&rsquo;organisation d&rsquo;une chaine de lecture de T\u00e9hilims pour la gu\u00e9rison de nos malades, de prendre de leurs nouvelles et leur rendre visite dans les h\u00f4pitaux.<br \/>\nCes actions se font dans la plus grande discr\u00e9tion et s&rsquo;inscrivent dans le cadre du b\u00e9n\u00e9volat.<br \/>\nVous pourrez joindre &#8211; <em>les AMIS de la REFOUA<\/em> &#8211; au 06.03.75.34.15, ou par courriel \u00e0 : <a href=\"mailto:israelalbert1@gmail.com\">israelalbert1@gmail.com<\/a><br \/>\nVous pouvez aussi faire partie de ces b\u00e9n\u00e9voles, nous vous remercions par avance.<\/p>\n<hr \/>\n<h3><strong><span style=\"text-decoration: underline;\">Information ACJBB Boulogne Sud :<\/span><br \/>\n<\/strong><\/h3>\n<p style=\"text-align: justify;\">Retrouvez toutes les informations de l\u2019office sur : <a href=\"http:\/\/www.acjbb-sud.org\" target=\"_blank\" rel=\"noopener noreferrer\">www.acjbb-sud.org<\/a>.<br \/>\nSi vous souhaitez recevoir par mail la newsletter de l&rsquo;office, inscrivez-vous en nous envoyant un mail \u00e0 <a href=\"mailto:officeboulognesud@gmail.com\">officeboulognesud@gmail.com<\/a>.<br \/>\nRetrouvez \u00e9galement toutes les informations sur la page Facebook de l&rsquo;office : <a href=\"http:\/\/facebook.com\/acjbbsud\" target=\"_blank\" rel=\"noopener noreferrer\">facebook.com\/acjbbsud<\/a> et sur Twitter : <a href=\"http:\/\/twitter.com\/acjbbsud\" target=\"_blank\" rel=\"noopener noreferrer\">twitter.com\/acjbbsud<\/a>.<\/p>\n<hr \/>\n<h3><strong><span style=\"text-decoration: underline;\">S\u00e9curit\u00e9 SPCJ :<\/span><br \/>\n<\/strong><\/h3>\n<p style=\"text-align: justify;\"><strong>La s\u00e9curit\u00e9 est l&rsquo;affaire de tous ! Le SPCJ a besoin de chacun d&rsquo;entre nous !<\/strong><br \/>\nLa protection de la vie communautaire est plus que jamais l&rsquo;affaire de tous ! Vous en \u00eates les premiers acteurs ! Votre mobilisation est essentielle et n\u00e9cessaire !<br \/>\nSi vous souhaitez nous aider \u00e0 assurer la protection de l&rsquo;office, rapprochez-vous de nous !<br \/>\nPlus nous serons nombreux \u00e0 nous mobiliser et assurer des relais de garde, plus nous passerons du temps \u00e0 prier !<\/p>\n<hr \/>\n<h3><strong><span style=\"text-decoration: underline;\">R\u00e9servation des espaces communautaires :<\/span><br \/>\n<\/strong><\/h3>\n<p style=\"text-align: justify;\">Vous souhaitez organiser une manifestation (Brith-Mila, Bar-Mitsvah et Bat-Mitsvah, Mariage, Azkara, Soir\u00e9e Mikv\u00e9 Kala, etc&#8230; ) dans les espaces de la <strong>Synagogue de Boulogne<\/strong>, 43 rue des Abondances, contactez M. Alain Chicheportiche 06.95.62.58.41 &#8211; <a href=\"mailto:alainchicheportiche92@gmail.com\">alainchicheportiche92@gmail.com<\/a><\/p>\n<p style=\"text-align: justify;\">Vous souhaitez r\u00e9server la salle de <strong>Boulogne Sud<\/strong>, 134 bis rue du point du jour Boulogne Billancourt, contactez M. Patrick Sebban 06.03.02.30.78 &#8211; <a href=\"mailto:patrick.sebban2@paris.fr\">patrick.sebban2@paris.fr<\/a><\/p>\n<hr \/>\n<h3><strong><span style=\"text-decoration: underline;\">Mikv\u00e9 :<\/span><br \/>\n<\/strong><\/h3>\n<p><strong><em>Mikv\u00e9 pour les femmes<\/em><\/strong><br \/>\nLe Mikv\u00e9 est ouvert tous les soirs, du dimanche au jeudi 10 minutes avant l\u2019heure de la fin du Chabbat pr\u00e9c\u00e9dent, pendant 1h30.<br \/>\nLe samedi soir, le mikv\u00e9 ouvre 1h apr\u00e8s la fin de Chabbat, pendant 1h30.<br \/>\nPour les vendredis soirs et soirs de f\u00eate, prendre rendez-vous avec Mme Kassabi, au moins 2 jours avant au 06.22.76.15.04<\/p>\n<p><strong><em>Mikv\u00e9 vaisselle<\/em><\/strong><br \/>\nLe Mikv\u00e9 K\u00e9lim est ouvert tous les matins du dimanche au vendredi depuis l&rsquo;heure de la T\u00e9fila jusqu&rsquo;\u00e0 midi.<\/p>\n<hr \/>\n<h3><strong><span style=\"text-decoration: underline;\">Faire un don :<\/span><br \/>\n<\/strong><\/h3>\n<p style=\"text-align: justify;\">Pour faire vivre et participer activement \u00e0 cet office, <a href=\"http:\/\/www.acjbb-sud.org\/index.php\/faire-un-don\/\" target=\"_blank\" rel=\"noopener noreferrer\">faites un don<\/a> par internet ou envoyez vos ch\u00e8ques au <strong>134 bis rue du Point du Jour<\/strong>. Toutes les participations sont bienvenues, <em>les petits ruisseaux faisant de grandes rivi\u00e8res<\/em>, nous parviendrons, tous ensemble, \u00e0 faire vivre l\u2019Office de Boulogne Sud.<\/p>\n<p>Tizkou L\u00e9-Mitsvot !!<\/p>\n<hr \/>\n<h3><strong><span style=\"text-decoration: underline;\">Dons pour le Centre Culturel de Boulogne Billancourt :<\/span><br \/>\n<\/strong><\/h3>\n<p style=\"text-align: justify;\">Le nouveau centre culturel sera situ\u00e9 \u00e0 l&rsquo;angle des rues Marcel Dassault et d&rsquo;Anjou.<\/p>\n<p style=\"text-align: justify;\">Il comprendra notamment :<\/p>\n<ul>\n<li>Une Synagogue<\/li>\n<li>Le Centre Communautaire (CCIBB)<\/li>\n<li>Une salle polyvalente<\/li>\n<li>Une salle des f\u00eates<\/li>\n<li>Et un Mikv\u00e9<\/li>\n<\/ul>\n<p>Vous pouvez consulter la <a href=\"https:\/\/fr.calameo.com\/read\/00057892520c64798775e\" target=\"_blank\" rel=\"noopener noreferrer\">plaquette de pr\u00e9sentation du Centre Culturel de Boulogne<\/a><\/p>\n<p style=\"text-align: justify;\"><img decoding=\"async\" class=\"aligncenter wp-image-778 size-full\" src=\"http:\/\/acjbb-sud.org\/wp-content\/uploads\/2017\/06\/Acjbb-construction-1.png\" alt=\"\" width=\"600\" srcset=\"https:\/\/acjbb-sud.org\/wp-content\/uploads\/2017\/06\/Acjbb-construction-1.png 684w, https:\/\/acjbb-sud.org\/wp-content\/uploads\/2017\/06\/Acjbb-construction-1-300x202.png 300w, https:\/\/acjbb-sud.org\/wp-content\/uploads\/2017\/06\/Acjbb-construction-1-445x300.png 445w\" sizes=\"(max-width: 684px) 100vw, 684px\" \/><\/p>\n<h3 class=\"m_-5277437730878633356null\"><span style=\"color: #0000ff;\"><strong>Etat du dossier<\/strong><\/span><\/h3>\n<p><strong>Les travaux ont commenc\u00e9 !!!<\/strong><\/p>\n<p><img decoding=\"async\" class=\"wp-image-2915 size-full aligncenter\" src=\"https:\/\/acjbb-sud.org\/wp-content\/uploads\/2019\/08\/IMG-20190827-WA0007.jpg\" alt=\"\" width=\"600\" srcset=\"https:\/\/acjbb-sud.org\/wp-content\/uploads\/2019\/08\/IMG-20190827-WA0007.jpg 1600w, https:\/\/acjbb-sud.org\/wp-content\/uploads\/2019\/08\/IMG-20190827-WA0007-300x225.jpg 300w, https:\/\/acjbb-sud.org\/wp-content\/uploads\/2019\/08\/IMG-20190827-WA0007-768x576.jpg 768w, https:\/\/acjbb-sud.org\/wp-content\/uploads\/2019\/08\/IMG-20190827-WA0007-1024x768.jpg 1024w\" sizes=\"(max-width: 1600px) 100vw, 1600px\" \/><\/p>\n<p>Vous avez une occasion unique d&rsquo;inscrire votre nom, celui de vos familles, celui de vos disparus, dans un projet qui marquera l&rsquo;avenir de la vie juive \u00e0 Boulogne-Billancourt.<\/p>\n<p><img decoding=\"async\" class=\"aligncenter\" src=\"https:\/\/acjbb-sud.org\/wp-content\/uploads\/2018\/07\/Centre-Culturel-juif-Boulogne-Billancourt-Synagogue.jpg\" alt=\"\" width=\"600\" \/><\/p>\n<p><img decoding=\"async\" class=\"aligncenter\" src=\"https:\/\/acjbb-sud.org\/wp-content\/uploads\/2018\/07\/Centre-Culturel-juif-Boulogne-Billancourt-Synagogue-2.jpg\" alt=\"\" width=\"600\" \/><\/p>\n<p style=\"text-align: justify;\">Devenez acteur du devenir de la vie juive \u00e0 Boulogne en faisant un don pour la construction du Centre Culturel de Boulogne. Vous pouvez d\u00e9cider de diriger votre don vers la synagogue ACJBB ou vers le CCIBB, en nous l&rsquo;indiquant par message.<\/p>\n<p>Si vous avez des question, <a href=\"mailto:synamail@acjbb.com?subject=&quot;Question sur la construction du Centre culturel&quot;\">envoyez-nous un message<\/a> !<\/p>\n<p><a href=\"https:\/\/www.helloasso.com\/associations\/acjbb-2\/collectes\/construction-du-centre-juif-de-boulogne\" target=\"_blank\" rel=\"noopener noreferrer\">Je participe \u00e0 la collecte pour la construction<\/a><\/p>\n<hr \/>\n<h3><strong><span style=\"text-decoration: underline;\">Dvar Thorah et enseignements :<\/span><br \/>\n<\/strong><\/h3>\n<p><em><strong>par le Rav Mika\u00ebl Mouyal<\/strong><\/em><\/p>\n<p style=\"text-align: justify;\"><em>L\u00e9\u00eflouy Nichmat Avraham Ben Mikha\u00ebl, &lsquo;Ha\u00ef Victor Ben Yakouta, Jaqueline Bat Esther et Paula Yakouta Bat Rosette<\/em><\/p>\n<h3 style=\"text-align: center;\"><strong>Le coin &lsquo;Hidouchim<\/strong><\/h3>\n<h4><strong>\u00ab Tu r\u00e9pondras et tu diras : \u201cL&rsquo;aram\u00e9en a voulu an\u00e9antir mon p\u00e8re\u201d \u00bb (26, 5) :<\/strong><\/h4>\n<p style=\"text-align: justify;\">Rachi explique que celui qui amenait les Bikourim (pr\u00e9mices) devait dire cela \u00e0 voix haute. Mais on peut s&rsquo;interroger. Nos sages disent que l&rsquo;on r\u00e9cite la Amida \u00e0 voix basse pour attester de notre foi qu&rsquo;Hachem nous entend m\u00eame quand on parle \u00e0 voix basse.<br \/>\nR\u00e9citer la Amida \u00e0 voix haute est donc un manque de foi. Ainsi, pourquoi fallait-il r\u00e9citer le texte sur les Bikourim \u00e0 voix haute ?<br \/>\nPourquoi cela n&rsquo;est-il pas consid\u00e9r\u00e9 \u00e9galement comme un manque de foi ?<br \/>\nEn fait, dans ce texte on disait : \u00ab L&rsquo;aram\u00e9en (Lavan) a voulu an\u00e9antir mon p\u00e8re (Yaacov) \u00bb. Or cette volont\u00e9 de Lavan ne se trouvait que dans sa pens\u00e9e. Personne ne le savait. Et Hachem a malgr\u00e9 tout contrecarr\u00e9 ses plans. Cela prouve qu&rsquo;Il conna\u00eet les pens\u00e9es.<br \/>\nAinsi, comme on disait un texte d&rsquo;o\u00f9 il ressort qu&rsquo;Hachem conna\u00eet les pens\u00e9es, on pouvait donc le r\u00e9citer \u00e0 voix haute car d\u00e8s lors, il n&rsquo;y avait plus la crainte que ce soit un manque de foi sur Sa Capacit\u00e9 d&rsquo;entendre des paroles \u00e0 voix basse. (Rabbi H\u00e9chel de Cracovie)<\/p>\n<h4><strong>\u00ab Examine depuis Ta Sainte Demeure, depuis le Ciel, et b\u00e9nit Ton peuple Isra\u00ebl \u00bb (26, 15) :<\/strong><\/h4>\n<p style=\"text-align: justify;\">Nos Sages expliquent qu&rsquo;\u00e0 chaque fois que la Thora emploie le terme \u201cExamine (Hachkifa-\u05d4\u05e9\u05e7\u05d9\u05e4\u05d4)\u201d, cela est n\u00e9gatif, en dehors de ce verset qui dit qu&rsquo;Hachem examinera pour b\u00e9nir. En effet, ce verset se situe dans le passage qui parle de la d\u00eeme que l&rsquo;on devait donner aux pauvres. Or, la Tsedaka a cette force de transformer le n\u00e9gatif en positif. Mais, pourquoi la Tsedaka a-t-elle une telle force ?<br \/>\nEn fait, la richesse comporte le risque d&rsquo;amener celui qui la poss\u00e8de \u00e0 l&rsquo;orgueil et \u00e0 s&rsquo;occuper des vanit\u00e9s de ce monde. Tout cela le conduira \u00e0 sa perte spirituelle. Mais, s&rsquo;il utilise sa richesse pour la Tsedaka, son argent lui donnera de grands m\u00e9rites et lui accordera la r\u00e9ussite spirituelle. Ainsi, la Tsedaka transforme le n\u00e9gatif, qui \u00e9mane normalement de la richesse, en positif. (Ketav Sofer)<\/p>\n<h4><strong>\u00ab Maudit soit l&rsquo;homme qui fera une statue \u00bb (27, 15) :<\/strong><\/h4>\n<p style=\"text-align: justify;\">Pourquoi le Texte s&rsquo;exprime ici au futur : \u00ab Qui fera \u00bb, et pas au pr\u00e9sent, comme dans les autres mal\u00e9dictions ?<br \/>\nEn fait, nos Sages enseignent que si quelqu&rsquo;un pense \u00e0 faire une faute, la pens\u00e9e n&rsquo;est pas consid\u00e9r\u00e9e comme une faute. A l&rsquo;exception de l&rsquo;idol\u00e2trie, o\u00f9 la pens\u00e9e de commettre cette faute, c&rsquo;est d\u00e9j\u00e0 de l&rsquo;idol\u00e2trie. C&rsquo;est pourquoi, le verset dit : \u00ab Maudit soit l&rsquo;homme qui fera une statue \u00bb. m\u00eame s&rsquo;il n&rsquo;a pas encore concr\u00e8tement commis l&rsquo;idol\u00e2trie, le simple fait qu&rsquo;il projette de le faire dans le futur, est d\u00e9j\u00e0 interdit et justifie la mal\u00e9diction. (Rabbi Chimchon d&rsquo;Ostropoli)<\/p>\n<h4><strong>\u00ab B\u00e9ni sois-tu dans la ville \u00bb (28, 3) :<\/strong><\/h4>\n<p style=\"text-align: justify;\">Le Midrash enseigne que ce verset b\u00e9nit l&rsquo;homme qu&rsquo;il puisse avoir une synagogue proche de sa maison. En plus du sens simple de cet enseignement, on peut aussi y voir en allusion un message de morale. Quand quelqu&rsquo;un se trouve \u00e0 la synagogue, en g\u00e9n\u00e9ral il s&rsquo;y comporte avec une plus grande crainte d&rsquo;Hachem et un plus grand \u00e9gard que quand il se trouve ailleurs. Mais si un homme n&rsquo;est pas influenc\u00e9 de cet atmosph\u00e8re de la synagogue quand il est chez lui, cela signifie quelque part que la synagogue est loin de chez lui. Ce verset vient souhaiter \u00e0 l&rsquo;homme que le comportement et l&rsquo;esprit de la synagogue puisse l&rsquo;impr\u00e9gner pour qu&rsquo;il en soit influenc\u00e9 m\u00eame quand il se trouve chez lui. \u00ab Que la synagogue puisse \u00eatre proche de ta maison \u00bb. (Megued Y\u00e9ra&rsquo;him)<\/p>\n<h4><strong>\u00ab Hachem te placera en t\u00eate et pas en queue \u00bb (28, 13) :<\/strong><\/h4>\n<p style=\"text-align: justify;\">Ce verset para\u00eet redondant. Si Hachem te place en t\u00eate, c&rsquo;est que tu ne seras pas en queue ?<br \/>\nEn fait, nos Sages enseignent qu&rsquo;il vaut mieux \u00eatre \u00e0 la queue des lions qu&rsquo;\u00e0 la t\u00eate des renards. Cela signifie qu&rsquo;\u00eatre \u00e0 la queue des Sages est pr\u00e9f\u00e9rable qu&rsquo;\u00eatre \u00e0 la t\u00eate des gens simples. Ainsi, certes \u00ab Hachem te placera en t\u00eate \u00bb. Mais \u00ab pas en queue \u00bb, \u00e0 traduire litt\u00e9ralement par : \u00ab pas pour la queue \u00bb. Tu ne seras pas \u00e0 la t\u00eate des gens simples, tu ne seras pas \u00e0 la t\u00eate de la queue. (Ohev Isra\u00ebl)<\/p>\n<h4><strong>\u00ab Parce que tu n&rsquo;as pas servi Hachem ton D.ieu avec joie \u00bb (28, 47) :<\/strong><\/h4>\n<p style=\"text-align: justify;\">Comment comprendre que toutes les mal\u00e9dictions de notre Paracha ne sont envoy\u00e9es que pour ne pas avoir servi Hachem dans la joie ? Sous-entendu qu&rsquo;on parle de gens qui ont malgr\u00e9 tout servi Hachem, et il ne leur manque que la joie !<br \/>\nOn peut l&rsquo;expliquer en modifiant la compr\u00e9hension de ce verset. Les mal\u00e9dictions sont envoy\u00e9es non seulement parce que tu n&rsquo;as pas servi Hachem, mais en plus parce que tu t&rsquo;en es r\u00e9joui ! \u00ab Tu n&rsquo;as pas servi Hachem ton D.ieu \u00bb, et tu as fait cela \u00ab avec joie \u00bb. Et on comprend bien-s\u00fbr que cela est tr\u00e8s grave et justifie bien les mal\u00e9dictions. (Rabbi de Kotsk)<\/p>\n<h4><strong>\u00ab Moch\u00e9 appela tout Isra\u00ebl \u00bb (29, 1) :<\/strong><\/h4>\n<p style=\"text-align: justify;\">Pourquoi, apr\u00e8s la s\u00e9rie de mal\u00e9diction, Moch\u00e9 a-t-il eu besoin d&rsquo;appeler tout le peuple ?<br \/>\nC&rsquo;est que quand les gens entendirent toutes les mal\u00e9dictions, ils en furent profond\u00e9ment touch\u00e9s et la crainte les saisit. De ce fait, ils commenc\u00e8rent \u00e0 s&rsquo;en aller un \u00e0 un. C&rsquo;est pourquoi, Moch\u00e9 a eu besoin de tous les appeler pour les refaire venir, en vue de leur transmettre \u00e0 pr\u00e9sent des paroles plus agr\u00e9ables et les apaiser. (Ozna\u00efm LaThora)<\/p>\n<h3 style=\"text-align: center;\"><strong>Le coin \u00e9tude<\/strong><\/h3>\n<p style=\"text-align: justify;\">Notre Paracha comporte une liste de b\u00e9n\u00e9dictions pr\u00e9vus pour le respect de la Thora et des Mitsvot, et une liste de mal\u00e9dictions pr\u00e9vus pour leurs transgressions. On peut constater que le nombre de mal\u00e9dictions, qui s&rsquo;\u00e9l\u00e8ve \u00e0 98, est bien plus nombreux que le nombre de b\u00e9n\u00e9dictions. Cela para\u00eet \u00e9tonnant, d&rsquo;autant que nos Sages affirment que la mesure du bien d\u00e9passe la mesure du mal.<br \/>\nDe plus, on peut s&rsquo;interroger concernant le fait m\u00eame que la Thora pr\u00e9voit des b\u00e9n\u00e9dictions dans ce monde pour les Justes. En effet, nos Sages ont enseign\u00e9 que la r\u00e9compense des Mitsvot ne se trouve pas dans ce monde. Ce sera dans le monde futur qu&rsquo;Hachem accordera les r\u00e9compenses pour les Mitsvot. Quelle est donc la place des b\u00e9n\u00e9dictions de notre Paracha ?<br \/>\nOn pourra r\u00e9pondre \u00e0 ces deux questions apr\u00e8s avoir fait remarquer une diff\u00e9rence de formule entre les b\u00e9n\u00e9dictions et les mal\u00e9dictions. Concernant ces derni\u00e8res, la Thora dit (28, 45) : \u00ab Toutes ces mal\u00e9dictions viendront sur toi, te poursuivront et t&rsquo;atteindront parce que tu n&rsquo;as pas \u00e9cout\u00e9 la Voix d&rsquo;Hachem ton D.ieu&#8230; \u00bb Les mal\u00e9dictions viennent parce que tu n&rsquo;as pas \u00e9cout\u00e9 (au pass\u00e9). En revanche, concernant les b\u00e9n\u00e9dictions, il est dit (28, 2) : \u00ab Toutes ces b\u00e9n\u00e9dictions viendront sur toi et t&rsquo;atteindront, parce que tu \u00e9couteras la Voix d&rsquo;Hachem ton D.ieu \u00bb. Les b\u00e9n\u00e9dictions viennent parce que tu \u00e9couteras (au futur).<br \/>\nPour comprendre cette diff\u00e9rence, rapportons que nos sages disent que concernant le bien, Hachem accorde des r\u00e9compenses \u00e0 l&rsquo;homme avant m\u00eame qu&rsquo;il fasse les Mitsvot. Hachem conna\u00eet le futur et, s&rsquo;Il sait qu&rsquo;un Juif va avoir des m\u00e9rites dans le futur, Il lui donnera du bien \u00e0 l&rsquo;avance, en se basant sur cette connaissance, avant m\u00eame qu&rsquo;il acquerra r\u00e9ellement ce m\u00e9rite. En revanche, il n&rsquo;en est pas de m\u00eame pour le mal. M\u00eame si Hachem sait qu&rsquo;un Juif va fauter, Il fera abstraction de cette connaissance et ne lui fera rien de mal \u00e0 l&rsquo;avance en se basant sur cette connaissance. C&rsquo;est \u00e0 ce propos que nos Sages disent qu&rsquo;Hachem juge l&rsquo;homme \u201cl\u00e0 o\u00f9 il est\u201d dans le pr\u00e9sent, sans prendre en consid\u00e9ration le futur. L&rsquo;illustration de cette diff\u00e9rence se trouve au moment de la R\u00e9v\u00e9lation Divine \u00e0 Moch\u00e9 dans le buisson ardent. Moch\u00e9 demanda \u00e0 Hachem quel est le m\u00e9rite du peuple pour pouvoir \u00eatre lib\u00e9r\u00e9 d&rsquo;Egypte. Hachem lui r\u00e9pondit : \u00ab Quand tu feras sortir ce peuple d&rsquo;Egypte, vous servirez Hachem sur cette montagne \u00bb. Il s&rsquo;agit du don de la Thora. Ainsi, Hachem r\u00e9v\u00e8le \u00e0 Moch\u00e9 que le peuple Juif m\u00e9rite d&rsquo;\u00eatre sauv\u00e9 parce qu&rsquo;il recevra la Thora suite \u00e0 leur lib\u00e9ration. M\u00eame si ce m\u00e9rite n&rsquo;\u00e9tait pas encore pr\u00e9sent, malgr\u00e9 tout Hachem l&rsquo;a consid\u00e9r\u00e9 \u00e0 l&rsquo;avance pour lib\u00e9rer le peuple Juif. Seulement, 40 jours apr\u00e8s le don de la Thora, les Juifs vont commettre la terrible faute du veau d&rsquo;or. Mais Hachem n&rsquo;a pas consid\u00e9r\u00e9 cette faute future pour emp\u00eacher la sortie d&rsquo;Egypte. Il a consid\u00e9r\u00e9 uniquement le m\u00e9rite \u00e0 venir du don de la Thora.<br \/>\nAinsi, il est clair que, comme le disent nos Sages, la r\u00e9compense pour les Mitsvot ne se trouve pas dans ce monde. Ces r\u00e9compenses n&rsquo;ont leur place que dans le monde futur. Car elles sont tellement grandes et extraordinaires qu&rsquo;elles ne pourront \u00eatre re\u00e7ues que dans le monde futur qui est \u00e9ternel. Donner des r\u00e9compenses si grandes dans ce monde, ce serait les limiter et les r\u00e9duire \u00e0 la modeste \u00e9chelle de ce monde. Aussi, les b\u00e9n\u00e9dictions de notre Paracha ne viennent pas en tant que r\u00e9compense pour les Mitsvot r\u00e9alis\u00e9es.<br \/>\nElles sont des bienfaits qu&rsquo;Hachem accordent \u00e0 l&rsquo;homme qui va \u00e9couter la Parole d&rsquo;Hachem, dans le futur, \u00ab parce que tu \u00e9couteras \u00bb.<br \/>\nHachem, Qui sait \u00e0 l&rsquo;avance que cet homme accomplira des Mitsvot, lui r\u00e9serve ces b\u00e9n\u00e9dictions \u00e0 l&rsquo;avance. C&rsquo;est pourquoi, ces b\u00e9n\u00e9dictions sont peu nombreuses. Car les v\u00e9ritables r\u00e9compenses sont bien plus grandes, mais leur place c&rsquo;est dans le monde futur.<br \/>\nEn revanche, les mal\u00e9dictions viennent parce que tu n&rsquo;as pas \u00e9cout\u00e9 la Parole Divine, elles viennent apr\u00e8s la faute. Car avant la faute, Hachem ne se base pas sur Sa Connaissance du futur pour punir.<br \/>\nOn voit aussi de l\u00e0 que pour les punitions, Hachem les r\u00e9serve dans ce monde. Car dans Sa Bont\u00e9, Il souhaite liquider le compte des fautes ici-bas, pour ne pas punir dans le monde futur, o\u00f9 les punitions sont aussi bien plus importantes, \u00e0 l&rsquo;\u00e9chelle de l&rsquo;autre monde.<\/p>\n<h3 style=\"text-align: center;\"><strong>Le coin Halakha<\/strong><\/h3>\n<p style=\"text-align: justify;\">Concernant la r\u00e9citation des 13 attributs de Mis\u00e9ricorde (Vayaavor&#8230;) que l&rsquo;on r\u00e9cite plusieurs fois dans les Seli&rsquo;hot, ce texte doit \u00eatre r\u00e9cit\u00e9 debout. il convient \u00e0 priori de ne les dire que quand il y a un Minyan. En effet, le Midrash dit qu&rsquo;Hachem s&rsquo;est envelopp\u00e9 d&rsquo;un Talit et les a prononc\u00e9s comme un officiant. Ainsi, il ressort que ce passage doit \u00eatre lu quand il y a un officiant, c&rsquo;est \u00e0 dire quand il y a Minyan. Malgr\u00e9 tout, certains pensent que m\u00eame s&rsquo;il est seul, il pourra r\u00e9citer ce texte en le lisant en suivant les Ta&rsquo;amim (l&rsquo;air de la Thora). Certains pensent m\u00eame que comme Hachem s&rsquo;est envelopp\u00e9 d&rsquo;un Talit pour le r\u00e9citer, c&rsquo;est pourquoi on ne le lira que si on a un Talit, sinon il faudra les r\u00e9citer avec les Taamim (comme dans les Seli&rsquo;hot ou \u00e0 Min&rsquo;ha o\u00f9 on n&rsquo;a pas de Talit). Il est bon de suivre cet avis quand c&rsquo;est possible, mais ce n&rsquo;est pas une stricte obligation. Il est tr\u00e8s important de faire une pause entre la lecture des deux Noms d&rsquo;Hachem au d\u00e9but de ce texte, en disant : \u00ab Ado &#8211; nay (pause) Ado \u2013 nay, E-l Ra&rsquo;houm&#8230; \u00bb. Le Ari Zal insistait sur ce point.<br \/>\nL&rsquo;une des raisons est que ces deux Noms se r\u00e9f\u00e8rent \u00e0 deux Attitudes d&rsquo;Hachem : 1) avec celui qui n&rsquo;a pas faut\u00e9, et 2) apr\u00e8s la faute.<\/p>\n<h3 style=\"text-align: center;\"><strong>Le coin histoire<\/strong><\/h3>\n<p style=\"text-align: justify;\">Rabbi Leib Mirakach \u00e9tait affair\u00e9 \u00e0 l&rsquo;\u00e9tude de la Thora toute la journ\u00e9e tandis que sa femme tenait un magasin de tissus. Un jour, elle lui demanda d&rsquo;aller dans la grande ville pendant la p\u00e9riode de la foire pour lui acheter des tissus pr\u00e9cis. Quand il y arriva, il apprit que le march\u00e9 durera un mois. Aussi, il se mit \u00e0 \u00e9tudier et le dernier jour, il alla acheter les tissus. Mais il n&rsquo;en trouva plus. Sauf un marchand qui lui proposa du tissu rouge d&rsquo;une tr\u00e8s grande valeur qui servait \u00e0 confectionner les v\u00eatements des ministres. Il en acheta avec tout son argent. De retour chez lui, en voyant ce tissu, sa femme s&rsquo;\u00e9cria : \u00ab Mais qu&rsquo;allons-nous faire avec tout cela ? Qui nous en ach\u00e8tera ?! \u00bb Alors, le Rav la calma en lui enjoignant de garder sa confiance en Hachem. C&rsquo;est Lui Qui octroie la subsistance.<br \/>\nQuelques jours pass\u00e8rent, et un messager du gouverneur arriva au magasin pour acheter quelques centaines de m\u00e8tres de ce tissu. De fa\u00e7on incroyable, le gouverneur avait d\u00e9cid\u00e9 d&rsquo;habiller tous ses ministres et serviteurs avec du tissu rouge !<br \/>\nCe r\u00e9cit montre que pour Hachem tout est possible, m\u00eame ce qui semble le plus improbable. Nous devons jamais d\u00e9sesp\u00e9rer. Quand on garde confiance en Lui, on s&rsquo;aper\u00e7oit de Sa Grandeur \u00e0 travers les merveilles qu&rsquo;Il r\u00e9alise pour nous aider.<\/p>\n<h3 style=\"text-align: center;\"><strong>Le coin &lsquo;Hizouk<\/strong><\/h3>\n<p style=\"text-align: justify;\">Le verset dit : \u00ab De nombreux maux (survient au) Juste, mais Hachem le sauve de tout \u00bb. On peut l&rsquo;expliquer ainsi. M\u00eame si un homme a commis \u00ab de nombreux maux \u00bb, c&rsquo;est \u00e0 dire de nombreux m\u00e9faits, s&rsquo;il d\u00e9cide de se repentir et de devenir un \u00ab Juste \u00bb, alors Hachem le sauvera de tout. Hachem l&rsquo;aidera \u00e0 d\u00e9passer toutes les difficult\u00e9s, les blocages. Aucun emp\u00eachements ne pourra le bloquer. (Imr\u00e9 Y\u00e9houda)<\/p>\n<hr \/>\n<p><strong>Chabbat Chalom !<\/strong><\/p>\n","protected":false},"excerpt":{"rendered":"<p>Paracha Ki-Tavo \/ \u05e4\u05e8\u05e9\u05d4 \u05db\u05d9 \u05ea\u05d1\u05d5\u05d0 20\/21 septembre 2019 &#8211; 21 Eloul 5779 \/ \u05db&rsquo;\u05d0 \u05d0\u05dc\u05d5\u05dc \u05d4-\u05ea\u05e9\u05e2&rsquo;\u05d8 D\u00e9but : 19h36 &#8211; Fin : 20h40 Chabbat des jeunes : A l&rsquo;occasion du Chabbat des jeunes, la lecture de la Paracha et les offices seront assur\u00e9s par les jeunes de la communaut\u00e9. Les Horaires : Vendredi soir &hellip; <\/p>\n<p><a class=\"more-link btn\" href=\"https:\/\/acjbb-sud.org\/index.php\/2019\/09\/19\/chabbat-ki-tavo-5779\/\">Lire la suite<\/a><\/p>\n","protected":false},"author":1,"featured_media":2195,"comment_status":"open","ping_status":"open","sticky":false,"template":"","format":"standard","meta":{"jetpack_post_was_ever_published":false,"_jetpack_newsletter_access":"","_jetpack_dont_email_post_to_subs":false,"_jetpack_newsletter_tier_id":0,"_jetpack_memberships_contains_paywalled_content":false,"_jetpack_memberships_contains_paid_content":false,"footnotes":"","jetpack_publicize_message":"","jetpack_publicize_feature_enabled":true,"jetpack_social_post_already_shared":true,"jetpack_social_options":{"image_generator_settings":{"template":"highway","default_image_id":0,"font":"","enabled":false},"version":2}},"categories":[3,4],"tags":[47,84],"class_list":["post-2962","post","type-post","status-publish","format-standard","has-post-thumbnail","hentry","category-chabbat","category-chabbat-des-jeunes","tag-chabbat","tag-ki-tavo","item-wrap"],"yoast_head":"<!-- This site is optimized with the Yoast SEO plugin v26.6 - https:\/\/yoast.com\/wordpress\/plugins\/seo\/ -->\n<title>Chabbat Ki-Tavo - Synagogue ACJBB Boulogne Sud<\/title>\n<meta name=\"robots\" content=\"index, follow, max-snippet:-1, max-image-preview:large, max-video-preview:-1\" \/>\n<link rel=\"canonical\" href=\"https:\/\/acjbb-sud.org\/index.php\/2019\/09\/19\/chabbat-ki-tavo-5779\/\" \/>\n<meta property=\"og:locale\" content=\"fr_FR\" \/>\n<meta property=\"og:type\" content=\"article\" \/>\n<meta property=\"og:title\" content=\"Chabbat Ki-Tavo - Synagogue ACJBB Boulogne Sud\" \/>\n<meta property=\"og:description\" content=\"Paracha Ki-Tavo \/ \u05e4\u05e8\u05e9\u05d4 \u05db\u05d9 \u05ea\u05d1\u05d5\u05d0 20\/21 septembre 2019 &#8211; 21 Eloul 5779 \/ \u05db&rsquo;\u05d0 \u05d0\u05dc\u05d5\u05dc \u05d4-\u05ea\u05e9\u05e2&rsquo;\u05d8 D\u00e9but : 19h36 &#8211; Fin : 20h40 Chabbat des jeunes : A l&rsquo;occasion du Chabbat des jeunes, la lecture de la Paracha et les offices seront assur\u00e9s par les jeunes de la communaut\u00e9. Les Horaires : Vendredi soir &hellip; Lire la suite\" \/>\n<meta property=\"og:url\" content=\"https:\/\/acjbb-sud.org\/index.php\/2019\/09\/19\/chabbat-ki-tavo-5779\/\" \/>\n<meta property=\"og:site_name\" content=\"Synagogue ACJBB Boulogne Sud\" \/>\n<meta property=\"article:published_time\" content=\"2019-09-19T10:12:19+00:00\" \/>\n<meta property=\"article:modified_time\" content=\"2019-09-26T15:35:18+00:00\" \/>\n<meta property=\"og:image\" content=\"https:\/\/acjbb-sud.org\/wp-content\/uploads\/2018\/10\/ACJBB-Sud-Chabbat-halots-bougies-vin-600-logos-v2.jpg\" \/>\n\t<meta property=\"og:image:width\" content=\"615\" \/>\n\t<meta property=\"og:image:height\" content=\"433\" \/>\n\t<meta property=\"og:image:type\" content=\"image\/jpeg\" \/>\n<meta name=\"author\" content=\"AcjbbSud\" \/>\n<meta name=\"twitter:card\" content=\"summary_large_image\" \/>\n<meta name=\"twitter:label1\" content=\"\u00c9crit par\" \/>\n\t<meta name=\"twitter:data1\" content=\"AcjbbSud\" \/>\n\t<meta name=\"twitter:label2\" content=\"Dur\u00e9e de lecture estim\u00e9e\" \/>\n\t<meta name=\"twitter:data2\" content=\"24 minutes\" \/>\n<script type=\"application\/ld+json\" class=\"yoast-schema-graph\">{\"@context\":\"https:\/\/schema.org\",\"@graph\":[{\"@type\":\"WebPage\",\"@id\":\"https:\/\/acjbb-sud.org\/index.php\/2019\/09\/19\/chabbat-ki-tavo-5779\/\",\"url\":\"https:\/\/acjbb-sud.org\/index.php\/2019\/09\/19\/chabbat-ki-tavo-5779\/\",\"name\":\"Chabbat Ki-Tavo - Synagogue ACJBB Boulogne Sud\",\"isPartOf\":{\"@id\":\"https:\/\/acjbb-sud.org\/#website\"},\"primaryImageOfPage\":{\"@id\":\"https:\/\/acjbb-sud.org\/index.php\/2019\/09\/19\/chabbat-ki-tavo-5779\/#primaryimage\"},\"image\":{\"@id\":\"https:\/\/acjbb-sud.org\/index.php\/2019\/09\/19\/chabbat-ki-tavo-5779\/#primaryimage\"},\"thumbnailUrl\":\"https:\/\/acjbb-sud.org\/wp-content\/uploads\/2018\/10\/ACJBB-Sud-Chabbat-halots-bougies-vin-600-logos-v2.jpg\",\"datePublished\":\"2019-09-19T10:12:19+00:00\",\"dateModified\":\"2019-09-26T15:35:18+00:00\",\"author\":{\"@id\":\"https:\/\/acjbb-sud.org\/#\/schema\/person\/adc8f09fb72c9d0dc78509106dc5e9f0\"},\"breadcrumb\":{\"@id\":\"https:\/\/acjbb-sud.org\/index.php\/2019\/09\/19\/chabbat-ki-tavo-5779\/#breadcrumb\"},\"inLanguage\":\"fr-FR\",\"potentialAction\":[{\"@type\":\"ReadAction\",\"target\":[\"https:\/\/acjbb-sud.org\/index.php\/2019\/09\/19\/chabbat-ki-tavo-5779\/\"]}]},{\"@type\":\"ImageObject\",\"inLanguage\":\"fr-FR\",\"@id\":\"https:\/\/acjbb-sud.org\/index.php\/2019\/09\/19\/chabbat-ki-tavo-5779\/#primaryimage\",\"url\":\"https:\/\/acjbb-sud.org\/wp-content\/uploads\/2018\/10\/ACJBB-Sud-Chabbat-halots-bougies-vin-600-logos-v2.jpg\",\"contentUrl\":\"https:\/\/acjbb-sud.org\/wp-content\/uploads\/2018\/10\/ACJBB-Sud-Chabbat-halots-bougies-vin-600-logos-v2.jpg\",\"width\":615,\"height\":433},{\"@type\":\"BreadcrumbList\",\"@id\":\"https:\/\/acjbb-sud.org\/index.php\/2019\/09\/19\/chabbat-ki-tavo-5779\/#breadcrumb\",\"itemListElement\":[{\"@type\":\"ListItem\",\"position\":1,\"name\":\"Accueil\",\"item\":\"https:\/\/acjbb-sud.org\/\"},{\"@type\":\"ListItem\",\"position\":2,\"name\":\"Chabbat Ki-Tavo\"}]},{\"@type\":\"WebSite\",\"@id\":\"https:\/\/acjbb-sud.org\/#website\",\"url\":\"https:\/\/acjbb-sud.org\/\",\"name\":\"Synagogue ACJBB Boulogne Sud\",\"description\":\"Synagogue \/ Association Communautaire Juive de Boulogne Billancourt (Sud)\",\"potentialAction\":[{\"@type\":\"SearchAction\",\"target\":{\"@type\":\"EntryPoint\",\"urlTemplate\":\"https:\/\/acjbb-sud.org\/?s={search_term_string}\"},\"query-input\":{\"@type\":\"PropertyValueSpecification\",\"valueRequired\":true,\"valueName\":\"search_term_string\"}}],\"inLanguage\":\"fr-FR\"},{\"@type\":\"Person\",\"@id\":\"https:\/\/acjbb-sud.org\/#\/schema\/person\/adc8f09fb72c9d0dc78509106dc5e9f0\",\"name\":\"AcjbbSud\",\"image\":{\"@type\":\"ImageObject\",\"inLanguage\":\"fr-FR\",\"@id\":\"https:\/\/acjbb-sud.org\/#\/schema\/person\/image\/\",\"url\":\"https:\/\/secure.gravatar.com\/avatar\/ea30fe7a8231c8c0bf30066f86006714af7be34ba414543eaab3e453b92901aa?s=96&d=mm&r=g\",\"contentUrl\":\"https:\/\/secure.gravatar.com\/avatar\/ea30fe7a8231c8c0bf30066f86006714af7be34ba414543eaab3e453b92901aa?s=96&d=mm&r=g\",\"caption\":\"AcjbbSud\"},\"url\":\"https:\/\/acjbb-sud.org\/index.php\/author\/acjbbsud\/\"}]}<\/script>\n<!-- \/ Yoast SEO plugin. -->","yoast_head_json":{"title":"Chabbat Ki-Tavo - Synagogue ACJBB Boulogne Sud","robots":{"index":"index","follow":"follow","max-snippet":"max-snippet:-1","max-image-preview":"max-image-preview:large","max-video-preview":"max-video-preview:-1"},"canonical":"https:\/\/acjbb-sud.org\/index.php\/2019\/09\/19\/chabbat-ki-tavo-5779\/","og_locale":"fr_FR","og_type":"article","og_title":"Chabbat Ki-Tavo - Synagogue ACJBB Boulogne Sud","og_description":"Paracha Ki-Tavo \/ \u05e4\u05e8\u05e9\u05d4 \u05db\u05d9 \u05ea\u05d1\u05d5\u05d0 20\/21 septembre 2019 &#8211; 21 Eloul 5779 \/ \u05db&rsquo;\u05d0 \u05d0\u05dc\u05d5\u05dc \u05d4-\u05ea\u05e9\u05e2&rsquo;\u05d8 D\u00e9but : 19h36 &#8211; Fin : 20h40 Chabbat des jeunes : A l&rsquo;occasion du Chabbat des jeunes, la lecture de la Paracha et les offices seront assur\u00e9s par les jeunes de la communaut\u00e9. Les Horaires : Vendredi soir &hellip; Lire la suite","og_url":"https:\/\/acjbb-sud.org\/index.php\/2019\/09\/19\/chabbat-ki-tavo-5779\/","og_site_name":"Synagogue ACJBB Boulogne Sud","article_published_time":"2019-09-19T10:12:19+00:00","article_modified_time":"2019-09-26T15:35:18+00:00","og_image":[{"width":615,"height":433,"url":"https:\/\/acjbb-sud.org\/wp-content\/uploads\/2018\/10\/ACJBB-Sud-Chabbat-halots-bougies-vin-600-logos-v2.jpg","type":"image\/jpeg"}],"author":"AcjbbSud","twitter_card":"summary_large_image","twitter_misc":{"\u00c9crit par":"AcjbbSud","Dur\u00e9e de lecture estim\u00e9e":"24 minutes"},"schema":{"@context":"https:\/\/schema.org","@graph":[{"@type":"WebPage","@id":"https:\/\/acjbb-sud.org\/index.php\/2019\/09\/19\/chabbat-ki-tavo-5779\/","url":"https:\/\/acjbb-sud.org\/index.php\/2019\/09\/19\/chabbat-ki-tavo-5779\/","name":"Chabbat Ki-Tavo - Synagogue ACJBB Boulogne Sud","isPartOf":{"@id":"https:\/\/acjbb-sud.org\/#website"},"primaryImageOfPage":{"@id":"https:\/\/acjbb-sud.org\/index.php\/2019\/09\/19\/chabbat-ki-tavo-5779\/#primaryimage"},"image":{"@id":"https:\/\/acjbb-sud.org\/index.php\/2019\/09\/19\/chabbat-ki-tavo-5779\/#primaryimage"},"thumbnailUrl":"https:\/\/acjbb-sud.org\/wp-content\/uploads\/2018\/10\/ACJBB-Sud-Chabbat-halots-bougies-vin-600-logos-v2.jpg","datePublished":"2019-09-19T10:12:19+00:00","dateModified":"2019-09-26T15:35:18+00:00","author":{"@id":"https:\/\/acjbb-sud.org\/#\/schema\/person\/adc8f09fb72c9d0dc78509106dc5e9f0"},"breadcrumb":{"@id":"https:\/\/acjbb-sud.org\/index.php\/2019\/09\/19\/chabbat-ki-tavo-5779\/#breadcrumb"},"inLanguage":"fr-FR","potentialAction":[{"@type":"ReadAction","target":["https:\/\/acjbb-sud.org\/index.php\/2019\/09\/19\/chabbat-ki-tavo-5779\/"]}]},{"@type":"ImageObject","inLanguage":"fr-FR","@id":"https:\/\/acjbb-sud.org\/index.php\/2019\/09\/19\/chabbat-ki-tavo-5779\/#primaryimage","url":"https:\/\/acjbb-sud.org\/wp-content\/uploads\/2018\/10\/ACJBB-Sud-Chabbat-halots-bougies-vin-600-logos-v2.jpg","contentUrl":"https:\/\/acjbb-sud.org\/wp-content\/uploads\/2018\/10\/ACJBB-Sud-Chabbat-halots-bougies-vin-600-logos-v2.jpg","width":615,"height":433},{"@type":"BreadcrumbList","@id":"https:\/\/acjbb-sud.org\/index.php\/2019\/09\/19\/chabbat-ki-tavo-5779\/#breadcrumb","itemListElement":[{"@type":"ListItem","position":1,"name":"Accueil","item":"https:\/\/acjbb-sud.org\/"},{"@type":"ListItem","position":2,"name":"Chabbat Ki-Tavo"}]},{"@type":"WebSite","@id":"https:\/\/acjbb-sud.org\/#website","url":"https:\/\/acjbb-sud.org\/","name":"Synagogue ACJBB Boulogne Sud","description":"Synagogue \/ Association Communautaire Juive de Boulogne Billancourt (Sud)","potentialAction":[{"@type":"SearchAction","target":{"@type":"EntryPoint","urlTemplate":"https:\/\/acjbb-sud.org\/?s={search_term_string}"},"query-input":{"@type":"PropertyValueSpecification","valueRequired":true,"valueName":"search_term_string"}}],"inLanguage":"fr-FR"},{"@type":"Person","@id":"https:\/\/acjbb-sud.org\/#\/schema\/person\/adc8f09fb72c9d0dc78509106dc5e9f0","name":"AcjbbSud","image":{"@type":"ImageObject","inLanguage":"fr-FR","@id":"https:\/\/acjbb-sud.org\/#\/schema\/person\/image\/","url":"https:\/\/secure.gravatar.com\/avatar\/ea30fe7a8231c8c0bf30066f86006714af7be34ba414543eaab3e453b92901aa?s=96&d=mm&r=g","contentUrl":"https:\/\/secure.gravatar.com\/avatar\/ea30fe7a8231c8c0bf30066f86006714af7be34ba414543eaab3e453b92901aa?s=96&d=mm&r=g","caption":"AcjbbSud"},"url":"https:\/\/acjbb-sud.org\/index.php\/author\/acjbbsud\/"}]}},"jetpack_publicize_connections":[],"jetpack_featured_media_url":"https:\/\/acjbb-sud.org\/wp-content\/uploads\/2018\/10\/ACJBB-Sud-Chabbat-halots-bougies-vin-600-logos-v2.jpg","jetpack_sharing_enabled":true,"jetpack_shortlink":"https:\/\/wp.me\/p7sjOI-LM","jetpack_likes_enabled":true,"_links":{"self":[{"href":"https:\/\/acjbb-sud.org\/index.php\/wp-json\/wp\/v2\/posts\/2962","targetHints":{"allow":["GET"]}}],"collection":[{"href":"https:\/\/acjbb-sud.org\/index.php\/wp-json\/wp\/v2\/posts"}],"about":[{"href":"https:\/\/acjbb-sud.org\/index.php\/wp-json\/wp\/v2\/types\/post"}],"author":[{"embeddable":true,"href":"https:\/\/acjbb-sud.org\/index.php\/wp-json\/wp\/v2\/users\/1"}],"replies":[{"embeddable":true,"href":"https:\/\/acjbb-sud.org\/index.php\/wp-json\/wp\/v2\/comments?post=2962"}],"version-history":[{"count":11,"href":"https:\/\/acjbb-sud.org\/index.php\/wp-json\/wp\/v2\/posts\/2962\/revisions"}],"predecessor-version":[{"id":3016,"href":"https:\/\/acjbb-sud.org\/index.php\/wp-json\/wp\/v2\/posts\/2962\/revisions\/3016"}],"wp:featuredmedia":[{"embeddable":true,"href":"https:\/\/acjbb-sud.org\/index.php\/wp-json\/wp\/v2\/media\/2195"}],"wp:attachment":[{"href":"https:\/\/acjbb-sud.org\/index.php\/wp-json\/wp\/v2\/media?parent=2962"}],"wp:term":[{"taxonomy":"category","embeddable":true,"href":"https:\/\/acjbb-sud.org\/index.php\/wp-json\/wp\/v2\/categories?post=2962"},{"taxonomy":"post_tag","embeddable":true,"href":"https:\/\/acjbb-sud.org\/index.php\/wp-json\/wp\/v2\/tags?post=2962"}],"curies":[{"name":"wp","href":"https:\/\/api.w.org\/{rel}","templated":true}]}}