{"id":3168,"date":"2019-11-13T17:06:41","date_gmt":"2019-11-13T16:06:41","guid":{"rendered":"https:\/\/acjbb-sud.org\/?p=3168"},"modified":"2019-11-15T09:06:13","modified_gmt":"2019-11-15T08:06:13","slug":"chabbat-vayera-5780","status":"publish","type":"post","link":"https:\/\/acjbb-sud.org\/index.php\/2019\/11\/13\/chabbat-vayera-5780\/","title":{"rendered":"Chabbat Vay\u00e9ra"},"content":{"rendered":"<h3 style=\"text-align: center; padding-left: 30px;\"><strong>Paracha Vay\u00e9ra \/ <span dir=\"RTL\" lang=\"HE\">\u05e4\u05e8\u05e9\u05d4 \u05d5\u05d9\u05e8\u05d0<\/span><\/strong><\/h3>\n<h4 style=\"text-align: center;\"><strong>15\/16 novembre 2019 &#8211; 18 &lsquo;Hechvan 5780 \/ <span dir=\"RTL\" lang=\"HE\">\u05d9&rsquo;\u05d7 \u05d7\u05e9\u05d5\u05df \u05d4-\u05ea\u05e9&rsquo;\u05e3<\/span><\/strong><\/h4>\n<h4 style=\"text-align: center;\"><em><strong>D\u00e9but : 16h53 &#8211; Fin : 18h01<\/strong><\/em><\/h4>\n<p style=\"text-align: justify;\"><img loading=\"lazy\" decoding=\"async\" class=\"wp-image-2195 size-full aligncenter\" src=\"https:\/\/acjbb-sud.org\/wp-content\/uploads\/2018\/10\/ACJBB-Sud-Chabbat-halots-bougies-vin-600-logos-v2.jpg\" alt=\"\" width=\"615\" height=\"433\" srcset=\"https:\/\/acjbb-sud.org\/wp-content\/uploads\/2018\/10\/ACJBB-Sud-Chabbat-halots-bougies-vin-600-logos-v2.jpg 615w, https:\/\/acjbb-sud.org\/wp-content\/uploads\/2018\/10\/ACJBB-Sud-Chabbat-halots-bougies-vin-600-logos-v2-300x211.jpg 300w\" sizes=\"auto, (max-width: 615px) 100vw, 615px\" \/><\/p>\n<p>Ce Chabbat, nous avons le plaisir d\u2019accueillir le <strong>Rav Haim ELHADDAD<\/strong>, <strong>Roch Kolel Sanhedria \u00e0 J\u00e9rusalem<\/strong>.<\/p>\n<h3><strong><span style=\"text-decoration: underline;\">Les Horaires :<\/span> <\/strong><\/h3>\n<p><em><strong>Vendredi soir :<\/strong><\/em><br \/>\n<strong>16h50<\/strong> : Allumage des bougies et entr\u00e9e de Chabbat (heure maximum pour l&rsquo;allumage : <span style=\"color: #ff0000;\"><strong>16h53<\/strong><\/span>)<br \/>\n<strong>16h45<\/strong> : Min&rsquo;ha, suivi d&rsquo;un cours de Hala&rsquo;hot<br \/>\n<strong>17h45<\/strong> : Chir haChirim, suivi de Kabbalat Chabbat et Arvit<br \/>\nD\u2019var Thora par le <strong>Rav Mika\u00ebl MOUYAL<\/strong><\/p>\n<p><strong><em>Samedi matin :<\/em><\/strong><br \/>\n<strong>09h00<\/strong> : Cha\u2019harit<br \/>\nL\u2019office sera suivi d\u2019un kiddouch communautaire<br \/>\nApr\u00e8s l\u2019office, cours mixte sur la Paracha par le <strong>Rabbin Mickael MOUYAL<\/strong><\/p>\n<p><em><strong>Samedi apr\u00e8s-midi :<\/strong><\/em><br \/>\n<strong>16h00<\/strong> : T\u00e9hilim &#8211; Lecture collective des T\u00e9hilim &#8211; Alpha\/Beta<br \/>\n<strong>16h15<\/strong> : Min\u2019ha Suivi de la S\u00e9ouda Ch\u00e9lichit, des chants de Chabbat et du D\u2019var Thora par le <strong>Rav Mika\u00ebl MOUYAL<\/strong><br \/>\n<strong>17h09<\/strong> : Shquiya \/ <span dir=\"RTL\" lang=\"HE\">\u05e9\u05e7\u05e2\u05ea \u05d4\u05d7\u05de\u05d4<\/span><\/p>\n<p><strong><em>Samedi soir :<\/em><\/strong><br \/>\n<strong>18h01<\/strong> : Fin de Chabbat, Arvit et Havdala<\/p>\n<p><strong>18h15<\/strong> : Cours mixte durant une demie-heure apr\u00e8s la Havdala. Le <strong>Rabbin Mickael MOUYAL<\/strong> vous offre la possibilit\u00e9 d\u2019\u00e9tudier le livre \u00ab <strong>Al\u00e9 Chour<\/strong> \u00bb afin de construire sa personnalit\u00e9.<br \/>\nLe Al\u00e9 Chour est un v\u00e9ritable classique de la philosophie rabbinique r\u00e9dig\u00e9 par le <strong>Rav Chlomo WOLBE<\/strong>.<\/p>\n<p><strong><em>Dimanche matin :<\/em> <\/strong><br \/>\n<strong>08h00<\/strong> : Cha\u2019harit<\/p>\n<p><strong><em><u>Lundi et Jeudi :<\/u><\/em><\/strong><br \/>\n<strong>7h10<\/strong> : Cha&rsquo;harit<\/p>\n<p><strong>Chabbat Chalom !<\/strong><\/p>\n<p><!--more--><\/p>\n<hr \/>\n<h3><strong><span style=\"text-decoration: underline;\">Offices et cours de la semaine \u00e0 la Synagogue :<\/span><br \/>\n<\/strong><\/h3>\n<p><em>43 rue des abondances<\/em><\/p>\n<p><strong><em>Cha\u2019harit &#8211; 1er office :<\/em><\/strong><br \/>\n<em><u>Lundi et jeudi :<\/u><\/em><br \/>\n<strong>6h55<\/strong> : Cha&rsquo;harit<br \/>\n<em><u>Mardi, mercredi et vendredi :<\/u><\/em><br \/>\n<strong>7h00<\/strong> : Cha&rsquo;harit<br \/>\n<em><u>Dimanche :<\/u><\/em><br \/>\n<strong>8h00<\/strong> : Cha&rsquo;harit<\/p>\n<p><strong><em>Cha\u2019harit &#8211; 2\u00e8me Office :<\/em><\/strong><br \/>\n<strong>7h45<\/strong> : dans la Soucah\/Pergola<br \/>\nsuivi d&rsquo;une \u00e9tude par le <strong>Rabbin Didier Kassabi<\/strong> du lundi au jeudi, et par le <strong>Rav Avner Ibgui<\/strong> le vendredi<\/p>\n<p><strong><em>Min\u2019ha :<\/em><\/strong><br \/>\n<strong>13h30<\/strong> : du dimanche au jeudi (repas et cours \u00e0 partir de 13h00)<\/p>\n<p><strong><em>Arvit :<\/em><\/strong><br \/>\n<strong>19h30<\/strong> : du dimanche au jeudi<\/p>\n<p>Retrouvez les horaires de la synagogue <a href=\"https:\/\/synaboulogne.com\/horaires-offices\/\" target=\"_blank\" rel=\"noopener noreferrer\">ici<\/a>.<\/p>\n<hr \/>\n<h3><strong><span style=\"text-decoration: underline;\">Beth Hamidrach :<\/span><br \/>\n<\/strong><\/h3>\n<p style=\"text-align: justify;\">Le <strong>Rabbin Didier Kassabi<\/strong> donne un cours de Gu\u00e9mara chaque lundi soir \u00e0 20h00 \u00e0 la Synagogue de Boulogne Billancourt, 43 rue des abondances.<\/p>\n<p><img decoding=\"async\" class=\"aligncenter wp-image-2318 size-large\" src=\"https:\/\/acjbb-sud.org\/wp-content\/uploads\/2018\/12\/Rav-Didier-Kassabi-ACJBB-Boulogne-Sud-1024x656.jpg\" alt=\"\" width=\"600\" srcset=\"https:\/\/acjbb-sud.org\/wp-content\/uploads\/2018\/12\/Rav-Didier-Kassabi-ACJBB-Boulogne-Sud-1024x656.jpg 1024w, https:\/\/acjbb-sud.org\/wp-content\/uploads\/2018\/12\/Rav-Didier-Kassabi-ACJBB-Boulogne-Sud-300x192.jpg 300w, https:\/\/acjbb-sud.org\/wp-content\/uploads\/2018\/12\/Rav-Didier-Kassabi-ACJBB-Boulogne-Sud-768x492.jpg 768w, https:\/\/acjbb-sud.org\/wp-content\/uploads\/2018\/12\/Rav-Didier-Kassabi-ACJBB-Boulogne-Sud.jpg 1588w\" sizes=\"(max-width: 1024px) 100vw, 1024px\" \/><\/p>\n<p>Retrouvez tous les cours du Rabbin Kassabi <a href=\"https:\/\/acjbb-sud.org\/index.php\/cours-du-rabbin-kassabi\/\" target=\"_blank\" rel=\"noopener noreferrer\">sur cette page<\/a> !!<\/p>\n<p>Retrouvez toutes les informations et tous les cours du <em><strong>Beth Hamidrach de Boulogne<\/strong><\/em> sur <a href=\"https:\/\/synaboulogne.com\/beth-hamidrach\/\" target=\"_blank\" rel=\"noopener noreferrer\">cette page<\/a> !<\/p>\n<hr \/>\n<h3><strong><span style=\"text-decoration: underline;\">Talmud Thorah :<\/span><br \/>\n<\/strong><\/h3>\n<h4>Message \u00e0 tous les Parents<\/h4>\n<p>Tous les parents ont le devoir d&rsquo;assurer l&rsquo;\u00e9ducation juive de leurs enfants. Cette transmission passe naturellement par ce qui est v\u00e9cu au c\u0153ur du foyer mais elle doit \u00eatre sublim\u00e9e par un enseignement traditionnel dans le cadre de nos structures communautaires.<br \/>\nC&rsquo;est dans cette optique que notre Talmud Torah ouvre ses portes afin d&rsquo;y accueillir vos enfants.<\/p>\n<p>\u00c0 partir de leur rentr\u00e9e en CE1, aucun enfant de la communaut\u00e9 ne doit rester en marge de la d\u00e9couverte de leur juda\u00efsme.<\/p>\n<p>N\u2019h\u00e9sitez pas \u00e0 <a href=\"mailto:didierkassabi@gmail.com?subject=&quot;Talmud Torah Boulogne&quot;\" target=\"_blank\" rel=\"noopener noreferrer\">contacter notre Rabbin Didier KASSABI<\/a> pour toute demande de renseignements.<\/p>\n<hr \/>\n<h3><strong><span style=\"text-decoration: underline;\">Activit\u00e9 du Bn\u00e9 Akiva :<\/span><br \/>\n<\/strong><\/h3>\n<p>Cette semaine, l&rsquo;activit\u00e9 de Chabbat du Bn\u00e9 Akiva a lieu \u00e0 la <strong>Synagogue de Boulogne, 43 rue des abondances<\/strong> \u00e0 partir de 16h30.<\/p>\n<p><em><strong>Information aux parents :<\/strong><\/em> pour avoir toutes les informations sur les activit\u00e9s du Bn\u00e9 Akiva, pour \u00e9changer avec les madri&rsquo;him, vous pouvez rejoindre le groupe WhatsApp BNE AKIVA &#8211; Parents et Madri&rsquo;him en cliquant sur le lien <a href=\"http:\/\/bit.ly\/2nVbURP\" target=\"_blank\" rel=\"noopener noreferrer\">http:\/\/bit.ly\/2nVbURP<\/a><\/p>\n<p><a href=\"https:\/\/acjbb-sud.org\/wp-content\/uploads\/2019\/11\/ACJBB-activite-bne-akiva-chabbat-vayera-5780.png\"><img loading=\"lazy\" decoding=\"async\" class=\"aligncenter wp-image-3182 size-full\" src=\"https:\/\/acjbb-sud.org\/wp-content\/uploads\/2019\/11\/ACJBB-activite-bne-akiva-chabbat-vayera-5780.png\" alt=\"\" width=\"480\" height=\"672\" srcset=\"https:\/\/acjbb-sud.org\/wp-content\/uploads\/2019\/11\/ACJBB-activite-bne-akiva-chabbat-vayera-5780.png 480w, https:\/\/acjbb-sud.org\/wp-content\/uploads\/2019\/11\/ACJBB-activite-bne-akiva-chabbat-vayera-5780-214x300.png 214w\" sizes=\"auto, (max-width: 480px) 100vw, 480px\" \/><\/a><\/p>\n<hr \/>\n<h3><strong><span style=\"text-decoration: underline;\">\u00ab Les AMIS de la REFOUA \u00bb &#8211; Visite aux malades :<\/span><br \/>\n<\/strong><\/h3>\n<p style=\"text-align: justify;\">Des b\u00e9n\u00e9voles de Boulogne proposent aux personnes qui le demandent : l&rsquo;organisation d&rsquo;une chaine de lecture de T\u00e9hilims pour la gu\u00e9rison de nos malades, de prendre de leurs nouvelles et leur rendre visite dans les h\u00f4pitaux.<br \/>\nCes actions se font dans la plus grande discr\u00e9tion et s&rsquo;inscrivent dans le cadre du b\u00e9n\u00e9volat.<br \/>\nVous pourrez joindre &#8211; <em>les AMIS de la REFOUA<\/em> &#8211; au 06.03.75.34.15, ou par courriel \u00e0 : <a href=\"mailto:israelalbert1@gmail.com\">israelalbert1@gmail.com<\/a><br \/>\nVous pouvez aussi faire partie de ces b\u00e9n\u00e9voles, nous vous remercions par avance.<\/p>\n<hr \/>\n<h3><strong><span style=\"text-decoration: underline;\">Information ACJBB Boulogne Sud :<\/span><br \/>\n<\/strong><\/h3>\n<p style=\"text-align: justify;\">Retrouvez toutes les informations de l\u2019office sur : <a href=\"http:\/\/www.acjbb-sud.org\" target=\"_blank\" rel=\"noopener noreferrer\">www.acjbb-sud.org<\/a>.<br \/>\nSi vous souhaitez recevoir par mail la newsletter de l&rsquo;office, inscrivez-vous en nous envoyant un mail \u00e0 <a href=\"mailto:officeboulognesud@gmail.com\">officeboulognesud@gmail.com<\/a>.<br \/>\nRetrouvez \u00e9galement toutes les informations sur la page Facebook de l&rsquo;office : <a href=\"http:\/\/facebook.com\/acjbbsud\" target=\"_blank\" rel=\"noopener noreferrer\">facebook.com\/acjbbsud<\/a> et sur Twitter : <a href=\"http:\/\/twitter.com\/acjbbsud\" target=\"_blank\" rel=\"noopener noreferrer\">twitter.com\/acjbbsud<\/a>.<\/p>\n<hr \/>\n<h3><strong><span style=\"text-decoration: underline;\">R\u00e9servation des espaces communautaires :<\/span><br \/>\n<\/strong><\/h3>\n<p style=\"text-align: justify;\">Vous souhaitez organiser une manifestation (Brith-Mila, Bar-Mitsvah et Bat-Mitsvah, Mariage, Azkara, Soir\u00e9e Mikv\u00e9 Kala, etc&#8230; ) dans les espaces de la <strong>Synagogue de Boulogne<\/strong>, 43 rue des Abondances, contactez M. Alain Chicheportiche 06.95.62.58.41 &#8211; <a href=\"mailto:alainchicheportiche92@gmail.com\">alainchicheportiche92@gmail.com<\/a><\/p>\n<p style=\"text-align: justify;\">Vous souhaitez r\u00e9server la salle de <strong>Boulogne Sud<\/strong>, 134 bis rue du point du jour Boulogne Billancourt, contactez M. Patrick Sebban 06.03.02.30.78 &#8211; <a href=\"mailto:patrick.sebban2@paris.fr\">patrick.sebban2@paris.fr<\/a><\/p>\n<hr \/>\n<h3><strong><span style=\"text-decoration: underline;\">Mikv\u00e9 :<\/span><br \/>\n<\/strong><\/h3>\n<p><strong>Mikv\u00e9 pour les femmes<\/strong><br \/>\nLe mikv\u00e9 de Boulogne est ouvert :<\/p>\n<ul>\n<li>dimanche de 19h \u00e0 21h<\/li>\n<li>du lundi au jeudi de 20h \u00e0 22h<\/li>\n<li>vendredi soir : uniquement sur RDV , en envoyant un sms \u00e0 Mme Yael Kassabi au 06 22 76 15 04<\/li>\n<li>samedi soir : 1h apr\u00e8s Chabbat pendant 2h<\/li>\n<\/ul>\n<p>La Communaut\u00e9 juive de Boulogne recherche une <strong>Baalanit <\/strong>pour 2 soirs par semaine \u00e0 partir de mi-novembre. Prendre contact avec <a href=\"mailto:yaelkassabi@gmail.com?subject=Poste%20de%20Baalanit%20pour%20le%20Mikv%C3%A9%20de%20Boulogne\" target=\"_blank\" rel=\"noopener noreferrer\">Mme Yael Kassabi<\/a>.<\/p>\n<p><strong>Mikv\u00e9 vaisselle<\/strong><br \/>\nLe Mikv\u00e9 K\u00e9lim est ouvert tous les matins du dimanche au vendredi depuis l&rsquo;heure de la T\u00e9fila jusqu&rsquo;\u00e0 midi.<\/p>\n<hr \/>\n<h3><strong><span style=\"text-decoration: underline;\">Faire un don :<\/span><br \/>\n<\/strong><\/h3>\n<p style=\"text-align: justify;\">Pour faire vivre et participer activement \u00e0 cet office, <a href=\"http:\/\/www.acjbb-sud.org\/index.php\/faire-un-don\/\" target=\"_blank\" rel=\"noopener noreferrer\">faites un don<\/a> par internet ou envoyez vos ch\u00e8ques au <strong>134 bis rue du Point du Jour<\/strong>. Toutes les participations sont bienvenues, <em>les petits ruisseaux faisant de grandes rivi\u00e8res<\/em>, nous parviendrons, tous ensemble, \u00e0 faire vivre l\u2019Office de Boulogne Sud.<\/p>\n<p>Tizkou L\u00e9-Mitsvot !!<\/p>\n<hr \/>\n<h3><strong><span style=\"text-decoration: underline;\">Sauvons la cr\u00e8che La Toupie :<\/span><br \/>\n<\/strong><\/h3>\n<p><a href=\"https:\/\/acjbb-sud.org\/wp-content\/uploads\/2019\/10\/sauvons-la-creche-la-toupie.png\"><img decoding=\"async\" class=\"aligncenter wp-image-3076 size-large\" src=\"https:\/\/acjbb-sud.org\/wp-content\/uploads\/2019\/10\/sauvons-la-creche-la-toupie-1024x341.png\" alt=\"\" width=\"600\" srcset=\"https:\/\/acjbb-sud.org\/wp-content\/uploads\/2019\/10\/sauvons-la-creche-la-toupie.png 1024w, https:\/\/acjbb-sud.org\/wp-content\/uploads\/2019\/10\/sauvons-la-creche-la-toupie-300x100.png 300w, https:\/\/acjbb-sud.org\/wp-content\/uploads\/2019\/10\/sauvons-la-creche-la-toupie-768x256.png 768w\" sizes=\"(max-width: 1024px) 100vw, 1024px\" \/><\/a><\/p>\n<p>Unique en ile de France, cr\u00e8che parentale juive.<\/p>\n<p>Existe depuis 1989, fond\u00e9 par nos mamans de Boulogne Me Aidan, Me Sojcher (\u05d6\u05f4\u05dc), Me Licha,<\/p>\n<p>Accueille 18 familles par an depuis plus de 30 ans, a \u00e9veill\u00e9 et \u00e9panoui des centaines d\u2019enfants via des ateliers p\u00e9dagogiques et culturels, fonctionne gr\u00e2ce \u00e0 des parents merveilleux et une belle \u00e9quipe de pu\u00e9ricultrices, immerge nos enfants dans un univers juif d\u00e8s le berceau.<\/p>\n<p><strong>UN BERCEAU AUJOURD\u2019HUI EN PERIL<\/strong><\/p>\n<p>Baisse des subventions, arr\u00eat des contrats aid\u00e9s, augmentation des charges et des frais fixes, d\u00e9ficit de plus de 50 000 euros, 18 enfants pourraient \u00eatre priv\u00e9s de ce belle \u00e9panouissement, 7 salari\u00e9es menac\u00e9es de perte d\u2019emploi.<\/p>\n<p><strong>Nos enfants ont besoin de vous !<\/strong>,<\/p>\n<p><strong>LE NESS PASSERA PAR VOUS<\/strong><\/p>\n<p><a href=\"https:\/\/www.allodons.fr\/creche-parentale-la-toupie\" target=\"_blank\" rel=\"noopener noreferrer\">https:\/\/www.allodons.fr\/creche-parentale-la-toupie<\/a><\/p>\n<p>CERFA d\u00e9livr\u00e9 automatiquement.<\/p>\n<hr \/>\n<h3><strong><span style=\"text-decoration: underline;\">Soir\u00e9e Communautaire Samedi soir 7 d\u00e9cembre :<\/span><br \/>\n<\/strong><\/h3>\n<p>R\u00e9servez votre <strong>samedi soir 7 d\u00e9cembre<\/strong> pour une <strong>Grande soir\u00e9e communautaire<\/strong> pour le futur <strong>Centre culturel juif de Boulogne<\/strong> !<br \/>\nInformations dans les prochains mails !<br \/>\n<a href=\"https:\/\/acjbb-sud.org\/wp-content\/uploads\/2019\/11\/save-the-date-soiree-communautaire-samedi-7-dec.png\"><img decoding=\"async\" class=\"wp-image-3184 size-large aligncenter\" src=\"https:\/\/acjbb-sud.org\/wp-content\/uploads\/2019\/11\/save-the-date-soiree-communautaire-samedi-7-dec-724x1024.png\" alt=\"\" width=\"600\" srcset=\"https:\/\/acjbb-sud.org\/wp-content\/uploads\/2019\/11\/save-the-date-soiree-communautaire-samedi-7-dec-724x1024.png 724w, https:\/\/acjbb-sud.org\/wp-content\/uploads\/2019\/11\/save-the-date-soiree-communautaire-samedi-7-dec-212x300.png 212w, https:\/\/acjbb-sud.org\/wp-content\/uploads\/2019\/11\/save-the-date-soiree-communautaire-samedi-7-dec-768x1086.png 768w, https:\/\/acjbb-sud.org\/wp-content\/uploads\/2019\/11\/save-the-date-soiree-communautaire-samedi-7-dec.png 1654w\" sizes=\"(max-width: 724px) 100vw, 724px\" \/><\/a><\/p>\n<hr \/>\n<h3><strong><span style=\"text-decoration: underline;\">Participons \u00e0 la collecte des fondations du Centre Culturel Juif de Boulogne Billancourt :<\/span><br \/>\n<\/strong><\/h3>\n<p><img loading=\"lazy\" decoding=\"async\" class=\"aligncenter wp-image-2813 size-large\" src=\"https:\/\/acjbb-sud.org\/wp-content\/uploads\/2019\/07\/construction-du-centre-juif-de-boulogne-billancourt-1024x724.jpeg\" alt=\"\" width=\"720\" height=\"509\" srcset=\"https:\/\/acjbb-sud.org\/wp-content\/uploads\/2019\/07\/construction-du-centre-juif-de-boulogne-billancourt-1024x724.jpeg 1024w, https:\/\/acjbb-sud.org\/wp-content\/uploads\/2019\/07\/construction-du-centre-juif-de-boulogne-billancourt-300x212.jpeg 300w, https:\/\/acjbb-sud.org\/wp-content\/uploads\/2019\/07\/construction-du-centre-juif-de-boulogne-billancourt-768x543.jpeg 768w, https:\/\/acjbb-sud.org\/wp-content\/uploads\/2019\/07\/construction-du-centre-juif-de-boulogne-billancourt.jpeg 1122w\" sizes=\"auto, (max-width: 720px) 100vw, 720px\" \/><\/p>\n<p>La construction du Centre Culturel Juif de Boulogne a \u00e9t\u00e9 lanc\u00e9e le <strong>23 juin 2019<\/strong>. En plus de la campagne de collecte, nous avons d\u00e9cid\u00e9 d&rsquo;entreprendre une collecte \u00ab\u00a0<b>des Fondations du Centre Culturel<\/b>\u00ab\u00a0. A l&rsquo;image de la construction du Michkan, o\u00f9 Moch\u00e9 a demand\u00e9 \u00e0 tous les Bnei Israel de verser un demi-shekel pour financer les socles qui soutiennent les poutres du Michkan, nous invitons tous les boulonnais, hommes, femmes et enfants, \u00e0 contribuer aux fondations du Centre Culturel.<\/p>\n<p>La liste de tous les contributeurs sera affich\u00e9e pour que chacun puisse dire qu&rsquo;il a fait partie des fondateurs.<\/p>\n<p>Le montant est unique pour que dans cette phase, chacun puisse avoir une part \u00e9gale \u00e0 son voisin, quels que soient ses moyens et sa g\u00e9n\u00e9rosit\u00e9, chacun \u00e0 part \u00e9gale.<\/p>\n<p>Nous invitons donc tous les fid\u00e8les de notre communaut\u00e9 \u00e0 participer et surtout \u00e0 inviter tous nos coreligionnaires, familles, amis, voisins \u00e0 participer aussi au projet.<\/p>\n<p>Ainsi nous aurons collectivement le m\u00e9rite de r\u00e9pondre \u00e0 l&rsquo;injonction divine de la Paracha T\u00e9rouma :<br \/>\n\u00ab\u00a0\u05d5\u05b0\u05e2\u05b8\u05e9\u05c2\u05d5\u05bc \u05dc\u05b4\u05d9, \u05de\u05b4\u05e7\u05b0\u05d3\u05bc\u05b8\u05e9\u05c1; \u05d5\u05b0\u05e9\u05c1\u05b8\u05db\u05b7\u05e0\u05b0\u05ea\u05bc\u05b4\u05d9, \u05d1\u05bc\u05b0\u05ea\u05d5\u05b9\u05db\u05b8\u05dd.\u00a0\u00bb &#8211; \u00ab\u00a0<em>Et ils me construiront un sanctuaire, pour que je r\u00e9side au milieu d&rsquo;eux<\/em>\u00a0\u00bb <strong>Amen<\/strong> !<\/p>\n<p>Robert Ejnes<br \/>\nPr\u00e9sident<\/p>\n<p><strong>Mobilisons-nous :<\/strong><br \/>\n<a href=\"https:\/\/www.helloasso.com\/associations\/acjbb-2\/collectes\/les-fondations-du-centre-culturel-juif-de-boulogne\/\" target=\"_blank\" rel=\"noopener noreferrer\">Je participe \u00e0 la collecte des fondations du Centre Culturel Juif<\/a> !<\/p>\n<hr \/>\n<h3><strong><span style=\"text-decoration: underline;\">Dons pour le Centre Culturel de Boulogne Billancourt :<\/span><br \/>\n<\/strong><\/h3>\n<p style=\"text-align: justify;\">Le nouveau Centre Culturel sera situ\u00e9 \u00e0 l&rsquo;angle des rues Marcel Dassault et d&rsquo;Anjou.<\/p>\n<p style=\"text-align: justify;\">Il comprendra notamment :<\/p>\n<ul>\n<li style=\"list-style-type: none;\">\n<ul>\n<li>Une Synagogue<\/li>\n<li>Le Centre Communautaire (CCIBB)<\/li>\n<li>Une salle polyvalente<\/li>\n<li>Une salle des f\u00eates<\/li>\n<\/ul>\n<\/li>\n<\/ul>\n<p>Vous pouvez consulter la <a href=\"https:\/\/fr.calameo.com\/read\/00057892520c64798775e\" target=\"_blank\" rel=\"noopener noreferrer\">plaquette de pr\u00e9sentation du Centre Culturel de Boulogne<\/a><\/p>\n<p style=\"text-align: justify;\"><img decoding=\"async\" class=\"aligncenter wp-image-778 size-full\" src=\"http:\/\/acjbb-sud.org\/wp-content\/uploads\/2017\/06\/Acjbb-construction-1.png\" alt=\"\" width=\"600\" srcset=\"https:\/\/acjbb-sud.org\/wp-content\/uploads\/2017\/06\/Acjbb-construction-1.png 684w, https:\/\/acjbb-sud.org\/wp-content\/uploads\/2017\/06\/Acjbb-construction-1-300x202.png 300w, https:\/\/acjbb-sud.org\/wp-content\/uploads\/2017\/06\/Acjbb-construction-1-445x300.png 445w\" sizes=\"(max-width: 684px) 100vw, 684px\" \/><\/p>\n<h3 class=\"m_-5277437730878633356null\"><span style=\"color: #0000ff;\"><strong>Etat du dossier<\/strong><\/span><\/h3>\n<p><strong>Les travaux avancent !!!<\/strong><\/p>\n<p><strong>Dimanche 10 novembre 2019<\/strong>, la fl\u00e8che de la grue est mont\u00e9e !<\/p>\n\n\t\t<style type=\"text\/css\">\n\t\t\t#gallery-1 {\n\t\t\t\tmargin: auto;\n\t\t\t}\n\t\t\t#gallery-1 .gallery-item {\n\t\t\t\tfloat: left;\n\t\t\t\tmargin-top: 10px;\n\t\t\t\ttext-align: center;\n\t\t\t\twidth: 33%;\n\t\t\t}\n\t\t\t#gallery-1 img {\n\t\t\t\tborder: 2px solid #cfcfcf;\n\t\t\t}\n\t\t\t#gallery-1 .gallery-caption {\n\t\t\t\tmargin-left: 0;\n\t\t\t}\n\t\t\t\/* see gallery_shortcode() in wp-includes\/media.php *\/\n\t\t<\/style>\n\t\t<div id='gallery-1' class='gallery galleryid-3168 gallery-columns-3 gallery-size-medium'><dl class='gallery-item'>\n\t\t\t<dt class='gallery-icon landscape'>\n\t\t\t\t<a href='https:\/\/acjbb-sud.org\/wp-content\/uploads\/2019\/11\/20191110-ACJBB-Centre-Culturel-Juif-Boulogne-Billancourt-1.jpg'><img loading=\"lazy\" decoding=\"async\" width=\"300\" height=\"225\" src=\"https:\/\/acjbb-sud.org\/wp-content\/uploads\/2019\/11\/20191110-ACJBB-Centre-Culturel-Juif-Boulogne-Billancourt-1-300x225.jpg\" class=\"attachment-medium size-medium\" alt=\"\" srcset=\"https:\/\/acjbb-sud.org\/wp-content\/uploads\/2019\/11\/20191110-ACJBB-Centre-Culturel-Juif-Boulogne-Billancourt-1-300x225.jpg 300w, https:\/\/acjbb-sud.org\/wp-content\/uploads\/2019\/11\/20191110-ACJBB-Centre-Culturel-Juif-Boulogne-Billancourt-1-768x575.jpg 768w, https:\/\/acjbb-sud.org\/wp-content\/uploads\/2019\/11\/20191110-ACJBB-Centre-Culturel-Juif-Boulogne-Billancourt-1.jpg 960w\" sizes=\"auto, (max-width: 300px) 100vw, 300px\" \/><\/a>\n\t\t\t<\/dt><\/dl><dl class='gallery-item'>\n\t\t\t<dt class='gallery-icon portrait'>\n\t\t\t\t<a href='https:\/\/acjbb-sud.org\/wp-content\/uploads\/2019\/11\/20191110-ACJBB-Centre-Culturel-Juif-Boulogne-Billancourt-2.jpg'><img loading=\"lazy\" decoding=\"async\" width=\"225\" height=\"300\" src=\"https:\/\/acjbb-sud.org\/wp-content\/uploads\/2019\/11\/20191110-ACJBB-Centre-Culturel-Juif-Boulogne-Billancourt-2-225x300.jpg\" class=\"attachment-medium size-medium\" alt=\"\" srcset=\"https:\/\/acjbb-sud.org\/wp-content\/uploads\/2019\/11\/20191110-ACJBB-Centre-Culturel-Juif-Boulogne-Billancourt-2-225x300.jpg 225w, https:\/\/acjbb-sud.org\/wp-content\/uploads\/2019\/11\/20191110-ACJBB-Centre-Culturel-Juif-Boulogne-Billancourt-2.jpg 720w\" sizes=\"auto, (max-width: 225px) 100vw, 225px\" \/><\/a>\n\t\t\t<\/dt><\/dl><dl class='gallery-item'>\n\t\t\t<dt class='gallery-icon portrait'>\n\t\t\t\t<a href='https:\/\/acjbb-sud.org\/wp-content\/uploads\/2019\/11\/20191110-ACJBB-Centre-Culturel-Juif-Boulogne-Billancourt-3.jpg'><img loading=\"lazy\" decoding=\"async\" width=\"225\" height=\"300\" src=\"https:\/\/acjbb-sud.org\/wp-content\/uploads\/2019\/11\/20191110-ACJBB-Centre-Culturel-Juif-Boulogne-Billancourt-3-225x300.jpg\" class=\"attachment-medium size-medium\" alt=\"\" srcset=\"https:\/\/acjbb-sud.org\/wp-content\/uploads\/2019\/11\/20191110-ACJBB-Centre-Culturel-Juif-Boulogne-Billancourt-3-225x300.jpg 225w, https:\/\/acjbb-sud.org\/wp-content\/uploads\/2019\/11\/20191110-ACJBB-Centre-Culturel-Juif-Boulogne-Billancourt-3.jpg 720w\" sizes=\"auto, (max-width: 225px) 100vw, 225px\" \/><\/a>\n\t\t\t<\/dt><\/dl><br style=\"clear: both\" \/>\n\t\t<\/div>\n\n<p>Vous avez une occasion unique d&rsquo;inscrire votre nom, celui de vos familles, celui de vos disparus, dans un projet qui marquera l&rsquo;avenir de la vie juive \u00e0 Boulogne-Billancourt.<\/p>\n<p><img decoding=\"async\" class=\"aligncenter\" src=\"https:\/\/acjbb-sud.org\/wp-content\/uploads\/2018\/07\/Centre-Culturel-juif-Boulogne-Billancourt-Synagogue.jpg\" alt=\"\" width=\"600\" \/><\/p>\n<p><img decoding=\"async\" class=\"aligncenter\" src=\"https:\/\/acjbb-sud.org\/wp-content\/uploads\/2018\/07\/Centre-Culturel-juif-Boulogne-Billancourt-Synagogue-2.jpg\" alt=\"\" width=\"600\" \/><\/p>\n<p style=\"text-align: justify;\">Devenez acteur du devenir de la vie juive \u00e0 Boulogne en faisant un don pour la construction du Centre Culturel de Boulogne. Vous pouvez d\u00e9cider de diriger votre don vers la synagogue ACJBB ou vers le CCIBB, en nous l&rsquo;indiquant par message.<\/p>\n<p>Si vous avez des question, <a href=\"mailto:synamail@acjbb.com?subject=&quot;Question sur la construction du Centre culturel&quot;\">envoyez-nous un message<\/a> !<\/p>\n<p><a href=\"https:\/\/www.helloasso.com\/associations\/acjbb-2\/collectes\/construction-du-centre-juif-de-boulogne\" target=\"_blank\" rel=\"noopener noreferrer\">Je participe \u00e0 la collecte pour la construction<\/a>.<\/p>\n<hr \/>\n<h3><strong><span style=\"text-decoration: underline;\">Inauguration de la section WIZO \u00e0 Boulogne Billancourt :<\/span><br \/>\n<\/strong><\/h3>\n<p>Nous sommes heureux de vous convier \u00e0 l\u2019inauguration de la nouvelle section WIZO (Women International Zionist Organization) \u00e0 Boulogne Billancourt le <strong>dimanche 17 novembre 2019 \u00e0 partir de 15h30<\/strong> qui se d\u00e9roulera dans l\u2019espace Alfred Zemmour, 43 rue des abondances, 92100 Boulogne Billancourt.<br \/>\n<a href=\"https:\/\/synaboulogne.com\/wp-content\/uploads\/2019\/11\/inauguration-section-WIZO-Boulogne-Billancourt.png\"><img decoding=\"async\" class=\"aligncenter wp-image-3152 size-full\" src=\"https:\/\/synaboulogne.com\/wp-content\/uploads\/2019\/11\/inauguration-section-WIZO-Boulogne-Billancourt.png\" alt=\"\" width=\"600\" \/><\/a><\/p>\n<hr \/>\n<h3><strong><span style=\"text-decoration: underline;\">10\u00e8me Convention nationale du Crif :<\/span><br \/>\n<\/strong><\/h3>\n<p>Dimanche 17 novembre, du 9h30 \u00e0 19h au Palais des Congr\u00e9s \u00e0 Paris<br \/>\nEntr\u00e9e libre et gratuite<br \/>\nToute la journ\u00e9e, des tables-rondes, conf\u00e9rences, ateliers, d\u00e9jeuners-d\u00e9bats, pl\u00e9n\u00e8res<br \/>\n<a href=\"https:\/\/acjbb-sud.org\/wp-content\/uploads\/2019\/11\/crif-10eme-convention.jpg\"><img loading=\"lazy\" decoding=\"async\" class=\"wp-image-3186 size-full aligncenter\" src=\"https:\/\/acjbb-sud.org\/wp-content\/uploads\/2019\/11\/crif-10eme-convention.jpg\" alt=\"\" width=\"827\" height=\"465\" srcset=\"https:\/\/acjbb-sud.org\/wp-content\/uploads\/2019\/11\/crif-10eme-convention.jpg 827w, https:\/\/acjbb-sud.org\/wp-content\/uploads\/2019\/11\/crif-10eme-convention-300x169.jpg 300w, https:\/\/acjbb-sud.org\/wp-content\/uploads\/2019\/11\/crif-10eme-convention-768x432.jpg 768w\" sizes=\"auto, (max-width: 827px) 100vw, 827px\" \/><\/a><\/p>\n<p>Plus d&rsquo;informations en cliquant sur <a href=\"http:\/\/www.crif.org\/fr\/actualites\/convcrif-10eme-convention-nationale-du-crif-inscrivez-vous-aux-conferences-qui-vous-interessent\" target=\"_blank\" rel=\"noopener noreferrer\">ce lien<\/a>.<\/p>\n<hr \/>\n<h3><strong><span style=\"text-decoration: underline;\">Agence Juive pour Israel \u00e0 Boulogne Mardi 19 novembre :<\/span><br \/>\n<\/strong><\/h3>\n<h3>Mardi 19 novembre<br \/>\n<strong>de 16h \u00e0 21h<\/strong><br \/>\nEspace Alfred Zemmour de la Synagogue de Boulogne<\/h3>\n<p>Vous pourrez rencontrer les responsables de l&rsquo;Agence juive pour vous renseigner sur toute questions concernant l&rsquo;Aliyah. Possibilit\u00e9s de rendez-vous individuels.<\/p>\n<h3>A\u00a020h,\u00a0Rencontre avec<\/h3>\n<p>\u2043\u00a0\u00a0 \u00a0<strong>Mme Sabine Aiache<\/strong>, \u00a0responsable du d\u00e9partement entrepreneurs et business \u00e0 la Mairie de J\u00e9rusalem\u00a0et chez Qualita<\/p>\n<p>\u2043\u00a0\u00a0 <strong>M. Hillel Shahar<\/strong>. (soci\u00e9t\u00e9 Eden): Responsable d\u00e9veloppement \u00e9conomique de la ville de J\u00e9rusalem<\/p>\n<p>Venez nombreux, transmettez autour de vous.<\/p>\n<p><a href=\"https:\/\/acjbb-sud.org\/wp-content\/uploads\/2019\/11\/Agence-juive_pour_israel_boulogne-19-novembre-2019.jpg\"><img loading=\"lazy\" decoding=\"async\" class=\"wp-image-3185 size-full aligncenter\" src=\"https:\/\/acjbb-sud.org\/wp-content\/uploads\/2019\/11\/Agence-juive_pour_israel_boulogne-19-novembre-2019.jpg\" alt=\"\" width=\"545\" height=\"768\" srcset=\"https:\/\/acjbb-sud.org\/wp-content\/uploads\/2019\/11\/Agence-juive_pour_israel_boulogne-19-novembre-2019.jpg 545w, https:\/\/acjbb-sud.org\/wp-content\/uploads\/2019\/11\/Agence-juive_pour_israel_boulogne-19-novembre-2019-213x300.jpg 213w\" sizes=\"auto, (max-width: 545px) 100vw, 545px\" \/><\/a><\/p>\n<p>Pour tout public: jeunes, exp\u00e9riment\u00e9s, entrepreneurs, salari\u00e9s, d\u00e9veloppement de son activit\u00e9, envie de changement<\/p>\n<p>Merci d\u2019avance pour votre pr\u00e9sence<\/p>\n<hr \/>\n<h3><strong><span style=\"text-decoration: underline;\">M\u00e9lav\u00e9 Malka avec le Rav David B\u00e9nichou samedi 23 novembre :<\/span><br \/>\n<\/strong><\/h3>\n<p>Le <strong>Rabbin Didier Kassabi<\/strong> et la Communaut\u00e9 Juive de Boulogne Billancourt vous invitent \u00e0 un M\u00e9lav\u00e9 Malka motsa\u00e9 Chabbat samedi 23 novembre \u00e0 20h00 avec le <strong>Rav David B\u00e9nichou<\/strong> \u2013 des Institutions Yad Mord\u00e9\u2019hai \u2013 sur le th\u00e8me : \u00ab <em><strong>Le secret de la stabilit\u00e9<\/strong><\/em> \u00bb.<\/p>\n<p><a href=\"https:\/\/acjbb-sud.org\/wp-content\/uploads\/2019\/11\/ACJBB-Affiche-melave-malka-Rav-Benichou-20191123.jpeg\"><img decoding=\"async\" class=\"aligncenter wp-image-3152 size-full\" src=\"https:\/\/acjbb-sud.org\/wp-content\/uploads\/2019\/11\/ACJBB-Affiche-melave-malka-Rav-Benichou-20191123.jpeg\" alt=\"\" width=\"600\" srcset=\"https:\/\/acjbb-sud.org\/wp-content\/uploads\/2019\/11\/ACJBB-Affiche-melave-malka-Rav-Benichou-20191123.jpeg 1131w, https:\/\/acjbb-sud.org\/wp-content\/uploads\/2019\/11\/ACJBB-Affiche-melave-malka-Rav-Benichou-20191123-212x300.jpeg 212w, https:\/\/acjbb-sud.org\/wp-content\/uploads\/2019\/11\/ACJBB-Affiche-melave-malka-Rav-Benichou-20191123-768x1086.jpeg 768w, https:\/\/acjbb-sud.org\/wp-content\/uploads\/2019\/11\/ACJBB-Affiche-melave-malka-Rav-Benichou-20191123-724x1024.jpeg 724w\" sizes=\"(max-width: 1131px) 100vw, 1131px\" \/><\/a><\/p>\n<p>Nous vous attendons nombreuses et nombreux \u00e0 la Synagogue de Boulogne, au 43 rue des abondances.<\/p>\n<p>Entr\u00e9e libre, public mixte.<\/p>\n<hr \/>\n<h3><strong><span style=\"text-decoration: underline;\">Assembl\u00e9e G\u00e9n\u00e9rale du CCIBB :<\/span><br \/>\n<\/strong><\/h3>\n<p><em>Le CCIBB a le plaisir de vous convier \u00e0 son Assembl\u00e9e G\u00e9n\u00e9rale Ordinaire le <strong>mardi 03 d\u00e9cembre 2019 \u00e0 19H30<\/strong> au 20 ter rue des Peupliers, 92100 Boulogne Billancourt.<\/em><\/p>\n<p><em>A l\u2019ordre du jour :<\/em><\/p>\n<ul>\n<li><em>Discours du Pr\u00e9sident Marc Soussan<\/em><\/li>\n<li><em>Rapport Moral du Secr\u00e9taire Jonathan Cahen<\/em><\/li>\n<li><em>Rapport financier du Tr\u00e9sorier Jacques Etyngier (consultable sur place)<\/em><\/li>\n<li><em>Elections du nouveau conseil d\u2019administration<\/em><\/li>\n<li><em>Questions diverses<\/em><\/li>\n<\/ul>\n<p><strong><em>Conform\u00e9ment aux statuts, ce mail tient lieu de convocation.<\/em><\/strong><\/p>\n<p>Bien cordialement,<\/p>\n<p>Le Pr\u00e9sident<\/p>\n<hr \/>\n<h3><strong><span style=\"text-decoration: underline;\">Soir\u00e9e Gala du CCJ 92 :<\/span><br \/>\n<\/strong><\/h3>\n<p>Chers Amis,<\/p>\n<p>Nous sommes heureux de vous inviter \u00e0 la nouvelle soir\u00e9e de <strong>Gala du CCJ 92, qui aura lieu mercredi 4 d\u00e9cembre 2019 \u00e0 20h00 au Carr\u00e9 Belle-Feuille <\/strong>(60 rue de la Belle-Feuille \u00e0 Boulogne), en partenariat avec la Ville de Boulogne-Billancourt.<\/p>\n<p>Au programme cette ann\u00e9e, un <u><strong>concert priv\u00e9 de Michel FUGAIN<\/strong><\/u><u> et son groupe Pluribus<\/u>, en exclusivit\u00e9 pour les communaut\u00e9s juives du 92 !<\/p>\n<p><strong>Le tarif des places est le suivant :<br \/>\n&#8211; <u>Tarif unique<\/u> (1\u00e8re cat\u00e9gorie) : 60 euros<br \/>\n&#8211; Quelques places en seconde cat\u00e9gorie <u>pour les -20 ans<\/u> : 40 euros<\/strong><br \/>\n<u>R\u00e9servations d\u00e8s \u00e0 pr\u00e9sent par mail \u00e0 l\u2019adresse suivante : <\/u><a href=\"mailto:contactccj92@gmail.com\" target=\"_blank\" rel=\"noopener noreferrer\"><strong>contactccj92@gmail.com<\/strong><\/a> avec validation des places \u00e0 r\u00e9ception du r\u00e8glement.<\/p>\n<p>Attention : <u><strong>Places limit\u00e9es<\/strong><\/u>.<br \/>\nDans l\u2019attente et le plaisir de vous retrouver prochainement, nous vous souhaitons un excellent Chabbat.<\/p>\n<p>Elie KORCHIA<br \/>\nPr\u00e9sident du Conseil des Communaut\u00e9s juives du 92<\/p>\n<p><img decoding=\"async\" class=\"aligncenter wp-image-3135 size-full\" src=\"https:\/\/acjbb-sud.org\/wp-content\/uploads\/2019\/10\/soiree-gala-CCJ92-decembre-2019.jpg\" alt=\"\" height=\"600\" srcset=\"https:\/\/acjbb-sud.org\/wp-content\/uploads\/2019\/10\/soiree-gala-CCJ92-decembre-2019.jpg 595w, https:\/\/acjbb-sud.org\/wp-content\/uploads\/2019\/10\/soiree-gala-CCJ92-decembre-2019-212x300.jpg 212w\" sizes=\"(max-width: 595px) 100vw, 595px\" \/><\/p>\n<hr \/>\n<h3><strong><span style=\"text-decoration: underline;\">Conf\u00e9rence-d\u00e9bat avec Jonathan Weitzman :<\/span><br \/>\n<\/strong><\/h3>\n<p>La <strong>Communaut\u00e9 Juive de Boulogne<\/strong> et la <strong>Pr\u00e9pa Emc2<\/strong> vous invitent \u00e0 une conf\u00e9rence-d\u00e9bat avec <strong>Jonathan WIETZMAN<\/strong> le <strong>dimanche 11 d\u00e9cembre 2019 \u00e0 20h00<\/strong>, sur le th\u00e8me \u00ab Les juifs et les g\u00e8nes : de Mo\u00efse \u00e0 la g\u00e9nomique \u00bb.<br \/>\n<a href=\"https:\/\/synaboulogne.com\/wp-content\/uploads\/2019\/11\/conference-debat-jonathan-weitzman-11-decembre-2019-prepa-emc2-709x1024.jpeg\"><img decoding=\"async\" class=\"aligncenter wp-image-3152 size-full\" src=\"https:\/\/synaboulogne.com\/wp-content\/uploads\/2019\/11\/conference-debat-jonathan-weitzman-11-decembre-2019-prepa-emc2-709x1024.jpeg\" alt=\"\" width=\"600\" \/><\/a><\/p>\n<hr \/>\n<h3><strong><span style=\"text-decoration: underline;\">Emounah : Voyage m\u00e8re et fille en Isra\u00ebl :<\/span><br \/>\n<\/strong><\/h3>\n<p><strong>World Emounah<\/strong> et la <strong>Communaut\u00e9 de Boulogne<\/strong> s\u2019associent pour vous proposer un voyage exceptionnel en Isra\u00ebl autour des diff\u00e9rentes institutions d\u2019Emounah, de visite du pays et de rencontres exceptionnelles.<\/p>\n<p>Nous avons souhait\u00e9 organiser une mission de 5 jours qui permettent \u00e0 nos jeunes filles, qui ont entre 11 et 13 ans, en complicit\u00e9 avec leur maman, de d\u00e9couvrir le travail d\u2019associations d\u2019aide \u00e0 l\u2019enfance, de comprendre qu\u2019il est de notre devoir d\u2019aider les plus d\u00e9munis et de mettre \u00e0 profit les notions de Hessed, de Ts\u00e9daka mais aussi de Emounah , que toute Bat Israel se doit d\u2019appliquer.<\/p>\n<p>Ce voyage est organis\u00e9 \u202adu <strong>mercredi 1er janvier au dimanche 5 janvier\u202c 2020<\/strong>, pour un tarif tout compris (hors billet) de 500 euros par personne.<br \/>\n<a href=\"https:\/\/acjbb-sud.org\/wp-content\/uploads\/2019\/10\/emounah-world-voyage-mere-fille-israel-2020.png\"><img decoding=\"async\" class=\"aligncenter wp-image-3085 size-full\" src=\"https:\/\/acjbb-sud.org\/wp-content\/uploads\/2019\/10\/emounah-world-voyage-mere-fille-israel-2020.png\" alt=\"\" width=\"600\" srcset=\"https:\/\/acjbb-sud.org\/wp-content\/uploads\/2019\/10\/emounah-world-voyage-mere-fille-israel-2020.png 1587w, https:\/\/acjbb-sud.org\/wp-content\/uploads\/2019\/10\/emounah-world-voyage-mere-fille-israel-2020-212x300.png 212w, https:\/\/acjbb-sud.org\/wp-content\/uploads\/2019\/10\/emounah-world-voyage-mere-fille-israel-2020-768x1086.png 768w, https:\/\/acjbb-sud.org\/wp-content\/uploads\/2019\/10\/emounah-world-voyage-mere-fille-israel-2020-724x1024.png 724w\" sizes=\"(max-width: 1587px) 100vw, 1587px\" \/><\/a><br \/>\nN\u2019h\u00e9sitez pas \u00e0 revenir vers moi dans les plus brefs d\u00e9lais si ce projet vous int\u00e9resse.<br \/>\n(<span style=\"color: #ff0000;\"><strong>places tr\u00e8s limit\u00e9es<\/strong><\/span>).<\/p>\n<p>Je reste \u00e0 votre disposition pour r\u00e9pondre \u00e0 toutes vos questions.<br \/>\n<strong>Possibilit\u00e9 de bourses sur demande<\/strong><br \/>\nUn projet qui me tient particuli\u00e8rement \u00e0 c\u0153ur<\/p>\n<p>Yael Kassabi<\/p>\n<hr \/>\n<h3><strong><span style=\"text-decoration: underline;\">Dvar Thorah et enseignements :<\/span><br \/>\n<\/strong><\/h3>\n<p><em><strong>par le Rav Mika\u00ebl Mouyal<\/strong><\/em><\/p>\n<p style=\"text-align: justify;\"><em>L\u00e9\u00eflouy Nichmat Avraham Ben Mikha\u00ebl, &lsquo;Ha\u00ef Victor Ben Yakouta, Jaqueline Bat Esther et Paula Yakouta Bat Rosette<\/em><\/p>\n<p><!--more--><\/p>\n<h3 style=\"text-align: center;\"><strong>Le coin &lsquo;Hidouchim<\/strong><\/h3>\n<h4><strong>\u00ab Ils lui dirent : \u201cO\u00f9 est Sarah ta femme ? \u201d \u00bb (18, 9) :<\/strong><\/h4>\n<p style=\"text-align: justify;\">On peut expliquer cette question de la fa\u00e7on suivante. Les anges savaient qu&rsquo;Avraham \u00e9tait un grand homme. Dans le Ciel, on parlait beaucoup de ses m\u00e9rites et de ses actions extraordinaires. Ainsi, quand ces trois anges descendirent sur terre pour se rendre chez Avraham, ils tent\u00e8rent d&rsquo;analyser ses actes pour se rendre compte de par eux-m\u00eames de sa grandeur. Mais Avraham, qui \u00e9tait humble, dissimulait ses bonnes actions et ne les exposait pas. De la sorte, les anges ne se rendirent pas tellement compte de sa grandeur. C&rsquo;est ainsi qu&rsquo;ils lui demand\u00e8rent o\u00f9 est Sarah. En effet, puisque Avraham ne laissait rien appara\u00eetre, ils voulaient voir si tout au moins, ils pourraient discerner chez Sarah des attitudes \u00e9lev\u00e9es qui expliqueraient la grandeur de ce couple. Et l\u00e0 Avraham leur r\u00e9pondit : \u00ab Elle est dans la tente \u00bb, que Rachi explique comme voulant dire : \u201cElle est discr\u00e8te\u201d. Ainsi, Avraham r\u00e9pondit que m\u00eame de Sarah, ils allaient rien discerner de grand, car elle aussi, elle est discr\u00e8te et ne montre pas sa v\u00e9ritable valeur. (R. Y\u00e9&rsquo;hiel Mikhal de Zlotchov)<\/p>\n<h4><strong>\u00ab Avraham se rendit t\u00f4t le matin \u00e0 l&rsquo;endroit o\u00f9 il avait implor\u00e9 la Face d&rsquo;Hachem \u00bb (19, 27) :<\/strong><\/h4>\n<p style=\"text-align: justify;\">Nos Sages apprennent de l\u00e0 que quand Avraham implora Hachem pour \u00e9pargner les villes de Sedom, c&rsquo;\u00e9tait aussi le matin. D&rsquo;ailleurs, cela enseigne qu&rsquo;Avraham a institu\u00e9 la pri\u00e8re de Cha&rsquo;harit (du matin). Or, Hachem informa Avraham de la destruction de ces villes un apr\u00e8s-midi. Pourquoi Avraham ne se rendit-il donc pas prier d\u00e8s le soir m\u00eame ? Pourquoi attendit-il le lendemain matin ?<br \/>\nCela am\u00e8ne nos Ma\u00eetres \u00e0 en d\u00e9duire qu&rsquo;un homme Sage ne doit pas sortir seul le soir. Mais l\u00e0 encore, on peut s&rsquo;interroger. Pourquoi n&rsquo;a-t-il pas pris un serviteur avec lui (Eliezer par exemple) pour prier le soir, car d\u00e8s lors il n&rsquo;aurait pas \u00e9t\u00e9 seul ?!<br \/>\nEn fait, comme dans cette pri\u00e8re, Avraham voulait sauver les villes de Sedom, et pour cela il devait invoquer leurs m\u00e9rites, ainsi, il souhaitait \u00eatre seul pour cette occasion. En effet, il ne voulait pas prendre un serviteur avec lui pour ne pas qu&rsquo;il voit comment Avraham d\u00e9fend ces villes et qu&rsquo;il en conclue qu&rsquo;elles ne sont donc pas si mauvaises. Cela aurait entra\u00een\u00e9 qu&rsquo;il ne s&rsquo;en \u00e9carte pas plus que cela et qu&rsquo;il en soit influenc\u00e9 n\u00e9gativement. (Vayoel Moch\u00e9)<\/p>\n<h4><strong>\u00ab Hachem \u00e9tait avec le jeune homme (Yichma\u00ebl), et il grandit&#8230; et devint un tireur d&rsquo;arc \u00bb (21, 20) :<\/strong><\/h4>\n<p style=\"text-align: justify;\">Rachi explique que cela signifie qu&rsquo;il devint un brigand et agressait les passants avec son arc. Mais cela para\u00eet \u00e9tonnant, puisque le verset dit bien qu&rsquo;Hachem \u00e9tait avec lui ! Comment a-t-il donc pu devenir un malfaiteur ?<br \/>\nEn fait, certes le verset dit qu&rsquo;Hachem \u00e9tait avec Yichma\u00ebl. Mais la suite du verset est : \u201cet il grandit\u201d. Le sens simple est qu&rsquo;il prit de l&rsquo;\u00e2ge. Mais on peut l&rsquo;expliquer diff\u00e9remment, en disant qu&rsquo;il s&rsquo;en \u201cgrandit\u201d et en tira grandeur et orgueil. Comme il s&rsquo;enorgueillit du fait qu&rsquo;Hachem \u00e9tait avec lui, Yichma\u00ebl en perdit tout le b\u00e9n\u00e9fice. C&rsquo;est ainsi qu&rsquo;il put sombrer et devenir un brigand. (Beit Yits&rsquo;hak)<\/p>\n<h4><strong>\u00ab Il (Avraham) ligota Yits&rsquo;hak son fils et le pla\u00e7a sur l&rsquo;autel \u00bb (22, 9) :<\/strong><\/h4>\n<p style=\"text-align: justify;\">Concernant tous les sacrifices d&rsquo;animaux, on proc\u00e8de d&rsquo;abord \u00e0 l&rsquo;abattage de la b\u00eate et ensuite on place ses membres sur l&rsquo;autel. Ainsi, pourquoi pour Yits&rsquo;hak, Avraham le pla\u00e7a d&rsquo;abord sur l&rsquo;autel et seulement apr\u00e8s il s&rsquo;appr\u00eata \u00e0 l&rsquo;abattre ?<br \/>\nEn fait, le principe est qu&rsquo;un animal n&rsquo;est plac\u00e9 sur l&rsquo;autel que lorsqu&rsquo;il est sanctifi\u00e9. Or, l&rsquo;animal commence \u00e0 \u00eatre sanctifi\u00e9 gr\u00e2ce \u00e0 l&rsquo;abattage rituel. C&rsquo;est pourquoi, c&rsquo;est seulement apr\u00e8s cela qu&rsquo;on le place sur l&rsquo;autel. Mais Yits&rsquo;hak quant \u00e0 lui, il a commenc\u00e9 \u00e0 se sanctifier par la prise de conscience qu&rsquo;il s&rsquo;appr\u00eate \u00e0 \u00eatre offert \u00e0 Hachem et a Lui donn\u00e9 sa vie. Et ces pens\u00e9es l\u00e0 le sanctifi\u00e8rent d\u00e9j\u00e0 de son vivant. Ainsi, puisqu&rsquo;il a \u00e9t\u00e9 sanctifi\u00e9 avant l&rsquo;abattage, il devait donc \u00eatre plac\u00e9 sur l&rsquo;autel avant d\u00e9j\u00e0 \u00e0 ce moment, avant m\u00eame d&rsquo;\u00eatre abattu. (Kol Ram)<\/p>\n<h3 style=\"text-align: center;\"><strong>Le coin histoire<\/strong><\/h3>\n<p style=\"text-align: justify;\">Apr\u00e8s la seconde guerre mondiale, le Rav Cahanman se rendit dans un monast\u00e8re pour r\u00e9cup\u00e9rer quelques centaines d&rsquo;enfants Juifs orphelins qui y ont \u00e9t\u00e9 cach\u00e9s. Mais le directeur du couvant s&rsquo;y opposa en arguant que parmi ces enfants, il y en a aussi beaucoup qui ne sont pas Juifs, et qu&rsquo;on ne peut pas les reconna\u00eetre. Alors, le Rav insista et dit qu&rsquo;il a un moyen de reconna\u00eetre les enfants Juifs en seulement une minute. Le directeur, amus\u00e9 par la proposition du Rav qui pense distinguer les Juifs en une minute, finit par accepter.<br \/>\nAlors, le Rav et le directeur se rendirent dans une grande salle, o\u00f9 se trouvaient tous les enfants. Alors, le Rav se pla\u00e7a au milieu de la salle et s&rsquo;\u00e9cria d&rsquo;une voix forte : \u00ab Ch\u00e9ma Isra\u00ebl Ha-chem Elok\u00e9-nou Ha-chem E&rsquo;had (Ecoute Isra\u00ebl, Hachem est notre D.ieu Hachem est Un) \u00bb ! Un grand silence r\u00e9gna quelques instants. Puis soudain, presque 200 enfants accoururent vers le Rav en criant : \u00ab Maman ! Maman ! \u00bb Le Rav d\u00e9clara au directeur : \u00ab Ces enfants l\u00e0 sont des Juifs \u00bb. Et le directeur fut contraint de les lui remettre.<br \/>\nLes m\u00e8res de ces enfants r\u00e9cit\u00e8rent le \u201cChema\u201d \u00e0 leurs enfants d\u00e8s leur plus jeune \u00e2ge, avant qu&rsquo;ils s&rsquo;endorment. Ce \u201cCh\u00e9ma\u201d s&rsquo;est imprim\u00e9 dans leur sang. Le Rav a r\u00e9veill\u00e9 leur souvenir. D&rsquo;o\u00f9 l&rsquo;importance si cruciale de l&rsquo;\u00e9ducation !<\/p>\n<h3 style=\"text-align: center;\"><strong>Le coin &lsquo;Hizouk<\/strong><\/h3>\n<p style=\"text-align: justify;\">Hachem ne se comporte pas comme les \u00eatres humains. Quand un homme faute \u00e0 l&rsquo;encontre de son prochain, m\u00eame si ce dernier accepte son repentir et lui pardonne, malgr\u00e9 tout il ne l&rsquo;agr\u00e9e pas autant qu&rsquo;avant, comme s&rsquo;il n&rsquo;avait jamais faut\u00e9 envers lui. Par contre, si un homme faute vis \u00e0 vis d&rsquo;Hachem, s&rsquo;il se repent, Hachem l&rsquo;aime encore plus et son niveau est encore plus \u00e9lev\u00e9 qu&rsquo;avant, devant Lui. (Tomer Devora)<\/p>\n<h3 style=\"text-align: center;\"><strong>Le coin \u00e9tude<\/strong><\/h3>\n<p style=\"text-align: justify;\">A la fin de la Paracha, Hachem met Avraham \u00e0 l&rsquo;\u00e9preuve en lui enjoignant de sacrifier son fils (c&rsquo;est l&rsquo;\u00e9preuve de la Ak\u00e9da). Cette \u00e9preuve est attribu\u00e9e \u00e0 Avraham : \u00ab Et Hachem \u00e9prouva Avraham \u00bb. Mais pourquoi ne pas attribuer cette \u00e9preuve plut\u00f4t \u00e0 Yits&rsquo;hak ?<br \/>\nCe dernier avait 37 ans ce jour-l\u00e0. Et malgr\u00e9 le fait qu&rsquo;il aurait pu s&rsquo;opposer, il accepta de plein gr\u00e9 d&rsquo;\u00eatre sacrifi\u00e9, ce qui est un tr\u00e8s grand m\u00e9rite. Ainsi, pourquoi ne pas parler de cette \u00e9preuve comme celle de Yits&rsquo;hak ?<br \/>\nEn fait, le Ets Hada&rsquo;at Tov rapporte un enseignement de nos Sages selon lequel celui qui fait une Mitsva en ayant re\u00e7u l&rsquo;ordre est plus grand que celui qui fait le m\u00eame acte de son plein gr\u00e9. Les Tossefot en explique la raison. En effet, accomplir un acte suite \u00e0 un ordre est encore plus difficile, car le penchant se renforce et tente d&#8217;emp\u00eacher l&rsquo;homme de se plier \u00e0 cet ordre. En revanche, quand on fait une bonne action de par soi-m\u00eame, sans ordre, cela est plus facile car on a l&rsquo;impression de faire ce qu&rsquo;on veut soi-m\u00eame et on n&rsquo;est pas confront\u00e9 aux attaques du penchant. Ainsi, la Akeda est l&rsquo;\u00e9preuve d&rsquo;Avraham, car il en re\u00e7ut l&rsquo;ordre d&rsquo;Hachem, ce qui lui a rendu l&rsquo;\u00e9preuve plus difficile qu&rsquo;\u00e0 Yits&rsquo;hak qui s&rsquo;est livr\u00e9 au sacrifice de plein gr\u00e9, faisant donc cet acte de sa propre et unique volont\u00e9.<br \/>\nLe &lsquo;Hatam Sofer quant \u00e0 lui, se base sur les propos de Rachi qui explique que le trajet vers la Ak\u00e9da dura 3 jours, pour qu&rsquo;Avraham aie le temps de r\u00e9fl\u00e9chir et de r\u00e9aliser ce qu&rsquo;il allait faire. Ainsi, son acte n&rsquo;allait pas \u00eatre pulsionnel et irr\u00e9fl\u00e9chi. En effet, il aura eu le temps de prendre la pleine conscience de cet acte et aura pens\u00e9 \u00e0 tout ce que cela repr\u00e9sente, et malgr\u00e9 tout, il sacrifiera son fils. Cela est une v\u00e9ritable \u00e9preuve. Si le sacrifice avait eu lieu dans la pr\u00e9cipitation, on aurait pu dire qu&rsquo;Avraham a \u00e9t\u00e9 troubl\u00e9 et a agi sans mesurer son acte. Mais, ces 3 jours de r\u00e9flexion lui ont permis d&rsquo;agir avec tout son esprit. En revanche, Yits&rsquo;hak, qui fut inform\u00e9 qu&rsquo;il allait \u00eatre sacrifi\u00e9 au dernier moment, cela n&rsquo;\u00e9tait donc pas pour lui une r\u00e9elle \u00e9preuve comme pour Avraham, car il a accept\u00e9 d&rsquo;\u00eatre sacrifi\u00e9 sans avoir eu le temps de r\u00e9fl\u00e9chir et de peser les choses. Il a donc pu agir aussi par impulsion et pr\u00e9cipitation.<br \/>\nDe son c\u00f4t\u00e9, le Apiryon explique que quand une \u00e9preuve a d\u00e9j\u00e0 \u00e9t\u00e9 surmont\u00e9e une premi\u00e8re fois, elle devient plus facile les fois suivantes. Comme si la porte de cette \u00e9preuve a d\u00e9j\u00e0 \u00e9t\u00e9 ouverte. Mais quand c&rsquo;est la premi\u00e8re fois qu&rsquo;elle doit \u00eatre r\u00e9alis\u00e9e, l&rsquo;\u00e9preuve a toute sa difficult\u00e9. Certes Yits&rsquo;hak devait se sacrifier selon la Parole d&rsquo;Hachem. Mais un tel acte a eu son pr\u00e9c\u00e9dant. En effet, Avraham a d\u00e9j\u00e0 \u00e9t\u00e9 pr\u00eat, dans le pass\u00e9, \u00e0 donner sa vie \u00e0 Hachem, quand il a \u00e9t\u00e9 jet\u00e9 dans la fournaise par Nimrod, pour avoir refus\u00e9 de faire de l&rsquo;idol\u00e2trie. Ainsi, le chemin pour Yitshak a d\u00e9j\u00e0 \u00e9t\u00e9 trac\u00e9 par Avraham. Certes il allait se sacrifier pour Hachem, mais Avraham a d\u00e9j\u00e0 donn\u00e9 la force \u00e0 ses descendants de faire une telle chose. En revanche, l&rsquo;\u00e9preuve d&rsquo;Avraham consistait \u00e0 sacrifier son fils bien-aim\u00e9. Or, une telle \u00e9preuve n&rsquo;a jamais encore \u00e9t\u00e9 r\u00e9alis\u00e9e. Jamais un p\u00e8re n&rsquo;a encore sacrifi\u00e9 son fils pour r\u00e9aliser la Volont\u00e9 d&rsquo;Hachem. Et m\u00eame si des idol\u00e2tres ont d\u00e9j\u00e0 tu\u00e9 leurs enfants pour leurs idoles, malgr\u00e9 tout jamais une telle \u00e9preuve de tuer pour Hachem ne s&rsquo;est encore pr\u00e9sent\u00e9e. Ajoutons qu&rsquo;au contraire, Avraham luttait corps et \u00e2me contre ce culte idol\u00e2tre qui pr\u00f4nait le sacrifice humain. Et \u00e0 pr\u00e9sent, il devait aller \u00e0 l&rsquo;encontre de tous ses enseignements et convictions, en sacrifiant son fils pour Hachem.<br \/>\n\u00c9videmment, tout cela n&rsquo;a fait qu&rsquo;augmenter la difficult\u00e9 de cette \u00e9preuve, qui peut \u00eatre qualifi\u00e9 pour cela d&rsquo;\u00e9preuve d&rsquo;Avraham. Car Yits&rsquo;hak de son c\u00f4t\u00e9, ne faisait que reproduire une \u00e9preuve d\u00e9j\u00e0 surmont\u00e9e par son p\u00e8re : se sacrifier soi-m\u00eame pour Hachem.<br \/>\nEnfin, rapportons le Beit Halevi qui explique que Yits&rsquo;hak devait certes se sacrifier et mourir pour Hachem, mais son \u00e9preuve allait durer quelques instants, le moment d&rsquo;\u00eatre abattu. Mais Avraham, quant \u00e0 lui, devra ensuite vivre et passer tout le restant de ses jours avec la conscience et la peine de ne plus avoir son fils bien-aim\u00e9. Son \u00e9preuve n&rsquo;allait pas durer que le moment de l&rsquo;abattage (comme ce fut pour Yits&rsquo;hak), mais son \u00e9preuve allait se poursuivre les dizaines d&rsquo;ann\u00e9es qui lui restaient \u00e0 vivre. Il allait devoir vivre sans Yits&rsquo;hak, son h\u00e9ritier spirituel. L&rsquo;essentiel de l&rsquo;\u00e9preuve d&rsquo;Avraham allait venir apr\u00e8s le sacrifice. Comment allait-il continuer son existence sans Yits&rsquo;hak ?! Telle \u00e9tait la grande difficult\u00e9 de cette \u00e9preuve qui en fit l&rsquo;\u00e9preuve d&rsquo;Avraham, et non celle d&rsquo;Yits&rsquo;hak.<br \/>\nOn peut conclure en disant que la difficult\u00e9 de cette \u00e9preuve se trouve aussi dans la pens\u00e9e. En effet, un Midrash dit que le Satan est venu troubler Avraham et lui r\u00e9v\u00e9la qu&rsquo;en v\u00e9rit\u00e9 Hachem cherche simplement \u00e0 tester s&rsquo;il \u00e9tait pr\u00eat \u00e0 sacrifier son fils. Mais qu&rsquo;en v\u00e9rit\u00e9, Il ne veut pas qu&rsquo;il le sacrifie. D&rsquo;apr\u00e8s cela, la difficult\u00e9 de l&rsquo;\u00e9preuve \u00e9tait qu&rsquo;Avraham devait s&rsquo;appr\u00eater \u00e0 abattre son fils, comme si le Satan ne lui avait rien dit, alors qu&rsquo;il savait que ce n&rsquo;\u00e9tait qu&rsquo;un test. Cette lutte int\u00e9rieure ne concernait bien qu&rsquo;Avraham.<\/p>\n<h3 style=\"text-align: center;\"><strong>Le coin Halakha<\/strong><\/h3>\n<p style=\"text-align: justify;\">Il est interdit de mettre sur la m\u00eame table du laitage et de la viande, et m\u00eame de la viande de volaille ou d&rsquo;animaux sauvages, de peur d&rsquo;avoir un moment d&rsquo;oubli et de les manger ensemble. Cet interdit concerne la table o\u00f9 on mange. En revanche, il est permis de les poser ensemble sur la table o\u00f9 on pr\u00e9pare le repas. De m\u00eame, cet interdit s&rsquo;applique uniquement \u00e0 des personnes qui se connaissent.<br \/>\nSi l&rsquo;un mange du laitage et l&rsquo;autre de la viande, ils ne les poseront pas sur la m\u00eame table. Mais, deux personnes qui ne se connaissent pas (qui mangent dans une auberge par exemple) n&rsquo;auront pas cet interdit et chacun pourra poser sa nourriture (l&rsquo;un du laitage et l&rsquo;autre de la viande) sur la m\u00eame table. Et m\u00eame s&rsquo;ils se connaissent, si chacun mange sur une nappe diff\u00e9rente, ils pourront alors placer chacun son plat sur sa nappe, m\u00eame s&rsquo;ils mangent sur la m\u00eame table. Et m\u00eame s&rsquo;ils mangent sur la m\u00eame nappe, s&rsquo;ils placent entre eux un objet de rappel (un bougeoir par exemple, ou autre), ce sera autoris\u00e9. Bien plus, cet objet de rappel pourra m\u00eame \u00eatre un aliment (comme du pain par exemple), \u00e0 condition qu&rsquo;ils ne consomment pas cet aliment. De plus, ces deux personnes ne boiront pas dans un m\u00eame verre, car des r\u00e9sidus de ce ce qu&rsquo;ils mangent (viande ou laitage) se collent sur le verre.<\/p>\n<h3 style=\"text-align: center;\"><strong>Le coin Question<\/strong><\/h3>\n<p style=\"text-align: justify;\">Le Chela rapporte qu&rsquo;au moment o\u00f9 un Juif est pr\u00eat \u00e0 se laisser tuer par un non-Juif pour sanctifier le Nom Divin, il doit r\u00e9citer la b\u00e9n\u00e9diction de \u201cBaroukh Ata&#8230; Acher Kidechanou&#8230; Lekadech Chemo Barabim (de sanctifier Son Nom en publique)\u201d.<br \/>\n<strong><u>Question :<\/u><\/strong> Le Rachba dit qu&rsquo;on ne r\u00e9cite pas de b\u00e9n\u00e9diction quand on donne de la Tsedaka \u00e0 un pauvre, car cette Mitsva ne d\u00e9pend pas que de soi, mais aussi du pauvre, qui peut finalement ne pas accepter l&rsquo;argent. Ainsi, pourquoi ne dit-on pas aussi de m\u00eame pour la Mitsva de sanctifier le Nom d&rsquo;Hachem, qui ne d\u00e9pend pas que de soi, mais aussi du non-Juif, qui peut finalement se r\u00e9tracter et ne pas le tuer ?<br \/>\n<strong><u>R\u00e9ponse :<\/u><\/strong> La Mitsva de Tsedaka n&rsquo;est accomplie que si le pauvre accepte l&rsquo;argent. S&rsquo;il refuse, la Mitsva n&rsquo;est pas r\u00e9alis\u00e9e. En revanche, un Juif qui sait de fa\u00e7on s\u00fbre qu&rsquo;un non-Juif va le tuer parce qu&rsquo;il est Juif, et que malgr\u00e9 cela, il accepte de livrer sa vie ; d\u00e9j\u00e0 par cette seule acceptation-l\u00e0, il r\u00e9alise la Mitsva de sanctifier le Nom Divin, et peut donc m\u00eame en r\u00e9citer la b\u00e9n\u00e9diction. Et m\u00eame si en fin de compte le non-Juif se r\u00e9tracte et ne le tue pas, la Mitsva n&rsquo;en est pas moins accomplie. Car cette Mitsva est d\u00e9j\u00e0 accomplie au moment de sa d\u00e9cision d\u00e9finitive de se laisser tuer pour sanctifier le Nom Divin. (Rabbi &lsquo;Ha\u00efm Kaniewski)<\/p>\n<hr \/>\n<p><strong>Chabbat Chalom !<\/strong><\/p>\n","protected":false},"excerpt":{"rendered":"<p>Paracha Vay\u00e9ra \/ \u05e4\u05e8\u05e9\u05d4 \u05d5\u05d9\u05e8\u05d0 15\/16 novembre 2019 &#8211; 18 &lsquo;Hechvan 5780 \/ \u05d9&rsquo;\u05d7 \u05d7\u05e9\u05d5\u05df \u05d4-\u05ea\u05e9&rsquo;\u05e3 D\u00e9but : 16h53 &#8211; Fin : 18h01 Ce Chabbat, nous avons le plaisir d\u2019accueillir le Rav Haim ELHADDAD, Roch Kolel Sanhedria \u00e0 J\u00e9rusalem. Les Horaires : Vendredi soir : 16h50 : Allumage des bougies et entr\u00e9e de Chabbat (heure &hellip; <\/p>\n<p><a class=\"more-link btn\" href=\"https:\/\/acjbb-sud.org\/index.php\/2019\/11\/13\/chabbat-vayera-5780\/\">Lire la suite<\/a><\/p>\n","protected":false},"author":1,"featured_media":2195,"comment_status":"open","ping_status":"open","sticky":false,"template":"","format":"standard","meta":{"jetpack_post_was_ever_published":false,"_jetpack_newsletter_access":"","_jetpack_dont_email_post_to_subs":false,"_jetpack_newsletter_tier_id":0,"_jetpack_memberships_contains_paywalled_content":false,"_jetpack_memberships_contains_paid_content":false,"footnotes":"","jetpack_publicize_message":"","jetpack_publicize_feature_enabled":true,"jetpack_social_post_already_shared":true,"jetpack_social_options":{"image_generator_settings":{"template":"highway","default_image_id":0,"font":"","enabled":false},"version":2}},"categories":[3],"tags":[47,136],"class_list":["post-3168","post","type-post","status-publish","format-standard","has-post-thumbnail","hentry","category-chabbat","tag-chabbat","tag-vayera","item-wrap"],"yoast_head":"<!-- This site is optimized with the Yoast SEO plugin v26.6 - https:\/\/yoast.com\/wordpress\/plugins\/seo\/ -->\n<title>Chabbat Vay\u00e9ra - Synagogue ACJBB Boulogne Sud<\/title>\n<meta name=\"robots\" content=\"index, follow, max-snippet:-1, max-image-preview:large, max-video-preview:-1\" \/>\n<link rel=\"canonical\" href=\"https:\/\/acjbb-sud.org\/index.php\/2019\/11\/13\/chabbat-vayera-5780\/\" \/>\n<meta property=\"og:locale\" content=\"fr_FR\" \/>\n<meta property=\"og:type\" content=\"article\" \/>\n<meta property=\"og:title\" content=\"Chabbat Vay\u00e9ra - Synagogue ACJBB Boulogne Sud\" \/>\n<meta property=\"og:description\" content=\"Paracha Vay\u00e9ra \/ \u05e4\u05e8\u05e9\u05d4 \u05d5\u05d9\u05e8\u05d0 15\/16 novembre 2019 &#8211; 18 &lsquo;Hechvan 5780 \/ \u05d9&rsquo;\u05d7 \u05d7\u05e9\u05d5\u05df \u05d4-\u05ea\u05e9&rsquo;\u05e3 D\u00e9but : 16h53 &#8211; Fin : 18h01 Ce Chabbat, nous avons le plaisir d\u2019accueillir le Rav Haim ELHADDAD, Roch Kolel Sanhedria \u00e0 J\u00e9rusalem. Les Horaires : Vendredi soir : 16h50 : Allumage des bougies et entr\u00e9e de Chabbat (heure &hellip; Lire la suite\" \/>\n<meta property=\"og:url\" content=\"https:\/\/acjbb-sud.org\/index.php\/2019\/11\/13\/chabbat-vayera-5780\/\" \/>\n<meta property=\"og:site_name\" content=\"Synagogue ACJBB Boulogne Sud\" \/>\n<meta property=\"article:published_time\" content=\"2019-11-13T16:06:41+00:00\" \/>\n<meta property=\"article:modified_time\" content=\"2019-11-15T08:06:13+00:00\" \/>\n<meta property=\"og:image\" content=\"https:\/\/acjbb-sud.org\/wp-content\/uploads\/2018\/10\/ACJBB-Sud-Chabbat-halots-bougies-vin-600-logos-v2.jpg\" \/>\n\t<meta property=\"og:image:width\" content=\"615\" \/>\n\t<meta property=\"og:image:height\" content=\"433\" \/>\n\t<meta property=\"og:image:type\" content=\"image\/jpeg\" \/>\n<meta name=\"author\" content=\"AcjbbSud\" \/>\n<meta name=\"twitter:card\" content=\"summary_large_image\" \/>\n<meta name=\"twitter:label1\" content=\"\u00c9crit par\" \/>\n\t<meta name=\"twitter:data1\" content=\"AcjbbSud\" \/>\n\t<meta name=\"twitter:label2\" content=\"Dur\u00e9e de lecture estim\u00e9e\" \/>\n\t<meta name=\"twitter:data2\" content=\"23 minutes\" \/>\n<script type=\"application\/ld+json\" class=\"yoast-schema-graph\">{\"@context\":\"https:\/\/schema.org\",\"@graph\":[{\"@type\":\"WebPage\",\"@id\":\"https:\/\/acjbb-sud.org\/index.php\/2019\/11\/13\/chabbat-vayera-5780\/\",\"url\":\"https:\/\/acjbb-sud.org\/index.php\/2019\/11\/13\/chabbat-vayera-5780\/\",\"name\":\"Chabbat Vay\u00e9ra - Synagogue ACJBB Boulogne Sud\",\"isPartOf\":{\"@id\":\"https:\/\/acjbb-sud.org\/#website\"},\"primaryImageOfPage\":{\"@id\":\"https:\/\/acjbb-sud.org\/index.php\/2019\/11\/13\/chabbat-vayera-5780\/#primaryimage\"},\"image\":{\"@id\":\"https:\/\/acjbb-sud.org\/index.php\/2019\/11\/13\/chabbat-vayera-5780\/#primaryimage\"},\"thumbnailUrl\":\"https:\/\/acjbb-sud.org\/wp-content\/uploads\/2018\/10\/ACJBB-Sud-Chabbat-halots-bougies-vin-600-logos-v2.jpg\",\"datePublished\":\"2019-11-13T16:06:41+00:00\",\"dateModified\":\"2019-11-15T08:06:13+00:00\",\"author\":{\"@id\":\"https:\/\/acjbb-sud.org\/#\/schema\/person\/adc8f09fb72c9d0dc78509106dc5e9f0\"},\"breadcrumb\":{\"@id\":\"https:\/\/acjbb-sud.org\/index.php\/2019\/11\/13\/chabbat-vayera-5780\/#breadcrumb\"},\"inLanguage\":\"fr-FR\",\"potentialAction\":[{\"@type\":\"ReadAction\",\"target\":[\"https:\/\/acjbb-sud.org\/index.php\/2019\/11\/13\/chabbat-vayera-5780\/\"]}]},{\"@type\":\"ImageObject\",\"inLanguage\":\"fr-FR\",\"@id\":\"https:\/\/acjbb-sud.org\/index.php\/2019\/11\/13\/chabbat-vayera-5780\/#primaryimage\",\"url\":\"https:\/\/acjbb-sud.org\/wp-content\/uploads\/2018\/10\/ACJBB-Sud-Chabbat-halots-bougies-vin-600-logos-v2.jpg\",\"contentUrl\":\"https:\/\/acjbb-sud.org\/wp-content\/uploads\/2018\/10\/ACJBB-Sud-Chabbat-halots-bougies-vin-600-logos-v2.jpg\",\"width\":615,\"height\":433},{\"@type\":\"BreadcrumbList\",\"@id\":\"https:\/\/acjbb-sud.org\/index.php\/2019\/11\/13\/chabbat-vayera-5780\/#breadcrumb\",\"itemListElement\":[{\"@type\":\"ListItem\",\"position\":1,\"name\":\"Accueil\",\"item\":\"https:\/\/acjbb-sud.org\/\"},{\"@type\":\"ListItem\",\"position\":2,\"name\":\"Chabbat Vay\u00e9ra\"}]},{\"@type\":\"WebSite\",\"@id\":\"https:\/\/acjbb-sud.org\/#website\",\"url\":\"https:\/\/acjbb-sud.org\/\",\"name\":\"Synagogue ACJBB Boulogne Sud\",\"description\":\"Synagogue \/ Association Communautaire Juive de Boulogne Billancourt (Sud)\",\"potentialAction\":[{\"@type\":\"SearchAction\",\"target\":{\"@type\":\"EntryPoint\",\"urlTemplate\":\"https:\/\/acjbb-sud.org\/?s={search_term_string}\"},\"query-input\":{\"@type\":\"PropertyValueSpecification\",\"valueRequired\":true,\"valueName\":\"search_term_string\"}}],\"inLanguage\":\"fr-FR\"},{\"@type\":\"Person\",\"@id\":\"https:\/\/acjbb-sud.org\/#\/schema\/person\/adc8f09fb72c9d0dc78509106dc5e9f0\",\"name\":\"AcjbbSud\",\"image\":{\"@type\":\"ImageObject\",\"inLanguage\":\"fr-FR\",\"@id\":\"https:\/\/acjbb-sud.org\/#\/schema\/person\/image\/\",\"url\":\"https:\/\/secure.gravatar.com\/avatar\/ea30fe7a8231c8c0bf30066f86006714af7be34ba414543eaab3e453b92901aa?s=96&d=mm&r=g\",\"contentUrl\":\"https:\/\/secure.gravatar.com\/avatar\/ea30fe7a8231c8c0bf30066f86006714af7be34ba414543eaab3e453b92901aa?s=96&d=mm&r=g\",\"caption\":\"AcjbbSud\"},\"url\":\"https:\/\/acjbb-sud.org\/index.php\/author\/acjbbsud\/\"}]}<\/script>\n<!-- \/ Yoast SEO plugin. -->","yoast_head_json":{"title":"Chabbat Vay\u00e9ra - Synagogue ACJBB Boulogne Sud","robots":{"index":"index","follow":"follow","max-snippet":"max-snippet:-1","max-image-preview":"max-image-preview:large","max-video-preview":"max-video-preview:-1"},"canonical":"https:\/\/acjbb-sud.org\/index.php\/2019\/11\/13\/chabbat-vayera-5780\/","og_locale":"fr_FR","og_type":"article","og_title":"Chabbat Vay\u00e9ra - Synagogue ACJBB Boulogne Sud","og_description":"Paracha Vay\u00e9ra \/ \u05e4\u05e8\u05e9\u05d4 \u05d5\u05d9\u05e8\u05d0 15\/16 novembre 2019 &#8211; 18 &lsquo;Hechvan 5780 \/ \u05d9&rsquo;\u05d7 \u05d7\u05e9\u05d5\u05df \u05d4-\u05ea\u05e9&rsquo;\u05e3 D\u00e9but : 16h53 &#8211; Fin : 18h01 Ce Chabbat, nous avons le plaisir d\u2019accueillir le Rav Haim ELHADDAD, Roch Kolel Sanhedria \u00e0 J\u00e9rusalem. Les Horaires : Vendredi soir : 16h50 : Allumage des bougies et entr\u00e9e de Chabbat (heure &hellip; Lire la suite","og_url":"https:\/\/acjbb-sud.org\/index.php\/2019\/11\/13\/chabbat-vayera-5780\/","og_site_name":"Synagogue ACJBB Boulogne Sud","article_published_time":"2019-11-13T16:06:41+00:00","article_modified_time":"2019-11-15T08:06:13+00:00","og_image":[{"width":615,"height":433,"url":"https:\/\/acjbb-sud.org\/wp-content\/uploads\/2018\/10\/ACJBB-Sud-Chabbat-halots-bougies-vin-600-logos-v2.jpg","type":"image\/jpeg"}],"author":"AcjbbSud","twitter_card":"summary_large_image","twitter_misc":{"\u00c9crit par":"AcjbbSud","Dur\u00e9e de lecture estim\u00e9e":"23 minutes"},"schema":{"@context":"https:\/\/schema.org","@graph":[{"@type":"WebPage","@id":"https:\/\/acjbb-sud.org\/index.php\/2019\/11\/13\/chabbat-vayera-5780\/","url":"https:\/\/acjbb-sud.org\/index.php\/2019\/11\/13\/chabbat-vayera-5780\/","name":"Chabbat Vay\u00e9ra - Synagogue ACJBB Boulogne Sud","isPartOf":{"@id":"https:\/\/acjbb-sud.org\/#website"},"primaryImageOfPage":{"@id":"https:\/\/acjbb-sud.org\/index.php\/2019\/11\/13\/chabbat-vayera-5780\/#primaryimage"},"image":{"@id":"https:\/\/acjbb-sud.org\/index.php\/2019\/11\/13\/chabbat-vayera-5780\/#primaryimage"},"thumbnailUrl":"https:\/\/acjbb-sud.org\/wp-content\/uploads\/2018\/10\/ACJBB-Sud-Chabbat-halots-bougies-vin-600-logos-v2.jpg","datePublished":"2019-11-13T16:06:41+00:00","dateModified":"2019-11-15T08:06:13+00:00","author":{"@id":"https:\/\/acjbb-sud.org\/#\/schema\/person\/adc8f09fb72c9d0dc78509106dc5e9f0"},"breadcrumb":{"@id":"https:\/\/acjbb-sud.org\/index.php\/2019\/11\/13\/chabbat-vayera-5780\/#breadcrumb"},"inLanguage":"fr-FR","potentialAction":[{"@type":"ReadAction","target":["https:\/\/acjbb-sud.org\/index.php\/2019\/11\/13\/chabbat-vayera-5780\/"]}]},{"@type":"ImageObject","inLanguage":"fr-FR","@id":"https:\/\/acjbb-sud.org\/index.php\/2019\/11\/13\/chabbat-vayera-5780\/#primaryimage","url":"https:\/\/acjbb-sud.org\/wp-content\/uploads\/2018\/10\/ACJBB-Sud-Chabbat-halots-bougies-vin-600-logos-v2.jpg","contentUrl":"https:\/\/acjbb-sud.org\/wp-content\/uploads\/2018\/10\/ACJBB-Sud-Chabbat-halots-bougies-vin-600-logos-v2.jpg","width":615,"height":433},{"@type":"BreadcrumbList","@id":"https:\/\/acjbb-sud.org\/index.php\/2019\/11\/13\/chabbat-vayera-5780\/#breadcrumb","itemListElement":[{"@type":"ListItem","position":1,"name":"Accueil","item":"https:\/\/acjbb-sud.org\/"},{"@type":"ListItem","position":2,"name":"Chabbat Vay\u00e9ra"}]},{"@type":"WebSite","@id":"https:\/\/acjbb-sud.org\/#website","url":"https:\/\/acjbb-sud.org\/","name":"Synagogue ACJBB Boulogne Sud","description":"Synagogue \/ Association Communautaire Juive de Boulogne Billancourt (Sud)","potentialAction":[{"@type":"SearchAction","target":{"@type":"EntryPoint","urlTemplate":"https:\/\/acjbb-sud.org\/?s={search_term_string}"},"query-input":{"@type":"PropertyValueSpecification","valueRequired":true,"valueName":"search_term_string"}}],"inLanguage":"fr-FR"},{"@type":"Person","@id":"https:\/\/acjbb-sud.org\/#\/schema\/person\/adc8f09fb72c9d0dc78509106dc5e9f0","name":"AcjbbSud","image":{"@type":"ImageObject","inLanguage":"fr-FR","@id":"https:\/\/acjbb-sud.org\/#\/schema\/person\/image\/","url":"https:\/\/secure.gravatar.com\/avatar\/ea30fe7a8231c8c0bf30066f86006714af7be34ba414543eaab3e453b92901aa?s=96&d=mm&r=g","contentUrl":"https:\/\/secure.gravatar.com\/avatar\/ea30fe7a8231c8c0bf30066f86006714af7be34ba414543eaab3e453b92901aa?s=96&d=mm&r=g","caption":"AcjbbSud"},"url":"https:\/\/acjbb-sud.org\/index.php\/author\/acjbbsud\/"}]}},"jetpack_publicize_connections":[],"jetpack_featured_media_url":"https:\/\/acjbb-sud.org\/wp-content\/uploads\/2018\/10\/ACJBB-Sud-Chabbat-halots-bougies-vin-600-logos-v2.jpg","jetpack_sharing_enabled":true,"jetpack_shortlink":"https:\/\/wp.me\/p7sjOI-P6","jetpack_likes_enabled":true,"_links":{"self":[{"href":"https:\/\/acjbb-sud.org\/index.php\/wp-json\/wp\/v2\/posts\/3168","targetHints":{"allow":["GET"]}}],"collection":[{"href":"https:\/\/acjbb-sud.org\/index.php\/wp-json\/wp\/v2\/posts"}],"about":[{"href":"https:\/\/acjbb-sud.org\/index.php\/wp-json\/wp\/v2\/types\/post"}],"author":[{"embeddable":true,"href":"https:\/\/acjbb-sud.org\/index.php\/wp-json\/wp\/v2\/users\/1"}],"replies":[{"embeddable":true,"href":"https:\/\/acjbb-sud.org\/index.php\/wp-json\/wp\/v2\/comments?post=3168"}],"version-history":[{"count":9,"href":"https:\/\/acjbb-sud.org\/index.php\/wp-json\/wp\/v2\/posts\/3168\/revisions"}],"predecessor-version":[{"id":3187,"href":"https:\/\/acjbb-sud.org\/index.php\/wp-json\/wp\/v2\/posts\/3168\/revisions\/3187"}],"wp:featuredmedia":[{"embeddable":true,"href":"https:\/\/acjbb-sud.org\/index.php\/wp-json\/wp\/v2\/media\/2195"}],"wp:attachment":[{"href":"https:\/\/acjbb-sud.org\/index.php\/wp-json\/wp\/v2\/media?parent=3168"}],"wp:term":[{"taxonomy":"category","embeddable":true,"href":"https:\/\/acjbb-sud.org\/index.php\/wp-json\/wp\/v2\/categories?post=3168"},{"taxonomy":"post_tag","embeddable":true,"href":"https:\/\/acjbb-sud.org\/index.php\/wp-json\/wp\/v2\/tags?post=3168"}],"curies":[{"name":"wp","href":"https:\/\/api.w.org\/{rel}","templated":true}]}}