{"id":3193,"date":"2019-11-20T10:47:41","date_gmt":"2019-11-20T09:47:41","guid":{"rendered":"https:\/\/acjbb-sud.org\/?p=3193"},"modified":"2019-11-26T10:40:20","modified_gmt":"2019-11-26T09:40:20","slug":"chabbat-haye-sarah-5780","status":"publish","type":"post","link":"https:\/\/acjbb-sud.org\/index.php\/2019\/11\/20\/chabbat-haye-sarah-5780\/","title":{"rendered":"Chabbat Hay\u00e9 Sarah"},"content":{"rendered":"<h3 style=\"text-align: center; padding-left: 30px;\"><strong>Paracha &lsquo;Hay\u00e9 Sarah \/ <span dir=\"RTL\" lang=\"HE\">\u05e4\u05e8\u05e9\u05d4 \u05d7\u05d9\u05d9 \u05e9\u05e8\u05d4<\/span><\/strong><\/h3>\n<h3 style=\"text-align: center; padding-left: 30px;\"><strong>Chabbat M\u00e9var\u00e9&rsquo;him \/ <span dir=\"RTL\" lang=\"HE\">\u05e9\u05d1\u05ea \u05de\u05d1\u05e8\u05db\u05d9\u05dd <\/span><\/strong><\/h3>\n<h4 style=\"text-align: center;\"><strong>22\/23 novembre 2019 &#8211; 25 &lsquo;Hechvan 5780 \/ <span dir=\"RTL\" lang=\"HE\">\u05db&rsquo;\u05d4 \u05d7\u05e9\u05d5\u05df \u05d4-\u05ea\u05e9&rsquo;\u05e3<\/span><\/strong><\/h4>\n<h4 style=\"text-align: center;\"><em><strong>D\u00e9but : 16h45 &#8211; Fin : 17h55<\/strong><\/em><\/h4>\n<p style=\"text-align: justify;\"><img loading=\"lazy\" decoding=\"async\" class=\"wp-image-2195 size-full aligncenter\" src=\"https:\/\/acjbb-sud.org\/wp-content\/uploads\/2018\/10\/ACJBB-Sud-Chabbat-halots-bougies-vin-600-logos-v2.jpg\" alt=\"\" width=\"615\" height=\"433\" srcset=\"https:\/\/acjbb-sud.org\/wp-content\/uploads\/2018\/10\/ACJBB-Sud-Chabbat-halots-bougies-vin-600-logos-v2.jpg 615w, https:\/\/acjbb-sud.org\/wp-content\/uploads\/2018\/10\/ACJBB-Sud-Chabbat-halots-bougies-vin-600-logos-v2-300x211.jpg 300w\" sizes=\"auto, (max-width: 615px) 100vw, 615px\" \/><\/p>\n<p><strong>Chabbat des jeunes<\/strong> : A l&rsquo;occasion du <em>Chabbat des jeunes<\/em>, la lecture de la Paracha et les offices seront assur\u00e9s par les jeunes de la communaut\u00e9.<\/p>\n<h3><strong><span style=\"text-decoration: underline;\">Les Horaires :<\/span> <\/strong><\/h3>\n<p><em><strong>Vendredi soir :<\/strong><\/em><br \/>\n<strong>16h40<\/strong> : Allumage des bougies et entr\u00e9e de Chabbat (heure maximum pour l&rsquo;allumage : <span style=\"color: #ff0000;\"><strong>16h45<\/strong><\/span>)<br \/>\n<strong>16h45<\/strong> : Min&rsquo;ha, suivi d&rsquo;un cours de Hala&rsquo;hot<br \/>\n<strong>17h45<\/strong> : Chir haChirim, suivi de Kabbalat Chabbat et Arvit<br \/>\nD\u2019var Thora par le <strong>Rav Mika\u00ebl MOUYAL<\/strong><\/p>\n<p><strong><em>Samedi matin :<\/em><\/strong><br \/>\n<strong>09h00<\/strong> : Cha\u2019harit<br \/>\nL\u2019office sera suivi d\u2019un kiddouch communautaire<br \/>\nApr\u00e8s l\u2019office, cours mixte sur la Paracha par le <strong>Rabbin Mickael MOUYAL<\/strong><\/p>\n<p><em><strong>Samedi apr\u00e8s-midi :<\/strong><\/em><br \/>\n<strong>16h00<\/strong> : T\u00e9hilim &#8211; Lecture collective des T\u00e9hilim &#8211; Alpha\/Beta<br \/>\n<strong>16h15<\/strong> : Min\u2019ha Suivi de la S\u00e9ouda Ch\u00e9lichit, des chants de Chabbat et du D\u2019var Thora par le <strong>Rav Mika\u00ebl MOUYAL<\/strong><br \/>\nLa s\u00e9ouda chelichit est offerte par <strong>Linda &amp; Michel BOUSSIDAN<\/strong> l\u00e9ilouy nichmat : <strong>David ben Jamila HaCohen et Yaacov ben Jamila HaCohen<\/strong> (\u05d6\u05f4\u05dc)<br \/>\n<strong>17h02<\/strong> : Shquiya \/ <span dir=\"RTL\" lang=\"HE\">\u05e9\u05e7\u05e2\u05ea \u05d4\u05d7\u05de\u05d4<\/span><\/p>\n<p><strong><em>Samedi soir :<\/em><\/strong><br \/>\n<strong>17h55<\/strong> : Fin de Chabbat, Arvit et Havdala<\/p>\n<p><strong>18h10<\/strong> : Cours mixte durant une demie-heure apr\u00e8s la Havdala. Le <strong>Rabbin Mickael MOUYAL<\/strong> vous offre la possibilit\u00e9 d\u2019\u00e9tudier le livre \u00ab <strong>Al\u00e9 Chour<\/strong> \u00bb afin de construire sa personnalit\u00e9.<br \/>\nLe Al\u00e9 Chour est un v\u00e9ritable classique de la philosophie rabbinique r\u00e9dig\u00e9 par le <strong>Rav Chlomo WOLBE<\/strong>.<\/p>\n<p><strong><em>Dimanche matin :<\/em> <\/strong><br \/>\n<strong>08h00<\/strong> : Cha\u2019harit<\/p>\n<p><strong><em><u>Lundi :<\/u><\/em><\/strong><br \/>\n<strong>7h10<\/strong> : Cha&rsquo;harit<\/p>\n<p><strong><em><u>Jeudi 28 novembre (1er jour de Roch &lsquo;Hodech) :<\/u><\/em><\/strong><br \/>\n<strong>7h00<\/strong> : Cha&rsquo;harit<\/p>\n<p><strong><em><u>Vendredi 29 novembre (2\u00e8me jour de Roch &lsquo;Hodech) :<\/u><\/em><\/strong><br \/>\n<strong>7h00<\/strong> : Cha&rsquo;harit<\/p>\n<p><strong>Chabbat Chalom !<\/strong><\/p>\n<p><!--more--><\/p>\n<hr \/>\n<h3><strong><span style=\"text-decoration: underline;\">Roch &lsquo;Hodech Kislev :<\/span><br \/>\n<\/strong><\/h3>\n<p>Roch &lsquo;Hodech Kislev aura lieu le jeudi 28 et vendredi 29 novembre 2019 (\u00e0 partir de mercredi 27 novembre au soir).<\/p>\n<hr \/>\n<h3><strong><span style=\"text-decoration: underline;\">Offices et cours de la semaine \u00e0 la Synagogue :<\/span><br \/>\n<\/strong><\/h3>\n<p><em>43 rue des abondances<\/em><\/p>\n<p><strong><em>Cha\u2019harit &#8211; 1er office :<\/em><\/strong><br \/>\n<em><u>Lundi et jeudi :<\/u><\/em><br \/>\n<strong>6h55<\/strong> : Cha&rsquo;harit<br \/>\n<em><u>Mardi, mercredi et vendredi :<\/u><\/em><br \/>\n<strong>7h00<\/strong> : Cha&rsquo;harit<br \/>\n<em><u>Dimanche :<\/u><\/em><br \/>\n<strong>8h00<\/strong> : Cha&rsquo;harit<\/p>\n<p><strong><em>Cha\u2019harit &#8211; 2\u00e8me Office :<\/em><\/strong><br \/>\n<strong>7h45<\/strong> : dans la Soucah\/Pergola<br \/>\nsuivi d&rsquo;une \u00e9tude par le <strong>Rabbin Didier Kassabi<\/strong> du lundi au jeudi, et par le <strong>Rav Avner Ibgui<\/strong> le vendredi<\/p>\n<p><strong><em>Min\u2019ha :<\/em><\/strong><br \/>\n<strong>13h30<\/strong> : du dimanche au jeudi (repas et cours \u00e0 partir de 13h00)<\/p>\n<p><strong><em>Arvit :<\/em><\/strong><br \/>\n<strong>19h30<\/strong> : du dimanche au jeudi<\/p>\n<p>Retrouvez les horaires de la synagogue <a href=\"https:\/\/synaboulogne.com\/horaires-offices\/\" target=\"_blank\" rel=\"noopener noreferrer\">ici<\/a>.<\/p>\n<hr \/>\n<h3><strong><span style=\"text-decoration: underline;\">Save the Date &#8211; samedi soir 7 d\u00e9cembre 2019 :<\/span><br \/>\n<\/strong><\/h3>\n<p>\u26a0\ufe0f <strong>SAVE THE DATE<\/strong> \u26a0\ufe0f<br \/>\nR\u00e9servez votre <strong>samedi soir 7 d\u00e9cembre 2019<\/strong> pour une soir\u00e9e festive, musicale et conviviale !<\/p>\n<p><a href=\"https:\/\/acjbb-sud.org\/wp-content\/uploads\/2019\/11\/ACJBB-CCIBB-CCJB-92-inauguration-mobilisation-future-Centre-Culturel-Juif-Boulogne.jpeg\"><img decoding=\"async\" class=\"aligncenter size-full wp-image-3204\" src=\"https:\/\/acjbb-sud.org\/wp-content\/uploads\/2019\/11\/ACJBB-CCIBB-CCJB-92-inauguration-mobilisation-future-Centre-Culturel-Juif-Boulogne.jpeg\" alt=\"\" width=\"600\" srcset=\"https:\/\/acjbb-sud.org\/wp-content\/uploads\/2019\/11\/ACJBB-CCIBB-CCJB-92-inauguration-mobilisation-future-Centre-Culturel-Juif-Boulogne.jpeg 883w, https:\/\/acjbb-sud.org\/wp-content\/uploads\/2019\/11\/ACJBB-CCIBB-CCJB-92-inauguration-mobilisation-future-Centre-Culturel-Juif-Boulogne-166x300.jpeg 166w, https:\/\/acjbb-sud.org\/wp-content\/uploads\/2019\/11\/ACJBB-CCIBB-CCJB-92-inauguration-mobilisation-future-Centre-Culturel-Juif-Boulogne-768x1392.jpeg 768w, https:\/\/acjbb-sud.org\/wp-content\/uploads\/2019\/11\/ACJBB-CCIBB-CCJB-92-inauguration-mobilisation-future-Centre-Culturel-Juif-Boulogne-565x1024.jpeg 565w\" sizes=\"(max-width: 883px) 100vw, 883px\" \/><\/a>Grande soir\u00e9e de mobilisation pour le futur <strong>Centre Culturel Juif de Boulogne<\/strong>, <strong>samedi 7 d\u00e9cembre de 20h \u00e0 minuit<\/strong>.<\/p>\n<p>Inscrivez-vous vite : <a href=\"http:\/\/bit.ly\/CCIB7d\u00e9cembre\">http:\/\/bit.ly\/CCIB7d\u00e9cembre<\/a> !<\/p>\n<hr \/>\n<h3><strong><span style=\"text-decoration: underline;\">Beth Hamidrach :<\/span><br \/>\n<\/strong><\/h3>\n<p style=\"text-align: justify;\">Le <strong>Rabbin Didier Kassabi<\/strong> donne un cours de Gu\u00e9mara chaque lundi soir \u00e0 20h00 \u00e0 la Synagogue de Boulogne Billancourt, 43 rue des abondances.<\/p>\n<p><img decoding=\"async\" class=\"aligncenter wp-image-2318 size-large\" src=\"https:\/\/acjbb-sud.org\/wp-content\/uploads\/2018\/12\/Rav-Didier-Kassabi-ACJBB-Boulogne-Sud-1024x656.jpg\" alt=\"\" width=\"600\" srcset=\"https:\/\/acjbb-sud.org\/wp-content\/uploads\/2018\/12\/Rav-Didier-Kassabi-ACJBB-Boulogne-Sud-1024x656.jpg 1024w, https:\/\/acjbb-sud.org\/wp-content\/uploads\/2018\/12\/Rav-Didier-Kassabi-ACJBB-Boulogne-Sud-300x192.jpg 300w, https:\/\/acjbb-sud.org\/wp-content\/uploads\/2018\/12\/Rav-Didier-Kassabi-ACJBB-Boulogne-Sud-768x492.jpg 768w, https:\/\/acjbb-sud.org\/wp-content\/uploads\/2018\/12\/Rav-Didier-Kassabi-ACJBB-Boulogne-Sud.jpg 1588w\" sizes=\"(max-width: 1024px) 100vw, 1024px\" \/><\/p>\n<p>Retrouvez tous les cours du Rabbin Kassabi <a href=\"https:\/\/acjbb-sud.org\/index.php\/cours-du-rabbin-kassabi\/\" target=\"_blank\" rel=\"noopener noreferrer\">sur cette page<\/a> !!<\/p>\n<p>Retrouvez toutes les informations et tous les cours du <em><strong>Beth Hamidrach de Boulogne<\/strong><\/em> sur <a href=\"https:\/\/synaboulogne.com\/beth-hamidrach\/\" target=\"_blank\" rel=\"noopener noreferrer\">cette page<\/a> !<\/p>\n<hr \/>\n<h3><strong><span style=\"text-decoration: underline;\">Talmud Thorah :<\/span><br \/>\n<\/strong><\/h3>\n<h4>Message \u00e0 tous les Parents<\/h4>\n<p>Tous les parents ont le devoir d&rsquo;assurer l&rsquo;\u00e9ducation juive de leurs enfants. Cette transmission passe naturellement par ce qui est v\u00e9cu au c\u0153ur du foyer mais elle doit \u00eatre sublim\u00e9e par un enseignement traditionnel dans le cadre de nos structures communautaires.<br \/>\nC&rsquo;est dans cette optique que notre Talmud Torah ouvre ses portes afin d&rsquo;y accueillir vos enfants.<\/p>\n<p>\u00c0 partir de leur rentr\u00e9e en CE1, aucun enfant de la communaut\u00e9 ne doit rester en marge de la d\u00e9couverte de leur juda\u00efsme.<\/p>\n<p>N\u2019h\u00e9sitez pas \u00e0 <a href=\"mailto:didierkassabi@gmail.com?subject=&quot;Talmud Torah Boulogne&quot;\" target=\"_blank\" rel=\"noopener noreferrer\">contacter notre Rabbin Didier KASSABI<\/a> pour toute demande de renseignements.<\/p>\n<hr \/>\n<h3><strong><span style=\"text-decoration: underline;\">Activit\u00e9 du Bn\u00e9 Akiva :<\/span><br \/>\n<\/strong><\/h3>\n<p>Cette semaine, l&rsquo;activit\u00e9 de Chabbat du Bn\u00e9 Akiva a lieu \u00e0 la <strong>Synagogue de Boulogne, 43 rue des abondances<\/strong> \u00e0 partir de 16h30.<\/p>\n<p><em><strong>Information aux parents :<\/strong><\/em> pour avoir toutes les informations sur les activit\u00e9s du Bn\u00e9 Akiva, pour \u00e9changer avec les madri&rsquo;him, vous pouvez rejoindre le groupe WhatsApp BNE AKIVA &#8211; Parents et Madri&rsquo;him en cliquant sur le lien <a href=\"http:\/\/bit.ly\/2nVbURP\" target=\"_blank\" rel=\"noopener noreferrer\">http:\/\/bit.ly\/2nVbURP<\/a><\/p>\n<p>&nbsp;<\/p>\n<hr \/>\n<h3><strong><span style=\"text-decoration: underline;\">\u00ab Les AMIS de la REFOUA \u00bb &#8211; Visite aux malades :<\/span><br \/>\n<\/strong><\/h3>\n<p style=\"text-align: justify;\">Des b\u00e9n\u00e9voles de Boulogne proposent aux personnes qui le demandent : l&rsquo;organisation d&rsquo;une chaine de lecture de T\u00e9hilims pour la gu\u00e9rison de nos malades, de prendre de leurs nouvelles et leur rendre visite dans les h\u00f4pitaux.<br \/>\nCes actions se font dans la plus grande discr\u00e9tion et s&rsquo;inscrivent dans le cadre du b\u00e9n\u00e9volat.<br \/>\nVous pourrez joindre &#8211; <em>les AMIS de la REFOUA<\/em> &#8211; au 06.03.75.34.15, ou par courriel \u00e0 : <a href=\"mailto:israelalbert1@gmail.com\">israelalbert1@gmail.com<\/a><br \/>\nVous pouvez aussi faire partie de ces b\u00e9n\u00e9voles, nous vous remercions par avance.<\/p>\n<hr \/>\n<h3><strong><span style=\"text-decoration: underline;\">Information ACJBB Boulogne Sud :<\/span><br \/>\n<\/strong><\/h3>\n<p style=\"text-align: justify;\">Retrouvez toutes les informations de l\u2019office sur : <a href=\"http:\/\/www.acjbb-sud.org\" target=\"_blank\" rel=\"noopener noreferrer\">www.acjbb-sud.org<\/a>.<br \/>\nSi vous souhaitez recevoir par mail la newsletter de l&rsquo;office, inscrivez-vous en nous envoyant un mail \u00e0 <a href=\"mailto:officeboulognesud@gmail.com\">officeboulognesud@gmail.com<\/a>.<br \/>\nRetrouvez \u00e9galement toutes les informations sur la page Facebook de l&rsquo;office : <a href=\"http:\/\/facebook.com\/acjbbsud\" target=\"_blank\" rel=\"noopener noreferrer\">facebook.com\/acjbbsud<\/a> et sur Twitter : <a href=\"http:\/\/twitter.com\/acjbbsud\" target=\"_blank\" rel=\"noopener noreferrer\">twitter.com\/acjbbsud<\/a>.<\/p>\n<hr \/>\n<h3><strong><span style=\"text-decoration: underline;\">R\u00e9servation des espaces communautaires :<\/span><br \/>\n<\/strong><\/h3>\n<p style=\"text-align: justify;\">Vous souhaitez organiser une manifestation (Brith-Mila, Bar-Mitsvah et Bat-Mitsvah, Mariage, Azkara, Soir\u00e9e Mikv\u00e9 Kala, etc&#8230; ) dans les espaces de la <strong>Synagogue de Boulogne<\/strong>, 43 rue des Abondances, contactez M. Alain Chicheportiche 06.95.62.58.41 &#8211; <a href=\"mailto:alainchicheportiche92@gmail.com\">alainchicheportiche92@gmail.com<\/a><\/p>\n<p style=\"text-align: justify;\">Vous souhaitez r\u00e9server la salle de <strong>Boulogne Sud<\/strong>, 134 bis rue du point du jour Boulogne Billancourt, contactez M. Patrick Sebban 06.03.02.30.78 &#8211; <a href=\"mailto:patrick.sebban2@paris.fr\">patrick.sebban2@paris.fr<\/a><\/p>\n<hr \/>\n<h3><strong><span style=\"text-decoration: underline;\">Mikv\u00e9 :<\/span><br \/>\n<\/strong><\/h3>\n<p><strong>Mikv\u00e9 pour les femmes<\/strong><br \/>\nLe mikv\u00e9 de Boulogne est ouvert :<\/p>\n<ul>\n<li>dimanche de 19h \u00e0 21h<\/li>\n<li>du lundi au jeudi de 20h \u00e0 22h<\/li>\n<li>vendredi soir : uniquement sur RDV , en envoyant un sms \u00e0 Mme Yael Kassabi au 06 22 76 15 04<\/li>\n<li>samedi soir : 1h apr\u00e8s Chabbat pendant 2h<\/li>\n<\/ul>\n<p>La Communaut\u00e9 juive de Boulogne recherche une <strong>Baalanit <\/strong>pour 2 soirs par semaine \u00e0 partir de mi-novembre. Prendre contact avec <a href=\"mailto:yaelkassabi@gmail.com?subject=Poste%20de%20Baalanit%20pour%20le%20Mikv%C3%A9%20de%20Boulogne\" target=\"_blank\" rel=\"noopener noreferrer\">Mme Yael Kassabi<\/a>.<\/p>\n<p><strong>Mikv\u00e9 vaisselle<\/strong><br \/>\nLe Mikv\u00e9 K\u00e9lim est ouvert tous les matins du dimanche au vendredi depuis l&rsquo;heure de la T\u00e9fila jusqu&rsquo;\u00e0 midi.<\/p>\n<hr \/>\n<h3><strong><span style=\"text-decoration: underline;\">Faire un don :<\/span><br \/>\n<\/strong><\/h3>\n<p style=\"text-align: justify;\">Pour faire vivre et participer activement \u00e0 cet office, <a href=\"http:\/\/www.acjbb-sud.org\/index.php\/faire-un-don\/\" target=\"_blank\" rel=\"noopener noreferrer\">faites un don<\/a> par internet ou envoyez vos ch\u00e8ques au <strong>134 bis rue du Point du Jour<\/strong>. Toutes les participations sont bienvenues, <em>les petits ruisseaux faisant de grandes rivi\u00e8res<\/em>, nous parviendrons, tous ensemble, \u00e0 faire vivre l\u2019Office de Boulogne Sud.<\/p>\n<p>Tizkou L\u00e9-Mitsvot !!<\/p>\n<hr \/>\n<h3><strong><span style=\"text-decoration: underline;\">Sauvons la cr\u00e8che La Toupie :<\/span><br \/>\n<\/strong><\/h3>\n<p><a href=\"https:\/\/acjbb-sud.org\/wp-content\/uploads\/2019\/10\/sauvons-la-creche-la-toupie.png\"><img decoding=\"async\" class=\"aligncenter wp-image-3076 size-large\" src=\"https:\/\/acjbb-sud.org\/wp-content\/uploads\/2019\/10\/sauvons-la-creche-la-toupie-1024x341.png\" alt=\"\" width=\"600\" srcset=\"https:\/\/acjbb-sud.org\/wp-content\/uploads\/2019\/10\/sauvons-la-creche-la-toupie.png 1024w, https:\/\/acjbb-sud.org\/wp-content\/uploads\/2019\/10\/sauvons-la-creche-la-toupie-300x100.png 300w, https:\/\/acjbb-sud.org\/wp-content\/uploads\/2019\/10\/sauvons-la-creche-la-toupie-768x256.png 768w\" sizes=\"(max-width: 1024px) 100vw, 1024px\" \/><\/a><\/p>\n<p>Unique en ile de France, cr\u00e8che parentale juive.<\/p>\n<p>Existe depuis 1989, fond\u00e9 par nos mamans de Boulogne Me Aidan, Me Sojcher (\u05d6\u05f4\u05dc), Me Licha,<\/p>\n<p>Accueille 18 familles par an depuis plus de 30 ans, a \u00e9veill\u00e9 et \u00e9panoui des centaines d\u2019enfants via des ateliers p\u00e9dagogiques et culturels, fonctionne gr\u00e2ce \u00e0 des parents merveilleux et une belle \u00e9quipe de pu\u00e9ricultrices, immerge nos enfants dans un univers juif d\u00e8s le berceau.<\/p>\n<p><strong>UN BERCEAU AUJOURD\u2019HUI EN PERIL<\/strong><\/p>\n<p>Baisse des subventions, arr\u00eat des contrats aid\u00e9s, augmentation des charges et des frais fixes, d\u00e9ficit de plus de 50 000 euros, 18 enfants pourraient \u00eatre priv\u00e9s de ce belle \u00e9panouissement, 7 salari\u00e9es menac\u00e9es de perte d\u2019emploi.<\/p>\n<p><strong>Nos enfants ont besoin de vous !<\/strong>,<\/p>\n<p><strong>LE NESS PASSERA PAR VOUS<\/strong><\/p>\n<p><a href=\"https:\/\/www.allodons.fr\/creche-parentale-la-toupie\" target=\"_blank\" rel=\"noopener noreferrer\">https:\/\/www.allodons.fr\/creche-parentale-la-toupie<\/a><\/p>\n<p>CERFA d\u00e9livr\u00e9 automatiquement.<\/p>\n<hr \/>\n<h3><strong><span style=\"text-decoration: underline;\">Visites aux personnes seules :<\/span><br \/>\n<\/strong><\/h3>\n<p>Chers amis membres de la communaut\u00e9 juive de Boulogne,<\/p>\n<p>Il existe d\u00e9sormais un syst\u00e8me organis\u00e9 et centralis\u00e9 de <strong>visites aux personnes \u00e2g\u00e9es qui le souhaiteraient<\/strong>, vivant seules ou loin de leurs familles, chez elles ou en R\u00e9sidence, \u00e0 Boulogne-m\u00eame et dans les banlieues et arrondissements parisiens voisins.<br \/>\nCe groupe, fra\u00eechement cr\u00e9\u00e9, a besoin de b\u00e9n\u00e9voles qui pourraient, une \u00e0 deux fois par mois, venir visiter pendant 15 \u00e0 30 minutes l\u2019une de ces personnes isol\u00e9es.<br \/>\nLe deuxi\u00e8me type de mission que propose ce groupe consiste \u00e0 <strong>rendre visite aux personnes hospitalis\u00e9es sur notre secteur g\u00e9ographique<\/strong>, en cas d\u2019\u00e9loignement familial, lorsqu&rsquo;une telle demande nous parviendra.<br \/>\n<strong>Nous avons besoin d\u2019autant de b\u00e9n\u00e9voles que possible pour que ce projet puisse durer<\/strong>.<br \/>\nIl vous sera aussi d\u00e9sormais possible de nous contacter directement pour nous communiquer les coordonn\u00e9es d&rsquo;une nouvelle personne \u00e0 visiter.<br \/>\nVous pouvez nous joindre par le biais du <span class=\"il\">Synamail<\/span>.<br \/>\nAu nom de la Communaut\u00e9 de Boulogne, je tiens \u00e0 vous remercier par avance pour toutes ces belles rencontres que nous ferons, pour tous ces petits moments d\u2019attention et de bonheur que nous offrirons \u00e0 nos Seniors et nos Malades.<br \/>\nTizkou le mitsvot<\/p>\n<p><strong>Yael Lazimy<\/strong>, pour le groupe \u00ab Levaker \u00bb<br \/>\nN&rsquo;h\u00e9sitez pas \u00e0 nous contacter par <a href=\"mailto:synamail@acjbb.com\" target=\"_blank\" rel=\"noopener noreferrer\"><span class=\"il\">synamail<\/span>@acjbb.com<\/a><\/p>\n<hr \/>\n<h3><strong><span style=\"text-decoration: underline;\">Participons \u00e0 la collecte des fondations du Centre Culturel Juif de Boulogne Billancourt :<\/span><br \/>\n<\/strong><\/h3>\n<p><img loading=\"lazy\" decoding=\"async\" class=\"aligncenter wp-image-2813 size-large\" src=\"https:\/\/acjbb-sud.org\/wp-content\/uploads\/2019\/07\/construction-du-centre-juif-de-boulogne-billancourt-1024x724.jpeg\" alt=\"\" width=\"720\" height=\"509\" srcset=\"https:\/\/acjbb-sud.org\/wp-content\/uploads\/2019\/07\/construction-du-centre-juif-de-boulogne-billancourt-1024x724.jpeg 1024w, https:\/\/acjbb-sud.org\/wp-content\/uploads\/2019\/07\/construction-du-centre-juif-de-boulogne-billancourt-300x212.jpeg 300w, https:\/\/acjbb-sud.org\/wp-content\/uploads\/2019\/07\/construction-du-centre-juif-de-boulogne-billancourt-768x543.jpeg 768w, https:\/\/acjbb-sud.org\/wp-content\/uploads\/2019\/07\/construction-du-centre-juif-de-boulogne-billancourt.jpeg 1122w\" sizes=\"auto, (max-width: 720px) 100vw, 720px\" \/><\/p>\n<p>La construction du Centre Culturel Juif de Boulogne a \u00e9t\u00e9 lanc\u00e9e le <strong>23 juin 2019<\/strong>. En plus de la campagne de collecte, nous avons d\u00e9cid\u00e9 d&rsquo;entreprendre une collecte \u00ab\u00a0<b>des Fondations du Centre Culturel<\/b>\u00ab\u00a0. A l&rsquo;image de la construction du Michkan, o\u00f9 Moch\u00e9 a demand\u00e9 \u00e0 tous les Bnei Israel de verser un demi-shekel pour financer les socles qui soutiennent les poutres du Michkan, nous invitons tous les boulonnais, hommes, femmes et enfants, \u00e0 contribuer aux fondations du Centre Culturel.<\/p>\n<p>La liste de tous les contributeurs sera affich\u00e9e pour que chacun puisse dire qu&rsquo;il a fait partie des fondateurs.<\/p>\n<p>Le montant est unique pour que dans cette phase, chacun puisse avoir une part \u00e9gale \u00e0 son voisin, quels que soient ses moyens et sa g\u00e9n\u00e9rosit\u00e9, chacun \u00e0 part \u00e9gale.<\/p>\n<p>Nous invitons donc tous les fid\u00e8les de notre communaut\u00e9 \u00e0 participer et surtout \u00e0 inviter tous nos coreligionnaires, familles, amis, voisins \u00e0 participer aussi au projet.<\/p>\n<p>Ainsi nous aurons collectivement le m\u00e9rite de r\u00e9pondre \u00e0 l&rsquo;injonction divine de la Paracha T\u00e9rouma :<br \/>\n\u00ab\u00a0\u05d5\u05b0\u05e2\u05b8\u05e9\u05c2\u05d5\u05bc \u05dc\u05b4\u05d9, \u05de\u05b4\u05e7\u05b0\u05d3\u05bc\u05b8\u05e9\u05c1; \u05d5\u05b0\u05e9\u05c1\u05b8\u05db\u05b7\u05e0\u05b0\u05ea\u05bc\u05b4\u05d9, \u05d1\u05bc\u05b0\u05ea\u05d5\u05b9\u05db\u05b8\u05dd.\u00a0\u00bb &#8211; \u00ab\u00a0<em>Et ils me construiront un sanctuaire, pour que je r\u00e9side au milieu d&rsquo;eux<\/em>\u00a0\u00bb <strong>Amen<\/strong> !<\/p>\n<p>Robert Ejnes<br \/>\nPr\u00e9sident<\/p>\n<p><strong>Mobilisons-nous :<\/strong><br \/>\n<a href=\"https:\/\/www.helloasso.com\/associations\/acjbb-2\/collectes\/les-fondations-du-centre-culturel-juif-de-boulogne\/\" target=\"_blank\" rel=\"noopener noreferrer\">Je participe \u00e0 la collecte des fondations du Centre Culturel Juif<\/a> !<\/p>\n<hr \/>\n<h3><strong><span style=\"text-decoration: underline;\">Dons pour le Centre Culturel de Boulogne Billancourt :<\/span><br \/>\n<\/strong><\/h3>\n<p style=\"text-align: justify;\">Le nouveau Centre Culturel sera situ\u00e9 \u00e0 l&rsquo;angle des rues Marcel Dassault et d&rsquo;Anjou.<\/p>\n<p style=\"text-align: justify;\">Il comprendra notamment :<\/p>\n<ul>\n<li style=\"list-style-type: none;\">\n<ul>\n<li>Une Synagogue<\/li>\n<li>Le Centre Communautaire (CCIBB)<\/li>\n<li>Une salle polyvalente<\/li>\n<li>Une salle des f\u00eates<\/li>\n<\/ul>\n<\/li>\n<\/ul>\n<p>Vous pouvez consulter la <a href=\"https:\/\/fr.calameo.com\/read\/00057892520c64798775e\" target=\"_blank\" rel=\"noopener noreferrer\">plaquette de pr\u00e9sentation du Centre Culturel de Boulogne<\/a><\/p>\n<p style=\"text-align: justify;\"><img decoding=\"async\" class=\"aligncenter wp-image-778 size-full\" src=\"http:\/\/acjbb-sud.org\/wp-content\/uploads\/2017\/06\/Acjbb-construction-1.png\" alt=\"\" width=\"600\" srcset=\"https:\/\/acjbb-sud.org\/wp-content\/uploads\/2017\/06\/Acjbb-construction-1.png 684w, https:\/\/acjbb-sud.org\/wp-content\/uploads\/2017\/06\/Acjbb-construction-1-300x202.png 300w, https:\/\/acjbb-sud.org\/wp-content\/uploads\/2017\/06\/Acjbb-construction-1-445x300.png 445w\" sizes=\"(max-width: 684px) 100vw, 684px\" \/><\/p>\n<h3 class=\"m_-5277437730878633356null\"><span style=\"color: #0000ff;\"><strong>Etat du dossier<\/strong><\/span><\/h3>\n<p><strong>Les travaux avancent !!!<\/strong><\/p>\n<p><strong>Dimanche 10 novembre 2019<\/strong>, la fl\u00e8che de la grue est mont\u00e9e !<\/p>\n\n\t\t<style type=\"text\/css\">\n\t\t\t#gallery-1 {\n\t\t\t\tmargin: auto;\n\t\t\t}\n\t\t\t#gallery-1 .gallery-item {\n\t\t\t\tfloat: left;\n\t\t\t\tmargin-top: 10px;\n\t\t\t\ttext-align: center;\n\t\t\t\twidth: 33%;\n\t\t\t}\n\t\t\t#gallery-1 img {\n\t\t\t\tborder: 2px solid #cfcfcf;\n\t\t\t}\n\t\t\t#gallery-1 .gallery-caption {\n\t\t\t\tmargin-left: 0;\n\t\t\t}\n\t\t\t\/* see gallery_shortcode() in wp-includes\/media.php *\/\n\t\t<\/style>\n\t\t<div id='gallery-1' class='gallery galleryid-3193 gallery-columns-3 gallery-size-medium'><dl class='gallery-item'>\n\t\t\t<dt class='gallery-icon landscape'>\n\t\t\t\t<a href='https:\/\/acjbb-sud.org\/wp-content\/uploads\/2019\/11\/20191110-ACJBB-Centre-Culturel-Juif-Boulogne-Billancourt-1.jpg'><img loading=\"lazy\" decoding=\"async\" width=\"300\" height=\"225\" src=\"https:\/\/acjbb-sud.org\/wp-content\/uploads\/2019\/11\/20191110-ACJBB-Centre-Culturel-Juif-Boulogne-Billancourt-1-300x225.jpg\" class=\"attachment-medium size-medium\" alt=\"\" srcset=\"https:\/\/acjbb-sud.org\/wp-content\/uploads\/2019\/11\/20191110-ACJBB-Centre-Culturel-Juif-Boulogne-Billancourt-1-300x225.jpg 300w, https:\/\/acjbb-sud.org\/wp-content\/uploads\/2019\/11\/20191110-ACJBB-Centre-Culturel-Juif-Boulogne-Billancourt-1-768x575.jpg 768w, https:\/\/acjbb-sud.org\/wp-content\/uploads\/2019\/11\/20191110-ACJBB-Centre-Culturel-Juif-Boulogne-Billancourt-1.jpg 960w\" sizes=\"auto, (max-width: 300px) 100vw, 300px\" \/><\/a>\n\t\t\t<\/dt><\/dl><dl class='gallery-item'>\n\t\t\t<dt class='gallery-icon portrait'>\n\t\t\t\t<a href='https:\/\/acjbb-sud.org\/wp-content\/uploads\/2019\/11\/20191110-ACJBB-Centre-Culturel-Juif-Boulogne-Billancourt-2.jpg'><img loading=\"lazy\" decoding=\"async\" width=\"225\" height=\"300\" src=\"https:\/\/acjbb-sud.org\/wp-content\/uploads\/2019\/11\/20191110-ACJBB-Centre-Culturel-Juif-Boulogne-Billancourt-2-225x300.jpg\" class=\"attachment-medium size-medium\" alt=\"\" srcset=\"https:\/\/acjbb-sud.org\/wp-content\/uploads\/2019\/11\/20191110-ACJBB-Centre-Culturel-Juif-Boulogne-Billancourt-2-225x300.jpg 225w, https:\/\/acjbb-sud.org\/wp-content\/uploads\/2019\/11\/20191110-ACJBB-Centre-Culturel-Juif-Boulogne-Billancourt-2.jpg 720w\" sizes=\"auto, (max-width: 225px) 100vw, 225px\" \/><\/a>\n\t\t\t<\/dt><\/dl><dl class='gallery-item'>\n\t\t\t<dt class='gallery-icon portrait'>\n\t\t\t\t<a href='https:\/\/acjbb-sud.org\/wp-content\/uploads\/2019\/11\/20191110-ACJBB-Centre-Culturel-Juif-Boulogne-Billancourt-3.jpg'><img loading=\"lazy\" decoding=\"async\" width=\"225\" height=\"300\" src=\"https:\/\/acjbb-sud.org\/wp-content\/uploads\/2019\/11\/20191110-ACJBB-Centre-Culturel-Juif-Boulogne-Billancourt-3-225x300.jpg\" class=\"attachment-medium size-medium\" alt=\"\" srcset=\"https:\/\/acjbb-sud.org\/wp-content\/uploads\/2019\/11\/20191110-ACJBB-Centre-Culturel-Juif-Boulogne-Billancourt-3-225x300.jpg 225w, https:\/\/acjbb-sud.org\/wp-content\/uploads\/2019\/11\/20191110-ACJBB-Centre-Culturel-Juif-Boulogne-Billancourt-3.jpg 720w\" sizes=\"auto, (max-width: 225px) 100vw, 225px\" \/><\/a>\n\t\t\t<\/dt><\/dl><br style=\"clear: both\" \/>\n\t\t<\/div>\n\n<p>Vous avez une occasion unique d&rsquo;inscrire votre nom, celui de vos familles, celui de vos disparus, dans un projet qui marquera l&rsquo;avenir de la vie juive \u00e0 Boulogne-Billancourt.<\/p>\n<p><img decoding=\"async\" class=\"aligncenter\" src=\"https:\/\/acjbb-sud.org\/wp-content\/uploads\/2018\/07\/Centre-Culturel-juif-Boulogne-Billancourt-Synagogue.jpg\" alt=\"\" width=\"600\" \/><\/p>\n<p><img decoding=\"async\" class=\"aligncenter\" src=\"https:\/\/acjbb-sud.org\/wp-content\/uploads\/2018\/07\/Centre-Culturel-juif-Boulogne-Billancourt-Synagogue-2.jpg\" alt=\"\" width=\"600\" \/><\/p>\n<p style=\"text-align: justify;\">Devenez acteur du devenir de la vie juive \u00e0 Boulogne en faisant un don pour la construction du Centre Culturel de Boulogne. Vous pouvez d\u00e9cider de diriger votre don vers la synagogue ACJBB ou vers le CCIBB, en nous l&rsquo;indiquant par message.<\/p>\n<p>Si vous avez des question, <a href=\"mailto:synamail@acjbb.com?subject=&quot;Question sur la construction du Centre culturel&quot;\">envoyez-nous un message<\/a> !<\/p>\n<p><a href=\"https:\/\/www.helloasso.com\/associations\/acjbb-2\/collectes\/construction-du-centre-juif-de-boulogne\" target=\"_blank\" rel=\"noopener noreferrer\">Je participe \u00e0 la collecte pour la construction<\/a>.<\/p>\n<hr \/>\n<h3><strong><span style=\"text-decoration: underline;\">M\u00e9lav\u00e9 Malka avec le Rav David B\u00e9nichou samedi 23 novembre :<\/span><br \/>\n<\/strong><\/h3>\n<p>Le <strong>Rabbin Didier Kassabi<\/strong> et la Communaut\u00e9 Juive de Boulogne Billancourt vous invitent \u00e0 un M\u00e9lav\u00e9 Malka motsa\u00e9 Chabbat samedi 23 novembre \u00e0 20h00 avec le <strong>Rav David B\u00e9nichou<\/strong> \u2013 des Institutions Yad Mord\u00e9\u2019hai \u2013 sur le th\u00e8me : \u00ab <em><strong>Le secret de la stabilit\u00e9<\/strong><\/em> \u00bb.<\/p>\n<p><a href=\"https:\/\/acjbb-sud.org\/wp-content\/uploads\/2019\/11\/ACJBB-Affiche-melave-malka-Rav-Benichou-20191123.jpeg\"><img decoding=\"async\" class=\"aligncenter wp-image-3152 size-full\" src=\"https:\/\/acjbb-sud.org\/wp-content\/uploads\/2019\/11\/ACJBB-Affiche-melave-malka-Rav-Benichou-20191123.jpeg\" alt=\"\" width=\"600\" srcset=\"https:\/\/acjbb-sud.org\/wp-content\/uploads\/2019\/11\/ACJBB-Affiche-melave-malka-Rav-Benichou-20191123.jpeg 1131w, https:\/\/acjbb-sud.org\/wp-content\/uploads\/2019\/11\/ACJBB-Affiche-melave-malka-Rav-Benichou-20191123-212x300.jpeg 212w, https:\/\/acjbb-sud.org\/wp-content\/uploads\/2019\/11\/ACJBB-Affiche-melave-malka-Rav-Benichou-20191123-768x1086.jpeg 768w, https:\/\/acjbb-sud.org\/wp-content\/uploads\/2019\/11\/ACJBB-Affiche-melave-malka-Rav-Benichou-20191123-724x1024.jpeg 724w\" sizes=\"(max-width: 1131px) 100vw, 1131px\" \/><\/a><\/p>\n<p>Nous vous attendons nombreuses et nombreux \u00e0 la Synagogue de Boulogne, au 43 rue des abondances.<\/p>\n<p>Entr\u00e9e libre, public mixte.<\/p>\n<hr \/>\n<h3><strong><span style=\"text-decoration: underline;\">(Re)nouveau \u00e0 Boulogne : Avot ouBanim revisit\u00e9 :<\/span><br \/>\n<\/strong><\/h3>\n<p>Venez partager un moment d\u2019\u00e9tude unique et sympathique avec vos enfants (filles et gar\u00e7ons) de 4 et 12 ans le <strong>Samedi 30 Novembre de 18h30 \u00e0 19h15<\/strong> autour du Rabbin Didier Kassabi et profiter de pizzas pour bien d\u00e9marrer la semaine !<br \/>\nC\u2019est le concept d\u2019Avot OuBanim que nous voulons d\u00e9cliner en \u00e9v\u00e8nement communautaire ou les mamans et papas pourront d\u00e9couvrir les tr\u00e9sors de la torah tout en nous rapprochant de nos tr\u00e9sors d\u2019enfants.<br \/>\nRenseignments et informations aupr\u00e8s d&rsquo;<strong>Eliezer Ben Zimra<\/strong><\/p>\n<hr \/>\n<h3><strong><span style=\"text-decoration: underline;\">Assembl\u00e9e G\u00e9n\u00e9rale du CCIBB :<\/span><br \/>\n<\/strong><\/h3>\n<p><a href=\"https:\/\/i0.wp.com\/ccibb.net\/wp-content\/uploads\/2017\/11\/Assemblee-Generale.jpg?w=650&amp;ssl=1\"><img decoding=\"async\" class=\"aligncenter wp-image-3152 size-full\" src=\"https:\/\/i0.wp.com\/ccibb.net\/wp-content\/uploads\/2017\/11\/Assemblee-Generale.jpg?w=650&amp;ssl=1\" alt=\"\" width=\"600\" \/><\/a><br \/>\n<em>Le CCIBB a le plaisir de vous convier \u00e0 son Assembl\u00e9e G\u00e9n\u00e9rale Ordinaire le <strong>mardi 03 d\u00e9cembre 2019 \u00e0 19H30<\/strong> au 20 ter rue des Peupliers, 92100 Boulogne Billancourt.<\/em><\/p>\n<p><em>A l\u2019ordre du jour :<\/em><\/p>\n<ul>\n<li><em>Discours du Pr\u00e9sident Marc Soussan<\/em><\/li>\n<li><em>Rapport Moral du Secr\u00e9taire Jonathan Cahen<\/em><\/li>\n<li><em>Rapport financier du Tr\u00e9sorier Jacques Etyngier (consultable sur place)<\/em><\/li>\n<li><em>Elections du nouveau conseil d\u2019administration<\/em><\/li>\n<li><em>Questions diverses<\/em><\/li>\n<\/ul>\n<p><strong><em>Conform\u00e9ment aux statuts, ce mail tient lieu de convocation.<\/em><\/strong><\/p>\n<p>Bien cordialement,<\/p>\n<p>Le Pr\u00e9sident<\/p>\n<hr \/>\n<h3><strong><span style=\"text-decoration: underline;\">Soir\u00e9e Gala du CCJ 92 :<\/span><br \/>\n<\/strong><\/h3>\n<p>Chers Amis,<\/p>\n<p>Nous sommes heureux de vous inviter \u00e0 la nouvelle soir\u00e9e de <strong>Gala du CCJ 92, qui aura lieu mercredi 4 d\u00e9cembre 2019 \u00e0 20h00 au Carr\u00e9 Belle-Feuille <\/strong>(60 rue de la Belle-Feuille \u00e0 Boulogne), en partenariat avec la Ville de Boulogne-Billancourt.<\/p>\n<p>Au programme cette ann\u00e9e, un <u><strong>concert priv\u00e9 de Michel FUGAIN<\/strong><\/u><u> et son groupe Pluribus<\/u>, en exclusivit\u00e9 pour les communaut\u00e9s juives du 92 !<\/p>\n<p><strong>Le tarif des places est le suivant :<br \/>\n&#8211; <u>Tarif unique<\/u> (1\u00e8re cat\u00e9gorie) : 60 euros<br \/>\n&#8211; Quelques places en seconde cat\u00e9gorie <u>pour les -20 ans<\/u> : 40 euros<\/strong><br \/>\n<u>R\u00e9servations d\u00e8s \u00e0 pr\u00e9sent par mail \u00e0 l\u2019adresse suivante : <\/u><a href=\"mailto:contactccj92@gmail.com\" target=\"_blank\" rel=\"noopener noreferrer\"><strong>contactccj92@gmail.com<\/strong><\/a> avec validation des places \u00e0 r\u00e9ception du r\u00e8glement.<\/p>\n<p>Attention : <u><strong>Places limit\u00e9es<\/strong><\/u>.<br \/>\nDans l\u2019attente et le plaisir de vous retrouver prochainement, nous vous souhaitons un excellent Chabbat.<\/p>\n<p>Elie KORCHIA<br \/>\nPr\u00e9sident du Conseil des Communaut\u00e9s juives du 92<\/p>\n<p><img decoding=\"async\" class=\"aligncenter wp-image-3135 size-full\" src=\"https:\/\/acjbb-sud.org\/wp-content\/uploads\/2019\/10\/soiree-gala-CCJ92-decembre-2019.jpg\" alt=\"\" height=\"600\" srcset=\"https:\/\/acjbb-sud.org\/wp-content\/uploads\/2019\/10\/soiree-gala-CCJ92-decembre-2019.jpg 595w, https:\/\/acjbb-sud.org\/wp-content\/uploads\/2019\/10\/soiree-gala-CCJ92-decembre-2019-212x300.jpg 212w\" sizes=\"(max-width: 595px) 100vw, 595px\" \/><\/p>\n<hr \/>\n<h3><strong><span style=\"text-decoration: underline;\">Conf\u00e9rence-d\u00e9bat avec Jonathan Weitzman :<\/span><br \/>\n<\/strong><\/h3>\n<p>La <strong>Communaut\u00e9 Juive de Boulogne<\/strong> et la <strong>Pr\u00e9pa Emc2<\/strong> vous invitent \u00e0 une conf\u00e9rence-d\u00e9bat avec <strong>Jonathan WIETZMAN<\/strong> le <strong>dimanche 11 d\u00e9cembre 2019 \u00e0 20h00<\/strong>, sur le th\u00e8me \u00ab Les juifs et les g\u00e8nes : de Mo\u00efse \u00e0 la g\u00e9nomique \u00bb.<br \/>\n<a href=\"https:\/\/synaboulogne.com\/wp-content\/uploads\/2019\/11\/conference-debat-jonathan-weitzman-11-decembre-2019-prepa-emc2-709x1024.jpeg\"><img decoding=\"async\" class=\"aligncenter wp-image-3152 size-full\" src=\"https:\/\/synaboulogne.com\/wp-content\/uploads\/2019\/11\/conference-debat-jonathan-weitzman-11-decembre-2019-prepa-emc2-709x1024.jpeg\" alt=\"\" width=\"600\" \/><\/a><\/p>\n<hr \/>\n<h3><strong><span style=\"text-decoration: underline;\">Grande f\u00eate de Hanoucah de la Communaut\u00e9 juive de Boulogne :<\/span><br \/>\n<\/strong><\/h3>\n<p><strong>Dimanche 22 d\u00e9cembre 2019, de 16h \u00e0 19h30<\/strong><br \/>\nEspace communautaire Alfred Zemmour de la Synagogue de Boulogne<\/p>\n<p><a href=\"https:\/\/acjbb-sud.org\/wp-content\/uploads\/2019\/11\/ACJBB-grande-fete-de-hanoucah-2019-5780.png\"><img decoding=\"async\" class=\"aligncenter size-full wp-image-3206\" src=\"https:\/\/acjbb-sud.org\/wp-content\/uploads\/2019\/11\/ACJBB-grande-fete-de-hanoucah-2019-5780.png\" alt=\"\" width=\"600\" srcset=\"https:\/\/acjbb-sud.org\/wp-content\/uploads\/2019\/11\/ACJBB-grande-fete-de-hanoucah-2019-5780.png 800w, https:\/\/acjbb-sud.org\/wp-content\/uploads\/2019\/11\/ACJBB-grande-fete-de-hanoucah-2019-5780-150x150.png 150w, https:\/\/acjbb-sud.org\/wp-content\/uploads\/2019\/11\/ACJBB-grande-fete-de-hanoucah-2019-5780-300x300.png 300w, https:\/\/acjbb-sud.org\/wp-content\/uploads\/2019\/11\/ACJBB-grande-fete-de-hanoucah-2019-5780-768x768.png 768w\" sizes=\"(max-width: 800px) 100vw, 800px\" \/><\/a><\/p>\n<p>Cette ann\u00e9e, nous vous proposons de venir tous ensemble, grands et petits, chanter ensemble des chansons des <strong>Chevatim<\/strong>, compos\u00e9es par <strong>Elie Botbol<\/strong> (\u05d6\u05f4\u05dc).<br \/>\nApr\u00e8s ces chants, tous les enfants recevrons des cadeaux.<\/p>\n<p><strong>Une c\u00e9r\u00e9monie tr\u00e8s sp\u00e9ciale sera ensuite organis\u00e9e dans la Soucah<\/strong><br \/>\nVenez nombreux assister \u00e0 un grand moment communautaire<\/p>\n<p>Buffet et beignets de Hanoucah pour tous<\/p>\n<hr \/>\n<h3><strong><span style=\"text-decoration: underline;\">Nouveaux \u00e0 Boulogne :<\/span><br \/>\n<\/strong><\/h3>\n<p>Si vous \u00eates nouveaux \u00e0 Boulogne, cette r\u00e9union est pour vous !<br \/>\nVous vous \u00eates install\u00e9s r\u00e9cemment \u00e0 Boulogne ?<br \/>\nNous vous proposons de venir rencontrer les responsables de la Communaut\u00e9 le <strong>dimanche 15 d\u00e9cembre de 17h30 \u00e0 19h30<\/strong>.<\/p>\n<p><img decoding=\"async\" class=\"aligncenter wp-image-3203 size-full\" src=\"https:\/\/acjbb-sud.org\/wp-content\/uploads\/2019\/11\/evenement-acjbb-nouveau-a-boulogne-2019.jpg\" alt=\"\" width=\"600\" srcset=\"https:\/\/acjbb-sud.org\/wp-content\/uploads\/2019\/11\/evenement-acjbb-nouveau-a-boulogne-2019.jpg 800w, https:\/\/acjbb-sud.org\/wp-content\/uploads\/2019\/11\/evenement-acjbb-nouveau-a-boulogne-2019-212x300.jpg 212w, https:\/\/acjbb-sud.org\/wp-content\/uploads\/2019\/11\/evenement-acjbb-nouveau-a-boulogne-2019-768x1087.jpg 768w, https:\/\/acjbb-sud.org\/wp-content\/uploads\/2019\/11\/evenement-acjbb-nouveau-a-boulogne-2019-724x1024.jpg 724w\" sizes=\"(max-width: 800px) 100vw, 800px\" \/><br \/>\nTous publics : c\u00e9libataires, couples, familles &#8230;<\/p>\n<p>PS : Si vous connaissez des membres de la Communaut\u00e9 juive r\u00e9cemment arriv\u00e9s \u00e0 Boulogne, merci de leur transf\u00e9rer cet email.<\/p>\n<hr \/>\n<h3><strong><span style=\"text-decoration: underline;\">Emounah : Voyage m\u00e8re et fille en Isra\u00ebl :<\/span><br \/>\n<\/strong><\/h3>\n<p><strong>World Emounah<\/strong> et la <strong>Communaut\u00e9 de Boulogne<\/strong> s\u2019associent pour vous proposer un voyage exceptionnel en Isra\u00ebl autour des diff\u00e9rentes institutions d\u2019Emounah, de visite du pays et de rencontres exceptionnelles.<\/p>\n<p>Nous avons souhait\u00e9 organiser une mission de 5 jours qui permettent \u00e0 nos jeunes filles, qui ont entre 11 et 13 ans, en complicit\u00e9 avec leur maman, de d\u00e9couvrir le travail d\u2019associations d\u2019aide \u00e0 l\u2019enfance, de comprendre qu\u2019il est de notre devoir d\u2019aider les plus d\u00e9munis et de mettre \u00e0 profit les notions de Hessed, de Ts\u00e9daka mais aussi de Emounah , que toute Bat Israel se doit d\u2019appliquer.<\/p>\n<p>Ce voyage est organis\u00e9 \u202adu <strong>mercredi 1er janvier au dimanche 5 janvier\u202c 2020<\/strong>, pour un tarif tout compris (hors billet) de 500 euros par personne.<br \/>\n<a href=\"https:\/\/acjbb-sud.org\/wp-content\/uploads\/2019\/10\/emounah-world-voyage-mere-fille-israel-2020.png\"><img decoding=\"async\" class=\"aligncenter wp-image-3085 size-full\" src=\"https:\/\/acjbb-sud.org\/wp-content\/uploads\/2019\/10\/emounah-world-voyage-mere-fille-israel-2020.png\" alt=\"\" width=\"600\" srcset=\"https:\/\/acjbb-sud.org\/wp-content\/uploads\/2019\/10\/emounah-world-voyage-mere-fille-israel-2020.png 1587w, https:\/\/acjbb-sud.org\/wp-content\/uploads\/2019\/10\/emounah-world-voyage-mere-fille-israel-2020-212x300.png 212w, https:\/\/acjbb-sud.org\/wp-content\/uploads\/2019\/10\/emounah-world-voyage-mere-fille-israel-2020-768x1086.png 768w, https:\/\/acjbb-sud.org\/wp-content\/uploads\/2019\/10\/emounah-world-voyage-mere-fille-israel-2020-724x1024.png 724w\" sizes=\"(max-width: 1587px) 100vw, 1587px\" \/><\/a><br \/>\nN\u2019h\u00e9sitez pas \u00e0 revenir vers moi dans les plus brefs d\u00e9lais si ce projet vous int\u00e9resse.<br \/>\n(<span style=\"color: #ff0000;\"><strong>places tr\u00e8s limit\u00e9es<\/strong><\/span>).<\/p>\n<p>Je reste \u00e0 votre disposition pour r\u00e9pondre \u00e0 toutes vos questions.<br \/>\n<strong>Possibilit\u00e9 de bourses sur demande<\/strong><br \/>\nUn projet qui me tient particuli\u00e8rement \u00e0 c\u0153ur<\/p>\n<p>Yael Kassabi<\/p>\n<hr \/>\n<h3><strong><span style=\"text-decoration: underline;\">Dvar Thorah et enseignements :<\/span><br \/>\n<\/strong><\/h3>\n<p><em><strong>par le Rav Mika\u00ebl Mouyal<\/strong><\/em><\/p>\n<p style=\"text-align: justify;\"><em>L\u00e9\u00eflouy Nichmat Avraham Ben Mikha\u00ebl, &lsquo;Ha\u00ef Victor Ben Yakouta, Jaqueline Bat Esther et Paula Yakouta Bat Rosette<\/em><\/p>\n<p><!--more--><\/p>\n<h3 style=\"text-align: center;\"><strong>Le coin &lsquo;Hidouchim<\/strong><\/h3>\n<h4><strong>\u00ab Avraham est venu faire l&rsquo;\u00e9loge fun\u00e8bre de Sarah et la pleurer \u00bb (23, 2) :<\/strong><\/h4>\n<p style=\"text-align: justify;\">Le Midrash explique que Avraham \u00ab est venu du Mont Moriah \u00bb, o\u00f9 se r\u00e9alisa la ligature d&rsquo;Yits&rsquo;hak. On peut expliquer que ce Midrash propose de nous enseigner quel \u00e9tait le contenu de l&rsquo;\u00e9loge fun\u00e8bre qu&rsquo;Avraham fit pour Sarah. Il est venu, c&rsquo;est \u00e0 dire il a choisi d&rsquo;amener ses propos, \u00e0 partir du Mont Moriah. C&rsquo;est \u00e0 dire qu&rsquo;il mit en valeur le fait qu&rsquo;une femme qui a r\u00e9ussi \u00e0 \u00e9lever et \u00e0 \u00e9duquer un fils de sorte qu&rsquo;il soit pr\u00eat \u00e0 offrir sa vie \u00e0 Hachem avec joie, une telle femme ne peut \u00eatre que de tr\u00e8s grande valeur. Le meilleur \u00e9loge que Avraham pouvait faire sur Sarah, c&rsquo;est l&rsquo;\u00e9loge qui venait du Mont Moriah. (Hadrash V\u00e9ha\u00efoun)<\/p>\n<h4><strong>\u00ab Elle dit : \u201cBois\u201d et \u00e0 tes chameau aussi je donnerai \u00e0 boire \u00bb (24, 19) :<\/strong><\/h4>\n<p style=\"text-align: justify;\">Quand Eliezer remarqua combien Rivka \u00e9tait g\u00e9n\u00e9reuse et s&rsquo;est donn\u00e9 \u00e0 fond pour leur faire du bien, il en d\u00e9duisit qu&rsquo;elle est apte \u00e0 int\u00e9grer la maison d&rsquo;Avraham. Mais on peut s&rsquo;interroger. En effet, certes Rivka a prouv\u00e9 combien elle est attach\u00e9e \u00e0 la bont\u00e9. Mais Eliezer n&rsquo;a pas encore v\u00e9rifi\u00e9 si elle croit en Hachem et si sa foi est comme il se doit. Ainsi, comment Eliezer a-t-il pu se contenter de v\u00e9rifier sa bont\u00e9, et non si elle est croyante, ce qui est aussi fondamental pour int\u00e9grer la famille d&rsquo;Avraham, le p\u00e8re des croyants ?<br \/>\nEn fait, chaque \u00eatre humain croit naturellement en Hachem. N\u00e9anmoins, ce qui emp\u00eache cette foi de se manifester en lui, c&rsquo;est l&rsquo;orgueil. Le fait de croire en sa force personnelle, cela emp\u00eache de r\u00e9aliser que c&rsquo;est Hachem Qui est \u00e0 l&rsquo;origine de tout et Qui d\u00e9tient r\u00e9ellement toutes les forces. Or, quand Eliezer a vu combien Rivka avait compl\u00e8tement annul\u00e9 son ego pour leur servir de l&rsquo;eau et abreuver tous les chameaux, elle toute seule, il en d\u00e9duisit combien elle est effac\u00e9e pour l&rsquo;autre. D\u00e8s lors, plus rien ne pourra l&#8217;emp\u00eacher d&rsquo;avoir une foi compl\u00e8te en Hachem. (Ohr Y\u00e9&rsquo;hezkel)<\/p>\n<h4><strong>\u00ab Ce fut, quand le serviteur d&rsquo;Avraham entendit leurs propos, il se prosterna \u00e0 terre devant Hachem \u00bb (24, 52) :<\/strong><\/h4>\n<p style=\"text-align: justify;\">Eliezer se prosterna devant Hachem pour le remercier d&rsquo;avoir fait r\u00e9ussir sa mission et d&rsquo;avoir trouv\u00e9 une femme pour Yits&rsquo;hak. Rachi explique que c&rsquo;est de l\u00e0 qu&rsquo;on apprend qu&rsquo;il faut remercier pour une bonne nouvelle. Mais on peut s&rsquo;interroger. En effet, d\u00e9j\u00e0 plus t\u00f4t, dans la Paracha de Lekh Lekha, quand Hachem annonce \u00e0 Avraham qu&rsquo;Il va donner la terre de Canaan \u00e0 ses descendants, Avraham apporta un sacrifice \u00e0 Hachem pour L&rsquo;en remercier. Ainsi, d\u00e9j\u00e0 l\u00e0 on apprend qu&rsquo;il faut remercier pour une bonne nouvelle !<br \/>\nEn fait, cette bonne nouvelle qu&rsquo;Hachem annon\u00e7a \u00e0 Avraham le concernait \u00e0 lui directement : il aura des descendants et il h\u00e9ritera de la terre sainte. Il n&rsquo;est donc pas si remarquable qu&rsquo;il remercia Hachem pour cela. Mais quand Eliezer trouva une femme pour Yits&rsquo;hak, alors qu&rsquo;il voulait tant lui donner sa propre fille, comme le disent nos Sages, ainsi cette bonne nouvelle allait \u00e0 l&rsquo;encontre de son int\u00e9r\u00eat. personnel Et malgr\u00e9 tout, il remercia Hachem. C&rsquo;est donc bien de l\u00e0 que l&rsquo;on apprend qu&rsquo;il faut remercier Hachem pour toute bonne nouvelle, m\u00eame si elle concerne quelqu&rsquo;un d&rsquo;autre et qu&rsquo;elle s&rsquo;oppose \u00e0 ses propres int\u00e9r\u00eats.<\/p>\n<h4><strong>\u00ab Ce fut apr\u00e8s la mort d&rsquo;Avraham, Hachem b\u00e9nit Yits&rsquo;hak son fils \u00bb (25, 11) :<\/strong><\/h4>\n<p style=\"text-align: justify;\">Le Targoum Yonatan explique qu&rsquo;Avraham lui-m\u00eame n&rsquo;a pas b\u00e9ni Yits&rsquo;hak, pour ne pas qu&rsquo;Yichma\u00ebl soit jaloux. Mais d&rsquo;apr\u00e8s cela, pourquoi Avraham n&rsquo;a-t-il pas b\u00e9ni Yits&rsquo;hak en cachette, secr\u00e8tement, sans qu&rsquo;Yichma\u00ebl le sache ?<br \/>\nEn fait, nos Sages disent que les forces du bien et les forces du mal doivent \u00eatre \u00e9quilibr\u00e9es, pour que le libre arbitre soit conserv\u00e9.<br \/>\nAinsi, Avraham ne pouvait pas b\u00e9nir Yits&rsquo;hak, car par cela, il aurait renforc\u00e9 la force de la saintet\u00e9 qui provient du c\u00f4t\u00e9 de Yits&rsquo;hak.<br \/>\nMais alors, il aurait fallu obligatoirement b\u00e9nir \u00e9galement Yichma\u00ebl pour renforcer aussi l&rsquo;autre c\u00f4t\u00e9 et pr\u00e9server l&rsquo;\u00e9quilibre. Et Avraham pr\u00e9f\u00e9rait ne pas b\u00e9nir Yits&rsquo;hak pour ne pas avoir besoin de renforcer parall\u00e8lement les forces n\u00e9gatives. Il pr\u00e9f\u00e9ra donc laisser \u00e0 Hachem le soin de faire ce que bon Lui semble, et de b\u00e9nir Yits&rsquo;hak s&rsquo;Il le souhaite. (Taam Vadaat)<\/p>\n<h3 style=\"text-align: center;\"><strong>Le coin histoire<\/strong><\/h3>\n<p style=\"text-align: justify;\">Rav Mendel Ron&rsquo;d \u00e9tait un homme d&rsquo;une grande pi\u00e9t\u00e9. Il poss\u00e9dait d&rsquo;importants terrains destin\u00e9s au p\u00e2turage pour les animaux. Un Chabbat, un incendie se d\u00e9clara dans une de ses propri\u00e9t\u00e9s. Le terrain \u00e9tant tr\u00e8s grand, la perte allait \u00eatre immense. Malgr\u00e9 tout, Rav Mendel n&rsquo;a m\u00eame pas autoris\u00e9 \u00e0 des non-Juifs parmi ses employ\u00e9s, d&rsquo;\u00e9teindre le feu, bien que d&rsquo;apr\u00e8s la loi, il n&rsquo;\u00e9tait pas n\u00e9cessaire de les emp\u00eacher de le faire. Et l\u00e0, il se produisit une chose merveilleuse. Bien que cet \u00e9v\u00e9nement se produisit dans un p\u00e9riode de l&rsquo;ann\u00e9e plut\u00f4t s\u00e8che, o\u00f9 il n&rsquo;\u00e9tait absolument pas pr\u00e9vu qu&rsquo;il pleuve, malgr\u00e9 tout, peu de temps apr\u00e8s le d\u00e9but de l&rsquo;incendie, il s\u2019abattit une pluie torrentielle, qui \u00e9teignit l&rsquo;incendie&#8230;<br \/>\nDe son c\u00f4t\u00e9, son beau-fr\u00e8re poss\u00e9dait une usine pour fabriquer des chaussures o\u00f9 des employ\u00e9s non-Juifs travaillaient Chabbat par des arrangements Halakhiques. Quand il perdit toute sa fortune, il d\u00e9clara : \u00ab J&rsquo;\u00e9tais certes riche, mais je m&rsquo;arrangeai avec la loi et je perdit toute ma fortune. Mais mon beau-fr\u00e8re, qui ne cherchait aucun compromis avec la loi, il devint bien plus riche que moi ! \u00bb<br \/>\nCe r\u00e9cit montre combien Hachem aide ceux qui s&rsquo;adonnent rigoureusement \u00e0 Son Service, et r\u00e9alise pour eux de grands prodiges.<\/p>\n<h3 style=\"text-align: center;\"><strong>Le coin &lsquo;Hizouk<\/strong><\/h3>\n<p style=\"text-align: justify;\">Il ne convient pas de sombrer dans la tristesse m\u00eame si on a commis beaucoup de fautes et qu&rsquo;on est tomb\u00e9 dans l&rsquo;impuret\u00e9. En effet, quand on r\u00e9fl\u00e9chit \u00e0 la Grande Bont\u00e9 d&rsquo;Hachem, qu&rsquo;Il r\u00e9side m\u00eame dans nos impuret\u00e9s, comme le dit le verset (A&rsquo;har\u00e9 Mot :16, 16), seule cette prise de conscience doit suffire pour se remplir d&rsquo;une joie intense. (Thorat Avot)<\/p>\n<h3 style=\"text-align: center;\"><strong>Le coin \u00e9tude<\/strong><\/h3>\n<p style=\"text-align: justify;\">Avant de relater la mission d&rsquo;Eliezer pour aller trouver une femme \u00e0 Yits&rsquo;hak, la Thora rapporte le verset suivant : \u00ab Avraham \u00e9tait \u00e2g\u00e9, il \u00e9tait avanc\u00e9 dans la vie, et Hachem b\u00e9nit Avraham dans tout (Bakol- \u05d1\u05db\u05dc )\u00bb. Rachi explique que le terme \u201c\u05d1\u05db\u05dc\u201d a la m\u00eame valeur num\u00e9rique que \u201c\u05d1\u05df (Ben)\u201d, qui veut dire \u201cfils\u201d. Le verset sugg\u00e8re donc qu&rsquo;Hachem b\u00e9nit Avraham avec un fils. Il devait donc \u00e0 pr\u00e9sent lui trouver une femme. Mais on peut s&rsquo;\u00e9tonner sur ce commentaire. Le Texte nous a d\u00e9j\u00e0 bien communiqu\u00e9 clairement qu&rsquo;Avraham avait un fils. Pourquoi la Thora trouve-t-elle le besoin de nous le redire et en plus simplement par l&rsquo;allusion d&rsquo;une valeur num\u00e9rique ?<br \/>\nEn fait, il est clair que la Thora ne vient pas juste nous dire qu&rsquo;Avraham avait un fils. Il y a autre chose dans cette information.<br \/>\nLe Ketav Sofer rapporte un enseignement de son p\u00e8re, le &lsquo;Hatam Sofer, qui dit que normalement, quand un homme a fini sa mission sur terre, il doit retourner vers Hachem, et cela est son v\u00e9ritable bonheur. Mais, si un Juste a des enfants qu&rsquo;il doit \u00e9duquer et dont il doit s&rsquo;occuper, pour cela, m\u00eame s&rsquo;il a fini sa mission, Hachem peut lui accorder encore des ann\u00e9es suppl\u00e9mentaires de vie, pour s&rsquo;occuper de ses enfants. D&rsquo;apr\u00e8s cela, la Thora dit que \u00ab Avraham \u00e9tait \u00e2g\u00e9 \u00bb. Cela peut nous questionner. Comment se fait-il qu&rsquo;un homme aussi Juste qu&rsquo;Avraham n&rsquo;avait-il pas encore fini sa mission, lui qui ne perdait aucun instant et qui faisait ce qu&rsquo;il devait faire sans arr\u00eat ? Pourquoi Hachem lui accorda-t-Il tant d&rsquo;ann\u00e9es ? N&rsquo;\u00e9tait-il pas plus pr\u00e9f\u00e9rable pour lui de rejoindre Son Cr\u00e9ateur ?<br \/>\nC&rsquo;est \u00e0 cette question que la Thora r\u00e9pond en disant qu&rsquo;Hachem le b\u00e9nit \u201cdans tout\u201d, c&rsquo;est \u00e0 dire \u201cavec un fils\u201d. Comme il devait s&rsquo;occuper de son fils et lui enseigner les Voies d&rsquo;Hachem, pour ce faire Hachem a trouv\u00e9 bon de lui ajouter des ann\u00e9es, et c&rsquo;est ainsi que malgr\u00e9 sa mission d\u00e9j\u00e0 termin\u00e9e, il v\u00e9cut encore plusieurs ann\u00e9es et connut la vieillesse.<br \/>\nLe Rav Moch\u00e9 Fenchtein quant \u00e0 lui, explique que certes Hachem b\u00e9nit Avraham \u201cdans tout\u201d et lui accorda toutes les b\u00e9n\u00e9dictions.<br \/>\nMais puisque son plus grand d\u00e9sir \u00e9tait d&rsquo;avoir une descendance d\u00e9vou\u00e9e \u00e0 Hachem, m\u00eame si Avraham avait toutes les b\u00e9n\u00e9dictions, seul le fait d&rsquo;avoir une descendance pourrait vraiment le satisfaire. Comme Avraham le dit lui-m\u00eame \u00e0 Hachem, avant la naissance de son fils : \u00ab Hachem, que peux-tu m&rsquo;accorder (comme b\u00e9n\u00e9diction) si je suis sans enfant ?! \u00bb Pour Avraham, la seule r\u00e9elle b\u00e9n\u00e9diction \u00e9tait d&rsquo;avoir une descendance. Ainsi, en m\u00eame temps que le verset dit qu&rsquo;\u00ab Hachem b\u00e9nit Avraham dans tout \u00bb, et qu&rsquo;il lui accorda tout, la Thora fait allusion, au fait qu&rsquo;Il lui donna un fils. Car c&rsquo;\u00e9tait cela pour lui la seule r\u00e9elle b\u00e9n\u00e9diction sans laquelle toutes les autres b\u00e9n\u00e9dictions ne vaudraient rien. C&rsquo;est parce qu&rsquo;Il le b\u00e9nit d&rsquo;un fils qu&rsquo;\u00e0 pr\u00e9sent on peut dire qu&rsquo;Il le b\u00e9nit \u201cdans tout\u201d.<br \/>\nDe son c\u00f4t\u00e9, le Beer Yossef rapporte l&rsquo;enseignement des Sages selon lequel Eliezer voulait marier sa fille \u00e0 Yits&rsquo;hak. Alors, Avraham lui dit : \u00ab Mon fils est b\u00e9ni et toi (en tant que descendant de Canaan) tu es maudit (par Noa&rsquo;h). Or, le \u201cmaudit\u201d ne peut pas s&rsquo;unir avec le \u201cb\u00e9ni\u201d. Seulement, on peut s&rsquo;interroger sur cela. En effet, si certes Avraham a \u00e9t\u00e9 b\u00e9ni par Hachem, on ne trouve pas que Yits&rsquo;hak a lui aussi \u00e9tait b\u00e9ni. La Thora ne dit clairement qu&rsquo;Hachem a b\u00e9ni Yits&rsquo;hak qu&rsquo;apr\u00e8s la mort d&rsquo;Avraham. Ainsi, comment Avraham a-t-il pu dire : \u201cMon fils est b\u00e9ni\u201d, raison pour laquelle il ne peut pas \u00e9pouser la fille d&rsquo;Eliezer ? La r\u00e9ponse est qu&rsquo;apr\u00e8s l&rsquo;\u00e9preuve de la ligature d&rsquo;Yits&rsquo;hak, Hachem b\u00e9nit Avraham et lui dit : \u00ab B\u00e9nir Je te b\u00e9nirai \u00bb. Et Rachi d&rsquo;expliquer cette redondance en disant qu&rsquo;une b\u00e9n\u00e9diction revient au p\u00e8re et l&rsquo;autre au fils. Ainsi, on trouve ici qu&rsquo;Hachem a aussi b\u00e9ni le fils, c&rsquo;est \u00e0 dire Yits&rsquo;hak, en allusion par la redondance de l&rsquo;expression : \u00ab B\u00e9nir Je te b\u00e9nirai \u00bb. Et de ce fait, s&rsquo;il est b\u00e9ni,Yits&rsquo;hak ne peut plus \u00e9pouser la fille d&rsquo;Eliezer. Ainsi, le Texte dit qu&rsquo;Hachem b\u00e9nit Avraham \u201cdans tout\u201d, \u00e0 savoir \u201cpar son fils\u201d, c&rsquo;est \u00e0 dire qu&rsquo;Il a aussi b\u00e9ni son fils. D\u00e8s lors, il devait envoyer Eliezer chercher une femme pour Yits&rsquo;hak et ne pouvait plus lui donner sa fille.<br \/>\nEnfin, le Beer Bassad\u00e9 rapporte le Ari Zal qui dit que quand les anges annonc\u00e8rent la naissance d&rsquo;Yits&rsquo;hak, ils dirent : \u00ab Il y aura un fils \u00e0 Sarah ta femme \u00bb. Ils attribu\u00e8rent le fils \u00e0 Sarah et non \u00e0 Avraham. Cela signifie qu&rsquo;Yits&rsquo;hak aura une \u00e2me d&rsquo;une dimension f\u00e9minine, \u00e0 l&rsquo;image de sa m\u00e8re. Et avec une telle \u00e2me, il ne pourra pas avoir d&rsquo;enfants. De plus, nos Sages disent que quand Avraham s&rsquo;appr\u00eata \u00e0 sacrifier Yits&rsquo;hak, l&rsquo;\u00e2me de ce dernier quitta son corps. Et alors, Hachem lui restitua une autre \u00e2me, cette fois-ci d&rsquo;une dimension masculine, qui pourra d\u00e9sormais enfanter. D\u00e8s lors, Yits&rsquo;hak, dot\u00e9 d&rsquo;une \u00e2me d&rsquo;une dimension masculine, peut \u00eatre attribu\u00e9 \u00e0 Avraham, son p\u00e8re. Il est devenu \u201cfils pour Avraham\u201d, et plus seulement \u201cpour Sarah\u201d. Et puisqu&rsquo;\u00e0 pr\u00e9sent il pourra enfanter, il est donc arriv\u00e9 le moment qu&rsquo;il se marie. Le verset dit donc : \u00ab Hachem b\u00e9nit Avraham dans tout \u00bb, c&rsquo;est \u00e0 dire avec un fils. A pr\u00e9sent, ce fils est attribu\u00e9 \u00e0 Avraham (et pas \u00e0 Sarah), avec une \u00e2me masculine, qui peut enfanter. D\u00e8s lors, il s&rsquo;appr\u00eata \u00e0 le marier.<\/p>\n<h3 style=\"text-align: center;\"><strong>Le coin Halakha<\/strong><\/h3>\n<p style=\"text-align: justify;\">S&rsquo;il a consomm\u00e9 de la viande, m\u00eame d&rsquo;animaux sauvages (cach\u00e8res) ou de volailles, il ne pourra consommer du laitage qu&rsquo;apr\u00e8s avoir attendu 6 heures. Et m\u00eame s&rsquo;il a attendu ce temps l\u00e0, s&rsquo;il lui reste des filaments de viande entre les dents, il devra les enlever. M\u00eame celui qui m\u00e2che de la viande pour la ramollir en vue de la donner \u00e0 un enfant, il devra attendre 6 heures, m\u00eame s&rsquo;il n&rsquo;avale pas la viande. En revanche, s&rsquo;il a consomm\u00e9 du laitage, il pourra manger de la viande juste apr\u00e8s. Seulement, il devra nettoyer sa bouche en m\u00e2chant du pain ou autre aliment qui nettoie la bouche, puis il rincera sa bouche en buvant de l&rsquo;eau ou autre liquide. Et s&rsquo;il constate qu&rsquo;un peu de ce laitage s&rsquo;est coll\u00e9 \u00e0 ses mains, il devra les laver. Celui qui a mang\u00e9 du laitage et veut ensuite consommer de la viande, il devra supprimer de la table les restes de pain qui ont \u00e9t\u00e9 mang\u00e9s avec le laitage. De m\u00eame, il est interdit de consommer du fromage sur une m\u00eame nappe o\u00f9 on a mang\u00e9 de la viande, et inversement. De plus, il sera aussi interdit de couper du fromage m\u00eame froid avec un couteau avec lequel on a l&rsquo;habitude de couper de la viande. Bien plus, on ne pourra pas non plus couper le pain qu&rsquo;on mange avec du fromage avec un couteau avec lequel on a l&rsquo;habitude de couper de la viande, et inversement.<\/p>\n<h3 style=\"text-align: center;\"><strong>Le coin Question<\/strong><\/h3>\n<p style=\"text-align: justify;\">Le Talmud prouve que l&rsquo;on doit transgresser Chabbat pour sauver une vie, \u00e0 partir du fait que l&rsquo;on accomplit la Milah le Chabbat. Car si d\u00e9j\u00e0 on transgresse Chabbat pour arranger un seul membre (celui de la Milah), encore plus que l&rsquo;on pourra sauver tout le corps d&rsquo;un homme.<br \/>\n<strong><u>Question :<\/u><\/strong> D&rsquo;apr\u00e8s la Halakha, on ne transgresse Chabbat que pour sauver tout le corps d&rsquo;un homme c&rsquo;est \u00e0 dire pour lui sauver la vie, mais pas pour sauver un seul membre (un bras, une jambe&#8230;, par exemple). Or pourquoi n&rsquo;apprenons-nous pas de la Milah qui s&rsquo;applique sur un seul membre que l&rsquo;on devrait transgresser Chabbat pour sauver m\u00eame un seul membre ?<br \/>\n<strong><u>R\u00e9ponse :<\/u><\/strong> Nos Sages enseignent que les 248 Mitsvot sont en parall\u00e8le avec les 248 membres de l&rsquo;homme. Chaque Mitsva correspond \u00e0 un membre. Or, la Mitsva de la Milah \u00e9quivaut \u00e0 toutes les Mitsvot de la Thora. Ainsi, on peut dire que la Milah permet d&rsquo;arranger tout le corps de l&rsquo;homme, \u00e0 travers le fait qu&rsquo;elle arrange le membre de la Milah. On ne peut donc apprendre de l\u00e0 uniquement le fait qu&rsquo;on puisse transgresser Chabbat pour sauver tout le corps, et pas pour sauver un seul membre. (D&rsquo;apr\u00e8s le Rav &lsquo;Ha\u00efm Kanyewski)<\/p>\n<hr \/>\n<p><strong>Chabbat Chalom !<\/strong><\/p>\n","protected":false},"excerpt":{"rendered":"<p>Paracha &lsquo;Hay\u00e9 Sarah \/ \u05e4\u05e8\u05e9\u05d4 \u05d7\u05d9\u05d9 \u05e9\u05e8\u05d4 Chabbat M\u00e9var\u00e9&rsquo;him \/ \u05e9\u05d1\u05ea \u05de\u05d1\u05e8\u05db\u05d9\u05dd 22\/23 novembre 2019 &#8211; 25 &lsquo;Hechvan 5780 \/ \u05db&rsquo;\u05d4 \u05d7\u05e9\u05d5\u05df \u05d4-\u05ea\u05e9&rsquo;\u05e3 D\u00e9but : 16h45 &#8211; Fin : 17h55 Chabbat des jeunes : A l&rsquo;occasion du Chabbat des jeunes, la lecture de la Paracha et les offices seront assur\u00e9s par les jeunes de la &hellip; <\/p>\n<p><a class=\"more-link btn\" href=\"https:\/\/acjbb-sud.org\/index.php\/2019\/11\/20\/chabbat-haye-sarah-5780\/\">Lire la suite<\/a><\/p>\n","protected":false},"author":1,"featured_media":2195,"comment_status":"open","ping_status":"open","sticky":false,"template":"","format":"standard","meta":{"jetpack_post_was_ever_published":false,"_jetpack_newsletter_access":"","_jetpack_dont_email_post_to_subs":false,"_jetpack_newsletter_tier_id":0,"_jetpack_memberships_contains_paywalled_content":false,"_jetpack_memberships_contains_paid_content":false,"footnotes":"","jetpack_publicize_message":"","jetpack_publicize_feature_enabled":true,"jetpack_social_post_already_shared":true,"jetpack_social_options":{"image_generator_settings":{"template":"highway","default_image_id":0,"font":"","enabled":false},"version":2}},"categories":[3,4,5],"tags":[47,76,95],"class_list":["post-3193","post","type-post","status-publish","format-standard","has-post-thumbnail","hentry","category-chabbat","category-chabbat-des-jeunes","category-chabbat-mevarehim","tag-chabbat","tag-haye-sarah","tag-mevarehim","item-wrap"],"yoast_head":"<!-- This site is optimized with the Yoast SEO plugin v26.6 - https:\/\/yoast.com\/wordpress\/plugins\/seo\/ -->\n<title>Chabbat Hay\u00e9 Sarah - Synagogue ACJBB Boulogne Sud<\/title>\n<meta name=\"robots\" content=\"index, follow, max-snippet:-1, max-image-preview:large, max-video-preview:-1\" \/>\n<link rel=\"canonical\" href=\"https:\/\/acjbb-sud.org\/index.php\/2019\/11\/20\/chabbat-haye-sarah-5780\/\" \/>\n<meta property=\"og:locale\" content=\"fr_FR\" \/>\n<meta property=\"og:type\" content=\"article\" \/>\n<meta property=\"og:title\" content=\"Chabbat Hay\u00e9 Sarah - Synagogue ACJBB Boulogne Sud\" \/>\n<meta property=\"og:description\" content=\"Paracha &lsquo;Hay\u00e9 Sarah \/ \u05e4\u05e8\u05e9\u05d4 \u05d7\u05d9\u05d9 \u05e9\u05e8\u05d4 Chabbat M\u00e9var\u00e9&rsquo;him \/ \u05e9\u05d1\u05ea \u05de\u05d1\u05e8\u05db\u05d9\u05dd 22\/23 novembre 2019 &#8211; 25 &lsquo;Hechvan 5780 \/ \u05db&rsquo;\u05d4 \u05d7\u05e9\u05d5\u05df \u05d4-\u05ea\u05e9&rsquo;\u05e3 D\u00e9but : 16h45 &#8211; Fin : 17h55 Chabbat des jeunes : A l&rsquo;occasion du Chabbat des jeunes, la lecture de la Paracha et les offices seront assur\u00e9s par les jeunes de la &hellip; Lire la suite\" \/>\n<meta property=\"og:url\" content=\"https:\/\/acjbb-sud.org\/index.php\/2019\/11\/20\/chabbat-haye-sarah-5780\/\" \/>\n<meta property=\"og:site_name\" content=\"Synagogue ACJBB Boulogne Sud\" \/>\n<meta property=\"article:published_time\" content=\"2019-11-20T09:47:41+00:00\" \/>\n<meta property=\"article:modified_time\" content=\"2019-11-26T09:40:20+00:00\" \/>\n<meta property=\"og:image\" content=\"https:\/\/acjbb-sud.org\/wp-content\/uploads\/2018\/10\/ACJBB-Sud-Chabbat-halots-bougies-vin-600-logos-v2.jpg\" \/>\n\t<meta property=\"og:image:width\" content=\"615\" \/>\n\t<meta property=\"og:image:height\" content=\"433\" \/>\n\t<meta property=\"og:image:type\" content=\"image\/jpeg\" \/>\n<meta name=\"author\" content=\"AcjbbSud\" \/>\n<meta name=\"twitter:card\" content=\"summary_large_image\" \/>\n<meta name=\"twitter:label1\" content=\"\u00c9crit par\" \/>\n\t<meta name=\"twitter:data1\" content=\"AcjbbSud\" \/>\n\t<meta name=\"twitter:label2\" content=\"Dur\u00e9e de lecture estim\u00e9e\" \/>\n\t<meta name=\"twitter:data2\" content=\"25 minutes\" \/>\n<script type=\"application\/ld+json\" class=\"yoast-schema-graph\">{\"@context\":\"https:\/\/schema.org\",\"@graph\":[{\"@type\":\"WebPage\",\"@id\":\"https:\/\/acjbb-sud.org\/index.php\/2019\/11\/20\/chabbat-haye-sarah-5780\/\",\"url\":\"https:\/\/acjbb-sud.org\/index.php\/2019\/11\/20\/chabbat-haye-sarah-5780\/\",\"name\":\"Chabbat Hay\u00e9 Sarah - Synagogue ACJBB Boulogne Sud\",\"isPartOf\":{\"@id\":\"https:\/\/acjbb-sud.org\/#website\"},\"primaryImageOfPage\":{\"@id\":\"https:\/\/acjbb-sud.org\/index.php\/2019\/11\/20\/chabbat-haye-sarah-5780\/#primaryimage\"},\"image\":{\"@id\":\"https:\/\/acjbb-sud.org\/index.php\/2019\/11\/20\/chabbat-haye-sarah-5780\/#primaryimage\"},\"thumbnailUrl\":\"https:\/\/acjbb-sud.org\/wp-content\/uploads\/2018\/10\/ACJBB-Sud-Chabbat-halots-bougies-vin-600-logos-v2.jpg\",\"datePublished\":\"2019-11-20T09:47:41+00:00\",\"dateModified\":\"2019-11-26T09:40:20+00:00\",\"author\":{\"@id\":\"https:\/\/acjbb-sud.org\/#\/schema\/person\/adc8f09fb72c9d0dc78509106dc5e9f0\"},\"breadcrumb\":{\"@id\":\"https:\/\/acjbb-sud.org\/index.php\/2019\/11\/20\/chabbat-haye-sarah-5780\/#breadcrumb\"},\"inLanguage\":\"fr-FR\",\"potentialAction\":[{\"@type\":\"ReadAction\",\"target\":[\"https:\/\/acjbb-sud.org\/index.php\/2019\/11\/20\/chabbat-haye-sarah-5780\/\"]}]},{\"@type\":\"ImageObject\",\"inLanguage\":\"fr-FR\",\"@id\":\"https:\/\/acjbb-sud.org\/index.php\/2019\/11\/20\/chabbat-haye-sarah-5780\/#primaryimage\",\"url\":\"https:\/\/acjbb-sud.org\/wp-content\/uploads\/2018\/10\/ACJBB-Sud-Chabbat-halots-bougies-vin-600-logos-v2.jpg\",\"contentUrl\":\"https:\/\/acjbb-sud.org\/wp-content\/uploads\/2018\/10\/ACJBB-Sud-Chabbat-halots-bougies-vin-600-logos-v2.jpg\",\"width\":615,\"height\":433},{\"@type\":\"BreadcrumbList\",\"@id\":\"https:\/\/acjbb-sud.org\/index.php\/2019\/11\/20\/chabbat-haye-sarah-5780\/#breadcrumb\",\"itemListElement\":[{\"@type\":\"ListItem\",\"position\":1,\"name\":\"Accueil\",\"item\":\"https:\/\/acjbb-sud.org\/\"},{\"@type\":\"ListItem\",\"position\":2,\"name\":\"Chabbat Hay\u00e9 Sarah\"}]},{\"@type\":\"WebSite\",\"@id\":\"https:\/\/acjbb-sud.org\/#website\",\"url\":\"https:\/\/acjbb-sud.org\/\",\"name\":\"Synagogue ACJBB Boulogne Sud\",\"description\":\"Synagogue \/ Association Communautaire Juive de Boulogne Billancourt (Sud)\",\"potentialAction\":[{\"@type\":\"SearchAction\",\"target\":{\"@type\":\"EntryPoint\",\"urlTemplate\":\"https:\/\/acjbb-sud.org\/?s={search_term_string}\"},\"query-input\":{\"@type\":\"PropertyValueSpecification\",\"valueRequired\":true,\"valueName\":\"search_term_string\"}}],\"inLanguage\":\"fr-FR\"},{\"@type\":\"Person\",\"@id\":\"https:\/\/acjbb-sud.org\/#\/schema\/person\/adc8f09fb72c9d0dc78509106dc5e9f0\",\"name\":\"AcjbbSud\",\"image\":{\"@type\":\"ImageObject\",\"inLanguage\":\"fr-FR\",\"@id\":\"https:\/\/acjbb-sud.org\/#\/schema\/person\/image\/\",\"url\":\"https:\/\/secure.gravatar.com\/avatar\/ea30fe7a8231c8c0bf30066f86006714af7be34ba414543eaab3e453b92901aa?s=96&d=mm&r=g\",\"contentUrl\":\"https:\/\/secure.gravatar.com\/avatar\/ea30fe7a8231c8c0bf30066f86006714af7be34ba414543eaab3e453b92901aa?s=96&d=mm&r=g\",\"caption\":\"AcjbbSud\"},\"url\":\"https:\/\/acjbb-sud.org\/index.php\/author\/acjbbsud\/\"}]}<\/script>\n<!-- \/ Yoast SEO plugin. -->","yoast_head_json":{"title":"Chabbat Hay\u00e9 Sarah - Synagogue ACJBB Boulogne Sud","robots":{"index":"index","follow":"follow","max-snippet":"max-snippet:-1","max-image-preview":"max-image-preview:large","max-video-preview":"max-video-preview:-1"},"canonical":"https:\/\/acjbb-sud.org\/index.php\/2019\/11\/20\/chabbat-haye-sarah-5780\/","og_locale":"fr_FR","og_type":"article","og_title":"Chabbat Hay\u00e9 Sarah - Synagogue ACJBB Boulogne Sud","og_description":"Paracha &lsquo;Hay\u00e9 Sarah \/ \u05e4\u05e8\u05e9\u05d4 \u05d7\u05d9\u05d9 \u05e9\u05e8\u05d4 Chabbat M\u00e9var\u00e9&rsquo;him \/ \u05e9\u05d1\u05ea \u05de\u05d1\u05e8\u05db\u05d9\u05dd 22\/23 novembre 2019 &#8211; 25 &lsquo;Hechvan 5780 \/ \u05db&rsquo;\u05d4 \u05d7\u05e9\u05d5\u05df \u05d4-\u05ea\u05e9&rsquo;\u05e3 D\u00e9but : 16h45 &#8211; Fin : 17h55 Chabbat des jeunes : A l&rsquo;occasion du Chabbat des jeunes, la lecture de la Paracha et les offices seront assur\u00e9s par les jeunes de la &hellip; Lire la suite","og_url":"https:\/\/acjbb-sud.org\/index.php\/2019\/11\/20\/chabbat-haye-sarah-5780\/","og_site_name":"Synagogue ACJBB Boulogne Sud","article_published_time":"2019-11-20T09:47:41+00:00","article_modified_time":"2019-11-26T09:40:20+00:00","og_image":[{"width":615,"height":433,"url":"https:\/\/acjbb-sud.org\/wp-content\/uploads\/2018\/10\/ACJBB-Sud-Chabbat-halots-bougies-vin-600-logos-v2.jpg","type":"image\/jpeg"}],"author":"AcjbbSud","twitter_card":"summary_large_image","twitter_misc":{"\u00c9crit par":"AcjbbSud","Dur\u00e9e de lecture estim\u00e9e":"25 minutes"},"schema":{"@context":"https:\/\/schema.org","@graph":[{"@type":"WebPage","@id":"https:\/\/acjbb-sud.org\/index.php\/2019\/11\/20\/chabbat-haye-sarah-5780\/","url":"https:\/\/acjbb-sud.org\/index.php\/2019\/11\/20\/chabbat-haye-sarah-5780\/","name":"Chabbat Hay\u00e9 Sarah - Synagogue ACJBB Boulogne Sud","isPartOf":{"@id":"https:\/\/acjbb-sud.org\/#website"},"primaryImageOfPage":{"@id":"https:\/\/acjbb-sud.org\/index.php\/2019\/11\/20\/chabbat-haye-sarah-5780\/#primaryimage"},"image":{"@id":"https:\/\/acjbb-sud.org\/index.php\/2019\/11\/20\/chabbat-haye-sarah-5780\/#primaryimage"},"thumbnailUrl":"https:\/\/acjbb-sud.org\/wp-content\/uploads\/2018\/10\/ACJBB-Sud-Chabbat-halots-bougies-vin-600-logos-v2.jpg","datePublished":"2019-11-20T09:47:41+00:00","dateModified":"2019-11-26T09:40:20+00:00","author":{"@id":"https:\/\/acjbb-sud.org\/#\/schema\/person\/adc8f09fb72c9d0dc78509106dc5e9f0"},"breadcrumb":{"@id":"https:\/\/acjbb-sud.org\/index.php\/2019\/11\/20\/chabbat-haye-sarah-5780\/#breadcrumb"},"inLanguage":"fr-FR","potentialAction":[{"@type":"ReadAction","target":["https:\/\/acjbb-sud.org\/index.php\/2019\/11\/20\/chabbat-haye-sarah-5780\/"]}]},{"@type":"ImageObject","inLanguage":"fr-FR","@id":"https:\/\/acjbb-sud.org\/index.php\/2019\/11\/20\/chabbat-haye-sarah-5780\/#primaryimage","url":"https:\/\/acjbb-sud.org\/wp-content\/uploads\/2018\/10\/ACJBB-Sud-Chabbat-halots-bougies-vin-600-logos-v2.jpg","contentUrl":"https:\/\/acjbb-sud.org\/wp-content\/uploads\/2018\/10\/ACJBB-Sud-Chabbat-halots-bougies-vin-600-logos-v2.jpg","width":615,"height":433},{"@type":"BreadcrumbList","@id":"https:\/\/acjbb-sud.org\/index.php\/2019\/11\/20\/chabbat-haye-sarah-5780\/#breadcrumb","itemListElement":[{"@type":"ListItem","position":1,"name":"Accueil","item":"https:\/\/acjbb-sud.org\/"},{"@type":"ListItem","position":2,"name":"Chabbat Hay\u00e9 Sarah"}]},{"@type":"WebSite","@id":"https:\/\/acjbb-sud.org\/#website","url":"https:\/\/acjbb-sud.org\/","name":"Synagogue ACJBB Boulogne Sud","description":"Synagogue \/ Association Communautaire Juive de Boulogne Billancourt (Sud)","potentialAction":[{"@type":"SearchAction","target":{"@type":"EntryPoint","urlTemplate":"https:\/\/acjbb-sud.org\/?s={search_term_string}"},"query-input":{"@type":"PropertyValueSpecification","valueRequired":true,"valueName":"search_term_string"}}],"inLanguage":"fr-FR"},{"@type":"Person","@id":"https:\/\/acjbb-sud.org\/#\/schema\/person\/adc8f09fb72c9d0dc78509106dc5e9f0","name":"AcjbbSud","image":{"@type":"ImageObject","inLanguage":"fr-FR","@id":"https:\/\/acjbb-sud.org\/#\/schema\/person\/image\/","url":"https:\/\/secure.gravatar.com\/avatar\/ea30fe7a8231c8c0bf30066f86006714af7be34ba414543eaab3e453b92901aa?s=96&d=mm&r=g","contentUrl":"https:\/\/secure.gravatar.com\/avatar\/ea30fe7a8231c8c0bf30066f86006714af7be34ba414543eaab3e453b92901aa?s=96&d=mm&r=g","caption":"AcjbbSud"},"url":"https:\/\/acjbb-sud.org\/index.php\/author\/acjbbsud\/"}]}},"jetpack_publicize_connections":[],"jetpack_featured_media_url":"https:\/\/acjbb-sud.org\/wp-content\/uploads\/2018\/10\/ACJBB-Sud-Chabbat-halots-bougies-vin-600-logos-v2.jpg","jetpack_sharing_enabled":true,"jetpack_shortlink":"https:\/\/wp.me\/p7sjOI-Pv","jetpack_likes_enabled":true,"_links":{"self":[{"href":"https:\/\/acjbb-sud.org\/index.php\/wp-json\/wp\/v2\/posts\/3193","targetHints":{"allow":["GET"]}}],"collection":[{"href":"https:\/\/acjbb-sud.org\/index.php\/wp-json\/wp\/v2\/posts"}],"about":[{"href":"https:\/\/acjbb-sud.org\/index.php\/wp-json\/wp\/v2\/types\/post"}],"author":[{"embeddable":true,"href":"https:\/\/acjbb-sud.org\/index.php\/wp-json\/wp\/v2\/users\/1"}],"replies":[{"embeddable":true,"href":"https:\/\/acjbb-sud.org\/index.php\/wp-json\/wp\/v2\/comments?post=3193"}],"version-history":[{"count":10,"href":"https:\/\/acjbb-sud.org\/index.php\/wp-json\/wp\/v2\/posts\/3193\/revisions"}],"predecessor-version":[{"id":3209,"href":"https:\/\/acjbb-sud.org\/index.php\/wp-json\/wp\/v2\/posts\/3193\/revisions\/3209"}],"wp:featuredmedia":[{"embeddable":true,"href":"https:\/\/acjbb-sud.org\/index.php\/wp-json\/wp\/v2\/media\/2195"}],"wp:attachment":[{"href":"https:\/\/acjbb-sud.org\/index.php\/wp-json\/wp\/v2\/media?parent=3193"}],"wp:term":[{"taxonomy":"category","embeddable":true,"href":"https:\/\/acjbb-sud.org\/index.php\/wp-json\/wp\/v2\/categories?post=3193"},{"taxonomy":"post_tag","embeddable":true,"href":"https:\/\/acjbb-sud.org\/index.php\/wp-json\/wp\/v2\/tags?post=3193"}],"curies":[{"name":"wp","href":"https:\/\/api.w.org\/{rel}","templated":true}]}}