{"id":3210,"date":"2019-11-27T12:30:05","date_gmt":"2019-11-27T11:30:05","guid":{"rendered":"https:\/\/acjbb-sud.org\/?p=3210"},"modified":"2019-11-28T22:44:00","modified_gmt":"2019-11-28T21:44:00","slug":"chabbat-toledot-5780","status":"publish","type":"post","link":"https:\/\/acjbb-sud.org\/index.php\/2019\/11\/27\/chabbat-toledot-5780\/","title":{"rendered":"Chabbat Toledot"},"content":{"rendered":"<h3 style=\"text-align: center; padding-left: 30px;\"><strong>Paracha Tol\u00e9dot \/ <span dir=\"RTL\" lang=\"HE\">\u05e4\u05e8\u05e9\u05d4 \u05ea\u05d5\u05dc\u05d3\u05d5\u05ea<\/span><\/strong><\/h3>\n<h4 style=\"text-align: center;\"><strong>29\/30 novembre 2019 &#8211; 2 Kislev 5780 \/ <span dir=\"RTL\" lang=\"HE\">\u05d1&rsquo; \u05db\u05e1\u05dc\u05d5 \u05d4-\u05ea\u05e9&rsquo;\u05e3<\/span><\/strong><\/h4>\n<h4 style=\"text-align: center;\"><em><strong>D\u00e9but : 16h39 &#8211; Fin : 17h51<\/strong><\/em><\/h4>\n<p style=\"text-align: justify;\"><img loading=\"lazy\" decoding=\"async\" class=\"wp-image-2195 size-full aligncenter\" src=\"https:\/\/acjbb-sud.org\/wp-content\/uploads\/2018\/10\/ACJBB-Sud-Chabbat-halots-bougies-vin-600-logos-v2.jpg\" alt=\"\" width=\"615\" height=\"433\" srcset=\"https:\/\/acjbb-sud.org\/wp-content\/uploads\/2018\/10\/ACJBB-Sud-Chabbat-halots-bougies-vin-600-logos-v2.jpg 615w, https:\/\/acjbb-sud.org\/wp-content\/uploads\/2018\/10\/ACJBB-Sud-Chabbat-halots-bougies-vin-600-logos-v2-300x211.jpg 300w\" sizes=\"auto, (max-width: 615px) 100vw, 615px\" \/><\/p>\n<h3><strong><span style=\"text-decoration: underline;\">Les Horaires :<\/span> <\/strong><\/h3>\n<p><em><strong>Vendredi soir :<\/strong><\/em><br \/>\n<strong>16h35<\/strong> : Allumage des bougies et entr\u00e9e de Chabbat (heure maximum pour l&rsquo;allumage : <span style=\"color: #ff0000;\"><strong>16h39<\/strong><\/span>)<br \/>\n<strong>16h30<\/strong> : Min&rsquo;ha, suivi d&rsquo;un cours de Hala&rsquo;hot<br \/>\n<strong>17h45<\/strong> : Chir haChirim, suivi de Kabbalat Chabbat et Arvit<br \/>\nD\u2019var Thora par le <strong>Rav Mika\u00ebl MOUYAL<\/strong><\/p>\n<p><strong><em>Samedi matin :<\/em><\/strong><br \/>\n<strong>09h00<\/strong> : Cha\u2019harit<br \/>\nL\u2019office sera suivi d\u2019un kiddouch communautaire<br \/>\nApr\u00e8s l\u2019office, cours mixte sur la Paracha par le <strong>Rabbin Mickael MOUYAL<\/strong><\/p>\n<p><em><strong>Samedi apr\u00e8s-midi :<\/strong><\/em><br \/>\n<strong>16h00<\/strong> : T\u00e9hilim &#8211; Lecture collective des T\u00e9hilim &#8211; Alpha\/Beta<br \/>\n<strong>16h15<\/strong> : Min\u2019ha Suivi de la S\u00e9ouda Ch\u00e9lichit, des chants de Chabbat et du D\u2019var Thora par le <strong>Rav Mika\u00ebl MOUYAL<\/strong><br \/>\n<strong>16h57<\/strong> : Shquiya \/ <span dir=\"RTL\" lang=\"HE\">\u05e9\u05e7\u05e2\u05ea \u05d4\u05d7\u05de\u05d4<\/span><\/p>\n<p><strong><em>Samedi soir :<\/em><\/strong><br \/>\n<strong>17h51<\/strong> : Fin de Chabbat, Arvit et Havdala<\/p>\n<p><strong>18h00<\/strong> : Cours mixte durant une demie-heure apr\u00e8s la Havdala. Le <strong>Rabbin Mickael MOUYAL<\/strong> vous offre la possibilit\u00e9 d\u2019\u00e9tudier le livre \u00ab <strong>Al\u00e9 Chour<\/strong> \u00bb afin de construire sa personnalit\u00e9.<br \/>\nLe Al\u00e9 Chour est un v\u00e9ritable classique de la philosophie rabbinique r\u00e9dig\u00e9 par le <strong>Rav Chlomo WOLBE<\/strong>.<\/p>\n<p><strong><em>Dimanche matin :<\/em> <\/strong><br \/>\n<strong>08h00<\/strong> : Cha\u2019harit<\/p>\n<p><strong><em><u>Lundi et Jeudi :<\/u><\/em><\/strong><br \/>\n<strong>7h10<\/strong> : Cha&rsquo;harit<\/p>\n<p><span style=\"color: #ff0000;\"><strong>Attention, \u00e0 partir de jeudi 5 d\u00e9cembre 2019 au soir, nous dirons Bar\u00e9&rsquo;h Al\u00e9nou (\u05d1\u05e8\u05da \u05e2\u05dc\u05d9\u05e0\u05d5) dans la amida !<\/strong><\/span><\/p>\n<p><strong>Chabbat Chalom !<\/strong><\/p>\n<p><!--more--><\/p>\n<hr \/>\n<h3><strong><span style=\"text-decoration: underline;\">Carnet de familles :<\/span><br \/>\n<\/strong><\/h3>\n<p>Les pri\u00e8res du mois de <strong>Henri Guigue<\/strong> (<strong>Ishay ben David et Batkia<\/strong> (\u05d6\u05f4\u05dc)) l&rsquo;oncle de notre amie <strong>Devorah SERRAO<\/strong> auront lieu b\u2019h le <strong>mercredi 4 D\u00e9cembre \u00e0 19h30<\/strong> : T\u00e9hilim, Arvit et dracha suivis d\u2019un buffet \u00e0 sa m\u00e9moire.<br \/>\nMerci de votre pr\u00e9sence.<\/p>\n<hr \/>\n<h3><strong><span style=\"text-decoration: underline;\">Infos pratiques :<\/span><br \/>\n<\/strong><\/h3>\n<p>Heures de d\u00e9but des T\u00e9filines du lundi 02\/12 au vendredi 06\/12 : 07h14 &#8211; 07h15 &#8211; 07h16 &#8211; 07h17 &#8211; 07h18.<\/p>\n<hr \/>\n<h3><strong><span style=\"text-decoration: underline;\">Birkat ha-L\u00e9vana :<\/span><br \/>\n<\/strong><\/h3>\n<p>La Birkat ha-L\u00e9vana (pri\u00e8re pour le renouvellement de la lune) pourra \u00eatre r\u00e9cit\u00e9e entre le mercredi 4 d\u00e9cembre 2019 au soir et le mercredi 11 d\u00e9cembre 2019 au soir, lorsque la lune est visible.<\/p>\n<hr \/>\n<h3><strong><span style=\"text-decoration: underline;\">Offices et cours de la semaine \u00e0 la Synagogue :<\/span><br \/>\n<\/strong><\/h3>\n<p><em>43 rue des abondances<\/em><\/p>\n<p><strong><em>Cha\u2019harit &#8211; 1er office :<\/em><\/strong><br \/>\n<em><u>Lundi et jeudi :<\/u><\/em><br \/>\n<strong>6h55<\/strong> : Cha&rsquo;harit<br \/>\n<em><u>Mardi, mercredi et vendredi :<\/u><\/em><br \/>\n<strong>7h00<\/strong> : Cha&rsquo;harit<br \/>\n<em><u>Dimanche :<\/u><\/em><br \/>\n<strong>8h00<\/strong> : Cha&rsquo;harit<\/p>\n<p><strong><em>Cha\u2019harit &#8211; 2\u00e8me Office :<\/em><\/strong><br \/>\n<strong>7h45<\/strong> : dans la Soucah\/Pergola<br \/>\nsuivi d&rsquo;une \u00e9tude par le <strong>Rabbin Didier Kassabi<\/strong> du lundi au jeudi, et par le <strong>Rav Avner Ibgui<\/strong> le vendredi<\/p>\n<p><strong><em>Min\u2019ha :<\/em><\/strong><br \/>\n<strong>13h30<\/strong> : du dimanche au jeudi (repas et cours \u00e0 partir de 13h00)<\/p>\n<p><strong><em>Arvit :<\/em><\/strong><br \/>\n<strong>19h30<\/strong> : du dimanche au jeudi<\/p>\n<p>Retrouvez les horaires de la synagogue <a href=\"https:\/\/synaboulogne.com\/horaires-offices\/\" target=\"_blank\" rel=\"noopener noreferrer\">ici<\/a>.<\/p>\n<hr \/>\n<h3><strong><span style=\"text-decoration: underline;\">Save the Date &#8211; samedi soir 7 d\u00e9cembre 2019 :<\/span><br \/>\n<\/strong><\/h3>\n<p>\u26a0\ufe0f <strong>SAVE THE DATE<\/strong> \u26a0\ufe0f<br \/>\nR\u00e9servez votre <strong>samedi soir 7 d\u00e9cembre 2019<\/strong> pour une soir\u00e9e festive, conviviale et musicale anim\u00e9e par <strong>Micky GABAY<\/strong> !<\/p>\n<p><a href=\"https:\/\/acjbb-sud.org\/wp-content\/uploads\/2019\/11\/ACJBB-CCIBB-CCJB-92-inauguration-mobilisation-future-Centre-Culturel-Juif-Boulogne.jpeg\"><img decoding=\"async\" class=\"aligncenter size-full wp-image-3204\" src=\"https:\/\/acjbb-sud.org\/wp-content\/uploads\/2019\/11\/ACJBB-CCIBB-CCJB-92-inauguration-mobilisation-future-Centre-Culturel-Juif-Boulogne.jpeg\" alt=\"\" width=\"600\" srcset=\"https:\/\/acjbb-sud.org\/wp-content\/uploads\/2019\/11\/ACJBB-CCIBB-CCJB-92-inauguration-mobilisation-future-Centre-Culturel-Juif-Boulogne.jpeg 883w, https:\/\/acjbb-sud.org\/wp-content\/uploads\/2019\/11\/ACJBB-CCIBB-CCJB-92-inauguration-mobilisation-future-Centre-Culturel-Juif-Boulogne-166x300.jpeg 166w, https:\/\/acjbb-sud.org\/wp-content\/uploads\/2019\/11\/ACJBB-CCIBB-CCJB-92-inauguration-mobilisation-future-Centre-Culturel-Juif-Boulogne-768x1392.jpeg 768w, https:\/\/acjbb-sud.org\/wp-content\/uploads\/2019\/11\/ACJBB-CCIBB-CCJB-92-inauguration-mobilisation-future-Centre-Culturel-Juif-Boulogne-565x1024.jpeg 565w\" sizes=\"(max-width: 883px) 100vw, 883px\" \/><\/a>Grande soir\u00e9e de mobilisation pour le futur <strong>Centre Culturel Juif de Boulogne<\/strong>, <strong>samedi 7 d\u00e9cembre de 20h \u00e0 minuit<\/strong>.<\/p>\n<p>Inscrivez-vous vite : <a href=\"http:\/\/bit.ly\/CCIB7d\u00e9cembre\">http:\/\/bit.ly\/CCIB7d\u00e9cembre<\/a> !<\/p>\n<hr \/>\n<h3><strong><span style=\"text-decoration: underline;\">Beth Hamidrach :<\/span><br \/>\n<\/strong><\/h3>\n<p style=\"text-align: justify;\">Le <strong>Rabbin Didier Kassabi<\/strong> donne un cours de Gu\u00e9mara chaque lundi soir \u00e0 20h00 \u00e0 la Synagogue de Boulogne Billancourt, 43 rue des abondances.<\/p>\n<p><img decoding=\"async\" class=\"aligncenter wp-image-2318 size-large\" src=\"https:\/\/acjbb-sud.org\/wp-content\/uploads\/2018\/12\/Rav-Didier-Kassabi-ACJBB-Boulogne-Sud-1024x656.jpg\" alt=\"\" width=\"600\" srcset=\"https:\/\/acjbb-sud.org\/wp-content\/uploads\/2018\/12\/Rav-Didier-Kassabi-ACJBB-Boulogne-Sud-1024x656.jpg 1024w, https:\/\/acjbb-sud.org\/wp-content\/uploads\/2018\/12\/Rav-Didier-Kassabi-ACJBB-Boulogne-Sud-300x192.jpg 300w, https:\/\/acjbb-sud.org\/wp-content\/uploads\/2018\/12\/Rav-Didier-Kassabi-ACJBB-Boulogne-Sud-768x492.jpg 768w, https:\/\/acjbb-sud.org\/wp-content\/uploads\/2018\/12\/Rav-Didier-Kassabi-ACJBB-Boulogne-Sud.jpg 1588w\" sizes=\"(max-width: 1024px) 100vw, 1024px\" \/><\/p>\n<p>Retrouvez tous les cours du Rabbin Kassabi <a href=\"https:\/\/acjbb-sud.org\/index.php\/cours-du-rabbin-kassabi\/\" target=\"_blank\" rel=\"noopener noreferrer\">sur cette page<\/a> !!<\/p>\n<p>Retrouvez toutes les informations et tous les cours du <em><strong>Beth Hamidrach de Boulogne<\/strong><\/em> sur <a href=\"https:\/\/synaboulogne.com\/beth-hamidrach\/\" target=\"_blank\" rel=\"noopener noreferrer\">cette page<\/a> !<\/p>\n<hr \/>\n<h3><strong><span style=\"text-decoration: underline;\">Talmud Thorah :<\/span><br \/>\n<\/strong><\/h3>\n<h4>Message \u00e0 tous les Parents<\/h4>\n<p>Tous les parents ont le devoir d&rsquo;assurer l&rsquo;\u00e9ducation juive de leurs enfants. Cette transmission passe naturellement par ce qui est v\u00e9cu au c\u0153ur du foyer mais elle doit \u00eatre sublim\u00e9e par un enseignement traditionnel dans le cadre de nos structures communautaires.<br \/>\nC&rsquo;est dans cette optique que notre Talmud Torah ouvre ses portes afin d&rsquo;y accueillir vos enfants.<\/p>\n<p>\u00c0 partir de leur rentr\u00e9e en CE1, aucun enfant de la communaut\u00e9 ne doit rester en marge de la d\u00e9couverte de leur juda\u00efsme.<\/p>\n<p>N\u2019h\u00e9sitez pas \u00e0 <a href=\"mailto:didierkassabi@gmail.com?subject=&quot;Talmud Torah Boulogne&quot;\" target=\"_blank\" rel=\"noopener noreferrer\">contacter notre Rabbin Didier KASSABI<\/a> pour toute demande de renseignements.<\/p>\n<hr \/>\n<h3><strong><span style=\"text-decoration: underline;\">Activit\u00e9 du Bn\u00e9 Akiva :<\/span><br \/>\n<\/strong><\/h3>\n<p>Cette semaine, l&rsquo;activit\u00e9 de Chabbat du Bn\u00e9 Akiva a lieu \u00e0 la <strong>Synagogue de Boulogne, 43 rue des abondances<\/strong> \u00e0 partir de 16h30.<\/p>\n<p><em><strong>Information aux parents :<\/strong><\/em> pour avoir toutes les informations sur les activit\u00e9s du Bn\u00e9 Akiva, pour \u00e9changer avec les madri&rsquo;him, vous pouvez rejoindre le groupe WhatsApp BNE AKIVA &#8211; Parents et Madri&rsquo;him en cliquant sur le lien <a href=\"http:\/\/bit.ly\/2nVbURP\" target=\"_blank\" rel=\"noopener noreferrer\">http:\/\/bit.ly\/2nVbURP<\/a><\/p>\n<hr \/>\n<h3><strong><span style=\"text-decoration: underline;\">Sortie du Bn\u00e9 Akiva :<\/span><br \/>\n<\/strong><\/h3>\n<p><a href=\"https:\/\/acjbb-sud.org\/wp-content\/uploads\/2019\/11\/ACJBB-Bne-Akiva-Activite-patinoire-Hanouka-decembre-2019.jpg\"><img decoding=\"async\" class=\"aligncenter size-full wp-image-3219\" src=\"https:\/\/acjbb-sud.org\/wp-content\/uploads\/2019\/11\/ACJBB-Bne-Akiva-Activite-patinoire-Hanouka-decembre-2019.jpg\" alt=\"\" width=\"600\" srcset=\"https:\/\/acjbb-sud.org\/wp-content\/uploads\/2019\/11\/ACJBB-Bne-Akiva-Activite-patinoire-Hanouka-decembre-2019.jpg 993w, https:\/\/acjbb-sud.org\/wp-content\/uploads\/2019\/11\/ACJBB-Bne-Akiva-Activite-patinoire-Hanouka-decembre-2019-150x150.jpg 150w, https:\/\/acjbb-sud.org\/wp-content\/uploads\/2019\/11\/ACJBB-Bne-Akiva-Activite-patinoire-Hanouka-decembre-2019-300x300.jpg 300w, https:\/\/acjbb-sud.org\/wp-content\/uploads\/2019\/11\/ACJBB-Bne-Akiva-Activite-patinoire-Hanouka-decembre-2019-768x769.jpg 768w\" sizes=\"(max-width: 993px) 100vw, 993px\" \/><\/a><\/p>\n<p>\ud83e\udd41\ud83e\udd41Oyez!Oyez!\ud83e\udd41\ud83e\udd41<\/p>\n<p>Le grand jour de l\u2019activit\u00e9 du Bne Boulogne est arriv\u00e9e!<\/p>\n<p>\u2744\u2744\u26f8\u26f8\u26f8\u26f8\u26f8\u26f8\u26f8\u2744\u2744<br \/>\nA l\u2019occasion de Hanouka le Bne Akiva Boulogne invite tous les enfants de 7 \u00e0 15 ans \u00e0 la patinoire de Boulogne!<\/p>\n<p>Une matin\u00e9e sous le signe de la joie pour partager le bonheur d\u2019\u00eatre ensemble et de c\u00e9l\u00e9brer l\u2019arriv\u00e9e des lumi\u00e8res de Hanouka<br \/>\n\ud83d\udd6f\ud83d\udd6f\ud83d\udd6f\ud83d\udd6f\ud83d\udd6f\ud83d\udd6f\ud83d\udd6f\ud83d\udd6f<\/p>\n<p>\ud83d\uddd3Quand? Le 8 D\u00e9cembre<br \/>\n\ud83d\uddfbOu? Rendez vous \u00e0 la patinoire de Boulogne : 1 Rue Victor Griffuelhes<br \/>\n92100 Boulogne-Billancourt<br \/>\n\u23f0\u00c0 quelle h? 10h00 pr\u00e9cises jusqu\u2019\u00e0 12h30<br \/>\nCombien? Tarif unique de 12\u20ac pour l\u2019entr\u00e9e, les patins et&#8230;. un \ud83c\udf69 tout frais avec un bon jus\ud83c\udf79<\/p>\n<p>Inscription obligatoire avant le Jeudi 5 D\u00e9cembre. \ud83d\uddd2<\/p>\n<p>Ci joint le lien pour l\u2019inscription et le r\u00e8glement sur le site s\u00e9curis\u00e9 \ud83d\udcb3HelloAsso\ud83d\udc47<br \/>\nbit.ly\/Bn\u00e9Patinoire2019<\/p>\n<p>\u2757\u2757 VEUILLEZ PR\u00c9CISER LA POINTURE DE VOS ENFANTS \u2757\u2757<\/p>\n<p>On vous attend nombreux \u26f8\u2661<\/p>\n<p>Ps: nombre de places limit\u00e9es<\/p>\n<p>Bne Akiva- Torah Avoda et patinoire!\ud83d\ude0d<\/p>\n<hr \/>\n<h3><strong><span style=\"text-decoration: underline;\">\u00ab Les AMIS de la REFOUA \u00bb &#8211; Visite aux malades :<\/span><br \/>\n<\/strong><\/h3>\n<p style=\"text-align: justify;\">Des b\u00e9n\u00e9voles de Boulogne proposent aux personnes qui le demandent : l&rsquo;organisation d&rsquo;une chaine de lecture de T\u00e9hilims pour la gu\u00e9rison de nos malades, de prendre de leurs nouvelles et leur rendre visite dans les h\u00f4pitaux.<br \/>\nCes actions se font dans la plus grande discr\u00e9tion et s&rsquo;inscrivent dans le cadre du b\u00e9n\u00e9volat.<br \/>\nVous pourrez joindre &#8211; <em>les AMIS de la REFOUA<\/em> &#8211; au 06.03.75.34.15, ou par courriel \u00e0 : <a href=\"mailto:israelalbert1@gmail.com\">israelalbert1@gmail.com<\/a><br \/>\nVous pouvez aussi faire partie de ces b\u00e9n\u00e9voles, nous vous remercions par avance.<\/p>\n<hr \/>\n<h3><strong><span style=\"text-decoration: underline;\">Information ACJBB Boulogne Sud :<\/span><br \/>\n<\/strong><\/h3>\n<p style=\"text-align: justify;\">Retrouvez toutes les informations de l\u2019office sur : <a href=\"http:\/\/www.acjbb-sud.org\" target=\"_blank\" rel=\"noopener noreferrer\">www.acjbb-sud.org<\/a>.<br \/>\nSi vous souhaitez recevoir par mail la newsletter de l&rsquo;office, inscrivez-vous en nous envoyant un mail \u00e0 <a href=\"mailto:officeboulognesud@gmail.com\">officeboulognesud@gmail.com<\/a>.<br \/>\nRetrouvez \u00e9galement toutes les informations sur la page Facebook de l&rsquo;office : <a href=\"http:\/\/facebook.com\/acjbbsud\" target=\"_blank\" rel=\"noopener noreferrer\">facebook.com\/acjbbsud<\/a> et sur Twitter : <a href=\"http:\/\/twitter.com\/acjbbsud\" target=\"_blank\" rel=\"noopener noreferrer\">twitter.com\/acjbbsud<\/a>.<\/p>\n<hr \/>\n<h3><strong><span style=\"text-decoration: underline;\">R\u00e9servation des espaces communautaires :<\/span><br \/>\n<\/strong><\/h3>\n<p style=\"text-align: justify;\">Vous souhaitez organiser une manifestation (Brith-Mila, Bar-Mitsvah et Bat-Mitsvah, Mariage, Azkara, Soir\u00e9e Mikv\u00e9 Kala, etc&#8230; ) dans les espaces de la <strong>Synagogue de Boulogne<\/strong>, 43 rue des Abondances, contactez M. Alain Chicheportiche 06.95.62.58.41 &#8211; <a href=\"mailto:alainchicheportiche92@gmail.com\">alainchicheportiche92@gmail.com<\/a><\/p>\n<p style=\"text-align: justify;\">Vous souhaitez r\u00e9server la salle de <strong>Boulogne Sud<\/strong>, 134 bis rue du point du jour Boulogne Billancourt, contactez M. Patrick Sebban 06.03.02.30.78 &#8211; <a href=\"mailto:patrick.sebban2@paris.fr\">patrick.sebban2@paris.fr<\/a><\/p>\n<hr \/>\n<h3><strong><span style=\"text-decoration: underline;\">Mikv\u00e9 :<\/span><br \/>\n<\/strong><\/h3>\n<p><strong>Mikv\u00e9 pour les femmes<\/strong><br \/>\nLe mikv\u00e9 de Boulogne est ouvert :<\/p>\n<ul>\n<li>dimanche de 19h \u00e0 21h<\/li>\n<li>du lundi au jeudi de 20h \u00e0 22h<\/li>\n<li>vendredi soir : uniquement sur RDV , en envoyant un sms \u00e0 Mme Yael Kassabi au 06 22 76 15 04<\/li>\n<li>samedi soir : 1h apr\u00e8s Chabbat pendant 2h<\/li>\n<\/ul>\n<p>La Communaut\u00e9 juive de Boulogne recherche une <strong>Baalanit <\/strong>pour 2 soirs par semaine \u00e0 partir de mi-novembre. Prendre contact avec <a href=\"mailto:yaelkassabi@gmail.com?subject=Poste%20de%20Baalanit%20pour%20le%20Mikv%C3%A9%20de%20Boulogne\" target=\"_blank\" rel=\"noopener noreferrer\">Mme Yael Kassabi<\/a>.<\/p>\n<p><strong>Mikv\u00e9 vaisselle<\/strong><br \/>\nLe Mikv\u00e9 K\u00e9lim est ouvert tous les matins du dimanche au vendredi depuis l&rsquo;heure de la T\u00e9fila jusqu&rsquo;\u00e0 midi.<\/p>\n<hr \/>\n<h3><strong><span style=\"text-decoration: underline;\">Faire un don :<\/span><br \/>\n<\/strong><\/h3>\n<p style=\"text-align: justify;\">Pour faire vivre et participer activement \u00e0 cet office, <a href=\"http:\/\/www.acjbb-sud.org\/index.php\/faire-un-don\/\" target=\"_blank\" rel=\"noopener noreferrer\">faites un don<\/a> par internet ou envoyez vos ch\u00e8ques au <strong>134 bis rue du Point du Jour<\/strong>. Toutes les participations sont bienvenues, <em>les petits ruisseaux faisant de grandes rivi\u00e8res<\/em>, nous parviendrons, tous ensemble, \u00e0 faire vivre l\u2019Office de Boulogne Sud.<\/p>\n<p>Tizkou L\u00e9-Mitsvot !!<\/p>\n<hr \/>\n<h3><strong><span style=\"text-decoration: underline;\">Visites aux personnes seules :<\/span><br \/>\n<\/strong><\/h3>\n<p>Chers amis membres de la communaut\u00e9 juive de Boulogne,<\/p>\n<p>Il existe d\u00e9sormais un syst\u00e8me organis\u00e9 et centralis\u00e9 de <strong>visites aux personnes \u00e2g\u00e9es qui le souhaiteraient<\/strong>, vivant seules ou loin de leurs familles, chez elles ou en R\u00e9sidence, \u00e0 Boulogne-m\u00eame et dans les banlieues et arrondissements parisiens voisins.<br \/>\nCe groupe, fra\u00eechement cr\u00e9\u00e9, a besoin de b\u00e9n\u00e9voles qui pourraient, une \u00e0 deux fois par mois, venir visiter pendant 15 \u00e0 30 minutes l\u2019une de ces personnes isol\u00e9es.<br \/>\nLe deuxi\u00e8me type de mission que propose ce groupe consiste \u00e0 <strong>rendre visite aux personnes hospitalis\u00e9es sur notre secteur g\u00e9ographique<\/strong>, en cas d\u2019\u00e9loignement familial, lorsqu&rsquo;une telle demande nous parviendra.<br \/>\n<strong>Nous avons besoin d\u2019autant de b\u00e9n\u00e9voles que possible pour que ce projet puisse durer<\/strong>.<br \/>\nIl vous sera aussi d\u00e9sormais possible de nous contacter directement pour nous communiquer les coordonn\u00e9es d&rsquo;une nouvelle personne \u00e0 visiter.<br \/>\nVous pouvez nous joindre par le biais du <span class=\"il\">Synamail<\/span>.<br \/>\nAu nom de la Communaut\u00e9 de Boulogne, je tiens \u00e0 vous remercier par avance pour toutes ces belles rencontres que nous ferons, pour tous ces petits moments d\u2019attention et de bonheur que nous offrirons \u00e0 nos Seniors et nos Malades.<br \/>\nTizkou le mitsvot<\/p>\n<p><strong>Yael Lazimy<\/strong>, pour le groupe \u00ab Levaker \u00bb<br \/>\nN&rsquo;h\u00e9sitez pas \u00e0 nous contacter par <a href=\"mailto:synamail@acjbb.com\" target=\"_blank\" rel=\"noopener noreferrer\"><span class=\"il\">synamail<\/span>@acjbb.com<\/a><\/p>\n<hr \/>\n<h3><strong><span style=\"text-decoration: underline;\">Participons \u00e0 la collecte des fondations du Centre Culturel Juif de Boulogne Billancourt :<\/span><br \/>\n<\/strong><\/h3>\n<p><img loading=\"lazy\" decoding=\"async\" class=\"aligncenter wp-image-2813 size-large\" src=\"https:\/\/acjbb-sud.org\/wp-content\/uploads\/2019\/07\/construction-du-centre-juif-de-boulogne-billancourt-1024x724.jpeg\" alt=\"\" width=\"720\" height=\"509\" srcset=\"https:\/\/acjbb-sud.org\/wp-content\/uploads\/2019\/07\/construction-du-centre-juif-de-boulogne-billancourt-1024x724.jpeg 1024w, https:\/\/acjbb-sud.org\/wp-content\/uploads\/2019\/07\/construction-du-centre-juif-de-boulogne-billancourt-300x212.jpeg 300w, https:\/\/acjbb-sud.org\/wp-content\/uploads\/2019\/07\/construction-du-centre-juif-de-boulogne-billancourt-768x543.jpeg 768w, https:\/\/acjbb-sud.org\/wp-content\/uploads\/2019\/07\/construction-du-centre-juif-de-boulogne-billancourt.jpeg 1122w\" sizes=\"auto, (max-width: 720px) 100vw, 720px\" \/><\/p>\n<p>La construction du Centre Culturel Juif de Boulogne a \u00e9t\u00e9 lanc\u00e9e le <strong>23 juin 2019<\/strong>. En plus de la campagne de collecte, nous avons d\u00e9cid\u00e9 d&rsquo;entreprendre une collecte \u00ab\u00a0<b>des Fondations du Centre Culturel<\/b>\u00ab\u00a0. A l&rsquo;image de la construction du Michkan, o\u00f9 Moch\u00e9 a demand\u00e9 \u00e0 tous les Bnei Israel de verser un demi-shekel pour financer les socles qui soutiennent les poutres du Michkan, nous invitons tous les boulonnais, hommes, femmes et enfants, \u00e0 contribuer aux fondations du Centre Culturel.<\/p>\n<p>La liste de tous les contributeurs sera affich\u00e9e pour que chacun puisse dire qu&rsquo;il a fait partie des fondateurs.<\/p>\n<p>Le montant est unique pour que dans cette phase, chacun puisse avoir une part \u00e9gale \u00e0 son voisin, quels que soient ses moyens et sa g\u00e9n\u00e9rosit\u00e9, chacun \u00e0 part \u00e9gale.<\/p>\n<p>Nous invitons donc tous les fid\u00e8les de notre communaut\u00e9 \u00e0 participer et surtout \u00e0 inviter tous nos coreligionnaires, familles, amis, voisins \u00e0 participer aussi au projet.<\/p>\n<p>Ainsi nous aurons collectivement le m\u00e9rite de r\u00e9pondre \u00e0 l&rsquo;injonction divine de la Paracha T\u00e9rouma :<br \/>\n\u00ab\u00a0\u05d5\u05b0\u05e2\u05b8\u05e9\u05c2\u05d5\u05bc \u05dc\u05b4\u05d9, \u05de\u05b4\u05e7\u05b0\u05d3\u05bc\u05b8\u05e9\u05c1; \u05d5\u05b0\u05e9\u05c1\u05b8\u05db\u05b7\u05e0\u05b0\u05ea\u05bc\u05b4\u05d9, \u05d1\u05bc\u05b0\u05ea\u05d5\u05b9\u05db\u05b8\u05dd.\u00a0\u00bb &#8211; \u00ab\u00a0<em>Et ils me construiront un sanctuaire, pour que je r\u00e9side au milieu d&rsquo;eux<\/em>\u00a0\u00bb <strong>Amen<\/strong> !<\/p>\n<p>Robert Ejnes<br \/>\nPr\u00e9sident<\/p>\n<p><strong>Mobilisons-nous :<\/strong><br \/>\n<a href=\"https:\/\/www.helloasso.com\/associations\/acjbb-2\/collectes\/les-fondations-du-centre-culturel-juif-de-boulogne\/\" target=\"_blank\" rel=\"noopener noreferrer\">Je participe \u00e0 la collecte des fondations du Centre Culturel Juif<\/a> !<\/p>\n<hr \/>\n<h3><strong><span style=\"text-decoration: underline;\">Dons pour le Centre Culturel de Boulogne Billancourt :<\/span><br \/>\n<\/strong><\/h3>\n<p style=\"text-align: justify;\">Le nouveau Centre Culturel sera situ\u00e9 \u00e0 l&rsquo;angle des rues Marcel Dassault et d&rsquo;Anjou.<\/p>\n<p style=\"text-align: justify;\">Il comprendra notamment :<\/p>\n<ul>\n<li style=\"list-style-type: none;\">\n<ul>\n<li>Une Synagogue<\/li>\n<li>Le Centre Communautaire (CCIBB)<\/li>\n<li>Une salle polyvalente<\/li>\n<li>Une salle des f\u00eates<\/li>\n<\/ul>\n<\/li>\n<\/ul>\n<p>Vous pouvez consulter la <a href=\"https:\/\/fr.calameo.com\/read\/00057892520c64798775e\" target=\"_blank\" rel=\"noopener noreferrer\">plaquette de pr\u00e9sentation du Centre Culturel de Boulogne<\/a><\/p>\n<p style=\"text-align: justify;\"><img decoding=\"async\" class=\"aligncenter wp-image-778 size-full\" src=\"http:\/\/acjbb-sud.org\/wp-content\/uploads\/2017\/06\/Acjbb-construction-1.png\" alt=\"\" width=\"600\" srcset=\"https:\/\/acjbb-sud.org\/wp-content\/uploads\/2017\/06\/Acjbb-construction-1.png 684w, https:\/\/acjbb-sud.org\/wp-content\/uploads\/2017\/06\/Acjbb-construction-1-300x202.png 300w, https:\/\/acjbb-sud.org\/wp-content\/uploads\/2017\/06\/Acjbb-construction-1-445x300.png 445w\" sizes=\"(max-width: 684px) 100vw, 684px\" \/><\/p>\n<h3 class=\"m_-5277437730878633356null\"><span style=\"color: #0000ff;\"><strong>Etat du dossier<\/strong><\/span><\/h3>\n<p><strong>Les travaux avancent !!!<\/strong><\/p>\n<p><strong>La base vie est en place les travaux des fondations en cours<br \/>\n<\/strong><\/p>\n\n\t\t<style type=\"text\/css\">\n\t\t\t#gallery-1 {\n\t\t\t\tmargin: auto;\n\t\t\t}\n\t\t\t#gallery-1 .gallery-item {\n\t\t\t\tfloat: left;\n\t\t\t\tmargin-top: 10px;\n\t\t\t\ttext-align: center;\n\t\t\t\twidth: 50%;\n\t\t\t}\n\t\t\t#gallery-1 img {\n\t\t\t\tborder: 2px solid #cfcfcf;\n\t\t\t}\n\t\t\t#gallery-1 .gallery-caption {\n\t\t\t\tmargin-left: 0;\n\t\t\t}\n\t\t\t\/* see gallery_shortcode() in wp-includes\/media.php *\/\n\t\t<\/style>\n\t\t<div id='gallery-1' class='gallery galleryid-3210 gallery-columns-2 gallery-size-full'><dl class='gallery-item'>\n\t\t\t<dt class='gallery-icon landscape'>\n\t\t\t\t<a href='https:\/\/acjbb-sud.org\/index.php\/2019\/11\/27\/chabbat-toledot-5780\/acjbb-centre-culturel-juif-boulogne-20191120\/'><img loading=\"lazy\" decoding=\"async\" width=\"577\" height=\"432\" src=\"https:\/\/acjbb-sud.org\/wp-content\/uploads\/2019\/11\/ACJBB-Centre-culturel-juif-boulogne-20191120.jpg\" class=\"attachment-full size-full\" alt=\"\" srcset=\"https:\/\/acjbb-sud.org\/wp-content\/uploads\/2019\/11\/ACJBB-Centre-culturel-juif-boulogne-20191120.jpg 577w, https:\/\/acjbb-sud.org\/wp-content\/uploads\/2019\/11\/ACJBB-Centre-culturel-juif-boulogne-20191120-300x225.jpg 300w\" sizes=\"auto, (max-width: 577px) 100vw, 577px\" \/><\/a>\n\t\t\t<\/dt><\/dl><dl class='gallery-item'>\n\t\t\t<dt class='gallery-icon landscape'>\n\t\t\t\t<a href='https:\/\/acjbb-sud.org\/index.php\/2019\/11\/27\/chabbat-toledot-5780\/acjbb-centre-culturel-juif-boulogne-20191120-2\/'><img loading=\"lazy\" decoding=\"async\" width=\"577\" height=\"432\" src=\"https:\/\/acjbb-sud.org\/wp-content\/uploads\/2019\/11\/ACJBB-Centre-culturel-juif-boulogne-20191120-2.jpg\" class=\"attachment-full size-full\" alt=\"\" srcset=\"https:\/\/acjbb-sud.org\/wp-content\/uploads\/2019\/11\/ACJBB-Centre-culturel-juif-boulogne-20191120-2.jpg 577w, https:\/\/acjbb-sud.org\/wp-content\/uploads\/2019\/11\/ACJBB-Centre-culturel-juif-boulogne-20191120-2-300x225.jpg 300w\" sizes=\"auto, (max-width: 577px) 100vw, 577px\" \/><\/a>\n\t\t\t<\/dt><\/dl><br style=\"clear: both\" \/>\n\t\t<\/div>\n\n<p>Vous avez une occasion unique d&rsquo;inscrire votre nom, celui de vos familles, celui de vos disparus, dans un projet qui marquera l&rsquo;avenir de la vie juive \u00e0 Boulogne-Billancourt.<\/p>\n<p><img decoding=\"async\" class=\"aligncenter\" src=\"https:\/\/acjbb-sud.org\/wp-content\/uploads\/2018\/07\/Centre-Culturel-juif-Boulogne-Billancourt-Synagogue.jpg\" alt=\"\" width=\"600\" \/><\/p>\n<p><img decoding=\"async\" class=\"aligncenter\" src=\"https:\/\/acjbb-sud.org\/wp-content\/uploads\/2018\/07\/Centre-Culturel-juif-Boulogne-Billancourt-Synagogue-2.jpg\" alt=\"\" width=\"600\" \/><\/p>\n<p style=\"text-align: justify;\">Devenez acteur du devenir de la vie juive \u00e0 Boulogne en faisant un don pour la construction du Centre Culturel de Boulogne. Vous pouvez d\u00e9cider de diriger votre don vers la synagogue ACJBB ou vers le CCIBB, en nous l&rsquo;indiquant par message.<\/p>\n<p>Si vous avez des question, <a href=\"mailto:synamail@acjbb.com?subject=&quot;Question sur la construction du Centre culturel&quot;\">envoyez-nous un message<\/a> !<\/p>\n<p><a href=\"https:\/\/www.helloasso.com\/associations\/acjbb-2\/collectes\/construction-du-centre-juif-de-boulogne\" target=\"_blank\" rel=\"noopener noreferrer\">Je participe \u00e0 la collecte pour la construction<\/a>.<\/p>\n<hr \/>\n<h3><strong><span style=\"text-decoration: underline;\">(Re)nouveau \u00e0 Boulogne : Avot ouBanim revisit\u00e9 :<\/span><br \/>\n<\/strong><\/h3>\n<p>Venez partager un moment d\u2019\u00e9tude unique et sympathique avec vos enfants (filles et gar\u00e7ons) de 4 et 12 ans le <strong>Samedi 30 Novembre de 18h30 \u00e0 19h15<\/strong> autour du Rabbin Didier Kassabi et profiter de pizzas pour bien d\u00e9marrer la semaine !<br \/>\nC\u2019est le concept d\u2019Avot OuBanim que nous voulons d\u00e9cliner en \u00e9v\u00e8nement communautaire ou les mamans et papas pourront d\u00e9couvrir les tr\u00e9sors de la torah tout en nous rapprochant de nos tr\u00e9sors d\u2019enfants.<br \/>\nRenseignments et informations aupr\u00e8s d&rsquo;<strong>Eliezer Ben Zimra<\/strong><\/p>\n<hr \/>\n<h3><strong><span style=\"text-decoration: underline;\">Assembl\u00e9e G\u00e9n\u00e9rale du CCIBB :<\/span><br \/>\n<\/strong><\/h3>\n<p><a href=\"https:\/\/i0.wp.com\/ccibb.net\/wp-content\/uploads\/2017\/11\/Assemblee-Generale.jpg?w=650&amp;ssl=1\"><img decoding=\"async\" class=\"aligncenter wp-image-3152 size-full\" src=\"https:\/\/i0.wp.com\/ccibb.net\/wp-content\/uploads\/2017\/11\/Assemblee-Generale.jpg?w=650&amp;ssl=1\" alt=\"\" width=\"600\" \/><\/a><br \/>\n<em>Le CCIBB a le plaisir de vous convier \u00e0 son Assembl\u00e9e G\u00e9n\u00e9rale Ordinaire le <strong>mardi 03 d\u00e9cembre 2019 \u00e0 19H30<\/strong> au 20 ter rue des Peupliers, 92100 Boulogne Billancourt.<\/em><\/p>\n<p><em>A l\u2019ordre du jour :<\/em><\/p>\n<ul>\n<li><em>Discours du Pr\u00e9sident Marc Soussan<\/em><\/li>\n<li><em>Rapport Moral du Secr\u00e9taire Jonathan Cahen<\/em><\/li>\n<li><em>Rapport financier du Tr\u00e9sorier Jacques Etyngier (consultable sur place)<\/em><\/li>\n<li><em>Elections du nouveau conseil d\u2019administration<\/em><\/li>\n<li><em>Questions diverses<\/em><\/li>\n<\/ul>\n<p><strong><em>Conform\u00e9ment aux statuts, ce mail tient lieu de convocation.<\/em><\/strong><\/p>\n<p>Bien cordialement,<\/p>\n<p>Le Pr\u00e9sident<\/p>\n<hr \/>\n<h3><strong><span style=\"text-decoration: underline;\">Soir\u00e9e Gala du CCJ 92 :<\/span><br \/>\n<\/strong><\/h3>\n<p>Chers Amis,<\/p>\n<p>Nous sommes heureux de vous inviter \u00e0 la nouvelle soir\u00e9e de <strong>Gala du CCJ 92, qui aura lieu mercredi 4 d\u00e9cembre 2019 \u00e0 20h00 au Carr\u00e9 Belle-Feuille <\/strong>(60 rue de la Belle-Feuille \u00e0 Boulogne), en partenariat avec la Ville de Boulogne-Billancourt.<\/p>\n<p>Au programme cette ann\u00e9e, un <u><strong>concert priv\u00e9 de Michel FUGAIN<\/strong><\/u><u> et son groupe Pluribus<\/u>, en exclusivit\u00e9 pour les communaut\u00e9s juives du 92 !<\/p>\n<p><strong>Le tarif des places est le suivant :<br \/>\n&#8211; <u>Tarif unique<\/u> (1\u00e8re cat\u00e9gorie) : 60 euros<br \/>\n&#8211; Quelques places en seconde cat\u00e9gorie <u>pour les -20 ans<\/u> : 40 euros<\/strong><br \/>\n<u>R\u00e9servations d\u00e8s \u00e0 pr\u00e9sent par mail \u00e0 l\u2019adresse suivante : <\/u><a href=\"mailto:contactccj92@gmail.com\" target=\"_blank\" rel=\"noopener noreferrer\"><strong>contactccj92@gmail.com<\/strong><\/a> avec validation des places \u00e0 r\u00e9ception du r\u00e8glement.<\/p>\n<p>Attention : <u><strong>Places limit\u00e9es<\/strong><\/u>.<br \/>\nDans l\u2019attente et le plaisir de vous retrouver prochainement, nous vous souhaitons un excellent Chabbat.<\/p>\n<p>Elie KORCHIA<br \/>\nPr\u00e9sident du Conseil des Communaut\u00e9s juives du 92<\/p>\n<p><img decoding=\"async\" class=\"aligncenter wp-image-3135 size-full\" src=\"https:\/\/acjbb-sud.org\/wp-content\/uploads\/2019\/10\/soiree-gala-CCJ92-decembre-2019.jpg\" alt=\"\" height=\"600\" srcset=\"https:\/\/acjbb-sud.org\/wp-content\/uploads\/2019\/10\/soiree-gala-CCJ92-decembre-2019.jpg 595w, https:\/\/acjbb-sud.org\/wp-content\/uploads\/2019\/10\/soiree-gala-CCJ92-decembre-2019-212x300.jpg 212w\" sizes=\"(max-width: 595px) 100vw, 595px\" \/><\/p>\n<hr \/>\n<h3><strong><span style=\"text-decoration: underline;\">Conf\u00e9rence-d\u00e9bat avec Jonathan Weitzman :<\/span><br \/>\n<\/strong><\/h3>\n<p>La <strong>Communaut\u00e9 Juive de Boulogne<\/strong> et la <strong>Pr\u00e9pa Emc2<\/strong> vous invitent \u00e0 une conf\u00e9rence-d\u00e9bat avec <strong>Jonathan WIETZMAN<\/strong> le <strong>dimanche 11 d\u00e9cembre 2019 \u00e0 20h00<\/strong>, sur le th\u00e8me \u00ab Les juifs et les g\u00e8nes : de Mo\u00efse \u00e0 la g\u00e9nomique \u00bb.<br \/>\n<a href=\"https:\/\/synaboulogne.com\/wp-content\/uploads\/2019\/11\/conference-debat-jonathan-weitzman-11-decembre-2019-prepa-emc2-709x1024.jpeg\"><img decoding=\"async\" class=\"aligncenter wp-image-3152 size-full\" src=\"https:\/\/synaboulogne.com\/wp-content\/uploads\/2019\/11\/conference-debat-jonathan-weitzman-11-decembre-2019-prepa-emc2-709x1024.jpeg\" alt=\"\" width=\"600\" \/><\/a><\/p>\n<hr \/>\n<h3><strong><span style=\"text-decoration: underline;\">Grande f\u00eate de Hanoucah de la Communaut\u00e9 juive de Boulogne :<\/span><br \/>\n<\/strong><\/h3>\n<p><strong>Dimanche 22 d\u00e9cembre 2019, de 16h \u00e0 19h30<\/strong><br \/>\nEspace communautaire Alfred Zemmour de la Synagogue de Boulogne<\/p>\n<p><a href=\"https:\/\/acjbb-sud.org\/wp-content\/uploads\/2019\/11\/ACJBB-grande-fete-de-hanoucah-2019-5780.png\"><img decoding=\"async\" class=\"aligncenter size-full wp-image-3206\" src=\"https:\/\/acjbb-sud.org\/wp-content\/uploads\/2019\/11\/ACJBB-grande-fete-de-hanoucah-2019-5780.png\" alt=\"\" width=\"600\" srcset=\"https:\/\/acjbb-sud.org\/wp-content\/uploads\/2019\/11\/ACJBB-grande-fete-de-hanoucah-2019-5780.png 800w, https:\/\/acjbb-sud.org\/wp-content\/uploads\/2019\/11\/ACJBB-grande-fete-de-hanoucah-2019-5780-150x150.png 150w, https:\/\/acjbb-sud.org\/wp-content\/uploads\/2019\/11\/ACJBB-grande-fete-de-hanoucah-2019-5780-300x300.png 300w, https:\/\/acjbb-sud.org\/wp-content\/uploads\/2019\/11\/ACJBB-grande-fete-de-hanoucah-2019-5780-768x768.png 768w\" sizes=\"(max-width: 800px) 100vw, 800px\" \/><\/a><\/p>\n<p>Cette ann\u00e9e, nous vous proposons de venir tous ensemble, grands et petits, chanter ensemble des chansons des <strong>Chevatim<\/strong>, compos\u00e9es par <strong>Elie Botbol<\/strong> (\u05d6\u05f4\u05dc).<br \/>\nApr\u00e8s ces chants, tous les enfants recevrons des cadeaux.<\/p>\n<p><strong>Une c\u00e9r\u00e9monie tr\u00e8s sp\u00e9ciale sera ensuite organis\u00e9e dans la Soucah<\/strong><br \/>\nVenez nombreux assister \u00e0 un grand moment communautaire<\/p>\n<p>Buffet et beignets de Hanoucah pour tous<\/p>\n<hr \/>\n<h3><strong><span style=\"text-decoration: underline;\">Nouveaux \u00e0 Boulogne :<\/span><br \/>\n<\/strong><\/h3>\n<p>Si vous \u00eates nouveaux \u00e0 Boulogne, cette r\u00e9union est pour vous !<br \/>\nVous vous \u00eates install\u00e9s r\u00e9cemment \u00e0 Boulogne ?<br \/>\nNous vous proposons de venir rencontrer les responsables de la Communaut\u00e9 le <strong>dimanche 15 d\u00e9cembre de 17h30 \u00e0 19h30<\/strong>.<\/p>\n<p><img decoding=\"async\" class=\"aligncenter wp-image-3203 size-full\" src=\"https:\/\/acjbb-sud.org\/wp-content\/uploads\/2019\/11\/evenement-acjbb-nouveau-a-boulogne-2019.jpg\" alt=\"\" width=\"600\" srcset=\"https:\/\/acjbb-sud.org\/wp-content\/uploads\/2019\/11\/evenement-acjbb-nouveau-a-boulogne-2019.jpg 800w, https:\/\/acjbb-sud.org\/wp-content\/uploads\/2019\/11\/evenement-acjbb-nouveau-a-boulogne-2019-212x300.jpg 212w, https:\/\/acjbb-sud.org\/wp-content\/uploads\/2019\/11\/evenement-acjbb-nouveau-a-boulogne-2019-768x1087.jpg 768w, https:\/\/acjbb-sud.org\/wp-content\/uploads\/2019\/11\/evenement-acjbb-nouveau-a-boulogne-2019-724x1024.jpg 724w\" sizes=\"(max-width: 800px) 100vw, 800px\" \/><br \/>\nTous publics : c\u00e9libataires, couples, familles &#8230;<\/p>\n<p>PS : Si vous connaissez des membres de la Communaut\u00e9 juive r\u00e9cemment arriv\u00e9s \u00e0 Boulogne, merci de leur transf\u00e9rer cet email.<\/p>\n<hr \/>\n<h3><strong><span style=\"text-decoration: underline;\">Emounah : Voyage m\u00e8re et fille en Isra\u00ebl :<\/span><br \/>\n<\/strong><\/h3>\n<p><strong>World Emounah<\/strong> et la <strong>Communaut\u00e9 de Boulogne<\/strong> s\u2019associent pour vous proposer un voyage exceptionnel en Isra\u00ebl autour des diff\u00e9rentes institutions d\u2019Emounah, de visite du pays et de rencontres exceptionnelles.<\/p>\n<p>Nous avons souhait\u00e9 organiser une mission de 5 jours qui permettent \u00e0 nos jeunes filles, qui ont entre 11 et 13 ans, en complicit\u00e9 avec leur maman, de d\u00e9couvrir le travail d\u2019associations d\u2019aide \u00e0 l\u2019enfance, de comprendre qu\u2019il est de notre devoir d\u2019aider les plus d\u00e9munis et de mettre \u00e0 profit les notions de Hessed, de Ts\u00e9daka mais aussi de Emounah , que toute Bat Israel se doit d\u2019appliquer.<\/p>\n<p>Ce voyage est organis\u00e9 \u202adu <strong>mercredi 1er janvier au dimanche 5 janvier\u202c 2020<\/strong>, pour un tarif tout compris (hors billet) de 500 euros par personne.<br \/>\n<a href=\"https:\/\/acjbb-sud.org\/wp-content\/uploads\/2019\/10\/emounah-world-voyage-mere-fille-israel-2020.png\"><img decoding=\"async\" class=\"aligncenter wp-image-3085 size-full\" src=\"https:\/\/acjbb-sud.org\/wp-content\/uploads\/2019\/10\/emounah-world-voyage-mere-fille-israel-2020.png\" alt=\"\" width=\"600\" srcset=\"https:\/\/acjbb-sud.org\/wp-content\/uploads\/2019\/10\/emounah-world-voyage-mere-fille-israel-2020.png 1587w, https:\/\/acjbb-sud.org\/wp-content\/uploads\/2019\/10\/emounah-world-voyage-mere-fille-israel-2020-212x300.png 212w, https:\/\/acjbb-sud.org\/wp-content\/uploads\/2019\/10\/emounah-world-voyage-mere-fille-israel-2020-768x1086.png 768w, https:\/\/acjbb-sud.org\/wp-content\/uploads\/2019\/10\/emounah-world-voyage-mere-fille-israel-2020-724x1024.png 724w\" sizes=\"(max-width: 1587px) 100vw, 1587px\" \/><\/a><br \/>\nN\u2019h\u00e9sitez pas \u00e0 revenir vers moi dans les plus brefs d\u00e9lais si ce projet vous int\u00e9resse.<br \/>\n(<span style=\"color: #ff0000;\"><strong>places tr\u00e8s limit\u00e9es<\/strong><\/span>).<\/p>\n<p>Je reste \u00e0 votre disposition pour r\u00e9pondre \u00e0 toutes vos questions.<br \/>\n<strong>Possibilit\u00e9 de bourses sur demande<\/strong><br \/>\nUn projet qui me tient particuli\u00e8rement \u00e0 c\u0153ur<\/p>\n<p>Yael Kassabi<\/p>\n<hr \/>\n<h3><strong><span style=\"text-decoration: underline;\">Dvar Thorah et enseignements :<\/span><br \/>\n<\/strong><\/h3>\n<p><em><strong>par le Rav Mika\u00ebl Mouyal<\/strong><\/em><\/p>\n<p style=\"text-align: justify;\"><em>L\u00e9\u00eflouy Nichmat Avraham Ben Mikha\u00ebl, &lsquo;Ha\u00ef Victor Ben Yakouta, Jaqueline Bat Esther et Paula Yakouta Bat Rosette<\/em><\/p>\n<h3 style=\"text-align: center;\"><strong>Le coin &lsquo;Hidouchim<\/strong><\/h3>\n<h4><strong>\u00ab Et ce sont les descendants de Yits&rsquo;hak fils d&rsquo;Avraham, Avraham a enfant\u00e9 Yits&rsquo;hak \u00bb (25, 19) :<\/strong><\/h4>\n<p style=\"text-align: justify;\">Pour expliquer la redondance de ce verset, Rachi dit que les railleurs de l&rsquo;\u00e9poque plaisantaient en disant que Sarah a enfant\u00e9 Yits&rsquo;hak avec Avimelekh et pas avec Avraham, puisqu&rsquo;elle est tomb\u00e9 enceinte apr\u00e8s avoir \u00e9t\u00e9 prise par Avimelekh. Pour faire taire cette terrible rumeur, Hachem a fait en sorte que Yits&rsquo;hak ressemble physiquement \u00e0 Avraham, de sorte que tout le monde pouvait attester :<br \/>\n\u00ab Avraham a enfant\u00e9 Yits&rsquo;hak \u00bb. Mais on peut se demander pourquoi la Thora fait allusion \u00e0 cette solution pour d\u00e9mentir les railleurs, dans le contexte des descendants d&rsquo;Yits&rsquo;hak ? Apparemment, on aurait mieux compris que la Thora en parle \u00e0 la naissance d&rsquo;Yitshak ?<br \/>\nEn fait, comme la Thora s&rsquo;appr\u00eate \u00e0 \u00e9voquer les descendants d&rsquo;Yits&rsquo;hak, qui bont compter un Juste (Yaacov) et un impie (Essav), c&rsquo;est cela qui va renforcer l&rsquo;argument des railleurs, qui appuy\u00e8rent leur rumeur en disant que Yaacov le Juste provient de sa m\u00e8re, Sarah, et l&rsquo;impie provient de Avimelekh, l&rsquo;impie. Si Avraham \u00e9tait le p\u00e8re, il n&rsquo;aurait pas pu avoir un impie comme Essav. C&rsquo;est donc bien que c&rsquo;est Avimelekh le p\u00e8re, D.ieu Pr\u00e9serve. C&rsquo;est pourquoi, la Thora trouve bon de faire taire cette railleries dans ce contexte.<\/p>\n<h4><strong>\u00ab Il (Yits&rsquo;hak) creusa des puits d&rsquo;eau \u00bb (26, 18) :<\/strong><\/h4>\n<p style=\"text-align: justify;\">Pourquoi la Thora se rallonge-t-elle tant pour parler des puits que creusa Yits&rsquo;hak ?<br \/>\nEn fait, une des le\u00e7ons que la Thora veut transmettre par ce r\u00e9cit est que quand quelqu&rsquo;un r\u00e9alise une action, si cette action \u00e9choue, il ne doit pas s&#8217;empresser d&rsquo;en conclure que cela prouve qu&rsquo;Hachem ne veut pas qu&rsquo;il fasse cette chose-l\u00e0. En effet, Yits&rsquo;hak creuse un premier puits. Cela lui cause des ennuies. Et l\u00e0, il ne se dit pas que cela montre qu&rsquo;Hachem n&rsquo;approuve pas son entreprise. Et au contraire, il creuse un deuxi\u00e8me puits. Cela lui cause encore des ennuies. Mais au lieu de baisser les bras, il creuse un troisi\u00e8me puits, qui est une r\u00e9ussite. Cela nous apprend que m\u00eame si ce que l&rsquo;on fait se confronte \u00e0 des difficult\u00e9s, on ne doit pas se d\u00e9courager et renoncer. Mais on doit se renforcer et continuer. Peut-\u00eatre qu&rsquo;Hachem veut simplement tester combien il est pr\u00eat \u00e0 se battre pour son projet ! (Rav Aharon Bakchat)<\/p>\n<h4><strong>\u00ab J&rsquo;ai fait comme tu m&rsquo;as dit \u00bb (27, 19) :<\/strong><\/h4>\n<p style=\"text-align: justify;\">Apparemment, Yaacov dit ici un mensonge \u00e0 son p\u00e8re, puisque ce dernier a parl\u00e9 \u00e0 Essav, pas \u00e0 lui !<br \/>\nEn fait, Yits&rsquo;hak a toujours eu l&rsquo;habitude d&rsquo;encourager ses enfants \u00e0 \u00e9couter leurs parents. Bien plus, pour conforter l&rsquo;harmonie dans son couple, Yits&rsquo;hak disait constamment \u00e0 ses enfants de bien respecter leur m\u00e8re et de lui ob\u00e9ir. C&rsquo;est d&rsquo;ailleurs ainsi que doit se comporter tout p\u00e8re de famille. Or l\u00e0, m\u00eame si Yits&rsquo;hak parla \u00e0 Essav pour lui demander de lui pr\u00e9parer un repas en vue de se faire b\u00e9nir, malgr\u00e9 tout, Rivka demanda \u00e0 Yaacov de prendre la place de Essav et d&rsquo;aller, lui, recevoir les b\u00e9n\u00e9dictions. Yaacov, qui \u00e9couta fid\u00e8lement les paroles de sa m\u00e8re, pouvait donc affirmer \u00e0 son p\u00e8re : \u00ab J&rsquo;ai fait comme tu m&rsquo;as dit \u00bb, c&rsquo;est \u00e0 dire j&rsquo;ai appliqu\u00e9 ce que tu m&rsquo;as toujours dit, \u00e0 savoir d&rsquo;\u00e9couter et d&rsquo;ob\u00e9ir \u00e0 ma m\u00e8re. (Ben Ich &lsquo;Ha\u00ef)<\/p>\n<h4><strong>\u00ab Que les jours de deuil de mon p\u00e8re approchent pour que je tue Yaacov mon fr\u00e8re ! \u00bb (27, 41) :<\/strong><\/h4>\n<p style=\"text-align: justify;\">Une des explications pourquoi Essav voulait attendre la mort de son p\u00e8re pour tuer Yaacov est que d&rsquo;apr\u00e8s la Thora, quelqu&rsquo;un qui perd un proche, D.ieu Pr\u00e9serve, doit appliquer pendant 7 jours les r\u00e8gles de deuil, il doit rester assis par terre, sans se laver et sans sortir de chez lui&#8230; Ainsi, si Essav tuait Yaacov, apr\u00e8s la mort de ce dernier, il devra appliquer ces lois de deuil. Puis, quand plus tard Yits&rsquo;hak mourra, il prendra de nouveau les r\u00e8gles de deuil. Mais Essav n&rsquo;\u00e9tait pas int\u00e9ress\u00e9 \u00e0 s&rsquo;endeuiller \u00e0 deux reprises, du fait de toutes les restrictions li\u00e9es au deuil. Ainsi, il projeta d&rsquo;attendre la mort d&rsquo;Yits&rsquo;hak et l\u00e0, il tuera Yaacov. Ainsi, puisque ces deux personnes seront morts en m\u00eame temps, Essav pourra se contenter de s&rsquo;endeuiller qu&rsquo;une seule fois, pour les deux. Il cherchait donc \u00e0 s&rsquo;all\u00e9ger de toutes les lois difficiles de deuil. Il ne voulait pas s&rsquo;imposer toutes ces restrictions deux fois diff\u00e9rentes. (Chakh)<\/p>\n<h3 style=\"text-align: center;\"><strong>Le coin histoire<\/strong><\/h3>\n<p style=\"text-align: justify;\">Un certain malade, en fin de vie, qui vivait de grandes souffrances (D.ieu Pr\u00e9serve), \u00e9tait reli\u00e9 \u00e0 des appareils pour le maintenir en vie. Son m\u00e9decin, voyant les terribles souffrances qu&rsquo;il subissait, d\u00e9cida de le d\u00e9brancher, sachant qu&rsquo;il n&rsquo;avait plus d&rsquo;espoir de gu\u00e9rir.<br \/>\nIl souhaitait ainsi mettre fin \u00e0 ses souffrances. Peu de temps apr\u00e8s, l&rsquo;homme rendit l&rsquo;\u00e2me. Quelques jours plus tard, ce malade apparut en r\u00eave \u00e0 son m\u00e9decin. Il lui r\u00e9v\u00e9la qu&rsquo;il devait rester vivant encore 4 jours, branch\u00e9 aux appareils. Il devait encore supporter de dures souffrances pendant ces 4 jours. Puis, il devait mourir et aller directement au paradis : toutes ses souffrances l&rsquo;auraient nettoy\u00e9 de toutes ses fautes. Mais \u00e0 pr\u00e9sent que le m\u00e9decin l&rsquo;a d\u00e9branch\u00e9, il lui manquait ces 4 jours de peine dans ce monde. Et il ne sait pas combien de temps il lui faudra \u00e0 pr\u00e9sent souffrir dans l&rsquo;autre monde pour finir cette expiation ! Le m\u00e9decin se r\u00e9veilla en stupeur. Ce r\u00eave qui lui montra le Jugement Divin pour les fautes commises le remua tellement qu&rsquo;il d\u00e9cida de se repentir et de revenir \u00e0 la Thora.<br \/>\nCe r\u00e9cit montre combien les souffrances dans ce monde expie les fautes. Bien plus, peu de souffrances ici-bas \u00e9pargnent de beaucoup dans l&rsquo;autre monde. La connaissance de cela doit nous aider \u00e0 accepter les \u00e9preuves avec joie, conscients de leurs bienfaits.<\/p>\n<h3 style=\"text-align: center;\"><strong>Le coin &lsquo;Hizouk<\/strong><\/h3>\n<p style=\"text-align: justify;\">Quelqu&rsquo;un qui a commis des fautes, ne doit pas penser devoir d&rsquo;abord corriger le mal par des je\u00fbnes et des mortifications, et seulement apr\u00e8s, il pourra servir Hachem par les Mitsvot. Car dans son id\u00e9e, comment oserait-il servir Hachem en \u00e9tant aussi sali par ses fautes ?!<br \/>\nCette pens\u00e9e est fausse ! En accomplissant d\u00e8s le d\u00e9but les Mitsvot, cela lui donnera les forces de se repentir compl\u00e8tement. (Z\u00e9ra Yaacov)<\/p>\n<h3 style=\"text-align: center;\"><strong>Le coin \u00e9tude<\/strong><\/h3>\n<p style=\"text-align: justify;\">Quand Yits&rsquo;hak appela son fils Essav pour lui dire qu&rsquo;il va le b\u00e9nir, Rivka envoya Yaacov recevoir les b\u00e9n\u00e9dictions \u00e0 sa place. Mais pourquoi les \u00e9v\u00e9nements devaient se d\u00e9rouler de fa\u00e7on tortueuse ? Pourquoi Yaacov devait-il recevoir les b\u00e9n\u00e9dictions de son p\u00e8re sans sa conscience, de fa\u00e7on d\u00e9tourn\u00e9e, et pas de fa\u00e7on droite et claire ? (Pr\u00e9cisons juste que ces b\u00e9n\u00e9dictions-l\u00e0 \u00e9taient surtout des b\u00e9n\u00e9dictions mat\u00e9rielles). De nombreuses r\u00e9ponses ont \u00e9t\u00e9 propos\u00e9es \u00e0 cette question, nous allons en citer quelques-unes.<br \/>\nTout d&rsquo;abord, le Divr\u00e9 &lsquo;Ha\u00efm explique qu&rsquo;Hachem souhaitait que Yits&rsquo;hak b\u00e9nisse Yaacov en m\u00eame temps qu&rsquo;il pense s&rsquo;adresser \u00e0 Essav. En effet, ce n&rsquo;est pas seulement Yaacov qui allait se faire b\u00e9nir par Yits&rsquo;hak, mais c&rsquo;est tout le peuple d&rsquo;Isra\u00ebl \u00e0 travers lui. Or, dans le futur, il arrivera que certains Juifs ne soient pas \u00e0 la hauteur de cette b\u00e9n\u00e9diction, ne suivant pas le chemin de la Thora. Pour que m\u00eame ces Juifs \u00e9loign\u00e9s soient aussi b\u00e9nis, il fallait qu&rsquo;Yits&rsquo;hak b\u00e9nisse Yaacov en pensant qu&rsquo;il s&rsquo;agissait d&rsquo;Essav. Car ainsi, il adressait ces b\u00e9n\u00e9dictions \u00e0 Essav. Et comme bien-s\u00fbr, tous les Juifs, m\u00eame les plus impies, sont mieux qu&rsquo;Essav, ainsi en b\u00e9nissant Yaacov, en pensant s&rsquo;adresser \u00e0 Essav, par cela, m\u00eame les Juifs pouvant s&rsquo;apparenter \u00e0 Essav pourront recevoir cette b\u00e9n\u00e9diction.<br \/>\nLe Chem Michemouel de son c\u00f4t\u00e9 se base sur les paroles de nos Sages selon lesquelles la Pr\u00e9sence Divine ne repose sur un homme que s&rsquo;il est joyeux. Car aucune tristesse ne se trouve aupr\u00e8s d&rsquo;Hachem. Ainsi, certes c&rsquo;est Yaacov qui devait recevoir les b\u00e9n\u00e9dictions.<br \/>\nSeulement, Yits&rsquo;hak voulait b\u00e9nir Essav, son premier-n\u00e9, qu&rsquo;il pensait \u00eatre un homme juste (Essav r\u00e9ussit \u00e0 lui faire croire cela). Pour que Yits&rsquo;hak change d&rsquo;avis et renonce \u00e0 b\u00e9nir Essav au profit de Yaacov, il fallait pour cela qu&rsquo;il apprenne que Essav \u00e9tait un impie et qu&rsquo;il ne m\u00e9ritait pas ces b\u00e9n\u00e9dictions. Or, il est clair que cette connaissance allait lui occasionner une profonde tristesse. Mais alors, m\u00eame s&rsquo;il d\u00e9cidera de ce fait de b\u00e9nir Yaacov, cette b\u00e9n\u00e9diction sera prononc\u00e9e avec des sentiments de peine, du fait de sa connaissance de la m\u00e9chancet\u00e9 de Essav. C&rsquo;est pourquoi, Hachem pr\u00e9f\u00e9ra lui cachait la v\u00e9rit\u00e9 sur Essav, de sorte que Yits&rsquo;hak pense qu&rsquo;Essav est un juste et s&rsquo;en r\u00e9jouisse. Mais alors, il fallait que Yaacov vienne \u00e0 son insu, et c&rsquo;est ainsi qu&rsquo;il put recevoir une b\u00e9n\u00e9diction dite avec joie par son p\u00e8re, qui continuait \u00e0 croire qu&rsquo;il b\u00e9nissait Essav pensant qu&rsquo;il \u00e9tait un homme juste. Et par cela, cette b\u00e9n\u00e9diction pouvait \u00eatre d&rsquo;un niveau de proph\u00e9tie tr\u00e8s \u00e9lev\u00e9.<br \/>\nLe Assoufat Maarakhot quant \u00e0 lui explique qu&rsquo;en v\u00e9rit\u00e9 Essav aussi devait \u00eatre bien. En fait, Yaacov et Essav devaient se partager le Service Divin. Yaacov devait s&rsquo;investir dans l&rsquo;\u00e9tude, dans le spirituel. Et Essav devait allait dans le monde ext\u00e9rieur pour y accomplir les Mitsvot et raffiner le monde. Mais Essav \u00e9choua et au lieu d&rsquo;\u00e9lever le monde mat\u00e9riel, il y sombra. A pr\u00e9sent, il fallait quelqu&rsquo;un pour le remplacer dans ce travail avec le monde ext\u00e9rieur. C&rsquo;est Yaacov qui prit sur lui ce r\u00f4le. La b\u00e9n\u00e9diction d&rsquo;Yits&rsquo;hak visait \u00e0 donner des forces \u00e0 ses enfants pour r\u00e9aliser leurs missions. C&rsquo;est ainsi qu&rsquo;\u00e0 la fin de la Paracha, Yits&rsquo;hak b\u00e9nit Yaacov par les b\u00e9n\u00e9dictions d&rsquo;Avraham, qui \u00e9taient spirituelles, pour r\u00e9aliser son travail dans le monde spirituel. Mais, il voulait donner \u00e0 Essav des b\u00e9n\u00e9dictions mat\u00e9rielles pour sa mission dans le monde mat\u00e9riel, car il pensait que ce r\u00f4le revenait \u00e0 Essav. Mais comme ce dernier \u00e9choua et c&rsquo;est Yaacov qui le rempla\u00e7a, c&rsquo;est ce dernier qui devait aller recevoir ces b\u00e9n\u00e9dictions pour sa nouvelle mission (v\u00eatu des habits d&rsquo;Essav&#8230;). Mais comme il n&rsquo;avait pas encore fait ses preuves dans le monde mat\u00e9riel, ces b\u00e9n\u00e9dictions ne pouvaient pas encore lui revenir de droit, car il ne les m\u00e9ritait pas encore. Il les re\u00e7ut donc dans de fa\u00e7on d\u00e9tourn\u00e9e, le temps qu&rsquo;il r\u00e9alise sa nouvelle mission dans le monde ext\u00e9rieur, chez Lavan, et qu&rsquo;il valide ainsi ces b\u00e9n\u00e9dictions. C&rsquo;est ainsi que quand il revint de ce s\u00e9jour, l&rsquo;ange d&rsquo;Essav lui reconna\u00eetra ces b\u00e9n\u00e9dictions comme lui revenant de droit. C&rsquo;est \u00e0 ce moment qu&rsquo;il les re\u00e7ut de fa\u00e7on droite et claire.<br \/>\nEnfin, le Metsa&rsquo;h Aharon explique que Yaacov avait choisi de vivre uniquement pour le monde futur. Et pour cela, il avait aussi besoin de b\u00e9n\u00e9dictions mat\u00e9rielles, car beaucoup de Mitsvot n\u00e9cessitent des moyens mat\u00e9riels. Seulement, l&rsquo;opulence contient le risque de d\u00e9vier l&rsquo;homme vers les plaisirs et l&rsquo;orgueil. Malgr\u00e9 tout, nos Sages enseignent que quand les Juifs se d\u00e9tournent, Hachem \u00e9veille la haine d&rsquo;Essav contre eux, pour que ces malheurs les poussent \u00e0 se repentir. Ainsi, pour que Yaacov re\u00e7oive les b\u00e9n\u00e9dictions mat\u00e9rielles de son p\u00e8re sans risque, il fallait pr\u00e9voir qu&rsquo;en cas de d\u00e9viation, Essav soit pr\u00eat \u00e0 le faire souffrir. Et pour cela, il fallait qu&rsquo;Essav ait une raison logique de hair Isra\u00ebl. C&rsquo;est pourquoi, Hachem planifia que Yits&rsquo;hak promette \u00e0 Essav ses b\u00e9n\u00e9dictions. Ainsi, quand finalement c&rsquo;est Yaacov qui les r\u00e9cup\u00e9rera en cachette, Essav ha\u00efra son fr\u00e8re. De cette fa\u00e7on, non seulement Isra\u00ebl recevra les b\u00e9n\u00e9dictions, mais en plus, la haine de Essav sera \u00e9veill\u00e9e, pour neutraliser le risque de d\u00e9viance d&rsquo;Isra\u00ebl du fait des b\u00e9n\u00e9dictions.<\/p>\n<h3 style=\"text-align: center;\"><strong>Le coin Halakha<\/strong><\/h3>\n<p style=\"text-align: justify;\">Si de la viande touche du fromage \u00e0 froid, les deux seront autoris\u00e9s. Il faudra n\u00e9anmoins rincer l&rsquo;endroit du contact. Malgr\u00e9 tout, il sera interdit \u00e0 priori de faire toucher de la viande avec du fromage, car on craint qu&rsquo;il mange de l&rsquo;un d&rsquo;entre eux et qu&rsquo;il oublie de le rincer. Bien plus, il sera aussi interdit de faire toucher du pain avec de la viande, car on craint qu&rsquo;il mange de ce pain avec du laitage.<br \/>\nEt inversement, on ne fera pas non plus toucher du pain avec du fromage. Si de la viande touche du fromage et qu&rsquo;ils sont chauds (au moins 45\u00b0) ou que seul l&rsquo;un d&rsquo;entre eux est chaud, et que celui qui est chaud se trouve sous celui qui est froid, la r\u00e8gle est que c&rsquo;est ce qui est en dessous qui domine et on consid\u00e8re alors que tout est chaud. C&rsquo;est pourquoi, si cette viande et ce fromage sont dans de l&rsquo;eau chaude (dans une casserole par exemple), tout sera interdit (s&rsquo;il n&rsquo;y a pas 60 fois plus de l&rsquo;un par rapport \u00e0 l&rsquo;autre). Mais s&rsquo;ils ne sont pas dans de l&rsquo;eau et que tout est sec, alors pour les Sefarades, il faudra enlever 2cm de chacun \u00e0 l&rsquo;endroit du contact. Mais si la viande ou le fromage est gras, tout sera interdit. Et pour les Achk\u00e9nases, tout sera interdit dans tous les cas, car on craint toujours que l&rsquo;un d&rsquo;entre eux peut \u00eatre gras. Le cas o\u00f9 celui d&rsquo;en dessous est froid sera trait\u00e9 la semaine prochaine, avec l&rsquo;Aide d&rsquo;Hachem.<\/p>\n<h3 style=\"text-align: center;\"><strong>Le coin Question<\/strong><\/h3>\n<p style=\"text-align: justify;\">On ne commence \u00e0 demander la pluie dans la Amida (en disant Barekh Al\u00e9nou) qu&rsquo;\u00e0 partir du 7 &lsquo;Hechvan (en Isra\u00ebl), soit 2 semaines apr\u00e8s la fin de Soukot. C&rsquo;est pour laisser le temps \u00e0 ceux qui sont mont\u00e9s \u00e0 Y\u00e9rouchala\u00efm pour la f\u00eate, de rentrer chez eux avant que ne tombe la pluie, pour ne pas qu&rsquo;ils soient d\u00e9rang\u00e9s par la pluie sur leur route (\u00e0 l&rsquo;\u00e9poque du Temple, tous devaient monter au Temple pour chaque f\u00eate).<br \/>\n<strong><u>Question :<\/u><\/strong> D&rsquo;apr\u00e8s cela, pourquoi demandons-nous la pluie jusqu&rsquo;au premier jour de Pessa&rsquo;h ? On aurait d\u00fb arr\u00eater de la demander deux semaines avant Pessa&rsquo;h, pour qu&rsquo;il arr\u00eate de pleuvoir quand les gens montent \u00e0 Y\u00e9rouchala\u00efm pour Pessa&rsquo;h !<br \/>\n<strong><u>R\u00e9ponse :<\/u><\/strong> Quand les gens montent \u00e0 Y\u00e9rouchala\u00efm au Temple (pour Pessa&rsquo;h), il n&rsquo;est pas d\u00e9rangeant qu&rsquo;ils s&rsquo;y rendent sous la pluie, car c&rsquo;est une Mitsva de se rendre dans les lieux de pri\u00e8re (et encore plus au Temple), peu importe les intemp\u00e9ries. Quand on fait l&rsquo;effort de s&rsquo;y rendre sous la pluie, la Mitsva ne s&rsquo;en trouve qu&rsquo;augment\u00e9e. Mais, il n&rsquo;en est pas de m\u00eame quand on quitte le Temple pour retourner chez soi, apr\u00e8s Soukot. Il n&rsquo;y a aucune valeur particuli\u00e8re de rentrer chez soi sous la pluie, apr\u00e8s avoir quitt\u00e9 le Temple. (Rabbi &lsquo;Ha\u00efm Kaniewski)<\/p>\n<hr \/>\n<p><strong>Chabbat Chalom !<\/strong><\/p>\n","protected":false},"excerpt":{"rendered":"<p>Paracha Tol\u00e9dot \/ \u05e4\u05e8\u05e9\u05d4 \u05ea\u05d5\u05dc\u05d3\u05d5\u05ea 29\/30 novembre 2019 &#8211; 2 Kislev 5780 \/ \u05d1&rsquo; \u05db\u05e1\u05dc\u05d5 \u05d4-\u05ea\u05e9&rsquo;\u05e3 D\u00e9but : 16h39 &#8211; Fin : 17h51 Les Horaires : Vendredi soir : 16h35 : Allumage des bougies et entr\u00e9e de Chabbat (heure maximum pour l&rsquo;allumage : 16h39) 16h30 : Min&rsquo;ha, suivi d&rsquo;un cours de Hala&rsquo;hot 17h45 : Chir &hellip; <\/p>\n<p><a class=\"more-link btn\" href=\"https:\/\/acjbb-sud.org\/index.php\/2019\/11\/27\/chabbat-toledot-5780\/\">Lire la suite<\/a><\/p>\n","protected":false},"author":1,"featured_media":2195,"comment_status":"open","ping_status":"open","sticky":false,"template":"","format":"standard","meta":{"jetpack_post_was_ever_published":false,"_jetpack_newsletter_access":"","_jetpack_dont_email_post_to_subs":false,"_jetpack_newsletter_tier_id":0,"_jetpack_memberships_contains_paywalled_content":false,"_jetpack_memberships_contains_paid_content":false,"footnotes":"","jetpack_publicize_message":"","jetpack_publicize_feature_enabled":true,"jetpack_social_post_already_shared":true,"jetpack_social_options":{"image_generator_settings":{"template":"highway","default_image_id":0,"font":"","enabled":false},"version":2}},"categories":[3],"tags":[47,126],"class_list":["post-3210","post","type-post","status-publish","format-standard","has-post-thumbnail","hentry","category-chabbat","tag-chabbat","tag-toledot","item-wrap"],"yoast_head":"<!-- This site is optimized with the Yoast SEO plugin v26.6 - https:\/\/yoast.com\/wordpress\/plugins\/seo\/ -->\n<title>Chabbat Toledot - Synagogue ACJBB Boulogne Sud<\/title>\n<meta name=\"robots\" content=\"index, follow, max-snippet:-1, max-image-preview:large, max-video-preview:-1\" \/>\n<link rel=\"canonical\" href=\"https:\/\/acjbb-sud.org\/index.php\/2019\/11\/27\/chabbat-toledot-5780\/\" \/>\n<meta property=\"og:locale\" content=\"fr_FR\" \/>\n<meta property=\"og:type\" content=\"article\" \/>\n<meta property=\"og:title\" content=\"Chabbat Toledot - Synagogue ACJBB Boulogne Sud\" \/>\n<meta property=\"og:description\" content=\"Paracha Tol\u00e9dot \/ \u05e4\u05e8\u05e9\u05d4 \u05ea\u05d5\u05dc\u05d3\u05d5\u05ea 29\/30 novembre 2019 &#8211; 2 Kislev 5780 \/ \u05d1&rsquo; \u05db\u05e1\u05dc\u05d5 \u05d4-\u05ea\u05e9&rsquo;\u05e3 D\u00e9but : 16h39 &#8211; Fin : 17h51 Les Horaires : Vendredi soir : 16h35 : Allumage des bougies et entr\u00e9e de Chabbat (heure maximum pour l&rsquo;allumage : 16h39) 16h30 : Min&rsquo;ha, suivi d&rsquo;un cours de Hala&rsquo;hot 17h45 : Chir &hellip; Lire la suite\" \/>\n<meta property=\"og:url\" content=\"https:\/\/acjbb-sud.org\/index.php\/2019\/11\/27\/chabbat-toledot-5780\/\" \/>\n<meta property=\"og:site_name\" content=\"Synagogue ACJBB Boulogne Sud\" \/>\n<meta property=\"article:published_time\" content=\"2019-11-27T11:30:05+00:00\" \/>\n<meta property=\"article:modified_time\" content=\"2019-11-28T21:44:00+00:00\" \/>\n<meta property=\"og:image\" content=\"https:\/\/acjbb-sud.org\/wp-content\/uploads\/2018\/10\/ACJBB-Sud-Chabbat-halots-bougies-vin-600-logos-v2.jpg\" \/>\n\t<meta property=\"og:image:width\" content=\"615\" \/>\n\t<meta property=\"og:image:height\" content=\"433\" \/>\n\t<meta property=\"og:image:type\" content=\"image\/jpeg\" \/>\n<meta name=\"author\" content=\"AcjbbSud\" \/>\n<meta name=\"twitter:card\" content=\"summary_large_image\" \/>\n<meta name=\"twitter:label1\" content=\"\u00c9crit par\" \/>\n\t<meta name=\"twitter:data1\" content=\"AcjbbSud\" \/>\n\t<meta name=\"twitter:label2\" content=\"Dur\u00e9e de lecture estim\u00e9e\" \/>\n\t<meta name=\"twitter:data2\" content=\"25 minutes\" \/>\n<script type=\"application\/ld+json\" class=\"yoast-schema-graph\">{\"@context\":\"https:\/\/schema.org\",\"@graph\":[{\"@type\":\"WebPage\",\"@id\":\"https:\/\/acjbb-sud.org\/index.php\/2019\/11\/27\/chabbat-toledot-5780\/\",\"url\":\"https:\/\/acjbb-sud.org\/index.php\/2019\/11\/27\/chabbat-toledot-5780\/\",\"name\":\"Chabbat Toledot - Synagogue ACJBB Boulogne Sud\",\"isPartOf\":{\"@id\":\"https:\/\/acjbb-sud.org\/#website\"},\"primaryImageOfPage\":{\"@id\":\"https:\/\/acjbb-sud.org\/index.php\/2019\/11\/27\/chabbat-toledot-5780\/#primaryimage\"},\"image\":{\"@id\":\"https:\/\/acjbb-sud.org\/index.php\/2019\/11\/27\/chabbat-toledot-5780\/#primaryimage\"},\"thumbnailUrl\":\"https:\/\/acjbb-sud.org\/wp-content\/uploads\/2018\/10\/ACJBB-Sud-Chabbat-halots-bougies-vin-600-logos-v2.jpg\",\"datePublished\":\"2019-11-27T11:30:05+00:00\",\"dateModified\":\"2019-11-28T21:44:00+00:00\",\"author\":{\"@id\":\"https:\/\/acjbb-sud.org\/#\/schema\/person\/adc8f09fb72c9d0dc78509106dc5e9f0\"},\"breadcrumb\":{\"@id\":\"https:\/\/acjbb-sud.org\/index.php\/2019\/11\/27\/chabbat-toledot-5780\/#breadcrumb\"},\"inLanguage\":\"fr-FR\",\"potentialAction\":[{\"@type\":\"ReadAction\",\"target\":[\"https:\/\/acjbb-sud.org\/index.php\/2019\/11\/27\/chabbat-toledot-5780\/\"]}]},{\"@type\":\"ImageObject\",\"inLanguage\":\"fr-FR\",\"@id\":\"https:\/\/acjbb-sud.org\/index.php\/2019\/11\/27\/chabbat-toledot-5780\/#primaryimage\",\"url\":\"https:\/\/acjbb-sud.org\/wp-content\/uploads\/2018\/10\/ACJBB-Sud-Chabbat-halots-bougies-vin-600-logos-v2.jpg\",\"contentUrl\":\"https:\/\/acjbb-sud.org\/wp-content\/uploads\/2018\/10\/ACJBB-Sud-Chabbat-halots-bougies-vin-600-logos-v2.jpg\",\"width\":615,\"height\":433},{\"@type\":\"BreadcrumbList\",\"@id\":\"https:\/\/acjbb-sud.org\/index.php\/2019\/11\/27\/chabbat-toledot-5780\/#breadcrumb\",\"itemListElement\":[{\"@type\":\"ListItem\",\"position\":1,\"name\":\"Accueil\",\"item\":\"https:\/\/acjbb-sud.org\/\"},{\"@type\":\"ListItem\",\"position\":2,\"name\":\"Chabbat Toledot\"}]},{\"@type\":\"WebSite\",\"@id\":\"https:\/\/acjbb-sud.org\/#website\",\"url\":\"https:\/\/acjbb-sud.org\/\",\"name\":\"Synagogue ACJBB Boulogne Sud\",\"description\":\"Synagogue \/ Association Communautaire Juive de Boulogne Billancourt (Sud)\",\"potentialAction\":[{\"@type\":\"SearchAction\",\"target\":{\"@type\":\"EntryPoint\",\"urlTemplate\":\"https:\/\/acjbb-sud.org\/?s={search_term_string}\"},\"query-input\":{\"@type\":\"PropertyValueSpecification\",\"valueRequired\":true,\"valueName\":\"search_term_string\"}}],\"inLanguage\":\"fr-FR\"},{\"@type\":\"Person\",\"@id\":\"https:\/\/acjbb-sud.org\/#\/schema\/person\/adc8f09fb72c9d0dc78509106dc5e9f0\",\"name\":\"AcjbbSud\",\"image\":{\"@type\":\"ImageObject\",\"inLanguage\":\"fr-FR\",\"@id\":\"https:\/\/acjbb-sud.org\/#\/schema\/person\/image\/\",\"url\":\"https:\/\/secure.gravatar.com\/avatar\/ea30fe7a8231c8c0bf30066f86006714af7be34ba414543eaab3e453b92901aa?s=96&d=mm&r=g\",\"contentUrl\":\"https:\/\/secure.gravatar.com\/avatar\/ea30fe7a8231c8c0bf30066f86006714af7be34ba414543eaab3e453b92901aa?s=96&d=mm&r=g\",\"caption\":\"AcjbbSud\"},\"url\":\"https:\/\/acjbb-sud.org\/index.php\/author\/acjbbsud\/\"}]}<\/script>\n<!-- \/ Yoast SEO plugin. -->","yoast_head_json":{"title":"Chabbat Toledot - Synagogue ACJBB Boulogne Sud","robots":{"index":"index","follow":"follow","max-snippet":"max-snippet:-1","max-image-preview":"max-image-preview:large","max-video-preview":"max-video-preview:-1"},"canonical":"https:\/\/acjbb-sud.org\/index.php\/2019\/11\/27\/chabbat-toledot-5780\/","og_locale":"fr_FR","og_type":"article","og_title":"Chabbat Toledot - Synagogue ACJBB Boulogne Sud","og_description":"Paracha Tol\u00e9dot \/ \u05e4\u05e8\u05e9\u05d4 \u05ea\u05d5\u05dc\u05d3\u05d5\u05ea 29\/30 novembre 2019 &#8211; 2 Kislev 5780 \/ \u05d1&rsquo; \u05db\u05e1\u05dc\u05d5 \u05d4-\u05ea\u05e9&rsquo;\u05e3 D\u00e9but : 16h39 &#8211; Fin : 17h51 Les Horaires : Vendredi soir : 16h35 : Allumage des bougies et entr\u00e9e de Chabbat (heure maximum pour l&rsquo;allumage : 16h39) 16h30 : Min&rsquo;ha, suivi d&rsquo;un cours de Hala&rsquo;hot 17h45 : Chir &hellip; Lire la suite","og_url":"https:\/\/acjbb-sud.org\/index.php\/2019\/11\/27\/chabbat-toledot-5780\/","og_site_name":"Synagogue ACJBB Boulogne Sud","article_published_time":"2019-11-27T11:30:05+00:00","article_modified_time":"2019-11-28T21:44:00+00:00","og_image":[{"width":615,"height":433,"url":"https:\/\/acjbb-sud.org\/wp-content\/uploads\/2018\/10\/ACJBB-Sud-Chabbat-halots-bougies-vin-600-logos-v2.jpg","type":"image\/jpeg"}],"author":"AcjbbSud","twitter_card":"summary_large_image","twitter_misc":{"\u00c9crit par":"AcjbbSud","Dur\u00e9e de lecture estim\u00e9e":"25 minutes"},"schema":{"@context":"https:\/\/schema.org","@graph":[{"@type":"WebPage","@id":"https:\/\/acjbb-sud.org\/index.php\/2019\/11\/27\/chabbat-toledot-5780\/","url":"https:\/\/acjbb-sud.org\/index.php\/2019\/11\/27\/chabbat-toledot-5780\/","name":"Chabbat Toledot - Synagogue ACJBB Boulogne Sud","isPartOf":{"@id":"https:\/\/acjbb-sud.org\/#website"},"primaryImageOfPage":{"@id":"https:\/\/acjbb-sud.org\/index.php\/2019\/11\/27\/chabbat-toledot-5780\/#primaryimage"},"image":{"@id":"https:\/\/acjbb-sud.org\/index.php\/2019\/11\/27\/chabbat-toledot-5780\/#primaryimage"},"thumbnailUrl":"https:\/\/acjbb-sud.org\/wp-content\/uploads\/2018\/10\/ACJBB-Sud-Chabbat-halots-bougies-vin-600-logos-v2.jpg","datePublished":"2019-11-27T11:30:05+00:00","dateModified":"2019-11-28T21:44:00+00:00","author":{"@id":"https:\/\/acjbb-sud.org\/#\/schema\/person\/adc8f09fb72c9d0dc78509106dc5e9f0"},"breadcrumb":{"@id":"https:\/\/acjbb-sud.org\/index.php\/2019\/11\/27\/chabbat-toledot-5780\/#breadcrumb"},"inLanguage":"fr-FR","potentialAction":[{"@type":"ReadAction","target":["https:\/\/acjbb-sud.org\/index.php\/2019\/11\/27\/chabbat-toledot-5780\/"]}]},{"@type":"ImageObject","inLanguage":"fr-FR","@id":"https:\/\/acjbb-sud.org\/index.php\/2019\/11\/27\/chabbat-toledot-5780\/#primaryimage","url":"https:\/\/acjbb-sud.org\/wp-content\/uploads\/2018\/10\/ACJBB-Sud-Chabbat-halots-bougies-vin-600-logos-v2.jpg","contentUrl":"https:\/\/acjbb-sud.org\/wp-content\/uploads\/2018\/10\/ACJBB-Sud-Chabbat-halots-bougies-vin-600-logos-v2.jpg","width":615,"height":433},{"@type":"BreadcrumbList","@id":"https:\/\/acjbb-sud.org\/index.php\/2019\/11\/27\/chabbat-toledot-5780\/#breadcrumb","itemListElement":[{"@type":"ListItem","position":1,"name":"Accueil","item":"https:\/\/acjbb-sud.org\/"},{"@type":"ListItem","position":2,"name":"Chabbat Toledot"}]},{"@type":"WebSite","@id":"https:\/\/acjbb-sud.org\/#website","url":"https:\/\/acjbb-sud.org\/","name":"Synagogue ACJBB Boulogne Sud","description":"Synagogue \/ Association Communautaire Juive de Boulogne Billancourt (Sud)","potentialAction":[{"@type":"SearchAction","target":{"@type":"EntryPoint","urlTemplate":"https:\/\/acjbb-sud.org\/?s={search_term_string}"},"query-input":{"@type":"PropertyValueSpecification","valueRequired":true,"valueName":"search_term_string"}}],"inLanguage":"fr-FR"},{"@type":"Person","@id":"https:\/\/acjbb-sud.org\/#\/schema\/person\/adc8f09fb72c9d0dc78509106dc5e9f0","name":"AcjbbSud","image":{"@type":"ImageObject","inLanguage":"fr-FR","@id":"https:\/\/acjbb-sud.org\/#\/schema\/person\/image\/","url":"https:\/\/secure.gravatar.com\/avatar\/ea30fe7a8231c8c0bf30066f86006714af7be34ba414543eaab3e453b92901aa?s=96&d=mm&r=g","contentUrl":"https:\/\/secure.gravatar.com\/avatar\/ea30fe7a8231c8c0bf30066f86006714af7be34ba414543eaab3e453b92901aa?s=96&d=mm&r=g","caption":"AcjbbSud"},"url":"https:\/\/acjbb-sud.org\/index.php\/author\/acjbbsud\/"}]}},"jetpack_publicize_connections":[],"jetpack_featured_media_url":"https:\/\/acjbb-sud.org\/wp-content\/uploads\/2018\/10\/ACJBB-Sud-Chabbat-halots-bougies-vin-600-logos-v2.jpg","jetpack_sharing_enabled":true,"jetpack_shortlink":"https:\/\/wp.me\/p7sjOI-PM","jetpack_likes_enabled":true,"_links":{"self":[{"href":"https:\/\/acjbb-sud.org\/index.php\/wp-json\/wp\/v2\/posts\/3210","targetHints":{"allow":["GET"]}}],"collection":[{"href":"https:\/\/acjbb-sud.org\/index.php\/wp-json\/wp\/v2\/posts"}],"about":[{"href":"https:\/\/acjbb-sud.org\/index.php\/wp-json\/wp\/v2\/types\/post"}],"author":[{"embeddable":true,"href":"https:\/\/acjbb-sud.org\/index.php\/wp-json\/wp\/v2\/users\/1"}],"replies":[{"embeddable":true,"href":"https:\/\/acjbb-sud.org\/index.php\/wp-json\/wp\/v2\/comments?post=3210"}],"version-history":[{"count":6,"href":"https:\/\/acjbb-sud.org\/index.php\/wp-json\/wp\/v2\/posts\/3210\/revisions"}],"predecessor-version":[{"id":3223,"href":"https:\/\/acjbb-sud.org\/index.php\/wp-json\/wp\/v2\/posts\/3210\/revisions\/3223"}],"wp:featuredmedia":[{"embeddable":true,"href":"https:\/\/acjbb-sud.org\/index.php\/wp-json\/wp\/v2\/media\/2195"}],"wp:attachment":[{"href":"https:\/\/acjbb-sud.org\/index.php\/wp-json\/wp\/v2\/media?parent=3210"}],"wp:term":[{"taxonomy":"category","embeddable":true,"href":"https:\/\/acjbb-sud.org\/index.php\/wp-json\/wp\/v2\/categories?post=3210"},{"taxonomy":"post_tag","embeddable":true,"href":"https:\/\/acjbb-sud.org\/index.php\/wp-json\/wp\/v2\/tags?post=3210"}],"curies":[{"name":"wp","href":"https:\/\/api.w.org\/{rel}","templated":true}]}}