{"id":3226,"date":"2019-12-03T15:16:47","date_gmt":"2019-12-03T14:16:47","guid":{"rendered":"https:\/\/acjbb-sud.org\/?p=3226"},"modified":"2019-12-05T21:37:56","modified_gmt":"2019-12-05T20:37:56","slug":"chabbat-vayetse-5780","status":"publish","type":"post","link":"https:\/\/acjbb-sud.org\/index.php\/2019\/12\/03\/chabbat-vayetse-5780\/","title":{"rendered":"Chabbat Vayets\u00e9"},"content":{"rendered":"<h3 style=\"text-align: center; padding-left: 30px;\"><strong>Paracha Vayets\u00e9 \/ <span dir=\"RTL\" lang=\"HE\">\u05e4\u05e8\u05e9\u05d4 \u05d5\u05d9\u05e6\u05d0<\/span><\/strong><\/h3>\n<h4 style=\"text-align: center;\"><strong>6\/7 d\u00e9cembre 2019 &#8211; 9 Kislev 5780 \/ <span dir=\"RTL\" lang=\"HE\">\u05d8&rsquo; \u05db\u05e1\u05dc\u05d5 \u05d4-\u05ea\u05e9&rsquo;\u05e3<\/span><\/strong><\/h4>\n<h4 style=\"text-align: center;\"><em><strong>D\u00e9but : 16h36 &#8211; Fin : 17h49<\/strong><\/em><\/h4>\n<p style=\"text-align: justify;\"><img loading=\"lazy\" decoding=\"async\" class=\"wp-image-2195 size-full aligncenter\" src=\"https:\/\/acjbb-sud.org\/wp-content\/uploads\/2018\/10\/ACJBB-Sud-Chabbat-halots-bougies-vin-600-logos-v2.jpg\" alt=\"\" width=\"615\" height=\"433\" srcset=\"https:\/\/acjbb-sud.org\/wp-content\/uploads\/2018\/10\/ACJBB-Sud-Chabbat-halots-bougies-vin-600-logos-v2.jpg 615w, https:\/\/acjbb-sud.org\/wp-content\/uploads\/2018\/10\/ACJBB-Sud-Chabbat-halots-bougies-vin-600-logos-v2-300x211.jpg 300w\" sizes=\"auto, (max-width: 615px) 100vw, 615px\" \/><\/p>\n<h3><strong><span style=\"text-decoration: underline;\">Les Horaires :<\/span> <\/strong><\/h3>\n<p><em><strong>Vendredi soir :<\/strong><\/em><br \/>\n<strong>16h30<\/strong> : Allumage des bougies et entr\u00e9e de Chabbat (heure maximum pour l&rsquo;allumage : <span style=\"color: #ff0000;\"><strong>16h36<\/strong><\/span>)<br \/>\n<strong>16h30<\/strong> : Min&rsquo;ha, suivi d&rsquo;un cours de Hala&rsquo;hot<br \/>\n<strong>17h45<\/strong> : Chir haChirim, suivi de Kabbalat Chabbat et Arvit<br \/>\nD\u2019var Thora par le <strong>Rav Mika\u00ebl MOUYAL<\/strong><\/p>\n<p><strong><em>Samedi matin :<\/em><\/strong><br \/>\n<strong>09h00<\/strong> : Cha\u2019harit<br \/>\nL\u2019office sera suivi d\u2019un kiddouch communautaire<br \/>\nApr\u00e8s l\u2019office, cours mixte sur la Paracha par le <strong>Rabbin Mickael MOUYAL<\/strong><\/p>\n<p><em><strong>Samedi apr\u00e8s-midi :<\/strong><\/em><br \/>\n<strong>16h00<\/strong> : T\u00e9hilim &#8211; Lecture collective des T\u00e9hilim &#8211; Alpha\/Beta<br \/>\n<strong>16h15<\/strong> : Min\u2019ha Suivi de la S\u00e9ouda Ch\u00e9lichit, des chants de Chabbat et du D\u2019var Thora par le <strong>Rav Mika\u00ebl MOUYAL<\/strong><br \/>\nLa S\u00e9ouda Ch\u00e9lichit est offerte par le <strong>Rabbin Mickael MOUYAL<\/strong> et son \u00e9pouse la <strong>Rabbanite Yiska Hadassa<\/strong> pour une S\u00e9oudate Odaya. Puisse Hachem b\u00e9nir et prot\u00e9ger toute la famille <strong>MOUYAL<\/strong>.<br \/>\n<strong>16h54<\/strong> : Shquiya \/ <span dir=\"RTL\" lang=\"HE\">\u05e9\u05e7\u05e2\u05ea \u05d4\u05d7\u05de\u05d4<\/span><\/p>\n<p><strong><em>Samedi soir :<\/em><\/strong><br \/>\n<strong>17h49<\/strong> : Fin de Chabbat, Arvit et Havdala<\/p>\n<p><strong>18h00<\/strong> : Cours mixte durant une demie-heure apr\u00e8s la Havdala. Le <strong>Rabbin Mickael MOUYAL<\/strong> vous offre la possibilit\u00e9 d\u2019\u00e9tudier le livre \u00ab <strong>Al\u00e9 Chour<\/strong> \u00bb afin de construire sa personnalit\u00e9.<br \/>\nLe Al\u00e9 Chour est un v\u00e9ritable classique de la philosophie rabbinique r\u00e9dig\u00e9 par le <strong>Rav Chlomo WOLBE<\/strong>.<\/p>\n<p><strong><em>Dimanche matin :<\/em> <\/strong><br \/>\n<strong>08h00<\/strong> : Cha\u2019harit<\/p>\n<p><strong><em><u>Lundi et Jeudi :<\/u><\/em><\/strong><br \/>\n<strong>7h10<\/strong> : Cha&rsquo;harit<\/p>\n<p><strong>Chabbat Chalom !<\/strong><\/p>\n<p><!--more--><\/p>\n<hr \/>\n<h3><strong><span style=\"text-decoration: underline;\">Infos pratiques :<\/span><br \/>\n<\/strong><\/h3>\n<p>Heures de d\u00e9but des T\u00e9filines du lundi 09\/12 au vendredi 13\/12 : 07h21 &#8211; 07h22 &#8211; 07h23 &#8211; 07h23 &#8211; 07h24.<\/p>\n<hr \/>\n<h3><strong><span style=\"text-decoration: underline;\">Birkat ha-L\u00e9vana :<\/span><br \/>\n<\/strong><\/h3>\n<p>La Birkat ha-L\u00e9vana (pri\u00e8re pour le renouvellement de la lune) pourra \u00eatre r\u00e9cit\u00e9e entre le mercredi 4 d\u00e9cembre 2019 au soir et le mercredi 11 d\u00e9cembre 2019 au soir, lorsque la lune est visible.<\/p>\n<hr \/>\n<h3><strong><span style=\"text-decoration: underline;\">Offices et cours de la semaine \u00e0 la Synagogue :<\/span><br \/>\n<\/strong><\/h3>\n<p><em>43 rue des abondances<\/em><\/p>\n<p><strong><em>Cha\u2019harit &#8211; 1er office :<\/em><\/strong><br \/>\n<em><u>Lundi et jeudi :<\/u><\/em><br \/>\n<strong>6h55<\/strong> : Cha&rsquo;harit<br \/>\n<em><u>Mardi, mercredi et vendredi :<\/u><\/em><br \/>\n<strong>7h00<\/strong> : Cha&rsquo;harit<br \/>\n<em><u>Dimanche :<\/u><\/em><br \/>\n<strong>8h00<\/strong> : Cha&rsquo;harit<\/p>\n<p><strong><em>Cha\u2019harit &#8211; 2\u00e8me Office :<\/em><\/strong><br \/>\n<strong>7h45<\/strong> : dans la Soucah\/Pergola<br \/>\nsuivi d&rsquo;une \u00e9tude par le <strong>Rabbin Didier Kassabi<\/strong> du lundi au jeudi, et par le <strong>Rav Avner Ibgui<\/strong> le vendredi<\/p>\n<p><strong><em>Min\u2019ha :<\/em><\/strong><br \/>\n<strong>13h30<\/strong> : du dimanche au jeudi (repas et cours \u00e0 partir de 13h00)<\/p>\n<p><strong><em>Arvit :<\/em><\/strong><br \/>\n<strong>19h30<\/strong> : du dimanche au jeudi<\/p>\n<p>Retrouvez les horaires de la synagogue <a href=\"https:\/\/synaboulogne.com\/horaires-offices\/\" target=\"_blank\" rel=\"noopener noreferrer\">ici<\/a>.<\/p>\n<hr \/>\n<h3><strong><span style=\"text-decoration: underline;\">Save the Date &#8211; samedi soir 7 d\u00e9cembre 2019 :<\/span><br \/>\n<\/strong><\/h3>\n<p>\u26a0\ufe0f <strong>SAVE THE DATE<\/strong> \u26a0\ufe0f<br \/>\nR\u00e9servez votre <strong>samedi soir 7 d\u00e9cembre 2019<\/strong> pour une soir\u00e9e festive, conviviale et musicale anim\u00e9e par <strong>Micky GABAY<\/strong> !<\/p>\n<p><a href=\"https:\/\/acjbb-sud.org\/wp-content\/uploads\/2019\/11\/ACJBB-CCIBB-CCJB-92-inauguration-mobilisation-future-Centre-Culturel-Juif-Boulogne.jpeg\"><img decoding=\"async\" class=\"aligncenter size-full wp-image-3204\" src=\"https:\/\/acjbb-sud.org\/wp-content\/uploads\/2019\/11\/ACJBB-CCIBB-CCJB-92-inauguration-mobilisation-future-Centre-Culturel-Juif-Boulogne.jpeg\" alt=\"\" width=\"600\" srcset=\"https:\/\/acjbb-sud.org\/wp-content\/uploads\/2019\/11\/ACJBB-CCIBB-CCJB-92-inauguration-mobilisation-future-Centre-Culturel-Juif-Boulogne.jpeg 883w, https:\/\/acjbb-sud.org\/wp-content\/uploads\/2019\/11\/ACJBB-CCIBB-CCJB-92-inauguration-mobilisation-future-Centre-Culturel-Juif-Boulogne-166x300.jpeg 166w, https:\/\/acjbb-sud.org\/wp-content\/uploads\/2019\/11\/ACJBB-CCIBB-CCJB-92-inauguration-mobilisation-future-Centre-Culturel-Juif-Boulogne-768x1392.jpeg 768w, https:\/\/acjbb-sud.org\/wp-content\/uploads\/2019\/11\/ACJBB-CCIBB-CCJB-92-inauguration-mobilisation-future-Centre-Culturel-Juif-Boulogne-565x1024.jpeg 565w\" sizes=\"(max-width: 883px) 100vw, 883px\" \/><\/a>Grande soir\u00e9e de mobilisation pour le futur <strong>Centre Culturel Juif de Boulogne<\/strong>, <strong>samedi 7 d\u00e9cembre de 20h \u00e0 minuit<\/strong>.<\/p>\n<p>Inscrivez-vous vite : <a href=\"http:\/\/bit.ly\/CCIB7d\u00e9cembre\">http:\/\/bit.ly\/CCIB7d\u00e9cembre<\/a> !<\/p>\n<hr \/>\n<h3><strong><span style=\"text-decoration: underline;\">Beth Hamidrach :<\/span><br \/>\n<\/strong><\/h3>\n<p style=\"text-align: justify;\">Le <strong>Rabbin Didier Kassabi<\/strong> donne un cours de Gu\u00e9mara chaque lundi soir \u00e0 20h00 \u00e0 la Synagogue de Boulogne Billancourt, 43 rue des abondances.<\/p>\n<p><img decoding=\"async\" class=\"aligncenter wp-image-2318 size-large\" src=\"https:\/\/acjbb-sud.org\/wp-content\/uploads\/2018\/12\/Rav-Didier-Kassabi-ACJBB-Boulogne-Sud-1024x656.jpg\" alt=\"\" width=\"600\" srcset=\"https:\/\/acjbb-sud.org\/wp-content\/uploads\/2018\/12\/Rav-Didier-Kassabi-ACJBB-Boulogne-Sud-1024x656.jpg 1024w, https:\/\/acjbb-sud.org\/wp-content\/uploads\/2018\/12\/Rav-Didier-Kassabi-ACJBB-Boulogne-Sud-300x192.jpg 300w, https:\/\/acjbb-sud.org\/wp-content\/uploads\/2018\/12\/Rav-Didier-Kassabi-ACJBB-Boulogne-Sud-768x492.jpg 768w, https:\/\/acjbb-sud.org\/wp-content\/uploads\/2018\/12\/Rav-Didier-Kassabi-ACJBB-Boulogne-Sud.jpg 1588w\" sizes=\"(max-width: 1024px) 100vw, 1024px\" \/><\/p>\n<p>Retrouvez tous les cours du Rabbin Kassabi <a href=\"https:\/\/acjbb-sud.org\/index.php\/cours-du-rabbin-kassabi\/\" target=\"_blank\" rel=\"noopener noreferrer\">sur cette page<\/a> !!<\/p>\n<p>Retrouvez toutes les informations et tous les cours du <em><strong>Beth Hamidrach de Boulogne<\/strong><\/em> sur <a href=\"https:\/\/synaboulogne.com\/beth-hamidrach\/\" target=\"_blank\" rel=\"noopener noreferrer\">cette page<\/a> !<\/p>\n<hr \/>\n<h3><strong><span style=\"text-decoration: underline;\">Talmud Thorah :<\/span><br \/>\n<\/strong><\/h3>\n<h4>Message \u00e0 tous les Parents<\/h4>\n<p>Tous les parents ont le devoir d&rsquo;assurer l&rsquo;\u00e9ducation juive de leurs enfants. Cette transmission passe naturellement par ce qui est v\u00e9cu au c\u0153ur du foyer mais elle doit \u00eatre sublim\u00e9e par un enseignement traditionnel dans le cadre de nos structures communautaires.<br \/>\nC&rsquo;est dans cette optique que notre Talmud Torah ouvre ses portes afin d&rsquo;y accueillir vos enfants.<\/p>\n<p>\u00c0 partir de leur rentr\u00e9e en CE1, aucun enfant de la communaut\u00e9 ne doit rester en marge de la d\u00e9couverte de leur juda\u00efsme.<\/p>\n<p>N\u2019h\u00e9sitez pas \u00e0 <a href=\"mailto:didierkassabi@gmail.com?subject=&quot;Talmud Torah Boulogne&quot;\" target=\"_blank\" rel=\"noopener noreferrer\">contacter notre Rabbin Didier KASSABI<\/a> pour toute demande de renseignements.<\/p>\n<hr \/>\n<h3><strong><span style=\"text-decoration: underline;\">Activit\u00e9 du Bn\u00e9 Akiva :<\/span><br \/>\n<\/strong><\/h3>\n<p>Cette semaine, l&rsquo;activit\u00e9 de Chabbat du Bn\u00e9 Akiva a lieu \u00e0 la <strong>Synagogue de Boulogne, 43 rue des abondances<\/strong> \u00e0 partir de 16h00.<\/p>\n<p><a href=\"https:\/\/acjbb-sud.org\/wp-content\/uploads\/2019\/12\/ACJBB-activite-bne-akiva-chabbat-vayetse-5780.jpg\"><img decoding=\"async\" class=\"aligncenter wp-image-3234 size-full\" src=\"https:\/\/acjbb-sud.org\/wp-content\/uploads\/2019\/12\/ACJBB-activite-bne-akiva-chabbat-vayetse-5780.jpg\" alt=\"\" width=\"600\" srcset=\"https:\/\/acjbb-sud.org\/wp-content\/uploads\/2019\/12\/ACJBB-activite-bne-akiva-chabbat-vayetse-5780.jpg 916w, https:\/\/acjbb-sud.org\/wp-content\/uploads\/2019\/12\/ACJBB-activite-bne-akiva-chabbat-vayetse-5780-213x300.jpg 213w, https:\/\/acjbb-sud.org\/wp-content\/uploads\/2019\/12\/ACJBB-activite-bne-akiva-chabbat-vayetse-5780-728x1024.jpg 728w, https:\/\/acjbb-sud.org\/wp-content\/uploads\/2019\/12\/ACJBB-activite-bne-akiva-chabbat-vayetse-5780-768x1081.jpg 768w\" sizes=\"(max-width: 916px) 100vw, 916px\" \/><\/a><\/p>\n<p><em><strong>Information aux parents :<\/strong><\/em> pour avoir toutes les informations sur les activit\u00e9s du Bn\u00e9 Akiva, pour \u00e9changer avec les madri&rsquo;him, vous pouvez rejoindre le groupe WhatsApp BNE AKIVA &#8211; Parents et Madri&rsquo;him en cliquant sur le lien <a href=\"http:\/\/bit.ly\/2nVbURP\" target=\"_blank\" rel=\"noopener noreferrer\">http:\/\/bit.ly\/2nVbURP<\/a><\/p>\n<hr \/>\n<h3><strong><span style=\"text-decoration: underline;\">Sortie du Bn\u00e9 Akiva :<\/span><br \/>\n<\/strong><\/h3>\n<p><a href=\"https:\/\/acjbb-sud.org\/wp-content\/uploads\/2019\/11\/ACJBB-Bne-Akiva-Activite-patinoire-Hanouka-decembre-2019.jpg\"><img decoding=\"async\" class=\"aligncenter size-full wp-image-3219\" src=\"https:\/\/acjbb-sud.org\/wp-content\/uploads\/2019\/11\/ACJBB-Bne-Akiva-Activite-patinoire-Hanouka-decembre-2019.jpg\" alt=\"\" width=\"600\" srcset=\"https:\/\/acjbb-sud.org\/wp-content\/uploads\/2019\/11\/ACJBB-Bne-Akiva-Activite-patinoire-Hanouka-decembre-2019.jpg 993w, https:\/\/acjbb-sud.org\/wp-content\/uploads\/2019\/11\/ACJBB-Bne-Akiva-Activite-patinoire-Hanouka-decembre-2019-150x150.jpg 150w, https:\/\/acjbb-sud.org\/wp-content\/uploads\/2019\/11\/ACJBB-Bne-Akiva-Activite-patinoire-Hanouka-decembre-2019-300x300.jpg 300w, https:\/\/acjbb-sud.org\/wp-content\/uploads\/2019\/11\/ACJBB-Bne-Akiva-Activite-patinoire-Hanouka-decembre-2019-768x769.jpg 768w\" sizes=\"(max-width: 993px) 100vw, 993px\" \/><\/a><\/p>\n<p>\ud83e\udd41\ud83e\udd41Oyez! Oyez!\ud83e\udd41\ud83e\udd41<\/p>\n<p>Le grand jour de l\u2019activit\u00e9 du Bne Boulogne est arriv\u00e9e!<\/p>\n<p>\u2744\u2744\u26f8\u26f8\u26f8\u26f8\u26f8\u26f8\u26f8\u2744\u2744<br \/>\nA l\u2019occasion de Hanouka le Bne Akiva Boulogne invite tous les enfants de 7 \u00e0 15 ans \u00e0 la patinoire de Boulogne!<\/p>\n<p>Une matin\u00e9e sous le signe de la joie pour partager le bonheur d\u2019\u00eatre ensemble et de c\u00e9l\u00e9brer l\u2019arriv\u00e9e des lumi\u00e8res de Hanouka<br \/>\n\ud83d\udd6f\ud83d\udd6f\ud83d\udd6f\ud83d\udd6f\ud83d\udd6f\ud83d\udd6f\ud83d\udd6f\ud83d\udd6f<\/p>\n<p>\ud83d\uddd3Quand? Le 8 D\u00e9cembre<br \/>\n\ud83d\uddfbOu? Rendez vous \u00e0 la patinoire de Boulogne : 1 Rue Victor Griffuelhes<br \/>\n92100 Boulogne-Billancourt<br \/>\n\u23f0\u00c0 quelle h? 10h00 pr\u00e9cises jusqu\u2019\u00e0 12h30<br \/>\nCombien? Tarif unique de 12\u20ac pour l\u2019entr\u00e9e, les patins et&#8230;. un \ud83c\udf69 tout frais avec un bon jus\ud83c\udf79<\/p>\n<p>Inscription obligatoire avant le Jeudi 5 D\u00e9cembre. \ud83d\uddd2<\/p>\n<p>Ci joint le lien pour l\u2019inscription et le r\u00e8glement sur le site s\u00e9curis\u00e9 \ud83d\udcb3HelloAsso\ud83d\udc47<br \/>\nbit.ly\/Bn\u00e9Patinoire2019<\/p>\n<p>\u2757\u2757 VEUILLEZ PR\u00c9CISER LA POINTURE DE VOS ENFANTS \u2757\u2757<\/p>\n<p>On vous attend nombreux \u26f8\u2661<\/p>\n<p>Ps: nombre de places limit\u00e9es<\/p>\n<p>Bne Akiva- Torah Avoda et patinoire!\ud83d\ude0d<\/p>\n<hr \/>\n<h3><strong><span style=\"text-decoration: underline;\">\u00ab Les AMIS de la REFOUA \u00bb &#8211; Visite aux malades :<\/span><br \/>\n<\/strong><\/h3>\n<p style=\"text-align: justify;\">Des b\u00e9n\u00e9voles de Boulogne proposent aux personnes qui le demandent : l&rsquo;organisation d&rsquo;une chaine de lecture de T\u00e9hilims pour la gu\u00e9rison de nos malades, de prendre de leurs nouvelles et leur rendre visite dans les h\u00f4pitaux.<br \/>\nCes actions se font dans la plus grande discr\u00e9tion et s&rsquo;inscrivent dans le cadre du b\u00e9n\u00e9volat.<br \/>\nVous pourrez joindre &#8211; <em>les AMIS de la REFOUA<\/em> &#8211; au 06.03.75.34.15, ou par courriel \u00e0 : <a href=\"mailto:israelalbert1@gmail.com\">israelalbert1@gmail.com<\/a><br \/>\nVous pouvez aussi faire partie de ces b\u00e9n\u00e9voles, nous vous remercions par avance.<\/p>\n<hr \/>\n<h3><strong><span style=\"text-decoration: underline;\">Information ACJBB Boulogne Sud :<\/span><br \/>\n<\/strong><\/h3>\n<p style=\"text-align: justify;\">Retrouvez toutes les informations de l\u2019office sur : <a href=\"http:\/\/www.acjbb-sud.org\" target=\"_blank\" rel=\"noopener noreferrer\">www.acjbb-sud.org<\/a>.<br \/>\nSi vous souhaitez recevoir par mail la newsletter de l&rsquo;office, inscrivez-vous en nous envoyant un mail \u00e0 <a href=\"mailto:officeboulognesud@gmail.com\">officeboulognesud@gmail.com<\/a>.<br \/>\nRetrouvez \u00e9galement toutes les informations sur la page Facebook de l&rsquo;office : <a href=\"http:\/\/facebook.com\/acjbbsud\" target=\"_blank\" rel=\"noopener noreferrer\">facebook.com\/acjbbsud<\/a> et sur Twitter : <a href=\"http:\/\/twitter.com\/acjbbsud\" target=\"_blank\" rel=\"noopener noreferrer\">twitter.com\/acjbbsud<\/a>.<\/p>\n<hr \/>\n<h3><strong><span style=\"text-decoration: underline;\">R\u00e9servation des espaces communautaires :<\/span><br \/>\n<\/strong><\/h3>\n<p style=\"text-align: justify;\">Vous souhaitez organiser une manifestation (Brith-Mila, Bar-Mitsvah et Bat-Mitsvah, Mariage, Azkara, Soir\u00e9e Mikv\u00e9 Kala, etc&#8230; ) dans les espaces de la <strong>Synagogue de Boulogne<\/strong>, 43 rue des Abondances, contactez M. Alain Chicheportiche 06.95.62.58.41 &#8211; <a href=\"mailto:alainchicheportiche92@gmail.com\">alainchicheportiche92@gmail.com<\/a><\/p>\n<p style=\"text-align: justify;\">Vous souhaitez r\u00e9server la salle de <strong>Boulogne Sud<\/strong>, 134 bis rue du point du jour Boulogne Billancourt, contactez M. Patrick Sebban 06.03.02.30.78 &#8211; <a href=\"mailto:patrick.sebban2@paris.fr\">patrick.sebban2@paris.fr<\/a><\/p>\n<hr \/>\n<h3><strong><span style=\"text-decoration: underline;\">Mikv\u00e9 :<\/span><br \/>\n<\/strong><\/h3>\n<p><strong>Mikv\u00e9 pour les femmes<\/strong><br \/>\nLe mikv\u00e9 de Boulogne est ouvert :<\/p>\n<ul>\n<li>dimanche de 19h \u00e0 21h<\/li>\n<li>du lundi au jeudi de 20h \u00e0 22h<\/li>\n<li>vendredi soir : uniquement sur RDV , en envoyant un sms \u00e0 Mme Yael Kassabi au 06 22 76 15 04<\/li>\n<li>samedi soir : 1h apr\u00e8s Chabbat pendant 2h<\/li>\n<\/ul>\n<p>La Communaut\u00e9 juive de Boulogne recherche une <strong>Baalanit <\/strong>pour 2 soirs par semaine \u00e0 partir de mi-novembre. Prendre contact avec <a href=\"mailto:yaelkassabi@gmail.com?subject=Poste%20de%20Baalanit%20pour%20le%20Mikv%C3%A9%20de%20Boulogne\" target=\"_blank\" rel=\"noopener noreferrer\">Mme Yael Kassabi<\/a>.<\/p>\n<p><strong>Mikv\u00e9 vaisselle<\/strong><br \/>\nLe Mikv\u00e9 K\u00e9lim est ouvert tous les matins du dimanche au vendredi depuis l&rsquo;heure de la T\u00e9fila jusqu&rsquo;\u00e0 midi.<\/p>\n<hr \/>\n<h3><strong><span style=\"text-decoration: underline;\">Faire un don :<\/span><br \/>\n<\/strong><\/h3>\n<p style=\"text-align: justify;\">Pour faire vivre et participer activement \u00e0 cet office, <a href=\"http:\/\/www.acjbb-sud.org\/index.php\/faire-un-don\/\" target=\"_blank\" rel=\"noopener noreferrer\">faites un don<\/a> par internet ou envoyez vos ch\u00e8ques au <strong>134 bis rue du Point du Jour<\/strong>. Toutes les participations sont bienvenues, <em>les petits ruisseaux faisant de grandes rivi\u00e8res<\/em>, nous parviendrons, tous ensemble, \u00e0 faire vivre l\u2019Office de Boulogne Sud.<\/p>\n<p>Tizkou L\u00e9-Mitsvot !!<\/p>\n<hr \/>\n<h3><strong><span style=\"text-decoration: underline;\">Visites aux personnes seules :<\/span><br \/>\n<\/strong><\/h3>\n<p>Chers amis membres de la communaut\u00e9 juive de Boulogne,<\/p>\n<p>Il existe d\u00e9sormais un syst\u00e8me organis\u00e9 et centralis\u00e9 de <strong>visites aux personnes \u00e2g\u00e9es qui le souhaiteraient<\/strong>, vivant seules ou loin de leurs familles, chez elles ou en R\u00e9sidence, \u00e0 Boulogne-m\u00eame et dans les banlieues et arrondissements parisiens voisins.<br \/>\nCe groupe, fra\u00eechement cr\u00e9\u00e9, a besoin de b\u00e9n\u00e9voles qui pourraient, une \u00e0 deux fois par mois, venir visiter pendant 15 \u00e0 30 minutes l\u2019une de ces personnes isol\u00e9es.<br \/>\nLe deuxi\u00e8me type de mission que propose ce groupe consiste \u00e0 <strong>rendre visite aux personnes hospitalis\u00e9es sur notre secteur g\u00e9ographique<\/strong>, en cas d\u2019\u00e9loignement familial, lorsqu&rsquo;une telle demande nous parviendra.<br \/>\n<strong>Nous avons besoin d\u2019autant de b\u00e9n\u00e9voles que possible pour que ce projet puisse durer<\/strong>.<br \/>\nIl vous sera aussi d\u00e9sormais possible de nous contacter directement pour nous communiquer les coordonn\u00e9es d&rsquo;une nouvelle personne \u00e0 visiter.<br \/>\nVous pouvez nous joindre par le biais du <span class=\"il\">Synamail<\/span>.<br \/>\nAu nom de la Communaut\u00e9 de Boulogne, je tiens \u00e0 vous remercier par avance pour toutes ces belles rencontres que nous ferons, pour tous ces petits moments d\u2019attention et de bonheur que nous offrirons \u00e0 nos Seniors et nos Malades.<br \/>\nTizkou le mitsvot<\/p>\n<p><strong>Yael Lazimy<\/strong>, pour le groupe \u00ab Levaker \u00bb<br \/>\nN&rsquo;h\u00e9sitez pas \u00e0 nous contacter par <a href=\"mailto:synamail@acjbb.com\" target=\"_blank\" rel=\"noopener noreferrer\"><span class=\"il\">synamail<\/span>@acjbb.com<\/a><\/p>\n<hr \/>\n<h3><strong><span style=\"text-decoration: underline;\">Participons \u00e0 la collecte des fondations du Centre Culturel Juif de Boulogne Billancourt :<\/span><br \/>\n<\/strong><\/h3>\n<p><img loading=\"lazy\" decoding=\"async\" class=\"aligncenter wp-image-2813 size-large\" src=\"https:\/\/acjbb-sud.org\/wp-content\/uploads\/2019\/07\/construction-du-centre-juif-de-boulogne-billancourt-1024x724.jpeg\" alt=\"\" width=\"720\" height=\"509\" srcset=\"https:\/\/acjbb-sud.org\/wp-content\/uploads\/2019\/07\/construction-du-centre-juif-de-boulogne-billancourt-1024x724.jpeg 1024w, https:\/\/acjbb-sud.org\/wp-content\/uploads\/2019\/07\/construction-du-centre-juif-de-boulogne-billancourt-300x212.jpeg 300w, https:\/\/acjbb-sud.org\/wp-content\/uploads\/2019\/07\/construction-du-centre-juif-de-boulogne-billancourt-768x543.jpeg 768w, https:\/\/acjbb-sud.org\/wp-content\/uploads\/2019\/07\/construction-du-centre-juif-de-boulogne-billancourt.jpeg 1122w\" sizes=\"auto, (max-width: 720px) 100vw, 720px\" \/><\/p>\n<p>La construction du Centre Culturel Juif de Boulogne a \u00e9t\u00e9 lanc\u00e9e le <strong>23 juin 2019<\/strong>. En plus de la campagne de collecte, nous avons d\u00e9cid\u00e9 d&rsquo;entreprendre une collecte \u00ab\u00a0<b>des Fondations du Centre Culturel<\/b>\u00ab\u00a0. A l&rsquo;image de la construction du Michkan, o\u00f9 Moch\u00e9 a demand\u00e9 \u00e0 tous les Bnei Israel de verser un demi-shekel pour financer les socles qui soutiennent les poutres du Michkan, nous invitons tous les boulonnais, hommes, femmes et enfants, \u00e0 contribuer aux fondations du Centre Culturel.<\/p>\n<p>La liste de tous les contributeurs sera affich\u00e9e pour que chacun puisse dire qu&rsquo;il a fait partie des fondateurs.<\/p>\n<p>Le montant est unique pour que dans cette phase, chacun puisse avoir une part \u00e9gale \u00e0 son voisin, quels que soient ses moyens et sa g\u00e9n\u00e9rosit\u00e9, chacun \u00e0 part \u00e9gale.<\/p>\n<p>Nous invitons donc tous les fid\u00e8les de notre communaut\u00e9 \u00e0 participer et surtout \u00e0 inviter tous nos coreligionnaires, familles, amis, voisins \u00e0 participer aussi au projet.<\/p>\n<p>Ainsi nous aurons collectivement le m\u00e9rite de r\u00e9pondre \u00e0 l&rsquo;injonction divine de la Paracha T\u00e9rouma :<br \/>\n\u00ab\u00a0\u05d5\u05b0\u05e2\u05b8\u05e9\u05c2\u05d5\u05bc \u05dc\u05b4\u05d9, \u05de\u05b4\u05e7\u05b0\u05d3\u05bc\u05b8\u05e9\u05c1; \u05d5\u05b0\u05e9\u05c1\u05b8\u05db\u05b7\u05e0\u05b0\u05ea\u05bc\u05b4\u05d9, \u05d1\u05bc\u05b0\u05ea\u05d5\u05b9\u05db\u05b8\u05dd.\u00a0\u00bb &#8211; \u00ab\u00a0<em>Et ils me construiront un sanctuaire, pour que je r\u00e9side au milieu d&rsquo;eux<\/em>\u00a0\u00bb <strong>Amen<\/strong> !<\/p>\n<p>Robert Ejnes<br \/>\nPr\u00e9sident<\/p>\n<p><strong>Mobilisons-nous :<\/strong><br \/>\n<a href=\"https:\/\/www.helloasso.com\/associations\/acjbb-2\/collectes\/les-fondations-du-centre-culturel-juif-de-boulogne\/\" target=\"_blank\" rel=\"noopener noreferrer\">Je participe \u00e0 la collecte des fondations du Centre Culturel Juif<\/a> !<\/p>\n<hr \/>\n<h3><strong><span style=\"text-decoration: underline;\">Dons pour le Centre Culturel de Boulogne Billancourt :<\/span><br \/>\n<\/strong><\/h3>\n<p style=\"text-align: justify;\">Le nouveau Centre Culturel sera situ\u00e9 \u00e0 l&rsquo;angle des rues Marcel Dassault et d&rsquo;Anjou.<\/p>\n<p style=\"text-align: justify;\">Il comprendra notamment :<\/p>\n<ul>\n<li style=\"list-style-type: none;\">\n<ul>\n<li>Une Synagogue<\/li>\n<li>Le Centre Communautaire (CCIBB)<\/li>\n<li>Une salle polyvalente<\/li>\n<li>Une salle des f\u00eates<\/li>\n<\/ul>\n<\/li>\n<\/ul>\n<p>Vous pouvez consulter la <a href=\"https:\/\/fr.calameo.com\/read\/00057892520c64798775e\" target=\"_blank\" rel=\"noopener noreferrer\">plaquette de pr\u00e9sentation du Centre Culturel de Boulogne<\/a><\/p>\n<p style=\"text-align: justify;\"><img decoding=\"async\" class=\"aligncenter wp-image-778 size-full\" src=\"http:\/\/acjbb-sud.org\/wp-content\/uploads\/2017\/06\/Acjbb-construction-1.png\" alt=\"\" width=\"600\" srcset=\"https:\/\/acjbb-sud.org\/wp-content\/uploads\/2017\/06\/Acjbb-construction-1.png 684w, https:\/\/acjbb-sud.org\/wp-content\/uploads\/2017\/06\/Acjbb-construction-1-300x202.png 300w, https:\/\/acjbb-sud.org\/wp-content\/uploads\/2017\/06\/Acjbb-construction-1-445x300.png 445w\" sizes=\"(max-width: 684px) 100vw, 684px\" \/><\/p>\n<h3 class=\"m_-5277437730878633356null\"><span style=\"color: #0000ff;\"><strong>Etat du dossier<\/strong><\/span><\/h3>\n<p><strong>Les travaux avancent !!!<\/strong><\/p>\n<p><strong>La base vie est en place les travaux des fondations en cours<br \/>\n<\/strong><\/p>\n\n\t\t<style type=\"text\/css\">\n\t\t\t#gallery-1 {\n\t\t\t\tmargin: auto;\n\t\t\t}\n\t\t\t#gallery-1 .gallery-item {\n\t\t\t\tfloat: left;\n\t\t\t\tmargin-top: 10px;\n\t\t\t\ttext-align: center;\n\t\t\t\twidth: 50%;\n\t\t\t}\n\t\t\t#gallery-1 img {\n\t\t\t\tborder: 2px solid #cfcfcf;\n\t\t\t}\n\t\t\t#gallery-1 .gallery-caption {\n\t\t\t\tmargin-left: 0;\n\t\t\t}\n\t\t\t\/* see gallery_shortcode() in wp-includes\/media.php *\/\n\t\t<\/style>\n\t\t<div id='gallery-1' class='gallery galleryid-3226 gallery-columns-2 gallery-size-full'><dl class='gallery-item'>\n\t\t\t<dt class='gallery-icon landscape'>\n\t\t\t\t<a href='https:\/\/acjbb-sud.org\/index.php\/2019\/11\/27\/chabbat-toledot-5780\/acjbb-centre-culturel-juif-boulogne-20191120\/'><img loading=\"lazy\" decoding=\"async\" width=\"577\" height=\"432\" src=\"https:\/\/acjbb-sud.org\/wp-content\/uploads\/2019\/11\/ACJBB-Centre-culturel-juif-boulogne-20191120.jpg\" class=\"attachment-full size-full\" alt=\"\" srcset=\"https:\/\/acjbb-sud.org\/wp-content\/uploads\/2019\/11\/ACJBB-Centre-culturel-juif-boulogne-20191120.jpg 577w, https:\/\/acjbb-sud.org\/wp-content\/uploads\/2019\/11\/ACJBB-Centre-culturel-juif-boulogne-20191120-300x225.jpg 300w\" sizes=\"auto, (max-width: 577px) 100vw, 577px\" \/><\/a>\n\t\t\t<\/dt><\/dl><dl class='gallery-item'>\n\t\t\t<dt class='gallery-icon landscape'>\n\t\t\t\t<a href='https:\/\/acjbb-sud.org\/index.php\/2019\/11\/27\/chabbat-toledot-5780\/acjbb-centre-culturel-juif-boulogne-20191120-2\/'><img loading=\"lazy\" decoding=\"async\" width=\"577\" height=\"432\" src=\"https:\/\/acjbb-sud.org\/wp-content\/uploads\/2019\/11\/ACJBB-Centre-culturel-juif-boulogne-20191120-2.jpg\" class=\"attachment-full size-full\" alt=\"\" srcset=\"https:\/\/acjbb-sud.org\/wp-content\/uploads\/2019\/11\/ACJBB-Centre-culturel-juif-boulogne-20191120-2.jpg 577w, https:\/\/acjbb-sud.org\/wp-content\/uploads\/2019\/11\/ACJBB-Centre-culturel-juif-boulogne-20191120-2-300x225.jpg 300w\" sizes=\"auto, (max-width: 577px) 100vw, 577px\" \/><\/a>\n\t\t\t<\/dt><\/dl><br style=\"clear: both\" \/>\n\t\t<\/div>\n\n<p>Vous avez une occasion unique d&rsquo;inscrire votre nom, celui de vos familles, celui de vos disparus, dans un projet qui marquera l&rsquo;avenir de la vie juive \u00e0 Boulogne-Billancourt.<\/p>\n<p><img decoding=\"async\" class=\"aligncenter\" src=\"https:\/\/acjbb-sud.org\/wp-content\/uploads\/2018\/07\/Centre-Culturel-juif-Boulogne-Billancourt-Synagogue.jpg\" alt=\"\" width=\"600\" \/><\/p>\n<p><img decoding=\"async\" class=\"aligncenter\" src=\"https:\/\/acjbb-sud.org\/wp-content\/uploads\/2018\/07\/Centre-Culturel-juif-Boulogne-Billancourt-Synagogue-2.jpg\" alt=\"\" width=\"600\" \/><\/p>\n<p style=\"text-align: justify;\">Devenez acteur du devenir de la vie juive \u00e0 Boulogne en faisant un don pour la construction du Centre Culturel de Boulogne. Vous pouvez d\u00e9cider de diriger votre don vers la synagogue ACJBB ou vers le CCIBB, en nous l&rsquo;indiquant par message.<\/p>\n<p>Si vous avez des question, <a href=\"mailto:synamail@acjbb.com?subject=&quot;Question sur la construction du Centre culturel&quot;\">envoyez-nous un message<\/a> !<\/p>\n<p><a href=\"https:\/\/www.helloasso.com\/associations\/acjbb-2\/collectes\/construction-du-centre-juif-de-boulogne\" target=\"_blank\" rel=\"noopener noreferrer\">Je participe \u00e0 la collecte pour la construction<\/a>.<\/p>\n<hr \/>\n<h3><strong><span style=\"text-decoration: underline;\">Pourimland \u2013 Conf\u00e9rence : \u00ab Le secret de la M\u00e9norah \u00bb :<\/span><br \/>\n<\/strong><\/h3>\n<p><strong>Pourimland<\/strong> vous invite \u00e0 une conf\u00e9rence de Bernard Benyamin et Yohan Perez qui pr\u00e9senteront leur nouveau livre : \u00ab Le secret de la M\u00e9norah \u00bb le <strong>dimanche 8 d\u00e9cembre 2019 \u00e0 20h00<\/strong> \u00e0 l\u2019Espace Bernard Palissy, 1 place Bernard Palissy, 92100 Boulogne.<br \/>\n<a href=\"https:\/\/acjbb-sud.org\/wp-content\/uploads\/2019\/12\/pourimland-conference-secret-menorah-bernard-binyamin-yohan-perez-8-decembre-2019.jpg\"><img decoding=\"async\" class=\"aligncenter size-full wp-image-3230\" src=\"https:\/\/acjbb-sud.org\/wp-content\/uploads\/2019\/12\/pourimland-conference-secret-menorah-bernard-binyamin-yohan-perez-8-decembre-2019.jpg\" alt=\"\" width=\"600\" srcset=\"https:\/\/acjbb-sud.org\/wp-content\/uploads\/2019\/12\/pourimland-conference-secret-menorah-bernard-binyamin-yohan-perez-8-decembre-2019.jpg 724w, https:\/\/acjbb-sud.org\/wp-content\/uploads\/2019\/12\/pourimland-conference-secret-menorah-bernard-binyamin-yohan-perez-8-decembre-2019-212x300.jpg 212w\" sizes=\"(max-width: 724px) 100vw, 724px\" \/><\/a><\/p>\n<p>La conf\u00e9rence sera suivie d\u2019un cocktail.<\/p>\n<p><strong>Informations et R\u00e9servations :<\/strong><br \/>\nRuth : 06.26.84.13.87 ou Corinne : 06.62.36.30.02<\/p>\n<hr \/>\n<h3><strong><span style=\"text-decoration: underline;\">Conf\u00e9rence-d\u00e9bat avec Jonathan Weitzman :<\/span><br \/>\n<\/strong><\/h3>\n<p>La <strong>Communaut\u00e9 Juive de Boulogne<\/strong> et la <strong>Pr\u00e9pa Emc2<\/strong> vous invitent \u00e0 une conf\u00e9rence-d\u00e9bat avec <strong>Jonathan WIETZMAN<\/strong> le <strong>mercredi 11 d\u00e9cembre 2019 \u00e0 20h00<\/strong>, sur le th\u00e8me \u00ab Les juifs et les g\u00e8nes : de Mo\u00efse \u00e0 la g\u00e9nomique \u00bb.<br \/>\n<a href=\"https:\/\/synaboulogne.com\/wp-content\/uploads\/2019\/11\/conference-debat-jonathan-weitzman-11-decembre-2019-prepa-emc2-709x1024.jpeg\"><img decoding=\"async\" class=\"aligncenter wp-image-3152 size-full\" src=\"https:\/\/synaboulogne.com\/wp-content\/uploads\/2019\/11\/conference-debat-jonathan-weitzman-11-decembre-2019-prepa-emc2-709x1024.jpeg\" alt=\"\" width=\"600\" \/><\/a><\/p>\n<hr \/>\n<h3><strong><span style=\"text-decoration: underline;\">Emounah &#8211; M\u00e9lav\u00e9 Malka avec Rav Mickael Sojcher :<\/span><br \/>\n<\/strong><\/h3>\n<p>Ch\u00e8res amies d&rsquo;Emounah,<br \/>\nNous avons le plaisir d\u2019accueillir le <strong>Rav Mikael Sojcher<\/strong> pour un M\u00e9lav\u00e9 Malka convivial avec buffet et conf\u00e9rence sur \u00ab\u00a0Y a-t-il une vie apr\u00e8s la mort ?\u00a0\u00bb leilouy nishmat Esther Bat Yaacov SOJCHER, le <strong>samedi 14 d\u00e9cembre \u00e0 20h30<\/strong> \u00e0 la Synagogue de Boulogne, 43 rue des Abondances.<br \/>\n<a href=\"https:\/\/acjbb-sud.org\/wp-content\/uploads\/2019\/12\/Emounah-melave-malka-Rav-Mickael-Sojcher-samedi-14-decembre-2019.png\"><img decoding=\"async\" class=\"aligncenter wp-image-3231 size-large\" src=\"https:\/\/acjbb-sud.org\/wp-content\/uploads\/2019\/12\/Emounah-melave-malka-Rav-Mickael-Sojcher-samedi-14-decembre-2019-724x1024.png\" alt=\"\" width=\"600\" srcset=\"https:\/\/acjbb-sud.org\/wp-content\/uploads\/2019\/12\/Emounah-melave-malka-Rav-Mickael-Sojcher-samedi-14-decembre-2019-724x1024.png 724w, https:\/\/acjbb-sud.org\/wp-content\/uploads\/2019\/12\/Emounah-melave-malka-Rav-Mickael-Sojcher-samedi-14-decembre-2019-212x300.png 212w, https:\/\/acjbb-sud.org\/wp-content\/uploads\/2019\/12\/Emounah-melave-malka-Rav-Mickael-Sojcher-samedi-14-decembre-2019-768x1086.png 768w, https:\/\/acjbb-sud.org\/wp-content\/uploads\/2019\/12\/Emounah-melave-malka-Rav-Mickael-Sojcher-samedi-14-decembre-2019-1086x1536.png 1086w, https:\/\/acjbb-sud.org\/wp-content\/uploads\/2019\/12\/Emounah-melave-malka-Rav-Mickael-Sojcher-samedi-14-decembre-2019-1448x2048.png 1448w, https:\/\/acjbb-sud.org\/wp-content\/uploads\/2019\/12\/Emounah-melave-malka-Rav-Mickael-Sojcher-samedi-14-decembre-2019.png 1587w\" sizes=\"(max-width: 724px) 100vw, 724px\" \/><\/a><br \/>\nInscriptions sur :<br \/>\n<a href=\"https:\/\/www.helloasso.com\/associations\/emounah\/evenements\/melave-malka-avec-rav-sojcher\" target=\"_blank\" rel=\"noopener noreferrer\">https:\/\/www.helloasso.com\/associations\/emounah\/evenements\/melave-malka-avec-rav-sojcher<\/a><\/p>\n<p>PAF 10 \u20ac<br \/>\nPublic f\u00e9minin<\/p>\n<hr \/>\n<h3><strong><span style=\"text-decoration: underline;\">Grande f\u00eate de Hanoucah de la Communaut\u00e9 juive de Boulogne :<\/span><br \/>\n<\/strong><\/h3>\n<p><strong>Dimanche 22 d\u00e9cembre 2019, de 16h \u00e0 19h30<\/strong><br \/>\nEspace communautaire Alfred Zemmour de la Synagogue de Boulogne<\/p>\n<p><a href=\"https:\/\/acjbb-sud.org\/wp-content\/uploads\/2019\/11\/ACJBB-grande-fete-de-hanoucah-2019-5780.png\"><img decoding=\"async\" class=\"aligncenter size-full wp-image-3206\" src=\"https:\/\/acjbb-sud.org\/wp-content\/uploads\/2019\/11\/ACJBB-grande-fete-de-hanoucah-2019-5780.png\" alt=\"\" width=\"600\" srcset=\"https:\/\/acjbb-sud.org\/wp-content\/uploads\/2019\/11\/ACJBB-grande-fete-de-hanoucah-2019-5780.png 800w, https:\/\/acjbb-sud.org\/wp-content\/uploads\/2019\/11\/ACJBB-grande-fete-de-hanoucah-2019-5780-150x150.png 150w, https:\/\/acjbb-sud.org\/wp-content\/uploads\/2019\/11\/ACJBB-grande-fete-de-hanoucah-2019-5780-300x300.png 300w, https:\/\/acjbb-sud.org\/wp-content\/uploads\/2019\/11\/ACJBB-grande-fete-de-hanoucah-2019-5780-768x768.png 768w\" sizes=\"(max-width: 800px) 100vw, 800px\" \/><\/a><\/p>\n<p>Cette ann\u00e9e, nous vous proposons de venir tous ensemble, grands et petits, chanter ensemble des chansons des <strong>Chevatim<\/strong>, compos\u00e9es par <strong>Elie Botbol<\/strong> (\u05d6\u05f4\u05dc).<br \/>\nApr\u00e8s ces chants, tous les enfants recevrons des cadeaux.<\/p>\n<p><strong>Une c\u00e9r\u00e9monie tr\u00e8s sp\u00e9ciale sera ensuite organis\u00e9e dans la Soucah<\/strong><br \/>\nVenez nombreux assister \u00e0 un grand moment communautaire<\/p>\n<p>Buffet et beignets de Hanoucah pour tous<\/p>\n<hr \/>\n<h3><strong><span style=\"text-decoration: underline;\">Nouveaux \u00e0 Boulogne :<\/span><br \/>\n<\/strong><\/h3>\n<p>Si vous \u00eates nouveaux \u00e0 Boulogne, cette r\u00e9union est pour vous !<br \/>\nVous vous \u00eates install\u00e9s r\u00e9cemment \u00e0 Boulogne ?<br \/>\nNous vous proposons de venir rencontrer les responsables de la Communaut\u00e9 le <strong>dimanche 15 d\u00e9cembre de 17h30 \u00e0 19h30<\/strong>.<\/p>\n<p><img decoding=\"async\" class=\"aligncenter wp-image-3203 size-full\" src=\"https:\/\/acjbb-sud.org\/wp-content\/uploads\/2019\/11\/evenement-acjbb-nouveau-a-boulogne-2019.jpg\" alt=\"\" width=\"600\" srcset=\"https:\/\/acjbb-sud.org\/wp-content\/uploads\/2019\/11\/evenement-acjbb-nouveau-a-boulogne-2019.jpg 800w, https:\/\/acjbb-sud.org\/wp-content\/uploads\/2019\/11\/evenement-acjbb-nouveau-a-boulogne-2019-212x300.jpg 212w, https:\/\/acjbb-sud.org\/wp-content\/uploads\/2019\/11\/evenement-acjbb-nouveau-a-boulogne-2019-768x1087.jpg 768w, https:\/\/acjbb-sud.org\/wp-content\/uploads\/2019\/11\/evenement-acjbb-nouveau-a-boulogne-2019-724x1024.jpg 724w\" sizes=\"(max-width: 800px) 100vw, 800px\" \/><br \/>\nTous publics : c\u00e9libataires, couples, familles &#8230;<\/p>\n<p>PS : Si vous connaissez des membres de la Communaut\u00e9 juive r\u00e9cemment arriv\u00e9s \u00e0 Boulogne, merci de leur transf\u00e9rer cet email.<\/p>\n<hr \/>\n<h3><strong><span style=\"text-decoration: underline;\">Emounah : Voyage m\u00e8re et fille en Isra\u00ebl :<\/span><br \/>\n<\/strong><\/h3>\n<p><strong>World Emounah<\/strong> et la <strong>Communaut\u00e9 de Boulogne<\/strong> s\u2019associent pour vous proposer un voyage exceptionnel en Isra\u00ebl autour des diff\u00e9rentes institutions d\u2019Emounah, de visite du pays et de rencontres exceptionnelles.<\/p>\n<p>Nous avons souhait\u00e9 organiser une mission de 5 jours qui permettent \u00e0 nos jeunes filles, qui ont entre 11 et 13 ans, en complicit\u00e9 avec leur maman, de d\u00e9couvrir le travail d\u2019associations d\u2019aide \u00e0 l\u2019enfance, de comprendre qu\u2019il est de notre devoir d\u2019aider les plus d\u00e9munis et de mettre \u00e0 profit les notions de Hessed, de Ts\u00e9daka mais aussi de Emounah , que toute Bat Israel se doit d\u2019appliquer.<\/p>\n<p>Ce voyage est organis\u00e9 \u202adu <strong>mercredi 1er janvier au dimanche 5 janvier\u202c 2020<\/strong>, pour un tarif tout compris (hors billet) de 500 euros par personne.<br \/>\n<a href=\"https:\/\/acjbb-sud.org\/wp-content\/uploads\/2019\/10\/emounah-world-voyage-mere-fille-israel-2020.png\"><img decoding=\"async\" class=\"aligncenter wp-image-3085 size-full\" src=\"https:\/\/acjbb-sud.org\/wp-content\/uploads\/2019\/10\/emounah-world-voyage-mere-fille-israel-2020.png\" alt=\"\" width=\"600\" srcset=\"https:\/\/acjbb-sud.org\/wp-content\/uploads\/2019\/10\/emounah-world-voyage-mere-fille-israel-2020.png 1587w, https:\/\/acjbb-sud.org\/wp-content\/uploads\/2019\/10\/emounah-world-voyage-mere-fille-israel-2020-212x300.png 212w, https:\/\/acjbb-sud.org\/wp-content\/uploads\/2019\/10\/emounah-world-voyage-mere-fille-israel-2020-768x1086.png 768w, https:\/\/acjbb-sud.org\/wp-content\/uploads\/2019\/10\/emounah-world-voyage-mere-fille-israel-2020-724x1024.png 724w\" sizes=\"(max-width: 1587px) 100vw, 1587px\" \/><\/a><br \/>\nN\u2019h\u00e9sitez pas \u00e0 revenir vers moi dans les plus brefs d\u00e9lais si ce projet vous int\u00e9resse.<br \/>\n(<span style=\"color: #ff0000;\"><strong>places tr\u00e8s limit\u00e9es<\/strong><\/span>).<\/p>\n<p>Je reste \u00e0 votre disposition pour r\u00e9pondre \u00e0 toutes vos questions.<br \/>\n<strong>Possibilit\u00e9 de bourses sur demande<\/strong><br \/>\nUn projet qui me tient particuli\u00e8rement \u00e0 c\u0153ur<\/p>\n<p>Yael Kassabi<\/p>\n<hr \/>\n<h3><strong><span style=\"text-decoration: underline;\">Dvar Thorah et enseignements :<\/span><br \/>\n<\/strong><\/h3>\n<p><em><strong>par le Rav Mika\u00ebl Mouyal<\/strong><\/em><\/p>\n<p style=\"text-align: justify;\"><em>L\u00e9\u00eflouy Nichmat Avraham Ben Mikha\u00ebl, &lsquo;Ha\u00ef Victor Ben Yakouta, Jaqueline Bat Esther et Paula Yakouta Bat Rosette<\/em><\/p>\n<h3 style=\"text-align: center;\"><strong>Le coin &lsquo;Hidouchim<\/strong><\/h3>\n<h4><strong>\u00ab Ta descendance sera telle la poussi\u00e8re de la terre \u00bb (28, 14) :<\/strong><\/h4>\n<p style=\"text-align: justify;\">On peut expliquer la comparaison du peuple d&rsquo;Isra\u00ebl \u00e0 la poussi\u00e8re de la terre de la fa\u00e7on suivante. La poussi\u00e8re se trouve pos\u00e9e en bas, sur la terre. Mais quand on marche et on pi\u00e9tine la terre, alors la poussi\u00e8re monte et s&rsquo;\u00e9l\u00e8ve jusqu&rsquo;\u00e0 la t\u00eate de l&rsquo;homme au point m\u00eame de pouvoir entrer dans ses yeux et de les piquer. Il en est de m\u00eame pour les descendants de Yaacov. Quand les Juifs sont bas, spirituellement parlant, et ne cherchent pas \u00e0 se rapprocher d&rsquo;Hachem, quand ils sont \u00e0 terre et que \u00e7a ne les d\u00e9range pas, alors Hachem r\u00e9veille leurs ennemis qui viennent les pi\u00e9tiner et les \u00e9craser . Et par la pression des malheurs, ils se \u201cr\u00e9veillent\u201d et se rapprochent d&rsquo;Hachem. Malheureusement, comme la poussi\u00e8re, c&rsquo;est quand ils sont pi\u00e9tin\u00e9s que les Juifs commencent \u00e0 remonter et s&rsquo;\u00e9lever spirituellement. (Beit Yits&rsquo;hak)<\/p>\n<h4><strong>\u00ab Je t&rsquo;ai retenu pour les mandragores de mon fils \u00bb (30, 16) :<\/strong><\/h4>\n<p style=\"text-align: justify;\">Quand R\u00e9ouven apporta des mandragores \u00e0 L\u00e9a, sa m\u00e8re, Ra&rsquo;hel les lui demanda. L\u00e9a les lui donna en \u00e9change que Yaacov passe cette nuit avec elle, et non avec Ra&rsquo;hel, comme c&rsquo;\u00e9tait pr\u00e9vu. Les mandragores sont une plantes qui ont la vertu de pouvoir rendre f\u00e9cond et avoir des enfants. C&rsquo;est pourquoi Ra&rsquo;hel en voulait tant. Mais L\u00e9a aussi, qui avait cess\u00e9 d&rsquo;avoir des enfants depuis un certain temps, en avait elle aussi besoin, et c&rsquo;est pour cela que son fils lui en apporta. Malgr\u00e9 tout, elle accepta de les c\u00e9der \u00e0 sa soeur. En effet, elle voulait garder dans son coeur la conviction que Seul Hachem peut donner des enfants. Elle ne voulait pas faire d\u00e9pendre sa f\u00e9condit\u00e9 \u00e0 des causes naturelles, comme la consommation de mandragores. Et c&rsquo;est par cette foi dont elle fit preuve en c\u00e9dant les mandragores \u00e0 sa soeur et en y renon\u00e7ant pour elle-m\u00eame, qu&rsquo;elle m\u00e9rita de concevoir cette nuit-l\u00e0. Car, Hachem est la Cause de toutes les causes, et c&rsquo;est Lui qui fait tout, sans avoir besoin de se plier \u00e0 aucune r\u00e8gle de la nature. Et le meilleur moyen d&rsquo;obtenir ses besoins est uniquement de placer fortement sa confiance en Lui. (D&rsquo;apr\u00e8s le &lsquo;Hidouch\u00e9 Harim)<\/p>\n<h4><strong>\u00ab Quand Ra&rsquo;hel enfanta Yosseph, Yaacov dit \u00e0 Lavan : \u201cRenvoie-moi, que je retourne \u00e0 mon endroit et mon pays\u201d \u00bb (30, 25) :<\/strong><\/h4>\n<p style=\"text-align: justify;\">Pourquoi \u00e9tait-ce seulement la naissance de Yosseph qui poussa Yaacov \u00e0 retourner en terre d&rsquo;Isra\u00ebl (voir le commentaire de Rachi) ?<br \/>\nEn fait, jusque l\u00e0 Yaacov ne tenta pas de quitter Lavan et de repartir en terre sainte, car il connaissait la perfidie de Lavan et craignait que celui-ci ne lui dise : \u00ab La femme qui a eu des enfants avec toi (L\u00e9a), pourra repartir avec toi. Mais la femme qui n&rsquo;a pas eu d&rsquo;enfants avec toi (Ra&rsquo;hel), elle restera avec moi \u00bb. Mais \u00e0 pr\u00e9sent que Ra&rsquo;hel venait aussi d&rsquo;avoir un fils, Yosseph, le risque que Lavan ne lui pr\u00e9sente un tel argument n&rsquo;existait plus. D\u00e8s lors, il commen\u00e7a \u00e0 penser retourner chez lui en terre sainte. (Ozna\u00efm LaThora)<\/p>\n<h4><strong>\u00ab Le D.ieu de ton p\u00e8re m&rsquo;a dit hier : \u201cPrends garde de ne pas parler pas avec Yaacov ni en bien ni en mal\u201d \u00bb (31, 29) :<\/strong><\/h4>\n<p style=\"text-align: justify;\">Pourquoi Lavan a-t-il eu besoin de dire \u00e0 Yaacov qu&rsquo;Hachem lui est apparu pour lui dire de ne pas lui faire de mal ? Yaacov n&rsquo;avait pas besoin de savoir cela !<br \/>\nEn fait, Lavan voulait simplement se vanter devant Yaacov qu&rsquo;Hachem est venu lui parler, \u00e0 lui aussi. Et cela, bien qu&rsquo;Hachem s&rsquo;\u00e9tait adress\u00e9 \u00e0 Lavan uniquement au profit de Yaacov, pour lui dire de ne pas lui faire de mal. Cette r\u00e9v\u00e9lation ne venait absolument pas gr\u00e2ce \u00e0 un quelconque m\u00e9rite de Lavan l&rsquo;impie. Mais Lavan se r\u00e9jouissait simplement de communiquer \u00e0 Yaacov que lui aussi est un proph\u00e8te et qu&rsquo;Hachem lui a parl\u00e9. Telle est l&rsquo;habitude des impies. Ils commettent les pires m\u00e9faits, mais d\u00e8s qu&rsquo;ils ont l&rsquo;occasion de r\u00e9v\u00e9ler aux autres leur \u201cgrandeur\u201d, ils ne s&rsquo;en privent pas. (Kol Sim&rsquo;ha)<\/p>\n<h3 style=\"text-align: center;\"><strong>Le coin histoire<\/strong><\/h3>\n<p style=\"text-align: justify;\">Un homme encore c\u00e9libataire \u00e9tudiait tr\u00e8s s\u00e9rieusement la Thora dans sa Yechiva. Une nuit, qu&rsquo;il se trouvait dehors, il passa devant la maison d&rsquo;une dame tr\u00e8s riche. La porte de la maison \u00e9tait ouverte. Son mauvais penchant le poussa \u00e0 entrer. Il v\u00e9rifia que la dame dormait. Puis, il s&rsquo;approcha de la tirelire, qui contenait une bonne partie de la richesse et il la cassa. Le bruit r\u00e9veilla la ma\u00eetresse de maison, mais la peur de se faire agresser par le voleur la poussa \u00e0 faire semblant de dormir. Quand l&rsquo;homme se trouva devant cet argent, l&rsquo;enseignement des Sages qui dit qu&rsquo;\u00ab un homme ne peut pas toucher de l&rsquo;argent qui n&rsquo;est pas \u00e0 lui \u00bb, lui apparut \u00e0 l&rsquo;esprit.<br \/>\nAlors, il se dit : \u00ab Si cet argent ne doit pas \u00eatre \u00e0 moi, quoi que je fasse, je ne pourrai pas en profiter. Et s&rsquo;il doit me revenir, j&rsquo;en b\u00e9n\u00e9ficierai de toutes les fa\u00e7ons, m\u00eame sans le voler. Pourquoi donc le prendre de fa\u00e7on illicite ? \u00bb Et il repartit les mains vides.<br \/>\nQuand le matin, la dame r\u00e9alisa le miracle qui lui arriva, elle se rendit \u00e0 la Yechiva pour demander au Rav de lui proposer un parti pour se marier pour se mettre plus en s\u00e9curit\u00e9. Il lui proposa justement cet homme, le pr\u00e9sentant comme quelqu&rsquo;un de tr\u00e8s s\u00e9rieux. Le mariage fut c\u00e9l\u00e9br\u00e9. Alors, l&rsquo;homme fut confort\u00e9 sur ce qu&rsquo;il s&rsquo;\u00e9tait dit. Si l&rsquo;argent lui revenait, il l&rsquo;obtiendrait de fa\u00e7on permise&#8230;<br \/>\nCombien il convient de veiller \u00e0 ne pas voler. Cela n&rsquo;apporte rien. L&rsquo;argent que l&rsquo;on doit avoir, Hachem finira par nous l&rsquo;accorder !<\/p>\n<h3 style=\"text-align: center;\"><strong>Le coin &lsquo;Hizouk<\/strong><\/h3>\n<p style=\"text-align: justify;\">Conna\u00eetre son insignifiance et savoir combien on a faut\u00e9 doit pousser \u00e0 avancer et se renforcer, et ne doit pas mener \u00e0 la tristesse. A l&rsquo;image d&rsquo;une marchandise, tant qu&rsquo;elle n&rsquo;est pas pass\u00e9e \u00e0 la douane elle est illicite. Quand elle re\u00e7oit le tampon du roi \u00e0 la douane, elle devient conforme. Selon nos Sages, la v\u00e9rit\u00e9 est le tampon du Roi des rois. Un homme qui conna\u00eet la v\u00e9rit\u00e9 sur ses d\u00e9fauts, re\u00e7oit le tampon Divin.<br \/>\nTous ses d\u00e9fauts qu&rsquo;il conna\u00eet bien, deviennent alors \u201clicites\u201d. Il peut d\u00e8s lors se concentrer \u00e0 avancer dans le Service Divin. (&lsquo;Hemdat David)<\/p>\n<h3 style=\"text-align: center;\"><strong>Le coin \u00e9tude<\/strong><\/h3>\n<p style=\"text-align: justify;\">Quand Yaacov quitta sa famille pour aller \u00e0 &lsquo;Haran, sur son chemin, il s&rsquo;arr\u00eata au mont Moriah pour prier, et il y passa la nuit. Pour cela, il pla\u00e7a des pierres sous sa t\u00eate et s&rsquo;allongea. Rachi explique qu&rsquo;il disposa ces pierres autour de sa t\u00eate, pour se prot\u00e9ger des animaux sauvages. Mais on peut s&rsquo;interroger sur cette explication. Comment Yaacov comptait-il se prot\u00e9ger des animaux sauvages en disposant simplement quelques pierres autour de sa t\u00eate ? Une telle protection est-elle vraiment efficace ?<br \/>\nLe Sabba de Kelem explique qu&rsquo;en r\u00e9alit\u00e9, Yaacov ne comptait pas sur ces pierres pour se prot\u00e9ger. En v\u00e9rit\u00e9, il pla\u00e7a sa confiance uniquement en Hachem, Qui est le Seul \u00e0 vraiment prot\u00e9ger. Malgr\u00e9 tout, m\u00eame si on compte sur Hachem, l&rsquo;homme a quand m\u00eame le devoir d&rsquo;utiliser \u00e9galement les voies naturelles. Et m\u00eame si ce n&rsquo;est pas la nature qui aide, mais c&rsquo;est seulement Hachem, n\u00e9anmoins, l&rsquo;homme doit quand m\u00eame s&rsquo;acquitter de son devoir d&rsquo;utiliser des voies naturelles. La raison de ce devoir est de voiler un tant soit peu le miracle Divin, pour que celui qui cherche \u00e0 nier le miracle, puisse expliquer que c&rsquo;est la nature qui a aid\u00e9 et pas Hachem. De la sorte, le libre arbitre de pouvoir nier l&rsquo;Intervention d&rsquo;Hachem, est conserv\u00e9. Yaacov ne pla\u00e7ait sa confiance qu&rsquo;en Hachem. Malgr\u00e9 tout, il a plac\u00e9 ces pierres autour de sa t\u00eate uniquement pour s&rsquo;acquitter de ce devoir de \u201cvoiler\u201d le miracle, et pas pour r\u00e9ellement le prot\u00e9ger. Et pour cela, ces pierres pouvaient d\u00e9j\u00e0 suffire. Mais il ne comptait r\u00e9ellement que sur Hachem pour le prot\u00e9ger.<br \/>\nDe son c\u00f4t\u00e9, le &lsquo;Hatam Sofer rapporte l&rsquo;enseignement des Pirk\u00e9 Avot qui dit que tant que le Temple existait, jamais un serpent n&rsquo;a mordu un homme \u00e0 Y\u00e9rouchala\u00efm. La saintet\u00e9 du Temple de Y\u00e9rouchala\u00efm avait la force de prot\u00e9ger des animaux dangereux. Or, Yaacov se trouvait justement \u00e0 cet endroit, sur le mont Moriah, o\u00f9 le Temple sera construit. Et il a utilis\u00e9 des pierres qui ont servi \u00e0 concevoir l&rsquo;autel pour le sacrifice d&rsquo;Yits&rsquo;hak, qui serviront aussi \u00e0 la construction du Temple dans le futur. Ces pierres avaient donc la propri\u00e9t\u00e9 de pouvoir prot\u00e9ger l&rsquo;homme contre les animaux sauvages. Yaacov pouvait donc se contenter simplement d&rsquo;en disposer autour de sa t\u00eate. Par leur saintet\u00e9, ces pierres auront la capacit\u00e9 de le prot\u00e9ger.<br \/>\nLe P\u00e9laot Edotekha, quant \u00e0 lui, explique pourquoi Yaacov a plac\u00e9 ces pierres pr\u00e9cis\u00e9ment autour de sa t\u00eate. Il rapporte un Midrash qui dit que Essav envoya son fils Elifaz tuer Yaacov et lui ramener sa t\u00eate. Quand Elifaz trouva Yaacov, il h\u00e9sita \u00e0 le tuer, car il avait \u00e9tudi\u00e9 la Thora avec lui et le respectait donc beaucoup. Alors, Yaacov lui proposa de le d\u00e9pouiller totalement et de lui prendre tout ce qu&rsquo;il a. Or un homme qui n&rsquo;a plus rien est consid\u00e9r\u00e9 comme mort. Cela sera donc consid\u00e9r\u00e9 comme s&rsquo;il l&rsquo;a tu\u00e9. Alors, Elifaz lui demanda comment il s&rsquo;arrangera avec sa t\u00eate, qu&rsquo;il se doit de rapporter \u00e0 son p\u00e8re. Alors, Yaacov lui proposa de dire \u00e0 son p\u00e8re que sur son chemin, il a rencontr\u00e9 un lion qui le mena\u00e7ait, alors, pour sauver sa vie, il jeta devant l&rsquo;animal la t\u00eate de Yaacoiv pour qu&rsquo;il \u201cs&rsquo;occupe\u201d de la t\u00eate et qu&rsquo;il le laisse tranquille. Elifaz accepta l&rsquo;id\u00e9e et \u00e9pargna ainsi Yaacov. D&rsquo;apr\u00e8s ce Midrash, on peut ajouter qu&rsquo;apr\u00e8s avoir eu cette discussion avec Elifaz, Yaacov se rappela de l&rsquo;enseignement selon lequel il faut veiller \u00e0 ce que l&rsquo;on dit, car \u201cune alliance est contract\u00e9e avec les l\u00e8vres\u201d, et on ne doit pas prononcer des paroles mauvaises pour ne pas qu&rsquo;elles se r\u00e9alisent. Et comme Yaacov avait dit \u00e0 Elifaz de dire que sa t\u00eate a \u00e9t\u00e9 jet\u00e9e \u00e0 un lion, il commen\u00e7a \u00e0 avoir peur pour sa t\u00eate. Et c&rsquo;est cela que pr\u00e9cise Rachi : il pla\u00e7a des pierres autour de sa t\u00eate pour se prot\u00e9ger des animaux sauvages (allusion au lion).<br \/>\nEnfin, le Likout\u00e9 Si&rsquo;hot explique le commentaire de Rachi de fa\u00e7on allusive. Yaacov se rendait \u00e0 &lsquo;Haran. Il savait qu&rsquo;il allait devoir y interrompre son \u00e9tude de la Thora pour travailler dur chez son oncle, comme ce fut r\u00e9ellement le cas. Ce monde profane du travail qu&rsquo;il ne connaissait pas lui faisait peur et il le comparait \u00e0 des animaux sauvages, du fait de l&rsquo;hostilit\u00e9 de ce milieu. Seulement, jusqu&rsquo;\u00e0 pr\u00e9sent, Yaacov n&rsquo;a investi tous ses efforts et ses capacit\u00e9s intellectuelles qu&rsquo;\u00e0 l&rsquo;\u00e9tude de la Thora et au Service Divin. A pr\u00e9sent qu&rsquo;il allait s&rsquo;investir dans le travail profane, il ne souhaitait pas y impliquer ses nobles facult\u00e9s, qui sont ses forces intellectuelles, qui font toute la noblesse de l&rsquo;homme. Les forces de l&rsquo;esprit doivent \u00eatre r\u00e9serv\u00e9es \u00e0 la Thora. Pour le travail et les occupations profanes, on ne doit utiliser que les forces superficielles et externes de la personnalit\u00e9, qui sont les forces des mains et des pieds. Mais il ne faut pas y investir son cerveau. Cela est en allusion dans le verset : \u00ab Fais des efforts avec tes mains pour que tu manges \u00bb. Pour sa subsistance, on ne doit faire des efforts qu&rsquo;avec ses mains, ses forces ext\u00e9rieures, mais pas avec sa t\u00eate et ses forces profondes, qui doivent \u00eatre consacr\u00e9es au service Divin. C&rsquo;est ainsi que Yaacov pla\u00e7a ces pierres autour de sa t\u00eate, pour prot\u00e9ger ses forces intellectuelles des animaux sauvages, allusion \u00e0 la vie hostile qu&rsquo;il conna\u00eetra chez Lavan, dans le monde profane, \u00e9loign\u00e9 de la s\u00e9r\u00e9nit\u00e9 de son \u00e9tude.<\/p>\n<h3 style=\"text-align: center;\"><strong>Le coin Halakha<\/strong><\/h3>\n<p style=\"text-align: justify;\">Du fromage chaud (au minimum 45\u00b0) qui entre en contact avec de la viande froide, ou bien de la viande chaude qui touche du fromage froid, de sorte que le chaud est en haut et le froid est en bas, on consid\u00e8re que c&rsquo;est celui du bas qui domine. Ainsi, on consid\u00e9rera que le \u201cfroid\u201d qui est en bas refroidira le \u201cchaud\u201d qui est en haut, et donc que tout est consid\u00e9r\u00e9 comme froid. Malgr\u00e9 tout, on enl\u00e8vera une fine pellicule de viande et de fromage \u00e0 l&rsquo;endroit du contact, car le temps que le \u201cfroid\u201d refroidisse le \u201cchaud\u201d, une l\u00e9g\u00e8re absorption a pu se r\u00e9aliser. Tout cela n&rsquo;est valable que si ni la viande ni le fromage n&rsquo;est gras. Mais si l&rsquo;un des deux est gras, dans tous les cas o\u00f9 l&rsquo;un des deux est chaud, tout sera interdit, car la graisse infiltre le go\u00fbt (de l&rsquo;autre) dans tout le morceau.<br \/>\nSi de la viande sal\u00e9e au point de ne pas pouvoir \u00eatre consomm\u00e9e \u00e0 cause du sel, a touch\u00e9 du fromage sal\u00e9e de la m\u00eame fa\u00e7on, on devra enlever une fine pellicule de viande et de fromage \u00e0 l&rsquo;endroit du contact et le reste est permis. Mais si seul l&rsquo;un des deux (la viande ou le fromage) n&rsquo;est sal\u00e9, et qu&rsquo;ils se touchent, on rincera simplement le morceau sal\u00e9, et on enl\u00e8vera la pellicule de l&rsquo;autre. Si l&rsquo;un des deux est gras, l\u00e0 aussi tout est interdit.<\/p>\n<h3 style=\"text-align: center;\"><strong>Le coin Question<\/strong><\/h3>\n<p style=\"text-align: justify;\">L&rsquo;huile r\u00e9serv\u00e9e \u00e0 l&rsquo;allumage de la &lsquo;Hanoukia, qui est rest\u00e9e en trop apr\u00e8s l&rsquo;allumage, on ne pourra pas en profiter m\u00eame apr\u00e8s &lsquo;Hanouka.<br \/>\nBien plus, on ne pourra m\u00eame pas ajouter \u00e0 priori 60 fois plus d&rsquo;huile permise \u00e0 cette huile pour la permettre par le principe de l&rsquo;annulation.<br \/>\n<strong><u>Question :<\/u><\/strong> Bien qu&rsquo;on n&rsquo;ait pas le droit de prendre un interdit et le m\u00e9langer \u00e0 priori dans 60 fois plus de permis pour l&rsquo;annuler, malgr\u00e9 tout, on a le droit d&rsquo;ajouter 60 fois plus de permis \u00e0 un interdit d&rsquo;ordre rabbinique pour l&rsquo;annuler. Puisque l&rsquo;interdit de profiter de l&rsquo;huile restante de l&rsquo;allumage de &lsquo;Hanouka est d&rsquo;ordre rabbinique, pourquoi ne pourrait-on pas ajouter 60 fois plus d&rsquo;huile permise pour l&rsquo;annuler ?<br \/>\n<strong><u>R\u00e9ponse :<\/u><\/strong> Il est une r\u00e8gle selon laquelle un interdit qui est appel\u00e9 \u00e0 devenir permis, ne s&rsquo;annulera pas m\u00eame dans 1000 fois plus. Car on n&rsquo;a qu&rsquo;\u00e0 attendre qu&rsquo;il redevienne permis pour l&rsquo;utiliser. Or l&rsquo;huile de &lsquo;Hanouka est aussi appel\u00e9e \u00e0 redevenir permise, car on pourra l&rsquo;utiliser de fa\u00e7on permise en l&rsquo;utilisant pour allumer la &lsquo;Hanoukia \u00e0 &lsquo;Hanouka prochain. Puisqu&rsquo;on peut l&rsquo;utiliser de fa\u00e7on permise sans user du principe de l&rsquo;annulation pour la permettre, on ne pourra donc pas se servir du principe de l&rsquo;annulation pour la permettre. (Rabbi David Liberman)<\/p>\n<hr \/>\n<p><strong>Chabbat Chalom !<\/strong><\/p>\n","protected":false},"excerpt":{"rendered":"<p>Paracha Vayets\u00e9 \/ \u05e4\u05e8\u05e9\u05d4 \u05d5\u05d9\u05e6\u05d0 6\/7 d\u00e9cembre 2019 &#8211; 9 Kislev 5780 \/ \u05d8&rsquo; \u05db\u05e1\u05dc\u05d5 \u05d4-\u05ea\u05e9&rsquo;\u05e3 D\u00e9but : 16h36 &#8211; Fin : 17h49 Les Horaires : Vendredi soir : 16h30 : Allumage des bougies et entr\u00e9e de Chabbat (heure maximum pour l&rsquo;allumage : 16h36) 16h30 : Min&rsquo;ha, suivi d&rsquo;un cours de Hala&rsquo;hot 17h45 : Chir &hellip; <\/p>\n<p><a class=\"more-link btn\" href=\"https:\/\/acjbb-sud.org\/index.php\/2019\/12\/03\/chabbat-vayetse-5780\/\">Lire la suite<\/a><\/p>\n","protected":false},"author":1,"featured_media":2195,"comment_status":"open","ping_status":"open","sticky":false,"template":"","format":"standard","meta":{"jetpack_post_was_ever_published":false,"_jetpack_newsletter_access":"","_jetpack_dont_email_post_to_subs":false,"_jetpack_newsletter_tier_id":0,"_jetpack_memberships_contains_paywalled_content":false,"_jetpack_memberships_contains_paid_content":false,"footnotes":"","jetpack_publicize_message":"","jetpack_publicize_feature_enabled":true,"jetpack_social_post_already_shared":true,"jetpack_social_options":{"image_generator_settings":{"template":"highway","default_image_id":0,"font":"","enabled":false},"version":2}},"categories":[3],"tags":[47,137],"class_list":["post-3226","post","type-post","status-publish","format-standard","has-post-thumbnail","hentry","category-chabbat","tag-chabbat","tag-vayetse","item-wrap"],"yoast_head":"<!-- This site is optimized with the Yoast SEO plugin v26.6 - https:\/\/yoast.com\/wordpress\/plugins\/seo\/ -->\n<title>Chabbat Vayets\u00e9 - Synagogue ACJBB Boulogne Sud<\/title>\n<meta name=\"robots\" content=\"index, follow, max-snippet:-1, max-image-preview:large, max-video-preview:-1\" \/>\n<link rel=\"canonical\" href=\"https:\/\/acjbb-sud.org\/index.php\/2019\/12\/03\/chabbat-vayetse-5780\/\" \/>\n<meta property=\"og:locale\" content=\"fr_FR\" \/>\n<meta property=\"og:type\" content=\"article\" \/>\n<meta property=\"og:title\" content=\"Chabbat Vayets\u00e9 - Synagogue ACJBB Boulogne Sud\" \/>\n<meta property=\"og:description\" content=\"Paracha Vayets\u00e9 \/ \u05e4\u05e8\u05e9\u05d4 \u05d5\u05d9\u05e6\u05d0 6\/7 d\u00e9cembre 2019 &#8211; 9 Kislev 5780 \/ \u05d8&rsquo; \u05db\u05e1\u05dc\u05d5 \u05d4-\u05ea\u05e9&rsquo;\u05e3 D\u00e9but : 16h36 &#8211; Fin : 17h49 Les Horaires : Vendredi soir : 16h30 : Allumage des bougies et entr\u00e9e de Chabbat (heure maximum pour l&rsquo;allumage : 16h36) 16h30 : Min&rsquo;ha, suivi d&rsquo;un cours de Hala&rsquo;hot 17h45 : Chir &hellip; Lire la suite\" \/>\n<meta property=\"og:url\" content=\"https:\/\/acjbb-sud.org\/index.php\/2019\/12\/03\/chabbat-vayetse-5780\/\" \/>\n<meta property=\"og:site_name\" content=\"Synagogue ACJBB Boulogne Sud\" \/>\n<meta property=\"article:published_time\" content=\"2019-12-03T14:16:47+00:00\" \/>\n<meta property=\"article:modified_time\" content=\"2019-12-05T20:37:56+00:00\" \/>\n<meta property=\"og:image\" content=\"https:\/\/acjbb-sud.org\/wp-content\/uploads\/2018\/10\/ACJBB-Sud-Chabbat-halots-bougies-vin-600-logos-v2.jpg\" \/>\n\t<meta property=\"og:image:width\" content=\"615\" \/>\n\t<meta property=\"og:image:height\" content=\"433\" \/>\n\t<meta property=\"og:image:type\" content=\"image\/jpeg\" \/>\n<meta name=\"author\" content=\"AcjbbSud\" \/>\n<meta name=\"twitter:card\" content=\"summary_large_image\" \/>\n<meta name=\"twitter:label1\" content=\"\u00c9crit par\" \/>\n\t<meta name=\"twitter:data1\" content=\"AcjbbSud\" \/>\n\t<meta name=\"twitter:label2\" content=\"Dur\u00e9e de lecture estim\u00e9e\" \/>\n\t<meta name=\"twitter:data2\" content=\"24 minutes\" \/>\n<script type=\"application\/ld+json\" class=\"yoast-schema-graph\">{\"@context\":\"https:\/\/schema.org\",\"@graph\":[{\"@type\":\"WebPage\",\"@id\":\"https:\/\/acjbb-sud.org\/index.php\/2019\/12\/03\/chabbat-vayetse-5780\/\",\"url\":\"https:\/\/acjbb-sud.org\/index.php\/2019\/12\/03\/chabbat-vayetse-5780\/\",\"name\":\"Chabbat Vayets\u00e9 - Synagogue ACJBB Boulogne Sud\",\"isPartOf\":{\"@id\":\"https:\/\/acjbb-sud.org\/#website\"},\"primaryImageOfPage\":{\"@id\":\"https:\/\/acjbb-sud.org\/index.php\/2019\/12\/03\/chabbat-vayetse-5780\/#primaryimage\"},\"image\":{\"@id\":\"https:\/\/acjbb-sud.org\/index.php\/2019\/12\/03\/chabbat-vayetse-5780\/#primaryimage\"},\"thumbnailUrl\":\"https:\/\/acjbb-sud.org\/wp-content\/uploads\/2018\/10\/ACJBB-Sud-Chabbat-halots-bougies-vin-600-logos-v2.jpg\",\"datePublished\":\"2019-12-03T14:16:47+00:00\",\"dateModified\":\"2019-12-05T20:37:56+00:00\",\"author\":{\"@id\":\"https:\/\/acjbb-sud.org\/#\/schema\/person\/adc8f09fb72c9d0dc78509106dc5e9f0\"},\"breadcrumb\":{\"@id\":\"https:\/\/acjbb-sud.org\/index.php\/2019\/12\/03\/chabbat-vayetse-5780\/#breadcrumb\"},\"inLanguage\":\"fr-FR\",\"potentialAction\":[{\"@type\":\"ReadAction\",\"target\":[\"https:\/\/acjbb-sud.org\/index.php\/2019\/12\/03\/chabbat-vayetse-5780\/\"]}]},{\"@type\":\"ImageObject\",\"inLanguage\":\"fr-FR\",\"@id\":\"https:\/\/acjbb-sud.org\/index.php\/2019\/12\/03\/chabbat-vayetse-5780\/#primaryimage\",\"url\":\"https:\/\/acjbb-sud.org\/wp-content\/uploads\/2018\/10\/ACJBB-Sud-Chabbat-halots-bougies-vin-600-logos-v2.jpg\",\"contentUrl\":\"https:\/\/acjbb-sud.org\/wp-content\/uploads\/2018\/10\/ACJBB-Sud-Chabbat-halots-bougies-vin-600-logos-v2.jpg\",\"width\":615,\"height\":433},{\"@type\":\"BreadcrumbList\",\"@id\":\"https:\/\/acjbb-sud.org\/index.php\/2019\/12\/03\/chabbat-vayetse-5780\/#breadcrumb\",\"itemListElement\":[{\"@type\":\"ListItem\",\"position\":1,\"name\":\"Accueil\",\"item\":\"https:\/\/acjbb-sud.org\/\"},{\"@type\":\"ListItem\",\"position\":2,\"name\":\"Chabbat Vayets\u00e9\"}]},{\"@type\":\"WebSite\",\"@id\":\"https:\/\/acjbb-sud.org\/#website\",\"url\":\"https:\/\/acjbb-sud.org\/\",\"name\":\"Synagogue ACJBB Boulogne Sud\",\"description\":\"Synagogue \/ Association Communautaire Juive de Boulogne Billancourt (Sud)\",\"potentialAction\":[{\"@type\":\"SearchAction\",\"target\":{\"@type\":\"EntryPoint\",\"urlTemplate\":\"https:\/\/acjbb-sud.org\/?s={search_term_string}\"},\"query-input\":{\"@type\":\"PropertyValueSpecification\",\"valueRequired\":true,\"valueName\":\"search_term_string\"}}],\"inLanguage\":\"fr-FR\"},{\"@type\":\"Person\",\"@id\":\"https:\/\/acjbb-sud.org\/#\/schema\/person\/adc8f09fb72c9d0dc78509106dc5e9f0\",\"name\":\"AcjbbSud\",\"image\":{\"@type\":\"ImageObject\",\"inLanguage\":\"fr-FR\",\"@id\":\"https:\/\/acjbb-sud.org\/#\/schema\/person\/image\/\",\"url\":\"https:\/\/secure.gravatar.com\/avatar\/ea30fe7a8231c8c0bf30066f86006714af7be34ba414543eaab3e453b92901aa?s=96&d=mm&r=g\",\"contentUrl\":\"https:\/\/secure.gravatar.com\/avatar\/ea30fe7a8231c8c0bf30066f86006714af7be34ba414543eaab3e453b92901aa?s=96&d=mm&r=g\",\"caption\":\"AcjbbSud\"},\"url\":\"https:\/\/acjbb-sud.org\/index.php\/author\/acjbbsud\/\"}]}<\/script>\n<!-- \/ Yoast SEO plugin. -->","yoast_head_json":{"title":"Chabbat Vayets\u00e9 - Synagogue ACJBB Boulogne Sud","robots":{"index":"index","follow":"follow","max-snippet":"max-snippet:-1","max-image-preview":"max-image-preview:large","max-video-preview":"max-video-preview:-1"},"canonical":"https:\/\/acjbb-sud.org\/index.php\/2019\/12\/03\/chabbat-vayetse-5780\/","og_locale":"fr_FR","og_type":"article","og_title":"Chabbat Vayets\u00e9 - Synagogue ACJBB Boulogne Sud","og_description":"Paracha Vayets\u00e9 \/ \u05e4\u05e8\u05e9\u05d4 \u05d5\u05d9\u05e6\u05d0 6\/7 d\u00e9cembre 2019 &#8211; 9 Kislev 5780 \/ \u05d8&rsquo; \u05db\u05e1\u05dc\u05d5 \u05d4-\u05ea\u05e9&rsquo;\u05e3 D\u00e9but : 16h36 &#8211; Fin : 17h49 Les Horaires : Vendredi soir : 16h30 : Allumage des bougies et entr\u00e9e de Chabbat (heure maximum pour l&rsquo;allumage : 16h36) 16h30 : Min&rsquo;ha, suivi d&rsquo;un cours de Hala&rsquo;hot 17h45 : Chir &hellip; Lire la suite","og_url":"https:\/\/acjbb-sud.org\/index.php\/2019\/12\/03\/chabbat-vayetse-5780\/","og_site_name":"Synagogue ACJBB Boulogne Sud","article_published_time":"2019-12-03T14:16:47+00:00","article_modified_time":"2019-12-05T20:37:56+00:00","og_image":[{"width":615,"height":433,"url":"https:\/\/acjbb-sud.org\/wp-content\/uploads\/2018\/10\/ACJBB-Sud-Chabbat-halots-bougies-vin-600-logos-v2.jpg","type":"image\/jpeg"}],"author":"AcjbbSud","twitter_card":"summary_large_image","twitter_misc":{"\u00c9crit par":"AcjbbSud","Dur\u00e9e de lecture estim\u00e9e":"24 minutes"},"schema":{"@context":"https:\/\/schema.org","@graph":[{"@type":"WebPage","@id":"https:\/\/acjbb-sud.org\/index.php\/2019\/12\/03\/chabbat-vayetse-5780\/","url":"https:\/\/acjbb-sud.org\/index.php\/2019\/12\/03\/chabbat-vayetse-5780\/","name":"Chabbat Vayets\u00e9 - Synagogue ACJBB Boulogne Sud","isPartOf":{"@id":"https:\/\/acjbb-sud.org\/#website"},"primaryImageOfPage":{"@id":"https:\/\/acjbb-sud.org\/index.php\/2019\/12\/03\/chabbat-vayetse-5780\/#primaryimage"},"image":{"@id":"https:\/\/acjbb-sud.org\/index.php\/2019\/12\/03\/chabbat-vayetse-5780\/#primaryimage"},"thumbnailUrl":"https:\/\/acjbb-sud.org\/wp-content\/uploads\/2018\/10\/ACJBB-Sud-Chabbat-halots-bougies-vin-600-logos-v2.jpg","datePublished":"2019-12-03T14:16:47+00:00","dateModified":"2019-12-05T20:37:56+00:00","author":{"@id":"https:\/\/acjbb-sud.org\/#\/schema\/person\/adc8f09fb72c9d0dc78509106dc5e9f0"},"breadcrumb":{"@id":"https:\/\/acjbb-sud.org\/index.php\/2019\/12\/03\/chabbat-vayetse-5780\/#breadcrumb"},"inLanguage":"fr-FR","potentialAction":[{"@type":"ReadAction","target":["https:\/\/acjbb-sud.org\/index.php\/2019\/12\/03\/chabbat-vayetse-5780\/"]}]},{"@type":"ImageObject","inLanguage":"fr-FR","@id":"https:\/\/acjbb-sud.org\/index.php\/2019\/12\/03\/chabbat-vayetse-5780\/#primaryimage","url":"https:\/\/acjbb-sud.org\/wp-content\/uploads\/2018\/10\/ACJBB-Sud-Chabbat-halots-bougies-vin-600-logos-v2.jpg","contentUrl":"https:\/\/acjbb-sud.org\/wp-content\/uploads\/2018\/10\/ACJBB-Sud-Chabbat-halots-bougies-vin-600-logos-v2.jpg","width":615,"height":433},{"@type":"BreadcrumbList","@id":"https:\/\/acjbb-sud.org\/index.php\/2019\/12\/03\/chabbat-vayetse-5780\/#breadcrumb","itemListElement":[{"@type":"ListItem","position":1,"name":"Accueil","item":"https:\/\/acjbb-sud.org\/"},{"@type":"ListItem","position":2,"name":"Chabbat Vayets\u00e9"}]},{"@type":"WebSite","@id":"https:\/\/acjbb-sud.org\/#website","url":"https:\/\/acjbb-sud.org\/","name":"Synagogue ACJBB Boulogne Sud","description":"Synagogue \/ Association Communautaire Juive de Boulogne Billancourt (Sud)","potentialAction":[{"@type":"SearchAction","target":{"@type":"EntryPoint","urlTemplate":"https:\/\/acjbb-sud.org\/?s={search_term_string}"},"query-input":{"@type":"PropertyValueSpecification","valueRequired":true,"valueName":"search_term_string"}}],"inLanguage":"fr-FR"},{"@type":"Person","@id":"https:\/\/acjbb-sud.org\/#\/schema\/person\/adc8f09fb72c9d0dc78509106dc5e9f0","name":"AcjbbSud","image":{"@type":"ImageObject","inLanguage":"fr-FR","@id":"https:\/\/acjbb-sud.org\/#\/schema\/person\/image\/","url":"https:\/\/secure.gravatar.com\/avatar\/ea30fe7a8231c8c0bf30066f86006714af7be34ba414543eaab3e453b92901aa?s=96&d=mm&r=g","contentUrl":"https:\/\/secure.gravatar.com\/avatar\/ea30fe7a8231c8c0bf30066f86006714af7be34ba414543eaab3e453b92901aa?s=96&d=mm&r=g","caption":"AcjbbSud"},"url":"https:\/\/acjbb-sud.org\/index.php\/author\/acjbbsud\/"}]}},"jetpack_publicize_connections":[],"jetpack_featured_media_url":"https:\/\/acjbb-sud.org\/wp-content\/uploads\/2018\/10\/ACJBB-Sud-Chabbat-halots-bougies-vin-600-logos-v2.jpg","jetpack_sharing_enabled":true,"jetpack_shortlink":"https:\/\/wp.me\/p7sjOI-Q2","jetpack_likes_enabled":true,"_links":{"self":[{"href":"https:\/\/acjbb-sud.org\/index.php\/wp-json\/wp\/v2\/posts\/3226","targetHints":{"allow":["GET"]}}],"collection":[{"href":"https:\/\/acjbb-sud.org\/index.php\/wp-json\/wp\/v2\/posts"}],"about":[{"href":"https:\/\/acjbb-sud.org\/index.php\/wp-json\/wp\/v2\/types\/post"}],"author":[{"embeddable":true,"href":"https:\/\/acjbb-sud.org\/index.php\/wp-json\/wp\/v2\/users\/1"}],"replies":[{"embeddable":true,"href":"https:\/\/acjbb-sud.org\/index.php\/wp-json\/wp\/v2\/comments?post=3226"}],"version-history":[{"count":6,"href":"https:\/\/acjbb-sud.org\/index.php\/wp-json\/wp\/v2\/posts\/3226\/revisions"}],"predecessor-version":[{"id":3235,"href":"https:\/\/acjbb-sud.org\/index.php\/wp-json\/wp\/v2\/posts\/3226\/revisions\/3235"}],"wp:featuredmedia":[{"embeddable":true,"href":"https:\/\/acjbb-sud.org\/index.php\/wp-json\/wp\/v2\/media\/2195"}],"wp:attachment":[{"href":"https:\/\/acjbb-sud.org\/index.php\/wp-json\/wp\/v2\/media?parent=3226"}],"wp:term":[{"taxonomy":"category","embeddable":true,"href":"https:\/\/acjbb-sud.org\/index.php\/wp-json\/wp\/v2\/categories?post=3226"},{"taxonomy":"post_tag","embeddable":true,"href":"https:\/\/acjbb-sud.org\/index.php\/wp-json\/wp\/v2\/tags?post=3226"}],"curies":[{"name":"wp","href":"https:\/\/api.w.org\/{rel}","templated":true}]}}