{"id":3238,"date":"2019-12-11T12:29:59","date_gmt":"2019-12-11T11:29:59","guid":{"rendered":"https:\/\/acjbb-sud.org\/?p=3238"},"modified":"2019-12-12T23:15:46","modified_gmt":"2019-12-12T22:15:46","slug":"chabbat-valyichlah-5780","status":"publish","type":"post","link":"https:\/\/acjbb-sud.org\/index.php\/2019\/12\/11\/chabbat-valyichlah-5780\/","title":{"rendered":"Chabbat Valyichla&rsquo;h"},"content":{"rendered":"<h3 style=\"text-align: center; padding-left: 30px;\"><strong>Paracha Valyichla&rsquo;h \/ <span dir=\"RTL\" lang=\"HE\">\u05e4\u05e8\u05e9\u05d4 \u05d5\u05d9\u05e9\u05dc\u05d7<\/span><\/strong><\/h3>\n<h4 style=\"text-align: center;\"><strong>13\/14 d\u00e9cembre 2019 &#8211; 16 Kislev 5780 \/ <span dir=\"RTL\" lang=\"HE\">\u05d8&rsquo;\u05d6 \u05db\u05e1\u05dc\u05d5 \u05d4-\u05ea\u05e9&rsquo;\u05e3<\/span><\/strong><\/h4>\n<h4 style=\"text-align: center;\"><em><strong>D\u00e9but : 16h36 &#8211; Fin : 17h49<\/strong><\/em><\/h4>\n<p style=\"text-align: justify;\"><img loading=\"lazy\" decoding=\"async\" class=\"wp-image-2195 size-full aligncenter\" src=\"https:\/\/acjbb-sud.org\/wp-content\/uploads\/2018\/10\/ACJBB-Sud-Chabbat-halots-bougies-vin-600-logos-v2.jpg\" alt=\"\" width=\"615\" height=\"433\" srcset=\"https:\/\/acjbb-sud.org\/wp-content\/uploads\/2018\/10\/ACJBB-Sud-Chabbat-halots-bougies-vin-600-logos-v2.jpg 615w, https:\/\/acjbb-sud.org\/wp-content\/uploads\/2018\/10\/ACJBB-Sud-Chabbat-halots-bougies-vin-600-logos-v2-300x211.jpg 300w\" sizes=\"auto, (max-width: 615px) 100vw, 615px\" \/><\/p>\n<h3><strong><span style=\"text-decoration: underline;\">Les Horaires :<\/span> <\/strong><\/h3>\n<p><em><strong>Vendredi soir :<\/strong><\/em><br \/>\n<strong>16h30<\/strong> : Allumage des bougies et entr\u00e9e de Chabbat (heure maximum pour l&rsquo;allumage : <span style=\"color: #ff0000;\"><strong>16h36<\/strong><\/span>)<br \/>\n<strong>16h30<\/strong> : Min&rsquo;ha, suivi d&rsquo;un cours de Hala&rsquo;hot<br \/>\n<strong>17h45<\/strong> : Chir haChirim, suivi de Kabbalat Chabbat et Arvit<br \/>\nD\u2019var Thora par le <strong>Rav Mika\u00ebl MOUYAL<\/strong><\/p>\n<p><strong><em>Samedi matin :<\/em><\/strong><br \/>\n<strong>09h00<\/strong> : Cha\u2019harit<br \/>\nL\u2019office sera suivi d\u2019un kiddouch communautaire<br \/>\nApr\u00e8s l\u2019office, cours mixte sur la Paracha par le <strong>Rabbin Mickael MOUYAL<\/strong><\/p>\n<p><em><strong>Samedi apr\u00e8s-midi :<\/strong><\/em><br \/>\n<strong>16h00<\/strong> : T\u00e9hilim &#8211; Lecture collective des T\u00e9hilim &#8211; Alpha\/Beta<br \/>\n<strong>16h15<\/strong> : Min\u2019ha Suivi de la S\u00e9ouda Ch\u00e9lichit, des chants de Chabbat et du D\u2019var Thora par le <strong>Rav Mika\u00ebl MOUYAL<\/strong><br \/>\n<strong>16h54<\/strong> : Shquiya \/ <span dir=\"RTL\" lang=\"HE\">\u05e9\u05e7\u05e2\u05ea \u05d4\u05d7\u05de\u05d4<\/span><\/p>\n<p><strong><em>Samedi soir :<\/em><\/strong><br \/>\n<strong>17h49<\/strong> : Fin de Chabbat, Arvit et Havdala<\/p>\n<p><strong>18h00<\/strong> : Cours mixte durant une demie-heure apr\u00e8s la Havdala. Le <strong>Rabbin Mickael MOUYAL<\/strong> vous offre la possibilit\u00e9 d\u2019\u00e9tudier le livre \u00ab <strong>Al\u00e9 Chour<\/strong> \u00bb afin de construire sa personnalit\u00e9.<br \/>\nLe Al\u00e9 Chour est un v\u00e9ritable classique de la philosophie rabbinique r\u00e9dig\u00e9 par le <strong>Rav Chlomo WOLBE<\/strong>.<\/p>\n<p><strong><em>Dimanche matin :<\/em> <\/strong><br \/>\n<strong>08h00<\/strong> : Cha\u2019harit<\/p>\n<p><strong><em><u>Lundi et Jeudi :<\/u><\/em><\/strong><br \/>\n<strong>7h10<\/strong> : Cha&rsquo;harit<\/p>\n<p><strong>Chabbat Chalom !<\/strong><\/p>\n<p><!--more--><\/p>\n<hr \/>\n<h3><strong><span style=\"text-decoration: underline;\">Carnet de familles :<\/span><br \/>\n<\/strong><\/h3>\n<p><strong>Naissance<\/strong><br \/>\nNous avons la joie d\u2019annoncer la naissance d\u2019un petit gar\u00e7on Chabbat dernier (9 Kislev) chez <strong>Leslie et Mosh\u00e9 BOCCARA<\/strong>. Nous souhaitons R\u00e9foua Ch\u00e9l\u00e9ma \u00e0 la maman et au b\u00e9b\u00e9 et adressons un grand Mazal tov aux parents, aux grands-parents, nos amis <strong>Aline et Y\u00e9hochoua BETTAN<\/strong> ainsi qu\u2019\u00e0 toute la famille.<br \/>\nLa Brith-Mila aura lieu \u05d1\u05e2&rsquo;\u05d4 ce Chabbat au domicile de la famille BOCCARA.<br \/>\n\u05de\u05d6\u05dc \u05d8\u05d5\u05d1<\/p>\n<hr \/>\n<h3><strong><span style=\"text-decoration: underline;\">Infos pratiques :<\/span><br \/>\n<\/strong><\/h3>\n<p>Heures de d\u00e9but des T\u00e9filines du lundi 16\/12 au vendredi 20\/12 : 07h27 &#8211; 07h28 &#8211; 07h28 &#8211; 07h29 &#8211; 07h29.<\/p>\n<hr \/>\n<h3><strong><span style=\"text-decoration: underline;\">Offices et cours de la semaine \u00e0 la Synagogue :<\/span><br \/>\n<\/strong><\/h3>\n<p><em>43 rue des abondances<\/em><\/p>\n<p><strong><em>Cha\u2019harit &#8211; 1er office :<\/em><\/strong><br \/>\n<em><u>Lundi et jeudi :<\/u><\/em><br \/>\n<strong>6h55<\/strong> : Cha&rsquo;harit<br \/>\n<em><u>Mardi, mercredi et vendredi :<\/u><\/em><br \/>\n<strong>7h00<\/strong> : Cha&rsquo;harit<br \/>\n<em><u>Dimanche :<\/u><\/em><br \/>\n<strong>8h00<\/strong> : Cha&rsquo;harit<\/p>\n<p><strong><em>Cha\u2019harit &#8211; 2\u00e8me Office :<\/em><\/strong><br \/>\n<strong>7h45<\/strong> : dans la Soucah\/Pergola<br \/>\nsuivi d&rsquo;une \u00e9tude par le <strong>Rabbin Didier Kassabi<\/strong> du lundi au jeudi, et par le <strong>Rav Avner Ibgui<\/strong> le vendredi<\/p>\n<p><strong><em>Min\u2019ha :<\/em><\/strong><br \/>\n<strong>13h30<\/strong> : du dimanche au jeudi (repas et cours \u00e0 partir de 13h00)<\/p>\n<p><strong><em>Arvit :<\/em><\/strong><br \/>\n<strong>19h30<\/strong> : du dimanche au jeudi<\/p>\n<p>Retrouvez les horaires de la synagogue <a href=\"https:\/\/synaboulogne.com\/horaires-offices\/\" target=\"_blank\" rel=\"noopener noreferrer\">ici<\/a>.<\/p>\n<hr \/>\n<h3><strong><span style=\"text-decoration: underline;\">Beth Hamidrach :<\/span><br \/>\n<\/strong><\/h3>\n<p style=\"text-align: justify;\">Le <strong>Rabbin Didier Kassabi<\/strong> donne un cours de Gu\u00e9mara chaque lundi soir \u00e0 20h00 \u00e0 la Synagogue de Boulogne Billancourt, 43 rue des abondances.<\/p>\n<p><img decoding=\"async\" class=\"aligncenter wp-image-2318 size-large\" src=\"https:\/\/acjbb-sud.org\/wp-content\/uploads\/2018\/12\/Rav-Didier-Kassabi-ACJBB-Boulogne-Sud-1024x656.jpg\" alt=\"\" width=\"600\" srcset=\"https:\/\/acjbb-sud.org\/wp-content\/uploads\/2018\/12\/Rav-Didier-Kassabi-ACJBB-Boulogne-Sud-1024x656.jpg 1024w, https:\/\/acjbb-sud.org\/wp-content\/uploads\/2018\/12\/Rav-Didier-Kassabi-ACJBB-Boulogne-Sud-300x192.jpg 300w, https:\/\/acjbb-sud.org\/wp-content\/uploads\/2018\/12\/Rav-Didier-Kassabi-ACJBB-Boulogne-Sud-768x492.jpg 768w, https:\/\/acjbb-sud.org\/wp-content\/uploads\/2018\/12\/Rav-Didier-Kassabi-ACJBB-Boulogne-Sud.jpg 1588w\" sizes=\"(max-width: 1024px) 100vw, 1024px\" \/><\/p>\n<p>Retrouvez tous les cours du Rabbin Kassabi <a href=\"https:\/\/acjbb-sud.org\/index.php\/cours-du-rabbin-kassabi\/\" target=\"_blank\" rel=\"noopener noreferrer\">sur cette page<\/a> !!<\/p>\n<p>Retrouvez toutes les informations et tous les cours du <em><strong>Beth Hamidrach de Boulogne<\/strong><\/em> sur <a href=\"https:\/\/synaboulogne.com\/beth-hamidrach\/\" target=\"_blank\" rel=\"noopener noreferrer\">cette page<\/a> !<\/p>\n<hr \/>\n<h3><strong><span style=\"text-decoration: underline;\">Talmud Thorah :<\/span><br \/>\n<\/strong><\/h3>\n<h4>Message \u00e0 tous les Parents<\/h4>\n<p>Tous les parents ont le devoir d&rsquo;assurer l&rsquo;\u00e9ducation juive de leurs enfants. Cette transmission passe naturellement par ce qui est v\u00e9cu au c\u0153ur du foyer mais elle doit \u00eatre sublim\u00e9e par un enseignement traditionnel dans le cadre de nos structures communautaires.<br \/>\nC&rsquo;est dans cette optique que notre Talmud Torah ouvre ses portes afin d&rsquo;y accueillir vos enfants.<\/p>\n<p>\u00c0 partir de leur rentr\u00e9e en CE1, aucun enfant de la communaut\u00e9 ne doit rester en marge de la d\u00e9couverte de leur juda\u00efsme.<\/p>\n<p>N\u2019h\u00e9sitez pas \u00e0 <a href=\"mailto:didierkassabi@gmail.com?subject=&quot;Talmud Torah Boulogne&quot;\" target=\"_blank\" rel=\"noopener noreferrer\">contacter notre Rabbin Didier KASSABI<\/a> pour toute demande de renseignements.<\/p>\n<hr \/>\n<h3><strong><span style=\"text-decoration: underline;\">Activit\u00e9 du Bn\u00e9 Akiva :<\/span><br \/>\n<\/strong><\/h3>\n<p>Cette semaine, l&rsquo;activit\u00e9 de Chabbat du Bn\u00e9 Akiva a lieu \u00e0 la <strong>Synagogue ACJBB Boulogne Sud, 134 bis rue du Point du Jour<\/strong> \u00e0 partir de 16h00.<\/p>\n<p><a href=\"https:\/\/acjbb-sud.org\/wp-content\/uploads\/2019\/12\/ACJBB-Sud-Bne-Akiva-Activite-Chabbat-Vayichlah-5780.jpg\"><img decoding=\"async\" class=\"aligncenter wp-image-3239 size-full\" src=\"https:\/\/acjbb-sud.org\/wp-content\/uploads\/2019\/12\/ACJBB-Sud-Bne-Akiva-Activite-Chabbat-Vayichlah-5780.jpg\" alt=\"\" width=\"600\" srcset=\"https:\/\/acjbb-sud.org\/wp-content\/uploads\/2019\/12\/ACJBB-Sud-Bne-Akiva-Activite-Chabbat-Vayichlah-5780.jpg 1007w, https:\/\/acjbb-sud.org\/wp-content\/uploads\/2019\/12\/ACJBB-Sud-Bne-Akiva-Activite-Chabbat-Vayichlah-5780-300x295.jpg 300w, https:\/\/acjbb-sud.org\/wp-content\/uploads\/2019\/12\/ACJBB-Sud-Bne-Akiva-Activite-Chabbat-Vayichlah-5780-768x754.jpg 768w\" sizes=\"(max-width: 1007px) 100vw, 1007px\" \/><\/a><\/p>\n<p><em><strong>Information aux parents :<\/strong><\/em> pour avoir toutes les informations sur les activit\u00e9s du Bn\u00e9 Akiva, pour \u00e9changer avec les madri&rsquo;him, vous pouvez rejoindre le groupe WhatsApp BNE AKIVA &#8211; Parents et Madri&rsquo;him en cliquant sur le lien <a href=\"http:\/\/bit.ly\/2nVbURP\" target=\"_blank\" rel=\"noopener noreferrer\">http:\/\/bit.ly\/2nVbURP<\/a><\/p>\n<hr \/>\n<h3><strong><span style=\"text-decoration: underline;\">Sortie du Bn\u00e9 Akiva :<\/span><br \/>\n<\/strong><\/h3>\n<p>La sortie \u00e0 la patinoire f\u00fbt un grand succ\u00e9s pour les enfants qui en sont resorties enjou\u00e9s.<\/p>\n<p><a href=\"https:\/\/acjbb-sud.org\/wp-content\/uploads\/2019\/12\/ACJBB-Bne-Akiva-sortie-patinoir-decembre-2019.jpg\"><img decoding=\"async\" class=\"aligncenter wp-image-3244 size-full\" src=\"https:\/\/acjbb-sud.org\/wp-content\/uploads\/2019\/12\/ACJBB-Bne-Akiva-sortie-patinoir-decembre-2019.jpg\" alt=\"\" width=\"600\" srcset=\"https:\/\/acjbb-sud.org\/wp-content\/uploads\/2019\/12\/ACJBB-Bne-Akiva-sortie-patinoir-decembre-2019.jpg 1024w, https:\/\/acjbb-sud.org\/wp-content\/uploads\/2019\/12\/ACJBB-Bne-Akiva-sortie-patinoir-decembre-2019-300x225.jpg 300w, https:\/\/acjbb-sud.org\/wp-content\/uploads\/2019\/12\/ACJBB-Bne-Akiva-sortie-patinoir-decembre-2019-768x576.jpg 768w\" sizes=\"(max-width: 1024px) 100vw, 1024px\" \/><\/a><\/p>\n<p>Un grand bravo aux madrihims pour leur engagement et l\u2019accompagnement des enfants !<\/p>\n<p>A l&rsquo;occasion e la Grande f\u00eate de Hanoucah de la Communaut\u00e9 juive de Boulogne qui aura lieu dimanche 22 d\u00e9cembre de 16h30 \u00e0 18h30, le Bn\u00e9 Akiva de Boulogne vous propose la Grande Tombola de Hanouca chaque billet 10\u20ac, avec re\u00e7u Cerfa \u00e0 partir de 10 billets.<br \/>\nLa tombola sera tir\u00e9e au cours de la f\u00eate de Hanouca avec 2 lots :<\/p>\n<ul>\n<li>un iPhone 11<\/li>\n<li>des AirPods<\/li>\n<\/ul>\n<p>Vous pouvez acheter les billets de tombola en cliquant sur <a href=\"https:\/\/synaboulogne.us12.list-manage.com\/track\/click?u=f13343cbc4710ddbadcdef23f&amp;id=8f218ff794&amp;e=744d346afc\" target=\"_blank\" rel=\"noopener noreferrer\">ce lien<\/a>.<\/p>\n<p>Bne Akiva- Torah Avoda et patinoire!\ud83d\ude0d<\/p>\n<hr \/>\n<h3><strong><span style=\"text-decoration: underline;\">\u00ab Les AMIS de la REFOUA \u00bb &#8211; Visite aux malades :<\/span><br \/>\n<\/strong><\/h3>\n<p style=\"text-align: justify;\">Des b\u00e9n\u00e9voles de Boulogne proposent aux personnes qui le demandent : l&rsquo;organisation d&rsquo;une chaine de lecture de T\u00e9hilims pour la gu\u00e9rison de nos malades, de prendre de leurs nouvelles et leur rendre visite dans les h\u00f4pitaux.<br \/>\nCes actions se font dans la plus grande discr\u00e9tion et s&rsquo;inscrivent dans le cadre du b\u00e9n\u00e9volat.<br \/>\nVous pourrez joindre &#8211; <em>les AMIS de la REFOUA<\/em> &#8211; au 06.03.75.34.15, ou par courriel \u00e0 : <a href=\"mailto:israelalbert1@gmail.com\">israelalbert1@gmail.com<\/a><br \/>\nVous pouvez aussi faire partie de ces b\u00e9n\u00e9voles, nous vous remercions par avance.<\/p>\n<hr \/>\n<h3><strong><span style=\"text-decoration: underline;\">Information ACJBB Boulogne Sud :<\/span><br \/>\n<\/strong><\/h3>\n<p style=\"text-align: justify;\">Retrouvez toutes les informations de l\u2019office sur : <a href=\"http:\/\/www.acjbb-sud.org\" target=\"_blank\" rel=\"noopener noreferrer\">www.acjbb-sud.org<\/a>.<br \/>\nSi vous souhaitez recevoir par mail la newsletter de l&rsquo;office, inscrivez-vous en nous envoyant un mail \u00e0 <a href=\"mailto:officeboulognesud@gmail.com\">officeboulognesud@gmail.com<\/a>.<br \/>\nRetrouvez \u00e9galement toutes les informations sur la page Facebook de l&rsquo;office : <a href=\"http:\/\/facebook.com\/acjbbsud\" target=\"_blank\" rel=\"noopener noreferrer\">facebook.com\/acjbbsud<\/a> et sur Twitter : <a href=\"http:\/\/twitter.com\/acjbbsud\" target=\"_blank\" rel=\"noopener noreferrer\">twitter.com\/acjbbsud<\/a>.<\/p>\n<hr \/>\n<h3><strong><span style=\"text-decoration: underline;\">R\u00e9servation des espaces communautaires :<\/span><br \/>\n<\/strong><\/h3>\n<p style=\"text-align: justify;\">Vous souhaitez organiser une manifestation (Brith-Mila, Bar-Mitsvah et Bat-Mitsvah, Mariage, Azkara, Soir\u00e9e Mikv\u00e9 Kala, etc&#8230; ) dans les espaces de la <strong>Synagogue de Boulogne<\/strong>, 43 rue des Abondances, contactez M. Alain Chicheportiche 06.95.62.58.41 &#8211; <a href=\"mailto:alainchicheportiche92@gmail.com\">alainchicheportiche92@gmail.com<\/a><\/p>\n<p style=\"text-align: justify;\">Vous souhaitez r\u00e9server la salle de <strong>Boulogne Sud<\/strong>, 134 bis rue du point du jour Boulogne Billancourt, contactez M. Patrick Sebban 06.03.02.30.78 &#8211; <a href=\"mailto:patrick.sebban2@paris.fr\">patrick.sebban2@paris.fr<\/a><\/p>\n<hr \/>\n<h3><strong><span style=\"text-decoration: underline;\">Mikv\u00e9 :<\/span><br \/>\n<\/strong><\/h3>\n<p><strong>Mikv\u00e9 pour les femmes<\/strong><br \/>\nLe mikv\u00e9 de Boulogne est ouvert :<\/p>\n<ul>\n<li>dimanche de 19h \u00e0 21h<\/li>\n<li>du lundi au jeudi de 20h \u00e0 22h<\/li>\n<li>vendredi soir : uniquement sur RDV , en envoyant un sms \u00e0 Mme Yael Kassabi au 06 22 76 15 04<\/li>\n<li>samedi soir : 1h apr\u00e8s Chabbat pendant 2h<\/li>\n<\/ul>\n<p>La Communaut\u00e9 juive de Boulogne recherche une <strong>Baalanit <\/strong>pour 2 soirs par semaine \u00e0 partir de mi-novembre. Prendre contact avec <a href=\"mailto:yaelkassabi@gmail.com?subject=Poste%20de%20Baalanit%20pour%20le%20Mikv%C3%A9%20de%20Boulogne\" target=\"_blank\" rel=\"noopener noreferrer\">Mme Yael Kassabi<\/a>.<\/p>\n<p><strong>Mikv\u00e9 vaisselle<\/strong><br \/>\nLe Mikv\u00e9 K\u00e9lim est ouvert tous les matins du dimanche au vendredi depuis l&rsquo;heure de la T\u00e9fila jusqu&rsquo;\u00e0 midi.<\/p>\n<hr \/>\n<h3><strong><span style=\"text-decoration: underline;\">Faire un don :<\/span><br \/>\n<\/strong><\/h3>\n<p style=\"text-align: justify;\">Pour faire vivre et participer activement \u00e0 cet office, <a href=\"http:\/\/www.acjbb-sud.org\/index.php\/faire-un-don\/\" target=\"_blank\" rel=\"noopener noreferrer\">faites un don<\/a> par internet ou envoyez vos ch\u00e8ques au <strong>134 bis rue du Point du Jour<\/strong>. Toutes les participations sont bienvenues, <em>les petits ruisseaux faisant de grandes rivi\u00e8res<\/em>, nous parviendrons, tous ensemble, \u00e0 faire vivre l\u2019Office de Boulogne Sud.<\/p>\n<p>Tizkou L\u00e9-Mitsvot !!<\/p>\n<hr \/>\n<h3><strong><span style=\"text-decoration: underline;\">Compte rendu de l&rsquo;assembl\u00e9e g\u00e9n\u00e9rale du CCIBB :<\/span><br \/>\n<\/strong><\/h3>\n<p><img loading=\"lazy\" decoding=\"async\" class=\"aligncenter size-full\" src=\"https:\/\/i1.wp.com\/ccibb.net\/wp-content\/uploads\/2019\/01\/meeting-reunion.jpg?resize=768%2C542&amp;ssl=1\" width=\"768\" height=\"542\" \/><br \/>\nCh\u00e8res adh\u00e9rentes, chers adh\u00e9rents,<br \/>\nVoici le <a href=\"https:\/\/ccibb.net\/wp-content\/uploads\/2019\/12\/CCIBB-Compte-Rendu-AGO-20191203.pdf\" target=\"_blank\" rel=\"noopener noreferrer\">compte rendu<\/a> de l\u2019Assembl\u00e9e G\u00e9n\u00e9rale Ordinaire du CCIBB qui s\u2019est tenu le 03\/12\/2019, ainsi que le r\u00e9sultat de l\u2019exercice 2018-2019 : <a href=\"https:\/\/ccibb.net\/wp-content\/uploads\/2019\/12\/CCIBB-AGO-03-12-2019-Rapport-financier-et-Bilan-au-31-08-2019_d%C3%A9finitif.pdf\" target=\"_blank\" rel=\"noopener noreferrer\">CCIBB \u2013 AGO et comptes 2018-2019<\/a>.<\/p>\n<p>Les \u00e9lections qui se sont d\u00e9roul\u00e9es lors de cette assembl\u00e9e g\u00e9n\u00e9rale ont donn\u00e9 lieu \u00e0 la constitution du nouveau bureau du Centre Communautaire.<br \/>\nLe bureau est constitu\u00e9 de Marc Soussan (pr\u00e9sident), Patrick Sebban (vice pr\u00e9sident), Jonathan Cahen (secr\u00e9taire), Jacques Etyngier (tr\u00e9sorier), qui sera aid\u00e9 par Lionel Bismuth et Salomon Israel, Myriam Aidan, Karen Gotschel, David Chicheportiche et David Bensimon.<\/p>\n<p>Nous remercions chaleureusement toutes les personnes qui se sont d\u00e9plac\u00e9s afin d\u2019assister \u00e0 l\u2019assembl\u00e9e g\u00e9n\u00e9rale.<\/p>\n<p>Si vous avez des questions, remarques ou suggestions, n\u2019h\u00e9sitez pas \u00e0 nous \u00e9crire : <a href=\"mailto:boulogne.ccibb@gmail.com\" target=\"_blank\" rel=\"noopener noreferrer\">boulogne.ccibb@gmail.com<\/a>.<\/p>\n<hr \/>\n<h3><strong><span style=\"text-decoration: underline;\">Visites aux personnes seules :<\/span><br \/>\n<\/strong><\/h3>\n<p><a href=\"https:\/\/acjbb-sud.org\/wp-content\/uploads\/2019\/12\/ACJBB-Synagogue-Boulogne-Levaker-visite-personnes-agees.jpg\"><img decoding=\"async\" class=\"aligncenter wp-image-3253 size-full\" src=\"https:\/\/acjbb-sud.org\/wp-content\/uploads\/2019\/12\/ACJBB-Synagogue-Boulogne-Levaker-visite-personnes-agees.jpg\" alt=\"\" width=\"600\" srcset=\"https:\/\/acjbb-sud.org\/wp-content\/uploads\/2019\/12\/ACJBB-Synagogue-Boulogne-Levaker-visite-personnes-agees.jpg 800w, https:\/\/acjbb-sud.org\/wp-content\/uploads\/2019\/12\/ACJBB-Synagogue-Boulogne-Levaker-visite-personnes-agees-300x300.jpg 300w, https:\/\/acjbb-sud.org\/wp-content\/uploads\/2019\/12\/ACJBB-Synagogue-Boulogne-Levaker-visite-personnes-agees-150x150.jpg 150w, https:\/\/acjbb-sud.org\/wp-content\/uploads\/2019\/12\/ACJBB-Synagogue-Boulogne-Levaker-visite-personnes-agees-768x768.jpg 768w\" sizes=\"(max-width: 800px) 100vw, 800px\" \/><\/a><\/p>\n<p>Chers amis membres de la communaut\u00e9 juive de Boulogne,<\/p>\n<p>Il existe d\u00e9sormais un syst\u00e8me organis\u00e9 et centralis\u00e9 de <strong>visites aux personnes \u00e2g\u00e9es qui le souhaiteraient<\/strong>, vivant seules ou loin de leurs familles, chez elles ou en R\u00e9sidence, \u00e0 Boulogne-m\u00eame et dans les banlieues et arrondissements parisiens voisins.<br \/>\nCe groupe, fra\u00eechement cr\u00e9\u00e9, a besoin de b\u00e9n\u00e9voles qui pourraient, une \u00e0 deux fois par mois, venir visiter pendant 15 \u00e0 30 minutes l\u2019une de ces personnes isol\u00e9es.<br \/>\nLe deuxi\u00e8me type de mission que propose ce groupe consiste \u00e0 <strong>rendre visite aux personnes hospitalis\u00e9es sur notre secteur g\u00e9ographique<\/strong>, en cas d\u2019\u00e9loignement familial, lorsqu&rsquo;une telle demande nous parviendra.<br \/>\n<strong>Nous avons besoin d\u2019autant de b\u00e9n\u00e9voles que possible pour que ce projet puisse durer<\/strong>.<br \/>\nIl vous sera aussi d\u00e9sormais possible de nous contacter directement pour nous communiquer les coordonn\u00e9es d&rsquo;une nouvelle personne \u00e0 visiter.<br \/>\nVous pouvez nous joindre par le biais du <span class=\"il\">Synamail<\/span>.<br \/>\nAu nom de la Communaut\u00e9 de Boulogne, je tiens \u00e0 vous remercier par avance pour toutes ces belles rencontres que nous ferons, pour tous ces petits moments d\u2019attention et de bonheur que nous offrirons \u00e0 nos Seniors et nos Malades.<br \/>\nTizkou le mitsvot<\/p>\n<p><strong>Yael Lazimy<\/strong>, pour le groupe \u00ab Levaker \u00bb<br \/>\nN&rsquo;h\u00e9sitez pas \u00e0 nous contacter par <a href=\"mailto:synamail@acjbb.com\" target=\"_blank\" rel=\"noopener noreferrer\"><span class=\"il\">synamail<\/span>@acjbb.com<\/a><\/p>\n<hr \/>\n<h3><strong><span style=\"text-decoration: underline;\">Participons \u00e0 la collecte des fondations du Centre Culturel Juif de Boulogne Billancourt :<\/span><br \/>\n<\/strong><\/h3>\n<p><img loading=\"lazy\" decoding=\"async\" class=\"aligncenter wp-image-2813 size-large\" src=\"https:\/\/acjbb-sud.org\/wp-content\/uploads\/2019\/07\/construction-du-centre-juif-de-boulogne-billancourt-1024x724.jpeg\" alt=\"\" width=\"720\" height=\"509\" srcset=\"https:\/\/acjbb-sud.org\/wp-content\/uploads\/2019\/07\/construction-du-centre-juif-de-boulogne-billancourt-1024x724.jpeg 1024w, https:\/\/acjbb-sud.org\/wp-content\/uploads\/2019\/07\/construction-du-centre-juif-de-boulogne-billancourt-300x212.jpeg 300w, https:\/\/acjbb-sud.org\/wp-content\/uploads\/2019\/07\/construction-du-centre-juif-de-boulogne-billancourt-768x543.jpeg 768w, https:\/\/acjbb-sud.org\/wp-content\/uploads\/2019\/07\/construction-du-centre-juif-de-boulogne-billancourt.jpeg 1122w\" sizes=\"auto, (max-width: 720px) 100vw, 720px\" \/><\/p>\n<p>La construction du Centre Culturel Juif de Boulogne a \u00e9t\u00e9 lanc\u00e9e le <strong>23 juin 2019<\/strong>. En plus de la campagne de collecte, nous avons d\u00e9cid\u00e9 d&rsquo;entreprendre une collecte \u00ab\u00a0<b>des Fondations du Centre Culturel<\/b>\u00ab\u00a0. A l&rsquo;image de la construction du Michkan, o\u00f9 Moch\u00e9 a demand\u00e9 \u00e0 tous les Bnei Israel de verser un demi-shekel pour financer les socles qui soutiennent les poutres du Michkan, nous invitons tous les boulonnais, hommes, femmes et enfants, \u00e0 contribuer aux fondations du Centre Culturel.<\/p>\n<p>La liste de tous les contributeurs sera affich\u00e9e pour que chacun puisse dire qu&rsquo;il a fait partie des fondateurs.<\/p>\n<p>Le montant est unique pour que dans cette phase, chacun puisse avoir une part \u00e9gale \u00e0 son voisin, quels que soient ses moyens et sa g\u00e9n\u00e9rosit\u00e9, chacun \u00e0 part \u00e9gale.<\/p>\n<p>Nous invitons donc tous les fid\u00e8les de notre communaut\u00e9 \u00e0 participer et surtout \u00e0 inviter tous nos coreligionnaires, familles, amis, voisins \u00e0 participer aussi au projet.<\/p>\n<p>Ainsi nous aurons collectivement le m\u00e9rite de r\u00e9pondre \u00e0 l&rsquo;injonction divine de la Paracha T\u00e9rouma :<br \/>\n\u00ab\u00a0\u05d5\u05b0\u05e2\u05b8\u05e9\u05c2\u05d5\u05bc \u05dc\u05b4\u05d9, \u05de\u05b4\u05e7\u05b0\u05d3\u05bc\u05b8\u05e9\u05c1; \u05d5\u05b0\u05e9\u05c1\u05b8\u05db\u05b7\u05e0\u05b0\u05ea\u05bc\u05b4\u05d9, \u05d1\u05bc\u05b0\u05ea\u05d5\u05b9\u05db\u05b8\u05dd.\u00a0\u00bb &#8211; \u00ab\u00a0<em>Et ils me construiront un sanctuaire, pour que je r\u00e9side au milieu d&rsquo;eux<\/em>\u00a0\u00bb <strong>Amen<\/strong> !<\/p>\n<p>Robert Ejnes<br \/>\nPr\u00e9sident<\/p>\n<p><strong>Mobilisons-nous :<\/strong><br \/>\n<a href=\"https:\/\/www.helloasso.com\/associations\/acjbb-2\/collectes\/les-fondations-du-centre-culturel-juif-de-boulogne\/\" target=\"_blank\" rel=\"noopener noreferrer\">Je participe \u00e0 la collecte des fondations du Centre Culturel Juif<\/a> !<\/p>\n<hr \/>\n<h3><strong><span style=\"text-decoration: underline;\">Dons pour le Centre Culturel de Boulogne Billancourt :<\/span><br \/>\n<\/strong><\/h3>\n<p style=\"text-align: justify;\">Le nouveau Centre Culturel sera situ\u00e9 \u00e0 l&rsquo;angle des rues Marcel Dassault et d&rsquo;Anjou.<\/p>\n<p style=\"text-align: justify;\">Il comprendra notamment :<\/p>\n<ul>\n<li style=\"list-style-type: none;\">\n<ul>\n<li>Une Synagogue<\/li>\n<li>Le Centre Communautaire (CCIBB)<\/li>\n<li>Une salle polyvalente<\/li>\n<li>Une salle des f\u00eates<\/li>\n<\/ul>\n<\/li>\n<\/ul>\n<p>Vous pouvez consulter la <a href=\"https:\/\/fr.calameo.com\/read\/00057892520c64798775e\" target=\"_blank\" rel=\"noopener noreferrer\">plaquette de pr\u00e9sentation du Centre Culturel de Boulogne<\/a><\/p>\n<p style=\"text-align: justify;\"><img decoding=\"async\" class=\"aligncenter wp-image-778 size-full\" src=\"http:\/\/acjbb-sud.org\/wp-content\/uploads\/2017\/06\/Acjbb-construction-1.png\" alt=\"\" width=\"600\" srcset=\"https:\/\/acjbb-sud.org\/wp-content\/uploads\/2017\/06\/Acjbb-construction-1.png 684w, https:\/\/acjbb-sud.org\/wp-content\/uploads\/2017\/06\/Acjbb-construction-1-300x202.png 300w, https:\/\/acjbb-sud.org\/wp-content\/uploads\/2017\/06\/Acjbb-construction-1-445x300.png 445w\" sizes=\"(max-width: 684px) 100vw, 684px\" \/><\/p>\n<h3 class=\"m_-5277437730878633356null\"><span style=\"color: #0000ff;\"><strong>Etat du dossier<\/strong><\/span><\/h3>\n<p><strong>Les travaux avancent !!!<\/strong><\/p>\n<p><strong>La base vie est en place les travaux des fondations en cours<br \/>\n<\/strong><\/p>\n\n\t\t<style type=\"text\/css\">\n\t\t\t#gallery-1 {\n\t\t\t\tmargin: auto;\n\t\t\t}\n\t\t\t#gallery-1 .gallery-item {\n\t\t\t\tfloat: left;\n\t\t\t\tmargin-top: 10px;\n\t\t\t\ttext-align: center;\n\t\t\t\twidth: 50%;\n\t\t\t}\n\t\t\t#gallery-1 img {\n\t\t\t\tborder: 2px solid #cfcfcf;\n\t\t\t}\n\t\t\t#gallery-1 .gallery-caption {\n\t\t\t\tmargin-left: 0;\n\t\t\t}\n\t\t\t\/* see gallery_shortcode() in wp-includes\/media.php *\/\n\t\t<\/style>\n\t\t<div id='gallery-1' class='gallery galleryid-3238 gallery-columns-2 gallery-size-full'><dl class='gallery-item'>\n\t\t\t<dt class='gallery-icon landscape'>\n\t\t\t\t<a href='https:\/\/acjbb-sud.org\/index.php\/2019\/11\/27\/chabbat-toledot-5780\/acjbb-centre-culturel-juif-boulogne-20191120\/'><img loading=\"lazy\" decoding=\"async\" width=\"577\" height=\"432\" src=\"https:\/\/acjbb-sud.org\/wp-content\/uploads\/2019\/11\/ACJBB-Centre-culturel-juif-boulogne-20191120.jpg\" class=\"attachment-full size-full\" alt=\"\" srcset=\"https:\/\/acjbb-sud.org\/wp-content\/uploads\/2019\/11\/ACJBB-Centre-culturel-juif-boulogne-20191120.jpg 577w, https:\/\/acjbb-sud.org\/wp-content\/uploads\/2019\/11\/ACJBB-Centre-culturel-juif-boulogne-20191120-300x225.jpg 300w\" sizes=\"auto, (max-width: 577px) 100vw, 577px\" \/><\/a>\n\t\t\t<\/dt><\/dl><dl class='gallery-item'>\n\t\t\t<dt class='gallery-icon landscape'>\n\t\t\t\t<a href='https:\/\/acjbb-sud.org\/index.php\/2019\/11\/27\/chabbat-toledot-5780\/acjbb-centre-culturel-juif-boulogne-20191120-2\/'><img loading=\"lazy\" decoding=\"async\" width=\"577\" height=\"432\" src=\"https:\/\/acjbb-sud.org\/wp-content\/uploads\/2019\/11\/ACJBB-Centre-culturel-juif-boulogne-20191120-2.jpg\" class=\"attachment-full size-full\" alt=\"\" srcset=\"https:\/\/acjbb-sud.org\/wp-content\/uploads\/2019\/11\/ACJBB-Centre-culturel-juif-boulogne-20191120-2.jpg 577w, https:\/\/acjbb-sud.org\/wp-content\/uploads\/2019\/11\/ACJBB-Centre-culturel-juif-boulogne-20191120-2-300x225.jpg 300w\" sizes=\"auto, (max-width: 577px) 100vw, 577px\" \/><\/a>\n\t\t\t<\/dt><\/dl><br style=\"clear: both\" \/>\n\t\t<\/div>\n\n<p>Vous avez une occasion unique d&rsquo;inscrire votre nom, celui de vos familles, celui de vos disparus, dans un projet qui marquera l&rsquo;avenir de la vie juive \u00e0 Boulogne-Billancourt.<\/p>\n<p><img decoding=\"async\" class=\"aligncenter\" src=\"https:\/\/acjbb-sud.org\/wp-content\/uploads\/2018\/07\/Centre-Culturel-juif-Boulogne-Billancourt-Synagogue.jpg\" alt=\"\" width=\"600\" \/><\/p>\n<p><img decoding=\"async\" class=\"aligncenter\" src=\"https:\/\/acjbb-sud.org\/wp-content\/uploads\/2018\/07\/Centre-Culturel-juif-Boulogne-Billancourt-Synagogue-2.jpg\" alt=\"\" width=\"600\" \/><\/p>\n<p style=\"text-align: justify;\">Devenez acteur du devenir de la vie juive \u00e0 Boulogne en faisant un don pour la construction du Centre Culturel de Boulogne. Vous pouvez d\u00e9cider de diriger votre don vers la synagogue ACJBB ou vers le CCIBB, en nous l&rsquo;indiquant par message.<\/p>\n<p>Si vous avez des question, <a href=\"mailto:synamail@acjbb.com?subject=&quot;Question sur la construction du Centre culturel&quot;\">envoyez-nous un message<\/a> !<\/p>\n<p><a href=\"https:\/\/www.helloasso.com\/associations\/acjbb-2\/collectes\/construction-du-centre-juif-de-boulogne\" target=\"_blank\" rel=\"noopener noreferrer\">Je participe \u00e0 la collecte pour la construction<\/a>.<\/p>\n<hr \/>\n<h3><strong><span style=\"text-decoration: underline;\">Emounah &#8211; M\u00e9lav\u00e9 Malka avec Rav Mickael Sojcher :<\/span><br \/>\n<\/strong><\/h3>\n<p>Ch\u00e8res amies d&rsquo;Emounah,<br \/>\nNous avons le plaisir d\u2019accueillir le <strong>Rav Mikael Sojcher<\/strong> pour un M\u00e9lav\u00e9 Malka convivial avec buffet et conf\u00e9rence sur \u00ab\u00a0Y a-t-il une vie apr\u00e8s la mort ?\u00a0\u00bb leilouy nishmat Esther Bat Yaacov SOJCHER, le <strong>samedi 14 d\u00e9cembre \u00e0 20h30<\/strong> \u00e0 la Synagogue de Boulogne, 43 rue des Abondances.<br \/>\n<a href=\"https:\/\/acjbb-sud.org\/wp-content\/uploads\/2019\/12\/Emounah-melave-malka-Rav-Mickael-Sojcher-samedi-14-decembre-2019.png\"><img decoding=\"async\" class=\"aligncenter wp-image-3231 size-large\" src=\"https:\/\/acjbb-sud.org\/wp-content\/uploads\/2019\/12\/Emounah-melave-malka-Rav-Mickael-Sojcher-samedi-14-decembre-2019-724x1024.png\" alt=\"\" width=\"600\" srcset=\"https:\/\/acjbb-sud.org\/wp-content\/uploads\/2019\/12\/Emounah-melave-malka-Rav-Mickael-Sojcher-samedi-14-decembre-2019-724x1024.png 724w, https:\/\/acjbb-sud.org\/wp-content\/uploads\/2019\/12\/Emounah-melave-malka-Rav-Mickael-Sojcher-samedi-14-decembre-2019-212x300.png 212w, https:\/\/acjbb-sud.org\/wp-content\/uploads\/2019\/12\/Emounah-melave-malka-Rav-Mickael-Sojcher-samedi-14-decembre-2019-768x1086.png 768w, https:\/\/acjbb-sud.org\/wp-content\/uploads\/2019\/12\/Emounah-melave-malka-Rav-Mickael-Sojcher-samedi-14-decembre-2019-1086x1536.png 1086w, https:\/\/acjbb-sud.org\/wp-content\/uploads\/2019\/12\/Emounah-melave-malka-Rav-Mickael-Sojcher-samedi-14-decembre-2019-1448x2048.png 1448w, https:\/\/acjbb-sud.org\/wp-content\/uploads\/2019\/12\/Emounah-melave-malka-Rav-Mickael-Sojcher-samedi-14-decembre-2019.png 1587w\" sizes=\"(max-width: 724px) 100vw, 724px\" \/><\/a><br \/>\nInscriptions sur :<br \/>\n<a href=\"https:\/\/www.helloasso.com\/associations\/emounah\/evenements\/melave-malka-avec-rav-sojcher\" target=\"_blank\" rel=\"noopener noreferrer\">https:\/\/www.helloasso.com\/associations\/emounah\/evenements\/melave-malka-avec-rav-sojcher<\/a><\/p>\n<p>PAF 10 \u20ac<br \/>\nPublic f\u00e9minin<\/p>\n<hr \/>\n<h3><strong><span style=\"text-decoration: underline;\">Nouveaux \u00e0 Boulogne :<\/span><br \/>\n<\/strong><\/h3>\n<p>Si vous \u00eates nouveaux \u00e0 Boulogne, cette r\u00e9union est pour vous !<br \/>\nVous vous \u00eates install\u00e9s r\u00e9cemment \u00e0 Boulogne ?<br \/>\nNous vous proposons de venir rencontrer les responsables de la Communaut\u00e9 le <strong>dimanche 15 d\u00e9cembre de 17h30 \u00e0 19h30<\/strong>.<\/p>\n<p><img decoding=\"async\" class=\"aligncenter wp-image-3203 size-full\" src=\"https:\/\/acjbb-sud.org\/wp-content\/uploads\/2019\/11\/evenement-acjbb-nouveau-a-boulogne-2019.jpg\" alt=\"\" width=\"600\" srcset=\"https:\/\/acjbb-sud.org\/wp-content\/uploads\/2019\/11\/evenement-acjbb-nouveau-a-boulogne-2019.jpg 800w, https:\/\/acjbb-sud.org\/wp-content\/uploads\/2019\/11\/evenement-acjbb-nouveau-a-boulogne-2019-212x300.jpg 212w, https:\/\/acjbb-sud.org\/wp-content\/uploads\/2019\/11\/evenement-acjbb-nouveau-a-boulogne-2019-768x1087.jpg 768w, https:\/\/acjbb-sud.org\/wp-content\/uploads\/2019\/11\/evenement-acjbb-nouveau-a-boulogne-2019-724x1024.jpg 724w\" sizes=\"(max-width: 800px) 100vw, 800px\" \/><br \/>\nTous publics : c\u00e9libataires, couples, familles &#8230;<\/p>\n<p>PS : Si vous connaissez des membres de la Communaut\u00e9 juive r\u00e9cemment arriv\u00e9s \u00e0 Boulogne, merci de leur transf\u00e9rer cet email.<\/p>\n<hr \/>\n<h3><strong><span style=\"text-decoration: underline;\">Grande f\u00eate de Hanoucah de la Communaut\u00e9 juive de Boulogne :<\/span><br \/>\n<\/strong><\/h3>\n<p><strong>Dimanche 22 d\u00e9cembre 2019, de 16h \u00e0 19h30<\/strong><br \/>\nEspace communautaire Alfred Zemmour de la Synagogue de Boulogne<\/p>\n<p><a href=\"https:\/\/acjbb-sud.org\/wp-content\/uploads\/2019\/11\/ACJBB-grande-fete-de-hanoucah-2019-5780.png\"><img decoding=\"async\" class=\"aligncenter size-full wp-image-3206\" src=\"https:\/\/acjbb-sud.org\/wp-content\/uploads\/2019\/11\/ACJBB-grande-fete-de-hanoucah-2019-5780.png\" alt=\"\" width=\"600\" srcset=\"https:\/\/acjbb-sud.org\/wp-content\/uploads\/2019\/11\/ACJBB-grande-fete-de-hanoucah-2019-5780.png 800w, https:\/\/acjbb-sud.org\/wp-content\/uploads\/2019\/11\/ACJBB-grande-fete-de-hanoucah-2019-5780-150x150.png 150w, https:\/\/acjbb-sud.org\/wp-content\/uploads\/2019\/11\/ACJBB-grande-fete-de-hanoucah-2019-5780-300x300.png 300w, https:\/\/acjbb-sud.org\/wp-content\/uploads\/2019\/11\/ACJBB-grande-fete-de-hanoucah-2019-5780-768x768.png 768w\" sizes=\"(max-width: 800px) 100vw, 800px\" \/><\/a><\/p>\n<p>Cette ann\u00e9e, nous vous proposons de venir tous ensemble, grands et petits, chanter ensemble des chansons des <strong>Chevatim<\/strong>, compos\u00e9es par <strong>Elie Botbol<\/strong> (\u05d6\u05f4\u05dc).<br \/>\nApr\u00e8s ces chants, tous les enfants recevrons des cadeaux.<\/p>\n<p><strong>Une c\u00e9r\u00e9monie tr\u00e8s sp\u00e9ciale sera ensuite organis\u00e9e dans la Soucah<\/strong><br \/>\nVenez nombreux assister \u00e0 un grand moment communautaire<\/p>\n<p>Buffet et beignets de Hanoucah pour tous<\/p>\n<hr \/>\n<h3><strong><span style=\"text-decoration: underline;\">B&rsquo;nai Brith &#8211; Allumage public de &lsquo;Hanouca :<\/span><br \/>\n<\/strong><\/h3>\n<p>Mardi 24 d\u00e9cembre, allumage des bougies et soir\u00e9e de Hanoucah de la <strong>Loge Hanoucah du B&rsquo;nai Brith<\/strong> en pr\u00e9sence du <strong>Grand Rabbin de France Haim Korsia<\/strong>, avec la participation du KKL.<\/p>\n<p><a href=\"https:\/\/acjbb-sud.org\/wp-content\/uploads\/2019\/12\/ACJBB-bnei-brith-allumage-hanouka-rabbin-Haim-Korsia-Raabbin-Didier-Kassabi-scaled.png\"><img decoding=\"async\" class=\"aligncenter wp-image-3251 size-large\" src=\"https:\/\/acjbb-sud.org\/wp-content\/uploads\/2019\/12\/ACJBB-bnei-brith-allumage-hanouka-rabbin-Haim-Korsia-Raabbin-Didier-Kassabi-724x1024.png\" alt=\"\" width=\"600\" srcset=\"https:\/\/acjbb-sud.org\/wp-content\/uploads\/2019\/12\/ACJBB-bnei-brith-allumage-hanouka-rabbin-Haim-Korsia-Raabbin-Didier-Kassabi-724x1024.png 724w, https:\/\/acjbb-sud.org\/wp-content\/uploads\/2019\/12\/ACJBB-bnei-brith-allumage-hanouka-rabbin-Haim-Korsia-Raabbin-Didier-Kassabi-212x300.png 212w, https:\/\/acjbb-sud.org\/wp-content\/uploads\/2019\/12\/ACJBB-bnei-brith-allumage-hanouka-rabbin-Haim-Korsia-Raabbin-Didier-Kassabi-768x1086.png 768w, https:\/\/acjbb-sud.org\/wp-content\/uploads\/2019\/12\/ACJBB-bnei-brith-allumage-hanouka-rabbin-Haim-Korsia-Raabbin-Didier-Kassabi-1086x1536.png 1086w, https:\/\/acjbb-sud.org\/wp-content\/uploads\/2019\/12\/ACJBB-bnei-brith-allumage-hanouka-rabbin-Haim-Korsia-Raabbin-Didier-Kassabi-1448x2048.png 1448w, https:\/\/acjbb-sud.org\/wp-content\/uploads\/2019\/12\/ACJBB-bnei-brith-allumage-hanouka-rabbin-Haim-Korsia-Raabbin-Didier-Kassabi-scaled.png 1810w\" sizes=\"(max-width: 724px) 100vw, 724px\" \/><\/a><\/p>\n<hr \/>\n<h3><strong><span style=\"text-decoration: underline;\">Beth Habad Boulogne &#8211; Allumage public de &lsquo;Hanouca :<\/span><br \/>\n<\/strong><\/h3>\n<p>Le <strong>Beth Loubavitch de Boulogne<\/strong>, avec la participation de la <strong>Communaut\u00e9 Juive de Boulogne<\/strong>, est heureux de vous convier \u00e0 l\u2019<strong>allumage public d\u2019une menora g\u00e9ante<\/strong>, pr\u00e9c\u00e9d\u00e9 d\u2019un <strong>grand concert de Yoni Shlomo<\/strong> le <strong>Jeudi 26 d\u00e9cembre \u00e0 18h30<\/strong> \u00e0 la Maison Walewska, 7 rue de Montmorency, Boulogne, <strong>en pr\u00e9sence du Maire<\/strong>.<br \/>\n<a href=\"https:\/\/acjbb-sud.org\/wp-content\/uploads\/2019\/12\/Beth-Habad-boulogne-Allumage-Public-Hanouca-5780.jpg\"><img decoding=\"async\" class=\"aligncenter wp-image-3249 size-large\" src=\"https:\/\/acjbb-sud.org\/wp-content\/uploads\/2019\/12\/Beth-Habad-boulogne-Allumage-Public-Hanouca-5780-724x1024.jpg\" alt=\"\" width=\"600\" srcset=\"https:\/\/acjbb-sud.org\/wp-content\/uploads\/2019\/12\/Beth-Habad-boulogne-Allumage-Public-Hanouca-5780-724x1024.jpg 724w, https:\/\/acjbb-sud.org\/wp-content\/uploads\/2019\/12\/Beth-Habad-boulogne-Allumage-Public-Hanouca-5780-212x300.jpg 212w, https:\/\/acjbb-sud.org\/wp-content\/uploads\/2019\/12\/Beth-Habad-boulogne-Allumage-Public-Hanouca-5780-768x1086.jpg 768w, https:\/\/acjbb-sud.org\/wp-content\/uploads\/2019\/12\/Beth-Habad-boulogne-Allumage-Public-Hanouca-5780.jpg 850w\" sizes=\"(max-width: 724px) 100vw, 724px\" \/><\/a><br \/>\nJongleur, distribution de cadeaux aux enfants, barbe \u00e0 papa et pop-corn, d\u00e9gustation de beignets et boissons chaudes<\/p>\n<p>Entr\u00e9e Libre<\/p>\n<hr \/>\n<h3><strong><span style=\"text-decoration: underline;\">Emounah : Voyage m\u00e8re et fille en Isra\u00ebl :<\/span><br \/>\n<\/strong><\/h3>\n<p><strong>World Emounah<\/strong> et la <strong>Communaut\u00e9 de Boulogne<\/strong> s\u2019associent pour vous proposer un voyage exceptionnel en Isra\u00ebl autour des diff\u00e9rentes institutions d\u2019Emounah, de visite du pays et de rencontres exceptionnelles.<\/p>\n<p>Nous avons souhait\u00e9 organiser une mission de 5 jours qui permettent \u00e0 nos jeunes filles, qui ont entre 11 et 13 ans, en complicit\u00e9 avec leur maman, de d\u00e9couvrir le travail d\u2019associations d\u2019aide \u00e0 l\u2019enfance, de comprendre qu\u2019il est de notre devoir d\u2019aider les plus d\u00e9munis et de mettre \u00e0 profit les notions de Hessed, de Ts\u00e9daka mais aussi de Emounah , que toute Bat Israel se doit d\u2019appliquer.<\/p>\n<p>Ce voyage est organis\u00e9 \u202adu <strong>mercredi 1er janvier au dimanche 5 janvier\u202c 2020<\/strong>, pour un tarif tout compris (hors billet) de 500 euros par personne.<br \/>\n<a href=\"https:\/\/acjbb-sud.org\/wp-content\/uploads\/2019\/10\/emounah-world-voyage-mere-fille-israel-2020.png\"><img decoding=\"async\" class=\"aligncenter wp-image-3085 size-full\" src=\"https:\/\/acjbb-sud.org\/wp-content\/uploads\/2019\/10\/emounah-world-voyage-mere-fille-israel-2020.png\" alt=\"\" width=\"600\" srcset=\"https:\/\/acjbb-sud.org\/wp-content\/uploads\/2019\/10\/emounah-world-voyage-mere-fille-israel-2020.png 1587w, https:\/\/acjbb-sud.org\/wp-content\/uploads\/2019\/10\/emounah-world-voyage-mere-fille-israel-2020-212x300.png 212w, https:\/\/acjbb-sud.org\/wp-content\/uploads\/2019\/10\/emounah-world-voyage-mere-fille-israel-2020-768x1086.png 768w, https:\/\/acjbb-sud.org\/wp-content\/uploads\/2019\/10\/emounah-world-voyage-mere-fille-israel-2020-724x1024.png 724w\" sizes=\"(max-width: 1587px) 100vw, 1587px\" \/><\/a><br \/>\nN\u2019h\u00e9sitez pas \u00e0 revenir vers moi dans les plus brefs d\u00e9lais si ce projet vous int\u00e9resse.<br \/>\n(<span style=\"color: #ff0000;\"><strong>places tr\u00e8s limit\u00e9es<\/strong><\/span>).<\/p>\n<p>Je reste \u00e0 votre disposition pour r\u00e9pondre \u00e0 toutes vos questions.<br \/>\n<strong>Possibilit\u00e9 de bourses sur demande<\/strong><br \/>\nUn projet qui me tient particuli\u00e8rement \u00e0 c\u0153ur<\/p>\n<p>Yael Kassabi<\/p>\n<hr \/>\n<h3><strong><span style=\"text-decoration: underline;\">Dvar Thorah et enseignements :<\/span><br \/>\n<\/strong><\/h3>\n<p><em><strong>par le Rav Mika\u00ebl Mouyal<\/strong><\/em><\/p>\n<p style=\"text-align: justify;\"><em>L\u00e9\u00eflouy Nichmat Avraham Ben Mikha\u00ebl, &lsquo;Ha\u00ef Victor Ben Yakouta, Jaqueline Bat Esther et Paula Yakouta Bat Rosette<\/em><\/p>\n<p>T\u00e9l\u00e9charger le Dvar Torah directement en PDF afin de l&rsquo;imprimer et le lire plus facilement :<br \/>\n<a href=\"https:\/\/acjbb-sud.org\/wp-content\/uploads\/2019\/12\/ACJBB-Sud-Sidra-Vayichlah-5780.pdf\" target=\"_blank\" rel=\"noopener noreferrer\">Sidra Vayichla&rsquo;h<\/a>.<\/p>\n<hr \/>\n<p><strong>Chabbat Chalom !<\/strong><\/p>\n","protected":false},"excerpt":{"rendered":"<p>Paracha Valyichla&rsquo;h \/ \u05e4\u05e8\u05e9\u05d4 \u05d5\u05d9\u05e9\u05dc\u05d7 13\/14 d\u00e9cembre 2019 &#8211; 16 Kislev 5780 \/ \u05d8&rsquo;\u05d6 \u05db\u05e1\u05dc\u05d5 \u05d4-\u05ea\u05e9&rsquo;\u05e3 D\u00e9but : 16h36 &#8211; Fin : 17h49 Les Horaires : Vendredi soir : 16h30 : Allumage des bougies et entr\u00e9e de Chabbat (heure maximum pour l&rsquo;allumage : 16h36) 16h30 : Min&rsquo;ha, suivi d&rsquo;un cours de Hala&rsquo;hot 17h45 : Chir &hellip; <\/p>\n<p><a class=\"more-link btn\" href=\"https:\/\/acjbb-sud.org\/index.php\/2019\/12\/11\/chabbat-valyichlah-5780\/\">Lire la suite<\/a><\/p>\n","protected":false},"author":1,"featured_media":2195,"comment_status":"open","ping_status":"open","sticky":false,"template":"","format":"standard","meta":{"jetpack_post_was_ever_published":false,"_jetpack_newsletter_access":"","_jetpack_dont_email_post_to_subs":false,"_jetpack_newsletter_tier_id":0,"_jetpack_memberships_contains_paywalled_content":false,"_jetpack_memberships_contains_paid_content":false,"footnotes":"","jetpack_publicize_message":"","jetpack_publicize_feature_enabled":true,"jetpack_social_post_already_shared":true,"jetpack_social_options":{"image_generator_settings":{"template":"highway","default_image_id":0,"font":"","enabled":false},"version":2}},"categories":[3],"tags":[47,138],"class_list":["post-3238","post","type-post","status-publish","format-standard","has-post-thumbnail","hentry","category-chabbat","tag-chabbat","tag-vayichlah","item-wrap"],"yoast_head":"<!-- This site is optimized with the Yoast SEO plugin v26.6 - https:\/\/yoast.com\/wordpress\/plugins\/seo\/ -->\n<title>Chabbat Valyichla&#039;h - Synagogue ACJBB Boulogne Sud<\/title>\n<meta name=\"robots\" content=\"index, follow, max-snippet:-1, max-image-preview:large, max-video-preview:-1\" \/>\n<link rel=\"canonical\" href=\"https:\/\/acjbb-sud.org\/index.php\/2019\/12\/11\/chabbat-valyichlah-5780\/\" \/>\n<meta property=\"og:locale\" content=\"fr_FR\" \/>\n<meta property=\"og:type\" content=\"article\" \/>\n<meta property=\"og:title\" content=\"Chabbat Valyichla&#039;h - Synagogue ACJBB Boulogne Sud\" \/>\n<meta property=\"og:description\" content=\"Paracha Valyichla&rsquo;h \/ \u05e4\u05e8\u05e9\u05d4 \u05d5\u05d9\u05e9\u05dc\u05d7 13\/14 d\u00e9cembre 2019 &#8211; 16 Kislev 5780 \/ \u05d8&rsquo;\u05d6 \u05db\u05e1\u05dc\u05d5 \u05d4-\u05ea\u05e9&rsquo;\u05e3 D\u00e9but : 16h36 &#8211; Fin : 17h49 Les Horaires : Vendredi soir : 16h30 : Allumage des bougies et entr\u00e9e de Chabbat (heure maximum pour l&rsquo;allumage : 16h36) 16h30 : Min&rsquo;ha, suivi d&rsquo;un cours de Hala&rsquo;hot 17h45 : Chir &hellip; Lire la suite\" \/>\n<meta property=\"og:url\" content=\"https:\/\/acjbb-sud.org\/index.php\/2019\/12\/11\/chabbat-valyichlah-5780\/\" \/>\n<meta property=\"og:site_name\" content=\"Synagogue ACJBB Boulogne Sud\" \/>\n<meta property=\"article:published_time\" content=\"2019-12-11T11:29:59+00:00\" \/>\n<meta property=\"article:modified_time\" content=\"2019-12-12T22:15:46+00:00\" \/>\n<meta property=\"og:image\" content=\"https:\/\/acjbb-sud.org\/wp-content\/uploads\/2018\/10\/ACJBB-Sud-Chabbat-halots-bougies-vin-600-logos-v2.jpg\" \/>\n\t<meta property=\"og:image:width\" content=\"615\" \/>\n\t<meta property=\"og:image:height\" content=\"433\" \/>\n\t<meta property=\"og:image:type\" content=\"image\/jpeg\" \/>\n<meta name=\"author\" content=\"AcjbbSud\" \/>\n<meta name=\"twitter:card\" content=\"summary_large_image\" \/>\n<meta name=\"twitter:label1\" content=\"\u00c9crit par\" \/>\n\t<meta name=\"twitter:data1\" content=\"AcjbbSud\" \/>\n\t<meta name=\"twitter:label2\" content=\"Dur\u00e9e de lecture estim\u00e9e\" \/>\n\t<meta name=\"twitter:data2\" content=\"12 minutes\" \/>\n<script type=\"application\/ld+json\" class=\"yoast-schema-graph\">{\"@context\":\"https:\/\/schema.org\",\"@graph\":[{\"@type\":\"WebPage\",\"@id\":\"https:\/\/acjbb-sud.org\/index.php\/2019\/12\/11\/chabbat-valyichlah-5780\/\",\"url\":\"https:\/\/acjbb-sud.org\/index.php\/2019\/12\/11\/chabbat-valyichlah-5780\/\",\"name\":\"Chabbat Valyichla'h - Synagogue ACJBB Boulogne Sud\",\"isPartOf\":{\"@id\":\"https:\/\/acjbb-sud.org\/#website\"},\"primaryImageOfPage\":{\"@id\":\"https:\/\/acjbb-sud.org\/index.php\/2019\/12\/11\/chabbat-valyichlah-5780\/#primaryimage\"},\"image\":{\"@id\":\"https:\/\/acjbb-sud.org\/index.php\/2019\/12\/11\/chabbat-valyichlah-5780\/#primaryimage\"},\"thumbnailUrl\":\"https:\/\/acjbb-sud.org\/wp-content\/uploads\/2018\/10\/ACJBB-Sud-Chabbat-halots-bougies-vin-600-logos-v2.jpg\",\"datePublished\":\"2019-12-11T11:29:59+00:00\",\"dateModified\":\"2019-12-12T22:15:46+00:00\",\"author\":{\"@id\":\"https:\/\/acjbb-sud.org\/#\/schema\/person\/adc8f09fb72c9d0dc78509106dc5e9f0\"},\"breadcrumb\":{\"@id\":\"https:\/\/acjbb-sud.org\/index.php\/2019\/12\/11\/chabbat-valyichlah-5780\/#breadcrumb\"},\"inLanguage\":\"fr-FR\",\"potentialAction\":[{\"@type\":\"ReadAction\",\"target\":[\"https:\/\/acjbb-sud.org\/index.php\/2019\/12\/11\/chabbat-valyichlah-5780\/\"]}]},{\"@type\":\"ImageObject\",\"inLanguage\":\"fr-FR\",\"@id\":\"https:\/\/acjbb-sud.org\/index.php\/2019\/12\/11\/chabbat-valyichlah-5780\/#primaryimage\",\"url\":\"https:\/\/acjbb-sud.org\/wp-content\/uploads\/2018\/10\/ACJBB-Sud-Chabbat-halots-bougies-vin-600-logos-v2.jpg\",\"contentUrl\":\"https:\/\/acjbb-sud.org\/wp-content\/uploads\/2018\/10\/ACJBB-Sud-Chabbat-halots-bougies-vin-600-logos-v2.jpg\",\"width\":615,\"height\":433},{\"@type\":\"BreadcrumbList\",\"@id\":\"https:\/\/acjbb-sud.org\/index.php\/2019\/12\/11\/chabbat-valyichlah-5780\/#breadcrumb\",\"itemListElement\":[{\"@type\":\"ListItem\",\"position\":1,\"name\":\"Accueil\",\"item\":\"https:\/\/acjbb-sud.org\/\"},{\"@type\":\"ListItem\",\"position\":2,\"name\":\"Chabbat Valyichla&rsquo;h\"}]},{\"@type\":\"WebSite\",\"@id\":\"https:\/\/acjbb-sud.org\/#website\",\"url\":\"https:\/\/acjbb-sud.org\/\",\"name\":\"Synagogue ACJBB Boulogne Sud\",\"description\":\"Synagogue \/ Association Communautaire Juive de Boulogne Billancourt (Sud)\",\"potentialAction\":[{\"@type\":\"SearchAction\",\"target\":{\"@type\":\"EntryPoint\",\"urlTemplate\":\"https:\/\/acjbb-sud.org\/?s={search_term_string}\"},\"query-input\":{\"@type\":\"PropertyValueSpecification\",\"valueRequired\":true,\"valueName\":\"search_term_string\"}}],\"inLanguage\":\"fr-FR\"},{\"@type\":\"Person\",\"@id\":\"https:\/\/acjbb-sud.org\/#\/schema\/person\/adc8f09fb72c9d0dc78509106dc5e9f0\",\"name\":\"AcjbbSud\",\"image\":{\"@type\":\"ImageObject\",\"inLanguage\":\"fr-FR\",\"@id\":\"https:\/\/acjbb-sud.org\/#\/schema\/person\/image\/\",\"url\":\"https:\/\/secure.gravatar.com\/avatar\/ea30fe7a8231c8c0bf30066f86006714af7be34ba414543eaab3e453b92901aa?s=96&d=mm&r=g\",\"contentUrl\":\"https:\/\/secure.gravatar.com\/avatar\/ea30fe7a8231c8c0bf30066f86006714af7be34ba414543eaab3e453b92901aa?s=96&d=mm&r=g\",\"caption\":\"AcjbbSud\"},\"url\":\"https:\/\/acjbb-sud.org\/index.php\/author\/acjbbsud\/\"}]}<\/script>\n<!-- \/ Yoast SEO plugin. -->","yoast_head_json":{"title":"Chabbat Valyichla'h - Synagogue ACJBB Boulogne Sud","robots":{"index":"index","follow":"follow","max-snippet":"max-snippet:-1","max-image-preview":"max-image-preview:large","max-video-preview":"max-video-preview:-1"},"canonical":"https:\/\/acjbb-sud.org\/index.php\/2019\/12\/11\/chabbat-valyichlah-5780\/","og_locale":"fr_FR","og_type":"article","og_title":"Chabbat Valyichla'h - Synagogue ACJBB Boulogne Sud","og_description":"Paracha Valyichla&rsquo;h \/ \u05e4\u05e8\u05e9\u05d4 \u05d5\u05d9\u05e9\u05dc\u05d7 13\/14 d\u00e9cembre 2019 &#8211; 16 Kislev 5780 \/ \u05d8&rsquo;\u05d6 \u05db\u05e1\u05dc\u05d5 \u05d4-\u05ea\u05e9&rsquo;\u05e3 D\u00e9but : 16h36 &#8211; Fin : 17h49 Les Horaires : Vendredi soir : 16h30 : Allumage des bougies et entr\u00e9e de Chabbat (heure maximum pour l&rsquo;allumage : 16h36) 16h30 : Min&rsquo;ha, suivi d&rsquo;un cours de Hala&rsquo;hot 17h45 : Chir &hellip; Lire la suite","og_url":"https:\/\/acjbb-sud.org\/index.php\/2019\/12\/11\/chabbat-valyichlah-5780\/","og_site_name":"Synagogue ACJBB Boulogne Sud","article_published_time":"2019-12-11T11:29:59+00:00","article_modified_time":"2019-12-12T22:15:46+00:00","og_image":[{"width":615,"height":433,"url":"https:\/\/acjbb-sud.org\/wp-content\/uploads\/2018\/10\/ACJBB-Sud-Chabbat-halots-bougies-vin-600-logos-v2.jpg","type":"image\/jpeg"}],"author":"AcjbbSud","twitter_card":"summary_large_image","twitter_misc":{"\u00c9crit par":"AcjbbSud","Dur\u00e9e de lecture estim\u00e9e":"12 minutes"},"schema":{"@context":"https:\/\/schema.org","@graph":[{"@type":"WebPage","@id":"https:\/\/acjbb-sud.org\/index.php\/2019\/12\/11\/chabbat-valyichlah-5780\/","url":"https:\/\/acjbb-sud.org\/index.php\/2019\/12\/11\/chabbat-valyichlah-5780\/","name":"Chabbat Valyichla'h - Synagogue ACJBB Boulogne Sud","isPartOf":{"@id":"https:\/\/acjbb-sud.org\/#website"},"primaryImageOfPage":{"@id":"https:\/\/acjbb-sud.org\/index.php\/2019\/12\/11\/chabbat-valyichlah-5780\/#primaryimage"},"image":{"@id":"https:\/\/acjbb-sud.org\/index.php\/2019\/12\/11\/chabbat-valyichlah-5780\/#primaryimage"},"thumbnailUrl":"https:\/\/acjbb-sud.org\/wp-content\/uploads\/2018\/10\/ACJBB-Sud-Chabbat-halots-bougies-vin-600-logos-v2.jpg","datePublished":"2019-12-11T11:29:59+00:00","dateModified":"2019-12-12T22:15:46+00:00","author":{"@id":"https:\/\/acjbb-sud.org\/#\/schema\/person\/adc8f09fb72c9d0dc78509106dc5e9f0"},"breadcrumb":{"@id":"https:\/\/acjbb-sud.org\/index.php\/2019\/12\/11\/chabbat-valyichlah-5780\/#breadcrumb"},"inLanguage":"fr-FR","potentialAction":[{"@type":"ReadAction","target":["https:\/\/acjbb-sud.org\/index.php\/2019\/12\/11\/chabbat-valyichlah-5780\/"]}]},{"@type":"ImageObject","inLanguage":"fr-FR","@id":"https:\/\/acjbb-sud.org\/index.php\/2019\/12\/11\/chabbat-valyichlah-5780\/#primaryimage","url":"https:\/\/acjbb-sud.org\/wp-content\/uploads\/2018\/10\/ACJBB-Sud-Chabbat-halots-bougies-vin-600-logos-v2.jpg","contentUrl":"https:\/\/acjbb-sud.org\/wp-content\/uploads\/2018\/10\/ACJBB-Sud-Chabbat-halots-bougies-vin-600-logos-v2.jpg","width":615,"height":433},{"@type":"BreadcrumbList","@id":"https:\/\/acjbb-sud.org\/index.php\/2019\/12\/11\/chabbat-valyichlah-5780\/#breadcrumb","itemListElement":[{"@type":"ListItem","position":1,"name":"Accueil","item":"https:\/\/acjbb-sud.org\/"},{"@type":"ListItem","position":2,"name":"Chabbat Valyichla&rsquo;h"}]},{"@type":"WebSite","@id":"https:\/\/acjbb-sud.org\/#website","url":"https:\/\/acjbb-sud.org\/","name":"Synagogue ACJBB Boulogne Sud","description":"Synagogue \/ Association Communautaire Juive de Boulogne Billancourt (Sud)","potentialAction":[{"@type":"SearchAction","target":{"@type":"EntryPoint","urlTemplate":"https:\/\/acjbb-sud.org\/?s={search_term_string}"},"query-input":{"@type":"PropertyValueSpecification","valueRequired":true,"valueName":"search_term_string"}}],"inLanguage":"fr-FR"},{"@type":"Person","@id":"https:\/\/acjbb-sud.org\/#\/schema\/person\/adc8f09fb72c9d0dc78509106dc5e9f0","name":"AcjbbSud","image":{"@type":"ImageObject","inLanguage":"fr-FR","@id":"https:\/\/acjbb-sud.org\/#\/schema\/person\/image\/","url":"https:\/\/secure.gravatar.com\/avatar\/ea30fe7a8231c8c0bf30066f86006714af7be34ba414543eaab3e453b92901aa?s=96&d=mm&r=g","contentUrl":"https:\/\/secure.gravatar.com\/avatar\/ea30fe7a8231c8c0bf30066f86006714af7be34ba414543eaab3e453b92901aa?s=96&d=mm&r=g","caption":"AcjbbSud"},"url":"https:\/\/acjbb-sud.org\/index.php\/author\/acjbbsud\/"}]}},"jetpack_publicize_connections":[],"jetpack_featured_media_url":"https:\/\/acjbb-sud.org\/wp-content\/uploads\/2018\/10\/ACJBB-Sud-Chabbat-halots-bougies-vin-600-logos-v2.jpg","jetpack_sharing_enabled":true,"jetpack_shortlink":"https:\/\/wp.me\/p7sjOI-Qe","jetpack_likes_enabled":true,"_links":{"self":[{"href":"https:\/\/acjbb-sud.org\/index.php\/wp-json\/wp\/v2\/posts\/3238","targetHints":{"allow":["GET"]}}],"collection":[{"href":"https:\/\/acjbb-sud.org\/index.php\/wp-json\/wp\/v2\/posts"}],"about":[{"href":"https:\/\/acjbb-sud.org\/index.php\/wp-json\/wp\/v2\/types\/post"}],"author":[{"embeddable":true,"href":"https:\/\/acjbb-sud.org\/index.php\/wp-json\/wp\/v2\/users\/1"}],"replies":[{"embeddable":true,"href":"https:\/\/acjbb-sud.org\/index.php\/wp-json\/wp\/v2\/comments?post=3238"}],"version-history":[{"count":10,"href":"https:\/\/acjbb-sud.org\/index.php\/wp-json\/wp\/v2\/posts\/3238\/revisions"}],"predecessor-version":[{"id":3254,"href":"https:\/\/acjbb-sud.org\/index.php\/wp-json\/wp\/v2\/posts\/3238\/revisions\/3254"}],"wp:featuredmedia":[{"embeddable":true,"href":"https:\/\/acjbb-sud.org\/index.php\/wp-json\/wp\/v2\/media\/2195"}],"wp:attachment":[{"href":"https:\/\/acjbb-sud.org\/index.php\/wp-json\/wp\/v2\/media?parent=3238"}],"wp:term":[{"taxonomy":"category","embeddable":true,"href":"https:\/\/acjbb-sud.org\/index.php\/wp-json\/wp\/v2\/categories?post=3238"},{"taxonomy":"post_tag","embeddable":true,"href":"https:\/\/acjbb-sud.org\/index.php\/wp-json\/wp\/v2\/tags?post=3238"}],"curies":[{"name":"wp","href":"https:\/\/api.w.org\/{rel}","templated":true}]}}