{"id":3332,"date":"2020-01-08T22:53:27","date_gmt":"2020-01-08T21:53:27","guid":{"rendered":"https:\/\/acjbb-sud.org\/?p=3332"},"modified":"2020-01-09T21:02:54","modified_gmt":"2020-01-09T20:02:54","slug":"chabbat-vayehi-5780","status":"publish","type":"post","link":"https:\/\/acjbb-sud.org\/index.php\/2020\/01\/08\/chabbat-vayehi-5780\/","title":{"rendered":"Chabbat Vay\u00e9&rsquo;hi"},"content":{"rendered":"<h3 style=\"text-align: center; padding-left: 30px;\"><strong>Paracha Vay\u00e9&rsquo;hi \/ <span dir=\"RTL\" lang=\"HE\">\u05e4\u05e8\u05e9\u05d4 \u05d5\u05d9\u05d7\u05d9<\/span><\/strong><\/h3>\n<h4 style=\"text-align: center;\"><strong>10\/11 janvier 2020 &#8211; 14 Tevet 5780 \/ <span dir=\"RTL\" lang=\"HE\">\u05d9&rsquo;\u05d3 \u05d8\u05d1\u05ea \u05d4-\u05ea\u05e9&rsquo;\u05e3<\/span><\/strong><\/h4>\n<h4 style=\"text-align: center;\"><em><strong>D\u00e9but : 16h55 &#8211; Fin : 18h09<\/strong><\/em><\/h4>\n<p style=\"text-align: justify;\"><img loading=\"lazy\" decoding=\"async\" class=\"wp-image-2195 size-full aligncenter\" src=\"https:\/\/acjbb-sud.org\/wp-content\/uploads\/2018\/10\/ACJBB-Sud-Chabbat-halots-bougies-vin-600-logos-v2.jpg\" alt=\"\" width=\"615\" height=\"433\" srcset=\"https:\/\/acjbb-sud.org\/wp-content\/uploads\/2018\/10\/ACJBB-Sud-Chabbat-halots-bougies-vin-600-logos-v2.jpg 615w, https:\/\/acjbb-sud.org\/wp-content\/uploads\/2018\/10\/ACJBB-Sud-Chabbat-halots-bougies-vin-600-logos-v2-300x211.jpg 300w\" sizes=\"auto, (max-width: 615px) 100vw, 615px\" \/><\/p>\n<p><strong>Ce Chabbat<\/strong> : Chabbat plein communautaire avec repas chaud et motsi pour se motiver pour la grande campagne de collecte <a href=\"https:\/\/www.charidy.com\/acjbb\" target=\"_blank\" rel=\"noopener noreferrer\">Charidy<\/a> qui aura lieu les <strong>14 et 15 janvier 2020<\/strong>.<\/p>\n<h3><strong><span style=\"text-decoration: underline;\">Les Horaires :<\/span> <\/strong><\/h3>\n<p><em><strong>Vendredi soir :<\/strong><\/em><br \/>\n<strong>16h50<\/strong> : Allumage des bougies et entr\u00e9e de Chabbat (heure maximum pour l&rsquo;allumage : <span style=\"color: #ff0000;\"><strong>16h55<\/strong><\/span>)<br \/>\n<strong>16h45<\/strong> : Min&rsquo;ha, suivi d&rsquo;un cours de Hala&rsquo;hot<br \/>\n<strong>17h45<\/strong> : Chir haChirim, suivi de Kabbalat Chabbat et Arvit<br \/>\nD\u2019var Thora par le <strong>Rav Mika\u00ebl MOUYAL<\/strong><\/p>\n<p><strong><em>Samedi matin :<\/em><\/strong><br \/>\n<strong>09h00<\/strong> : Cha\u2019harit<br \/>\nLa Haftara sera lue par le jeune <strong>Rephael ROBINE<\/strong>. Nous lui souhaitons un grand Mazal Tov pour sa premi\u00e8re lecture de Haftara et beaucoup de Hatslaha, ainsi qu&rsquo;\u00e0 toute la <strong>famille ROBINE<\/strong>.<br \/>\nL\u2019office sera suivi du repas communautaire<\/p>\n<p><em><strong>Samedi apr\u00e8s-midi :<\/strong><\/em><br \/>\n<strong>16h15<\/strong> : T\u00e9hilim &#8211; Lecture collective des T\u00e9hilim &#8211; Alpha\/Beta<br \/>\n<strong>16h30<\/strong> : Min\u2019ha Suivi de la S\u00e9ouda Ch\u00e9lichit, des chants de Chabbat et du D\u2019var Thora par le <strong>Rav Didier KASSABI<\/strong><br \/>\n<strong>17h15<\/strong> : Shquiya \/ <span dir=\"RTL\" lang=\"HE\">\u05e9\u05e7\u05e2\u05ea \u05d4\u05d7\u05de\u05d4<\/span><\/p>\n<p><strong><em>Samedi soir :<\/em><\/strong><br \/>\n<strong>18h09<\/strong> : Fin de Chabbat, Arvit et Havdala<\/p>\n<p><strong>18h20<\/strong> : Cours mixte durant une demie-heure apr\u00e8s la Havdala. Le <strong>Rav Mickael MOUYAL<\/strong> vous offre la possibilit\u00e9 d\u2019\u00e9tudier le livre \u00ab <strong>Al\u00e9 Chour<\/strong> \u00bb afin de construire sa personnalit\u00e9.<br \/>\nLe Al\u00e9 Chour est un v\u00e9ritable classique de la philosophie rabbinique r\u00e9dig\u00e9 par le <strong>Rav Chlomo WOLBE<\/strong>.<\/p>\n<p><strong><em>Dimanche matin :<\/em> <\/strong><br \/>\n<strong>08h15<\/strong> : Cha\u2019harit au Nets<br \/>\n<strong>08h41<\/strong> : Nets \/ \u05d4\u05e0\u05e5 \u05d4\u05d7\u05de\u05d4<\/p>\n<p><strong><em><u>du Lundi au Vendredi :<\/u><\/em><\/strong><br \/>\n<strong>07h10<\/strong> : Cha&rsquo;harit<\/p>\n<p><strong>Chabbat Chalom !<\/strong><\/p>\n<p><!--more--><\/p>\n<hr \/>\n<h3><strong><span style=\"text-decoration: underline;\">Carnet de familles :<\/span><br \/>\n<\/strong><\/h3>\n<p><strong>Naissance<\/strong><br \/>\nNous avons la joie d&rsquo;annoncer la naissance d&rsquo;un petit gar\u00e7on en Isra\u00ebl chez <strong>L\u00e9a et Dan BOUZAGLOU<\/strong>.<br \/>\nNous souhaitons R\u00e9foua Ch\u00e9l\u00e9ma \u00e0 la Maman et au b\u00e9b\u00e9 et adressons un grand Mazal tov aux parents, aux Grands-parents, nos amis <strong>Marlene et Pascal Choukroune<\/strong> ainsi qu\u2019\u00e0 toutes la famille.<br \/>\n\u05de\u05d6\u05dc \u05d8\u05d5\u05d1<\/p>\n<hr \/>\n<h3><strong><span style=\"text-decoration: underline;\">Infos pratiques :<\/span><br \/>\n<\/strong><\/h3>\n<p>Heures de d\u00e9but des T\u00e9filines du lundi 13\/01 au vendredi 17\/01 : 07h31 &#8211; 07h31 &#8211; 07h30 &#8211; 07h30 &#8211; 07h29.<\/p>\n<hr \/>\n<h3><strong><span style=\"text-decoration: underline;\">Offices et cours de la semaine \u00e0 la Synagogue :<\/span><br \/>\n<\/strong><\/h3>\n<p><em>43 rue des abondances<\/em><\/p>\n<p><strong><em>Cha\u2019harit &#8211; 1er office :<\/em><\/strong><br \/>\n<em><u>Lundi et jeudi :<\/u><\/em><br \/>\n<strong>6h55<\/strong> : Cha&rsquo;harit<br \/>\n<em><u>Mardi, mercredi et vendredi :<\/u><\/em><br \/>\n<strong>7h00<\/strong> : Cha&rsquo;harit<br \/>\n<em><u>Dimanche :<\/u><\/em><br \/>\n<strong>8h00<\/strong> : Cha&rsquo;harit<\/p>\n<p><strong><em>Cha\u2019harit &#8211; 2\u00e8me Office :<\/em><\/strong><br \/>\n<strong>7h45<\/strong> : dans la Soucah\/Pergola<br \/>\nsuivi d&rsquo;une \u00e9tude par le <strong>Rabbin Didier Kassabi<\/strong> du lundi au jeudi, et par le <strong>Rav Avner Ibgui<\/strong> le vendredi<\/p>\n<p><strong><em>Min\u2019ha :<\/em><\/strong><br \/>\n<strong>13h30<\/strong> : du dimanche au jeudi (repas et cours \u00e0 partir de 13h00)<\/p>\n<p><strong><em>Arvit :<\/em><\/strong><br \/>\n<strong>19h30<\/strong> : du dimanche au jeudi<\/p>\n<p>Retrouvez les horaires de la synagogue <a href=\"https:\/\/synaboulogne.com\/horaires-offices\/\" target=\"_blank\" rel=\"noopener noreferrer\">ici<\/a>.<\/p>\n<hr \/>\n<h3><strong><span style=\"text-decoration: underline;\">Beth Hamidrach :<\/span><br \/>\n<\/strong><\/h3>\n<p style=\"text-align: justify;\">Le <strong>Rabbin Didier Kassabi<\/strong> donne un cours de Gu\u00e9mara chaque lundi soir \u00e0 20h00 \u00e0 la Synagogue de Boulogne Billancourt, 43 rue des abondances.<\/p>\n<p><img decoding=\"async\" class=\"aligncenter wp-image-2318 size-large\" src=\"https:\/\/acjbb-sud.org\/wp-content\/uploads\/2018\/12\/Rav-Didier-Kassabi-ACJBB-Boulogne-Sud-1024x656.jpg\" alt=\"\" width=\"600\" srcset=\"https:\/\/acjbb-sud.org\/wp-content\/uploads\/2018\/12\/Rav-Didier-Kassabi-ACJBB-Boulogne-Sud-1024x656.jpg 1024w, https:\/\/acjbb-sud.org\/wp-content\/uploads\/2018\/12\/Rav-Didier-Kassabi-ACJBB-Boulogne-Sud-300x192.jpg 300w, https:\/\/acjbb-sud.org\/wp-content\/uploads\/2018\/12\/Rav-Didier-Kassabi-ACJBB-Boulogne-Sud-768x492.jpg 768w, https:\/\/acjbb-sud.org\/wp-content\/uploads\/2018\/12\/Rav-Didier-Kassabi-ACJBB-Boulogne-Sud.jpg 1588w\" sizes=\"(max-width: 1024px) 100vw, 1024px\" \/><\/p>\n<p>Retrouvez tous les cours du Rabbin Kassabi <a href=\"https:\/\/acjbb-sud.org\/index.php\/cours-du-rabbin-kassabi\/\" target=\"_blank\" rel=\"noopener noreferrer\">sur cette page<\/a> !!<\/p>\n<p>Retrouvez toutes les informations et tous les cours du <em><strong>Beth Hamidrach de Boulogne<\/strong><\/em> sur <a href=\"https:\/\/synaboulogne.com\/beth-hamidrach\/\" target=\"_blank\" rel=\"noopener noreferrer\">cette page<\/a> !<\/p>\n<hr \/>\n<h3><strong><span style=\"text-decoration: underline;\">Talmud Thorah :<\/span><br \/>\n<\/strong><\/h3>\n<h4>Message \u00e0 tous les Parents<\/h4>\n<p>Tous les parents ont le devoir d&rsquo;assurer l&rsquo;\u00e9ducation juive de leurs enfants. Cette transmission passe naturellement par ce qui est v\u00e9cu au c\u0153ur du foyer mais elle doit \u00eatre sublim\u00e9e par un enseignement traditionnel dans le cadre de nos structures communautaires.<br \/>\nC&rsquo;est dans cette optique que notre Talmud Torah ouvre ses portes afin d&rsquo;y accueillir vos enfants.<\/p>\n<p>\u00c0 partir de leur rentr\u00e9e en CE1, aucun enfant de la communaut\u00e9 ne doit rester en marge de la d\u00e9couverte de leur juda\u00efsme.<\/p>\n<p>N\u2019h\u00e9sitez pas \u00e0 <a href=\"mailto:didierkassabi@gmail.com?subject=&quot;Talmud Torah Boulogne&quot;\" target=\"_blank\" rel=\"noopener noreferrer\">contacter notre Rabbin Didier KASSABI<\/a> pour toute demande de renseignements.<\/p>\n<hr \/>\n<h3><strong><span style=\"text-decoration: underline;\">Voyage de la m\u00e9moire :<\/span><br \/>\n<\/strong><\/h3>\n<p><a href=\"https:\/\/acjbb-sud.org\/wp-content\/uploads\/2020\/01\/Camps-Auschwitz-guerre-voyage-memoire.jpg\"><img decoding=\"async\" class=\"size-full wp-image-3325 aligncenter\" src=\"https:\/\/acjbb-sud.org\/wp-content\/uploads\/2020\/01\/Camps-Auschwitz-guerre-voyage-memoire.jpg\" alt=\"\" width=\"600\" srcset=\"https:\/\/acjbb-sud.org\/wp-content\/uploads\/2020\/01\/Camps-Auschwitz-guerre-voyage-memoire.jpg 800w, https:\/\/acjbb-sud.org\/wp-content\/uploads\/2020\/01\/Camps-Auschwitz-guerre-voyage-memoire-300x199.jpg 300w, https:\/\/acjbb-sud.org\/wp-content\/uploads\/2020\/01\/Camps-Auschwitz-guerre-voyage-memoire-768x510.jpg 768w\" sizes=\"(max-width: 800px) 100vw, 800px\" \/><\/a><br \/>\nDans le cadre du 75\u00e8me anniversaire de la lib\u00e9ration du Camp d&rsquo;extermination Auschwitz-<wbr \/>Birkenau, le Crif, vous propose de participer \u00e0 un voyage de m\u00e9moire le <strong>dimanche 12 janvier 2020<\/strong> en pr\u00e9sence du Pr\u00e9sident du Crif Francis Kalifat et de personnalit\u00e9s politiques et de la soci\u00e9t\u00e9 civile, en partenariat avec le M\u00e9morial de la Shoah.<\/p>\n<p>Pour vous inscrire, cliquer sur l&rsquo;mage ou sur le lien ci-dessous :<br \/>\n<a href=\"https:\/\/synaboulogne.us12.list-manage.com\/track\/click?u=f13343cbc4710ddbadcdef23f&amp;id=2ed3ec76f7&amp;e=744d346afc\" target=\"_blank\" rel=\"noopener noreferrer\" data-saferedirecturl=\"https:\/\/www.google.com\/url?q=https:\/\/synaboulogne.us12.list-manage.com\/track\/click?u%3Df13343cbc4710ddbadcdef23f%26id%3D2ed3ec76f7%26e%3D744d346afc&amp;source=gmail&amp;ust=1578089278479000&amp;usg=AFQjCNERu2WhrskJ7V9UwZ6nYhvAZX3mNw\">https:\/\/rsvp.digitevent.com\/#\/<wbr \/>voyageauschwitz-birkenau-<wbr \/>120120<\/a><\/p>\n<hr \/>\n<h3><strong><span style=\"text-decoration: underline;\">Eat time with Torah !<\/span><br \/>\n<\/strong><\/h3>\n<p><a href=\"https:\/\/acjbb-sud.org\/wp-content\/uploads\/2020\/01\/ACJBB-Eat-time-with-Torah-Rabbin-Didier-KASSABI.jpg\"><img decoding=\"async\" class=\"aligncenter size-full wp-image-3333\" src=\"https:\/\/acjbb-sud.org\/wp-content\/uploads\/2020\/01\/ACJBB-Eat-time-with-Torah-Rabbin-Didier-KASSABI.jpg\" alt=\"\" width=\"600\" srcset=\"https:\/\/acjbb-sud.org\/wp-content\/uploads\/2020\/01\/ACJBB-Eat-time-with-Torah-Rabbin-Didier-KASSABI.jpg 931w, https:\/\/acjbb-sud.org\/wp-content\/uploads\/2020\/01\/ACJBB-Eat-time-with-Torah-Rabbin-Didier-KASSABI-300x169.jpg 300w, https:\/\/acjbb-sud.org\/wp-content\/uploads\/2020\/01\/ACJBB-Eat-time-with-Torah-Rabbin-Didier-KASSABI-768x433.jpg 768w\" sizes=\"(max-width: 931px) 100vw, 931px\" \/><\/a><\/p>\n<p>La Communaut\u00e9 Juive de Boulogne vous invite \u00e0 un nouvel \u00e9v\u00e8nement le <strong>jeudi 16 janvier 2020 \u00e0 20h00<\/strong> dans l\u2019espace Alfred Zemmour de la Synagogue de Boulogne : Eat time with Torah !<br \/>\nVous \u00eates <strong>jeunes actifs, jeunes couples ou jeunes parents<\/strong>, venez apprendre avec notre Rabbin Didier Kassabi, puis profiter d\u2019un moment convivial autour d\u2019un buffet sushis !<\/p>\n<p>R\u00e9servation obligatoire aupr\u00e8s de Jo &amp; Raph : 06.61.09.02.65 ou 06.12.53.19.31.<\/p>\n<hr \/>\n<h3><strong><span style=\"text-decoration: underline;\">Activit\u00e9 du Bn\u00e9 Akiva :<\/span><br \/>\n<\/strong><\/h3>\n<p>Cette semaine, l&rsquo;activit\u00e9 de Chabbat du Bn\u00e9 Akiva a lieu \u00e0 la <strong>Synagogue de Boulogne, 43 rue des abondances<\/strong> \u00e0 partir de 16h15.<\/p>\n<p><a href=\"https:\/\/acjbb-sud.org\/wp-content\/uploads\/2020\/01\/ACJBB-activite-bne-akiva-boulogne-chabbat-vayehi-5780.jpg\"><img decoding=\"async\" class=\"aligncenter size-full wp-image-3331\" src=\"https:\/\/acjbb-sud.org\/wp-content\/uploads\/2020\/01\/ACJBB-activite-bne-akiva-boulogne-chabbat-vayehi-5780.jpg\" alt=\"\" width=\"600\" srcset=\"https:\/\/acjbb-sud.org\/wp-content\/uploads\/2020\/01\/ACJBB-activite-bne-akiva-boulogne-chabbat-vayehi-5780.jpg 948w, https:\/\/acjbb-sud.org\/wp-content\/uploads\/2020\/01\/ACJBB-activite-bne-akiva-boulogne-chabbat-vayehi-5780-221x300.jpg 221w, https:\/\/acjbb-sud.org\/wp-content\/uploads\/2020\/01\/ACJBB-activite-bne-akiva-boulogne-chabbat-vayehi-5780-754x1024.jpg 754w, https:\/\/acjbb-sud.org\/wp-content\/uploads\/2020\/01\/ACJBB-activite-bne-akiva-boulogne-chabbat-vayehi-5780-768x1043.jpg 768w\" sizes=\"(max-width: 948px) 100vw, 948px\" \/><\/a><\/p>\n<p><em><strong>Information aux parents :<\/strong><\/em> pour avoir toutes les informations sur les activit\u00e9s du Bn\u00e9 Akiva, pour \u00e9changer avec les madri&rsquo;him, vous pouvez rejoindre le groupe WhatsApp BNE AKIVA &#8211; Parents et Madri&rsquo;him en cliquant sur le lien <a href=\"http:\/\/bit.ly\/2nVbURP\" target=\"_blank\" rel=\"noopener noreferrer\">http:\/\/bit.ly\/2nVbURP<\/a><\/p>\n<hr \/>\n<h3><strong><span style=\"text-decoration: underline;\">CCIBB &#8211; Centre a\u00e9r\u00e9 en f\u00e9vrier:<\/span><br \/>\n<\/strong><\/h3>\n<p>Le CCIBB a le plaisir de vous annoncer l\u2019organisation d\u2019un centre de loisirs exceptionnel du <strong>17 au 21 f\u00e9vrier 2020<\/strong> pour les enfants de 6 \u00e0 12 ans.<\/p>\n<p>Au programme : ateliers artistiques, hip hop et th\u00e9\u00e2tre, stages sportifs, Cirque d\u2019hiver Bouglione, Cin\u00e9ma, Mus\u00e9e de l\u2019air et de l\u2019espace du Bourget\u2026<\/p>\n<p>Encadrement dipl\u00f4m\u00e9 et intervenants sp\u00e9cialis\u00e9s!<\/p>\n<p>Prix 145 euros la semaine<br \/>\nPlaces limit\u00e9es (d\u00e9j\u00e0 50 pr\u00e9-inscriptions)<br \/>\nContactez Jonathan Cahen : 06.21.07.17.09<\/p>\n<p>Plus d&rsquo;informations : <a href=\"https:\/\/ccibb.net\/2020\/01\/centre-loisirs-fevrier-2020-informations-inscriptions\/\" target=\"_blank\" rel=\"noopener noreferrer\">ccibb.net<\/a><\/p>\n<hr \/>\n<h3><strong><span style=\"text-decoration: underline;\">Mahan\u00e9 &lsquo;Horef du Bn\u00e9 Akiva :<\/span><br \/>\n<\/strong><\/h3>\n<p>Viens passer une semaine de folie au ski dans un cadre inoubliable <strong>du 17 au 23 f\u00e9vrier<\/strong> !<\/p>\n<p><a href=\"https:\/\/acjbb-sud.org\/wp-content\/uploads\/2020\/01\/ACJBB-Bne-Akiva-Mahane-Horef-fevrier-2020.jpg\"><img decoding=\"async\" class=\"aligncenter wp-image-3324 size-full\" src=\"https:\/\/acjbb-sud.org\/wp-content\/uploads\/2020\/01\/ACJBB-Bne-Akiva-Mahane-Horef-fevrier-2020.jpg\" alt=\"\" width=\"600\" srcset=\"https:\/\/acjbb-sud.org\/wp-content\/uploads\/2020\/01\/ACJBB-Bne-Akiva-Mahane-Horef-fevrier-2020.jpg 1080w, https:\/\/acjbb-sud.org\/wp-content\/uploads\/2020\/01\/ACJBB-Bne-Akiva-Mahane-Horef-fevrier-2020-240x300.jpg 240w, https:\/\/acjbb-sud.org\/wp-content\/uploads\/2020\/01\/ACJBB-Bne-Akiva-Mahane-Horef-fevrier-2020-819x1024.jpg 819w, https:\/\/acjbb-sud.org\/wp-content\/uploads\/2020\/01\/ACJBB-Bne-Akiva-Mahane-Horef-fevrier-2020-768x961.jpg 768w\" sizes=\"(max-width: 1080px) 100vw, 1080px\" \/><\/a><\/p>\n<p>Au programme : ambiance religieuse et isra\u00e9lienne, cours de ski ESF et passage de tests, soir\u00e9es \u00e0 th\u00e8me, et de nombreuses surprises&#8230;<\/p>\n<p>O\u00d9 ? Station de ski \u00ab R\u00e9allon \u00bb dans les Hautes-Alpes.<br \/>\nQUAND ? Du 17 au 23 f\u00e9vrier.<br \/>\nPOUR QUI ? Tous les enfants entre 10 et 15 ans.<br \/>\nCOMBIEN ? 690 euros tout compris (prix d\u00e9gressif \u00e0 partir du deuxi\u00e8me enfant).<\/p>\n<p>Tu es int\u00e9ress\u00e9 ? Le Mahan\u00e9 Horef 2020 t\u2019attend, et te promet une exp\u00e9rience unique et des souvenirs qui te resteront \u00e0 vie !<\/p>\n<p>Informations &amp; R\u00e9servations aupr\u00e8s de <strong>Shirel Sebagh<\/strong><br \/>\nou Eliezer Borgenicht<br \/>\nE-mail: <a href=\"mailto:eliezer@worldbneiakiva.org\" target=\"_blank\" rel=\"noopener noreferrer\">eliezer@worldbneiakiva.org<\/a><br \/>\nT\u00e9l\u00e9phone: 0177472740<br \/>\nWhatsApp: +972-54-8157476<br \/>\nou par internet<br \/>\n<a href=\"https:\/\/synaboulogne.us12.list-manage.com\/track\/click?u=f13343cbc4710ddbadcdef23f&amp;id=ebab762f41&amp;e=744d346afc\" target=\"_blank\" rel=\"noopener noreferrer\" data-saferedirecturl=\"https:\/\/www.google.com\/url?q=https:\/\/synaboulogne.us12.list-manage.com\/track\/click?u%3Df13343cbc4710ddbadcdef23f%26id%3Debab762f41%26e%3D744d346afc&amp;source=gmail&amp;ust=1578089278478000&amp;usg=AFQjCNE6ZmbtZopG7L2aUwNnqTis_m6myg\">http:\/\/bit.ly\/MahaneHoref2020<\/a><\/p>\n<p>S\u00e9jour agr\u00e9\u00e9 par le Minist\u00e8re de la Jeunesse et des sports<\/p>\n<hr \/>\n<h3><strong><span style=\"text-decoration: underline;\">\u00ab Les AMIS de la REFOUA \u00bb &#8211; Visite aux malades :<\/span><br \/>\n<\/strong><\/h3>\n<p style=\"text-align: justify;\">Des b\u00e9n\u00e9voles de Boulogne proposent aux personnes qui le demandent : l&rsquo;organisation d&rsquo;une chaine de lecture de T\u00e9hilims pour la gu\u00e9rison de nos malades, de prendre de leurs nouvelles et leur rendre visite dans les h\u00f4pitaux.<br \/>\nCes actions se font dans la plus grande discr\u00e9tion et s&rsquo;inscrivent dans le cadre du b\u00e9n\u00e9volat.<br \/>\nVous pourrez joindre &#8211; <em>les AMIS de la REFOUA<\/em> &#8211; au 06.03.75.34.15, ou par courriel \u00e0 : <a href=\"mailto:israelalbert1@gmail.com\">israelalbert1@gmail.com<\/a><br \/>\nVous pouvez aussi faire partie de ces b\u00e9n\u00e9voles, nous vous remercions par avance.<\/p>\n<hr \/>\n<h3><strong><span style=\"text-decoration: underline;\">Information ACJBB Boulogne Sud :<\/span><br \/>\n<\/strong><\/h3>\n<p style=\"text-align: justify;\">Retrouvez toutes les informations de l\u2019office sur : <a href=\"http:\/\/www.acjbb-sud.org\" target=\"_blank\" rel=\"noopener noreferrer\">www.acjbb-sud.org<\/a>.<br \/>\nSi vous souhaitez recevoir par mail la newsletter de l&rsquo;office, inscrivez-vous en nous envoyant un mail \u00e0 <a href=\"mailto:officeboulognesud@gmail.com\">officeboulognesud@gmail.com<\/a>.<br \/>\nRetrouvez \u00e9galement toutes les informations sur la page Facebook de l&rsquo;office : <a href=\"http:\/\/facebook.com\/acjbbsud\" target=\"_blank\" rel=\"noopener noreferrer\">facebook.com\/acjbbsud<\/a> et sur Twitter : <a href=\"http:\/\/twitter.com\/acjbbsud\" target=\"_blank\" rel=\"noopener noreferrer\">twitter.com\/acjbbsud<\/a>.<\/p>\n<hr \/>\n<h3><strong><span style=\"text-decoration: underline;\">R\u00e9servation des espaces communautaires :<\/span><br \/>\n<\/strong><\/h3>\n<p style=\"text-align: justify;\">Vous souhaitez organiser une manifestation (Brith-Mila, Bar-Mitsvah et Bat-Mitsvah, Mariage, Azkara, Soir\u00e9e Mikv\u00e9 Kala, etc&#8230; ) dans les espaces de la <strong>Synagogue de Boulogne<\/strong>, 43 rue des Abondances, contactez M. Alain Chicheportiche 06.95.62.58.41 &#8211; <a href=\"mailto:alainchicheportiche92@gmail.com\">alainchicheportiche92@gmail.com<\/a><\/p>\n<p style=\"text-align: justify;\">Vous souhaitez r\u00e9server la salle de <strong>Boulogne Sud<\/strong>, 134 bis rue du point du jour Boulogne Billancourt, contactez M. Patrick Sebban 06.03.02.30.78 &#8211; <a href=\"mailto:patrick.sebban2@paris.fr\">patrick.sebban2@paris.fr<\/a><\/p>\n<hr \/>\n<h3><strong><span style=\"text-decoration: underline;\">Mikv\u00e9 :<\/span><br \/>\n<\/strong><\/h3>\n<p><strong>Mikv\u00e9 pour les femmes<\/strong><br \/>\nLe mikv\u00e9 de Boulogne est ouvert :<\/p>\n<ul>\n<li>dimanche de 19h \u00e0 21h<\/li>\n<li>du lundi au jeudi de 20h \u00e0 22h<\/li>\n<li>vendredi soir : uniquement sur RDV , en envoyant un sms \u00e0 Mme Yael Kassabi au 06 22 76 15 04<\/li>\n<li>samedi soir : 1h apr\u00e8s Chabbat pendant 2h<\/li>\n<\/ul>\n<p>La Communaut\u00e9 juive de Boulogne recherche une <strong>Baalanit <\/strong>pour 2 soirs par semaine \u00e0 partir de mi-novembre. Prendre contact avec <a href=\"mailto:yaelkassabi@gmail.com?subject=Poste%20de%20Baalanit%20pour%20le%20Mikv%C3%A9%20de%20Boulogne\" target=\"_blank\" rel=\"noopener noreferrer\">Mme Yael Kassabi<\/a>.<\/p>\n<p><strong>Mikv\u00e9 vaisselle<\/strong><br \/>\nLe Mikv\u00e9 K\u00e9lim est ouvert tous les matins du dimanche au vendredi depuis l&rsquo;heure de la T\u00e9fila jusqu&rsquo;\u00e0 midi.<\/p>\n<hr \/>\n<h3><strong><span style=\"text-decoration: underline;\">Faire un don :<\/span><br \/>\n<\/strong><\/h3>\n<p style=\"text-align: justify;\">Pour faire vivre et participer activement \u00e0 cet office, <a href=\"http:\/\/www.acjbb-sud.org\/index.php\/faire-un-don\/\" target=\"_blank\" rel=\"noopener noreferrer\">faites un don<\/a> par internet ou envoyez vos ch\u00e8ques au <strong>134 bis rue du Point du Jour<\/strong>. Toutes les participations sont bienvenues, <em>les petits ruisseaux faisant de grandes rivi\u00e8res<\/em>, nous parviendrons, tous ensemble, \u00e0 faire vivre l\u2019Office de Boulogne Sud.<\/p>\n<p>Tizkou L\u00e9-Mitsvot !!<\/p>\n<hr \/>\n<h3><strong><span style=\"text-decoration: underline;\">Visites aux personnes seules :<\/span><br \/>\n<\/strong><\/h3>\n<p><a href=\"https:\/\/acjbb-sud.org\/wp-content\/uploads\/2019\/12\/ACJBB-Synagogue-Boulogne-Levaker-visite-personnes-agees.jpg\"><img decoding=\"async\" class=\"aligncenter wp-image-3253 size-full\" src=\"https:\/\/acjbb-sud.org\/wp-content\/uploads\/2019\/12\/ACJBB-Synagogue-Boulogne-Levaker-visite-personnes-agees.jpg\" alt=\"\" width=\"600\" srcset=\"https:\/\/acjbb-sud.org\/wp-content\/uploads\/2019\/12\/ACJBB-Synagogue-Boulogne-Levaker-visite-personnes-agees.jpg 800w, https:\/\/acjbb-sud.org\/wp-content\/uploads\/2019\/12\/ACJBB-Synagogue-Boulogne-Levaker-visite-personnes-agees-300x300.jpg 300w, https:\/\/acjbb-sud.org\/wp-content\/uploads\/2019\/12\/ACJBB-Synagogue-Boulogne-Levaker-visite-personnes-agees-150x150.jpg 150w, https:\/\/acjbb-sud.org\/wp-content\/uploads\/2019\/12\/ACJBB-Synagogue-Boulogne-Levaker-visite-personnes-agees-768x768.jpg 768w\" sizes=\"(max-width: 800px) 100vw, 800px\" \/><\/a><\/p>\n<p>Chers amis membres de la communaut\u00e9 juive de Boulogne,<\/p>\n<p>Il existe d\u00e9sormais un syst\u00e8me organis\u00e9 et centralis\u00e9 de <strong>visites aux personnes \u00e2g\u00e9es qui le souhaiteraient<\/strong>, vivant seules ou loin de leurs familles, chez elles ou en R\u00e9sidence, \u00e0 Boulogne-m\u00eame et dans les banlieues et arrondissements parisiens voisins.<br \/>\nCe groupe, fra\u00eechement cr\u00e9\u00e9, a besoin de b\u00e9n\u00e9voles qui pourraient, une \u00e0 deux fois par mois, venir visiter pendant 15 \u00e0 30 minutes l\u2019une de ces personnes isol\u00e9es.<br \/>\nLe deuxi\u00e8me type de mission que propose ce groupe consiste \u00e0 <strong>rendre visite aux personnes hospitalis\u00e9es sur notre secteur g\u00e9ographique<\/strong>, en cas d\u2019\u00e9loignement familial, lorsqu&rsquo;une telle demande nous parviendra.<br \/>\n<strong>Nous avons besoin d\u2019autant de b\u00e9n\u00e9voles que possible pour que ce projet puisse durer<\/strong>.<br \/>\nIl vous sera aussi d\u00e9sormais possible de nous contacter directement pour nous communiquer les coordonn\u00e9es d&rsquo;une nouvelle personne \u00e0 visiter.<br \/>\nVous pouvez nous joindre par le biais du <span class=\"il\">Synamail<\/span>.<br \/>\nAu nom de la Communaut\u00e9 de Boulogne, je tiens \u00e0 vous remercier par avance pour toutes ces belles rencontres que nous ferons, pour tous ces petits moments d\u2019attention et de bonheur que nous offrirons \u00e0 nos Seniors et nos Malades.<br \/>\nTizkou le mitsvot<\/p>\n<p><strong>Yael Lazimy<\/strong>, pour le groupe \u00ab Levaker \u00bb<br \/>\nN&rsquo;h\u00e9sitez pas \u00e0 nous contacter par <a href=\"mailto:synamail@acjbb.com\" target=\"_blank\" rel=\"noopener noreferrer\"><span class=\"il\">synamail<\/span>@acjbb.com<\/a><\/p>\n<hr \/>\n<h3><strong><span style=\"text-decoration: underline;\">Participons \u00e0 la collecte des fondations du Centre Culturel Juif de Boulogne Billancourt :<\/span><br \/>\n<\/strong><\/h3>\n<p><img loading=\"lazy\" decoding=\"async\" class=\"aligncenter wp-image-2813 size-large\" src=\"https:\/\/acjbb-sud.org\/wp-content\/uploads\/2019\/07\/construction-du-centre-juif-de-boulogne-billancourt-1024x724.jpeg\" alt=\"\" width=\"720\" height=\"509\" srcset=\"https:\/\/acjbb-sud.org\/wp-content\/uploads\/2019\/07\/construction-du-centre-juif-de-boulogne-billancourt-1024x724.jpeg 1024w, https:\/\/acjbb-sud.org\/wp-content\/uploads\/2019\/07\/construction-du-centre-juif-de-boulogne-billancourt-300x212.jpeg 300w, https:\/\/acjbb-sud.org\/wp-content\/uploads\/2019\/07\/construction-du-centre-juif-de-boulogne-billancourt-768x543.jpeg 768w, https:\/\/acjbb-sud.org\/wp-content\/uploads\/2019\/07\/construction-du-centre-juif-de-boulogne-billancourt.jpeg 1122w\" sizes=\"auto, (max-width: 720px) 100vw, 720px\" \/><\/p>\n<p>La construction du Centre Culturel Juif de Boulogne a \u00e9t\u00e9 lanc\u00e9e le <strong>23 juin 2019<\/strong>. En plus de la campagne de collecte, nous avons d\u00e9cid\u00e9 d&rsquo;entreprendre une collecte \u00ab\u00a0<b>des Fondations du Centre Culturel<\/b>\u00ab\u00a0. A l&rsquo;image de la construction du Michkan, o\u00f9 Moch\u00e9 a demand\u00e9 \u00e0 tous les Bnei Israel de verser un demi-shekel pour financer les socles qui soutiennent les poutres du Michkan, nous invitons tous les boulonnais, hommes, femmes et enfants, \u00e0 contribuer aux fondations du Centre Culturel.<\/p>\n<p>La liste de tous les contributeurs sera affich\u00e9e pour que chacun puisse dire qu&rsquo;il a fait partie des fondateurs.<\/p>\n<p>Le montant est unique pour que dans cette phase, chacun puisse avoir une part \u00e9gale \u00e0 son voisin, quels que soient ses moyens et sa g\u00e9n\u00e9rosit\u00e9, chacun \u00e0 part \u00e9gale.<\/p>\n<p>Nous invitons donc tous les fid\u00e8les de notre communaut\u00e9 \u00e0 participer et surtout \u00e0 inviter tous nos coreligionnaires, familles, amis, voisins \u00e0 participer aussi au projet.<\/p>\n<p>Ainsi nous aurons collectivement le m\u00e9rite de r\u00e9pondre \u00e0 l&rsquo;injonction divine de la Paracha T\u00e9rouma :<br \/>\n\u00ab\u00a0\u05d5\u05b0\u05e2\u05b8\u05e9\u05c2\u05d5\u05bc \u05dc\u05b4\u05d9, \u05de\u05b4\u05e7\u05b0\u05d3\u05bc\u05b8\u05e9\u05c1; \u05d5\u05b0\u05e9\u05c1\u05b8\u05db\u05b7\u05e0\u05b0\u05ea\u05bc\u05b4\u05d9, \u05d1\u05bc\u05b0\u05ea\u05d5\u05b9\u05db\u05b8\u05dd.\u00a0\u00bb &#8211; \u00ab\u00a0<em>Et ils me construiront un sanctuaire, pour que je r\u00e9side au milieu d&rsquo;eux<\/em>\u00a0\u00bb <strong>Amen<\/strong> !<\/p>\n<p>Robert Ejnes<br \/>\nPr\u00e9sident<\/p>\n<p><strong>Mobilisons-nous :<\/strong><br \/>\n<a href=\"https:\/\/www.helloasso.com\/associations\/acjbb-2\/collectes\/les-fondations-du-centre-culturel-juif-de-boulogne\/\" target=\"_blank\" rel=\"noopener noreferrer\">Je participe \u00e0 la collecte des fondations du Centre Culturel Juif<\/a> !<\/p>\n<hr \/>\n<h3><strong><span style=\"text-decoration: underline;\">Dons pour le Centre Culturel de Boulogne Billancourt :<\/span><br \/>\n<\/strong><\/h3>\n<p style=\"text-align: justify;\">Le nouveau Centre Culturel sera situ\u00e9 \u00e0 l&rsquo;angle des rues Marcel Dassault et d&rsquo;Anjou.<\/p>\n<p style=\"text-align: justify;\">Il comprendra notamment :<\/p>\n<ul>\n<li style=\"list-style-type: none;\">\n<ul>\n<li>Une Synagogue<\/li>\n<li>Le Centre Communautaire (CCIBB)<\/li>\n<li>Une salle polyvalente<\/li>\n<li>Une salle des f\u00eates<\/li>\n<\/ul>\n<\/li>\n<\/ul>\n<p>Vous pouvez consulter la <a href=\"https:\/\/fr.calameo.com\/read\/00057892520c64798775e\" target=\"_blank\" rel=\"noopener noreferrer\">plaquette de pr\u00e9sentation du Centre Culturel de Boulogne<\/a><\/p>\n<p style=\"text-align: justify;\"><img decoding=\"async\" class=\"aligncenter wp-image-778 size-full\" src=\"http:\/\/acjbb-sud.org\/wp-content\/uploads\/2017\/06\/Acjbb-construction-1.png\" alt=\"\" width=\"600\" srcset=\"https:\/\/acjbb-sud.org\/wp-content\/uploads\/2017\/06\/Acjbb-construction-1.png 684w, https:\/\/acjbb-sud.org\/wp-content\/uploads\/2017\/06\/Acjbb-construction-1-300x202.png 300w, https:\/\/acjbb-sud.org\/wp-content\/uploads\/2017\/06\/Acjbb-construction-1-445x300.png 445w\" sizes=\"(max-width: 684px) 100vw, 684px\" \/><\/p>\n<h3 class=\"m_-5277437730878633356null\"><span style=\"color: #0000ff;\"><strong>Etat du dossier<\/strong><\/span><\/h3>\n<p><strong>Les travaux du sous-sol avancent !<br \/>\n<\/strong><\/p>\n\n\t\t<style type=\"text\/css\">\n\t\t\t#gallery-1 {\n\t\t\t\tmargin: auto;\n\t\t\t}\n\t\t\t#gallery-1 .gallery-item {\n\t\t\t\tfloat: left;\n\t\t\t\tmargin-top: 10px;\n\t\t\t\ttext-align: center;\n\t\t\t\twidth: 33%;\n\t\t\t}\n\t\t\t#gallery-1 img {\n\t\t\t\tborder: 2px solid #cfcfcf;\n\t\t\t}\n\t\t\t#gallery-1 .gallery-caption {\n\t\t\t\tmargin-left: 0;\n\t\t\t}\n\t\t\t\/* see gallery_shortcode() in wp-includes\/media.php *\/\n\t\t<\/style>\n\t\t<div id='gallery-1' class='gallery galleryid-3332 gallery-columns-3 gallery-size-medium'><dl class='gallery-item'>\n\t\t\t<dt class='gallery-icon landscape'>\n\t\t\t\t<a href='https:\/\/acjbb-sud.org\/wp-content\/uploads\/2020\/01\/39-BAHI.jpg'><img loading=\"lazy\" decoding=\"async\" width=\"300\" height=\"200\" src=\"https:\/\/acjbb-sud.org\/wp-content\/uploads\/2020\/01\/39-BAHI-300x200.jpg\" class=\"attachment-medium size-medium\" alt=\"\" srcset=\"https:\/\/acjbb-sud.org\/wp-content\/uploads\/2020\/01\/39-BAHI-300x200.jpg 300w, https:\/\/acjbb-sud.org\/wp-content\/uploads\/2020\/01\/39-BAHI-1024x683.jpg 1024w, https:\/\/acjbb-sud.org\/wp-content\/uploads\/2020\/01\/39-BAHI-768x512.jpg 768w, https:\/\/acjbb-sud.org\/wp-content\/uploads\/2020\/01\/39-BAHI-1536x1024.jpg 1536w, https:\/\/acjbb-sud.org\/wp-content\/uploads\/2020\/01\/39-BAHI.jpg 1620w\" sizes=\"auto, (max-width: 300px) 100vw, 300px\" \/><\/a>\n\t\t\t<\/dt><\/dl><dl class='gallery-item'>\n\t\t\t<dt class='gallery-icon landscape'>\n\t\t\t\t<a href='https:\/\/acjbb-sud.org\/wp-content\/uploads\/2020\/01\/11-BAHI.jpg'><img loading=\"lazy\" decoding=\"async\" width=\"300\" height=\"200\" src=\"https:\/\/acjbb-sud.org\/wp-content\/uploads\/2020\/01\/11-BAHI-300x200.jpg\" class=\"attachment-medium size-medium\" alt=\"\" srcset=\"https:\/\/acjbb-sud.org\/wp-content\/uploads\/2020\/01\/11-BAHI-300x200.jpg 300w, https:\/\/acjbb-sud.org\/wp-content\/uploads\/2020\/01\/11-BAHI-1024x683.jpg 1024w, https:\/\/acjbb-sud.org\/wp-content\/uploads\/2020\/01\/11-BAHI-768x512.jpg 768w, https:\/\/acjbb-sud.org\/wp-content\/uploads\/2020\/01\/11-BAHI-1536x1024.jpg 1536w, https:\/\/acjbb-sud.org\/wp-content\/uploads\/2020\/01\/11-BAHI.jpg 1620w\" sizes=\"auto, (max-width: 300px) 100vw, 300px\" \/><\/a>\n\t\t\t<\/dt><\/dl><dl class='gallery-item'>\n\t\t\t<dt class='gallery-icon landscape'>\n\t\t\t\t<a href='https:\/\/acjbb-sud.org\/wp-content\/uploads\/2020\/01\/21-BAHI.jpg'><img loading=\"lazy\" decoding=\"async\" width=\"300\" height=\"200\" src=\"https:\/\/acjbb-sud.org\/wp-content\/uploads\/2020\/01\/21-BAHI-300x200.jpg\" class=\"attachment-medium size-medium\" alt=\"\" srcset=\"https:\/\/acjbb-sud.org\/wp-content\/uploads\/2020\/01\/21-BAHI-300x200.jpg 300w, https:\/\/acjbb-sud.org\/wp-content\/uploads\/2020\/01\/21-BAHI-1024x683.jpg 1024w, https:\/\/acjbb-sud.org\/wp-content\/uploads\/2020\/01\/21-BAHI-768x512.jpg 768w, https:\/\/acjbb-sud.org\/wp-content\/uploads\/2020\/01\/21-BAHI-1536x1024.jpg 1536w, https:\/\/acjbb-sud.org\/wp-content\/uploads\/2020\/01\/21-BAHI.jpg 1620w\" sizes=\"auto, (max-width: 300px) 100vw, 300px\" \/><\/a>\n\t\t\t<\/dt><\/dl><br style=\"clear: both\" \/>\n\t\t<\/div>\n\n<p>Vous avez une occasion unique d&rsquo;inscrire votre nom, celui de vos familles, celui de vos disparus, dans un projet qui marquera l&rsquo;avenir de la vie juive \u00e0 Boulogne-Billancourt.<\/p>\n<p><img decoding=\"async\" class=\"aligncenter\" src=\"https:\/\/acjbb-sud.org\/wp-content\/uploads\/2018\/07\/Centre-Culturel-juif-Boulogne-Billancourt-Synagogue.jpg\" alt=\"\" width=\"600\" \/><\/p>\n<p><img decoding=\"async\" class=\"aligncenter\" src=\"https:\/\/acjbb-sud.org\/wp-content\/uploads\/2018\/07\/Centre-Culturel-juif-Boulogne-Billancourt-Synagogue-2.jpg\" alt=\"\" width=\"600\" \/><\/p>\n<p style=\"text-align: justify;\">Devenez acteur du devenir de la vie juive \u00e0 Boulogne en faisant un don pour la construction du Centre Culturel de Boulogne. Vous pouvez d\u00e9cider de diriger votre don vers la synagogue ACJBB ou vers le CCIBB, en nous l&rsquo;indiquant par message.<\/p>\n<p>Si vous avez des question, <a href=\"mailto:synamail@acjbb.com?subject=&quot;Question sur la construction du Centre culturel&quot;\">envoyez-nous un message<\/a> !<\/p>\n<p><a href=\"https:\/\/www.helloasso.com\/associations\/acjbb-2\/collectes\/construction-du-centre-juif-de-boulogne\" target=\"_blank\" rel=\"noopener noreferrer\">Je participe \u00e0 la collecte pour la construction<\/a>.<\/p>\n<hr \/>\n<h3><strong><span style=\"text-decoration: underline;\">Dvar Thorah et enseignements :<\/span><br \/>\n<\/strong><\/h3>\n<p><em><strong>par le Rav Mika\u00ebl Mouyal<\/strong><\/em><\/p>\n<p style=\"text-align: justify;\"><em>L\u00e9\u00eflouy Nichmat Avraham Ben Mikha\u00ebl, &lsquo;Ha\u00ef Victor Ben Yakouta, Jaqueline Bat Esther et Paula Yakouta Bat Rosette<\/em><\/p>\n<p>T\u00e9l\u00e9charger le Dvar Torah directement en PDF afin de l&rsquo;imprimer et le lire plus facilement :<br \/>\n<a href=\"https:\/\/acjbb-sud.org\/wp-content\/uploads\/2020\/01\/ACJBB-Boulogne-Sud-Dvar-Torah-Sidra-Rav-Mouyal-Vayehi-5780.pdf\" target=\"_blank\" rel=\"noopener noreferrer\">Sidra Vay\u00e9&rsquo;hi<\/a>.<\/p>\n<p>Retrouvez tous les commentaires et sidrots sur la Paracha par le Rav Mika\u00ebl Mouyal sur <a href=\"https:\/\/acjbb-sud.org\/index.php\/dvar-torah-sidra-rav-mouyal\/\" target=\"_blank\" rel=\"noopener noreferrer\">cette page<\/a>.<\/p>\n<hr \/>\n<p><strong>Chabbat Chalom !<\/strong><\/p>\n","protected":false},"excerpt":{"rendered":"<p>Paracha Vay\u00e9&rsquo;hi \/ \u05e4\u05e8\u05e9\u05d4 \u05d5\u05d9\u05d7\u05d9 10\/11 janvier 2020 &#8211; 14 Tevet 5780 \/ \u05d9&rsquo;\u05d3 \u05d8\u05d1\u05ea \u05d4-\u05ea\u05e9&rsquo;\u05e3 D\u00e9but : 16h55 &#8211; Fin : 18h09 Ce Chabbat : Chabbat plein communautaire avec repas chaud et motsi pour se motiver pour la grande campagne de collecte Charidy qui aura lieu les 14 et 15 janvier 2020. Les Horaires &hellip; <\/p>\n<p><a class=\"more-link btn\" href=\"https:\/\/acjbb-sud.org\/index.php\/2020\/01\/08\/chabbat-vayehi-5780\/\">Lire la suite<\/a><\/p>\n","protected":false},"author":1,"featured_media":2195,"comment_status":"open","ping_status":"open","sticky":false,"template":"","format":"standard","meta":{"jetpack_post_was_ever_published":false,"_jetpack_newsletter_access":"","_jetpack_dont_email_post_to_subs":false,"_jetpack_newsletter_tier_id":0,"_jetpack_memberships_contains_paywalled_content":false,"_jetpack_memberships_contains_paid_content":false,"footnotes":"","jetpack_publicize_message":"","jetpack_publicize_feature_enabled":true,"jetpack_social_post_already_shared":true,"jetpack_social_options":{"image_generator_settings":{"template":"highway","default_image_id":0,"font":"","enabled":false},"version":2}},"categories":[3],"tags":[47,135],"class_list":["post-3332","post","type-post","status-publish","format-standard","has-post-thumbnail","hentry","category-chabbat","tag-chabbat","tag-vayehi","item-wrap"],"yoast_head":"<!-- This site is optimized with the Yoast SEO plugin v26.6 - https:\/\/yoast.com\/wordpress\/plugins\/seo\/ -->\n<title>Chabbat Vay\u00e9&#039;hi - Synagogue ACJBB Boulogne Sud<\/title>\n<meta name=\"robots\" content=\"index, follow, max-snippet:-1, max-image-preview:large, max-video-preview:-1\" \/>\n<link rel=\"canonical\" href=\"https:\/\/acjbb-sud.org\/index.php\/2020\/01\/08\/chabbat-vayehi-5780\/\" \/>\n<meta property=\"og:locale\" content=\"fr_FR\" \/>\n<meta property=\"og:type\" content=\"article\" \/>\n<meta property=\"og:title\" content=\"Chabbat Vay\u00e9&#039;hi - Synagogue ACJBB Boulogne Sud\" \/>\n<meta property=\"og:description\" content=\"Paracha Vay\u00e9&rsquo;hi \/ \u05e4\u05e8\u05e9\u05d4 \u05d5\u05d9\u05d7\u05d9 10\/11 janvier 2020 &#8211; 14 Tevet 5780 \/ \u05d9&rsquo;\u05d3 \u05d8\u05d1\u05ea \u05d4-\u05ea\u05e9&rsquo;\u05e3 D\u00e9but : 16h55 &#8211; Fin : 18h09 Ce Chabbat : Chabbat plein communautaire avec repas chaud et motsi pour se motiver pour la grande campagne de collecte Charidy qui aura lieu les 14 et 15 janvier 2020. Les Horaires &hellip; Lire la suite\" \/>\n<meta property=\"og:url\" content=\"https:\/\/acjbb-sud.org\/index.php\/2020\/01\/08\/chabbat-vayehi-5780\/\" \/>\n<meta property=\"og:site_name\" content=\"Synagogue ACJBB Boulogne Sud\" \/>\n<meta property=\"article:published_time\" content=\"2020-01-08T21:53:27+00:00\" \/>\n<meta property=\"article:modified_time\" content=\"2020-01-09T20:02:54+00:00\" \/>\n<meta property=\"og:image\" content=\"https:\/\/acjbb-sud.org\/wp-content\/uploads\/2018\/10\/ACJBB-Sud-Chabbat-halots-bougies-vin-600-logos-v2.jpg\" \/>\n\t<meta property=\"og:image:width\" content=\"615\" \/>\n\t<meta property=\"og:image:height\" content=\"433\" \/>\n\t<meta property=\"og:image:type\" content=\"image\/jpeg\" \/>\n<meta name=\"author\" content=\"AcjbbSud\" \/>\n<meta name=\"twitter:card\" content=\"summary_large_image\" \/>\n<meta name=\"twitter:label1\" content=\"\u00c9crit par\" \/>\n\t<meta name=\"twitter:data1\" content=\"AcjbbSud\" \/>\n\t<meta name=\"twitter:label2\" content=\"Dur\u00e9e de lecture estim\u00e9e\" \/>\n\t<meta name=\"twitter:data2\" content=\"10 minutes\" \/>\n<script type=\"application\/ld+json\" class=\"yoast-schema-graph\">{\"@context\":\"https:\/\/schema.org\",\"@graph\":[{\"@type\":\"WebPage\",\"@id\":\"https:\/\/acjbb-sud.org\/index.php\/2020\/01\/08\/chabbat-vayehi-5780\/\",\"url\":\"https:\/\/acjbb-sud.org\/index.php\/2020\/01\/08\/chabbat-vayehi-5780\/\",\"name\":\"Chabbat Vay\u00e9'hi - Synagogue ACJBB Boulogne Sud\",\"isPartOf\":{\"@id\":\"https:\/\/acjbb-sud.org\/#website\"},\"primaryImageOfPage\":{\"@id\":\"https:\/\/acjbb-sud.org\/index.php\/2020\/01\/08\/chabbat-vayehi-5780\/#primaryimage\"},\"image\":{\"@id\":\"https:\/\/acjbb-sud.org\/index.php\/2020\/01\/08\/chabbat-vayehi-5780\/#primaryimage\"},\"thumbnailUrl\":\"https:\/\/acjbb-sud.org\/wp-content\/uploads\/2018\/10\/ACJBB-Sud-Chabbat-halots-bougies-vin-600-logos-v2.jpg\",\"datePublished\":\"2020-01-08T21:53:27+00:00\",\"dateModified\":\"2020-01-09T20:02:54+00:00\",\"author\":{\"@id\":\"https:\/\/acjbb-sud.org\/#\/schema\/person\/adc8f09fb72c9d0dc78509106dc5e9f0\"},\"breadcrumb\":{\"@id\":\"https:\/\/acjbb-sud.org\/index.php\/2020\/01\/08\/chabbat-vayehi-5780\/#breadcrumb\"},\"inLanguage\":\"fr-FR\",\"potentialAction\":[{\"@type\":\"ReadAction\",\"target\":[\"https:\/\/acjbb-sud.org\/index.php\/2020\/01\/08\/chabbat-vayehi-5780\/\"]}]},{\"@type\":\"ImageObject\",\"inLanguage\":\"fr-FR\",\"@id\":\"https:\/\/acjbb-sud.org\/index.php\/2020\/01\/08\/chabbat-vayehi-5780\/#primaryimage\",\"url\":\"https:\/\/acjbb-sud.org\/wp-content\/uploads\/2018\/10\/ACJBB-Sud-Chabbat-halots-bougies-vin-600-logos-v2.jpg\",\"contentUrl\":\"https:\/\/acjbb-sud.org\/wp-content\/uploads\/2018\/10\/ACJBB-Sud-Chabbat-halots-bougies-vin-600-logos-v2.jpg\",\"width\":615,\"height\":433},{\"@type\":\"BreadcrumbList\",\"@id\":\"https:\/\/acjbb-sud.org\/index.php\/2020\/01\/08\/chabbat-vayehi-5780\/#breadcrumb\",\"itemListElement\":[{\"@type\":\"ListItem\",\"position\":1,\"name\":\"Accueil\",\"item\":\"https:\/\/acjbb-sud.org\/\"},{\"@type\":\"ListItem\",\"position\":2,\"name\":\"Chabbat Vay\u00e9&rsquo;hi\"}]},{\"@type\":\"WebSite\",\"@id\":\"https:\/\/acjbb-sud.org\/#website\",\"url\":\"https:\/\/acjbb-sud.org\/\",\"name\":\"Synagogue ACJBB Boulogne Sud\",\"description\":\"Synagogue \/ Association Communautaire Juive de Boulogne Billancourt (Sud)\",\"potentialAction\":[{\"@type\":\"SearchAction\",\"target\":{\"@type\":\"EntryPoint\",\"urlTemplate\":\"https:\/\/acjbb-sud.org\/?s={search_term_string}\"},\"query-input\":{\"@type\":\"PropertyValueSpecification\",\"valueRequired\":true,\"valueName\":\"search_term_string\"}}],\"inLanguage\":\"fr-FR\"},{\"@type\":\"Person\",\"@id\":\"https:\/\/acjbb-sud.org\/#\/schema\/person\/adc8f09fb72c9d0dc78509106dc5e9f0\",\"name\":\"AcjbbSud\",\"image\":{\"@type\":\"ImageObject\",\"inLanguage\":\"fr-FR\",\"@id\":\"https:\/\/acjbb-sud.org\/#\/schema\/person\/image\/\",\"url\":\"https:\/\/secure.gravatar.com\/avatar\/ea30fe7a8231c8c0bf30066f86006714af7be34ba414543eaab3e453b92901aa?s=96&d=mm&r=g\",\"contentUrl\":\"https:\/\/secure.gravatar.com\/avatar\/ea30fe7a8231c8c0bf30066f86006714af7be34ba414543eaab3e453b92901aa?s=96&d=mm&r=g\",\"caption\":\"AcjbbSud\"},\"url\":\"https:\/\/acjbb-sud.org\/index.php\/author\/acjbbsud\/\"}]}<\/script>\n<!-- \/ Yoast SEO plugin. -->","yoast_head_json":{"title":"Chabbat Vay\u00e9'hi - Synagogue ACJBB Boulogne Sud","robots":{"index":"index","follow":"follow","max-snippet":"max-snippet:-1","max-image-preview":"max-image-preview:large","max-video-preview":"max-video-preview:-1"},"canonical":"https:\/\/acjbb-sud.org\/index.php\/2020\/01\/08\/chabbat-vayehi-5780\/","og_locale":"fr_FR","og_type":"article","og_title":"Chabbat Vay\u00e9'hi - Synagogue ACJBB Boulogne Sud","og_description":"Paracha Vay\u00e9&rsquo;hi \/ \u05e4\u05e8\u05e9\u05d4 \u05d5\u05d9\u05d7\u05d9 10\/11 janvier 2020 &#8211; 14 Tevet 5780 \/ \u05d9&rsquo;\u05d3 \u05d8\u05d1\u05ea \u05d4-\u05ea\u05e9&rsquo;\u05e3 D\u00e9but : 16h55 &#8211; Fin : 18h09 Ce Chabbat : Chabbat plein communautaire avec repas chaud et motsi pour se motiver pour la grande campagne de collecte Charidy qui aura lieu les 14 et 15 janvier 2020. Les Horaires &hellip; Lire la suite","og_url":"https:\/\/acjbb-sud.org\/index.php\/2020\/01\/08\/chabbat-vayehi-5780\/","og_site_name":"Synagogue ACJBB Boulogne Sud","article_published_time":"2020-01-08T21:53:27+00:00","article_modified_time":"2020-01-09T20:02:54+00:00","og_image":[{"width":615,"height":433,"url":"https:\/\/acjbb-sud.org\/wp-content\/uploads\/2018\/10\/ACJBB-Sud-Chabbat-halots-bougies-vin-600-logos-v2.jpg","type":"image\/jpeg"}],"author":"AcjbbSud","twitter_card":"summary_large_image","twitter_misc":{"\u00c9crit par":"AcjbbSud","Dur\u00e9e de lecture estim\u00e9e":"10 minutes"},"schema":{"@context":"https:\/\/schema.org","@graph":[{"@type":"WebPage","@id":"https:\/\/acjbb-sud.org\/index.php\/2020\/01\/08\/chabbat-vayehi-5780\/","url":"https:\/\/acjbb-sud.org\/index.php\/2020\/01\/08\/chabbat-vayehi-5780\/","name":"Chabbat Vay\u00e9'hi - Synagogue ACJBB Boulogne Sud","isPartOf":{"@id":"https:\/\/acjbb-sud.org\/#website"},"primaryImageOfPage":{"@id":"https:\/\/acjbb-sud.org\/index.php\/2020\/01\/08\/chabbat-vayehi-5780\/#primaryimage"},"image":{"@id":"https:\/\/acjbb-sud.org\/index.php\/2020\/01\/08\/chabbat-vayehi-5780\/#primaryimage"},"thumbnailUrl":"https:\/\/acjbb-sud.org\/wp-content\/uploads\/2018\/10\/ACJBB-Sud-Chabbat-halots-bougies-vin-600-logos-v2.jpg","datePublished":"2020-01-08T21:53:27+00:00","dateModified":"2020-01-09T20:02:54+00:00","author":{"@id":"https:\/\/acjbb-sud.org\/#\/schema\/person\/adc8f09fb72c9d0dc78509106dc5e9f0"},"breadcrumb":{"@id":"https:\/\/acjbb-sud.org\/index.php\/2020\/01\/08\/chabbat-vayehi-5780\/#breadcrumb"},"inLanguage":"fr-FR","potentialAction":[{"@type":"ReadAction","target":["https:\/\/acjbb-sud.org\/index.php\/2020\/01\/08\/chabbat-vayehi-5780\/"]}]},{"@type":"ImageObject","inLanguage":"fr-FR","@id":"https:\/\/acjbb-sud.org\/index.php\/2020\/01\/08\/chabbat-vayehi-5780\/#primaryimage","url":"https:\/\/acjbb-sud.org\/wp-content\/uploads\/2018\/10\/ACJBB-Sud-Chabbat-halots-bougies-vin-600-logos-v2.jpg","contentUrl":"https:\/\/acjbb-sud.org\/wp-content\/uploads\/2018\/10\/ACJBB-Sud-Chabbat-halots-bougies-vin-600-logos-v2.jpg","width":615,"height":433},{"@type":"BreadcrumbList","@id":"https:\/\/acjbb-sud.org\/index.php\/2020\/01\/08\/chabbat-vayehi-5780\/#breadcrumb","itemListElement":[{"@type":"ListItem","position":1,"name":"Accueil","item":"https:\/\/acjbb-sud.org\/"},{"@type":"ListItem","position":2,"name":"Chabbat Vay\u00e9&rsquo;hi"}]},{"@type":"WebSite","@id":"https:\/\/acjbb-sud.org\/#website","url":"https:\/\/acjbb-sud.org\/","name":"Synagogue ACJBB Boulogne Sud","description":"Synagogue \/ Association Communautaire Juive de Boulogne Billancourt (Sud)","potentialAction":[{"@type":"SearchAction","target":{"@type":"EntryPoint","urlTemplate":"https:\/\/acjbb-sud.org\/?s={search_term_string}"},"query-input":{"@type":"PropertyValueSpecification","valueRequired":true,"valueName":"search_term_string"}}],"inLanguage":"fr-FR"},{"@type":"Person","@id":"https:\/\/acjbb-sud.org\/#\/schema\/person\/adc8f09fb72c9d0dc78509106dc5e9f0","name":"AcjbbSud","image":{"@type":"ImageObject","inLanguage":"fr-FR","@id":"https:\/\/acjbb-sud.org\/#\/schema\/person\/image\/","url":"https:\/\/secure.gravatar.com\/avatar\/ea30fe7a8231c8c0bf30066f86006714af7be34ba414543eaab3e453b92901aa?s=96&d=mm&r=g","contentUrl":"https:\/\/secure.gravatar.com\/avatar\/ea30fe7a8231c8c0bf30066f86006714af7be34ba414543eaab3e453b92901aa?s=96&d=mm&r=g","caption":"AcjbbSud"},"url":"https:\/\/acjbb-sud.org\/index.php\/author\/acjbbsud\/"}]}},"jetpack_publicize_connections":[],"jetpack_featured_media_url":"https:\/\/acjbb-sud.org\/wp-content\/uploads\/2018\/10\/ACJBB-Sud-Chabbat-halots-bougies-vin-600-logos-v2.jpg","jetpack_sharing_enabled":true,"jetpack_shortlink":"https:\/\/wp.me\/p7sjOI-RK","jetpack_likes_enabled":true,"_links":{"self":[{"href":"https:\/\/acjbb-sud.org\/index.php\/wp-json\/wp\/v2\/posts\/3332","targetHints":{"allow":["GET"]}}],"collection":[{"href":"https:\/\/acjbb-sud.org\/index.php\/wp-json\/wp\/v2\/posts"}],"about":[{"href":"https:\/\/acjbb-sud.org\/index.php\/wp-json\/wp\/v2\/types\/post"}],"author":[{"embeddable":true,"href":"https:\/\/acjbb-sud.org\/index.php\/wp-json\/wp\/v2\/users\/1"}],"replies":[{"embeddable":true,"href":"https:\/\/acjbb-sud.org\/index.php\/wp-json\/wp\/v2\/comments?post=3332"}],"version-history":[{"count":9,"href":"https:\/\/acjbb-sud.org\/index.php\/wp-json\/wp\/v2\/posts\/3332\/revisions"}],"predecessor-version":[{"id":3346,"href":"https:\/\/acjbb-sud.org\/index.php\/wp-json\/wp\/v2\/posts\/3332\/revisions\/3346"}],"wp:featuredmedia":[{"embeddable":true,"href":"https:\/\/acjbb-sud.org\/index.php\/wp-json\/wp\/v2\/media\/2195"}],"wp:attachment":[{"href":"https:\/\/acjbb-sud.org\/index.php\/wp-json\/wp\/v2\/media?parent=3332"}],"wp:term":[{"taxonomy":"category","embeddable":true,"href":"https:\/\/acjbb-sud.org\/index.php\/wp-json\/wp\/v2\/categories?post=3332"},{"taxonomy":"post_tag","embeddable":true,"href":"https:\/\/acjbb-sud.org\/index.php\/wp-json\/wp\/v2\/tags?post=3332"}],"curies":[{"name":"wp","href":"https:\/\/api.w.org\/{rel}","templated":true}]}}