{"id":3419,"date":"2020-02-11T21:05:41","date_gmt":"2020-02-11T20:05:41","guid":{"rendered":"https:\/\/acjbb-sud.org\/?p=3419"},"modified":"2020-03-11T21:17:59","modified_gmt":"2020-03-11T20:17:59","slug":"conference-yves-azeroual-roman-mufti-mercredi-11-mars-2020","status":"publish","type":"post","link":"https:\/\/acjbb-sud.org\/index.php\/2020\/02\/11\/conference-yves-azeroual-roman-mufti-mercredi-11-mars-2020\/","title":{"rendered":"Conf\u00e9rence de Yves AZEROUAL \u00e0 l&rsquo;occasion de la parution de son roman \u00ab\u00a0Mufti\u00a0\u00bb &#8211; ANNUL\u00c9E"},"content":{"rendered":"<p><span style=\"color: #ff0000;\"><em><strong>Chers amis,<\/strong><\/em><\/span><br \/>\n<span style=\"color: #ff0000;\"><em><strong>afin de se conformer aux restrictions actuelles de regroupement, et d&rsquo;\u00e9viter tout risque, nous annulons la conf\u00e9rence.<\/strong><\/em><\/span><br \/>\n<span style=\"color: #ff0000;\"><em><strong>Cette derni\u00e8re sera report\u00e9e \u00e0 une date ult\u00e9rieure.<\/strong><\/em><\/span><br \/>\n<span style=\"color: #ff0000;\"><em><strong>Merci de votre compr\u00e9hension.<\/strong><\/em><\/span><\/p>\n<p>La communaut\u00e9 de Boulogne est heureuse de vous convier \u00e0 la conf\u00e9rence-d\u00e9bat d\u2019<strong>Yves AZEROUAL<\/strong>, journaliste, essayiste, r\u00e9alisateur de documentaires, \u00e0 l\u2019occasion de la parution de son roman \u00ab\u00a0Mufti\u00a0\u00bb le <strong>mercredi 11 mars 2020 \u00e0 20h00<\/strong>, \u00e0 la synagogue ACJBB Boulogne Sud, 134 bis rue du Point du jour 92100 Boulogne-Billancourt.<\/p>\n<p><a href=\"https:\/\/acjbb-sud.org\/wp-content\/uploads\/2020\/02\/Yves-Azeroual-roman-mufti.jpg\"><img loading=\"lazy\" decoding=\"async\" class=\"aligncenter size-full wp-image-3421\" src=\"https:\/\/acjbb-sud.org\/wp-content\/uploads\/2020\/02\/Yves-Azeroual-roman-mufti.jpg\" alt=\"\" width=\"342\" height=\"500\" srcset=\"https:\/\/acjbb-sud.org\/wp-content\/uploads\/2020\/02\/Yves-Azeroual-roman-mufti.jpg 342w, https:\/\/acjbb-sud.org\/wp-content\/uploads\/2020\/02\/Yves-Azeroual-roman-mufti-205x300.jpg 205w\" sizes=\"auto, (max-width: 342px) 100vw, 342px\" \/><\/a><\/p>\n<p>\u00ab De l\u2019Empire ottoman \u00e0 la Palestine mandataire, du g\u00e9nocide arm\u00e9nien au pogrom de H\u00e9bron, de l\u2019Irak insurrectionnel au c\u0153ur du Berlin nazifi\u00e9, de la Suisse d\u00e9sesp\u00e9r\u00e9ment neutre \u00e0 la France d\u2019apr\u00e8s-guerre soucieuse de m\u00e9nager les populations musulmanes de son empire colonial, une longue traque met au jour des \u00e9pisodes in\u00e9dits, sinistres et parfois rocambolesques de l\u2019existence de ce personnage \u00e9nigmatique et rus\u00e9, adul\u00e9 par les uns et ha\u00ef par d\u2019autres. \u00bb<\/p>\n<p>A l\u2019issue de la conf\u00e9rence, l\u2019auteur d\u00e9dicacera son roman.<\/p>\n<p>Afin d&rsquo;organiser au mieux la conf\u00e9rence, inscription obligatoire par mail : <a href=\"mailto:mufti.leroman@gmail.com\" target=\"_blank\" rel=\"noopener noreferrer\">mufti.leroman@gmail.com<\/a>.<\/p>\n","protected":false},"excerpt":{"rendered":"<p>Chers amis, afin de se conformer aux restrictions actuelles de regroupement, et d&rsquo;\u00e9viter tout risque, nous annulons la conf\u00e9rence. Cette derni\u00e8re sera report\u00e9e \u00e0 une date ult\u00e9rieure. Merci de votre compr\u00e9hension. La communaut\u00e9 de Boulogne est heureuse de vous convier \u00e0 la conf\u00e9rence-d\u00e9bat d\u2019Yves AZEROUAL, journaliste, essayiste, r\u00e9alisateur de documentaires, \u00e0 l\u2019occasion de la parution &hellip; <\/p>\n<p><a class=\"more-link btn\" href=\"https:\/\/acjbb-sud.org\/index.php\/2020\/02\/11\/conference-yves-azeroual-roman-mufti-mercredi-11-mars-2020\/\">Lire la suite<\/a><\/p>\n","protected":false},"author":1,"featured_media":3421,"comment_status":"open","ping_status":"open","sticky":false,"template":"","format":"standard","meta":{"jetpack_post_was_ever_published":false,"_jetpack_newsletter_access":"","_jetpack_dont_email_post_to_subs":false,"_jetpack_newsletter_tier_id":0,"_jetpack_memberships_contains_paywalled_content":false,"_jetpack_memberships_contains_paid_content":false,"footnotes":"","jetpack_publicize_message":"","jetpack_publicize_feature_enabled":true,"jetpack_social_post_already_shared":true,"jetpack_social_options":{"image_generator_settings":{"template":"highway","default_image_id":0,"font":"","enabled":false},"version":2}},"categories":[186],"tags":[58,299,300],"class_list":["post-3419","post","type-post","status-publish","format-standard","has-post-thumbnail","hentry","category-actualite","tag-conference","tag-debat","tag-yves-azeroual","item-wrap"],"yoast_head":"<!-- This site is optimized with the Yoast SEO plugin v26.6 - https:\/\/yoast.com\/wordpress\/plugins\/seo\/ -->\n<title>Conf\u00e9rence de Yves AZEROUAL \u00e0 l&#039;occasion de la parution de son roman &quot;Mufti&quot; - ANNUL\u00c9E - Synagogue ACJBB Boulogne Sud<\/title>\n<meta name=\"robots\" content=\"index, follow, max-snippet:-1, max-image-preview:large, max-video-preview:-1\" \/>\n<link rel=\"canonical\" href=\"https:\/\/acjbb-sud.org\/index.php\/2020\/02\/11\/conference-yves-azeroual-roman-mufti-mercredi-11-mars-2020\/\" \/>\n<meta property=\"og:locale\" content=\"fr_FR\" \/>\n<meta property=\"og:type\" content=\"article\" \/>\n<meta property=\"og:title\" content=\"Conf\u00e9rence de Yves AZEROUAL \u00e0 l&#039;occasion de la parution de son roman &quot;Mufti&quot; - ANNUL\u00c9E - Synagogue ACJBB Boulogne Sud\" \/>\n<meta property=\"og:description\" content=\"Chers amis, afin de se conformer aux restrictions actuelles de regroupement, et d&rsquo;\u00e9viter tout risque, nous annulons la conf\u00e9rence. Cette derni\u00e8re sera report\u00e9e \u00e0 une date ult\u00e9rieure. Merci de votre compr\u00e9hension. La communaut\u00e9 de Boulogne est heureuse de vous convier \u00e0 la conf\u00e9rence-d\u00e9bat d\u2019Yves AZEROUAL, journaliste, essayiste, r\u00e9alisateur de documentaires, \u00e0 l\u2019occasion de la parution &hellip; Lire la suite\" \/>\n<meta property=\"og:url\" content=\"https:\/\/acjbb-sud.org\/index.php\/2020\/02\/11\/conference-yves-azeroual-roman-mufti-mercredi-11-mars-2020\/\" \/>\n<meta property=\"og:site_name\" content=\"Synagogue ACJBB Boulogne Sud\" \/>\n<meta property=\"article:published_time\" content=\"2020-02-11T20:05:41+00:00\" \/>\n<meta property=\"article:modified_time\" content=\"2020-03-11T20:17:59+00:00\" \/>\n<meta property=\"og:image\" content=\"https:\/\/acjbb-sud.org\/wp-content\/uploads\/2020\/02\/Yves-Azeroual-roman-mufti.jpg\" \/>\n\t<meta property=\"og:image:width\" content=\"342\" \/>\n\t<meta property=\"og:image:height\" content=\"500\" \/>\n\t<meta property=\"og:image:type\" content=\"image\/jpeg\" \/>\n<meta name=\"author\" content=\"AcjbbSud\" \/>\n<meta name=\"twitter:card\" content=\"summary_large_image\" \/>\n<meta name=\"twitter:label1\" content=\"\u00c9crit par\" \/>\n\t<meta name=\"twitter:data1\" content=\"AcjbbSud\" \/>\n\t<meta name=\"twitter:label2\" content=\"Dur\u00e9e de lecture estim\u00e9e\" \/>\n\t<meta name=\"twitter:data2\" content=\"1 minute\" \/>\n<script type=\"application\/ld+json\" class=\"yoast-schema-graph\">{\"@context\":\"https:\/\/schema.org\",\"@graph\":[{\"@type\":\"WebPage\",\"@id\":\"https:\/\/acjbb-sud.org\/index.php\/2020\/02\/11\/conference-yves-azeroual-roman-mufti-mercredi-11-mars-2020\/\",\"url\":\"https:\/\/acjbb-sud.org\/index.php\/2020\/02\/11\/conference-yves-azeroual-roman-mufti-mercredi-11-mars-2020\/\",\"name\":\"Conf\u00e9rence de Yves AZEROUAL \u00e0 l'occasion de la parution de son roman \\\"Mufti\\\" - ANNUL\u00c9E - Synagogue ACJBB Boulogne Sud\",\"isPartOf\":{\"@id\":\"https:\/\/acjbb-sud.org\/#website\"},\"primaryImageOfPage\":{\"@id\":\"https:\/\/acjbb-sud.org\/index.php\/2020\/02\/11\/conference-yves-azeroual-roman-mufti-mercredi-11-mars-2020\/#primaryimage\"},\"image\":{\"@id\":\"https:\/\/acjbb-sud.org\/index.php\/2020\/02\/11\/conference-yves-azeroual-roman-mufti-mercredi-11-mars-2020\/#primaryimage\"},\"thumbnailUrl\":\"https:\/\/acjbb-sud.org\/wp-content\/uploads\/2020\/02\/Yves-Azeroual-roman-mufti.jpg\",\"datePublished\":\"2020-02-11T20:05:41+00:00\",\"dateModified\":\"2020-03-11T20:17:59+00:00\",\"author\":{\"@id\":\"https:\/\/acjbb-sud.org\/#\/schema\/person\/adc8f09fb72c9d0dc78509106dc5e9f0\"},\"breadcrumb\":{\"@id\":\"https:\/\/acjbb-sud.org\/index.php\/2020\/02\/11\/conference-yves-azeroual-roman-mufti-mercredi-11-mars-2020\/#breadcrumb\"},\"inLanguage\":\"fr-FR\",\"potentialAction\":[{\"@type\":\"ReadAction\",\"target\":[\"https:\/\/acjbb-sud.org\/index.php\/2020\/02\/11\/conference-yves-azeroual-roman-mufti-mercredi-11-mars-2020\/\"]}]},{\"@type\":\"ImageObject\",\"inLanguage\":\"fr-FR\",\"@id\":\"https:\/\/acjbb-sud.org\/index.php\/2020\/02\/11\/conference-yves-azeroual-roman-mufti-mercredi-11-mars-2020\/#primaryimage\",\"url\":\"https:\/\/acjbb-sud.org\/wp-content\/uploads\/2020\/02\/Yves-Azeroual-roman-mufti.jpg\",\"contentUrl\":\"https:\/\/acjbb-sud.org\/wp-content\/uploads\/2020\/02\/Yves-Azeroual-roman-mufti.jpg\",\"width\":342,\"height\":500},{\"@type\":\"BreadcrumbList\",\"@id\":\"https:\/\/acjbb-sud.org\/index.php\/2020\/02\/11\/conference-yves-azeroual-roman-mufti-mercredi-11-mars-2020\/#breadcrumb\",\"itemListElement\":[{\"@type\":\"ListItem\",\"position\":1,\"name\":\"Accueil\",\"item\":\"https:\/\/acjbb-sud.org\/\"},{\"@type\":\"ListItem\",\"position\":2,\"name\":\"Conf\u00e9rence de Yves AZEROUAL \u00e0 l&rsquo;occasion de la parution de son roman \u00ab\u00a0Mufti\u00a0\u00bb &#8211; ANNUL\u00c9E\"}]},{\"@type\":\"WebSite\",\"@id\":\"https:\/\/acjbb-sud.org\/#website\",\"url\":\"https:\/\/acjbb-sud.org\/\",\"name\":\"Synagogue ACJBB Boulogne Sud\",\"description\":\"Synagogue \/ Association Communautaire Juive de Boulogne Billancourt (Sud)\",\"potentialAction\":[{\"@type\":\"SearchAction\",\"target\":{\"@type\":\"EntryPoint\",\"urlTemplate\":\"https:\/\/acjbb-sud.org\/?s={search_term_string}\"},\"query-input\":{\"@type\":\"PropertyValueSpecification\",\"valueRequired\":true,\"valueName\":\"search_term_string\"}}],\"inLanguage\":\"fr-FR\"},{\"@type\":\"Person\",\"@id\":\"https:\/\/acjbb-sud.org\/#\/schema\/person\/adc8f09fb72c9d0dc78509106dc5e9f0\",\"name\":\"AcjbbSud\",\"image\":{\"@type\":\"ImageObject\",\"inLanguage\":\"fr-FR\",\"@id\":\"https:\/\/acjbb-sud.org\/#\/schema\/person\/image\/\",\"url\":\"https:\/\/secure.gravatar.com\/avatar\/ea30fe7a8231c8c0bf30066f86006714af7be34ba414543eaab3e453b92901aa?s=96&d=mm&r=g\",\"contentUrl\":\"https:\/\/secure.gravatar.com\/avatar\/ea30fe7a8231c8c0bf30066f86006714af7be34ba414543eaab3e453b92901aa?s=96&d=mm&r=g\",\"caption\":\"AcjbbSud\"},\"url\":\"https:\/\/acjbb-sud.org\/index.php\/author\/acjbbsud\/\"}]}<\/script>\n<!-- \/ Yoast SEO plugin. -->","yoast_head_json":{"title":"Conf\u00e9rence de Yves AZEROUAL \u00e0 l'occasion de la parution de son roman \"Mufti\" - ANNUL\u00c9E - Synagogue ACJBB Boulogne Sud","robots":{"index":"index","follow":"follow","max-snippet":"max-snippet:-1","max-image-preview":"max-image-preview:large","max-video-preview":"max-video-preview:-1"},"canonical":"https:\/\/acjbb-sud.org\/index.php\/2020\/02\/11\/conference-yves-azeroual-roman-mufti-mercredi-11-mars-2020\/","og_locale":"fr_FR","og_type":"article","og_title":"Conf\u00e9rence de Yves AZEROUAL \u00e0 l'occasion de la parution de son roman \"Mufti\" - ANNUL\u00c9E - Synagogue ACJBB Boulogne Sud","og_description":"Chers amis, afin de se conformer aux restrictions actuelles de regroupement, et d&rsquo;\u00e9viter tout risque, nous annulons la conf\u00e9rence. Cette derni\u00e8re sera report\u00e9e \u00e0 une date ult\u00e9rieure. Merci de votre compr\u00e9hension. La communaut\u00e9 de Boulogne est heureuse de vous convier \u00e0 la conf\u00e9rence-d\u00e9bat d\u2019Yves AZEROUAL, journaliste, essayiste, r\u00e9alisateur de documentaires, \u00e0 l\u2019occasion de la parution &hellip; Lire la suite","og_url":"https:\/\/acjbb-sud.org\/index.php\/2020\/02\/11\/conference-yves-azeroual-roman-mufti-mercredi-11-mars-2020\/","og_site_name":"Synagogue ACJBB Boulogne Sud","article_published_time":"2020-02-11T20:05:41+00:00","article_modified_time":"2020-03-11T20:17:59+00:00","og_image":[{"width":342,"height":500,"url":"https:\/\/acjbb-sud.org\/wp-content\/uploads\/2020\/02\/Yves-Azeroual-roman-mufti.jpg","type":"image\/jpeg"}],"author":"AcjbbSud","twitter_card":"summary_large_image","twitter_misc":{"\u00c9crit par":"AcjbbSud","Dur\u00e9e de lecture estim\u00e9e":"1 minute"},"schema":{"@context":"https:\/\/schema.org","@graph":[{"@type":"WebPage","@id":"https:\/\/acjbb-sud.org\/index.php\/2020\/02\/11\/conference-yves-azeroual-roman-mufti-mercredi-11-mars-2020\/","url":"https:\/\/acjbb-sud.org\/index.php\/2020\/02\/11\/conference-yves-azeroual-roman-mufti-mercredi-11-mars-2020\/","name":"Conf\u00e9rence de Yves AZEROUAL \u00e0 l'occasion de la parution de son roman \"Mufti\" - ANNUL\u00c9E - Synagogue ACJBB Boulogne Sud","isPartOf":{"@id":"https:\/\/acjbb-sud.org\/#website"},"primaryImageOfPage":{"@id":"https:\/\/acjbb-sud.org\/index.php\/2020\/02\/11\/conference-yves-azeroual-roman-mufti-mercredi-11-mars-2020\/#primaryimage"},"image":{"@id":"https:\/\/acjbb-sud.org\/index.php\/2020\/02\/11\/conference-yves-azeroual-roman-mufti-mercredi-11-mars-2020\/#primaryimage"},"thumbnailUrl":"https:\/\/acjbb-sud.org\/wp-content\/uploads\/2020\/02\/Yves-Azeroual-roman-mufti.jpg","datePublished":"2020-02-11T20:05:41+00:00","dateModified":"2020-03-11T20:17:59+00:00","author":{"@id":"https:\/\/acjbb-sud.org\/#\/schema\/person\/adc8f09fb72c9d0dc78509106dc5e9f0"},"breadcrumb":{"@id":"https:\/\/acjbb-sud.org\/index.php\/2020\/02\/11\/conference-yves-azeroual-roman-mufti-mercredi-11-mars-2020\/#breadcrumb"},"inLanguage":"fr-FR","potentialAction":[{"@type":"ReadAction","target":["https:\/\/acjbb-sud.org\/index.php\/2020\/02\/11\/conference-yves-azeroual-roman-mufti-mercredi-11-mars-2020\/"]}]},{"@type":"ImageObject","inLanguage":"fr-FR","@id":"https:\/\/acjbb-sud.org\/index.php\/2020\/02\/11\/conference-yves-azeroual-roman-mufti-mercredi-11-mars-2020\/#primaryimage","url":"https:\/\/acjbb-sud.org\/wp-content\/uploads\/2020\/02\/Yves-Azeroual-roman-mufti.jpg","contentUrl":"https:\/\/acjbb-sud.org\/wp-content\/uploads\/2020\/02\/Yves-Azeroual-roman-mufti.jpg","width":342,"height":500},{"@type":"BreadcrumbList","@id":"https:\/\/acjbb-sud.org\/index.php\/2020\/02\/11\/conference-yves-azeroual-roman-mufti-mercredi-11-mars-2020\/#breadcrumb","itemListElement":[{"@type":"ListItem","position":1,"name":"Accueil","item":"https:\/\/acjbb-sud.org\/"},{"@type":"ListItem","position":2,"name":"Conf\u00e9rence de Yves AZEROUAL \u00e0 l&rsquo;occasion de la parution de son roman \u00ab\u00a0Mufti\u00a0\u00bb &#8211; ANNUL\u00c9E"}]},{"@type":"WebSite","@id":"https:\/\/acjbb-sud.org\/#website","url":"https:\/\/acjbb-sud.org\/","name":"Synagogue ACJBB Boulogne Sud","description":"Synagogue \/ Association Communautaire Juive de Boulogne Billancourt (Sud)","potentialAction":[{"@type":"SearchAction","target":{"@type":"EntryPoint","urlTemplate":"https:\/\/acjbb-sud.org\/?s={search_term_string}"},"query-input":{"@type":"PropertyValueSpecification","valueRequired":true,"valueName":"search_term_string"}}],"inLanguage":"fr-FR"},{"@type":"Person","@id":"https:\/\/acjbb-sud.org\/#\/schema\/person\/adc8f09fb72c9d0dc78509106dc5e9f0","name":"AcjbbSud","image":{"@type":"ImageObject","inLanguage":"fr-FR","@id":"https:\/\/acjbb-sud.org\/#\/schema\/person\/image\/","url":"https:\/\/secure.gravatar.com\/avatar\/ea30fe7a8231c8c0bf30066f86006714af7be34ba414543eaab3e453b92901aa?s=96&d=mm&r=g","contentUrl":"https:\/\/secure.gravatar.com\/avatar\/ea30fe7a8231c8c0bf30066f86006714af7be34ba414543eaab3e453b92901aa?s=96&d=mm&r=g","caption":"AcjbbSud"},"url":"https:\/\/acjbb-sud.org\/index.php\/author\/acjbbsud\/"}]}},"jetpack_publicize_connections":[],"jetpack_featured_media_url":"https:\/\/acjbb-sud.org\/wp-content\/uploads\/2020\/02\/Yves-Azeroual-roman-mufti.jpg","jetpack_sharing_enabled":true,"jetpack_shortlink":"https:\/\/wp.me\/p7sjOI-T9","jetpack_likes_enabled":true,"_links":{"self":[{"href":"https:\/\/acjbb-sud.org\/index.php\/wp-json\/wp\/v2\/posts\/3419","targetHints":{"allow":["GET"]}}],"collection":[{"href":"https:\/\/acjbb-sud.org\/index.php\/wp-json\/wp\/v2\/posts"}],"about":[{"href":"https:\/\/acjbb-sud.org\/index.php\/wp-json\/wp\/v2\/types\/post"}],"author":[{"embeddable":true,"href":"https:\/\/acjbb-sud.org\/index.php\/wp-json\/wp\/v2\/users\/1"}],"replies":[{"embeddable":true,"href":"https:\/\/acjbb-sud.org\/index.php\/wp-json\/wp\/v2\/comments?post=3419"}],"version-history":[{"count":4,"href":"https:\/\/acjbb-sud.org\/index.php\/wp-json\/wp\/v2\/posts\/3419\/revisions"}],"predecessor-version":[{"id":3476,"href":"https:\/\/acjbb-sud.org\/index.php\/wp-json\/wp\/v2\/posts\/3419\/revisions\/3476"}],"wp:featuredmedia":[{"embeddable":true,"href":"https:\/\/acjbb-sud.org\/index.php\/wp-json\/wp\/v2\/media\/3421"}],"wp:attachment":[{"href":"https:\/\/acjbb-sud.org\/index.php\/wp-json\/wp\/v2\/media?parent=3419"}],"wp:term":[{"taxonomy":"category","embeddable":true,"href":"https:\/\/acjbb-sud.org\/index.php\/wp-json\/wp\/v2\/categories?post=3419"},{"taxonomy":"post_tag","embeddable":true,"href":"https:\/\/acjbb-sud.org\/index.php\/wp-json\/wp\/v2\/tags?post=3419"}],"curies":[{"name":"wp","href":"https:\/\/api.w.org\/{rel}","templated":true}]}}