{"id":3491,"date":"2020-03-19T22:37:00","date_gmt":"2020-03-19T21:37:00","guid":{"rendered":"https:\/\/acjbb-sud.org\/?p=3491"},"modified":"2020-03-25T21:57:40","modified_gmt":"2020-03-25T20:57:40","slug":"paracha-vayakhel-pekoude-5780-chabbat-hahodech","status":"publish","type":"post","link":"https:\/\/acjbb-sud.org\/index.php\/2020\/03\/19\/paracha-vayakhel-pekoude-5780-chabbat-hahodech\/","title":{"rendered":"Paracha Vayakhel P\u00e9koud\u00e9 &#8211; Chabbat ha&rsquo;Hodech"},"content":{"rendered":"<h3 style=\"text-align: center; padding-left: 30px;\"><strong>Paracha Vayakhel P\u00e9koud\u00e9 \/ <span dir=\"RTL\" lang=\"HE\">\u05e4\u05e8\u05e9\u05d4 \u05d5\u05d9\u05e7\u05d4\u05dc \u05e4\u05e7\u05d5\u05d3\u05d9<\/span><\/strong><\/h3>\n<h3 style=\"text-align: center; padding-left: 30px;\"><strong>Chabbat ha&rsquo;Hodech \/ <span dir=\"RTL\" lang=\"HE\"> \u05e9\u05d1\u05ea \u05d4\u05d7\u05d5\u05d3\u05e9 <\/span><\/strong><\/h3>\n<h3 style=\"text-align: center; padding-left: 30px;\"><strong>Chabbat M\u00e9var\u00e9&rsquo;him \/ <span dir=\"RTL\" lang=\"HE\">\u05e9\u05d1\u05ea \u05de\u05d1\u05e8\u05db\u05d9\u05dd<\/span><\/strong><\/h3>\n<h4 style=\"text-align: center;\"><strong>20\/21 mars 2020 &#8211; 24 Adar 5780 \/ <span dir=\"RTL\" lang=\"HE\">\u05db\u2019\u05d3 \u05d0\u05d3\u05e8 \u05d4-\u05ea\u05e9&rsquo;\u05e3<\/span><\/strong><\/h4>\n<h4 style=\"text-align: center;\"><em><strong>D\u00e9but : 18h45 &#8211; Fin : 19h53<\/strong><\/em><\/h4>\n<p style=\"text-align: justify;\"><img loading=\"lazy\" decoding=\"async\" class=\"wp-image-2195 size-full aligncenter\" src=\"https:\/\/acjbb-sud.org\/wp-content\/uploads\/2018\/10\/ACJBB-Sud-Chabbat-halots-bougies-vin-600-logos-v2.jpg\" alt=\"\" width=\"615\" height=\"433\" srcset=\"https:\/\/acjbb-sud.org\/wp-content\/uploads\/2018\/10\/ACJBB-Sud-Chabbat-halots-bougies-vin-600-logos-v2.jpg 615w, https:\/\/acjbb-sud.org\/wp-content\/uploads\/2018\/10\/ACJBB-Sud-Chabbat-halots-bougies-vin-600-logos-v2-300x211.jpg 300w\" sizes=\"auto, (max-width: 615px) 100vw, 615px\" \/><\/p>\n<h3><strong><span style=\"text-decoration: underline;\">Le message du Rabbin Didier Kassabi :<\/span> <\/strong><\/h3>\n<div class=\"embed-container\"><iframe loading=\"lazy\" title=\"200320 Message du Rabbin Didier Kassabi avant Chabbat\" width=\"720\" height=\"405\" src=\"https:\/\/www.youtube.com\/embed\/2fl980LCg0I?feature=oembed\" frameborder=\"0\" allow=\"accelerometer; autoplay; clipboard-write; encrypted-media; gyroscope; picture-in-picture; web-share\" referrerpolicy=\"strict-origin-when-cross-origin\" allowfullscreen><\/iframe><\/div>\n<p><span style=\"color: #ff0000;\"><strong>Chers fid\u00e8les, Chers amis,<\/strong><\/span><br \/>\n<span style=\"color: #ff0000;\"><strong>Nous ne pourrons pas prier dans nos offices habituels ce Chabbat !<\/strong><\/span>.<br \/>\n<span style=\"color: #ff0000;\"><strong>Le Rabbin Didier Kassabi nous invite cependant \u00e0 prier chacun individuellement ou en famille, en m\u00eame temps, \u00e0 l&rsquo;unisson.<\/strong><\/span><\/p>\n<h3><strong><span style=\"text-decoration: underline;\">Les Horaires des pri\u00e8res :<\/span> <\/strong><\/h3>\n<p><em><strong>Vendredi soir :<\/strong><\/em><br \/>\n<strong>18h40<\/strong> : Allumage des bougies et entr\u00e9e de Chabbat (heure maximum pour l&rsquo;allumage : <span style=\"color: #ff0000;\"><strong>18h45<\/strong><\/span>)<br \/>\n<strong>18h45<\/strong> : Min&rsquo;ha, suivi de Chir haChirim, Kabbalat Chabbat et Arvit<\/p>\n<p><strong><em>Samedi matin :<\/em><\/strong><br \/>\n<strong>09h30<\/strong> : Cha\u2019harit (<em><strong>Attention, premi\u00e8re heure de fin du Ch\u00e9ma 09h06, deuxi\u00e8me heure 09h53. Il est donc conseill\u00e9 de r\u00e9citer le Ch\u00e9ma avant de commencer \u00e0 prier<\/strong><\/em>)<\/p>\n<p><em><strong>Samedi apr\u00e8s-midi :<\/strong><\/em><br \/>\n<strong>18h00<\/strong> : T\u00e9hilim &#8211; Lecture des T\u00e9hilim &#8211; Alpha\/Beta<br \/>\n<strong>18h20<\/strong> : Min\u2019ha, suivi de la S\u00e9ouda Ch\u00e9lichit et des chants du Chabbat<br \/>\n<strong>19h05<\/strong> : Shquiya \/ <span dir=\"RTL\" lang=\"HE\">\u05e9\u05e7\u05e2\u05ea \u05d4\u05d7\u05de\u05d4<\/span><\/p>\n<p><strong><em>Samedi soir :<\/em><\/strong><br \/>\n<strong>19h53<\/strong> : Fin de Chabbat, Arvit et Havdala<\/p>\n<p><strong><em>Dimanche :<\/em> <\/strong><br \/>\n<strong>08h00<\/strong> : Cha\u2019harit<br \/>\n<strong>19h00<\/strong> : Min&rsquo;ha<br \/>\n<strong>20h00<\/strong> : Arvit<\/p>\n<p><strong><em><u>du Lundi au Vendredi :<\/u><\/em><\/strong><br \/>\n<strong>07h00<\/strong> : Cha&rsquo;harit<br \/>\n<strong>19h00<\/strong> : Min&rsquo;ha (sauf vendredi soir)<br \/>\n<strong>20h00<\/strong> : Arvit (sauf vendredi soir)<\/p>\n<p><strong>Chabbat Chalom !<\/strong><\/p>\n<p><!--more--><\/p>\n<hr \/>\n<h3><strong><span style=\"text-decoration: underline;\">Roch &lsquo;Hodech Nissan :<\/span><br \/>\n<\/strong><\/h3>\n<p>Roch &lsquo;Hodech Nissan aura lieu ce jeudi 26 mars 2020 (\u00e0 partir de mercredi 25 mars au soir).<\/p>\n<hr \/>\n<h3><strong><span style=\"text-decoration: underline;\">\u00c9tude en vid\u00e9os :<\/span><br \/>\n<\/strong><\/h3>\n<p>Depuis le d\u00e9but de la p\u00e9riode de confinement, le <strong>Rabbin Kassabi<\/strong> vous propose des cours chaque jour \u00e0 9h, 13h et 20h pour maintenir la coh\u00e9sion de notre Communaut\u00e9 et pour nous renforcer dans l&rsquo;\u00e9tude de la Torah.<br \/>\n<a href=\"https:\/\/acjbb-sud.org\/wp-content\/uploads\/2020\/03\/ACJBB-Synagogue-Boulogne-Rabbin-Didier-KASSABI.jpg\"><img loading=\"lazy\" decoding=\"async\" class=\"aligncenter size-full wp-image-3494\" src=\"https:\/\/acjbb-sud.org\/wp-content\/uploads\/2020\/03\/ACJBB-Synagogue-Boulogne-Rabbin-Didier-KASSABI.jpg\" alt=\"\" width=\"737\" height=\"371\" srcset=\"https:\/\/acjbb-sud.org\/wp-content\/uploads\/2020\/03\/ACJBB-Synagogue-Boulogne-Rabbin-Didier-KASSABI.jpg 737w, https:\/\/acjbb-sud.org\/wp-content\/uploads\/2020\/03\/ACJBB-Synagogue-Boulogne-Rabbin-Didier-KASSABI-300x151.jpg 300w\" sizes=\"auto, (max-width: 737px) 100vw, 737px\" \/><\/a><br \/>\nRejoignez-nous et abonnez-vous \u00e0 la page <a href=\"https:\/\/www.facebook.com\/ACJBBDivreiTorah\/\" target=\"_blank\" rel=\"noopener noreferrer\">Facebook<\/a> d\u00e9di\u00e9e \u00e0 cet effet.<br \/>\nSi vous n&rsquo;avez pas de compte Facebook, les cours sont \u00e9galement disponibles sur <a href=\"https:\/\/www.youtube.com\/channel\/UCLQjHPCW5DzsegwGcY3n-sQ\/videos\" target=\"_blank\" rel=\"noopener noreferrer\">YouTube<\/a>.<\/p>\n<hr \/>\n<h3><strong><span style=\"text-decoration: underline;\">Les Paniers de Pessa&rsquo;h :<\/span><br \/>\n<\/strong><\/h3>\n<p>Comme chaque ann\u00e9e, et malgr\u00e9 les conditions sanitaires (peut-\u00eatre m\u00eame plus encore en raison de ces conditions), <strong>nous devons penser \u00e0 ceux qui sont d\u00e9favoris\u00e9s et ont actuellement l&rsquo;angoisse de pr\u00e9parer Pessa&rsquo;h<\/strong>.<\/p>\n<p>Ils comptent sur la g\u00e9n\u00e9rosit\u00e9 de chacun des membres de notre communaut\u00e9 pour les aider via Tsedek.<br \/>\nNous vous invitons donc \u00e0 \u00eatre tr\u00e8s g\u00e9n\u00e9reux cette ann\u00e9e pour les Paniers de Pessa&rsquo;h en effectuant votre don \u00e0 Tsedek<\/p>\n<p>Site s\u00e9curis\u00e9 <a href=\"https:\/\/synaboulogne.us12.list-manage.com\/track\/click?u=f13343cbc4710ddbadcdef23f&amp;id=6b4fe30deb&amp;e=744d346afc\" target=\"_blank\" rel=\"noopener noreferrer\">HelloAsso<\/a>, re\u00e7u Cerfa dans les minutes qui suivent votre don en ligne.<\/p>\n<hr \/>\n<h3><strong><span style=\"text-decoration: underline;\">Information ACJBB Boulogne Sud :<\/span><br \/>\n<\/strong><\/h3>\n<p style=\"text-align: justify;\">Retrouvez toutes les informations de l\u2019office sur : <a href=\"http:\/\/www.acjbb-sud.org\" target=\"_blank\" rel=\"noopener noreferrer\">www.acjbb-sud.org<\/a>.<br \/>\nSi vous souhaitez recevoir par mail la newsletter de l&rsquo;office, inscrivez-vous en nous envoyant un mail \u00e0 <a href=\"mailto:officeboulognesud@gmail.com\">officeboulognesud@gmail.com<\/a>.<br \/>\nRetrouvez \u00e9galement toutes les informations sur la page Facebook de l&rsquo;office : <a href=\"http:\/\/facebook.com\/acjbbsud\" target=\"_blank\" rel=\"noopener noreferrer\">facebook.com\/acjbbsud<\/a> et sur Twitter : <a href=\"http:\/\/twitter.com\/acjbbsud\" target=\"_blank\" rel=\"noopener noreferrer\">twitter.com\/acjbbsud<\/a>.<\/p>\n<hr \/>\n<h3><strong><span style=\"text-decoration: underline;\">Mikv\u00e9 :<\/span><br \/>\n<\/strong><\/h3>\n<p><strong>Mikv\u00e9 pour les femmes<\/strong><br \/>\nLe mikv\u00e9 de Boulogne est ouvert uniquement sur RDV aupr\u00e8s de Mme Yael Kassabi au 06 22 76 15 04.<br \/>\n<span style=\"color: #ff0000;\"><strong>Merci de prendre connaissance des conditions d&rsquo;utilisation du Mikv\u00e9 pendant cette crise sanitaire sur le site de la <a style=\"color: #ff0000;\" href=\"https:\/\/synaboulogne.com\/2020\/03\/17\/coronavirus-utilisation-mikve-crise-sanitaire\/\" target=\"_blank\" rel=\"noopener noreferrer\">Synagogue de Boulogne<\/a><\/strong><\/span>.<\/p>\n<hr \/>\n<h3><strong><span style=\"text-decoration: underline;\">Faire un don :<\/span><br \/>\n<\/strong><\/h3>\n<p style=\"text-align: justify;\">Pour faire vivre et participer activement \u00e0 cet office, <a href=\"http:\/\/www.acjbb-sud.org\/index.php\/faire-un-don\/\" target=\"_blank\" rel=\"noopener noreferrer\">faites un don<\/a> par internet ou envoyez vos ch\u00e8ques au <strong>134 bis rue du Point du Jour<\/strong>. Toutes les participations sont bienvenues, <em>les petits ruisseaux faisant de grandes rivi\u00e8res<\/em>, nous parviendrons, tous ensemble, \u00e0 faire vivre l\u2019Office de Boulogne Sud.<\/p>\n<p>Tizkou L\u00e9-Mitsvot !!<\/p>\n<hr \/>\n<h3><strong><span style=\"text-decoration: underline;\">Dons pour le Centre Culturel de Boulogne Billancourt :<\/span><br \/>\n<\/strong><\/h3>\n<p style=\"text-align: justify;\">Le nouveau Centre Culturel sera situ\u00e9 \u00e0 l&rsquo;angle des rues Marcel Dassault et d&rsquo;Anjou.<\/p>\n<p style=\"text-align: justify;\">Il comprendra notamment :<\/p>\n<ul>\n<li style=\"list-style-type: none;\">\n<ul>\n<li>Une Synagogue<\/li>\n<li>Le Centre Communautaire (CCIBB)<\/li>\n<li>Une salle polyvalente<\/li>\n<li>Une salle des f\u00eates<\/li>\n<\/ul>\n<\/li>\n<\/ul>\n<p>Vous pouvez consulter la <a href=\"https:\/\/fr.calameo.com\/read\/00057892520c64798775e\" target=\"_blank\" rel=\"noopener noreferrer\">plaquette de pr\u00e9sentation du Centre Culturel de Boulogne<\/a><\/p>\n<p style=\"text-align: justify;\"><img decoding=\"async\" class=\"aligncenter wp-image-778 size-full\" src=\"http:\/\/acjbb-sud.org\/wp-content\/uploads\/2017\/06\/Acjbb-construction-1.png\" alt=\"\" width=\"600\" srcset=\"https:\/\/acjbb-sud.org\/wp-content\/uploads\/2017\/06\/Acjbb-construction-1.png 684w, https:\/\/acjbb-sud.org\/wp-content\/uploads\/2017\/06\/Acjbb-construction-1-300x202.png 300w, https:\/\/acjbb-sud.org\/wp-content\/uploads\/2017\/06\/Acjbb-construction-1-445x300.png 445w\" sizes=\"(max-width: 684px) 100vw, 684px\" \/><\/p>\n<h3 class=\"m_-5277437730878633356null\"><span style=\"color: #0000ff;\"><strong>Etat du dossier<\/strong><\/span><\/h3>\n<p><strong>La Synagogue est presque couverte !<br \/>\n<\/strong><\/p>\n<p><a href=\"https:\/\/acjbb-sud.org\/wp-content\/uploads\/2020\/03\/ACJBB-Centre-Culturel-Juif-Boulogne-20200312.jpg\"><img decoding=\"async\" class=\"aligncenter size-full wp-image-3493\" src=\"https:\/\/acjbb-sud.org\/wp-content\/uploads\/2020\/03\/ACJBB-Centre-Culturel-Juif-Boulogne-20200312.jpg\" alt=\"\" width=\"600\" srcset=\"https:\/\/acjbb-sud.org\/wp-content\/uploads\/2020\/03\/ACJBB-Centre-Culturel-Juif-Boulogne-20200312.jpg 1024w, https:\/\/acjbb-sud.org\/wp-content\/uploads\/2020\/03\/ACJBB-Centre-Culturel-Juif-Boulogne-20200312-300x225.jpg 300w, https:\/\/acjbb-sud.org\/wp-content\/uploads\/2020\/03\/ACJBB-Centre-Culturel-Juif-Boulogne-20200312-768x576.jpg 768w\" sizes=\"(max-width: 1024px) 100vw, 1024px\" \/><\/a><\/p>\n<p>Vous avez une occasion unique d&rsquo;inscrire votre nom, celui de vos familles, celui de vos disparus, dans un projet qui marquera l&rsquo;avenir de la vie juive \u00e0 Boulogne-Billancourt.<\/p>\n<p><img decoding=\"async\" class=\"aligncenter\" src=\"https:\/\/acjbb-sud.org\/wp-content\/uploads\/2018\/07\/Centre-Culturel-juif-Boulogne-Billancourt-Synagogue.jpg\" alt=\"\" width=\"600\" \/><\/p>\n<p><img decoding=\"async\" class=\"aligncenter\" src=\"https:\/\/acjbb-sud.org\/wp-content\/uploads\/2018\/07\/Centre-Culturel-juif-Boulogne-Billancourt-Synagogue-2.jpg\" alt=\"\" width=\"600\" \/><\/p>\n<p style=\"text-align: justify;\">Devenez acteur du devenir de la vie juive \u00e0 Boulogne en faisant un don pour la construction du Centre Culturel de Boulogne. Vous pouvez d\u00e9cider de diriger votre don vers la synagogue ACJBB ou vers le CCIBB, en nous l&rsquo;indiquant par message.<\/p>\n<p>Si vous avez des question, <a href=\"mailto:synamail@acjbb.com?subject=&quot;Question sur la construction du Centre culturel&quot;\">envoyez-nous un message<\/a> !<\/p>\n<p><a href=\"https:\/\/www.helloasso.com\/associations\/acjbb-2\/collectes\/construction-du-centre-juif-de-boulogne\" target=\"_blank\" rel=\"noopener noreferrer\">Je participe \u00e0 la collecte pour la construction<\/a>.<\/p>\n<hr \/>\n<h3><strong><span style=\"text-decoration: underline;\">Dvar Thorah et enseignements :<\/span><br \/>\n<\/strong><\/h3>\n<p><em><strong>par le Rav Mika\u00ebl Mouyal<\/strong><\/em><br \/>\nT\u00e9l\u00e9chargez le Dvar Torah directement en PDF afin de l&rsquo;imprimer et le lire plus facilement :<br \/>\n<a href=\"https:\/\/acjbb-sud.org\/wp-content\/uploads\/2020\/03\/ACJBB-Boulogne-Sud-Dvar-Torah-Sidra-Rav-Mouyal-Ki-Tissa-5780.pdf\" target=\"_blank\" rel=\"noopener noreferrer\">Sidra Ki Tissa<\/a>.<\/p>\n<p>Retrouvez tous les commentaires et sidrots sur la Paracha par le Rav Mika\u00ebl Mouyal sur <a href=\"https:\/\/acjbb-sud.org\/index.php\/dvar-torah-sidra-rav-mouyal\/\" target=\"_blank\" rel=\"noopener noreferrer\">cette page<\/a>.<\/p>\n<hr \/>\n<p><strong>Chabbat Chalom !<\/strong><\/p>\n","protected":false},"excerpt":{"rendered":"<p>Paracha Vayakhel P\u00e9koud\u00e9 \/ \u05e4\u05e8\u05e9\u05d4 \u05d5\u05d9\u05e7\u05d4\u05dc \u05e4\u05e7\u05d5\u05d3\u05d9 Chabbat ha&rsquo;Hodech \/ \u05e9\u05d1\u05ea \u05d4\u05d7\u05d5\u05d3\u05e9 Chabbat M\u00e9var\u00e9&rsquo;him \/ \u05e9\u05d1\u05ea \u05de\u05d1\u05e8\u05db\u05d9\u05dd 20\/21 mars 2020 &#8211; 24 Adar 5780 \/ \u05db\u2019\u05d3 \u05d0\u05d3\u05e8 \u05d4-\u05ea\u05e9&rsquo;\u05e3 D\u00e9but : 18h45 &#8211; Fin : 19h53 Le message du Rabbin Didier Kassabi : Chers fid\u00e8les, Chers amis, Nous ne pourrons pas prier dans nos offices habituels &hellip; <\/p>\n<p><a class=\"more-link btn\" href=\"https:\/\/acjbb-sud.org\/index.php\/2020\/03\/19\/paracha-vayakhel-pekoude-5780-chabbat-hahodech\/\">Lire la suite<\/a><\/p>\n","protected":false},"author":1,"featured_media":2195,"comment_status":"open","ping_status":"open","sticky":false,"template":"","format":"standard","meta":{"jetpack_post_was_ever_published":false,"_jetpack_newsletter_access":"","_jetpack_dont_email_post_to_subs":false,"_jetpack_newsletter_tier_id":0,"_jetpack_memberships_contains_paywalled_content":false,"_jetpack_memberships_contains_paid_content":false,"footnotes":"","jetpack_publicize_message":"","jetpack_publicize_feature_enabled":true,"jetpack_social_post_already_shared":true,"jetpack_social_options":{"image_generator_settings":{"template":"highway","default_image_id":0,"font":"","enabled":false},"version":2}},"categories":[3,223,5],"tags":[47,69,106,133],"class_list":["post-3491","post","type-post","status-publish","format-standard","has-post-thumbnail","hentry","category-chabbat","category-chabbat-hahodech","category-chabbat-mevarehim","tag-chabbat","tag-hahodech","tag-pekoude","tag-vayakhel","item-wrap"],"yoast_head":"<!-- This site is optimized with the Yoast SEO plugin v26.6 - https:\/\/yoast.com\/wordpress\/plugins\/seo\/ -->\n<title>Paracha Vayakhel P\u00e9koud\u00e9 - Chabbat ha&#039;Hodech - Synagogue ACJBB Boulogne Sud<\/title>\n<meta name=\"robots\" content=\"index, follow, max-snippet:-1, max-image-preview:large, max-video-preview:-1\" \/>\n<link rel=\"canonical\" href=\"https:\/\/acjbb-sud.org\/index.php\/2020\/03\/19\/paracha-vayakhel-pekoude-5780-chabbat-hahodech\/\" \/>\n<meta property=\"og:locale\" content=\"fr_FR\" \/>\n<meta property=\"og:type\" content=\"article\" \/>\n<meta property=\"og:title\" content=\"Paracha Vayakhel P\u00e9koud\u00e9 - Chabbat ha&#039;Hodech - Synagogue ACJBB Boulogne Sud\" \/>\n<meta property=\"og:description\" content=\"Paracha Vayakhel P\u00e9koud\u00e9 \/ \u05e4\u05e8\u05e9\u05d4 \u05d5\u05d9\u05e7\u05d4\u05dc \u05e4\u05e7\u05d5\u05d3\u05d9 Chabbat ha&rsquo;Hodech \/ \u05e9\u05d1\u05ea \u05d4\u05d7\u05d5\u05d3\u05e9 Chabbat M\u00e9var\u00e9&rsquo;him \/ \u05e9\u05d1\u05ea \u05de\u05d1\u05e8\u05db\u05d9\u05dd 20\/21 mars 2020 &#8211; 24 Adar 5780 \/ \u05db\u2019\u05d3 \u05d0\u05d3\u05e8 \u05d4-\u05ea\u05e9&rsquo;\u05e3 D\u00e9but : 18h45 &#8211; Fin : 19h53 Le message du Rabbin Didier Kassabi : Chers fid\u00e8les, Chers amis, Nous ne pourrons pas prier dans nos offices habituels &hellip; Lire la suite\" \/>\n<meta property=\"og:url\" content=\"https:\/\/acjbb-sud.org\/index.php\/2020\/03\/19\/paracha-vayakhel-pekoude-5780-chabbat-hahodech\/\" \/>\n<meta property=\"og:site_name\" content=\"Synagogue ACJBB Boulogne Sud\" \/>\n<meta property=\"article:published_time\" content=\"2020-03-19T21:37:00+00:00\" \/>\n<meta property=\"article:modified_time\" content=\"2020-03-25T20:57:40+00:00\" \/>\n<meta property=\"og:image\" content=\"https:\/\/acjbb-sud.org\/wp-content\/uploads\/2018\/10\/ACJBB-Sud-Chabbat-halots-bougies-vin-600-logos-v2.jpg\" \/>\n\t<meta property=\"og:image:width\" content=\"615\" \/>\n\t<meta property=\"og:image:height\" content=\"433\" \/>\n\t<meta property=\"og:image:type\" content=\"image\/jpeg\" \/>\n<meta name=\"author\" content=\"AcjbbSud\" \/>\n<meta name=\"twitter:card\" content=\"summary_large_image\" \/>\n<meta name=\"twitter:label1\" content=\"\u00c9crit par\" \/>\n\t<meta name=\"twitter:data1\" content=\"AcjbbSud\" \/>\n\t<meta name=\"twitter:label2\" content=\"Dur\u00e9e de lecture estim\u00e9e\" \/>\n\t<meta name=\"twitter:data2\" content=\"4 minutes\" \/>\n<script type=\"application\/ld+json\" class=\"yoast-schema-graph\">{\"@context\":\"https:\/\/schema.org\",\"@graph\":[{\"@type\":\"WebPage\",\"@id\":\"https:\/\/acjbb-sud.org\/index.php\/2020\/03\/19\/paracha-vayakhel-pekoude-5780-chabbat-hahodech\/\",\"url\":\"https:\/\/acjbb-sud.org\/index.php\/2020\/03\/19\/paracha-vayakhel-pekoude-5780-chabbat-hahodech\/\",\"name\":\"Paracha Vayakhel P\u00e9koud\u00e9 - Chabbat ha'Hodech - Synagogue ACJBB Boulogne Sud\",\"isPartOf\":{\"@id\":\"https:\/\/acjbb-sud.org\/#website\"},\"primaryImageOfPage\":{\"@id\":\"https:\/\/acjbb-sud.org\/index.php\/2020\/03\/19\/paracha-vayakhel-pekoude-5780-chabbat-hahodech\/#primaryimage\"},\"image\":{\"@id\":\"https:\/\/acjbb-sud.org\/index.php\/2020\/03\/19\/paracha-vayakhel-pekoude-5780-chabbat-hahodech\/#primaryimage\"},\"thumbnailUrl\":\"https:\/\/acjbb-sud.org\/wp-content\/uploads\/2018\/10\/ACJBB-Sud-Chabbat-halots-bougies-vin-600-logos-v2.jpg\",\"datePublished\":\"2020-03-19T21:37:00+00:00\",\"dateModified\":\"2020-03-25T20:57:40+00:00\",\"author\":{\"@id\":\"https:\/\/acjbb-sud.org\/#\/schema\/person\/adc8f09fb72c9d0dc78509106dc5e9f0\"},\"breadcrumb\":{\"@id\":\"https:\/\/acjbb-sud.org\/index.php\/2020\/03\/19\/paracha-vayakhel-pekoude-5780-chabbat-hahodech\/#breadcrumb\"},\"inLanguage\":\"fr-FR\",\"potentialAction\":[{\"@type\":\"ReadAction\",\"target\":[\"https:\/\/acjbb-sud.org\/index.php\/2020\/03\/19\/paracha-vayakhel-pekoude-5780-chabbat-hahodech\/\"]}]},{\"@type\":\"ImageObject\",\"inLanguage\":\"fr-FR\",\"@id\":\"https:\/\/acjbb-sud.org\/index.php\/2020\/03\/19\/paracha-vayakhel-pekoude-5780-chabbat-hahodech\/#primaryimage\",\"url\":\"https:\/\/acjbb-sud.org\/wp-content\/uploads\/2018\/10\/ACJBB-Sud-Chabbat-halots-bougies-vin-600-logos-v2.jpg\",\"contentUrl\":\"https:\/\/acjbb-sud.org\/wp-content\/uploads\/2018\/10\/ACJBB-Sud-Chabbat-halots-bougies-vin-600-logos-v2.jpg\",\"width\":615,\"height\":433},{\"@type\":\"BreadcrumbList\",\"@id\":\"https:\/\/acjbb-sud.org\/index.php\/2020\/03\/19\/paracha-vayakhel-pekoude-5780-chabbat-hahodech\/#breadcrumb\",\"itemListElement\":[{\"@type\":\"ListItem\",\"position\":1,\"name\":\"Accueil\",\"item\":\"https:\/\/acjbb-sud.org\/\"},{\"@type\":\"ListItem\",\"position\":2,\"name\":\"Paracha Vayakhel P\u00e9koud\u00e9 &#8211; Chabbat ha&rsquo;Hodech\"}]},{\"@type\":\"WebSite\",\"@id\":\"https:\/\/acjbb-sud.org\/#website\",\"url\":\"https:\/\/acjbb-sud.org\/\",\"name\":\"Synagogue ACJBB Boulogne Sud\",\"description\":\"Synagogue \/ Association Communautaire Juive de Boulogne Billancourt (Sud)\",\"potentialAction\":[{\"@type\":\"SearchAction\",\"target\":{\"@type\":\"EntryPoint\",\"urlTemplate\":\"https:\/\/acjbb-sud.org\/?s={search_term_string}\"},\"query-input\":{\"@type\":\"PropertyValueSpecification\",\"valueRequired\":true,\"valueName\":\"search_term_string\"}}],\"inLanguage\":\"fr-FR\"},{\"@type\":\"Person\",\"@id\":\"https:\/\/acjbb-sud.org\/#\/schema\/person\/adc8f09fb72c9d0dc78509106dc5e9f0\",\"name\":\"AcjbbSud\",\"image\":{\"@type\":\"ImageObject\",\"inLanguage\":\"fr-FR\",\"@id\":\"https:\/\/acjbb-sud.org\/#\/schema\/person\/image\/\",\"url\":\"https:\/\/secure.gravatar.com\/avatar\/ea30fe7a8231c8c0bf30066f86006714af7be34ba414543eaab3e453b92901aa?s=96&d=mm&r=g\",\"contentUrl\":\"https:\/\/secure.gravatar.com\/avatar\/ea30fe7a8231c8c0bf30066f86006714af7be34ba414543eaab3e453b92901aa?s=96&d=mm&r=g\",\"caption\":\"AcjbbSud\"},\"url\":\"https:\/\/acjbb-sud.org\/index.php\/author\/acjbbsud\/\"}]}<\/script>\n<!-- \/ Yoast SEO plugin. -->","yoast_head_json":{"title":"Paracha Vayakhel P\u00e9koud\u00e9 - Chabbat ha'Hodech - Synagogue ACJBB Boulogne Sud","robots":{"index":"index","follow":"follow","max-snippet":"max-snippet:-1","max-image-preview":"max-image-preview:large","max-video-preview":"max-video-preview:-1"},"canonical":"https:\/\/acjbb-sud.org\/index.php\/2020\/03\/19\/paracha-vayakhel-pekoude-5780-chabbat-hahodech\/","og_locale":"fr_FR","og_type":"article","og_title":"Paracha Vayakhel P\u00e9koud\u00e9 - Chabbat ha'Hodech - Synagogue ACJBB Boulogne Sud","og_description":"Paracha Vayakhel P\u00e9koud\u00e9 \/ \u05e4\u05e8\u05e9\u05d4 \u05d5\u05d9\u05e7\u05d4\u05dc \u05e4\u05e7\u05d5\u05d3\u05d9 Chabbat ha&rsquo;Hodech \/ \u05e9\u05d1\u05ea \u05d4\u05d7\u05d5\u05d3\u05e9 Chabbat M\u00e9var\u00e9&rsquo;him \/ \u05e9\u05d1\u05ea \u05de\u05d1\u05e8\u05db\u05d9\u05dd 20\/21 mars 2020 &#8211; 24 Adar 5780 \/ \u05db\u2019\u05d3 \u05d0\u05d3\u05e8 \u05d4-\u05ea\u05e9&rsquo;\u05e3 D\u00e9but : 18h45 &#8211; Fin : 19h53 Le message du Rabbin Didier Kassabi : Chers fid\u00e8les, Chers amis, Nous ne pourrons pas prier dans nos offices habituels &hellip; Lire la suite","og_url":"https:\/\/acjbb-sud.org\/index.php\/2020\/03\/19\/paracha-vayakhel-pekoude-5780-chabbat-hahodech\/","og_site_name":"Synagogue ACJBB Boulogne Sud","article_published_time":"2020-03-19T21:37:00+00:00","article_modified_time":"2020-03-25T20:57:40+00:00","og_image":[{"width":615,"height":433,"url":"https:\/\/acjbb-sud.org\/wp-content\/uploads\/2018\/10\/ACJBB-Sud-Chabbat-halots-bougies-vin-600-logos-v2.jpg","type":"image\/jpeg"}],"author":"AcjbbSud","twitter_card":"summary_large_image","twitter_misc":{"\u00c9crit par":"AcjbbSud","Dur\u00e9e de lecture estim\u00e9e":"4 minutes"},"schema":{"@context":"https:\/\/schema.org","@graph":[{"@type":"WebPage","@id":"https:\/\/acjbb-sud.org\/index.php\/2020\/03\/19\/paracha-vayakhel-pekoude-5780-chabbat-hahodech\/","url":"https:\/\/acjbb-sud.org\/index.php\/2020\/03\/19\/paracha-vayakhel-pekoude-5780-chabbat-hahodech\/","name":"Paracha Vayakhel P\u00e9koud\u00e9 - Chabbat ha'Hodech - Synagogue ACJBB Boulogne Sud","isPartOf":{"@id":"https:\/\/acjbb-sud.org\/#website"},"primaryImageOfPage":{"@id":"https:\/\/acjbb-sud.org\/index.php\/2020\/03\/19\/paracha-vayakhel-pekoude-5780-chabbat-hahodech\/#primaryimage"},"image":{"@id":"https:\/\/acjbb-sud.org\/index.php\/2020\/03\/19\/paracha-vayakhel-pekoude-5780-chabbat-hahodech\/#primaryimage"},"thumbnailUrl":"https:\/\/acjbb-sud.org\/wp-content\/uploads\/2018\/10\/ACJBB-Sud-Chabbat-halots-bougies-vin-600-logos-v2.jpg","datePublished":"2020-03-19T21:37:00+00:00","dateModified":"2020-03-25T20:57:40+00:00","author":{"@id":"https:\/\/acjbb-sud.org\/#\/schema\/person\/adc8f09fb72c9d0dc78509106dc5e9f0"},"breadcrumb":{"@id":"https:\/\/acjbb-sud.org\/index.php\/2020\/03\/19\/paracha-vayakhel-pekoude-5780-chabbat-hahodech\/#breadcrumb"},"inLanguage":"fr-FR","potentialAction":[{"@type":"ReadAction","target":["https:\/\/acjbb-sud.org\/index.php\/2020\/03\/19\/paracha-vayakhel-pekoude-5780-chabbat-hahodech\/"]}]},{"@type":"ImageObject","inLanguage":"fr-FR","@id":"https:\/\/acjbb-sud.org\/index.php\/2020\/03\/19\/paracha-vayakhel-pekoude-5780-chabbat-hahodech\/#primaryimage","url":"https:\/\/acjbb-sud.org\/wp-content\/uploads\/2018\/10\/ACJBB-Sud-Chabbat-halots-bougies-vin-600-logos-v2.jpg","contentUrl":"https:\/\/acjbb-sud.org\/wp-content\/uploads\/2018\/10\/ACJBB-Sud-Chabbat-halots-bougies-vin-600-logos-v2.jpg","width":615,"height":433},{"@type":"BreadcrumbList","@id":"https:\/\/acjbb-sud.org\/index.php\/2020\/03\/19\/paracha-vayakhel-pekoude-5780-chabbat-hahodech\/#breadcrumb","itemListElement":[{"@type":"ListItem","position":1,"name":"Accueil","item":"https:\/\/acjbb-sud.org\/"},{"@type":"ListItem","position":2,"name":"Paracha Vayakhel P\u00e9koud\u00e9 &#8211; Chabbat ha&rsquo;Hodech"}]},{"@type":"WebSite","@id":"https:\/\/acjbb-sud.org\/#website","url":"https:\/\/acjbb-sud.org\/","name":"Synagogue ACJBB Boulogne Sud","description":"Synagogue \/ Association Communautaire Juive de Boulogne Billancourt (Sud)","potentialAction":[{"@type":"SearchAction","target":{"@type":"EntryPoint","urlTemplate":"https:\/\/acjbb-sud.org\/?s={search_term_string}"},"query-input":{"@type":"PropertyValueSpecification","valueRequired":true,"valueName":"search_term_string"}}],"inLanguage":"fr-FR"},{"@type":"Person","@id":"https:\/\/acjbb-sud.org\/#\/schema\/person\/adc8f09fb72c9d0dc78509106dc5e9f0","name":"AcjbbSud","image":{"@type":"ImageObject","inLanguage":"fr-FR","@id":"https:\/\/acjbb-sud.org\/#\/schema\/person\/image\/","url":"https:\/\/secure.gravatar.com\/avatar\/ea30fe7a8231c8c0bf30066f86006714af7be34ba414543eaab3e453b92901aa?s=96&d=mm&r=g","contentUrl":"https:\/\/secure.gravatar.com\/avatar\/ea30fe7a8231c8c0bf30066f86006714af7be34ba414543eaab3e453b92901aa?s=96&d=mm&r=g","caption":"AcjbbSud"},"url":"https:\/\/acjbb-sud.org\/index.php\/author\/acjbbsud\/"}]}},"jetpack_publicize_connections":[],"jetpack_featured_media_url":"https:\/\/acjbb-sud.org\/wp-content\/uploads\/2018\/10\/ACJBB-Sud-Chabbat-halots-bougies-vin-600-logos-v2.jpg","jetpack_sharing_enabled":true,"jetpack_shortlink":"https:\/\/wp.me\/p7sjOI-Uj","jetpack_likes_enabled":true,"_links":{"self":[{"href":"https:\/\/acjbb-sud.org\/index.php\/wp-json\/wp\/v2\/posts\/3491","targetHints":{"allow":["GET"]}}],"collection":[{"href":"https:\/\/acjbb-sud.org\/index.php\/wp-json\/wp\/v2\/posts"}],"about":[{"href":"https:\/\/acjbb-sud.org\/index.php\/wp-json\/wp\/v2\/types\/post"}],"author":[{"embeddable":true,"href":"https:\/\/acjbb-sud.org\/index.php\/wp-json\/wp\/v2\/users\/1"}],"replies":[{"embeddable":true,"href":"https:\/\/acjbb-sud.org\/index.php\/wp-json\/wp\/v2\/comments?post=3491"}],"version-history":[{"count":5,"href":"https:\/\/acjbb-sud.org\/index.php\/wp-json\/wp\/v2\/posts\/3491\/revisions"}],"predecessor-version":[{"id":3502,"href":"https:\/\/acjbb-sud.org\/index.php\/wp-json\/wp\/v2\/posts\/3491\/revisions\/3502"}],"wp:featuredmedia":[{"embeddable":true,"href":"https:\/\/acjbb-sud.org\/index.php\/wp-json\/wp\/v2\/media\/2195"}],"wp:attachment":[{"href":"https:\/\/acjbb-sud.org\/index.php\/wp-json\/wp\/v2\/media?parent=3491"}],"wp:term":[{"taxonomy":"category","embeddable":true,"href":"https:\/\/acjbb-sud.org\/index.php\/wp-json\/wp\/v2\/categories?post=3491"},{"taxonomy":"post_tag","embeddable":true,"href":"https:\/\/acjbb-sud.org\/index.php\/wp-json\/wp\/v2\/tags?post=3491"}],"curies":[{"name":"wp","href":"https:\/\/api.w.org\/{rel}","templated":true}]}}