{"id":3559,"date":"2020-04-22T11:27:58","date_gmt":"2020-04-22T09:27:58","guid":{"rendered":"https:\/\/acjbb-sud.org\/?p=3559"},"modified":"2020-04-24T09:26:56","modified_gmt":"2020-04-24T07:26:56","slug":"paracha-tazria-metsora-5780-chabbat-roch-hodech","status":"publish","type":"post","link":"https:\/\/acjbb-sud.org\/index.php\/2020\/04\/22\/paracha-tazria-metsora-5780-chabbat-roch-hodech\/","title":{"rendered":"Paracha Tazria M\u00e9tsora &#8211; Chabbat Roch &lsquo;Hodech"},"content":{"rendered":"\n<h3 class=\"has-text-align-center wp-block-heading\"><strong>Paracha Tazria M\u00e9tsora \/ \u05e4\u05e8\u05e9\u05d4 \u05ea\u05d6\u05e8\u05d9\u05e2 &#8211; \u05de\u05e6\u05e8\u05e2<\/strong><br><strong>Chabbat Roch &lsquo;Hodech \/ \u05e9\u05d1\u05ea \u05e8\u05d0\u05e9 \u05d7\u05d5\u05d3\u05e9<\/strong><br><strong>24\/25 avril 2020 &#8211; 1 Iyar 5780 \/ \u05d0\u2019 \u05d0\u05d9\u05d9\u05e8 \u05d4-\u05ea\u05e9\u2019\u05e3<\/strong><br><em><strong><em><strong>D\u00e9but : 20h38 &#8211; Fin : 21h50<\/strong><\/em><\/strong><\/em><\/h3>\n\n\n\n<div class=\"wp-block-image\"><figure class=\"aligncenter size-large\"><img loading=\"lazy\" decoding=\"async\" width=\"615\" height=\"433\" src=\"https:\/\/acjbb-sud.org\/wp-content\/uploads\/2018\/10\/ACJBB-Sud-Chabbat-halots-bougies-vin-600-logos-v2.jpg\" alt=\"\" class=\"wp-image-2195\" srcset=\"https:\/\/acjbb-sud.org\/wp-content\/uploads\/2018\/10\/ACJBB-Sud-Chabbat-halots-bougies-vin-600-logos-v2.jpg 615w, https:\/\/acjbb-sud.org\/wp-content\/uploads\/2018\/10\/ACJBB-Sud-Chabbat-halots-bougies-vin-600-logos-v2-300x211.jpg 300w\" sizes=\"auto, (max-width: 615px) 100vw, 615px\" \/><\/figure><\/div>\n\n\n\n<p class=\"has-text-color has-background has-vivid-red-color has-very-light-gray-background-color\"><strong>Chers fid\u00e8les, Chers amis,<\/strong><br><strong>Nous ne pourrons pas prier dans nos offices habituels ce Chabbat !<\/strong>.<br><strong>Le Rabbin Didier Kassabi nous invite cependant \u00e0 prier chacun individuellement ou en famille, en m\u00eame temps, \u00e0 l\u2019unisson.<\/strong><br><strong>#RestezChezVous<\/strong><\/p>\n\n\n\n<h3 class=\"wp-block-heading\"><strong><span style=\"text-decoration: underline;\">Les Horaires des pri\u00e8res :<\/span><\/strong><\/h3>\n\n\n\n<p><em><strong>Vendredi soir :<\/strong><\/em><br> <strong>19h00<\/strong> : Min\u2019ha<br> <strong>20h00<\/strong> : Allumage des bougies et entr\u00e9e de Chabbat (heure maximum pour l\u2019allumage : <strong>20h38<\/strong>)<br> <strong>20h00<\/strong> : Chir haChirim, Kabbalat Chabbat et Arvit<\/p>\n\n\n\n<p><strong><em>Samedi matin :<\/em><\/strong><br> <strong>09h30<\/strong> : Cha\u2019harit (<em><strong>Attention, premi\u00e8re heure de fin du Ch\u00e9ma 09h18, deuxi\u00e8me heure 10h14. Il est donc conseill\u00e9  de r\u00e9citer le Ch\u00e9ma avant de commencer \u00e0 prier<\/strong><\/em>) suivi du Hallel abr\u00e9g\u00e9.<br><strong>Attention :<\/strong> La amida de Cha&rsquo;harit sera celle de Chabbat matin, en y ajoutant \u00ab\u00a0<em>Yaal\u00e9 v\u00e9Yavo<\/em>\u00ab\u00a0, le Moussaf sera celui de Roch &lsquo;Hodech.<br>On lira les parachiyots Tazria et Metsora et on ajoutera la lecture de Roch &lsquo;Hodech (\u00e0 partir de \u00ab\u00a0<em>Ouvyom haChabbat<\/em>\u00ab\u00a0). La Haftara sera celle de Chabbat Roch &lsquo;Hodech.<\/p>\n\n\n\n<p>Lecture du <strong>deuxi\u00e8me chapitre des Pirkei Avot<\/strong>.<\/p>\n\n\n\n<p><em><strong>Samedi apr\u00e8s-midi :<\/strong><\/em><br> <strong>20h00<\/strong> : T\u00e9hilim \u2013 Lecture des T\u00e9hilim \u2013 Alpha\/Beta<br> <strong>20h15<\/strong> : Min\u2019ha, suivi de la S\u00e9ouda Ch\u00e9lichit et des chants du Chabbat<br> <strong>20h57<\/strong> : Shquiya \/ \u05e9\u05e7\u05e2\u05ea \u05d4\u05d7\u05de\u05d4<\/p>\n\n\n\n<p><strong><em>Samedi soir :<\/em><\/strong><br> <strong>21h50<\/strong> : Fin de Chabbat, Arvit et Havdala<\/p>\n\n\n\n<p><strong><em>Dimanche :<\/em> <\/strong><br> <strong>08h00<\/strong> : Cha\u2019harit<br> <strong>19h00<\/strong> : Min\u2019ha<br> <strong>21h50<\/strong> : Arvit<\/p>\n\n\n\n<p><strong><em>du Lundi au Vendredi :<\/em><\/strong><br> <strong>07h00<\/strong> : Cha\u2019harit<br> <strong>19h00<\/strong> : Min\u2019ha (sauf vendredi soir)<br> <strong>21h50<\/strong> : Arvit (sauf vendredi soir)<\/p>\n\n\n\n<p><strong>Chabbat Chalom et &lsquo;Hodech Tov !<\/strong><\/p>\n\n\n\n<!--more-->\n\n\n\n<hr class=\"wp-block-separator is-style-wide\"\/>\n\n\n\n<h3 class=\"wp-block-heading\"><strong><span style=\"text-decoration: underline;\">Roch &lsquo;Hodech Iyar :<\/span><\/strong><\/h3>\n\n\n\n<p>Roch &lsquo;Hodech Iyar aura lieu ce vendredi 24 et Chabbat samedi 25 avril 2020 (\u00e0 partir de ce jeudi 23 avril au soir).<\/p>\n\n\n\n<hr class=\"wp-block-separator is-style-wide\"\/>\n\n\n\n<h3 class=\"wp-block-heading\"><strong><span style=\"text-decoration: underline;\">\u00c9tude en vid\u00e9os :<\/span><\/strong><\/h3>\n\n\n\n<p> Depuis le d\u00e9but de la p\u00e9riode de confinement, le <strong>Rabbin Kassabi<\/strong>  vous propose des cours chaque jour \u00e0 9h, 13h et 20h30 pour maintenir la  coh\u00e9sion de notre Communaut\u00e9 et pour nous renforcer dans l\u2019\u00e9tude de la  Torah. <\/p>\n\n\n\n<div class=\"wp-block-image\"><figure class=\"aligncenter size-large is-resized\"><img loading=\"lazy\" decoding=\"async\" src=\"https:\/\/acjbb-sud.org\/wp-content\/uploads\/2020\/03\/ACJBB-Synagogue-Boulogne-Rabbin-Didier-KASSABI.jpg\" alt=\"\" class=\"wp-image-3494\" width=\"553\" height=\"278\" srcset=\"https:\/\/acjbb-sud.org\/wp-content\/uploads\/2020\/03\/ACJBB-Synagogue-Boulogne-Rabbin-Didier-KASSABI.jpg 737w, https:\/\/acjbb-sud.org\/wp-content\/uploads\/2020\/03\/ACJBB-Synagogue-Boulogne-Rabbin-Didier-KASSABI-300x151.jpg 300w\" sizes=\"auto, (max-width: 553px) 100vw, 553px\" \/><\/figure><\/div>\n\n\n\n<p> Rejoignez-nous et abonnez-vous \u00e0 la page <a rel=\"noreferrer noopener\" href=\"https:\/\/www.facebook.com\/ACJBBDivreiTorah\/\" target=\"_blank\">Facebook<\/a> d\u00e9di\u00e9e \u00e0 cet effet.<br> Si vous n\u2019avez pas de compte Facebook, les cours sont \u00e9galement disponibles sur <a rel=\"noreferrer noopener\" href=\"https:\/\/www.youtube.com\/channel\/UCLQjHPCW5DzsegwGcY3n-sQ\/videos\" target=\"_blank\">YouTube<\/a>. <\/p>\n\n\n\n<hr class=\"wp-block-separator is-style-wide\"\/>\n\n\n\n<h3 class=\"wp-block-heading\"><span style=\"text-decoration: underline;\">Yom Hazikaron \/ Yom Haatsmaout :<\/span><\/h3>\n\n\n\n<p>C\u00e9r\u00e9monie sur Zoom <strong>mardi 28 avril \u00e0 20h45<\/strong>, retransmssion en <strong>Facebook live<\/strong><\/p>\n\n\n\n<div class=\"wp-block-image\"><figure class=\"aligncenter size-large is-resized\"><img loading=\"lazy\" decoding=\"async\" src=\"https:\/\/acjbb-sud.org\/wp-content\/uploads\/2020\/04\/ACJBB-Synagogue-Boulogne-Yom-Hazikaron-Yom-HaAtsmaout-2020-5780_v2.jpg\" alt=\"\" class=\"wp-image-3568\" width=\"600\" height=\"600\" srcset=\"https:\/\/acjbb-sud.org\/wp-content\/uploads\/2020\/04\/ACJBB-Synagogue-Boulogne-Yom-Hazikaron-Yom-HaAtsmaout-2020-5780_v2.jpg 800w, https:\/\/acjbb-sud.org\/wp-content\/uploads\/2020\/04\/ACJBB-Synagogue-Boulogne-Yom-Hazikaron-Yom-HaAtsmaout-2020-5780_v2-300x300.jpg 300w, https:\/\/acjbb-sud.org\/wp-content\/uploads\/2020\/04\/ACJBB-Synagogue-Boulogne-Yom-Hazikaron-Yom-HaAtsmaout-2020-5780_v2-150x150.jpg 150w, https:\/\/acjbb-sud.org\/wp-content\/uploads\/2020\/04\/ACJBB-Synagogue-Boulogne-Yom-Hazikaron-Yom-HaAtsmaout-2020-5780_v2-768x768.jpg 768w\" sizes=\"auto, (max-width: 600px) 100vw, 600px\" \/><\/figure><\/div>\n\n\n\n<p>Chaque ann\u00e9e, nous sommes tr\u00e8s nombreux r\u00e9unis dans notre Synagogue, d\u00e9cor\u00e9e de drapeaux d&rsquo;Isra\u00ebl, pour nous recueillir pour <strong>Yom Hazikaron<\/strong> \u00e0 la m\u00e9moire des soldats et des victimes d&rsquo;attentats, tomb\u00e9s pour l&rsquo;\u00e9dification et la s\u00e9curit\u00e9 de l\u2019\u00c9tat d&rsquo;Isra\u00ebl depuis 72 ans, puis nous r\u00e9jouir pour l&rsquo;Anniversaire d&rsquo;Isra\u00ebl, <strong>Yom Haatsmaout<\/strong>.<br><br>Cette ann\u00e9e, en p\u00e9riode de confinement, nous ne pourrons pas nous r\u00e9unir dans la Synagogue.<br><br>Nous allons donc c\u00e9l\u00e9brer Yom Hazikaron et Yom Hazikaron \u00ab\u00a0<strong>tous ensemble, chacun chez soi<\/strong>\u00ab\u00a0, en r\u00e9alisant la soir\u00e9e sur Zoom et en la diffusant en direct sur Facebook live, et en diff\u00e9r\u00e9 sur YouTube.<br><br>Retrouvez-nous pour que nous soyons tr\u00e8s nombreux&nbsp;<\/p>\n\n\n\n<h3 class=\"wp-block-heading\">Mardi 28 avril \u00e0 partir de 20h45<\/h3>\n\n\n\n<p>pour un beau programme, avec les enfants et avec des surprises, pour nous souvenir de ceux qui sont tomb\u00e9s pour Isra\u00ebl et pour souhaiter Bon Anniversaire \u00e0 l&rsquo;Etat d&rsquo;Isra\u00ebl.<\/p>\n\n\n\n<hr class=\"wp-block-separator is-style-wide\"\/>\n\n\n\n<h3 class=\"wp-block-heading\"><span style=\"text-decoration: underline;\"><strong>Information ACJBB Boulogne Sud :<\/strong><\/span><\/h3>\n\n\n\n<p> Retrouvez toutes les informations de l\u2019office sur : <a rel=\"noreferrer noopener\" href=\"http:\/\/www.acjbb-sud.org\" target=\"_blank\">www.acjbb-sud.org<\/a>.<br> Si vous souhaitez recevoir par mail la newsletter de l\u2019office, inscrivez-vous en nous envoyant un mail \u00e0 <a href=\"mailto:officeboulognesud@gmail.com\">officeboulognesud@gmail.com<\/a>.<br> Retrouvez \u00e9galement toutes les informations sur la page Facebook de l\u2019office : <a rel=\"noreferrer noopener\" href=\"http:\/\/facebook.com\/acjbbsud\" target=\"_blank\">facebook.com\/acjbbsud<\/a> et sur Twitter : <a rel=\"noreferrer noopener\" href=\"http:\/\/twitter.com\/acjbbsud\" target=\"_blank\">twitter.com\/acjbbsud<\/a>. <\/p>\n\n\n\n<hr class=\"wp-block-separator is-style-wide\"\/>\n\n\n\n<h3 class=\"wp-block-heading\"><strong><span style=\"text-decoration: underline;\">Mikv\u00e9 :<\/span><\/strong><\/h3>\n\n\n\n<p class=\"has-text-color has-vivid-red-color\">En raison de la crise sanitaire que nous traversons, les Mikv\u00e9 de Boulogne sont ferm\u00e9s.<br>Plus d&rsquo;informations sur le site de la <a rel=\"noreferrer noopener\" aria-label=\"Synagogue de Boulogne (s\u2019ouvre dans un nouvel onglet)\" href=\"https:\/\/synaboulogne.com\/2020\/03\/24\/coronavirus-fermeture-des-mikves-a-boulogne\/\" target=\"_blank\">Synagogue de Boulogne<\/a>.<\/p>\n\n\n\n<hr class=\"wp-block-separator is-style-wide\"\/>\n\n\n\n<h3 class=\"wp-block-heading\"><strong><span style=\"text-decoration: underline;\">Faire un don :<\/span><\/strong><\/h3>\n\n\n\n<p>Pour faire vivre et participer activement \u00e0 cet office, <a rel=\"noreferrer noopener\" href=\"http:\/\/www.acjbb-sud.org\/index.php\/faire-un-don\/\" target=\"_blank\">faites un don<\/a> par internet ou envoyez vos ch\u00e8ques au <strong>134 bis rue du Point du Jour<\/strong>. Toutes les participations sont bienvenues, <em>les petits ruisseaux faisant de grandes rivi\u00e8res<\/em>, nous parviendrons, tous ensemble, \u00e0 faire vivre l\u2019Office de Boulogne Sud.<br><br>Tizkou L\u00e9-Mitsvot !!!<\/p>\n\n\n\n<hr class=\"wp-block-separator is-style-wide\"\/>\n\n\n\n<h3 class=\"wp-block-heading\"><span style=\"text-decoration: underline;\">Dons pour le Centre Culturel de Boulogne Billancourt :<\/span><\/h3>\n\n\n\n<p>Le nouveau Centre Culturel sera situ\u00e9 \u00e0 l\u2019angle des rues Marcel Dassault et d\u2019Anjou.<\/p>\n\n\n\n<p>Il comprendra notamment :<\/p>\n\n\n\n<ul class=\"wp-block-list\"><li>Une Synagogue<\/li><li>Le Centre Communautaire (CCIBB)<\/li><li>Une salle polyvalente<\/li><li>Une salle des f\u00eates<\/li><\/ul>\n\n\n\n<p>Vous avez une occasion unique d\u2019inscrire votre nom, celui de vos \nfamilles, celui de vos disparus, dans un projet qui marquera l\u2019avenir de\n la vie juive \u00e0 Boulogne-Billancourt.<\/p>\n\n\n\n<div class=\"wp-block-image\"><figure class=\"aligncenter\"><img decoding=\"async\" src=\"https:\/\/acjbb-sud.org\/wp-content\/uploads\/2018\/07\/Centre-Culturel-juif-Boulogne-Billancourt-Synagogue.jpg\" alt=\"\"\/><\/figure><\/div>\n\n\n\n<div class=\"wp-block-image\"><figure class=\"aligncenter\"><img decoding=\"async\" src=\"https:\/\/acjbb-sud.org\/wp-content\/uploads\/2018\/07\/Centre-Culturel-juif-Boulogne-Billancourt-Synagogue-2.jpg\" alt=\"\"\/><\/figure><\/div>\n\n\n\n<p>Devenez acteur du devenir de la vie  juive \u00e0 Boulogne en faisant un don pour la construction du Centre  Culturel de Boulogne. Vous pouvez d\u00e9cider de diriger votre don vers la  synagogue ACJBB ou vers le CCIBB, en nous l\u2019indiquant par message.<\/p>\n\n\n\n<p class=\"has-text-color has-vivid-red-color\"><strong>En raison de la crise sanitaire que nous traversons, les travaux ont \u00e9t\u00e9 arr\u00eat\u00e9s.<\/strong><\/p>\n\n\n\n<p>Si vous avez des question, <a href=\"mailto:synamail@acjbb.com?subject=&quot;Question sur la construction du Centre culturel&quot;\">envoyez-nous un message<\/a> !<\/p>\n\n\n\n<p><a rel=\"noreferrer noopener\" href=\"https:\/\/www.helloasso.com\/associations\/acjbb-2\/collectes\/construction-du-centre-juif-de-boulogne\" target=\"_blank\">Je participe \u00e0 la collecte pour la construction<\/a>.<\/p>\n\n\n\n<hr class=\"wp-block-separator is-style-wide\"\/>\n\n\n\n<h3 class=\"wp-block-heading\"><strong><span style=\"text-decoration: underline;\">Dvar Thorah et enseignements :<\/span><\/strong><\/h3>\n\n\n\n<p><em><strong>par le Rav Mika\u00ebl Mouyal<\/strong><\/em><br> T\u00e9l\u00e9chargez le Dvar Torah directement en PDF afin de l\u2019imprimer et le lire plus facilement :<br> <a href=\"https:\/\/acjbb-sud.org\/wp-content\/uploads\/2020\/04\/ACJBB-Boulogne-Sud-Dvar-Torah-Sidra-Rav-Mouyal-Chemini-5780.pdf\" target=\"_blank\" aria-label=\" (opens in a new tab)\" rel=\"noreferrer noopener\" class=\"aioseop-link\">Sidra Ch\u00e9mini<\/a>.<\/p>\n\n\n\n<p>Retrouvez tous les commentaires et sidrots sur la Paracha par le Rav Mika\u00ebl Mouyal sur <a rel=\"noreferrer noopener\" href=\"https:\/\/acjbb-sud.org\/index.php\/dvar-torah-sidra-rav-mouyal\/\" target=\"_blank\" class=\"aioseop-link\">cette page<\/a>.<\/p>\n","protected":false},"excerpt":{"rendered":"<p>Paracha Tazria M\u00e9tsora \/ \u05e4\u05e8\u05e9\u05d4 \u05ea\u05d6\u05e8\u05d9\u05e2 &#8211; \u05de\u05e6\u05e8\u05e2Chabbat Roch &lsquo;Hodech \/ \u05e9\u05d1\u05ea \u05e8\u05d0\u05e9 \u05d7\u05d5\u05d3\u05e924\/25 avril 2020 &#8211; 1 Iyar 5780 \/ \u05d0\u2019 \u05d0\u05d9\u05d9\u05e8 \u05d4-\u05ea\u05e9\u2019\u05e3D\u00e9but : 20h38 &#8211; Fin : 21h50 Chers fid\u00e8les, Chers amis,Nous ne pourrons pas prier dans nos offices habituels ce Chabbat !.Le Rabbin Didier Kassabi nous invite cependant \u00e0 prier chacun individuellement &hellip; <\/p>\n<p><a class=\"more-link btn\" href=\"https:\/\/acjbb-sud.org\/index.php\/2020\/04\/22\/paracha-tazria-metsora-5780-chabbat-roch-hodech\/\">Lire la suite<\/a><\/p>\n","protected":false},"author":1,"featured_media":2195,"comment_status":"open","ping_status":"open","sticky":false,"template":"","format":"standard","meta":{"jetpack_post_was_ever_published":false,"_jetpack_newsletter_access":"","_jetpack_dont_email_post_to_subs":false,"_jetpack_newsletter_tier_id":0,"_jetpack_memberships_contains_paywalled_content":false,"_jetpack_memberships_contains_paid_content":false,"footnotes":"","jetpack_publicize_message":"","jetpack_publicize_feature_enabled":true,"jetpack_social_post_already_shared":true,"jetpack_social_options":{"image_generator_settings":{"template":"highway","default_image_id":0,"font":"","enabled":false},"version":2}},"categories":[3,15],"tags":[47,94,117,120],"class_list":["post-3559","post","type-post","status-publish","format-standard","has-post-thumbnail","hentry","category-chabbat","category-roch-hodech","tag-chabbat","tag-metsora","tag-roch-hodech","tag-tazria","item-wrap"],"yoast_head":"<!-- This site is optimized with the Yoast SEO plugin v26.6 - https:\/\/yoast.com\/wordpress\/plugins\/seo\/ -->\n<title>Paracha Tazria M\u00e9tsora - Chabbat Roch &#039;Hodech - Synagogue ACJBB Boulogne Sud<\/title>\n<meta name=\"robots\" content=\"index, follow, max-snippet:-1, max-image-preview:large, max-video-preview:-1\" \/>\n<link rel=\"canonical\" href=\"https:\/\/acjbb-sud.org\/index.php\/2020\/04\/22\/paracha-tazria-metsora-5780-chabbat-roch-hodech\/\" \/>\n<meta property=\"og:locale\" content=\"fr_FR\" \/>\n<meta property=\"og:type\" content=\"article\" \/>\n<meta property=\"og:title\" content=\"Paracha Tazria M\u00e9tsora - Chabbat Roch &#039;Hodech - Synagogue ACJBB Boulogne Sud\" \/>\n<meta property=\"og:description\" content=\"Paracha Tazria M\u00e9tsora \/ \u05e4\u05e8\u05e9\u05d4 \u05ea\u05d6\u05e8\u05d9\u05e2 &#8211; \u05de\u05e6\u05e8\u05e2Chabbat Roch &lsquo;Hodech \/ \u05e9\u05d1\u05ea \u05e8\u05d0\u05e9 \u05d7\u05d5\u05d3\u05e924\/25 avril 2020 &#8211; 1 Iyar 5780 \/ \u05d0\u2019 \u05d0\u05d9\u05d9\u05e8 \u05d4-\u05ea\u05e9\u2019\u05e3D\u00e9but : 20h38 &#8211; Fin : 21h50 Chers fid\u00e8les, Chers amis,Nous ne pourrons pas prier dans nos offices habituels ce Chabbat !.Le Rabbin Didier Kassabi nous invite cependant \u00e0 prier chacun individuellement &hellip; Lire la suite\" \/>\n<meta property=\"og:url\" content=\"https:\/\/acjbb-sud.org\/index.php\/2020\/04\/22\/paracha-tazria-metsora-5780-chabbat-roch-hodech\/\" \/>\n<meta property=\"og:site_name\" content=\"Synagogue ACJBB Boulogne Sud\" \/>\n<meta property=\"article:published_time\" content=\"2020-04-22T09:27:58+00:00\" \/>\n<meta property=\"article:modified_time\" content=\"2020-04-24T07:26:56+00:00\" \/>\n<meta property=\"og:image\" content=\"https:\/\/acjbb-sud.org\/wp-content\/uploads\/2018\/10\/ACJBB-Sud-Chabbat-halots-bougies-vin-600-logos-v2.jpg\" \/>\n\t<meta property=\"og:image:width\" content=\"615\" \/>\n\t<meta property=\"og:image:height\" content=\"433\" \/>\n\t<meta property=\"og:image:type\" content=\"image\/jpeg\" \/>\n<meta name=\"author\" content=\"AcjbbSud\" \/>\n<meta name=\"twitter:card\" content=\"summary_large_image\" \/>\n<meta name=\"twitter:label1\" content=\"\u00c9crit par\" \/>\n\t<meta name=\"twitter:data1\" content=\"AcjbbSud\" \/>\n\t<meta name=\"twitter:label2\" content=\"Dur\u00e9e de lecture estim\u00e9e\" \/>\n\t<meta name=\"twitter:data2\" content=\"4 minutes\" \/>\n<script type=\"application\/ld+json\" class=\"yoast-schema-graph\">{\"@context\":\"https:\/\/schema.org\",\"@graph\":[{\"@type\":\"WebPage\",\"@id\":\"https:\/\/acjbb-sud.org\/index.php\/2020\/04\/22\/paracha-tazria-metsora-5780-chabbat-roch-hodech\/\",\"url\":\"https:\/\/acjbb-sud.org\/index.php\/2020\/04\/22\/paracha-tazria-metsora-5780-chabbat-roch-hodech\/\",\"name\":\"Paracha Tazria M\u00e9tsora - Chabbat Roch 'Hodech - Synagogue ACJBB Boulogne Sud\",\"isPartOf\":{\"@id\":\"https:\/\/acjbb-sud.org\/#website\"},\"primaryImageOfPage\":{\"@id\":\"https:\/\/acjbb-sud.org\/index.php\/2020\/04\/22\/paracha-tazria-metsora-5780-chabbat-roch-hodech\/#primaryimage\"},\"image\":{\"@id\":\"https:\/\/acjbb-sud.org\/index.php\/2020\/04\/22\/paracha-tazria-metsora-5780-chabbat-roch-hodech\/#primaryimage\"},\"thumbnailUrl\":\"https:\/\/acjbb-sud.org\/wp-content\/uploads\/2018\/10\/ACJBB-Sud-Chabbat-halots-bougies-vin-600-logos-v2.jpg\",\"datePublished\":\"2020-04-22T09:27:58+00:00\",\"dateModified\":\"2020-04-24T07:26:56+00:00\",\"author\":{\"@id\":\"https:\/\/acjbb-sud.org\/#\/schema\/person\/adc8f09fb72c9d0dc78509106dc5e9f0\"},\"breadcrumb\":{\"@id\":\"https:\/\/acjbb-sud.org\/index.php\/2020\/04\/22\/paracha-tazria-metsora-5780-chabbat-roch-hodech\/#breadcrumb\"},\"inLanguage\":\"fr-FR\",\"potentialAction\":[{\"@type\":\"ReadAction\",\"target\":[\"https:\/\/acjbb-sud.org\/index.php\/2020\/04\/22\/paracha-tazria-metsora-5780-chabbat-roch-hodech\/\"]}]},{\"@type\":\"ImageObject\",\"inLanguage\":\"fr-FR\",\"@id\":\"https:\/\/acjbb-sud.org\/index.php\/2020\/04\/22\/paracha-tazria-metsora-5780-chabbat-roch-hodech\/#primaryimage\",\"url\":\"https:\/\/acjbb-sud.org\/wp-content\/uploads\/2018\/10\/ACJBB-Sud-Chabbat-halots-bougies-vin-600-logos-v2.jpg\",\"contentUrl\":\"https:\/\/acjbb-sud.org\/wp-content\/uploads\/2018\/10\/ACJBB-Sud-Chabbat-halots-bougies-vin-600-logos-v2.jpg\",\"width\":615,\"height\":433},{\"@type\":\"BreadcrumbList\",\"@id\":\"https:\/\/acjbb-sud.org\/index.php\/2020\/04\/22\/paracha-tazria-metsora-5780-chabbat-roch-hodech\/#breadcrumb\",\"itemListElement\":[{\"@type\":\"ListItem\",\"position\":1,\"name\":\"Accueil\",\"item\":\"https:\/\/acjbb-sud.org\/\"},{\"@type\":\"ListItem\",\"position\":2,\"name\":\"Paracha Tazria M\u00e9tsora &#8211; Chabbat Roch &lsquo;Hodech\"}]},{\"@type\":\"WebSite\",\"@id\":\"https:\/\/acjbb-sud.org\/#website\",\"url\":\"https:\/\/acjbb-sud.org\/\",\"name\":\"Synagogue ACJBB Boulogne Sud\",\"description\":\"Synagogue \/ Association Communautaire Juive de Boulogne Billancourt (Sud)\",\"potentialAction\":[{\"@type\":\"SearchAction\",\"target\":{\"@type\":\"EntryPoint\",\"urlTemplate\":\"https:\/\/acjbb-sud.org\/?s={search_term_string}\"},\"query-input\":{\"@type\":\"PropertyValueSpecification\",\"valueRequired\":true,\"valueName\":\"search_term_string\"}}],\"inLanguage\":\"fr-FR\"},{\"@type\":\"Person\",\"@id\":\"https:\/\/acjbb-sud.org\/#\/schema\/person\/adc8f09fb72c9d0dc78509106dc5e9f0\",\"name\":\"AcjbbSud\",\"image\":{\"@type\":\"ImageObject\",\"inLanguage\":\"fr-FR\",\"@id\":\"https:\/\/acjbb-sud.org\/#\/schema\/person\/image\/\",\"url\":\"https:\/\/secure.gravatar.com\/avatar\/ea30fe7a8231c8c0bf30066f86006714af7be34ba414543eaab3e453b92901aa?s=96&d=mm&r=g\",\"contentUrl\":\"https:\/\/secure.gravatar.com\/avatar\/ea30fe7a8231c8c0bf30066f86006714af7be34ba414543eaab3e453b92901aa?s=96&d=mm&r=g\",\"caption\":\"AcjbbSud\"},\"url\":\"https:\/\/acjbb-sud.org\/index.php\/author\/acjbbsud\/\"}]}<\/script>\n<!-- \/ Yoast SEO plugin. -->","yoast_head_json":{"title":"Paracha Tazria M\u00e9tsora - Chabbat Roch 'Hodech - Synagogue ACJBB Boulogne Sud","robots":{"index":"index","follow":"follow","max-snippet":"max-snippet:-1","max-image-preview":"max-image-preview:large","max-video-preview":"max-video-preview:-1"},"canonical":"https:\/\/acjbb-sud.org\/index.php\/2020\/04\/22\/paracha-tazria-metsora-5780-chabbat-roch-hodech\/","og_locale":"fr_FR","og_type":"article","og_title":"Paracha Tazria M\u00e9tsora - Chabbat Roch 'Hodech - Synagogue ACJBB Boulogne Sud","og_description":"Paracha Tazria M\u00e9tsora \/ \u05e4\u05e8\u05e9\u05d4 \u05ea\u05d6\u05e8\u05d9\u05e2 &#8211; \u05de\u05e6\u05e8\u05e2Chabbat Roch &lsquo;Hodech \/ \u05e9\u05d1\u05ea \u05e8\u05d0\u05e9 \u05d7\u05d5\u05d3\u05e924\/25 avril 2020 &#8211; 1 Iyar 5780 \/ \u05d0\u2019 \u05d0\u05d9\u05d9\u05e8 \u05d4-\u05ea\u05e9\u2019\u05e3D\u00e9but : 20h38 &#8211; Fin : 21h50 Chers fid\u00e8les, Chers amis,Nous ne pourrons pas prier dans nos offices habituels ce Chabbat !.Le Rabbin Didier Kassabi nous invite cependant \u00e0 prier chacun individuellement &hellip; Lire la suite","og_url":"https:\/\/acjbb-sud.org\/index.php\/2020\/04\/22\/paracha-tazria-metsora-5780-chabbat-roch-hodech\/","og_site_name":"Synagogue ACJBB Boulogne Sud","article_published_time":"2020-04-22T09:27:58+00:00","article_modified_time":"2020-04-24T07:26:56+00:00","og_image":[{"width":615,"height":433,"url":"https:\/\/acjbb-sud.org\/wp-content\/uploads\/2018\/10\/ACJBB-Sud-Chabbat-halots-bougies-vin-600-logos-v2.jpg","type":"image\/jpeg"}],"author":"AcjbbSud","twitter_card":"summary_large_image","twitter_misc":{"\u00c9crit par":"AcjbbSud","Dur\u00e9e de lecture estim\u00e9e":"4 minutes"},"schema":{"@context":"https:\/\/schema.org","@graph":[{"@type":"WebPage","@id":"https:\/\/acjbb-sud.org\/index.php\/2020\/04\/22\/paracha-tazria-metsora-5780-chabbat-roch-hodech\/","url":"https:\/\/acjbb-sud.org\/index.php\/2020\/04\/22\/paracha-tazria-metsora-5780-chabbat-roch-hodech\/","name":"Paracha Tazria M\u00e9tsora - Chabbat Roch 'Hodech - Synagogue ACJBB Boulogne Sud","isPartOf":{"@id":"https:\/\/acjbb-sud.org\/#website"},"primaryImageOfPage":{"@id":"https:\/\/acjbb-sud.org\/index.php\/2020\/04\/22\/paracha-tazria-metsora-5780-chabbat-roch-hodech\/#primaryimage"},"image":{"@id":"https:\/\/acjbb-sud.org\/index.php\/2020\/04\/22\/paracha-tazria-metsora-5780-chabbat-roch-hodech\/#primaryimage"},"thumbnailUrl":"https:\/\/acjbb-sud.org\/wp-content\/uploads\/2018\/10\/ACJBB-Sud-Chabbat-halots-bougies-vin-600-logos-v2.jpg","datePublished":"2020-04-22T09:27:58+00:00","dateModified":"2020-04-24T07:26:56+00:00","author":{"@id":"https:\/\/acjbb-sud.org\/#\/schema\/person\/adc8f09fb72c9d0dc78509106dc5e9f0"},"breadcrumb":{"@id":"https:\/\/acjbb-sud.org\/index.php\/2020\/04\/22\/paracha-tazria-metsora-5780-chabbat-roch-hodech\/#breadcrumb"},"inLanguage":"fr-FR","potentialAction":[{"@type":"ReadAction","target":["https:\/\/acjbb-sud.org\/index.php\/2020\/04\/22\/paracha-tazria-metsora-5780-chabbat-roch-hodech\/"]}]},{"@type":"ImageObject","inLanguage":"fr-FR","@id":"https:\/\/acjbb-sud.org\/index.php\/2020\/04\/22\/paracha-tazria-metsora-5780-chabbat-roch-hodech\/#primaryimage","url":"https:\/\/acjbb-sud.org\/wp-content\/uploads\/2018\/10\/ACJBB-Sud-Chabbat-halots-bougies-vin-600-logos-v2.jpg","contentUrl":"https:\/\/acjbb-sud.org\/wp-content\/uploads\/2018\/10\/ACJBB-Sud-Chabbat-halots-bougies-vin-600-logos-v2.jpg","width":615,"height":433},{"@type":"BreadcrumbList","@id":"https:\/\/acjbb-sud.org\/index.php\/2020\/04\/22\/paracha-tazria-metsora-5780-chabbat-roch-hodech\/#breadcrumb","itemListElement":[{"@type":"ListItem","position":1,"name":"Accueil","item":"https:\/\/acjbb-sud.org\/"},{"@type":"ListItem","position":2,"name":"Paracha Tazria M\u00e9tsora &#8211; Chabbat Roch &lsquo;Hodech"}]},{"@type":"WebSite","@id":"https:\/\/acjbb-sud.org\/#website","url":"https:\/\/acjbb-sud.org\/","name":"Synagogue ACJBB Boulogne Sud","description":"Synagogue \/ Association Communautaire Juive de Boulogne Billancourt (Sud)","potentialAction":[{"@type":"SearchAction","target":{"@type":"EntryPoint","urlTemplate":"https:\/\/acjbb-sud.org\/?s={search_term_string}"},"query-input":{"@type":"PropertyValueSpecification","valueRequired":true,"valueName":"search_term_string"}}],"inLanguage":"fr-FR"},{"@type":"Person","@id":"https:\/\/acjbb-sud.org\/#\/schema\/person\/adc8f09fb72c9d0dc78509106dc5e9f0","name":"AcjbbSud","image":{"@type":"ImageObject","inLanguage":"fr-FR","@id":"https:\/\/acjbb-sud.org\/#\/schema\/person\/image\/","url":"https:\/\/secure.gravatar.com\/avatar\/ea30fe7a8231c8c0bf30066f86006714af7be34ba414543eaab3e453b92901aa?s=96&d=mm&r=g","contentUrl":"https:\/\/secure.gravatar.com\/avatar\/ea30fe7a8231c8c0bf30066f86006714af7be34ba414543eaab3e453b92901aa?s=96&d=mm&r=g","caption":"AcjbbSud"},"url":"https:\/\/acjbb-sud.org\/index.php\/author\/acjbbsud\/"}]}},"jetpack_publicize_connections":[],"jetpack_featured_media_url":"https:\/\/acjbb-sud.org\/wp-content\/uploads\/2018\/10\/ACJBB-Sud-Chabbat-halots-bougies-vin-600-logos-v2.jpg","jetpack_sharing_enabled":true,"jetpack_shortlink":"https:\/\/wp.me\/p7sjOI-Vp","jetpack_likes_enabled":true,"_links":{"self":[{"href":"https:\/\/acjbb-sud.org\/index.php\/wp-json\/wp\/v2\/posts\/3559","targetHints":{"allow":["GET"]}}],"collection":[{"href":"https:\/\/acjbb-sud.org\/index.php\/wp-json\/wp\/v2\/posts"}],"about":[{"href":"https:\/\/acjbb-sud.org\/index.php\/wp-json\/wp\/v2\/types\/post"}],"author":[{"embeddable":true,"href":"https:\/\/acjbb-sud.org\/index.php\/wp-json\/wp\/v2\/users\/1"}],"replies":[{"embeddable":true,"href":"https:\/\/acjbb-sud.org\/index.php\/wp-json\/wp\/v2\/comments?post=3559"}],"version-history":[{"count":7,"href":"https:\/\/acjbb-sud.org\/index.php\/wp-json\/wp\/v2\/posts\/3559\/revisions"}],"predecessor-version":[{"id":3569,"href":"https:\/\/acjbb-sud.org\/index.php\/wp-json\/wp\/v2\/posts\/3559\/revisions\/3569"}],"wp:featuredmedia":[{"embeddable":true,"href":"https:\/\/acjbb-sud.org\/index.php\/wp-json\/wp\/v2\/media\/2195"}],"wp:attachment":[{"href":"https:\/\/acjbb-sud.org\/index.php\/wp-json\/wp\/v2\/media?parent=3559"}],"wp:term":[{"taxonomy":"category","embeddable":true,"href":"https:\/\/acjbb-sud.org\/index.php\/wp-json\/wp\/v2\/categories?post=3559"},{"taxonomy":"post_tag","embeddable":true,"href":"https:\/\/acjbb-sud.org\/index.php\/wp-json\/wp\/v2\/tags?post=3559"}],"curies":[{"name":"wp","href":"https:\/\/api.w.org\/{rel}","templated":true}]}}