{"id":3654,"date":"2020-06-17T09:53:27","date_gmt":"2020-06-17T07:53:27","guid":{"rendered":"https:\/\/acjbb-sud.org\/?p=3654"},"modified":"2020-06-24T20:35:15","modified_gmt":"2020-06-24T18:35:15","slug":"paracha-chelah-leha-5780-chabbat-mevarehim","status":"publish","type":"post","link":"https:\/\/acjbb-sud.org\/index.php\/2020\/06\/17\/paracha-chelah-leha-5780-chabbat-mevarehim\/","title":{"rendered":"Paracha Ch\u00e9la&rsquo;h-L\u00e9&rsquo;ha &#8211; Chabbat M\u00e9var\u00e9&rsquo;him"},"content":{"rendered":"\n<h3 class=\"has-text-align-center wp-block-heading\"><strong>Paracha Ch\u00e9la&rsquo;h-L\u00e9&rsquo;ha <strong>\/<\/strong> \u05e4\u05e8\u05e9\u05d4 \u05e9\u05dc\u05d7 \u05dc\u05da<\/strong><br><strong>Chabbat M\u00e9var\u00e9&rsquo;him \/ \u05e9\u05d1\u05ea \u05de\u05d1\u05e8\u05db\u05d9\u05dd<\/strong><br><strong>19\/20 juin 2020 &#8211; 28 Sivan 5780 \/ \u05db\u2019<strong>\u05d7<\/strong> <strong>\u05e1\u05d9\u05d5\u05df<\/strong> \u05d4-\u05ea\u05e9\u2019\u05e3<\/strong><br><em><strong><em><strong>D\u00e9but : 21h39 &#8211; Fin : 23h04<\/strong><\/em><\/strong><\/em><\/h3>\n\n\n\n<div class=\"wp-block-image\"><figure class=\"aligncenter size-large\"><img loading=\"lazy\" decoding=\"async\" width=\"615\" height=\"433\" src=\"https:\/\/acjbb-sud.org\/wp-content\/uploads\/2018\/10\/ACJBB-Sud-Chabbat-halots-bougies-vin-600-logos-v2.jpg\" alt=\"\" class=\"wp-image-2195\" srcset=\"https:\/\/acjbb-sud.org\/wp-content\/uploads\/2018\/10\/ACJBB-Sud-Chabbat-halots-bougies-vin-600-logos-v2.jpg 615w, https:\/\/acjbb-sud.org\/wp-content\/uploads\/2018\/10\/ACJBB-Sud-Chabbat-halots-bougies-vin-600-logos-v2-300x211.jpg 300w\" sizes=\"auto, (max-width: 615px) 100vw, 615px\" \/><\/figure><\/div>\n\n\n\n<h3 class=\"wp-block-heading\"><strong><span style=\"text-decoration: underline;\">Les Horaires des offices :<\/span><\/strong><\/h3>\n\n\n\n<p><em><strong>Vendredi soir :<\/strong><\/em><br><strong>19h15<\/strong> : Chir haChirim<br><strong>19h30 :<\/strong> Min&rsquo;ha<br><strong>19h45 :<\/strong> Kabbalat Chabbat et Arvit<br><strong>20h17<\/strong> : Allumage des bougies et entr\u00e9e de Chabbat (heure maximum pour l\u2019allumage : <strong>21h39<\/strong>)<\/p>\n\n\n\n<p><strong><em>Samedi matin :<\/em><\/strong><br><strong>07h45<\/strong> : Cha\u2019harit &#8211; 1er office<br><strong>10h15<\/strong> : Cha\u2019harit &#8211; 2\u00e8me office<br>(<em><strong>Attention, premi\u00e8re heure de fin du Ch\u00e9ma 08h26, deuxi\u00e8me heure 09h49. Il est donc conseill\u00e9 de r\u00e9citer le Ch\u00e9ma avant de commencer \u00e0 prier<\/strong><\/em>)<\/p>\n\n\n\n<p><em><strong>Samedi apr\u00e8s-midi :<\/strong><\/em><br><strong>21h00<\/strong> : T\u00e9hilim \u2013 Lecture des T\u00e9hilim \u2013 Alpha\/Beta<br><strong>21h15<\/strong> : Min\u2019ha (pas de S\u00e9ouda Chelichit. Faire la S\u00e9ouda \u00e0 la maison avant de venir pour Min&rsquo;ha)<br> <strong>21h57<\/strong> : Shquiya \/ \u05e9\u05e7\u05e2\u05ea \u05d4\u05d7\u05de\u05d4<\/p>\n\n\n\n<p><strong><em>Samedi soir :<\/em><\/strong><br> <strong>23h04<\/strong> : Fin de Chabbat, Arvit et Havdala<\/p>\n\n\n\n<p><strong><em>Dimanche :<\/em> <\/strong><br> <strong>08h00<\/strong> : Cha\u2019harit <\/p>\n\n\n\n<p><strong><em>du Lundi au Vendredi :<\/em><\/strong><br> <strong>07h00<\/strong> : Cha\u2019harit<\/p>\n\n\n\n<p><strong>Chabbat Chalom !<\/strong><\/p>\n\n\n\n<!--more-->\n\n\n\n<hr class=\"wp-block-separator is-style-wide\"\/>\n\n\n\n<h3 class=\"wp-block-heading\"><strong><span style=\"text-decoration: underline;\">Carnet de familles :<\/span><\/strong><\/h3>\n\n\n\n<h4 class=\"wp-block-heading\">D\u00e9c\u00e8s<\/h4>\n\n\n\n<p>\u05d1\u05e8\u05d5\u05da \u05d3\u05d9\u05d9\u05df \u05d4\u05d0\u05de\u05ea<br><br>Nous avons appris ce mercredi le d\u00e9c\u00e8s \u00e0 Boulogne de <strong>Rosine bat Linda GONIK<\/strong>, la maman de notre amie <strong>Sylvie AZERAD<\/strong>.&nbsp;<br>Nous renouvelons \u00e0 Sylvie et \u00e0 sa s\u0153ur Delphine et \u00e0 toute leur famille tous nos sinc\u00e8res condol\u00e9ances et que Hachem leur envoi la consolation.<\/p>\n\n\n\n<hr class=\"wp-block-separator is-style-wide\"\/>\n\n\n\n<h3 class=\"wp-block-heading\"><span style=\"text-decoration: underline;\"><strong>Roch &lsquo;Hodech Tamouz :<\/strong><\/span><\/h3>\n\n\n\n<p>Roch &lsquo;Hodech Tamouz aura lieu lundi 22 et mardi 23 juin 2020 (\u00e0 partir de dimanche 21 juin au soir).<\/p>\n\n\n\n<hr class=\"wp-block-separator is-style-wide\"\/>\n\n\n\n<h3 class=\"wp-block-heading\"><span style=\"text-decoration: underline;\">Reprise des offices \u00e0 la Synagogue :<\/span><\/h3>\n\n\n\n<p>Nous avons repris les offices \u00e0 la Synagogue <strong>dimanche matin<\/strong>&nbsp;\u00e0 8h, dans le respect stricte des conditions de distanciation physique, d&rsquo;utilisation de gel hydro-alcoolique, etc..<br>Nous afficherons et expliquerons les comportements \u00e0 respecter dans la synagogue, \u00e0 savoir :<br>&#8211; rester \u00e0 sa place pendant toute la dur\u00e9e de la t\u00e9fila, sans se d\u00e9placer pour la sortie et l&rsquo;entr\u00e9e de la Tora, ni pour le Kaddish.<br>&#8211; respecter la distanciation<br>&#8211; port de masques obligatoire \u00e0 l&rsquo;int\u00e9rieur et pendant toute la dur\u00e9e de l&rsquo;office<br>&#8211; aucune nourriture ne pourra \u00eatre consomm\u00e9e ou distribu\u00e9e dans l&rsquo;enceinte de la synagogue<br>&#8211; etc&#8230;<br>Voir le <a class=\"aioseop-link\" rel=\"noreferrer noopener\" href=\"https:\/\/synaboulogne.us12.list-manage.com\/track\/click?u=f13343cbc4710ddbadcdef23f&amp;id=f4c6e1bc88&amp;e=744d346afc\" target=\"_blank\"><strong>guide du consistoire pour la r\u00e9ouverture des synagogue<\/strong><\/a><strong><a class=\"aioseop-link\" rel=\"noreferrer noopener\" href=\"https:\/\/synaboulogne.us12.list-manage.com\/track\/click?u=f13343cbc4710ddbadcdef23f&amp;id=f4c6e1bc88&amp;e=744d346afc\" target=\"_blank\">s<\/a><\/strong><br><br><strong>L&rsquo;inscription est obligatoire. Seules les personnes dont l&rsquo;inscription aura \u00e9t\u00e9 valid\u00e9e seront admises. Aucune exception ne pourra \u00eatre consid\u00e9r\u00e9e.<\/strong><br><br><a rel=\"noreferrer noopener\" href=\"https:\/\/www.helloasso.com\/associations\/acjbb-2\/evenements\/reservation-pour-les-offices-de-chabbat-chela-h-le-ha-20-juin-2020-2\" target=\"_blank\">Je m&rsquo;inscris pour le Chabbat Ch\u00e9la&rsquo;h L\u00e9&rsquo;ha<\/a><\/p>\n\n\n\n<hr class=\"wp-block-separator is-style-wide\"\/>\n\n\n\n<h3 class=\"wp-block-heading\"><span style=\"text-decoration: underline;\">Horaires des offices de la semaine \u00e0 la Synagogue :<\/span><\/h3>\n\n\n\n<p>43 rue des abondances<\/p>\n\n\n\n<p><strong><em>Dimanche et jours f\u00e9ri\u00e9s :<\/em> <\/strong><br> <strong>08h00<\/strong> : Cha\u2019harit <br> <strong>20h00<\/strong> : Min\u2019ha suivi de Arvit<\/p>\n\n\n\n<p><strong><em>du Lundi au Vendredi :<\/em><\/strong><br> <strong>07h00<\/strong> : Cha\u2019harit<br> <strong>20h00<\/strong> : Min\u2019ha suivi de Arvit (sauf vendredi soir)<\/p>\n\n\n\n<hr class=\"wp-block-separator is-style-wide\"\/>\n\n\n\n<h3 class=\"wp-block-heading\"><span style=\"text-decoration: underline;\"><strong>Information ACJBB Boulogne Sud :<\/strong><\/span><\/h3>\n\n\n\n<p> Retrouvez toutes les informations de l\u2019office sur : <a rel=\"noreferrer noopener\" href=\"http:\/\/www.acjbb-sud.org\" target=\"_blank\">www.acjbb-sud.org<\/a>.<br> Si vous souhaitez recevoir par mail la newsletter de l\u2019office, inscrivez-vous en nous envoyant un mail \u00e0 <a href=\"mailto:officeboulognesud@gmail.com\">officeboulognesud@gmail.com<\/a>.<br> Retrouvez \u00e9galement toutes les informations sur la page Facebook de l\u2019office : <a rel=\"noreferrer noopener\" href=\"http:\/\/facebook.com\/acjbbsud\" target=\"_blank\">facebook.com\/acjbbsud<\/a> et sur Twitter : <a rel=\"noreferrer noopener\" href=\"http:\/\/twitter.com\/acjbbsud\" target=\"_blank\">twitter.com\/acjbbsud<\/a>. <\/p>\n\n\n\n<hr class=\"wp-block-separator is-style-wide\"\/>\n\n\n\n<h3 class=\"wp-block-heading\"><strong><span style=\"text-decoration: underline;\">Mikv\u00e9 :<\/span><\/strong><\/h3>\n\n\n\n<p class=\"has-text-color has-vivid-red-color\">En raison de la crise sanitaire que nous traversons, les Mikv\u00e9 de Boulogne sont ferm\u00e9s.<br>Plus d&rsquo;informations sur le site de la <a rel=\"noreferrer noopener\" aria-label=\"Synagogue de Boulogne (s\u2019ouvre dans un nouvel onglet)\" href=\"https:\/\/synaboulogne.com\/2020\/03\/24\/coronavirus-fermeture-des-mikves-a-boulogne\/\" target=\"_blank\">Synagogue de Boulogne<\/a>.<\/p>\n\n\n\n<hr class=\"wp-block-separator is-style-wide\"\/>\n\n\n\n<h3 class=\"wp-block-heading\"><strong><span style=\"text-decoration: underline;\">Faire un don :<\/span><\/strong><\/h3>\n\n\n\n<p>Pour faire vivre et participer activement \u00e0 cet office, <a rel=\"noreferrer noopener\" href=\"http:\/\/www.acjbb-sud.org\/index.php\/faire-un-don\/\" target=\"_blank\">faites un don<\/a> par internet ou envoyez vos ch\u00e8ques au <strong>134 bis rue du Point du Jour<\/strong>. Toutes les participations sont bienvenues, <em>les petits ruisseaux faisant de grandes rivi\u00e8res<\/em>, nous parviendrons, tous ensemble, \u00e0 faire vivre l\u2019Office de Boulogne Sud.<br><br>Tizkou L\u00e9-Mitsvot !!!<\/p>\n\n\n\n<hr class=\"wp-block-separator is-style-wide\"\/>\n\n\n\n<h3 class=\"wp-block-heading\"><span style=\"text-decoration: underline;\"><strong>Dons pour le Centre Culturel de Boulogne Billancourt :<\/strong><\/span><\/h3>\n\n\n\n<p>Le nouveau Centre Culturel sera situ\u00e9 \u00e0 l\u2019angle des rues Marcel Dassault et d\u2019Anjou.<\/p>\n\n\n\n<p>Il comprendra notamment :<\/p>\n\n\n\n<ul class=\"wp-block-list\"><li>Une Synagogue<\/li><li>Le Centre Communautaire (CCIBB)<\/li><li>Une salle polyvalente<\/li><li>Une salle des f\u00eates<\/li><\/ul>\n\n\n\n<p>Vous avez une occasion unique d\u2019inscrire votre nom, celui de vos \nfamilles, celui de vos disparus, dans un projet qui marquera l\u2019avenir de\n la vie juive \u00e0 Boulogne-Billancourt.<\/p>\n\n\n\n<div class=\"wp-block-image\"><figure class=\"aligncenter is-resized\"><img loading=\"lazy\" decoding=\"async\" src=\"https:\/\/acjbb-sud.org\/wp-content\/uploads\/2018\/07\/Centre-Culturel-juif-Boulogne-Billancourt-Synagogue.jpg\" alt=\"\" width=\"616\" height=\"259\"\/><\/figure><\/div>\n\n\n\n<div class=\"wp-block-image\"><figure class=\"aligncenter is-resized\"><img loading=\"lazy\" decoding=\"async\" src=\"https:\/\/acjbb-sud.org\/wp-content\/uploads\/2018\/07\/Centre-Culturel-juif-Boulogne-Billancourt-Synagogue-2.jpg\" alt=\"\" width=\"664\" height=\"262\"\/><\/figure><\/div>\n\n\n\n<p>Devenez acteur du devenir de la vie  juive \u00e0 Boulogne en faisant un don pour la construction du Centre  Culturel de Boulogne. Vous pouvez d\u00e9cider de diriger votre don vers la  synagogue ACJBB ou vers le CCIBB, en nous l\u2019indiquant par message.<\/p>\n\n\n\n<p style=\"color:#2e2fd1\" class=\"has-text-color\"><strong><strong>Les travaux ont repris !!!<\/strong><\/strong><\/p>\n\n\n\n<p>Si vous avez des question, <a href=\"mailto:synamail@acjbb.com?subject=&quot;Question sur la construction du Centre culturel&quot;\">envoyez-nous un message<\/a> !<\/p>\n\n\n\n<p><a rel=\"noreferrer noopener\" href=\"https:\/\/www.helloasso.com\/associations\/acjbb-2\/collectes\/construction-du-centre-juif-de-boulogne\" target=\"_blank\">Je participe \u00e0 la collecte pour la construction<\/a>.<\/p>\n\n\n\n<hr class=\"wp-block-separator is-style-wide\"\/>\n\n\n\n<h3 class=\"wp-block-heading\"><strong><span style=\"text-decoration: underline;\">Le Ma&rsquo;han\u00e9 d&rsquo;\u00e9t\u00e9 du Bn\u00e9 : du 12 au 26 juillet 2020 :<\/span><\/strong><\/h3>\n\n\n\n<p>Le Bn\u00e9 Akiva, c\u2019est aussi en \u00e9t\u00e9 !<\/p>\n\n\n\n<p>Viens passer deux semaines de folies dans un cadre inoubliable !<\/p>\n\n\n\n<figure class=\"wp-block-image size-large is-resized\"><img loading=\"lazy\" decoding=\"async\" src=\"https:\/\/acjbb-sud.org\/wp-content\/uploads\/2020\/06\/Mahane-Bne-Akiva-France-Ete-2020.jpg\" alt=\"\" class=\"wp-image-3657\" width=\"705\" height=\"591\" srcset=\"https:\/\/acjbb-sud.org\/wp-content\/uploads\/2020\/06\/Mahane-Bne-Akiva-France-Ete-2020.jpg 940w, https:\/\/acjbb-sud.org\/wp-content\/uploads\/2020\/06\/Mahane-Bne-Akiva-France-Ete-2020-300x251.jpg 300w, https:\/\/acjbb-sud.org\/wp-content\/uploads\/2020\/06\/Mahane-Bne-Akiva-France-Ete-2020-768x644.jpg 768w\" sizes=\"auto, (max-width: 705px) 100vw, 705px\" \/><\/figure>\n\n\n\n<p><strong><span style=\"text-decoration: underline;\">Au programme :<\/span><\/strong> ambiance religieuse et isra\u00e9lienne, soir\u00e9es \u00e0 th\u00e8me, maccabiades, sorties, et de nombreuses surprises\u2026<\/p>\n\n\n\n<p>O\u00f9 ? Les Orres, Hautes Alpes.<\/p>\n\n\n\n<p>Quand ? Du 12 au 26 juillet.<\/p>\n\n\n\n<p>Pour qui ? Tous les enfants entre 8 et 15 ans.<\/p>\n\n\n\n<p>Combien ? 990 euros, prix d\u00e9gressif en fonction du nombre d\u2019enfants par familles.<\/p>\n\n\n\n<p>Tu es int\u00e9ress\u00e9 ? Le Mahan\u00e9 Kaytz 2020 t\u2019attend, et te promet une exp\u00e9rience unique et des souvenirs qui te resteront \u00e0 vie !<\/p>\n\n\n\n<p><strong><span style=\"text-decoration: underline;\">Informations &amp; R\u00e9servations :<\/span><\/strong><\/p>\n\n\n\n<p>Eliezer Borgenicht :<br>E-mail : <a href=\"mailto:eliezer@worldbneiakiva.org\" target=\"_blank\" rel=\"noreferrer noopener\">eliezer@worldbneiakiva.org<\/a><br>T\u00e9l\u00e9phone : 0177472740<br>WhatsApp : +972-54-8157476<\/p>\n\n\n\n<p>Elie Toledano<br>E-mail : <a href=\"mailto:eltoled@gmail.com\" target=\"_blank\" rel=\"noreferrer noopener\">eltoled@gmail.com<\/a><br>T\u00e9l\u00e9phone : 0177380041<br>WhatsApp : +972-54-700-7385<\/p>\n\n\n\n<p>Pour (pre)-inscriptions:<br><a href=\"https:\/\/l.facebook.com\/l.php?u=https%3A%2F%2Fbit.ly%2FBn%C3%A9Kayits%3Ffbclid%3DIwAR3BCBYyyD4OZGSbKt-l4uz_l_rYwpmGXFiysLA3OXq4WT6EyuIrVCQdXHE&amp;h=AT1HWe0BBSyoXfdsnZcEM3h2xMSbS-mMKF74BNrOnt5nl8usvc_Hd8bR4vSw1nW4SIR_xrpLjrJ3DbuOFM8p6s4gJpzfnhCICqbN1UJoDbJmaRPgM_OBboDn7QG7xRug8I7WpP-Sb95pGTbCPlXl0wkpINQomQlm_4qb26P5VVyfE6ZyEDfnQkAdnzg5V2a6BaQctRZAI40m6e5P472ZPdXsE-VILRhv9WshWdsWJvLGnmoIc4vknoAT8X7z0-zce4bAh66jLUW3Sm6544bf09lZn84LBbTpSXLWvFLtUQNic1lk_RxLdV3EmUHByPOdJKV_QLC0twU6YUKnnIkpA6pimMpYle7OKUTv7R6JpO13a1XzrCqgDuxVcBaz-9xBbBUl4fLLmrz2xvaCqVLJsQK7vNuUk68CB1ALrF2JqXGRBM9CHBO8TKSISJCkc4hEYOW5_JAeZ2VhgbOfTMSnvqbLGSYBgNQduq7lCT75LpaJtIEFfO7Z-O2Abbq0sROLRB0GnNvv-N14NXcpF0ewWpYYiX2pCeRJjRMdhCyuyp-YqaqXgonvCY9l0oXoSnUHEWvR8TjZDzAlqByFaq6MT__qXY7z43WSXCTaL26otW4lWXbi8WEx_rHhhpnc0piRALA\" target=\"_blank\" rel=\"noreferrer noopener\">https:\/\/bit.ly\/Bn\u00e9Kayits<\/a><\/p>\n\n\n\n<p>S\u00e9jour agr\u00e9\u00e9 par le Minist\u00e8re de la jeunesse et des sports.<\/p>\n\n\n\n<hr class=\"wp-block-separator is-style-wide\"\/>\n\n\n\n<h3 class=\"wp-block-heading\"><strong><span style=\"text-decoration: underline;\">Dvar Torah :<\/span><\/strong><\/h3>\n\n\n\n<p><em><strong>par le Rav Mika\u00ebl Mouyal<\/strong><\/em><br>T\u00e9l\u00e9chargez le Dvar Torah directement en PDF afin de l\u2019imprimer et le lire plus facilement :<br><a href=\"https:\/\/acjbb-sud.org\/wp-content\/uploads\/2020\/06\/ACJBB-Boulogne-Sud-Dvar-Torah-Sidra-Rav-Mouyal-Chelah-Lekha-5780.pdf\" target=\"_blank\" rel=\"noreferrer noopener\">Sidra Ch\u00e9la&rsquo;h L\u00e9kha<\/a>.<br><br>Retrouvez tous les commentaires et sidrots sur la Paracha par le Rav Mika\u00ebl Mouyal sur <a href=\"https:\/\/acjbb-sud.org\/index.php\/dvar-torah-sidra-rav-mouyal\/\" target=\"_blank\" rel=\"noreferrer noopener\">cette page<\/a>.<\/p>\n\n\n\n<p><strong><em>Le Dvar Torah en Vid\u00e9o du Rabbin Didier Kassabi :<\/em><\/strong><\/p>\n\n\n\n<figure class=\"wp-block-embed-youtube wp-block-embed is-type-video is-provider-youtube wp-embed-aspect-16-9 wp-has-aspect-ratio\"><div class=\"wp-block-embed__wrapper\">\n<iframe loading=\"lazy\" title=\"20200619 - Dvar Torah du Rabbin Didier Kassabi sur la Paracha Ch\u00e9la&#039;h L\u00e9kha\" width=\"720\" height=\"405\" src=\"https:\/\/www.youtube.com\/embed\/xoGFzkTQFso?feature=oembed\" frameborder=\"0\" allow=\"accelerometer; autoplay; clipboard-write; encrypted-media; gyroscope; picture-in-picture; web-share\" referrerpolicy=\"strict-origin-when-cross-origin\" allowfullscreen><\/iframe>\n<\/div><\/figure>\n\n\n\n<p><\/p>\n","protected":false},"excerpt":{"rendered":"<p>Paracha Ch\u00e9la&rsquo;h-L\u00e9&rsquo;ha \/ \u05e4\u05e8\u05e9\u05d4 \u05e9\u05dc\u05d7 \u05dc\u05daChabbat M\u00e9var\u00e9&rsquo;him \/ \u05e9\u05d1\u05ea \u05de\u05d1\u05e8\u05db\u05d9\u05dd19\/20 juin 2020 &#8211; 28 Sivan 5780 \/ \u05db\u2019\u05d7 \u05e1\u05d9\u05d5\u05df \u05d4-\u05ea\u05e9\u2019\u05e3D\u00e9but : 21h39 &#8211; Fin : 23h04 Les Horaires des offices : Vendredi soir :19h15 : Chir haChirim19h30 : Min&rsquo;ha19h45 : Kabbalat Chabbat et Arvit20h17 : Allumage des bougies et entr\u00e9e de Chabbat (heure maximum pour &hellip; <\/p>\n<p><a class=\"more-link btn\" href=\"https:\/\/acjbb-sud.org\/index.php\/2020\/06\/17\/paracha-chelah-leha-5780-chabbat-mevarehim\/\">Lire la suite<\/a><\/p>\n","protected":false},"author":1,"featured_media":2195,"comment_status":"open","ping_status":"open","sticky":false,"template":"","format":"standard","meta":{"jetpack_post_was_ever_published":false,"_jetpack_newsletter_access":"","_jetpack_dont_email_post_to_subs":false,"_jetpack_newsletter_tier_id":0,"_jetpack_memberships_contains_paywalled_content":false,"_jetpack_memberships_contains_paid_content":false,"footnotes":"","jetpack_publicize_message":"","jetpack_publicize_feature_enabled":true,"jetpack_social_post_already_shared":true,"jetpack_social_options":{"image_generator_settings":{"template":"highway","default_image_id":0,"font":"","enabled":false},"version":2}},"categories":[3],"tags":[],"class_list":["post-3654","post","type-post","status-publish","format-standard","has-post-thumbnail","hentry","category-chabbat","item-wrap"],"yoast_head":"<!-- This site is optimized with the Yoast SEO plugin v26.6 - https:\/\/yoast.com\/wordpress\/plugins\/seo\/ -->\n<title>Paracha Ch\u00e9la&#039;h-L\u00e9&#039;ha - Chabbat M\u00e9var\u00e9&#039;him - Synagogue ACJBB Boulogne Sud<\/title>\n<meta name=\"robots\" content=\"index, follow, max-snippet:-1, max-image-preview:large, max-video-preview:-1\" \/>\n<link rel=\"canonical\" href=\"https:\/\/acjbb-sud.org\/index.php\/2020\/06\/17\/paracha-chelah-leha-5780-chabbat-mevarehim\/\" \/>\n<meta property=\"og:locale\" content=\"fr_FR\" \/>\n<meta property=\"og:type\" content=\"article\" \/>\n<meta property=\"og:title\" content=\"Paracha Ch\u00e9la&#039;h-L\u00e9&#039;ha - Chabbat M\u00e9var\u00e9&#039;him - Synagogue ACJBB Boulogne Sud\" \/>\n<meta property=\"og:description\" content=\"Paracha Ch\u00e9la&rsquo;h-L\u00e9&rsquo;ha \/ \u05e4\u05e8\u05e9\u05d4 \u05e9\u05dc\u05d7 \u05dc\u05daChabbat M\u00e9var\u00e9&rsquo;him \/ \u05e9\u05d1\u05ea \u05de\u05d1\u05e8\u05db\u05d9\u05dd19\/20 juin 2020 &#8211; 28 Sivan 5780 \/ \u05db\u2019\u05d7 \u05e1\u05d9\u05d5\u05df \u05d4-\u05ea\u05e9\u2019\u05e3D\u00e9but : 21h39 &#8211; Fin : 23h04 Les Horaires des offices : Vendredi soir :19h15 : Chir haChirim19h30 : Min&rsquo;ha19h45 : Kabbalat Chabbat et Arvit20h17 : Allumage des bougies et entr\u00e9e de Chabbat (heure maximum pour &hellip; Lire la suite\" \/>\n<meta property=\"og:url\" content=\"https:\/\/acjbb-sud.org\/index.php\/2020\/06\/17\/paracha-chelah-leha-5780-chabbat-mevarehim\/\" \/>\n<meta property=\"og:site_name\" content=\"Synagogue ACJBB Boulogne Sud\" \/>\n<meta property=\"article:published_time\" content=\"2020-06-17T07:53:27+00:00\" \/>\n<meta property=\"article:modified_time\" content=\"2020-06-24T18:35:15+00:00\" \/>\n<meta property=\"og:image\" content=\"https:\/\/acjbb-sud.org\/wp-content\/uploads\/2018\/10\/ACJBB-Sud-Chabbat-halots-bougies-vin-600-logos-v2.jpg\" \/>\n\t<meta property=\"og:image:width\" content=\"615\" \/>\n\t<meta property=\"og:image:height\" content=\"433\" \/>\n\t<meta property=\"og:image:type\" content=\"image\/jpeg\" \/>\n<meta name=\"author\" content=\"AcjbbSud\" \/>\n<meta name=\"twitter:card\" content=\"summary_large_image\" \/>\n<meta name=\"twitter:label1\" content=\"\u00c9crit par\" \/>\n\t<meta name=\"twitter:data1\" content=\"AcjbbSud\" \/>\n\t<meta name=\"twitter:label2\" content=\"Dur\u00e9e de lecture estim\u00e9e\" \/>\n\t<meta name=\"twitter:data2\" content=\"4 minutes\" \/>\n<script type=\"application\/ld+json\" class=\"yoast-schema-graph\">{\"@context\":\"https:\/\/schema.org\",\"@graph\":[{\"@type\":\"WebPage\",\"@id\":\"https:\/\/acjbb-sud.org\/index.php\/2020\/06\/17\/paracha-chelah-leha-5780-chabbat-mevarehim\/\",\"url\":\"https:\/\/acjbb-sud.org\/index.php\/2020\/06\/17\/paracha-chelah-leha-5780-chabbat-mevarehim\/\",\"name\":\"Paracha Ch\u00e9la'h-L\u00e9'ha - Chabbat M\u00e9var\u00e9'him - Synagogue ACJBB Boulogne Sud\",\"isPartOf\":{\"@id\":\"https:\/\/acjbb-sud.org\/#website\"},\"primaryImageOfPage\":{\"@id\":\"https:\/\/acjbb-sud.org\/index.php\/2020\/06\/17\/paracha-chelah-leha-5780-chabbat-mevarehim\/#primaryimage\"},\"image\":{\"@id\":\"https:\/\/acjbb-sud.org\/index.php\/2020\/06\/17\/paracha-chelah-leha-5780-chabbat-mevarehim\/#primaryimage\"},\"thumbnailUrl\":\"https:\/\/acjbb-sud.org\/wp-content\/uploads\/2018\/10\/ACJBB-Sud-Chabbat-halots-bougies-vin-600-logos-v2.jpg\",\"datePublished\":\"2020-06-17T07:53:27+00:00\",\"dateModified\":\"2020-06-24T18:35:15+00:00\",\"author\":{\"@id\":\"https:\/\/acjbb-sud.org\/#\/schema\/person\/adc8f09fb72c9d0dc78509106dc5e9f0\"},\"breadcrumb\":{\"@id\":\"https:\/\/acjbb-sud.org\/index.php\/2020\/06\/17\/paracha-chelah-leha-5780-chabbat-mevarehim\/#breadcrumb\"},\"inLanguage\":\"fr-FR\",\"potentialAction\":[{\"@type\":\"ReadAction\",\"target\":[\"https:\/\/acjbb-sud.org\/index.php\/2020\/06\/17\/paracha-chelah-leha-5780-chabbat-mevarehim\/\"]}]},{\"@type\":\"ImageObject\",\"inLanguage\":\"fr-FR\",\"@id\":\"https:\/\/acjbb-sud.org\/index.php\/2020\/06\/17\/paracha-chelah-leha-5780-chabbat-mevarehim\/#primaryimage\",\"url\":\"https:\/\/acjbb-sud.org\/wp-content\/uploads\/2018\/10\/ACJBB-Sud-Chabbat-halots-bougies-vin-600-logos-v2.jpg\",\"contentUrl\":\"https:\/\/acjbb-sud.org\/wp-content\/uploads\/2018\/10\/ACJBB-Sud-Chabbat-halots-bougies-vin-600-logos-v2.jpg\",\"width\":615,\"height\":433},{\"@type\":\"BreadcrumbList\",\"@id\":\"https:\/\/acjbb-sud.org\/index.php\/2020\/06\/17\/paracha-chelah-leha-5780-chabbat-mevarehim\/#breadcrumb\",\"itemListElement\":[{\"@type\":\"ListItem\",\"position\":1,\"name\":\"Accueil\",\"item\":\"https:\/\/acjbb-sud.org\/\"},{\"@type\":\"ListItem\",\"position\":2,\"name\":\"Paracha Ch\u00e9la&rsquo;h-L\u00e9&rsquo;ha &#8211; Chabbat M\u00e9var\u00e9&rsquo;him\"}]},{\"@type\":\"WebSite\",\"@id\":\"https:\/\/acjbb-sud.org\/#website\",\"url\":\"https:\/\/acjbb-sud.org\/\",\"name\":\"Synagogue ACJBB Boulogne Sud\",\"description\":\"Synagogue \/ Association Communautaire Juive de Boulogne Billancourt (Sud)\",\"potentialAction\":[{\"@type\":\"SearchAction\",\"target\":{\"@type\":\"EntryPoint\",\"urlTemplate\":\"https:\/\/acjbb-sud.org\/?s={search_term_string}\"},\"query-input\":{\"@type\":\"PropertyValueSpecification\",\"valueRequired\":true,\"valueName\":\"search_term_string\"}}],\"inLanguage\":\"fr-FR\"},{\"@type\":\"Person\",\"@id\":\"https:\/\/acjbb-sud.org\/#\/schema\/person\/adc8f09fb72c9d0dc78509106dc5e9f0\",\"name\":\"AcjbbSud\",\"image\":{\"@type\":\"ImageObject\",\"inLanguage\":\"fr-FR\",\"@id\":\"https:\/\/acjbb-sud.org\/#\/schema\/person\/image\/\",\"url\":\"https:\/\/secure.gravatar.com\/avatar\/ea30fe7a8231c8c0bf30066f86006714af7be34ba414543eaab3e453b92901aa?s=96&d=mm&r=g\",\"contentUrl\":\"https:\/\/secure.gravatar.com\/avatar\/ea30fe7a8231c8c0bf30066f86006714af7be34ba414543eaab3e453b92901aa?s=96&d=mm&r=g\",\"caption\":\"AcjbbSud\"},\"url\":\"https:\/\/acjbb-sud.org\/index.php\/author\/acjbbsud\/\"}]}<\/script>\n<!-- \/ Yoast SEO plugin. -->","yoast_head_json":{"title":"Paracha Ch\u00e9la'h-L\u00e9'ha - Chabbat M\u00e9var\u00e9'him - Synagogue ACJBB Boulogne Sud","robots":{"index":"index","follow":"follow","max-snippet":"max-snippet:-1","max-image-preview":"max-image-preview:large","max-video-preview":"max-video-preview:-1"},"canonical":"https:\/\/acjbb-sud.org\/index.php\/2020\/06\/17\/paracha-chelah-leha-5780-chabbat-mevarehim\/","og_locale":"fr_FR","og_type":"article","og_title":"Paracha Ch\u00e9la'h-L\u00e9'ha - Chabbat M\u00e9var\u00e9'him - Synagogue ACJBB Boulogne Sud","og_description":"Paracha Ch\u00e9la&rsquo;h-L\u00e9&rsquo;ha \/ \u05e4\u05e8\u05e9\u05d4 \u05e9\u05dc\u05d7 \u05dc\u05daChabbat M\u00e9var\u00e9&rsquo;him \/ \u05e9\u05d1\u05ea \u05de\u05d1\u05e8\u05db\u05d9\u05dd19\/20 juin 2020 &#8211; 28 Sivan 5780 \/ \u05db\u2019\u05d7 \u05e1\u05d9\u05d5\u05df \u05d4-\u05ea\u05e9\u2019\u05e3D\u00e9but : 21h39 &#8211; Fin : 23h04 Les Horaires des offices : Vendredi soir :19h15 : Chir haChirim19h30 : Min&rsquo;ha19h45 : Kabbalat Chabbat et Arvit20h17 : Allumage des bougies et entr\u00e9e de Chabbat (heure maximum pour &hellip; Lire la suite","og_url":"https:\/\/acjbb-sud.org\/index.php\/2020\/06\/17\/paracha-chelah-leha-5780-chabbat-mevarehim\/","og_site_name":"Synagogue ACJBB Boulogne Sud","article_published_time":"2020-06-17T07:53:27+00:00","article_modified_time":"2020-06-24T18:35:15+00:00","og_image":[{"width":615,"height":433,"url":"https:\/\/acjbb-sud.org\/wp-content\/uploads\/2018\/10\/ACJBB-Sud-Chabbat-halots-bougies-vin-600-logos-v2.jpg","type":"image\/jpeg"}],"author":"AcjbbSud","twitter_card":"summary_large_image","twitter_misc":{"\u00c9crit par":"AcjbbSud","Dur\u00e9e de lecture estim\u00e9e":"4 minutes"},"schema":{"@context":"https:\/\/schema.org","@graph":[{"@type":"WebPage","@id":"https:\/\/acjbb-sud.org\/index.php\/2020\/06\/17\/paracha-chelah-leha-5780-chabbat-mevarehim\/","url":"https:\/\/acjbb-sud.org\/index.php\/2020\/06\/17\/paracha-chelah-leha-5780-chabbat-mevarehim\/","name":"Paracha Ch\u00e9la'h-L\u00e9'ha - Chabbat M\u00e9var\u00e9'him - Synagogue ACJBB Boulogne Sud","isPartOf":{"@id":"https:\/\/acjbb-sud.org\/#website"},"primaryImageOfPage":{"@id":"https:\/\/acjbb-sud.org\/index.php\/2020\/06\/17\/paracha-chelah-leha-5780-chabbat-mevarehim\/#primaryimage"},"image":{"@id":"https:\/\/acjbb-sud.org\/index.php\/2020\/06\/17\/paracha-chelah-leha-5780-chabbat-mevarehim\/#primaryimage"},"thumbnailUrl":"https:\/\/acjbb-sud.org\/wp-content\/uploads\/2018\/10\/ACJBB-Sud-Chabbat-halots-bougies-vin-600-logos-v2.jpg","datePublished":"2020-06-17T07:53:27+00:00","dateModified":"2020-06-24T18:35:15+00:00","author":{"@id":"https:\/\/acjbb-sud.org\/#\/schema\/person\/adc8f09fb72c9d0dc78509106dc5e9f0"},"breadcrumb":{"@id":"https:\/\/acjbb-sud.org\/index.php\/2020\/06\/17\/paracha-chelah-leha-5780-chabbat-mevarehim\/#breadcrumb"},"inLanguage":"fr-FR","potentialAction":[{"@type":"ReadAction","target":["https:\/\/acjbb-sud.org\/index.php\/2020\/06\/17\/paracha-chelah-leha-5780-chabbat-mevarehim\/"]}]},{"@type":"ImageObject","inLanguage":"fr-FR","@id":"https:\/\/acjbb-sud.org\/index.php\/2020\/06\/17\/paracha-chelah-leha-5780-chabbat-mevarehim\/#primaryimage","url":"https:\/\/acjbb-sud.org\/wp-content\/uploads\/2018\/10\/ACJBB-Sud-Chabbat-halots-bougies-vin-600-logos-v2.jpg","contentUrl":"https:\/\/acjbb-sud.org\/wp-content\/uploads\/2018\/10\/ACJBB-Sud-Chabbat-halots-bougies-vin-600-logos-v2.jpg","width":615,"height":433},{"@type":"BreadcrumbList","@id":"https:\/\/acjbb-sud.org\/index.php\/2020\/06\/17\/paracha-chelah-leha-5780-chabbat-mevarehim\/#breadcrumb","itemListElement":[{"@type":"ListItem","position":1,"name":"Accueil","item":"https:\/\/acjbb-sud.org\/"},{"@type":"ListItem","position":2,"name":"Paracha Ch\u00e9la&rsquo;h-L\u00e9&rsquo;ha &#8211; Chabbat M\u00e9var\u00e9&rsquo;him"}]},{"@type":"WebSite","@id":"https:\/\/acjbb-sud.org\/#website","url":"https:\/\/acjbb-sud.org\/","name":"Synagogue ACJBB Boulogne Sud","description":"Synagogue \/ Association Communautaire Juive de Boulogne Billancourt (Sud)","potentialAction":[{"@type":"SearchAction","target":{"@type":"EntryPoint","urlTemplate":"https:\/\/acjbb-sud.org\/?s={search_term_string}"},"query-input":{"@type":"PropertyValueSpecification","valueRequired":true,"valueName":"search_term_string"}}],"inLanguage":"fr-FR"},{"@type":"Person","@id":"https:\/\/acjbb-sud.org\/#\/schema\/person\/adc8f09fb72c9d0dc78509106dc5e9f0","name":"AcjbbSud","image":{"@type":"ImageObject","inLanguage":"fr-FR","@id":"https:\/\/acjbb-sud.org\/#\/schema\/person\/image\/","url":"https:\/\/secure.gravatar.com\/avatar\/ea30fe7a8231c8c0bf30066f86006714af7be34ba414543eaab3e453b92901aa?s=96&d=mm&r=g","contentUrl":"https:\/\/secure.gravatar.com\/avatar\/ea30fe7a8231c8c0bf30066f86006714af7be34ba414543eaab3e453b92901aa?s=96&d=mm&r=g","caption":"AcjbbSud"},"url":"https:\/\/acjbb-sud.org\/index.php\/author\/acjbbsud\/"}]}},"jetpack_publicize_connections":[],"jetpack_featured_media_url":"https:\/\/acjbb-sud.org\/wp-content\/uploads\/2018\/10\/ACJBB-Sud-Chabbat-halots-bougies-vin-600-logos-v2.jpg","jetpack_sharing_enabled":true,"jetpack_shortlink":"https:\/\/wp.me\/p7sjOI-WW","jetpack_likes_enabled":true,"_links":{"self":[{"href":"https:\/\/acjbb-sud.org\/index.php\/wp-json\/wp\/v2\/posts\/3654","targetHints":{"allow":["GET"]}}],"collection":[{"href":"https:\/\/acjbb-sud.org\/index.php\/wp-json\/wp\/v2\/posts"}],"about":[{"href":"https:\/\/acjbb-sud.org\/index.php\/wp-json\/wp\/v2\/types\/post"}],"author":[{"embeddable":true,"href":"https:\/\/acjbb-sud.org\/index.php\/wp-json\/wp\/v2\/users\/1"}],"replies":[{"embeddable":true,"href":"https:\/\/acjbb-sud.org\/index.php\/wp-json\/wp\/v2\/comments?post=3654"}],"version-history":[{"count":7,"href":"https:\/\/acjbb-sud.org\/index.php\/wp-json\/wp\/v2\/posts\/3654\/revisions"}],"predecessor-version":[{"id":3667,"href":"https:\/\/acjbb-sud.org\/index.php\/wp-json\/wp\/v2\/posts\/3654\/revisions\/3667"}],"wp:featuredmedia":[{"embeddable":true,"href":"https:\/\/acjbb-sud.org\/index.php\/wp-json\/wp\/v2\/media\/2195"}],"wp:attachment":[{"href":"https:\/\/acjbb-sud.org\/index.php\/wp-json\/wp\/v2\/media?parent=3654"}],"wp:term":[{"taxonomy":"category","embeddable":true,"href":"https:\/\/acjbb-sud.org\/index.php\/wp-json\/wp\/v2\/categories?post=3654"},{"taxonomy":"post_tag","embeddable":true,"href":"https:\/\/acjbb-sud.org\/index.php\/wp-json\/wp\/v2\/tags?post=3654"}],"curies":[{"name":"wp","href":"https:\/\/api.w.org\/{rel}","templated":true}]}}