{"id":3693,"date":"2020-07-14T21:37:51","date_gmt":"2020-07-14T19:37:51","guid":{"rendered":"https:\/\/acjbb-sud.org\/?p=3693"},"modified":"2020-07-16T21:26:32","modified_gmt":"2020-07-16T19:26:32","slug":"paracha-mattot-masse-5780-chabbat-mevarehim","status":"publish","type":"post","link":"https:\/\/acjbb-sud.org\/index.php\/2020\/07\/14\/paracha-mattot-masse-5780-chabbat-mevarehim\/","title":{"rendered":"Paracha Mattot-Mass\u00e9 &#8211; Chabbat M\u00e9var\u00e9&rsquo;him"},"content":{"rendered":"\n<h3 class=\"has-text-align-center wp-block-heading\"><strong>Paracha Mattot-Mass\u00e9 <strong>\/<\/strong> \u05e4\u05e8\u05e9\u05d4 \u05de\u05d8\u05d5\u05ea &#8211; \u05de\u05e1\u05e2\u05d9<\/strong><br><strong>Chabbat M\u00e9var\u00e9&rsquo;him \/ \u05e9\u05d1\u05ea \u05de\u05d1\u05e8\u05db\u05d9\u05dd<\/strong><br><strong>17\/18 juillet 2020 &#8211; 26 Tamouz 5780 \/ <strong>\u05db\u2019\u05d5<\/strong> <strong>\u05ea\u05de\u05d5\u05d6<\/strong> \u05d4-\u05ea\u05e9\u2019\u05e3<\/strong><br><em><strong><em><strong>D\u00e9but : 21h29 &#8211; Fin : 22h48<\/strong><\/em><\/strong><\/em><\/h3>\n\n\n\n<div class=\"wp-block-image\"><figure class=\"aligncenter size-large\"><img loading=\"lazy\" decoding=\"async\" width=\"615\" height=\"433\" src=\"https:\/\/acjbb-sud.org\/wp-content\/uploads\/2018\/10\/ACJBB-Sud-Chabbat-halots-bougies-vin-600-logos-v2.jpg\" alt=\"\" class=\"wp-image-2195\" srcset=\"https:\/\/acjbb-sud.org\/wp-content\/uploads\/2018\/10\/ACJBB-Sud-Chabbat-halots-bougies-vin-600-logos-v2.jpg 615w, https:\/\/acjbb-sud.org\/wp-content\/uploads\/2018\/10\/ACJBB-Sud-Chabbat-halots-bougies-vin-600-logos-v2-300x211.jpg 300w\" sizes=\"auto, (max-width: 615px) 100vw, 615px\" \/><\/figure><\/div>\n\n\n\n<h3 class=\"wp-block-heading\"><strong><span style=\"text-decoration: underline;\">Les Horaires des offices :<\/span><\/strong><\/h3>\n\n\n\n<p><em><strong>Vendredi soir :<\/strong><\/em><br><strong>19h15<\/strong> : Chir haChirim<br><strong>19h30 :<\/strong> Min&rsquo;ha<br><strong>19h45 :<\/strong> Kabbalat Chabbat et Arvit<br><strong>20h15<\/strong> : Allumage des bougies et entr\u00e9e de Chabbat (heure maximum pour l\u2019allumage : <strong>21h29<\/strong>)<\/p>\n\n\n\n<p><strong><em>Samedi matin :<\/em><\/strong><br><strong>09h00<\/strong> : Cha\u2019harit <br>(<em><strong>Attention, premi\u00e8re heure de fin du Ch\u00e9ma 08h51, deuxi\u00e8me heure 10h02. Il est donc conseill\u00e9 de r\u00e9citer le Ch\u00e9ma avant de commencer \u00e0 prier<\/strong><\/em>)<\/p>\n\n\n\n<p><strong>Attention<\/strong>, cette semaine, nous augmentons le nombre de places ACJBB-Sud, mais un seul office !! <strong>Nous vous rappelons que seules les personnes inscrites pourront acc\u00e9der aux offices, dans la limite des places disponibles !<\/strong><\/p>\n\n\n\n<p><em><strong>Samedi apr\u00e8s-midi :<\/strong><\/em><br><strong>20h15<\/strong> : Cours mixte sur le livre \u00ab Al\u00e9 Chour \u00bb du Rav Wolbe par le <strong>Rabbin Mickael MOUYAL<\/strong><br><strong>20h45<\/strong> : T\u00e9hilim \u2013 Lecture des T\u00e9hilim \u2013 Alpha\/Beta<br><strong>21h00<\/strong> : Min\u2019ha (pas de S\u00e9ouda Chelichit. Faire la S\u00e9ouda \u00e0 la maison avant de venir pour Min&rsquo;ha), suivi d&rsquo;un cours sur la Paracha par le <strong>Rabbin Mickael MOUYAL<\/strong><br><strong>21h46<\/strong> : Shquiya \/ \u05e9\u05e7\u05e2\u05ea \u05d4\u05d7\u05de\u05d4<\/p>\n\n\n\n<p><strong><em>Samedi soir :<\/em><\/strong><br> <strong>22h48<\/strong> : Fin de Chabbat, Arvit et Havdala<\/p>\n\n\n\n<p><strong><em>Dimanche :<\/em> <\/strong><br> <strong>08h00<\/strong> : Cha\u2019harit <\/p>\n\n\n\n<p><strong><em>du Lundi au Vendredi :<\/em><\/strong><br> <strong>07h00<\/strong> : Cha\u2019harit<\/p>\n\n\n\n<p><strong>Chabbat Chalom !<\/strong><\/p>\n\n\n\n<!--more-->\n\n\n\n<hr class=\"wp-block-separator is-style-wide\"\/>\n\n\n\n<h3 class=\"wp-block-heading\"><span style=\"text-decoration: underline;\">Roch &lsquo;Hodech Av :<\/span><\/h3>\n\n\n\n<p>Roch \u2018Hodech Av aura lieu mercredi 22 juillet 2020 (\u00e0 partir de mardi 21 juillet au soir).<\/p>\n\n\n\n<hr class=\"wp-block-separator is-style-wide\"\/>\n\n\n\n<h3 class=\"wp-block-heading\"><span style=\"text-decoration: underline;\">Carnet de familles :<\/span><\/h3>\n\n\n\n<p><strong>Bar Mitsvah :<\/strong><br>Toutes nos f\u00e9licitations \u00e0 \u00a0<strong>Liam <strong>\u05de\u05d0\u05d9\u05e8 \u05d1\u05e0\u05d9\u05de\u05d9\u05df<\/strong> BENSIMON<\/strong> \u00e0 l\u2019occasion de sa Bar-mitsva. Nous adressons un grand Mazal Tov \u00e0 <strong>Liam<\/strong> ainsi qu&rsquo;\u00e0 ses parents nos amis Caroline et David BENSIMON, \u00e0 sa s\u0153ur Shani &amp; \u00e0 son fr\u00e8re Elie, ainsi qu&rsquo;\u00e0 toute la famille BENSIMON.<br><strong>\u05de\u05d6\u05dc \u05d8\u05d5\u05d1<\/strong><\/p>\n\n\n\n<hr class=\"wp-block-separator is-style-wide\"\/>\n\n\n\n<h3 class=\"wp-block-heading\"><span style=\"text-decoration: underline;\">Ben haM\u00e9tsarim \u2013 Les 3 semaines du 17 Tamouz au 9 Av :<\/span><\/h3>\n\n\n\n<p>Nos Sages ont institu\u00e9 de s\u2019endeuiller chaque ann\u00e9e depuis le 17 Tamouz jusqu\u2019au 9 Av (<strong>du jeudi 9 juillet 2020 au jeudi 30 juillet 2020<\/strong>). Nous comm\u00e9morons la perte du Beth-Hamikdach. C\u2019est un 17 Tamouz que les romains enfonc\u00e8rent la muraille d\u2019enceinte de la ville avant que, le 9 Av, le Temple ne fut d\u00e9truit.<\/p>\n\n\n\n<p>L\u2019\u00e9quipe <a href=\"http:\/\/www.torah-box.com\/vie-juive\/fetes\/jeune-17-tamouz\/fiche-pratique-des-interdits-pendant-les-3-semaines_2200.html\" target=\"_blank\" rel=\"noreferrer noopener\">Torah-Box<\/a> vous offre une fiche-pratique r\u00e9capitulant les principales interdictions et permissions pendant ces 3 semaines, afin de respecter cette p\u00e9riode de deuil dont l\u2019intensit\u00e9 augmente graduellement chaque semaine.<\/p>\n\n\n\n<figure class=\"wp-block-image size-large\"><img loading=\"lazy\" decoding=\"async\" width=\"724\" height=\"1024\" src=\"https:\/\/acjbb-sud.org\/wp-content\/uploads\/2017\/07\/permis-interdit-pendant-les-3-semaines-1360-1-724x1024.jpg\" alt=\"\" class=\"wp-image-833\" srcset=\"https:\/\/acjbb-sud.org\/wp-content\/uploads\/2017\/07\/permis-interdit-pendant-les-3-semaines-1360-1-724x1024.jpg 724w, https:\/\/acjbb-sud.org\/wp-content\/uploads\/2017\/07\/permis-interdit-pendant-les-3-semaines-1360-1-212x300.jpg 212w, https:\/\/acjbb-sud.org\/wp-content\/uploads\/2017\/07\/permis-interdit-pendant-les-3-semaines-1360-1-768x1086.jpg 768w, https:\/\/acjbb-sud.org\/wp-content\/uploads\/2017\/07\/permis-interdit-pendant-les-3-semaines-1360-1.jpg 1060w\" sizes=\"auto, (max-width: 724px) 100vw, 724px\" \/><\/figure>\n\n\n\n<hr class=\"wp-block-separator is-style-wide\"\/>\n\n\n\n<h3 class=\"wp-block-heading\"><span style=\"text-decoration: underline;\">Reprise des offices :<\/span><\/h3>\n\n\n\n<p>Nous avons repris les offices dans le respect stricte des conditions de distanciation physique, d&rsquo;utilisation de gel hydro-alcoolique, etc..<br>Nous afficherons et expliquerons les comportements \u00e0 respecter dans la synagogue, \u00e0 savoir :<br>&#8211; rester \u00e0 sa place pendant toute la dur\u00e9e de la t\u00e9fila, sans se d\u00e9placer pour la sortie et l&rsquo;entr\u00e9e de la Tora, ni pour le Kaddish.<br>&#8211; respecter la distanciation<br>&#8211; port de masques obligatoire \u00e0 l&rsquo;int\u00e9rieur et pendant toute la dur\u00e9e de l&rsquo;office<br>&#8211; aucune nourriture ne pourra \u00eatre consomm\u00e9e ou distribu\u00e9e dans l&rsquo;enceinte de la synagogue<br>&#8211; etc&#8230;<br>Voir le <a class=\"aioseop-link\" rel=\"noreferrer noopener\" href=\"https:\/\/synaboulogne.us12.list-manage.com\/track\/click?u=f13343cbc4710ddbadcdef23f&amp;id=f4c6e1bc88&amp;e=744d346afc\" target=\"_blank\"><strong>guide du consistoire pour la r\u00e9ouverture des synagogue<\/strong><\/a><strong><a class=\"aioseop-link\" rel=\"noreferrer noopener\" href=\"https:\/\/synaboulogne.us12.list-manage.com\/track\/click?u=f13343cbc4710ddbadcdef23f&amp;id=f4c6e1bc88&amp;e=744d346afc\" target=\"_blank\">s<\/a><\/strong><br><br><strong>L&rsquo;inscription est obligatoire. Seules les personnes dont l&rsquo;inscription aura \u00e9t\u00e9 valid\u00e9e seront admises. Aucune exception ne pourra \u00eatre consid\u00e9r\u00e9e.<\/strong><br><br><a href=\"https:\/\/www.helloasso.com\/associations\/acjbb-2\/evenements\/reservation-pour-les-offices-de-chabbat-pin-has-10-11-juillet-2020-2\" target=\"_blank\" rel=\"noreferrer noopener\">Je m&rsquo;inscris pour le Chabbat Mattot-Mass\u00e9<\/a>.<\/p>\n\n\n\n<hr class=\"wp-block-separator is-style-wide\"\/>\n\n\n\n<h3 class=\"wp-block-heading\"><span style=\"text-decoration: underline;\">Horaires des offices de la semaine \u00e0 la Synagogue :<\/span><\/h3>\n\n\n\n<p>43 rue des abondances<\/p>\n\n\n\n<p><strong><em>Dimanche et jours f\u00e9ri\u00e9s :<\/em> <\/strong><br> <strong>08h00<\/strong> : Cha\u2019harit <br> <strong>20h00<\/strong> : Min\u2019ha suivi de Arvit<\/p>\n\n\n\n<p><strong><em>du Lundi au Vendredi :<\/em><\/strong><br> <strong>07h00<\/strong> : Cha\u2019harit<br> <strong>20h00<\/strong> : Min\u2019ha suivi de Arvit (sauf vendredi soir)<\/p>\n\n\n\n<hr class=\"wp-block-separator is-style-wide\"\/>\n\n\n\n<h3 class=\"wp-block-heading\">Journ\u00e9e Nationale \u00e0 la M\u00e9moire des Victimes\u00a0de crimes racistes et antis\u00e9mites de l\u2019\u00c9tat Fran\u00e7ais :<\/h3>\n\n\n\n<p><span class=\"has-inline-color has-vivid-cyan-blue-color\"><strong>Dimanche 19 juillet<\/strong>, Journ\u00e9e Nationale \u00e0 la M\u00e9moire des Victimes\u00a0de crimes racistes et antis\u00e9mites de l\u2019\u00c9tat Fran\u00e7ais,\u00a0et d\u2019Hommage aux \u00ab Justes \u00bb de France.<\/span><\/p>\n\n\n\n<div class=\"wp-block-image\"><figure class=\"aligncenter size-large\"><img loading=\"lazy\" decoding=\"async\" width=\"683\" height=\"1024\" src=\"https:\/\/acjbb-sud.org\/wp-content\/uploads\/2020\/07\/ceremonie-hommage-victimes-crimes-racistes-antisemites-2020-683x1024.jpg\" alt=\"\" class=\"wp-image-3704\" srcset=\"https:\/\/acjbb-sud.org\/wp-content\/uploads\/2020\/07\/ceremonie-hommage-victimes-crimes-racistes-antisemites-2020-683x1024.jpg 683w, https:\/\/acjbb-sud.org\/wp-content\/uploads\/2020\/07\/ceremonie-hommage-victimes-crimes-racistes-antisemites-2020-200x300.jpg 200w, https:\/\/acjbb-sud.org\/wp-content\/uploads\/2020\/07\/ceremonie-hommage-victimes-crimes-racistes-antisemites-2020-768x1152.jpg 768w, https:\/\/acjbb-sud.org\/wp-content\/uploads\/2020\/07\/ceremonie-hommage-victimes-crimes-racistes-antisemites-2020-1024x1536.jpg 1024w, https:\/\/acjbb-sud.org\/wp-content\/uploads\/2020\/07\/ceremonie-hommage-victimes-crimes-racistes-antisemites-2020-1365x2048.jpg 1365w, https:\/\/acjbb-sud.org\/wp-content\/uploads\/2020\/07\/ceremonie-hommage-victimes-crimes-racistes-antisemites-2020.jpg 1511w\" sizes=\"auto, (max-width: 683px) 100vw, 683px\" \/><\/figure><\/div>\n\n\n\n<p>La 78e c\u00e9r\u00e9monie d\u00e9partementale aura lieu\u00a0<strong>dimanche 19 juillet 2020 \u00e0 15h00<\/strong> pr\u00e9cises\u00a0au M\u00e9morial de la D\u00e9portation des Juifs des Hauts-de-Seine 1940-1944,\u00a0Parc d\u00e9partemental de Sceaux, \u00ab Pupitre des \u00c9toiles \u00bb<br><br>Le Maire de Boulogne Pierre-Christophe Baguet et la municipalit\u00e9 mettent un car \u00e0 la disposition des Boulonnais qui souhaitent se rendre \u00e0 la C\u00e9r\u00e9monie, <strong>d\u00e9part dimanche \u00e0 14h devant le parvis de la Mairie<\/strong>, 28 rue Andr\u00e9 Morizet.<\/p>\n\n\n\n<hr class=\"wp-block-separator is-style-wide\"\/>\n\n\n\n<h3 class=\"wp-block-heading\"><span style=\"text-decoration: underline;\">Information ACJBB Boulogne Sud :<\/span><\/h3>\n\n\n\n<p> Retrouvez toutes les informations de l\u2019office sur : <a rel=\"noreferrer noopener\" href=\"http:\/\/www.acjbb-sud.org\" target=\"_blank\">www.acjbb-sud.org<\/a>.<br> Si vous souhaitez recevoir par mail la newsletter de l\u2019office, inscrivez-vous en nous envoyant un mail \u00e0 <a href=\"mailto:officeboulognesud@gmail.com\">officeboulognesud@gmail.com<\/a>.<br> Retrouvez \u00e9galement toutes les informations sur la page Facebook de l\u2019office : <a rel=\"noreferrer noopener\" href=\"http:\/\/facebook.com\/acjbbsud\" target=\"_blank\">facebook.com\/acjbbsud<\/a> et sur Twitter : <a rel=\"noreferrer noopener\" href=\"http:\/\/twitter.com\/acjbbsud\" target=\"_blank\">twitter.com\/acjbbsud<\/a>. <\/p>\n\n\n\n<hr class=\"wp-block-separator is-style-wide\"\/>\n\n\n\n<h3 class=\"wp-block-heading\"><span style=\"text-decoration: underline;\">Mikv\u00e9 :<\/span><\/h3>\n\n\n\n<p class=\"has-text-color has-vivid-red-color\">En raison de la crise sanitaire que nous traversons, les Mikv\u00e9 de Boulogne sont ferm\u00e9s.<br>Plus d&rsquo;informations sur le site de la <a rel=\"noreferrer noopener\" aria-label=\"Synagogue de Boulogne (s\u2019ouvre dans un nouvel onglet)\" href=\"https:\/\/synaboulogne.com\/2020\/03\/24\/coronavirus-fermeture-des-mikves-a-boulogne\/\" target=\"_blank\">Synagogue de Boulogne<\/a>.<\/p>\n\n\n\n<hr class=\"wp-block-separator is-style-wide\"\/>\n\n\n\n<h3 class=\"wp-block-heading\"><span style=\"text-decoration: underline;\">Faire un don :<\/span><\/h3>\n\n\n\n<p>Pour faire vivre et participer activement \u00e0 cet office, <a rel=\"noreferrer noopener\" href=\"http:\/\/www.acjbb-sud.org\/index.php\/faire-un-don\/\" target=\"_blank\">faites un don<\/a> par internet ou envoyez vos ch\u00e8ques au <strong>134 bis rue du Point du Jour<\/strong>. Toutes les participations sont bienvenues, <em>les petits ruisseaux faisant de grandes rivi\u00e8res<\/em>, nous parviendrons, tous ensemble, \u00e0 faire vivre l\u2019Office de Boulogne Sud.<br><br>Tizkou L\u00e9-Mitsvot !!!<\/p>\n\n\n\n<hr class=\"wp-block-separator is-style-wide\"\/>\n\n\n\n<h3 class=\"wp-block-heading\"><span style=\"text-decoration: underline;\">Dons pour le Centre Culturel de Boulogne Billancourt :<\/span><\/h3>\n\n\n\n<p>Le nouveau Centre Culturel sera situ\u00e9 \u00e0 l\u2019angle des rues Marcel Dassault et d\u2019Anjou.<\/p>\n\n\n\n<p>Il comprendra notamment :<\/p>\n\n\n\n<ul class=\"wp-block-list\"><li>Une Synagogue<\/li><li>Le Centre Communautaire (CCIBB)<\/li><li>Une salle polyvalente<\/li><li>Une salle des f\u00eates<\/li><\/ul>\n\n\n\n<p>Vous avez une occasion unique d\u2019inscrire votre nom, celui de vos \nfamilles, celui de vos disparus, dans un projet qui marquera l\u2019avenir de\n la vie juive \u00e0 Boulogne-Billancourt.<\/p>\n\n\n\n<div class=\"wp-block-image\"><figure class=\"aligncenter is-resized\"><img loading=\"lazy\" decoding=\"async\" src=\"https:\/\/acjbb-sud.org\/wp-content\/uploads\/2018\/07\/Centre-Culturel-juif-Boulogne-Billancourt-Synagogue.jpg\" alt=\"\" width=\"616\" height=\"259\"\/><\/figure><\/div>\n\n\n\n<div class=\"wp-block-image\"><figure class=\"aligncenter is-resized\"><img loading=\"lazy\" decoding=\"async\" src=\"https:\/\/acjbb-sud.org\/wp-content\/uploads\/2018\/07\/Centre-Culturel-juif-Boulogne-Billancourt-Synagogue-2.jpg\" alt=\"\" width=\"664\" height=\"262\"\/><\/figure><\/div>\n\n\n\n<p>Devenez acteur du devenir de la vie  juive \u00e0 Boulogne en faisant un don pour la construction du Centre  Culturel de Boulogne. Vous pouvez d\u00e9cider de diriger votre don vers la  synagogue ACJBB ou vers le CCIBB, en nous l\u2019indiquant par message.<\/p>\n\n\n\n<p style=\"color:#2e2fd1\" class=\"has-text-color\"><strong><strong>Les travaux avancent !!!<\/strong><\/strong><\/p>\n\n\n\n<p>Si vous avez des question, <a href=\"mailto:synamail@acjbb.com?subject=&quot;Question sur la construction du Centre culturel&quot;\">envoyez-nous un message<\/a> !<\/p>\n\n\n\n<p><a rel=\"noreferrer noopener\" href=\"https:\/\/www.helloasso.com\/associations\/acjbb-2\/collectes\/construction-du-centre-juif-de-boulogne\" target=\"_blank\">Je participe \u00e0 la collecte pour la construction<\/a>.<\/p>\n\n\n\n<hr class=\"wp-block-separator is-style-wide\"\/>\n\n\n\n<h3 class=\"wp-block-heading\"><span style=\"text-decoration: underline;\">Dvar Torah :<\/span><\/h3>\n\n\n\n<p><em><strong>par le Rav Mika\u00ebl Mouyal<\/strong><\/em><br>T\u00e9l\u00e9chargez le Dvar Torah directement en PDF afin de l\u2019imprimer et le lire plus facilement :<br><a href=\"https:\/\/acjbb-sud.org\/wp-content\/uploads\/2020\/07\/ACJBB-Boulogne-Sud-Dvar-Torah-Sidra-Rav-Mouyal-Matot-Masse-5780.pdf\" target=\"_blank\" rel=\"noreferrer noopener\">Sidra Mattot-Mass\u00e9<\/a>.<br><br>Retrouvez tous les commentaires et sidrots sur la Paracha par le Rav Mika\u00ebl Mouyal sur <a href=\"https:\/\/acjbb-sud.org\/index.php\/dvar-torah-sidra-rav-mouyal\/\" target=\"_blank\" rel=\"noreferrer noopener\">cette page<\/a>.<\/p>\n","protected":false},"excerpt":{"rendered":"<p>Paracha Mattot-Mass\u00e9 \/ \u05e4\u05e8\u05e9\u05d4 \u05de\u05d8\u05d5\u05ea &#8211; \u05de\u05e1\u05e2\u05d9Chabbat M\u00e9var\u00e9&rsquo;him \/ \u05e9\u05d1\u05ea \u05de\u05d1\u05e8\u05db\u05d9\u05dd17\/18 juillet 2020 &#8211; 26 Tamouz 5780 \/ \u05db\u2019\u05d5 \u05ea\u05de\u05d5\u05d6 \u05d4-\u05ea\u05e9\u2019\u05e3D\u00e9but : 21h29 &#8211; Fin : 22h48 Les Horaires des offices : Vendredi soir :19h15 : Chir haChirim19h30 : Min&rsquo;ha19h45 : Kabbalat Chabbat et Arvit20h15 : Allumage des bougies et entr\u00e9e de Chabbat (heure maximum &hellip; <\/p>\n<p><a class=\"more-link btn\" href=\"https:\/\/acjbb-sud.org\/index.php\/2020\/07\/14\/paracha-mattot-masse-5780-chabbat-mevarehim\/\">Lire la suite<\/a><\/p>\n","protected":false},"author":1,"featured_media":2195,"comment_status":"open","ping_status":"open","sticky":false,"template":"","format":"standard","meta":{"jetpack_post_was_ever_published":false,"_jetpack_newsletter_access":"","_jetpack_dont_email_post_to_subs":false,"_jetpack_newsletter_tier_id":0,"_jetpack_memberships_contains_paywalled_content":false,"_jetpack_memberships_contains_paid_content":false,"footnotes":"","jetpack_publicize_message":"","jetpack_publicize_feature_enabled":true,"jetpack_social_post_already_shared":true,"jetpack_social_options":{"image_generator_settings":{"template":"highway","default_image_id":0,"font":"","enabled":false},"version":2}},"categories":[3,5],"tags":[],"class_list":["post-3693","post","type-post","status-publish","format-standard","has-post-thumbnail","hentry","category-chabbat","category-chabbat-mevarehim","item-wrap"],"yoast_head":"<!-- This site is optimized with the Yoast SEO plugin v26.6 - https:\/\/yoast.com\/wordpress\/plugins\/seo\/ -->\n<title>Paracha Mattot-Mass\u00e9 - Chabbat M\u00e9var\u00e9&#039;him - Synagogue ACJBB Boulogne Sud<\/title>\n<meta name=\"robots\" content=\"index, follow, max-snippet:-1, max-image-preview:large, max-video-preview:-1\" \/>\n<link rel=\"canonical\" href=\"https:\/\/acjbb-sud.org\/index.php\/2020\/07\/14\/paracha-mattot-masse-5780-chabbat-mevarehim\/\" \/>\n<meta property=\"og:locale\" content=\"fr_FR\" \/>\n<meta property=\"og:type\" content=\"article\" \/>\n<meta property=\"og:title\" content=\"Paracha Mattot-Mass\u00e9 - Chabbat M\u00e9var\u00e9&#039;him - Synagogue ACJBB Boulogne Sud\" \/>\n<meta property=\"og:description\" content=\"Paracha Mattot-Mass\u00e9 \/ \u05e4\u05e8\u05e9\u05d4 \u05de\u05d8\u05d5\u05ea &#8211; \u05de\u05e1\u05e2\u05d9Chabbat M\u00e9var\u00e9&rsquo;him \/ \u05e9\u05d1\u05ea \u05de\u05d1\u05e8\u05db\u05d9\u05dd17\/18 juillet 2020 &#8211; 26 Tamouz 5780 \/ \u05db\u2019\u05d5 \u05ea\u05de\u05d5\u05d6 \u05d4-\u05ea\u05e9\u2019\u05e3D\u00e9but : 21h29 &#8211; Fin : 22h48 Les Horaires des offices : Vendredi soir :19h15 : Chir haChirim19h30 : Min&rsquo;ha19h45 : Kabbalat Chabbat et Arvit20h15 : Allumage des bougies et entr\u00e9e de Chabbat (heure maximum &hellip; Lire la suite\" \/>\n<meta property=\"og:url\" content=\"https:\/\/acjbb-sud.org\/index.php\/2020\/07\/14\/paracha-mattot-masse-5780-chabbat-mevarehim\/\" \/>\n<meta property=\"og:site_name\" content=\"Synagogue ACJBB Boulogne Sud\" \/>\n<meta property=\"article:published_time\" content=\"2020-07-14T19:37:51+00:00\" \/>\n<meta property=\"article:modified_time\" content=\"2020-07-16T19:26:32+00:00\" \/>\n<meta property=\"og:image\" content=\"https:\/\/acjbb-sud.org\/wp-content\/uploads\/2018\/10\/ACJBB-Sud-Chabbat-halots-bougies-vin-600-logos-v2.jpg\" \/>\n\t<meta property=\"og:image:width\" content=\"615\" \/>\n\t<meta property=\"og:image:height\" content=\"433\" \/>\n\t<meta property=\"og:image:type\" content=\"image\/jpeg\" \/>\n<meta name=\"author\" content=\"AcjbbSud\" \/>\n<meta name=\"twitter:card\" content=\"summary_large_image\" \/>\n<meta name=\"twitter:label1\" content=\"\u00c9crit par\" \/>\n\t<meta name=\"twitter:data1\" content=\"AcjbbSud\" \/>\n\t<meta name=\"twitter:label2\" content=\"Dur\u00e9e de lecture estim\u00e9e\" \/>\n\t<meta name=\"twitter:data2\" content=\"5 minutes\" \/>\n<script type=\"application\/ld+json\" class=\"yoast-schema-graph\">{\"@context\":\"https:\/\/schema.org\",\"@graph\":[{\"@type\":\"WebPage\",\"@id\":\"https:\/\/acjbb-sud.org\/index.php\/2020\/07\/14\/paracha-mattot-masse-5780-chabbat-mevarehim\/\",\"url\":\"https:\/\/acjbb-sud.org\/index.php\/2020\/07\/14\/paracha-mattot-masse-5780-chabbat-mevarehim\/\",\"name\":\"Paracha Mattot-Mass\u00e9 - Chabbat M\u00e9var\u00e9'him - Synagogue ACJBB Boulogne Sud\",\"isPartOf\":{\"@id\":\"https:\/\/acjbb-sud.org\/#website\"},\"primaryImageOfPage\":{\"@id\":\"https:\/\/acjbb-sud.org\/index.php\/2020\/07\/14\/paracha-mattot-masse-5780-chabbat-mevarehim\/#primaryimage\"},\"image\":{\"@id\":\"https:\/\/acjbb-sud.org\/index.php\/2020\/07\/14\/paracha-mattot-masse-5780-chabbat-mevarehim\/#primaryimage\"},\"thumbnailUrl\":\"https:\/\/acjbb-sud.org\/wp-content\/uploads\/2018\/10\/ACJBB-Sud-Chabbat-halots-bougies-vin-600-logos-v2.jpg\",\"datePublished\":\"2020-07-14T19:37:51+00:00\",\"dateModified\":\"2020-07-16T19:26:32+00:00\",\"author\":{\"@id\":\"https:\/\/acjbb-sud.org\/#\/schema\/person\/adc8f09fb72c9d0dc78509106dc5e9f0\"},\"breadcrumb\":{\"@id\":\"https:\/\/acjbb-sud.org\/index.php\/2020\/07\/14\/paracha-mattot-masse-5780-chabbat-mevarehim\/#breadcrumb\"},\"inLanguage\":\"fr-FR\",\"potentialAction\":[{\"@type\":\"ReadAction\",\"target\":[\"https:\/\/acjbb-sud.org\/index.php\/2020\/07\/14\/paracha-mattot-masse-5780-chabbat-mevarehim\/\"]}]},{\"@type\":\"ImageObject\",\"inLanguage\":\"fr-FR\",\"@id\":\"https:\/\/acjbb-sud.org\/index.php\/2020\/07\/14\/paracha-mattot-masse-5780-chabbat-mevarehim\/#primaryimage\",\"url\":\"https:\/\/acjbb-sud.org\/wp-content\/uploads\/2018\/10\/ACJBB-Sud-Chabbat-halots-bougies-vin-600-logos-v2.jpg\",\"contentUrl\":\"https:\/\/acjbb-sud.org\/wp-content\/uploads\/2018\/10\/ACJBB-Sud-Chabbat-halots-bougies-vin-600-logos-v2.jpg\",\"width\":615,\"height\":433},{\"@type\":\"BreadcrumbList\",\"@id\":\"https:\/\/acjbb-sud.org\/index.php\/2020\/07\/14\/paracha-mattot-masse-5780-chabbat-mevarehim\/#breadcrumb\",\"itemListElement\":[{\"@type\":\"ListItem\",\"position\":1,\"name\":\"Accueil\",\"item\":\"https:\/\/acjbb-sud.org\/\"},{\"@type\":\"ListItem\",\"position\":2,\"name\":\"Paracha Mattot-Mass\u00e9 &#8211; Chabbat M\u00e9var\u00e9&rsquo;him\"}]},{\"@type\":\"WebSite\",\"@id\":\"https:\/\/acjbb-sud.org\/#website\",\"url\":\"https:\/\/acjbb-sud.org\/\",\"name\":\"Synagogue ACJBB Boulogne Sud\",\"description\":\"Synagogue \/ Association Communautaire Juive de Boulogne Billancourt (Sud)\",\"potentialAction\":[{\"@type\":\"SearchAction\",\"target\":{\"@type\":\"EntryPoint\",\"urlTemplate\":\"https:\/\/acjbb-sud.org\/?s={search_term_string}\"},\"query-input\":{\"@type\":\"PropertyValueSpecification\",\"valueRequired\":true,\"valueName\":\"search_term_string\"}}],\"inLanguage\":\"fr-FR\"},{\"@type\":\"Person\",\"@id\":\"https:\/\/acjbb-sud.org\/#\/schema\/person\/adc8f09fb72c9d0dc78509106dc5e9f0\",\"name\":\"AcjbbSud\",\"image\":{\"@type\":\"ImageObject\",\"inLanguage\":\"fr-FR\",\"@id\":\"https:\/\/acjbb-sud.org\/#\/schema\/person\/image\/\",\"url\":\"https:\/\/secure.gravatar.com\/avatar\/ea30fe7a8231c8c0bf30066f86006714af7be34ba414543eaab3e453b92901aa?s=96&d=mm&r=g\",\"contentUrl\":\"https:\/\/secure.gravatar.com\/avatar\/ea30fe7a8231c8c0bf30066f86006714af7be34ba414543eaab3e453b92901aa?s=96&d=mm&r=g\",\"caption\":\"AcjbbSud\"},\"url\":\"https:\/\/acjbb-sud.org\/index.php\/author\/acjbbsud\/\"}]}<\/script>\n<!-- \/ Yoast SEO plugin. -->","yoast_head_json":{"title":"Paracha Mattot-Mass\u00e9 - Chabbat M\u00e9var\u00e9'him - Synagogue ACJBB Boulogne Sud","robots":{"index":"index","follow":"follow","max-snippet":"max-snippet:-1","max-image-preview":"max-image-preview:large","max-video-preview":"max-video-preview:-1"},"canonical":"https:\/\/acjbb-sud.org\/index.php\/2020\/07\/14\/paracha-mattot-masse-5780-chabbat-mevarehim\/","og_locale":"fr_FR","og_type":"article","og_title":"Paracha Mattot-Mass\u00e9 - Chabbat M\u00e9var\u00e9'him - Synagogue ACJBB Boulogne Sud","og_description":"Paracha Mattot-Mass\u00e9 \/ \u05e4\u05e8\u05e9\u05d4 \u05de\u05d8\u05d5\u05ea &#8211; \u05de\u05e1\u05e2\u05d9Chabbat M\u00e9var\u00e9&rsquo;him \/ \u05e9\u05d1\u05ea \u05de\u05d1\u05e8\u05db\u05d9\u05dd17\/18 juillet 2020 &#8211; 26 Tamouz 5780 \/ \u05db\u2019\u05d5 \u05ea\u05de\u05d5\u05d6 \u05d4-\u05ea\u05e9\u2019\u05e3D\u00e9but : 21h29 &#8211; Fin : 22h48 Les Horaires des offices : Vendredi soir :19h15 : Chir haChirim19h30 : Min&rsquo;ha19h45 : Kabbalat Chabbat et Arvit20h15 : Allumage des bougies et entr\u00e9e de Chabbat (heure maximum &hellip; Lire la suite","og_url":"https:\/\/acjbb-sud.org\/index.php\/2020\/07\/14\/paracha-mattot-masse-5780-chabbat-mevarehim\/","og_site_name":"Synagogue ACJBB Boulogne Sud","article_published_time":"2020-07-14T19:37:51+00:00","article_modified_time":"2020-07-16T19:26:32+00:00","og_image":[{"width":615,"height":433,"url":"https:\/\/acjbb-sud.org\/wp-content\/uploads\/2018\/10\/ACJBB-Sud-Chabbat-halots-bougies-vin-600-logos-v2.jpg","type":"image\/jpeg"}],"author":"AcjbbSud","twitter_card":"summary_large_image","twitter_misc":{"\u00c9crit par":"AcjbbSud","Dur\u00e9e de lecture estim\u00e9e":"5 minutes"},"schema":{"@context":"https:\/\/schema.org","@graph":[{"@type":"WebPage","@id":"https:\/\/acjbb-sud.org\/index.php\/2020\/07\/14\/paracha-mattot-masse-5780-chabbat-mevarehim\/","url":"https:\/\/acjbb-sud.org\/index.php\/2020\/07\/14\/paracha-mattot-masse-5780-chabbat-mevarehim\/","name":"Paracha Mattot-Mass\u00e9 - Chabbat M\u00e9var\u00e9'him - Synagogue ACJBB Boulogne Sud","isPartOf":{"@id":"https:\/\/acjbb-sud.org\/#website"},"primaryImageOfPage":{"@id":"https:\/\/acjbb-sud.org\/index.php\/2020\/07\/14\/paracha-mattot-masse-5780-chabbat-mevarehim\/#primaryimage"},"image":{"@id":"https:\/\/acjbb-sud.org\/index.php\/2020\/07\/14\/paracha-mattot-masse-5780-chabbat-mevarehim\/#primaryimage"},"thumbnailUrl":"https:\/\/acjbb-sud.org\/wp-content\/uploads\/2018\/10\/ACJBB-Sud-Chabbat-halots-bougies-vin-600-logos-v2.jpg","datePublished":"2020-07-14T19:37:51+00:00","dateModified":"2020-07-16T19:26:32+00:00","author":{"@id":"https:\/\/acjbb-sud.org\/#\/schema\/person\/adc8f09fb72c9d0dc78509106dc5e9f0"},"breadcrumb":{"@id":"https:\/\/acjbb-sud.org\/index.php\/2020\/07\/14\/paracha-mattot-masse-5780-chabbat-mevarehim\/#breadcrumb"},"inLanguage":"fr-FR","potentialAction":[{"@type":"ReadAction","target":["https:\/\/acjbb-sud.org\/index.php\/2020\/07\/14\/paracha-mattot-masse-5780-chabbat-mevarehim\/"]}]},{"@type":"ImageObject","inLanguage":"fr-FR","@id":"https:\/\/acjbb-sud.org\/index.php\/2020\/07\/14\/paracha-mattot-masse-5780-chabbat-mevarehim\/#primaryimage","url":"https:\/\/acjbb-sud.org\/wp-content\/uploads\/2018\/10\/ACJBB-Sud-Chabbat-halots-bougies-vin-600-logos-v2.jpg","contentUrl":"https:\/\/acjbb-sud.org\/wp-content\/uploads\/2018\/10\/ACJBB-Sud-Chabbat-halots-bougies-vin-600-logos-v2.jpg","width":615,"height":433},{"@type":"BreadcrumbList","@id":"https:\/\/acjbb-sud.org\/index.php\/2020\/07\/14\/paracha-mattot-masse-5780-chabbat-mevarehim\/#breadcrumb","itemListElement":[{"@type":"ListItem","position":1,"name":"Accueil","item":"https:\/\/acjbb-sud.org\/"},{"@type":"ListItem","position":2,"name":"Paracha Mattot-Mass\u00e9 &#8211; Chabbat M\u00e9var\u00e9&rsquo;him"}]},{"@type":"WebSite","@id":"https:\/\/acjbb-sud.org\/#website","url":"https:\/\/acjbb-sud.org\/","name":"Synagogue ACJBB Boulogne Sud","description":"Synagogue \/ Association Communautaire Juive de Boulogne Billancourt (Sud)","potentialAction":[{"@type":"SearchAction","target":{"@type":"EntryPoint","urlTemplate":"https:\/\/acjbb-sud.org\/?s={search_term_string}"},"query-input":{"@type":"PropertyValueSpecification","valueRequired":true,"valueName":"search_term_string"}}],"inLanguage":"fr-FR"},{"@type":"Person","@id":"https:\/\/acjbb-sud.org\/#\/schema\/person\/adc8f09fb72c9d0dc78509106dc5e9f0","name":"AcjbbSud","image":{"@type":"ImageObject","inLanguage":"fr-FR","@id":"https:\/\/acjbb-sud.org\/#\/schema\/person\/image\/","url":"https:\/\/secure.gravatar.com\/avatar\/ea30fe7a8231c8c0bf30066f86006714af7be34ba414543eaab3e453b92901aa?s=96&d=mm&r=g","contentUrl":"https:\/\/secure.gravatar.com\/avatar\/ea30fe7a8231c8c0bf30066f86006714af7be34ba414543eaab3e453b92901aa?s=96&d=mm&r=g","caption":"AcjbbSud"},"url":"https:\/\/acjbb-sud.org\/index.php\/author\/acjbbsud\/"}]}},"jetpack_publicize_connections":[],"jetpack_featured_media_url":"https:\/\/acjbb-sud.org\/wp-content\/uploads\/2018\/10\/ACJBB-Sud-Chabbat-halots-bougies-vin-600-logos-v2.jpg","jetpack_sharing_enabled":true,"jetpack_shortlink":"https:\/\/wp.me\/p7sjOI-Xz","jetpack_likes_enabled":true,"_links":{"self":[{"href":"https:\/\/acjbb-sud.org\/index.php\/wp-json\/wp\/v2\/posts\/3693","targetHints":{"allow":["GET"]}}],"collection":[{"href":"https:\/\/acjbb-sud.org\/index.php\/wp-json\/wp\/v2\/posts"}],"about":[{"href":"https:\/\/acjbb-sud.org\/index.php\/wp-json\/wp\/v2\/types\/post"}],"author":[{"embeddable":true,"href":"https:\/\/acjbb-sud.org\/index.php\/wp-json\/wp\/v2\/users\/1"}],"replies":[{"embeddable":true,"href":"https:\/\/acjbb-sud.org\/index.php\/wp-json\/wp\/v2\/comments?post=3693"}],"version-history":[{"count":8,"href":"https:\/\/acjbb-sud.org\/index.php\/wp-json\/wp\/v2\/posts\/3693\/revisions"}],"predecessor-version":[{"id":3707,"href":"https:\/\/acjbb-sud.org\/index.php\/wp-json\/wp\/v2\/posts\/3693\/revisions\/3707"}],"wp:featuredmedia":[{"embeddable":true,"href":"https:\/\/acjbb-sud.org\/index.php\/wp-json\/wp\/v2\/media\/2195"}],"wp:attachment":[{"href":"https:\/\/acjbb-sud.org\/index.php\/wp-json\/wp\/v2\/media?parent=3693"}],"wp:term":[{"taxonomy":"category","embeddable":true,"href":"https:\/\/acjbb-sud.org\/index.php\/wp-json\/wp\/v2\/categories?post=3693"},{"taxonomy":"post_tag","embeddable":true,"href":"https:\/\/acjbb-sud.org\/index.php\/wp-json\/wp\/v2\/tags?post=3693"}],"curies":[{"name":"wp","href":"https:\/\/api.w.org\/{rel}","templated":true}]}}