{"id":3776,"date":"2020-08-26T10:24:53","date_gmt":"2020-08-26T08:24:53","guid":{"rendered":"https:\/\/acjbb-sud.org\/?p=3776"},"modified":"2020-08-27T23:46:19","modified_gmt":"2020-08-27T21:46:19","slug":"chabbat-ki-tetse-5780","status":"publish","type":"post","link":"https:\/\/acjbb-sud.org\/index.php\/2020\/08\/26\/chabbat-ki-tetse-5780\/","title":{"rendered":"Chabbat Ki-Tets\u00e9"},"content":{"rendered":"\n<h3 class=\"has-text-align-center wp-block-heading\">Paracha Ki-Tets\u00e9 \/ \u05e4\u05e8\u05e9\u05d4 \u05db\u05d9 \u05ea\u05e6\u05d0<br>28\/29 ao\u00fbt 2020 &#8211; 9 Eloul 5780 \/ \u05d8&rsquo; \u05d0\u05dc\u05d5\u05dc \u05d4-\u05ea\u05e9\u2019\u05e3<br><em><em>D\u00e9but : 20h22 &#8211; Fin : 21h29<\/em><\/em><\/h3>\n\n\n\n<div class=\"wp-block-image\"><figure class=\"aligncenter size-large\"><img loading=\"lazy\" decoding=\"async\" width=\"615\" height=\"433\" src=\"https:\/\/acjbb-sud.org\/wp-content\/uploads\/2018\/10\/ACJBB-Sud-Chabbat-halots-bougies-vin-600-logos-v2.jpg\" alt=\"\" class=\"wp-image-2195\" srcset=\"https:\/\/acjbb-sud.org\/wp-content\/uploads\/2018\/10\/ACJBB-Sud-Chabbat-halots-bougies-vin-600-logos-v2.jpg 615w, https:\/\/acjbb-sud.org\/wp-content\/uploads\/2018\/10\/ACJBB-Sud-Chabbat-halots-bougies-vin-600-logos-v2-300x211.jpg 300w\" sizes=\"auto, (max-width: 615px) 100vw, 615px\" \/><\/figure><\/div>\n\n\n\n<h3 class=\"wp-block-heading\"><strong><span style=\"text-decoration: underline;\">Les Horaires des offices :<\/span><\/strong><\/h3>\n\n\n\n<p><em><strong>Vendredi soir :<\/strong><\/em><br> <strong>19h00<\/strong> : Min&rsquo;ha<br> <strong>19h15 :<\/strong> Chir haChirim, Kabbalat Chabbat et Arvit<br> <strong>20h00<\/strong> : Allumage des bougies et entr\u00e9e de Chabbat (heure maximum pour l\u2019allumage : <strong>20h22<\/strong>)<\/p>\n\n\n\n<p><strong><em>Samedi matin :<\/em><\/strong><br> <strong>09h00<\/strong> : Cha\u2019harit <br>(<em><strong>Fin du Ch\u00e9ma : premi\u00e8re heure 09h36, deuxi\u00e8me heure 10h28<\/strong><\/em>)<\/p>\n\n\n\n<p><strong>Nous vous rappelons que seules les personnes inscrites pourront acc\u00e9der aux offices, dans la limite des places disponibles !<\/strong><\/p>\n\n\n\n<p><em><strong>Samedi apr\u00e8s-midi :<\/strong><\/em><br> <strong>19h45<\/strong> : T\u00e9hilim \u2013 Lecture des T\u00e9hilim \u2013 Alpha\/Beta<br> <strong>20h00<\/strong> : Min\u2019ha (pas de S\u00e9ouda Chelichit. Faire la S\u00e9ouda \u00e0 la maison avant de venir pour Min&rsquo;ha), suivi d&rsquo;un cours de halakhot <br> <strong>20h39<\/strong> : Shquiya \/ \u05e9\u05e7\u05e2\u05ea \u05d4\u05d7\u05de\u05d4<\/p>\n\n\n\n<p><strong><em>Samedi soir :<\/em><\/strong><br> <strong>21h29<\/strong> : Fin de Chabbat, Arvit et Havdala<\/p>\n\n\n\n<p><strong><em>Dimanche :<\/em> <\/strong><br> <strong>07h00<\/strong> : S\u00e9li&rsquo;hots<br> <strong>08h00<\/strong> : Cha\u2019harit <\/p>\n\n\n\n<p><strong>Chabbat Chalom !<\/strong><\/p>\n\n\n\n<!--more-->\n\n\n\n<hr class=\"wp-block-separator is-style-wide\"\/>\n\n\n\n<h3 class=\"wp-block-heading\"><span style=\"text-decoration: underline;\">Carnet de familles :<\/span><\/h3>\n\n\n\n<p><strong>Bar Mitsvah<\/strong><br>Nous avons la grande joie d&rsquo;annoncer la Bar Mitsvah d&rsquo;<strong>Hillel Kassabi<\/strong>. Hillel mettra ses tefilines jeudi matin et participera \u00e0 la tefila et \u00e0 la lecture de la Torah Chabbat prochain. Nous lui adressons un tr\u00e8s grand Mazal Tov, ainsi qu&rsquo;\u00e0 ses parents, le <strong>Rabbin Didier Kassabi et son \u00e9pouse Yael<\/strong>, \u00e0 ses grands parents <strong>Meyer Kassabi<\/strong> et <strong>Alain et Peguy Chouraqui<\/strong>, \u00e0 ses fr\u00e8res et soeurs <strong>Ephra\u00efm<\/strong>,\u00a0<strong>L\u00e9vana<\/strong>,\u00a0<strong>Tanya<\/strong>,\u00a0<strong>Shira<\/strong>,\u00a0<strong>Betsalel<\/strong>, ainsi qu&rsquo;\u00e0 toute la famille.<\/p>\n\n\n\n<hr class=\"wp-block-separator is-style-wide\"\/>\n\n\n\n<h3 class=\"wp-block-heading\"><span style=\"text-decoration: underline;\">Birkat ha-L\u00e9vana :<\/span><\/h3>\n\n\n\n<p>La Birkat ha-L\u00e9vana (pri\u00e8re pour le renouvellement de la lune) pourra \u00eatre r\u00e9cit\u00e9e entre le mercredi 26 ao\u00fbt 2020 au soir et le mercredi 2 septembre au soir, lorsque la lune est visible.<\/p>\n\n\n\n<hr class=\"wp-block-separator is-style-wide\"\/>\n\n\n\n<h3 class=\"wp-block-heading\"><span style=\"text-decoration: underline;\">F\u00eates de Tichri :<\/span><\/h3>\n\n\n\n<p>Nous voyons tous approcher les f\u00eates de Tichri avec inqui\u00e9tude dans le cadre de la Crise sanitaire du Covid et des conditions de rassemblement.<br><br>Nous travaillons actuellement sur de nouveaux offices pour pouvoir accueillir autant de personnes que possible pour Roch Hachana et Yom Kippour.\u00a0<br>Nous communiquerons dans les prochains jours sur les conditions d&rsquo;accueil des offices et les possibilit\u00e9s d&rsquo;inscription.<br><br>Nous vous souhaitons un tr\u00e8s bon mois d&rsquo;Eloul, et d\u00e8s \u00e0 pr\u00e9sent une Bonne ann\u00e9e 5781.<br>\u05e9\u05e0\u05d4 \u05d8\u05d5\u05d1\u05d4 \u05d5\u05de\u05ea\u05d5\u05e7\u05d4<br>Bien amicalement,<br><br>Le Rabbin Didier Kassabi, Robert Ejnes, Pr\u00e9sident, et l&rsquo;ensemble des membres du Conseil d&rsquo;administration.<\/p>\n\n\n\n<h3 class=\"wp-block-heading\"><span style=\"text-decoration: underline;\">Reprise des offices :<\/span><\/h3>\n\n\n\n<p>Nous attirons votre attention sur l&rsquo;importance de <strong>r\u00e9server vos places <\/strong>avant jeudi soir. Si les r\u00e9servations sont \u00e9gales au nombre de places disponibles, l&rsquo;acc\u00e8s sera limit\u00e9 aux personnes qui seront sur la liste. <strong>Ceux qui viendront sans avoir r\u00e9serv\u00e9 ne pourront pas acc\u00e9der<\/strong>. Cette r\u00e8gle s&rsquo;applique \u00e0 tous.<\/p>\n\n\n\n<p>Rappel : <strong>La r\u00e9servation est ouverte \u00e0 toute personne \u00e2g\u00e9e de 12 ans et plus<\/strong>.<\/p>\n\n\n\n<p><strong>Les conditions de s\u00e9curit\u00e9 sanitaire sont maintenues. Merci de les respecter.<\/strong><br>&#8211; Port du masque obligatoire dans l&rsquo;enceinte de la synagogue. Le masque doit \u00eatre port\u00e9 du haut du nez jusqu&rsquo;au menton.<br>&#8211; Utilisation du gel hydro alcoolique \u00e0 l&rsquo;entr\u00e9e, et autant que n\u00e9cessaire,<br>&#8211; Les livres et taliths utilis\u00e9s sont \u00e0 poser sur la table \u00e0 la sortie<br>&#8211; Tout le monde doit \u00eatre install\u00e9 \u00e0 une place assise (autoris\u00e9e) et en bouger le moins possible.<br>etc.<br>Il est toujours recommand\u00e9 aux personnes \u00e2g\u00e9es et pr\u00e9sentant un risque d&rsquo;\u00e9viter d&rsquo;assister aux offices.<\/p>\n\n\n\n<p>Le nombre des places est strictement limit\u00e9 pour permettre la distanciation physique exig\u00e9e : La r\u00e9servation est ouverte \u00e0 toute personne \u00e2g\u00e9e de 12 ans et plus.&nbsp;<br>&#8211; 100 places dans la Synagogue<br>&#8211; 45 places dans l&rsquo;Espace Alfred Zemmour<br>&#8211; 40 places dans l&rsquo;Espace Elie Botbol<br>&#8211; <strong>40 places dans l&rsquo;Espace ACJBB Sud + 20 places femmes<\/strong><\/p>\n\n\n\n<p>Nous restons inquiets de la reprise de la contagion dans le pays. Attention \u00e0 bien respecter gestes barri\u00e8re et les informations sur les flux d&rsquo;entr\u00e9e et de sortie de la Synagogue.<\/p>\n\n\n\n<p><strong>L&rsquo;inscription est obligatoire. Seules les personnes dont l&rsquo;inscription aura \u00e9t\u00e9 valid\u00e9e seront admises. Aucune exception ne pourra \u00eatre consid\u00e9r\u00e9e.<\/strong><br><br>Je m&rsquo;inscris pour le <a href=\"https:\/\/www.helloasso.com\/associations\/acjbb-2\/evenements\/reservation-pour-les-offices-de-chabbat-ki-tetse-28-29-aout-2020-2\" target=\"_blank\" rel=\"noreferrer noopener\">Chabbat Ki-Tets\u00e9<\/a>.<\/p>\n\n\n\n<hr class=\"wp-block-separator is-style-wide\"\/>\n\n\n\n<h3 class=\"wp-block-heading\"><span style=\"text-decoration: underline;\">Horaires des offices de la semaine \u00e0 la Synagogue :<\/span><\/h3>\n\n\n\n<p>43 rue des abondances<\/p>\n\n\n\n<p><strong><em>Dimanche et jours f\u00e9ri\u00e9s :<\/em> <\/strong><br> <strong>07h00<\/strong> : S\u00e9lihots<br> <strong>08h00<\/strong> : Cha\u2019harit<br> <strong>19h00<\/strong> : Min\u2019ha suivi de Arvit<\/p>\n\n\n\n<p><strong><em>du Lundi au Vendredi :<\/em><\/strong><br> <strong>06h00<\/strong> : S\u00e9li&rsquo;hots<br> <strong>07h00<\/strong> : Cha\u2019harit<br> <strong>19h00<\/strong> : Min\u2019ha suivi de Arvit (sauf vendredi soir)<\/p>\n\n\n\n<hr class=\"wp-block-separator is-style-wide\"\/>\n\n\n\n<h3 class=\"wp-block-heading\"><span style=\"text-decoration: underline;\">Information ACJBB Boulogne Sud :<\/span><\/h3>\n\n\n\n<p> Retrouvez toutes les informations de l\u2019office sur : <a rel=\"noreferrer noopener\" href=\"http:\/\/www.acjbb-sud.org\" target=\"_blank\">www.acjbb-sud.org<\/a>.<br> Si vous souhaitez recevoir par mail la newsletter de l\u2019office, inscrivez-vous en nous envoyant un mail \u00e0 <a href=\"mailto:officeboulognesud@gmail.com\">officeboulognesud@gmail.com<\/a>.<br> Retrouvez \u00e9galement toutes les informations sur la page Facebook de l\u2019office : <a rel=\"noreferrer noopener\" href=\"http:\/\/facebook.com\/acjbbsud\" target=\"_blank\">facebook.com\/acjbbsud<\/a> et sur Twitter : <a rel=\"noreferrer noopener\" href=\"http:\/\/twitter.com\/acjbbsud\" target=\"_blank\">twitter.com\/acjbbsud<\/a>. <\/p>\n\n\n\n<hr class=\"wp-block-separator is-style-wide\"\/>\n\n\n\n<h3 class=\"wp-block-heading\"><span style=\"text-decoration: underline;\">Mikv\u00e9 :<\/span><\/h3>\n\n\n\n<p class=\"has-vivid-red-color has-text-color\">En raison de la crise sanitaire que nous traversons, les Mikv\u00e9 de Boulogne sont ferm\u00e9s.<br>Plus d&rsquo;informations sur le site de la <a rel=\"noreferrer noopener\" aria-label=\"Synagogue de Boulogne (s\u2019ouvre dans un nouvel onglet)\" href=\"https:\/\/synaboulogne.com\/2020\/03\/24\/coronavirus-fermeture-des-mikves-a-boulogne\/\" target=\"_blank\">Synagogue de Boulogne<\/a>.<\/p>\n\n\n\n<hr class=\"wp-block-separator is-style-wide\"\/>\n\n\n\n<h3 class=\"wp-block-heading\"><span style=\"text-decoration: underline;\">Faire un don :<\/span><\/h3>\n\n\n\n<p>Pour faire vivre et participer activement \u00e0 cet office, <a rel=\"noreferrer noopener\" href=\"http:\/\/www.acjbb-sud.org\/index.php\/faire-un-don\/\" target=\"_blank\">faites un don<\/a> par internet ou envoyez vos ch\u00e8ques au <strong>134 bis rue du Point du Jour<\/strong>. Toutes les participations sont bienvenues, <em>les petits ruisseaux faisant de grandes rivi\u00e8res<\/em>, nous parviendrons, tous ensemble, \u00e0 faire vivre l\u2019Office de Boulogne Sud.<br><br>Tizkou L\u00e9-Mitsvot !!!<\/p>\n\n\n\n<hr class=\"wp-block-separator is-style-wide\"\/>\n\n\n\n<h3 class=\"wp-block-heading\"><span style=\"text-decoration: underline;\">Dons pour le Centre Culturel de Boulogne Billancourt :<\/span><\/h3>\n\n\n\n<p>Le nouveau Centre Culturel sera situ\u00e9 \u00e0 l\u2019angle des rues Marcel Dassault et d\u2019Anjou.<\/p>\n\n\n\n<p>Il comprendra notamment :<\/p>\n\n\n\n<ul class=\"wp-block-list\"><li>Une Synagogue<\/li><li>Le Centre Communautaire (CCIBB)<\/li><li>Une salle polyvalente<\/li><li>Une salle des f\u00eates<\/li><\/ul>\n\n\n\n<p>Vous avez une occasion unique d\u2019inscrire votre nom, celui de vos \nfamilles, celui de vos disparus, dans un projet qui marquera l\u2019avenir de\n la vie juive \u00e0 Boulogne-Billancourt.<\/p>\n\n\n\n<div class=\"wp-block-image\"><figure class=\"aligncenter is-resized\"><img loading=\"lazy\" decoding=\"async\" src=\"https:\/\/acjbb-sud.org\/wp-content\/uploads\/2018\/07\/Centre-Culturel-juif-Boulogne-Billancourt-Synagogue.jpg\" alt=\"\" width=\"616\" height=\"259\"\/><\/figure><\/div>\n\n\n\n<div class=\"wp-block-image\"><figure class=\"aligncenter is-resized\"><img loading=\"lazy\" decoding=\"async\" src=\"https:\/\/acjbb-sud.org\/wp-content\/uploads\/2018\/07\/Centre-Culturel-juif-Boulogne-Billancourt-Synagogue-2.jpg\" alt=\"\" width=\"664\" height=\"262\"\/><\/figure><\/div>\n\n\n\n<p>Devenez acteur du devenir de la vie  juive \u00e0 Boulogne en faisant un don pour la construction du Centre  Culturel de Boulogne. Vous pouvez d\u00e9cider de diriger votre don vers la  synagogue ACJBB ou vers le CCIBB, en nous l\u2019indiquant par message.<\/p>\n\n\n\n<p class=\"has-text-color\" style=\"color:#2e2fd1\"><strong><strong>Les travaux avancent !!!<\/strong><\/strong><\/p>\n\n\n\n<p>Si vous avez des question, <a href=\"mailto:synamail@acjbb.com?subject=&quot;Question sur la construction du Centre culturel&quot;\">envoyez-nous un message<\/a> !<\/p>\n\n\n\n<p><a rel=\"noreferrer noopener\" href=\"https:\/\/www.helloasso.com\/associations\/acjbb-2\/collectes\/construction-du-centre-juif-de-boulogne\" target=\"_blank\">Je participe \u00e0 la collecte pour la construction<\/a>.<\/p>\n\n\n\n<hr class=\"wp-block-separator is-style-wide\"\/>\n\n\n\n<h3 class=\"wp-block-heading\"><span style=\"text-decoration: underline;\">Dvar Torah :<\/span><\/h3>\n\n\n\n<p><em><strong>du Rav Mika\u00ebl Mouyal<\/strong><\/em> :<br>T\u00e9l\u00e9chargez le Dvar Torah directement en PDF afin de l\u2019imprimer et le lire plus facilement :<br><a href=\"https:\/\/acjbb-sud.org\/wp-content\/uploads\/2020\/08\/ACJBB-Boulogne-Sud-Dvar-Torah-Sidra-Rav-Mouyal-Ki-Tetse-5780.pdf\" target=\"_blank\" rel=\"noreferrer noopener\">Sidra Ki-Tets\u00e9<\/a>.<\/p>\n\n\n\n<p>Retrouvez tous les commentaires et sidrots sur la Paracha par le Rav Mika\u00ebl Mouyal sur <a href=\"https:\/\/acjbb-sud.org\/index.php\/dvar-torah-sidra-rav-mouyal\/\" target=\"_blank\" rel=\"noreferrer noopener\">cette page<\/a>.<\/p>\n\n\n\n<p><em><strong>du Rabbin Didier Kassabi :<\/strong><\/em><br>T\u00e9l\u00e9chargez le Dvar Torah directement en PDF afin de l\u2019imprimer et le lire plus facilement :<br><a href=\"https:\/\/synaboulogne.com\/wp-content\/uploads\/2020\/08\/ACJBB-Boulogne-Dvar-Torah-Rabbin-Didier-Kassabi-Ki-Tetse-5780.pdf\" target=\"_blank\" rel=\"noreferrer noopener\">Dvar Torah Ki-Tets\u00e9<\/a>.<\/p>\n","protected":false},"excerpt":{"rendered":"<p>Paracha Ki-Tets\u00e9 \/ \u05e4\u05e8\u05e9\u05d4 \u05db\u05d9 \u05ea\u05e6\u05d028\/29 ao\u00fbt 2020 &#8211; 9 Eloul 5780 \/ \u05d8&rsquo; \u05d0\u05dc\u05d5\u05dc \u05d4-\u05ea\u05e9\u2019\u05e3D\u00e9but : 20h22 &#8211; Fin : 21h29 Les Horaires des offices : Vendredi soir : 19h00 : Min&rsquo;ha 19h15 : Chir haChirim, Kabbalat Chabbat et Arvit 20h00 : Allumage des bougies et entr\u00e9e de Chabbat (heure maximum pour l\u2019allumage : &hellip; <\/p>\n<p><a class=\"more-link btn\" href=\"https:\/\/acjbb-sud.org\/index.php\/2020\/08\/26\/chabbat-ki-tetse-5780\/\">Lire la suite<\/a><\/p>\n","protected":false},"author":1,"featured_media":2195,"comment_status":"open","ping_status":"open","sticky":false,"template":"","format":"standard","meta":{"jetpack_post_was_ever_published":false,"_jetpack_newsletter_access":"","_jetpack_dont_email_post_to_subs":false,"_jetpack_newsletter_tier_id":0,"_jetpack_memberships_contains_paywalled_content":false,"_jetpack_memberships_contains_paid_content":false,"footnotes":"","jetpack_publicize_message":"","jetpack_publicize_feature_enabled":true,"jetpack_social_post_already_shared":true,"jetpack_social_options":{"image_generator_settings":{"template":"highway","default_image_id":0,"font":"","enabled":false},"version":2}},"categories":[3],"tags":[],"class_list":["post-3776","post","type-post","status-publish","format-standard","has-post-thumbnail","hentry","category-chabbat","item-wrap"],"yoast_head":"<!-- This site is optimized with the Yoast SEO plugin v26.6 - https:\/\/yoast.com\/wordpress\/plugins\/seo\/ -->\n<title>Chabbat Ki-Tets\u00e9 - Synagogue ACJBB Boulogne Sud<\/title>\n<meta name=\"robots\" content=\"index, follow, max-snippet:-1, max-image-preview:large, max-video-preview:-1\" \/>\n<link rel=\"canonical\" href=\"https:\/\/acjbb-sud.org\/index.php\/2020\/08\/26\/chabbat-ki-tetse-5780\/\" \/>\n<meta property=\"og:locale\" content=\"fr_FR\" \/>\n<meta property=\"og:type\" content=\"article\" \/>\n<meta property=\"og:title\" content=\"Chabbat Ki-Tets\u00e9 - Synagogue ACJBB Boulogne Sud\" \/>\n<meta property=\"og:description\" content=\"Paracha Ki-Tets\u00e9 \/ \u05e4\u05e8\u05e9\u05d4 \u05db\u05d9 \u05ea\u05e6\u05d028\/29 ao\u00fbt 2020 &#8211; 9 Eloul 5780 \/ \u05d8&rsquo; \u05d0\u05dc\u05d5\u05dc \u05d4-\u05ea\u05e9\u2019\u05e3D\u00e9but : 20h22 &#8211; Fin : 21h29 Les Horaires des offices : Vendredi soir : 19h00 : Min&rsquo;ha 19h15 : Chir haChirim, Kabbalat Chabbat et Arvit 20h00 : Allumage des bougies et entr\u00e9e de Chabbat (heure maximum pour l\u2019allumage : &hellip; Lire la suite\" \/>\n<meta property=\"og:url\" content=\"https:\/\/acjbb-sud.org\/index.php\/2020\/08\/26\/chabbat-ki-tetse-5780\/\" \/>\n<meta property=\"og:site_name\" content=\"Synagogue ACJBB Boulogne Sud\" \/>\n<meta property=\"article:published_time\" content=\"2020-08-26T08:24:53+00:00\" \/>\n<meta property=\"article:modified_time\" content=\"2020-08-27T21:46:19+00:00\" \/>\n<meta property=\"og:image\" content=\"https:\/\/acjbb-sud.org\/wp-content\/uploads\/2018\/10\/ACJBB-Sud-Chabbat-halots-bougies-vin-600-logos-v2.jpg\" \/>\n\t<meta property=\"og:image:width\" content=\"615\" \/>\n\t<meta property=\"og:image:height\" content=\"433\" \/>\n\t<meta property=\"og:image:type\" content=\"image\/jpeg\" \/>\n<meta name=\"author\" content=\"AcjbbSud\" \/>\n<meta name=\"twitter:card\" content=\"summary_large_image\" \/>\n<meta name=\"twitter:label1\" content=\"\u00c9crit par\" \/>\n\t<meta name=\"twitter:data1\" content=\"AcjbbSud\" \/>\n\t<meta name=\"twitter:label2\" content=\"Dur\u00e9e de lecture estim\u00e9e\" \/>\n\t<meta name=\"twitter:data2\" content=\"5 minutes\" \/>\n<script type=\"application\/ld+json\" class=\"yoast-schema-graph\">{\"@context\":\"https:\/\/schema.org\",\"@graph\":[{\"@type\":\"WebPage\",\"@id\":\"https:\/\/acjbb-sud.org\/index.php\/2020\/08\/26\/chabbat-ki-tetse-5780\/\",\"url\":\"https:\/\/acjbb-sud.org\/index.php\/2020\/08\/26\/chabbat-ki-tetse-5780\/\",\"name\":\"Chabbat Ki-Tets\u00e9 - Synagogue ACJBB Boulogne Sud\",\"isPartOf\":{\"@id\":\"https:\/\/acjbb-sud.org\/#website\"},\"primaryImageOfPage\":{\"@id\":\"https:\/\/acjbb-sud.org\/index.php\/2020\/08\/26\/chabbat-ki-tetse-5780\/#primaryimage\"},\"image\":{\"@id\":\"https:\/\/acjbb-sud.org\/index.php\/2020\/08\/26\/chabbat-ki-tetse-5780\/#primaryimage\"},\"thumbnailUrl\":\"https:\/\/acjbb-sud.org\/wp-content\/uploads\/2018\/10\/ACJBB-Sud-Chabbat-halots-bougies-vin-600-logos-v2.jpg\",\"datePublished\":\"2020-08-26T08:24:53+00:00\",\"dateModified\":\"2020-08-27T21:46:19+00:00\",\"author\":{\"@id\":\"https:\/\/acjbb-sud.org\/#\/schema\/person\/adc8f09fb72c9d0dc78509106dc5e9f0\"},\"breadcrumb\":{\"@id\":\"https:\/\/acjbb-sud.org\/index.php\/2020\/08\/26\/chabbat-ki-tetse-5780\/#breadcrumb\"},\"inLanguage\":\"fr-FR\",\"potentialAction\":[{\"@type\":\"ReadAction\",\"target\":[\"https:\/\/acjbb-sud.org\/index.php\/2020\/08\/26\/chabbat-ki-tetse-5780\/\"]}]},{\"@type\":\"ImageObject\",\"inLanguage\":\"fr-FR\",\"@id\":\"https:\/\/acjbb-sud.org\/index.php\/2020\/08\/26\/chabbat-ki-tetse-5780\/#primaryimage\",\"url\":\"https:\/\/acjbb-sud.org\/wp-content\/uploads\/2018\/10\/ACJBB-Sud-Chabbat-halots-bougies-vin-600-logos-v2.jpg\",\"contentUrl\":\"https:\/\/acjbb-sud.org\/wp-content\/uploads\/2018\/10\/ACJBB-Sud-Chabbat-halots-bougies-vin-600-logos-v2.jpg\",\"width\":615,\"height\":433},{\"@type\":\"BreadcrumbList\",\"@id\":\"https:\/\/acjbb-sud.org\/index.php\/2020\/08\/26\/chabbat-ki-tetse-5780\/#breadcrumb\",\"itemListElement\":[{\"@type\":\"ListItem\",\"position\":1,\"name\":\"Accueil\",\"item\":\"https:\/\/acjbb-sud.org\/\"},{\"@type\":\"ListItem\",\"position\":2,\"name\":\"Chabbat Ki-Tets\u00e9\"}]},{\"@type\":\"WebSite\",\"@id\":\"https:\/\/acjbb-sud.org\/#website\",\"url\":\"https:\/\/acjbb-sud.org\/\",\"name\":\"Synagogue ACJBB Boulogne Sud\",\"description\":\"Synagogue \/ Association Communautaire Juive de Boulogne Billancourt (Sud)\",\"potentialAction\":[{\"@type\":\"SearchAction\",\"target\":{\"@type\":\"EntryPoint\",\"urlTemplate\":\"https:\/\/acjbb-sud.org\/?s={search_term_string}\"},\"query-input\":{\"@type\":\"PropertyValueSpecification\",\"valueRequired\":true,\"valueName\":\"search_term_string\"}}],\"inLanguage\":\"fr-FR\"},{\"@type\":\"Person\",\"@id\":\"https:\/\/acjbb-sud.org\/#\/schema\/person\/adc8f09fb72c9d0dc78509106dc5e9f0\",\"name\":\"AcjbbSud\",\"image\":{\"@type\":\"ImageObject\",\"inLanguage\":\"fr-FR\",\"@id\":\"https:\/\/acjbb-sud.org\/#\/schema\/person\/image\/\",\"url\":\"https:\/\/secure.gravatar.com\/avatar\/ea30fe7a8231c8c0bf30066f86006714af7be34ba414543eaab3e453b92901aa?s=96&d=mm&r=g\",\"contentUrl\":\"https:\/\/secure.gravatar.com\/avatar\/ea30fe7a8231c8c0bf30066f86006714af7be34ba414543eaab3e453b92901aa?s=96&d=mm&r=g\",\"caption\":\"AcjbbSud\"},\"url\":\"https:\/\/acjbb-sud.org\/index.php\/author\/acjbbsud\/\"}]}<\/script>\n<!-- \/ Yoast SEO plugin. -->","yoast_head_json":{"title":"Chabbat Ki-Tets\u00e9 - Synagogue ACJBB Boulogne Sud","robots":{"index":"index","follow":"follow","max-snippet":"max-snippet:-1","max-image-preview":"max-image-preview:large","max-video-preview":"max-video-preview:-1"},"canonical":"https:\/\/acjbb-sud.org\/index.php\/2020\/08\/26\/chabbat-ki-tetse-5780\/","og_locale":"fr_FR","og_type":"article","og_title":"Chabbat Ki-Tets\u00e9 - Synagogue ACJBB Boulogne Sud","og_description":"Paracha Ki-Tets\u00e9 \/ \u05e4\u05e8\u05e9\u05d4 \u05db\u05d9 \u05ea\u05e6\u05d028\/29 ao\u00fbt 2020 &#8211; 9 Eloul 5780 \/ \u05d8&rsquo; \u05d0\u05dc\u05d5\u05dc \u05d4-\u05ea\u05e9\u2019\u05e3D\u00e9but : 20h22 &#8211; Fin : 21h29 Les Horaires des offices : Vendredi soir : 19h00 : Min&rsquo;ha 19h15 : Chir haChirim, Kabbalat Chabbat et Arvit 20h00 : Allumage des bougies et entr\u00e9e de Chabbat (heure maximum pour l\u2019allumage : &hellip; Lire la suite","og_url":"https:\/\/acjbb-sud.org\/index.php\/2020\/08\/26\/chabbat-ki-tetse-5780\/","og_site_name":"Synagogue ACJBB Boulogne Sud","article_published_time":"2020-08-26T08:24:53+00:00","article_modified_time":"2020-08-27T21:46:19+00:00","og_image":[{"width":615,"height":433,"url":"https:\/\/acjbb-sud.org\/wp-content\/uploads\/2018\/10\/ACJBB-Sud-Chabbat-halots-bougies-vin-600-logos-v2.jpg","type":"image\/jpeg"}],"author":"AcjbbSud","twitter_card":"summary_large_image","twitter_misc":{"\u00c9crit par":"AcjbbSud","Dur\u00e9e de lecture estim\u00e9e":"5 minutes"},"schema":{"@context":"https:\/\/schema.org","@graph":[{"@type":"WebPage","@id":"https:\/\/acjbb-sud.org\/index.php\/2020\/08\/26\/chabbat-ki-tetse-5780\/","url":"https:\/\/acjbb-sud.org\/index.php\/2020\/08\/26\/chabbat-ki-tetse-5780\/","name":"Chabbat Ki-Tets\u00e9 - Synagogue ACJBB Boulogne Sud","isPartOf":{"@id":"https:\/\/acjbb-sud.org\/#website"},"primaryImageOfPage":{"@id":"https:\/\/acjbb-sud.org\/index.php\/2020\/08\/26\/chabbat-ki-tetse-5780\/#primaryimage"},"image":{"@id":"https:\/\/acjbb-sud.org\/index.php\/2020\/08\/26\/chabbat-ki-tetse-5780\/#primaryimage"},"thumbnailUrl":"https:\/\/acjbb-sud.org\/wp-content\/uploads\/2018\/10\/ACJBB-Sud-Chabbat-halots-bougies-vin-600-logos-v2.jpg","datePublished":"2020-08-26T08:24:53+00:00","dateModified":"2020-08-27T21:46:19+00:00","author":{"@id":"https:\/\/acjbb-sud.org\/#\/schema\/person\/adc8f09fb72c9d0dc78509106dc5e9f0"},"breadcrumb":{"@id":"https:\/\/acjbb-sud.org\/index.php\/2020\/08\/26\/chabbat-ki-tetse-5780\/#breadcrumb"},"inLanguage":"fr-FR","potentialAction":[{"@type":"ReadAction","target":["https:\/\/acjbb-sud.org\/index.php\/2020\/08\/26\/chabbat-ki-tetse-5780\/"]}]},{"@type":"ImageObject","inLanguage":"fr-FR","@id":"https:\/\/acjbb-sud.org\/index.php\/2020\/08\/26\/chabbat-ki-tetse-5780\/#primaryimage","url":"https:\/\/acjbb-sud.org\/wp-content\/uploads\/2018\/10\/ACJBB-Sud-Chabbat-halots-bougies-vin-600-logos-v2.jpg","contentUrl":"https:\/\/acjbb-sud.org\/wp-content\/uploads\/2018\/10\/ACJBB-Sud-Chabbat-halots-bougies-vin-600-logos-v2.jpg","width":615,"height":433},{"@type":"BreadcrumbList","@id":"https:\/\/acjbb-sud.org\/index.php\/2020\/08\/26\/chabbat-ki-tetse-5780\/#breadcrumb","itemListElement":[{"@type":"ListItem","position":1,"name":"Accueil","item":"https:\/\/acjbb-sud.org\/"},{"@type":"ListItem","position":2,"name":"Chabbat Ki-Tets\u00e9"}]},{"@type":"WebSite","@id":"https:\/\/acjbb-sud.org\/#website","url":"https:\/\/acjbb-sud.org\/","name":"Synagogue ACJBB Boulogne Sud","description":"Synagogue \/ Association Communautaire Juive de Boulogne Billancourt (Sud)","potentialAction":[{"@type":"SearchAction","target":{"@type":"EntryPoint","urlTemplate":"https:\/\/acjbb-sud.org\/?s={search_term_string}"},"query-input":{"@type":"PropertyValueSpecification","valueRequired":true,"valueName":"search_term_string"}}],"inLanguage":"fr-FR"},{"@type":"Person","@id":"https:\/\/acjbb-sud.org\/#\/schema\/person\/adc8f09fb72c9d0dc78509106dc5e9f0","name":"AcjbbSud","image":{"@type":"ImageObject","inLanguage":"fr-FR","@id":"https:\/\/acjbb-sud.org\/#\/schema\/person\/image\/","url":"https:\/\/secure.gravatar.com\/avatar\/ea30fe7a8231c8c0bf30066f86006714af7be34ba414543eaab3e453b92901aa?s=96&d=mm&r=g","contentUrl":"https:\/\/secure.gravatar.com\/avatar\/ea30fe7a8231c8c0bf30066f86006714af7be34ba414543eaab3e453b92901aa?s=96&d=mm&r=g","caption":"AcjbbSud"},"url":"https:\/\/acjbb-sud.org\/index.php\/author\/acjbbsud\/"}]}},"jetpack_publicize_connections":[],"jetpack_featured_media_url":"https:\/\/acjbb-sud.org\/wp-content\/uploads\/2018\/10\/ACJBB-Sud-Chabbat-halots-bougies-vin-600-logos-v2.jpg","jetpack_sharing_enabled":true,"jetpack_shortlink":"https:\/\/wp.me\/p7sjOI-YU","jetpack_likes_enabled":true,"_links":{"self":[{"href":"https:\/\/acjbb-sud.org\/index.php\/wp-json\/wp\/v2\/posts\/3776","targetHints":{"allow":["GET"]}}],"collection":[{"href":"https:\/\/acjbb-sud.org\/index.php\/wp-json\/wp\/v2\/posts"}],"about":[{"href":"https:\/\/acjbb-sud.org\/index.php\/wp-json\/wp\/v2\/types\/post"}],"author":[{"embeddable":true,"href":"https:\/\/acjbb-sud.org\/index.php\/wp-json\/wp\/v2\/users\/1"}],"replies":[{"embeddable":true,"href":"https:\/\/acjbb-sud.org\/index.php\/wp-json\/wp\/v2\/comments?post=3776"}],"version-history":[{"count":7,"href":"https:\/\/acjbb-sud.org\/index.php\/wp-json\/wp\/v2\/posts\/3776\/revisions"}],"predecessor-version":[{"id":3789,"href":"https:\/\/acjbb-sud.org\/index.php\/wp-json\/wp\/v2\/posts\/3776\/revisions\/3789"}],"wp:featuredmedia":[{"embeddable":true,"href":"https:\/\/acjbb-sud.org\/index.php\/wp-json\/wp\/v2\/media\/2195"}],"wp:attachment":[{"href":"https:\/\/acjbb-sud.org\/index.php\/wp-json\/wp\/v2\/media?parent=3776"}],"wp:term":[{"taxonomy":"category","embeddable":true,"href":"https:\/\/acjbb-sud.org\/index.php\/wp-json\/wp\/v2\/categories?post=3776"},{"taxonomy":"post_tag","embeddable":true,"href":"https:\/\/acjbb-sud.org\/index.php\/wp-json\/wp\/v2\/tags?post=3776"}],"curies":[{"name":"wp","href":"https:\/\/api.w.org\/{rel}","templated":true}]}}