{"id":3983,"date":"2020-11-25T22:21:51","date_gmt":"2020-11-25T21:21:51","guid":{"rendered":"https:\/\/acjbb-sud.org\/?p=3983"},"modified":"2020-11-27T09:38:29","modified_gmt":"2020-11-27T08:38:29","slug":"chabbat-vayetse-5781","status":"publish","type":"post","link":"https:\/\/acjbb-sud.org\/index.php\/2020\/11\/25\/chabbat-vayetse-5781\/","title":{"rendered":"Chabbat Vayets\u00e9"},"content":{"rendered":"\n<h3 class=\"has-text-align-center wp-block-heading\" id=\"block-c7cd4b66-aaf3-4e76-9e23-733eb5360b6f\">Paracha Vayets\u00e9 \/ \u05e4\u05e8\u05e9\u05d4 \u05d5\u05d9\u05e6\u05d0<br><strong>27\/28 novembre 2020 &#8211; 12 Kislev 5781 \/ \u05d9&rsquo;\u05d1 \u05db\u05e1\u05dc\u05d5 \u05ea\u05e9\u05e4&rsquo;\u05d0<\/strong><br><em>D\u00e9but : 16h40 &#8211; Fin : 17h5<\/em>1<\/h3>\n\n\n\n<div id=\"block-cb4318d8-e067-4e6a-ba77-a8fb22420a53\" class=\"wp-block-image\"><figure class=\"aligncenter\"><img decoding=\"async\" src=\"https:\/\/acjbb-sud.org\/wp-content\/uploads\/2018\/10\/ACJBB-Sud-Chabbat-halots-bougies-vin-600-logos-v2.jpg\" alt=\"L\u2019attribut alt de cette image est vide, son nom de fichier est ACJBB-Sud-Chabbat-halots-bougies-vin-600-logos-v2.jpg.\"\/><\/figure><\/div>\n\n\n\n<h3 class=\"wp-block-heading\">Mesures Covid&nbsp;:<\/h3>\n\n\n\n<p class=\"has-background\" style=\"background-color:#e2e4e4\"><span style=\"color:#ff0000\" class=\"has-inline-color\">Chers amis, chers fid\u00e8les,<\/span><br><span style=\"color:#ff0000\" class=\"has-inline-color\">Le Pr\u00e9sident de la R\u00e9publique Emmanuel Macron a assoupli les r\u00e8gles de confinement et autorise les offices religieux, dans la <strong>limite de 30 personnes par office<\/strong>, et ce \u00e0 partir de ce samedi 28 novembre. <\/span><span style=\"color:#ff0000\" class=\"has-inline-color\"><\/span><br><strong><span style=\"color:#ff0000\" class=\"has-inline-color\">Les offices reprennent d\u00e8s Chabbat matin ! <\/span><\/strong><br><strong><span style=\"color:#ff0000\" class=\"has-inline-color\">Nous vous rappelons que seules les personnes inscrites pourront acc\u00e9der \u00e0 l&rsquo;office !<\/span><\/strong><br><span style=\"color:#ff0000\" class=\"has-inline-color\">Chabbat Chalom !<\/span><\/p>\n\n\n\n<hr class=\"wp-block-separator is-style-wide\"\/>\n\n\n\n<h3 class=\"wp-block-heading\" id=\"block-34c13aec-7230-4d64-afbb-b84a9f3dd476\"><strong>Les horaires de Chabbat :<\/strong><\/h3>\n\n\n\n<p id=\"block-e85b2846-f181-4911-af3f-0961c6b43ac4\"><em><strong>Vendredi soir (ensemble, mas chacun chez soi) :<\/strong><\/em><br><strong>16h35<\/strong> : Allumage des bougies et entr\u00e9e de Chabbat (heure maximum pour l\u2019allumage : <strong><span style=\"color:#ff0000\" class=\"has-inline-color\">16h40<\/span><\/strong>)<br><strong>16h30<\/strong> : Min&rsquo;ha<br><strong>17h00<\/strong> : Chir haChirim, Kabbalat Chabbat et Arvit<\/p>\n\n\n\n<p id=\"block-1ed17b97-554f-420b-a815-274c0d4878d4\"><strong><em>Samedi matin :<\/em><\/strong><br><strong>07h45<\/strong> : Cha\u2019harit &#8211; 1er office<br><strong>10h00<\/strong> : Cha\u2019harit &#8211; 2\u00e8me office<br>(<em><strong>Fin du Ch\u00e9ma : premi\u00e8re heure 09h38, deuxi\u00e8me heure 10h29<\/strong><\/em>)<\/p>\n\n\n\n<p id=\"block-dc9d12fc-b3c5-4224-948d-d68592d107f9\"><em><strong>Samedi apr\u00e8s-midi :<\/strong><\/em><br><strong>16h00<\/strong> : T\u00e9hilim \u2013 Lecture des T\u00e9hilim \u2013 Alpha\/Beta<br><strong>16h15<\/strong> : Min\u2019ha (pas de S\u00e9ouda Ch\u00e9lichit. Faire la S\u00e9ouda \u00e0 la maison avant de venir pour Min&rsquo;ha), suivi d&rsquo;un cours sur la Paracha et le Hala&rsquo;hots par le <strong>Rabbin Mickael MOUYAL<\/strong><br><strong>16h58<\/strong> : Shquiya \/ \u05e9\u05e7\u05e2\u05ea \u05d4\u05d7\u05de\u05d4<\/p>\n\n\n\n<p id=\"block-333eef1f-6d20-4a53-a2e6-57d24b1e03da\"><strong><em>Samedi soir :<\/em><\/strong><br><strong>17h45<\/strong> : Arvit et Havdala<br><strong>17h51<\/strong> : Fin de Chabbat<\/p>\n\n\n\n<p><strong><em>Dimanche :<\/em><\/strong><br><strong>08h00<\/strong> : Cha&rsquo;harit<\/p>\n\n\n\n<p><strong><em>Du lundi au vendredi :<\/em><\/strong><br><strong>07h00<\/strong> : Cha\u2019harit<\/p>\n\n\n\n<p id=\"block-d8e9bb2d-eac8-4552-b34e-2f06d44ee110\"><strong>Chabbat Chalom !<\/strong><\/p>\n\n\n\n<!--more-->\n\n\n\n<hr class=\"wp-block-separator is-style-wide\"\/>\n\n\n\n<h3 class=\"wp-block-heading\">M\u00e9lav\u00e9 Malka &#8211; Samedi soir :<\/h3>\n\n\n\n<div class=\"wp-block-image\"><figure class=\"aligncenter size-large is-resized\"><img loading=\"lazy\" decoding=\"async\" src=\"https:\/\/acjbb-sud.org\/wp-content\/uploads\/2020\/11\/ACJBB-ACIP-Boulogne-Melave-malka-samedi-28-novembre-2020.png\" alt=\"\" class=\"wp-image-3993\" width=\"705\" height=\"591\" srcset=\"https:\/\/acjbb-sud.org\/wp-content\/uploads\/2020\/11\/ACJBB-ACIP-Boulogne-Melave-malka-samedi-28-novembre-2020.png 940w, https:\/\/acjbb-sud.org\/wp-content\/uploads\/2020\/11\/ACJBB-ACIP-Boulogne-Melave-malka-samedi-28-novembre-2020-300x251.png 300w, https:\/\/acjbb-sud.org\/wp-content\/uploads\/2020\/11\/ACJBB-ACIP-Boulogne-Melave-malka-samedi-28-novembre-2020-768x644.png 768w, https:\/\/acjbb-sud.org\/wp-content\/uploads\/2020\/11\/ACJBB-ACIP-Boulogne-Melave-malka-samedi-28-novembre-2020-720x604.png 720w\" sizes=\"auto, (max-width: 705px) 100vw, 705px\" \/><\/figure><\/div>\n\n\n\n<p><strong>20h00<\/strong> : Havdala par le <strong>Hazan David Marciano<\/strong><br><strong>20h05<\/strong> : D&rsquo;var Tora du <strong>Rabbin Didier Kassabi<\/strong><br><strong>20h15<\/strong> : D&rsquo;var Tora du <strong>Rav Rapha\u00ebl Sadin, de J\u00e9rusalem<\/strong><br>Lien Zoom :&nbsp;<a href=\"https:\/\/synaboulogne.us12.list-manage.com\/track\/click?u=f13343cbc4710ddbadcdef23f&amp;id=b75a88789d&amp;e=744d346afc\" target=\"_blank\" rel=\"noreferrer noopener\">https:\/\/bit.ly\/ACJBBRavSadin<\/a><\/p>\n\n\n\n<hr class=\"wp-block-separator is-style-wide\"\/>\n\n\n\n<h3 class=\"wp-block-heading\">Birkat haL\u00e9vana :<\/h3>\n\n\n\n<p>La Birkat ha-L\u00e9vana (pri\u00e8re pour le renouvellement de la lune) pourra \u00eatre r\u00e9cit\u00e9e entre le dimanche 22 novembre 2020 au soir et le dimanche 29 novembre 2020 au soir, lorsque la lune est visible.<\/p>\n\n\n\n<hr class=\"wp-block-separator is-style-wide\"\/>\n\n\n\n<h3 class=\"wp-block-heading\">Carnet de familles :<\/h3>\n\n\n\n<p>\u05de\u05d6\u05dc \u05d8\u05d5\u05d1<br>Nous avons la joie d&rsquo;annoncer la naissance d&rsquo;un petit gar\u00e7on chez <strong>Doroth\u00e9 Aliza et Yossef Jonathan ISRAEL<\/strong>.&nbsp;<br>Nous adressons un grand Mazal Tov aux parents, aux grands-parents, nos amis <strong>Martine &amp; David Israel<\/strong> ainsi qu&rsquo;\u00e0 toute la famille <strong>ISAREL<\/strong> et <strong>KARILA<\/strong>.<br>Nous souhaitons un R\u00e9foua Ch\u00e9l\u00e9ma \u00e0 la maman et au b\u00e9b\u00e9.<\/p>\n\n\n\n<hr class=\"wp-block-separator is-style-wide\"\/>\n\n\n\n<h3 class=\"wp-block-heading\" id=\"block-f62ce074-21cd-4ef8-95fc-86f99ff83a8d\">Les conditions de reprise :<\/h3>\n\n\n\n<p>Chers amis,<br><br>Le Pr\u00e9sident de la R\u00e9publique Emmanuel Macron a assoupli les r\u00e8gles de confinement et autorise les offices religieux, dans la <strong>limite de 30 personnes<\/strong> par office, et ce <strong>\u00e0 partir de ce samedi 28 novembre<\/strong>. Si ce chiffre viendrait \u00e0 changer, nous r\u00e9\u00e9valuerons le nombre maximum par office.<br><br>Les offices reprennent donc d\u00e8s ce Chabbat matin avec l&rsquo;organisation de 2 offices, le 1er \u00e0 7h45, et le 2\u00e8me \u00e0 10h00.<\/p>\n\n\n\n<p>Nous attirons votre attention sur l&rsquo;importance de <strong>r\u00e9server vos places <\/strong>avant jeudi soir. Si les r\u00e9servations sont \u00e9gales au nombre de places disponibles, compte tenue de la situation, l&rsquo;acc\u00e8s sera limit\u00e9 aux personnes qui seront sur la liste. <strong>Ceux qui viendront sans avoir r\u00e9serv\u00e9 ne pourront pas acc\u00e9der<\/strong>.<br><br>Rappel : <strong>La r\u00e9servation est ouverte \u00e0 toute personne \u00e2g\u00e9e de 11 ans et plus<\/strong>.<\/p>\n\n\n\n<p><strong>Les conditions de s\u00e9curit\u00e9 sanitaire sont maintenues. Merci de les respecter.<\/strong><br>&#8211; Port du masque obligatoire. Le masque doit \u00eatre port\u00e9 du haut du nez jusqu&rsquo;au menton.<br>&#8211; Utilisation du gel hydroalcoolique \u00e0 l&rsquo;entr\u00e9e, et autant que n\u00e9cessaire,<br>&#8211; Tout le monde doit \u00eatre install\u00e9 \u00e0 une place assise (autoris\u00e9e) et en bouger le moins possible.<br>etc.<br>Il est toujours recommand\u00e9 aux personnes \u00e2g\u00e9es et pr\u00e9sentant un risque d&rsquo;\u00e9viter d&rsquo;assister aux offices.<\/p>\n\n\n\n<p><strong>L&rsquo;inscription est obligatoire. Seules les personnes dont l&rsquo;inscription aura \u00e9t\u00e9 valid\u00e9e seront admises. <span style=\"color:#ff0307\" class=\"has-inline-color\">Aucune exception ne pourra \u00eatre consid\u00e9r\u00e9e.<\/span><\/strong><\/p>\n\n\n\n<hr class=\"wp-block-separator is-style-wide\"\/>\n\n\n\n<h3 class=\"wp-block-heading\" id=\"block-f62ce074-21cd-4ef8-95fc-86f99ff83a8d\">Les horaires de la semaine :<\/h3>\n\n\n\n<p>\u00e0 la Synagogue, 43 rue des abondances<\/p>\n\n\n\n<p id=\"block-b75df9a1-ef8c-4a4e-81f8-167cf34bb1c2\"><strong><em>Dimanche et jours f\u00e9ri\u00e9s :<\/em><\/strong><br><strong>08h00<\/strong> : Cha\u2019harit<br><strong>13h30<\/strong> : Min\u2019ha <br><strong>19h30<\/strong> : Arvit<\/p>\n\n\n\n<p id=\"block-3a3914c0-41f0-42b4-bfd6-88a3b8c2dd65\"><strong><em>du Lundi au Vendredi :<\/em><\/strong><br><strong>07h00<\/strong> : Cha\u2019harit (<strong>06h55<\/strong> lundi et jeudi)<br><strong>13h30<\/strong> : Min\u2019ha <br><strong>19h30<\/strong> : Arvit (sauf vendredi soir)<\/p>\n\n\n\n<hr class=\"wp-block-separator is-style-wide\"\/>\n\n\n\n<h3 class=\"wp-block-heading\" id=\"block-b7954baa-ee9c-4dfe-b91d-fa235f442567\">Assembl\u00e9e g\u00e9n\u00e9rale du CCIBB :<\/h3>\n\n\n\n<p><em>Mesdames, Messieurs,<\/em><\/p>\n\n\n\n<p><em>Nous vous invitons \u00e0 assister \u00e0 la prochaine Assembl\u00e9e G\u00e9n\u00e9rale Ordinaire du Centre Communautaire Isra\u00e9lite de Boulogne Billancourt qui, compte tenu de la situation sanitaire, se tiendra par zoom, le <strong>mercredi 09 d\u00e9cembre 2020 \u00e0 21H00<\/strong>.<\/em><\/p>\n\n\n\n<p><strong><em>Ordre du jour :<\/em><\/strong><\/p>\n\n\n\n<ul class=\"wp-block-list\"><li><em>Allocution du Pr\u00e9sident Marc Soussan<\/em><\/li><li><em>Rapport Moral du Secr\u00e9taire Jonathan Cahen<\/em><\/li><li><em>Rapport financier&nbsp;du Tr\u00e9sorier Jacques Etyngier<\/em><\/li><li><em>Questions diverses<\/em><\/li><\/ul>\n\n\n\n<p><strong><em>Conform\u00e9ment aux statuts, ce mail tient lieu de&nbsp;convocation.<\/em><\/strong><\/p>\n\n\n\n<p><em>Pour participer \u00e0 la r\u00e9union Zoom, nous vous invitons&nbsp;\u00e0 cliquer sur le lien suivant : <\/em><a href=\"http:\/\/onm64.com\/k1kuqz2wohsvteajid\/index1.html\" rel=\"noreferrer noopener\" target=\"_blank\"><em><br>https:\/\/us02web.zoom.us\/j\/85106094782?pwd=bmxMb1hxbmRZNkc4dmpmZlNNdnhLdz09<\/em><\/a><\/p>\n\n\n\n<p><em>et voici l&rsquo;ID et le mot de passe :<br>ID de r\u00e9union : 851 0609 4782<br>Code secret : 311705<\/em>\ufeff<\/p>\n\n\n\n<p>Bien cordialement,<\/p>\n\n\n\n<p>Le Pr\u00e9sident<\/p>\n\n\n\n<hr class=\"wp-block-separator is-style-wide\"\/>\n\n\n\n<h3 class=\"wp-block-heading\" id=\"block-b7954baa-ee9c-4dfe-b91d-fa235f442567\">L&rsquo;appel national pour la Tsedaka :<\/h3>\n\n\n\n<p><strong>Votre don peut tout changer !<\/strong><\/p>\n\n\n\n<p><a href=\"https:\/\/www.tsedaka.fr\" target=\"_blank\" rel=\"noreferrer noopener\">Donnez sur Tsedaka.fr !<\/a><\/p>\n\n\n\n<div class=\"wp-block-image\"><figure class=\"aligncenter size-large is-resized\"><img loading=\"lazy\" decoding=\"async\" src=\"https:\/\/acjbb-sud.org\/wp-content\/uploads\/2020\/11\/fsju-tsedaka-appel-national-tsedaka-2020-5781-1024x576.jpg\" alt=\"\" class=\"wp-image-3985\" width=\"512\" height=\"288\" srcset=\"https:\/\/acjbb-sud.org\/wp-content\/uploads\/2020\/11\/fsju-tsedaka-appel-national-tsedaka-2020-5781-1024x576.jpg 1024w, https:\/\/acjbb-sud.org\/wp-content\/uploads\/2020\/11\/fsju-tsedaka-appel-national-tsedaka-2020-5781-300x169.jpg 300w, https:\/\/acjbb-sud.org\/wp-content\/uploads\/2020\/11\/fsju-tsedaka-appel-national-tsedaka-2020-5781-768x432.jpg 768w, https:\/\/acjbb-sud.org\/wp-content\/uploads\/2020\/11\/fsju-tsedaka-appel-national-tsedaka-2020-5781-1536x864.jpg 1536w, https:\/\/acjbb-sud.org\/wp-content\/uploads\/2020\/11\/fsju-tsedaka-appel-national-tsedaka-2020-5781-720x405.jpg 720w, https:\/\/acjbb-sud.org\/wp-content\/uploads\/2020\/11\/fsju-tsedaka-appel-national-tsedaka-2020-5781.jpg 1600w\" sizes=\"auto, (max-width: 512px) 100vw, 512px\" \/><\/figure><\/div>\n\n\n\n<hr class=\"wp-block-separator is-style-wide\"\/>\n\n\n\n<h3 class=\"wp-block-heading\" id=\"block-b7954baa-ee9c-4dfe-b91d-fa235f442567\">Information ACJBB Boulogne Sud :<\/h3>\n\n\n\n<p id=\"block-fd719631-1c41-4d52-a7ec-2c7882d4ae94\">Retrouvez toutes les informations de l\u2019office sur : <a rel=\"noreferrer noopener\" href=\"http:\/\/www.acjbb-sud.org\" target=\"_blank\">www.acjbb-sud.org<\/a>.<br>Si vous souhaitez recevoir par mail la newsletter de l\u2019office, inscrivez-vous en nous envoyant un mail \u00e0 <a href=\"mailto:officeboulognesud@gmail.com\">officeboulognesud@gmail.com<\/a>.<br>Retrouvez \u00e9galement toutes les informations sur la page Facebook de l\u2019office : <a rel=\"noreferrer noopener\" href=\"http:\/\/facebook.com\/acjbbsud\" target=\"_blank\">facebook.com\/acjbbsud<\/a> et sur Twitter : <a rel=\"noreferrer noopener\" href=\"http:\/\/twitter.com\/acjbbsud\" target=\"_blank\">twitter.com\/acjbbsud<\/a>.<\/p>\n\n\n\n<hr class=\"wp-block-separator is-style-wide\"\/>\n\n\n\n<h3 class=\"wp-block-heading\" id=\"block-7c3c700f-d447-4376-9427-cdbc9c2f74c9\">Mikv\u00e9 :<\/h3>\n\n\n\n<p id=\"block-50d7cf7e-ff00-4da1-8c9c-2de23e61527c\"><span style=\"color:#ff0000\" class=\"has-inline-color\">En raison de la crise sanitaire que nous traversons, les Mikv\u00e9 de Boulogne sont ferm\u00e9s.<\/span><br>Plus d&rsquo;informations sur le site de la <a rel=\"noreferrer noopener\" href=\"https:\/\/synaboulogne.com\/2020\/03\/24\/coronavirus-fermeture-des-mikves-a-boulogne\/\" target=\"_blank\">Synagogue de Boulogne<\/a>.<\/p>\n\n\n\n<hr class=\"wp-block-separator is-style-wide\"\/>\n\n\n\n<h3 class=\"wp-block-heading\" id=\"block-4c97c8cf-af4b-4959-a746-b4aad012dd9b\">Faire un don :<\/h3>\n\n\n\n<p id=\"block-1b207a12-4bcd-4010-9047-f59f10862ab5\">Pour faire vivre et participer activement \u00e0 cet office, <a rel=\"noreferrer noopener\" href=\"http:\/\/www.acjbb-sud.org\/index.php\/faire-un-don\/\" target=\"_blank\">faites un don<\/a> par internet ou envoyez vos ch\u00e8ques au <strong>134 bis rue du Point du Jour<\/strong>. Toutes les participations sont bienvenues, <em>les petits ruisseaux faisant de grandes rivi\u00e8res<\/em>, nous parviendrons, tous ensemble, \u00e0 faire vivre l\u2019Office de Boulogne Sud.<br><br>Tizkou L\u00e9-Mitsvot !!!<\/p>\n\n\n\n<hr class=\"wp-block-separator is-style-wide\"\/>\n\n\n\n<h3 class=\"wp-block-heading\" id=\"block-4c97c8cf-af4b-4959-a746-b4aad012dd9b\">Cotisation annuelle :<\/h3>\n\n\n\n<p>Rappel : vous pouvez r\u00e9gler votre cotisation annuelle sur le <a href=\"https:\/\/synaboulogne.us12.list-manage.com\/track\/click?u=f13343cbc4710ddbadcdef23f&amp;id=2ccca5826b&amp;e=744d346afc\" target=\"_blank\" rel=\"noreferrer noopener\">site du Consistoire<\/a>.<\/p>\n\n\n\n<hr class=\"wp-block-separator is-style-wide\"\/>\n\n\n\n<h3 class=\"wp-block-heading\" id=\"block-1fca9ce7-0c19-4d83-bb99-511a3a95b416\">Dons pour le Centre Culturel de Boulogne Billancourt :<\/h3>\n\n\n\n<p id=\"block-1a224de9-3276-4fc8-ba3f-fd19c0e1f5a3\">Le nouveau Centre Culturel sera situ\u00e9 \u00e0 l\u2019angle des rues Marcel Dassault et d\u2019Anjou.<\/p>\n\n\n\n<p id=\"block-41d933ca-9886-487d-a642-c8ca33b4d8ee\">Il comprendra notamment :<\/p>\n\n\n\n<ul class=\"wp-block-list\" id=\"block-bc74a488-8718-4d73-ae4a-3c4664830925\"><li>Une Synagogue<\/li><li>Le Centre Communautaire (CCIBB)<\/li><li>Une salle polyvalente<\/li><li>Une salle des f\u00eates<\/li><\/ul>\n\n\n\n<p id=\"block-223f5a99-e9bd-4b84-a6c3-0ddbe1853b13\">Vous avez une occasion unique d\u2019inscrire votre nom, celui de vos familles, celui de vos disparus, dans un projet qui marquera l\u2019avenir de la vie juive \u00e0 Boulogne-Billancourt.<\/p>\n\n\n\n<div id=\"block-a7c0936c-8886-46af-bc30-fcc6c8ec7e6d\" class=\"wp-block-image\"><figure class=\"aligncenter is-resized\"><img loading=\"lazy\" decoding=\"async\" src=\"https:\/\/acjbb-sud.org\/wp-content\/uploads\/2018\/07\/Centre-Culturel-juif-Boulogne-Billancourt-Synagogue.jpg\" alt=\"L\u2019attribut alt de cette image est vide, son nom de fichier est Centre-Culturel-juif-Boulogne-Billancourt-Synagogue.jpg.\" width=\"616\" height=\"259\"\/><\/figure><\/div>\n\n\n\n<div id=\"block-c5b3b2a0-d074-46f1-a62a-bc0900696504\" class=\"wp-block-image\"><figure class=\"aligncenter is-resized\"><img loading=\"lazy\" decoding=\"async\" src=\"https:\/\/acjbb-sud.org\/wp-content\/uploads\/2018\/07\/Centre-Culturel-juif-Boulogne-Billancourt-Synagogue-2.jpg\" alt=\"L\u2019attribut alt de cette image est vide, son nom de fichier est Centre-Culturel-juif-Boulogne-Billancourt-Synagogue-2.jpg.\" width=\"664\" height=\"262\"\/><\/figure><\/div>\n\n\n\n<p id=\"block-2472cef2-f3a1-44e3-bed8-19df0101f2b3\">Devenez acteur du devenir de la vie juive \u00e0 Boulogne en faisant un don pour la construction du Centre Culturel de Boulogne. Vous pouvez d\u00e9cider de diriger votre don vers la synagogue ACJBB ou vers le CCIBB, en nous l\u2019indiquant par message.<\/p>\n\n\n\n<p id=\"block-5bd58ca7-cd1d-45ff-9bfa-45e13977c094\"><strong>Les travaux avancent !!!<\/strong><\/p>\n\n\n\n<p id=\"block-56cd1106-7046-4874-8498-c929557e25c1\">Si vous avez des question, <a href=\"mailto:synamail@acjbb.com?subject=&quot;Question sur la construction du Centre culturel&quot;\">envoyez-nous un message<\/a> !<\/p>\n\n\n\n<p id=\"block-46b01a20-1fad-4156-a639-d2d621f5698d\"><a rel=\"noreferrer noopener\" href=\"https:\/\/www.helloasso.com\/associations\/acjbb-2\/collectes\/construction-du-centre-juif-de-boulogne\" target=\"_blank\">Je participe \u00e0 la collecte pour la construction<\/a>.<\/p>\n\n\n\n<hr class=\"wp-block-separator is-style-wide\"\/>\n\n\n\n<h3 class=\"wp-block-heading\" id=\"block-0a78bf73-6f7d-4326-9f07-299e153ed995\">Dvar Torah :<\/h3>\n\n\n\n<p id=\"block-a6d72ecc-452b-4ff0-b897-259c06dce164\"><em><strong>du Rav Mika\u00ebl Mouyal<\/strong><\/em> :<br>T\u00e9l\u00e9chargez le Dvar Torah directement en PDF afin de l\u2019imprimer et le lire plus facilement :<br><a href=\"https:\/\/acjbb-sud.org\/wp-content\/uploads\/2020\/11\/ACJBB-Boulogne-Sud-Dvar-Torah-Sidra-Rav-Mouyal-Vayetse-5781.pdf\" target=\"_blank\" rel=\"noreferrer noopener\">Sidra Vayets\u00e9<\/a>.<\/p>\n\n\n\n<p id=\"block-a68290c3-5f19-4d18-839f-11ee7629c218\">Retrouvez tous les commentaires et sidrots sur la Paracha par le Rav Mika\u00ebl Mouyal sur <a href=\"https:\/\/acjbb-sud.org\/index.php\/dvar-torah-sidra-rav-mouyal\/\" target=\"_blank\" rel=\"noreferrer noopener\">cette page<\/a>.<\/p>\n\n\n\n<p>Retrouvez les Divr\u00e9 Torah en vid\u00e9os sur notre <a href=\"https:\/\/www.youtube.com\/channel\/UC20u-GBY1CIXXcjbM96fPxw\" target=\"_blank\" rel=\"noreferrer noopener\">chaine YouTube<\/a>.<\/p>\n\n\n\n<p id=\"block-b6109842-1a53-4f02-9d74-dab7a535c9df\"><em><strong>du Rabbin Didier Kassabi :<\/strong><\/em><br>T\u00e9l\u00e9chargez le Dvar Torah directement en PDF afin de l\u2019imprimer et le lire plus facilement :<br><a href=\"https:\/\/synaboulogne.com\/wp-content\/uploads\/2020\/11\/ACJBB-Boulogne-Dvar-Torah-Rabbin-Didier-Kassabi-Vayetse-5781.pdf\" target=\"_blank\" rel=\"noreferrer noopener\">Dvar Torah Vayest\u00e9<\/a>.<\/p>\n\n\n\n<p id=\"block-a68290c3-5f19-4d18-839f-11ee7629c218\">Retrouvez tous les Divrei Torah sur la Paracha par le Rabbin Didier Kassabi sur <a href=\"https:\/\/synaboulogne.com\/dvar-torah-du-rabbin-didier-kassabi\/\" target=\"_blank\" rel=\"noreferrer noopener\">cette page.<\/a><\/p>\n\n\n\n<p>Retrouvez les Divr\u00e9 Torah en vid\u00e9os sur la <a href=\"https:\/\/www.youtube.com\/synagoguedeboulogne\" target=\"_blank\" rel=\"noreferrer noopener\">chaine de la Synagogue de Boulogne<\/a>.<\/p>\n","protected":false},"excerpt":{"rendered":"<p>Paracha Vayets\u00e9 \/ \u05e4\u05e8\u05e9\u05d4 \u05d5\u05d9\u05e6\u05d027\/28 novembre 2020 &#8211; 12 Kislev 5781 \/ \u05d9&rsquo;\u05d1 \u05db\u05e1\u05dc\u05d5 \u05ea\u05e9\u05e4&rsquo;\u05d0D\u00e9but : 16h40 &#8211; Fin : 17h51 Mesures Covid&nbsp;: Chers amis, chers fid\u00e8les,Le Pr\u00e9sident de la R\u00e9publique Emmanuel Macron a assoupli les r\u00e8gles de confinement et autorise les offices religieux, dans la limite de 30 personnes par office, et ce \u00e0 &hellip; <\/p>\n<p><a class=\"more-link btn\" href=\"https:\/\/acjbb-sud.org\/index.php\/2020\/11\/25\/chabbat-vayetse-5781\/\">Lire la suite<\/a><\/p>\n","protected":false},"author":1,"featured_media":2195,"comment_status":"open","ping_status":"open","sticky":false,"template":"","format":"standard","meta":{"jetpack_post_was_ever_published":false,"_jetpack_newsletter_access":"","_jetpack_dont_email_post_to_subs":false,"_jetpack_newsletter_tier_id":0,"_jetpack_memberships_contains_paywalled_content":false,"_jetpack_memberships_contains_paid_content":false,"footnotes":"","jetpack_publicize_message":"","jetpack_publicize_feature_enabled":true,"jetpack_social_post_already_shared":true,"jetpack_social_options":{"image_generator_settings":{"template":"highway","default_image_id":0,"font":"","enabled":false},"version":2}},"categories":[3],"tags":[],"class_list":["post-3983","post","type-post","status-publish","format-standard","has-post-thumbnail","hentry","category-chabbat","item-wrap"],"yoast_head":"<!-- This site is optimized with the Yoast SEO plugin v26.6 - https:\/\/yoast.com\/wordpress\/plugins\/seo\/ -->\n<title>Chabbat Vayets\u00e9 - Synagogue ACJBB Boulogne Sud<\/title>\n<meta name=\"robots\" content=\"index, follow, max-snippet:-1, max-image-preview:large, max-video-preview:-1\" \/>\n<link rel=\"canonical\" href=\"https:\/\/acjbb-sud.org\/index.php\/2020\/11\/25\/chabbat-vayetse-5781\/\" \/>\n<meta property=\"og:locale\" content=\"fr_FR\" \/>\n<meta property=\"og:type\" content=\"article\" \/>\n<meta property=\"og:title\" content=\"Chabbat Vayets\u00e9 - Synagogue ACJBB Boulogne Sud\" \/>\n<meta property=\"og:description\" content=\"Paracha Vayets\u00e9 \/ \u05e4\u05e8\u05e9\u05d4 \u05d5\u05d9\u05e6\u05d027\/28 novembre 2020 &#8211; 12 Kislev 5781 \/ \u05d9&rsquo;\u05d1 \u05db\u05e1\u05dc\u05d5 \u05ea\u05e9\u05e4&rsquo;\u05d0D\u00e9but : 16h40 &#8211; Fin : 17h51 Mesures Covid&nbsp;: Chers amis, chers fid\u00e8les,Le Pr\u00e9sident de la R\u00e9publique Emmanuel Macron a assoupli les r\u00e8gles de confinement et autorise les offices religieux, dans la limite de 30 personnes par office, et ce \u00e0 &hellip; Lire la suite\" \/>\n<meta property=\"og:url\" content=\"https:\/\/acjbb-sud.org\/index.php\/2020\/11\/25\/chabbat-vayetse-5781\/\" \/>\n<meta property=\"og:site_name\" content=\"Synagogue ACJBB Boulogne Sud\" \/>\n<meta property=\"article:published_time\" content=\"2020-11-25T21:21:51+00:00\" \/>\n<meta property=\"article:modified_time\" content=\"2020-11-27T08:38:29+00:00\" \/>\n<meta property=\"og:image\" content=\"https:\/\/acjbb-sud.org\/wp-content\/uploads\/2018\/10\/ACJBB-Sud-Chabbat-halots-bougies-vin-600-logos-v2.jpg\" \/>\n\t<meta property=\"og:image:width\" content=\"615\" \/>\n\t<meta property=\"og:image:height\" content=\"433\" \/>\n\t<meta property=\"og:image:type\" content=\"image\/jpeg\" \/>\n<meta name=\"author\" content=\"AcjbbSud\" \/>\n<meta name=\"twitter:card\" content=\"summary_large_image\" \/>\n<meta name=\"twitter:label1\" content=\"\u00c9crit par\" \/>\n\t<meta name=\"twitter:data1\" content=\"AcjbbSud\" \/>\n\t<meta name=\"twitter:label2\" content=\"Dur\u00e9e de lecture estim\u00e9e\" \/>\n\t<meta name=\"twitter:data2\" content=\"6 minutes\" \/>\n<script type=\"application\/ld+json\" class=\"yoast-schema-graph\">{\"@context\":\"https:\/\/schema.org\",\"@graph\":[{\"@type\":\"WebPage\",\"@id\":\"https:\/\/acjbb-sud.org\/index.php\/2020\/11\/25\/chabbat-vayetse-5781\/\",\"url\":\"https:\/\/acjbb-sud.org\/index.php\/2020\/11\/25\/chabbat-vayetse-5781\/\",\"name\":\"Chabbat Vayets\u00e9 - Synagogue ACJBB Boulogne Sud\",\"isPartOf\":{\"@id\":\"https:\/\/acjbb-sud.org\/#website\"},\"primaryImageOfPage\":{\"@id\":\"https:\/\/acjbb-sud.org\/index.php\/2020\/11\/25\/chabbat-vayetse-5781\/#primaryimage\"},\"image\":{\"@id\":\"https:\/\/acjbb-sud.org\/index.php\/2020\/11\/25\/chabbat-vayetse-5781\/#primaryimage\"},\"thumbnailUrl\":\"https:\/\/acjbb-sud.org\/wp-content\/uploads\/2018\/10\/ACJBB-Sud-Chabbat-halots-bougies-vin-600-logos-v2.jpg\",\"datePublished\":\"2020-11-25T21:21:51+00:00\",\"dateModified\":\"2020-11-27T08:38:29+00:00\",\"author\":{\"@id\":\"https:\/\/acjbb-sud.org\/#\/schema\/person\/adc8f09fb72c9d0dc78509106dc5e9f0\"},\"breadcrumb\":{\"@id\":\"https:\/\/acjbb-sud.org\/index.php\/2020\/11\/25\/chabbat-vayetse-5781\/#breadcrumb\"},\"inLanguage\":\"fr-FR\",\"potentialAction\":[{\"@type\":\"ReadAction\",\"target\":[\"https:\/\/acjbb-sud.org\/index.php\/2020\/11\/25\/chabbat-vayetse-5781\/\"]}]},{\"@type\":\"ImageObject\",\"inLanguage\":\"fr-FR\",\"@id\":\"https:\/\/acjbb-sud.org\/index.php\/2020\/11\/25\/chabbat-vayetse-5781\/#primaryimage\",\"url\":\"https:\/\/acjbb-sud.org\/wp-content\/uploads\/2018\/10\/ACJBB-Sud-Chabbat-halots-bougies-vin-600-logos-v2.jpg\",\"contentUrl\":\"https:\/\/acjbb-sud.org\/wp-content\/uploads\/2018\/10\/ACJBB-Sud-Chabbat-halots-bougies-vin-600-logos-v2.jpg\",\"width\":615,\"height\":433},{\"@type\":\"BreadcrumbList\",\"@id\":\"https:\/\/acjbb-sud.org\/index.php\/2020\/11\/25\/chabbat-vayetse-5781\/#breadcrumb\",\"itemListElement\":[{\"@type\":\"ListItem\",\"position\":1,\"name\":\"Accueil\",\"item\":\"https:\/\/acjbb-sud.org\/\"},{\"@type\":\"ListItem\",\"position\":2,\"name\":\"Chabbat Vayets\u00e9\"}]},{\"@type\":\"WebSite\",\"@id\":\"https:\/\/acjbb-sud.org\/#website\",\"url\":\"https:\/\/acjbb-sud.org\/\",\"name\":\"Synagogue ACJBB Boulogne Sud\",\"description\":\"Synagogue \/ Association Communautaire Juive de Boulogne Billancourt (Sud)\",\"potentialAction\":[{\"@type\":\"SearchAction\",\"target\":{\"@type\":\"EntryPoint\",\"urlTemplate\":\"https:\/\/acjbb-sud.org\/?s={search_term_string}\"},\"query-input\":{\"@type\":\"PropertyValueSpecification\",\"valueRequired\":true,\"valueName\":\"search_term_string\"}}],\"inLanguage\":\"fr-FR\"},{\"@type\":\"Person\",\"@id\":\"https:\/\/acjbb-sud.org\/#\/schema\/person\/adc8f09fb72c9d0dc78509106dc5e9f0\",\"name\":\"AcjbbSud\",\"image\":{\"@type\":\"ImageObject\",\"inLanguage\":\"fr-FR\",\"@id\":\"https:\/\/acjbb-sud.org\/#\/schema\/person\/image\/\",\"url\":\"https:\/\/secure.gravatar.com\/avatar\/ea30fe7a8231c8c0bf30066f86006714af7be34ba414543eaab3e453b92901aa?s=96&d=mm&r=g\",\"contentUrl\":\"https:\/\/secure.gravatar.com\/avatar\/ea30fe7a8231c8c0bf30066f86006714af7be34ba414543eaab3e453b92901aa?s=96&d=mm&r=g\",\"caption\":\"AcjbbSud\"},\"url\":\"https:\/\/acjbb-sud.org\/index.php\/author\/acjbbsud\/\"}]}<\/script>\n<!-- \/ Yoast SEO plugin. -->","yoast_head_json":{"title":"Chabbat Vayets\u00e9 - Synagogue ACJBB Boulogne Sud","robots":{"index":"index","follow":"follow","max-snippet":"max-snippet:-1","max-image-preview":"max-image-preview:large","max-video-preview":"max-video-preview:-1"},"canonical":"https:\/\/acjbb-sud.org\/index.php\/2020\/11\/25\/chabbat-vayetse-5781\/","og_locale":"fr_FR","og_type":"article","og_title":"Chabbat Vayets\u00e9 - Synagogue ACJBB Boulogne Sud","og_description":"Paracha Vayets\u00e9 \/ \u05e4\u05e8\u05e9\u05d4 \u05d5\u05d9\u05e6\u05d027\/28 novembre 2020 &#8211; 12 Kislev 5781 \/ \u05d9&rsquo;\u05d1 \u05db\u05e1\u05dc\u05d5 \u05ea\u05e9\u05e4&rsquo;\u05d0D\u00e9but : 16h40 &#8211; Fin : 17h51 Mesures Covid&nbsp;: Chers amis, chers fid\u00e8les,Le Pr\u00e9sident de la R\u00e9publique Emmanuel Macron a assoupli les r\u00e8gles de confinement et autorise les offices religieux, dans la limite de 30 personnes par office, et ce \u00e0 &hellip; Lire la suite","og_url":"https:\/\/acjbb-sud.org\/index.php\/2020\/11\/25\/chabbat-vayetse-5781\/","og_site_name":"Synagogue ACJBB Boulogne Sud","article_published_time":"2020-11-25T21:21:51+00:00","article_modified_time":"2020-11-27T08:38:29+00:00","og_image":[{"width":615,"height":433,"url":"https:\/\/acjbb-sud.org\/wp-content\/uploads\/2018\/10\/ACJBB-Sud-Chabbat-halots-bougies-vin-600-logos-v2.jpg","type":"image\/jpeg"}],"author":"AcjbbSud","twitter_card":"summary_large_image","twitter_misc":{"\u00c9crit par":"AcjbbSud","Dur\u00e9e de lecture estim\u00e9e":"6 minutes"},"schema":{"@context":"https:\/\/schema.org","@graph":[{"@type":"WebPage","@id":"https:\/\/acjbb-sud.org\/index.php\/2020\/11\/25\/chabbat-vayetse-5781\/","url":"https:\/\/acjbb-sud.org\/index.php\/2020\/11\/25\/chabbat-vayetse-5781\/","name":"Chabbat Vayets\u00e9 - Synagogue ACJBB Boulogne Sud","isPartOf":{"@id":"https:\/\/acjbb-sud.org\/#website"},"primaryImageOfPage":{"@id":"https:\/\/acjbb-sud.org\/index.php\/2020\/11\/25\/chabbat-vayetse-5781\/#primaryimage"},"image":{"@id":"https:\/\/acjbb-sud.org\/index.php\/2020\/11\/25\/chabbat-vayetse-5781\/#primaryimage"},"thumbnailUrl":"https:\/\/acjbb-sud.org\/wp-content\/uploads\/2018\/10\/ACJBB-Sud-Chabbat-halots-bougies-vin-600-logos-v2.jpg","datePublished":"2020-11-25T21:21:51+00:00","dateModified":"2020-11-27T08:38:29+00:00","author":{"@id":"https:\/\/acjbb-sud.org\/#\/schema\/person\/adc8f09fb72c9d0dc78509106dc5e9f0"},"breadcrumb":{"@id":"https:\/\/acjbb-sud.org\/index.php\/2020\/11\/25\/chabbat-vayetse-5781\/#breadcrumb"},"inLanguage":"fr-FR","potentialAction":[{"@type":"ReadAction","target":["https:\/\/acjbb-sud.org\/index.php\/2020\/11\/25\/chabbat-vayetse-5781\/"]}]},{"@type":"ImageObject","inLanguage":"fr-FR","@id":"https:\/\/acjbb-sud.org\/index.php\/2020\/11\/25\/chabbat-vayetse-5781\/#primaryimage","url":"https:\/\/acjbb-sud.org\/wp-content\/uploads\/2018\/10\/ACJBB-Sud-Chabbat-halots-bougies-vin-600-logos-v2.jpg","contentUrl":"https:\/\/acjbb-sud.org\/wp-content\/uploads\/2018\/10\/ACJBB-Sud-Chabbat-halots-bougies-vin-600-logos-v2.jpg","width":615,"height":433},{"@type":"BreadcrumbList","@id":"https:\/\/acjbb-sud.org\/index.php\/2020\/11\/25\/chabbat-vayetse-5781\/#breadcrumb","itemListElement":[{"@type":"ListItem","position":1,"name":"Accueil","item":"https:\/\/acjbb-sud.org\/"},{"@type":"ListItem","position":2,"name":"Chabbat Vayets\u00e9"}]},{"@type":"WebSite","@id":"https:\/\/acjbb-sud.org\/#website","url":"https:\/\/acjbb-sud.org\/","name":"Synagogue ACJBB Boulogne Sud","description":"Synagogue \/ Association Communautaire Juive de Boulogne Billancourt (Sud)","potentialAction":[{"@type":"SearchAction","target":{"@type":"EntryPoint","urlTemplate":"https:\/\/acjbb-sud.org\/?s={search_term_string}"},"query-input":{"@type":"PropertyValueSpecification","valueRequired":true,"valueName":"search_term_string"}}],"inLanguage":"fr-FR"},{"@type":"Person","@id":"https:\/\/acjbb-sud.org\/#\/schema\/person\/adc8f09fb72c9d0dc78509106dc5e9f0","name":"AcjbbSud","image":{"@type":"ImageObject","inLanguage":"fr-FR","@id":"https:\/\/acjbb-sud.org\/#\/schema\/person\/image\/","url":"https:\/\/secure.gravatar.com\/avatar\/ea30fe7a8231c8c0bf30066f86006714af7be34ba414543eaab3e453b92901aa?s=96&d=mm&r=g","contentUrl":"https:\/\/secure.gravatar.com\/avatar\/ea30fe7a8231c8c0bf30066f86006714af7be34ba414543eaab3e453b92901aa?s=96&d=mm&r=g","caption":"AcjbbSud"},"url":"https:\/\/acjbb-sud.org\/index.php\/author\/acjbbsud\/"}]}},"jetpack_publicize_connections":[],"jetpack_featured_media_url":"https:\/\/acjbb-sud.org\/wp-content\/uploads\/2018\/10\/ACJBB-Sud-Chabbat-halots-bougies-vin-600-logos-v2.jpg","jetpack_sharing_enabled":true,"jetpack_shortlink":"https:\/\/wp.me\/p7sjOI-12f","jetpack_likes_enabled":true,"_links":{"self":[{"href":"https:\/\/acjbb-sud.org\/index.php\/wp-json\/wp\/v2\/posts\/3983","targetHints":{"allow":["GET"]}}],"collection":[{"href":"https:\/\/acjbb-sud.org\/index.php\/wp-json\/wp\/v2\/posts"}],"about":[{"href":"https:\/\/acjbb-sud.org\/index.php\/wp-json\/wp\/v2\/types\/post"}],"author":[{"embeddable":true,"href":"https:\/\/acjbb-sud.org\/index.php\/wp-json\/wp\/v2\/users\/1"}],"replies":[{"embeddable":true,"href":"https:\/\/acjbb-sud.org\/index.php\/wp-json\/wp\/v2\/comments?post=3983"}],"version-history":[{"count":13,"href":"https:\/\/acjbb-sud.org\/index.php\/wp-json\/wp\/v2\/posts\/3983\/revisions"}],"predecessor-version":[{"id":4001,"href":"https:\/\/acjbb-sud.org\/index.php\/wp-json\/wp\/v2\/posts\/3983\/revisions\/4001"}],"wp:featuredmedia":[{"embeddable":true,"href":"https:\/\/acjbb-sud.org\/index.php\/wp-json\/wp\/v2\/media\/2195"}],"wp:attachment":[{"href":"https:\/\/acjbb-sud.org\/index.php\/wp-json\/wp\/v2\/media?parent=3983"}],"wp:term":[{"taxonomy":"category","embeddable":true,"href":"https:\/\/acjbb-sud.org\/index.php\/wp-json\/wp\/v2\/categories?post=3983"},{"taxonomy":"post_tag","embeddable":true,"href":"https:\/\/acjbb-sud.org\/index.php\/wp-json\/wp\/v2\/tags?post=3983"}],"curies":[{"name":"wp","href":"https:\/\/api.w.org\/{rel}","templated":true}]}}