{"id":400,"date":"2017-01-15T00:21:39","date_gmt":"2017-01-14T23:21:39","guid":{"rendered":"http:\/\/www.acjbb-sud.org\/?p=400"},"modified":"2017-11-21T12:18:25","modified_gmt":"2017-11-21T11:18:25","slug":"presentation-du-centre-culturel-juif-de-boulogne","status":"publish","type":"post","link":"https:\/\/acjbb-sud.org\/index.php\/2017\/01\/15\/presentation-du-centre-culturel-juif-de-boulogne\/","title":{"rendered":"Pr\u00e9sentation du Centre Culturel Juif de Boulogne"},"content":{"rendered":"<p><img loading=\"lazy\" decoding=\"async\" class=\"alignnone size-full wp-image-401\" src=\"http:\/\/acjbb-sud.org\/wp-content\/uploads\/2017\/01\/Acjbb-projet-centre-culturel-juif-boulogne-1.png\" alt=\"\" width=\"621\" height=\"416\" srcset=\"https:\/\/acjbb-sud.org\/wp-content\/uploads\/2017\/01\/Acjbb-projet-centre-culturel-juif-boulogne-1.png 621w, https:\/\/acjbb-sud.org\/wp-content\/uploads\/2017\/01\/Acjbb-projet-centre-culturel-juif-boulogne-1-300x201.png 300w, https:\/\/acjbb-sud.org\/wp-content\/uploads\/2017\/01\/Acjbb-projet-centre-culturel-juif-boulogne-1-448x300.png 448w\" sizes=\"auto, (max-width: 621px) 100vw, 621px\" \/><\/p>\n<p><img loading=\"lazy\" decoding=\"async\" class=\"alignnone size-full wp-image-402\" src=\"http:\/\/acjbb-sud.org\/wp-content\/uploads\/2017\/01\/Acjbb-projet-centre-culturel-juif-boulogne-invit-1.png\" alt=\"\" width=\"793\" height=\"377\" srcset=\"https:\/\/acjbb-sud.org\/wp-content\/uploads\/2017\/01\/Acjbb-projet-centre-culturel-juif-boulogne-invit-1.png 793w, https:\/\/acjbb-sud.org\/wp-content\/uploads\/2017\/01\/Acjbb-projet-centre-culturel-juif-boulogne-invit-1-300x143.png 300w, https:\/\/acjbb-sud.org\/wp-content\/uploads\/2017\/01\/Acjbb-projet-centre-culturel-juif-boulogne-invit-1-768x365.png 768w, https:\/\/acjbb-sud.org\/wp-content\/uploads\/2017\/01\/Acjbb-projet-centre-culturel-juif-boulogne-invit-1-500x238.png 500w\" sizes=\"auto, (max-width: 793px) 100vw, 793px\" \/><\/p>\n<h1 class=\"null\">Pr\u00e9sentation du projet aux riverains<\/h1>\n<p style=\"text-align: left;\">\nLe projet de construction du Centre Culturel Juif de Boulogne passe maintenant en phase active. Le permis de construire est d\u00e9livr\u00e9 par la Mairie depuis le 18 d\u00e9cembre 2016. Le permis de construire va \u00eatre affich\u00e9.<\/p>\n<p>Le Maire <strong>Pierre-Christophe Baguet<\/strong> a souhait\u00e9 pr\u00e9senter le projet aux riverains et sera pr\u00e9sent<br \/>\n<strong>mardi 17 janvier \u00e0 19h30<br \/>\ndans le pr\u00e9au de l&rsquo;Ecole Thiers, <\/strong><br \/>\n85 rue Thiers \u00e0 Boulogne-Billancourt.<\/p>\n<p>Vous \u00eates tous convi\u00e9s \u00e0 participer \u00e0 cette r\u00e9union importante pour l&rsquo;avenir de notre Centre Culturel Juif de Boulogne.<\/p>\n<p><strong>Nous comptons sur votre pr\u00e9sence..<\/strong><\/p>\n","protected":false},"excerpt":{"rendered":"<p>Pr\u00e9sentation du projet aux riverains Le projet de construction du Centre Culturel Juif de Boulogne passe maintenant en phase active. Le permis de construire est d\u00e9livr\u00e9 par la Mairie depuis le 18 d\u00e9cembre 2016. Le permis de construire va \u00eatre affich\u00e9. Le Maire Pierre-Christophe Baguet a souhait\u00e9 pr\u00e9senter le projet aux riverains et sera pr\u00e9sent &hellip; <\/p>\n<p><a class=\"more-link btn\" href=\"https:\/\/acjbb-sud.org\/index.php\/2017\/01\/15\/presentation-du-centre-culturel-juif-de-boulogne\/\">Lire la suite<\/a><\/p>\n","protected":false},"author":1,"featured_media":0,"comment_status":"open","ping_status":"open","sticky":false,"template":"","format":"standard","meta":{"jetpack_post_was_ever_published":false,"_jetpack_newsletter_access":"","_jetpack_dont_email_post_to_subs":false,"_jetpack_newsletter_tier_id":0,"_jetpack_memberships_contains_paywalled_content":false,"_jetpack_memberships_contains_paid_content":false,"footnotes":"","jetpack_publicize_message":"","jetpack_publicize_feature_enabled":true,"jetpack_social_post_already_shared":true,"jetpack_social_options":{"image_generator_settings":{"template":"highway","default_image_id":0,"font":"","enabled":false},"version":2}},"categories":[186,1],"tags":[],"class_list":["post-400","post","type-post","status-publish","format-standard","hentry","category-actualite","category-non-classe","item-wrap"],"yoast_head":"<!-- This site is optimized with the Yoast SEO plugin v26.6 - https:\/\/yoast.com\/wordpress\/plugins\/seo\/ -->\n<title>Pr\u00e9sentation du Centre Culturel Juif de Boulogne - Synagogue ACJBB Boulogne Sud<\/title>\n<meta name=\"robots\" content=\"index, follow, max-snippet:-1, max-image-preview:large, max-video-preview:-1\" \/>\n<link rel=\"canonical\" href=\"https:\/\/acjbb-sud.org\/index.php\/2017\/01\/15\/presentation-du-centre-culturel-juif-de-boulogne\/\" \/>\n<meta property=\"og:locale\" content=\"fr_FR\" \/>\n<meta property=\"og:type\" content=\"article\" \/>\n<meta property=\"og:title\" content=\"Pr\u00e9sentation du Centre Culturel Juif de Boulogne - Synagogue ACJBB Boulogne Sud\" \/>\n<meta property=\"og:description\" content=\"Pr\u00e9sentation du projet aux riverains Le projet de construction du Centre Culturel Juif de Boulogne passe maintenant en phase active. Le permis de construire est d\u00e9livr\u00e9 par la Mairie depuis le 18 d\u00e9cembre 2016. Le permis de construire va \u00eatre affich\u00e9. Le Maire Pierre-Christophe Baguet a souhait\u00e9 pr\u00e9senter le projet aux riverains et sera pr\u00e9sent &hellip; Lire la suite\" \/>\n<meta property=\"og:url\" content=\"https:\/\/acjbb-sud.org\/index.php\/2017\/01\/15\/presentation-du-centre-culturel-juif-de-boulogne\/\" \/>\n<meta property=\"og:site_name\" content=\"Synagogue ACJBB Boulogne Sud\" \/>\n<meta property=\"article:published_time\" content=\"2017-01-14T23:21:39+00:00\" \/>\n<meta property=\"article:modified_time\" content=\"2017-11-21T11:18:25+00:00\" \/>\n<meta property=\"og:image\" content=\"http:\/\/acjbb-sud.org\/wp-content\/uploads\/2017\/01\/Acjbb-projet-centre-culturel-juif-boulogne-1.png\" \/>\n<meta name=\"author\" content=\"AcjbbSud\" \/>\n<meta name=\"twitter:card\" content=\"summary_large_image\" \/>\n<meta name=\"twitter:label1\" content=\"\u00c9crit par\" \/>\n\t<meta name=\"twitter:data1\" content=\"AcjbbSud\" \/>\n<script type=\"application\/ld+json\" class=\"yoast-schema-graph\">{\"@context\":\"https:\/\/schema.org\",\"@graph\":[{\"@type\":\"WebPage\",\"@id\":\"https:\/\/acjbb-sud.org\/index.php\/2017\/01\/15\/presentation-du-centre-culturel-juif-de-boulogne\/\",\"url\":\"https:\/\/acjbb-sud.org\/index.php\/2017\/01\/15\/presentation-du-centre-culturel-juif-de-boulogne\/\",\"name\":\"Pr\u00e9sentation du Centre Culturel Juif de Boulogne - Synagogue ACJBB Boulogne Sud\",\"isPartOf\":{\"@id\":\"https:\/\/acjbb-sud.org\/#website\"},\"primaryImageOfPage\":{\"@id\":\"https:\/\/acjbb-sud.org\/index.php\/2017\/01\/15\/presentation-du-centre-culturel-juif-de-boulogne\/#primaryimage\"},\"image\":{\"@id\":\"https:\/\/acjbb-sud.org\/index.php\/2017\/01\/15\/presentation-du-centre-culturel-juif-de-boulogne\/#primaryimage\"},\"thumbnailUrl\":\"http:\/\/acjbb-sud.org\/wp-content\/uploads\/2017\/01\/Acjbb-projet-centre-culturel-juif-boulogne-1.png\",\"datePublished\":\"2017-01-14T23:21:39+00:00\",\"dateModified\":\"2017-11-21T11:18:25+00:00\",\"author\":{\"@id\":\"https:\/\/acjbb-sud.org\/#\/schema\/person\/adc8f09fb72c9d0dc78509106dc5e9f0\"},\"breadcrumb\":{\"@id\":\"https:\/\/acjbb-sud.org\/index.php\/2017\/01\/15\/presentation-du-centre-culturel-juif-de-boulogne\/#breadcrumb\"},\"inLanguage\":\"fr-FR\",\"potentialAction\":[{\"@type\":\"ReadAction\",\"target\":[\"https:\/\/acjbb-sud.org\/index.php\/2017\/01\/15\/presentation-du-centre-culturel-juif-de-boulogne\/\"]}]},{\"@type\":\"ImageObject\",\"inLanguage\":\"fr-FR\",\"@id\":\"https:\/\/acjbb-sud.org\/index.php\/2017\/01\/15\/presentation-du-centre-culturel-juif-de-boulogne\/#primaryimage\",\"url\":\"http:\/\/acjbb-sud.org\/wp-content\/uploads\/2017\/01\/Acjbb-projet-centre-culturel-juif-boulogne-1.png\",\"contentUrl\":\"http:\/\/acjbb-sud.org\/wp-content\/uploads\/2017\/01\/Acjbb-projet-centre-culturel-juif-boulogne-1.png\"},{\"@type\":\"BreadcrumbList\",\"@id\":\"https:\/\/acjbb-sud.org\/index.php\/2017\/01\/15\/presentation-du-centre-culturel-juif-de-boulogne\/#breadcrumb\",\"itemListElement\":[{\"@type\":\"ListItem\",\"position\":1,\"name\":\"Accueil\",\"item\":\"https:\/\/acjbb-sud.org\/\"},{\"@type\":\"ListItem\",\"position\":2,\"name\":\"Pr\u00e9sentation du Centre Culturel Juif de Boulogne\"}]},{\"@type\":\"WebSite\",\"@id\":\"https:\/\/acjbb-sud.org\/#website\",\"url\":\"https:\/\/acjbb-sud.org\/\",\"name\":\"Synagogue ACJBB Boulogne Sud\",\"description\":\"Synagogue \/ Association Communautaire Juive de Boulogne Billancourt (Sud)\",\"potentialAction\":[{\"@type\":\"SearchAction\",\"target\":{\"@type\":\"EntryPoint\",\"urlTemplate\":\"https:\/\/acjbb-sud.org\/?s={search_term_string}\"},\"query-input\":{\"@type\":\"PropertyValueSpecification\",\"valueRequired\":true,\"valueName\":\"search_term_string\"}}],\"inLanguage\":\"fr-FR\"},{\"@type\":\"Person\",\"@id\":\"https:\/\/acjbb-sud.org\/#\/schema\/person\/adc8f09fb72c9d0dc78509106dc5e9f0\",\"name\":\"AcjbbSud\",\"image\":{\"@type\":\"ImageObject\",\"inLanguage\":\"fr-FR\",\"@id\":\"https:\/\/acjbb-sud.org\/#\/schema\/person\/image\/\",\"url\":\"https:\/\/secure.gravatar.com\/avatar\/ea30fe7a8231c8c0bf30066f86006714af7be34ba414543eaab3e453b92901aa?s=96&d=mm&r=g\",\"contentUrl\":\"https:\/\/secure.gravatar.com\/avatar\/ea30fe7a8231c8c0bf30066f86006714af7be34ba414543eaab3e453b92901aa?s=96&d=mm&r=g\",\"caption\":\"AcjbbSud\"},\"url\":\"https:\/\/acjbb-sud.org\/index.php\/author\/acjbbsud\/\"}]}<\/script>\n<!-- \/ Yoast SEO plugin. -->","yoast_head_json":{"title":"Pr\u00e9sentation du Centre Culturel Juif de Boulogne - Synagogue ACJBB Boulogne Sud","robots":{"index":"index","follow":"follow","max-snippet":"max-snippet:-1","max-image-preview":"max-image-preview:large","max-video-preview":"max-video-preview:-1"},"canonical":"https:\/\/acjbb-sud.org\/index.php\/2017\/01\/15\/presentation-du-centre-culturel-juif-de-boulogne\/","og_locale":"fr_FR","og_type":"article","og_title":"Pr\u00e9sentation du Centre Culturel Juif de Boulogne - Synagogue ACJBB Boulogne Sud","og_description":"Pr\u00e9sentation du projet aux riverains Le projet de construction du Centre Culturel Juif de Boulogne passe maintenant en phase active. Le permis de construire est d\u00e9livr\u00e9 par la Mairie depuis le 18 d\u00e9cembre 2016. Le permis de construire va \u00eatre affich\u00e9. Le Maire Pierre-Christophe Baguet a souhait\u00e9 pr\u00e9senter le projet aux riverains et sera pr\u00e9sent &hellip; Lire la suite","og_url":"https:\/\/acjbb-sud.org\/index.php\/2017\/01\/15\/presentation-du-centre-culturel-juif-de-boulogne\/","og_site_name":"Synagogue ACJBB Boulogne Sud","article_published_time":"2017-01-14T23:21:39+00:00","article_modified_time":"2017-11-21T11:18:25+00:00","og_image":[{"url":"http:\/\/acjbb-sud.org\/wp-content\/uploads\/2017\/01\/Acjbb-projet-centre-culturel-juif-boulogne-1.png","type":"","width":"","height":""}],"author":"AcjbbSud","twitter_card":"summary_large_image","twitter_misc":{"\u00c9crit par":"AcjbbSud"},"schema":{"@context":"https:\/\/schema.org","@graph":[{"@type":"WebPage","@id":"https:\/\/acjbb-sud.org\/index.php\/2017\/01\/15\/presentation-du-centre-culturel-juif-de-boulogne\/","url":"https:\/\/acjbb-sud.org\/index.php\/2017\/01\/15\/presentation-du-centre-culturel-juif-de-boulogne\/","name":"Pr\u00e9sentation du Centre Culturel Juif de Boulogne - Synagogue ACJBB Boulogne Sud","isPartOf":{"@id":"https:\/\/acjbb-sud.org\/#website"},"primaryImageOfPage":{"@id":"https:\/\/acjbb-sud.org\/index.php\/2017\/01\/15\/presentation-du-centre-culturel-juif-de-boulogne\/#primaryimage"},"image":{"@id":"https:\/\/acjbb-sud.org\/index.php\/2017\/01\/15\/presentation-du-centre-culturel-juif-de-boulogne\/#primaryimage"},"thumbnailUrl":"http:\/\/acjbb-sud.org\/wp-content\/uploads\/2017\/01\/Acjbb-projet-centre-culturel-juif-boulogne-1.png","datePublished":"2017-01-14T23:21:39+00:00","dateModified":"2017-11-21T11:18:25+00:00","author":{"@id":"https:\/\/acjbb-sud.org\/#\/schema\/person\/adc8f09fb72c9d0dc78509106dc5e9f0"},"breadcrumb":{"@id":"https:\/\/acjbb-sud.org\/index.php\/2017\/01\/15\/presentation-du-centre-culturel-juif-de-boulogne\/#breadcrumb"},"inLanguage":"fr-FR","potentialAction":[{"@type":"ReadAction","target":["https:\/\/acjbb-sud.org\/index.php\/2017\/01\/15\/presentation-du-centre-culturel-juif-de-boulogne\/"]}]},{"@type":"ImageObject","inLanguage":"fr-FR","@id":"https:\/\/acjbb-sud.org\/index.php\/2017\/01\/15\/presentation-du-centre-culturel-juif-de-boulogne\/#primaryimage","url":"http:\/\/acjbb-sud.org\/wp-content\/uploads\/2017\/01\/Acjbb-projet-centre-culturel-juif-boulogne-1.png","contentUrl":"http:\/\/acjbb-sud.org\/wp-content\/uploads\/2017\/01\/Acjbb-projet-centre-culturel-juif-boulogne-1.png"},{"@type":"BreadcrumbList","@id":"https:\/\/acjbb-sud.org\/index.php\/2017\/01\/15\/presentation-du-centre-culturel-juif-de-boulogne\/#breadcrumb","itemListElement":[{"@type":"ListItem","position":1,"name":"Accueil","item":"https:\/\/acjbb-sud.org\/"},{"@type":"ListItem","position":2,"name":"Pr\u00e9sentation du Centre Culturel Juif de Boulogne"}]},{"@type":"WebSite","@id":"https:\/\/acjbb-sud.org\/#website","url":"https:\/\/acjbb-sud.org\/","name":"Synagogue ACJBB Boulogne Sud","description":"Synagogue \/ Association Communautaire Juive de Boulogne Billancourt (Sud)","potentialAction":[{"@type":"SearchAction","target":{"@type":"EntryPoint","urlTemplate":"https:\/\/acjbb-sud.org\/?s={search_term_string}"},"query-input":{"@type":"PropertyValueSpecification","valueRequired":true,"valueName":"search_term_string"}}],"inLanguage":"fr-FR"},{"@type":"Person","@id":"https:\/\/acjbb-sud.org\/#\/schema\/person\/adc8f09fb72c9d0dc78509106dc5e9f0","name":"AcjbbSud","image":{"@type":"ImageObject","inLanguage":"fr-FR","@id":"https:\/\/acjbb-sud.org\/#\/schema\/person\/image\/","url":"https:\/\/secure.gravatar.com\/avatar\/ea30fe7a8231c8c0bf30066f86006714af7be34ba414543eaab3e453b92901aa?s=96&d=mm&r=g","contentUrl":"https:\/\/secure.gravatar.com\/avatar\/ea30fe7a8231c8c0bf30066f86006714af7be34ba414543eaab3e453b92901aa?s=96&d=mm&r=g","caption":"AcjbbSud"},"url":"https:\/\/acjbb-sud.org\/index.php\/author\/acjbbsud\/"}]}},"jetpack_publicize_connections":[],"jetpack_featured_media_url":"","jetpack_sharing_enabled":true,"jetpack_shortlink":"https:\/\/wp.me\/p7sjOI-6s","jetpack_likes_enabled":true,"_links":{"self":[{"href":"https:\/\/acjbb-sud.org\/index.php\/wp-json\/wp\/v2\/posts\/400","targetHints":{"allow":["GET"]}}],"collection":[{"href":"https:\/\/acjbb-sud.org\/index.php\/wp-json\/wp\/v2\/posts"}],"about":[{"href":"https:\/\/acjbb-sud.org\/index.php\/wp-json\/wp\/v2\/types\/post"}],"author":[{"embeddable":true,"href":"https:\/\/acjbb-sud.org\/index.php\/wp-json\/wp\/v2\/users\/1"}],"replies":[{"embeddable":true,"href":"https:\/\/acjbb-sud.org\/index.php\/wp-json\/wp\/v2\/comments?post=400"}],"version-history":[{"count":1,"href":"https:\/\/acjbb-sud.org\/index.php\/wp-json\/wp\/v2\/posts\/400\/revisions"}],"predecessor-version":[{"id":1270,"href":"https:\/\/acjbb-sud.org\/index.php\/wp-json\/wp\/v2\/posts\/400\/revisions\/1270"}],"wp:attachment":[{"href":"https:\/\/acjbb-sud.org\/index.php\/wp-json\/wp\/v2\/media?parent=400"}],"wp:term":[{"taxonomy":"category","embeddable":true,"href":"https:\/\/acjbb-sud.org\/index.php\/wp-json\/wp\/v2\/categories?post=400"},{"taxonomy":"post_tag","embeddable":true,"href":"https:\/\/acjbb-sud.org\/index.php\/wp-json\/wp\/v2\/tags?post=400"}],"curies":[{"name":"wp","href":"https:\/\/api.w.org\/{rel}","templated":true}]}}