{"id":4599,"date":"2021-07-22T10:31:33","date_gmt":"2021-07-22T08:31:33","guid":{"rendered":"https:\/\/acjbb-sud.org\/?p=4599"},"modified":"2021-07-28T10:51:12","modified_gmt":"2021-07-28T08:51:12","slug":"chabbat-vaethanan-5781","status":"publish","type":"post","link":"https:\/\/acjbb-sud.org\/index.php\/2021\/07\/22\/chabbat-vaethanan-5781\/","title":{"rendered":"Chabbat Va\u00e9t&rsquo;hanan &#8211; Chabbat Na&rsquo;hamou"},"content":{"rendered":"\n<h3 class=\"has-text-align-center wp-block-heading\" id=\"block-c7cd4b66-aaf3-4e76-9e23-733eb5360b6f\">Paracha Va\u00e9t&rsquo;hanan \/ \u05e4\u05e8\u05e9\u05d4 \u05d5\u05d0\u05ea\u05d7\u05e0\u05df <br>Chabbat Na&rsquo;hamou \/ \u05e9\u05d1\u05ea \u05e0\u05d7\u05de\u05d5<br>23\/24 juillet 2021 &#8211; 15 Av 5781 \/ \u05d8&rsquo;\u05d5 \u05d0\u05d1 \u05ea\u05e9\u05e4&rsquo;\u05d0<br><em>D\u00e9but : 21h23 &#8211; Fin : 22h39<\/em><\/h3>\n\n\n\n<div id=\"block-cb4318d8-e067-4e6a-ba77-a8fb22420a53\" class=\"wp-block-image\"><figure class=\"aligncenter size-large\"><img loading=\"lazy\" decoding=\"async\" width=\"615\" height=\"433\" src=\"https:\/\/acjbb-sud.org\/wp-content\/uploads\/2018\/10\/ACJBB-Sud-Chabbat-halots-bougies-vin-600-logos-v2.jpg\" alt=\"\" class=\"wp-image-2195\" srcset=\"https:\/\/acjbb-sud.org\/wp-content\/uploads\/2018\/10\/ACJBB-Sud-Chabbat-halots-bougies-vin-600-logos-v2.jpg 615w, https:\/\/acjbb-sud.org\/wp-content\/uploads\/2018\/10\/ACJBB-Sud-Chabbat-halots-bougies-vin-600-logos-v2-300x211.jpg 300w\" sizes=\"auto, (max-width: 615px) 100vw, 615px\" \/><\/figure><\/div>\n\n\n\n<h3 class=\"wp-block-heading\">Mesures Covid :<\/h3>\n\n\n\n<p class=\"has-background\" style=\"background-color:#e2e4e4\"><span style=\"color:#ff0000\" class=\"has-inline-color\">Chers amis, chers fid\u00e8les,<\/span><br><span style=\"color:#ff0000\" class=\"has-inline-color\">Il n&rsquo;y a plus de restrictions sur le nombre de places, cependant, le port du masque reste toutefois obligatoire en int\u00e9rieur, et ce, \u00e0 partir du moment o\u00f9 vous rentrez dans la Synagogue. <\/span><br><strong><span style=\"color:#ff0000\" class=\"has-inline-color\">Merci de continuer \u00e0 respecter les gestes barri\u00e8res !<\/span><\/strong><br><span style=\"color:#ff0000\" class=\"has-inline-color\">Chabbat Chalom !<\/span><\/p>\n\n\n\n<hr class=\"wp-block-separator is-style-wide\"\/>\n\n\n\n<h3 class=\"wp-block-heading\" id=\"block-34c13aec-7230-4d64-afbb-b84a9f3dd476\"><span style=\"text-decoration: underline;\">Les horaires :<\/span><\/h3>\n\n\n\n<p id=\"block-e85b2846-f181-4911-af3f-0961c6b43ac4\"><em><strong>Vendredi soir :<\/strong><\/em><br><strong>19h00<\/strong> : Chir haChirim<br><strong>19h15<\/strong> : Min&rsquo;ha <br><strong>19h30<\/strong> : Kabalat Chabbat et Arvit<br><strong>20h05<\/strong> : Allumage des bougies et entr\u00e9e de Chabbat (heure maximum pour l\u2019allumage : <strong><span style=\"color:#ff0000\" class=\"has-inline-color\">21h23<\/span><\/strong>)<\/p>\n\n\n\n<p id=\"block-1ed17b97-554f-420b-a815-274c0d4878d4\"><strong><em>Samedi matin :<\/em><\/strong><br><strong>09h00<\/strong> : Cha\u2019harit &#8211; <strong>Lecture de 10 Commandements<\/strong><br>(<em><strong>Fin du Ch\u00e9ma : premi\u00e8re heure 08h57, deuxi\u00e8me heure 10h05. Heure limite pour la Amida : 11h22<\/strong><\/em>)<\/p>\n\n\n\n<p id=\"block-dc9d12fc-b3c5-4224-948d-d68592d107f9\"><em><strong>Samedi apr\u00e8s-midi :<\/strong><\/em><br><strong>19h45<\/strong> : Cours de Halahots par <strong>David ELBILIA<\/strong><br><strong>20h45<\/strong> : T\u00e9hilim \u2013 Lecture des T\u00e9hilim \u2013 Alpha\/Beta<br><strong>21h00<\/strong> : Min\u2019ha, suivi de la s\u00e9ouda ch\u00e9lichit<br>Dvar Torah par <strong>Mika\u00ebl LELLOUCHE<\/strong><br><strong>21h39<\/strong> : Shquiya \/ \u05e9\u05e7\u05e2\u05ea \u05d4\u05d7\u05de\u05d4<\/p>\n\n\n\n<p id=\"block-333eef1f-6d20-4a53-a2e6-57d24b1e03da\"><strong><em>Samedi soir :<\/em><\/strong><br><strong>22h30<\/strong> : Arvit <br><strong>22h39<\/strong> : Fin de Chabbat, Havdalah<\/p>\n\n\n\n<p><strong><em>Dimanche :<\/em><\/strong><br><strong>08h00<\/strong> : Cha&rsquo;harit <\/p>\n\n\n\n<p><strong>19h30<\/strong> : Min&rsquo;ha <\/p>\n\n\n\n<p><strong><em>Du lundi au vendredi :<\/em><\/strong><br><strong>07h10<\/strong> : Cha\u2019harit<br><br><strong>19h30<\/strong> : Min&rsquo;ha suivi de Arvit<\/p>\n\n\n\n<p id=\"block-d8e9bb2d-eac8-4552-b34e-2f06d44ee110\"><strong>Chabbat Chalom !<\/strong><\/p>\n\n\n\n<!--more-->\n\n\n\n<hr class=\"wp-block-separator is-style-wide\"\/>\n\n\n\n<h3 class=\"wp-block-heading\" id=\"block-f62ce074-21cd-4ef8-95fc-86f99ff83a8d\"><span style=\"text-decoration: underline;\">Carnet de familles :<\/span><\/h3>\n\n\n\n<p><strong>Naissance<\/strong><\/p>\n\n\n\n<p id=\"block-b75df9a1-ef8c-4a4e-81f8-167cf34bb1c2\">Nous avons la joie d&rsquo;annoncer la naissance en Isra\u00ebl d&rsquo;une petite&nbsp;<strong>Nava Malka<\/strong>&nbsp;chez&nbsp;<strong>L\u00e9a et Dan Bouzaglou<\/strong>. Nous souhaitons un grand Mazal Tov aux parents, aux grands-parents,&nbsp;<strong>Marl\u00e8ne et Pascal Choukroune<\/strong>&nbsp;et&nbsp;<strong>Judith et Charles Bouzaglou<\/strong>, ainsi qu&rsquo;\u00e0 toute la famille. Nous adressons nos v\u0153ux de R\u00e9fouah Ch\u00e9l\u00e9ma pour la maman et le b\u00e9b\u00e9.<br>\u05de\u05d6\u05dc \u05d8\u05d5\u05d1<\/p>\n\n\n\n<hr class=\"wp-block-separator is-style-wide\"\/>\n\n\n\n<h3 class=\"wp-block-heading\" id=\"block-f62ce074-21cd-4ef8-95fc-86f99ff83a8d\"><span style=\"text-decoration: underline;\">Les horaires de la semaine :<\/span><\/h3>\n\n\n\n<p>\u00e0 la Synagogue, 43 rue des abondances<\/p>\n\n\n\n<p id=\"block-b75df9a1-ef8c-4a4e-81f8-167cf34bb1c2\"><strong><em>Dimanche et jours f\u00e9ri\u00e9s :<\/em><\/strong><br><strong>08h00<\/strong> : Cha\u2019harit<br><strong>19h45<\/strong> : Min\u2019ha suivi de Arvit<\/p>\n\n\n\n<p id=\"block-3a3914c0-41f0-42b4-bfd6-88a3b8c2dd65\"><strong><em>du Lundi au Vendredi :<\/em><\/strong><br><strong>07h00<\/strong> : Cha\u2019harit (<strong>06h55<\/strong> lundi et jeudi)<br><strong>19h45<\/strong> : Min\u2019ha suivi de Arvit (sauf vendredi soir)<\/p>\n\n\n\n<hr class=\"wp-block-separator is-style-wide\"\/>\n\n\n\n<h3 class=\"wp-block-heading\"><span style=\"text-decoration: underline;\">Beth Hamidrach :<\/span><\/h3>\n\n\n\n<p class=\"has-text-align-center\"><strong><span style=\"color:#ff0000\">Les cours reprendront apr\u00e8s les f\u00eates de Tichri !!!!<\/span><\/strong><\/p>\n\n\n\n<p>Le <strong>Rabbin Didier Kassabi<\/strong> donne un cours de Gu\u00e9mara chaque lundi soir \u00e0 20h45 \u00e0 la Synagogue de Boulogne Billancourt, 43 rue des abondances.<\/p>\n\n\n\n<div class=\"wp-block-image\"><figure class=\"aligncenter size-large is-resized\"><img loading=\"lazy\" decoding=\"async\" src=\"https:\/\/acjbb-sud.org\/wp-content\/uploads\/2018\/12\/Rav-Didier-Kassabi-ACJBB-Boulogne-Sud-1024x656.jpg\" alt=\"\" class=\"wp-image-2318\" width=\"768\" height=\"492\" srcset=\"https:\/\/acjbb-sud.org\/wp-content\/uploads\/2018\/12\/Rav-Didier-Kassabi-ACJBB-Boulogne-Sud-1024x656.jpg 1024w, https:\/\/acjbb-sud.org\/wp-content\/uploads\/2018\/12\/Rav-Didier-Kassabi-ACJBB-Boulogne-Sud-300x192.jpg 300w, https:\/\/acjbb-sud.org\/wp-content\/uploads\/2018\/12\/Rav-Didier-Kassabi-ACJBB-Boulogne-Sud-768x492.jpg 768w, https:\/\/acjbb-sud.org\/wp-content\/uploads\/2018\/12\/Rav-Didier-Kassabi-ACJBB-Boulogne-Sud.jpg 1588w\" sizes=\"auto, (max-width: 768px) 100vw, 768px\" \/><\/figure><\/div>\n\n\n\n<p>Retrouvez tous les cours du Rabbin Kassabi <a href=\"https:\/\/acjbb-sud.org\/index.php\/cours-du-rabbin-kassabi\/\" target=\"_blank\" rel=\"noreferrer noopener\">sur cette page<\/a> !!<\/p>\n\n\n\n<hr class=\"wp-block-separator is-style-wide\"\/>\n\n\n\n<h3 class=\"wp-block-heading\" id=\"block-f62ce074-21cd-4ef8-95fc-86f99ff83a8d\"><span style=\"text-decoration: underline;\">Appel aux dons :<\/span><\/h3>\n\n\n\n<p>Mes chers amis,<br>Gr\u00e2ce \u00e0 l\u2019intervention d\u2019Hachem, nous avons pu trouver ce nouveau local <strong>27 rue Yves Kermen<\/strong> \u00e0 temps et nous avons pu continuer nos pri\u00e8res sans aucune interruption.<br>Comme vous le savez, ce local va nous permettre la transition en attendant de nous installer dans notre nouveau centre de vie.<br>Les charges sont importantes aussi bien au niveau du loyer que du fonctionnement. Aussi, je compte sur chacun de vous, petits et grands pour nous aider dans ce financement.<\/p>\n\n\n\n<p>Chacun doit participer \u00e0 cette maaaagnifique mitzva d\u2019aider la synagogue \u00e0 l\u2019identique de nos anc\u00eatres qui devaient contribuer au fonctionnement du temple beth hamikdach chacun \u00e0 son niveau. Afin que chaque ben Isra\u00ebl puisse avoir la b\u00e9n\u00e9diction et la protection d\u2019Hachem.<\/p>\n\n\n\n<p>Chacun doit participer et faire participer 3 personnes de son entourage. La mission sera alors compl\u00e8te.<\/p>\n\n\n\n<p>Puisse Hachem vous b\u00e9nir et vous prot\u00e9ger vous et toute votre famille.<\/p>\n\n\n\n<p><a href=\"https:\/\/www.helloasso.com\/associations\/acjbb-2\/collectes\/participez-a-l-amenagement-du-nouveau-local-rue-yves-kermen\">https:\/\/www.helloasso.com\/associations\/acjbb-2\/collectes\/participez-a-l-amenagement-du-nouveau-local-rue-yves-kermen<\/a><\/p>\n\n\n\n<hr class=\"wp-block-separator is-style-wide\"\/>\n\n\n\n<h3 class=\"wp-block-heading\" id=\"block-b7954baa-ee9c-4dfe-b91d-fa235f442567\"><span style=\"text-decoration: underline;\">Information ACJBB Boulogne Sud :<\/span><\/h3>\n\n\n\n<p id=\"block-fd719631-1c41-4d52-a7ec-2c7882d4ae94\">Retrouvez toutes les informations de l\u2019office sur : <a rel=\"noreferrer noopener\" href=\"http:\/\/www.acjbb-sud.org\" target=\"_blank\">www.acjbb-sud.org<\/a>.<br>Si vous souhaitez recevoir par mail la newsletter de l\u2019office, inscrivez-vous en nous envoyant un mail \u00e0 <a href=\"mailto:officeboulognesud@gmail.com\">officeboulognesud@gmail.com<\/a>.<br>Retrouvez \u00e9galement toutes les informations sur la page Facebook de l\u2019office : <a rel=\"noreferrer noopener\" href=\"http:\/\/facebook.com\/acjbbsud\" target=\"_blank\">facebook.com\/acjbbsud<\/a> et sur Twitter : <a rel=\"noreferrer noopener\" href=\"http:\/\/twitter.com\/acjbbsud\" target=\"_blank\">twitter.com\/acjbbsud<\/a>.<\/p>\n\n\n\n<hr class=\"wp-block-separator is-style-wide\"\/>\n\n\n\n<h3 class=\"wp-block-heading\" id=\"block-b7954baa-ee9c-4dfe-b91d-fa235f442567\"><span style=\"text-decoration: underline;\">R\u00e9servation des espaces communautaires :<\/span><\/h3>\n\n\n\n<p>Vous souhaitez organiser une manifestation (Brith-Mila, Bar-Mitsvah et Bat-Mitsvah, Mariage, Azkara, Soir\u00e9e Mikv\u00e9 Kala, etc&#8230; ) dans l&rsquo;espace <strong>ACJBB Boulogne Sud<\/strong>, 27 rue Yves Kermen, Boulogne Billancourt, contactez M. Patrick Sebban 06.03.02.30.78 &#8211; <a href=\"mailto:patrick.sebban2@paris.fr\">patrick.sebban2@paris.fr<\/a>.<\/p>\n\n\n\n<hr class=\"wp-block-separator is-style-wide\"\/>\n\n\n\n<h3 class=\"wp-block-heading\" id=\"block-7c3c700f-d447-4376-9427-cdbc9c2f74c9\"><span style=\"text-decoration: underline;\">Mikv\u00e9 :<\/span><\/h3>\n\n\n\n<p id=\"block-50d7cf7e-ff00-4da1-8c9c-2de23e61527c\">Plus d&rsquo;informations sur le site de la <a rel=\"noreferrer noopener\" href=\"https:\/\/synaboulogne.com\/2020\/03\/24\/coronavirus-fermeture-des-mikves-a-boulogne\/\" target=\"_blank\">Synagogue de Boulogne<\/a>.<\/p>\n\n\n\n<hr class=\"wp-block-separator is-style-wide\"\/>\n\n\n\n<h3 class=\"wp-block-heading\" id=\"block-7c3c700f-d447-4376-9427-cdbc9c2f74c9\"><span style=\"text-decoration: underline;\">Mikv\u00e9 K\u00e9lim :<\/span><\/h3>\n\n\n\n<div class=\"wp-block-image\"><figure class=\"aligncenter size-large is-resized\"><img loading=\"lazy\" decoding=\"async\" src=\"https:\/\/acjbb-sud.org\/wp-content\/uploads\/2021\/01\/ACJBB-Synagogue-Boulogne-Mikve-vaisselle-kelim-854x1024.jpg\" alt=\"\" class=\"wp-image-4149\" width=\"427\" height=\"512\" srcset=\"https:\/\/acjbb-sud.org\/wp-content\/uploads\/2021\/01\/ACJBB-Synagogue-Boulogne-Mikve-vaisselle-kelim-854x1024.jpg 854w, https:\/\/acjbb-sud.org\/wp-content\/uploads\/2021\/01\/ACJBB-Synagogue-Boulogne-Mikve-vaisselle-kelim-250x300.jpg 250w, https:\/\/acjbb-sud.org\/wp-content\/uploads\/2021\/01\/ACJBB-Synagogue-Boulogne-Mikve-vaisselle-kelim-768x921.jpg 768w, https:\/\/acjbb-sud.org\/wp-content\/uploads\/2021\/01\/ACJBB-Synagogue-Boulogne-Mikve-vaisselle-kelim-720x863.jpg 720w, https:\/\/acjbb-sud.org\/wp-content\/uploads\/2021\/01\/ACJBB-Synagogue-Boulogne-Mikve-vaisselle-kelim.jpg 900w\" sizes=\"auto, (max-width: 427px) 100vw, 427px\" \/><\/figure><\/div>\n\n\n\n<p>Le mikv\u00e9 k\u00e9lim est ouvert tous les matins apr\u00e8s l&rsquo;office.<\/p>\n\n\n\n<hr class=\"wp-block-separator is-style-wide\"\/>\n\n\n\n<h3 class=\"wp-block-heading\" id=\"block-4c97c8cf-af4b-4959-a746-b4aad012dd9b\"><span style=\"text-decoration: underline;\">Faire un don :<\/span><\/h3>\n\n\n\n<p id=\"block-1b207a12-4bcd-4010-9047-f59f10862ab5\">Pour faire vivre et participer activement \u00e0 cet office, <a rel=\"noreferrer noopener\" href=\"http:\/\/www.acjbb-sud.org\/index.php\/faire-un-don\/\" target=\"_blank\">faites un don<\/a> par internet ou envoyez vos ch\u00e8ques au <strong>27 rue Yves Kermen<\/strong>. Toutes les participations sont bienvenues, <em>les petits ruisseaux faisant de grandes rivi\u00e8res<\/em>, nous parviendrons, tous ensemble, \u00e0 faire vivre l\u2019Office de Boulogne Sud.<br><br>Tizkou L\u00e9-Mitsvot !!!<\/p>\n\n\n\n<hr class=\"wp-block-separator is-style-wide\"\/>\n\n\n\n<h3 class=\"wp-block-heading\" id=\"block-4c97c8cf-af4b-4959-a746-b4aad012dd9b\"><span style=\"text-decoration: underline;\">Cotisation annuelle :<\/span><\/h3>\n\n\n\n<p>Vous pouvez r\u00e9gler votre cotisation annuelle sur le <a href=\"https:\/\/synaboulogne.us12.list-manage.com\/track\/click?u=f13343cbc4710ddbadcdef23f&amp;id=2ccca5826b&amp;e=744d346afc\" target=\"_blank\" rel=\"noreferrer noopener\">site du Consistoire<\/a>.<\/p>\n\n\n\n<hr class=\"wp-block-separator is-style-wide\"\/>\n\n\n\n<h3 class=\"wp-block-heading\" id=\"block-1fca9ce7-0c19-4d83-bb99-511a3a95b416\"><span style=\"text-decoration: underline;\">Talmud Torah de Boulogne :<\/span><\/h3>\n\n\n\n<p>Le talmud Torah de Boulogne innove pour attirer TOUS les enfants.<br>Renseignez-vous aupr\u00e8s du <strong>Rabbin Didier Kassabi<\/strong> ou du <strong>Hazan David Marciano<\/strong>.<\/p>\n\n\n\n<h3 class=\"wp-block-heading\">Rentr\u00e9e dimanche 5 septembre<\/h3>\n\n\n\n<div class=\"wp-block-image\"><figure class=\"aligncenter size-large is-resized\"><img loading=\"lazy\" decoding=\"async\" src=\"https:\/\/acjbb-sud.org\/wp-content\/uploads\/2021\/07\/ACJBB-Synagogue-Boulogne-Billancourt-Talmud-Torah-nouvelle-formule-1-828x1024.jpg\" alt=\"\" class=\"wp-image-4569\" width=\"621\" height=\"768\" srcset=\"https:\/\/acjbb-sud.org\/wp-content\/uploads\/2021\/07\/ACJBB-Synagogue-Boulogne-Billancourt-Talmud-Torah-nouvelle-formule-1-828x1024.jpg 828w, https:\/\/acjbb-sud.org\/wp-content\/uploads\/2021\/07\/ACJBB-Synagogue-Boulogne-Billancourt-Talmud-Torah-nouvelle-formule-1-243x300.jpg 243w, https:\/\/acjbb-sud.org\/wp-content\/uploads\/2021\/07\/ACJBB-Synagogue-Boulogne-Billancourt-Talmud-Torah-nouvelle-formule-1-768x950.jpg 768w, https:\/\/acjbb-sud.org\/wp-content\/uploads\/2021\/07\/ACJBB-Synagogue-Boulogne-Billancourt-Talmud-Torah-nouvelle-formule-1-1242x1536.jpg 1242w, https:\/\/acjbb-sud.org\/wp-content\/uploads\/2021\/07\/ACJBB-Synagogue-Boulogne-Billancourt-Talmud-Torah-nouvelle-formule-1-720x891.jpg 720w, https:\/\/acjbb-sud.org\/wp-content\/uploads\/2021\/07\/ACJBB-Synagogue-Boulogne-Billancourt-Talmud-Torah-nouvelle-formule-1.jpg 1414w\" sizes=\"auto, (max-width: 621px) 100vw, 621px\" \/><\/figure><\/div>\n\n\n\n<div class=\"wp-block-image\"><figure class=\"aligncenter size-large is-resized\"><img loading=\"lazy\" decoding=\"async\" src=\"https:\/\/acjbb-sud.org\/wp-content\/uploads\/2021\/07\/ACJBB-Synagogue-Boulogne-Billancourt-Talmud-Torah-nouvelle-formule-724x1024.jpg\" alt=\"\" class=\"wp-image-4570\" width=\"543\" height=\"768\" srcset=\"https:\/\/acjbb-sud.org\/wp-content\/uploads\/2021\/07\/ACJBB-Synagogue-Boulogne-Billancourt-Talmud-Torah-nouvelle-formule-724x1024.jpg 724w, https:\/\/acjbb-sud.org\/wp-content\/uploads\/2021\/07\/ACJBB-Synagogue-Boulogne-Billancourt-Talmud-Torah-nouvelle-formule-212x300.jpg 212w, https:\/\/acjbb-sud.org\/wp-content\/uploads\/2021\/07\/ACJBB-Synagogue-Boulogne-Billancourt-Talmud-Torah-nouvelle-formule-768x1086.jpg 768w, https:\/\/acjbb-sud.org\/wp-content\/uploads\/2021\/07\/ACJBB-Synagogue-Boulogne-Billancourt-Talmud-Torah-nouvelle-formule-1086x1536.jpg 1086w, https:\/\/acjbb-sud.org\/wp-content\/uploads\/2021\/07\/ACJBB-Synagogue-Boulogne-Billancourt-Talmud-Torah-nouvelle-formule-720x1018.jpg 720w, https:\/\/acjbb-sud.org\/wp-content\/uploads\/2021\/07\/ACJBB-Synagogue-Boulogne-Billancourt-Talmud-Torah-nouvelle-formule.jpg 1414w\" sizes=\"auto, (max-width: 543px) 100vw, 543px\" \/><\/figure><\/div>\n\n\n\n<p>Informations et Inscription :&nbsp;<a href=\"https:\/\/bit.ly\/ACJBB-TalmudTorah?ct=t(Synamail_du_19_novembre_2016_Chabbat_Vay11_18_2016)&amp;mc_cid=9cbb06a24e&amp;mc_eid=UNIQID\" target=\"_blank\" rel=\"noreferrer noopener\">https:\/\/bit.ly\/ACJBB-TalmudTorah<\/a><\/p>\n\n\n\n<hr class=\"wp-block-separator is-style-wide\"\/>\n\n\n\n<h3 class=\"wp-block-heading\" id=\"block-1fca9ce7-0c19-4d83-bb99-511a3a95b416\"><span style=\"text-decoration: underline;\">Oulpan avec le CCIBB et l&rsquo;OMS :<\/span><\/h3>\n\n\n\n<p>Les cours reprendront en octobre 2021<\/p>\n\n\n\n<div class=\"wp-block-image is-style-default\"><figure class=\"aligncenter size-large is-resized\"><img loading=\"lazy\" decoding=\"async\" src=\"https:\/\/acjbb-sud.org\/wp-content\/uploads\/2020\/10\/CCIBB-Affiche-reunion-inscription-oulpan-OSM-2020-2021-734x1024.jpeg\" alt=\"\" class=\"wp-image-3878\" width=\"551\" height=\"768\" srcset=\"https:\/\/acjbb-sud.org\/wp-content\/uploads\/2020\/10\/CCIBB-Affiche-reunion-inscription-oulpan-OSM-2020-2021-734x1024.jpeg 734w, https:\/\/acjbb-sud.org\/wp-content\/uploads\/2020\/10\/CCIBB-Affiche-reunion-inscription-oulpan-OSM-2020-2021-215x300.jpeg 215w, https:\/\/acjbb-sud.org\/wp-content\/uploads\/2020\/10\/CCIBB-Affiche-reunion-inscription-oulpan-OSM-2020-2021-768x1072.jpeg 768w, https:\/\/acjbb-sud.org\/wp-content\/uploads\/2020\/10\/CCIBB-Affiche-reunion-inscription-oulpan-OSM-2020-2021-1101x1536.jpeg 1101w, https:\/\/acjbb-sud.org\/wp-content\/uploads\/2020\/10\/CCIBB-Affiche-reunion-inscription-oulpan-OSM-2020-2021-1467x2048.jpeg 1467w, https:\/\/acjbb-sud.org\/wp-content\/uploads\/2020\/10\/CCIBB-Affiche-reunion-inscription-oulpan-OSM-2020-2021-720x1005.jpeg 720w, https:\/\/acjbb-sud.org\/wp-content\/uploads\/2020\/10\/CCIBB-Affiche-reunion-inscription-oulpan-OSM-2020-2021-scaled.jpeg 1834w\" sizes=\"auto, (max-width: 551px) 100vw, 551px\" \/><\/figure><\/div>\n\n\n\n<hr class=\"wp-block-separator is-style-wide\"\/>\n\n\n\n<h3 class=\"wp-block-heading\" id=\"block-1fca9ce7-0c19-4d83-bb99-511a3a95b416\"><span style=\"text-decoration: underline;\">Dons pour le Centre Culturel de Boulogne Billancourt :<\/span><\/h3>\n\n\n\n<p id=\"block-1a224de9-3276-4fc8-ba3f-fd19c0e1f5a3\">Le nouveau <a href=\"https:\/\/ccj-boulogne.com\" target=\"_blank\" rel=\"noreferrer noopener\">Centre Culturel juif de Boulogne<\/a> se situe \u00e0 l\u2019angle des rues Marcel Dassault et d\u2019Anjou.<\/p>\n\n\n\n<p id=\"block-41d933ca-9886-487d-a642-c8ca33b4d8ee\">Il comprendra notamment :<\/p>\n\n\n\n<ul class=\"wp-block-list\" id=\"block-bc74a488-8718-4d73-ae4a-3c4664830925\"><li>Une Synagogue<\/li><li>Le Centre Communautaire (CCIBB)<\/li><li>Une salle polyvalente<\/li><li>Une salle des f\u00eates<\/li><\/ul>\n\n\n\n<p id=\"block-223f5a99-e9bd-4b84-a6c3-0ddbe1853b13\">Vous avez une occasion unique d\u2019inscrire votre nom, celui de vos familles, celui de vos disparus, dans un projet qui marquera l\u2019avenir de la vie juive \u00e0 Boulogne-Billancourt.<\/p>\n\n\n\n<div id=\"block-a7c0936c-8886-46af-bc30-fcc6c8ec7e6d\" class=\"wp-block-image\"><figure class=\"aligncenter is-resized\"><img loading=\"lazy\" decoding=\"async\" src=\"https:\/\/acjbb-sud.org\/wp-content\/uploads\/2018\/07\/Centre-Culturel-juif-Boulogne-Billancourt-Synagogue.jpg\" alt=\"L\u2019attribut alt de cette image est vide, son nom de fichier est Centre-Culturel-juif-Boulogne-Billancourt-Synagogue.jpg.\" width=\"616\" height=\"259\"\/><\/figure><\/div>\n\n\n\n<div id=\"block-c5b3b2a0-d074-46f1-a62a-bc0900696504\" class=\"wp-block-image\"><figure class=\"aligncenter is-resized\"><img loading=\"lazy\" decoding=\"async\" src=\"https:\/\/acjbb-sud.org\/wp-content\/uploads\/2018\/07\/Centre-Culturel-juif-Boulogne-Billancourt-Synagogue-2.jpg\" alt=\"L\u2019attribut alt de cette image est vide, son nom de fichier est Centre-Culturel-juif-Boulogne-Billancourt-Synagogue-2.jpg.\" width=\"664\" height=\"262\"\/><\/figure><\/div>\n\n\n\n<p id=\"block-2472cef2-f3a1-44e3-bed8-19df0101f2b3\">Devenez acteur du devenir de la vie juive \u00e0 Boulogne en faisant un don pour la construction du Centre Culturel de Boulogne. Vous pouvez d\u00e9cider de diriger votre don vers la synagogue ACJBB ou vers le CCIBB, en nous l\u2019indiquant par message.<\/p>\n\n\n\n<p id=\"block-56cd1106-7046-4874-8498-c929557e25c1\">Si vous avez des question, <a href=\"mailto:synamail@acjbb.com?subject=&quot;Question sur la construction du Centre culturel&quot;\">envoyez-nous un message<\/a> !<\/p>\n\n\n\n<p id=\"block-46b01a20-1fad-4156-a639-d2d621f5698d\"><a rel=\"noreferrer noopener\" href=\"https:\/\/www.helloasso.com\/associations\/acjbb-2\/collectes\/construction-du-centre-juif-de-boulogne\" target=\"_blank\">Je participe \u00e0 la collecte pour la construction<\/a>.<\/p>\n\n\n\n<hr class=\"wp-block-separator is-style-wide\"\/>\n\n\n\n<h3 class=\"wp-block-heading\" id=\"block-0a78bf73-6f7d-4326-9f07-299e153ed995\"><span style=\"text-decoration: underline;\">Dvar Torah :<\/span><\/h3>\n\n\n\n<p id=\"block-a6d72ecc-452b-4ff0-b897-259c06dce164\"><em><strong>du Rav Mika\u00ebl Mouyal<\/strong><\/em> :<br>T\u00e9l\u00e9chargez le Dvar Torah directement en PDF afin de l\u2019imprimer et le lire plus facilement :<br><a href=\"https:\/\/acjbb-sud.org\/wp-content\/uploads\/2021\/07\/ACJBB-Boulogne-Sud-Dvar-Torah-Sidra-Rav-Mouyal-Vaethanan-5781.pdf\" target=\"_blank\" rel=\"noreferrer noopener\">Sidra Va\u00e9t&rsquo;hanan<\/a>.<\/p>\n\n\n\n<p id=\"block-a68290c3-5f19-4d18-839f-11ee7629c218\">Retrouvez tous les commentaires et sidrots sur la Paracha par le Rav Mika\u00ebl Mouyal sur <a href=\"https:\/\/acjbb-sud.org\/index.php\/dvar-torah-sidra-rav-mouyal\/\" target=\"_blank\" rel=\"noreferrer noopener\">cette page<\/a>.<\/p>\n\n\n\n<p>Retrouvez les Divr\u00e9 Torah en vid\u00e9os sur notre <a href=\"https:\/\/www.youtube.com\/channel\/UC20u-GBY1CIXXcjbM96fPxw\" target=\"_blank\" rel=\"noreferrer noopener\">chaine YouTube<\/a>.<\/p>\n\n\n\n<p id=\"block-b6109842-1a53-4f02-9d74-dab7a535c9df\"><em><strong>du Rabbin Didier Kassabi :<\/strong><\/em><br>T\u00e9l\u00e9chargez le Dvar Torah directement en PDF afin de l\u2019imprimer et le lire plus facilement :<br><a href=\"https:\/\/synaboulogne.com\/wp-content\/uploads\/2021\/07\/ACJBB-Boulogne-Dvar-Torah-Rabbin-Didier-Kassabi-Vaethanan-5781-1.pdf\" target=\"_blank\" rel=\"noreferrer noopener\">Dvar Torah Va\u00e9t&rsquo;hanan<\/a><\/p>\n\n\n\n<p id=\"block-a68290c3-5f19-4d18-839f-11ee7629c218\">Retrouvez tous les Divrei Torah sur la Paracha par le Rabbin Didier Kassabi sur <a href=\"https:\/\/synaboulogne.com\/dvar-torah-du-rabbin-didier-kassabi\/\" target=\"_blank\" rel=\"noreferrer noopener\">cette page.<\/a><\/p>\n\n\n\n<p>Retrouvez les Divr\u00e9 Torah en vid\u00e9os sur la <a href=\"https:\/\/www.youtube.com\/synagoguedeboulogne\" target=\"_blank\" rel=\"noreferrer noopener\">chaine de la Synagogue de Boulogne<\/a>.<\/p>\n","protected":false},"excerpt":{"rendered":"<p>Paracha Va\u00e9t&rsquo;hanan \/ \u05e4\u05e8\u05e9\u05d4 \u05d5\u05d0\u05ea\u05d7\u05e0\u05df Chabbat Na&rsquo;hamou \/ \u05e9\u05d1\u05ea \u05e0\u05d7\u05de\u05d523\/24 juillet 2021 &#8211; 15 Av 5781 \/ \u05d8&rsquo;\u05d5 \u05d0\u05d1 \u05ea\u05e9\u05e4&rsquo;\u05d0D\u00e9but : 21h23 &#8211; Fin : 22h39 Mesures Covid : Chers amis, chers fid\u00e8les,Il n&rsquo;y a plus de restrictions sur le nombre de places, cependant, le port du masque reste toutefois obligatoire en int\u00e9rieur, et ce, &hellip; <\/p>\n<p><a class=\"more-link btn\" href=\"https:\/\/acjbb-sud.org\/index.php\/2021\/07\/22\/chabbat-vaethanan-5781\/\">Lire la suite<\/a><\/p>\n","protected":false},"author":1,"featured_media":2195,"comment_status":"open","ping_status":"open","sticky":false,"template":"","format":"standard","meta":{"jetpack_post_was_ever_published":false,"_jetpack_newsletter_access":"","_jetpack_dont_email_post_to_subs":false,"_jetpack_newsletter_tier_id":0,"_jetpack_memberships_contains_paywalled_content":false,"_jetpack_memberships_contains_paid_content":false,"footnotes":"","jetpack_publicize_message":"","jetpack_publicize_feature_enabled":true,"jetpack_social_post_already_shared":true,"jetpack_social_options":{"image_generator_settings":{"template":"highway","default_image_id":0,"font":"","enabled":false},"version":2}},"categories":[3],"tags":[],"class_list":["post-4599","post","type-post","status-publish","format-standard","has-post-thumbnail","hentry","category-chabbat","item-wrap"],"yoast_head":"<!-- This site is optimized with the Yoast SEO plugin v26.6 - https:\/\/yoast.com\/wordpress\/plugins\/seo\/ -->\n<title>Chabbat Va\u00e9t&#039;hanan - Chabbat Na&#039;hamou - Synagogue ACJBB Boulogne Sud<\/title>\n<meta name=\"robots\" content=\"index, follow, max-snippet:-1, max-image-preview:large, max-video-preview:-1\" \/>\n<link rel=\"canonical\" href=\"https:\/\/acjbb-sud.org\/index.php\/2021\/07\/22\/chabbat-vaethanan-5781\/\" \/>\n<meta property=\"og:locale\" content=\"fr_FR\" \/>\n<meta property=\"og:type\" content=\"article\" \/>\n<meta property=\"og:title\" content=\"Chabbat Va\u00e9t&#039;hanan - Chabbat Na&#039;hamou - Synagogue ACJBB Boulogne Sud\" \/>\n<meta property=\"og:description\" content=\"Paracha Va\u00e9t&rsquo;hanan \/ \u05e4\u05e8\u05e9\u05d4 \u05d5\u05d0\u05ea\u05d7\u05e0\u05df Chabbat Na&rsquo;hamou \/ \u05e9\u05d1\u05ea \u05e0\u05d7\u05de\u05d523\/24 juillet 2021 &#8211; 15 Av 5781 \/ \u05d8&rsquo;\u05d5 \u05d0\u05d1 \u05ea\u05e9\u05e4&rsquo;\u05d0D\u00e9but : 21h23 &#8211; Fin : 22h39 Mesures Covid : Chers amis, chers fid\u00e8les,Il n&rsquo;y a plus de restrictions sur le nombre de places, cependant, le port du masque reste toutefois obligatoire en int\u00e9rieur, et ce, &hellip; Lire la suite\" \/>\n<meta property=\"og:url\" content=\"https:\/\/acjbb-sud.org\/index.php\/2021\/07\/22\/chabbat-vaethanan-5781\/\" \/>\n<meta property=\"og:site_name\" content=\"Synagogue ACJBB Boulogne Sud\" \/>\n<meta property=\"article:published_time\" content=\"2021-07-22T08:31:33+00:00\" \/>\n<meta property=\"article:modified_time\" content=\"2021-07-28T08:51:12+00:00\" \/>\n<meta property=\"og:image\" content=\"https:\/\/acjbb-sud.org\/wp-content\/uploads\/2018\/10\/ACJBB-Sud-Chabbat-halots-bougies-vin-600-logos-v2.jpg\" \/>\n\t<meta property=\"og:image:width\" content=\"615\" \/>\n\t<meta property=\"og:image:height\" content=\"433\" \/>\n\t<meta property=\"og:image:type\" content=\"image\/jpeg\" \/>\n<meta name=\"author\" content=\"AcjbbSud\" \/>\n<meta name=\"twitter:card\" content=\"summary_large_image\" \/>\n<meta name=\"twitter:label1\" content=\"\u00c9crit par\" \/>\n\t<meta name=\"twitter:data1\" content=\"AcjbbSud\" \/>\n\t<meta name=\"twitter:label2\" content=\"Dur\u00e9e de lecture estim\u00e9e\" \/>\n\t<meta name=\"twitter:data2\" content=\"6 minutes\" \/>\n<script type=\"application\/ld+json\" class=\"yoast-schema-graph\">{\"@context\":\"https:\/\/schema.org\",\"@graph\":[{\"@type\":\"WebPage\",\"@id\":\"https:\/\/acjbb-sud.org\/index.php\/2021\/07\/22\/chabbat-vaethanan-5781\/\",\"url\":\"https:\/\/acjbb-sud.org\/index.php\/2021\/07\/22\/chabbat-vaethanan-5781\/\",\"name\":\"Chabbat Va\u00e9t'hanan - Chabbat Na'hamou - Synagogue ACJBB Boulogne Sud\",\"isPartOf\":{\"@id\":\"https:\/\/acjbb-sud.org\/#website\"},\"primaryImageOfPage\":{\"@id\":\"https:\/\/acjbb-sud.org\/index.php\/2021\/07\/22\/chabbat-vaethanan-5781\/#primaryimage\"},\"image\":{\"@id\":\"https:\/\/acjbb-sud.org\/index.php\/2021\/07\/22\/chabbat-vaethanan-5781\/#primaryimage\"},\"thumbnailUrl\":\"https:\/\/acjbb-sud.org\/wp-content\/uploads\/2018\/10\/ACJBB-Sud-Chabbat-halots-bougies-vin-600-logos-v2.jpg\",\"datePublished\":\"2021-07-22T08:31:33+00:00\",\"dateModified\":\"2021-07-28T08:51:12+00:00\",\"author\":{\"@id\":\"https:\/\/acjbb-sud.org\/#\/schema\/person\/adc8f09fb72c9d0dc78509106dc5e9f0\"},\"breadcrumb\":{\"@id\":\"https:\/\/acjbb-sud.org\/index.php\/2021\/07\/22\/chabbat-vaethanan-5781\/#breadcrumb\"},\"inLanguage\":\"fr-FR\",\"potentialAction\":[{\"@type\":\"ReadAction\",\"target\":[\"https:\/\/acjbb-sud.org\/index.php\/2021\/07\/22\/chabbat-vaethanan-5781\/\"]}]},{\"@type\":\"ImageObject\",\"inLanguage\":\"fr-FR\",\"@id\":\"https:\/\/acjbb-sud.org\/index.php\/2021\/07\/22\/chabbat-vaethanan-5781\/#primaryimage\",\"url\":\"https:\/\/acjbb-sud.org\/wp-content\/uploads\/2018\/10\/ACJBB-Sud-Chabbat-halots-bougies-vin-600-logos-v2.jpg\",\"contentUrl\":\"https:\/\/acjbb-sud.org\/wp-content\/uploads\/2018\/10\/ACJBB-Sud-Chabbat-halots-bougies-vin-600-logos-v2.jpg\",\"width\":615,\"height\":433},{\"@type\":\"BreadcrumbList\",\"@id\":\"https:\/\/acjbb-sud.org\/index.php\/2021\/07\/22\/chabbat-vaethanan-5781\/#breadcrumb\",\"itemListElement\":[{\"@type\":\"ListItem\",\"position\":1,\"name\":\"Accueil\",\"item\":\"https:\/\/acjbb-sud.org\/\"},{\"@type\":\"ListItem\",\"position\":2,\"name\":\"Chabbat Va\u00e9t&rsquo;hanan &#8211; Chabbat Na&rsquo;hamou\"}]},{\"@type\":\"WebSite\",\"@id\":\"https:\/\/acjbb-sud.org\/#website\",\"url\":\"https:\/\/acjbb-sud.org\/\",\"name\":\"Synagogue ACJBB Boulogne Sud\",\"description\":\"Synagogue \/ Association Communautaire Juive de Boulogne Billancourt (Sud)\",\"potentialAction\":[{\"@type\":\"SearchAction\",\"target\":{\"@type\":\"EntryPoint\",\"urlTemplate\":\"https:\/\/acjbb-sud.org\/?s={search_term_string}\"},\"query-input\":{\"@type\":\"PropertyValueSpecification\",\"valueRequired\":true,\"valueName\":\"search_term_string\"}}],\"inLanguage\":\"fr-FR\"},{\"@type\":\"Person\",\"@id\":\"https:\/\/acjbb-sud.org\/#\/schema\/person\/adc8f09fb72c9d0dc78509106dc5e9f0\",\"name\":\"AcjbbSud\",\"image\":{\"@type\":\"ImageObject\",\"inLanguage\":\"fr-FR\",\"@id\":\"https:\/\/acjbb-sud.org\/#\/schema\/person\/image\/\",\"url\":\"https:\/\/secure.gravatar.com\/avatar\/ea30fe7a8231c8c0bf30066f86006714af7be34ba414543eaab3e453b92901aa?s=96&d=mm&r=g\",\"contentUrl\":\"https:\/\/secure.gravatar.com\/avatar\/ea30fe7a8231c8c0bf30066f86006714af7be34ba414543eaab3e453b92901aa?s=96&d=mm&r=g\",\"caption\":\"AcjbbSud\"},\"url\":\"https:\/\/acjbb-sud.org\/index.php\/author\/acjbbsud\/\"}]}<\/script>\n<!-- \/ Yoast SEO plugin. -->","yoast_head_json":{"title":"Chabbat Va\u00e9t'hanan - Chabbat Na'hamou - Synagogue ACJBB Boulogne Sud","robots":{"index":"index","follow":"follow","max-snippet":"max-snippet:-1","max-image-preview":"max-image-preview:large","max-video-preview":"max-video-preview:-1"},"canonical":"https:\/\/acjbb-sud.org\/index.php\/2021\/07\/22\/chabbat-vaethanan-5781\/","og_locale":"fr_FR","og_type":"article","og_title":"Chabbat Va\u00e9t'hanan - Chabbat Na'hamou - Synagogue ACJBB Boulogne Sud","og_description":"Paracha Va\u00e9t&rsquo;hanan \/ \u05e4\u05e8\u05e9\u05d4 \u05d5\u05d0\u05ea\u05d7\u05e0\u05df Chabbat Na&rsquo;hamou \/ \u05e9\u05d1\u05ea \u05e0\u05d7\u05de\u05d523\/24 juillet 2021 &#8211; 15 Av 5781 \/ \u05d8&rsquo;\u05d5 \u05d0\u05d1 \u05ea\u05e9\u05e4&rsquo;\u05d0D\u00e9but : 21h23 &#8211; Fin : 22h39 Mesures Covid : Chers amis, chers fid\u00e8les,Il n&rsquo;y a plus de restrictions sur le nombre de places, cependant, le port du masque reste toutefois obligatoire en int\u00e9rieur, et ce, &hellip; Lire la suite","og_url":"https:\/\/acjbb-sud.org\/index.php\/2021\/07\/22\/chabbat-vaethanan-5781\/","og_site_name":"Synagogue ACJBB Boulogne Sud","article_published_time":"2021-07-22T08:31:33+00:00","article_modified_time":"2021-07-28T08:51:12+00:00","og_image":[{"width":615,"height":433,"url":"https:\/\/acjbb-sud.org\/wp-content\/uploads\/2018\/10\/ACJBB-Sud-Chabbat-halots-bougies-vin-600-logos-v2.jpg","type":"image\/jpeg"}],"author":"AcjbbSud","twitter_card":"summary_large_image","twitter_misc":{"\u00c9crit par":"AcjbbSud","Dur\u00e9e de lecture estim\u00e9e":"6 minutes"},"schema":{"@context":"https:\/\/schema.org","@graph":[{"@type":"WebPage","@id":"https:\/\/acjbb-sud.org\/index.php\/2021\/07\/22\/chabbat-vaethanan-5781\/","url":"https:\/\/acjbb-sud.org\/index.php\/2021\/07\/22\/chabbat-vaethanan-5781\/","name":"Chabbat Va\u00e9t'hanan - Chabbat Na'hamou - Synagogue ACJBB Boulogne Sud","isPartOf":{"@id":"https:\/\/acjbb-sud.org\/#website"},"primaryImageOfPage":{"@id":"https:\/\/acjbb-sud.org\/index.php\/2021\/07\/22\/chabbat-vaethanan-5781\/#primaryimage"},"image":{"@id":"https:\/\/acjbb-sud.org\/index.php\/2021\/07\/22\/chabbat-vaethanan-5781\/#primaryimage"},"thumbnailUrl":"https:\/\/acjbb-sud.org\/wp-content\/uploads\/2018\/10\/ACJBB-Sud-Chabbat-halots-bougies-vin-600-logos-v2.jpg","datePublished":"2021-07-22T08:31:33+00:00","dateModified":"2021-07-28T08:51:12+00:00","author":{"@id":"https:\/\/acjbb-sud.org\/#\/schema\/person\/adc8f09fb72c9d0dc78509106dc5e9f0"},"breadcrumb":{"@id":"https:\/\/acjbb-sud.org\/index.php\/2021\/07\/22\/chabbat-vaethanan-5781\/#breadcrumb"},"inLanguage":"fr-FR","potentialAction":[{"@type":"ReadAction","target":["https:\/\/acjbb-sud.org\/index.php\/2021\/07\/22\/chabbat-vaethanan-5781\/"]}]},{"@type":"ImageObject","inLanguage":"fr-FR","@id":"https:\/\/acjbb-sud.org\/index.php\/2021\/07\/22\/chabbat-vaethanan-5781\/#primaryimage","url":"https:\/\/acjbb-sud.org\/wp-content\/uploads\/2018\/10\/ACJBB-Sud-Chabbat-halots-bougies-vin-600-logos-v2.jpg","contentUrl":"https:\/\/acjbb-sud.org\/wp-content\/uploads\/2018\/10\/ACJBB-Sud-Chabbat-halots-bougies-vin-600-logos-v2.jpg","width":615,"height":433},{"@type":"BreadcrumbList","@id":"https:\/\/acjbb-sud.org\/index.php\/2021\/07\/22\/chabbat-vaethanan-5781\/#breadcrumb","itemListElement":[{"@type":"ListItem","position":1,"name":"Accueil","item":"https:\/\/acjbb-sud.org\/"},{"@type":"ListItem","position":2,"name":"Chabbat Va\u00e9t&rsquo;hanan &#8211; Chabbat Na&rsquo;hamou"}]},{"@type":"WebSite","@id":"https:\/\/acjbb-sud.org\/#website","url":"https:\/\/acjbb-sud.org\/","name":"Synagogue ACJBB Boulogne Sud","description":"Synagogue \/ Association Communautaire Juive de Boulogne Billancourt (Sud)","potentialAction":[{"@type":"SearchAction","target":{"@type":"EntryPoint","urlTemplate":"https:\/\/acjbb-sud.org\/?s={search_term_string}"},"query-input":{"@type":"PropertyValueSpecification","valueRequired":true,"valueName":"search_term_string"}}],"inLanguage":"fr-FR"},{"@type":"Person","@id":"https:\/\/acjbb-sud.org\/#\/schema\/person\/adc8f09fb72c9d0dc78509106dc5e9f0","name":"AcjbbSud","image":{"@type":"ImageObject","inLanguage":"fr-FR","@id":"https:\/\/acjbb-sud.org\/#\/schema\/person\/image\/","url":"https:\/\/secure.gravatar.com\/avatar\/ea30fe7a8231c8c0bf30066f86006714af7be34ba414543eaab3e453b92901aa?s=96&d=mm&r=g","contentUrl":"https:\/\/secure.gravatar.com\/avatar\/ea30fe7a8231c8c0bf30066f86006714af7be34ba414543eaab3e453b92901aa?s=96&d=mm&r=g","caption":"AcjbbSud"},"url":"https:\/\/acjbb-sud.org\/index.php\/author\/acjbbsud\/"}]}},"jetpack_publicize_connections":[],"jetpack_featured_media_url":"https:\/\/acjbb-sud.org\/wp-content\/uploads\/2018\/10\/ACJBB-Sud-Chabbat-halots-bougies-vin-600-logos-v2.jpg","jetpack_sharing_enabled":true,"jetpack_shortlink":"https:\/\/wp.me\/p7sjOI-1cb","jetpack_likes_enabled":true,"_links":{"self":[{"href":"https:\/\/acjbb-sud.org\/index.php\/wp-json\/wp\/v2\/posts\/4599","targetHints":{"allow":["GET"]}}],"collection":[{"href":"https:\/\/acjbb-sud.org\/index.php\/wp-json\/wp\/v2\/posts"}],"about":[{"href":"https:\/\/acjbb-sud.org\/index.php\/wp-json\/wp\/v2\/types\/post"}],"author":[{"embeddable":true,"href":"https:\/\/acjbb-sud.org\/index.php\/wp-json\/wp\/v2\/users\/1"}],"replies":[{"embeddable":true,"href":"https:\/\/acjbb-sud.org\/index.php\/wp-json\/wp\/v2\/comments?post=4599"}],"version-history":[{"count":8,"href":"https:\/\/acjbb-sud.org\/index.php\/wp-json\/wp\/v2\/posts\/4599\/revisions"}],"predecessor-version":[{"id":5672,"href":"https:\/\/acjbb-sud.org\/index.php\/wp-json\/wp\/v2\/posts\/4599\/revisions\/5672"}],"wp:featuredmedia":[{"embeddable":true,"href":"https:\/\/acjbb-sud.org\/index.php\/wp-json\/wp\/v2\/media\/2195"}],"wp:attachment":[{"href":"https:\/\/acjbb-sud.org\/index.php\/wp-json\/wp\/v2\/media?parent=4599"}],"wp:term":[{"taxonomy":"category","embeddable":true,"href":"https:\/\/acjbb-sud.org\/index.php\/wp-json\/wp\/v2\/categories?post=4599"},{"taxonomy":"post_tag","embeddable":true,"href":"https:\/\/acjbb-sud.org\/index.php\/wp-json\/wp\/v2\/tags?post=4599"}],"curies":[{"name":"wp","href":"https:\/\/api.w.org\/{rel}","templated":true}]}}