{"id":4732,"date":"2021-09-12T13:00:00","date_gmt":"2021-09-12T11:00:00","guid":{"rendered":"https:\/\/acjbb-sud.org\/?p=4732"},"modified":"2021-09-23T15:53:24","modified_gmt":"2021-09-23T13:53:24","slug":"yom-kippour-5782","status":"publish","type":"post","link":"https:\/\/acjbb-sud.org\/index.php\/2021\/09\/12\/yom-kippour-5782\/","title":{"rendered":"Yom Kippour 5782"},"content":{"rendered":"\n<h3 class=\"has-text-align-center wp-block-heading\"><strong>Yom Kippour \/ \u05d9\u05d5\u05dd \u05db\u05d9\u05e4\u05d5\u05e8<\/strong><br><strong>15\/16 septembre 2021 &#8211; 10 Tichri 5782 \/ \u05d9&rsquo; \u05ea\u05e9\u05e8\u05d9 <strong>\u05ea\u05e9\u05e4&rsquo;\u05d1<\/strong><\/strong><br><em><strong>D\u00e9but mercredi soir \u00e0 19h45 &#8211; Fin jeudi soir \u00e0 20h49<\/strong><\/em><\/h3>\n\n\n\n<figure class=\"wp-block-image size-large\"><img loading=\"lazy\" decoding=\"async\" width=\"744\" height=\"410\" src=\"https:\/\/acjbb-sud.org\/wp-content\/uploads\/2016\/10\/choffar-roch-hachana-kippour-1.png\" alt=\"\" class=\"wp-image-212\" srcset=\"https:\/\/acjbb-sud.org\/wp-content\/uploads\/2016\/10\/choffar-roch-hachana-kippour-1.png 744w, https:\/\/acjbb-sud.org\/wp-content\/uploads\/2016\/10\/choffar-roch-hachana-kippour-1-300x165.png 300w, https:\/\/acjbb-sud.org\/wp-content\/uploads\/2016\/10\/choffar-roch-hachana-kippour-1-500x276.png 500w\" sizes=\"auto, (max-width: 744px) 100vw, 744px\" \/><\/figure>\n\n\n\n<h3 class=\"wp-block-heading\"><span style=\"text-decoration: underline;\">Mesures Covid&nbsp;:<\/span><\/h3>\n\n\n\n<p><span style=\"color:#ff0000\" class=\"has-inline-color\"> <span style=\"color:#ff0000\" class=\"has-inline-color\">Chers amis, chers fid\u00e8les,<\/span><br><span style=\"color:#ff0000\" class=\"has-inline-color\">Il n&rsquo;y a plus de restrictions sur le nombre de places, cependant, le port du masque reste toutefois obligatoire en int\u00e9rieur, et ce, \u00e0 partir du moment o\u00f9 vous rentrez dans la Synagogue. <\/span><\/span><br><span style=\"color:#ff0000\" class=\"has-inline-color\"><span style=\"color:#ff0000\" class=\"has-inline-color\"><strong>Pendant les offices de Tichri, les offices sont r\u00e9serv\u00e9s aux personnes inscrites sur la liste et en possession d&rsquo;un Pass sanitaire, ou d&rsquo;un test PCR n\u00e9gatif de moins de 72h. Merci de penser \u00e0 amener votre Pass le soir avant Kippour.<\/strong> <\/span><br><strong><span style=\"color:#ff0000\" class=\"has-inline-color\">Merci de continuer \u00e0 respecter les gestes barri\u00e8res !<\/span><\/strong><br><span style=\"color:#ff0000\" class=\"has-inline-color\">Chabbat Chalom !<\/span> <\/span><\/p>\n\n\n\n<hr class=\"wp-block-separator is-style-wide\"\/>\n\n\n\n<h3 class=\"wp-block-heading\"><span style=\"text-decoration: underline;\">Les Kaparot :<\/span><\/h3>\n\n\n\n<p>La veille de Yom Kippour, il est d&rsquo;usage d&rsquo;accomplir les Kaparot (expiation symbolique de nos fautes et celles de nos proches), \u00e0 l&rsquo;aide d&rsquo;un poulet que nous faisons tourner autour de la t\u00eate en r\u00e9citant un texte appropri\u00e9, ou de donner \u00e0 la Tsedaka le montant d&rsquo;un poulet. Le montant des Kaparot est fix\u00e9 \u00e0 10 \u20ac par personne, et pourra \u00eatre d\u00e9pos\u00e9 le matin ou l&rsquo;apr\u00e8s-midi lors des offices.<\/p>\n\n\n\n<p>Vous pouvez \u00e9galement faire les Kaparots en versant directement \u00e0 <strong>Tsedek<\/strong> (<a href=\"https:\/\/www.helloasso.com\/associations\/acjbb-2\/collectes\/acjbb-tsedek\" target=\"_blank\" rel=\"noreferrer noopener\">en cliquant ici<\/a>) le montant symbolique de l&rsquo;animal (estim\u00e9 \u00e0 10\u20ac) par personne de la famille.<\/p>\n\n\n\n<hr class=\"wp-block-separator is-style-wide\"\/>\n\n\n\n<h3 class=\"wp-block-heading\"><span style=\"text-decoration: underline;\">Les horaires :<\/span><\/h3>\n\n\n\n<p><strong><em>Mercredi 15 septembre, matin (veille de Yom Kippour) :<\/em><\/strong><br><strong>06h15<\/strong> : S\u00e9li&rsquo;hots<br><strong>07h10<\/strong> : Cha&rsquo;harit<\/p>\n\n\n\n<p><strong><em><strong><em>Mercredi 15 septembre<\/em><\/strong>, apr\u00e8s-midi (veille de Yom Kippour) :<\/em><\/strong><br><strong>14h30<\/strong> : Min&rsquo;ha <\/p>\n\n\n\n<p><strong><em><strong><em>Mercredi 15 septembre<\/em><\/strong>, soir &#8211; Yom Kippour :<\/em><\/strong><br><strong>19h30<\/strong> : Kol Nidr\u00e9 et Arvit<br><strong>19h40<\/strong> : Allumage des bougies et d\u00e9but du je\u00fbne et de Yom Kippour (heure maximum pour l&rsquo;allumage : <strong><span style=\"color:#ff0000\" class=\"has-inline-color\">19h45<\/span><\/strong>)<br> <strong>Allumer une bougie de 48H pour pouvoir faire la Havdala \u00e0 la fin de Yom Kippour.<\/strong><\/p>\n\n\n\n<p><strong><em><strong><em>Jeudi 16 <\/em><\/strong>septembre, matin :<\/em><\/strong><br><strong>08h30<\/strong> : Cha&rsquo;harit<\/p>\n\n\n\n<p><strong><em>Jeudi 16 septembre, apr\u00e8s-midi :<\/em><\/strong><br><strong>16h45<\/strong> : Yzkor<br><strong>17h00<\/strong> : Min&rsquo;ha<\/p>\n\n\n\n<p><strong><em><strong><em>Jeudi 16 <\/em><\/strong>septembre, soir :<\/em><\/strong><br><strong>19h45<\/strong> : N\u00e9\u00efla<br><strong>20h49<\/strong> : Sonnerie du Choffar, Arvit et fin du je\u00fbne (<strong>il est important d&rsquo;attendre de faire la Havdalah avant de manger<\/strong>)<br>Havdala avec feu (allum\u00e9e avant Yom Kippour, sinon sans) et sans aromates.<\/p>\n\n\n\n<p><strong>Tizkou l\u00e9Chanim Rabbot, N\u00e9imot v\u00e9Tovot !!!<\/strong><\/p>\n\n\n\n<!--more-->\n\n\n\n<hr class=\"wp-block-separator is-style-wide\"\/>\n\n\n\n<h3 class=\"wp-block-heading\"><span style=\"text-decoration: underline;\">Les offices de Boulogne :<\/span><\/h3>\n\n\n\n<h4 class=\"wp-block-heading\">Synagogue de Boulogne :<\/h4>\n\n\n\n<p>Les offices auront lieu dans la Synagogue, dans l&rsquo;Espace Alfred Zemmour et dans l&rsquo;Espace Elie Botbol.<\/p>\n\n\n\n<h4 class=\"wp-block-heading\">ACJBB Sud :<\/h4>\n\n\n\n<p>L&rsquo;office aura lieu au 27 rue Yves Kermen <\/p>\n\n\n\n<h4 class=\"wp-block-heading\">Office Ashk\u00e9naze &#8211; Foyer du Th\u00e9\u00e2tre de Boulogne &#8211; Espace Bernard Palissy :<\/h4>\n\n\n\n<p>1 place Bernard Palissy &#8211; Boulogne<br><br>Malgr\u00e9 nos longues discussions et tous nos efforts, les responsables de l\u2019\u00e9cole Maimonide nous refusent l\u2019acc\u00e8s \u00e0 leur synagogue pour les f\u00eates de Rosh HaShana et de Kippour.<br>Les fid\u00e8les ayant l\u2019habitude d\u2019y prier seront accueillis dans le&nbsp;<strong>Foyer du Th\u00e9\u00e2tre de Boulogne<\/strong>&nbsp;pour Yom Kippour.<\/p>\n\n\n\n<h4 class=\"wp-block-heading\">Th\u00e9\u00e2tre de Boulogne &#8211; Espace Bernard Palissy :<\/h4>\n\n\n\n<p>1 place Bernard Palissy &#8211; Boulogne<br>(remplace l&rsquo;office le gymnase Denfert Rochereau)<\/p>\n\n\n\n<p>Cette salle \u00e9tant actuellement un des Centres de vaccination Covid, la Mairie de Boulogne met \u00e0 notre disposition le&nbsp;<strong>Th\u00e9\u00e2tre de Boulogne<\/strong>&nbsp;pour l&rsquo;organisation de cet office, qui sera dirig\u00e9 par&nbsp;<strong>Shlomo Botbol<\/strong>.<\/p>\n\n\n\n<h4 class=\"wp-block-heading\">Espace Landowski :<\/h4>\n\n\n\n<p>26 avenue Morizet &#8211; Boulogne-Billancourt<br>Cet office remplace l&rsquo;Office du Pont de S\u00e8vres.<\/p>\n\n\n\n<hr class=\"wp-block-separator is-style-wide\"\/>\n\n\n\n<h3 class=\"wp-block-heading\"><span style=\"text-decoration: underline;\">Birkat ha-L\u00e9vana :<\/span><\/h3>\n\n\n\n<p>Il est un bon usage de r\u00e9citer la Birkat ha-L\u00e9vana le soir, \u00e0 la sortie de Yom Kippour.<br>La Birkat ha-L\u00e9vana (pri\u00e8re pour le renouvellement de la lune) pourra donc \u00eatre r\u00e9cit\u00e9e entre le jeudi 16 septembre 2021 au soir et le lundi 20 septembre 2021 au soir, lorsque la lune est visible.<\/p>\n\n\n\n<hr class=\"wp-block-separator is-style-wide\"\/>\n\n\n\n<h3 class=\"wp-block-heading\"><span style=\"text-decoration: underline;\">Achetez votre set Loulav et Etrog pour Souccot :<\/span><\/h3>\n\n\n\n<div class=\"wp-block-image\"><figure class=\"aligncenter size-large\"><img loading=\"lazy\" decoding=\"async\" width=\"587\" height=\"398\" src=\"https:\/\/acjbb-sud.org\/wp-content\/uploads\/2019\/09\/set_loulav_etrog_souccot.jpg\" alt=\"\" class=\"wp-image-2989\" srcset=\"https:\/\/acjbb-sud.org\/wp-content\/uploads\/2019\/09\/set_loulav_etrog_souccot.jpg 587w, https:\/\/acjbb-sud.org\/wp-content\/uploads\/2019\/09\/set_loulav_etrog_souccot-300x203.jpg 300w\" sizes=\"auto, (max-width: 587px) 100vw, 587px\" \/><\/figure><\/div>\n\n\n\n<p>R\u00e9servez d\u00e8s maintenant votre set de Loulav et Etrog pour la f\u00eate de Souccot.<\/p>\n\n\n\n<p>Nous vous proposons 2 choix pour le kit complet : 25 \u20ac ou 35 \u20ac !<\/p>\n\n\n\n<p>Une permanence sera assur\u00e9e le :<\/p>\n\n\n\n<ul class=\"wp-block-list\"><li>vendredi 17 septembre de 07h00 \u00e0 12h00 <\/li><li>dimanche 19  septembre de 07h00 \u00e0 12h00 et de 17h00 \u00e0 20h00<\/li><li>lundi 20 septembre de 07h00 \u00e0 13h00<\/li><\/ul>\n\n\n\n<p>Contacter d\u00e8s maintenant Patrick pour r\u00e9server votre set complet au 06.03.02.30.78 ou par mail \u00e0 <a href=\"mailto:patrick.sebban2@paris.fr\">patrick.sebban2@paris.fr<\/a>.<\/p>\n\n\n\n<hr class=\"wp-block-separator is-style-wide\"\/>\n\n\n\n<h3 class=\"wp-block-heading\"><span style=\"text-decoration: underline;\">Bn\u00e9 Akiva &#8211; activit\u00e9 Souccot :<\/span><\/h3>\n\n\n\n<div class=\"wp-block-image\"><figure class=\"aligncenter size-large is-resized\"><img loading=\"lazy\" decoding=\"async\" src=\"https:\/\/acjbb-sud.org\/wp-content\/uploads\/2021\/09\/ACJBB-Boulogne-Bne-Akiva-activite-Souccot-5782-2021-724x1024.png\" alt=\"\" class=\"wp-image-4764\" width=\"543\" height=\"768\" srcset=\"https:\/\/acjbb-sud.org\/wp-content\/uploads\/2021\/09\/ACJBB-Boulogne-Bne-Akiva-activite-Souccot-5782-2021-724x1024.png 724w, https:\/\/acjbb-sud.org\/wp-content\/uploads\/2021\/09\/ACJBB-Boulogne-Bne-Akiva-activite-Souccot-5782-2021-212x300.png 212w, https:\/\/acjbb-sud.org\/wp-content\/uploads\/2021\/09\/ACJBB-Boulogne-Bne-Akiva-activite-Souccot-5782-2021-768x1087.png 768w, https:\/\/acjbb-sud.org\/wp-content\/uploads\/2021\/09\/ACJBB-Boulogne-Bne-Akiva-activite-Souccot-5782-2021-720x1019.png 720w, https:\/\/acjbb-sud.org\/wp-content\/uploads\/2021\/09\/ACJBB-Boulogne-Bne-Akiva-activite-Souccot-5782-2021.png 848w\" sizes=\"auto, (max-width: 543px) 100vw, 543px\" \/><\/figure><\/div>\n\n\n\n<p>Chers parents,<\/p>\n\n\n\n<p>Nous avons le plaisir de vous annoncer la <strong>Grande sortie du Bne Akiva Boulogne<\/strong> pendant Hol Hamoed Souccot <strong>jeudi 23 septembre<\/strong> :\ud83c\udfd5<\/p>\n\n\n\n<p><strong>Au programme :<\/strong>\ud83d\udcdd<\/p>\n\n\n\n<ul class=\"wp-block-list\"><li>Accueil des enfants <strong>\u00e0 partir de 9h30 jusqu\u2019\u00e0 10h<\/strong> \u00e0 la synagogue de Boulogne \ud83d\udd4d<br>(Pour les enfants arrivants avant 10h, tefila+ petit dej assur\u00e9)\ud83d\udcd6\ud83e\udd50<\/li><li>Intervention du <strong>Rabbin Didier Kassabi<\/strong> sp\u00e9cialement pour les enfants du Bn\u00e9 Akiva\u2721\ufe0f<\/li><li>Grande peoula<\/li><li>Repas pizza sous la souccah \ud83c\udf55<\/li><li>D\u00e9part en car pour une activit\u00e9 de folie au JUMP !!\ud83d\udd74\ud83d\ude8c (go\u00fbter pr\u00e9vu)<\/li><li>Retour pr\u00e9vu vers 17h-17h30 \u00e0 la Synagogue de Boulogne<\/li><\/ul>\n\n\n\n<p><strong>\u00c2ge :<\/strong> de 7 \u00e0 15 ans.<\/p>\n\n\n\n<p><strong>Paf :<\/strong><\/p>\n\n\n\n<ul class=\"wp-block-list\"><li>26\u20ac pour l&rsquo;inscription d&rsquo;un enfant,<\/li><li>50\u20ac pour 2 enfants<\/li><li>70\u20ac pour 3 enfants<\/li><li>90\u20ac pour 4 enfants.<\/li><\/ul>\n\n\n\n<p>On vous attend nombreux pour kiffer !!!! \ud83e\udd17<\/p>\n\n\n\n<p><strong>Chabbat Chalom et Hag Sameah !<\/strong>\u2764\ufe0f<\/p>\n\n\n\n<p>Lien pour l\u2019inscription : <a href=\"https:\/\/www.helloasso.com\/associations\/acjbb-2\/evenements\/bne-akiva-de-boulogne-sortie-de-soucoth-5782-2021\" target=\"_blank\" rel=\"noreferrer noopener\">https:\/\/www.helloasso.com\/associations\/acjbb-2\/evenements\/bne-akiva-de-boulogne-sortie-de-soucoth-5782-2021<\/a> <\/p>\n\n\n\n<p> \u26a0\ufe0f <strong>Le nombre des places est limit\u00e9e.<\/strong> <\/p>\n\n\n\n<hr class=\"wp-block-separator is-style-wide\"\/>\n\n\n\n<h3 class=\"wp-block-heading\"><span style=\"text-decoration: underline;\">Beth Hamidrach :<\/span><\/h3>\n\n\n\n<p class=\"has-text-align-center\"><strong><span style=\"color:#ff0000\">Les cours reprendront apr\u00e8s les f\u00eates de Tichri !!!!<\/span><\/strong><\/p>\n\n\n\n<p>Le <strong>Rabbin Didier Kassabi<\/strong> donne un cours de Gu\u00e9mara chaque lundi soir \u00e0 20h45 \u00e0 la Synagogue de Boulogne Billancourt, 43 rue des abondances.<\/p>\n\n\n\n<div class=\"wp-block-image\"><figure class=\"aligncenter size-large is-resized\"><img loading=\"lazy\" decoding=\"async\" src=\"https:\/\/acjbb-sud.org\/wp-content\/uploads\/2018\/12\/Rav-Didier-Kassabi-ACJBB-Boulogne-Sud-1024x656.jpg\" alt=\"\" class=\"wp-image-2318\" width=\"768\" height=\"492\" srcset=\"https:\/\/acjbb-sud.org\/wp-content\/uploads\/2018\/12\/Rav-Didier-Kassabi-ACJBB-Boulogne-Sud-1024x656.jpg 1024w, https:\/\/acjbb-sud.org\/wp-content\/uploads\/2018\/12\/Rav-Didier-Kassabi-ACJBB-Boulogne-Sud-300x192.jpg 300w, https:\/\/acjbb-sud.org\/wp-content\/uploads\/2018\/12\/Rav-Didier-Kassabi-ACJBB-Boulogne-Sud-768x492.jpg 768w, https:\/\/acjbb-sud.org\/wp-content\/uploads\/2018\/12\/Rav-Didier-Kassabi-ACJBB-Boulogne-Sud.jpg 1588w\" sizes=\"auto, (max-width: 768px) 100vw, 768px\" \/><\/figure><\/div>\n\n\n\n<p>Retrouvez tous les cours du Rabbin Kassabi <a href=\"https:\/\/acjbb-sud.org\/index.php\/cours-du-rabbin-kassabi\/\" target=\"_blank\" rel=\"noreferrer noopener\">sur cette page<\/a> !!<\/p>\n\n\n\n<hr class=\"wp-block-separator is-style-wide\"\/>\n\n\n\n<h3 class=\"wp-block-heading\" id=\"block-f62ce074-21cd-4ef8-95fc-86f99ff83a8d\"><span style=\"text-decoration: underline;\">Appel aux dons :<\/span><\/h3>\n\n\n\n<p>Mes chers amis,<br>Gr\u00e2ce \u00e0 l\u2019intervention d\u2019Hachem, nous avons pu trouver ce nouveau local <strong>27 rue Yves Kermen<\/strong> \u00e0 temps et nous avons pu continuer nos pri\u00e8res sans aucune interruption.<br>Comme vous le savez, ce local va nous permettre la transition en attendant de nous installer dans notre nouveau centre de vie.<br>Les charges sont importantes aussi bien au niveau du loyer que du fonctionnement. Aussi, je compte sur chacun de vous, petits et grands pour nous aider dans ce financement.<\/p>\n\n\n\n<p>Chacun doit participer \u00e0 cette maaaagnifique mitzva d\u2019aider la synagogue \u00e0 l\u2019identique de nos anc\u00eatres qui devaient contribuer au fonctionnement du temple beth hamikdach chacun \u00e0 son niveau. Afin que chaque ben Isra\u00ebl puisse avoir la b\u00e9n\u00e9diction et la protection d\u2019Hachem.<\/p>\n\n\n\n<p>Chacun doit participer et faire participer 3 personnes de son entourage. La mission sera alors compl\u00e8te.<\/p>\n\n\n\n<p>Puisse Hachem vous b\u00e9nir et vous prot\u00e9ger vous et toute votre famille.<\/p>\n\n\n\n<p><a href=\"https:\/\/www.helloasso.com\/associations\/acjbb-2\/collectes\/participez-a-l-amenagement-du-nouveau-local-rue-yves-kermen\">https:\/\/www.helloasso.com\/associations\/acjbb-2\/collectes\/participez-a-l-amenagement-du-nouveau-local-rue-yves-kermen<\/a><\/p>\n\n\n\n<hr class=\"wp-block-separator is-style-wide\"\/>\n\n\n\n<h3 class=\"wp-block-heading\" id=\"block-b7954baa-ee9c-4dfe-b91d-fa235f442567\"><span style=\"text-decoration: underline;\">Information ACJBB Boulogne Sud :<\/span><\/h3>\n\n\n\n<p id=\"block-fd719631-1c41-4d52-a7ec-2c7882d4ae94\">Retrouvez toutes les informations de l\u2019office sur : <a rel=\"noreferrer noopener\" href=\"http:\/\/www.acjbb-sud.org\" target=\"_blank\">www.acjbb-sud.org<\/a>.<br>Si vous souhaitez recevoir par mail la newsletter de l\u2019office, inscrivez-vous en nous envoyant un mail \u00e0 <a href=\"mailto:officeboulognesud@gmail.com\">officeboulognesud@gmail.com<\/a>.<br>Retrouvez \u00e9galement toutes les informations sur la page Facebook de l\u2019office : <a rel=\"noreferrer noopener\" href=\"http:\/\/facebook.com\/acjbbsud\" target=\"_blank\">facebook.com\/acjbbsud<\/a> et sur Twitter : <a rel=\"noreferrer noopener\" href=\"http:\/\/twitter.com\/acjbbsud\" target=\"_blank\">twitter.com\/acjbbsud<\/a>.<\/p>\n\n\n\n<hr class=\"wp-block-separator is-style-wide\"\/>\n\n\n\n<h3 class=\"wp-block-heading\" id=\"block-b7954baa-ee9c-4dfe-b91d-fa235f442567\"><span style=\"text-decoration: underline;\">R\u00e9servation des espaces communautaires :<\/span><\/h3>\n\n\n\n<p>Vous souhaitez organiser une manifestation (Brith-Mila, Bar-Mitsvah et Bat-Mitsvah, Mariage, Azkara, Soir\u00e9e Mikv\u00e9 Kala, etc&#8230; ) dans l&rsquo;espace <strong>ACJBB Boulogne Sud<\/strong>, 27 rue Yves Kermen, Boulogne Billancourt, contactez M. Patrick Sebban 06.03.02.30.78 &#8211; <a href=\"mailto:patrick.sebban2@paris.fr\">patrick.sebban2@paris.fr<\/a>.<\/p>\n\n\n\n<hr class=\"wp-block-separator is-style-wide\"\/>\n\n\n\n<h3 class=\"wp-block-heading\" id=\"block-7c3c700f-d447-4376-9427-cdbc9c2f74c9\"><span style=\"text-decoration: underline;\">Mikv\u00e9 :<\/span><\/h3>\n\n\n\n<p id=\"block-50d7cf7e-ff00-4da1-8c9c-2de23e61527c\">Plus d&rsquo;informations sur le site de la <a rel=\"noreferrer noopener\" href=\"https:\/\/synaboulogne.com\/2020\/03\/24\/coronavirus-fermeture-des-mikves-a-boulogne\/\" target=\"_blank\">Synagogue de Boulogne<\/a>.<\/p>\n\n\n\n<hr class=\"wp-block-separator is-style-wide\"\/>\n\n\n\n<h3 class=\"wp-block-heading\" id=\"block-7c3c700f-d447-4376-9427-cdbc9c2f74c9\"><span style=\"text-decoration: underline;\">Mikv\u00e9 K\u00e9lim :<\/span><\/h3>\n\n\n\n<div class=\"wp-block-image\"><figure class=\"aligncenter size-large is-resized\"><img loading=\"lazy\" decoding=\"async\" src=\"https:\/\/acjbb-sud.org\/wp-content\/uploads\/2021\/01\/ACJBB-Synagogue-Boulogne-Mikve-vaisselle-kelim-854x1024.jpg\" alt=\"\" class=\"wp-image-4149\" width=\"427\" height=\"512\" srcset=\"https:\/\/acjbb-sud.org\/wp-content\/uploads\/2021\/01\/ACJBB-Synagogue-Boulogne-Mikve-vaisselle-kelim-854x1024.jpg 854w, https:\/\/acjbb-sud.org\/wp-content\/uploads\/2021\/01\/ACJBB-Synagogue-Boulogne-Mikve-vaisselle-kelim-250x300.jpg 250w, https:\/\/acjbb-sud.org\/wp-content\/uploads\/2021\/01\/ACJBB-Synagogue-Boulogne-Mikve-vaisselle-kelim-768x921.jpg 768w, https:\/\/acjbb-sud.org\/wp-content\/uploads\/2021\/01\/ACJBB-Synagogue-Boulogne-Mikve-vaisselle-kelim-720x863.jpg 720w, https:\/\/acjbb-sud.org\/wp-content\/uploads\/2021\/01\/ACJBB-Synagogue-Boulogne-Mikve-vaisselle-kelim.jpg 900w\" sizes=\"auto, (max-width: 427px) 100vw, 427px\" \/><\/figure><\/div>\n\n\n\n<p>Le mikv\u00e9 k\u00e9lim est ouvert tous les matins apr\u00e8s l&rsquo;office.<\/p>\n\n\n\n<hr class=\"wp-block-separator is-style-wide\"\/>\n\n\n\n<h3 class=\"wp-block-heading\" id=\"block-4c97c8cf-af4b-4959-a746-b4aad012dd9b\"><span style=\"text-decoration: underline;\">Faire un don :<\/span><\/h3>\n\n\n\n<p id=\"block-1b207a12-4bcd-4010-9047-f59f10862ab5\">Pour faire vivre et participer activement \u00e0 cet office, <a rel=\"noreferrer noopener\" href=\"http:\/\/www.acjbb-sud.org\/index.php\/faire-un-don\/\" target=\"_blank\">faites un don<\/a> par internet ou envoyez vos ch\u00e8ques au <strong>27 rue Yves Kermen<\/strong>. Toutes les participations sont bienvenues, <em>les petits ruisseaux faisant de grandes rivi\u00e8res<\/em>, nous parviendrons, tous ensemble, \u00e0 faire vivre l\u2019Office de Boulogne Sud.<br><br>Tizkou L\u00e9-Mitsvot !!!<\/p>\n\n\n\n<hr class=\"wp-block-separator is-style-wide\"\/>\n\n\n\n<h3 class=\"wp-block-heading\" id=\"block-4c97c8cf-af4b-4959-a746-b4aad012dd9b\"><span style=\"text-decoration: underline;\">Cotisation annuelle :<\/span><\/h3>\n\n\n\n<p>Vous pouvez r\u00e9gler votre cotisation annuelle sur le <a href=\"https:\/\/synaboulogne.us12.list-manage.com\/track\/click?u=f13343cbc4710ddbadcdef23f&amp;id=2ccca5826b&amp;e=744d346afc\" target=\"_blank\" rel=\"noreferrer noopener\">site du Consistoire<\/a>.<\/p>\n\n\n\n<hr class=\"wp-block-separator is-style-wide\"\/>\n\n\n\n<h3 class=\"wp-block-heading\" id=\"block-1fca9ce7-0c19-4d83-bb99-511a3a95b416\"><span style=\"text-decoration: underline;\">Talmud Torah de Boulogne :<\/span><\/h3>\n\n\n\n<p>Le talmud Torah de Boulogne innove pour attirer TOUS les enfants.<br>Renseignez-vous aupr\u00e8s du <strong>Rabbin Didier Kassabi<\/strong> ou du <strong>Hazan David Marciano<\/strong>.<\/p>\n\n\n\n<h3 class=\"wp-block-heading\">Tous les dimanches \u00e0 10h00<\/h3>\n\n\n\n<div class=\"wp-block-image\"><figure class=\"aligncenter size-large is-resized\"><img loading=\"lazy\" decoding=\"async\" src=\"https:\/\/acjbb-sud.org\/wp-content\/uploads\/2021\/07\/ACJBB-Synagogue-Boulogne-Billancourt-Talmud-Torah-nouvelle-formule-1-828x1024.jpg\" alt=\"\" class=\"wp-image-4569\" width=\"621\" height=\"768\" srcset=\"https:\/\/acjbb-sud.org\/wp-content\/uploads\/2021\/07\/ACJBB-Synagogue-Boulogne-Billancourt-Talmud-Torah-nouvelle-formule-1-828x1024.jpg 828w, https:\/\/acjbb-sud.org\/wp-content\/uploads\/2021\/07\/ACJBB-Synagogue-Boulogne-Billancourt-Talmud-Torah-nouvelle-formule-1-243x300.jpg 243w, https:\/\/acjbb-sud.org\/wp-content\/uploads\/2021\/07\/ACJBB-Synagogue-Boulogne-Billancourt-Talmud-Torah-nouvelle-formule-1-768x950.jpg 768w, https:\/\/acjbb-sud.org\/wp-content\/uploads\/2021\/07\/ACJBB-Synagogue-Boulogne-Billancourt-Talmud-Torah-nouvelle-formule-1-1242x1536.jpg 1242w, https:\/\/acjbb-sud.org\/wp-content\/uploads\/2021\/07\/ACJBB-Synagogue-Boulogne-Billancourt-Talmud-Torah-nouvelle-formule-1-720x891.jpg 720w, https:\/\/acjbb-sud.org\/wp-content\/uploads\/2021\/07\/ACJBB-Synagogue-Boulogne-Billancourt-Talmud-Torah-nouvelle-formule-1.jpg 1414w\" sizes=\"auto, (max-width: 621px) 100vw, 621px\" \/><\/figure><\/div>\n\n\n\n<div class=\"wp-block-image\"><figure class=\"aligncenter size-large is-resized\"><img loading=\"lazy\" decoding=\"async\" src=\"https:\/\/acjbb-sud.org\/wp-content\/uploads\/2021\/07\/ACJBB-Synagogue-Boulogne-Billancourt-Talmud-Torah-nouvelle-formule-724x1024.jpg\" alt=\"\" class=\"wp-image-4570\" width=\"543\" height=\"768\" srcset=\"https:\/\/acjbb-sud.org\/wp-content\/uploads\/2021\/07\/ACJBB-Synagogue-Boulogne-Billancourt-Talmud-Torah-nouvelle-formule-724x1024.jpg 724w, https:\/\/acjbb-sud.org\/wp-content\/uploads\/2021\/07\/ACJBB-Synagogue-Boulogne-Billancourt-Talmud-Torah-nouvelle-formule-212x300.jpg 212w, https:\/\/acjbb-sud.org\/wp-content\/uploads\/2021\/07\/ACJBB-Synagogue-Boulogne-Billancourt-Talmud-Torah-nouvelle-formule-768x1086.jpg 768w, https:\/\/acjbb-sud.org\/wp-content\/uploads\/2021\/07\/ACJBB-Synagogue-Boulogne-Billancourt-Talmud-Torah-nouvelle-formule-1086x1536.jpg 1086w, https:\/\/acjbb-sud.org\/wp-content\/uploads\/2021\/07\/ACJBB-Synagogue-Boulogne-Billancourt-Talmud-Torah-nouvelle-formule-720x1018.jpg 720w, https:\/\/acjbb-sud.org\/wp-content\/uploads\/2021\/07\/ACJBB-Synagogue-Boulogne-Billancourt-Talmud-Torah-nouvelle-formule.jpg 1414w\" sizes=\"auto, (max-width: 543px) 100vw, 543px\" \/><\/figure><\/div>\n\n\n\n<p>Informations et Inscription :&nbsp;<a href=\"https:\/\/bit.ly\/ACJBB-TalmudTorah?ct=t(Synamail_du_19_novembre_2016_Chabbat_Vay11_18_2016)&amp;mc_cid=9cbb06a24e&amp;mc_eid=UNIQID\" target=\"_blank\" rel=\"noreferrer noopener\">https:\/\/bit.ly\/ACJBB-TalmudTorah<\/a><\/p>\n\n\n\n<hr class=\"wp-block-separator is-style-wide\"\/>\n\n\n\n<h3 class=\"wp-block-heading\" id=\"block-1fca9ce7-0c19-4d83-bb99-511a3a95b416\"><span style=\"text-decoration: underline;\">CCIBB &#8211; Activit\u00e9s 2021-2022 : Informations, inscriptions et reprise :<\/span><\/h3>\n\n\n\n<div class=\"wp-block-image\"><figure class=\"aligncenter size-full is-resized\"><a href=\"https:\/\/ccibb.net\/wp-content\/uploads\/2021\/08\/ccibb-activites-2021-2022-v2.jpg\"><img loading=\"lazy\" decoding=\"async\" src=\"https:\/\/ccibb.net\/wp-content\/uploads\/2021\/08\/ccibb-activites-2021-2022-v2.jpg\" alt=\"\" class=\"wp-image-1916\" width=\"656\" height=\"539\"\/><\/a><\/figure><\/div>\n\n\n\n<p>Nous esp\u00e9rons que vous avez pu vous reposer en famille cet \u00e9t\u00e9 et nous sommes heureux de vous confirmer la <strong>reprise de nos activit\u00e9s sportives<\/strong> au gymnase Denfert Rochereau le <strong>dimanche 05 septembre 2021<\/strong> et ce pour tous les groupes et sports.<\/p>\n\n\n\n<ul class=\"wp-block-list\"><li>Football &#8211; d\u00e8s 4 ans <\/li><li>Basket ball&nbsp;&#8211; d\u00e8s 6 ans <\/li><li>Danse moderne jazz &#8211; d\u00e8s 3 ans <\/li><li>Krav maga &#8211; d\u00e8s 5 ans <\/li><li><strong><span class=\"has-inline-color has-vivid-cyan-blue-color\">NOUVEAU<\/span><\/strong> : Gymnastique douce &#8211; Pilate<\/li><\/ul>\n\n\n\n<p>plus d&rsquo;informations : <a href=\"https:\/\/ccibb.net\/2021\/08\/activites-2021-2022-informations-inscriptions-reprise\/\" target=\"_blank\" rel=\"noreferrer noopener\">ccibb.net<\/a><\/p>\n\n\n\n<hr class=\"wp-block-separator is-style-wide\"\/>\n\n\n\n<h3 class=\"wp-block-heading\" id=\"block-1fca9ce7-0c19-4d83-bb99-511a3a95b416\"><span style=\"text-decoration: underline;\">Oulpan avec le CCIBB et l&rsquo;OMS :<\/span><\/h3>\n\n\n\n<p>Les cours reprendront en octobre 2021<\/p>\n\n\n\n<div class=\"wp-block-image is-style-default\"><figure class=\"aligncenter size-large is-resized\"><img loading=\"lazy\" decoding=\"async\" src=\"https:\/\/acjbb-sud.org\/wp-content\/uploads\/2020\/10\/CCIBB-Affiche-reunion-inscription-oulpan-OSM-2020-2021-734x1024.jpeg\" alt=\"\" class=\"wp-image-3878\" width=\"551\" height=\"768\" srcset=\"https:\/\/acjbb-sud.org\/wp-content\/uploads\/2020\/10\/CCIBB-Affiche-reunion-inscription-oulpan-OSM-2020-2021-734x1024.jpeg 734w, https:\/\/acjbb-sud.org\/wp-content\/uploads\/2020\/10\/CCIBB-Affiche-reunion-inscription-oulpan-OSM-2020-2021-215x300.jpeg 215w, https:\/\/acjbb-sud.org\/wp-content\/uploads\/2020\/10\/CCIBB-Affiche-reunion-inscription-oulpan-OSM-2020-2021-768x1072.jpeg 768w, https:\/\/acjbb-sud.org\/wp-content\/uploads\/2020\/10\/CCIBB-Affiche-reunion-inscription-oulpan-OSM-2020-2021-1101x1536.jpeg 1101w, https:\/\/acjbb-sud.org\/wp-content\/uploads\/2020\/10\/CCIBB-Affiche-reunion-inscription-oulpan-OSM-2020-2021-1467x2048.jpeg 1467w, https:\/\/acjbb-sud.org\/wp-content\/uploads\/2020\/10\/CCIBB-Affiche-reunion-inscription-oulpan-OSM-2020-2021-720x1005.jpeg 720w, https:\/\/acjbb-sud.org\/wp-content\/uploads\/2020\/10\/CCIBB-Affiche-reunion-inscription-oulpan-OSM-2020-2021-scaled.jpeg 1834w\" sizes=\"auto, (max-width: 551px) 100vw, 551px\" \/><\/figure><\/div>\n\n\n\n<hr class=\"wp-block-separator is-style-wide\"\/>\n\n\n\n<h3 class=\"wp-block-heading\" id=\"block-1fca9ce7-0c19-4d83-bb99-511a3a95b416\"><span style=\"text-decoration: underline;\">Dons pour le Centre Culturel de Boulogne Billancourt :<\/span><\/h3>\n\n\n\n<p id=\"block-1a224de9-3276-4fc8-ba3f-fd19c0e1f5a3\">Le nouveau <a href=\"https:\/\/ccj-boulogne.com\" target=\"_blank\" rel=\"noreferrer noopener\">Centre Culturel juif de Boulogne<\/a> se situe \u00e0 l\u2019angle des rues Marcel Dassault et d\u2019Anjou.<\/p>\n\n\n\n<p id=\"block-41d933ca-9886-487d-a642-c8ca33b4d8ee\">Il comprendra notamment :<\/p>\n\n\n\n<ul class=\"wp-block-list\" id=\"block-bc74a488-8718-4d73-ae4a-3c4664830925\"><li>Une Synagogue<\/li><li>Le Centre Communautaire (CCIBB)<\/li><li>Une salle polyvalente<\/li><li>Une salle des f\u00eates<\/li><\/ul>\n\n\n\n<p id=\"block-223f5a99-e9bd-4b84-a6c3-0ddbe1853b13\">Vous avez une occasion unique d\u2019inscrire votre nom, celui de vos familles, celui de vos disparus, dans un projet qui marquera l\u2019avenir de la vie juive \u00e0 Boulogne-Billancourt.<\/p>\n\n\n\n<div id=\"block-a7c0936c-8886-46af-bc30-fcc6c8ec7e6d\" class=\"wp-block-image\"><figure class=\"aligncenter is-resized\"><img loading=\"lazy\" decoding=\"async\" src=\"https:\/\/acjbb-sud.org\/wp-content\/uploads\/2018\/07\/Centre-Culturel-juif-Boulogne-Billancourt-Synagogue.jpg\" alt=\"L\u2019attribut alt de cette image est vide, son nom de fichier est Centre-Culturel-juif-Boulogne-Billancourt-Synagogue.jpg.\" width=\"616\" height=\"259\"\/><\/figure><\/div>\n\n\n\n<div id=\"block-c5b3b2a0-d074-46f1-a62a-bc0900696504\" class=\"wp-block-image\"><figure class=\"aligncenter is-resized\"><img loading=\"lazy\" decoding=\"async\" src=\"https:\/\/acjbb-sud.org\/wp-content\/uploads\/2018\/07\/Centre-Culturel-juif-Boulogne-Billancourt-Synagogue-2.jpg\" alt=\"L\u2019attribut alt de cette image est vide, son nom de fichier est Centre-Culturel-juif-Boulogne-Billancourt-Synagogue-2.jpg.\" width=\"664\" height=\"262\"\/><\/figure><\/div>\n\n\n\n<p id=\"block-2472cef2-f3a1-44e3-bed8-19df0101f2b3\">Devenez acteur du devenir de la vie juive \u00e0 Boulogne en faisant un don pour la construction du Centre Culturel de Boulogne. Vous pouvez d\u00e9cider de diriger votre don vers la synagogue ACJBB ou vers le CCIBB, en nous l\u2019indiquant par message.<\/p>\n\n\n\n<p id=\"block-56cd1106-7046-4874-8498-c929557e25c1\">Si vous avez des question, <a href=\"mailto:synamail@acjbb.com?subject=&quot;Question sur la construction du Centre culturel&quot;\">envoyez-nous un message<\/a> !<\/p>\n\n\n\n<p id=\"block-46b01a20-1fad-4156-a639-d2d621f5698d\"><a rel=\"noreferrer noopener\" href=\"https:\/\/www.helloasso.com\/associations\/acjbb-2\/collectes\/construction-du-centre-juif-de-boulogne\" target=\"_blank\">Je participe \u00e0 la collecte pour la construction<\/a>.<\/p>\n","protected":false},"excerpt":{"rendered":"<p>Yom Kippour \/ \u05d9\u05d5\u05dd \u05db\u05d9\u05e4\u05d5\u05e815\/16 septembre 2021 &#8211; 10 Tichri 5782 \/ \u05d9&rsquo; \u05ea\u05e9\u05e8\u05d9 \u05ea\u05e9\u05e4&rsquo;\u05d1D\u00e9but mercredi soir \u00e0 19h45 &#8211; Fin jeudi soir \u00e0 20h49 Mesures Covid&nbsp;: Chers amis, chers fid\u00e8les,Il n&rsquo;y a plus de restrictions sur le nombre de places, cependant, le port du masque reste toutefois obligatoire en int\u00e9rieur, et ce, \u00e0 partir &hellip; <\/p>\n<p><a class=\"more-link btn\" href=\"https:\/\/acjbb-sud.org\/index.php\/2021\/09\/12\/yom-kippour-5782\/\">Lire la suite<\/a><\/p>\n","protected":false},"author":1,"featured_media":3852,"comment_status":"open","ping_status":"open","sticky":false,"template":"","format":"standard","meta":{"jetpack_post_was_ever_published":false,"_jetpack_newsletter_access":"","_jetpack_dont_email_post_to_subs":false,"_jetpack_newsletter_tier_id":0,"_jetpack_memberships_contains_paywalled_content":false,"_jetpack_memberships_contains_paid_content":false,"footnotes":"","jetpack_publicize_message":"","jetpack_publicize_feature_enabled":true,"jetpack_social_post_already_shared":true,"jetpack_social_options":{"image_generator_settings":{"template":"highway","default_image_id":0,"font":"","enabled":false},"version":2}},"categories":[18,22],"tags":[],"class_list":["post-4732","post","type-post","status-publish","format-standard","has-post-thumbnail","hentry","category-tichri","category-yom-kippour","item-wrap"],"yoast_head":"<!-- This site is optimized with the Yoast SEO plugin v26.6 - https:\/\/yoast.com\/wordpress\/plugins\/seo\/ -->\n<title>Yom Kippour 5782 - Synagogue ACJBB Boulogne Sud<\/title>\n<meta name=\"robots\" content=\"index, follow, max-snippet:-1, max-image-preview:large, max-video-preview:-1\" \/>\n<link rel=\"canonical\" href=\"https:\/\/acjbb-sud.org\/index.php\/2021\/09\/12\/yom-kippour-5782\/\" \/>\n<meta property=\"og:locale\" content=\"fr_FR\" \/>\n<meta property=\"og:type\" content=\"article\" \/>\n<meta property=\"og:title\" content=\"Yom Kippour 5782 - Synagogue ACJBB Boulogne Sud\" \/>\n<meta property=\"og:description\" content=\"Yom Kippour \/ \u05d9\u05d5\u05dd \u05db\u05d9\u05e4\u05d5\u05e815\/16 septembre 2021 &#8211; 10 Tichri 5782 \/ \u05d9&rsquo; \u05ea\u05e9\u05e8\u05d9 \u05ea\u05e9\u05e4&rsquo;\u05d1D\u00e9but mercredi soir \u00e0 19h45 &#8211; Fin jeudi soir \u00e0 20h49 Mesures Covid&nbsp;: Chers amis, chers fid\u00e8les,Il n&rsquo;y a plus de restrictions sur le nombre de places, cependant, le port du masque reste toutefois obligatoire en int\u00e9rieur, et ce, \u00e0 partir &hellip; Lire la suite\" \/>\n<meta property=\"og:url\" content=\"https:\/\/acjbb-sud.org\/index.php\/2021\/09\/12\/yom-kippour-5782\/\" \/>\n<meta property=\"og:site_name\" content=\"Synagogue ACJBB Boulogne Sud\" \/>\n<meta property=\"article:published_time\" content=\"2021-09-12T11:00:00+00:00\" \/>\n<meta property=\"article:modified_time\" content=\"2021-09-23T13:53:24+00:00\" \/>\n<meta property=\"og:image\" content=\"https:\/\/acjbb-sud.org\/wp-content\/uploads\/2020\/09\/choffar-roch-hachana-kippour-600.jpeg\" \/>\n\t<meta property=\"og:image:width\" content=\"600\" \/>\n\t<meta property=\"og:image:height\" content=\"331\" \/>\n\t<meta property=\"og:image:type\" content=\"image\/jpeg\" \/>\n<meta name=\"author\" content=\"AcjbbSud\" \/>\n<meta name=\"twitter:card\" content=\"summary_large_image\" \/>\n<meta name=\"twitter:label1\" content=\"\u00c9crit par\" \/>\n\t<meta name=\"twitter:data1\" content=\"AcjbbSud\" \/>\n\t<meta name=\"twitter:label2\" content=\"Dur\u00e9e de lecture estim\u00e9e\" \/>\n\t<meta name=\"twitter:data2\" content=\"9 minutes\" \/>\n<script type=\"application\/ld+json\" class=\"yoast-schema-graph\">{\"@context\":\"https:\/\/schema.org\",\"@graph\":[{\"@type\":\"WebPage\",\"@id\":\"https:\/\/acjbb-sud.org\/index.php\/2021\/09\/12\/yom-kippour-5782\/\",\"url\":\"https:\/\/acjbb-sud.org\/index.php\/2021\/09\/12\/yom-kippour-5782\/\",\"name\":\"Yom Kippour 5782 - Synagogue ACJBB Boulogne Sud\",\"isPartOf\":{\"@id\":\"https:\/\/acjbb-sud.org\/#website\"},\"primaryImageOfPage\":{\"@id\":\"https:\/\/acjbb-sud.org\/index.php\/2021\/09\/12\/yom-kippour-5782\/#primaryimage\"},\"image\":{\"@id\":\"https:\/\/acjbb-sud.org\/index.php\/2021\/09\/12\/yom-kippour-5782\/#primaryimage\"},\"thumbnailUrl\":\"https:\/\/acjbb-sud.org\/wp-content\/uploads\/2020\/09\/choffar-roch-hachana-kippour-600.jpeg\",\"datePublished\":\"2021-09-12T11:00:00+00:00\",\"dateModified\":\"2021-09-23T13:53:24+00:00\",\"author\":{\"@id\":\"https:\/\/acjbb-sud.org\/#\/schema\/person\/adc8f09fb72c9d0dc78509106dc5e9f0\"},\"breadcrumb\":{\"@id\":\"https:\/\/acjbb-sud.org\/index.php\/2021\/09\/12\/yom-kippour-5782\/#breadcrumb\"},\"inLanguage\":\"fr-FR\",\"potentialAction\":[{\"@type\":\"ReadAction\",\"target\":[\"https:\/\/acjbb-sud.org\/index.php\/2021\/09\/12\/yom-kippour-5782\/\"]}]},{\"@type\":\"ImageObject\",\"inLanguage\":\"fr-FR\",\"@id\":\"https:\/\/acjbb-sud.org\/index.php\/2021\/09\/12\/yom-kippour-5782\/#primaryimage\",\"url\":\"https:\/\/acjbb-sud.org\/wp-content\/uploads\/2020\/09\/choffar-roch-hachana-kippour-600.jpeg\",\"contentUrl\":\"https:\/\/acjbb-sud.org\/wp-content\/uploads\/2020\/09\/choffar-roch-hachana-kippour-600.jpeg\",\"width\":600,\"height\":331},{\"@type\":\"BreadcrumbList\",\"@id\":\"https:\/\/acjbb-sud.org\/index.php\/2021\/09\/12\/yom-kippour-5782\/#breadcrumb\",\"itemListElement\":[{\"@type\":\"ListItem\",\"position\":1,\"name\":\"Accueil\",\"item\":\"https:\/\/acjbb-sud.org\/\"},{\"@type\":\"ListItem\",\"position\":2,\"name\":\"Yom Kippour 5782\"}]},{\"@type\":\"WebSite\",\"@id\":\"https:\/\/acjbb-sud.org\/#website\",\"url\":\"https:\/\/acjbb-sud.org\/\",\"name\":\"Synagogue ACJBB Boulogne Sud\",\"description\":\"Synagogue \/ Association Communautaire Juive de Boulogne Billancourt (Sud)\",\"potentialAction\":[{\"@type\":\"SearchAction\",\"target\":{\"@type\":\"EntryPoint\",\"urlTemplate\":\"https:\/\/acjbb-sud.org\/?s={search_term_string}\"},\"query-input\":{\"@type\":\"PropertyValueSpecification\",\"valueRequired\":true,\"valueName\":\"search_term_string\"}}],\"inLanguage\":\"fr-FR\"},{\"@type\":\"Person\",\"@id\":\"https:\/\/acjbb-sud.org\/#\/schema\/person\/adc8f09fb72c9d0dc78509106dc5e9f0\",\"name\":\"AcjbbSud\",\"image\":{\"@type\":\"ImageObject\",\"inLanguage\":\"fr-FR\",\"@id\":\"https:\/\/acjbb-sud.org\/#\/schema\/person\/image\/\",\"url\":\"https:\/\/secure.gravatar.com\/avatar\/ea30fe7a8231c8c0bf30066f86006714af7be34ba414543eaab3e453b92901aa?s=96&d=mm&r=g\",\"contentUrl\":\"https:\/\/secure.gravatar.com\/avatar\/ea30fe7a8231c8c0bf30066f86006714af7be34ba414543eaab3e453b92901aa?s=96&d=mm&r=g\",\"caption\":\"AcjbbSud\"},\"url\":\"https:\/\/acjbb-sud.org\/index.php\/author\/acjbbsud\/\"}]}<\/script>\n<!-- \/ Yoast SEO plugin. -->","yoast_head_json":{"title":"Yom Kippour 5782 - Synagogue ACJBB Boulogne Sud","robots":{"index":"index","follow":"follow","max-snippet":"max-snippet:-1","max-image-preview":"max-image-preview:large","max-video-preview":"max-video-preview:-1"},"canonical":"https:\/\/acjbb-sud.org\/index.php\/2021\/09\/12\/yom-kippour-5782\/","og_locale":"fr_FR","og_type":"article","og_title":"Yom Kippour 5782 - Synagogue ACJBB Boulogne Sud","og_description":"Yom Kippour \/ \u05d9\u05d5\u05dd \u05db\u05d9\u05e4\u05d5\u05e815\/16 septembre 2021 &#8211; 10 Tichri 5782 \/ \u05d9&rsquo; \u05ea\u05e9\u05e8\u05d9 \u05ea\u05e9\u05e4&rsquo;\u05d1D\u00e9but mercredi soir \u00e0 19h45 &#8211; Fin jeudi soir \u00e0 20h49 Mesures Covid&nbsp;: Chers amis, chers fid\u00e8les,Il n&rsquo;y a plus de restrictions sur le nombre de places, cependant, le port du masque reste toutefois obligatoire en int\u00e9rieur, et ce, \u00e0 partir &hellip; Lire la suite","og_url":"https:\/\/acjbb-sud.org\/index.php\/2021\/09\/12\/yom-kippour-5782\/","og_site_name":"Synagogue ACJBB Boulogne Sud","article_published_time":"2021-09-12T11:00:00+00:00","article_modified_time":"2021-09-23T13:53:24+00:00","og_image":[{"width":600,"height":331,"url":"https:\/\/acjbb-sud.org\/wp-content\/uploads\/2020\/09\/choffar-roch-hachana-kippour-600.jpeg","type":"image\/jpeg"}],"author":"AcjbbSud","twitter_card":"summary_large_image","twitter_misc":{"\u00c9crit par":"AcjbbSud","Dur\u00e9e de lecture estim\u00e9e":"9 minutes"},"schema":{"@context":"https:\/\/schema.org","@graph":[{"@type":"WebPage","@id":"https:\/\/acjbb-sud.org\/index.php\/2021\/09\/12\/yom-kippour-5782\/","url":"https:\/\/acjbb-sud.org\/index.php\/2021\/09\/12\/yom-kippour-5782\/","name":"Yom Kippour 5782 - Synagogue ACJBB Boulogne Sud","isPartOf":{"@id":"https:\/\/acjbb-sud.org\/#website"},"primaryImageOfPage":{"@id":"https:\/\/acjbb-sud.org\/index.php\/2021\/09\/12\/yom-kippour-5782\/#primaryimage"},"image":{"@id":"https:\/\/acjbb-sud.org\/index.php\/2021\/09\/12\/yom-kippour-5782\/#primaryimage"},"thumbnailUrl":"https:\/\/acjbb-sud.org\/wp-content\/uploads\/2020\/09\/choffar-roch-hachana-kippour-600.jpeg","datePublished":"2021-09-12T11:00:00+00:00","dateModified":"2021-09-23T13:53:24+00:00","author":{"@id":"https:\/\/acjbb-sud.org\/#\/schema\/person\/adc8f09fb72c9d0dc78509106dc5e9f0"},"breadcrumb":{"@id":"https:\/\/acjbb-sud.org\/index.php\/2021\/09\/12\/yom-kippour-5782\/#breadcrumb"},"inLanguage":"fr-FR","potentialAction":[{"@type":"ReadAction","target":["https:\/\/acjbb-sud.org\/index.php\/2021\/09\/12\/yom-kippour-5782\/"]}]},{"@type":"ImageObject","inLanguage":"fr-FR","@id":"https:\/\/acjbb-sud.org\/index.php\/2021\/09\/12\/yom-kippour-5782\/#primaryimage","url":"https:\/\/acjbb-sud.org\/wp-content\/uploads\/2020\/09\/choffar-roch-hachana-kippour-600.jpeg","contentUrl":"https:\/\/acjbb-sud.org\/wp-content\/uploads\/2020\/09\/choffar-roch-hachana-kippour-600.jpeg","width":600,"height":331},{"@type":"BreadcrumbList","@id":"https:\/\/acjbb-sud.org\/index.php\/2021\/09\/12\/yom-kippour-5782\/#breadcrumb","itemListElement":[{"@type":"ListItem","position":1,"name":"Accueil","item":"https:\/\/acjbb-sud.org\/"},{"@type":"ListItem","position":2,"name":"Yom Kippour 5782"}]},{"@type":"WebSite","@id":"https:\/\/acjbb-sud.org\/#website","url":"https:\/\/acjbb-sud.org\/","name":"Synagogue ACJBB Boulogne Sud","description":"Synagogue \/ Association Communautaire Juive de Boulogne Billancourt (Sud)","potentialAction":[{"@type":"SearchAction","target":{"@type":"EntryPoint","urlTemplate":"https:\/\/acjbb-sud.org\/?s={search_term_string}"},"query-input":{"@type":"PropertyValueSpecification","valueRequired":true,"valueName":"search_term_string"}}],"inLanguage":"fr-FR"},{"@type":"Person","@id":"https:\/\/acjbb-sud.org\/#\/schema\/person\/adc8f09fb72c9d0dc78509106dc5e9f0","name":"AcjbbSud","image":{"@type":"ImageObject","inLanguage":"fr-FR","@id":"https:\/\/acjbb-sud.org\/#\/schema\/person\/image\/","url":"https:\/\/secure.gravatar.com\/avatar\/ea30fe7a8231c8c0bf30066f86006714af7be34ba414543eaab3e453b92901aa?s=96&d=mm&r=g","contentUrl":"https:\/\/secure.gravatar.com\/avatar\/ea30fe7a8231c8c0bf30066f86006714af7be34ba414543eaab3e453b92901aa?s=96&d=mm&r=g","caption":"AcjbbSud"},"url":"https:\/\/acjbb-sud.org\/index.php\/author\/acjbbsud\/"}]}},"jetpack_publicize_connections":[],"jetpack_featured_media_url":"https:\/\/acjbb-sud.org\/wp-content\/uploads\/2020\/09\/choffar-roch-hachana-kippour-600.jpeg","jetpack_sharing_enabled":true,"jetpack_shortlink":"https:\/\/wp.me\/p7sjOI-1ek","jetpack_likes_enabled":true,"_links":{"self":[{"href":"https:\/\/acjbb-sud.org\/index.php\/wp-json\/wp\/v2\/posts\/4732","targetHints":{"allow":["GET"]}}],"collection":[{"href":"https:\/\/acjbb-sud.org\/index.php\/wp-json\/wp\/v2\/posts"}],"about":[{"href":"https:\/\/acjbb-sud.org\/index.php\/wp-json\/wp\/v2\/types\/post"}],"author":[{"embeddable":true,"href":"https:\/\/acjbb-sud.org\/index.php\/wp-json\/wp\/v2\/users\/1"}],"replies":[{"embeddable":true,"href":"https:\/\/acjbb-sud.org\/index.php\/wp-json\/wp\/v2\/comments?post=4732"}],"version-history":[{"count":14,"href":"https:\/\/acjbb-sud.org\/index.php\/wp-json\/wp\/v2\/posts\/4732\/revisions"}],"predecessor-version":[{"id":5827,"href":"https:\/\/acjbb-sud.org\/index.php\/wp-json\/wp\/v2\/posts\/4732\/revisions\/5827"}],"wp:featuredmedia":[{"embeddable":true,"href":"https:\/\/acjbb-sud.org\/index.php\/wp-json\/wp\/v2\/media\/3852"}],"wp:attachment":[{"href":"https:\/\/acjbb-sud.org\/index.php\/wp-json\/wp\/v2\/media?parent=4732"}],"wp:term":[{"taxonomy":"category","embeddable":true,"href":"https:\/\/acjbb-sud.org\/index.php\/wp-json\/wp\/v2\/categories?post=4732"},{"taxonomy":"post_tag","embeddable":true,"href":"https:\/\/acjbb-sud.org\/index.php\/wp-json\/wp\/v2\/tags?post=4732"}],"curies":[{"name":"wp","href":"https:\/\/api.w.org\/{rel}","templated":true}]}}