{"id":5352,"date":"2022-04-07T14:44:45","date_gmt":"2022-04-07T12:44:45","guid":{"rendered":"https:\/\/acjbb-sud.org\/?p=5352"},"modified":"2022-04-08T00:34:07","modified_gmt":"2022-04-07T22:34:07","slug":"paracha-metsora-5782-chabbat-hagadol","status":"publish","type":"post","link":"https:\/\/acjbb-sud.org\/index.php\/2022\/04\/07\/paracha-metsora-5782-chabbat-hagadol\/","title":{"rendered":"Paracha M\u00e9tsora &#8211; Chabbat haGadol"},"content":{"rendered":"\n<h3 class=\"has-text-align-center wp-block-heading\" id=\"block-c7cd4b66-aaf3-4e76-9e23-733eb5360b6f\">Paracha M\u00e9tsora \/ \u05e4\u05e8\u05e9\u05d4 \u05de\u05e6\u05e8\u05e2 <br>Chabbat HaGadol \/ \u05e9\u05d1\u05ea \u05d4\u05d2\u05d3\u05d5\u05dc <br>8-9 avril 2022 &#8211; 8 Nissan 5782 \/ \u05d7&rsquo; \u05e0\u05d9\u05e1\u05df \u05ea\u05e9\u05e4&rsquo;\u05d1<br><em>D\u00e9but : 20h13 &#8211; Fin : 21h23<\/em><\/h3>\n\n\n\n<div id=\"block-cb4318d8-e067-4e6a-ba77-a8fb22420a53\" class=\"wp-block-image\"><figure class=\"aligncenter size-full\"><img loading=\"lazy\" decoding=\"async\" width=\"800\" height=\"450\" src=\"https:\/\/acjbb-sud.org\/wp-content\/uploads\/2022\/04\/ACJBB-CCJ92-Centre-Culturel-Juif-Boulogne-synagogue2-800.jpg\" alt=\"\" class=\"wp-image-5354\" srcset=\"https:\/\/acjbb-sud.org\/wp-content\/uploads\/2022\/04\/ACJBB-CCJ92-Centre-Culturel-Juif-Boulogne-synagogue2-800.jpg 800w, https:\/\/acjbb-sud.org\/wp-content\/uploads\/2022\/04\/ACJBB-CCJ92-Centre-Culturel-Juif-Boulogne-synagogue2-800-300x169.jpg 300w, https:\/\/acjbb-sud.org\/wp-content\/uploads\/2022\/04\/ACJBB-CCJ92-Centre-Culturel-Juif-Boulogne-synagogue2-800-768x432.jpg 768w, https:\/\/acjbb-sud.org\/wp-content\/uploads\/2022\/04\/ACJBB-CCJ92-Centre-Culturel-Juif-Boulogne-synagogue2-800-720x405.jpg 720w\" sizes=\"auto, (max-width: 800px) 100vw, 800px\" \/><\/figure><\/div>\n\n\n\n<h2 class=\"has-text-align-center has-text-color wp-block-heading\" style=\"color:#ff0000\">Le Centre Culturel juif de Boulogne est ouvert !!<\/h2>\n\n\n\n<h3 class=\"wp-block-heading\" id=\"block-34c13aec-7230-4d64-afbb-b84a9f3dd476\"><span style=\"text-decoration: underline;\">Les horaires de Chabbat :<\/span><\/h3>\n\n\n\n<p id=\"block-e85b2846-f181-4911-af3f-0961c6b43ac4\"><em><strong>Vendredi soir :<\/strong><\/em><br><strong>19h00<\/strong> : Chir haChirim<br><strong>19h15<\/strong> : Min&rsquo;ha<br><strong>19h35<\/strong> : Kabalat Chabbat et Arvit. Dvar Torah du <strong>Rav Mika\u00ebl MOUYAL<\/strong><br><strong>20h00<\/strong> : Allumage des bougies et entr\u00e9e de Chabbat (heure maximum pour l\u2019allumage : <strong><mark>20h13<\/mark><\/strong>)<\/p>\n\n\n\n<p id=\"block-1ed17b97-554f-420b-a815-274c0d4878d4\"><strong><em>Samedi matin :<\/em><\/strong><br><strong>09h00<\/strong> : Cha\u2019harit <br>(<em><strong>Fin du Ch\u00e9ma : premi\u00e8re heure 09h42, deuxi\u00e8me heure 10h32. Heure limite pour la Amida : 11h39<\/strong><\/em>)<br>L&rsquo;office sera suivi d&rsquo;un magnifique kiddouch offert \u00e0 l&rsquo;occasion de Chabbat HaGadol et de l&rsquo;ouverture du Centre Culturel juif de Boulogne.<\/p>\n\n\n\n<p id=\"block-dc9d12fc-b3c5-4224-948d-d68592d107f9\"><em><strong>Samedi apr\u00e8s-midi :<\/strong><\/em><br><strong>18h30<\/strong> : Cours du <strong>Rav Mika\u00ebl MOUYAL<\/strong> : \u00ab&nbsp;<em>Il suffit juste de monter dans le train<\/em>&nbsp;\u00bb<br><strong>19h30<\/strong> : T\u00e9hilim \u2013 Lecture des T\u00e9hilim \u2013 Alpha\/Beta<br><strong>19h45<\/strong> : Min\u2019ha, suivi de la s\u00e9ouda ch\u00e9lichit <br>Dvar Torah du <strong>Rav Mika\u00ebl MOUYAL<\/strong> <br><strong>20h33<\/strong> : Shquiya \/ \u05e9\u05e7\u05e2\u05ea \u05d4\u05d7\u05de\u05d4<\/p>\n\n\n\n<p id=\"block-333eef1f-6d20-4a53-a2e6-57d24b1e03da\"><strong><em>Samedi soir :<\/em><\/strong><br><strong>21h13<\/strong> : Arvit <br><strong>21h23<\/strong> : Fin de Chabbat, Havdalah<\/p>\n\n\n\n<p><strong><em>Dimanche :<\/em><\/strong><br><strong>08h00<\/strong> : Cha&rsquo;harit<\/p>\n\n\n\n<p id=\"block-d8e9bb2d-eac8-4552-b34e-2f06d44ee110\"><strong>Chabbat Chalom !<\/strong><\/p>\n\n\n\n<!--more-->\n\n\n\n<hr class=\"wp-block-separator is-style-wide\"\/>\n\n\n\n<h3 class=\"wp-block-heading\" id=\"block-f62ce074-21cd-4ef8-95fc-86f99ff83a8d\"><span style=\"text-decoration: underline;\">Hesp\u00e9dim Rav Haim Kanievsky, dimanche 10 avril \u00e0 19h00 :<\/span><\/h3>\n\n\n\n<p>Venez nombreuses et nombreux aux hesp\u00e9dims du Rav Haim Kanievsky ce dimanche 10 avril \u00e0 19h00, suivis des offices de Min&rsquo;ha et Arvit.<\/p>\n\n\n\n<p>Un grand moment de &lsquo;hizouk \u00e0 ne pas manquer.<\/p>\n\n\n\n<hr class=\"wp-block-separator is-style-wide\"\/>\n\n\n\n<h3 class=\"wp-block-heading\" id=\"block-f62ce074-21cd-4ef8-95fc-86f99ff83a8d\"><span style=\"text-decoration: underline;\">Les horaires de la semaine :<\/span><\/h3>\n\n\n\n<p>\u00e0 la Synagogue, 43 rue des abondances<\/p>\n\n\n\n<p id=\"block-b75df9a1-ef8c-4a4e-81f8-167cf34bb1c2\"><strong><em>Dimanche et jours f\u00e9ri\u00e9s :<\/em><\/strong><br><strong>08h00<\/strong> : Cha\u2019harit<br><strong>19h00<\/strong> : Min&rsquo;ha suivi de Arvit<\/p>\n\n\n\n<p id=\"block-3a3914c0-41f0-42b4-bfd6-88a3b8c2dd65\"><strong><em>du Lundi au Vendredi :<\/em><\/strong><br><strong>07h00<\/strong> : Cha\u2019harit (<strong>06h55<\/strong> lundi et jeudi)<br><strong>19h00<\/strong> : Min&rsquo;ha suivi de Arvit (sauf vendredi soir)<\/p>\n\n\n\n<hr class=\"wp-block-separator is-style-wide\"\/>\n\n\n\n<h3 class=\"wp-block-heading\" id=\"les-mardis-des-etudiants-a-boulogne\"><span style=\"text-decoration: underline;\"><span style=\"text-decoration: underline;\"><span style=\"text-decoration: underline;\">Birkat haL\u00e9vana <\/span><\/span>:<\/span><\/h3>\n\n\n\n<p>La Birkat ha-L\u00e9vana (pri\u00e8re pour le renouvellement de la lune) pourra \u00eatre r\u00e9cit\u00e9e entre le samedi 9 avril 2022 au soir et le jeudi 14 avril 2022 au soir, lorsque la lune est visible.<\/p>\n\n\n\n<hr class=\"wp-block-separator is-style-wide\"\/>\n\n\n\n<h3 class=\"wp-block-heading\" id=\"les-mardis-des-etudiants-a-boulogne\"><span style=\"text-decoration: underline;\">Pessa&rsquo;h &#8211; Car wash :<\/span><\/h3>\n\n\n\n<div class=\"wp-block-image\"><figure class=\"aligncenter size-large\"><img loading=\"lazy\" decoding=\"async\" width=\"549\" height=\"1024\" src=\"https:\/\/acjbb-sud.org\/wp-content\/uploads\/2022\/04\/nettoyage-voiture-pessah-5782-549x1024.jpg\" alt=\"\" class=\"wp-image-5359\" srcset=\"https:\/\/acjbb-sud.org\/wp-content\/uploads\/2022\/04\/nettoyage-voiture-pessah-5782-549x1024.jpg 549w, https:\/\/acjbb-sud.org\/wp-content\/uploads\/2022\/04\/nettoyage-voiture-pessah-5782-161x300.jpg 161w, https:\/\/acjbb-sud.org\/wp-content\/uploads\/2022\/04\/nettoyage-voiture-pessah-5782-768x1434.jpg 768w, https:\/\/acjbb-sud.org\/wp-content\/uploads\/2022\/04\/nettoyage-voiture-pessah-5782-823x1536.jpg 823w, https:\/\/acjbb-sud.org\/wp-content\/uploads\/2022\/04\/nettoyage-voiture-pessah-5782-720x1344.jpg 720w, https:\/\/acjbb-sud.org\/wp-content\/uploads\/2022\/04\/nettoyage-voiture-pessah-5782.jpg 960w\" sizes=\"auto, (max-width: 549px) 100vw, 549px\" \/><\/figure><\/div>\n\n\n\n<hr class=\"wp-block-separator is-style-wide\"\/>\n\n\n\n<h3 class=\"wp-block-heading\" id=\"les-mardis-des-etudiants-a-boulogne\"><span style=\"text-decoration: underline;\">Pessa&rsquo;h :<\/span><\/h3>\n\n\n\n<p>Pessa&rsquo;h aura lieu du samedi 16 (1er S\u00e9der vendredi 15 avril au soir) jusqu&rsquo;au samedi 23 avril au soir.<\/p>\n\n\n\n<h4 class=\"wp-block-heading\">Question de Hala&rsquo;ha :<\/h4>\n\n\n\n<p>Le <strong>Rabbin Didier Kassabi<\/strong> r\u00e9pond \u00e0 vos question de Hal&rsquo;ha sur Pessah sur un groupe WhatsApp que vous pouvez rejoindre en cliquant sur le lien ci-dessous :<br><a href=\"https:\/\/chat.whatsapp.com\/GnUU05oSS1s6PQeG9e8FBb\" target=\"_blank\" rel=\"noreferrer noopener\">https:\/\/chat.whatsapp.com\/GnUU05oSS1s6PQeG9e8FBb<\/a><\/p>\n\n\n\n<h4 class=\"wp-block-heading\">Paniers de Pessa&rsquo;h :<\/h4>\n\n\n\n<p>Comme chaque ann\u00e9e pour Pessa&rsquo;h, de nombreuses familles autour de nous sont dans l&rsquo;angoisse de pouvoir passer les f\u00eates dans de bonnes conditions. Ils ont besoin de ceux qui peuvent les aider. Comme chaque ann\u00e9e, nous en appelons \u00e0 votre g\u00e9n\u00e9rosit\u00e9.<br>Merci pour votre aide.<br>Tizkou leMitzvot<\/p>\n\n\n\n<p><a href=\"https:\/\/bit.ly\/ACJBB-Tsedek\" target=\"_blank\" rel=\"noreferrer noopener\">Je participe \u00e0 la campagne des paniers de Pessa&rsquo;h de Tsedek<\/a><\/p>\n\n\n\n<h4 class=\"wp-block-heading\">Vente du &lsquo;Hamets :<\/h4>\n\n\n\n<p>Vous avez la possibilit\u00e9 de remplir le pouvoir de vente ci-dessous jusqu&rsquo;au <strong>15 avril 2022 \u00e0 9h30<\/strong><br><a href=\"https:\/\/www.consistoire.org\/pouvoir-de-vente\/\" target=\"_blank\" rel=\"noreferrer noopener\">https:\/\/www.consistoire.org\/pouvoir-de-vente\/<\/a><\/p>\n\n\n\n<h4 class=\"wp-block-heading\">Guide de Pessa&rsquo;h :<\/h4>\n\n\n\n<div class=\"wp-block-image\"><figure class=\"aligncenter size-full is-resized\"><img loading=\"lazy\" decoding=\"async\" src=\"https:\/\/acjbb-sud.org\/wp-content\/uploads\/2022\/04\/consistoire-guide-pessah-5782.jpg\" alt=\"\" class=\"wp-image-5367\" width=\"767\" height=\"768\" srcset=\"https:\/\/acjbb-sud.org\/wp-content\/uploads\/2022\/04\/consistoire-guide-pessah-5782.jpg 1022w, https:\/\/acjbb-sud.org\/wp-content\/uploads\/2022\/04\/consistoire-guide-pessah-5782-300x300.jpg 300w, https:\/\/acjbb-sud.org\/wp-content\/uploads\/2022\/04\/consistoire-guide-pessah-5782-150x150.jpg 150w, https:\/\/acjbb-sud.org\/wp-content\/uploads\/2022\/04\/consistoire-guide-pessah-5782-768x770.jpg 768w, https:\/\/acjbb-sud.org\/wp-content\/uploads\/2022\/04\/consistoire-guide-pessah-5782-720x721.jpg 720w\" sizes=\"auto, (max-width: 767px) 100vw, 767px\" \/><\/figure><\/div>\n\n\n\n<p>Le Consistoire met gracieusement \u00e0 votre disposition toutes les informations n\u00e9cessaires pour faciliter l\u2019organisation de votre f\u00eate de Pessah.<br><a href=\"https:\/\/www.consistoire.org\/event\/pessah-2022\/\" target=\"_blank\" rel=\"noreferrer noopener\">https:\/\/www.consistoire.org\/event\/pessah-2022\/<\/a><\/p>\n\n\n\n<hr class=\"wp-block-separator is-style-wide\"\/>\n\n\n\n<h3 class=\"wp-block-heading\" id=\"les-mardis-des-etudiants-a-boulogne\"><span style=\"text-decoration: underline;\">Solidarit\u00e9 avec l&rsquo;Ukraine :<\/span><\/h3>\n\n\n\n<p>Retrouvez sur le site de la <strong>Mairie de Boulogne-Billancourt<\/strong>, du <strong>Crif<\/strong> et sur les emails du <strong>Consistoire Central de France<\/strong> et du <strong>Consistoire de Paris et d&rsquo;Ile-de-France<\/strong> les initiatives prises par la Communaut\u00e9 juive de France pour la population ukrainienne.<br><br><a href=\"https:\/\/synaboulogne.us12.list-manage.com\/track\/click?u=f13343cbc4710ddbadcdef23f&amp;id=31d68d4dd6&amp;e=744d346afc\" target=\"_blank\" rel=\"noreferrer noopener\">Mairie de Boulogne-Billancourt<\/a><br><a href=\"https:\/\/synaboulogne.us12.list-manage.com\/track\/click?u=f13343cbc4710ddbadcdef23f&amp;id=ca59b255b8&amp;e=744d346afc\" target=\"_blank\" rel=\"noreferrer noopener\">Crif &#8211; Conseil repr\u00e9sentatif des institutions juives de France<\/a><br><a href=\"https:\/\/synaboulogne.us12.list-manage.com\/track\/click?u=f13343cbc4710ddbadcdef23f&amp;id=416594baf8&amp;e=744d346afc\" target=\"_blank\" rel=\"noreferrer noopener\">Consistoire central de France<\/a><br><a href=\"https:\/\/synaboulogne.us12.list-manage.com\/track\/click?u=f13343cbc4710ddbadcdef23f&amp;id=3e212c3636&amp;e=744d346afc\" target=\"_blank\" rel=\"noreferrer noopener\">Consistoire de Paris<\/a><\/p>\n\n\n\n<hr class=\"wp-block-separator is-style-wide\"\/>\n\n\n\n<h3 class=\"wp-block-heading\" id=\"les-mardis-des-etudiants-a-boulogne\"><span style=\"text-decoration: underline;\">Les mardis des \u00e9tudiants \u00e0 Boulogne :<\/span><\/h3>\n\n\n\n<p>Le\u00a0<strong>Rabbin Didier Kassabi<\/strong>\u00a0organise un\u00a0cours de torah destin\u00e9 aux jeunes \u00e9tudiants de 18 \u00e0 25 ans.<br>Prochain cours : <strong>mardi 26 avril 2022<\/strong><br><br>Un mardi sur deux, \u00e0 20h15 dans l\u2019espace Elie Botbol.<br>Venez nombreux, parlez en aux jeunes autour de vous.<br><br>Une collation sera offerte \u00e0 la fin de chaque cours.<br><br>Si vous souhaitez offrir cette seouda pour la gu\u00e9rison d\u2019un malade ou \u00e0 la m\u00e9moire d\u2019un \u00eatre cher, merci de contacter le Rabbin.<br><br>Lien du groupe pour avoir les informations et \u00e9changer<br><a href=\"https:\/\/chat.whatsapp.com\/DMa4veluzDnDNLkENogxgS\" target=\"_blank\" rel=\"noreferrer noopener\">https:\/\/chat.whatsapp.com\/DMa4veluzDnDNLkENogxgS<\/a><\/p>\n\n\n\n<hr class=\"wp-block-separator is-style-wide\"\/>\n\n\n\n<h3 class=\"wp-block-heading\" id=\"beth-hamidrach\"><span style=\"text-decoration: underline;\">Beth Hamidrach :<\/span><\/h3>\n\n\n\n<p>Le <strong>Rabbin Didier Kassabi<\/strong> donne un cours de Gu\u00e9mara chaque <strong>lundi soir \u00e0 20h00<\/strong> \u00e0 la Synagogue de Boulogne Billancourt, 43 rue des abondances.<\/p>\n\n\n\n<div class=\"wp-block-image\"><figure class=\"aligncenter size-large is-resized\"><img loading=\"lazy\" decoding=\"async\" src=\"https:\/\/acjbb-sud.org\/wp-content\/uploads\/2018\/12\/Rav-Didier-Kassabi-ACJBB-Boulogne-Sud-1024x656.jpg\" alt=\"\" class=\"wp-image-2318\" width=\"768\" height=\"492\" srcset=\"https:\/\/acjbb-sud.org\/wp-content\/uploads\/2018\/12\/Rav-Didier-Kassabi-ACJBB-Boulogne-Sud-1024x656.jpg 1024w, https:\/\/acjbb-sud.org\/wp-content\/uploads\/2018\/12\/Rav-Didier-Kassabi-ACJBB-Boulogne-Sud-300x192.jpg 300w, https:\/\/acjbb-sud.org\/wp-content\/uploads\/2018\/12\/Rav-Didier-Kassabi-ACJBB-Boulogne-Sud-768x492.jpg 768w, https:\/\/acjbb-sud.org\/wp-content\/uploads\/2018\/12\/Rav-Didier-Kassabi-ACJBB-Boulogne-Sud.jpg 1588w\" sizes=\"auto, (max-width: 768px) 100vw, 768px\" \/><\/figure><\/div>\n\n\n\n<p>Retrouvez tous les cours du Rabbin Kassabi <a href=\"https:\/\/acjbb-sud.org\/index.php\/cours-du-rabbin-kassabi\/\" target=\"_blank\" rel=\"noreferrer noopener\">sur cette page<\/a> !!<\/p>\n\n\n\n<hr class=\"wp-block-separator is-style-wide\"\/>\n\n\n\n<h3 class=\"wp-block-heading\" id=\"block-f62ce074-21cd-4ef8-95fc-86f99ff83a8d\"><span style=\"text-decoration: underline;\">Cours pour les femmes :<\/span><\/h3>\n\n\n\n<p><strong>Mme Ya\u00ebl Kassabi<\/strong>&nbsp;donne un cours pour femmes tous les <strong>mardis&nbsp;de 21h00 \u00e0 22h00<\/strong>.<br><br>A la Synagogue de Boulogne, espace Alfred Zemmour<\/p>\n\n\n\n<p>Cette heure se divise en 3 parties&nbsp;:<\/p>\n\n\n\n<ul class=\"wp-block-list\"><li>Une \u00e9tude d\u2019extrait de la parasha de la semaine sur texte pour animer vos shabat&nbsp;<\/li><li>Une Halakha&nbsp;<\/li><li>Une recette de cuisine \u00e0 partager&nbsp;<\/li><\/ul>\n\n\n\n<hr class=\"wp-block-separator is-style-wide\"\/>\n\n\n\n<h3 class=\"wp-block-heading\" id=\"block-b7954baa-ee9c-4dfe-b91d-fa235f442567\"><span style=\"text-decoration: underline;\">Information ACJBB Boulogne Sud :<\/span><\/h3>\n\n\n\n<p id=\"block-fd719631-1c41-4d52-a7ec-2c7882d4ae94\">Retrouvez toutes les informations de l\u2019office sur : <a rel=\"noreferrer noopener\" href=\"http:\/\/www.acjbb-sud.org\" target=\"_blank\">www.acjbb-sud.org<\/a>.<br>Si vous souhaitez recevoir par mail la newsletter de l\u2019office, inscrivez-vous en nous envoyant un mail \u00e0 <a href=\"mailto:officeboulognesud@gmail.com\">officeboulognesud@gmail.com<\/a>.<br>Retrouvez \u00e9galement toutes les informations sur la page Facebook de l\u2019office : <a rel=\"noreferrer noopener\" href=\"http:\/\/facebook.com\/acjbbsud\" target=\"_blank\">facebook.com\/acjbbsud<\/a> et sur Twitter : <a rel=\"noreferrer noopener\" href=\"http:\/\/twitter.com\/acjbbsud\" target=\"_blank\">twitter.com\/acjbbsud<\/a>.<\/p>\n\n\n\n<hr class=\"wp-block-separator is-style-wide\"\/>\n\n\n\n<h3 class=\"wp-block-heading\" id=\"block-b7954baa-ee9c-4dfe-b91d-fa235f442567\"><span style=\"text-decoration: underline;\">R\u00e9servation des espaces communautaires :<\/span><\/h3>\n\n\n\n<p>Vous souhaitez organiser une manifestation (Brith-Mila, Bar-Mitsvah et Bat-Mitsvah, Mariage, Azkara, Soir\u00e9e Mikv\u00e9 Kala, etc&#8230; ) dans l&rsquo;espace <strong>ACJBB Boulogne Sud<\/strong>, 17 rue Barth\u00e9l\u00e9my Danjou, Boulogne Billancourt, contactez M. Patrick Sebban 06.03.02.30.78 &#8211; <a href=\"mailto:patrick.sebban2@paris.fr\">patrick.sebban2@paris.fr<\/a>.<\/p>\n\n\n\n<hr class=\"wp-block-separator is-style-wide\"\/>\n\n\n\n<h3 class=\"wp-block-heading\" id=\"block-7c3c700f-d447-4376-9427-cdbc9c2f74c9\"><span style=\"text-decoration: underline;\">Mikv\u00e9 :<\/span><\/h3>\n\n\n\n<p id=\"block-50d7cf7e-ff00-4da1-8c9c-2de23e61527c\">Plus d&rsquo;informations sur le site de la <a rel=\"noreferrer noopener\" href=\"https:\/\/synaboulogne.com\/2020\/03\/24\/coronavirus-fermeture-des-mikves-a-boulogne\/\" target=\"_blank\">Synagogue de Boulogne<\/a>.<\/p>\n\n\n\n<hr class=\"wp-block-separator is-style-wide\"\/>\n\n\n\n<h3 class=\"wp-block-heading\" id=\"block-7c3c700f-d447-4376-9427-cdbc9c2f74c9\"><span style=\"text-decoration: underline;\">Mikv\u00e9 K\u00e9lim :<\/span><\/h3>\n\n\n\n<p>Le mikv\u00e9 k\u00e9lim est ouvert tous les matins apr\u00e8s l&rsquo;office.<\/p>\n\n\n\n<hr class=\"wp-block-separator is-style-wide\"\/>\n\n\n\n<h3 class=\"wp-block-heading\" id=\"block-4c97c8cf-af4b-4959-a746-b4aad012dd9b\"><span style=\"text-decoration: underline;\">Faire un don :<\/span><\/h3>\n\n\n\n<p id=\"block-1b207a12-4bcd-4010-9047-f59f10862ab5\">Pour faire vivre et participer activement \u00e0 cet office, <a href=\"http:\/\/www.acjbb-sud.org\/index.php\/faire-un-don\/\" target=\"_blank\" rel=\"noreferrer noopener\">faites un don<\/a> par internet ou envoyez vos ch\u00e8ques \u00e0 l&rsquo;ordre de <em>ACJBB Sud<\/em>,  au <strong>17 rue Barth\u00e9l\u00e9my Danjou<\/strong>. Toutes les participations sont bienvenues, <em>les petits ruisseaux faisant de grandes rivi\u00e8res<\/em>, nous parviendrons, tous ensemble, \u00e0 faire vivre l\u2019Office de Boulogne Sud.<br><br>Tizkou L\u00e9-Mitsvot !!!<\/p>\n\n\n\n<hr class=\"wp-block-separator is-style-wide\"\/>\n\n\n\n<h3 class=\"wp-block-heading\" id=\"block-4c97c8cf-af4b-4959-a746-b4aad012dd9b\"><span style=\"text-decoration: underline;\">Cotisation annuelle :<\/span><\/h3>\n\n\n\n<p>Vous pouvez r\u00e9gler votre cotisation annuelle sur le <a href=\"https:\/\/synaboulogne.us12.list-manage.com\/track\/click?u=f13343cbc4710ddbadcdef23f&amp;id=2ccca5826b&amp;e=744d346afc\" target=\"_blank\" rel=\"noreferrer noopener\">site du Consistoire<\/a>.<\/p>\n\n\n\n<hr class=\"wp-block-separator is-style-wide\"\/>\n\n\n\n<h3 class=\"wp-block-heading\" id=\"block-1fca9ce7-0c19-4d83-bb99-511a3a95b416\"><span style=\"text-decoration: underline;\">Talmud Torah de Boulogne :<\/span><\/h3>\n\n\n\n<p>Le talmud Torah de Boulogne innove pour attirer TOUS les enfants.<br>Renseignez-vous aupr\u00e8s du <strong>Rabbin Didier Kassabi<\/strong> ou du <strong>Hazan David Marciano<\/strong>.<\/p>\n\n\n\n<h3 class=\"wp-block-heading\" id=\"tous-les-dimanches-a-10h00\">Tous les dimanches \u00e0 10h00<\/h3>\n\n\n\n<div class=\"wp-block-image\"><figure class=\"aligncenter size-large is-resized\"><img loading=\"lazy\" decoding=\"async\" src=\"https:\/\/acjbb-sud.org\/wp-content\/uploads\/2021\/07\/ACJBB-Synagogue-Boulogne-Billancourt-Talmud-Torah-nouvelle-formule-724x1024.jpg\" alt=\"\" class=\"wp-image-4570\" width=\"543\" height=\"768\" srcset=\"https:\/\/acjbb-sud.org\/wp-content\/uploads\/2021\/07\/ACJBB-Synagogue-Boulogne-Billancourt-Talmud-Torah-nouvelle-formule-724x1024.jpg 724w, https:\/\/acjbb-sud.org\/wp-content\/uploads\/2021\/07\/ACJBB-Synagogue-Boulogne-Billancourt-Talmud-Torah-nouvelle-formule-212x300.jpg 212w, https:\/\/acjbb-sud.org\/wp-content\/uploads\/2021\/07\/ACJBB-Synagogue-Boulogne-Billancourt-Talmud-Torah-nouvelle-formule-768x1086.jpg 768w, https:\/\/acjbb-sud.org\/wp-content\/uploads\/2021\/07\/ACJBB-Synagogue-Boulogne-Billancourt-Talmud-Torah-nouvelle-formule-1086x1536.jpg 1086w, https:\/\/acjbb-sud.org\/wp-content\/uploads\/2021\/07\/ACJBB-Synagogue-Boulogne-Billancourt-Talmud-Torah-nouvelle-formule-720x1018.jpg 720w, https:\/\/acjbb-sud.org\/wp-content\/uploads\/2021\/07\/ACJBB-Synagogue-Boulogne-Billancourt-Talmud-Torah-nouvelle-formule.jpg 1414w\" sizes=\"auto, (max-width: 543px) 100vw, 543px\" \/><\/figure><\/div>\n\n\n\n<p>Informations et Inscription :&nbsp;<a href=\"https:\/\/bit.ly\/ACJBB-TalmudTorah?ct=t(Synamail_du_19_novembre_2016_Chabbat_Vay11_18_2016)&amp;mc_cid=9cbb06a24e&amp;mc_eid=UNIQID\" target=\"_blank\" rel=\"noreferrer noopener\">https:\/\/bit.ly\/ACJBB-TalmudTorah<\/a><\/p>\n\n\n\n<hr class=\"wp-block-separator is-style-wide\"\/>\n\n\n\n<h3 class=\"wp-block-heading\" id=\"block-1fca9ce7-0c19-4d83-bb99-511a3a95b416\"><span style=\"text-decoration: underline;\">CCIBB &#8211; Activit\u00e9s 2021-2022 : Informations, inscriptions et reprise :<\/span><\/h3>\n\n\n\n<div class=\"wp-block-image\"><figure class=\"aligncenter size-full is-resized\"><a href=\"https:\/\/ccibb.net\/wp-content\/uploads\/2021\/08\/ccibb-activites-2021-2022-v2.jpg\"><img loading=\"lazy\" decoding=\"async\" src=\"https:\/\/ccibb.net\/wp-content\/uploads\/2021\/08\/ccibb-activites-2021-2022-v2.jpg\" alt=\"\" class=\"wp-image-1916\" width=\"656\" height=\"539\"\/><\/a><\/figure><\/div>\n\n\n\n<p>plus d&rsquo;informations : <a href=\"https:\/\/ccibb.net\/2021\/08\/activites-2021-2022-informations-inscriptions-reprise\/\" target=\"_blank\" rel=\"noreferrer noopener\">ccibb.net<\/a><\/p>\n\n\n\n<hr class=\"wp-block-separator is-style-wide\"\/>\n\n\n\n<h3 class=\"wp-block-heading\" id=\"block-1fca9ce7-0c19-4d83-bb99-511a3a95b416\"><span style=\"text-decoration: underline;\">Oulpan avec le CCIBB et l&rsquo;OMS :<\/span><\/h3>\n\n\n\n<div class=\"wp-block-image is-style-default\"><figure class=\"aligncenter size-large is-resized\"><img loading=\"lazy\" decoding=\"async\" src=\"https:\/\/acjbb-sud.org\/wp-content\/uploads\/2020\/10\/CCIBB-Affiche-reunion-inscription-oulpan-OSM-2020-2021-734x1024.jpeg\" alt=\"\" class=\"wp-image-3878\" width=\"551\" height=\"768\" srcset=\"https:\/\/acjbb-sud.org\/wp-content\/uploads\/2020\/10\/CCIBB-Affiche-reunion-inscription-oulpan-OSM-2020-2021-734x1024.jpeg 734w, https:\/\/acjbb-sud.org\/wp-content\/uploads\/2020\/10\/CCIBB-Affiche-reunion-inscription-oulpan-OSM-2020-2021-215x300.jpeg 215w, https:\/\/acjbb-sud.org\/wp-content\/uploads\/2020\/10\/CCIBB-Affiche-reunion-inscription-oulpan-OSM-2020-2021-768x1072.jpeg 768w, https:\/\/acjbb-sud.org\/wp-content\/uploads\/2020\/10\/CCIBB-Affiche-reunion-inscription-oulpan-OSM-2020-2021-1101x1536.jpeg 1101w, https:\/\/acjbb-sud.org\/wp-content\/uploads\/2020\/10\/CCIBB-Affiche-reunion-inscription-oulpan-OSM-2020-2021-1467x2048.jpeg 1467w, https:\/\/acjbb-sud.org\/wp-content\/uploads\/2020\/10\/CCIBB-Affiche-reunion-inscription-oulpan-OSM-2020-2021-720x1005.jpeg 720w, https:\/\/acjbb-sud.org\/wp-content\/uploads\/2020\/10\/CCIBB-Affiche-reunion-inscription-oulpan-OSM-2020-2021-scaled.jpeg 1834w\" sizes=\"auto, (max-width: 551px) 100vw, 551px\" \/><\/figure><\/div>\n\n\n\n<hr class=\"wp-block-separator is-style-wide\"\/>\n\n\n\n<h3 class=\"wp-block-heading\" id=\"block-1fca9ce7-0c19-4d83-bb99-511a3a95b416\"><span style=\"text-decoration: underline;\">Dons pour le Centre Culturel de Boulogne Billancourt :<\/span><\/h3>\n\n\n\n<p id=\"block-1a224de9-3276-4fc8-ba3f-fd19c0e1f5a3\">Le nouveau <a href=\"https:\/\/ccj-boulogne.com\" target=\"_blank\" rel=\"noreferrer noopener\">Centre Culturel juif de Boulogne<\/a> se situe \u00e0 l\u2019angle des rues Marcel Dassault et d\u2019Anjou.<\/p>\n\n\n\n<p id=\"block-41d933ca-9886-487d-a642-c8ca33b4d8ee\">Il comprendra notamment :<\/p>\n\n\n\n<ul class=\"wp-block-list\" id=\"block-bc74a488-8718-4d73-ae4a-3c4664830925\"><li>Une Synagogue<\/li><li>Le Centre Communautaire (CCIBB)<\/li><li>Une salle polyvalente<\/li><li>Une salle des f\u00eates<\/li><\/ul>\n\n\n\n<p id=\"block-223f5a99-e9bd-4b84-a6c3-0ddbe1853b13\">Vous avez une occasion unique d\u2019inscrire votre nom, celui de vos familles, celui de vos disparus, dans un projet qui marquera l\u2019avenir de la vie juive \u00e0 Boulogne-Billancourt.<\/p>\n\n\n\n<div class=\"wp-block-image\"><figure class=\"aligncenter size-full\"><img loading=\"lazy\" decoding=\"async\" width=\"800\" height=\"450\" src=\"https:\/\/acjbb-sud.org\/wp-content\/uploads\/2022\/01\/ACJBB-CCJ92-Centre-Culturel-Juif-Boulogne-vue-cour-800-logos.png\" alt=\"\" class=\"wp-image-5164\" srcset=\"https:\/\/acjbb-sud.org\/wp-content\/uploads\/2022\/01\/ACJBB-CCJ92-Centre-Culturel-Juif-Boulogne-vue-cour-800-logos.png 800w, https:\/\/acjbb-sud.org\/wp-content\/uploads\/2022\/01\/ACJBB-CCJ92-Centre-Culturel-Juif-Boulogne-vue-cour-800-logos-300x169.png 300w, https:\/\/acjbb-sud.org\/wp-content\/uploads\/2022\/01\/ACJBB-CCJ92-Centre-Culturel-Juif-Boulogne-vue-cour-800-logos-768x432.png 768w, https:\/\/acjbb-sud.org\/wp-content\/uploads\/2022\/01\/ACJBB-CCJ92-Centre-Culturel-Juif-Boulogne-vue-cour-800-logos-720x405.png 720w\" sizes=\"auto, (max-width: 800px) 100vw, 800px\" \/><\/figure><\/div>\n\n\n\n<p id=\"block-2472cef2-f3a1-44e3-bed8-19df0101f2b3\">Devenez acteur du devenir de la vie juive \u00e0 Boulogne en faisant un don pour la construction du Centre Culturel de Boulogne. Vous pouvez d\u00e9cider de diriger votre don vers la synagogue ACJBB ou vers le CCIBB, en nous l\u2019indiquant par message.<\/p>\n\n\n\n<p id=\"block-46b01a20-1fad-4156-a639-d2d621f5698d\"><a rel=\"noreferrer noopener\" href=\"https:\/\/www.helloasso.com\/associations\/acjbb-2\/collectes\/construction-du-centre-juif-de-boulogne\" target=\"_blank\">Je participe \u00e0 la collecte pour la construction<\/a>.<\/p>\n\n\n\n<hr class=\"wp-block-separator is-style-wide\"\/>\n\n\n\n<h3 class=\"wp-block-heading\" id=\"block-0a78bf73-6f7d-4326-9f07-299e153ed995\"><span style=\"text-decoration: underline;\">Dvar Torah :<\/span><\/h3>\n\n\n\n<p id=\"block-a6d72ecc-452b-4ff0-b897-259c06dce164\"><em><strong>du Rav Mika\u00ebl Mouyal<\/strong><\/em> :<br>T\u00e9l\u00e9chargez le Dvar Torah directement en PDF afin de l\u2019imprimer et le lire plus facilement :<br><a href=\"https:\/\/acjbb-sud.org\/wp-content\/uploads\/2022\/04\/ACJBB-Boulogne-Sud-Dvar-Torah-Sidra-Rav-Mouyal-Metsora-5782.pdf\" target=\"_blank\" rel=\"noreferrer noopener\">Sidra M\u00e9tsora<\/a>.<\/p>\n\n\n\n<p id=\"block-a6d72ecc-452b-4ff0-b897-259c06dce164\">Retrouvez tous les commentaires et sidrots sur la Paracha par le Rav Mika\u00ebl Mouyal sur <a href=\"https:\/\/acjbb-sud.org\/index.php\/dvar-torah-sidra-rav-mouyal\/\" target=\"_blank\" rel=\"noreferrer noopener\">cette page<\/a>.<\/p>\n\n\n\n<p>Retrouvez les Divr\u00e9 Torah en vid\u00e9os sur notre <a href=\"https:\/\/www.youtube.com\/channel\/UC20u-GBY1CIXXcjbM96fPxw\" target=\"_blank\" rel=\"noreferrer noopener\">chaine YouTube<\/a>.<\/p>\n\n\n\n<p id=\"block-b6109842-1a53-4f02-9d74-dab7a535c9df\"><em><strong>du Rabbin Didier Kassabi :<\/strong><\/em><br>T\u00e9l\u00e9chargez le Dvar Torah directement en PDF afin de l\u2019imprimer et le lire plus facilement :<br><a href=\"https:\/\/synaboulogne.com\/wp-content\/uploads\/2022\/04\/ACJBB-Boulogne-Dvar-Torah-Rabbin-Didier-Kassabi-Metsora-5782.pdf\" target=\"_blank\" rel=\"noreferrer noopener\">Dvar Torah M\u00e9tsora<\/a>.<\/p>\n\n\n\n<p id=\"block-a68290c3-5f19-4d18-839f-11ee7629c218\">Retrouvez tous les Divrei Torah sur la Paracha par le Rabbin Didier Kassabi sur <a href=\"https:\/\/synaboulogne.com\/dvar-torah-du-rabbin-didier-kassabi\/\" target=\"_blank\" rel=\"noreferrer noopener\">cette page.<\/a><\/p>\n\n\n\n<p>Retrouvez les Divr\u00e9 Torah en vid\u00e9os sur la <a href=\"https:\/\/www.youtube.com\/synagoguedeboulogne\" target=\"_blank\" rel=\"noreferrer noopener\">chaine de la Synagogue de Boulogne<\/a>.<\/p>\n","protected":false},"excerpt":{"rendered":"<p>Paracha M\u00e9tsora \/ \u05e4\u05e8\u05e9\u05d4 \u05de\u05e6\u05e8\u05e2 Chabbat HaGadol \/ \u05e9\u05d1\u05ea \u05d4\u05d2\u05d3\u05d5\u05dc 8-9 avril 2022 &#8211; 8 Nissan 5782 \/ \u05d7&rsquo; \u05e0\u05d9\u05e1\u05df \u05ea\u05e9\u05e4&rsquo;\u05d1D\u00e9but : 20h13 &#8211; Fin : 21h23 Le Centre Culturel juif de Boulogne est ouvert !! Les horaires de Chabbat : Vendredi soir :19h00 : Chir haChirim19h15 : Min&rsquo;ha19h35 : Kabalat Chabbat et Arvit. Dvar &hellip; <\/p>\n<p><a class=\"more-link btn\" href=\"https:\/\/acjbb-sud.org\/index.php\/2022\/04\/07\/paracha-metsora-5782-chabbat-hagadol\/\">Lire la suite<\/a><\/p>\n","protected":false},"author":1,"featured_media":5353,"comment_status":"open","ping_status":"open","sticky":false,"template":"","format":"standard","meta":{"jetpack_post_was_ever_published":false,"_jetpack_newsletter_access":"","_jetpack_dont_email_post_to_subs":false,"_jetpack_newsletter_tier_id":0,"_jetpack_memberships_contains_paywalled_content":false,"_jetpack_memberships_contains_paid_content":false,"footnotes":"","jetpack_publicize_message":"","jetpack_publicize_feature_enabled":true,"jetpack_social_post_already_shared":true,"jetpack_social_options":{"image_generator_settings":{"template":"highway","default_image_id":0,"font":"","enabled":false},"version":2}},"categories":[3,221],"tags":[],"class_list":["post-5352","post","type-post","status-publish","format-standard","has-post-thumbnail","hentry","category-chabbat","category-chabbat-hagadol","item-wrap"],"yoast_head":"<!-- This site is optimized with the Yoast SEO plugin v26.6 - https:\/\/yoast.com\/wordpress\/plugins\/seo\/ -->\n<title>Paracha M\u00e9tsora - Chabbat haGadol - Synagogue ACJBB Boulogne Sud<\/title>\n<meta name=\"robots\" content=\"index, follow, max-snippet:-1, max-image-preview:large, max-video-preview:-1\" \/>\n<link rel=\"canonical\" href=\"https:\/\/acjbb-sud.org\/index.php\/2022\/04\/07\/paracha-metsora-5782-chabbat-hagadol\/\" \/>\n<meta property=\"og:locale\" content=\"fr_FR\" \/>\n<meta property=\"og:type\" content=\"article\" \/>\n<meta property=\"og:title\" content=\"Paracha M\u00e9tsora - Chabbat haGadol - Synagogue ACJBB Boulogne Sud\" \/>\n<meta property=\"og:description\" content=\"Paracha M\u00e9tsora \/ \u05e4\u05e8\u05e9\u05d4 \u05de\u05e6\u05e8\u05e2 Chabbat HaGadol \/ \u05e9\u05d1\u05ea \u05d4\u05d2\u05d3\u05d5\u05dc 8-9 avril 2022 &#8211; 8 Nissan 5782 \/ \u05d7&rsquo; \u05e0\u05d9\u05e1\u05df \u05ea\u05e9\u05e4&rsquo;\u05d1D\u00e9but : 20h13 &#8211; Fin : 21h23 Le Centre Culturel juif de Boulogne est ouvert !! Les horaires de Chabbat : Vendredi soir :19h00 : Chir haChirim19h15 : Min&rsquo;ha19h35 : Kabalat Chabbat et Arvit. Dvar &hellip; Lire la suite\" \/>\n<meta property=\"og:url\" content=\"https:\/\/acjbb-sud.org\/index.php\/2022\/04\/07\/paracha-metsora-5782-chabbat-hagadol\/\" \/>\n<meta property=\"og:site_name\" content=\"Synagogue ACJBB Boulogne Sud\" \/>\n<meta property=\"article:published_time\" content=\"2022-04-07T12:44:45+00:00\" \/>\n<meta property=\"article:modified_time\" content=\"2022-04-07T22:34:07+00:00\" \/>\n<meta property=\"og:image\" content=\"https:\/\/acjbb-sud.org\/wp-content\/uploads\/2022\/04\/ACJBB-CCJ92-Centre-Culturel-Juif-Boulogne-synagogue2-600.jpg\" \/>\n\t<meta property=\"og:image:width\" content=\"600\" \/>\n\t<meta property=\"og:image:height\" content=\"338\" \/>\n\t<meta property=\"og:image:type\" content=\"image\/jpeg\" \/>\n<meta name=\"author\" content=\"AcjbbSud\" \/>\n<meta name=\"twitter:card\" content=\"summary_large_image\" \/>\n<meta name=\"twitter:label1\" content=\"\u00c9crit par\" \/>\n\t<meta name=\"twitter:data1\" content=\"AcjbbSud\" \/>\n\t<meta name=\"twitter:label2\" content=\"Dur\u00e9e de lecture estim\u00e9e\" \/>\n\t<meta name=\"twitter:data2\" content=\"8 minutes\" \/>\n<script type=\"application\/ld+json\" class=\"yoast-schema-graph\">{\"@context\":\"https:\/\/schema.org\",\"@graph\":[{\"@type\":\"WebPage\",\"@id\":\"https:\/\/acjbb-sud.org\/index.php\/2022\/04\/07\/paracha-metsora-5782-chabbat-hagadol\/\",\"url\":\"https:\/\/acjbb-sud.org\/index.php\/2022\/04\/07\/paracha-metsora-5782-chabbat-hagadol\/\",\"name\":\"Paracha M\u00e9tsora - Chabbat haGadol - Synagogue ACJBB Boulogne Sud\",\"isPartOf\":{\"@id\":\"https:\/\/acjbb-sud.org\/#website\"},\"primaryImageOfPage\":{\"@id\":\"https:\/\/acjbb-sud.org\/index.php\/2022\/04\/07\/paracha-metsora-5782-chabbat-hagadol\/#primaryimage\"},\"image\":{\"@id\":\"https:\/\/acjbb-sud.org\/index.php\/2022\/04\/07\/paracha-metsora-5782-chabbat-hagadol\/#primaryimage\"},\"thumbnailUrl\":\"https:\/\/acjbb-sud.org\/wp-content\/uploads\/2022\/04\/ACJBB-CCJ92-Centre-Culturel-Juif-Boulogne-synagogue2-600.jpg\",\"datePublished\":\"2022-04-07T12:44:45+00:00\",\"dateModified\":\"2022-04-07T22:34:07+00:00\",\"author\":{\"@id\":\"https:\/\/acjbb-sud.org\/#\/schema\/person\/adc8f09fb72c9d0dc78509106dc5e9f0\"},\"breadcrumb\":{\"@id\":\"https:\/\/acjbb-sud.org\/index.php\/2022\/04\/07\/paracha-metsora-5782-chabbat-hagadol\/#breadcrumb\"},\"inLanguage\":\"fr-FR\",\"potentialAction\":[{\"@type\":\"ReadAction\",\"target\":[\"https:\/\/acjbb-sud.org\/index.php\/2022\/04\/07\/paracha-metsora-5782-chabbat-hagadol\/\"]}]},{\"@type\":\"ImageObject\",\"inLanguage\":\"fr-FR\",\"@id\":\"https:\/\/acjbb-sud.org\/index.php\/2022\/04\/07\/paracha-metsora-5782-chabbat-hagadol\/#primaryimage\",\"url\":\"https:\/\/acjbb-sud.org\/wp-content\/uploads\/2022\/04\/ACJBB-CCJ92-Centre-Culturel-Juif-Boulogne-synagogue2-600.jpg\",\"contentUrl\":\"https:\/\/acjbb-sud.org\/wp-content\/uploads\/2022\/04\/ACJBB-CCJ92-Centre-Culturel-Juif-Boulogne-synagogue2-600.jpg\",\"width\":600,\"height\":338},{\"@type\":\"BreadcrumbList\",\"@id\":\"https:\/\/acjbb-sud.org\/index.php\/2022\/04\/07\/paracha-metsora-5782-chabbat-hagadol\/#breadcrumb\",\"itemListElement\":[{\"@type\":\"ListItem\",\"position\":1,\"name\":\"Accueil\",\"item\":\"https:\/\/acjbb-sud.org\/\"},{\"@type\":\"ListItem\",\"position\":2,\"name\":\"Paracha M\u00e9tsora &#8211; Chabbat haGadol\"}]},{\"@type\":\"WebSite\",\"@id\":\"https:\/\/acjbb-sud.org\/#website\",\"url\":\"https:\/\/acjbb-sud.org\/\",\"name\":\"Synagogue ACJBB Boulogne Sud\",\"description\":\"Synagogue \/ Association Communautaire Juive de Boulogne Billancourt (Sud)\",\"potentialAction\":[{\"@type\":\"SearchAction\",\"target\":{\"@type\":\"EntryPoint\",\"urlTemplate\":\"https:\/\/acjbb-sud.org\/?s={search_term_string}\"},\"query-input\":{\"@type\":\"PropertyValueSpecification\",\"valueRequired\":true,\"valueName\":\"search_term_string\"}}],\"inLanguage\":\"fr-FR\"},{\"@type\":\"Person\",\"@id\":\"https:\/\/acjbb-sud.org\/#\/schema\/person\/adc8f09fb72c9d0dc78509106dc5e9f0\",\"name\":\"AcjbbSud\",\"image\":{\"@type\":\"ImageObject\",\"inLanguage\":\"fr-FR\",\"@id\":\"https:\/\/acjbb-sud.org\/#\/schema\/person\/image\/\",\"url\":\"https:\/\/secure.gravatar.com\/avatar\/ea30fe7a8231c8c0bf30066f86006714af7be34ba414543eaab3e453b92901aa?s=96&d=mm&r=g\",\"contentUrl\":\"https:\/\/secure.gravatar.com\/avatar\/ea30fe7a8231c8c0bf30066f86006714af7be34ba414543eaab3e453b92901aa?s=96&d=mm&r=g\",\"caption\":\"AcjbbSud\"},\"url\":\"https:\/\/acjbb-sud.org\/index.php\/author\/acjbbsud\/\"}]}<\/script>\n<!-- \/ Yoast SEO plugin. -->","yoast_head_json":{"title":"Paracha M\u00e9tsora - Chabbat haGadol - Synagogue ACJBB Boulogne Sud","robots":{"index":"index","follow":"follow","max-snippet":"max-snippet:-1","max-image-preview":"max-image-preview:large","max-video-preview":"max-video-preview:-1"},"canonical":"https:\/\/acjbb-sud.org\/index.php\/2022\/04\/07\/paracha-metsora-5782-chabbat-hagadol\/","og_locale":"fr_FR","og_type":"article","og_title":"Paracha M\u00e9tsora - Chabbat haGadol - Synagogue ACJBB Boulogne Sud","og_description":"Paracha M\u00e9tsora \/ \u05e4\u05e8\u05e9\u05d4 \u05de\u05e6\u05e8\u05e2 Chabbat HaGadol \/ \u05e9\u05d1\u05ea \u05d4\u05d2\u05d3\u05d5\u05dc 8-9 avril 2022 &#8211; 8 Nissan 5782 \/ \u05d7&rsquo; \u05e0\u05d9\u05e1\u05df \u05ea\u05e9\u05e4&rsquo;\u05d1D\u00e9but : 20h13 &#8211; Fin : 21h23 Le Centre Culturel juif de Boulogne est ouvert !! Les horaires de Chabbat : Vendredi soir :19h00 : Chir haChirim19h15 : Min&rsquo;ha19h35 : Kabalat Chabbat et Arvit. Dvar &hellip; Lire la suite","og_url":"https:\/\/acjbb-sud.org\/index.php\/2022\/04\/07\/paracha-metsora-5782-chabbat-hagadol\/","og_site_name":"Synagogue ACJBB Boulogne Sud","article_published_time":"2022-04-07T12:44:45+00:00","article_modified_time":"2022-04-07T22:34:07+00:00","og_image":[{"width":600,"height":338,"url":"https:\/\/acjbb-sud.org\/wp-content\/uploads\/2022\/04\/ACJBB-CCJ92-Centre-Culturel-Juif-Boulogne-synagogue2-600.jpg","type":"image\/jpeg"}],"author":"AcjbbSud","twitter_card":"summary_large_image","twitter_misc":{"\u00c9crit par":"AcjbbSud","Dur\u00e9e de lecture estim\u00e9e":"8 minutes"},"schema":{"@context":"https:\/\/schema.org","@graph":[{"@type":"WebPage","@id":"https:\/\/acjbb-sud.org\/index.php\/2022\/04\/07\/paracha-metsora-5782-chabbat-hagadol\/","url":"https:\/\/acjbb-sud.org\/index.php\/2022\/04\/07\/paracha-metsora-5782-chabbat-hagadol\/","name":"Paracha M\u00e9tsora - Chabbat haGadol - Synagogue ACJBB Boulogne Sud","isPartOf":{"@id":"https:\/\/acjbb-sud.org\/#website"},"primaryImageOfPage":{"@id":"https:\/\/acjbb-sud.org\/index.php\/2022\/04\/07\/paracha-metsora-5782-chabbat-hagadol\/#primaryimage"},"image":{"@id":"https:\/\/acjbb-sud.org\/index.php\/2022\/04\/07\/paracha-metsora-5782-chabbat-hagadol\/#primaryimage"},"thumbnailUrl":"https:\/\/acjbb-sud.org\/wp-content\/uploads\/2022\/04\/ACJBB-CCJ92-Centre-Culturel-Juif-Boulogne-synagogue2-600.jpg","datePublished":"2022-04-07T12:44:45+00:00","dateModified":"2022-04-07T22:34:07+00:00","author":{"@id":"https:\/\/acjbb-sud.org\/#\/schema\/person\/adc8f09fb72c9d0dc78509106dc5e9f0"},"breadcrumb":{"@id":"https:\/\/acjbb-sud.org\/index.php\/2022\/04\/07\/paracha-metsora-5782-chabbat-hagadol\/#breadcrumb"},"inLanguage":"fr-FR","potentialAction":[{"@type":"ReadAction","target":["https:\/\/acjbb-sud.org\/index.php\/2022\/04\/07\/paracha-metsora-5782-chabbat-hagadol\/"]}]},{"@type":"ImageObject","inLanguage":"fr-FR","@id":"https:\/\/acjbb-sud.org\/index.php\/2022\/04\/07\/paracha-metsora-5782-chabbat-hagadol\/#primaryimage","url":"https:\/\/acjbb-sud.org\/wp-content\/uploads\/2022\/04\/ACJBB-CCJ92-Centre-Culturel-Juif-Boulogne-synagogue2-600.jpg","contentUrl":"https:\/\/acjbb-sud.org\/wp-content\/uploads\/2022\/04\/ACJBB-CCJ92-Centre-Culturel-Juif-Boulogne-synagogue2-600.jpg","width":600,"height":338},{"@type":"BreadcrumbList","@id":"https:\/\/acjbb-sud.org\/index.php\/2022\/04\/07\/paracha-metsora-5782-chabbat-hagadol\/#breadcrumb","itemListElement":[{"@type":"ListItem","position":1,"name":"Accueil","item":"https:\/\/acjbb-sud.org\/"},{"@type":"ListItem","position":2,"name":"Paracha M\u00e9tsora &#8211; Chabbat haGadol"}]},{"@type":"WebSite","@id":"https:\/\/acjbb-sud.org\/#website","url":"https:\/\/acjbb-sud.org\/","name":"Synagogue ACJBB Boulogne Sud","description":"Synagogue \/ Association Communautaire Juive de Boulogne Billancourt (Sud)","potentialAction":[{"@type":"SearchAction","target":{"@type":"EntryPoint","urlTemplate":"https:\/\/acjbb-sud.org\/?s={search_term_string}"},"query-input":{"@type":"PropertyValueSpecification","valueRequired":true,"valueName":"search_term_string"}}],"inLanguage":"fr-FR"},{"@type":"Person","@id":"https:\/\/acjbb-sud.org\/#\/schema\/person\/adc8f09fb72c9d0dc78509106dc5e9f0","name":"AcjbbSud","image":{"@type":"ImageObject","inLanguage":"fr-FR","@id":"https:\/\/acjbb-sud.org\/#\/schema\/person\/image\/","url":"https:\/\/secure.gravatar.com\/avatar\/ea30fe7a8231c8c0bf30066f86006714af7be34ba414543eaab3e453b92901aa?s=96&d=mm&r=g","contentUrl":"https:\/\/secure.gravatar.com\/avatar\/ea30fe7a8231c8c0bf30066f86006714af7be34ba414543eaab3e453b92901aa?s=96&d=mm&r=g","caption":"AcjbbSud"},"url":"https:\/\/acjbb-sud.org\/index.php\/author\/acjbbsud\/"}]}},"jetpack_publicize_connections":[],"jetpack_featured_media_url":"https:\/\/acjbb-sud.org\/wp-content\/uploads\/2022\/04\/ACJBB-CCJ92-Centre-Culturel-Juif-Boulogne-synagogue2-600.jpg","jetpack_sharing_enabled":true,"jetpack_shortlink":"https:\/\/wp.me\/p7sjOI-1ok","jetpack_likes_enabled":true,"_links":{"self":[{"href":"https:\/\/acjbb-sud.org\/index.php\/wp-json\/wp\/v2\/posts\/5352","targetHints":{"allow":["GET"]}}],"collection":[{"href":"https:\/\/acjbb-sud.org\/index.php\/wp-json\/wp\/v2\/posts"}],"about":[{"href":"https:\/\/acjbb-sud.org\/index.php\/wp-json\/wp\/v2\/types\/post"}],"author":[{"embeddable":true,"href":"https:\/\/acjbb-sud.org\/index.php\/wp-json\/wp\/v2\/users\/1"}],"replies":[{"embeddable":true,"href":"https:\/\/acjbb-sud.org\/index.php\/wp-json\/wp\/v2\/comments?post=5352"}],"version-history":[{"count":7,"href":"https:\/\/acjbb-sud.org\/index.php\/wp-json\/wp\/v2\/posts\/5352\/revisions"}],"predecessor-version":[{"id":5368,"href":"https:\/\/acjbb-sud.org\/index.php\/wp-json\/wp\/v2\/posts\/5352\/revisions\/5368"}],"wp:featuredmedia":[{"embeddable":true,"href":"https:\/\/acjbb-sud.org\/index.php\/wp-json\/wp\/v2\/media\/5353"}],"wp:attachment":[{"href":"https:\/\/acjbb-sud.org\/index.php\/wp-json\/wp\/v2\/media?parent=5352"}],"wp:term":[{"taxonomy":"category","embeddable":true,"href":"https:\/\/acjbb-sud.org\/index.php\/wp-json\/wp\/v2\/categories?post=5352"},{"taxonomy":"post_tag","embeddable":true,"href":"https:\/\/acjbb-sud.org\/index.php\/wp-json\/wp\/v2\/tags?post=5352"}],"curies":[{"name":"wp","href":"https:\/\/api.w.org\/{rel}","templated":true}]}}