{"id":557,"date":"2017-03-16T17:36:08","date_gmt":"2017-03-16T16:36:08","guid":{"rendered":"http:\/\/www.acjbb-sud.org\/?p=557"},"modified":"2018-03-26T14:42:42","modified_gmt":"2018-03-26T12:42:42","slug":"paracha-ki-tissa-chabbat-parah-5777","status":"publish","type":"post","link":"https:\/\/acjbb-sud.org\/index.php\/2017\/03\/16\/paracha-ki-tissa-chabbat-parah-5777\/","title":{"rendered":"Paracha Ki-Tissa &#8211; Chabbat Parah"},"content":{"rendered":"<h1 style=\"text-align: center; padding-left: 30px;\"><strong>Paracha Ki-Tissa \/ <span dir=\"RTL\" lang=\"HE\">\u05e4\u05e8\u05e9\u05d4 \u05db\u05d9 \u05ea\u05e9\u05d0<\/span><\/strong><\/h1>\n<h1 style=\"text-align: center; padding-left: 30px;\"><strong>Chabbat Parah \/ <span dir=\"RTL\" lang=\"HE\"> \u05e9\u05d1\u05ea \u05e4\u05e8\u05d4 <\/span><\/strong><\/h1>\n<h2 style=\"text-align: center;\"><strong>17-18 mars 2017 &#8211; 20 Adar 5777 \/ <span dir=\"RTL\" lang=\"HE\"> \u05db&rsquo; \u05d0\u05d3\u05e8 \u05ea\u05e9\u05e2&rsquo;\u05d6<\/span><\/strong><\/h2>\n<p style=\"text-align: justify;\"><a href=\"http:\/\/acjbb-sud.org\/wp-content\/uploads\/2016\/10\/chabbath-pain-et-bougies-1810-1.jpg\"><img decoding=\"async\" class=\"aligncenter wp-image-1226\" src=\"http:\/\/acjbb-sud.org\/wp-content\/uploads\/2016\/10\/chabbath-pain-et-bougies-1810-1.jpg\" alt=\"chabbath-pain-et-bougies-1810\" width=\"400\" \/><\/a><\/p>\n<h2><strong><span style=\"text-decoration: underline;\">Les Horaires :<\/span><br \/>\n<\/strong><\/h2>\n<p><em><strong>Vendredi soir :<\/strong><\/em><br \/>\n<strong>18h35<\/strong> : Allumage des bougies de Chabbat (d\u00e9but de Chabbat \u00e0 18h40)<br \/>\n<strong>18h30<\/strong> : Min\u2019ha suivi de Chir Hachirim, Kabbalat Chabbat et Arvit<br \/>\nD\u2019var Thora par <strong>le Rav Mika\u00ebl Mouyal<\/strong><br \/>\n<strong><em>Samedi matin :<\/em> <\/strong><br \/>\n<strong>09h10<\/strong> : Cha\u2019harit<br \/>\nD\u2019var Thora par <strong>le Rav Mika\u00ebl Mouyal<\/strong><br \/>\nL&rsquo;office sera suivi d\u2019un Kiddouch communautaire.<\/p>\n<p><em><strong>Samedi apr\u00e8s-midi :<\/strong><\/em><br \/>\n<strong>18h00<\/strong> : T\u00e9hilim &#8211; Lecture collective des T\u00e9hilim &#8211; Alpha\/Beta<br \/>\n<strong>18h15<\/strong> : Min\u2019ha<br \/>\nSuivi de la s\u00e9ouda ch\u00e9lichit offerte par <strong>Corinne et Jean BATTINO<\/strong> l\u00e9ilouy nichmat <strong>Ha\u00ef Victor BOUHNIK bat Yakouta<\/strong> (\u05d6\u05f4\u05dc).<br \/>\nD\u2019var Thora par <strong>le Rav Mika\u00ebl Mouyal<\/strong> et <strong>Albert AIDAN<\/strong><br \/>\n<strong>19h00<\/strong> : Shquiya \/ <span dir=\"RTL\" lang=\"HE\">\u05e9\u05e7\u05e2\u05ea \u05d4\u05d7\u05de\u05d4<\/span><\/p>\n<p><strong><em>Samedi soir :<\/em> <\/strong><br \/>\n<strong>19h48<\/strong> : Fin de Chabbat, Arvit et Havdala<\/p>\n<p><strong>20h00<\/strong> : Cours mixte durant une heure apr\u00e8s la Havdala. Le <strong>Rabbin Mickael MOUYAL<\/strong> vous offre la possibilit\u00e9 d&rsquo;\u00e9tudier le livre \u00ab <strong>Al\u00e9 Chour<\/strong> \u00bb afin de construire sa personnalit\u00e9.<br \/>\nLe Al\u00e9 Chour est un v\u00e9ritable classique de la philosophie rabbinique r\u00e9dig\u00e9 par le <strong>Rav Chlomo WOLBE<\/strong>.<\/p>\n<p><strong><em>Dimanche matin :<\/em> <\/strong><br \/>\n<strong>08h00<\/strong> : Cha\u2019harit<\/p>\n<hr \/>\n<h2><strong><span style=\"text-decoration: underline;\">Conf\u00e9rence :<\/span><br \/>\n<\/strong><\/h2>\n<p style=\"text-align: justify;\">Venez nombreuses et nombreux assister \u00e0 la conf\u00e9rence du <strong>Rav Benchetrit<\/strong> : \u201c<em>Heureux qui communique, entre \u00e9motions et sentiments dans notre tradition<\/em>\u201d<\/p>\n<p>Dimanche <strong>19 mars \u00e0 20h00<\/strong>, au 134 bis rue du Point du Jour, 92100 Boulogne Billancourt.<\/p>\n<p><img decoding=\"async\" class=\"alignnone size-full wp-image-535\" src=\"http:\/\/acjbb-sud.org\/wp-content\/uploads\/2017\/03\/Conference-acjbb-sud-rav-benchetrit-v2-1.jpg\" alt=\"\" width=\"600\" srcset=\"https:\/\/acjbb-sud.org\/wp-content\/uploads\/2017\/03\/Conference-acjbb-sud-rav-benchetrit-v2-1.jpg 800w, https:\/\/acjbb-sud.org\/wp-content\/uploads\/2017\/03\/Conference-acjbb-sud-rav-benchetrit-v2-1-300x169.jpg 300w, https:\/\/acjbb-sud.org\/wp-content\/uploads\/2017\/03\/Conference-acjbb-sud-rav-benchetrit-v2-1-768x432.jpg 768w, https:\/\/acjbb-sud.org\/wp-content\/uploads\/2017\/03\/Conference-acjbb-sud-rav-benchetrit-v2-1-500x281.jpg 500w\" sizes=\"(max-width: 800px) 100vw, 800px\" \/><\/p>\n<p><strong>Entr\u00e9e libre et public mixte<\/strong>. Un buffet suivra la conf\u00e9rence.<\/p>\n<p>N&rsquo;h\u00e9sitez pas \u00e0 partager et surtout \u00e0 venir !<\/p>\n<hr \/>\n<h2><strong><span style=\"text-decoration: underline;\">Beth Hamidrach :<\/span><br \/>\n<\/strong><\/h2>\n<p style=\"text-align: justify;\">Le <strong>Rabbin Didier Kassabi<\/strong> donne un cours de Guemara pour jeunes adultes chaque lundi soir de 20h \u00e0 21h \u00e0 la Synagogue de Boulogne Billancourt, 43 rue des abondances.<\/p>\n<hr \/>\n<h2><strong><span style=\"text-decoration: underline;\">\u00ab Les AMIS de la REFOUA \u00bb &#8211; Visite aux malades :<\/span><br \/>\n<\/strong><\/h2>\n<p style=\"text-align: justify;\">Des b\u00e9n\u00e9voles de Boulogne proposent aux personnes qui le demandent : l&rsquo;organisation d&rsquo;une chaine de lecture de T\u00e9hilims pour la gu\u00e9rison de nos malades, de prendre de leurs nouvelles et leur rendre visite dans les h\u00f4pitaux.<br \/>\nCes actions se font dans la plus grande discr\u00e9tion et s&rsquo;inscrivent dans le cadre du b\u00e9n\u00e9volat.<br \/>\nVous pourrez joindre &#8211; <em>les AMIS de la REFOUA<\/em> &#8211; au 06.03.75.34.15, ou par courriel \u00e0 : <a href=\"mailto:israelalbert1@gmail.com\">israelalbert1@gmail.com<\/a><br \/>\nVous pouvez aussi faire partie de ces b\u00e9n\u00e9voles, nous vous remercions par avance.<\/p>\n<hr \/>\n<h2><strong><span style=\"text-decoration: underline;\">S\u00e9curit\u00e9 SPCJ :<\/span><br \/>\n<\/strong><\/h2>\n<p style=\"text-align: justify;\"><strong>La s\u00e9curit\u00e9 est l&rsquo;affaire de tous ! Le SPCJ a besoin de chacun d&rsquo;entre nous !<\/strong><br \/>\nLa protection de la vie communautaire est plus que jamais l&rsquo;affaire de tous ! Vous en \u00eates les premiers acteurs ! Votre mobilisation est essentielle et n\u00e9cessaire !<br \/>\nSi vous souhaitez nous aider \u00e0 assurer la protection de l&rsquo;office, rapprochez-vous de nous !<br \/>\nPlus nous serons nombreux \u00e0 nous mobiliser et assurer des relais de garde, plus nous passerons du temps \u00e0 prier !<\/p>\n<hr \/>\n<h2><strong><span style=\"text-decoration: underline;\">Information ACJBB Boulogne Sud :<\/span><br \/>\n<\/strong><\/h2>\n<p style=\"text-align: justify;\">Retrouvez toutes les informations de l\u2019office sur : <a href=\"http:\/\/www.acjbb-sud.org\" target=\"_blank\">www.acjbb-sud.org<\/a>.<br \/>\nSi vous souhaitez recevoir par mail la newsletter de l&rsquo;office, inscrivez-vous en nous envoyant un mail \u00e0 <a href=\"mailto:officeboulognesud@gmail.com\">officeboulognesud@gmail.com<\/a>.<br \/>\nRetrouvez \u00e9galement toutes les informations sur la page Facebook de l&rsquo;office : <a href=\".http:\/\/facebook.com\/acjbbsud\" target=\"_blank\">facebook.com\/acjbbsud<\/a>.<\/p>\n<hr \/>\n<h2><strong><span style=\"text-decoration: underline;\">R\u00e9servation des espaces communautaires :<\/span><br \/>\n<\/strong><\/h2>\n<p style=\"text-align: justify;\">Vous souhaitez organiser une manifestation (Brith Mila, Bar et Bat Mitsvah, Mariage, Azkara, Soir\u00e9e Mikv\u00e9 Kala, etc.) dans les espaces de la <strong>Synagogue de Boulogne<\/strong>, 43 rue des Abondances, contactez M. Alain Chicheportiche 06.95.62.58.41 &#8211; <a href=\"mailto:alainchicheportiche92@gmail.com\">alainchicheportiche92@gmail.com<\/a><\/p>\n<p style=\"text-align: justify;\">Vous souhaitez r\u00e9server la salle de <strong>Boulogne Sud<\/strong>, 134 bis rue du point du jour Boulogne Billancourt, contactez M. Patrick Sebban 06.03.02.30.78 &#8211; <a href=\"mailto:patrick.sebban2@paris.fr\">patrick.sebban2@paris.fr<\/a><\/p>\n<hr \/>\n<h2><strong><span style=\"text-decoration: underline;\">Faire un don :<\/span><br \/>\n<\/strong><\/h2>\n<p style=\"text-align: justify;\">Pour faire vivre et participer activement \u00e0 cet office, <a href=\"http:\/\/www.acjbb-sud.org\/index.php\/faire-un-don\/\" target=\"_blank\">faites un don<\/a> par internet ou envoyez vos ch\u00e8ques au <strong>134 bis rue du Point du Jour<\/strong>. Toutes les participations sont bienvenues, <em>les petits ruisseaux faisant de grandes rivi\u00e8res<\/em>, nous parviendrons, tous ensemble, \u00e0 faire vivre l\u2019Office de Boulogne Sud.<\/p>\n<p>Tizkou L\u00e9-Mitsvot !!<\/p>\n<hr \/>\n<h2><strong><span style=\"text-decoration: underline;\">Dvar Thorah et enseignements :<\/span><br \/>\n<\/strong><\/h2>\n<p><em><strong>par le Rav Mika\u00ebl Mouyal<\/strong><\/em><br \/>\n<!--more--><\/p>\n<h1 style=\"text-align: center;\"><strong>Le coin &lsquo;Hidouchim<\/strong><\/h1>\n<h2><strong>\u00ab Je l&rsquo;ai rempli (Betsalel) d&rsquo;un esprit Divin&#8230; pour penser les pens\u00e9es \u00bb :<\/strong><\/h2>\n<p style=\"text-align: justify;\">Que signifie ce verset ? En quoi consiste le fait de \u201cpenser les pens\u00e9es\u201d et quel rapport avec la fabrication du Michkan ?<br \/>\nEn fait, ce verset signifie que Betsalel connaissait les pens\u00e9es et les intentions de chaque donateur, et c&rsquo;\u00e9tait selon la puret\u00e9 de l&rsquo;intention qu&rsquo;il fixait la place de ce don et de son objectif. Selon le niveau de l&rsquo;intention, le don pouvait \u00eatre destin\u00e9 \u00e0 la paille que l&rsquo;on donnait aux veaux qui portaient les ustensiles du Michkan, ou bien \u00e0 la constitution du Saint des saints. Le don qui \u00e9tait \u00e9pur\u00e9 de tout int\u00e9r\u00eat personnel, d&rsquo;orgueil ou encore de pens\u00e9es \u00e9trang\u00e8res, \u00e9tait utilis\u00e9 pour les objets les plus sacr\u00e9s. Ainsi, chaque don \u00e9tait plac\u00e9 en fonction de la pens\u00e9e du donateur au moment du pr\u00e9l\u00e8vement.<br \/>\n(Rabbi &lsquo;Ha\u00efm de Vologhine)<\/p>\n<h2><strong>\u00ab Et le septi\u00e8me jour, Il a cess\u00e9 tout travail et Il s&rsquo;est repos\u00e9 (\u05d5\u05d9\u05e0\u05e4\u05e9) \u00bb :<\/strong><\/h2>\n<p style=\"text-align: justify;\">La Guemara explique que chaque Chabbat, Hachem accorde une \u00e2me suppl\u00e9mentaire \u00e0 chacun, et on la lui enl\u00e8ve \u00e0 la sortie du Chabbat, comme il est dit : \u00ab Il a cess\u00e9 tout travail et s&rsquo;est repos\u00e9 \u00bb, c&rsquo;est \u00e0 dire qu&rsquo;une fois qu&rsquo;il a cess\u00e9 tout travail et que le Chabbat est achev\u00e9, alors malheureusement il perd son \u00e2me (suppl\u00e9mentaire). Ainsi le terme \u05d5\u05d9\u05e0\u05e4\u05e9 est compris dans le sens de \u05e0\u05e4\u05e9 \u05d5\u05d9 (malheur, il a perdu son \u00e2me).<br \/>\nSeulement, on peut se demander pourquoi la Thora nous fait allusion \u00e0 l&rsquo;\u00e2me suppl\u00e9mentaire accord\u00e9e pendant Chabbat, en nous disant qu&rsquo;elle s&rsquo;en va apr\u00e8s Chabbat ?<br \/>\nEn fait, la Thora vient nous dire ici que d\u00e8s l&rsquo;entr\u00e9e de Chabbat, l&rsquo;homme doit se r\u00e9jouir et profiter au maximum de son \u00e2me suppl\u00e9mentaire qu&rsquo;on lui accorde pendant Chabbat, uniquement en se rappelant que cette grande saintet\u00e9 ne durera pas un long moment et s&rsquo;en ira \u00e0 la sortie du Chabbat. De ce fait, il devra l&rsquo;exploiter le plus possible.<br \/>\n(Baal Chem Tov)<\/p>\n<h2><strong>\u00ab Ce peuple a commis une grande faute \u00bb :<\/strong><\/h2>\n<p style=\"text-align: justify;\">On peut se demander pourquoi Moch\u00e9 \u201cgrandit\u201d la faute du veau d&rsquo;or au lieu de la diminuer devant Hachem.<br \/>\nEn fait, nos Sages enseignent que normalement, d&rsquo;apr\u00e8s le niveau des H\u00e9breux \u00e0 ce moment l\u00e0, ils n&rsquo;auraient jamais d\u00fb pouvoir commettre une telle faute. Seulement, du Ciel on les a pouss\u00e9 \u00e0 fauter pour que par la suite ils se repentent et qu&rsquo;on leur pardonne, et qu&rsquo;on apprenne par l\u00e0 la force du repentir.<br \/>\nNotre verset peut faire aussi allusion \u00e0 cela. Moch\u00e9 prend la d\u00e9fense du peuple Juif et dit devant Hachem : \u00ab Ce peuple a commis une grande faute \u00bb, c&rsquo;est \u00e0 dire une faute trop grande pour eux, non adapt\u00e9e \u00e0 leur niveau. Cette faute \u00e9tait tellement grave et grande par rapport \u00e0 leur niveau, qu&rsquo;on ne peut absolument pas consid\u00e9rer qu&rsquo;ils l&rsquo;ont commis d&rsquo;eux-m\u00eames. Ils ont donc \u00e9t\u00e9 contraints par le Ciel \u00e0 la commettre pour enseigner la force du repentir. Ainsi, c&rsquo;est parce que c&rsquo;est une \u201cgrande\u201d faute, grande et donc inadapt\u00e9e \u00e0 leur niveau, que Tu dois leur pardonner car ils n&rsquo;en sont pas responsables puisqu&rsquo;ils ont \u00e9t\u00e9 pouss\u00e9s \u00e0 la commettre.<br \/>\n(Beth Yits&rsquo;hak)<\/p>\n<h2><strong>\u00ab Tu verras Mon Arri\u00e8re mais Mon Devant, tu ne verras pas \u00bb :<\/strong><\/h2>\n<p style=\"text-align: justify;\">Bien que ce verset fasse allusion \u00e0 des profondeurs mystiques, on peut l&rsquo;expliquer aussi selon notre niveau.<br \/>\nAinsi, \u201cl&rsquo;Arri\u00e8re\u201d fait allusion aux impies, qui sont en arri\u00e8re puisqu&rsquo;ils \u201ctournent le dos\u201d \u00e0 Hachem. \u201cL&rsquo;Avant\u201d au contraire repr\u00e9sentent les Justes, qui marchent devant Lui. Hachem dit \u00e0 Moch\u00e9 : Tu verras Mon Arri\u00e8re, c&rsquo;est \u00e0 dire que tu pourras cerner et appr\u00e9hender la patience, l&rsquo;amour et la compassion que J&rsquo;ai pour les impies. Mais, le grand amour que J&rsquo;ai pour les Justes ainsi que la r\u00e9compense extraordinaire que Je leur r\u00e9serve pour leurs bonnes actions, cela tu ne pourras jamais l&rsquo;appr\u00e9hender.<br \/>\n(Ora&rsquo;h L\u00e9&rsquo;Ha\u00efm)<\/p>\n<h1 style=\"text-align: center;\"><strong>Le coin Halakha<\/strong><\/h1>\n<p style=\"text-align: justify;\">Le soir du Seder de Pessa&rsquo;h, la table doit \u00eatre pr\u00eate quand il fait encore jour, de sorte que quand il rentrera chez lui de la synagogue, il pourra r\u00e9citer le Kidouch imm\u00e9diatement, d\u00e8s qu&rsquo;il fera nuit (apr\u00e8s la sortie des \u00e9toiles).<br \/>\nLes femmes ont tout autant l&rsquo;obligation de boire les quatre coupes de vin de Pessa&rsquo;h que les hommes.<br \/>\nIl convient de donner aux enfants des douceurs (des bonbons par exemple) avant le Seder pour qu&rsquo;ils restent \u00e9veiller cette nuit et s&rsquo;int\u00e9ressent au Seder en posant des questions sur ce qu&rsquo;ils voient.<br \/>\nA priori, il convient d&rsquo;attendre la sortie des \u00e9toiles pour commencer le Seder, pour accomplir la Mitsva des quatre coupes de vin (la premi\u00e8re \u00e9tant celle du Kidouch) \u00e0 la nuit et pas avant. Mais, \u00e0 posteriori, c&rsquo;est \u00e0 dire s&rsquo;il a devanc\u00e9 et a accueilli la f\u00eate avant la nuit et qu&rsquo;alors il a r\u00e9cit\u00e9 le Kidouch avant la sortie des \u00e9toiles, malgr\u00e9 tout il sera quand m\u00eame quitte.<br \/>\nN\u00e9anmoins, pour le premier trempage (dans l&rsquo;eau sal\u00e9e \u2013 Karpass), il convient de le faire apr\u00e8s la tomb\u00e9e de la nuit, m\u00eame \u00e0 posteriori. Et encore plus que la Matsa doit absolument \u00eatre consomm\u00e9e \u00e0 la nuit (apr\u00e8s la sortie des \u00e9toiles).<br \/>\nDe m\u00eame, il faudra aussi r\u00e9citer la Haggada la nuit tomb\u00e9e. Si on l&rsquo;a lu avant, on la relira \u00e0 la nuit, mais sans r\u00e9citer la b\u00e9n\u00e9diction finale de \u201cAcher Gu\u00e9alanou\u201d, car lorsqu&rsquo;on a un doute concernant une b\u00e9n\u00e9diction, alors on ne la r\u00e9cite pas.<\/p>\n<h1 style=\"text-align: center;\"><strong>Le coin discours<\/strong><\/h1>\n<p style=\"text-align: justify;\">Moch\u00e9 est mont\u00e9 sur le Mont Sina\u00ef pour recevoir la Thora. Une fois les deux Tables de la Loi pr\u00eates, Hachem annonce \u00e0 Moch\u00e9 que son peuple a fait le veau d&rsquo;or. Alors, Moch\u00e9 redescend. Quand il voit l&rsquo;idole, il se met en col\u00e8re et brise les Tables.<br \/>\nC&rsquo;est l\u00e0 que les commentateurs s&rsquo;interrogent. Puisque Moch\u00e9 savait que les H\u00e9breux avaient fait l&rsquo;idol\u00e2trie, Hachem l&rsquo;en ayant inform\u00e9, pourquoi quand il voit le veau il s&rsquo;\u00e9nerve et brise les Tables de la Loi ? Il \u00e9tait d\u00e9j\u00e0 au courant de cela. De fait, s&rsquo;il ne voulait pas les leur donner, pourquoi les a-t-il fait descendre ?!<br \/>\nAvant tout, pr\u00e9cisons que cette question ne se pose pas d&rsquo;apr\u00e8s le <strong>Rachbam<\/strong> qui dit que lorsque Moch\u00e9 vit le veau d&rsquo;or, il s&rsquo;affaiblit et perdit toute sa force. Alors, il ne pouvait plus porter les Tables qui avaient un certain poids. Il fut alors contraint de les jeter. D&rsquo;apr\u00e8s cela, Moch\u00e9 voulait donner les Tables au peuple, mais il fut contraint de les l\u00e2cher, n&rsquo;ayant plus la force de les porter. Cependant, quand le Texte dit qu&rsquo;il les jeta, c&rsquo;est, comme l&rsquo;explique le Rachbam lui-m\u00eame, pour ne pas que les Tables tombent sur ses pieds, il dut les \u201cjeter\u201d un peu plus loin de ses pieds. C&rsquo;est ainsi qu&rsquo;elles se bris\u00e8rent \u00ab sous la montagne \u00bb, c&rsquo;est \u00e0 dire aux pieds de la montagne.<br \/>\nMais, selon les autres commentateurs qui expliquent que Moch\u00e9 a jet\u00e9 d\u00e9lib\u00e9r\u00e9ment les Tables, alors la question se pose. Si Moch\u00e9 souhaitait briser les Tables, pourquoi les descendit-il ? S&rsquo;il les descendit, en connaissance de leur faute, c&rsquo;est \u00e0 priori qu&rsquo;il souhaitait les leur donner !<br \/>\nTout d&rsquo;abord, le Midrash explique que Moch\u00e9 voulait enseigner au peuple que la vue est plus forte que ce que l&rsquo;on entend. Certes, Moch\u00e9 a entendu d&rsquo;Hachem la faute des Juifs. Mais, il ne s&rsquo;est pas fier \u00e0 l&rsquo;ou\u00efe. Il a attendu de voir pour briser les Tables. Et bien que Moch\u00e9 faisait bien s\u00fbr totalement confiance \u00e0 Hachem, mais il voulait enseigner au peuple que l&rsquo;on ne doit pas juger quelqu&rsquo;un par rapport \u00e0 ce que l&rsquo;on a entendu sur lui. Si l&rsquo;on entend par exemple du mal sur quelqu&rsquo;un, on ne doit pas le croire, tant qu&rsquo;on n&rsquo;a pas \u00e9t\u00e9 t\u00e9moin du m\u00e9fait. Il faut faire tr\u00e8s attention de se m\u00e9fier des rumeurs. Tant que l&rsquo;on n&rsquo;a pas vu, on ne doit pas les croire. C&rsquo;est pour que l&rsquo;on apprenne de lui cette le\u00e7on que Moch\u00e9 n&rsquo;a bris\u00e9 les Tables qu&rsquo;apr\u00e8s avoir vu la faute et ne s&rsquo;est pas content\u00e9 d&rsquo;avoir entendu.<br \/>\nDans une autre direction, le <strong>Seforno<\/strong> explique qu&rsquo;au d\u00e9part Moch\u00e9 pensait qu&rsquo;il pourrait raisonner le peuple et le conduire au repentir. Mais quand il descendit et \u00ab vit le veau et les danses \u00bb, il vit que les H\u00e9breux ont faut\u00e9, mais en plus de cela ils en sont heureux au point de danser autour de l&rsquo;idole, alors Moch\u00e9 en conclut qu&rsquo;il n&rsquo;y a pas d&rsquo;espoir et il brisa les Tables. Certes fauter, cela peut arriver.<br \/>\nMais le plus grave, c&rsquo;est de s&rsquo;en r\u00e9jouir et de fauter avec joie. C&rsquo;est cela qui d\u00e9cida Moch\u00e9 \u00e0 briser les Tables.<br \/>\nDe son c\u00f4t\u00e9, <strong>Rabbi Y\u00e9houda Guerchouni<\/strong> explique qu&rsquo;il est pr\u00e9f\u00e9rable d&rsquo;avoir des Tables de la loi bris\u00e9s ici-bas, que des Tables enti\u00e8res en-haut. L&rsquo;explicitation de cet \u00e9nonc\u00e9 concorde avec l&rsquo;enseignement du Midrash qui compare les Tables de la loi \u00e0 un acte de mariage entre le peuple d&rsquo;Isra\u00ebl et Hachem. Le Midrash compare cette situation \u00e0 une mari\u00e9e qui trompe son mari. Alors pour diminuer la gravit\u00e9 de cet acte, le compagnon du mari\u00e9 saisit l&rsquo;acte de mariage et le d\u00e9chira. Ainsi, en annulant le mariage, la gravit\u00e9 diminue. S&rsquo;il n&rsquo;y a plus de mariage, il n&rsquo;y a plus d&rsquo;adult\u00e8re. Moch\u00e9 descendit d\u00e9lib\u00e9r\u00e9ment les Tables pour les briser et ainsi, il d\u00e9sira supprimer le mariage entre Hachem et Isra\u00ebl. La faute du veau d&rsquo;or, compar\u00e9e \u00e0 l&rsquo;adult\u00e8re (le peuple a \u00e9t\u00e9 voir un autre dieu), a donc \u00e9t\u00e9 att\u00e9nu\u00e9e. Le Rav Guerchouni poursuit et ajoute que si Moch\u00e9 n&rsquo;avait pas descendu les Tables sur terre, m\u00eame s&rsquo;il les brisa, alors il n&rsquo;y aurait pas eu de possibilit\u00e9 de recevoir les deuxi\u00e8mes Tables. Ce sont les premi\u00e8res Tables, m\u00eame bris\u00e9es, qui \u00e9taient la source et la cl\u00e9 pour pouvoir obtenir les secondes.<br \/>\nEnfin, le <strong>Keli Yakar<\/strong> explique, au nom du Midrash, que Moch\u00e9 a voulu descendre volontairement les Tables pour les casser et \u00eatre lui-aussi en position de faute, pour avoir bris\u00e9 ces Saintes Tables, grav\u00e9es par Hachem Lui-M\u00eame. Ainsi, Moch\u00e9 a eu la possibilit\u00e9 d&rsquo;argumenter devant Hachem en Lui disant : \u00ab Si Tu leur pardonnes (alors c&rsquo;est bon). Sinon, efface moi du livre que Tu as \u00e9crit (la Thora) \u00bb. Car si tu ne leur pardonnes pas, alors moi aussi Tu devras ne pas me pardonner d&rsquo;avoir briser les Tables et Tu devras me punir avec eux. Ainsi, Tu dois m&rsquo;effacer de Ta Thora.<br \/>\nDans cette m\u00eame direction, certains rapportent les paroles de nos Sages qui disent que celui qui casse un objet par col\u00e8re est consid\u00e9r\u00e9 comme un idol\u00e2tre. C&rsquo;est pourquoi, Moch\u00e9 a bris\u00e9 les Tables par \u201ccol\u00e8re\u201d, pour avoir un semblant de faute d&rsquo;idol\u00e2trie, comme les H\u00e9breux qui ont fait le veau d&rsquo;or. Ainsi, Moch\u00e9 est descendu et s&rsquo;est mis au niveau du peuple, car le Juste ne peut \u00e9lever les autres que s&rsquo;il descend un peu de son niveau et se mette en \u201crelation\u201d avec le niveau des autres. Ainsi, Moch\u00e9 souhaitait descendre au niveau du peuple (en brisant les Tables), pour pouvoir ensuite les \u00e9lever.<\/p>\n<h1 style=\"text-align: center;\"><strong>Le coin histoire<\/strong><\/h1>\n<p style=\"text-align: justify;\">Les dernier jours de la vie du surveillant spirituel (Machguia&rsquo;h) de la Y\u00e9chiva de Poniovitch, Rabbi Y\u00e9&rsquo;hezkel Levinchtein, un de ses plus proches disciples est venu lui rendre visite. C&rsquo;\u00e9tait une nuit de Chabbat de la Paracha de Ki-Tissa apr\u00e8s la pri\u00e8re de Arvit.<br \/>\nC&rsquo;est alors que le Rav dit \u00e0 son disciple, avec une grande peine : \u00ab Ce n&rsquo;\u00e9tait pas une pri\u00e8re que j&rsquo;ai prononc\u00e9e&#8230; ! \u00bb<br \/>\nSon disciple tenta de le consoler et de lui remonter le moral en lui disant : \u00ab Le Rav est malade, il a pri\u00e9 comme il a pu. Hachem va accepter sa pri\u00e8re comme elle est \u00bb.<br \/>\nMais le Rav montra son d\u00e9saccord en disant : \u00ab Qu&rsquo;est-ce qu&rsquo;il te prend de dire une telle chose. Si ce n&rsquo;\u00e9tait pas une pri\u00e8re, alors ce n&rsquo;en n&rsquo;\u00e9tait pas une&#8230; (sous entendu, n&rsquo;essaie pas de me consoler) \u00bb.<br \/>\nPuis, il poursuivit ses propos en disant qu&rsquo;il ne ressent pas qu&rsquo;il progresse dans les niveaux de la Thora et de la crainte du Ciel.<br \/>\nIl conclut ses dires en d\u00e9clarant : \u00ab Et si on ne progresse pas dans la crainte du Ciel, alors ce n&rsquo;est pas une vie ! \u00bb<br \/>\nIl n&rsquo;est donc pas \u00e9tonnant que les pri\u00e8res du Rav Levinchtein \u00e9taient exauc\u00e9es. Au point qu&rsquo;un grand d&rsquo;Isra\u00ebl attesta devant Rabbi &lsquo;Ha\u00efm Ozer Grodzenski que les pri\u00e8res de Rav Levinchtein p\u00e8sent autant de poids que les pri\u00e8res de tous les Juifs r\u00e9unis.<br \/>\nOn apprend de l\u00e0 que ce qui donne de la force \u00e0 une pri\u00e8re c&rsquo;est quand on consid\u00e8re qu&rsquo;elle n&rsquo;est pas suffisamment bonne. L&rsquo;homme ne doit pas s&rsquo;appuyer sur ses pri\u00e8res en pensant qu&rsquo;elles m\u00e9ritent d&rsquo;\u00eatre exauc\u00e9s. C&rsquo;est comme cela qu&rsquo;elles le seront !<\/p>\n<hr \/>\n<p><strong>Chabbat Chalom !!<\/strong><\/p>\n","protected":false},"excerpt":{"rendered":"<p>Paracha Ki-Tissa \/ \u05e4\u05e8\u05e9\u05d4 \u05db\u05d9 \u05ea\u05e9\u05d0 Chabbat Parah \/ \u05e9\u05d1\u05ea \u05e4\u05e8\u05d4 17-18 mars 2017 &#8211; 20 Adar 5777 \/ \u05db&rsquo; \u05d0\u05d3\u05e8 \u05ea\u05e9\u05e2&rsquo;\u05d6 Les Horaires : Vendredi soir : 18h35 : Allumage des bougies de Chabbat (d\u00e9but de Chabbat \u00e0 18h40) 18h30 : Min\u2019ha suivi de Chir Hachirim, Kabbalat Chabbat et Arvit D\u2019var Thora par le &hellip; <\/p>\n<p><a class=\"more-link btn\" href=\"https:\/\/acjbb-sud.org\/index.php\/2017\/03\/16\/paracha-ki-tissa-chabbat-parah-5777\/\">Lire la suite<\/a><\/p>\n","protected":false},"author":1,"featured_media":216,"comment_status":"open","ping_status":"open","sticky":false,"template":"","format":"standard","meta":{"jetpack_post_was_ever_published":false,"_jetpack_newsletter_access":"","_jetpack_dont_email_post_to_subs":true,"_jetpack_newsletter_tier_id":0,"_jetpack_memberships_contains_paywalled_content":false,"_jetpack_memberships_contains_paid_content":false,"footnotes":"","jetpack_publicize_message":"","jetpack_publicize_feature_enabled":true,"jetpack_social_post_already_shared":true,"jetpack_social_options":{"image_generator_settings":{"template":"highway","default_image_id":0,"font":"","enabled":false},"version":2}},"categories":[3,222],"tags":[47,83,105,130],"class_list":["post-557","post","type-post","status-publish","format-standard","has-post-thumbnail","hentry","category-chabbat","category-chabbat-parah","tag-chabbat","tag-ki-tissa","tag-parah","tag-vache-rousse","item-wrap"],"yoast_head":"<!-- This site is optimized with the Yoast SEO plugin v26.6 - https:\/\/yoast.com\/wordpress\/plugins\/seo\/ -->\n<title>Paracha Ki-Tissa - Chabbat Parah - Synagogue ACJBB Boulogne Sud<\/title>\n<meta name=\"robots\" content=\"index, follow, max-snippet:-1, max-image-preview:large, max-video-preview:-1\" \/>\n<link rel=\"canonical\" href=\"https:\/\/acjbb-sud.org\/index.php\/2017\/03\/16\/paracha-ki-tissa-chabbat-parah-5777\/\" \/>\n<meta property=\"og:locale\" content=\"fr_FR\" \/>\n<meta property=\"og:type\" content=\"article\" \/>\n<meta property=\"og:title\" content=\"Paracha Ki-Tissa - Chabbat Parah - Synagogue ACJBB Boulogne Sud\" \/>\n<meta property=\"og:description\" content=\"Paracha Ki-Tissa \/ \u05e4\u05e8\u05e9\u05d4 \u05db\u05d9 \u05ea\u05e9\u05d0 Chabbat Parah \/ \u05e9\u05d1\u05ea \u05e4\u05e8\u05d4 17-18 mars 2017 &#8211; 20 Adar 5777 \/ \u05db&rsquo; \u05d0\u05d3\u05e8 \u05ea\u05e9\u05e2&rsquo;\u05d6 Les Horaires : Vendredi soir : 18h35 : Allumage des bougies de Chabbat (d\u00e9but de Chabbat \u00e0 18h40) 18h30 : Min\u2019ha suivi de Chir Hachirim, Kabbalat Chabbat et Arvit D\u2019var Thora par le &hellip; Lire la suite\" \/>\n<meta property=\"og:url\" content=\"https:\/\/acjbb-sud.org\/index.php\/2017\/03\/16\/paracha-ki-tissa-chabbat-parah-5777\/\" \/>\n<meta property=\"og:site_name\" content=\"Synagogue ACJBB Boulogne Sud\" \/>\n<meta property=\"article:published_time\" content=\"2017-03-16T16:36:08+00:00\" \/>\n<meta property=\"article:modified_time\" content=\"2018-03-26T12:42:42+00:00\" \/>\n<meta property=\"og:image\" content=\"https:\/\/acjbb-sud.org\/wp-content\/uploads\/2016\/10\/chabbath-pain-et-bougies-1810-1.jpg\" \/>\n\t<meta property=\"og:image:width\" content=\"660\" \/>\n\t<meta property=\"og:image:height\" content=\"360\" \/>\n\t<meta property=\"og:image:type\" content=\"image\/jpeg\" \/>\n<meta name=\"author\" content=\"AcjbbSud\" \/>\n<meta name=\"twitter:card\" content=\"summary_large_image\" \/>\n<meta name=\"twitter:label1\" content=\"\u00c9crit par\" \/>\n\t<meta name=\"twitter:data1\" content=\"AcjbbSud\" \/>\n\t<meta name=\"twitter:label2\" content=\"Dur\u00e9e de lecture estim\u00e9e\" \/>\n\t<meta name=\"twitter:data2\" content=\"14 minutes\" \/>\n<script type=\"application\/ld+json\" class=\"yoast-schema-graph\">{\"@context\":\"https:\/\/schema.org\",\"@graph\":[{\"@type\":\"WebPage\",\"@id\":\"https:\/\/acjbb-sud.org\/index.php\/2017\/03\/16\/paracha-ki-tissa-chabbat-parah-5777\/\",\"url\":\"https:\/\/acjbb-sud.org\/index.php\/2017\/03\/16\/paracha-ki-tissa-chabbat-parah-5777\/\",\"name\":\"Paracha Ki-Tissa - Chabbat Parah - Synagogue ACJBB Boulogne Sud\",\"isPartOf\":{\"@id\":\"https:\/\/acjbb-sud.org\/#website\"},\"primaryImageOfPage\":{\"@id\":\"https:\/\/acjbb-sud.org\/index.php\/2017\/03\/16\/paracha-ki-tissa-chabbat-parah-5777\/#primaryimage\"},\"image\":{\"@id\":\"https:\/\/acjbb-sud.org\/index.php\/2017\/03\/16\/paracha-ki-tissa-chabbat-parah-5777\/#primaryimage\"},\"thumbnailUrl\":\"https:\/\/acjbb-sud.org\/wp-content\/uploads\/2016\/10\/chabbath-pain-et-bougies-1810-1.jpg\",\"datePublished\":\"2017-03-16T16:36:08+00:00\",\"dateModified\":\"2018-03-26T12:42:42+00:00\",\"author\":{\"@id\":\"https:\/\/acjbb-sud.org\/#\/schema\/person\/adc8f09fb72c9d0dc78509106dc5e9f0\"},\"breadcrumb\":{\"@id\":\"https:\/\/acjbb-sud.org\/index.php\/2017\/03\/16\/paracha-ki-tissa-chabbat-parah-5777\/#breadcrumb\"},\"inLanguage\":\"fr-FR\",\"potentialAction\":[{\"@type\":\"ReadAction\",\"target\":[\"https:\/\/acjbb-sud.org\/index.php\/2017\/03\/16\/paracha-ki-tissa-chabbat-parah-5777\/\"]}]},{\"@type\":\"ImageObject\",\"inLanguage\":\"fr-FR\",\"@id\":\"https:\/\/acjbb-sud.org\/index.php\/2017\/03\/16\/paracha-ki-tissa-chabbat-parah-5777\/#primaryimage\",\"url\":\"https:\/\/acjbb-sud.org\/wp-content\/uploads\/2016\/10\/chabbath-pain-et-bougies-1810-1.jpg\",\"contentUrl\":\"https:\/\/acjbb-sud.org\/wp-content\/uploads\/2016\/10\/chabbath-pain-et-bougies-1810-1.jpg\",\"width\":660,\"height\":360},{\"@type\":\"BreadcrumbList\",\"@id\":\"https:\/\/acjbb-sud.org\/index.php\/2017\/03\/16\/paracha-ki-tissa-chabbat-parah-5777\/#breadcrumb\",\"itemListElement\":[{\"@type\":\"ListItem\",\"position\":1,\"name\":\"Accueil\",\"item\":\"https:\/\/acjbb-sud.org\/\"},{\"@type\":\"ListItem\",\"position\":2,\"name\":\"Paracha Ki-Tissa &#8211; Chabbat Parah\"}]},{\"@type\":\"WebSite\",\"@id\":\"https:\/\/acjbb-sud.org\/#website\",\"url\":\"https:\/\/acjbb-sud.org\/\",\"name\":\"Synagogue ACJBB Boulogne Sud\",\"description\":\"Synagogue \/ Association Communautaire Juive de Boulogne Billancourt (Sud)\",\"potentialAction\":[{\"@type\":\"SearchAction\",\"target\":{\"@type\":\"EntryPoint\",\"urlTemplate\":\"https:\/\/acjbb-sud.org\/?s={search_term_string}\"},\"query-input\":{\"@type\":\"PropertyValueSpecification\",\"valueRequired\":true,\"valueName\":\"search_term_string\"}}],\"inLanguage\":\"fr-FR\"},{\"@type\":\"Person\",\"@id\":\"https:\/\/acjbb-sud.org\/#\/schema\/person\/adc8f09fb72c9d0dc78509106dc5e9f0\",\"name\":\"AcjbbSud\",\"image\":{\"@type\":\"ImageObject\",\"inLanguage\":\"fr-FR\",\"@id\":\"https:\/\/acjbb-sud.org\/#\/schema\/person\/image\/\",\"url\":\"https:\/\/secure.gravatar.com\/avatar\/ea30fe7a8231c8c0bf30066f86006714af7be34ba414543eaab3e453b92901aa?s=96&d=mm&r=g\",\"contentUrl\":\"https:\/\/secure.gravatar.com\/avatar\/ea30fe7a8231c8c0bf30066f86006714af7be34ba414543eaab3e453b92901aa?s=96&d=mm&r=g\",\"caption\":\"AcjbbSud\"},\"url\":\"https:\/\/acjbb-sud.org\/index.php\/author\/acjbbsud\/\"}]}<\/script>\n<!-- \/ Yoast SEO plugin. -->","yoast_head_json":{"title":"Paracha Ki-Tissa - Chabbat Parah - Synagogue ACJBB Boulogne Sud","robots":{"index":"index","follow":"follow","max-snippet":"max-snippet:-1","max-image-preview":"max-image-preview:large","max-video-preview":"max-video-preview:-1"},"canonical":"https:\/\/acjbb-sud.org\/index.php\/2017\/03\/16\/paracha-ki-tissa-chabbat-parah-5777\/","og_locale":"fr_FR","og_type":"article","og_title":"Paracha Ki-Tissa - Chabbat Parah - Synagogue ACJBB Boulogne Sud","og_description":"Paracha Ki-Tissa \/ \u05e4\u05e8\u05e9\u05d4 \u05db\u05d9 \u05ea\u05e9\u05d0 Chabbat Parah \/ \u05e9\u05d1\u05ea \u05e4\u05e8\u05d4 17-18 mars 2017 &#8211; 20 Adar 5777 \/ \u05db&rsquo; \u05d0\u05d3\u05e8 \u05ea\u05e9\u05e2&rsquo;\u05d6 Les Horaires : Vendredi soir : 18h35 : Allumage des bougies de Chabbat (d\u00e9but de Chabbat \u00e0 18h40) 18h30 : Min\u2019ha suivi de Chir Hachirim, Kabbalat Chabbat et Arvit D\u2019var Thora par le &hellip; Lire la suite","og_url":"https:\/\/acjbb-sud.org\/index.php\/2017\/03\/16\/paracha-ki-tissa-chabbat-parah-5777\/","og_site_name":"Synagogue ACJBB Boulogne Sud","article_published_time":"2017-03-16T16:36:08+00:00","article_modified_time":"2018-03-26T12:42:42+00:00","og_image":[{"width":660,"height":360,"url":"https:\/\/acjbb-sud.org\/wp-content\/uploads\/2016\/10\/chabbath-pain-et-bougies-1810-1.jpg","type":"image\/jpeg"}],"author":"AcjbbSud","twitter_card":"summary_large_image","twitter_misc":{"\u00c9crit par":"AcjbbSud","Dur\u00e9e de lecture estim\u00e9e":"14 minutes"},"schema":{"@context":"https:\/\/schema.org","@graph":[{"@type":"WebPage","@id":"https:\/\/acjbb-sud.org\/index.php\/2017\/03\/16\/paracha-ki-tissa-chabbat-parah-5777\/","url":"https:\/\/acjbb-sud.org\/index.php\/2017\/03\/16\/paracha-ki-tissa-chabbat-parah-5777\/","name":"Paracha Ki-Tissa - Chabbat Parah - Synagogue ACJBB Boulogne Sud","isPartOf":{"@id":"https:\/\/acjbb-sud.org\/#website"},"primaryImageOfPage":{"@id":"https:\/\/acjbb-sud.org\/index.php\/2017\/03\/16\/paracha-ki-tissa-chabbat-parah-5777\/#primaryimage"},"image":{"@id":"https:\/\/acjbb-sud.org\/index.php\/2017\/03\/16\/paracha-ki-tissa-chabbat-parah-5777\/#primaryimage"},"thumbnailUrl":"https:\/\/acjbb-sud.org\/wp-content\/uploads\/2016\/10\/chabbath-pain-et-bougies-1810-1.jpg","datePublished":"2017-03-16T16:36:08+00:00","dateModified":"2018-03-26T12:42:42+00:00","author":{"@id":"https:\/\/acjbb-sud.org\/#\/schema\/person\/adc8f09fb72c9d0dc78509106dc5e9f0"},"breadcrumb":{"@id":"https:\/\/acjbb-sud.org\/index.php\/2017\/03\/16\/paracha-ki-tissa-chabbat-parah-5777\/#breadcrumb"},"inLanguage":"fr-FR","potentialAction":[{"@type":"ReadAction","target":["https:\/\/acjbb-sud.org\/index.php\/2017\/03\/16\/paracha-ki-tissa-chabbat-parah-5777\/"]}]},{"@type":"ImageObject","inLanguage":"fr-FR","@id":"https:\/\/acjbb-sud.org\/index.php\/2017\/03\/16\/paracha-ki-tissa-chabbat-parah-5777\/#primaryimage","url":"https:\/\/acjbb-sud.org\/wp-content\/uploads\/2016\/10\/chabbath-pain-et-bougies-1810-1.jpg","contentUrl":"https:\/\/acjbb-sud.org\/wp-content\/uploads\/2016\/10\/chabbath-pain-et-bougies-1810-1.jpg","width":660,"height":360},{"@type":"BreadcrumbList","@id":"https:\/\/acjbb-sud.org\/index.php\/2017\/03\/16\/paracha-ki-tissa-chabbat-parah-5777\/#breadcrumb","itemListElement":[{"@type":"ListItem","position":1,"name":"Accueil","item":"https:\/\/acjbb-sud.org\/"},{"@type":"ListItem","position":2,"name":"Paracha Ki-Tissa &#8211; Chabbat Parah"}]},{"@type":"WebSite","@id":"https:\/\/acjbb-sud.org\/#website","url":"https:\/\/acjbb-sud.org\/","name":"Synagogue ACJBB Boulogne Sud","description":"Synagogue \/ Association Communautaire Juive de Boulogne Billancourt (Sud)","potentialAction":[{"@type":"SearchAction","target":{"@type":"EntryPoint","urlTemplate":"https:\/\/acjbb-sud.org\/?s={search_term_string}"},"query-input":{"@type":"PropertyValueSpecification","valueRequired":true,"valueName":"search_term_string"}}],"inLanguage":"fr-FR"},{"@type":"Person","@id":"https:\/\/acjbb-sud.org\/#\/schema\/person\/adc8f09fb72c9d0dc78509106dc5e9f0","name":"AcjbbSud","image":{"@type":"ImageObject","inLanguage":"fr-FR","@id":"https:\/\/acjbb-sud.org\/#\/schema\/person\/image\/","url":"https:\/\/secure.gravatar.com\/avatar\/ea30fe7a8231c8c0bf30066f86006714af7be34ba414543eaab3e453b92901aa?s=96&d=mm&r=g","contentUrl":"https:\/\/secure.gravatar.com\/avatar\/ea30fe7a8231c8c0bf30066f86006714af7be34ba414543eaab3e453b92901aa?s=96&d=mm&r=g","caption":"AcjbbSud"},"url":"https:\/\/acjbb-sud.org\/index.php\/author\/acjbbsud\/"}]}},"jetpack_publicize_connections":[],"jetpack_featured_media_url":"https:\/\/acjbb-sud.org\/wp-content\/uploads\/2016\/10\/chabbath-pain-et-bougies-1810-1.jpg","jetpack_sharing_enabled":true,"jetpack_shortlink":"https:\/\/wp.me\/p7sjOI-8Z","jetpack_likes_enabled":true,"_links":{"self":[{"href":"https:\/\/acjbb-sud.org\/index.php\/wp-json\/wp\/v2\/posts\/557","targetHints":{"allow":["GET"]}}],"collection":[{"href":"https:\/\/acjbb-sud.org\/index.php\/wp-json\/wp\/v2\/posts"}],"about":[{"href":"https:\/\/acjbb-sud.org\/index.php\/wp-json\/wp\/v2\/types\/post"}],"author":[{"embeddable":true,"href":"https:\/\/acjbb-sud.org\/index.php\/wp-json\/wp\/v2\/users\/1"}],"replies":[{"embeddable":true,"href":"https:\/\/acjbb-sud.org\/index.php\/wp-json\/wp\/v2\/comments?post=557"}],"version-history":[{"count":1,"href":"https:\/\/acjbb-sud.org\/index.php\/wp-json\/wp\/v2\/posts\/557\/revisions"}],"predecessor-version":[{"id":1604,"href":"https:\/\/acjbb-sud.org\/index.php\/wp-json\/wp\/v2\/posts\/557\/revisions\/1604"}],"wp:featuredmedia":[{"embeddable":true,"href":"https:\/\/acjbb-sud.org\/index.php\/wp-json\/wp\/v2\/media\/216"}],"wp:attachment":[{"href":"https:\/\/acjbb-sud.org\/index.php\/wp-json\/wp\/v2\/media?parent=557"}],"wp:term":[{"taxonomy":"category","embeddable":true,"href":"https:\/\/acjbb-sud.org\/index.php\/wp-json\/wp\/v2\/categories?post=557"},{"taxonomy":"post_tag","embeddable":true,"href":"https:\/\/acjbb-sud.org\/index.php\/wp-json\/wp\/v2\/tags?post=557"}],"curies":[{"name":"wp","href":"https:\/\/api.w.org\/{rel}","templated":true}]}}