{"id":5671,"date":"2022-08-11T21:09:46","date_gmt":"2022-08-11T19:09:46","guid":{"rendered":"https:\/\/acjbb-sud.org\/?p=5671"},"modified":"2022-08-11T22:04:59","modified_gmt":"2022-08-11T20:04:59","slug":"paracha-vaethanan-5782-chabbat-nahamou","status":"publish","type":"post","link":"https:\/\/acjbb-sud.org\/index.php\/2022\/08\/11\/paracha-vaethanan-5782-chabbat-nahamou\/","title":{"rendered":"Paracha Va\u00e9t&rsquo;hanan &#8211; Chabbat Na&rsquo;hamou"},"content":{"rendered":"\n<h3 class=\"has-text-align-center wp-block-heading\" id=\"block-c7cd4b66-aaf3-4e76-9e23-733eb5360b6f\">Paracha Va\u00e9t&rsquo;hanan \/ \u05e4\u05e8\u05e9\u05d4 \u05d5\u05d0\u05ea\u05d7\u05e0\u05df <br>Chabbat Na&rsquo;hamou \/ \u05e9\u05d1\u05ea \u05e0\u05d7\u05de\u05d5 <br>12\/13 ao\u00fbt 2022 &#8211; 16 Av 5782 \/ \u05d8&rsquo;\u05d6 \u05d0\u05d1 \u05ea\u05e9\u05e4&rsquo;\u05d1<br><em>D\u00e9but vendredi soir \u00e0 20h53 &#8211; Fin samedi soir \u00e0 22h03<\/em><\/h3>\n\n\n<div class=\"wp-block-image\">\n<figure class=\"aligncenter size-full\" id=\"block-cb4318d8-e067-4e6a-ba77-a8fb22420a53\"><img loading=\"lazy\" decoding=\"async\" width=\"771\" height=\"466\" src=\"https:\/\/acjbb-sud.org\/wp-content\/uploads\/2022\/08\/CCJ-92-Centre-Culturel-Juif-Boulogne-face-entree-logos-800.jpg\" alt=\"\" class=\"wp-image-5676\" srcset=\"https:\/\/acjbb-sud.org\/wp-content\/uploads\/2022\/08\/CCJ-92-Centre-Culturel-Juif-Boulogne-face-entree-logos-800.jpg 771w, https:\/\/acjbb-sud.org\/wp-content\/uploads\/2022\/08\/CCJ-92-Centre-Culturel-Juif-Boulogne-face-entree-logos-800-300x181.jpg 300w, https:\/\/acjbb-sud.org\/wp-content\/uploads\/2022\/08\/CCJ-92-Centre-Culturel-Juif-Boulogne-face-entree-logos-800-768x464.jpg 768w, https:\/\/acjbb-sud.org\/wp-content\/uploads\/2022\/08\/CCJ-92-Centre-Culturel-Juif-Boulogne-face-entree-logos-800-720x435.jpg 720w\" sizes=\"auto, (max-width: 771px) 100vw, 771px\" \/><\/figure>\n<\/div>\n\n\n<h3 class=\"wp-block-heading\" id=\"block-34c13aec-7230-4d64-afbb-b84a9f3dd476\"><span style=\"text-decoration: underline;\">Les horaires de Chabbat :<\/span><\/h3>\n\n\n\n<p id=\"block-e85b2846-f181-4911-af3f-0961c6b43ac4\"><em><strong>Vendredi soir :<\/strong><\/em><br><strong>19h00<\/strong> : Chir haChirim<br><strong>19h15<\/strong> : Min&rsquo;ha<br><strong>19h30<\/strong> : Kabalat Chabbat et Arvit. Dvar Torah par <strong>M. R\u00e9my LEVY<\/strong><br><strong>20h00<\/strong> : Allumage des bougies et entr\u00e9e de Chabbat (heure maximum pour l\u2019allumage : <strong>20h53<\/strong>)<\/p>\n\n\n\n<p id=\"block-1ed17b97-554f-420b-a815-274c0d4878d4\"><strong><em>Samedi matin :<\/em><\/strong><br><strong>09h00<\/strong> : Cha\u2019harit. Dvar Torah par <strong>M. R\u00e9my LEVY<\/strong> <br> (<em><strong>Fin du Ch\u00e9ma : premi\u00e8re heure 09h20, deuxi\u00e8me heure 10h17. Heure limite pour la Amida : 11h30<\/strong><\/em>)<br>L\u2019office sera suivi d\u2019un kiddouch <\/p>\n\n\n\n<p id=\"block-dc9d12fc-b3c5-4224-948d-d68592d107f9\"><em><strong>Samedi apr\u00e8s-midi :<\/strong><\/em><br><strong>20h15<\/strong> : T\u00e9hilim \u2013 Lecture des T\u00e9hilim \u2013 Alpha\/Beta<br><strong>20h30<\/strong> : Min\u2019ha, suivi de la s\u00e9ouda ch\u00e9lichit offerte par <strong>Cathy et Meyer BENCHETRIT<\/strong> l\u00e9ilouy nichmat <strong>Yvonne Yamna bat Hassiba<\/strong> (\u05d6\u2019\u05dc)<br>Dvar Torah par <strong>M. R\u00e9my LEVY<\/strong> <br><strong>21h09<\/strong> : Shquiya \/ \u05e9\u05e7\u05e2\u05ea \u05d4\u05d7\u05de\u05d4<\/p>\n\n\n\n<p id=\"block-333eef1f-6d20-4a53-a2e6-57d24b1e03da\"><strong><em>Samedi soir :<\/em><\/strong><br><strong>21h53<\/strong> : Arvit<br><strong>22h03<\/strong> : Fin de Chabbat, Havdala<\/p>\n\n\n\n<p><strong>Chabbat Chalom !<\/strong><\/p>\n\n\n\n<hr class=\"wp-block-separator has-css-opacity is-style-wide\"\/>\n\n\n\n<h3 class=\"wp-block-heading\" id=\"block-34c13aec-7230-4d64-afbb-b84a9f3dd476\"><span style=\"text-decoration: underline;\">Carnet de familles :<\/span><\/h3>\n\n\n\n<p><strong>Naissance<\/strong><\/p>\n\n\n\n<p><strong>\u05de\u05d6\u05dc \u05d8\u05d5\u05d1<\/strong><\/p>\n\n\n\n<p>Nous commes tr\u00e8s heureux d&rsquo;annocner la naissance d&rsquo;une petite fille chez <strong>Jennyfer et Jeremie ZAOUCH<\/strong> ce jeudi matin. Nous souhaitons r\u00e9foua ch\u00e9l\u00e9ma \u00e0 la maman et au b\u00e9b\u00e9.<br>Nous adressons un grand Mazal Tov aux grands-parents, <strong>Corinne &amp; Jean BATTINO<\/strong> et <strong>Mr &amp; Mme Dominique ZAOUCH<\/strong> ainsi qu\u2019aux familles <strong>BATTINO, ZAOUCH et BOUHNIK<\/strong>.<\/p>\n\n\n\n<hr class=\"wp-block-separator has-css-opacity is-style-wide\"\/>\n\n\n\n<h3 class=\"wp-block-heading\" id=\"block-34c13aec-7230-4d64-afbb-b84a9f3dd476\"><span style=\"text-decoration: underline;\">Les horaires de la semaine :<\/span><\/h3>\n\n\n\n<h4 class=\"wp-block-heading\">dimanche :<\/h4>\n\n\n\n<p><strong>08h45<\/strong> : Cha&rsquo;harit <br><strong>19h10<\/strong> : Min&rsquo;ha suivi de Arvit<\/p>\n\n\n\n<h4 class=\"wp-block-heading\">du lundi au vendredi :<\/h4>\n\n\n\n<p><strong>07h00<\/strong> : Cha&rsquo;harit<br><strong>19h10<\/strong> :  Min&rsquo;ha suivi de Arvit (sauf vendredi)<\/p>\n\n\n\n<!--more-->\n\n\n\n<hr class=\"wp-block-separator has-css-opacity is-style-wide\"\/>\n\n\n\n<h3 class=\"wp-block-heading\" id=\"block-f62ce074-21cd-4ef8-95fc-86f99ff83a8d\"><span style=\"text-decoration: underline;\">Les horaires de la semaine :<\/span><\/h3>\n\n\n\n<p>\u00e0 la Synagogue, 43 rue des abondances<\/p>\n\n\n\n<p id=\"block-b75df9a1-ef8c-4a4e-81f8-167cf34bb1c2\"><strong><em>Dimanche et jours f\u00e9ri\u00e9s :<\/em><\/strong><br><strong>08h00<\/strong> : Cha\u2019harit<br><strong>19h30<\/strong> : Min&rsquo;ha suivi de Arvit<\/p>\n\n\n\n<p id=\"block-3a3914c0-41f0-42b4-bfd6-88a3b8c2dd65\"><strong><em>du Lundi au Vendredi :<\/em><\/strong><br><strong>07h00<\/strong> : Cha\u2019harit (<strong>06h55<\/strong> lundi et jeudi)<br><strong>19h30<\/strong> : Min&rsquo;ha suivi de Arvit (sauf vendredi soir)<\/p>\n\n\n\n<hr class=\"wp-block-separator has-css-opacity is-style-wide\"\/>\n\n\n\n<h3 class=\"wp-block-heading\" id=\"beth-hamidrach\"><span style=\"text-decoration: underline;\">Charidy 2022 &#8211; Save The Date :<\/span><\/h3>\n\n\n\n<figure class=\"wp-block-image size-large\"><img loading=\"lazy\" decoding=\"async\" width=\"1024\" height=\"1024\" src=\"https:\/\/acjbb-sud.org\/wp-content\/uploads\/2022\/08\/Charidy-2022-Centre-Culturel-juif-Boulogne-Save-The-Date-1024x1024.jpeg\" alt=\"\" class=\"wp-image-5665\" srcset=\"https:\/\/acjbb-sud.org\/wp-content\/uploads\/2022\/08\/Charidy-2022-Centre-Culturel-juif-Boulogne-Save-The-Date-1024x1024.jpeg 1024w, https:\/\/acjbb-sud.org\/wp-content\/uploads\/2022\/08\/Charidy-2022-Centre-Culturel-juif-Boulogne-Save-The-Date-300x300.jpeg 300w, https:\/\/acjbb-sud.org\/wp-content\/uploads\/2022\/08\/Charidy-2022-Centre-Culturel-juif-Boulogne-Save-The-Date-150x150.jpeg 150w, https:\/\/acjbb-sud.org\/wp-content\/uploads\/2022\/08\/Charidy-2022-Centre-Culturel-juif-Boulogne-Save-The-Date-768x768.jpeg 768w, https:\/\/acjbb-sud.org\/wp-content\/uploads\/2022\/08\/Charidy-2022-Centre-Culturel-juif-Boulogne-Save-The-Date-1536x1536.jpeg 1536w, https:\/\/acjbb-sud.org\/wp-content\/uploads\/2022\/08\/Charidy-2022-Centre-Culturel-juif-Boulogne-Save-The-Date-720x720.jpeg 720w, https:\/\/acjbb-sud.org\/wp-content\/uploads\/2022\/08\/Charidy-2022-Centre-Culturel-juif-Boulogne-Save-The-Date.jpeg 1600w\" sizes=\"auto, (max-width: 1024px) 100vw, 1024px\" \/><\/figure>\n\n\n\n<p>R\u00e9servez vos dates du <strong>11\/12\/13 septembre 2022<\/strong> pour la grande <strong>Campagne Charidy 2022<\/strong> \u00ab\u00a0L&rsquo;avenir grandit avec vous\u00a0\u00bb<\/p>\n\n\n\n<hr class=\"wp-block-separator has-css-opacity is-style-wide\"\/>\n\n\n\n<h3 class=\"wp-block-heading\" id=\"beth-hamidrach\"><span style=\"text-decoration: underline;\">Compte rendu AG ACJBB\/ACIP Boulogne 2022 :<\/span><\/h3>\n\n\n\n<p>Les \u00e9l\u00e9ments pr\u00e9sent\u00e9s lors de l&rsquo;Assembl\u00e9e g\u00e9n\u00e9rale sont <a href=\"https:\/\/synaboulogne.com\/2022\/07\/07\/compte-rendu-assemblee-generale-acjbb-acip-boulogne-2022\/\" target=\"_blank\" rel=\"noreferrer noopener\">en ligne&nbsp;ici<\/a>.<\/p>\n\n\n\n<ul class=\"wp-block-list\"><li>Rapport des Commissaires aux comptes sur les comptes 2021<\/li><li>Rapport financier sur les comptes ACJBB 2021<\/li><li>Rapport sur les comptes Acip Boulogne 2021<\/li><li>Rapport du Pr\u00e9sident<\/li><\/ul>\n\n\n\n<hr class=\"wp-block-separator has-css-opacity is-style-wide\"\/>\n\n\n\n<h3 class=\"wp-block-heading\" id=\"beth-hamidrach\"><span style=\"text-decoration: underline;\">Elections communautaires &#8211; dimanche 30 octobre 2022 :<\/span><\/h3>\n\n\n\n<p>Comme annonc\u00e9 lors de l&rsquo;Assembl\u00e9e g\u00e9n\u00e9rale, nous organiserons des \u00e9lections pour la Commission administrative ACIP Boulogne \/ Conseil d&rsquo;administration ACJBB en octobre.<br>Conform\u00e9ment aux statuts de l&rsquo;ACJBB, ces \u00e9lections seront organis\u00e9es par l&rsquo;ACIP (Consistoire de Paris)<br><br>Sont \u00e9lecteurs toutes les personnes \u00e0 jour de leurs cotisations aupr\u00e8s de l&rsquo;ACIP pour l&rsquo;ann\u00e9e 2021 ; peuvent \u00eatre candidats les personnes de plus de 18 ans \u00e0 jour de leurs cotisations pour les deux derni\u00e8res ann\u00e9es (2020 et 2021).<br><br>Calendrier :<\/p>\n\n\n\n<ul class=\"wp-block-list\"><li>Envoi du courrier d\u2019appel \u00e0 candidature dat\u00e9 du 1<sup>er<\/sup>&nbsp;septembre 2022.<\/li><li>Limite de r\u00e9ception des candidatures avant le 30 septembre 2022 \u00e0 minuit, le cachet de la poste faisant foi.<\/li><li>Envoi des cartes d\u2019\u00e9lecteurs la deuxi\u00e8me semaine d\u2019octobre.<\/li><li>Date du scrutin le 30 Octobre 2022 de 9h \u00e0 15h.<\/li><\/ul>\n\n\n\n<hr class=\"wp-block-separator has-css-opacity is-style-wide\"\/>\n\n\n\n<h3 class=\"wp-block-heading\" id=\"beth-hamidrach\"><span style=\"text-decoration: underline;\">Beth Hamidrach :<\/span><\/h3>\n\n\n\n<p>Le <strong>Rabbin Didier Kassabi<\/strong> donne un cours de Gu\u00e9mara chaque <strong>lundi soir \u00e0 20h30<\/strong> \u00e0 la Synagogue de Boulogne Billancourt, 43 rue des abondances. <\/p>\n\n\n\n<p class=\"has-text-color\" style=\"color:#ff0000\"><strong>Reprise \u00e0 la rentr\u00e9e !<\/strong><\/p>\n\n\n<div class=\"wp-block-image\">\n<figure class=\"aligncenter size-large is-resized\"><img loading=\"lazy\" decoding=\"async\" src=\"https:\/\/acjbb-sud.org\/wp-content\/uploads\/2018\/12\/Rav-Didier-Kassabi-ACJBB-Boulogne-Sud-1024x656.jpg\" alt=\"\" class=\"wp-image-2318\" width=\"768\" height=\"492\" srcset=\"https:\/\/acjbb-sud.org\/wp-content\/uploads\/2018\/12\/Rav-Didier-Kassabi-ACJBB-Boulogne-Sud-1024x656.jpg 1024w, https:\/\/acjbb-sud.org\/wp-content\/uploads\/2018\/12\/Rav-Didier-Kassabi-ACJBB-Boulogne-Sud-300x192.jpg 300w, https:\/\/acjbb-sud.org\/wp-content\/uploads\/2018\/12\/Rav-Didier-Kassabi-ACJBB-Boulogne-Sud-768x492.jpg 768w, https:\/\/acjbb-sud.org\/wp-content\/uploads\/2018\/12\/Rav-Didier-Kassabi-ACJBB-Boulogne-Sud.jpg 1588w\" sizes=\"auto, (max-width: 768px) 100vw, 768px\" \/><\/figure>\n<\/div>\n\n\n<p>Retrouvez tous les cours du Rabbin Kassabi <a href=\"https:\/\/acjbb-sud.org\/index.php\/cours-du-rabbin-kassabi\/\" target=\"_blank\" rel=\"noreferrer noopener\">sur cette page<\/a> !!<\/p>\n\n\n\n<hr class=\"wp-block-separator has-css-opacity is-style-wide\"\/>\n\n\n\n<h3 class=\"wp-block-heading\" id=\"block-f62ce074-21cd-4ef8-95fc-86f99ff83a8d\"><span style=\"text-decoration: underline;\">Cours pour les femmes :<\/span><\/h3>\n\n\n\n<p><strong>Mme Ya\u00ebl Kassabi<\/strong>&nbsp;donne un cours pour femmes tous les <strong>mardis&nbsp;de 21h00 \u00e0 22h00<\/strong>.<br><br>A la Synagogue de Boulogne, espace Alfred Zemmour<\/p>\n\n\n\n<p class=\"has-text-color\" style=\"color:#ff0000\"><strong>Reprise \u00e0 la rentr\u00e9e !<\/strong><\/p>\n\n\n\n<hr class=\"wp-block-separator has-css-opacity is-style-wide\"\/>\n\n\n\n<h3 class=\"wp-block-heading\" id=\"block-b7954baa-ee9c-4dfe-b91d-fa235f442567\"><span style=\"text-decoration: underline;\">Information ACJBB Boulogne Sud :<\/span><\/h3>\n\n\n\n<p id=\"block-fd719631-1c41-4d52-a7ec-2c7882d4ae94\">Retrouvez toutes les informations de l\u2019office sur : <a rel=\"noreferrer noopener\" href=\"http:\/\/www.acjbb-sud.org\" target=\"_blank\">www.acjbb-sud.org<\/a>.<br>Si vous souhaitez recevoir par mail la newsletter de l\u2019office, inscrivez-vous en nous envoyant un mail \u00e0 <a href=\"mailto:officeboulognesud@gmail.com\">officeboulognesud@gmail.com<\/a>.<br>Retrouvez \u00e9galement toutes les informations sur la page Facebook de l\u2019office : <a rel=\"noreferrer noopener\" href=\"http:\/\/facebook.com\/acjbbsud\" target=\"_blank\">facebook.com\/acjbbsud<\/a> et sur Twitter : <a rel=\"noreferrer noopener\" href=\"http:\/\/twitter.com\/acjbbsud\" target=\"_blank\">twitter.com\/acjbbsud<\/a>.<\/p>\n\n\n\n<hr class=\"wp-block-separator has-css-opacity is-style-wide\"\/>\n\n\n\n<h3 class=\"wp-block-heading\" id=\"block-b7954baa-ee9c-4dfe-b91d-fa235f442567\"><span style=\"text-decoration: underline;\">R\u00e9servation des espaces communautaires :<\/span><\/h3>\n\n\n\n<p>Vous souhaitez organiser une manifestation (Brith-Mila, Bar-Mitsvah et Bat-Mitsvah, Mariage, Azkara, Soir\u00e9e Mikv\u00e9 Kala, etc&#8230; ) dans les espaces du <strong>Centre Culturel juif de Boulogne<\/strong>, 17 rue Danjou, Boulogne Billancourt, contactez M. Patrick Sebban 06.03.02.30.78 &#8211; <a href=\"mailto:patrick.sebban2@paris.fr\">patrick.sebban2@paris.fr<\/a>.<\/p>\n\n\n\n<p>Vous souhaitez organiser une manifestation (Brith-Mila, Bar-Mitsvah et Bat-Mitsvah, Mariage, Azkara, Soir\u00e9e Mikv\u00e9 Kala, etc\u2026 ) dans les espaces de la&nbsp;<strong>Synagogue de Boulogne<\/strong>, 43 rue des Abondances ?<br>Contactez M. Alain&nbsp;Chicheportiche&nbsp;06.95.62.58.41 \u2013&nbsp;<a href=\"mailto:alainchicheportiche92@gmail.com\" target=\"_blank\" rel=\"noreferrer noopener\">alainchicheportiche92@gmail.com<\/a><\/p>\n\n\n\n<hr class=\"wp-block-separator has-css-opacity is-style-wide\"\/>\n\n\n\n<h3 class=\"wp-block-heading\" id=\"block-7c3c700f-d447-4376-9427-cdbc9c2f74c9\"><span style=\"text-decoration: underline;\">Mikv\u00e9 :<\/span><\/h3>\n\n\n\n<p id=\"block-50d7cf7e-ff00-4da1-8c9c-2de23e61527c\">Plus d&rsquo;informations sur le site de la <a rel=\"noreferrer noopener\" href=\"https:\/\/synaboulogne.com\/2020\/03\/24\/coronavirus-fermeture-des-mikves-a-boulogne\/\" target=\"_blank\">Synagogue de Boulogne<\/a>.<\/p>\n\n\n\n<hr class=\"wp-block-separator has-css-opacity is-style-wide\"\/>\n\n\n\n<h3 class=\"wp-block-heading\" id=\"block-7c3c700f-d447-4376-9427-cdbc9c2f74c9\"><span style=\"text-decoration: underline;\">Mikv\u00e9 K\u00e9lim :<\/span><\/h3>\n\n\n\n<p>Le mikv\u00e9 k\u00e9lim est ouvert tous les matins apr\u00e8s l&rsquo;office.<\/p>\n\n\n\n<hr class=\"wp-block-separator has-css-opacity is-style-wide\"\/>\n\n\n\n<h3 class=\"wp-block-heading\" id=\"block-4c97c8cf-af4b-4959-a746-b4aad012dd9b\"><span style=\"text-decoration: underline;\">Faire un don :<\/span><\/h3>\n\n\n\n<p id=\"block-1b207a12-4bcd-4010-9047-f59f10862ab5\">Pour faire vivre et participer activement \u00e0 cet office, <a href=\"http:\/\/www.acjbb-sud.org\/index.php\/faire-un-don\/\" target=\"_blank\" rel=\"noreferrer noopener\">faites un don<\/a> par internet ou envoyez vos ch\u00e8ques \u00e0 l&rsquo;ordre de \u00ab\u00a0<em>ACJBB Sud<\/em>\u00ab\u00a0,  au <strong>17 rue Danjou<\/strong>. Toutes les participations sont bienvenues, <em>les petits ruisseaux faisant de grandes rivi\u00e8res<\/em>, nous parviendrons, tous ensemble, \u00e0 faire vivre l\u2019Office de Boulogne Sud.<br><br>Tizkou L\u00e9-Mitsvot !!!<\/p>\n\n\n\n<hr class=\"wp-block-separator has-css-opacity is-style-wide\"\/>\n\n\n\n<h3 class=\"wp-block-heading\" id=\"block-4c97c8cf-af4b-4959-a746-b4aad012dd9b\"><span style=\"text-decoration: underline;\">Cotisation annuelle :<\/span><\/h3>\n\n\n\n<p>Vous pouvez r\u00e9gler votre cotisation annuelle sur le <a href=\"https:\/\/synaboulogne.us12.list-manage.com\/track\/click?u=f13343cbc4710ddbadcdef23f&amp;id=2ccca5826b&amp;e=744d346afc\" target=\"_blank\" rel=\"noreferrer noopener\">site du Consistoire<\/a>.<\/p>\n\n\n\n<hr class=\"wp-block-separator has-css-opacity is-style-wide\"\/>\n\n\n\n<h3 class=\"wp-block-heading\" id=\"block-1fca9ce7-0c19-4d83-bb99-511a3a95b416\"><span style=\"text-decoration: underline;\">Dons pour le Centre Culturel de Boulogne Billancourt :<\/span><\/h3>\n\n\n\n<p id=\"block-1a224de9-3276-4fc8-ba3f-fd19c0e1f5a3\">Le nouveau <a href=\"https:\/\/ccj-boulogne.com\" target=\"_blank\" rel=\"noreferrer noopener\">Centre Culturel juif de Boulogne<\/a> se situe \u00e0 l\u2019angle des rues Marcel Dassault et d\u2019Anjou.<\/p>\n\n\n\n<p id=\"block-41d933ca-9886-487d-a642-c8ca33b4d8ee\">Il comprendra notamment :<\/p>\n\n\n\n<ul class=\"wp-block-list\" id=\"block-bc74a488-8718-4d73-ae4a-3c4664830925\"><li>Une Synagogue<\/li><li>Le Centre Communautaire (CCIBB)<\/li><li>Une salle polyvalente<\/li><li>Une salle des f\u00eates<\/li><\/ul>\n\n\n\n<p id=\"block-223f5a99-e9bd-4b84-a6c3-0ddbe1853b13\">Vous avez une occasion unique d\u2019inscrire votre nom, celui de vos familles, celui de vos disparus, dans un projet qui marquera l\u2019avenir de la vie juive \u00e0 Boulogne-Billancourt.<\/p>\n\n\n<div class=\"wp-block-image\">\n<figure class=\"aligncenter size-full\"><img loading=\"lazy\" decoding=\"async\" width=\"800\" height=\"450\" src=\"https:\/\/acjbb-sud.org\/wp-content\/uploads\/2022\/01\/ACJBB-CCJ92-Centre-Culturel-Juif-Boulogne-vue-cour-800-logos.png\" alt=\"\" class=\"wp-image-5164\" srcset=\"https:\/\/acjbb-sud.org\/wp-content\/uploads\/2022\/01\/ACJBB-CCJ92-Centre-Culturel-Juif-Boulogne-vue-cour-800-logos.png 800w, https:\/\/acjbb-sud.org\/wp-content\/uploads\/2022\/01\/ACJBB-CCJ92-Centre-Culturel-Juif-Boulogne-vue-cour-800-logos-300x169.png 300w, https:\/\/acjbb-sud.org\/wp-content\/uploads\/2022\/01\/ACJBB-CCJ92-Centre-Culturel-Juif-Boulogne-vue-cour-800-logos-768x432.png 768w, https:\/\/acjbb-sud.org\/wp-content\/uploads\/2022\/01\/ACJBB-CCJ92-Centre-Culturel-Juif-Boulogne-vue-cour-800-logos-720x405.png 720w\" sizes=\"auto, (max-width: 800px) 100vw, 800px\" \/><\/figure>\n<\/div>\n\n\n<p id=\"block-2472cef2-f3a1-44e3-bed8-19df0101f2b3\">Devenez acteur du devenir de la vie juive \u00e0 Boulogne en faisant un don pour la construction du Centre Culturel de Boulogne. Vous pouvez d\u00e9cider de diriger votre don vers la synagogue ACJBB ou vers le CCIBB, en nous l\u2019indiquant par message.<\/p>\n\n\n\n<p id=\"block-56cd1106-7046-4874-8498-c929557e25c1\">Si vous avez des question, <a href=\"mailto:synamail@acjbb.com?subject=&quot;Question sur la construction du Centre culturel&quot;\">envoyez-nous un message<\/a> !<\/p>\n\n\n\n<p id=\"block-46b01a20-1fad-4156-a639-d2d621f5698d\"><a rel=\"noreferrer noopener\" href=\"https:\/\/www.helloasso.com\/associations\/acjbb-2\/collectes\/construction-du-centre-juif-de-boulogne\" target=\"_blank\">Je participe \u00e0 la collecte pour la construction<\/a>.<\/p>\n\n\n\n<hr class=\"wp-block-separator has-css-opacity is-style-wide\"\/>\n\n\n\n<h3 class=\"wp-block-heading\" id=\"block-1fca9ce7-0c19-4d83-bb99-511a3a95b416\"><span style=\"text-decoration: underline;\">Talmud Torah de Boulogne :<\/span><\/h3>\n\n\n\n<p>Le talmud Torah de Boulogne innove pour attirer TOUS les enfants.<br>Renseignez-vous aupr\u00e8s du <strong>Rabbin Didier Kassabi<\/strong> ou du <strong>Hazan David Marciano<\/strong>.<\/p>\n\n\n\n<h3 class=\"wp-block-heading\" id=\"tous-les-dimanches-a-10h00\">Tous les dimanches \u00e0 10h00<\/h3>\n\n\n<div class=\"wp-block-image\">\n<figure class=\"aligncenter size-large is-resized\"><img loading=\"lazy\" decoding=\"async\" src=\"https:\/\/acjbb-sud.org\/wp-content\/uploads\/2021\/07\/ACJBB-Synagogue-Boulogne-Billancourt-Talmud-Torah-nouvelle-formule-724x1024.jpg\" alt=\"\" class=\"wp-image-4570\" width=\"543\" height=\"768\" srcset=\"https:\/\/acjbb-sud.org\/wp-content\/uploads\/2021\/07\/ACJBB-Synagogue-Boulogne-Billancourt-Talmud-Torah-nouvelle-formule-724x1024.jpg 724w, https:\/\/acjbb-sud.org\/wp-content\/uploads\/2021\/07\/ACJBB-Synagogue-Boulogne-Billancourt-Talmud-Torah-nouvelle-formule-212x300.jpg 212w, https:\/\/acjbb-sud.org\/wp-content\/uploads\/2021\/07\/ACJBB-Synagogue-Boulogne-Billancourt-Talmud-Torah-nouvelle-formule-768x1086.jpg 768w, https:\/\/acjbb-sud.org\/wp-content\/uploads\/2021\/07\/ACJBB-Synagogue-Boulogne-Billancourt-Talmud-Torah-nouvelle-formule-1086x1536.jpg 1086w, https:\/\/acjbb-sud.org\/wp-content\/uploads\/2021\/07\/ACJBB-Synagogue-Boulogne-Billancourt-Talmud-Torah-nouvelle-formule-720x1018.jpg 720w, https:\/\/acjbb-sud.org\/wp-content\/uploads\/2021\/07\/ACJBB-Synagogue-Boulogne-Billancourt-Talmud-Torah-nouvelle-formule.jpg 1414w\" sizes=\"auto, (max-width: 543px) 100vw, 543px\" \/><\/figure>\n<\/div>\n\n\n<p>Informations et Inscription :&nbsp;<a href=\"https:\/\/bit.ly\/ACJBB-TalmudTorah?ct=t(Synamail_du_19_novembre_2016_Chabbat_Vay11_18_2016)&amp;mc_cid=9cbb06a24e&amp;mc_eid=UNIQID\" target=\"_blank\" rel=\"noreferrer noopener\">https:\/\/bit.ly\/ACJBB-TalmudTorah<\/a><\/p>\n\n\n\n<hr class=\"wp-block-separator has-css-opacity is-style-wide\"\/>\n\n\n\n<h3 class=\"wp-block-heading\" id=\"block-1fca9ce7-0c19-4d83-bb99-511a3a95b416\"><span style=\"text-decoration: underline;\">CCIBB &#8211; Activit\u00e9s 2022-2023 : Informations et inscriptions :<\/span><\/h3>\n\n\n\n<p>Rendez-vous au forum des activit\u00e9s, <strong>dimanche 4 septembre 2022<\/strong> \u00e0 la Mairie de Boulogne Billancourt, de 8h \u00e0 18h00<\/p>\n\n\n<div class=\"wp-block-image\">\n<figure class=\"aligncenter size-large is-resized\"><img loading=\"lazy\" decoding=\"async\" src=\"https:\/\/acjbb-sud.org\/wp-content\/uploads\/2022\/07\/ccibbactivites2022-2023b-723x1024.jpg\" alt=\"\" class=\"wp-image-5602\" width=\"542\" height=\"768\" srcset=\"https:\/\/acjbb-sud.org\/wp-content\/uploads\/2022\/07\/ccibbactivites2022-2023b-723x1024.jpg 723w, https:\/\/acjbb-sud.org\/wp-content\/uploads\/2022\/07\/ccibbactivites2022-2023b-212x300.jpg 212w, https:\/\/acjbb-sud.org\/wp-content\/uploads\/2022\/07\/ccibbactivites2022-2023b-768x1087.jpg 768w, https:\/\/acjbb-sud.org\/wp-content\/uploads\/2022\/07\/ccibbactivites2022-2023b-720x1019.jpg 720w, https:\/\/acjbb-sud.org\/wp-content\/uploads\/2022\/07\/ccibbactivites2022-2023b.jpg 876w\" sizes=\"auto, (max-width: 542px) 100vw, 542px\" \/><\/figure>\n<\/div>\n\n\n<p>plus d&rsquo;informations : <a href=\"https:\/\/ccibb.net\/2021\/08\/activites-2021-2022-informations-inscriptions-reprise\/\" target=\"_blank\" rel=\"noreferrer noopener\">ccibb.net<\/a><\/p>\n\n\n\n<hr class=\"wp-block-separator has-css-opacity is-style-wide\"\/>\n\n\n\n<h3 class=\"wp-block-heading\" id=\"block-1fca9ce7-0c19-4d83-bb99-511a3a95b416\"><span style=\"text-decoration: underline;\">Oulpan avec le CCIBB et l&rsquo;OMS :<\/span><\/h3>\n\n\n<div class=\"wp-block-image is-style-default\">\n<figure class=\"aligncenter size-large is-resized\"><img loading=\"lazy\" decoding=\"async\" src=\"https:\/\/acjbb-sud.org\/wp-content\/uploads\/2020\/10\/CCIBB-Affiche-reunion-inscription-oulpan-OSM-2020-2021-734x1024.jpeg\" alt=\"\" class=\"wp-image-3878\" width=\"551\" height=\"768\" srcset=\"https:\/\/acjbb-sud.org\/wp-content\/uploads\/2020\/10\/CCIBB-Affiche-reunion-inscription-oulpan-OSM-2020-2021-734x1024.jpeg 734w, https:\/\/acjbb-sud.org\/wp-content\/uploads\/2020\/10\/CCIBB-Affiche-reunion-inscription-oulpan-OSM-2020-2021-215x300.jpeg 215w, https:\/\/acjbb-sud.org\/wp-content\/uploads\/2020\/10\/CCIBB-Affiche-reunion-inscription-oulpan-OSM-2020-2021-768x1072.jpeg 768w, https:\/\/acjbb-sud.org\/wp-content\/uploads\/2020\/10\/CCIBB-Affiche-reunion-inscription-oulpan-OSM-2020-2021-1101x1536.jpeg 1101w, https:\/\/acjbb-sud.org\/wp-content\/uploads\/2020\/10\/CCIBB-Affiche-reunion-inscription-oulpan-OSM-2020-2021-1467x2048.jpeg 1467w, https:\/\/acjbb-sud.org\/wp-content\/uploads\/2020\/10\/CCIBB-Affiche-reunion-inscription-oulpan-OSM-2020-2021-720x1005.jpeg 720w, https:\/\/acjbb-sud.org\/wp-content\/uploads\/2020\/10\/CCIBB-Affiche-reunion-inscription-oulpan-OSM-2020-2021-scaled.jpeg 1834w\" sizes=\"auto, (max-width: 551px) 100vw, 551px\" \/><\/figure>\n<\/div>\n\n\n<hr class=\"wp-block-separator has-css-opacity is-style-wide\"\/>\n\n\n\n<h3 class=\"wp-block-heading\" id=\"block-0a78bf73-6f7d-4326-9f07-299e153ed995\"><span style=\"text-decoration: underline;\">Dvar Torah :<\/span><\/h3>\n\n\n\n<p id=\"block-a6d72ecc-452b-4ff0-b897-259c06dce164\"><em><strong>du Rav Mika\u00ebl Mouyal<\/strong><\/em> :<\/p>\n\n\n\n<p id=\"block-a6d72ecc-452b-4ff0-b897-259c06dce164\">T\u00e9l\u00e9chargez le Dvar Torah directement en PDF afin de l\u2019imprimer et le lire plus facilement :<br><a href=\"https:\/\/acjbb-sud.org\/wp-content\/uploads\/2021\/07\/ACJBB-Boulogne-Sud-Dvar-Torah-Sidra-Rav-Mouyal-Vaethanan-5781.pdf\" target=\"_blank\" rel=\"noreferrer noopener\">Sidra Va\u00e9thanan<\/a>.<\/p>\n\n\n\n<p id=\"block-a6d72ecc-452b-4ff0-b897-259c06dce164\">Retrouvez tous les commentaires et sidrots sur la Paracha par le Rav Mika\u00ebl Mouyal sur <a href=\"https:\/\/acjbb-sud.org\/index.php\/dvar-torah-sidra-rav-mouyal\/\" target=\"_blank\" rel=\"noreferrer noopener\">cette page<\/a>.<\/p>\n\n\n\n<p>Retrouvez les Divr\u00e9 Torah en vid\u00e9os sur notre <a href=\"https:\/\/www.youtube.com\/channel\/UC20u-GBY1CIXXcjbM96fPxw\" target=\"_blank\" rel=\"noreferrer noopener\">chaine YouTube<\/a>.<\/p>\n\n\n\n<p id=\"block-b6109842-1a53-4f02-9d74-dab7a535c9df\"><em><strong>du Rabbin Didier Kassabi :<\/strong><\/em><\/p>\n\n\n\n<p id=\"block-b6109842-1a53-4f02-9d74-dab7a535c9df\">T\u00e9l\u00e9chargez le Dvar Torah directement en PDF afin de l\u2019imprimer et le lire plus facilement :<br><a href=\"https:\/\/synaboulogne.com\/wp-content\/uploads\/2022\/08\/ACJBB-Boulogne-Dvar-Torah-Rabbin-Didier-Kassabi-Vaethanan-5782.pdf\" target=\"_blank\" rel=\"noreferrer noopener\">Dvar Torah Va\u00e9t&rsquo;hanan<\/a>.<\/p>\n\n\n\n<p id=\"block-a68290c3-5f19-4d18-839f-11ee7629c218\">Retrouvez tous les Divrei Torah sur la Paracha par le Rabbin Didier Kassabi sur <a href=\"https:\/\/synaboulogne.com\/dvar-torah-du-rabbin-didier-kassabi\/\" target=\"_blank\" rel=\"noreferrer noopener\">cette page.<\/a><\/p>\n\n\n\n<p>Retrouvez les Divr\u00e9 Torah en vid\u00e9os sur la <a href=\"https:\/\/www.youtube.com\/synagoguedeboulogne\" target=\"_blank\" rel=\"noreferrer noopener\">chaine de la Synagogue de Boulogne<\/a>.<\/p>\n","protected":false},"excerpt":{"rendered":"<p>Paracha Va\u00e9t&rsquo;hanan \/ \u05e4\u05e8\u05e9\u05d4 \u05d5\u05d0\u05ea\u05d7\u05e0\u05df Chabbat Na&rsquo;hamou \/ \u05e9\u05d1\u05ea \u05e0\u05d7\u05de\u05d5 12\/13 ao\u00fbt 2022 &#8211; 16 Av 5782 \/ \u05d8&rsquo;\u05d6 \u05d0\u05d1 \u05ea\u05e9\u05e4&rsquo;\u05d1D\u00e9but vendredi soir \u00e0 20h53 &#8211; Fin samedi soir \u00e0 22h03 Les horaires de Chabbat : Vendredi soir :19h00 : Chir haChirim19h15 : Min&rsquo;ha19h30 : Kabalat Chabbat et Arvit. Dvar Torah par M. R\u00e9my LEVY20h00 &hellip; <\/p>\n<p><a class=\"more-link btn\" href=\"https:\/\/acjbb-sud.org\/index.php\/2022\/08\/11\/paracha-vaethanan-5782-chabbat-nahamou\/\">Lire la suite<\/a><\/p>\n","protected":false},"author":1,"featured_media":5677,"comment_status":"open","ping_status":"open","sticky":false,"template":"","format":"standard","meta":{"jetpack_post_was_ever_published":false,"_jetpack_newsletter_access":"","_jetpack_dont_email_post_to_subs":false,"_jetpack_newsletter_tier_id":0,"_jetpack_memberships_contains_paywalled_content":false,"_jetpack_memberships_contains_paid_content":false,"footnotes":"","jetpack_publicize_message":"","jetpack_publicize_feature_enabled":true,"jetpack_social_post_already_shared":true,"jetpack_social_options":{"image_generator_settings":{"template":"highway","default_image_id":0,"font":"","enabled":false},"version":2}},"categories":[3,252],"tags":[],"class_list":["post-5671","post","type-post","status-publish","format-standard","has-post-thumbnail","hentry","category-chabbat","category-chabbat-nahamou","item-wrap"],"yoast_head":"<!-- This site is optimized with the Yoast SEO plugin v26.6 - https:\/\/yoast.com\/wordpress\/plugins\/seo\/ -->\n<title>Paracha Va\u00e9t&#039;hanan - Chabbat Na&#039;hamou - Synagogue ACJBB Boulogne Sud<\/title>\n<meta name=\"robots\" content=\"index, follow, max-snippet:-1, max-image-preview:large, max-video-preview:-1\" \/>\n<link rel=\"canonical\" href=\"https:\/\/acjbb-sud.org\/index.php\/2022\/08\/11\/paracha-vaethanan-5782-chabbat-nahamou\/\" \/>\n<meta property=\"og:locale\" content=\"fr_FR\" \/>\n<meta property=\"og:type\" content=\"article\" \/>\n<meta property=\"og:title\" content=\"Paracha Va\u00e9t&#039;hanan - Chabbat Na&#039;hamou - Synagogue ACJBB Boulogne Sud\" \/>\n<meta property=\"og:description\" content=\"Paracha Va\u00e9t&rsquo;hanan \/ \u05e4\u05e8\u05e9\u05d4 \u05d5\u05d0\u05ea\u05d7\u05e0\u05df Chabbat Na&rsquo;hamou \/ \u05e9\u05d1\u05ea \u05e0\u05d7\u05de\u05d5 12\/13 ao\u00fbt 2022 &#8211; 16 Av 5782 \/ \u05d8&rsquo;\u05d6 \u05d0\u05d1 \u05ea\u05e9\u05e4&rsquo;\u05d1D\u00e9but vendredi soir \u00e0 20h53 &#8211; Fin samedi soir \u00e0 22h03 Les horaires de Chabbat : Vendredi soir :19h00 : Chir haChirim19h15 : Min&rsquo;ha19h30 : Kabalat Chabbat et Arvit. Dvar Torah par M. R\u00e9my LEVY20h00 &hellip; Lire la suite\" \/>\n<meta property=\"og:url\" content=\"https:\/\/acjbb-sud.org\/index.php\/2022\/08\/11\/paracha-vaethanan-5782-chabbat-nahamou\/\" \/>\n<meta property=\"og:site_name\" content=\"Synagogue ACJBB Boulogne Sud\" \/>\n<meta property=\"article:published_time\" content=\"2022-08-11T19:09:46+00:00\" \/>\n<meta property=\"article:modified_time\" content=\"2022-08-11T20:04:59+00:00\" \/>\n<meta property=\"og:image\" content=\"https:\/\/acjbb-sud.org\/wp-content\/uploads\/2022\/08\/CCJ-92-Centre-Culturel-Juif-Boulogne-face-entree-logos-600.jpg\" \/>\n\t<meta property=\"og:image:width\" content=\"600\" \/>\n\t<meta property=\"og:image:height\" content=\"363\" \/>\n\t<meta property=\"og:image:type\" content=\"image\/jpeg\" \/>\n<meta name=\"author\" content=\"AcjbbSud\" \/>\n<meta name=\"twitter:card\" content=\"summary_large_image\" \/>\n<meta name=\"twitter:label1\" content=\"\u00c9crit par\" \/>\n\t<meta name=\"twitter:data1\" content=\"AcjbbSud\" \/>\n\t<meta name=\"twitter:label2\" content=\"Dur\u00e9e de lecture estim\u00e9e\" \/>\n\t<meta name=\"twitter:data2\" content=\"7 minutes\" \/>\n<script type=\"application\/ld+json\" class=\"yoast-schema-graph\">{\"@context\":\"https:\/\/schema.org\",\"@graph\":[{\"@type\":\"WebPage\",\"@id\":\"https:\/\/acjbb-sud.org\/index.php\/2022\/08\/11\/paracha-vaethanan-5782-chabbat-nahamou\/\",\"url\":\"https:\/\/acjbb-sud.org\/index.php\/2022\/08\/11\/paracha-vaethanan-5782-chabbat-nahamou\/\",\"name\":\"Paracha Va\u00e9t'hanan - Chabbat Na'hamou - Synagogue ACJBB Boulogne Sud\",\"isPartOf\":{\"@id\":\"https:\/\/acjbb-sud.org\/#website\"},\"primaryImageOfPage\":{\"@id\":\"https:\/\/acjbb-sud.org\/index.php\/2022\/08\/11\/paracha-vaethanan-5782-chabbat-nahamou\/#primaryimage\"},\"image\":{\"@id\":\"https:\/\/acjbb-sud.org\/index.php\/2022\/08\/11\/paracha-vaethanan-5782-chabbat-nahamou\/#primaryimage\"},\"thumbnailUrl\":\"https:\/\/acjbb-sud.org\/wp-content\/uploads\/2022\/08\/CCJ-92-Centre-Culturel-Juif-Boulogne-face-entree-logos-600.jpg\",\"datePublished\":\"2022-08-11T19:09:46+00:00\",\"dateModified\":\"2022-08-11T20:04:59+00:00\",\"author\":{\"@id\":\"https:\/\/acjbb-sud.org\/#\/schema\/person\/adc8f09fb72c9d0dc78509106dc5e9f0\"},\"breadcrumb\":{\"@id\":\"https:\/\/acjbb-sud.org\/index.php\/2022\/08\/11\/paracha-vaethanan-5782-chabbat-nahamou\/#breadcrumb\"},\"inLanguage\":\"fr-FR\",\"potentialAction\":[{\"@type\":\"ReadAction\",\"target\":[\"https:\/\/acjbb-sud.org\/index.php\/2022\/08\/11\/paracha-vaethanan-5782-chabbat-nahamou\/\"]}]},{\"@type\":\"ImageObject\",\"inLanguage\":\"fr-FR\",\"@id\":\"https:\/\/acjbb-sud.org\/index.php\/2022\/08\/11\/paracha-vaethanan-5782-chabbat-nahamou\/#primaryimage\",\"url\":\"https:\/\/acjbb-sud.org\/wp-content\/uploads\/2022\/08\/CCJ-92-Centre-Culturel-Juif-Boulogne-face-entree-logos-600.jpg\",\"contentUrl\":\"https:\/\/acjbb-sud.org\/wp-content\/uploads\/2022\/08\/CCJ-92-Centre-Culturel-Juif-Boulogne-face-entree-logos-600.jpg\",\"width\":600,\"height\":363},{\"@type\":\"BreadcrumbList\",\"@id\":\"https:\/\/acjbb-sud.org\/index.php\/2022\/08\/11\/paracha-vaethanan-5782-chabbat-nahamou\/#breadcrumb\",\"itemListElement\":[{\"@type\":\"ListItem\",\"position\":1,\"name\":\"Accueil\",\"item\":\"https:\/\/acjbb-sud.org\/\"},{\"@type\":\"ListItem\",\"position\":2,\"name\":\"Paracha Va\u00e9t&rsquo;hanan &#8211; Chabbat Na&rsquo;hamou\"}]},{\"@type\":\"WebSite\",\"@id\":\"https:\/\/acjbb-sud.org\/#website\",\"url\":\"https:\/\/acjbb-sud.org\/\",\"name\":\"Synagogue ACJBB Boulogne Sud\",\"description\":\"Synagogue \/ Association Communautaire Juive de Boulogne Billancourt (Sud)\",\"potentialAction\":[{\"@type\":\"SearchAction\",\"target\":{\"@type\":\"EntryPoint\",\"urlTemplate\":\"https:\/\/acjbb-sud.org\/?s={search_term_string}\"},\"query-input\":{\"@type\":\"PropertyValueSpecification\",\"valueRequired\":true,\"valueName\":\"search_term_string\"}}],\"inLanguage\":\"fr-FR\"},{\"@type\":\"Person\",\"@id\":\"https:\/\/acjbb-sud.org\/#\/schema\/person\/adc8f09fb72c9d0dc78509106dc5e9f0\",\"name\":\"AcjbbSud\",\"image\":{\"@type\":\"ImageObject\",\"inLanguage\":\"fr-FR\",\"@id\":\"https:\/\/acjbb-sud.org\/#\/schema\/person\/image\/\",\"url\":\"https:\/\/secure.gravatar.com\/avatar\/ea30fe7a8231c8c0bf30066f86006714af7be34ba414543eaab3e453b92901aa?s=96&d=mm&r=g\",\"contentUrl\":\"https:\/\/secure.gravatar.com\/avatar\/ea30fe7a8231c8c0bf30066f86006714af7be34ba414543eaab3e453b92901aa?s=96&d=mm&r=g\",\"caption\":\"AcjbbSud\"},\"url\":\"https:\/\/acjbb-sud.org\/index.php\/author\/acjbbsud\/\"}]}<\/script>\n<!-- \/ Yoast SEO plugin. -->","yoast_head_json":{"title":"Paracha Va\u00e9t'hanan - Chabbat Na'hamou - Synagogue ACJBB Boulogne Sud","robots":{"index":"index","follow":"follow","max-snippet":"max-snippet:-1","max-image-preview":"max-image-preview:large","max-video-preview":"max-video-preview:-1"},"canonical":"https:\/\/acjbb-sud.org\/index.php\/2022\/08\/11\/paracha-vaethanan-5782-chabbat-nahamou\/","og_locale":"fr_FR","og_type":"article","og_title":"Paracha Va\u00e9t'hanan - Chabbat Na'hamou - Synagogue ACJBB Boulogne Sud","og_description":"Paracha Va\u00e9t&rsquo;hanan \/ \u05e4\u05e8\u05e9\u05d4 \u05d5\u05d0\u05ea\u05d7\u05e0\u05df Chabbat Na&rsquo;hamou \/ \u05e9\u05d1\u05ea \u05e0\u05d7\u05de\u05d5 12\/13 ao\u00fbt 2022 &#8211; 16 Av 5782 \/ \u05d8&rsquo;\u05d6 \u05d0\u05d1 \u05ea\u05e9\u05e4&rsquo;\u05d1D\u00e9but vendredi soir \u00e0 20h53 &#8211; Fin samedi soir \u00e0 22h03 Les horaires de Chabbat : Vendredi soir :19h00 : Chir haChirim19h15 : Min&rsquo;ha19h30 : Kabalat Chabbat et Arvit. Dvar Torah par M. R\u00e9my LEVY20h00 &hellip; Lire la suite","og_url":"https:\/\/acjbb-sud.org\/index.php\/2022\/08\/11\/paracha-vaethanan-5782-chabbat-nahamou\/","og_site_name":"Synagogue ACJBB Boulogne Sud","article_published_time":"2022-08-11T19:09:46+00:00","article_modified_time":"2022-08-11T20:04:59+00:00","og_image":[{"width":600,"height":363,"url":"https:\/\/acjbb-sud.org\/wp-content\/uploads\/2022\/08\/CCJ-92-Centre-Culturel-Juif-Boulogne-face-entree-logos-600.jpg","type":"image\/jpeg"}],"author":"AcjbbSud","twitter_card":"summary_large_image","twitter_misc":{"\u00c9crit par":"AcjbbSud","Dur\u00e9e de lecture estim\u00e9e":"7 minutes"},"schema":{"@context":"https:\/\/schema.org","@graph":[{"@type":"WebPage","@id":"https:\/\/acjbb-sud.org\/index.php\/2022\/08\/11\/paracha-vaethanan-5782-chabbat-nahamou\/","url":"https:\/\/acjbb-sud.org\/index.php\/2022\/08\/11\/paracha-vaethanan-5782-chabbat-nahamou\/","name":"Paracha Va\u00e9t'hanan - Chabbat Na'hamou - Synagogue ACJBB Boulogne Sud","isPartOf":{"@id":"https:\/\/acjbb-sud.org\/#website"},"primaryImageOfPage":{"@id":"https:\/\/acjbb-sud.org\/index.php\/2022\/08\/11\/paracha-vaethanan-5782-chabbat-nahamou\/#primaryimage"},"image":{"@id":"https:\/\/acjbb-sud.org\/index.php\/2022\/08\/11\/paracha-vaethanan-5782-chabbat-nahamou\/#primaryimage"},"thumbnailUrl":"https:\/\/acjbb-sud.org\/wp-content\/uploads\/2022\/08\/CCJ-92-Centre-Culturel-Juif-Boulogne-face-entree-logos-600.jpg","datePublished":"2022-08-11T19:09:46+00:00","dateModified":"2022-08-11T20:04:59+00:00","author":{"@id":"https:\/\/acjbb-sud.org\/#\/schema\/person\/adc8f09fb72c9d0dc78509106dc5e9f0"},"breadcrumb":{"@id":"https:\/\/acjbb-sud.org\/index.php\/2022\/08\/11\/paracha-vaethanan-5782-chabbat-nahamou\/#breadcrumb"},"inLanguage":"fr-FR","potentialAction":[{"@type":"ReadAction","target":["https:\/\/acjbb-sud.org\/index.php\/2022\/08\/11\/paracha-vaethanan-5782-chabbat-nahamou\/"]}]},{"@type":"ImageObject","inLanguage":"fr-FR","@id":"https:\/\/acjbb-sud.org\/index.php\/2022\/08\/11\/paracha-vaethanan-5782-chabbat-nahamou\/#primaryimage","url":"https:\/\/acjbb-sud.org\/wp-content\/uploads\/2022\/08\/CCJ-92-Centre-Culturel-Juif-Boulogne-face-entree-logos-600.jpg","contentUrl":"https:\/\/acjbb-sud.org\/wp-content\/uploads\/2022\/08\/CCJ-92-Centre-Culturel-Juif-Boulogne-face-entree-logos-600.jpg","width":600,"height":363},{"@type":"BreadcrumbList","@id":"https:\/\/acjbb-sud.org\/index.php\/2022\/08\/11\/paracha-vaethanan-5782-chabbat-nahamou\/#breadcrumb","itemListElement":[{"@type":"ListItem","position":1,"name":"Accueil","item":"https:\/\/acjbb-sud.org\/"},{"@type":"ListItem","position":2,"name":"Paracha Va\u00e9t&rsquo;hanan &#8211; Chabbat Na&rsquo;hamou"}]},{"@type":"WebSite","@id":"https:\/\/acjbb-sud.org\/#website","url":"https:\/\/acjbb-sud.org\/","name":"Synagogue ACJBB Boulogne Sud","description":"Synagogue \/ Association Communautaire Juive de Boulogne Billancourt (Sud)","potentialAction":[{"@type":"SearchAction","target":{"@type":"EntryPoint","urlTemplate":"https:\/\/acjbb-sud.org\/?s={search_term_string}"},"query-input":{"@type":"PropertyValueSpecification","valueRequired":true,"valueName":"search_term_string"}}],"inLanguage":"fr-FR"},{"@type":"Person","@id":"https:\/\/acjbb-sud.org\/#\/schema\/person\/adc8f09fb72c9d0dc78509106dc5e9f0","name":"AcjbbSud","image":{"@type":"ImageObject","inLanguage":"fr-FR","@id":"https:\/\/acjbb-sud.org\/#\/schema\/person\/image\/","url":"https:\/\/secure.gravatar.com\/avatar\/ea30fe7a8231c8c0bf30066f86006714af7be34ba414543eaab3e453b92901aa?s=96&d=mm&r=g","contentUrl":"https:\/\/secure.gravatar.com\/avatar\/ea30fe7a8231c8c0bf30066f86006714af7be34ba414543eaab3e453b92901aa?s=96&d=mm&r=g","caption":"AcjbbSud"},"url":"https:\/\/acjbb-sud.org\/index.php\/author\/acjbbsud\/"}]}},"jetpack_publicize_connections":[],"jetpack_featured_media_url":"https:\/\/acjbb-sud.org\/wp-content\/uploads\/2022\/08\/CCJ-92-Centre-Culturel-Juif-Boulogne-face-entree-logos-600.jpg","jetpack_sharing_enabled":true,"jetpack_shortlink":"https:\/\/wp.me\/p7sjOI-1tt","jetpack_likes_enabled":true,"_links":{"self":[{"href":"https:\/\/acjbb-sud.org\/index.php\/wp-json\/wp\/v2\/posts\/5671","targetHints":{"allow":["GET"]}}],"collection":[{"href":"https:\/\/acjbb-sud.org\/index.php\/wp-json\/wp\/v2\/posts"}],"about":[{"href":"https:\/\/acjbb-sud.org\/index.php\/wp-json\/wp\/v2\/types\/post"}],"author":[{"embeddable":true,"href":"https:\/\/acjbb-sud.org\/index.php\/wp-json\/wp\/v2\/users\/1"}],"replies":[{"embeddable":true,"href":"https:\/\/acjbb-sud.org\/index.php\/wp-json\/wp\/v2\/comments?post=5671"}],"version-history":[{"count":6,"href":"https:\/\/acjbb-sud.org\/index.php\/wp-json\/wp\/v2\/posts\/5671\/revisions"}],"predecessor-version":[{"id":5684,"href":"https:\/\/acjbb-sud.org\/index.php\/wp-json\/wp\/v2\/posts\/5671\/revisions\/5684"}],"wp:featuredmedia":[{"embeddable":true,"href":"https:\/\/acjbb-sud.org\/index.php\/wp-json\/wp\/v2\/media\/5677"}],"wp:attachment":[{"href":"https:\/\/acjbb-sud.org\/index.php\/wp-json\/wp\/v2\/media?parent=5671"}],"wp:term":[{"taxonomy":"category","embeddable":true,"href":"https:\/\/acjbb-sud.org\/index.php\/wp-json\/wp\/v2\/categories?post=5671"},{"taxonomy":"post_tag","embeddable":true,"href":"https:\/\/acjbb-sud.org\/index.php\/wp-json\/wp\/v2\/tags?post=5671"}],"curies":[{"name":"wp","href":"https:\/\/api.w.org\/{rel}","templated":true}]}}