{"id":6511,"date":"2023-05-11T14:54:12","date_gmt":"2023-05-11T12:54:12","guid":{"rendered":"https:\/\/acjbb-sud.org\/?p=6511"},"modified":"2023-05-11T21:33:03","modified_gmt":"2023-05-11T19:33:03","slug":"chabbat-behar-behoukotai-5783","status":"publish","type":"post","link":"https:\/\/acjbb-sud.org\/index.php\/2023\/05\/11\/chabbat-behar-behoukotai-5783\/","title":{"rendered":"Chabbat B\u00e9har &#8211; B\u00e9&rsquo;houkota\u00ef"},"content":{"rendered":"\n<h3 class=\"wp-block-heading has-text-align-center\" id=\"block-c7cd4b66-aaf3-4e76-9e23-733eb5360b6f\">Paracha B\u00e9har &#8211; B\u00e9&rsquo;houkota\u00ef \/ \u05e4\u05e8\u05e9\u05d4 \u05d1\u05d4\u05e8 &#8211; \u05d1\u05d7\u05e7\u05ea\u05d9 <br>12\/13 mai 2023 &#8211; 22 Iyar 5783 \/ \u05db&rsquo;\u05d1 \u05d0\u05d9\u05d9\u05e8 \u05ea\u05e9\u05e4&rsquo;\u05d2<br><em>D\u00e9but vendredi soir \u00e0 21h03 &#8211; Fin samedi soir \u00e0 22h21<\/em><\/h3>\n\n\n<div class=\"wp-block-image\">\n<figure class=\"aligncenter size-full\" id=\"block-cb4318d8-e067-4e6a-ba77-a8fb22420a53\"><img loading=\"lazy\" decoding=\"async\" width=\"800\" height=\"379\" src=\"https:\/\/acjbb-sud.org\/wp-content\/uploads\/2023\/01\/ACJBB-Centre-Culturel-Juif-Boulogne-interieur-syna-20230105-800.jpg\" alt=\"\" class=\"wp-image-6162\" srcset=\"https:\/\/acjbb-sud.org\/wp-content\/uploads\/2023\/01\/ACJBB-Centre-Culturel-Juif-Boulogne-interieur-syna-20230105-800.jpg 800w, https:\/\/acjbb-sud.org\/wp-content\/uploads\/2023\/01\/ACJBB-Centre-Culturel-Juif-Boulogne-interieur-syna-20230105-800-300x142.jpg 300w, https:\/\/acjbb-sud.org\/wp-content\/uploads\/2023\/01\/ACJBB-Centre-Culturel-Juif-Boulogne-interieur-syna-20230105-800-768x364.jpg 768w, https:\/\/acjbb-sud.org\/wp-content\/uploads\/2023\/01\/ACJBB-Centre-Culturel-Juif-Boulogne-interieur-syna-20230105-800-720x341.jpg 720w\" sizes=\"auto, (max-width: 800px) 100vw, 800px\" \/><\/figure>\n<\/div>\n\n\n<h3 class=\"wp-block-heading\" id=\"block-34c13aec-7230-4d64-afbb-b84a9f3dd476\"><span style=\"text-decoration: underline;\">Les horaires de Chabbat :<\/span><\/h3>\n\n\n\n<p id=\"block-e85b2846-f181-4911-af3f-0961c6b43ac4\"><em><strong>Vendredi soir :<\/strong><\/em><br><strong>18h30<\/strong> : Cours par le <strong>Rav Mika\u00ebl MOUYAL<\/strong> sur le Chomer Emounim<br><strong>19h00<\/strong> : Chir HaChirim<br><strong>19h15<\/strong> : Min&rsquo;ha<br><strong>19h35<\/strong> : Kabalat Chabbat et Arvit<br><strong>20h00<\/strong> : Allumage des bougies et entr\u00e9e de Chabbat<br>Dvar Torah par le <strong>Rav Mika\u00ebl MOUYAL<\/strong><\/p>\n\n\n\n<p id=\"block-1ed17b97-554f-420b-a815-274c0d4878d4\"><strong><em>Samedi matin :<\/em><\/strong><br><strong>09h00<\/strong> : Cha\u2019harit<br>Dvar Torah par <strong>Me\u00efr Akiva<\/strong><br> (<em><strong>Fin du Ch\u00e9ma : premi\u00e8re heure 8h56, deuxi\u00e8me heure 9h59<\/strong><\/em>)<br><strong>10h30<\/strong> : Offices des enfants<br>L\u2019office sera suivi d\u2019un kiddouch offert par la <strong>famille Mouyal<\/strong> \u00e0 l&rsquo;occasion de la Bar Mitzvah de <strong>Me\u00efr Akiva<\/strong><\/p>\n\n\n\n<p id=\"block-dc9d12fc-b3c5-4224-948d-d68592d107f9\"><em><strong>Samedi apr\u00e8s-midi :<\/strong><\/em><br><strong>18h15<\/strong> : Cours pour femmes par <strong>Dvorah SERRAO<\/strong> sur la T\u00e9phila<br><strong>19h00<\/strong> : Cours mixte par le <strong>Rav Micka\u00ebl MOUYAL<\/strong><\/p>\n\n\n\n<p id=\"block-dc9d12fc-b3c5-4224-948d-d68592d107f9\"><strong>20h15<\/strong> : Lecture collective des T\u00e9hilim \u2013 Alpha\/Beta<br><strong>20h30<\/strong> : Min\u2019ha, suivi de la s\u00e9ouda ch\u00e9lichit. <br>Dvar Torah par le <strong>Rav Micka\u00ebl MOUYAL<\/strong><br><strong>21h22<\/strong> : Shquiya \/ \u05e9\u05e7\u05e2\u05ea \u05d4\u05d7\u05de\u05d4<\/p>\n\n\n\n<p id=\"block-333eef1f-6d20-4a53-a2e6-57d24b1e03da\"><strong><em>Samedi soir :<\/em><\/strong><br><strong>22h11<\/strong> : Arvit<br><strong>22h21<\/strong> : Fin de Chabbat, Havdala<\/p>\n\n\n\n<p><strong>Chabbat Chalom !<\/strong><\/p>\n\n\n\n<hr class=\"wp-block-separator has-css-opacity is-style-wide\"\/>\n\n\n\n<h3 class=\"wp-block-heading\" id=\"block-34c13aec-7230-4d64-afbb-b84a9f3dd476\"><span style=\"text-decoration: underline;\">Les horaires de la semaine :<\/span><\/h3>\n\n\n\n<h4 class=\"wp-block-heading\">dimanche :<\/h4>\n\n\n\n<p><strong>07h15<\/strong> : Cours sur le <strong>M\u00e9ssilat Y\u00e9charim<\/strong> par le <strong>Rav Mikael MOUYAL<\/strong><br><strong>08h00<\/strong> : Cha&rsquo;harit <br><strong>19h30<\/strong> : Min&rsquo;ha, suivi de Arvit<\/p>\n\n\n\n<h4 class=\"wp-block-heading\">du lundi au vendredi :<\/h4>\n\n\n\n<p><strong>07h00<\/strong> : Cha&rsquo;harit<br><strong>19h30<\/strong> : Min&rsquo;ha suivi de Arvit (sauf vendredi)<\/p>\n\n\n\n<!--more-->\n\n\n\n<hr class=\"wp-block-separator has-css-opacity is-style-wide\"\/>\n\n\n\n<h3 class=\"wp-block-heading\" id=\"block-f62ce074-21cd-4ef8-95fc-86f99ff83a8d\"><span style=\"text-decoration: underline;\">Les horaires de la semaine :<\/span><\/h3>\n\n\n\n<p>\u00e0 la Synagogue, 43 rue des abondances<\/p>\n\n\n\n<p id=\"block-b75df9a1-ef8c-4a4e-81f8-167cf34bb1c2\"><strong><em>Dimanche et jours f\u00e9ri\u00e9s :<\/em><\/strong><br><strong>08h00<\/strong> : Cha\u2019harit<br><strong>19h45<\/strong> : Min&rsquo;ha suivi de Arvit<\/p>\n\n\n\n<p><strong><em>du Lundi au Vendredi :<\/em><\/strong><br><strong>07h00<\/strong> : Cha\u2019harit (<strong>06h55<\/strong> lundi et jeudi)<br><strong>19h45<\/strong> : Min&rsquo;ha suivi de Arvit (sauf vendredi soir)<\/p>\n\n\n\n<hr class=\"wp-block-separator has-css-opacity is-style-wide\"\/>\n\n\n\n<h3 class=\"wp-block-heading\" id=\"block-f62ce074-21cd-4ef8-95fc-86f99ff83a8d\"><span style=\"text-decoration: underline;\">Carnet de familles :<\/span><\/h3>\n\n\n\n<p><strong>Bar Mitzvah<\/strong><\/p>\n\n\n\n<p>\u00ab\u00a0Chers fid\u00e8les,<br>Meir-Akiva lira la Paracha de sa Bar-Mitsva ce Chabbat, Parachat Behar-Behoukotai, <br>\u00c0 la Synagogue du Centre Culturel juif de Boulogne,<br>17 rue Barth\u00e9l\u00e9my Danjou : Office de Cha&rsquo;harit \u00e0 9h00, Suivi d&rsquo;un Kidouch<\/p>\n\n\n\n<p>Nous serions ravis et honor\u00e9s de votre pr\u00e9sence.<\/p>\n\n\n\n<p>Barouh Haba !<\/p>\n\n\n\n<p>Rav Mika\u00ebl MOUYAL, Meir-Akiva, et sa famille\u00a0\u00bb<\/p>\n\n\n\n<p>Nous lui renouvelons tous nos v\u0153ux de Mazal Tov, B\u00e9ra&rsquo;ha v\u00e9Hatsla&rsquo;ha, ainsi qu\u2019\u00e0 ses parents le <strong>Rav Mika\u00ebl MOUYAL et son \u00e9pouse<\/strong>, et \u00e0 toute la famille.<\/p>\n\n\n\n<hr class=\"wp-block-separator has-css-opacity is-style-wide\"\/>\n\n\n\n<h3 class=\"wp-block-heading\" id=\"block-f62ce074-21cd-4ef8-95fc-86f99ff83a8d\"><span style=\"text-decoration: underline;\">Offices des enfants, \u00e0 partir de 10h30 :<\/span><\/h3>\n\n\n<div class=\"wp-block-image\">\n<figure class=\"aligncenter size-large is-resized\"><img loading=\"lazy\" decoding=\"async\" src=\"https:\/\/acjbb-sud.org\/wp-content\/uploads\/2023\/01\/IMG-20230105-WA0076-779x1024.jpg\" alt=\"\" class=\"wp-image-6174\" width=\"584\" height=\"768\" srcset=\"https:\/\/acjbb-sud.org\/wp-content\/uploads\/2023\/01\/IMG-20230105-WA0076-779x1024.jpg 779w, https:\/\/acjbb-sud.org\/wp-content\/uploads\/2023\/01\/IMG-20230105-WA0076-228x300.jpg 228w, https:\/\/acjbb-sud.org\/wp-content\/uploads\/2023\/01\/IMG-20230105-WA0076-768x1009.jpg 768w, https:\/\/acjbb-sud.org\/wp-content\/uploads\/2023\/01\/IMG-20230105-WA0076-720x946.jpg 720w, https:\/\/acjbb-sud.org\/wp-content\/uploads\/2023\/01\/IMG-20230105-WA0076.jpg 1130w\" sizes=\"auto, (max-width: 584px) 100vw, 584px\" \/><\/figure>\n<\/div>\n\n\n<p>Accompagnez vos enfants \u00e0 l&rsquo;<strong>Office des enfants<\/strong>, afin de leur donner go\u00fbt pour venir \u00e0 la Synagogue et apprendre les pri\u00e8res, apprendre ou nous raconter la Paracha, mais \u00e9galement pour les divertir de la meilleur mani\u00e8re qui soit.<\/p>\n\n\n\n<hr class=\"wp-block-separator has-css-opacity is-style-wide\"\/>\n\n\n\n<h3 class=\"wp-block-heading\" id=\"block-f62ce074-21cd-4ef8-95fc-86f99ff83a8d\"><span style=\"text-decoration: underline;\">Op\u00e9ration nouveaux livres pour la Synagogue du Centre Culturel juif de Boulogne :<\/span><\/h3>\n\n\n\n<p>Si vous souhaitez offrir des nouveaux livres pour la Synagogue du Centre Culturel juif de Boulogne, vous pourrez ainsi les d\u00e9dicacer pour la R\u00e9foua Ch\u00e9l\u00e9ma ou pour rappeler la m\u00e9moire d&rsquo;un proche.<\/p>\n\n\n\n<div class=\"wp-block-buttons is-layout-flex wp-block-buttons-is-layout-flex\">\n<div class=\"wp-block-button aligncenter\"><a class=\"wp-block-button__link wp-element-button\" href=\"https:\/\/www.helloasso.com\/associations\/acjbb-2\/evenements\/achat-de-livres-boulogne-sud\" target=\"_blank\" rel=\"noreferrer noopener\">j&rsquo;offre des nouveaux livres<\/a><\/div>\n<\/div>\n\n\n\n<hr class=\"wp-block-separator has-css-opacity is-style-wide\"\/>\n\n\n\n<h3 class=\"wp-block-heading\" id=\"block-f62ce074-21cd-4ef8-95fc-86f99ff83a8d\"><span style=\"text-decoration: underline;\">Assembl\u00e9e g\u00e9n\u00e9rale de la Communaut\u00e9 juive de Boulogne-Billancourt \/ ACIP Boulogne &#8211; ACJBB :<\/span><\/h3>\n\n\n<div class=\"wp-block-image\">\n<figure class=\"aligncenter size-large is-resized\"><img loading=\"lazy\" decoding=\"async\" src=\"https:\/\/acjbb-sud.org\/wp-content\/uploads\/2023\/05\/AG-acjbb-acip-2023-1024x1024.png\" alt=\"\" class=\"wp-image-6509\" width=\"512\" height=\"512\" srcset=\"https:\/\/acjbb-sud.org\/wp-content\/uploads\/2023\/05\/AG-acjbb-acip-2023-1024x1024.png 1024w, https:\/\/acjbb-sud.org\/wp-content\/uploads\/2023\/05\/AG-acjbb-acip-2023-300x300.png 300w, https:\/\/acjbb-sud.org\/wp-content\/uploads\/2023\/05\/AG-acjbb-acip-2023-150x150.png 150w, https:\/\/acjbb-sud.org\/wp-content\/uploads\/2023\/05\/AG-acjbb-acip-2023-768x768.png 768w, https:\/\/acjbb-sud.org\/wp-content\/uploads\/2023\/05\/AG-acjbb-acip-2023-720x720.png 720w, https:\/\/acjbb-sud.org\/wp-content\/uploads\/2023\/05\/AG-acjbb-acip-2023.png 1200w\" sizes=\"auto, (max-width: 512px) 100vw, 512px\" \/><\/figure>\n<\/div>\n\n\n<p>L&rsquo;assembl\u00e9e g\u00e9n\u00e9rale de la Communaut\u00e9 juive de Boulogne aura lieu&nbsp;<strong>mercredi 7 juin \u00e0 20h30<\/strong><br>dans l&rsquo;Espace Alfred Zemmour de la Synagogue de Boulogne<br><br>Ordre du jour :<\/p>\n\n\n\n<ul class=\"wp-block-list\">\n<li>Pr\u00e9sentation des comptes ACIP Boulogne 2022<\/li>\n\n\n\n<li>Rapport financier sur les Comptes ACJBB pour l&rsquo;exercice 2022<\/li>\n\n\n\n<li>Pr\u00e9sentation des rapports du Commissaire aux comptes pour l&rsquo;exercice 2022<\/li>\n\n\n\n<li>Pr\u00e9sentation du Rapport moral de l&rsquo;exercice<\/li>\n\n\n\n<li>Vote des r\u00e9solutions<\/li>\n<\/ul>\n\n\n\n<p>Cette annonce vaut convocation, conform\u00e9ment aux statuts de l&rsquo;ACJBB.<br>Tous les donateurs d&rsquo;un montant d&rsquo;au moins 50\u20ac \u00e0 l&rsquo;ACJBB sont invit\u00e9s et pourront voter.<\/p>\n\n\n\n<hr class=\"wp-block-separator has-css-opacity is-style-wide\"\/>\n\n\n\n<h3 class=\"wp-block-heading\" id=\"block-f62ce074-21cd-4ef8-95fc-86f99ff83a8d\"><span style=\"text-decoration: underline;\">Beth Hamidrach de Boulogne :<\/span><\/h3>\n\n\n\n<p>Vous pouvez \u00e9tudier tous les jours de semaine \u00e0 la Synagogue de Boulogne, 43 rue de abondances<\/p>\n\n\n\n<figure class=\"wp-block-image size-large\"><img loading=\"lazy\" decoding=\"async\" width=\"1024\" height=\"576\" src=\"https:\/\/acjbb-sud.org\/wp-content\/uploads\/2023\/05\/planning-14-mai-20-mai-v2-1024x576.jpg\" alt=\"\" class=\"wp-image-6518\" srcset=\"https:\/\/acjbb-sud.org\/wp-content\/uploads\/2023\/05\/planning-14-mai-20-mai-v2-1024x576.jpg 1024w, https:\/\/acjbb-sud.org\/wp-content\/uploads\/2023\/05\/planning-14-mai-20-mai-v2-300x169.jpg 300w, https:\/\/acjbb-sud.org\/wp-content\/uploads\/2023\/05\/planning-14-mai-20-mai-v2-768x432.jpg 768w, https:\/\/acjbb-sud.org\/wp-content\/uploads\/2023\/05\/planning-14-mai-20-mai-v2-720x405.jpg 720w, https:\/\/acjbb-sud.org\/wp-content\/uploads\/2023\/05\/planning-14-mai-20-mai-v2.jpg 1280w\" sizes=\"auto, (max-width: 1024px) 100vw, 1024px\" \/><\/figure>\n\n\n\n<hr class=\"wp-block-separator has-css-opacity is-style-wide\"\/>\n\n\n\n<h3 class=\"wp-block-heading\" id=\"beth-hamidrach\"><span style=\"text-decoration: underline;\">Beth Hamidrach :<\/span><\/h3>\n\n\n\n<p>Le <strong>Rabbin Didier Kassabi<\/strong> donne un cours de Gu\u00e9mara chaque <strong>lundi soir \u00e0 20h30<\/strong> \u00e0 la Synagogue de Boulogne Billancourt, 43 rue des abondances. <\/p>\n\n\n<div class=\"wp-block-image\">\n<figure class=\"aligncenter size-large is-resized\"><img loading=\"lazy\" decoding=\"async\" src=\"https:\/\/acjbb-sud.org\/wp-content\/uploads\/2018\/12\/Rav-Didier-Kassabi-ACJBB-Boulogne-Sud-1024x656.jpg\" alt=\"\" class=\"wp-image-2318\" width=\"768\" height=\"492\" srcset=\"https:\/\/acjbb-sud.org\/wp-content\/uploads\/2018\/12\/Rav-Didier-Kassabi-ACJBB-Boulogne-Sud-1024x656.jpg 1024w, https:\/\/acjbb-sud.org\/wp-content\/uploads\/2018\/12\/Rav-Didier-Kassabi-ACJBB-Boulogne-Sud-300x192.jpg 300w, https:\/\/acjbb-sud.org\/wp-content\/uploads\/2018\/12\/Rav-Didier-Kassabi-ACJBB-Boulogne-Sud-768x492.jpg 768w, https:\/\/acjbb-sud.org\/wp-content\/uploads\/2018\/12\/Rav-Didier-Kassabi-ACJBB-Boulogne-Sud.jpg 1588w\" sizes=\"auto, (max-width: 768px) 100vw, 768px\" \/><\/figure>\n<\/div>\n\n\n<p>Retrouvez tous les cours du Rabbin Kassabi <a href=\"https:\/\/acjbb-sud.org\/index.php\/cours-du-rabbin-kassabi\/\" target=\"_blank\" rel=\"noreferrer noopener\">sur cette page<\/a> !!<\/p>\n\n\n\n<hr class=\"wp-block-separator has-css-opacity is-style-wide\"\/>\n\n\n\n<h3 class=\"wp-block-heading\" id=\"block-b7954baa-ee9c-4dfe-b91d-fa235f442567\"><span style=\"text-decoration: underline;\">Cours pour femmes :<\/span><\/h3>\n\n\n\n<p><strong>Mme Ya\u00ebl Kassabi<\/strong>&nbsp;donne un cours pour femmes <strong>1 mardi sur 2, &nbsp;de 21h00 \u00e0 22h00<\/strong>.<\/p>\n\n\n\n<p>A la Synagogue de Boulogne, espace Alfred Zemmour<\/p>\n\n\n\n<p>Prochain cours : le <strong>mardi 23 mai<\/strong><\/p>\n\n\n\n<hr class=\"wp-block-separator has-css-opacity is-style-wide\"\/>\n\n\n\n<h3 class=\"wp-block-heading\" id=\"block-b7954baa-ee9c-4dfe-b91d-fa235f442567\"><span style=\"text-decoration: underline;\">Le mardi des \u00e9tudiants :<\/span><\/h3>\n\n\n\n<p>\u00e0 la Synagogue de Boulogne<\/p>\n\n\n\n<p>prochain cours le <strong>mardi 23 mai 2023<\/strong> !<\/p>\n\n\n<div class=\"wp-block-image\">\n<figure class=\"aligncenter size-large is-resized\"><img loading=\"lazy\" decoding=\"async\" src=\"https:\/\/acjbb-sud.org\/wp-content\/uploads\/2022\/11\/ACJBB-Synagogue-Boulogne-Billancourt-cours-mardi-etudiants-Rabbin-Didier-Kassabi-719x1024.jpg\" alt=\"\" class=\"wp-image-6072\" width=\"539\" height=\"768\" srcset=\"https:\/\/acjbb-sud.org\/wp-content\/uploads\/2022\/11\/ACJBB-Synagogue-Boulogne-Billancourt-cours-mardi-etudiants-Rabbin-Didier-Kassabi-719x1024.jpg 719w, https:\/\/acjbb-sud.org\/wp-content\/uploads\/2022\/11\/ACJBB-Synagogue-Boulogne-Billancourt-cours-mardi-etudiants-Rabbin-Didier-Kassabi-211x300.jpg 211w, https:\/\/acjbb-sud.org\/wp-content\/uploads\/2022\/11\/ACJBB-Synagogue-Boulogne-Billancourt-cours-mardi-etudiants-Rabbin-Didier-Kassabi-768x1094.jpg 768w, https:\/\/acjbb-sud.org\/wp-content\/uploads\/2022\/11\/ACJBB-Synagogue-Boulogne-Billancourt-cours-mardi-etudiants-Rabbin-Didier-Kassabi-720x1026.jpg 720w, https:\/\/acjbb-sud.org\/wp-content\/uploads\/2022\/11\/ACJBB-Synagogue-Boulogne-Billancourt-cours-mardi-etudiants-Rabbin-Didier-Kassabi.jpg 828w\" sizes=\"auto, (max-width: 539px) 100vw, 539px\" \/><\/figure>\n<\/div>\n\n\n<hr class=\"wp-block-separator has-css-opacity is-style-wide\"\/>\n\n\n\n<h3 class=\"wp-block-heading\" id=\"block-b7954baa-ee9c-4dfe-b91d-fa235f442567\"><span style=\"text-decoration: underline;\">Information ACJBB Boulogne Sud :<\/span><\/h3>\n\n\n\n<p id=\"block-fd719631-1c41-4d52-a7ec-2c7882d4ae94\">Retrouvez toutes les informations de l\u2019office sur : <a rel=\"noreferrer noopener\" href=\"http:\/\/www.acjbb-sud.org\" target=\"_blank\">www.acjbb-sud.org<\/a>.<br>Si vous souhaitez recevoir par mail la newsletter de l\u2019office, inscrivez-vous en nous envoyant un mail \u00e0 <a href=\"mailto:officeboulognesud@gmail.com\">officeboulognesud@gmail.com<\/a>.<br>Retrouvez \u00e9galement toutes les informations sur la page Facebook de l\u2019office : <a rel=\"noreferrer noopener\" href=\"http:\/\/facebook.com\/acjbbsud\" target=\"_blank\">facebook.com\/acjbbsud<\/a> et sur Twitter : <a rel=\"noreferrer noopener\" href=\"http:\/\/twitter.com\/acjbbsud\" target=\"_blank\">twitter.com\/acjbbsud<\/a>.<\/p>\n\n\n\n<hr class=\"wp-block-separator has-css-opacity is-style-wide\"\/>\n\n\n\n<h3 class=\"wp-block-heading\" id=\"block-b7954baa-ee9c-4dfe-b91d-fa235f442567\"><span style=\"text-decoration: underline;\">R\u00e9servation des espaces communautaires :<\/span><\/h3>\n\n\n\n<p>Vous souhaitez organiser une manifestation (Brith-Mila, Bar-Mitsvah et Bat-Mitsvah, Mariage, Azkara, Soir\u00e9e Mikv\u00e9 Kala, etc&#8230; ) dans les espaces du <strong>Centre Culturel juif de Boulogne<\/strong>, 17 rue Danjou, Boulogne Billancourt, contactez M. Patrick Sebban 06.03.02.30.78 &#8211; <a href=\"mailto:patrick.sebban2@paris.fr\">patrick.sebban2@paris.fr<\/a>.<\/p>\n\n\n\n<p>Vous souhaitez organiser une manifestation (Brith-Mila, Bar-Mitsvah et Bat-Mitsvah, Mariage, Azkara, Soir\u00e9e Mikv\u00e9 Kala, etc\u2026 ) dans les espaces de la&nbsp;<strong>Synagogue de Boulogne<\/strong>, 43 rue des Abondances ?<br>Contactez M. Alain&nbsp;Chicheportiche&nbsp;06.95.62.58.41 \u2013&nbsp;<a href=\"mailto:alainchicheportiche92@gmail.com\" target=\"_blank\" rel=\"noreferrer noopener\">alainchicheportiche92@gmail.com<\/a><\/p>\n\n\n\n<hr class=\"wp-block-separator has-css-opacity is-style-wide\"\/>\n\n\n\n<h3 class=\"wp-block-heading\" id=\"block-7c3c700f-d447-4376-9427-cdbc9c2f74c9\"><span style=\"text-decoration: underline;\">Mikv\u00e9 :<\/span><\/h3>\n\n\n\n<p id=\"block-50d7cf7e-ff00-4da1-8c9c-2de23e61527c\">Plus d&rsquo;informations sur le site de la <a rel=\"noreferrer noopener\" href=\"https:\/\/synaboulogne.com\/2020\/03\/24\/coronavirus-fermeture-des-mikves-a-boulogne\/\" target=\"_blank\">Synagogue de Boulogne<\/a>.<\/p>\n\n\n\n<hr class=\"wp-block-separator has-css-opacity is-style-wide\"\/>\n\n\n\n<h3 class=\"wp-block-heading\" id=\"block-7c3c700f-d447-4376-9427-cdbc9c2f74c9\"><span style=\"text-decoration: underline;\">Mikv\u00e9 K\u00e9lim :<\/span><\/h3>\n\n\n\n<p>Le mikv\u00e9 k\u00e9lim est ouvert tous les matins apr\u00e8s l&rsquo;office.<\/p>\n\n\n\n<hr class=\"wp-block-separator has-css-opacity is-style-wide\"\/>\n\n\n\n<h3 class=\"wp-block-heading\" id=\"block-4c97c8cf-af4b-4959-a746-b4aad012dd9b\"><span style=\"text-decoration: underline;\">Faire un don :<\/span><\/h3>\n\n\n\n<p id=\"block-1b207a12-4bcd-4010-9047-f59f10862ab5\">Pour faire vivre et participer activement \u00e0 cet office, <a href=\"http:\/\/www.acjbb-sud.org\/index.php\/faire-un-don\/\" target=\"_blank\" rel=\"noreferrer noopener\">faites un don<\/a> par internet ou envoyez vos ch\u00e8ques \u00e0 l&rsquo;ordre de \u00ab\u00a0<em>ACJBB Sud<\/em>\u00ab\u00a0,  au <strong>17 rue Barth\u00e9l\u00e9my Danjou<\/strong>. Toutes les participations sont bienvenues, <em>les petits ruisseaux faisant de grandes rivi\u00e8res<\/em>, nous parviendrons, tous ensemble, \u00e0 faire vivre l\u2019Office de Boulogne Sud.<br><br>Tizkou L\u00e9-Mitsvot !!!<\/p>\n\n\n\n<hr class=\"wp-block-separator has-css-opacity is-style-wide\"\/>\n\n\n\n<h3 class=\"wp-block-heading\" id=\"block-4c97c8cf-af4b-4959-a746-b4aad012dd9b\"><span style=\"text-decoration: underline;\">Cotisation annuelle :<\/span><\/h3>\n\n\n\n<p><strong>N&rsquo;oubliez pas de vous inscrire au Consistoire<\/strong> (60\u20ac minimum par personnes) afin de pouvoir \u00eatre \u00e9lecteur et \u00e9ligible pour les \u00e9lections \u00e0 venir.<\/p>\n\n\n\n<p>Vous pouvez r\u00e9gler votre cotisation annuelle sur le <a href=\"https:\/\/synaboulogne.us12.list-manage.com\/track\/click?u=f13343cbc4710ddbadcdef23f&amp;id=2ccca5826b&amp;e=744d346afc\" target=\"_blank\" rel=\"noreferrer noopener\">site du Consistoire<\/a>.<\/p>\n\n\n\n<hr class=\"wp-block-separator has-css-opacity is-style-wide\"\/>\n\n\n\n<h3 class=\"wp-block-heading\" id=\"block-1fca9ce7-0c19-4d83-bb99-511a3a95b416\"><span style=\"text-decoration: underline;\">Dons pour le Centre Culturel de Boulogne Billancourt :<\/span><\/h3>\n\n\n\n<p id=\"block-1a224de9-3276-4fc8-ba3f-fd19c0e1f5a3\">Le nouveau <a href=\"https:\/\/ccj-boulogne.com\" target=\"_blank\" rel=\"noreferrer noopener\">Centre Culturel juif de Boulogne<\/a> se situe \u00e0 l\u2019angle des rues Marcel Dassault et Danjou.<\/p>\n\n\n\n<p id=\"block-41d933ca-9886-487d-a642-c8ca33b4d8ee\">Il comprendra notamment :<\/p>\n\n\n\n<ul class=\"wp-block-list\" id=\"block-bc74a488-8718-4d73-ae4a-3c4664830925\">\n<li>Une Synagogue<\/li>\n\n\n\n<li>Le Centre Communautaire (CCIBB)<\/li>\n\n\n\n<li>Une salle polyvalente<\/li>\n\n\n\n<li>Une salle des f\u00eates<\/li>\n<\/ul>\n\n\n\n<p id=\"block-223f5a99-e9bd-4b84-a6c3-0ddbe1853b13\">Vous avez une occasion unique d\u2019inscrire votre nom, celui de vos familles, celui de vos disparus, dans un projet qui marquera l\u2019avenir de la vie juive \u00e0 Boulogne-Billancourt.<\/p>\n\n\n<div class=\"wp-block-image\">\n<figure class=\"aligncenter size-full\"><img loading=\"lazy\" decoding=\"async\" width=\"800\" height=\"450\" src=\"https:\/\/acjbb-sud.org\/wp-content\/uploads\/2022\/01\/ACJBB-CCJ92-Centre-Culturel-Juif-Boulogne-vue-cour-800-logos.png\" alt=\"\" class=\"wp-image-5164\" srcset=\"https:\/\/acjbb-sud.org\/wp-content\/uploads\/2022\/01\/ACJBB-CCJ92-Centre-Culturel-Juif-Boulogne-vue-cour-800-logos.png 800w, https:\/\/acjbb-sud.org\/wp-content\/uploads\/2022\/01\/ACJBB-CCJ92-Centre-Culturel-Juif-Boulogne-vue-cour-800-logos-300x169.png 300w, https:\/\/acjbb-sud.org\/wp-content\/uploads\/2022\/01\/ACJBB-CCJ92-Centre-Culturel-Juif-Boulogne-vue-cour-800-logos-768x432.png 768w, https:\/\/acjbb-sud.org\/wp-content\/uploads\/2022\/01\/ACJBB-CCJ92-Centre-Culturel-Juif-Boulogne-vue-cour-800-logos-720x405.png 720w\" sizes=\"auto, (max-width: 800px) 100vw, 800px\" \/><\/figure>\n<\/div>\n\n\n<p id=\"block-2472cef2-f3a1-44e3-bed8-19df0101f2b3\">Devenez acteur du devenir de la vie juive \u00e0 Boulogne en faisant un don pour la construction du Centre Culturel de Boulogne. Vous pouvez d\u00e9cider de diriger votre don vers la synagogue ACJBB ou vers le CCIBB, en nous l\u2019indiquant par message.<\/p>\n\n\n\n<p><strong>Il reste encore 3 \u00e9tages \u00e0 am\u00e9nager !!<\/strong><\/p>\n\n\n\n<p id=\"block-56cd1106-7046-4874-8498-c929557e25c1\">Si vous avez des question, <a href=\"mailto:synamail@acjbb.com?subject=&quot;Question sur la construction du Centre culturel&quot;\">envoyez-nous un message<\/a> !<\/p>\n\n\n\n<p id=\"block-46b01a20-1fad-4156-a639-d2d621f5698d\"><a rel=\"noreferrer noopener\" href=\"https:\/\/www.helloasso.com\/associations\/acjbb-2\/collectes\/construction-du-centre-juif-de-boulogne\" target=\"_blank\">Je participe \u00e0 la collecte pour la construction<\/a>.<\/p>\n\n\n\n<hr class=\"wp-block-separator has-css-opacity is-style-wide\"\/>\n\n\n\n<h3 class=\"wp-block-heading\" id=\"block-1fca9ce7-0c19-4d83-bb99-511a3a95b416\"><span style=\"text-decoration: underline;\">Talmud Torah de Boulogne :<\/span><\/h3>\n\n\n\n<p>Le talmud Torah de Boulogne innove pour attirer TOUS les enfants.<br>Renseignez-vous aupr\u00e8s du <strong>Rabbin Didier Kassabi<\/strong> ou du <strong>Hazan David Marciano<\/strong>.<\/p>\n\n\n\n<h3 class=\"wp-block-heading\" id=\"tous-les-dimanches-a-10h00\">Les cours ont lieu tous les dimanche \u00e0 partir de 10h00<\/h3>\n\n\n<div class=\"wp-block-image\">\n<figure class=\"aligncenter size-full is-resized\"><img loading=\"lazy\" decoding=\"async\" src=\"https:\/\/acjbb-sud.org\/wp-content\/uploads\/2022\/09\/ACJBB-Synagogue-Boulogne-Talmud-Torah-5782.jpg\" alt=\"\" class=\"wp-image-5745\" width=\"557\" height=\"768\" srcset=\"https:\/\/acjbb-sud.org\/wp-content\/uploads\/2022\/09\/ACJBB-Synagogue-Boulogne-Talmud-Torah-5782.jpg 743w, https:\/\/acjbb-sud.org\/wp-content\/uploads\/2022\/09\/ACJBB-Synagogue-Boulogne-Talmud-Torah-5782-218x300.jpg 218w, https:\/\/acjbb-sud.org\/wp-content\/uploads\/2022\/09\/ACJBB-Synagogue-Boulogne-Talmud-Torah-5782-720x992.jpg 720w\" sizes=\"auto, (max-width: 557px) 100vw, 557px\" \/><\/figure>\n<\/div>\n\n\n<hr class=\"wp-block-separator has-css-opacity is-style-wide\"\/>\n\n\n\n<h3 class=\"wp-block-heading\" id=\"block-1fca9ce7-0c19-4d83-bb99-511a3a95b416\"><span style=\"text-decoration: underline;\">CCIBB &#8211; Activit\u00e9s 2022-2023 : Informations et inscriptions :<\/span><\/h3>\n\n\n<div class=\"wp-block-image\">\n<figure class=\"aligncenter size-large is-resized\"><img loading=\"lazy\" decoding=\"async\" src=\"https:\/\/acjbb-sud.org\/wp-content\/uploads\/2022\/09\/ccibbactivites2022-2023bb-723x1024.jpg\" alt=\"\" class=\"wp-image-5762\" width=\"542\" height=\"768\" srcset=\"https:\/\/acjbb-sud.org\/wp-content\/uploads\/2022\/09\/ccibbactivites2022-2023bb-723x1024.jpg 723w, https:\/\/acjbb-sud.org\/wp-content\/uploads\/2022\/09\/ccibbactivites2022-2023bb-212x300.jpg 212w, https:\/\/acjbb-sud.org\/wp-content\/uploads\/2022\/09\/ccibbactivites2022-2023bb-768x1087.jpg 768w, https:\/\/acjbb-sud.org\/wp-content\/uploads\/2022\/09\/ccibbactivites2022-2023bb-720x1019.jpg 720w, https:\/\/acjbb-sud.org\/wp-content\/uploads\/2022\/09\/ccibbactivites2022-2023bb.jpg 876w\" sizes=\"auto, (max-width: 542px) 100vw, 542px\" \/><\/figure>\n<\/div>\n\n\n<p>plus d&rsquo;informations : <a href=\"https:\/\/ccibb.net\/2021\/08\/activites-2021-2022-informations-inscriptions-reprise\/\" target=\"_blank\" rel=\"noreferrer noopener\">ccibb.net<\/a><\/p>\n\n\n\n<hr class=\"wp-block-separator has-css-opacity is-style-wide\"\/>\n\n\n\n<h3 class=\"wp-block-heading\" id=\"block-1fca9ce7-0c19-4d83-bb99-511a3a95b416\"><span style=\"text-decoration: underline;\">Oulpan avec le CCIBB et l&rsquo;OMS :<\/span><\/h3>\n\n\n<div class=\"wp-block-image is-style-default\">\n<figure class=\"aligncenter size-large is-resized\"><img loading=\"lazy\" decoding=\"async\" src=\"https:\/\/acjbb-sud.org\/wp-content\/uploads\/2020\/10\/CCIBB-Affiche-reunion-inscription-oulpan-OSM-2020-2021-734x1024.jpeg\" alt=\"\" class=\"wp-image-3878\" width=\"551\" height=\"768\" srcset=\"https:\/\/acjbb-sud.org\/wp-content\/uploads\/2020\/10\/CCIBB-Affiche-reunion-inscription-oulpan-OSM-2020-2021-734x1024.jpeg 734w, https:\/\/acjbb-sud.org\/wp-content\/uploads\/2020\/10\/CCIBB-Affiche-reunion-inscription-oulpan-OSM-2020-2021-215x300.jpeg 215w, https:\/\/acjbb-sud.org\/wp-content\/uploads\/2020\/10\/CCIBB-Affiche-reunion-inscription-oulpan-OSM-2020-2021-768x1072.jpeg 768w, https:\/\/acjbb-sud.org\/wp-content\/uploads\/2020\/10\/CCIBB-Affiche-reunion-inscription-oulpan-OSM-2020-2021-1101x1536.jpeg 1101w, https:\/\/acjbb-sud.org\/wp-content\/uploads\/2020\/10\/CCIBB-Affiche-reunion-inscription-oulpan-OSM-2020-2021-1467x2048.jpeg 1467w, https:\/\/acjbb-sud.org\/wp-content\/uploads\/2020\/10\/CCIBB-Affiche-reunion-inscription-oulpan-OSM-2020-2021-720x1005.jpeg 720w, https:\/\/acjbb-sud.org\/wp-content\/uploads\/2020\/10\/CCIBB-Affiche-reunion-inscription-oulpan-OSM-2020-2021-scaled.jpeg 1834w\" sizes=\"auto, (max-width: 551px) 100vw, 551px\" \/><\/figure>\n<\/div>\n\n\n<hr class=\"wp-block-separator has-css-opacity is-style-wide\"\/>\n\n\n\n<h3 class=\"wp-block-heading\" id=\"block-0a78bf73-6f7d-4326-9f07-299e153ed995\"><span style=\"text-decoration: underline;\">Dvar Torah :<\/span><\/h3>\n\n\n\n<p id=\"block-a6d72ecc-452b-4ff0-b897-259c06dce164\"><em><strong>du Rav Mika\u00ebl Mouyal<\/strong><\/em> :<\/p>\n\n\n\n<p>T\u00e9l\u00e9chargez le Dvar Torah directement en PDF afin de l\u2019imprimer et le lire plus facilement :<br><a href=\"https:\/\/acjbb-sud.org\/wp-content\/uploads\/2023\/05\/ACJBB-Boulogne-Sud-Dvar-Torah-Sidra-Rav-Mouyal-Behar-Behoukotay-v2-5783.pdf\" target=\"_blank\" rel=\"noreferrer noopener\">Sidra B\u00e9har &#8211; B\u00e9&rsquo;houkota\u00ef<\/a>.<br><a href=\"https:\/\/acjbb-sud.org\/wp-content\/uploads\/2023\/05\/ACJBB-Boulogne-Sud-Dvar-Torah-Rav-Mouyal-Delices-behar-behoukotay-5783.pdf\" target=\"_blank\" rel=\"noreferrer noopener\">Les D\u00e9lices de B\u00e9har &#8211; B\u00e9&rsquo;houkota\u00ef<\/a>.<\/p>\n\n\n\n<p id=\"block-a6d72ecc-452b-4ff0-b897-259c06dce164\">Retrouvez tous les commentaires et sidrots sur la Paracha par le Rav Mika\u00ebl Mouyal sur <a href=\"https:\/\/acjbb-sud.org\/index.php\/dvar-torah-sidra-rav-mouyal\/\" target=\"_blank\" rel=\"noreferrer noopener\">cette page<\/a>.<\/p>\n\n\n\n<p>Retrouvez les Divr\u00e9 Torah en vid\u00e9os sur notre <a href=\"https:\/\/www.youtube.com\/channel\/UC20u-GBY1CIXXcjbM96fPxw\" target=\"_blank\" rel=\"noreferrer noopener\">chaine YouTube<\/a>.<\/p>\n\n\n\n<p id=\"block-b6109842-1a53-4f02-9d74-dab7a535c9df\"><em><strong>du Rabbin Didier Kassabi :<\/strong><\/em><\/p>\n\n\n\n<p>T\u00e9l\u00e9chargez le Dvar Torah directement en PDF afin de l\u2019imprimer et le lire plus facilement :<br><a href=\"https:\/\/synaboulogne.com\/wp-content\/uploads\/2023\/05\/ACJBB-Boulogne-Dvar-Torah-Rabbin-Didier-Kassabi-Behar-Behoukotai-5783.pdf\" target=\"_blank\" rel=\"noreferrer noopener\">Dvar Torah B\u00e9har &#8211; B\u00e9&rsquo;houkota\u00ef<\/a>.<\/p>\n\n\n\n<p id=\"block-a68290c3-5f19-4d18-839f-11ee7629c218\">Retrouvez tous les Divrei Torah sur la Paracha par le Rabbin Didier Kassabi sur <a href=\"https:\/\/synaboulogne.com\/dvar-torah-du-rabbin-didier-kassabi\/\" target=\"_blank\" rel=\"noreferrer noopener\">cette page.<\/a><\/p>\n\n\n\n<p>Retrouvez les Divr\u00e9 Torah en vid\u00e9os sur la <a href=\"https:\/\/www.youtube.com\/synagoguedeboulogne\" target=\"_blank\" rel=\"noreferrer noopener\">chaine YouTube de la Synagogue de Boulogne<\/a>.<\/p>\n","protected":false},"excerpt":{"rendered":"<p>Paracha B\u00e9har &#8211; B\u00e9&rsquo;houkota\u00ef \/ \u05e4\u05e8\u05e9\u05d4 \u05d1\u05d4\u05e8 &#8211; \u05d1\u05d7\u05e7\u05ea\u05d9 12\/13 mai 2023 &#8211; 22 Iyar 5783 \/ \u05db&rsquo;\u05d1 \u05d0\u05d9\u05d9\u05e8 \u05ea\u05e9\u05e4&rsquo;\u05d2D\u00e9but vendredi soir \u00e0 21h03 &#8211; Fin samedi soir \u00e0 22h21 Les horaires de Chabbat : Vendredi soir :18h30 : Cours par le Rav Mika\u00ebl MOUYAL sur le Chomer Emounim19h00 : Chir HaChirim19h15 : Min&rsquo;ha19h35 : &hellip; <\/p>\n<p><a class=\"more-link btn\" href=\"https:\/\/acjbb-sud.org\/index.php\/2023\/05\/11\/chabbat-behar-behoukotai-5783\/\">Lire la suite<\/a><\/p>\n","protected":false},"author":1,"featured_media":6161,"comment_status":"open","ping_status":"open","sticky":false,"template":"","format":"standard","meta":{"jetpack_post_was_ever_published":false,"_jetpack_newsletter_access":"","_jetpack_dont_email_post_to_subs":false,"_jetpack_newsletter_tier_id":0,"_jetpack_memberships_contains_paywalled_content":false,"_jetpack_memberships_contains_paid_content":false,"footnotes":"","jetpack_publicize_message":"","jetpack_publicize_feature_enabled":true,"jetpack_social_post_already_shared":true,"jetpack_social_options":{"image_generator_settings":{"template":"highway","default_image_id":0,"font":"","enabled":false},"version":2}},"categories":[3],"tags":[],"class_list":["post-6511","post","type-post","status-publish","format-standard","has-post-thumbnail","hentry","category-chabbat","item-wrap"],"yoast_head":"<!-- This site is optimized with the Yoast SEO plugin v26.6 - https:\/\/yoast.com\/wordpress\/plugins\/seo\/ -->\n<title>Chabbat B\u00e9har - B\u00e9&#039;houkota\u00ef - Synagogue ACJBB Boulogne Sud<\/title>\n<meta name=\"robots\" content=\"index, follow, max-snippet:-1, max-image-preview:large, max-video-preview:-1\" \/>\n<link rel=\"canonical\" href=\"https:\/\/acjbb-sud.org\/index.php\/2023\/05\/11\/chabbat-behar-behoukotai-5783\/\" \/>\n<meta property=\"og:locale\" content=\"fr_FR\" \/>\n<meta property=\"og:type\" content=\"article\" \/>\n<meta property=\"og:title\" content=\"Chabbat B\u00e9har - B\u00e9&#039;houkota\u00ef - Synagogue ACJBB Boulogne Sud\" \/>\n<meta property=\"og:description\" content=\"Paracha B\u00e9har &#8211; B\u00e9&rsquo;houkota\u00ef \/ \u05e4\u05e8\u05e9\u05d4 \u05d1\u05d4\u05e8 &#8211; \u05d1\u05d7\u05e7\u05ea\u05d9 12\/13 mai 2023 &#8211; 22 Iyar 5783 \/ \u05db&rsquo;\u05d1 \u05d0\u05d9\u05d9\u05e8 \u05ea\u05e9\u05e4&rsquo;\u05d2D\u00e9but vendredi soir \u00e0 21h03 &#8211; Fin samedi soir \u00e0 22h21 Les horaires de Chabbat : Vendredi soir :18h30 : Cours par le Rav Mika\u00ebl MOUYAL sur le Chomer Emounim19h00 : Chir HaChirim19h15 : Min&rsquo;ha19h35 : &hellip; Lire la suite\" \/>\n<meta property=\"og:url\" content=\"https:\/\/acjbb-sud.org\/index.php\/2023\/05\/11\/chabbat-behar-behoukotai-5783\/\" \/>\n<meta property=\"og:site_name\" content=\"Synagogue ACJBB Boulogne Sud\" \/>\n<meta property=\"article:published_time\" content=\"2023-05-11T12:54:12+00:00\" \/>\n<meta property=\"article:modified_time\" content=\"2023-05-11T19:33:03+00:00\" \/>\n<meta property=\"og:image\" content=\"https:\/\/acjbb-sud.org\/wp-content\/uploads\/2023\/01\/ACJBB-Centre-Culturel-Juif-Boulogne-interieur-syna-20230105-600.jpg\" \/>\n\t<meta property=\"og:image:width\" content=\"600\" \/>\n\t<meta property=\"og:image:height\" content=\"284\" \/>\n\t<meta property=\"og:image:type\" content=\"image\/jpeg\" \/>\n<meta name=\"author\" content=\"AcjbbSud\" \/>\n<meta name=\"twitter:card\" content=\"summary_large_image\" \/>\n<meta name=\"twitter:label1\" content=\"\u00c9crit par\" \/>\n\t<meta name=\"twitter:data1\" content=\"AcjbbSud\" \/>\n\t<meta name=\"twitter:label2\" content=\"Dur\u00e9e de lecture estim\u00e9e\" \/>\n\t<meta name=\"twitter:data2\" content=\"8 minutes\" \/>\n<script type=\"application\/ld+json\" class=\"yoast-schema-graph\">{\"@context\":\"https:\/\/schema.org\",\"@graph\":[{\"@type\":\"WebPage\",\"@id\":\"https:\/\/acjbb-sud.org\/index.php\/2023\/05\/11\/chabbat-behar-behoukotai-5783\/\",\"url\":\"https:\/\/acjbb-sud.org\/index.php\/2023\/05\/11\/chabbat-behar-behoukotai-5783\/\",\"name\":\"Chabbat B\u00e9har - B\u00e9'houkota\u00ef - Synagogue ACJBB Boulogne Sud\",\"isPartOf\":{\"@id\":\"https:\/\/acjbb-sud.org\/#website\"},\"primaryImageOfPage\":{\"@id\":\"https:\/\/acjbb-sud.org\/index.php\/2023\/05\/11\/chabbat-behar-behoukotai-5783\/#primaryimage\"},\"image\":{\"@id\":\"https:\/\/acjbb-sud.org\/index.php\/2023\/05\/11\/chabbat-behar-behoukotai-5783\/#primaryimage\"},\"thumbnailUrl\":\"https:\/\/acjbb-sud.org\/wp-content\/uploads\/2023\/01\/ACJBB-Centre-Culturel-Juif-Boulogne-interieur-syna-20230105-600.jpg\",\"datePublished\":\"2023-05-11T12:54:12+00:00\",\"dateModified\":\"2023-05-11T19:33:03+00:00\",\"author\":{\"@id\":\"https:\/\/acjbb-sud.org\/#\/schema\/person\/adc8f09fb72c9d0dc78509106dc5e9f0\"},\"breadcrumb\":{\"@id\":\"https:\/\/acjbb-sud.org\/index.php\/2023\/05\/11\/chabbat-behar-behoukotai-5783\/#breadcrumb\"},\"inLanguage\":\"fr-FR\",\"potentialAction\":[{\"@type\":\"ReadAction\",\"target\":[\"https:\/\/acjbb-sud.org\/index.php\/2023\/05\/11\/chabbat-behar-behoukotai-5783\/\"]}]},{\"@type\":\"ImageObject\",\"inLanguage\":\"fr-FR\",\"@id\":\"https:\/\/acjbb-sud.org\/index.php\/2023\/05\/11\/chabbat-behar-behoukotai-5783\/#primaryimage\",\"url\":\"https:\/\/acjbb-sud.org\/wp-content\/uploads\/2023\/01\/ACJBB-Centre-Culturel-Juif-Boulogne-interieur-syna-20230105-600.jpg\",\"contentUrl\":\"https:\/\/acjbb-sud.org\/wp-content\/uploads\/2023\/01\/ACJBB-Centre-Culturel-Juif-Boulogne-interieur-syna-20230105-600.jpg\",\"width\":600,\"height\":284},{\"@type\":\"BreadcrumbList\",\"@id\":\"https:\/\/acjbb-sud.org\/index.php\/2023\/05\/11\/chabbat-behar-behoukotai-5783\/#breadcrumb\",\"itemListElement\":[{\"@type\":\"ListItem\",\"position\":1,\"name\":\"Accueil\",\"item\":\"https:\/\/acjbb-sud.org\/\"},{\"@type\":\"ListItem\",\"position\":2,\"name\":\"Chabbat B\u00e9har &#8211; B\u00e9&rsquo;houkota\u00ef\"}]},{\"@type\":\"WebSite\",\"@id\":\"https:\/\/acjbb-sud.org\/#website\",\"url\":\"https:\/\/acjbb-sud.org\/\",\"name\":\"Synagogue ACJBB Boulogne Sud\",\"description\":\"Synagogue \/ Association Communautaire Juive de Boulogne Billancourt (Sud)\",\"potentialAction\":[{\"@type\":\"SearchAction\",\"target\":{\"@type\":\"EntryPoint\",\"urlTemplate\":\"https:\/\/acjbb-sud.org\/?s={search_term_string}\"},\"query-input\":{\"@type\":\"PropertyValueSpecification\",\"valueRequired\":true,\"valueName\":\"search_term_string\"}}],\"inLanguage\":\"fr-FR\"},{\"@type\":\"Person\",\"@id\":\"https:\/\/acjbb-sud.org\/#\/schema\/person\/adc8f09fb72c9d0dc78509106dc5e9f0\",\"name\":\"AcjbbSud\",\"image\":{\"@type\":\"ImageObject\",\"inLanguage\":\"fr-FR\",\"@id\":\"https:\/\/acjbb-sud.org\/#\/schema\/person\/image\/\",\"url\":\"https:\/\/secure.gravatar.com\/avatar\/ea30fe7a8231c8c0bf30066f86006714af7be34ba414543eaab3e453b92901aa?s=96&d=mm&r=g\",\"contentUrl\":\"https:\/\/secure.gravatar.com\/avatar\/ea30fe7a8231c8c0bf30066f86006714af7be34ba414543eaab3e453b92901aa?s=96&d=mm&r=g\",\"caption\":\"AcjbbSud\"},\"url\":\"https:\/\/acjbb-sud.org\/index.php\/author\/acjbbsud\/\"}]}<\/script>\n<!-- \/ Yoast SEO plugin. -->","yoast_head_json":{"title":"Chabbat B\u00e9har - B\u00e9'houkota\u00ef - Synagogue ACJBB Boulogne Sud","robots":{"index":"index","follow":"follow","max-snippet":"max-snippet:-1","max-image-preview":"max-image-preview:large","max-video-preview":"max-video-preview:-1"},"canonical":"https:\/\/acjbb-sud.org\/index.php\/2023\/05\/11\/chabbat-behar-behoukotai-5783\/","og_locale":"fr_FR","og_type":"article","og_title":"Chabbat B\u00e9har - B\u00e9'houkota\u00ef - Synagogue ACJBB Boulogne Sud","og_description":"Paracha B\u00e9har &#8211; B\u00e9&rsquo;houkota\u00ef \/ \u05e4\u05e8\u05e9\u05d4 \u05d1\u05d4\u05e8 &#8211; \u05d1\u05d7\u05e7\u05ea\u05d9 12\/13 mai 2023 &#8211; 22 Iyar 5783 \/ \u05db&rsquo;\u05d1 \u05d0\u05d9\u05d9\u05e8 \u05ea\u05e9\u05e4&rsquo;\u05d2D\u00e9but vendredi soir \u00e0 21h03 &#8211; Fin samedi soir \u00e0 22h21 Les horaires de Chabbat : Vendredi soir :18h30 : Cours par le Rav Mika\u00ebl MOUYAL sur le Chomer Emounim19h00 : Chir HaChirim19h15 : Min&rsquo;ha19h35 : &hellip; Lire la suite","og_url":"https:\/\/acjbb-sud.org\/index.php\/2023\/05\/11\/chabbat-behar-behoukotai-5783\/","og_site_name":"Synagogue ACJBB Boulogne Sud","article_published_time":"2023-05-11T12:54:12+00:00","article_modified_time":"2023-05-11T19:33:03+00:00","og_image":[{"width":600,"height":284,"url":"https:\/\/acjbb-sud.org\/wp-content\/uploads\/2023\/01\/ACJBB-Centre-Culturel-Juif-Boulogne-interieur-syna-20230105-600.jpg","type":"image\/jpeg"}],"author":"AcjbbSud","twitter_card":"summary_large_image","twitter_misc":{"\u00c9crit par":"AcjbbSud","Dur\u00e9e de lecture estim\u00e9e":"8 minutes"},"schema":{"@context":"https:\/\/schema.org","@graph":[{"@type":"WebPage","@id":"https:\/\/acjbb-sud.org\/index.php\/2023\/05\/11\/chabbat-behar-behoukotai-5783\/","url":"https:\/\/acjbb-sud.org\/index.php\/2023\/05\/11\/chabbat-behar-behoukotai-5783\/","name":"Chabbat B\u00e9har - B\u00e9'houkota\u00ef - Synagogue ACJBB Boulogne Sud","isPartOf":{"@id":"https:\/\/acjbb-sud.org\/#website"},"primaryImageOfPage":{"@id":"https:\/\/acjbb-sud.org\/index.php\/2023\/05\/11\/chabbat-behar-behoukotai-5783\/#primaryimage"},"image":{"@id":"https:\/\/acjbb-sud.org\/index.php\/2023\/05\/11\/chabbat-behar-behoukotai-5783\/#primaryimage"},"thumbnailUrl":"https:\/\/acjbb-sud.org\/wp-content\/uploads\/2023\/01\/ACJBB-Centre-Culturel-Juif-Boulogne-interieur-syna-20230105-600.jpg","datePublished":"2023-05-11T12:54:12+00:00","dateModified":"2023-05-11T19:33:03+00:00","author":{"@id":"https:\/\/acjbb-sud.org\/#\/schema\/person\/adc8f09fb72c9d0dc78509106dc5e9f0"},"breadcrumb":{"@id":"https:\/\/acjbb-sud.org\/index.php\/2023\/05\/11\/chabbat-behar-behoukotai-5783\/#breadcrumb"},"inLanguage":"fr-FR","potentialAction":[{"@type":"ReadAction","target":["https:\/\/acjbb-sud.org\/index.php\/2023\/05\/11\/chabbat-behar-behoukotai-5783\/"]}]},{"@type":"ImageObject","inLanguage":"fr-FR","@id":"https:\/\/acjbb-sud.org\/index.php\/2023\/05\/11\/chabbat-behar-behoukotai-5783\/#primaryimage","url":"https:\/\/acjbb-sud.org\/wp-content\/uploads\/2023\/01\/ACJBB-Centre-Culturel-Juif-Boulogne-interieur-syna-20230105-600.jpg","contentUrl":"https:\/\/acjbb-sud.org\/wp-content\/uploads\/2023\/01\/ACJBB-Centre-Culturel-Juif-Boulogne-interieur-syna-20230105-600.jpg","width":600,"height":284},{"@type":"BreadcrumbList","@id":"https:\/\/acjbb-sud.org\/index.php\/2023\/05\/11\/chabbat-behar-behoukotai-5783\/#breadcrumb","itemListElement":[{"@type":"ListItem","position":1,"name":"Accueil","item":"https:\/\/acjbb-sud.org\/"},{"@type":"ListItem","position":2,"name":"Chabbat B\u00e9har &#8211; B\u00e9&rsquo;houkota\u00ef"}]},{"@type":"WebSite","@id":"https:\/\/acjbb-sud.org\/#website","url":"https:\/\/acjbb-sud.org\/","name":"Synagogue ACJBB Boulogne Sud","description":"Synagogue \/ Association Communautaire Juive de Boulogne Billancourt (Sud)","potentialAction":[{"@type":"SearchAction","target":{"@type":"EntryPoint","urlTemplate":"https:\/\/acjbb-sud.org\/?s={search_term_string}"},"query-input":{"@type":"PropertyValueSpecification","valueRequired":true,"valueName":"search_term_string"}}],"inLanguage":"fr-FR"},{"@type":"Person","@id":"https:\/\/acjbb-sud.org\/#\/schema\/person\/adc8f09fb72c9d0dc78509106dc5e9f0","name":"AcjbbSud","image":{"@type":"ImageObject","inLanguage":"fr-FR","@id":"https:\/\/acjbb-sud.org\/#\/schema\/person\/image\/","url":"https:\/\/secure.gravatar.com\/avatar\/ea30fe7a8231c8c0bf30066f86006714af7be34ba414543eaab3e453b92901aa?s=96&d=mm&r=g","contentUrl":"https:\/\/secure.gravatar.com\/avatar\/ea30fe7a8231c8c0bf30066f86006714af7be34ba414543eaab3e453b92901aa?s=96&d=mm&r=g","caption":"AcjbbSud"},"url":"https:\/\/acjbb-sud.org\/index.php\/author\/acjbbsud\/"}]}},"jetpack_publicize_connections":[],"jetpack_featured_media_url":"https:\/\/acjbb-sud.org\/wp-content\/uploads\/2023\/01\/ACJBB-Centre-Culturel-Juif-Boulogne-interieur-syna-20230105-600.jpg","jetpack_sharing_enabled":true,"jetpack_shortlink":"https:\/\/wp.me\/p7sjOI-1H1","jetpack_likes_enabled":true,"_links":{"self":[{"href":"https:\/\/acjbb-sud.org\/index.php\/wp-json\/wp\/v2\/posts\/6511","targetHints":{"allow":["GET"]}}],"collection":[{"href":"https:\/\/acjbb-sud.org\/index.php\/wp-json\/wp\/v2\/posts"}],"about":[{"href":"https:\/\/acjbb-sud.org\/index.php\/wp-json\/wp\/v2\/types\/post"}],"author":[{"embeddable":true,"href":"https:\/\/acjbb-sud.org\/index.php\/wp-json\/wp\/v2\/users\/1"}],"replies":[{"embeddable":true,"href":"https:\/\/acjbb-sud.org\/index.php\/wp-json\/wp\/v2\/comments?post=6511"}],"version-history":[{"count":6,"href":"https:\/\/acjbb-sud.org\/index.php\/wp-json\/wp\/v2\/posts\/6511\/revisions"}],"predecessor-version":[{"id":6525,"href":"https:\/\/acjbb-sud.org\/index.php\/wp-json\/wp\/v2\/posts\/6511\/revisions\/6525"}],"wp:featuredmedia":[{"embeddable":true,"href":"https:\/\/acjbb-sud.org\/index.php\/wp-json\/wp\/v2\/media\/6161"}],"wp:attachment":[{"href":"https:\/\/acjbb-sud.org\/index.php\/wp-json\/wp\/v2\/media?parent=6511"}],"wp:term":[{"taxonomy":"category","embeddable":true,"href":"https:\/\/acjbb-sud.org\/index.php\/wp-json\/wp\/v2\/categories?post=6511"},{"taxonomy":"post_tag","embeddable":true,"href":"https:\/\/acjbb-sud.org\/index.php\/wp-json\/wp\/v2\/tags?post=6511"}],"curies":[{"name":"wp","href":"https:\/\/api.w.org\/{rel}","templated":true}]}}