{"id":743,"date":"2017-05-28T12:55:45","date_gmt":"2017-05-28T10:55:45","guid":{"rendered":"http:\/\/www.acjbb-sud.org\/?p=743"},"modified":"2018-03-26T14:47:23","modified_gmt":"2018-03-26T12:47:23","slug":"chavouot-5777","status":"publish","type":"post","link":"https:\/\/acjbb-sud.org\/index.php\/2017\/05\/28\/chavouot-5777\/","title":{"rendered":"Chavouot"},"content":{"rendered":"<h1 style=\"text-align: center; padding-left: 30px;\"><strong>Chavouot \/ <span dir=\"RTL\" lang=\"HE\">\u05e9\u05d1\u05d5\u05e2\u05d5\u05ea <\/span><\/strong><\/h1>\n<h2 style=\"text-align: center;\"><strong>30 mai\/1er juin 2017 &#8211; 6\/7 Sivan 5777 \/ <span dir=\"RTL\" lang=\"HE\"> \u05d5\/\u05d6 \u05e1\u05d9\u05d5\u05df \u05ea\u05e9\u05e2&rsquo;\u05d6<\/span><\/strong><\/h2>\n<p style=\"text-align: justify;\"><img decoding=\"async\" class=\"size-full wp-image-88 aligncenter\" src=\"http:\/\/acjbb-sud.org\/wp-content\/uploads\/2016\/06\/Chavouot-1.jpg\" alt=\"\" width=\"500\" srcset=\"https:\/\/acjbb-sud.org\/wp-content\/uploads\/2016\/06\/Chavouot-1.jpg 670w, https:\/\/acjbb-sud.org\/wp-content\/uploads\/2016\/06\/Chavouot-1-300x134.jpg 300w, https:\/\/acjbb-sud.org\/wp-content\/uploads\/2016\/06\/Chavouot-1-500x224.jpg 500w\" sizes=\"(max-width: 670px) 100vw, 670px\" \/><\/p>\n<h2><strong><span style=\"text-decoration: underline;\">Les Horaires :<\/span><br \/>\n<\/strong><\/h2>\n<p><em><strong>Mardi 30 mai \/ Veille de Chavouot :<\/strong><\/em><br \/>\n<strong>19h30<\/strong> : Min\u2019ha suivi de Arvit<br \/>\n<strong>20h10<\/strong> : Allumage des bougies (heure maximum pour l&rsquo;allumage : 21h25)<br \/>\nAllumer une bougie de 24H pour pouvoir allumer les bougies le 2\u00e8me soir.<\/p>\n<p><strong>00h00 \u00e0 05h00<\/strong> : Veill\u00e9e de Chavouot. <strong>Venez tr\u00e8s nombreux !!!<\/strong><\/p>\n<p><em><strong>Le programme de la veill\u00e9e :<\/strong><\/em><br \/>\n<strong>00h00 \u00e0 01h15<\/strong> : \u00c9tude sur texte par <strong>Shlomo BOTBOL<\/strong> : \u201c<em>De la Bont\u00e9 d&rsquo;Avraham \u00e0 la Royaut\u00e9 de David<\/em>\u201d.<br \/>\n<strong>01h30 \u00e0 02h45<\/strong> : Cours du <strong>Rav Mika\u00ebl MOUYAL<\/strong> : \u201c<em>Le Yom-Tov, ou la force de nos sages<\/em>\u201d.<br \/>\n<strong>03h00 \u00e0 04h15<\/strong> : Cours de <strong>M. Rapha\u00ebl BENSIMHON<\/strong> : \u201c<em>Les Dix Commandements<\/em>\u201d.<br \/>\n<strong>04h30 \u00e0 05h00<\/strong> : Cours de <strong>M. Laurent COHEN SALMON<\/strong> : \u201c<em>Construire son monde<\/em>\u201d.<br \/>\nFil rouge entre chaque cours avec un quizz sur la Thorah !<\/p>\n<p><em><strong>Mercredi 31 mai \/ 1er jour de Chavouot :<\/strong><\/em><br \/>\n<strong>05h15<\/strong> : Cha&rsquo;harit, 1er office<br \/>\n<strong>05h52<\/strong> : Nets \/ <span dir=\"RTL\" lang=\"HE\">\u05e0\u05e5 \u05d4\u05d7\u05de\u05d4<\/span><\/p>\n<p><strong>09h10<\/strong> : Cha\u2019harit, 2\u00e8me office<br \/>\n<strong>11h15<\/strong> : Lecture des Dix Commandements<br \/>\nL&rsquo;office sera suivi d\u2019un Kiddouch laitage.<\/p>\n<p><em><strong>Mercredi apr\u00e8s-midi :<\/strong><\/em><br \/>\n<strong>19h00<\/strong> : Lecture de Ruth et des Azharots<br \/>\n<strong>19h30<\/strong> : Min\u2019ha, suivi de Arvit du 2\u00e8me jour de f\u00eate<br \/>\n<strong>20h10<\/strong> : Allumage des bougies du 2\u00e8me jour de Yom Tov, <strong>\u00e0 partir d&rsquo;une flamme existante (allum\u00e9e avant la f\u00eate)<\/strong>.<\/p>\n<p><em><strong>Jeudi 1er Juin \/ 2\u00e8me jour de Chavouot :<\/strong><\/em><br \/>\n<strong>09h10<\/strong> : Cha\u2019harit<br \/>\nDvar Thorah par <strong>le Rav Mika\u00ebl MOUYAL<\/strong><br \/>\n<strong>11h15<\/strong> : Yzkor<br \/>\nL&rsquo;office sera suivi d\u2019un Kiddouch communautaire.<\/p>\n<p><em><strong>Jeudi apr\u00e8s-midi :<\/strong><\/em><br \/>\n<strong>20h00<\/strong> : Cours par <strong>le Rav Mika\u00ebl MOUYAL<\/strong><br \/>\n<strong>21h00<\/strong> : Lecture de Ruth et des Azharots<br \/>\n<strong>21h30<\/strong> : Min\u2019ha, suivi d&rsquo;un cours<br \/>\n<strong>21h45<\/strong> : Shquiya \/ <span dir=\"RTL\" lang=\"HE\">\u05e9\u05e7\u05e2\u05ea \u05d4\u05d7\u05de\u05d4<\/span><\/p>\n<p><strong><em>Jeudi soir :<\/em> <\/strong><br \/>\n<strong>22h50<\/strong> : Fin de la f\u00eate, Arvit et Havdala.<br \/>\nHavdala sur le vin (ou jus de raisin) uniquement.<\/p>\n<hr \/>\n<h2><strong><span style=\"text-decoration: underline;\">Birkat HaL\u00e9vana :<\/span><br \/>\n<\/strong><\/h2>\n<p>La Birkat Ha-L\u00e9vana (pri\u00e8re pour la lune) pourra \u00eatre faite entre le jeudi 1er et le jeudi 8 juin 2017, lorsque la lune est visible.<\/p>\n<hr \/>\n<h2><strong><span style=\"text-decoration: underline;\">Beth Hamidrach :<\/span><br \/>\n<\/strong><\/h2>\n<p style=\"text-align: justify;\">Le <strong>Rabbin Didier Kassabi<\/strong> donne un cours de Guemara pour jeunes adultes chaque lundi soir de 20h \u00e0 21h \u00e0 la Synagogue de Boulogne Billancourt, 43 rue des abondances.<\/p>\n<hr \/>\n<h2><strong><span style=\"text-decoration: underline;\">\u00ab Les AMIS de la REFOUA \u00bb &#8211; Visite aux malades :<\/span><br \/>\n<\/strong><\/h2>\n<p style=\"text-align: justify;\">Des b\u00e9n\u00e9voles de Boulogne proposent aux personnes qui le demandent : l&rsquo;organisation d&rsquo;une chaine de lecture de T\u00e9hilims pour la gu\u00e9rison de nos malades, de prendre de leurs nouvelles et leur rendre visite dans les h\u00f4pitaux.<br \/>\nCes actions se font dans la plus grande discr\u00e9tion et s&rsquo;inscrivent dans le cadre du b\u00e9n\u00e9volat.<br \/>\nVous pourrez joindre &#8211; <em>les AMIS de la REFOUA<\/em> &#8211; au 06.03.75.34.15, ou par courriel \u00e0 : <a href=\"mailto:israelalbert1@gmail.com\">israelalbert1@gmail.com<\/a><br \/>\nVous pouvez aussi faire partie de ces b\u00e9n\u00e9voles, nous vous remercions par avance.<\/p>\n<hr \/>\n<h2><strong><span style=\"text-decoration: underline;\">S\u00e9curit\u00e9 SPCJ :<\/span><br \/>\n<\/strong><\/h2>\n<p style=\"text-align: justify;\"><strong>La s\u00e9curit\u00e9 est l&rsquo;affaire de tous ! Le SPCJ a besoin de chacun d&rsquo;entre nous !<\/strong><br \/>\nLa protection de la vie communautaire est plus que jamais l&rsquo;affaire de tous ! Vous en \u00eates les premiers acteurs ! Votre mobilisation est essentielle et n\u00e9cessaire !<br \/>\nSi vous souhaitez nous aider \u00e0 assurer la protection de l&rsquo;office, rapprochez-vous de nous !<br \/>\nPlus nous serons nombreux \u00e0 nous mobiliser et assurer des relais de garde, plus nous passerons du temps \u00e0 prier !<\/p>\n<hr \/>\n<h2><strong><span style=\"text-decoration: underline;\">Information ACJBB Boulogne Sud :<\/span><br \/>\n<\/strong><\/h2>\n<p style=\"text-align: justify;\">Retrouvez toutes les informations de l\u2019office sur : <a href=\"http:\/\/www.acjbb-sud.org\" target=\"_blank\" rel=\"noopener noreferrer\">www.acjbb-sud.org<\/a>.<br \/>\nSi vous souhaitez recevoir par mail la newsletter de l&rsquo;office, inscrivez-vous en nous envoyant un mail \u00e0 <a href=\"mailto:officeboulognesud@gmail.com\">officeboulognesud@gmail.com<\/a>.<br \/>\nRetrouvez \u00e9galement toutes les informations sur la page Facebook de l&rsquo;office : <a href=\".http:\/\/facebook.com\/acjbbsud\" target=\"_blank\" rel=\"noopener noreferrer\">facebook.com\/acjbbsud<\/a>.<\/p>\n<hr \/>\n<h2><strong><span style=\"text-decoration: underline;\">R\u00e9servation des espaces communautaires :<\/span><br \/>\n<\/strong><\/h2>\n<p style=\"text-align: justify;\">Vous souhaitez organiser une manifestation (Brith-Mila, Bar-Mitsvah et Bat-Mitsvah, Mariage, Azkara, Soir\u00e9e Mikv\u00e9 Kala, etc&#8230; ) dans les espaces de la <strong>Synagogue de Boulogne<\/strong>, 43 rue des Abondances, contactez M. Alain Chicheportiche 06.95.62.58.41 &#8211; <a href=\"mailto:alainchicheportiche92@gmail.com\">alainchicheportiche92@gmail.com<\/a><\/p>\n<p style=\"text-align: justify;\">Vous souhaitez r\u00e9server la salle de <strong>Boulogne Sud<\/strong>, 134 bis rue du point du jour Boulogne Billancourt, contactez M. Patrick Sebban 06.03.02.30.78 &#8211; <a href=\"mailto:patrick.sebban2@paris.fr\">patrick.sebban2@paris.fr<\/a><\/p>\n<hr \/>\n<h2><strong><span style=\"text-decoration: underline;\">Faire un don :<\/span><br \/>\n<\/strong><\/h2>\n<p style=\"text-align: justify;\">Pour faire vivre et participer activement \u00e0 cet office, <a href=\"http:\/\/www.acjbb-sud.org\/index.php\/faire-un-don\/\" target=\"_blank\" rel=\"noopener noreferrer\">faites un don<\/a> par internet ou envoyez vos ch\u00e8ques au <strong>134 bis rue du Point du Jour<\/strong>. Toutes les participations sont bienvenues, <em>les petits ruisseaux faisant de grandes rivi\u00e8res<\/em>, nous parviendrons, tous ensemble, \u00e0 faire vivre l\u2019Office de Boulogne Sud.<\/p>\n<p>Tizkou L\u00e9-Mitsvot !!<\/p>\n<hr \/>\n<h2><strong><span style=\"text-decoration: underline;\">Dvar Thorah et enseignements :<\/span><br \/>\n<\/strong><\/h2>\n<p><em><strong>par le Rav Mika\u00ebl Mouyal<\/strong><\/em><br \/>\n<!--more--><\/p>\n<h1 style=\"text-align: center;\"><strong>Le coin &lsquo;Hidouchim<\/strong><\/h1>\n<h2><strong>\u00ab Pourquoi la Thora n&rsquo;a-t-elle pas \u00e9t\u00e9 donn\u00e9e aux Patriarches ? \u00bb :<\/strong><\/h2>\n<p style=\"text-align: justify;\">En fait, la Thora ne peut r\u00e9sider que chez une personne qui est effac\u00e9e et humble. Or, nos Sages enseignent que certes Avraham \u00e9tait tr\u00e8s humble puisqu&rsquo;il a dit : \u00ab Je suis poussi\u00e8re et cendre \u00bb, mais Moch\u00e9 l&rsquo;\u00e9tait encore plus, comme il a dit : \u00ab Nous ne sommes rien \u00bb, c&rsquo;est \u00e0 dire m\u00eame pas de la poussi\u00e8re ni de la cendre. C&rsquo;est pourquoi Hachem a souhait\u00e9 que la Thora soit donn\u00e9e pr\u00e9cis\u00e9ment par Moch\u00e9, car c&rsquo;est lui qui a atteint le niveau le plus parfait d&rsquo;humilit\u00e9 qu&rsquo;un homme puisse atteindre. La Thora l&rsquo;atteste : \u00ab L&rsquo;homme Moch\u00e9 \u00e9tait le plus humble de tout les hommes qui sont sur terre \u00bb. C&rsquo;est pourquoi, c&rsquo;\u00e9tait lui qui \u00e9tait le plus dispos\u00e9 \u00e0 recevoir la Thora. Celle-ci ne peut \u00eatre re\u00e7ue que par l&rsquo;homme qui incarne la plus parfaite humilit\u00e9 que l&rsquo;on puisse atteindre.<br \/>\n(Pirk\u00e9 D\u00e9Avraham)<\/p>\n<h2><strong>\u00ab Pourquoi la f\u00eate de Chavouot s&rsquo;appelle-t-elle la f\u00eate de Atseret dans le langage de nos Sages ? \u00bb :<\/strong><\/h2>\n<p style=\"text-align: justify;\">En fait, Atseret signifie \u201carr\u00eat\u201d. Or, la condition m\u00eame pour recevoir la Thora est d&rsquo;avoir la capacit\u00e9 d&rsquo;arr\u00eater et de se freiner. Il est impossible d&rsquo;accomplir la Thora sans cette capacit\u00e9 de ma\u00eetriser son mauvais penchant et de freiner ses d\u00e9sirs. Le pr\u00e9alable pour recevoir la Thora est que l&rsquo;homme ne suive pas tous les d\u00e9sirs de son c\u0153ur, mais qu&rsquo;il soit pr\u00eat \u00e0 arr\u00eater et \u00e0 prendre le dessus sur son penchant pour dominer ses volont\u00e9s.<br \/>\n(Rabbi Chemou\u00ebl David Volkine)<\/p>\n<h2><strong>\u00ab Pourquoi nos Sages, qui discutent pour savoir s&rsquo;il convient de partager les jours de f\u00eate et d&rsquo;accorder une part aux profits du corps, sont tous d&rsquo;accord concernant Chavouot, qu&rsquo;il faut permettre aussi \u00e0 son corps de profiter ? \u00bb :<\/strong><\/h2>\n<p style=\"text-align: justify;\">En fait, les profits du corps peuvent provenir du mauvais penchant et \u00e9loigner l&rsquo;homme d&rsquo;Hachem. Seulement, nos Sages enseignent que la Thora est un rem\u00e8de pour le mauvais penchant. Ainsi, \u00e0 Chavouot, jour o\u00f9 on a re\u00e7u la Thora, nous avons donc le rem\u00e8de et l&rsquo;antidote contre le penchant. Gr\u00e2ce \u00e0 la Thora, les profits peuvent devenir possibles sans risquer d&rsquo;entraver le Service d&rsquo;Hachem. C&rsquo;est pour marquer cela que tous les Sages sont d&rsquo;avis qu&rsquo;\u00e0 Chavouot, il faut donner une part aux profits du corps. Car \u00e0 Chavouot, gr\u00e2ce \u00e0 la force de la Thora, on veut montrer que l&rsquo;on peut \u00e0 pr\u00e9sent profiter sans risque, car la Thora nous \u201cimmunise\u201d.<\/p>\n<h2><strong>\u00ab Pourquoi nos Sages insistent-ils pour dire que la Thora a \u00e9t\u00e9 donn\u00e9e Chabbat ? En quoi cela est-il important ? \u00bb :<\/strong><\/h2>\n<p style=\"text-align: justify;\">En fait, la Thora et le Chabbat ont un point commun. Les deux sont interdits \u00e0 un non Juif. Celui-ci n&rsquo;a pas le droit de respecter Chabbat. De m\u00eame, on n&rsquo;a pas le droit de lui enseigner la Thora. Pour marquer ce point commun, la Thora a \u00e9t\u00e9 donn\u00e9e Chabbat. Pour indiquer que ces deux Mitsvot sont le lot du peuple Juif et leur appartiennent exclusivement. Les non-Juifs n&rsquo;ont pas de part dans ces deux Mitsvot. En cela, le Chabbat et l&rsquo;\u00e9tude de la Thora sont similaires. Ils ont donc \u00e9t\u00e9 r\u00e9unis le m\u00eame jour.<br \/>\n(Rabbi Yaacov &lsquo;Ha\u00efm, fils du Ben Ich &lsquo;Ha\u00ef)<\/p>\n<h2><strong>\u00ab Hachem est venu du Sina\u00ef, et a brill\u00e9 du S\u00e9\u00efr, Il a paru du mont Paran \u00bb (Devarim 33, 2) :<\/strong><\/h2>\n<p style=\"text-align: justify;\">La Guemara explique sur ce verset qu&rsquo;Hachem a propos\u00e9 la Thora \u00e0 toutes les nations et ils l&rsquo;ont refus\u00e9e, jusqu&rsquo;\u00e0 ce qu&rsquo;Il la propose \u00e0 Isra\u00ebl qui l&rsquo;accept\u00e8rent. Seulement, malgr\u00e9 tout, certains non Juifs ont souhait\u00e9 recevoir la Thora, mais comme ils ne constituaient pas la majorit\u00e9 de leur peuple, la Thora ne leur fut pas donn\u00e9e. Parall\u00e8lement \u00e0 cela, m\u00eame parmi les Juifs, certains ne souhaitaient pas recevoir la Thora. Mais puisqu&rsquo;ils \u00e9taient minoritaires, la Thora fut donn\u00e9e au peuple d&rsquo;Isra\u00ebl qui l&rsquo;accept\u00e8rent dans leur majorit\u00e9. Les non Juifs qui souhait\u00e8rent recevoir la Thora constituent les \u00e2mes qui incarneront, tout au long de l&rsquo;Histoire, les convertis. Et les \u00e2mes des Juifs qui refus\u00e8rent la Thora deviendront les ren\u00e9gats de toutes les g\u00e9n\u00e9rations.<br \/>\n(Ari Zal)<\/p>\n<h1 style=\"text-align: center;\"><strong>Le coin Halakha<\/strong><\/h1>\n<p style=\"text-align: justify;\">Il existe plusieurs coutumes concernant Chavouot.<br \/>\nTout d&rsquo;abord, la nuit du premier jour de Chavouot, cette ann\u00e9e le mardi 31 mai \u00e0 la nuit, il est un bon usage de rester \u00e9veill\u00e9 toute la nuit pour \u00e9tudier la Thora. Par cela, on fait r\u00e9paration \u00e0 l&rsquo;erreur du peuple qui a dormi la nuit qui pr\u00e9c\u00e9dait le don de la Thora.<br \/>\nIl convient d&rsquo;assister et de se concentrer pour la lecture de la Thora de Chavouot, o\u00f9 nous lisons le r\u00e9cit du don de la Thora avec les 10 commandements.<br \/>\nIl est une coutume de consommer du laitage le jour de Chavouot. Parmi les raisons \u00e0 cela, l&rsquo;une est que la Thora est compar\u00e9e au lait. Nous avons l&rsquo;habitude de d\u00e9corer les synagogues avec des plantes ou des fleurs. L&rsquo;une des raisons est que le Mont Sina\u00ef \u00e9tait entour\u00e9e de plantes. De plus, \u00e0 chaque Parole Divine, le Mont Sina\u00ef se remplissait de parfums. Or, les fleurs produisent des parfums.<br \/>\nA Chavouot, on a l&rsquo;habitude de lire l&rsquo;histoire biblique de Rout (Ruth). L&rsquo;une des raisons \u00e0 cela est que les H\u00e9breux, en recevant la Thora, ont quelque part v\u00e9cu une conversion. De m\u00eame, Rout aussi s&rsquo;est convertie. Ils ont re\u00e7u 606 Mitsvot suppl\u00e9mentaires, en plus des 7 communes \u00e0 toutes les nations. Or, la valeur num\u00e9rique de Rout (\u05e8\u05d5\u05ea) est aussi pr\u00e9cis\u00e9ment de 606.<br \/>\nIl est bon aussi de lire les psaumes, car le roi David, leur auteur, est d\u00e9c\u00e9d\u00e9 \u00e0 Chavouot. Il \u00e9tait aussi un descendant de Rout.<br \/>\n\u00c9tant donn\u00e9 qu&rsquo;\u00e0 Chavouot nous avons re\u00e7u la Thora, il est tr\u00e8s important d&rsquo;augmenter l&rsquo;\u00e9tude de la Thora en ce jour. Bien plus, nos Sages expliquent qu&rsquo;il est tr\u00e8s conseill\u00e9 d&rsquo;essayer de trouver des &lsquo;Hidouchim (commentaires originaux) ou m\u00eame des \u00e9claircissements suppl\u00e9mentaires le jour de Chavouot. En ce jour on est jug\u00e9 sur toute la Thora qu&rsquo;on va \u00e9tudier toute cette ann\u00e9e. Il est donc un bon pr\u00e9sage pour ce jugement d&rsquo;approfondir voire d&rsquo;apporter des remarques et des \u00e9claircissements personnelles sur des Paroles de Thora.<\/p>\n<h1 style=\"text-align: center;\"><strong>Le coin discours<\/strong><\/h1>\n<p style=\"text-align: justify;\">Il existe encore un autre impact de la Thora sur l&rsquo;homme. En effet, Hachem est au-del\u00e0 de la perception humaine. Il est Infini. Aucune cr\u00e9ature ne peut L&rsquo;appr\u00e9hender. Aucune pens\u00e9e ne peut Le saisir. Mais, Il a cr\u00e9\u00e9 le monde pour dispenser le bien \u00e0 Ses Cr\u00e9atures. Le bien le plus sublime et le plus haut qui soit. Ce Bien en question, c&rsquo;est Lui-M\u00eame. Hachem a souhait\u00e9 Se donner Lui-M\u00eame \u00e0 Son peuple. Ainsi, Lui Qui est Tout-Puissant, Qui peut tout faire, a \u201ccompress\u00e9\u201d Sa Sagesse Qui est infinie et Qui constitue une Unit\u00e9 absolue avec Lui-M\u00eame, et l&rsquo;a inscrit dans la Thora. La Thora c&rsquo;est v\u00e9ritablement la Sagesse d&rsquo;Hachem, sans aucune exag\u00e9ration. Et Il l&rsquo;a donn\u00e9e \u00e0 Son peuple. Par cela Il lui a fait don de Lui-M\u00eame, si on peut ainsi s&rsquo;exprimer. C&rsquo;est ainsi que nos Sages enseignent que toute la Thora est constitu\u00e9e de Noms Divins. C&rsquo;est pourquoi, les dix commandement commencent par le terme \u201c\u05d0\u05e0\u05db\u05d9 \u2013 Anokhi (Je suis (Hachem Ton D.ieu))\u201d, qui est, selon le Talmud, l\u2019acrostiche des mots : \u201c\u05d0\u05e0\u05d0 \u05e0\u05e4\u05e9\u05d9 \u05db\u05ea\u05d1\u05d9\u05ea \u05d9\u05d4\u05d1\u05d9\u05ea\u201d, c&rsquo;est \u00e0 dire \u00ab Moi, Mon Etre, Je l&rsquo;ai inscrit et Je l&rsquo;ai donn\u00e9 \u00bb. La Thora, c&rsquo;est l\u2019\u00catre Divin. Hachem a offert Son \u00catre \u00e0 Son Peuple. Ainsi, certes on ne peut percevoir ni appr\u00e9hender le Divin, car Il est au-del\u00e0 de toute perception. Mais malgr\u00e9 cela, on peut n\u00e9anmoins y parvenir par l&rsquo;\u00e9tude de la Thora. Quand on \u00e9tudie la Thora, on se relie et on s&rsquo;attache \u00e0 Hachem d&rsquo;une union d&rsquo;une intimit\u00e9 absolu. Quand on per\u00e7oit et qu&rsquo;on int\u00e8gre la Thora, c&rsquo;est Hachem Lui-M\u00eame que l&rsquo;on \u201cint\u00e8gre\u201d et \u00e0 qui on s&rsquo;unit. Certes, toutes les Mitsvot nous attachent \u00e0 Hachem. Mais l&rsquo;\u00e9tude nous unit \u00e0 Lui de la fa\u00e7on la plus parfaite et la plus haute. C&rsquo;est ainsi que nous disons que l&rsquo;\u00e9tude de la Thora \u00e9quivaut \u00e0 toutes les Mitsvot. Quand Hachem nous a donn\u00e9 la Thora, Il a fait preuve d&rsquo;un amour grandiose envers nous, car Il nous a ouvert tous Ses Tr\u00e9sors et nous les a offerts. Il nous a donn\u00e9 un Bienfait grandiose et in\u00e9galable. Il S&rsquo;est donn\u00e9 \u00e0 nous et nous a permis par cela de s&rsquo;unir \u00e0 Lui. On n&rsquo;imagine pas le niveau spirituel qu&rsquo;atteint celui qui est en train d&rsquo;\u00e9tudier la Thora.<\/p>\n<hr \/>\n<p><strong>&lsquo;Hag Sam\u00e9a&rsquo;h !!<\/strong><\/p>\n","protected":false},"excerpt":{"rendered":"<p>Chavouot \/ \u05e9\u05d1\u05d5\u05e2\u05d5\u05ea 30 mai\/1er juin 2017 &#8211; 6\/7 Sivan 5777 \/ \u05d5\/\u05d6 \u05e1\u05d9\u05d5\u05df \u05ea\u05e9\u05e2&rsquo;\u05d6 Les Horaires : Mardi 30 mai \/ Veille de Chavouot : 19h30 : Min\u2019ha suivi de Arvit 20h10 : Allumage des bougies (heure maximum pour l&rsquo;allumage : 21h25) Allumer une bougie de 24H pour pouvoir allumer les bougies le 2\u00e8me &hellip; <\/p>\n<p><a class=\"more-link btn\" href=\"https:\/\/acjbb-sud.org\/index.php\/2017\/05\/28\/chavouot-5777\/\">Lire la suite<\/a><\/p>\n","protected":false},"author":1,"featured_media":88,"comment_status":"open","ping_status":"open","sticky":false,"template":"","format":"standard","meta":{"jetpack_post_was_ever_published":false,"_jetpack_newsletter_access":"","_jetpack_dont_email_post_to_subs":false,"_jetpack_newsletter_tier_id":0,"_jetpack_memberships_contains_paywalled_content":false,"_jetpack_memberships_contains_paid_content":false,"footnotes":"","jetpack_publicize_message":"","jetpack_publicize_feature_enabled":true,"jetpack_social_post_already_shared":true,"jetpack_social_options":{"image_generator_settings":{"template":"highway","default_image_id":0,"font":"","enabled":false},"version":2}},"categories":[6,225],"tags":[51,61,141],"class_list":["post-743","post","type-post","status-publish","format-standard","has-post-thumbnail","hentry","category-chavouot","category-les-3-fetes-chaloch-regalim","tag-chavouot","tag-don-de-la-thorah","tag-veillee","item-wrap"],"yoast_head":"<!-- This site is optimized with the Yoast SEO plugin v26.6 - https:\/\/yoast.com\/wordpress\/plugins\/seo\/ -->\n<title>Chavouot - Synagogue ACJBB Boulogne Sud<\/title>\n<meta name=\"robots\" content=\"index, follow, max-snippet:-1, max-image-preview:large, max-video-preview:-1\" \/>\n<link rel=\"canonical\" href=\"https:\/\/acjbb-sud.org\/index.php\/2017\/05\/28\/chavouot-5777\/\" \/>\n<meta property=\"og:locale\" content=\"fr_FR\" \/>\n<meta property=\"og:type\" content=\"article\" \/>\n<meta property=\"og:title\" content=\"Chavouot - Synagogue ACJBB Boulogne Sud\" \/>\n<meta property=\"og:description\" content=\"Chavouot \/ \u05e9\u05d1\u05d5\u05e2\u05d5\u05ea 30 mai\/1er juin 2017 &#8211; 6\/7 Sivan 5777 \/ \u05d5\/\u05d6 \u05e1\u05d9\u05d5\u05df \u05ea\u05e9\u05e2&rsquo;\u05d6 Les Horaires : Mardi 30 mai \/ Veille de Chavouot : 19h30 : Min\u2019ha suivi de Arvit 20h10 : Allumage des bougies (heure maximum pour l&rsquo;allumage : 21h25) Allumer une bougie de 24H pour pouvoir allumer les bougies le 2\u00e8me &hellip; Lire la suite\" \/>\n<meta property=\"og:url\" content=\"https:\/\/acjbb-sud.org\/index.php\/2017\/05\/28\/chavouot-5777\/\" \/>\n<meta property=\"og:site_name\" content=\"Synagogue ACJBB Boulogne Sud\" \/>\n<meta property=\"article:published_time\" content=\"2017-05-28T10:55:45+00:00\" \/>\n<meta property=\"article:modified_time\" content=\"2018-03-26T12:47:23+00:00\" \/>\n<meta property=\"og:image\" content=\"https:\/\/acjbb-sud.org\/wp-content\/uploads\/2016\/06\/Chavouot-1.jpg\" \/>\n\t<meta property=\"og:image:width\" content=\"670\" \/>\n\t<meta property=\"og:image:height\" content=\"300\" \/>\n\t<meta property=\"og:image:type\" content=\"image\/jpeg\" \/>\n<meta name=\"author\" content=\"AcjbbSud\" \/>\n<meta name=\"twitter:card\" content=\"summary_large_image\" \/>\n<meta name=\"twitter:label1\" content=\"\u00c9crit par\" \/>\n\t<meta name=\"twitter:data1\" content=\"AcjbbSud\" \/>\n\t<meta name=\"twitter:label2\" content=\"Dur\u00e9e de lecture estim\u00e9e\" \/>\n\t<meta name=\"twitter:data2\" content=\"11 minutes\" \/>\n<script type=\"application\/ld+json\" class=\"yoast-schema-graph\">{\"@context\":\"https:\/\/schema.org\",\"@graph\":[{\"@type\":\"WebPage\",\"@id\":\"https:\/\/acjbb-sud.org\/index.php\/2017\/05\/28\/chavouot-5777\/\",\"url\":\"https:\/\/acjbb-sud.org\/index.php\/2017\/05\/28\/chavouot-5777\/\",\"name\":\"Chavouot - Synagogue ACJBB Boulogne Sud\",\"isPartOf\":{\"@id\":\"https:\/\/acjbb-sud.org\/#website\"},\"primaryImageOfPage\":{\"@id\":\"https:\/\/acjbb-sud.org\/index.php\/2017\/05\/28\/chavouot-5777\/#primaryimage\"},\"image\":{\"@id\":\"https:\/\/acjbb-sud.org\/index.php\/2017\/05\/28\/chavouot-5777\/#primaryimage\"},\"thumbnailUrl\":\"https:\/\/acjbb-sud.org\/wp-content\/uploads\/2016\/06\/Chavouot-1.jpg\",\"datePublished\":\"2017-05-28T10:55:45+00:00\",\"dateModified\":\"2018-03-26T12:47:23+00:00\",\"author\":{\"@id\":\"https:\/\/acjbb-sud.org\/#\/schema\/person\/adc8f09fb72c9d0dc78509106dc5e9f0\"},\"breadcrumb\":{\"@id\":\"https:\/\/acjbb-sud.org\/index.php\/2017\/05\/28\/chavouot-5777\/#breadcrumb\"},\"inLanguage\":\"fr-FR\",\"potentialAction\":[{\"@type\":\"ReadAction\",\"target\":[\"https:\/\/acjbb-sud.org\/index.php\/2017\/05\/28\/chavouot-5777\/\"]}]},{\"@type\":\"ImageObject\",\"inLanguage\":\"fr-FR\",\"@id\":\"https:\/\/acjbb-sud.org\/index.php\/2017\/05\/28\/chavouot-5777\/#primaryimage\",\"url\":\"https:\/\/acjbb-sud.org\/wp-content\/uploads\/2016\/06\/Chavouot-1.jpg\",\"contentUrl\":\"https:\/\/acjbb-sud.org\/wp-content\/uploads\/2016\/06\/Chavouot-1.jpg\",\"width\":670,\"height\":300},{\"@type\":\"BreadcrumbList\",\"@id\":\"https:\/\/acjbb-sud.org\/index.php\/2017\/05\/28\/chavouot-5777\/#breadcrumb\",\"itemListElement\":[{\"@type\":\"ListItem\",\"position\":1,\"name\":\"Accueil\",\"item\":\"https:\/\/acjbb-sud.org\/\"},{\"@type\":\"ListItem\",\"position\":2,\"name\":\"Chavouot\"}]},{\"@type\":\"WebSite\",\"@id\":\"https:\/\/acjbb-sud.org\/#website\",\"url\":\"https:\/\/acjbb-sud.org\/\",\"name\":\"Synagogue ACJBB Boulogne Sud\",\"description\":\"Synagogue \/ Association Communautaire Juive de Boulogne Billancourt (Sud)\",\"potentialAction\":[{\"@type\":\"SearchAction\",\"target\":{\"@type\":\"EntryPoint\",\"urlTemplate\":\"https:\/\/acjbb-sud.org\/?s={search_term_string}\"},\"query-input\":{\"@type\":\"PropertyValueSpecification\",\"valueRequired\":true,\"valueName\":\"search_term_string\"}}],\"inLanguage\":\"fr-FR\"},{\"@type\":\"Person\",\"@id\":\"https:\/\/acjbb-sud.org\/#\/schema\/person\/adc8f09fb72c9d0dc78509106dc5e9f0\",\"name\":\"AcjbbSud\",\"image\":{\"@type\":\"ImageObject\",\"inLanguage\":\"fr-FR\",\"@id\":\"https:\/\/acjbb-sud.org\/#\/schema\/person\/image\/\",\"url\":\"https:\/\/secure.gravatar.com\/avatar\/ea30fe7a8231c8c0bf30066f86006714af7be34ba414543eaab3e453b92901aa?s=96&d=mm&r=g\",\"contentUrl\":\"https:\/\/secure.gravatar.com\/avatar\/ea30fe7a8231c8c0bf30066f86006714af7be34ba414543eaab3e453b92901aa?s=96&d=mm&r=g\",\"caption\":\"AcjbbSud\"},\"url\":\"https:\/\/acjbb-sud.org\/index.php\/author\/acjbbsud\/\"}]}<\/script>\n<!-- \/ Yoast SEO plugin. -->","yoast_head_json":{"title":"Chavouot - Synagogue ACJBB Boulogne Sud","robots":{"index":"index","follow":"follow","max-snippet":"max-snippet:-1","max-image-preview":"max-image-preview:large","max-video-preview":"max-video-preview:-1"},"canonical":"https:\/\/acjbb-sud.org\/index.php\/2017\/05\/28\/chavouot-5777\/","og_locale":"fr_FR","og_type":"article","og_title":"Chavouot - Synagogue ACJBB Boulogne Sud","og_description":"Chavouot \/ \u05e9\u05d1\u05d5\u05e2\u05d5\u05ea 30 mai\/1er juin 2017 &#8211; 6\/7 Sivan 5777 \/ \u05d5\/\u05d6 \u05e1\u05d9\u05d5\u05df \u05ea\u05e9\u05e2&rsquo;\u05d6 Les Horaires : Mardi 30 mai \/ Veille de Chavouot : 19h30 : Min\u2019ha suivi de Arvit 20h10 : Allumage des bougies (heure maximum pour l&rsquo;allumage : 21h25) Allumer une bougie de 24H pour pouvoir allumer les bougies le 2\u00e8me &hellip; Lire la suite","og_url":"https:\/\/acjbb-sud.org\/index.php\/2017\/05\/28\/chavouot-5777\/","og_site_name":"Synagogue ACJBB Boulogne Sud","article_published_time":"2017-05-28T10:55:45+00:00","article_modified_time":"2018-03-26T12:47:23+00:00","og_image":[{"width":670,"height":300,"url":"https:\/\/acjbb-sud.org\/wp-content\/uploads\/2016\/06\/Chavouot-1.jpg","type":"image\/jpeg"}],"author":"AcjbbSud","twitter_card":"summary_large_image","twitter_misc":{"\u00c9crit par":"AcjbbSud","Dur\u00e9e de lecture estim\u00e9e":"11 minutes"},"schema":{"@context":"https:\/\/schema.org","@graph":[{"@type":"WebPage","@id":"https:\/\/acjbb-sud.org\/index.php\/2017\/05\/28\/chavouot-5777\/","url":"https:\/\/acjbb-sud.org\/index.php\/2017\/05\/28\/chavouot-5777\/","name":"Chavouot - Synagogue ACJBB Boulogne Sud","isPartOf":{"@id":"https:\/\/acjbb-sud.org\/#website"},"primaryImageOfPage":{"@id":"https:\/\/acjbb-sud.org\/index.php\/2017\/05\/28\/chavouot-5777\/#primaryimage"},"image":{"@id":"https:\/\/acjbb-sud.org\/index.php\/2017\/05\/28\/chavouot-5777\/#primaryimage"},"thumbnailUrl":"https:\/\/acjbb-sud.org\/wp-content\/uploads\/2016\/06\/Chavouot-1.jpg","datePublished":"2017-05-28T10:55:45+00:00","dateModified":"2018-03-26T12:47:23+00:00","author":{"@id":"https:\/\/acjbb-sud.org\/#\/schema\/person\/adc8f09fb72c9d0dc78509106dc5e9f0"},"breadcrumb":{"@id":"https:\/\/acjbb-sud.org\/index.php\/2017\/05\/28\/chavouot-5777\/#breadcrumb"},"inLanguage":"fr-FR","potentialAction":[{"@type":"ReadAction","target":["https:\/\/acjbb-sud.org\/index.php\/2017\/05\/28\/chavouot-5777\/"]}]},{"@type":"ImageObject","inLanguage":"fr-FR","@id":"https:\/\/acjbb-sud.org\/index.php\/2017\/05\/28\/chavouot-5777\/#primaryimage","url":"https:\/\/acjbb-sud.org\/wp-content\/uploads\/2016\/06\/Chavouot-1.jpg","contentUrl":"https:\/\/acjbb-sud.org\/wp-content\/uploads\/2016\/06\/Chavouot-1.jpg","width":670,"height":300},{"@type":"BreadcrumbList","@id":"https:\/\/acjbb-sud.org\/index.php\/2017\/05\/28\/chavouot-5777\/#breadcrumb","itemListElement":[{"@type":"ListItem","position":1,"name":"Accueil","item":"https:\/\/acjbb-sud.org\/"},{"@type":"ListItem","position":2,"name":"Chavouot"}]},{"@type":"WebSite","@id":"https:\/\/acjbb-sud.org\/#website","url":"https:\/\/acjbb-sud.org\/","name":"Synagogue ACJBB Boulogne Sud","description":"Synagogue \/ Association Communautaire Juive de Boulogne Billancourt (Sud)","potentialAction":[{"@type":"SearchAction","target":{"@type":"EntryPoint","urlTemplate":"https:\/\/acjbb-sud.org\/?s={search_term_string}"},"query-input":{"@type":"PropertyValueSpecification","valueRequired":true,"valueName":"search_term_string"}}],"inLanguage":"fr-FR"},{"@type":"Person","@id":"https:\/\/acjbb-sud.org\/#\/schema\/person\/adc8f09fb72c9d0dc78509106dc5e9f0","name":"AcjbbSud","image":{"@type":"ImageObject","inLanguage":"fr-FR","@id":"https:\/\/acjbb-sud.org\/#\/schema\/person\/image\/","url":"https:\/\/secure.gravatar.com\/avatar\/ea30fe7a8231c8c0bf30066f86006714af7be34ba414543eaab3e453b92901aa?s=96&d=mm&r=g","contentUrl":"https:\/\/secure.gravatar.com\/avatar\/ea30fe7a8231c8c0bf30066f86006714af7be34ba414543eaab3e453b92901aa?s=96&d=mm&r=g","caption":"AcjbbSud"},"url":"https:\/\/acjbb-sud.org\/index.php\/author\/acjbbsud\/"}]}},"jetpack_publicize_connections":[],"jetpack_featured_media_url":"https:\/\/acjbb-sud.org\/wp-content\/uploads\/2016\/06\/Chavouot-1.jpg","jetpack_sharing_enabled":true,"jetpack_shortlink":"https:\/\/wp.me\/p7sjOI-bZ","jetpack_likes_enabled":true,"_links":{"self":[{"href":"https:\/\/acjbb-sud.org\/index.php\/wp-json\/wp\/v2\/posts\/743","targetHints":{"allow":["GET"]}}],"collection":[{"href":"https:\/\/acjbb-sud.org\/index.php\/wp-json\/wp\/v2\/posts"}],"about":[{"href":"https:\/\/acjbb-sud.org\/index.php\/wp-json\/wp\/v2\/types\/post"}],"author":[{"embeddable":true,"href":"https:\/\/acjbb-sud.org\/index.php\/wp-json\/wp\/v2\/users\/1"}],"replies":[{"embeddable":true,"href":"https:\/\/acjbb-sud.org\/index.php\/wp-json\/wp\/v2\/comments?post=743"}],"version-history":[{"count":1,"href":"https:\/\/acjbb-sud.org\/index.php\/wp-json\/wp\/v2\/posts\/743\/revisions"}],"predecessor-version":[{"id":1609,"href":"https:\/\/acjbb-sud.org\/index.php\/wp-json\/wp\/v2\/posts\/743\/revisions\/1609"}],"wp:featuredmedia":[{"embeddable":true,"href":"https:\/\/acjbb-sud.org\/index.php\/wp-json\/wp\/v2\/media\/88"}],"wp:attachment":[{"href":"https:\/\/acjbb-sud.org\/index.php\/wp-json\/wp\/v2\/media?parent=743"}],"wp:term":[{"taxonomy":"category","embeddable":true,"href":"https:\/\/acjbb-sud.org\/index.php\/wp-json\/wp\/v2\/categories?post=743"},{"taxonomy":"post_tag","embeddable":true,"href":"https:\/\/acjbb-sud.org\/index.php\/wp-json\/wp\/v2\/tags?post=743"}],"curies":[{"name":"wp","href":"https:\/\/api.w.org\/{rel}","templated":true}]}}